{"id":27449,"date":"2024-03-22T11:03:56","date_gmt":"2024-03-22T14:03:56","guid":{"rendered":"https:\/\/www.aurum.com.br\/blog\/?p=27449"},"modified":"2024-04-02T09:23:23","modified_gmt":"2024-04-02T12:23:23","slug":"registrar-o-nome-da-empresa","status":"publish","type":"post","link":"https:\/\/www.aurum.com.br\/blog\/registrar-o-nome-da-empresa\/","title":{"rendered":"Descubra como registrar o nome da empresa e qual a sua import\u00e2ncia"},"content":{"rendered":"<div id=\"bsf_rt_marker\"><\/div>\n<pre class=\"wp-block-preformatted\"><strong>Registrar o nome da empresa<\/strong>, ou fazer o registro de nome empresarial \u00e9 fundamental para assegurar a identidade exclusiva de uma empresa. Envolve oficializar o nome junto aos \u00f3rg\u00e3os competentes, garantindo sua prote\u00e7\u00e3o legal e exclusividade de uso. Assim, \u00e9 poss\u00edvel proteger os interesses da empresa e evitar conflitos de propriedade intelectual.&nbsp;<\/pre>\n\n\n\n<p>Voc\u00ea j\u00e1 parou para pensar na import\u00e2ncia que o nome de uma empresa tem no mundo dos neg\u00f3cios? Imagine a confus\u00e3o que seria se duas empresas tivessem o mesmo nome, causando d\u00favidas e desconfian\u00e7a nos consumidores, fornecedores e na sociedade como um todo.<\/p>\n\n\n\n<p>Registrar o nome empresarial \u00e9 mais do que uma formalidade &#8211; \u00e9 uma <strong>garantia de identidade e exclusividade no mercado<\/strong>. Neste artigo, exploraremos a import\u00e2ncia desse processo e por que \u00e9 essencial que advogados estejam familiarizados com o assunto.&nbsp;<\/p>\n\n\n\n<p>Continue a leitura e descubra como registrar o nome empresarial pode proteger os interesses de empresas e empreendedores! \ud83d\ude09&nbsp;<\/p>\n\n\n\n<h2 class=\"wp-block-heading\">O que significa registrar o nome da empresa?&nbsp;<\/h2>\n\n\n\n<p>Registrar o nome empresarial, de acordo com a Lei n\u00ba 9.279\/1996, est\u00e1 ligado ao registro da marca. Que \u00e9 um sinal distintivo utilizado para identificar produtos ou servi\u00e7os de uma empresa e distingui-los dos produtos ou servi\u00e7os de outras empresas.<\/p>\n\n\n\n<p>Ao registrar o nome da empresa como marca, a empresa adquire o <strong>direito exclusivo de utiliz\u00e1-lo em rela\u00e7\u00e3o aos produtos ou servi\u00e7os que comercializa<\/strong>. Esse registro proporciona diversos benef\u00edcios, tais como:&nbsp;<\/p>\n\n\n\n<ul class=\"wp-block-list\">\n<li>Prote\u00e7\u00e3o legal contra o uso n\u00e3o autorizado por terceiros;<\/li>\n\n\n\n<li>Facilita a defesa dos <a href=\"https:\/\/www.aurum.com.br\/blog\/glossario-juridico\/direito-da-propriedade-industrial\/\">direitos de propriedade industrial<\/a> perante eventuais infratores;<\/li>\n\n\n\n<li>Cria uma identidade pr\u00f3pria no mercado, ajudando na constru\u00e7\u00e3o da reputa\u00e7\u00e3o e da imagem da empresa.<\/li>\n<\/ul>\n\n\n\n<p>Portanto, registrar o nome da empresa como marca \u00e9 uma importante medida para<strong> proteger os interesses comerciais da empresa e estabelecer sua presen\u00e7a no mercado<\/strong>.<\/p>\n\n\n\n<h2 class=\"wp-block-heading\">O que diz a legisla\u00e7\u00e3o sobre o registro de nome empresarial?<\/h2>\n\n\n\n<p>Sendo a base constitucional desse tema, o Art. 5\u00ba XXIX da Constitui\u00e7\u00e3o Federal nos traz:<\/p>\n\n\n\n<blockquote class=\"wp-block-quote is-layout-flow wp-block-quote-is-layout-flow\">\n<p><em>XXIX &#8211; a lei assegurar\u00e1 aos autores de inventos industriais privil\u00e9gio tempor\u00e1rio para sua utiliza\u00e7\u00e3o, bem como prote\u00e7\u00e3o \u00e0s cria\u00e7\u00f5es industriais, \u00e0 propriedade das marcas, <\/em><strong><em>aos nomes de empresas e a outros signos distintivos<\/em><\/strong><em>, tendo em vista o interesse social e o desenvolvimento tecnol\u00f3gico e econ\u00f4mico do Pa\u00eds;\u201d<\/em><\/p>\n<\/blockquote>\n\n\n\n<p>J\u00e1 na esfera infraconstitucional, a propriedade e o direito de uso exclusivo das marcas registradas s\u00e3o assegurados pela Lei de Propriedade Industrial (Lei N\u00ba 9.279\/96), valendo destacar os artigos 124, par\u00e1grafos V, XIX, e XXIII; 129 e 130. Confira:<\/p>\n\n\n\n<figure class=\"wp-block-pullquote classe bq-small\"><blockquote><p><strong>Art. 124. <\/strong>N\u00e3o s\u00e3o registr\u00e1veis como marca:<br><br>(&#8230;) V &#8211; reprodu\u00e7\u00e3o ou imita\u00e7\u00e3o de elemento caracter\u00edstico ou diferenciador de t\u00edtulo de estabelecimento ou nome de empresa de terceiros, suscet\u00edvel de causar confus\u00e3o ou associa\u00e7\u00e3o com estes sinais distintivos;<br><br>(&#8230;) XIX &#8211; reprodu\u00e7\u00e3o ou imita\u00e7\u00e3o, no todo ou em parte, ainda que com acr\u00e9scimo, de marca alheia registrada, para distinguir ou certificar produto ou servi\u00e7o id\u00eantico, semelhante ou afim, suscet\u00edvel de causar confus\u00e3o ou associa\u00e7\u00e3o com marca alheia;<br><br>(&#8230;) XXIII &#8211; sinal que imite ou reproduza, no todo ou em parte, marca que o requerente evidentemente n\u00e3o poderia desconhecer em raz\u00e3o de sua atividade, cujo titular seja sediado ou domiciliado em territ\u00f3rio nacional ou em pa\u00eds com o qual o Brasil mantenha acordo ou que assegure reciprocidade de tratamento, se a marca se destinar a distinguir produto ou servi\u00e7o id\u00eantico, semelhante ou afim, suscet\u00edvel de causar confus\u00e3o ou associa\u00e7\u00e3o com aquela marca alheia.<\/p><\/blockquote><\/figure>\n\n\n\n<figure class=\"wp-block-pullquote classe bq-small\"><blockquote><p><strong>Art. 129. <\/strong>A propriedade da marca adquire-se pelo registro validamente expedido, conforme as disposi\u00e7\u00f5es desta Lei, sendo assegurado ao titular seu uso exclusivo em todo o territ\u00f3rio nacional, observado quanto \u00e0s marcas coletivas e de certifica\u00e7\u00e3o o disposto nos arts. 147 e 148.<\/p><\/blockquote><\/figure>\n\n\n\n<figure class=\"wp-block-pullquote classe bq-small\"><blockquote><p><strong>Art. 130. <\/strong>Ao titular da marca ou ao depositante \u00e9 ainda assegurado o direito de:<br><br>I &#8211; ceder seu registro ou pedido de registro;<br>II &#8211; licenciar seu uso;<br>III &#8211; zelar pela sua integridade material ou reputa\u00e7\u00e3o.<\/p><\/blockquote><\/figure>\n\n\n\n<h3 class=\"wp-block-heading\">Uso exclusivo do nome empresarial<\/h3>\n\n\n\n<p>Ainda, podemos mencionar que direito de uso exclusivo do nome empresarial, que encontra-se estampado no Art. 1.166 do C\u00f3digo Civil.<\/p>\n\n\n\n<figure class=\"wp-block-pullquote classe bq-small\"><blockquote><p><strong>Art. 1.166. <\/strong>A inscri\u00e7\u00e3o do empres\u00e1rio, ou dos atos constitutivos das pessoas jur\u00eddicas, ou as respectivas averba\u00e7\u00f5es, no registro pr\u00f3prio, asseguram o uso exclusivo do nome nos limites do respectivo Estado.<br><br>Par\u00e1grafo \u00fanico. O uso previsto neste artigo estender-se-\u00e1 a todo o territ\u00f3rio nacional, se registrado na forma da lei especial.<\/p><\/blockquote><\/figure>\n\n\n\n<p class=\"classe bq-small\">Da mesma maneira estabelece o Art. 8\u00ba da Conven\u00e7\u00e3o da Uni\u00e3o Paris, que o Brasil \u00e9 signat\u00e1rio:&nbsp;<\/p>\n\n\n\n<figure class=\"wp-block-pullquote classe bq-small\"><blockquote><p><strong>Art. 8\u00ba: <\/strong>O nome comercial ser\u00e1 protegido em todos os pa\u00edses da Uni\u00e3o, sem obriga\u00e7\u00e3o de dep\u00f3sito, que fa\u00e7a ou n\u00e3o parte de uma marca de f\u00e1brica ou de com\u00e9rcio.<\/p><\/blockquote><\/figure>\n\n\n\n<h3 class=\"wp-block-heading\">Qual a diferen\u00e7a entre raz\u00e3o social e nome fantasia?&nbsp;<\/h3>\n\n\n\n<p>A diferen\u00e7a entre raz\u00e3o social e nome fantasia est\u00e1 relacionada \u00e0 forma como uma empresa se apresenta legalmente e comercialmente. Entenda mais:&nbsp;<\/p>\n\n\n\n<ul class=\"wp-block-list\">\n<li><strong>Raz\u00e3o Social:<\/strong> A raz\u00e3o social \u00e9 o nome oficial da empresa, registrado nos \u00f3rg\u00e3os competentes, como a Junta Comercial. Ela identifica juridicamente a empresa e \u00e9 utilizada em documentos legais, contratos, faturas, entre outros. Geralmente, a raz\u00e3o social inclui o tipo de sociedade (por exemplo, Ltda., S.A.), seguido do nome empresarial;<\/li>\n\n\n\n<li><strong>Nome Fantasia:<\/strong> O nome fantasia, por outro lado, \u00e9 o nome comercial ou de marca pelo qual a empresa \u00e9 conhecida no mercado. \u00c9 o nome utilizado para fins de publicidade, marketing e relacionamento com os clientes. O nome fantasia n\u00e3o precisa ser registrado legalmente, mas \u00e9 importante para criar uma identidade e reconhecimento da empresa no mercado.<\/li>\n<\/ul>\n\n\n\n<h2 class=\"wp-block-heading\">Qual a import\u00e2ncia de registrar o nome da empresa?&nbsp;<\/h2>\n\n\n\n<p>Registrar o nome empresarial \u00e9 crucial por diversas raz\u00f5es, mas a prote\u00e7\u00e3o legal que o registro oferece \u00e9 fundamental para <strong>garantir a seguran\u00e7a e o reconhecimento da marca no mercado.&nbsp;<\/strong><\/p>\n\n\n\n<p>Ao registrar o nome da empresa como marca, ela obt\u00e9m um direito exclusivo de uso, impedindo que outras empresas utilizem o mesmo nome ou similares, o que poderia causar confus\u00e3o entre os consumidores e prejudicar a reputa\u00e7\u00e3o e os neg\u00f3cios da empresa original.<\/p>\n\n\n\n<p>Al\u00e9m disso, o registro do nome empresarial proporciona uma base legal s\u00f3lida para a defesa dos <a href=\"https:\/\/www.aurum.com.br\/blog\/glossario-juridico\/direito-de-propriedade-intelectual\/\">direitos de propriedade intelectual<\/a>, permitindo que a empresa tome medidas legais contra poss\u00edveis infratores e proteja seus ativos comerciais.&nbsp;<\/p>\n\n\n\n<p>Isso fortalece a posi\u00e7\u00e3o da empresa no mercado, promovendo a confian\u00e7a dos consumidores e investidores, facilitando o crescimento e a expans\u00e3o dos neg\u00f3cios.<\/p>\n\n\n\n<p>Em resumo, a import\u00e2ncia da prote\u00e7\u00e3o legal oferecida ao registrar o nome empresarial reside na <strong>prote\u00e7\u00e3o da identidade e reputa\u00e7\u00e3o da empresa, na preven\u00e7\u00e3o da concorr\u00eancia desleal e na garantia de sua exclusividade e reconhecimento no mercado<\/strong>, elementos essenciais para o sucesso e a sustentabilidade dos neg\u00f3cios a longo prazo.<\/p>\n\n\n\n<h2 class=\"wp-block-heading\">Quais os requisitos para registrar o nome da empresa?<\/h2>\n\n\n\n<p>No Brasil, para registrar o nome de uma empresa como marca, \u00e9 necess\u00e1rio cumprir os requisitos estabelecidos pela Lei da Propriedade Industrial (Lei n\u00ba 9.279\/1996) e suas regulamenta\u00e7\u00f5es.<\/p>\n\n\n\n<p>Alguns dos requisitos legais e regulamentares para registrar o nome da empresa como marca no Brasil incluem:<\/p>\n\n\n\n<ul class=\"wp-block-list\">\n<li><strong>Distintividade:<\/strong> O nome escolhido para a marca n\u00e3o pode ser id\u00eantico ou semelhante a marcas j\u00e1 registradas por outras empresas para os mesmos tipos de produtos ou servi\u00e7os.<\/li>\n\n\n\n<li><strong>Capacidade distintiva<\/strong>: O nome da empresa deve ser capaz de distinguir os produtos ou servi\u00e7os da empresa de outros no mercado.<\/li>\n\n\n\n<li><strong>Legalidade:<\/strong> O nome da empresa n\u00e3o pode infringir direitos de terceiros, como marcas j\u00e1 previamente registradas ou nomes empresariais j\u00e1 existentes.<\/li>\n\n\n\n<li><strong>N\u00e3o ser enganoso ou imoral:<\/strong> O nome da empresa n\u00e3o pode induzir o consumidor a erro ou violar padr\u00f5es morais ou \u00e9ticos.<\/li>\n\n\n\n<li><strong>Utiliza\u00e7\u00e3o efetiva:<\/strong> A marca deve ser efetivamente utilizada para identificar os produtos ou servi\u00e7os da empresa no mercado.<\/li>\n<\/ul>\n\n\n\n<p>Estes s\u00e3o apenas alguns dos requisitos b\u00e1sicos para registrar o nome de uma empresa como marca no Brasil. Sempre \u00e9 recomend\u00e1vel consultar um advogado especialista em <a href=\"https:\/\/www.aurum.com.br\/blog\/cpp-comentado\/art-524-a-530-cpp\/\">propriedade intelectual<\/a> para obter orienta\u00e7\u00f5es espec\u00edficas e detalhadas sobre o processo de registro de marcas.&nbsp;<\/p>\n\n\n\n<h2 class=\"wp-block-heading\">Quais os passos para registrar o nome empresarial?&nbsp;<\/h2>\n\n\n\n<p>O registro do nome empresarial envolve v\u00e1rias etapas, desde a pesquisa inicial de disponibilidade at\u00e9 a obten\u00e7\u00e3o do registro oficial. Confira quais s\u00e3o alguns dos passos mais comuns para registrar o nome empresarial:<\/p>\n\n\n\n<ol class=\"wp-block-list\">\n<li><strong>Realizar uma pesquisa pr\u00e9via de disponibilidade:<\/strong> Antes de registrar o nome da empresa, \u00e9 importante realizar uma pesquisa para verificar se o nome desejado j\u00e1 est\u00e1 em uso por outra empresa. Isso pode ser feito atrav\u00e9s de consulta aos \u00f3rg\u00e3os competentes respons\u00e1veis pelo registro de empresas e de marcas;<\/li>\n\n\n\n<li><strong>Escolher o tipo de registro:<\/strong> Decidir se o registro ser\u00e1 como raz\u00e3o social (para <a href=\"https:\/\/www.aurum.com.br\/blog\/sociedade-empresaria-limitada\/\">empresas individuais e sociedades empres\u00e1rias<\/a>) ou como nome fantasia (para uso comercial e de marketing);<\/li>\n\n\n\n<li><strong>Verificar a disponibilidade do nome no \u00f3rg\u00e3o competente:<\/strong> Ap\u00f3s a pesquisa inicial, verificar a disponibilidade do nome escolhido no \u00f3rg\u00e3o competente, que pode ser a Junta Comercial ou o Instituto Nacional da Propriedade Industrial (INPI) no caso de registro de marca;<\/li>\n\n\n\n<li><strong>Preencher os documentos necess\u00e1rios:<\/strong> Preencher os formul\u00e1rios de registro fornecidos pelo \u00f3rg\u00e3o competente, incluindo informa\u00e7\u00f5es sobre a empresa e o nome que se deseja registrar;<\/li>\n\n\n\n<li><strong>Pagamento de taxas:<\/strong> Pagar as taxas exigidas pelo \u00f3rg\u00e3o competente para o processamento do registro. As taxas podem variar dependendo do tipo de registro e a localidade da empresa da marca que est\u00e1 sendo registrada;<\/li>\n\n\n\n<li><strong>Acompanhar o processo de registro:<\/strong> Acompanhar o andamento do processo de registro junto ao \u00f3rg\u00e3o competente e fornecer quaisquer informa\u00e7\u00f5es adicionais solicitadas durante o processo;<\/li>\n\n\n\n<li><strong>Recebimento do certificado de registro:<\/strong> Ap\u00f3s a conclus\u00e3o do processo, receber o certificado de registro do nome empresarial, confirmando que o nome est\u00e1 oficialmente registrado e protegido.<\/li>\n<\/ol>\n\n\n\n<p>Estes s\u00e3o passos b\u00e1sicos e gerais para registrar o nome empresarial. Os procedimentos exatos podem variar dependendo do pa\u00eds (caso se pretenda realizar o registro internacional) e das leis locais de registro de empresas e de marcas.<\/p>\n\n\n\n<h2 class=\"wp-block-heading\">Como saber se o nome da minha empresa j\u00e1 existe?<\/h2>\n\n\n\n<p>Para verificar se o nome da sua empresa j\u00e1 est\u00e1 em uso, voc\u00ea pode seguir algumas dicas importantes:<\/p>\n\n\n\n<h3 class=\"wp-block-heading\">1) Consulta ao Sistema de busca de marcas do INPI<\/h3>\n\n\n\n<p>O Instituto Nacional da Propriedade Industrial (<a href=\"https:\/\/www.gov.br\/inpi\/pt-br\/servicos\/marcas\/guia-basico\" target=\"_blank\" rel=\"noopener\">INPI<\/a>) oferece um sistema de busca de marcas em seu site oficial. Voc\u00ea pode realizar uma pesquisa por palavras-chave para verificar se o nome desejado j\u00e1 foi registrado como marca por outra empresa.<\/p>\n\n\n\n<figure class=\"wp-block-embed is-type-video is-provider-youtube wp-block-embed-youtube wp-embed-aspect-16-9 wp-has-aspect-ratio\"><div class=\"wp-block-embed__wrapper\">\n<iframe title=\"COMO SABER SE O NOME DE UMA MARCA\/EMPRESA J\u00c1 EXISTE (PESQUISA R\u00c1PIDA NO INPI)\" width=\"500\" height=\"281\" src=\"https:\/\/www.youtube.com\/embed\/x6G0SHpj0Ls?feature=oembed\" frameborder=\"0\" allow=\"accelerometer; autoplay; clipboard-write; encrypted-media; gyroscope; picture-in-picture; web-share\" referrerpolicy=\"strict-origin-when-cross-origin\" allowfullscreen><\/iframe>\n<\/div><\/figure>\n\n\n\n<h3 class=\"wp-block-heading\">2) Consulta \u00e0 Junta Comercial<\/h3>\n\n\n\n<p>Voc\u00ea pode entrar em contato com a Junta Comercial do estado onde pretende registrar sua empresa e verificar se o nome escolhido j\u00e1 est\u00e1 sendo utilizado por outra empresa.<\/p>\n\n\n\n<h3 class=\"wp-block-heading\">3) Pesquisa na internet<\/h3>\n\n\n\n<p>Realize uma pesquisa na internet utilizando o nome desejado para ver se outras empresas j\u00e1 o utilizam. Isso pode ajudar a identificar potenciais conflitos de nomes.<\/p>\n\n\n\n<h3 class=\"wp-block-heading\">4) Consulta a registros de dom\u00ednios<\/h3>\n\n\n\n<p>Verifique se o nome desejado est\u00e1 dispon\u00edvel como dom\u00ednio de internet. Sites de registro de dom\u00ednios, como \u201cRegistro.br\u201d para dom\u00ednios .br, permitem que voc\u00ea pesquise a disponibilidade de dom\u00ednios utilizando o nome desejado.<\/p>\n\n\n\n<p>Essas s\u00e3o algumas dicas importantes para verificar a disponibilidade do nome para fins de registro do nome da empresa. \u00c9 sempre recomend\u00e1vel realizar uma consulta em v\u00e1rias fontes para garantir que o nome escolhido n\u00e3o esteja sendo utilizado por outra empresa. \ud83d\ude09<\/p>\n\n\n\n<h2 class=\"wp-block-heading\">Quanto custa para registrar um nome de empresa?&nbsp;<\/h2>\n\n\n\n<p>O Instituto Nacional da Propriedade Industrial (INPI) \u00e9 respons\u00e1vel pelo registro de marcas no Brasil. As taxas para registro de marcas podem variar dependendo de v\u00e1rios fatores, como o tipo de marca (marca de produto, marca de servi\u00e7o, etc.) e o n\u00famero de classes em que a marca ser\u00e1 registrada.<\/p>\n\n\n\n<p>O INPI disponibiliza em seu site oficial uma <a href=\"https:\/\/www.gov.br\/inpi\/pt-br\/servicos\/custos-e-pagamento\/tabelamarcas2.pdf\" target=\"_blank\" rel=\"noopener\">tabela de taxas atualizada<\/a>, onde \u00e9 poss\u00edvel verificar os valores para diversos servi\u00e7os relacionados \u00e0 propriedade industrial, incluindo o registro de marcas.&nbsp;<\/p>\n\n\n\n<p>No entanto, esses valores podem ser atualizados periodicamente, por isso \u00e9 importante consultar o site ou entrar em contato diretamente com o \u00f3rg\u00e3o para obter as informa\u00e7\u00f5es mais recentes sobre as taxas de registro de marcas.<\/p>\n\n\n\n<figure class=\"wp-block-image size-full\"><a href=\"https:\/\/www.aurum.com.br\/calculadora-de-prazos-processuais\/?utm_source=blog&amp;utm_medium=adpost&amp;utm_campaign=calculadora-de-prazos\"><img decoding=\"async\" width=\"1024\" height=\"469\" src=\"https:\/\/www.aurum.com.br\/blog\/wp-content\/uploads\/2024\/02\/1024x469-1.png\" alt=\"\" class=\"wp-image-26782\" srcset=\"https:\/\/www.aurum.com.br\/blog\/wp-content\/uploads\/2024\/02\/1024x469-1.png 1024w, https:\/\/www.aurum.com.br\/blog\/wp-content\/uploads\/2024\/02\/1024x469-1-300x137.png 300w, https:\/\/www.aurum.com.br\/blog\/wp-content\/uploads\/2024\/02\/1024x469-1-768x352.png 768w\" sizes=\"(max-width: 1024px) 100vw, 1024px\" \/><\/a><\/figure>\n\n\n\n<h2 class=\"wp-block-heading\">Pol\u00eamica envolvendo o registro de marca no Brasil<\/h2>\n\n\n\n<p>A respeito da relev\u00e2ncia de registrar o nome empresarial, uma not\u00edcia recente impactou a comunidade jur\u00eddica e a sociedade como um todo, trata-se de uma <a href=\"https:\/\/www.aurum.com.br\/blog\/glossario-juridico\/decisao\/\">decis\u00e3o<\/a> judicial que determinou que o Facebook n\u00e3o pode usar o nome da marca \u201cMeta\u201d, e diversas not\u00edcias sobre o ocorrido est\u00e3o sendo divulgadas na imprensa.&nbsp;<\/p>\n\n\n\n<p>Da referida decis\u00e3o da 1\u00aa C\u00e2mara Reservada de <a href=\"https:\/\/www.aurum.com.br\/blog\/teoria-da-empresa\/\">Direito Empresarial<\/a> do Tribunal de Justi\u00e7a de S\u00e3o Paulo, destaca-se o seguinte:&nbsp;<\/p>\n\n\n\n<figure class=\"wp-block-pullquote classe bq-small\"><blockquote><p>Como consabido, a Lei n.\u00ba 9.279\/96, visando regular direitos e obriga\u00e7\u00f5es relativos \u00e0 propriedade industrial, considerando o interesse social e o desenvolvimento tecnol\u00f3gico e econ\u00f4mico do Pa\u00eds, criou um sistema de prote\u00e7\u00e3o consistente na emiss\u00e3o de t\u00edtulos de propriedade da marca, que se adquirem pelo registro (art. 2\u00ba, III c\/c art. 129 da LPI). De fato, o registro garante ao titular da marca o direito de exclusividade em todo o territ\u00f3rio nacional (art. 129), facultando-se a prerrogativa de ceder, licenciar o uso e zelar pela integridade material e reputa\u00e7\u00e3o da marca (art. 130), e o uso em pap\u00e9is, impressos, propaganda e documentos relativos \u00e0 atividade do titular (art. 131).&nbsp;Consoante destacado acima, \u00e9 ineg\u00e1vel que a autora \u00e9 detentora de marcas nominativa e mista com o termo \u201cMeta\u201d, que se inserem em especifica\u00e7\u00f5es relacionadas a \u201cservi\u00e7os de an\u00e1lise e processamento de dados\u201d (fl. 238) e \u201cpresta\u00e7\u00e3o de servi\u00e7o em assessoria e consultoria na \u00e1rea de inform\u00e1tica, processamento de dados (desde que inclu\u00eddos nesta classe) (fl. 267).<br>(&#8230;)<br>Imp\u00f5e-se o deferimento da antecipa\u00e7\u00e3o de tutela pretendida, para: <strong>(a)<\/strong> <strong>determinar a cessa\u00e7\u00e3o, em 30 (trinta) dias corridos, contados da data do julgamento deste agravo de instrumento (28\/2\/2024)<\/strong>, prazo que n\u00e3o ser\u00e1 interrompido ou suspenso por eventual interposi\u00e7\u00e3o de embargos declarat\u00f3rios, <strong>de toda e qualquer utiliza\u00e7\u00e3o do nome ou da marca META\u00ae, ou outra similar que com ela seja apta a se confundir, a qualquer t\u00edtulo e em qualquer meio ou suporte, f\u00edsico ou eletr\u00f4nico, inclusive e especialmente em seu s\u00edtio eletr\u00f4nico hospedado no endere\u00e7o https:\/\/about.meta.com\/br\/, ou em qualquer outra p\u00e1gina da Internet que possua ou venha a possuir, direta ou indiretamente, em m\u00eddias sociais, em documentos, materiais institucionais, promocionais ou de propaganda, ou qualquer outro meio ou forma de comunica\u00e7\u00e3o ao p\u00fablico<\/strong>; (b) fazer constar, em 30 (trinta) dias corridos, contados da data do julgamento deste agravo de instrumento (28\/2\/2024), prazo que n\u00e3o ser\u00e1 interrompido ou suspenso por&nbsp; eventual interposi\u00e7\u00e3o de embargos declarat\u00f3rios, de forma permanente nos canais de comunica\u00e7\u00e3o da requerida que a Agravante \u00e9 detentora da marca META\u00ae no Brasil h\u00e1 mais de 30 (trinta) anos e n\u00e3o integra direta ou indiretamente o Grupo Facebook, tampouco tem rela\u00e7\u00e3o com ele, indicando de forma permanente nos seus meios de comunica\u00e7\u00e3o institucional e social, informa\u00e7\u00f5es para contato e endere\u00e7o do seu domic\u00edlio no territ\u00f3rio brasileiro para receber em nome do Facebook e seu grupo de empresas, intima\u00e7\u00f5es, cita\u00e7\u00f5es e afins de terceiros e das autoridades p\u00fablicas brasileiras no territ\u00f3rio nacional, conforme determina a forma do art. 217 da LPI; (c) expedir of\u00edcio \u00e0 Secretaria Nacional do Consumidor (SENACON), a fim de que comunique todas as entidades integrantes do Sistema Nacional do Consumidor (SNDC), dentre elas Procon, <a href=\"https:\/\/www.aurum.com.br\/blog\/novo-cpc-comentado\/art-185-a-187-cpc\/\">Defensorias P\u00fablicas<\/a>, Minist\u00e9rios P\u00fablicos, Ag\u00eancias Reguladoras, entre outros \u00f3rg\u00e3os p\u00fablicos, informando que a Agravante \u00e9 detentora da marca META\u00ae no Brasil e n\u00e3o integra direta ou indiretamente o Grupo Facebook, tampouco tem rela\u00e7\u00e3o com ele, determinando \u00e0s entidades do SNDC que todas as notifica\u00e7\u00f5es, comunica\u00e7\u00f5es e outras solicita\u00e7\u00f5es destinadas ao Facebook n\u00e3o sejam remetidos \u00e0 Agravante; (d) expedir of\u00edcio aos Presidentes dos Tribunais Estaduais de Justi\u00e7a, Tribunais Regionais e Tribunais Superiores, comunicando que a Agravante \u00e9 detentora da marca META\u00ae no Brasil e n\u00e3o integra direta ou indiretamente o Grupo Facebook, tampouco tem rela\u00e7\u00e3o com ele, raz\u00e3o pela qual toda e qualquer comunica\u00e7\u00e3o destinada ao Facebook n\u00e3o deve ser enviada \u00e0 Agravante; e (e) expedir of\u00edcios \u00e0s Secretarias de Seguran\u00e7a P\u00fablica dos Estados da Federa\u00e7\u00e3o e Distrito Federal, informando que a Agravante \u00e9 detentora da marca META\u00ae no Brasil e n\u00e3o integra direta ou indiretamente o Grupo Facebook, tampouco tem rela\u00e7\u00e3o com ele, raz\u00e3o pela qual toda e qualquer comunica\u00e7\u00e3o destinada ao Facebook n\u00e3o deve ser enviada \u00e0 Agravante, sob pena de multa di\u00e1ria fixada em R$ 100.000,00.<\/p><\/blockquote><\/figure>\n\n\n\n<p>A partir dessa decis\u00e3o, podemos extrair a import\u00e2ncia e a magnitude do registro do nome empresarial.<\/p>\n\n\n\n<h2 class=\"wp-block-heading\">Conclus\u00e3o:&nbsp;<\/h2>\n\n\n\n<p>Portanto, registrar o nome empresarial \u00e9 um passo crucial para qualquer empreendimento, pois confere legitimidade e exclusividade \u00e0 identidade da empresa no mercado.&nbsp;<\/p>\n\n\n\n<p>A legisla\u00e7\u00e3o brasileira, incluindo a Lei da Propriedade Industrial e as normas relacionadas ao registro de empresas, estabelece os procedimentos e requisitos necess\u00e1rios para proteger os direitos de propriedade intelectual e garantir a <a href=\"https:\/\/www.aurum.com.br\/blog\/glossario-juridico\/principio-da-seguranca-juridica\/\">seguran\u00e7a jur\u00eddica<\/a> das empresas.<\/p>\n\n\n\n<p>Ao compreender a import\u00e2ncia do registro do nome empresarial, os empreendedores podem tomar medidas proativas para proteger sua marca e evitar conflitos legais no futuro.&nbsp;<\/p>\n\n\n\n<p>O registro n\u00e3o apenas confere direitos exclusivos de uso do nome, mas tamb\u00e9m fortalece a identidade e a reputa\u00e7\u00e3o da empresa, promovendo a confian\u00e7a dos consumidores, fornecedores e investidores, facilitando o crescimento e a expans\u00e3o dos neg\u00f3cios.<\/p>\n\n\n\n<p>\u00c9 essencial que os empres\u00e1rios estejam cientes dos procedimentos legais e das regulamenta\u00e7\u00f5es aplic\u00e1veis ao registro do nome empresarial, buscando orienta\u00e7\u00e3o profissional especializada.&nbsp;<\/p>\n\n\n\n<p>Al\u00e9m disso, a atualiza\u00e7\u00e3o constante sobre as mudan\u00e7as na legisla\u00e7\u00e3o e nas taxas de registro, como aquelas fornecidas pelo INPI e pela Junta Comercial, \u00e9 fundamental para garantir a conformidade e a efic\u00e1cia do processo de registro.<\/p>\n\n\n\n<p>Em suma, registrar o nome empresarial <strong>n\u00e3o \u00e9 apenas uma formalidade, mas sim um investimento estrat\u00e9gico que pode contribuir significativamente para o sucesso e a sustentabilidade dos neg\u00f3cios<\/strong>.&nbsp;<\/p>\n\n\n\n<p>Ao compreender e agir de acordo com as disposi\u00e7\u00f5es legais relacionadas ao registro, os empres\u00e1rios podem proteger seus ativos intang\u00edveis e garantir uma posi\u00e7\u00e3o competitiva no mercado.<\/p>\n\n\n\n<h3 class=\"wp-block-heading\">Mais conhecimento para voc\u00ea<\/h3>\n\n\n\n<p>Se voc\u00ea gostou deste texto e deseja seguir a leitura em temas sobre direito e advocacia, vale a pena conferir os seguintes materiais:&nbsp;&nbsp;<\/p>\n\n\n\n<ul class=\"wp-block-list\">\n<li><a href=\"https:\/\/www.aurum.com.br\/blog\/principios-do-direito-do-trabalho\/\">Os mais importantes princ\u00edpios do direito do trabalho<\/a><\/li>\n\n\n\n<li><a href=\"https:\/\/www.aurum.com.br\/blog\/lei-de-falencia-e-recuperacao-judicial\/\">Lei de Fal\u00eancia e Recupera\u00e7\u00e3o Judicial: o que mudou?<\/a><\/li>\n\n\n\n<li><a href=\"https:\/\/www.aurum.com.br\/blog\/direito-de-preferencia\/\">Saiba o que \u00e9 e como funciona o direito de prefer\u00eancia<\/a><\/li>\n\n\n\n<li><a href=\"https:\/\/www.aurum.com.br\/blog\/termo-de-ajustamento-de-conduta\/\">O que \u00e9 termo de ajustamento de conduta e o que diz a lei<\/a><\/li>\n\n\n\n<li><a href=\"https:\/\/www.aurum.com.br\/blog\/principio-da-proporcionalidade\/\" data-type=\"URL\" data-id=\"https:\/\/www.aurum.com.br\/blog\/principio-da-proporcionalidade\/\">Princ\u00edpio da proporcionalidade: o que \u00e9 e exemplos <\/a><\/li>\n<\/ul>\n\n\n<style>\r\n  .news-post {\r\n    background: url('https:\/\/www.aurum.com.br\/blog\/wp-content\/themes\/aurum\/img\/bg-news-artigo.svg') no-repeat top center #3C48AA;\r\n    padding: 1.5rem;\r\n    border-radius: 6px;\r\n    margin: 1rem 0;\r\n  }\r\n  .news-post .icone {\r\n    display: none;\r\n  }\r\n  .news-post .title {\r\n    font-weight: 700;\r\n    font-size: 16px;\r\n    line-height: 130%;\r\n    text-align: center;\r\n    letter-spacing: -0.5px;\r\n    color: #fff;\r\n    margin-bottom: .9375rem;\r\n  }\r\n  .news-post p {\r\n    font-size: .875rem;\r\n    line-height: 140%;\r\n    text-align: center;\r\n    color: #fff;\r\n    margin-bottom: 1.25rem;\r\n  }\r\n  .news-post .news_button_span {\r\n    font-size: .8125rem;\r\n    display: block;\r\n    padding: .125rem .3125rem;\r\n    color: #fff;\r\n    text-align:left;\r\n  }\r\n  .news-post .news_button_span a {\r\n    color: #fff !important;\r\n    text-decoration: underline;\r\n  }\r\n  .news-post form {\r\n    width: 100%;\r\n  }\r\n  .news-post label {\r\n    font-weight: 600;\r\n    font-size: .9375rem;\r\n    line-height: 1.5rem;\r\n    margin-bottom: .5rem;\r\n    color: #fff;\r\n    display: block;\r\n  }\r\n  .news-post input {\r\n    background: #fff;\r\n    border: 1px solid #CBCBD9;\r\n    box-sizing: border-box;\r\n    border-radius: 4px;\r\n    padding: .75rem 1rem;\r\n    width: 100%;\r\n  }\r\n  .news-post button {\r\n    margin-top: .875rem;\r\n    width: 100%;\r\n    min-width: auto;\r\n    background: #FCC632;\r\n    color: #3C48AA;\r\n  }\r\n  .news-post .input {\r\n    position: relative;\r\n    padding-bottom: 10px;\r\n  }\r\n  .news-post .error-message-ad {\r\n    font-size: .875rem;\r\n    line-height: 130%;\r\n    color: #D50021;\r\n    margin-left: 4px;\r\n  }\r\n  .news-post .error {\r\n    border: 1px solid #D50021;\r\n  }\r\n  .news-post #message-form-ad {\r\n    border-radius: 4px;\r\n    padding: 0.7rem;\r\n    font-size:0.8rem;\r\n    text-align: center;\r\n    align-items: center;\r\n    justify-content: center;\r\n    display: none;\r\n  }\r\n  .news-post #message-form-ad svg {\r\n    margin-right: 8px;\r\n  }\r\n\r\n  @media(min-width: 561px) {\r\n    .news-post {\r\n      position: relative;\r\n      background: url('https:\/\/www.aurum.com.br\/blog\/wp-content\/themes\/aurum\/img\/bg-news-artigo.svg') no-repeat top center #3C48AA;\r\n      width: calc(100% - 30px);\r\n    }\r\n    .news-post .icone {\r\n      display: block;\r\n      position: absolute;\r\n      right: -30px;\r\n      top: 65px;\r\n      max-width: 142px;\r\n      width: 100%;\r\n      height: auto;\r\n      margin: 0;\r\n    }\r\n    .news-post .title {\r\n      font-size: 1.125rem;\r\n      text-align: left;\r\n      \/* padding-right: 3.75rem; *\/\r\n    }\r\n    .news-post p {\r\n      font-size: 1rem;\r\n      text-align: left;\r\n      max-width: 400px;\r\n    }\r\n    .news-post .boxes {\r\n      display: flex;\r\n      align-items: flex-start;\r\n    }\r\n    .news-post button {\r\n      margin: 0 0 0 1rem;\r\n      width: 100%;\r\n      max-width: 170px;\r\n      min-width: auto;\r\n      transition: all ease .3s\r\n    }\r\n    .news-post button:hover {\r\n      opacity: 0.9;\r\n      transition: all ease .3s\r\n    }\r\n    .news-post #message-form-ad {\r\n      padding: 1.125rem;\r\n      font-size:1rem;\r\n    }\r\n    .news-post #message-form-ad svg {\r\n      margin-right: 10px;\r\n    }\r\n  }\r\n<\/style>\r\n\r\n<div class=\"news-post\">\r\n  <div class=\"title news-ad-title\">Gostou do artigo e quer evoluir a sua advocacia?<\/div>\r\n  <p class=\"news-ad-subtitle\">Assine gr\u00e1tis a Aurum News e receba uma dose semanal de conte\u00fado no seu e-mail! \u270c\ufe0f<\/p>\r\n  <img decoding=\"async\" src=\"https:\/\/www.aurum.com.br\/blog\/wp-content\/themes\/aurum\/img\/icon-news-artigo.svg\" alt=\"\" class=\"icone\">\r\n\r\n  <form method=\"post\" name=\"newsletter-ad\" id=\"aurum-newsletter-ad\">\r\n    <div class=boxes>\r\n      <div class=\"input\">\r\n        <label class=\"label-email\" htmlFor=\"email-ad\">Qual seu e-mail?<\/label>\r\n        <input type=\"email\" id=\"email-ad\" name=\"newsletter-mail-ad\" placeholder=\"Digite seu e-mail?\">\r\n        <div class=\"error-message-ad-email\">Endere\u00e7o de e-mail inv\u00e1lido ou incorreto<\/div>\r\n\r\n        <label class=\"label-select\" htmlFor=\"lawsuits-select-ad\">\r\n          Quantos processos voc\u00ea ou<br class=\"for-desktop\"\/> seu escrit\u00f3rio acompanham?\r\n        <\/label>\r\n        <div id=\"lawsuits-select-ad\" class=\"lawsuits-select select-wrapper\" tabindex=\"0\">\r\n          <div class=\"s-dropdown--styled\">\r\n          <span class=\"lawsuits-default\">\r\n            <span id=\"lawsuits-newsletter-ad\" class=\"lawsuits-default-text\" data-value=\"\">Selecione os processos<\/span>\r\n            <svg class=\"chevron\" xmlns=\"http:\/\/www.w3.org\/2000\/svg\" width=\"24\" height=\"25\" viewBox=\"0 0 24 25\" fill=\"none\">\r\n              <path d=\"M6 15.6152L12 9.61523L18 15.6152\" stroke=\"black\" stroke-width=\"2\" stroke-linecap=\"round\" stroke-linejoin=\"round\" \/>\r\n            <\/svg>\r\n          <\/span>\r\n\r\n          <ul class=\"s-dropdown u-hide\">\r\n            <li class=\"lawsuits\" data-value=\"Mais de 1000 processos\">Mais de 1000 processos<\/li>\r\n            <li class=\"lawsuits\" data-value=\"De 501 a 1000 processos\">De 501 a 1000 processos<\/li>\r\n            <li class=\"lawsuits\" data-value=\"De 151 a 500 processos\">De 151 a 500 processos<\/li>\r\n            <li class=\"lawsuits\" data-value=\"De 41 a 150 processos\">De 41 a 150 processos<\/li>\r\n            <li class=\"lawsuits\" data-value=\"At\u00e9 40 processos\">At\u00e9 40 processos<\/li>\r\n            <li class=\"lawsuits\" data-value=\"Atuo apenas no consultivo\">Atuo apenas no consultivo<\/li>\r\n            <li class=\"lawsuits\" data-value=\"Ainda sou estudante de direito\">Ainda sou estudante de direito<\/li>\r\n            <li class=\"lawsuits\" data-value=\"N\u00e3o sou da \u00e1rea jur\u00eddica\">N\u00e3o sou da \u00e1rea jur\u00eddica<\/li>\r\n          <\/ul>\r\n          <\/div>\r\n        <\/div>\r\n        <div class=\"error-message-ad-lawsuits\">Selecione algum processo<\/div>\r\n      <\/div>\r\n      <button class=\"btn btn-yellow ad-btn-desktop\" id=\"aurum-submit-ad\">Assinar gr\u00e1tis<\/button>\r\n      <button class=\"btn btn-yellow ad-btn-mobile\" id=\"aurum-submit-ad\">Assinar<\/button>\r\n    <\/div>\r\n    <span class=\"news_button_span\">Ao se cadastrar voc\u00ea declara que leu e aceitou a pol\u00edtica de privacidade e cookies do <a href=\"https:\/\/s3.sa-east-1.amazonaws.com\/publico.aurum.com.br\/contratos\/politica-de-privacidade.pdf\" target=\"_blank\" rel=\"noopener noreferrer\">site<\/a>.<\/span>\r\n  <\/form>\r\n  <div id=\"message-form-ad\"><\/div>\r\n<\/div>\n\n\n<p>Este conte\u00fado foi \u00fatil pra voc\u00ea? Conta aqui nos coment\u00e1rios \ud83d\ude09<\/p>\n","protected":false},"excerpt":{"rendered":"<p>Registrar o nome da empresa, ou fazer o registro de nome empresarial \u00e9 fundamental para assegurar a identidade exclusiva de uma empresa. Envolve oficializar o nome junto aos \u00f3rg\u00e3os competentes, garantindo sua prote\u00e7\u00e3o legal e exclusividade de uso. Assim, \u00e9 poss\u00edvel proteger os interesses da empresa e evitar conflitos de propriedade intelectual.&nbsp; Voc\u00ea j\u00e1 parou [&hellip;]<\/p>\n","protected":false},"author":155,"featured_media":27450,"comment_status":"open","ping_status":"open","sticky":false,"template":"","format":"standard","meta":{"_bbp_topic_count":0,"_bbp_reply_count":0,"_bbp_total_topic_count":0,"_bbp_total_reply_count":0,"_bbp_voice_count":0,"_bbp_anonymous_reply_count":0,"_bbp_topic_count_hidden":0,"_bbp_reply_count_hidden":0,"_bbp_forum_subforum_count":0,"inline_featured_image":false,"footnotes":""},"categories":[27,226],"tags":[],"class_list":["post-27449","post","type-post","status-publish","format-standard","has-post-thumbnail","hentry","category-direito-empresarial","category-propriedade-intelectual"],"acf":[],"_links":{"self":[{"href":"https:\/\/www.aurum.com.br\/blog\/wp-json\/wp\/v2\/posts\/27449","targetHints":{"allow":["GET"]}}],"collection":[{"href":"https:\/\/www.aurum.com.br\/blog\/wp-json\/wp\/v2\/posts"}],"about":[{"href":"https:\/\/www.aurum.com.br\/blog\/wp-json\/wp\/v2\/types\/post"}],"author":[{"embeddable":true,"href":"https:\/\/www.aurum.com.br\/blog\/wp-json\/wp\/v2\/users\/155"}],"replies":[{"embeddable":true,"href":"https:\/\/www.aurum.com.br\/blog\/wp-json\/wp\/v2\/comments?post=27449"}],"version-history":[{"count":6,"href":"https:\/\/www.aurum.com.br\/blog\/wp-json\/wp\/v2\/posts\/27449\/revisions"}],"predecessor-version":[{"id":27479,"href":"https:\/\/www.aurum.com.br\/blog\/wp-json\/wp\/v2\/posts\/27449\/revisions\/27479"}],"wp:featuredmedia":[{"embeddable":true,"href":"https:\/\/www.aurum.com.br\/blog\/wp-json\/wp\/v2\/media\/27450"}],"wp:attachment":[{"href":"https:\/\/www.aurum.com.br\/blog\/wp-json\/wp\/v2\/media?parent=27449"}],"wp:term":[{"taxonomy":"category","embeddable":true,"href":"https:\/\/www.aurum.com.br\/blog\/wp-json\/wp\/v2\/categories?post=27449"},{"taxonomy":"post_tag","embeddable":true,"href":"https:\/\/www.aurum.com.br\/blog\/wp-json\/wp\/v2\/tags?post=27449"}],"curies":[{"name":"wp","href":"https:\/\/api.w.org\/{rel}","templated":true}]}}