{"id":27299,"date":"2024-03-14T16:45:29","date_gmt":"2024-03-14T19:45:29","guid":{"rendered":"https:\/\/www.aurum.com.br\/blog\/?p=27299"},"modified":"2024-07-05T07:36:36","modified_gmt":"2024-07-05T10:36:36","slug":"principio-da-protecao-no-direito-do-trabalho","status":"publish","type":"post","link":"https:\/\/www.aurum.com.br\/blog\/principio-da-protecao-no-direito-do-trabalho\/","title":{"rendered":"Tire suas d\u00favidas sobre Princ\u00edpio da Prote\u00e7\u00e3o no Direito do Trabalho"},"content":{"rendered":"<div id=\"bsf_rt_marker\"><\/div>\n<pre class=\"wp-block-preformatted\">O <strong>Princ\u00edpio da Prote\u00e7\u00e3o no Direito do Trabalho <\/strong>trata sobre as condi\u00e7\u00f5es dignas de trabalho, sal\u00e1rio justo, respeito aos direitos e rela\u00e7\u00e3o de igualdade entre empregado e empregador.<\/pre>\n\n\n\n<p>O Direito do Trabalho \u00e9 o ramo jur\u00eddico que cuida das rela\u00e7\u00f5es decorrentes da presta\u00e7\u00e3o de trabalho, como os v\u00ednculos existentes entre empregador e empregado, direitos e deveres de cada parte, al\u00e9m dos direitos individuais trabalhistas de cada cidad\u00e3o, uma vez que tamb\u00e9m regula a presta\u00e7\u00e3o de servi\u00e7o por profissionais aut\u00f4nomos.&nbsp;<\/p>\n\n\n\n<p>O v\u00ednculo trabalhista entre uma pessoa e outra, seja ela f\u00edsica ou jur\u00eddica, se forma quando h\u00e1 pessoalidade, habitualidade, onerosidade e subordina\u00e7\u00e3o na rela\u00e7\u00e3o. Tal rela\u00e7\u00e3o nem sempre \u00e9 equilibrada, visto que quem det\u00e9m o maior poder \u00e9 o empregador, criando uma desigualdade entre as partes.<\/p>\n\n\n\n<p>Diante da desigualdade evidenciada no contexto da Revolu\u00e7\u00e3o Industrial, marcado por condi\u00e7\u00f5es desumanas e abusos perpetrados pelos empregadores contra os trabalhadores, emergiram as primeiras legisla\u00e7\u00f5es trabalhistas.<\/p>\n\n\n\n<p>Atualmente, o <strong>Princ\u00edpio da Prote\u00e7\u00e3o \u00e9 um dos pilares fundamentais do Direito do Trabalho,<\/strong> refletindo a evolu\u00e7\u00e3o das rela\u00e7\u00f5es laborais ao longo da hist\u00f3ria, orientando a cria\u00e7\u00e3o e a interpreta\u00e7\u00e3o das leis laborais a fim de garantir condi\u00e7\u00f5es dignas de trabalho, seguran\u00e7a, igualdade e justi\u00e7a social.&nbsp;<\/p>\n\n\n\n<p>Continue a leitura para tirar as principais d\u00favidas sobre esse princ\u00edpio! \ud83d\ude09<\/p>\n\n\n\n<h2 class=\"wp-block-heading\">O que \u00e9 Princ\u00edpio da prote\u00e7\u00e3o no direito do trabalho?<\/h2>\n\n\n\n<p>O Princ\u00edpio da Prote\u00e7\u00e3o no Direito do Trabalho \u00e9 uma<strong> condi\u00e7\u00e3o fundamental que visa garantir a prote\u00e7\u00e3o dos direitos dos trabalhadores em suas rela\u00e7\u00f5es trabalhistas.<\/strong>&nbsp;<\/p>\n\n\n\n<p>O princ\u00edpio estabelece que, em caso de conflito de interesses entre empregador e empregado, deve-se beneficiar a parte mais vulner\u00e1vel da rela\u00e7\u00e3o, ou seja, o empregado.&nbsp;<\/p>\n\n\n\n<p>Tal previs\u00e3o significa que as normas e interpreta\u00e7\u00f5es jur\u00eddicas devem ser direcionadas para assegurar condi\u00e7\u00f5es dignas de trabalho, sal\u00e1rios justos, seguran\u00e7a no ambiente de trabalho e na execu\u00e7\u00e3o do trabalho, bem como respeito aos direitos trabalhistas positivados.&nbsp;<\/p>\n\n\n\n<h2 class=\"wp-block-heading\">Como o Princ\u00edpio da Prote\u00e7\u00e3o se manifesta no Direito do Trabalho?&nbsp;<\/h2>\n\n\n\n<p>A partir deste princ\u00edpio, o Direito Trabalhista busca equilibrar o poder entre as partes, tendo em vista a desigualdade pr\u00f3pria da rela\u00e7\u00e3o empregat\u00edcia.&nbsp;<\/p>\n\n\n\n<p>O surgimento do Princ\u00edpio da Prote\u00e7\u00e3o est\u00e1 intimamente ligado \u00e0s condi\u00e7\u00f5es desumanas enfrentadas pelos trabalhadores durante a Revolu\u00e7\u00e3o Industrial, vez que o aumento da explora\u00e7\u00e3o da m\u00e3o de obra e as jornadas exaustivas de trabalho levaram \u00e0 necessidade de interven\u00e7\u00e3o estatal para garantir a prote\u00e7\u00e3o dos trabalhadores.&nbsp;<\/p>\n\n\n\n<p>Assim, ao longo do tempo, <strong>o Princ\u00edpio da Prote\u00e7\u00e3o tem sido consolidado por meio de leis trabalhistas, conven\u00e7\u00f5es coletivas de trabalho, doutrinas e julgados dos Tribunais do Trabalho que visam resguardar os direitos e os interesses dos trabalhadores.<\/strong><\/p>\n\n\n\n<p>Na <a href=\"https:\/\/www.aurum.com.br\/blog\/clt\/\">Consolida\u00e7\u00e3o das Leis do Trabalho (CLT),<\/a> legisla\u00e7\u00e3o brasileira que regulamenta as rela\u00e7\u00f5es de trabalho, h\u00e1 diversas manifesta\u00e7\u00f5es desses princ\u00edpios, como, por exemplo:<\/p>\n\n\n\n<ul class=\"wp-block-list\">\n<li>As normas que regulamentam a jornada de trabalho, via de regra, de 44 horas semanais e 8 horas di\u00e1rias;&nbsp;<\/li>\n\n\n\n<li>O pagamento de horas extras quando a jornada \u00e9 extrapolada;&nbsp;<\/li>\n\n\n\n<li>O direito ao descanso remunerado;&nbsp;<\/li>\n\n\n\n<li>As garantias de <a href=\"https:\/\/www.aurum.com.br\/blog\/cdc-comentado\/art-8-a-11-cdc\/\">seguran\u00e7a e sa\u00fade<\/a> no ambiente do trabalho;&nbsp;<\/li>\n\n\n\n<li>Prote\u00e7\u00e3o contra discrimina\u00e7\u00e3o e ass\u00e9dio no ambiente do trabalho.&nbsp;<\/li>\n<\/ul>\n\n\n\n<style>\n    #adpost-block_1cf14c1c3701840df91c5f1c22d1790b.anuncio-post-reverse {\n        display: flex;\n        gap: 24px;\n        border-radius: 8px;\n        width: 100%;\n        max-width: 752px;\n        padding: 40px;\n        background: #e7f4fe;\n        margin: 16px auto;\n    }\n\n    #adpost-block_1cf14c1c3701840df91c5f1c22d1790b .anuncio-container {\n        display: flex;\n        flex-direction: column;\n        gap: 24px;\n        width: 100%;\n        max-width: 333px;\n    }\n\n    #adpost-block_1cf14c1c3701840df91c5f1c22d1790b .anuncio-container .logo {\n        width: 100%;\n        max-width: 177px;\n        margin: 0;\n    }\n\n    #adpost-block_1cf14c1c3701840df91c5f1c22d1790b .anuncio-text-container {\n        display: flex;\n        flex-direction: column;\n        gap: 24px;\n    }\n\n    #adpost-block_1cf14c1c3701840df91c5f1c22d1790b .anuncio-text-container .title {\n        font-family: 'Ubuntu';\n        font-size: 1.5rem; \/\/24px\n        font-weight: 700;\n        line-height: 120%;\n        margin: 0;\n        color: #000;\n    }\n\n    #adpost-block_1cf14c1c3701840df91c5f1c22d1790b .anuncio-text-container .text {\n        font-size: 0.875rem;\n        font-weight: 400;\n        line-height: 170%;\n        color: #000;\n    }\n\n    #adpost-block_1cf14c1c3701840df91c5f1c22d1790b .anuncio-container .button {\n        display: inline-flex;\n        align-items: center;\n        justify-content: center;\n        width: fit-content;\n        height: 48px;\n        border-radius: 8px;\n        padding: 12px 24px;\n        font-size: 1rem;\n        font-weight: 600;\n        text-decoration: none;\n        background: #008fd5;\n        color: #fff;\n    }\n\n    #adpost-block_1cf14c1c3701840df91c5f1c22d1790b .image-container {\n        position: relative;\n        width: 100%;\n        height: 100%;\n    }\n\n    #adpost-block_1cf14c1c3701840df91c5f1c22d1790b .image-container.float {\n        min-height: 236px;\n    }\n\n    #adpost-block_1cf14c1c3701840df91c5f1c22d1790b .image-container .image-desktop {\n        width: 100%;\n        max-width: 323px;\n        object-fit: contain;\n        margin: 0;\n    }\n\n    #adpost-block_1cf14c1c3701840df91c5f1c22d1790b .image-container .image-mobile {\n        display: none;\n        width: 100%;\n        max-width: 291px;\n        object-fit: contain;\n        margin: 0;\n    }\n\n    #adpost-block_1cf14c1c3701840df91c5f1c22d1790b .image-container.float .image-desktop,\n    #adpost-block_1cf14c1c3701840df91c5f1c22d1790b .image-container.float .image-mobile {\n        position: absolute;\n        right: 0;\n        bottom: 0;\n    }\n\n    #adpost-block_1cf14c1c3701840df91c5f1c22d1790b .image-container img {\n        border-radius: 8px;\n    }\n\n    \/************\n    * MOBILE \n    *************\/\n    @media (max-width: 1439px) {\n        #adpost-block_1cf14c1c3701840df91c5f1c22d1790b.anuncio-post-reverse {\n            flex-direction: column-reverse;\n            max-width: fit-content;\n            padding: 24px;\n        }\n\n        #adpost-block_1cf14c1c3701840df91c5f1c22d1790b .anuncio-container {\n            max-width: 280px;\n            align-items: center;\n        }\n\n        #adpost-block_1cf14c1c3701840df91c5f1c22d1790b .anuncio-container .logo {\n            max-width: 147px;\n        }\n\n        #adpost-block_1cf14c1c3701840df91c5f1c22d1790b .anuncio-text-container {\n            gap: 8px;\n        }\n\n        #adpost-block_1cf14c1c3701840df91c5f1c22d1790b .anuncio-text-container .title {\n            font-size: 1.25rem;\n            text-align: center;\n        }\n\n        #adpost-block_1cf14c1c3701840df91c5f1c22d1790b .anuncio-text-container .text {\n            text-align: center;\n        }\n\n        #adpost-block_1cf14c1c3701840df91c5f1c22d1790b .anuncio-container .button {\n            width: 100%;\n        }\n\n        #adpost-block_1cf14c1c3701840df91c5f1c22d1790b .image-container.float {\n            min-height: 182px;\n        }\n\n        #adpost-block_1cf14c1c3701840df91c5f1c22d1790b .image-container .image-desktop {\n            display: none;\n        }\n\n        #adpost-block_1cf14c1c3701840df91c5f1c22d1790b .image-container .image-mobile {\n            display: block;\n        }\n    }\n\n    \/*******************\n    * RESET GLOBAL CSS \n    ********************\/\n    #s-post main article .content .image-container img {\n        margin: 0;\n    }\n<\/style>\n\n\n<article id=\"adpost-block_1cf14c1c3701840df91c5f1c22d1790b\" class=\"anuncio-post-reverse\">\n    <div class=\"anuncio-container\">\n        \n        <div class=\"anuncio-text-container\">\n             <h3 class=\"title\" >Seja protagonista da sua advocacia com o Astrea<\/h3>\n            <div class=\"text\" >Tenha tempo para focar no crescimento do seu escrit\u00f3rio, enquanto o Astrea cuida da sua gest\u00e3o jur\u00eddica com intelig\u00eancia.<\/div>        <\/div>\n       \n        <a class=\"button\" href=\"\/astrea\/?utm_source=blog&#038;utm_medium=adpost&#038;utm_campaign=campanha-marca-2026\" target=\"_self\">Conhe\u00e7a o Astrea<\/a>    <\/div>\n\n    <div class=\"image-container\">\n        <img decoding=\"async\" class=\"image-desktop\" src=\"https:\/\/www.aurum.com.br\/blog\/wp-content\/uploads\/2026\/03\/adpos-posicionamento-2026-desktop.png\" alt=\"\" \/>\n        <img decoding=\"async\" class=\"image-mobile\" src=\"https:\/\/www.aurum.com.br\/blog\/wp-content\/uploads\/2026\/03\/adpost-posicionamento-2026-mobile.png\" alt=\"\" \/>    <\/div>\n<\/article>\n\n\n<p>Vale tamb\u00e9m destacar que o <strong>Princ\u00edpio da Prote\u00e7\u00e3o se subdivide em 3 outros princ\u00edpios<\/strong>:<\/p>\n\n\n\n<h3 class=\"wp-block-heading\"><em>In Dubio Pro Operario <\/em>(No caso de d\u00favida, beneficia-se o empregado)&nbsp;<\/h3>\n\n\n\n<p>Como a pr\u00f3pria express\u00e3o em latim induz, este princ\u00edpio determina que quando surgir uma norma no ordenamento jur\u00eddico, com interpreta\u00e7\u00e3o para ambos os lados da rela\u00e7\u00e3o empregat\u00edcia, esta norma deve ter sua interpreta\u00e7\u00e3o voltada para o empregado.<\/p>\n\n\n\n<h3 class=\"wp-block-heading\">Princ\u00edpio da Norma Mais Favor\u00e1vel<\/h3>\n\n\n\n<p>Parecido com o princ\u00edpio anterior, o Princ\u00edpio da Norma Mais Favor\u00e1vel versa que, quando surgir mais de uma norma (lei) aplic\u00e1vel para aquela situa\u00e7\u00e3o concreta entre as partes, a norma a ser aplicada dever\u00e1 ser a mais favor\u00e1vel ao empregado;<\/p>\n\n\n\n<h3 class=\"wp-block-heading\">Princ\u00edpio da Condi\u00e7\u00e3o Ben\u00e9fica<\/h3>\n\n\n\n<p>Garante que surgindo uma nova norma, o contrato de trabalho vigente entre as partes n\u00e3o poder\u00e1 sofrer altera\u00e7\u00f5es que prejudiquem o empregado, somente ocorrendo este tipo de modifica\u00e7\u00e3o para contratos futuros.<\/p>\n\n\n\n<h2 class=\"wp-block-heading\">Conclus\u00e3o:<\/h2>\n\n\n\n<p>Em um contexto trabalhista atual marcado por constantes mudan\u00e7as e desafios, como o surgimento de novos campos de trabalho, o <strong>Princ\u00edpio da Prote\u00e7\u00e3o no Direito do Trabalho continua a ser um alicerce essencial para garantir a justi\u00e7a e equidade nas rela\u00e7\u00f5es laborais.&nbsp;<\/strong><\/p>\n\n\n\n<p>Suas subdivis\u00f5es desempenham pap\u00e9is cruciais na interpreta\u00e7\u00e3o e aplica\u00e7\u00e3o das leis trabalhistas em \u00e2mbito nacional.<\/p>\n\n\n\n<p>Essas subdivis\u00f5es, aliadas ao Princ\u00edpio da Prote\u00e7\u00e3o como um todo, visam garantir que os direitos dos trabalhadores sejam preservados e que condi\u00e7\u00f5es dignas de trabalho sejam asseguradas, mesmo diante de um cen\u00e1rio de constante evolu\u00e7\u00e3o legislativa e econ\u00f4mica.&nbsp;<\/p>\n\n\n\n<h3 class=\"wp-block-heading\">Mais conhecimento para voc\u00ea<\/h3>\n\n\n\n<p>Se voc\u00ea gostou deste texto e deseja seguir a leitura em temas sobre direito e advocacia, vale a pena conferir os seguintes materiais:&nbsp;&nbsp;<\/p>\n\n\n\n<ul class=\"wp-block-list\">\n<li><a href=\"https:\/\/www.aurum.com.br\/blog\/art-129-cp\/\">Confira qual a pena para o crime de les\u00e3o corporal \u2013 Art. 129 do CP<\/a><\/li>\n\n\n\n<li><a href=\"https:\/\/www.aurum.com.br\/blog\/regularizacao-fundiaria\/\">Regulariza\u00e7\u00e3o fundi\u00e1ria urbana e rural no Brasil: tudo o que voc\u00ea precisa saber<\/a><\/li>\n\n\n\n<li><a href=\"https:\/\/www.aurum.com.br\/blog\/codigo-tributario-nacional-ctn\/\">CTN: O que \u00e9, import\u00e2ncia e principais artigos comentados<\/a><\/li>\n\n\n\n<li><a href=\"https:\/\/www.aurum.com.br\/blog\/empresa-offshore\/\">Empresa offshore: Entenda o que \u00e9 e como funciona [+ exemplos]<\/a><\/li>\n\n\n\n<li><a href=\"https:\/\/www.aurum.com.br\/blog\/termo-de-ajustamento-de-conduta\/\" data-type=\"URL\" data-id=\"https:\/\/www.aurum.com.br\/blog\/termo-de-ajustamento-de-conduta\/\">O que \u00e9 termo de ajustamento de conduta<\/a><\/li>\n\n\n\n<li><a href=\"https:\/\/www.aurum.com.br\/blog\/lei-de-falencia-e-recuperacao-judicial\/\" data-type=\"URL\" data-id=\"https:\/\/www.aurum.com.br\/blog\/lei-de-falencia-e-recuperacao-judicial\/\">Lei de Fal\u00eancia e Recupera\u00e7\u00e3o Judicial: o que mudou?<\/a><\/li>\n\n\n\n<li><a href=\"https:\/\/www.aurum.com.br\/blog\/acao-indenizatoria\/\">Entenda o que \u00e9 a a\u00e7\u00e3o indenizat\u00f3ria, quando cabe e prazos<\/a><\/li>\n\n\n\n<li><a href=\"https:\/\/www.aurum.com.br\/blog\/erro-laboratorial\/\">Erro Laboratorial: Conhe\u00e7a quais s\u00e3o suas fases e os seus tipos!<\/a><\/li>\n\n\n\n<li><a href=\"https:\/\/www.aurum.com.br\/blog\/ostentacao-na-advocacia\/\">Ostenta\u00e7\u00e3o na Advocacia: o que o advogado n\u00e3o pode fazer nas redes sociais?<\/a><\/li>\n\n\n\n<li><a href=\"https:\/\/www.aurum.com.br\/blog\/acao-anulatoria\/\">A\u00e7\u00e3o anulat\u00f3ria: O que \u00e9, requisitos, quem pode propor<\/a><\/li>\n\n\n\n<li><a href=\"https:\/\/www.aurum.com.br\/blog\/previdencia-privada\/\">Previd\u00eancia privada: como funciona e atua\u00e7\u00e3o do advogado<\/a><\/li>\n\n\n\n<li><a href=\"https:\/\/www.aurum.com.br\/blog\/desapropriacao\/\">Desapropria\u00e7\u00e3o: O que \u00e9, tipos e como funciona a lei?<\/a><\/li>\n<\/ul>\n\n\n\n<p>Este conte\u00fado foi \u00fatil pra voc\u00ea? Conta aqui nos coment\u00e1rios \ud83d\ude09<\/p>\n\n\n<style>\r\n  .news-post {\r\n    background: url('https:\/\/www.aurum.com.br\/blog\/wp-content\/themes\/aurum\/img\/bg-news-artigo.svg') no-repeat top center #3C48AA;\r\n    padding: 1.5rem;\r\n    border-radius: 6px;\r\n    margin: 1rem 0;\r\n  }\r\n  .news-post .icone {\r\n    display: none;\r\n  }\r\n  .news-post .title {\r\n    font-weight: 700;\r\n    font-size: 16px;\r\n    line-height: 130%;\r\n    text-align: center;\r\n    letter-spacing: -0.5px;\r\n    color: #fff;\r\n    margin-bottom: .9375rem;\r\n  }\r\n  .news-post p {\r\n    font-size: .875rem;\r\n    line-height: 140%;\r\n    text-align: center;\r\n    color: #fff;\r\n    margin-bottom: 1.25rem;\r\n  }\r\n  .news-post .news_button_span {\r\n    font-size: .8125rem;\r\n    display: block;\r\n    padding: .125rem .3125rem;\r\n    color: #fff;\r\n    text-align:left;\r\n  }\r\n  .news-post .news_button_span a {\r\n    color: #fff !important;\r\n    text-decoration: underline;\r\n  }\r\n  .news-post form {\r\n    width: 100%;\r\n  }\r\n  .news-post label {\r\n    font-weight: 600;\r\n    font-size: .9375rem;\r\n    line-height: 1.5rem;\r\n    margin-bottom: .5rem;\r\n    color: #fff;\r\n    display: block;\r\n  }\r\n  .news-post input {\r\n    background: #fff;\r\n    border: 1px solid #CBCBD9;\r\n    box-sizing: border-box;\r\n    border-radius: 4px;\r\n    padding: .75rem 1rem;\r\n    width: 100%;\r\n  }\r\n  .news-post button {\r\n    margin-top: .875rem;\r\n    width: 100%;\r\n    min-width: auto;\r\n    background: #FCC632;\r\n    color: #3C48AA;\r\n  }\r\n  .news-post .input {\r\n    position: relative;\r\n    padding-bottom: 10px;\r\n  }\r\n  .news-post .error-message-ad {\r\n    font-size: .875rem;\r\n    line-height: 130%;\r\n    color: #D50021;\r\n    margin-left: 4px;\r\n  }\r\n  .news-post .error {\r\n    border: 1px solid #D50021;\r\n  }\r\n  .news-post #message-form-ad {\r\n    border-radius: 4px;\r\n    padding: 0.7rem;\r\n    font-size:0.8rem;\r\n    text-align: center;\r\n    align-items: center;\r\n    justify-content: center;\r\n    display: none;\r\n  }\r\n  .news-post #message-form-ad svg {\r\n    margin-right: 8px;\r\n  }\r\n\r\n  @media(min-width: 561px) {\r\n    .news-post {\r\n      position: relative;\r\n      background: url('https:\/\/www.aurum.com.br\/blog\/wp-content\/themes\/aurum\/img\/bg-news-artigo.svg') no-repeat top center #3C48AA;\r\n      width: calc(100% - 30px);\r\n    }\r\n    .news-post .icone {\r\n      display: block;\r\n      position: absolute;\r\n      right: -30px;\r\n      top: 65px;\r\n      max-width: 142px;\r\n      width: 100%;\r\n      height: auto;\r\n      margin: 0;\r\n    }\r\n    .news-post .title {\r\n      font-size: 1.125rem;\r\n      text-align: left;\r\n      \/* padding-right: 3.75rem; *\/\r\n    }\r\n    .news-post p {\r\n      font-size: 1rem;\r\n      text-align: left;\r\n      max-width: 400px;\r\n    }\r\n    .news-post .boxes {\r\n      display: flex;\r\n      align-items: flex-start;\r\n    }\r\n    .news-post button {\r\n      margin: 0 0 0 1rem;\r\n      width: 100%;\r\n      max-width: 170px;\r\n      min-width: auto;\r\n      transition: all ease .3s\r\n    }\r\n    .news-post button:hover {\r\n      opacity: 0.9;\r\n      transition: all ease .3s\r\n    }\r\n    .news-post #message-form-ad {\r\n      padding: 1.125rem;\r\n      font-size:1rem;\r\n    }\r\n    .news-post #message-form-ad svg {\r\n      margin-right: 10px;\r\n    }\r\n  }\r\n<\/style>\r\n\r\n<div class=\"news-post\">\r\n  <div class=\"title news-ad-title\">Gostou do artigo e quer evoluir a sua advocacia?<\/div>\r\n  <p class=\"news-ad-subtitle\">Assine gr\u00e1tis a Aurum News e receba uma dose semanal de conte\u00fado no seu e-mail! \u270c\ufe0f<\/p>\r\n  <img decoding=\"async\" src=\"https:\/\/www.aurum.com.br\/blog\/wp-content\/themes\/aurum\/img\/icon-news-artigo.svg\" alt=\"\" class=\"icone\">\r\n\r\n  <form method=\"post\" name=\"newsletter-ad\" id=\"aurum-newsletter-ad\">\r\n    <div class=boxes>\r\n      <div class=\"input\">\r\n        <label class=\"label-email\" htmlFor=\"email-ad\">Qual seu e-mail?<\/label>\r\n        <input type=\"email\" id=\"email-ad\" name=\"newsletter-mail-ad\" placeholder=\"Digite seu e-mail?\">\r\n        <div class=\"error-message-ad-email\">Endere\u00e7o de e-mail inv\u00e1lido ou incorreto<\/div>\r\n\r\n        <label class=\"label-select\" htmlFor=\"lawsuits-select-ad\">\r\n          Quantos processos voc\u00ea ou<br class=\"for-desktop\"\/> seu escrit\u00f3rio acompanham?\r\n        <\/label>\r\n        <div id=\"lawsuits-select-ad\" class=\"lawsuits-select select-wrapper\" tabindex=\"0\">\r\n          <div class=\"s-dropdown--styled\">\r\n          <span class=\"lawsuits-default\">\r\n            <span id=\"lawsuits-newsletter-ad\" class=\"lawsuits-default-text\" data-value=\"\">Selecione os processos<\/span>\r\n            <svg class=\"chevron\" xmlns=\"http:\/\/www.w3.org\/2000\/svg\" width=\"24\" height=\"25\" viewBox=\"0 0 24 25\" fill=\"none\">\r\n              <path d=\"M6 15.6152L12 9.61523L18 15.6152\" stroke=\"black\" stroke-width=\"2\" stroke-linecap=\"round\" stroke-linejoin=\"round\" \/>\r\n            <\/svg>\r\n          <\/span>\r\n\r\n          <ul class=\"s-dropdown u-hide\">\r\n            <li class=\"lawsuits\" data-value=\"Mais de 1000 processos\">Mais de 1000 processos<\/li>\r\n            <li class=\"lawsuits\" data-value=\"De 501 a 1000 processos\">De 501 a 1000 processos<\/li>\r\n            <li class=\"lawsuits\" data-value=\"De 151 a 500 processos\">De 151 a 500 processos<\/li>\r\n            <li class=\"lawsuits\" data-value=\"De 41 a 150 processos\">De 41 a 150 processos<\/li>\r\n            <li class=\"lawsuits\" data-value=\"At\u00e9 40 processos\">At\u00e9 40 processos<\/li>\r\n            <li class=\"lawsuits\" data-value=\"Atuo apenas no consultivo\">Atuo apenas no consultivo<\/li>\r\n            <li class=\"lawsuits\" data-value=\"Ainda sou estudante de direito\">Ainda sou estudante de direito<\/li>\r\n            <li class=\"lawsuits\" data-value=\"N\u00e3o sou da \u00e1rea jur\u00eddica\">N\u00e3o sou da \u00e1rea jur\u00eddica<\/li>\r\n          <\/ul>\r\n          <\/div>\r\n        <\/div>\r\n        <div class=\"error-message-ad-lawsuits\">Selecione algum processo<\/div>\r\n      <\/div>\r\n      <button class=\"btn btn-yellow ad-btn-desktop\" id=\"aurum-submit-ad\">Assinar gr\u00e1tis<\/button>\r\n      <button class=\"btn btn-yellow ad-btn-mobile\" id=\"aurum-submit-ad\">Assinar<\/button>\r\n    <\/div>\r\n    <span class=\"news_button_span\">Ao se cadastrar voc\u00ea declara que leu e aceitou a pol\u00edtica de privacidade e cookies do <a href=\"https:\/\/s3.sa-east-1.amazonaws.com\/publico.aurum.com.br\/contratos\/politica-de-privacidade.pdf\" target=\"_blank\" rel=\"noopener noreferrer\">site<\/a>.<\/span>\r\n  <\/form>\r\n  <div id=\"message-form-ad\"><\/div>\r\n<\/div>","protected":false},"excerpt":{"rendered":"<p>O Princ\u00edpio da Prote\u00e7\u00e3o no Direito do Trabalho trata sobre as condi\u00e7\u00f5es dignas de trabalho, sal\u00e1rio justo, respeito aos direitos e rela\u00e7\u00e3o de igualdade entre empregado e empregador. O Direito do Trabalho \u00e9 o ramo jur\u00eddico que cuida das rela\u00e7\u00f5es decorrentes da presta\u00e7\u00e3o de trabalho, como os v\u00ednculos existentes entre empregador e empregado, direitos e [&hellip;]<\/p>\n","protected":false},"author":141,"featured_media":27300,"comment_status":"open","ping_status":"open","sticky":false,"template":"","format":"standard","meta":{"_bbp_topic_count":0,"_bbp_reply_count":0,"_bbp_total_topic_count":0,"_bbp_total_reply_count":0,"_bbp_voice_count":0,"_bbp_anonymous_reply_count":0,"_bbp_topic_count_hidden":0,"_bbp_reply_count_hidden":0,"_bbp_forum_subforum_count":0,"inline_featured_image":false,"footnotes":""},"categories":[35],"tags":[],"class_list":["post-27299","post","type-post","status-publish","format-standard","has-post-thumbnail","hentry","category-direito-trabalhista"],"acf":[],"_links":{"self":[{"href":"https:\/\/www.aurum.com.br\/blog\/wp-json\/wp\/v2\/posts\/27299","targetHints":{"allow":["GET"]}}],"collection":[{"href":"https:\/\/www.aurum.com.br\/blog\/wp-json\/wp\/v2\/posts"}],"about":[{"href":"https:\/\/www.aurum.com.br\/blog\/wp-json\/wp\/v2\/types\/post"}],"author":[{"embeddable":true,"href":"https:\/\/www.aurum.com.br\/blog\/wp-json\/wp\/v2\/users\/141"}],"replies":[{"embeddable":true,"href":"https:\/\/www.aurum.com.br\/blog\/wp-json\/wp\/v2\/comments?post=27299"}],"version-history":[{"count":9,"href":"https:\/\/www.aurum.com.br\/blog\/wp-json\/wp\/v2\/posts\/27299\/revisions"}],"predecessor-version":[{"id":28765,"href":"https:\/\/www.aurum.com.br\/blog\/wp-json\/wp\/v2\/posts\/27299\/revisions\/28765"}],"wp:featuredmedia":[{"embeddable":true,"href":"https:\/\/www.aurum.com.br\/blog\/wp-json\/wp\/v2\/media\/27300"}],"wp:attachment":[{"href":"https:\/\/www.aurum.com.br\/blog\/wp-json\/wp\/v2\/media?parent=27299"}],"wp:term":[{"taxonomy":"category","embeddable":true,"href":"https:\/\/www.aurum.com.br\/blog\/wp-json\/wp\/v2\/categories?post=27299"},{"taxonomy":"post_tag","embeddable":true,"href":"https:\/\/www.aurum.com.br\/blog\/wp-json\/wp\/v2\/tags?post=27299"}],"curies":[{"name":"wp","href":"https:\/\/api.w.org\/{rel}","templated":true}]}}