{"id":27047,"date":"2024-02-21T14:50:28","date_gmt":"2024-02-21T17:50:28","guid":{"rendered":"https:\/\/www.aurum.com.br\/blog\/?p=27047"},"modified":"2024-09-16T06:46:16","modified_gmt":"2024-09-16T09:46:16","slug":"lei-organica","status":"publish","type":"post","link":"https:\/\/www.aurum.com.br\/blog\/lei-organica\/","title":{"rendered":"Confira o que diz a Lei Org\u00e2nica e qual seu objetivo"},"content":{"rendered":"<div id=\"bsf_rt_marker\"><\/div>\n<pre class=\"wp-block-preformatted\"><strong>Lei Org\u00e2nica<\/strong> \u00e9 a norma fundamental que rege o funcionamento e organiza\u00e7\u00e3o de entidades federativas no Brasil, como munic\u00edpios e o Distrito Federal. Ela estabelece os princ\u00edpios e as diretrizes b\u00e1sicas para a atua\u00e7\u00e3o dos poderes p\u00fablicos locais, garantindo autonomia dentro dos limites da Constitui\u00e7\u00e3o.<\/pre>\n\n\n\n<p>Voc\u00ea j\u00e1 se perguntou como as regras que regem o seu munic\u00edpio s\u00e3o estabelecidas? Ou por que algumas cidades t\u00eam diferentes formas de organiza\u00e7\u00e3o e funcionamento?<\/p>\n\n\n\n<p>Descubra a import\u00e2ncia da Lei Org\u00e2nica, o documento que molda a vida pol\u00edtica e administrativa do Distrito Federal e dos munic\u00edpios brasileiros.&nbsp;<\/p>\n\n\n\n<p>Para entender como isso afeta diretamente o seu dia a dia e influ\u00eancia nas decis\u00f5es que impactam a sua comunidade, continue a leitura! \ud83d\ude09<\/p>\n\n\n\n<h2 class=\"wp-block-heading\">O que diz a Lei Org\u00e2nica?<\/h2>\n\n\n\n<p>A Lei Org\u00e2nica <strong>\u00e9 como um livro de regras importante para a cidade onde voc\u00ea mora.<\/strong> Ela conta como tudo deve funcionar, desde como o prefeito \u00e9 escolhido at\u00e9 como as ruas s\u00e3o arrumadas.&nbsp;<\/p>\n\n\n\n<p>\u00c9 similar a uma cartilha que guia todas as decis\u00f5es importantes que afetam voc\u00ea e sua vizinhan\u00e7a. Confira o que diz o artigo 29 da Constitui\u00e7\u00e3o Federal:<\/p>\n\n\n\n<figure class=\"wp-block-pullquote\"><blockquote><p>Art. 29 -O Munic\u00edpio reger-se-\u00e1 por lei org\u00e2nica, votada em dois turnos, com o interst\u00edcio m\u00ednimo de dez dias, e aprovada por dois ter\u00e7os dos membros da C\u00e2mara Municipal, que a promulgar\u00e1, atendidos os princ\u00edpios estabelecidos nesta Constitui\u00e7\u00e3o, na Constitui\u00e7\u00e3o do respectivo Estado e os seguintes preceitos:<br>I \u2014 elei\u00e7\u00e3o do Prefeito, do Vice-Prefeito e dos Vereadores, para mandato de quatro anos, mediante pleito direto e simult\u00e2neo realizado em todo o Pa\u00eds;<br>II \u2014 elei\u00e7\u00e3o do Prefeito e do Vice-Prefeito realizada no primeiro domingo de outubro do ano anterior ao t\u00e9rmino do mandato dos que devam suceder, aplicadas as regras do art. 77, no caso de Munic\u00edpios com mais de duzentos mil eleitores; (Reda\u00e7\u00e3o da EC 16\/1997)<br>III \u2014 posse do Prefeito e do Vice-Prefeito no dia 1\u00ba de janeiro do ano subsequente ao da elei\u00e7\u00e3o;<br>IV \u2014 para a composi\u00e7\u00e3o das C\u00e2maras Municipais, ser\u00e1 observado o limite m\u00e1ximo de: (Reda\u00e7\u00e3o da EC 58\/2009)<br>V \u2014 subs\u00eddios do Prefeito, do Vice-Prefeito e dos Secret\u00e1rios Municipais fixados por lei de iniciativa da C\u00e2mara Municipal, observado o que disp\u00f5em os arts. 37, XI, 39, \u00a7 4\u00ba, 150, II, 153, III, e 153, \u00a7 2\u00ba, I; (Reda\u00e7\u00e3o da EC 19\/1998)<br>VI \u2014 o subs\u00eddio dos Vereadores ser\u00e1 fixado pelas respectivas C\u00e2maras Municipais em cada legislatura para a subsequente, observado o que disp\u00f5e esta Constitui\u00e7\u00e3o, observados os crit\u00e9rios estabelecidos na respectiva Lei Org\u00e2nica e os seguintes limites m\u00e1ximos: (Reda\u00e7\u00e3o da EC 25\/2000)<br>VII \u2014 o total da despesa com a remunera\u00e7\u00e3o dos vereadores n\u00e3o poder\u00e1 ultrapassar o montante de cinco por cento da receita do munic\u00edpio; (Inclu\u00eddo pela EC 1\/1992)<br>VIII \u2014 inviolabilidade dos Vereadores por suas opini\u00f5es, palavras e votos no exerc\u00edcio do mandato e na circunscri\u00e7\u00e3o do Munic\u00edpio; (Renumerado do inciso VI, pela EC 1\/1992)<br>IX \u2014 proibi\u00e7\u00f5es e incompatibilidades, no exerc\u00edcio da verean\u00e7a, similares, no que couber, ao disposto nesta Constitui\u00e7\u00e3o para os membros do Congresso Nacional e na Constitui\u00e7\u00e3o do respectivo Estado para os membros da Assembleia Legislativa; (Renumerado do inciso VII, pela EC 1\/1992)<br>X \u2014 julgamento do Prefeito perante o Tribunal de Justi\u00e7a; (Renumerado do inciso VIII, pela EC 1\/1992)<br>XI \u2014 organiza\u00e7\u00e3o das fun\u00e7\u00f5es legislativas e fiscalizadoras da C\u00e2mara Municipal; (Renumerado do inciso IX, pela EC 1\/1992)<br>XII \u2014 coopera\u00e7\u00e3o das associa\u00e7\u00f5es representativas no planejamento municipal; (Renumerado do inciso X, pela EC 1\/1992)<br>XIII \u2014 iniciativa popular de projetos de lei de interesse espec\u00edfico do Munic\u00edpio, da cidade ou de bairros, atrav\u00e9s de manifesta\u00e7\u00e3o de, pelo menos, cinco por cento do eleitorado; (Renumerado do inciso XI, pela EC 1\/1992)<br>XIV \u2014 perda do mandato do Prefeito, nos termos do art. 28, par\u00e1grafo \u00fanico. (Renumerado do inciso XII, pela EC 1\/1992)<\/p><cite>leia mais<\/cite><\/blockquote><\/figure>\n\n\n\n<h2 class=\"wp-block-heading\">Qual objetivo da Lei Org\u00e2nica?<\/h2>\n\n\n\n<p>A Lei Org\u00e2nica tem como principal objetivo<strong> organizar e orientar o funcionamento das cidades, garantindo que as decis\u00f5es tomadas pelos governantes estejam de acordo com as necessidades e caracter\u00edsticas locais.&nbsp;<\/strong><\/p>\n\n\n\n<p>Ela visa assegurar a autonomia dos munic\u00edpios dentro dos limites estabelecidos pela Constitui\u00e7\u00e3o, promovendo o desenvolvimento e o bem-estar da comunidade.<\/p>\n\n\n\n<h2 class=\"wp-block-heading\">Como surgiu a Lei Org\u00e2nica?<\/h2>\n\n\n\n<p>A Lei Org\u00e2nica <strong>surgiu no Brasil com a promulga\u00e7\u00e3o da Constitui\u00e7\u00e3o de 1988<\/strong>. Ela estabeleceu que os munic\u00edpios deveriam ter sua pr\u00f3pria lei b\u00e1sica, chamada de Lei Org\u00e2nica, para regulamentar sua organiza\u00e7\u00e3o, funcionamento e compet\u00eancias.&nbsp;<\/p>\n\n\n\n<p>Assim, cada munic\u00edpio passou a ter sua pr\u00f3pria Lei Org\u00e2nica, adaptada \u00e0s suas necessidades e realidades locais.<\/p>\n\n\n\n<h2 class=\"wp-block-heading\">Qual a natureza jur\u00eddica da Lei Org\u00e2nica?<\/h2>\n\n\n\n<p>A Lei Org\u00e2nica <strong>possui natureza jur\u00eddica de lei fundamental<\/strong>, ou seja, \u00e9 uma norma hierarquicamente superior \u00e0s demais leis municipais, por\u00e9m subordinada \u00e0 Constitui\u00e7\u00e3o Federal.&nbsp;<\/p>\n\n\n\n<p>Ela estabelece princ\u00edpios e regras b\u00e1sicas sobre a organiza\u00e7\u00e3o e o funcionamento dos munic\u00edpios, tendo<strong> car\u00e1ter de estabilidade e rigidez normativa<\/strong>.<\/p>\n\n\n\n<h3 class=\"wp-block-heading\">Natureza Jur\u00eddica da Lei Org\u00e2nica do Distrito Federal<\/h3>\n\n\n\n<p>Uma quest\u00e3o interessante diz respeito ao Distrito Federal, ente federativo aut\u00f4nomo que possui compet\u00eancias de estado e de munic\u00edpio e, conforme definido pelo art. 32 da Constitui\u00e7\u00e3o Federal, \u00e9 regido por lei org\u00e2nica.<\/p>\n\n\n\n<figure class=\"wp-block-pullquote classe bq-small\"><blockquote><p>Art. 32 &#8211; O Distrito Federal, vedada sua divis\u00e3o em Munic\u00edpios, reger- se-\u00e1 por lei org\u00e2nica, votada em dois turnos com interst\u00edcio m\u00ednimo de dez dias, e aprovada por dois ter\u00e7os da C\u00e2mara Legislativa, que a promulgar\u00e1, atendidos os princ\u00edpios estabelecidos nesta Constitui\u00e7\u00e3o<\/p><\/blockquote><\/figure>\n\n\n\n<p>Neste sentido, o Supremo Tribunal Federal definiu no julgamento da ADI 7205 DF que a natureza jur\u00eddica da Lei Org\u00e2nica do Distrito Federal \u00e9 equipar\u00e1vel \u00e0s constitui\u00e7\u00f5es estaduais, confira a ementa:<\/p>\n\n\n\n<figure class=\"wp-block-pullquote\"><blockquote><p>ADI 7205<br>\u00d3rg\u00e3o julgador: Tribunal Pleno<br>Relator(a): Min. DIAS TOFFOLI<br>Julgamento: 17\/12\/2022<br>Publica\u00e7\u00e3o: 20\/04\/2023<br>Ementa<br>EMENTA A\u00e7\u00e3o direta de inconstitucionalidade. Artigo 70, \u00a7 1\u00ba, da Lei Org\u00e2nica do Distrito Federal. Qu\u00f3rum de dois ter\u00e7os dos votos para aprova\u00e7\u00e3o de suas emendas. Natureza jur\u00eddica da Lei Org\u00e2nica do Distrito Federal equipar\u00e1vel \u00e0s constitui\u00e7\u00f5es estaduais. N\u00e3o observ\u00e2ncia do art. 60, \u00a7 2\u00ba, da CF\/88. Norma de reprodu\u00e7\u00e3o obrigat\u00f3ria pelos estados e pelo DF. Princ\u00edpio da simetria. Proced\u00eancia do pedido. Modula\u00e7\u00e3o dos efeitos da decis\u00e3o. 1. Conforme jurisprud\u00eancia do Supremo Tribunal Federal, as normas disciplinadoras do processo legislativo de reforma constitucional s\u00e3o de observ\u00e2ncia obrigat\u00f3ria pelos estados-membros (v.g., ADI n\u00ba 486, Rel. Min. Celso de Mello, Tribunal Pleno, julgado em 3\/4\/97, DJ de 10\/11\/06; ADI n\u00ba 1.722-MC, Rel. Min. Marco Aur\u00e9lio, Tribunal Pleno, julgado em 10\/12\/97, DJ de 19\/9\/03; e ADI n\u00ba 6.453\/RO, Rel. Min. Rosa Weber, julgado em 14\/2\/22, DJe de 18\/2\/22). 2. Essa mesma l\u00f3gica se aplica no que diz respeito \u00e0 reforma da Lei Org\u00e2nica do Distrito Federal. Isso porque, como bem pontuou o Ministro Celso de Mello, \u201c[a] Lei Org\u00e2nica do Distrito Federal constitui instrumento normativo prim\u00e1rio destinado a regular, de modo subordinante &#8211; e com ineg\u00e1vel primazia sobre o ordenamento positivo distrital &#8211; a vida jur\u00eddico-administrativa e pol\u00edtico-institucional dessa entidade integrante da Federa\u00e7\u00e3o brasileira. Esse ato representa, dentro do sistema de direito positivo, o momento inaugural e fundante da ordem jur\u00eddica vigente no \u00e2mbito do Distrito Federal. Em uma palavra: a Lei Org\u00e2nica equivale, em for\u00e7a, autoridade e efic\u00e1cia jur\u00eddicas, a um verdadeiro estatuto constitucional, essencialmente equipar\u00e1vel \u00e0s Constitui\u00e7\u00f5es promulgadas pelos Estados-membros\u201d (ADI n\u00ba 980-MC, Rel. Min. Celso de Mello, Tribunal Pleno, julgado em 3\/2\/94, DJ de 13\/5\/94). Esse entendimento foi confirmado pelo Plen\u00e1rio do Supremo Tribunal Federal em 2008, no julgamento do m\u00e9rito da a\u00e7\u00e3o (ADI n\u00ba 980, Rel. Min. Menezes Direito, Tribunal Pleno, julgado em 6\/3\/08, DJe de 1\u00ba\/8\/08). 3. Por conseguinte, uma vez que o exerc\u00edcio do poder constituinte decorrente \u00e9 condicionado pelo poder constituinte origin\u00e1rio, as normas procedimentais dispostas na Constitui\u00e7\u00e3o Federal s\u00e3o aplic\u00e1veis tanto para a edi\u00e7\u00e3o da Lei Org\u00e2nica do Distrito Federal como para sua modifica\u00e7\u00e3o. O art. 32 da Constitui\u00e7\u00e3o Federal faz men\u00e7\u00e3o ao qu\u00f3rum de dois ter\u00e7os t\u00e3o somente para a aprova\u00e7\u00e3o da LODF, mas nada disp\u00f5e acerca de seu processo de reforma, o qual \u2013 na esteira do entendimento pac\u00edfico do STF \u2013 deve guardar subservi\u00eancia ao que fora previsto para o modelo federal (CF, art. 60, \u00a7\u00a7 1\u00ba ao 5\u00ba). 4. Relativamente ao qu\u00f3rum de discuss\u00e3o e de aprova\u00e7\u00e3o das emendas constitucionais, a Constitui\u00e7\u00e3o Cidad\u00e3 estabeleceu, em seu art. 60, \u00a7 2\u00ba, que a proposta de emenda dever\u00e1 ser \u201cdiscutida e votada em cada Casa do Congresso Nacional, em dois turnos, considerando-se aprovada se obtiver, em ambos, tr\u00eas quintos dos votos dos respectivos membros\u201d. Portanto, o art. 70, \u00a7 1\u00ba, da Lei Org\u00e2nica do Distrito Federal, ao exigir, para a aprova\u00e7\u00e3o de suas emendas, qu\u00f3rum de dois ter\u00e7os, destoa do arqu\u00e9tipo federal previsto no art. 60, \u00a7 2\u00ba, da CF, padecendo, pois, de patente inconstitucionalidade. 5. O pedido foi julgado procedente, declarando-se a inconstitucionalidade da express\u00e3o \u201ce considerada aprovada se obtiver, em ambos, o voto favor\u00e1vel de dois ter\u00e7os dos membros da C\u00e2mara Legislativa\u201d, prevista no art. 70, \u00a7 1\u00ba, da Lei Org\u00e2nica do Distrito Federal. 6. Modula\u00e7\u00e3o dos efeitos da declara\u00e7\u00e3o de inconstitucionalidade, nos termos do art. 27 da Lei n\u00ba 9.868\/99, para que a decis\u00e3o somente produza efeitos ex nunc, a partir da data de publica\u00e7\u00e3o da ata de julgamento, uma vez que a disposi\u00e7\u00e3o impugnada se encontra em vigor h\u00e1 quase tr\u00eas d\u00e9cadas e 118 emendas foram editadas com base nela nesse per\u00edodo.<\/p><cite>leia mais<\/cite><\/blockquote><\/figure>\n\n\n\n<style>\n    #adpost-block_712b6a640039477802a78c5d5a3f3279.anuncio-post-reverse {\n        display: flex;\n        gap: 24px;\n        border-radius: 8px;\n        width: 100%;\n        max-width: 752px;\n        padding: 40px;\n        background: #e7f4fe;\n        margin: 16px auto;\n    }\n\n    #adpost-block_712b6a640039477802a78c5d5a3f3279 .anuncio-container {\n        display: flex;\n        flex-direction: column;\n        gap: 24px;\n        width: 100%;\n        max-width: 333px;\n    }\n\n    #adpost-block_712b6a640039477802a78c5d5a3f3279 .anuncio-container .logo {\n        width: 100%;\n        max-width: 177px;\n        margin: 0;\n    }\n\n    #adpost-block_712b6a640039477802a78c5d5a3f3279 .anuncio-text-container {\n        display: flex;\n        flex-direction: column;\n        gap: 24px;\n    }\n\n    #adpost-block_712b6a640039477802a78c5d5a3f3279 .anuncio-text-container .title {\n        font-family: 'Ubuntu';\n        font-size: 1.5rem; \/\/24px\n        font-weight: 700;\n        line-height: 120%;\n        margin: 0;\n        color: #000;\n    }\n\n    #adpost-block_712b6a640039477802a78c5d5a3f3279 .anuncio-text-container .text {\n        font-size: 0.875rem;\n        font-weight: 400;\n        line-height: 170%;\n        color: #000;\n    }\n\n    #adpost-block_712b6a640039477802a78c5d5a3f3279 .anuncio-container .button {\n        display: inline-flex;\n        align-items: center;\n        justify-content: center;\n        width: fit-content;\n        height: 48px;\n        border-radius: 8px;\n        padding: 12px 24px;\n        font-size: 1rem;\n        font-weight: 600;\n        text-decoration: none;\n        background: #008fd5;\n        color: #fff;\n    }\n\n    #adpost-block_712b6a640039477802a78c5d5a3f3279 .image-container {\n        position: relative;\n        width: 100%;\n        height: 100%;\n    }\n\n    #adpost-block_712b6a640039477802a78c5d5a3f3279 .image-container.float {\n        min-height: 236px;\n    }\n\n    #adpost-block_712b6a640039477802a78c5d5a3f3279 .image-container .image-desktop {\n        width: 100%;\n        max-width: 323px;\n        object-fit: contain;\n        margin: 0;\n    }\n\n    #adpost-block_712b6a640039477802a78c5d5a3f3279 .image-container .image-mobile {\n        display: none;\n        width: 100%;\n        max-width: 291px;\n        object-fit: contain;\n        margin: 0;\n    }\n\n    #adpost-block_712b6a640039477802a78c5d5a3f3279 .image-container.float .image-desktop,\n    #adpost-block_712b6a640039477802a78c5d5a3f3279 .image-container.float .image-mobile {\n        position: absolute;\n        right: 0;\n        bottom: 0;\n    }\n\n    #adpost-block_712b6a640039477802a78c5d5a3f3279 .image-container img {\n        border-radius: 8px;\n    }\n\n    \/************\n    * MOBILE \n    *************\/\n    @media (max-width: 1439px) {\n        #adpost-block_712b6a640039477802a78c5d5a3f3279.anuncio-post-reverse {\n            flex-direction: column-reverse;\n            max-width: fit-content;\n            padding: 24px;\n        }\n\n        #adpost-block_712b6a640039477802a78c5d5a3f3279 .anuncio-container {\n            max-width: 280px;\n            align-items: center;\n        }\n\n        #adpost-block_712b6a640039477802a78c5d5a3f3279 .anuncio-container .logo {\n            max-width: 147px;\n        }\n\n        #adpost-block_712b6a640039477802a78c5d5a3f3279 .anuncio-text-container {\n            gap: 8px;\n        }\n\n        #adpost-block_712b6a640039477802a78c5d5a3f3279 .anuncio-text-container .title {\n            font-size: 1.25rem;\n            text-align: center;\n        }\n\n        #adpost-block_712b6a640039477802a78c5d5a3f3279 .anuncio-text-container .text {\n            text-align: center;\n        }\n\n        #adpost-block_712b6a640039477802a78c5d5a3f3279 .anuncio-container .button {\n            width: 100%;\n        }\n\n        #adpost-block_712b6a640039477802a78c5d5a3f3279 .image-container.float {\n            min-height: 182px;\n        }\n\n        #adpost-block_712b6a640039477802a78c5d5a3f3279 .image-container .image-desktop {\n            display: none;\n        }\n\n        #adpost-block_712b6a640039477802a78c5d5a3f3279 .image-container .image-mobile {\n            display: block;\n        }\n    }\n\n    \/*******************\n    * RESET GLOBAL CSS \n    ********************\/\n    #s-post main article .content .image-container img {\n        margin: 0;\n    }\n<\/style>\n\n\n<article id=\"adpost-block_712b6a640039477802a78c5d5a3f3279\" class=\"anuncio-post-reverse\">\n    <div class=\"anuncio-container\">\n        \n        <div class=\"anuncio-text-container\">\n             <h3 class=\"title\" >Seja protagonista da sua advocacia com o Astrea<\/h3>\n            <div class=\"text\" >Tenha tempo para focar no crescimento do seu escrit\u00f3rio, enquanto o Astrea cuida da sua gest\u00e3o jur\u00eddica com intelig\u00eancia.<\/div>        <\/div>\n       \n        <a class=\"button\" href=\"\/astrea\/?utm_source=blog&#038;utm_medium=adpost&#038;utm_campaign=campanha-marca-2026\" target=\"_self\">Conhe\u00e7a o Astrea<\/a>    <\/div>\n\n    <div class=\"image-container\">\n        <img decoding=\"async\" class=\"image-desktop\" src=\"https:\/\/www.aurum.com.br\/blog\/wp-content\/uploads\/2026\/03\/adpos-posicionamento-2026-desktop.png\" alt=\"\" \/>\n        <img decoding=\"async\" class=\"image-mobile\" src=\"https:\/\/www.aurum.com.br\/blog\/wp-content\/uploads\/2026\/03\/adpost-posicionamento-2026-mobile.png\" alt=\"\" \/>    <\/div>\n<\/article>\n\n\n<h2 class=\"wp-block-heading\">Quais os princ\u00edpios da Lei Org\u00e2nica?<\/h2>\n\n\n\n<p>Os princ\u00edpios da Lei Org\u00e2nica<strong> podem variar um pouco de munic\u00edpio para munic\u00edpio, mas geralmente incluem:<\/strong><\/p>\n\n\n\n<h3 class=\"wp-block-heading\">Autonomia Municipal&nbsp;<\/h3>\n\n\n\n<p>Este princ\u00edpio confere aos munic\u00edpios a capacidade de se auto-organizarem, autogovernarem e auto administrarem, dentro dos limites da Constitui\u00e7\u00e3o.<\/p>\n\n\n\n<h3 class=\"wp-block-heading\">Legalidade<\/h3>\n\n\n\n<p>Todas as a\u00e7\u00f5es do poder p\u00fablico municipal devem estar em conformidade com a legisla\u00e7\u00e3o vigente, sendo vedado qualquer ato contr\u00e1rio \u00e0 lei.<\/p>\n\n\n\n<h3 class=\"wp-block-heading\">Impessoalidade<\/h3>\n\n\n\n<p>Os agentes p\u00fablicos devem agir de forma neutra, sem discrimina\u00e7\u00f5es ou prefer\u00eancias pessoais, garantindo tratamento igualit\u00e1rio a todos os cidad\u00e3os.<\/p>\n\n\n\n<h3 class=\"wp-block-heading\">Moralidade<\/h3>\n\n\n\n<p>Todas as a\u00e7\u00f5es do poder p\u00fablico municipal devem pautar-se por princ\u00edpios \u00e9ticos e morais, visando o bem comum e o interesse p\u00fablico.<\/p>\n\n\n\n<h3 class=\"wp-block-heading\">Publicidade<\/h3>\n\n\n\n<p>As atividades administrativas devem ser transparentes e acess\u00edveis ao p\u00fablico, permitindo que os cidad\u00e3os acompanhem e fiscalizem os atos do poder p\u00fablico.<\/p>\n\n\n\n<h3 class=\"wp-block-heading\">Efici\u00eancia<\/h3>\n\n\n\n<p>O poder p\u00fablico municipal deve buscar a efici\u00eancia na presta\u00e7\u00e3o dos servi\u00e7os p\u00fablicos, utilizando da melhor forma os recursos dispon\u00edveis para atender \u00e0s necessidades da popula\u00e7\u00e3o.<\/p>\n\n\n\n<p>Esses princ\u00edpios <strong>servem como base para orientar a atua\u00e7\u00e3o dos agentes p\u00fablicos e garantir uma gest\u00e3o transparente, \u00e9tica e voltada para o interesse coletivo<\/strong>.<\/p>\n\n\n\n<h2 class=\"wp-block-heading\">Conclus\u00e3o:&nbsp;<\/h2>\n\n\n\n<p>Ao discutir a Lei Org\u00e2nica, destacamos sua import\u00e2ncia como a norma fundamental que rege a organiza\u00e7\u00e3o e o funcionamento dos munic\u00edpios&nbsp; e do Distrito Federal<\/p>\n\n\n\n<p>Profissionais de advocacia devem compreender a Lei Org\u00e2nica de cada munic\u00edpio ou do Distrito Federal para oferecer orienta\u00e7\u00e3o jur\u00eddica precisa aos clientes, especialmente em quest\u00f5es relacionadas \u00e0 administra\u00e7\u00e3o p\u00fablica local, licita\u00e7\u00f5es, contratos municipais, entre outros.&nbsp;<\/p>\n\n\n\n<p>O entendimento detalhado dessas normas \u00e9 <strong>crucial para garantir a conformidade legal das a\u00e7\u00f5es dos clientes e proteger seus interesses<\/strong> diante do poder p\u00fablico municipal.<\/p>\n\n\n\n<p>Al\u00e9m disso, \u00e9 fundamental estar ciente das perspectivas em rela\u00e7\u00e3o ao tema, considerando poss\u00edveis mudan\u00e7as legislativas, interpreta\u00e7\u00f5es jurisprudenciais e demandas da sociedade por uma gest\u00e3o p\u00fablica mais transparente, eficiente e \u00e9tica.&nbsp;<\/p>\n\n\n\n<p>Assim, os profissionais de advocacia podem oferecer um servi\u00e7o de alta qualidade, contribuindo para o fortalecimento do Estado de Direito e para a promo\u00e7\u00e3o do bem-estar social em n\u00edvel local.<\/p>\n\n\n\n<h3 class=\"wp-block-heading\">Mais conhecimento para voc\u00ea<\/h3>\n\n\n\n<p>Se voc\u00ea gostou deste texto e deseja seguir a leitura em temas sobre direito e advocacia, vale a pena conferir os seguintes materiais:&nbsp;&nbsp;<\/p>\n\n\n\n<ul class=\"wp-block-list\">\n<li><a href=\"https:\/\/www.aurum.com.br\/blog\/arbitragem-internacional\/\">Veja o que \u00e9 Arbitragem Internacional e exemplos<\/a><\/li>\n\n\n\n<li><a href=\"https:\/\/www.aurum.com.br\/blog\/lei-do-distrato\/\">Lei do Distrato Imobili\u00e1rio: como Funciona a Aplica\u00e7\u00e3o da Lei 13.786\/18<\/a><\/li>\n\n\n\n<li><a href=\"https:\/\/www.aurum.com.br\/blog\/aposentadoria-especial\/\">Como funciona a aposentadoria especial e como solicitar<\/a><\/li>\n\n\n\n<li><a href=\"https:\/\/www.aurum.com.br\/blog\/funcao-social-da-empresa\/\">Fun\u00e7\u00e3o social da empresa: seus princ\u00edpios, pr\u00e1ticas e exemplos<\/a><\/li>\n\n\n\n<li><a href=\"https:\/\/www.aurum.com.br\/blog\/acidente-de-trabalho\/\" data-type=\"URL\" data-id=\"https:\/\/www.aurum.com.br\/blog\/acidente-de-trabalho\/\">Acidente de Trabalho: Direitos, deveres e procedimentos legais<\/a><\/li>\n\n\n\n<li><a href=\"https:\/\/www.aurum.com.br\/blog\/drones\/\">Drones: Quem pode adquirir, restri\u00e7\u00f5es legais e permiss\u00f5es de uso<\/a><\/li>\n\n\n\n<li><a href=\"https:\/\/www.aurum.com.br\/blog\/regularizacao-fundiaria\/\" data-type=\"URL\" data-id=\"https:\/\/www.aurum.com.br\/blog\/regularizacao-fundiaria\/\">Regulariza\u00e7\u00e3o fundi\u00e1ria urbana e rural no Brasil<\/a><\/li>\n<\/ul>\n\n\n<style>\r\n  .news-post {\r\n    background: url('https:\/\/www.aurum.com.br\/blog\/wp-content\/themes\/aurum\/img\/bg-news-artigo.svg') no-repeat top center #3C48AA;\r\n    padding: 1.5rem;\r\n    border-radius: 6px;\r\n    margin: 1rem 0;\r\n  }\r\n  .news-post .icone {\r\n    display: none;\r\n  }\r\n  .news-post .title {\r\n    font-weight: 700;\r\n    font-size: 16px;\r\n    line-height: 130%;\r\n    text-align: center;\r\n    letter-spacing: -0.5px;\r\n    color: #fff;\r\n    margin-bottom: .9375rem;\r\n  }\r\n  .news-post p {\r\n    font-size: .875rem;\r\n    line-height: 140%;\r\n    text-align: center;\r\n    color: #fff;\r\n    margin-bottom: 1.25rem;\r\n  }\r\n  .news-post .news_button_span {\r\n    font-size: .8125rem;\r\n    display: block;\r\n    padding: .125rem .3125rem;\r\n    color: #fff;\r\n    text-align:left;\r\n  }\r\n  .news-post .news_button_span a {\r\n    color: #fff !important;\r\n    text-decoration: underline;\r\n  }\r\n  .news-post form {\r\n    width: 100%;\r\n  }\r\n  .news-post label {\r\n    font-weight: 600;\r\n    font-size: .9375rem;\r\n    line-height: 1.5rem;\r\n    margin-bottom: .5rem;\r\n    color: #fff;\r\n    display: block;\r\n  }\r\n  .news-post input {\r\n    background: #fff;\r\n    border: 1px solid #CBCBD9;\r\n    box-sizing: border-box;\r\n    border-radius: 4px;\r\n    padding: .75rem 1rem;\r\n    width: 100%;\r\n  }\r\n  .news-post button {\r\n    margin-top: .875rem;\r\n    width: 100%;\r\n    min-width: auto;\r\n    background: #FCC632;\r\n    color: #3C48AA;\r\n  }\r\n  .news-post .input {\r\n    position: relative;\r\n    padding-bottom: 10px;\r\n  }\r\n  .news-post .error-message-ad {\r\n    font-size: .875rem;\r\n    line-height: 130%;\r\n    color: #D50021;\r\n    margin-left: 4px;\r\n  }\r\n  .news-post .error {\r\n    border: 1px solid #D50021;\r\n  }\r\n  .news-post #message-form-ad {\r\n    border-radius: 4px;\r\n    padding: 0.7rem;\r\n    font-size:0.8rem;\r\n    text-align: center;\r\n    align-items: center;\r\n    justify-content: center;\r\n    display: none;\r\n  }\r\n  .news-post #message-form-ad svg {\r\n    margin-right: 8px;\r\n  }\r\n\r\n  @media(min-width: 561px) {\r\n    .news-post {\r\n      position: relative;\r\n      background: url('https:\/\/www.aurum.com.br\/blog\/wp-content\/themes\/aurum\/img\/bg-news-artigo.svg') no-repeat top center #3C48AA;\r\n      width: calc(100% - 30px);\r\n    }\r\n    .news-post .icone {\r\n      display: block;\r\n      position: absolute;\r\n      right: -30px;\r\n      top: 65px;\r\n      max-width: 142px;\r\n      width: 100%;\r\n      height: auto;\r\n      margin: 0;\r\n    }\r\n    .news-post .title {\r\n      font-size: 1.125rem;\r\n      text-align: left;\r\n      \/* padding-right: 3.75rem; *\/\r\n    }\r\n    .news-post p {\r\n      font-size: 1rem;\r\n      text-align: left;\r\n      max-width: 400px;\r\n    }\r\n    .news-post .boxes {\r\n      display: flex;\r\n      align-items: flex-start;\r\n    }\r\n    .news-post button {\r\n      margin: 0 0 0 1rem;\r\n      width: 100%;\r\n      max-width: 170px;\r\n      min-width: auto;\r\n      transition: all ease .3s\r\n    }\r\n    .news-post button:hover {\r\n      opacity: 0.9;\r\n      transition: all ease .3s\r\n    }\r\n    .news-post #message-form-ad {\r\n      padding: 1.125rem;\r\n      font-size:1rem;\r\n    }\r\n    .news-post #message-form-ad svg {\r\n      margin-right: 10px;\r\n    }\r\n  }\r\n<\/style>\r\n\r\n<div class=\"news-post\">\r\n  <div class=\"title news-ad-title\">Gostou do artigo e quer evoluir a sua advocacia?<\/div>\r\n  <p class=\"news-ad-subtitle\">Assine gr\u00e1tis a Aurum News e receba uma dose semanal de conte\u00fado no seu e-mail! \u270c\ufe0f<\/p>\r\n  <img decoding=\"async\" src=\"https:\/\/www.aurum.com.br\/blog\/wp-content\/themes\/aurum\/img\/icon-news-artigo.svg\" alt=\"\" class=\"icone\">\r\n\r\n  <form method=\"post\" name=\"newsletter-ad\" id=\"aurum-newsletter-ad\">\r\n    <div class=boxes>\r\n      <div class=\"input\">\r\n        <label class=\"label-email\" htmlFor=\"email-ad\">Qual seu e-mail?<\/label>\r\n        <input type=\"email\" id=\"email-ad\" name=\"newsletter-mail-ad\" placeholder=\"Digite seu e-mail?\">\r\n        <div class=\"error-message-ad-email\">Endere\u00e7o de e-mail inv\u00e1lido ou incorreto<\/div>\r\n\r\n        <label class=\"label-select\" htmlFor=\"lawsuits-select-ad\">\r\n          Quantos processos voc\u00ea ou<br class=\"for-desktop\"\/> seu escrit\u00f3rio acompanham?\r\n        <\/label>\r\n        <div id=\"lawsuits-select-ad\" class=\"lawsuits-select select-wrapper\" tabindex=\"0\">\r\n          <div class=\"s-dropdown--styled\">\r\n          <span class=\"lawsuits-default\">\r\n            <span id=\"lawsuits-newsletter-ad\" class=\"lawsuits-default-text\" data-value=\"\">Selecione os processos<\/span>\r\n            <svg class=\"chevron\" xmlns=\"http:\/\/www.w3.org\/2000\/svg\" width=\"24\" height=\"25\" viewBox=\"0 0 24 25\" fill=\"none\">\r\n              <path d=\"M6 15.6152L12 9.61523L18 15.6152\" stroke=\"black\" stroke-width=\"2\" stroke-linecap=\"round\" stroke-linejoin=\"round\" \/>\r\n            <\/svg>\r\n          <\/span>\r\n\r\n          <ul class=\"s-dropdown u-hide\">\r\n            <li class=\"lawsuits\" data-value=\"Mais de 1000 processos\">Mais de 1000 processos<\/li>\r\n            <li class=\"lawsuits\" data-value=\"De 501 a 1000 processos\">De 501 a 1000 processos<\/li>\r\n            <li class=\"lawsuits\" data-value=\"De 151 a 500 processos\">De 151 a 500 processos<\/li>\r\n            <li class=\"lawsuits\" data-value=\"De 41 a 150 processos\">De 41 a 150 processos<\/li>\r\n            <li class=\"lawsuits\" data-value=\"At\u00e9 40 processos\">At\u00e9 40 processos<\/li>\r\n            <li class=\"lawsuits\" data-value=\"Atuo apenas no consultivo\">Atuo apenas no consultivo<\/li>\r\n            <li class=\"lawsuits\" data-value=\"Ainda sou estudante de direito\">Ainda sou estudante de direito<\/li>\r\n            <li class=\"lawsuits\" data-value=\"N\u00e3o sou da \u00e1rea jur\u00eddica\">N\u00e3o sou da \u00e1rea jur\u00eddica<\/li>\r\n          <\/ul>\r\n          <\/div>\r\n        <\/div>\r\n        <div class=\"error-message-ad-lawsuits\">Selecione algum processo<\/div>\r\n      <\/div>\r\n      <button class=\"btn btn-yellow ad-btn-desktop\" id=\"aurum-submit-ad\">Assinar gr\u00e1tis<\/button>\r\n      <button class=\"btn btn-yellow ad-btn-mobile\" id=\"aurum-submit-ad\">Assinar<\/button>\r\n    <\/div>\r\n    <span class=\"news_button_span\">Ao se cadastrar voc\u00ea declara que leu e aceitou a pol\u00edtica de privacidade e cookies do <a href=\"https:\/\/s3.sa-east-1.amazonaws.com\/publico.aurum.com.br\/contratos\/politica-de-privacidade.pdf\" target=\"_blank\" rel=\"noopener noreferrer\">site<\/a>.<\/span>\r\n  <\/form>\r\n  <div id=\"message-form-ad\"><\/div>\r\n<\/div>\n\n\n<p><em>Este conte\u00fado foi \u00fatil pra voc\u00ea? Conta aqui nos coment\u00e1rios \ud83d\ude09<\/em><\/p>\n","protected":false},"excerpt":{"rendered":"<p>Lei Org\u00e2nica \u00e9 a norma fundamental que rege o funcionamento e organiza\u00e7\u00e3o de entidades federativas no Brasil, como munic\u00edpios e o Distrito Federal. Ela estabelece os princ\u00edpios e as diretrizes b\u00e1sicas para a atua\u00e7\u00e3o dos poderes p\u00fablicos locais, garantindo autonomia dentro dos limites da Constitui\u00e7\u00e3o. Voc\u00ea j\u00e1 se perguntou como as regras que regem o [&hellip;]<\/p>\n","protected":false},"author":128,"featured_media":27048,"comment_status":"open","ping_status":"open","sticky":false,"template":"","format":"standard","meta":{"_bbp_topic_count":0,"_bbp_reply_count":0,"_bbp_total_topic_count":0,"_bbp_total_reply_count":0,"_bbp_voice_count":0,"_bbp_anonymous_reply_count":0,"_bbp_topic_count_hidden":0,"_bbp_reply_count_hidden":0,"_bbp_forum_subforum_count":0,"inline_featured_image":false,"footnotes":""},"categories":[20],"tags":[],"class_list":["post-27047","post","type-post","status-publish","format-standard","has-post-thumbnail","hentry","category-direito-constitucional"],"acf":[],"_links":{"self":[{"href":"https:\/\/www.aurum.com.br\/blog\/wp-json\/wp\/v2\/posts\/27047","targetHints":{"allow":["GET"]}}],"collection":[{"href":"https:\/\/www.aurum.com.br\/blog\/wp-json\/wp\/v2\/posts"}],"about":[{"href":"https:\/\/www.aurum.com.br\/blog\/wp-json\/wp\/v2\/types\/post"}],"author":[{"embeddable":true,"href":"https:\/\/www.aurum.com.br\/blog\/wp-json\/wp\/v2\/users\/128"}],"replies":[{"embeddable":true,"href":"https:\/\/www.aurum.com.br\/blog\/wp-json\/wp\/v2\/comments?post=27047"}],"version-history":[{"count":5,"href":"https:\/\/www.aurum.com.br\/blog\/wp-json\/wp\/v2\/posts\/27047\/revisions"}],"predecessor-version":[{"id":31145,"href":"https:\/\/www.aurum.com.br\/blog\/wp-json\/wp\/v2\/posts\/27047\/revisions\/31145"}],"wp:featuredmedia":[{"embeddable":true,"href":"https:\/\/www.aurum.com.br\/blog\/wp-json\/wp\/v2\/media\/27048"}],"wp:attachment":[{"href":"https:\/\/www.aurum.com.br\/blog\/wp-json\/wp\/v2\/media?parent=27047"}],"wp:term":[{"taxonomy":"category","embeddable":true,"href":"https:\/\/www.aurum.com.br\/blog\/wp-json\/wp\/v2\/categories?post=27047"},{"taxonomy":"post_tag","embeddable":true,"href":"https:\/\/www.aurum.com.br\/blog\/wp-json\/wp\/v2\/tags?post=27047"}],"curies":[{"name":"wp","href":"https:\/\/api.w.org\/{rel}","templated":true}]}}