{"id":26914,"date":"2024-02-14T14:30:00","date_gmt":"2024-02-14T17:30:00","guid":{"rendered":"https:\/\/www.aurum.com.br\/blog\/?p=26914"},"modified":"2024-02-20T09:34:09","modified_gmt":"2024-02-20T12:34:09","slug":"politica-nacional-do-meio-ambiente","status":"publish","type":"post","link":"https:\/\/www.aurum.com.br\/blog\/politica-nacional-do-meio-ambiente\/","title":{"rendered":"Confira o que \u00e9 e quais os princ\u00edpios da pol\u00edtica nacional do meio ambiente"},"content":{"rendered":"<div id=\"bsf_rt_marker\"><\/div>\n<pre class=\"wp-block-preformatted\">A <strong>Pol\u00edtica Nacional do Meio Ambiente<\/strong> (PNMA) \u00e9 um conjunto de diretrizes, princ\u00edpios e instrumentos estabelecidos pela <a href=\"https:\/\/www.planalto.gov.br\/ccivil_03\/leis\/l6938.htm\" target=\"_blank\" rel=\"noopener\">Lei n\u00ba 6.938\/81<\/a> no Brasil, visando a preserva\u00e7\u00e3o, conserva\u00e7\u00e3o e uso sustent\u00e1vel dos recursos naturais, al\u00e9m do controle e fiscaliza\u00e7\u00e3o das atividades potencialmente poluidoras.<\/pre>\n\n\n\n<p>Para o advogado ambientalista, o conhecimento da PNMA e da respectiva lei \u00e9 fundamental para entender o pr\u00f3prio direito ambiental brasileiro. A norma foi criada antes mesmo da Constitui\u00e7\u00e3o Federal, e \u00e9 considerada um <strong>divisor de \u00e1guas na conceitua\u00e7\u00e3o do Direito Ambiental Brasileiro.&nbsp;<\/strong><\/p>\n\n\n\n<p>Sendo assim, \u00e9 o marco legal mais importante do pa\u00eds sobre legisla\u00e7\u00e3o ambiental e inaugura a discuss\u00e3o sobre o tema no Brasil. Inclusive, a Lei 6.938\/81 serviu de inspira\u00e7\u00e3o para a edi\u00e7\u00e3o do cap\u00edtulo sobre o meio ambiente na Constitui\u00e7\u00e3o Federal de 1988.&nbsp;<\/p>\n\n\n\n<p>E, apesar de possuir mais de 40 anos de exist\u00eancia, ela ainda \u00e9 considerada uma legisla\u00e7\u00e3o atual e de grande relev\u00e2ncia para o <a href=\"https:\/\/www.aurum.com.br\/blog\/principios-do-direito-ambiental\/\">direito ambiental<\/a> e a preserva\u00e7\u00e3o do meio ambiente. Por isso, continue a leitura para entender TUDO sobre a Pol\u00edtica Nacional do Meio Ambiente! \ud83d\ude09&nbsp;<\/p>\n\n\n\n<h2 class=\"wp-block-heading\">O que \u00e9 a pol\u00edtica nacional do meio ambiente?&nbsp;<\/h2>\n\n\n\n<p>A pol\u00edtica nacional do meio ambiente (PNMA)<strong> <\/strong>\u00e9 o conjunto de <strong>princ\u00edpios e diretrizes estabelecidos pela legisla\u00e7\u00e3o ambiental brasileira para preservar, melhorar e recuperar a qualidade ambiental.&nbsp;<\/strong><\/p>\n\n\n\n<p>Ela foi institu\u00edda pela Lei n\u00ba 6.938\/1981 e prev\u00ea princ\u00edpios que visam assegurar no Pa\u00eds condi\u00e7\u00f5es ao desenvolvimento socioecon\u00f4mico e a prote\u00e7\u00e3o da dignidade da vida humana.&nbsp;<\/p>\n\n\n\n<p>Al\u00e9m de elencar princ\u00edpios aplic\u00e1veis \u00e0 preserva\u00e7\u00e3o do meio ambiente, a PNMA define conceitos e objetivos, cria o Sistema Nacional do Meio Ambiente (SISNAMA) e o Conselho Nacional do Meio Ambiente (CONAMA), e define os instrumentos da PNMA.&nbsp;<\/p>\n\n\n\n<style>\n    #adpost-block_990f01b4090992888e2e3c129939bf8a.anuncio-post-reverse {\n        display: flex;\n        gap: 24px;\n        border-radius: 8px;\n        width: 100%;\n        max-width: 752px;\n        padding: 40px;\n        background: #e7f4fe;\n        margin: 16px auto;\n    }\n\n    #adpost-block_990f01b4090992888e2e3c129939bf8a .anuncio-container {\n        display: flex;\n        flex-direction: column;\n        gap: 24px;\n        width: 100%;\n        max-width: 333px;\n    }\n\n    #adpost-block_990f01b4090992888e2e3c129939bf8a .anuncio-container .logo {\n        width: 100%;\n        max-width: 177px;\n        margin: 0;\n    }\n\n    #adpost-block_990f01b4090992888e2e3c129939bf8a .anuncio-text-container {\n        display: flex;\n        flex-direction: column;\n        gap: 24px;\n    }\n\n    #adpost-block_990f01b4090992888e2e3c129939bf8a .anuncio-text-container .title {\n        font-family: 'Ubuntu';\n        font-size: 1.5rem; \/\/24px\n        font-weight: 700;\n        line-height: 120%;\n        margin: 0;\n        color: #000;\n    }\n\n    #adpost-block_990f01b4090992888e2e3c129939bf8a .anuncio-text-container .text {\n        font-size: 0.875rem;\n        font-weight: 400;\n        line-height: 170%;\n        color: #000;\n    }\n\n    #adpost-block_990f01b4090992888e2e3c129939bf8a .anuncio-container .button {\n        display: inline-flex;\n        align-items: center;\n        justify-content: center;\n        width: fit-content;\n        height: 48px;\n        border-radius: 8px;\n        padding: 12px 24px;\n        font-size: 1rem;\n        font-weight: 600;\n        text-decoration: none;\n        background: #008fd5;\n        color: #fff;\n    }\n\n    #adpost-block_990f01b4090992888e2e3c129939bf8a .image-container {\n        position: relative;\n        width: 100%;\n        height: 100%;\n    }\n\n    #adpost-block_990f01b4090992888e2e3c129939bf8a .image-container.float {\n        min-height: 236px;\n    }\n\n    #adpost-block_990f01b4090992888e2e3c129939bf8a .image-container .image-desktop {\n        width: 100%;\n        max-width: 323px;\n        object-fit: contain;\n        margin: 0;\n    }\n\n    #adpost-block_990f01b4090992888e2e3c129939bf8a .image-container .image-mobile {\n        display: none;\n        width: 100%;\n        max-width: 291px;\n        object-fit: contain;\n        margin: 0;\n    }\n\n    #adpost-block_990f01b4090992888e2e3c129939bf8a .image-container.float .image-desktop,\n    #adpost-block_990f01b4090992888e2e3c129939bf8a .image-container.float .image-mobile {\n        position: absolute;\n        right: 0;\n        bottom: 0;\n    }\n\n    #adpost-block_990f01b4090992888e2e3c129939bf8a .image-container img {\n        border-radius: 8px;\n    }\n\n    \/************\n    * MOBILE \n    *************\/\n    @media (max-width: 1439px) {\n        #adpost-block_990f01b4090992888e2e3c129939bf8a.anuncio-post-reverse {\n            flex-direction: column-reverse;\n            max-width: fit-content;\n            padding: 24px;\n        }\n\n        #adpost-block_990f01b4090992888e2e3c129939bf8a .anuncio-container {\n            max-width: 280px;\n            align-items: center;\n        }\n\n        #adpost-block_990f01b4090992888e2e3c129939bf8a .anuncio-container .logo {\n            max-width: 147px;\n        }\n\n        #adpost-block_990f01b4090992888e2e3c129939bf8a .anuncio-text-container {\n            gap: 8px;\n        }\n\n        #adpost-block_990f01b4090992888e2e3c129939bf8a .anuncio-text-container .title {\n            font-size: 1.25rem;\n            text-align: center;\n        }\n\n        #adpost-block_990f01b4090992888e2e3c129939bf8a .anuncio-text-container .text {\n            text-align: center;\n        }\n\n        #adpost-block_990f01b4090992888e2e3c129939bf8a .anuncio-container .button {\n            width: 100%;\n        }\n\n        #adpost-block_990f01b4090992888e2e3c129939bf8a .image-container.float {\n            min-height: 182px;\n        }\n\n        #adpost-block_990f01b4090992888e2e3c129939bf8a .image-container .image-desktop {\n            display: none;\n        }\n\n        #adpost-block_990f01b4090992888e2e3c129939bf8a .image-container .image-mobile {\n            display: block;\n        }\n    }\n\n    \/*******************\n    * RESET GLOBAL CSS \n    ********************\/\n    #s-post main article .content .image-container img {\n        margin: 0;\n    }\n<\/style>\n\n\n<article id=\"adpost-block_990f01b4090992888e2e3c129939bf8a\" class=\"anuncio-post-reverse\">\n    <div class=\"anuncio-container\">\n        \n        <div class=\"anuncio-text-container\">\n             <h3 class=\"title\" >Seja protagonista da sua advocacia com o Astrea<\/h3>\n            <div class=\"text\" >Tenha tempo para focar no crescimento do seu escrit\u00f3rio, enquanto o Astrea cuida da sua gest\u00e3o jur\u00eddica com intelig\u00eancia.<\/div>        <\/div>\n       \n        <a class=\"button\" href=\"\/astrea\/?utm_source=blog&#038;utm_medium=adpost&#038;utm_campaign=campanha-marca-2026\" target=\"_self\">Conhe\u00e7a o Astrea<\/a>    <\/div>\n\n    <div class=\"image-container\">\n        <img decoding=\"async\" class=\"image-desktop\" src=\"https:\/\/www.aurum.com.br\/blog\/wp-content\/uploads\/2026\/03\/adpos-posicionamento-2026-desktop.png\" alt=\"\" \/>\n        <img decoding=\"async\" class=\"image-mobile\" src=\"https:\/\/www.aurum.com.br\/blog\/wp-content\/uploads\/2026\/03\/adpost-posicionamento-2026-mobile.png\" alt=\"\" \/>    <\/div>\n<\/article>\n\n\n<h2 class=\"wp-block-heading\">Quais os princ\u00edpios da Pol\u00edtica Nacional do Meio Ambiente?<\/h2>\n\n\n\n<p>A Lei 6.938\/81 prev\u00ea, no artigo 2\u00ba, os seguintes princ\u00edpios:<\/p>\n\n\n\n<figure class=\"wp-block-pullquote classe bq-small\"><blockquote><p><strong>Art 2\u00ba<\/strong> &#8211; A Pol\u00edtica Nacional do Meio Ambiente tem por objetivo a preserva\u00e7\u00e3o, melhoria e recupera\u00e7\u00e3o da qualidade ambiental prop\u00edcia \u00e0 vida, visando assegurar, no Pa\u00eds, condi\u00e7\u00f5es ao desenvolvimento s\u00f3cio-econ\u00f4mico, aos interesses da seguran\u00e7a nacional e \u00e0 prote\u00e7\u00e3o da dignidade da vida humana, atendidos os seguintes princ\u00edpios:<br><br>I &#8211; a\u00e7\u00e3o governamental na manuten\u00e7\u00e3o do equil\u00edbrio ecol\u00f3gico, considerando o meio ambiente como um patrim\u00f4nio p\u00fablico a ser necessariamente assegurado e protegido, tendo em vista o uso coletivo;<br>II &#8211; racionaliza\u00e7\u00e3o do uso do solo, do subsolo, da \u00e1gua e do ar;<br>Ill &#8211; planejamento e fiscaliza\u00e7\u00e3o do uso dos recursos ambientais;<br>IV &#8211; prote\u00e7\u00e3o dos ecossistemas, com a preserva\u00e7\u00e3o de \u00e1reas representativas;<br>V &#8211; controle e zoneamento das atividades potencial ou efetivamente poluidoras;<br>VI &#8211; incentivos ao estudo e \u00e0 pesquisa de tecnologias orientadas para o uso racional e a prote\u00e7\u00e3o dos recursos ambientais;<br>VII &#8211; acompanhamento do estado da qualidade ambiental;<br>VIII &#8211; recupera\u00e7\u00e3o de \u00e1reas degradadas;&nbsp;&nbsp;&nbsp;&nbsp;&nbsp;&nbsp;&nbsp;&nbsp;&nbsp;&nbsp;&nbsp;&nbsp;&nbsp;&nbsp;&nbsp;&nbsp;<br>IX &#8211; prote\u00e7\u00e3o de \u00e1reas amea\u00e7adas de degrada\u00e7\u00e3o;<br>X &#8211; educa\u00e7\u00e3o ambiental a todos os n\u00edveis de ensino, inclusive a educa\u00e7\u00e3o da comunidade, objetivando capacit\u00e1-la para participa\u00e7\u00e3o ativa na defesa do meio ambiente.<\/p><\/blockquote><\/figure>\n\n\n\n<p>Se v\u00ea que em determinados pontos da legisla\u00e7\u00e3o, os princ\u00edpios s\u00e3o confundidos com a\u00e7\u00f5es concretas por parte do Poder P\u00fablico. Por\u00e9m, tal situa\u00e7\u00e3o n\u00e3o enfraquece o conte\u00fado geral da norma. O conjunto dos princ\u00edpios, em \u00faltima an\u00e1lise, <strong>visam o desenvolvimento sustent\u00e1vel.&nbsp;<\/strong><\/p>\n\n\n\n<p>N\u00e3o se trata de impedir o uso de recursos naturais, mas que esse uso seja realizado de maneira racional, compatibilizando crescimento econ\u00f4mico e preserva\u00e7\u00e3o ambiental. Eles tamb\u00e9m indicam um poder-dever do Poder P\u00fablico para proteger o meio ambiente, caracterizado pela norma como \u201cpatrim\u00f4nio p\u00fablico\u201d e de \u201cuso coletivo\u201d.&nbsp;<\/p>\n\n\n\n<p>Trata-se do entendimento, hoje consolidado, de que o meio ambiente se trata de direito transindividual (supraindividual), com natureza indivis\u00edvel e titularidade indeterminada, de uso comum do povo, o qual deve ser preservado para as presentes e futuras gera\u00e7\u00f5es (dever de solidariedade).&nbsp;<\/p>\n\n\n\n<p>Expressamente, h\u00e1 a men\u00e7\u00e3o ao termo \u201cequil\u00edbrio ecol\u00f3gico\u201d. O equil\u00edbrio est\u00e1 diretamente ligado \u00e0 aplica\u00e7\u00e3o do direito ambiental, com vista ao desenvolvimento sustent\u00e1vel. Nesse mesmo sentido, se destaca a previs\u00e3o do uso racional:<\/p>\n\n\n\n<ul class=\"wp-block-list\">\n<li>do solo, do subsolo, da \u00e1gua e do ar;&nbsp;<\/li>\n\n\n\n<li>controle de atividades poluidoras (via licenciamentos ambientais);&nbsp;<\/li>\n\n\n\n<li>controle e zoneamento de atividades potencialmente ou efetivamente poluidoras;&nbsp;<\/li>\n\n\n\n<li>e acompanhamento da qualidade ambiental.&nbsp;<\/li>\n<\/ul>\n\n\n\n<p>H\u00e1 previs\u00e3o para a recupera\u00e7\u00e3o (e prote\u00e7\u00e3o) de \u00e1reas degradadas, com o objetivo de coibir e recuperar locais com passivo ambiental. O Poder P\u00fablico, seja por a\u00e7\u00e3o ou omiss\u00e3o, ou mesmo particulares, podem ter causado determinada degrada\u00e7\u00e3o ambiental, exigindo esfor\u00e7os dos envolvidos para a recupera\u00e7\u00e3o dessas \u00e1reas. Tais \u00e1reas, em certa medida (dependendo dos casos concretos), podem contribuir para o desenvolvimento sustent\u00e1vel.<\/p>\n\n\n\n<p>Desde 1981, o dispositivo prev\u00ea como princ\u00edpio o uso de estudos e pesquisas em tecnologias voltadas para o uso racional e a prote\u00e7\u00e3o dos recursos naturais. A ci\u00eancia e a tecnologia podem ser grandes aliadas na cria\u00e7\u00e3o de alternativas para a utiliza\u00e7\u00e3o cada vez mais reduzida de recursos naturais e na efici\u00eancia da produ\u00e7\u00e3o.<\/p>\n\n\n\n<p>Isso inclui o uso de energia renov\u00e1vel, o aumento da produtividade agr\u00edcola com menos \u00e1rea cultivada, menor necessidade de agrot\u00f3xicos, redu\u00e7\u00e3o de res\u00edduos na produ\u00e7\u00e3o e o uso de materiais biodegrad\u00e1veis, entre outros aspectos.<\/p>\n\n\n\n<h2 class=\"wp-block-heading\">Principais artigos da Pol\u00edtica Nacional do Meio Ambiente<\/h2>\n\n\n\n<p>Confira quais s\u00e3o os principais artigos da PNMA! \ud83d\ude42&nbsp;<\/p>\n\n\n\n<h3 class=\"wp-block-heading\">Art. 3 da Lei 6.938\/81: Defini\u00e7\u00f5es e conceitos<\/h3>\n\n\n\n<p>\u00c9 a Lei da Pol\u00edtica Nacional do Meio Ambiente que vai definir importantes conceitos do Direito Ambiental brasileiro. O artigo 3\u00ba nos traz:<\/p>\n\n\n\n<figure class=\"wp-block-pullquote classe bq-small\"><blockquote><p><strong>Art 3\u00ba <\/strong>&#8211; Para os fins previstos nesta Lei, entende-se por:<br><br>I &#8211; meio ambiente, o conjunto de condi\u00e7\u00f5es, leis, influ\u00eancias e intera\u00e7\u00f5es de ordem f\u00edsica, qu\u00edmica e biol\u00f3gica, que permite, abriga e rege a vida em todas as suas formas;<br>II &#8211; degrada\u00e7\u00e3o da qualidade ambiental, a altera\u00e7\u00e3o adversa das caracter\u00edsticas do meio ambiente;<br>III &#8211; polui\u00e7\u00e3o, a degrada\u00e7\u00e3o da qualidade ambiental resultante de atividades que direta ou indiretamente:<br><br>a) prejudiquem a sa\u00fade, a seguran\u00e7a e o bem-estar da popula\u00e7\u00e3o;<br>b) criem condi\u00e7\u00f5es adversas \u00e0s atividades sociais e econ\u00f4micas;<br>c) afetem desfavoravelmente a biota;<br>d) afetem as condi\u00e7\u00f5es est\u00e9ticas ou sanit\u00e1rias do meio ambiente;<br>e) lancem mat\u00e9rias ou energia em desacordo com os padr\u00f5es ambientais estabelecidos;<br><br>IV &#8211; poluidor, a pessoa f\u00edsica ou jur\u00eddica, de <a href=\"https:\/\/www.aurum.com.br\/blog\/direito-publico\/\">direito p\u00fablico<\/a> ou privado, respons\u00e1vel, direta ou indiretamente, por atividade causadora de degrada\u00e7\u00e3o ambiental;<br>V &#8211; recursos ambientais: a atmosfera, as \u00e1guas interiores, superficiais e subterr\u00e2neas, os estu\u00e1rios, o mar territorial, o solo, o subsolo, os elementos da biosfera, a fauna e a flora.&nbsp;&nbsp;&nbsp;<\/p><\/blockquote><\/figure>\n\n\n\n<p>Portanto, verificamos que \u00e9 na Lei da Pol\u00edtica Nacional do Meio Ambiente que ser\u00e3o encontrados os fundamentos para a caracteriza\u00e7\u00e3o de meio ambiente, degrada\u00e7\u00e3o, polui\u00e7\u00e3o, poluidor e recursos ambientais.&nbsp;<\/p>\n\n\n\n<p>Em qualquer demanda em que houver aplica\u00e7\u00e3o de tais conceitos, ser\u00e1 na Lei da Pol\u00edtica Nacional do Meio Ambiente que o profissional do direito ambiental encontrar\u00e1 seus fundamentos.<\/p>\n\n\n\n<h3 class=\"wp-block-heading\">Art. 4 e Art. 5 da Lei 6.938\/81: Objetivos e como alcan\u00e7\u00e1-los<\/h3>\n\n\n\n<p>A Lei estabelece tamb\u00e9m os objetivos da Pol\u00edtica Nacional do Meio Ambiente e como alcan\u00e7\u00e1-los. Sendo assim, n\u00f3s temos:&nbsp;<\/p>\n\n\n\n<figure class=\"wp-block-pullquote\" id=\"classe-bq-small\"><blockquote><p><strong>Art 4\u00ba<\/strong> &#8211; A Pol\u00edtica Nacional do Meio Ambiente visar\u00e1:<br><br>I &#8211; \u00e0 compatibiliza\u00e7\u00e3o do desenvolvimento econ\u00f4mico-social com a preserva\u00e7\u00e3o da qualidade do meio ambiente e do equil\u00edbrio ecol\u00f3gico;<br>II &#8211; \u00e0 defini\u00e7\u00e3o de \u00e1reas priorit\u00e1rias de a\u00e7\u00e3o governamental relativa \u00e0 qualidade e ao equil\u00edbrio ecol\u00f3gico, atendendo aos interesses da Uni\u00e3o, dos Estados, do Distrito Federal, dos Territ\u00f3rios e dos Munic\u00edpios;&nbsp;&nbsp;&nbsp;&nbsp;&nbsp;&nbsp;&nbsp;&nbsp;&nbsp;&nbsp;&nbsp;&nbsp;&nbsp;&nbsp;&nbsp;&nbsp;<br>III &#8211; ao estabelecimento de crit\u00e9rios e padr\u00f5es de qualidade ambiental e de normas relativas ao uso e manejo de recursos ambientais;<br>IV &#8211; ao desenvolvimento de pesquisas e de tecnologias nacionais orientadas para o uso racional de recursos ambientais;<br>V &#8211; \u00e0 difus\u00e3o de tecnologias de manejo do meio ambiente, \u00e0 divulga\u00e7\u00e3o de dados e informa\u00e7\u00f5es ambientais e \u00e0 forma\u00e7\u00e3o de uma consci\u00eancia p\u00fablica sobre a necessidade de preserva\u00e7\u00e3o da qualidade ambiental e do equil\u00edbrio ecol\u00f3gico;<br>VI &#8211; \u00e0 preserva\u00e7\u00e3o e restaura\u00e7\u00e3o dos recursos ambientais com vistas \u00e0 sua utiliza\u00e7\u00e3o racional e disponibilidade permanente, concorrendo para a manuten\u00e7\u00e3o do equil\u00edbrio ecol\u00f3gico prop\u00edcio \u00e0 vida;<br>VII &#8211; \u00e0 imposi\u00e7\u00e3o, ao poluidor e ao predador, da obriga\u00e7\u00e3o de recuperar e\/ou indenizar os danos causados e, ao usu\u00e1rio, da contribui\u00e7\u00e3o pela utiliza\u00e7\u00e3o de recursos ambientais com fins econ\u00f4micos.<\/p><\/blockquote><\/figure>\n\n\n\n<figure class=\"wp-block-pullquote\" id=\"classe-bq-small\"><blockquote><p><strong>Art 5\u00ba<\/strong> &#8211; As diretrizes da Pol\u00edtica Nacional do Meio Ambiente ser\u00e3o formuladas em normas e planos, destinados a orientar a a\u00e7\u00e3o dos Governos da Uni\u00e3o, dos Estados, do Distrito Federal, dos Territ\u00f3rios e dos Munic\u00edpios no que se relaciona com a preserva\u00e7\u00e3o da qualidade ambiental e manuten\u00e7\u00e3o do equil\u00edbrio ecol\u00f3gico, observados os princ\u00edpios estabelecidos no art. 2\u00ba desta Lei.<br><br>Par\u00e1grafo \u00fanico &#8211; As atividades empresariais p\u00fablicas ou privadas ser\u00e3o exercidas em conson\u00e2ncia com as diretrizes da Pol\u00edtica Nacional do Meio Ambiente.<\/p><\/blockquote><\/figure>\n\n\n\n<p>Portanto, como j\u00e1 dito, a lei estabelece os objetivos da Pol\u00edtica Nacional do Meio Ambiente e a forma como se alcan\u00e7ar tais objetivos. Ou seja, <strong>mediante normas e planos para orienta\u00e7\u00e3o do Poder P\u00fablico<\/strong>, a fim de preservar a qualidade ambiental e manter o equil\u00edbrio ecol\u00f3gico.&nbsp;<\/p>\n\n\n\n<p>Cabe destacar importante julgamento sobre esse artigo, na ADI 3.540\/DF, de relatoria do Min. Celso de Mello. \u00c9 o que vemos a seguir:<\/p>\n\n\n\n<h4 class=\"wp-block-heading\">ADI 3.540\/DF<\/h4>\n\n\n\n<p>Na a\u00e7\u00e3o se pretendeu a declara\u00e7\u00e3o de inconstitucionalidade do artigo 4\u00ba, caput e par\u00e1grafos, da Lei da Pol\u00edtica Nacional do Meio Ambiente, bem como do C\u00f3digo Florestal de 1965, com a reda\u00e7\u00e3o dada pela MP 2.166-67\/01, que permitia ao \u00f3rg\u00e3o ambiental competente autorizar supress\u00e3o de vegeta\u00e7\u00e3o de preserva\u00e7\u00e3o permanente nos casos de utilidade p\u00fablica e interesse social, mediante <a href=\"https:\/\/www.aurum.com.br\/blog\/processo-administrativo\/\">processo administrativo<\/a> pr\u00f3prio.&nbsp;<\/p>\n\n\n\n<p>No fim, a a\u00e7\u00e3o foi julgada improcedente e \u00e9 considerada um <em>Leading Case<\/em> em mat\u00e9ria ambiental. A leitura do ac\u00f3rd\u00e3o e da ementa serve de orienta\u00e7\u00e3o para que seja buscado o equil\u00edbrio entre preserva\u00e7\u00e3o e desenvolvimento sustent\u00e1vel.<\/p>\n\n\n\n<h3 class=\"wp-block-heading\">Art. 9 da Lei 6.938\/81: instrumentos da PNMA<\/h3>\n\n\n\n<p>O artigo 9\u00ba da Lei disciplina os instrumentos da Pol\u00edtica Nacional do Meio Ambiente, visando a pr\u00f3pria efetividade da norma:<\/p>\n\n\n\n<figure class=\"wp-block-pullquote\" id=\"classe-bq-small\"><blockquote><p><strong>Art 9\u00ba <\/strong>&#8211; S\u00e3o instrumentos da Pol\u00edtica Nacional do Meio Ambiente:<br><br>I &#8211; o estabelecimento de padr\u00f5es de qualidade ambiental;<br>II &#8211; o zoneamento ambiental;&nbsp;&nbsp;&nbsp;&nbsp;&nbsp;&nbsp;&nbsp;&nbsp;&nbsp;&nbsp;&nbsp;&nbsp;&nbsp;&nbsp;&nbsp;&nbsp;<br>III &#8211; a avalia\u00e7\u00e3o de impactos ambientais;<br>IV &#8211; o licenciamento e a revis\u00e3o de atividades efetiva ou potencialmente poluidoras;<br>V &#8211; os incentivos \u00e0 produ\u00e7\u00e3o e instala\u00e7\u00e3o de equipamentos e a cria\u00e7\u00e3o ou absor\u00e7\u00e3o de tecnologia, voltados para a melhoria da qualidade ambiental;<br>VI &#8211; a cria\u00e7\u00e3o de espa\u00e7os territoriais especialmente protegidos pelo Poder P\u00fablico federal, estadual e municipal, tais como \u00e1reas de prote\u00e7\u00e3o ambiental, de relevante interesse ecol\u00f3gico e reservas extrativistas;&nbsp;&nbsp;&nbsp;&nbsp;&nbsp;&nbsp;&nbsp;&nbsp;&nbsp;&nbsp;&nbsp;&nbsp;&nbsp;&nbsp;&nbsp;&nbsp;&nbsp;&nbsp; &nbsp;&nbsp; &nbsp;<br>VII &#8211; o sistema nacional de informa\u00e7\u00f5es sobre o meio ambiente;<br>VIII &#8211; o Cadastro T\u00e9cnico Federal de Atividades e Instrumentos de Defesa Ambiental;<br>IX &#8211; as penalidades disciplinares ou compensat\u00f3rias ao n\u00e3o cumprimento das medidas necess\u00e1rias \u00e0 preserva\u00e7\u00e3o ou corre\u00e7\u00e3o da degrada\u00e7\u00e3o ambiental.<br>X &#8211; a institui\u00e7\u00e3o do Relat\u00f3rio de Qualidade do Meio Ambiente, a ser divulgado anualmente pelo Instituto Brasileiro do Meio Ambiente e Recursos Naturais Renov\u00e1veis &#8211; IBAMA;&nbsp;&nbsp;&nbsp;&nbsp;&nbsp;&nbsp;&nbsp;&nbsp;&nbsp;&nbsp;&nbsp;&nbsp;&nbsp;&nbsp;&nbsp;&nbsp;&nbsp;&nbsp;&nbsp;&nbsp;<br>XI &#8211; a garantia da presta\u00e7\u00e3o de informa\u00e7\u00f5es relativas ao Meio Ambiente, obrigando-se o Poder P\u00fablico a produzi-las, quando inexistentes;&nbsp;&nbsp;&nbsp;&nbsp;&nbsp;&nbsp;&nbsp;&nbsp;&nbsp;&nbsp;&nbsp;&nbsp;&nbsp;&nbsp;&nbsp;&nbsp;&nbsp;&nbsp;&nbsp;&nbsp;&nbsp;&nbsp;&nbsp;&nbsp;&nbsp;<br>XII &#8211; o Cadastro T\u00e9cnico Federal de atividades potencialmente poluidoras e\/ou utilizadoras dos recursos ambientais.&nbsp;&nbsp;&nbsp;&nbsp;&nbsp;&nbsp;&nbsp;&nbsp;&nbsp;&nbsp;&nbsp;&nbsp;&nbsp;&nbsp;&nbsp;&nbsp;&nbsp;&nbsp; &nbsp;<br>XIII &#8211; instrumentos econ\u00f4micos, como concess\u00e3o florestal, servid\u00e3o ambiental, seguro ambiental e outros.&nbsp;&nbsp;<\/p><\/blockquote><\/figure>\n\n\n\n<p>Os instrumentos s\u00e3o os mais diversos. Desde a\u00e7\u00f5es preventivas, visando evitar o desequil\u00edbrio ambiental, at\u00e9 a\u00e7\u00f5es coibitivas de comando e controle.&nbsp;<\/p>\n\n\n\n<p>H\u00e1 tamb\u00e9m instrumentos fomentadores do desenvolvimento econ\u00f4mico com preserva\u00e7\u00e3o ambiental. Isto \u00e9, incentivos econ\u00f4micos para que empreendedores sejam desestimulados a causar danos ambientais e adotem estrat\u00e9gias menos lesivas ao meio ambiente.&nbsp;<\/p>\n\n\n\n<p>Ainda em 1981, se previu instrumentos que ao longo dos anos foram se aprimorando at\u00e9 chegarem no est\u00e1gio atual. De l\u00e1 para c\u00e1 outras normas foram editadas, em especial:<\/p>\n\n\n\n<ul class=\"wp-block-list\">\n<li>a Lei 9.433\/97 que instituiu a Pol\u00edtica Nacional de Recursos H\u00eddricos;<\/li>\n\n\n\n<li>a Lei 9.605\/1998 <a href=\"https:\/\/www.aurum.com.br\/blog\/lei-dos-crimes-ambientais\/\">Lei dos Crimes<\/a> Ambientais;<\/li>\n\n\n\n<li>Lei 9.985\/2000 que instituiu o Sistema Nacional de Unidades de Conserva\u00e7\u00e3o;<\/li>\n\n\n\n<li>a Lei 12.305\/2010 que instituiu a Pol\u00edtica Nacional de Res\u00edduos S\u00f3lidos;<\/li>\n\n\n\n<li>e a Lei 12.651\/2012, do Novo C\u00f3digo Florestal.<\/li>\n<\/ul>\n\n\n\n<p>Ainda, na Lei da Pol\u00edtica Nacional do Meio Ambiente que se reconhece a responsabilidade ambiental subdividida em tr\u00eas esferas: administrativa, penal e civil.&nbsp;<\/p>\n\n\n\n<h3 class=\"wp-block-heading\">Art. 14 da Lei 6.938\/81: responsabilidade pela repara\u00e7\u00e3o do dano ambiental<\/h3>\n\n\n\n<p>Nesse sentido, o art. 14 consagrou a responsabilidade objetiva pela repara\u00e7\u00e3o do dano ambiental. Raz\u00e3o pela qual, independentemente da exist\u00eancia de culpa, o dano dever\u00e1 ser reparado:<\/p>\n\n\n\n<figure class=\"wp-block-pullquote classe bq-small\"><blockquote><p><strong>Art. 14<\/strong> &#8211; Sem preju\u00edzo das penalidades definidas pela legisla\u00e7\u00e3o federal, estadual e municipal, o n\u00e3o cumprimento das medidas necess\u00e1rias \u00e0 preserva\u00e7\u00e3o ou corre\u00e7\u00e3o dos inconvenientes e danos causados pela degrada\u00e7\u00e3o da qualidade ambiental sujeitar\u00e1 os transgressores:<br><br>I &#8211; \u00e0 multa simples ou di\u00e1ria, nos valores correspondentes, no m\u00ednimo, a 10 (dez) e, no m\u00e1ximo, a 1.000 (mil) Obriga\u00e7\u00f5es Reajust\u00e1veis do Tesouro Nacional &#8211; ORTNs, agravada em casos de reincid\u00eancia espec\u00edfica, conforme dispuser o regulamento, vedada a sua cobran\u00e7a pela Uni\u00e3o se j\u00e1 tiver sido aplicada pelo Estado, Distrito Federal, Territ\u00f3rios ou pelos Munic\u00edpios.<br>II &#8211; \u00e0 perda ou restri\u00e7\u00e3o de incentivos e benef\u00edcios fiscais concedidos pelo Poder P\u00fablico;<br>III &#8211; \u00e0 perda ou suspens\u00e3o de participa\u00e7\u00e3o em linhas de financiamento em estabelecimentos oficiais de cr\u00e9dito;<br>IV &#8211; \u00e0 suspens\u00e3o de sua atividade.<br><br>\u00a7 1\u00ba &#8211; Sem obstar a aplica\u00e7\u00e3o das penalidades previstas neste artigo, \u00e9 o poluidor obrigado, independentemente da exist\u00eancia de culpa, a indenizar ou reparar os danos causados ao meio ambiente e a terceiros, afetados por sua atividade. O Minist\u00e9rio P\u00fablico da Uni\u00e3o e dos Estados ter\u00e1 legitimidade para propor a\u00e7\u00e3o de <a href=\"https:\/\/www.aurum.com.br\/blog\/responsabilidade-civil-ambiental\/\">responsabilidade civil<\/a> e criminal, por danos causados ao meio ambiente.<\/p><\/blockquote><\/figure>\n\n\n\n<p>Nesse sentido, todos que direta ou indiretamente tiverem rela\u00e7\u00e3o com o dano ambiental, s\u00e3o considerados poluidores, nos termos do artigo 3\u00ba, IV, da Lei 6.938\/81, consagrando a responsabilidade solid\u00e1ria para a recupera\u00e7\u00e3o do meio ambiente:<\/p>\n\n\n\n<blockquote class=\"wp-block-quote is-layout-flow wp-block-quote-is-layout-flow\">\n<p><em>IV &#8211; poluidor, a pessoa f\u00edsica ou jur\u00eddica, de direito p\u00fablico ou privado, respons\u00e1vel, direta ou indiretamente, por atividade causadora de degrada\u00e7\u00e3o ambiental;\u201d<\/em><\/p>\n<\/blockquote>\n\n\n\n<h2 class=\"wp-block-heading\">O que \u00e9 o SISNAMA?<\/h2>\n\n\n\n<p>A Lei da Pol\u00edtica Nacional do Meio Ambiente criou o Sistema Nacional do Meio Ambiente, instituindo o arcabou\u00e7o legal para a <a href=\"https:\/\/www.aurum.com.br\/blog\/glossario-juridico\/crime-contra-a-administracao-publica\/\">Administra\u00e7\u00e3o P\u00fablica<\/a> estruturar os mecanismos para controle do meio ambiente.&nbsp;<\/p>\n\n\n\n<p>Prev\u00ea o artigo 6\u00ba da Lei:<\/p>\n\n\n\n<figure class=\"wp-block-pullquote classe bq-small\"><blockquote><p><strong>Art 6\u00ba<\/strong> &#8211; Os \u00f3rg\u00e3os e entidades da Uni\u00e3o, dos Estados, do Distrito Federal, dos Territ\u00f3rios e dos Munic\u00edpios, bem como as funda\u00e7\u00f5es institu\u00eddas pelo Poder P\u00fablico, respons\u00e1veis pela prote\u00e7\u00e3o e melhoria da qualidade ambiental, constituir\u00e3o o Sistema Nacional do Meio Ambiente &#8211; SISNAMA, assim estruturado:<br><br>I &#8211; \u00f3rg\u00e3o superior: o Conselho de Governo, com a fun\u00e7\u00e3o de assessorar o Presidente da Rep\u00fablica na formula\u00e7\u00e3o da pol\u00edtica nacional e nas diretrizes governamentais para o meio ambiente e os recursos ambientais;&nbsp;&nbsp;&nbsp;&nbsp;&nbsp;&nbsp;&nbsp;&nbsp;&nbsp;&nbsp;&nbsp;&nbsp;&nbsp;&nbsp;&nbsp;&nbsp;&nbsp;&nbsp;&nbsp;<br>II &#8211; \u00f3rg\u00e3o consultivo e deliberativo: o Conselho Nacional do Meio Ambiente (CONAMA), com a finalidade de assessorar, estudar e propor ao Conselho de Governo, diretrizes de pol\u00edticas governamentais para o meio ambiente e os recursos naturais e deliberar, no \u00e2mbito de sua compet\u00eancia, sobre normas e padr\u00f5es compat\u00edveis com o meio ambiente ecologicamente equilibrado e essencial \u00e0 sadia qualidade de vida;&nbsp;&nbsp;&nbsp;&nbsp;&nbsp;&nbsp;&nbsp;&nbsp;&nbsp;&nbsp;&nbsp;&nbsp;&nbsp;&nbsp;&nbsp;&nbsp;<br>III &#8211; \u00f3rg\u00e3o central: a Secretaria do Meio Ambiente da Presid\u00eancia da Rep\u00fablica, com a finalidade de planejar, coordenar, supervisionar e controlar, como \u00f3rg\u00e3o federal, a pol\u00edtica nacional e as diretrizes governamentais fixadas para o meio ambiente;&nbsp;&nbsp;&nbsp;&nbsp;&nbsp;&nbsp;&nbsp;&nbsp;&nbsp;&nbsp;&nbsp;&nbsp;&nbsp;&nbsp;&nbsp;&nbsp;&nbsp;&nbsp;&nbsp;&nbsp;&nbsp;<br>IV &#8211; \u00f3rg\u00e3os executores: o Instituto Brasileiro do Meio Ambiente e dos Recursos Naturais Renov\u00e1veis &#8211; IBAMA e o Instituto Chico Mendes de Conserva\u00e7\u00e3o da Biodiversidade &#8211; Instituto Chico Mendes, com a finalidade de executar e fazer executar a pol\u00edtica e as diretrizes governamentais fixadas para o meio ambiente, de acordo com as respectivas compet\u00eancias;&nbsp;&nbsp;&nbsp;&nbsp;&nbsp;&nbsp;&nbsp;&nbsp;&nbsp;&nbsp;&nbsp;&nbsp;&nbsp;&nbsp;&nbsp;&nbsp;&nbsp;&nbsp;&nbsp;&nbsp;&nbsp;&nbsp;&nbsp;&nbsp;&nbsp;&nbsp;&nbsp;&nbsp;<br>V &#8211; \u00d3rg\u00e3os Seccionais: os \u00f3rg\u00e3os ou entidades estaduais respons\u00e1veis pela execu\u00e7\u00e3o de programas, projetos e pelo controle e fiscaliza\u00e7\u00e3o de atividades capazes de provocar a degrada\u00e7\u00e3o ambiental;&nbsp;&nbsp;&nbsp;&nbsp;&nbsp;&nbsp;&nbsp;&nbsp;&nbsp;&nbsp;&nbsp;&nbsp;&nbsp;&nbsp;&nbsp;&nbsp;&nbsp;&nbsp;&nbsp;&nbsp;&nbsp;&nbsp;&nbsp;<br>VI &#8211; \u00d3rg\u00e3os Locais: os \u00f3rg\u00e3os ou entidades municipais, respons\u00e1veis pelo controle e fiscaliza\u00e7\u00e3o dessas atividades, nas suas respectivas jurisdi\u00e7\u00f5es;&nbsp;&nbsp;&nbsp;&nbsp;&nbsp;&nbsp;&nbsp;&nbsp;&nbsp;&nbsp;&nbsp;&nbsp;&nbsp;&nbsp;&nbsp;&nbsp;&nbsp;&nbsp;&nbsp;&nbsp;&nbsp;&nbsp;&nbsp;&nbsp;&nbsp;&nbsp;&nbsp;&nbsp;&nbsp;&nbsp;&nbsp;&nbsp;&nbsp;<br><br>\u00a7 1\u00ba &#8211; Os Estados, na esfera de suas compet\u00eancias e nas \u00e1reas de sua jurisdi\u00e7\u00e3o, elaborar\u00e3o normas supletivas e complementares e padr\u00f5es relacionados com o meio ambiente, observados os que forem estabelecidos pelo CONAMA.<br>\u00a7 2\u00ba Os Munic\u00edpios, observadas as normas e os padr\u00f5es federais e estaduais, tamb\u00e9m poder\u00e3o elaborar as normas mencionadas no par\u00e1grafo anterior.<br>\u00a7 3\u00ba Os \u00f3rg\u00e3os central, setoriais, seccionais e locais mencionados neste artigo dever\u00e3o fornecer os resultados das an\u00e1lises efetuadas e sua fundamenta\u00e7\u00e3o, quando solicitados por pessoa legitimamente interessada.<br>\u00a7 4\u00ba De acordo com a legisla\u00e7\u00e3o em vigor, \u00e9 o Poder Executivo autorizado a criar uma Funda\u00e7\u00e3o de apoio t\u00e9cnico cient\u00edfico \u00e0s atividades do IBAMA.&nbsp;<\/p><\/blockquote><\/figure>\n\n\n\n<p>Ainda, a lei definiu a hierarquia dos \u00f3rg\u00e3os com as respectivas compet\u00eancias. A partir da\u00ed os Estados e Munic\u00edpios poderiam criar as suas respectivas estruturas estaduais e locais.&nbsp;<\/p>\n\n\n\n<p>Portanto, o SISNAMA est\u00e1 estruturado dessa forma:&nbsp;<\/p>\n\n\n\n<ol class=\"wp-block-list\">\n<li>\u00f3rg\u00e3o superior: o Conselho de Governo;&nbsp;<\/li>\n\n\n\n<li>\u00f3rg\u00e3o consultivo e deliberativo: o Conselho Nacional do Meio Ambiente (CONAMA);&nbsp;<\/li>\n\n\n\n<li>\u00f3rg\u00e3o central: a Secretaria do Meio Ambiente da Presid\u00eancia da Rep\u00fablica (hoje Minist\u00e9rio do Meio Ambiente);&nbsp;<\/li>\n\n\n\n<li>\u00f3rg\u00e3os executores: o Instituto Brasileiro do Meio Ambiente e dos Recursos Naturais Renov\u00e1veis \u2013 IBAMA e o Instituto Chico Mendes de Conserva\u00e7\u00e3o da Biodiversidade \u2013 ICMBio;&nbsp;<\/li>\n\n\n\n<li>\u00f3rg\u00e3os seccionais: os \u00f3rg\u00e3os ou entidades estaduais de meio ambiente;&nbsp;<\/li>\n\n\n\n<li>\u00f3rg\u00e3os locais: os \u00f3rg\u00e3os ou entidades ambientais municipais.&nbsp;<\/li>\n<\/ol>\n\n\n\n<p>Essa estrutura n\u00e3o impediu os in\u00fameros conflitos que compet\u00eancias. Isso somente foi aprimorado com a LC 140\/11, que tentou sanar as controv\u00e9rsias e estabelecer uma coopera\u00e7\u00e3o entre os diversos entes de ambientais.&nbsp;<\/p>\n\n\n\n<h2 class=\"wp-block-heading\">O que \u00e9 o CONAMA?<\/h2>\n\n\n\n<p>Por sua vez, o CONAMA \u2013 Conselho Nacional do Meio Ambiente, possui a seguinte compet\u00eancia:<\/p>\n\n\n\n<figure class=\"wp-block-pullquote classe bq-small\"><blockquote><p><strong>Art. 8\u00ba <\/strong>Compete ao CONAMA:&nbsp;&nbsp;&nbsp;&nbsp;&nbsp;&nbsp;&nbsp;&nbsp;&nbsp;&nbsp;&nbsp;&nbsp;&nbsp;&nbsp;&nbsp;&nbsp;&nbsp;&nbsp;&nbsp;&nbsp;&nbsp;&nbsp;&nbsp;&nbsp;&nbsp;&nbsp;<br><br>I &#8211; estabelecer, mediante proposta do&nbsp;IBAMA, normas e crit\u00e9rios para o licenciamento de atividades efetiva ou potencialmente polu\u00eddoras, a ser concedido pelos Estados e supervisionado pelo IBAMA;&nbsp;&nbsp;&nbsp;&nbsp;&nbsp;&nbsp;&nbsp;&nbsp;&nbsp;&nbsp;&nbsp;&nbsp;&nbsp;&nbsp;&nbsp;&nbsp;&nbsp;&nbsp;&nbsp;&nbsp;&nbsp;<br>II &#8211; determinar, quando julgar necess\u00e1rio, a realiza\u00e7\u00e3o de estudos das alternativas e das poss\u00edveis conseq\u00fc\u00eancias ambientais de projetos p\u00fablicos ou privados, requisitando aos \u00f3rg\u00e3os federais, estaduais e municipais, bem assim a entidades privadas, as informa\u00e7\u00f5es indispens\u00e1veis para aprecia\u00e7\u00e3o dos estudos de impacto ambiental, e respectivos relat\u00f3rios, no caso de obras ou atividades de significativa degrada\u00e7\u00e3o ambiental, especialmente nas \u00e1reas consideradas patrim\u00f4nio nacional.&nbsp;&nbsp;&nbsp;&nbsp;&nbsp;&nbsp;&nbsp;&nbsp;&nbsp;&nbsp;&nbsp;&nbsp;&nbsp;<br>III &#8211; (Revogado). &nbsp;&nbsp;&nbsp;&nbsp;<br>IV &#8211; homologar acordos visando \u00e0 transforma\u00e7\u00e3o de penalidades pecuni\u00e1rias na obriga\u00e7\u00e3o de executar medidas de interesse para a prote\u00e7\u00e3o ambiental;&nbsp;<br>V &#8211; determinar, mediante representa\u00e7\u00e3o do IBAMA, a perda ou restri\u00e7\u00e3o de benef\u00edcios fiscais concedidos pelo Poder P\u00fablico, em car\u00e1ter geral ou condicional, e a perda ou suspens\u00e3o de participa\u00e7\u00e3o em linhas de financiamento em estabelecimentos oficiais de cr\u00e9dito;&nbsp;&nbsp;&nbsp;&nbsp;&nbsp;&nbsp;&nbsp;&nbsp;&nbsp;&nbsp;&nbsp;&nbsp;&nbsp;&nbsp;&nbsp;&nbsp;&nbsp;&nbsp;&nbsp;&nbsp;<br>VI &#8211; estabelecer, privativamente, normas e padr\u00f5es nacionais de controle da polui\u00e7\u00e3o por ve\u00edculos automotores, aeronaves e embarca\u00e7\u00f5es, mediante audi\u00eancia dos Minist\u00e9rios competentes;<br>VII &#8211; estabelecer normas, crit\u00e9rios e padr\u00f5es relativos ao controle e \u00e0 manuten\u00e7\u00e3o da qualidade do meio ambiente com vistas ao uso racional dos recursos ambientais, principalmente os h\u00eddricos.<br><br>Par\u00e1grafo \u00fanico. O Secret\u00e1rio do Meio Ambiente \u00e9, sem preju\u00edzo de suas fun\u00e7\u00f5es, o Presidente do Conama.&nbsp;<\/p><\/blockquote><\/figure>\n\n\n\n<p>O CONAMA \u00e9 um \u00f3rg\u00e3o de grande import\u00e2ncia no sistema ambiental brasileiro. \u00c9 dele a compet\u00eancia para <strong>estabelecer crit\u00e9rios e par\u00e2metros t\u00e9cnicos em mat\u00e9ria ambiental<\/strong>, e editar resolu\u00e7\u00f5es e atos que devem ser observados no territ\u00f3rio nacional.&nbsp;<\/p>\n\n\n\n<p>No <a href=\"https:\/\/conama.mma.gov.br\/\" target=\"_blank\" rel=\"noopener\">site do CONAMA<\/a> \u00e9 poss\u00edvel consultar os in\u00fameros atos normativos editados e as mat\u00e9rias em discuss\u00e3o. Eles s\u00e3o compostos por c\u00e2maras t\u00e9cnicas e grupos de trabalho, cujas reuni\u00f5es s\u00e3o realizadas ordinariamente em Bras\u00edlia.&nbsp;<\/p>\n\n\n\n<h2 class=\"wp-block-heading\">Conclus\u00e3o&nbsp;<\/h2>\n\n\n\n<p>Como j\u00e1 observado, a Pol\u00edtica Nacional do Meio Ambiente, estabelecida pela Lei 6.938\/81, representa um instrumento crucial na busca pelo equil\u00edbrio ambiental e na preserva\u00e7\u00e3o da biodiversidade brasileira. Isso porque o meio ambiente \u00e9 um recurso de valor tanto nacional quanto internacional, cuja import\u00e2ncia neste momento hist\u00f3rico n\u00e3o pode ser desperdi\u00e7ada pelo Brasil.&nbsp;<\/p>\n\n\n\n<p>\u00c9 essencial encontrar uma compatibilidade entre o crescimento econ\u00f4mico, o bem-estar social, os altos n\u00edveis de desenvolvimento humano e a infraestrutura adequada para enfrentar os desafios dos pr\u00f3ximos s\u00e9culos, ao mesmo tempo em que se promove a preserva\u00e7\u00e3o ambiental. A Pol\u00edtica Nacional do Meio Ambiente fornecer\u00e1 as diretrizes para alcan\u00e7ar esse objetivo.<\/p>\n\n\n\n<p>O Brasil \u00e9 um pa\u00eds de dimens\u00f5es continentais, composto por 27 unidades da Federa\u00e7\u00e3o e abriga seis tipos distintos de biomas: Amaz\u00f4nia, Mata Atl\u00e2ntica, Cerrado, Caatinga, Pampa e Pantanal. Cada um desses biomas apresenta suas pr\u00f3prias peculiaridades, o que demanda uma abordagem t\u00e9cnica espec\u00edfica. Nesse sentido, o desafio de consolidar uma pol\u00edtica nacional unificada \u00e9 ainda maior.<\/p>\n\n\n\n<p>A vastid\u00e3o do territ\u00f3rio brasileiro se reflete nos desafios enfrentados para implementar uma pol\u00edtica nacional eficaz de meio ambiente. Isso inclui a aloca\u00e7\u00e3o de recursos humanos e financeiros para combater as atividades ilegais, especialmente na Amaz\u00f4nia, onde quest\u00f5es como acesso aos locais e aus\u00eancia de regulariza\u00e7\u00e3o fundi\u00e1ria ampliam as dificuldades, inclusive diante da presen\u00e7a do <a href=\"https:\/\/www.aurum.com.br\/blog\/glossario-juridico\/crime-organizado\/\">crime organizado<\/a>.<\/p>\n\n\n\n<p>O desmatamento ilegal, as queimadas, a polui\u00e7\u00e3o, a falta de fiscaliza\u00e7\u00e3o e a fragilidade institucional s\u00e3o problemas conhecidos que impedem o estabelecimento de uma pol\u00edtica ambiental s\u00e9ria e equilibrada. Enfrentar esses desafios requer um compromisso s\u00e9rio entre a sociedade civil, o governo e os setores p\u00fablico e privado.<\/p>\n\n\n\n<h3 class=\"wp-block-heading\">Mais conhecimentos para voc\u00ea<\/h3>\n\n\n\n<p>Se voc\u00ea gostou deste texto e deseja seguir a leitura em temas sobre direito e advocacia, vale a pena conferir os seguintes materiais:&nbsp;&nbsp;<\/p>\n\n\n\n<ul class=\"wp-block-list\">\n<li><a href=\"https:\/\/www.aurum.com.br\/blog\/direito-potestativo\/\">Direito Potestativo<\/a>: entenda a diferen\u00e7a do direito subjetivo<\/li>\n\n\n\n<li><a href=\"https:\/\/www.aurum.com.br\/blog\/extincao-da-punibilidade\/\">Extin\u00e7\u00e3o da Punibilidade<\/a>: conhe\u00e7a as hip\u00f3teses&nbsp;<\/li>\n\n\n\n<li>Conhe\u00e7a o que s\u00e3o&nbsp;<a href=\"https:\/\/www.aurum.com.br\/blog\/direitos-da-mulher\/\">direitos da mulher<\/a>&nbsp;<\/li>\n\n\n\n<li><a href=\"https:\/\/www.aurum.com.br\/blog\/prisao-preventiva\/\">Art 312 do CPP comentado: o que \u00e9 pris\u00e3o preventiva<\/a><\/li>\n\n\n\n<li><a href=\"https:\/\/www.aurum.com.br\/blog\/quota-litis\/\">Cl\u00e1usula quota litis<\/a>: Saiba o que \u00e9 e como usar<\/li>\n\n\n\n<li><a href=\"https:\/\/www.aurum.com.br\/blog\/nome-social\/\">Nome social<\/a>: aspectos legais <\/li>\n\n\n\n<li><a href=\"https:\/\/www.aurum.com.br\/blog\/receptacao-culposa\/\">Recepta\u00e7\u00e3o culposa: Entenda como ocorre<\/a><\/li>\n\n\n\n<li><a href=\"https:\/\/www.aurum.com.br\/blog\/acao-civil-publica\/\">A\u00e7\u00e3o Civil P\u00fablica: que \u00e9, tipos e requisitos<\/a><\/li>\n\n\n\n<li>Gloss\u00e1rio Jur\u00eddico:&nbsp;<a href=\"https:\/\/www.aurum.com.br\/blog\/glossario-juridico\/admissibilidade\/\">O que \u00e9 \u201cAdmissibilidade?\u201d<\/a><\/li>\n\n\n\n<li>Gloss\u00e1rio Jur\u00eddico:&nbsp;<a href=\"https:\/\/www.aurum.com.br\/blog\/glossario-juridico\/busca-domiciliar\/\">O que \u00e9 \u201cBusca domiciliar?\u201d<\/a><\/li>\n\n\n\n<li>Gloss\u00e1rio Jur\u00eddico:&nbsp;<a href=\"https:\/\/www.aurum.com.br\/blog\/glossario-juridico\/res-judicata\/\">O que \u00e9 \u201cRes judicata?\u201d<\/a><\/li>\n\n\n\n<li><a href=\"https:\/\/www.aurum.com.br\/blog\/funcao-social-da-empresa\/\" data-type=\"URL\" data-id=\"https:\/\/www.aurum.com.br\/blog\/funcao-social-da-empresa\/\">Fun\u00e7\u00e3o social da empresa: seus princ\u00edpios, pr\u00e1ticas e exemplos<\/a><\/li>\n\n\n\n<li><a href=\"https:\/\/www.aurum.com.br\/blog\/arbitragem-internacional\/\" data-type=\"URL\" data-id=\"https:\/\/www.aurum.com.br\/blog\/arbitragem-internacional\/\">O que \u00e9 Arbitragem Internacional, para que serve e exemplos<\/a><\/li>\n<\/ul>\n\n\n<style>\r\n  .news-post {\r\n    background: url('https:\/\/www.aurum.com.br\/blog\/wp-content\/themes\/aurum\/img\/bg-news-artigo.svg') no-repeat top center #3C48AA;\r\n    padding: 1.5rem;\r\n    border-radius: 6px;\r\n    margin: 1rem 0;\r\n  }\r\n  .news-post .icone {\r\n    display: none;\r\n  }\r\n  .news-post .title {\r\n    font-weight: 700;\r\n    font-size: 16px;\r\n    line-height: 130%;\r\n    text-align: center;\r\n    letter-spacing: -0.5px;\r\n    color: #fff;\r\n    margin-bottom: .9375rem;\r\n  }\r\n  .news-post p {\r\n    font-size: .875rem;\r\n    line-height: 140%;\r\n    text-align: center;\r\n    color: #fff;\r\n    margin-bottom: 1.25rem;\r\n  }\r\n  .news-post .news_button_span {\r\n    font-size: .8125rem;\r\n    display: block;\r\n    padding: .125rem .3125rem;\r\n    color: #fff;\r\n    text-align:left;\r\n  }\r\n  .news-post .news_button_span a {\r\n    color: #fff !important;\r\n    text-decoration: underline;\r\n  }\r\n  .news-post form {\r\n    width: 100%;\r\n  }\r\n  .news-post label {\r\n    font-weight: 600;\r\n    font-size: .9375rem;\r\n    line-height: 1.5rem;\r\n    margin-bottom: .5rem;\r\n    color: #fff;\r\n    display: block;\r\n  }\r\n  .news-post input {\r\n    background: #fff;\r\n    border: 1px solid #CBCBD9;\r\n    box-sizing: border-box;\r\n    border-radius: 4px;\r\n    padding: .75rem 1rem;\r\n    width: 100%;\r\n  }\r\n  .news-post button {\r\n    margin-top: .875rem;\r\n    width: 100%;\r\n    min-width: auto;\r\n    background: #FCC632;\r\n    color: #3C48AA;\r\n  }\r\n  .news-post .input {\r\n    position: relative;\r\n    padding-bottom: 10px;\r\n  }\r\n  .news-post .error-message-ad {\r\n    font-size: .875rem;\r\n    line-height: 130%;\r\n    color: #D50021;\r\n    margin-left: 4px;\r\n  }\r\n  .news-post .error {\r\n    border: 1px solid #D50021;\r\n  }\r\n  .news-post #message-form-ad {\r\n    border-radius: 4px;\r\n    padding: 0.7rem;\r\n    font-size:0.8rem;\r\n    text-align: center;\r\n    align-items: center;\r\n    justify-content: center;\r\n    display: none;\r\n  }\r\n  .news-post #message-form-ad svg {\r\n    margin-right: 8px;\r\n  }\r\n\r\n  @media(min-width: 561px) {\r\n    .news-post {\r\n      position: relative;\r\n      background: url('https:\/\/www.aurum.com.br\/blog\/wp-content\/themes\/aurum\/img\/bg-news-artigo.svg') no-repeat top center #3C48AA;\r\n      width: calc(100% - 30px);\r\n    }\r\n    .news-post .icone {\r\n      display: block;\r\n      position: absolute;\r\n      right: -30px;\r\n      top: 65px;\r\n      max-width: 142px;\r\n      width: 100%;\r\n      height: auto;\r\n      margin: 0;\r\n    }\r\n    .news-post .title {\r\n      font-size: 1.125rem;\r\n      text-align: left;\r\n      \/* padding-right: 3.75rem; *\/\r\n    }\r\n    .news-post p {\r\n      font-size: 1rem;\r\n      text-align: left;\r\n      max-width: 400px;\r\n    }\r\n    .news-post .boxes {\r\n      display: flex;\r\n      align-items: flex-start;\r\n    }\r\n    .news-post button {\r\n      margin: 0 0 0 1rem;\r\n      width: 100%;\r\n      max-width: 170px;\r\n      min-width: auto;\r\n      transition: all ease .3s\r\n    }\r\n    .news-post button:hover {\r\n      opacity: 0.9;\r\n      transition: all ease .3s\r\n    }\r\n    .news-post #message-form-ad {\r\n      padding: 1.125rem;\r\n      font-size:1rem;\r\n    }\r\n    .news-post #message-form-ad svg {\r\n      margin-right: 10px;\r\n    }\r\n  }\r\n<\/style>\r\n\r\n<div class=\"news-post\">\r\n  <div class=\"title news-ad-title\">Gostou do artigo e quer evoluir a sua advocacia?<\/div>\r\n  <p class=\"news-ad-subtitle\">Assine gr\u00e1tis a Aurum News e receba uma dose semanal de conte\u00fado no seu e-mail! \u270c\ufe0f<\/p>\r\n  <img decoding=\"async\" src=\"https:\/\/www.aurum.com.br\/blog\/wp-content\/themes\/aurum\/img\/icon-news-artigo.svg\" alt=\"\" class=\"icone\">\r\n\r\n  <form method=\"post\" name=\"newsletter-ad\" id=\"aurum-newsletter-ad\">\r\n    <div class=boxes>\r\n      <div class=\"input\">\r\n        <label class=\"label-email\" htmlFor=\"email-ad\">Qual seu e-mail?<\/label>\r\n        <input type=\"email\" id=\"email-ad\" name=\"newsletter-mail-ad\" placeholder=\"Digite seu e-mail?\">\r\n        <div class=\"error-message-ad-email\">Endere\u00e7o de e-mail inv\u00e1lido ou incorreto<\/div>\r\n\r\n        <label class=\"label-select\" htmlFor=\"lawsuits-select-ad\">\r\n          Quantos processos voc\u00ea ou<br class=\"for-desktop\"\/> seu escrit\u00f3rio acompanham?\r\n        <\/label>\r\n        <div id=\"lawsuits-select-ad\" class=\"lawsuits-select select-wrapper\" tabindex=\"0\">\r\n          <div class=\"s-dropdown--styled\">\r\n          <span class=\"lawsuits-default\">\r\n            <span id=\"lawsuits-newsletter-ad\" class=\"lawsuits-default-text\" data-value=\"\">Selecione os processos<\/span>\r\n            <svg class=\"chevron\" xmlns=\"http:\/\/www.w3.org\/2000\/svg\" width=\"24\" height=\"25\" viewBox=\"0 0 24 25\" fill=\"none\">\r\n              <path d=\"M6 15.6152L12 9.61523L18 15.6152\" stroke=\"black\" stroke-width=\"2\" stroke-linecap=\"round\" stroke-linejoin=\"round\" \/>\r\n            <\/svg>\r\n          <\/span>\r\n\r\n          <ul class=\"s-dropdown u-hide\">\r\n            <li class=\"lawsuits\" data-value=\"Mais de 1000 processos\">Mais de 1000 processos<\/li>\r\n            <li class=\"lawsuits\" data-value=\"De 501 a 1000 processos\">De 501 a 1000 processos<\/li>\r\n            <li class=\"lawsuits\" data-value=\"De 151 a 500 processos\">De 151 a 500 processos<\/li>\r\n            <li class=\"lawsuits\" data-value=\"De 41 a 150 processos\">De 41 a 150 processos<\/li>\r\n            <li class=\"lawsuits\" data-value=\"At\u00e9 40 processos\">At\u00e9 40 processos<\/li>\r\n            <li class=\"lawsuits\" data-value=\"Atuo apenas no consultivo\">Atuo apenas no consultivo<\/li>\r\n            <li class=\"lawsuits\" data-value=\"Ainda sou estudante de direito\">Ainda sou estudante de direito<\/li>\r\n            <li class=\"lawsuits\" data-value=\"N\u00e3o sou da \u00e1rea jur\u00eddica\">N\u00e3o sou da \u00e1rea jur\u00eddica<\/li>\r\n          <\/ul>\r\n          <\/div>\r\n        <\/div>\r\n        <div class=\"error-message-ad-lawsuits\">Selecione algum processo<\/div>\r\n      <\/div>\r\n      <button class=\"btn btn-yellow ad-btn-desktop\" id=\"aurum-submit-ad\">Assinar gr\u00e1tis<\/button>\r\n      <button class=\"btn btn-yellow ad-btn-mobile\" id=\"aurum-submit-ad\">Assinar<\/button>\r\n    <\/div>\r\n    <span class=\"news_button_span\">Ao se cadastrar voc\u00ea declara que leu e aceitou a pol\u00edtica de privacidade e cookies do <a href=\"https:\/\/s3.sa-east-1.amazonaws.com\/publico.aurum.com.br\/contratos\/politica-de-privacidade.pdf\" target=\"_blank\" rel=\"noopener noreferrer\">site<\/a>.<\/span>\r\n  <\/form>\r\n  <div id=\"message-form-ad\"><\/div>\r\n<\/div>","protected":false},"excerpt":{"rendered":"<p>A Pol\u00edtica Nacional do Meio Ambiente (PNMA) \u00e9 um conjunto de diretrizes, princ\u00edpios e instrumentos estabelecidos pela Lei n\u00ba 6.938\/81 no Brasil, visando a preserva\u00e7\u00e3o, conserva\u00e7\u00e3o e uso sustent\u00e1vel dos recursos naturais, al\u00e9m do controle e fiscaliza\u00e7\u00e3o das atividades potencialmente poluidoras. Para o advogado ambientalista, o conhecimento da PNMA e da respectiva lei \u00e9 fundamental [&hellip;]<\/p>\n","protected":false},"author":87,"featured_media":26915,"comment_status":"open","ping_status":"open","sticky":false,"template":"","format":"standard","meta":{"_bbp_topic_count":0,"_bbp_reply_count":0,"_bbp_total_topic_count":0,"_bbp_total_reply_count":0,"_bbp_voice_count":0,"_bbp_anonymous_reply_count":0,"_bbp_topic_count_hidden":0,"_bbp_reply_count_hidden":0,"_bbp_forum_subforum_count":0,"inline_featured_image":false,"footnotes":""},"categories":[18],"tags":[],"class_list":["post-26914","post","type-post","status-publish","format-standard","has-post-thumbnail","hentry","category-direito-ambiental"],"acf":[],"_links":{"self":[{"href":"https:\/\/www.aurum.com.br\/blog\/wp-json\/wp\/v2\/posts\/26914","targetHints":{"allow":["GET"]}}],"collection":[{"href":"https:\/\/www.aurum.com.br\/blog\/wp-json\/wp\/v2\/posts"}],"about":[{"href":"https:\/\/www.aurum.com.br\/blog\/wp-json\/wp\/v2\/types\/post"}],"author":[{"embeddable":true,"href":"https:\/\/www.aurum.com.br\/blog\/wp-json\/wp\/v2\/users\/87"}],"replies":[{"embeddable":true,"href":"https:\/\/www.aurum.com.br\/blog\/wp-json\/wp\/v2\/comments?post=26914"}],"version-history":[{"count":5,"href":"https:\/\/www.aurum.com.br\/blog\/wp-json\/wp\/v2\/posts\/26914\/revisions"}],"predecessor-version":[{"id":27013,"href":"https:\/\/www.aurum.com.br\/blog\/wp-json\/wp\/v2\/posts\/26914\/revisions\/27013"}],"wp:featuredmedia":[{"embeddable":true,"href":"https:\/\/www.aurum.com.br\/blog\/wp-json\/wp\/v2\/media\/26915"}],"wp:attachment":[{"href":"https:\/\/www.aurum.com.br\/blog\/wp-json\/wp\/v2\/media?parent=26914"}],"wp:term":[{"taxonomy":"category","embeddable":true,"href":"https:\/\/www.aurum.com.br\/blog\/wp-json\/wp\/v2\/categories?post=26914"},{"taxonomy":"post_tag","embeddable":true,"href":"https:\/\/www.aurum.com.br\/blog\/wp-json\/wp\/v2\/tags?post=26914"}],"curies":[{"name":"wp","href":"https:\/\/api.w.org\/{rel}","templated":true}]}}