{"id":26545,"date":"2024-01-29T19:09:04","date_gmt":"2024-01-29T22:09:04","guid":{"rendered":"https:\/\/www.aurum.com.br\/blog\/?p=26545"},"modified":"2024-07-25T10:59:49","modified_gmt":"2024-07-25T13:59:49","slug":"distribuicao-de-processos","status":"publish","type":"post","link":"https:\/\/www.aurum.com.br\/blog\/distribuicao-de-processos\/","title":{"rendered":"Entenda como funciona a distribui\u00e7\u00e3o de processos"},"content":{"rendered":"<div id=\"bsf_rt_marker\"><\/div>\n<pre class=\"wp-block-preformatted\">A <strong>distribui\u00e7\u00e3o de processos<\/strong>, tamb\u00e9m conhecida como distribui\u00e7\u00e3o de casos ou distribui\u00e7\u00e3o de tarefas, ocorre por meio do protocolo no sistema informatizado do Poder Judici\u00e1rio.<\/pre>\n\n\n\n<p>O processo judicial tem in\u00edcio com a distribui\u00e7\u00e3o, realizada por meio do protocolo no sistema informatizado do Poder Judici\u00e1rio. Ap\u00f3s ser submetido ao juiz de direito, o processo ganha vida processual com o primeiro despacho judicial, constituindo a primeira marcha processual.<\/p>\n\n\n\n<p>A distribui\u00e7\u00e3o de processos \u00e9 um tema de grande relev\u00e2ncia na vida dos profissionais do Direito, isso porque <strong>todo e qualquer processo passa pela distribui\u00e7\u00e3o<\/strong>, sendo que a distribui\u00e7\u00e3o vincula o processo mesmo antes dele existir.<\/p>\n\n\n\n<p>Vamos imaginar a seguinte situa\u00e7\u00e3o: um advogado pretende iniciar o processo do seu cliente e, para isso, ele realiza a distribui\u00e7\u00e3o em uma jurisdi\u00e7\u00e3o diversa daquela que deve receber, processar e julgar o processo.&nbsp;<\/p>\n\n\n\n<p>Em algumas situa\u00e7\u00f5es, o processo pode ser remetido de uma jurisdi\u00e7\u00e3o para outra competente para o processamento e julgamento. No entanto, na maioria das vezes, o processo n\u00e3o \u00e9 remetido, sendo extinto sem resolu\u00e7\u00e3o do m\u00e9rito com base no art. 487 do C\u00f3digo de Processo Civil. O advogado deve, ent\u00e3o, proceder com a distribui\u00e7\u00e3o do processo em outra jurisdi\u00e7\u00e3o.<\/p>\n\n\n\n<p>Caso sejam realizadas tr\u00eas distribui\u00e7\u00f5es, considerando-se a abono do processo ou, em alguns casos, a extin\u00e7\u00e3o do processo ou algum v\u00edcio processual, ser\u00e1 reconhecida a peremp\u00e7\u00e3o com base no art. 486, \u00a73\u00ba, do CPC, que nada mais \u00e9 do que a perda do direito de a\u00e7\u00e3o.<\/p>\n\n\n\n<p>Por esses e outros motivos, o tema em quest\u00e3o \u00e9 t\u00e3o relevante. Continue a leitura para saber mais sobre como funciona a distribui\u00e7\u00e3o de processos!<\/p>\n\n\n\n<h2 class=\"wp-block-heading\">O que \u00e9 a distribui\u00e7\u00e3o de processos?<\/h2>\n\n\n\n<p>\u00c9 o <strong>ato pelo qual se realiza o protocolo da peti\u00e7\u00e3o inicial e dos documentos necess\u00e1rios<\/strong>, sendo selecionados no mesmo ato qual a comarca, vara e juiz competente para o processamento e julgamento do processo.<\/p>\n\n\n\n<p>\u00c9 importante mencionar que a distribui\u00e7\u00e3o n\u00e3o ocorre apenas em rela\u00e7\u00e3o a peti\u00e7\u00e3o inicial e os documentos necess\u00e1rios que d\u00e3o in\u00edcio a um processo, mas tamb\u00e9m aos recursos e processos iniciados nos Tribunais Estaduais e Tribunais Superiores.<\/p>\n\n\n\n<h2 class=\"wp-block-heading\">O que \u00e9 distribui\u00e7\u00e3o no CPC?<\/h2>\n\n\n\n<p>Basicamente <strong>\u00e9 o registro ou protocolo da pe\u00e7a processual que se pretende distribuir<\/strong>, o qual determina a compet\u00eancia, torna prevento o juiz, conforme <strong>previs\u00e3o dos arts. 43 e 59, do C\u00f3digo de Processo Civil<\/strong>.<\/p>\n\n\n\n<h2 class=\"wp-block-heading\">Como funciona a distribui\u00e7\u00e3o de processos?<\/h2>\n\n\n\n<p>A distribui\u00e7\u00e3o sempre <strong>deve obedecer \u00e0s instru\u00e7\u00f5es do Conselho Nacional de Justi\u00e7a<\/strong> \u2013 CNJ, das instru\u00e7\u00f5es do Tribunal de Justi\u00e7a Estadual, no qual se pretende realizar a distribui\u00e7\u00e3o, al\u00e9m disso deve ser realizado o correto cadastramento dos dados e informa\u00e7\u00f5es que constituem a distribui\u00e7\u00e3o.<\/p>\n\n\n\n<p>No Tribunal de Justi\u00e7a de S\u00e3o Paulo, ao iniciar a distribui\u00e7\u00e3o do processo inicialmente se deve:<\/p>\n\n\n\n<ul class=\"wp-block-list\">\n<li>Preencher o foro, a compet\u00eancia, a classe processual, o assunto principal, se h\u00e1 pedido de liminar, se h\u00e1 segredo de justi\u00e7a e valor da causa;<\/li>\n\n\n\n<li>Cadastrar os dados pessoais de cada parte, ou seja, do Autor e do R\u00e9u, e se houver mais de um deve ser inclu\u00eddo todos.<\/li>\n<\/ul>\n\n\n\n<h2 class=\"wp-block-heading\">Como \u00e9 feita a distribui\u00e7\u00e3o de processos no STF?<\/h2>\n\n\n\n<p>A distribui\u00e7\u00e3o no Supremo Tribunal Federal \u2013 STF, pode ser bem simples quando se trata de peti\u00e7\u00e3o comum no andamento do processo. Quando se trata de processos iniciados no STF, tamb\u00e9m chamados de processo origin\u00e1rios, o mesmo deve seguir a uma <strong>fase de tramita\u00e7\u00e3o semelhante aos dos F\u00f3runs e Tribunais Estaduais<\/strong>.<\/p>\n\n\n\n<p>No STF, com a distribui\u00e7\u00e3o ocorrer\u00e1 o recebimento, ou a recusa no recebimento, o que pode ou n\u00e3o ocorrer de acordo com a admissibilidade. Recebido, ser\u00e1 distribu\u00eddo a um dos Ministros ou \u00e0 Presid\u00eancia ou Vice-presid\u00eancia, para an\u00e1lise de pedido de liminar.<\/p>\n\n\n\n<p>Ap\u00f3s a distribui\u00e7\u00e3o e nomea\u00e7\u00e3o de um Ministro, o qual passa a ser respons\u00e1vel pelo processamento e julgamento do processo, o mesmo ter\u00e1 a marcha processual com os atos praticados de acordo com a natureza da a\u00e7\u00e3o e previs\u00e3o da lei e do Regimento Interno do STF, IRSTF, havendo contesta\u00e7\u00e3o e r\u00e9plica, e, se necess\u00e1rio, audi\u00eancia e julgamento.<\/p>\n\n\n\n<style>\n    #adpost-block_74e18bcc9115889ac903c2758f6f1f68.anuncio-post-reverse {\n        display: flex;\n        gap: 24px;\n        border-radius: 8px;\n        width: 100%;\n        max-width: 752px;\n        padding: 40px;\n        background: #e7f4fe;\n        margin: 16px auto;\n    }\n\n    #adpost-block_74e18bcc9115889ac903c2758f6f1f68 .anuncio-container {\n        display: flex;\n        flex-direction: column;\n        gap: 24px;\n        width: 100%;\n        max-width: 333px;\n    }\n\n    #adpost-block_74e18bcc9115889ac903c2758f6f1f68 .anuncio-container .logo {\n        width: 100%;\n        max-width: 177px;\n        margin: 0;\n    }\n\n    #adpost-block_74e18bcc9115889ac903c2758f6f1f68 .anuncio-text-container {\n        display: flex;\n        flex-direction: column;\n        gap: 24px;\n    }\n\n    #adpost-block_74e18bcc9115889ac903c2758f6f1f68 .anuncio-text-container .title {\n        font-family: 'Ubuntu';\n        font-size: 1.5rem; \/\/24px\n        font-weight: 700;\n        line-height: 120%;\n        margin: 0;\n        color: #000;\n    }\n\n    #adpost-block_74e18bcc9115889ac903c2758f6f1f68 .anuncio-text-container .text {\n        font-size: 0.875rem;\n        font-weight: 400;\n        line-height: 170%;\n        color: #000;\n    }\n\n    #adpost-block_74e18bcc9115889ac903c2758f6f1f68 .anuncio-container .button {\n        display: inline-flex;\n        align-items: center;\n        justify-content: center;\n        width: fit-content;\n        height: 48px;\n        border-radius: 8px;\n        padding: 12px 24px;\n        font-size: 1rem;\n        font-weight: 600;\n        text-decoration: none;\n        background: #008fd5;\n        color: #fff;\n    }\n\n    #adpost-block_74e18bcc9115889ac903c2758f6f1f68 .image-container {\n        position: relative;\n        width: 100%;\n        height: 100%;\n    }\n\n    #adpost-block_74e18bcc9115889ac903c2758f6f1f68 .image-container.float {\n        min-height: 236px;\n    }\n\n    #adpost-block_74e18bcc9115889ac903c2758f6f1f68 .image-container .image-desktop {\n        width: 100%;\n        max-width: 323px;\n        object-fit: contain;\n        margin: 0;\n    }\n\n    #adpost-block_74e18bcc9115889ac903c2758f6f1f68 .image-container .image-mobile {\n        display: none;\n        width: 100%;\n        max-width: 291px;\n        object-fit: contain;\n        margin: 0;\n    }\n\n    #adpost-block_74e18bcc9115889ac903c2758f6f1f68 .image-container.float .image-desktop,\n    #adpost-block_74e18bcc9115889ac903c2758f6f1f68 .image-container.float .image-mobile {\n        position: absolute;\n        right: 0;\n        bottom: 0;\n    }\n\n    #adpost-block_74e18bcc9115889ac903c2758f6f1f68 .image-container img {\n        border-radius: 8px;\n    }\n\n    \/************\n    * MOBILE \n    *************\/\n    @media (max-width: 1439px) {\n        #adpost-block_74e18bcc9115889ac903c2758f6f1f68.anuncio-post-reverse {\n            flex-direction: column-reverse;\n            max-width: fit-content;\n            padding: 24px;\n        }\n\n        #adpost-block_74e18bcc9115889ac903c2758f6f1f68 .anuncio-container {\n            max-width: 280px;\n            align-items: center;\n        }\n\n        #adpost-block_74e18bcc9115889ac903c2758f6f1f68 .anuncio-container .logo {\n            max-width: 147px;\n        }\n\n        #adpost-block_74e18bcc9115889ac903c2758f6f1f68 .anuncio-text-container {\n            gap: 8px;\n        }\n\n        #adpost-block_74e18bcc9115889ac903c2758f6f1f68 .anuncio-text-container .title {\n            font-size: 1.25rem;\n            text-align: center;\n        }\n\n        #adpost-block_74e18bcc9115889ac903c2758f6f1f68 .anuncio-text-container .text {\n            text-align: center;\n        }\n\n        #adpost-block_74e18bcc9115889ac903c2758f6f1f68 .anuncio-container .button {\n            width: 100%;\n        }\n\n        #adpost-block_74e18bcc9115889ac903c2758f6f1f68 .image-container.float {\n            min-height: 182px;\n        }\n\n        #adpost-block_74e18bcc9115889ac903c2758f6f1f68 .image-container .image-desktop {\n            display: none;\n        }\n\n        #adpost-block_74e18bcc9115889ac903c2758f6f1f68 .image-container .image-mobile {\n            display: block;\n        }\n    }\n\n    \/*******************\n    * RESET GLOBAL CSS \n    ********************\/\n    #s-post main article .content .image-container img {\n        margin: 0;\n    }\n<\/style>\n\n\n<article id=\"adpost-block_74e18bcc9115889ac903c2758f6f1f68\" class=\"anuncio-post-reverse\">\n    <div class=\"anuncio-container\">\n        \n        <div class=\"anuncio-text-container\">\n             <h3 class=\"title\" >Seja protagonista da sua advocacia com o Astrea<\/h3>\n            <div class=\"text\" >Tenha tempo para focar no crescimento do seu escrit\u00f3rio, enquanto o Astrea cuida da sua gest\u00e3o jur\u00eddica com intelig\u00eancia.<\/div>        <\/div>\n       \n        <a class=\"button\" href=\"\/astrea\/?utm_source=blog&#038;utm_medium=adpost&#038;utm_campaign=campanha-marca-2026\" target=\"_self\">Conhe\u00e7a o Astrea<\/a>    <\/div>\n\n    <div class=\"image-container\">\n        <img decoding=\"async\" class=\"image-desktop\" src=\"https:\/\/www.aurum.com.br\/blog\/wp-content\/uploads\/2026\/03\/adpos-posicionamento-2026-desktop.png\" alt=\"\" \/>\n        <img decoding=\"async\" class=\"image-mobile\" src=\"https:\/\/www.aurum.com.br\/blog\/wp-content\/uploads\/2026\/03\/adpost-posicionamento-2026-mobile.png\" alt=\"\" \/>    <\/div>\n<\/article>\n\n\n<h2 class=\"wp-block-heading\">Quanto tempo demora a distribui\u00e7\u00e3o de um processo?<\/h2>\n\n\n\n<p>Isso depende, em regra a distribui\u00e7\u00e3o ocorre de forma autom\u00e1tica, sendo gerado recibo eletr\u00f4nico de protocolo, conforme previs\u00e3o do art. 10, da <a href=\"https:\/\/www.planalto.gov.br\/ccivil_03\/_ato2004-2006\/2006\/lei\/l11419.htm\" target=\"_blank\" rel=\"noopener\">Lei 11.419 de 2006<\/a>.&nbsp;<\/p>\n\n\n\n<figure class=\"wp-block-pullquote classe bq-small\"><blockquote><p>Art. 10. A distribui\u00e7\u00e3o da peti\u00e7\u00e3o inicial e a juntada da contesta\u00e7\u00e3o, dos recursos e das peti\u00e7\u00f5es em geral, todos em formato digital, nos autos de processo eletr\u00f4nico, podem ser feitas diretamente pelos advogados p\u00fablicos e privados, sem necessidade da interven\u00e7\u00e3o do cart\u00f3rio ou secretaria judicial, situa\u00e7\u00e3o em que a autua\u00e7\u00e3o dever\u00e1 se dar de forma autom\u00e1tica, fornecendo-se recibo eletr\u00f4nico de protocolo.<br>\u00a7 1\u00ba Quando o ato processual tiver que ser praticado em determinado prazo, por meio de peti\u00e7\u00e3o eletr\u00f4nica, ser\u00e3o considerados tempestivos os efetivados at\u00e9 as 24 (vinte e quatro) horas do \u00faltimo dia.<br>\u00a7 2\u00ba No caso do \u00a7 1\u00ba deste artigo, se o Sistema do Poder Judici\u00e1rio se tornar indispon\u00edvel por motivo t\u00e9cnico, o prazo fica automaticamente prorrogado para o primeiro dia \u00fatil seguinte \u00e0 resolu\u00e7\u00e3o do problema.<br>\u00a7 3\u00ba Os \u00f3rg\u00e3os do Poder Judici\u00e1rio dever\u00e3o manter equipamentos de digitaliza\u00e7\u00e3o e de acesso \u00e0 rede mundial de computadores \u00e0 disposi\u00e7\u00e3o dos interessados para distribui\u00e7\u00e3o de pe\u00e7as processuais.<\/p><\/blockquote><\/figure>\n\n\n\n<p>Na pr\u00e1tica, \u00e9 correto afirmar que a <strong>distribui\u00e7\u00e3o pode levar at\u00e9 48 hora<\/strong>s, levando em considera\u00e7\u00e3o que a distribui\u00e7\u00e3o ainda ser\u00e1 confirmada pelo distribuidor, o departamento respons\u00e1vel por corrigir poss\u00edveis irregularidades que possam surgir ap\u00f3s a distribui\u00e7\u00e3o feita por advogados, promotores, defensores, entre outros.<\/p>\n\n\n\n<p>No STF, por exemplo, h\u00e1 um departamento chamado triagem, que nada mais \u00e9 do que o departamento respons\u00e1vel por corrigir irregularidades e realizar a distribui\u00e7\u00e3o interna para o Ministro respons\u00e1vel.&nbsp;<\/p>\n\n\n\n<p>Nos Tribunais Estaduais, a distribui\u00e7\u00e3o ocorre de forma semelhante, com a diferen\u00e7a de que as irregularidades processuais normalmente s\u00e3o corrigidas pelo juiz de direito. No STF, as corre\u00e7\u00f5es s\u00e3o efetuadas logo no momento do recebimento e, caso n\u00e3o sejam sanadas, haver\u00e1 a recusa no recebimento do processo.<\/p>\n\n\n\n<h2 class=\"wp-block-heading\">Quais s\u00e3o os tipos de procedimento de distribui\u00e7\u00e3o?<\/h2>\n\n\n\n<p>H\u00e1 somente dois tipos de procedimento de distribui\u00e7\u00e3o:<\/p>\n\n\n\n<ul class=\"wp-block-list\">\n<li><strong>Distribui\u00e7\u00e3o f\u00edsica;<\/strong><\/li>\n\n\n\n<li><strong>Distribui\u00e7\u00e3o eletr\u00f4nica.<\/strong><\/li>\n<\/ul>\n\n\n\n<p>A distribui\u00e7\u00e3o f\u00edsica \u00e9 aquela que normalmente ocorre no F\u00f3rum ou Tribunal e que utiliza todo o processo em formato f\u00edsico, mesmo que venha a ser digitalizado.&nbsp;<\/p>\n\n\n\n<p>Com o processo f\u00edsico, uma c\u00f3pia \u00e9 apresentada ao distribuidor do F\u00f3rum ou Tribunal, que, ap\u00f3s verificar os requisitos m\u00ednimos, realiza o protocolo, emitindo um recibo do protocolo.<\/p>\n\n\n\n<p>No segundo tipo, que \u00e9 a distribui\u00e7\u00e3o eletr\u00f4nica, o processo inteiro \u00e9 distribu\u00eddo por meio de um documento PDF, assim como os documentos que o acompanham. \u00c9 poss\u00edvel tamb\u00e9m a inclus\u00e3o de imagens, v\u00eddeos e \u00e1udios no processo ou por meio de m\u00eddia vinculada.&nbsp;<\/p>\n\n\n\n<p>A diferen\u00e7a se d\u00e1 tamb\u00e9m pelo fato de que no procedimento f\u00edsico, o servidor da justi\u00e7a \u00e9 respons\u00e1vel pela distribui\u00e7\u00e3o do processo, enquanto no formato eletr\u00f4nico, \u00e9 o pr\u00f3prio advogado, promotor, defensor, etc., que assume essa responsabilidade.<\/p>\n\n\n\n<h2 class=\"wp-block-heading\">Conclus\u00e3o:<\/h2>\n\n\n\n<p>O tema, sem d\u00favida, \u00e9 de grande relev\u00e2ncia, principalmente porque pode prejudicar o exerc\u00edcio do direito de a\u00e7\u00e3o, resultar no atraso do andamento do processo e ainda \u00e9 poss\u00edvel a aplica\u00e7\u00e3o de multas se houver comprova\u00e7\u00e3o de litig\u00e2ncia de m\u00e1-f\u00e9.&nbsp;<\/p>\n\n\n\n<p>O procedimento sempre dever\u00e1 ser observado de acordo com a legisla\u00e7\u00e3o e o regimento interno do Tribunal Estadual ou Tribunal Superior onde se pretenda realizar a distribui\u00e7\u00e3o.<\/p>\n\n\n\n<h3 class=\"wp-block-heading\">Mais conhecimento para voc\u00ea<\/h3>\n\n\n\n<p>Se voc\u00ea gostou deste texto e deseja seguir a leitura em temas sobre direito e advocacia, vale a pena conferir os seguintes materiais:&nbsp;&nbsp;<\/p>\n\n\n\n<ul class=\"wp-block-list\">\n<li><a href=\"https:\/\/www.aurum.com.br\/blog\/passivo-trabalhista\/\">Veja o que \u00e9, como calcular e exemplos de passivo trabalhista<\/a><\/li>\n\n\n\n<li><a href=\"https:\/\/www.aurum.com.br\/blog\/aposentadoria-mei\/\">Aposentadoria MEI: como funciona e quais as principais regras<\/a><\/li>\n\n\n\n<li><a href=\"https:\/\/www.aurum.com.br\/blog\/lei-da-aprendizagem\/\">Lei da aprendizagem: o que \u00e9, quando surgiu e como funciona<\/a><\/li>\n\n\n\n<li><a href=\"https:\/\/www.aurum.com.br\/blog\/contrato-de-vesting\/\">Contrato de vesting no Direito Empresarial<\/a><\/li>\n\n\n\n<li><a href=\"https:\/\/www.aurum.com.br\/blog\/apropriacao-indebita\/\" data-type=\"URL\" data-id=\"https:\/\/www.aurum.com.br\/blog\/apropriacao-indebita\/\">O que \u00e9 a apropria\u00e7\u00e3o ind\u00e9bita, atua\u00e7\u00e3o, pena e modalidades<\/a><\/li>\n\n\n\n<li><a href=\"https:\/\/www.aurum.com.br\/blog\/isencao-do-irpf-por-doenca-grave\/\" data-type=\"URL\" data-id=\"https:\/\/www.aurum.com.br\/blog\/isencao-do-irpf-por-doenca-grave\/\">Isen\u00e7\u00e3o de IRPF por Doen\u00e7a Grave: texto completo<\/a><\/li>\n\n\n\n<li><a href=\"https:\/\/www.aurum.com.br\/blog\/anuencia\/\" data-type=\"link\" data-id=\"https:\/\/www.aurum.com.br\/blog\/anuencia\/\">Entendendo a anu\u00eancia: FAQ para advogados<\/a><\/li>\n\n\n\n<li><a href=\"https:\/\/www.aurum.com.br\/blog\/gratuidade-de-justica\/\" data-type=\"link\" data-id=\"https:\/\/www.aurum.com.br\/blog\/gratuidade-de-justica\/\">Art. 98 do CPC: aspectos gerais da gratuidade de justi\u00e7a<\/a><\/li>\n\n\n\n<li><a href=\"https:\/\/www.aurum.com.br\/blog\/iac\/\" data-type=\"link\" data-id=\"https:\/\/www.aurum.com.br\/blog\/iac\/\">O que diz o novo CPC sobre o IAC (Incidente de Assun\u00e7\u00e3o de Compet\u00eancia)<\/a><\/li>\n<\/ul>\n\n\n\n<p><em>Este conte\u00fado foi \u00fatil pra voc\u00ea? Conta aqui nos coment\u00e1rios \ud83d\ude09<\/em><\/p>\n\n\n<style>\r\n  .news-post {\r\n    background: url('https:\/\/www.aurum.com.br\/blog\/wp-content\/themes\/aurum\/img\/bg-news-artigo.svg') no-repeat top center #3C48AA;\r\n    padding: 1.5rem;\r\n    border-radius: 6px;\r\n    margin: 1rem 0;\r\n  }\r\n  .news-post .icone {\r\n    display: none;\r\n  }\r\n  .news-post .title {\r\n    font-weight: 700;\r\n    font-size: 16px;\r\n    line-height: 130%;\r\n    text-align: center;\r\n    letter-spacing: -0.5px;\r\n    color: #fff;\r\n    margin-bottom: .9375rem;\r\n  }\r\n  .news-post p {\r\n    font-size: .875rem;\r\n    line-height: 140%;\r\n    text-align: center;\r\n    color: #fff;\r\n    margin-bottom: 1.25rem;\r\n  }\r\n  .news-post .news_button_span {\r\n    font-size: .8125rem;\r\n    display: block;\r\n    padding: .125rem .3125rem;\r\n    color: #fff;\r\n    text-align:left;\r\n  }\r\n  .news-post .news_button_span a {\r\n    color: #fff !important;\r\n    text-decoration: underline;\r\n  }\r\n  .news-post form {\r\n    width: 100%;\r\n  }\r\n  .news-post label {\r\n    font-weight: 600;\r\n    font-size: .9375rem;\r\n    line-height: 1.5rem;\r\n    margin-bottom: .5rem;\r\n    color: #fff;\r\n    display: block;\r\n  }\r\n  .news-post input {\r\n    background: #fff;\r\n    border: 1px solid #CBCBD9;\r\n    box-sizing: border-box;\r\n    border-radius: 4px;\r\n    padding: .75rem 1rem;\r\n    width: 100%;\r\n  }\r\n  .news-post button {\r\n    margin-top: .875rem;\r\n    width: 100%;\r\n    min-width: auto;\r\n    background: #FCC632;\r\n    color: #3C48AA;\r\n  }\r\n  .news-post .input {\r\n    position: relative;\r\n    padding-bottom: 10px;\r\n  }\r\n  .news-post .error-message-ad {\r\n    font-size: .875rem;\r\n    line-height: 130%;\r\n    color: #D50021;\r\n    margin-left: 4px;\r\n  }\r\n  .news-post .error {\r\n    border: 1px solid #D50021;\r\n  }\r\n  .news-post #message-form-ad {\r\n    border-radius: 4px;\r\n    padding: 0.7rem;\r\n    font-size:0.8rem;\r\n    text-align: center;\r\n    align-items: center;\r\n    justify-content: center;\r\n    display: none;\r\n  }\r\n  .news-post #message-form-ad svg {\r\n    margin-right: 8px;\r\n  }\r\n\r\n  @media(min-width: 561px) {\r\n    .news-post {\r\n      position: relative;\r\n      background: url('https:\/\/www.aurum.com.br\/blog\/wp-content\/themes\/aurum\/img\/bg-news-artigo.svg') no-repeat top center #3C48AA;\r\n      width: calc(100% - 30px);\r\n    }\r\n    .news-post .icone {\r\n      display: block;\r\n      position: absolute;\r\n      right: -30px;\r\n      top: 65px;\r\n      max-width: 142px;\r\n      width: 100%;\r\n      height: auto;\r\n      margin: 0;\r\n    }\r\n    .news-post .title {\r\n      font-size: 1.125rem;\r\n      text-align: left;\r\n      \/* padding-right: 3.75rem; *\/\r\n    }\r\n    .news-post p {\r\n      font-size: 1rem;\r\n      text-align: left;\r\n      max-width: 400px;\r\n    }\r\n    .news-post .boxes {\r\n      display: flex;\r\n      align-items: flex-start;\r\n    }\r\n    .news-post button {\r\n      margin: 0 0 0 1rem;\r\n      width: 100%;\r\n      max-width: 170px;\r\n      min-width: auto;\r\n      transition: all ease .3s\r\n    }\r\n    .news-post button:hover {\r\n      opacity: 0.9;\r\n      transition: all ease .3s\r\n    }\r\n    .news-post #message-form-ad {\r\n      padding: 1.125rem;\r\n      font-size:1rem;\r\n    }\r\n    .news-post #message-form-ad svg {\r\n      margin-right: 10px;\r\n    }\r\n  }\r\n<\/style>\r\n\r\n<div class=\"news-post\">\r\n  <div class=\"title news-ad-title\">Gostou do artigo e quer evoluir a sua advocacia?<\/div>\r\n  <p class=\"news-ad-subtitle\">Assine gr\u00e1tis a Aurum News e receba uma dose semanal de conte\u00fado no seu e-mail! \u270c\ufe0f<\/p>\r\n  <img decoding=\"async\" src=\"https:\/\/www.aurum.com.br\/blog\/wp-content\/themes\/aurum\/img\/icon-news-artigo.svg\" alt=\"\" class=\"icone\">\r\n\r\n  <form method=\"post\" name=\"newsletter-ad\" id=\"aurum-newsletter-ad\">\r\n    <div class=boxes>\r\n      <div class=\"input\">\r\n        <label class=\"label-email\" htmlFor=\"email-ad\">Qual seu e-mail?<\/label>\r\n        <input type=\"email\" id=\"email-ad\" name=\"newsletter-mail-ad\" placeholder=\"Digite seu e-mail?\">\r\n        <div class=\"error-message-ad-email\">Endere\u00e7o de e-mail inv\u00e1lido ou incorreto<\/div>\r\n\r\n        <label class=\"label-select\" htmlFor=\"lawsuits-select-ad\">\r\n          Quantos processos voc\u00ea ou<br class=\"for-desktop\"\/> seu escrit\u00f3rio acompanham?\r\n        <\/label>\r\n        <div id=\"lawsuits-select-ad\" class=\"lawsuits-select select-wrapper\" tabindex=\"0\">\r\n          <div class=\"s-dropdown--styled\">\r\n          <span class=\"lawsuits-default\">\r\n            <span id=\"lawsuits-newsletter-ad\" class=\"lawsuits-default-text\" data-value=\"\">Selecione os processos<\/span>\r\n            <svg class=\"chevron\" xmlns=\"http:\/\/www.w3.org\/2000\/svg\" width=\"24\" height=\"25\" viewBox=\"0 0 24 25\" fill=\"none\">\r\n              <path d=\"M6 15.6152L12 9.61523L18 15.6152\" stroke=\"black\" stroke-width=\"2\" stroke-linecap=\"round\" stroke-linejoin=\"round\" \/>\r\n            <\/svg>\r\n          <\/span>\r\n\r\n          <ul class=\"s-dropdown u-hide\">\r\n            <li class=\"lawsuits\" data-value=\"Mais de 1000 processos\">Mais de 1000 processos<\/li>\r\n            <li class=\"lawsuits\" data-value=\"De 501 a 1000 processos\">De 501 a 1000 processos<\/li>\r\n            <li class=\"lawsuits\" data-value=\"De 151 a 500 processos\">De 151 a 500 processos<\/li>\r\n            <li class=\"lawsuits\" data-value=\"De 41 a 150 processos\">De 41 a 150 processos<\/li>\r\n            <li class=\"lawsuits\" data-value=\"At\u00e9 40 processos\">At\u00e9 40 processos<\/li>\r\n            <li class=\"lawsuits\" data-value=\"Atuo apenas no consultivo\">Atuo apenas no consultivo<\/li>\r\n            <li class=\"lawsuits\" data-value=\"Ainda sou estudante de direito\">Ainda sou estudante de direito<\/li>\r\n            <li class=\"lawsuits\" data-value=\"N\u00e3o sou da \u00e1rea jur\u00eddica\">N\u00e3o sou da \u00e1rea jur\u00eddica<\/li>\r\n          <\/ul>\r\n          <\/div>\r\n        <\/div>\r\n        <div class=\"error-message-ad-lawsuits\">Selecione algum processo<\/div>\r\n      <\/div>\r\n      <button class=\"btn btn-yellow ad-btn-desktop\" id=\"aurum-submit-ad\">Assinar gr\u00e1tis<\/button>\r\n      <button class=\"btn btn-yellow ad-btn-mobile\" id=\"aurum-submit-ad\">Assinar<\/button>\r\n    <\/div>\r\n    <span class=\"news_button_span\">Ao se cadastrar voc\u00ea declara que leu e aceitou a pol\u00edtica de privacidade e cookies do <a href=\"https:\/\/s3.sa-east-1.amazonaws.com\/publico.aurum.com.br\/contratos\/politica-de-privacidade.pdf\" target=\"_blank\" rel=\"noopener noreferrer\">site<\/a>.<\/span>\r\n  <\/form>\r\n  <div id=\"message-form-ad\"><\/div>\r\n<\/div>","protected":false},"excerpt":{"rendered":"<p>A distribui\u00e7\u00e3o de processos, tamb\u00e9m conhecida como distribui\u00e7\u00e3o de casos ou distribui\u00e7\u00e3o de tarefas, ocorre por meio do protocolo no sistema informatizado do Poder Judici\u00e1rio. O processo judicial tem in\u00edcio com a distribui\u00e7\u00e3o, realizada por meio do protocolo no sistema informatizado do Poder Judici\u00e1rio. Ap\u00f3s ser submetido ao juiz de direito, o processo ganha vida [&hellip;]<\/p>\n","protected":false},"author":134,"featured_media":26546,"comment_status":"open","ping_status":"open","sticky":false,"template":"","format":"standard","meta":{"_bbp_topic_count":0,"_bbp_reply_count":0,"_bbp_total_topic_count":0,"_bbp_total_reply_count":0,"_bbp_voice_count":0,"_bbp_anonymous_reply_count":0,"_bbp_topic_count_hidden":0,"_bbp_reply_count_hidden":0,"_bbp_forum_subforum_count":0,"inline_featured_image":false,"footnotes":""},"categories":[178],"tags":[],"class_list":["post-26545","post","type-post","status-publish","format-standard","has-post-thumbnail","hentry","category-direito-processual-civil"],"acf":[],"_links":{"self":[{"href":"https:\/\/www.aurum.com.br\/blog\/wp-json\/wp\/v2\/posts\/26545","targetHints":{"allow":["GET"]}}],"collection":[{"href":"https:\/\/www.aurum.com.br\/blog\/wp-json\/wp\/v2\/posts"}],"about":[{"href":"https:\/\/www.aurum.com.br\/blog\/wp-json\/wp\/v2\/types\/post"}],"author":[{"embeddable":true,"href":"https:\/\/www.aurum.com.br\/blog\/wp-json\/wp\/v2\/users\/134"}],"replies":[{"embeddable":true,"href":"https:\/\/www.aurum.com.br\/blog\/wp-json\/wp\/v2\/comments?post=26545"}],"version-history":[{"count":8,"href":"https:\/\/www.aurum.com.br\/blog\/wp-json\/wp\/v2\/posts\/26545\/revisions"}],"predecessor-version":[{"id":29821,"href":"https:\/\/www.aurum.com.br\/blog\/wp-json\/wp\/v2\/posts\/26545\/revisions\/29821"}],"wp:featuredmedia":[{"embeddable":true,"href":"https:\/\/www.aurum.com.br\/blog\/wp-json\/wp\/v2\/media\/26546"}],"wp:attachment":[{"href":"https:\/\/www.aurum.com.br\/blog\/wp-json\/wp\/v2\/media?parent=26545"}],"wp:term":[{"taxonomy":"category","embeddable":true,"href":"https:\/\/www.aurum.com.br\/blog\/wp-json\/wp\/v2\/categories?post=26545"},{"taxonomy":"post_tag","embeddable":true,"href":"https:\/\/www.aurum.com.br\/blog\/wp-json\/wp\/v2\/tags?post=26545"}],"curies":[{"name":"wp","href":"https:\/\/api.w.org\/{rel}","templated":true}]}}