{"id":26535,"date":"2024-01-31T08:23:02","date_gmt":"2024-01-31T11:23:02","guid":{"rendered":"https:\/\/www.aurum.com.br\/blog\/?p=26535"},"modified":"2024-09-16T06:52:54","modified_gmt":"2024-09-16T09:52:54","slug":"isencao-do-irpf-por-doenca-grave","status":"publish","type":"post","link":"https:\/\/www.aurum.com.br\/blog\/isencao-do-irpf-por-doenca-grave\/","title":{"rendered":"Isen\u00e7\u00e3o de IRPF por Doen\u00e7a Grave &#8211; Guia completo\u00a0"},"content":{"rendered":"<div id=\"bsf_rt_marker\"><\/div>\n<pre class=\"wp-block-preformatted\">A <strong>isen\u00e7\u00e3o do IRPF<\/strong> <strong>por doen\u00e7a grave<\/strong> dispensa o imposto de renda para pessoas com enfermidades graves conforme a Lei 7.713\/1988. Isso se aplica a aposentadorias, reformas, pens\u00f5es e rendimentos de planos de previd\u00eancia privada volunt\u00e1rios.<\/pre>\n\n\n\n<p>Quando o assunto \u00e9 <a href=\"https:\/\/www.aurum.com.br\/blog\/direitos-e-garantias-fundamentais\/\">direitos e garantias fundamentais<\/a> das pessoas com doen\u00e7as graves, um tema que merece toda nossa aten\u00e7\u00e3o \u00e9 a Isen\u00e7\u00e3o de IRPF &#8211; Imposto Renda sobre Pessoa F\u00edsica.<\/p>\n\n\n\n<p>Na qualidade de especialista em direitos das pessoas com defici\u00eancia, eu sou meio suspeito para falar do assunto, mas pode ter certeza que a isen\u00e7\u00e3o de IRPF \u00e9 um <strong>tema de extrema relev\u00e2ncia jur\u00eddica e social,<\/strong> tanto para turbinar o portf\u00f3lio de servi\u00e7os dos advogados, quanto para garantir dignidade para quem precisa.<\/p>\n\n\n\n<p>Nesse cen\u00e1rio, entender como funciona a isen\u00e7\u00e3o de IRPF por doen\u00e7a grave \u00e9 essencial para oferecer um suporte efetivo aos clientes interessados em se livrar da \u201cmordida do le\u00e3o\u201d.&nbsp;<\/p>\n\n\n\n<p>Por isso, <strong>preparei este artigo com \u201cprecis\u00e3o cir\u00fargica\u201d sobre o tema! <\/strong>Vem comigo at\u00e9 o final, pois vou te entregar um conte\u00fado did\u00e1tico e atualizado&nbsp; com todas as informa\u00e7\u00f5es necess\u00e1rias para compreender o que de mais importante voc\u00ea precisa dominar sobre a isen\u00e7\u00e3o de IRPF.<\/p>\n\n\n\n<h2 class=\"wp-block-heading\">O que \u00e9 a isen\u00e7\u00e3o de IRPF?<\/h2>\n\n\n\n<p>A isen\u00e7\u00e3o do IRPF por doen\u00e7a grave <strong>dispensa o imposto de renda para pessoas com enfermidades graves<\/strong> conforme a Lei 7.713\/1988.<\/p>\n\n\n\n<p>Mas, j\u00e1 queimando a largada, primeiro precisamos relembrar que o Imposto de Renda sobre Pessoa F\u00edsica (IRPF) \u00e9 um tributo federal cobrado sobre a renda anual dos cidad\u00e3os.&nbsp;<\/p>\n\n\n\n<p>Este imposto incide sobre diversos tipos de rendimentos, como sal\u00e1rios, alugu\u00e9is, rendimentos de investimentos, entre outros. A declara\u00e7\u00e3o e o pagamento do IRPF s\u00e3o obrigat\u00f3rios para todos os cidad\u00e3os que se enquadrem nos crit\u00e9rios definidos pela Receita Federal.<\/p>\n\n\n\n<p>E quando o tema \u00e9 isen\u00e7\u00e3o de IRPF, estamos falando justamente da possibilidade de dispensa legal desse tributo.<\/p>\n\n\n\n<figure class=\"wp-block-image size-full\"><img decoding=\"async\" width=\"1200\" height=\"1200\" src=\"https:\/\/www.aurum.com.br\/blog\/wp-content\/uploads\/2024\/01\/o-que-e-isencao-de-irpf-por-doenca-grave.jpg\" alt=\"\" class=\"wp-image-26536\" srcset=\"https:\/\/www.aurum.com.br\/blog\/wp-content\/uploads\/2024\/01\/o-que-e-isencao-de-irpf-por-doenca-grave.jpg 1200w, https:\/\/www.aurum.com.br\/blog\/wp-content\/uploads\/2024\/01\/o-que-e-isencao-de-irpf-por-doenca-grave-300x300.jpg 300w, https:\/\/www.aurum.com.br\/blog\/wp-content\/uploads\/2024\/01\/o-que-e-isencao-de-irpf-por-doenca-grave-150x150.jpg 150w, https:\/\/www.aurum.com.br\/blog\/wp-content\/uploads\/2024\/01\/o-que-e-isencao-de-irpf-por-doenca-grave-768x768.jpg 768w\" sizes=\"(max-width: 1200px) 100vw, 1200px\" \/><figcaption class=\"wp-element-caption\">Entenda o que \u00e9 isen\u00e7\u00e3o de IRPF por doen\u00e7a grave. <\/figcaption><\/figure>\n\n\n\n<h3 class=\"wp-block-heading\">Quem tem direito \u00e0 Isen\u00e7\u00e3o de IRPF por Doen\u00e7a Grave?<\/h3>\n\n\n\n<p>Aqui \u00e9 necess\u00e1rio j\u00e1 fazer uma distin\u00e7\u00e3o necess\u00e1ria entre doen\u00e7a e defici\u00eancia.&nbsp;<\/p>\n\n\n\n<p>Isto porque, a isen\u00e7\u00e3o de IRPF n\u00e3o \u00e9 uma prerrogativa das pessoas com defici\u00eancia, sendo uma garantia tribut\u00e1ria exclusiva para pessoas com doen\u00e7as graves previstas em lei.<\/p>\n\n\n\n<p>Em que pese muitas pessoas com defici\u00eancia e doen\u00e7as raras carregarem essa d\u00favida, em se tratando de mat\u00e9ria tribut\u00e1ria n\u00e3o tem como fugir da literalidade da lei.<\/p>\n\n\n\n<p>Assim, <strong>a Lei 7.13\/1988 em seu art. 6\u00ba XIV apresenta uma lista de doen\u00e7as contempladas<\/strong> para fins de isen\u00e7\u00e3o de IRPF.<\/p>\n\n\n\n<h2 class=\"wp-block-heading\">Quais doen\u00e7as d\u00e3o direito \u00e0 isen\u00e7\u00e3o de IRPF?&nbsp;<\/h2>\n\n\n\n<p>De acordo com o citado artigo, s\u00e3o isentos de impostos de renda &#8220;<strong>os proventos de aposentadoria ou reforma motivada por acidente em servi\u00e7o e os percebidos pelos portadores de mol\u00e9stia profissional<\/strong>&#8221; ou alguma das doen\u00e7as listadas na lei:<\/p>\n\n\n\n<ul class=\"wp-block-list\">\n<li>tuberculose ativa;<\/li>\n\n\n\n<li>aliena\u00e7\u00e3o mental;<\/li>\n\n\n\n<li>esclerose m\u00faltipla;<\/li>\n\n\n\n<li>neoplasia maligna;<\/li>\n\n\n\n<li>cegueira;<\/li>\n\n\n\n<li>hansen\u00edase;<\/li>\n\n\n\n<li>paralisia irrevers\u00edvel e incapacitante;<\/li>\n\n\n\n<li>cardiopatia grave;<\/li>\n\n\n\n<li>doen\u00e7a de Parkinson;<\/li>\n\n\n\n<li>espondiloartrose anquilosante;<\/li>\n\n\n\n<li>nefropatia grave;<\/li>\n\n\n\n<li>hepatopatia grave;<\/li>\n\n\n\n<li>estados avan\u00e7ados da doen\u00e7a de Paget (oste\u00edte deformante);<\/li>\n\n\n\n<li>contamina\u00e7\u00e3o por radia\u00e7\u00e3o; e<\/li>\n\n\n\n<li>s\u00edndrome da imunodefici\u00eancia adquirida (AIDS).<\/li>\n<\/ul>\n\n\n\n<p>Eu sei que voc\u00ea deve estar refletindo que essa lista \u00e9 bem restritiva e que muitas outras patologias deveriam ser contempladas tamb\u00e9m\u2026 E eu concordo com voc\u00ea!&nbsp;<\/p>\n\n\n\n<p>Contudo, aqui prevalece o princ\u00edpio da literalidade decorrente do art. 111 do CTN, n\u00e3o cabendo nenhuma interpreta\u00e7\u00e3o extensiva sobre esta lista de doen\u00e7as.<\/p>\n\n\n\n<p>Nesse sentido \u00e9 firme o entendimento do Superior Tribunal de Justi\u00e7a:<\/p>\n\n\n\n<figure class=\"wp-block-table\"><table><tbody><tr><td>TRIBUT\u00c1RIO. ISEN\u00c7\u00c3O DE IMPOSTO DE RENDA. <strong>ART. 6\u00ba DA LEI N\u00ba 7.713\/88<\/strong>. <strong>ROL TAXATIVO<\/strong>. DOEN\u00c7A N\u00c3O ESPECIFICADA EM LEI. <strong>VEDA\u00c7\u00c3O \u00c0 INTERPRETA\u00c7\u00c3O EXTENSIVA. ART. 111 DO CTN<\/strong>. RECURSO IMPROVIDO. HONOR\u00c1RIOS RECURSAIS. (STJ &#8211; REsp: 1868024 PB 2020\/0068964-0, Relator: Ministro OG FERNANDES, Data de Publica\u00e7\u00e3o: DJ 27\/03\/2020)<\/td><\/tr><\/tbody><\/table><\/figure>\n\n\n\n<h3 class=\"wp-block-heading\">A pessoa com vis\u00e3o monocular tem direito a isen\u00e7\u00e3o de IRPF?<\/h3>\n\n\n\n<p>Um ponto que merece destaque nessa lista de \u201cdoen\u00e7as graves\u201d \u00e9 a interpreta\u00e7\u00e3o quanto ao termo \u201ccegueira\u201d.&nbsp;<\/p>\n\n\n\n<p>Em que pese essa lista se tratar de um <a href=\"https:\/\/www.aurum.com.br\/blog\/rol-taxativo\/\">rol taxativo<\/a> de doen\u00e7as que podem gerar direito \u00e0 prerrogativa fiscal em quest\u00e3o, <strong>a norma deixou uma brecha em favor da pessoa com \u201cvis\u00e3o monocular<\/strong>\u201d que vem sendo explorada e bem aceita pelo Poder Judici\u00e1rio.<\/p>\n\n\n\n<p>Isso porque, a legisla\u00e7\u00e3o brasileira e a jurisprud\u00eancia n\u00e3o fazem distin\u00e7\u00e3o entre cegueira monocular e binocular para efeitos de isen\u00e7\u00e3o do imposto de renda. E o STJ j\u00e1 j\u00e1 pacificou o entendimento sobre isso:<\/p>\n\n\n\n<blockquote class=\"wp-block-quote is-layout-flow wp-block-quote-is-layout-flow\">\n<p>(&#8230;)<em>\u201cO art. 6\u00ba, XIV, da Lei n. 7.713\/88 n\u00e3o faz distin\u00e7\u00e3o entre cegueira binocular e monocular para efeito de isen\u00e7\u00e3o do Imposto sobre a Renda, inferindo-se&nbsp; que a literalidade da norma leva \u00e0 interpreta\u00e7\u00e3o de que a isen\u00e7\u00e3o abrange o g\u00eanero patol\u00f3gico &#8220;cegueira&#8221;, n\u00e3o importando se atinge o comprometimento da vis\u00e3o nos dois olhos ou apenas em um\u201d. <\/em><strong><em>(REsp N\u00ba 1.553.931-PR)<\/em><\/strong><\/p>\n<\/blockquote>\n\n\n\n<p>Confira tamb\u00e9m esse v\u00eddeo:&nbsp;<\/p>\n\n\n\n<figure class=\"wp-block-embed is-type-video is-provider-youtube wp-block-embed-youtube wp-embed-aspect-16-9 wp-has-aspect-ratio\"><div class=\"wp-block-embed__wrapper\">\n<iframe title=\"Vis\u00e3o monocular pode dar direito a isen\u00e7\u00e3o de imposto de renda?\" width=\"500\" height=\"281\" src=\"https:\/\/www.youtube.com\/embed\/K6xZn3wZm4o?feature=oembed\" frameborder=\"0\" allow=\"accelerometer; autoplay; clipboard-write; encrypted-media; gyroscope; picture-in-picture; web-share\" referrerpolicy=\"strict-origin-when-cross-origin\" allowfullscreen><\/iframe>\n<\/div><\/figure>\n\n\n\n<h3 class=\"wp-block-heading\">A isen\u00e7\u00e3o de IRPF incide sobre a pens\u00e3o por morte?<\/h3>\n\n\n\n<p><strong>SIM! <\/strong>Al\u00e9m dos proventos de aposentadoria ou reforma previstos no art. 6\u00ba XIV da Lei 7.713\/1988, os rendimentos recebidos a t\u00edtulo de <a href=\"https:\/\/www.aurum.com.br\/blog\/pensao-por-morte\/#:~:text=Ao%20solicitarem%20o%20benef%C3%ADcio%20de,%25%20filho%20C%20%3D%2090%25).\">pens\u00e3o por morte<\/a> tamb\u00e9m est\u00e3o contemplados por&nbsp; essa prerrogativa fiscal.<\/p>\n\n\n\n<p>Isso porque, o inciso XXI do mesmo dispositivo, ampliou o alcance da isen\u00e7\u00e3o de IRPF, que originalmente, referia-se apenas aos proventos de <a href=\"https:\/\/www.aurum.com.br\/blog\/tipos-de-aposentadoria\/\">aposentadoria<\/a> e reforma.<\/p>\n\n\n\n<p>Essa extens\u00e3o legal para incluir a <strong>pens\u00e3o por morte \u00e9 um exemplo da evolu\u00e7\u00e3o da legisla\u00e7\u00e3o tribut\u00e1ria<\/strong> para abranger situa\u00e7\u00f5es de vulnerabilidade, reconhecendo a necessidade de oferecer suporte fiscal adicional a indiv\u00edduos afetados por doen\u00e7as graves.<\/p>\n\n\n\n<h2 class=\"wp-block-heading\">A isen\u00e7\u00e3o de IRPF incide sobre a renda de quem est\u00e1 na ativa?<\/h2>\n\n\n\n<p>Agora que voc\u00ea j\u00e1 ligou o alerta para os tipos de doen\u00e7as que d\u00e3o direito \u00e0 isen\u00e7\u00e3o de IRPF, pode ser que surja o seguinte questionamento: \u201cvale s\u00f3 para proventos de aposentadoria e reforma ou aplica tamb\u00e9m para o trabalhador que ainda est\u00e1 na ativa?\u201d<\/p>\n\n\n\n<p>Bom, por mais que possa parecer uma injusti\u00e7a, <strong>a isen\u00e7\u00e3o de IRPF vai valer somente para os inativos<\/strong>, como determina expressamente o art. 6\u00ba XIV da Lei 7713\/1988:<\/p>\n\n\n\n<blockquote class=\"wp-block-quote is-layout-flow wp-block-quote-is-layout-flow\">\n<p><strong><em>\u201cos proventos de aposentadoria ou reforma motivada por acidente em servi\u00e7o<\/em><\/strong><em> e os percebidos pelos portadores de mol\u00e9stia profissional, tuberculose ativa, aliena\u00e7\u00e3o mental, esclerose m\u00faltipla, neoplasia maligna, cegueira, hansen\u00edase, paralisia irrevers\u00edvel e incapacitante, cardiopatia grave, doen\u00e7a de Parkinson, espondiloartrose anquilosante, nefropatia grave, hepatopatia grave, estados avan\u00e7ados da doen\u00e7a de Paget (oste\u00edte deformante), contamina\u00e7\u00e3o por radia\u00e7\u00e3o, s\u00edndrome da imunodefici\u00eancia adquirida, com base em conclus\u00e3o da medicina especializada,<\/em><strong><em> mesmo que a doen\u00e7a tenha sido contra\u00edda depois da aposentadoria ou reforma;\u201d&nbsp;<\/em><\/strong><\/p>\n<\/blockquote>\n\n\n\n<p>O referido dispositivo chegou a ser objeto de uma A\u00e7\u00e3o Direta de Inconstitucionalidade (ADI 6065), mas o STF decidiu por maioria de votos, pela improced\u00eancia do pedido formulado na a\u00e7\u00e3o direta, para declarar a constitucionalidade do art. 6\u00ba, XIV, da Lei Federal n\u00ba 7.713\/1988.<\/p>\n\n\n\n<p>O ponto positivo aqui fica para a possibilidade de isen\u00e7\u00e3o de IRPF mesmo que o diagn\u00f3stico da doen\u00e7a grave tenha ocorrido ap\u00f3s a aposentadoria ou reforma.<\/p>\n\n\n\n<h2 class=\"wp-block-heading\">Como solicitar Isen\u00e7\u00e3o de IRPF por Doen\u00e7a Grave?<\/h2>\n\n\n\n<p>Para solicitar a isen\u00e7\u00e3o do Imposto de Renda da Pessoa F\u00edsica (IRPF) para portadores de doen\u00e7as graves, incluindo no caso de pens\u00e3o por morte, o processo envolve algumas etapas. Por isso preparei uma tabelinha pra facilitar:<\/p>\n\n\n\n<figure class=\"wp-block-table\"><table><tbody><tr><td><strong>PASSO 01 &#8211; OBTEN\u00c7\u00c3O DO LAUDO M\u00c9DICO OFICIAL<\/strong><\/td><\/tr><tr><td>\u27a1 \ufe0f Obtenha um laudo pericial emitido por servi\u00e7o m\u00e9dico oficial (p\u00fablico) da Uni\u00e3o, dos Estados, do Distrito Federal ou dos Munic\u00edpios. Este laudo deve atestar a exist\u00eancia da doen\u00e7a grave conforme listada na Lei n\u00ba 7.713\/88. Certifique-se de constar o CID de uma das doen\u00e7as graves previstas na lei e coloque a data do diagn\u00f3stico ou in\u00edcio da doen\u00e7a.&nbsp;<\/td><\/tr><tr><td><strong>PASSO 02 &#8211; PREPARA\u00c7\u00c3O DA DOCUMENTA\u00c7\u00c3O NECESS\u00c1RIA<\/strong><\/td><\/tr><tr><td>\u27a1 Al\u00e9m do laudo m\u00e9dico, voc\u00ea deve reunir documentos pessoais (RG, CPF), comprovante de resid\u00eancia, e documentos que comprovem o recebimento dos proventos (como extratos de pagamento da aposentadoria, reforma ou pens\u00e3o por morte).<\/td><\/tr><tr><td><strong>PASSO 03 &#8211; SOLICITA\u00c7\u00c3O JUNTO AO INSS OU \u00c0 RECEITA FEDERAL<\/strong><\/td><\/tr><tr><td>\u27a1 Para os casos relacionados \u00e0 Previd\u00eancia Social, a solicita\u00e7\u00e3o da isen\u00e7\u00e3o deve ser feita diretamente ao Instituto Nacional do Seguro Social (INSS), pelo INSS Digital (para advogados),&nbsp; presencialmente em uma ag\u00eancia do INSS, pelo site ou app&nbsp; <a href=\"https:\/\/meu.inss.gov.br\/central\/#\/\" target=\"_blank\" rel=\"noopener\">MEU INSS<\/a>, ou pelo telefone 135.<br><br>\u27a1 Caso a fonte pagadora dos rendimentos n\u00e3o seja vinculada ao INSS, a solicita\u00e7\u00e3o de isen\u00e7\u00e3o deve ser feita diretamente \u00e0 Receita Federal. Para isso, \u00e9 necess\u00e1rio preencher um requerimento e apresentar a documenta\u00e7\u00e3o (incluindo o laudo m\u00e9dico) em uma unidade de atendimento da Receita Federal. No caso de servidores p\u00fablicos estaduais e municipais, ainda sugiro sempre verificar se \u00f3rg\u00e3o local tem algum procedimento pr\u00f3prio a ser adotado.&nbsp;<\/td><\/tr><tr><td><strong>PASSO 04 &#8211; ACOMPANHAMENTO DO PROCESSO<\/strong><\/td><\/tr><tr><td>\u27a1 Ap\u00f3s a solicita\u00e7\u00e3o, \u00e9 importante acompanhar o andamento do processo. Isso pode ser feito online (para pedidos feitos via MEU INSS ou Receita Federal) ou por meio de contato telef\u00f4nico ou presencial nas respectivas ag\u00eancias.<\/td><\/tr><\/tbody><\/table><\/figure>\n\n\n\n<p><strong><em>\ud83d\udca1 DICA MATADORA: <\/em><\/strong><em>O \u00f3bvio nunca \u00e9 \u00f3bvio para o INSS e a RFB! Sempre recomendo aos advogados que fa\u00e7am uma peti\u00e7\u00e3o objetiva esclarecendo o pedido, organizando as provas documentais que instruem o requerimento e destacando a data de in\u00edcio do diagn\u00f3stico &#8211;&nbsp; se poss\u00edvel anexe o prontu\u00e1rio mais antigo sobre a doen\u00e7a grave &#8211; pois isso pode fazer toda diferen\u00e7a para fins de recebimento de valores retroativos.<\/em><\/p>\n\n\n\n<h2 class=\"wp-block-heading\">Como deve ser o laudo m\u00e9dico para isen\u00e7\u00e3o de IRPF?<\/h2>\n\n\n\n<p><strong>O laudo m\u00e9dico deve ser claro, detalhado e conclusivo. <\/strong>Deve indicar a data do diagn\u00f3stico, a descri\u00e7\u00e3o da condi\u00e7\u00e3o cl\u00ednica que justifica a isen\u00e7\u00e3o e, quando aplic\u00e1vel, o est\u00e1gio da doen\u00e7a. A assinatura e CRM do m\u00e9dico s\u00e3o indispens\u00e1veis.<\/p>\n\n\n\n<p><a href=\"https:\/\/www.gov.br\/receitafederal\/pt-br\/centrais-de-conteudo\/formularios\/modelos\/laudo-pericial.pdf\/view\" target=\"_blank\" rel=\"noopener\"><strong>Clique aqui<\/strong><\/a> e confira o modelo de laudo disponibilizado pelo Governo Federal para fins de isen\u00e7\u00e3o de IRPF.<\/p>\n\n\n\n<h2 class=\"wp-block-heading\">O que fazer se a isen\u00e7\u00e3o de IRPF for negada?<\/h2>\n\n\n\n<p>Em caso de negativa da isen\u00e7\u00e3o de IRPF <strong>\u00e9 de suma import\u00e2ncia a an\u00e1lise de um advogado especialista<\/strong> para revisar a documenta\u00e7\u00e3o e as raz\u00f5es do indeferimento na via administrativa.<\/p>\n\n\n\n<p>Haver\u00e1 sempre a possibilidade de interpor um Recurso Administrativo, mas a depender do contexto &#8211; principalmente se for relativo a per\u00edcia m\u00e9dica &#8211; pode ser o caso de buscar logo a solu\u00e7\u00e3o pela via judicial para garantir o direito de isen\u00e7\u00e3o de IRPF.<\/p>\n\n\n\n<h2 class=\"wp-block-heading\">A isen\u00e7\u00e3o de IRPF \u00e9 devida a partir de quando?<\/h2>\n\n\n\n<p>Aqui est\u00e1 o ouro deste tipo de demanda! A isen\u00e7\u00e3o de imposto de renda por doen\u00e7a grave<strong> \u00e9 devida a partir do diagn\u00f3stico da doen\u00e7a.&nbsp;<\/strong><\/p>\n\n\n\n<p>Isso significa que o direito \u00e0 isen\u00e7\u00e3o se aplica desde o momento em que a doen\u00e7a grave \u00e9 oficialmente diagnosticada por um profissional m\u00e9dico qualificado e comprovada por um laudo m\u00e9dico oficial.<\/p>\n\n\n\n<p>Por isso fique atento aos documentos velhos do cliente. Aqui, os laudos, relat\u00f3rios, prontu\u00e1rios m\u00e9dicos, exames podem ajudar e muito a recuperar a grana levada pelo le\u00e3o.<\/p>\n\n\n\n<h2 class=\"wp-block-heading\">Como declarar a isen\u00e7\u00e3o de imposto de renda por doen\u00e7a grave ap\u00f3s a concess\u00e3o?<\/h2>\n\n\n\n<p>Ap\u00f3s o deferimento da isen\u00e7\u00e3o de IRPF ser\u00e1 necess\u00e1rio lan\u00e7ar esta informa\u00e7\u00e3o corretamente nas pr\u00f3ximas declara\u00e7\u00f5es de imposto de renda.<\/p>\n\n\n\n<p>Na declara\u00e7\u00e3o de IRPF, os rendimentos isentos devem ser declarados na ficha <em>&#8220;Rendimentos Isentos e N\u00e3o Tribut\u00e1veis&#8221;<\/em>, indicando a natureza da isen\u00e7\u00e3o.<\/p>\n\n\n\n<p>Agora para fins de restitui\u00e7\u00e3o, <strong>alguns pontos merecem aten\u00e7\u00e3o.<\/strong><\/p>\n\n\n\n<p>Se a isen\u00e7\u00e3o foi concedida no mesmo ano de in\u00edcio da doen\u00e7a grave, basta fazer preencher a pr\u00f3xima declara\u00e7\u00e3o informando os rendimentos isentos para receber a restitui\u00e7\u00e3o no exerc\u00edcio correspondente.<\/p>\n\n\n\n<p>J\u00e1 no caso de isen\u00e7\u00f5es concedidas com per\u00edodos retroativos, vale a pena deixar um contador de sua confian\u00e7a ciente, principalmente se voc\u00ea n\u00e3o domina os lan\u00e7amentos no sistema de declara\u00e7\u00f5es de IRPF da Receita Federal.<\/p>\n\n\n\n<p>Fa\u00e7o esse alerta, pois essa ajuda t\u00e9cnica pode ser importante para fazer poss\u00edveis retifica\u00e7\u00f5es das declara\u00e7\u00f5es de exerc\u00edcios passados, referente aos per\u00edodos em que eventualmente tenha sido reconhecido o direito de isen\u00e7\u00e3o de IRPF por doen\u00e7a grave.<\/p>\n\n\n\n<p>Depois de gerar as declara\u00e7\u00f5es retificadas, basta acessar o <a href=\"https:\/\/cav.receita.fazenda.gov.br\/autenticacao\/login\" target=\"_blank\" rel=\"noopener\">e-CAC<\/a> e solicitar a restitui\u00e7\u00e3o dos valores pagos. Ap\u00f3s a an\u00e1lise do sistema, o dinheiro ser\u00e1 transferido automaticamente para a sua conta banc\u00e1ria.<\/p>\n\n\n\n<p>Mas como nem tudo s\u00e3o flores, \u00e9 prov\u00e1vel que a Receita Federal envie uma intima\u00e7\u00e3o solicitando que voc\u00ea comprove a doen\u00e7a grave. Por isso, <strong>tenha sempre em m\u00e3os a documenta\u00e7\u00e3o comprobat\u00f3ria, como, prontu\u00e1rio m\u00e9dico, relat\u00f3rios, exames e laudo pericial do INSS.<\/strong><\/p>\n\n\n\n<h2 class=\"wp-block-heading\">A Isen\u00e7\u00e3o de IRPF pode ser estendida aos Planos de Previd\u00eancia Privada (VGBL e PGBL)?<\/h2>\n\n\n\n<p>Se liga porque essa informa\u00e7\u00e3o ainda \u00e9 de desconhecimento geral e tem muita gente deixando dinheiro na mesa por n\u00e3o entender a natureza jur\u00eddica do direito de isen\u00e7\u00e3o de IRPF.<\/p>\n\n\n\n<p>A <a href=\"https:\/\/www.aurum.com.br\/blog\/o-que-e-jurisprudencia\/\">jurisprud\u00eancia<\/a> reconhece que a isen\u00e7\u00e3o do IRPF, em casos de doen\u00e7a grave, abrange tamb\u00e9m os proventos de aposentadoria complementar privada, incluindo os planos VGBL (Vida Gerador de Benef\u00edcios Livres) e PGBL (Plano Gerador de Benef\u00edcios Livres).<\/p>\n\n\n\n<p>O que pode deixar a previd\u00eancia privada bem atrativa como alternativa de investimentos e planejamento previdenci\u00e1rio para pessoas acometidas por doen\u00e7as graves &#8211; visando sempre a m\u00e1xima efetividade dos direitos fundamentais.<\/p>\n\n\n\n<p>Isso se baseia no entendimento de que a finalidade social da norma de isen\u00e7\u00e3o do imposto de renda \u00e9 proporcionar recursos financeiros ao contribuinte enfermo para o custeio das despesas com o tratamento da patologia.<\/p>\n\n\n\n<p>Portanto, a isen\u00e7\u00e3o do IRPF sobre rendimentos de aposentadoria complementar privada, seja qual for o plano<strong>, \u00e9 direito da pessoa com doen\u00e7a grave prevista <\/strong>no art. 6\u00ba XVI da lei 7.713\/1988.&nbsp;<\/p>\n\n\n\n<p>Para quiser aprofundar mais na tese, vale a leitura do ac\u00f3rd\u00e3o do<a href=\"https:\/\/processo.stj.jus.br\/processo\/revista\/documento\/mediado\/?componente=ITA&amp;sequencial=2053502&amp;num_registro=201600548318&amp;data=20210810&amp;peticao_numero=-1&amp;formato=PDF\" target=\"_blank\" rel=\"noopener\"><strong> REsp 1.583.638<\/strong><\/a>.\u200b<\/p>\n\n\n\n<h3 class=\"wp-block-heading\">Aul\u00e3o Completo!<\/h3>\n\n\n\n<p>Para fortalecer o aprendizado de quem chegou at\u00e9 em nosso artigo, vou deixar um aul\u00e3o completo e atualizado que eu gravei sobre o tema! Agora s\u00f3 n\u00e3o aprende quem n\u00e3o quiser!<\/p>\n\n\n\n<figure class=\"wp-block-embed is-type-video is-provider-youtube wp-block-embed-youtube wp-embed-aspect-16-9 wp-has-aspect-ratio\"><div class=\"wp-block-embed__wrapper\">\n<iframe title=\"Isen\u00e7\u00e3o de Imposto de Renda: Doen\u00e7as Graves X PcD [Aul\u00e3o Completo]\" width=\"500\" height=\"281\" src=\"https:\/\/www.youtube.com\/embed\/u4Uu-uu3Tuw?feature=oembed\" frameborder=\"0\" allow=\"accelerometer; autoplay; clipboard-write; encrypted-media; gyroscope; picture-in-picture; web-share\" referrerpolicy=\"strict-origin-when-cross-origin\" allowfullscreen><\/iframe>\n<\/div><\/figure>\n\n\n\n<h2 class=\"wp-block-heading\">Conclus\u00e3o<\/h2>\n\n\n\n<p>E chegamos ao fim de mais um conte\u00fado por aqui! Meu objetivo aqui foi abranger os aspectos mais relevantes da isen\u00e7\u00e3o de IRPF, mas \u00e9 essencial manter-se atualizado sobre as mudan\u00e7as legislativas e as decis\u00f5es judiciais que impactam essa \u00e1rea.<\/p>\n\n\n\n<p>E fica a dica para todos os colegas que prestam servi\u00e7os para pessoas f\u00edsicas, ainda que n\u00e3o seja no campo tribut\u00e1rio propriamente dito.&nbsp;<\/p>\n\n\n\n<p>Aos colegas mais atentos ao mercado jur\u00eddico de qualidade, a isen\u00e7\u00e3o de IRPF por doen\u00e7a grave pode ser um servi\u00e7o complementar a ser oferecido para milhares de brasileiros que sequer fazem ideia dos seus direitos.<\/p>\n\n\n\n<h2 class=\"wp-block-heading\">Perguntas e respostas frequentes sobre o tema&nbsp;<\/h2>\n\n\n\n<h3 class=\"wp-block-heading\">Quais s\u00e3o as doen\u00e7as graves que podem dar direito \u00e0 isen\u00e7\u00e3o do IRPF?<\/h3>\n\n\n\n<p>As doen\u00e7as graves que podem dar direito \u00e0 isen\u00e7\u00e3o do IRPF s\u00e3o <strong>aquelas listadas na legisla\u00e7\u00e3o brasileira.<\/strong> Exemplos comuns incluem c\u00e2ncer, AIDS, paralisia irrevers\u00edvel e incapacitante, doen\u00e7a de Parkinson, esclerose m\u00faltipla, entre outras. A lista completa pode ser encontrada na Lei 7.713\/88, artigo 6\u00ba, inciso XIV.<\/p>\n\n\n\n<h3 class=\"wp-block-heading\">A isen\u00e7\u00e3o do IRPF por doen\u00e7a \u00e9 permanente?<\/h3>\n\n\n\n<p>A isen\u00e7\u00e3o do IRPF por doen\u00e7a grave<strong> n\u00e3o \u00e9 necessariamente permanente.<\/strong> Ela \u00e9 concedida enquanto o contribuinte estiver acometido pela doen\u00e7a grave. Se a condi\u00e7\u00e3o de sa\u00fade se alterar e n\u00e3o se enquadrar mais na lista de doen\u00e7as graves, a isen\u00e7\u00e3o pode ser revogada.<\/p>\n\n\n\n<h3 class=\"wp-block-heading\">Posso solicitar a isen\u00e7\u00e3o do IRPF por doen\u00e7a grave para um parente?<\/h3>\n\n\n\n<p>A isen\u00e7\u00e3o \u00e9 concedida ao pr\u00f3prio contribuinte acometido pela doen\u00e7a grave. <strong>N\u00e3o \u00e9 poss\u00edvel solicitar a isen\u00e7\u00e3o em nome de um parente<\/strong>, a menos que voc\u00ea seja o respons\u00e1vel legal por essa pessoa e ela seja dependente na sua declara\u00e7\u00e3o de IRPF.<\/p>\n\n\n\n<h2 class=\"wp-block-heading\">Mais conhecimento para voc\u00ea<\/h2>\n\n\n\n<ul class=\"wp-block-list\">\n<li><a href=\"https:\/\/www.aurum.com.br\/blog\/aposentadoria-da-pessoa-com-deficiencia\/\">Aposentadoria da pessoa com defici\u00eancia<\/a><\/li>\n\n\n\n<li><a href=\"https:\/\/www.aurum.com.br\/blog\/beneficio-prestacao-continuada\/\">O que \u00e9 e quem tem direito ao benef\u00edcio de presta\u00e7\u00e3o continuada<\/a><\/li>\n\n\n\n<li><a href=\"https:\/\/www.aurum.com.br\/blog\/auxilio-acidente\/\">O que \u00e9 e como solicitar o aux\u00edlio-acidente<\/a><\/li>\n\n\n\n<li><a href=\"https:\/\/www.aurum.com.br\/blog\/apropriacao-indebita\/\" data-type=\"URL\" data-id=\"https:\/\/www.aurum.com.br\/blog\/apropriacao-indebita\/\">O que \u00e9 a apropria\u00e7\u00e3o ind\u00e9bita, atua\u00e7\u00e3o, pena e modalidades<\/a><\/li>\n\n\n\n<li><a href=\"https:\/\/www.aurum.com.br\/blog\/direito-das-pessoas-com-deficiencia\/\">Papel do advogado no Direito das Pessoas com Defici\u00eancia<\/a><\/li>\n\n\n\n<li><a href=\"https:\/\/www.aurum.com.br\/blog\/contrato-de-vesting\/\">Contrato de vesting no Direito Empresarial: Tire suas d\u00favidas!<\/a><\/li>\n\n\n\n<li><a href=\"https:\/\/www.aurum.com.br\/blog\/glossario-juridico\/abandono-de-incapaz\/\" data-type=\"URL\" data-id=\"https:\/\/www.aurum.com.br\/blog\/glossario-juridico\/abandono-de-incapaz\/\">O que \u00e9 abandono de incapaz?<\/a><\/li>\n\n\n\n<li><a href=\"https:\/\/www.aurum.com.br\/blog\/acao-civil-publica\/\" data-type=\"URL\" data-id=\"https:\/\/www.aurum.com.br\/blog\/acao-civil-publica\/\">A\u00e7\u00e3o Civil P\u00fablica: que \u00e9, quando cabe, tipos e requisitos<\/a><\/li>\n\n\n\n<li><a href=\"https:\/\/www.aurum.com.br\/blog\/funcao-social-da-empresa\/\" data-type=\"URL\" data-id=\"https:\/\/www.aurum.com.br\/blog\/funcao-social-da-empresa\/\">Fun\u00e7\u00e3o social da empresa: seus princ\u00edpios, pr\u00e1ticas e exemplos<\/a><\/li>\n\n\n\n<li><a href=\"https:\/\/www.aurum.com.br\/blog\/anuencia\/\" data-type=\"link\" data-id=\"https:\/\/www.aurum.com.br\/blog\/anuencia\/\">Entendendo a anu\u00eancia: FAQ para advogados e advogadas<\/a><\/li>\n<\/ul>\n\n\n<style>\r\n  .news-post {\r\n    background: url('https:\/\/www.aurum.com.br\/blog\/wp-content\/themes\/aurum\/img\/bg-news-artigo.svg') no-repeat top center #3C48AA;\r\n    padding: 1.5rem;\r\n    border-radius: 6px;\r\n    margin: 1rem 0;\r\n  }\r\n  .news-post .icone {\r\n    display: none;\r\n  }\r\n  .news-post .title {\r\n    font-weight: 700;\r\n    font-size: 16px;\r\n    line-height: 130%;\r\n    text-align: center;\r\n    letter-spacing: -0.5px;\r\n    color: #fff;\r\n    margin-bottom: .9375rem;\r\n  }\r\n  .news-post p {\r\n    font-size: .875rem;\r\n    line-height: 140%;\r\n    text-align: center;\r\n    color: #fff;\r\n    margin-bottom: 1.25rem;\r\n  }\r\n  .news-post .news_button_span {\r\n    font-size: .8125rem;\r\n    display: block;\r\n    padding: .125rem .3125rem;\r\n    color: #fff;\r\n    text-align:left;\r\n  }\r\n  .news-post .news_button_span a {\r\n    color: #fff !important;\r\n    text-decoration: underline;\r\n  }\r\n  .news-post form {\r\n    width: 100%;\r\n  }\r\n  .news-post label {\r\n    font-weight: 600;\r\n    font-size: .9375rem;\r\n    line-height: 1.5rem;\r\n    margin-bottom: .5rem;\r\n    color: #fff;\r\n    display: block;\r\n  }\r\n  .news-post input {\r\n    background: #fff;\r\n    border: 1px solid #CBCBD9;\r\n    box-sizing: border-box;\r\n    border-radius: 4px;\r\n    padding: .75rem 1rem;\r\n    width: 100%;\r\n  }\r\n  .news-post button {\r\n    margin-top: .875rem;\r\n    width: 100%;\r\n    min-width: auto;\r\n    background: #FCC632;\r\n    color: #3C48AA;\r\n  }\r\n  .news-post .input {\r\n    position: relative;\r\n    padding-bottom: 10px;\r\n  }\r\n  .news-post .error-message-ad {\r\n    font-size: .875rem;\r\n    line-height: 130%;\r\n    color: #D50021;\r\n    margin-left: 4px;\r\n  }\r\n  .news-post .error {\r\n    border: 1px solid #D50021;\r\n  }\r\n  .news-post #message-form-ad {\r\n    border-radius: 4px;\r\n    padding: 0.7rem;\r\n    font-size:0.8rem;\r\n    text-align: center;\r\n    align-items: center;\r\n    justify-content: center;\r\n    display: none;\r\n  }\r\n  .news-post #message-form-ad svg {\r\n    margin-right: 8px;\r\n  }\r\n\r\n  @media(min-width: 561px) {\r\n    .news-post {\r\n      position: relative;\r\n      background: url('https:\/\/www.aurum.com.br\/blog\/wp-content\/themes\/aurum\/img\/bg-news-artigo.svg') no-repeat top center #3C48AA;\r\n      width: calc(100% - 30px);\r\n    }\r\n    .news-post .icone {\r\n      display: block;\r\n      position: absolute;\r\n      right: -30px;\r\n      top: 65px;\r\n      max-width: 142px;\r\n      width: 100%;\r\n      height: auto;\r\n      margin: 0;\r\n    }\r\n    .news-post .title {\r\n      font-size: 1.125rem;\r\n      text-align: left;\r\n      \/* padding-right: 3.75rem; *\/\r\n    }\r\n    .news-post p {\r\n      font-size: 1rem;\r\n      text-align: left;\r\n      max-width: 400px;\r\n    }\r\n    .news-post .boxes {\r\n      display: flex;\r\n      align-items: flex-start;\r\n    }\r\n    .news-post button {\r\n      margin: 0 0 0 1rem;\r\n      width: 100%;\r\n      max-width: 170px;\r\n      min-width: auto;\r\n      transition: all ease .3s\r\n    }\r\n    .news-post button:hover {\r\n      opacity: 0.9;\r\n      transition: all ease .3s\r\n    }\r\n    .news-post #message-form-ad {\r\n      padding: 1.125rem;\r\n      font-size:1rem;\r\n    }\r\n    .news-post #message-form-ad svg {\r\n      margin-right: 10px;\r\n    }\r\n  }\r\n<\/style>\r\n\r\n<div class=\"news-post\">\r\n  <div class=\"title news-ad-title\">Gostou do artigo e quer evoluir a sua advocacia?<\/div>\r\n  <p class=\"news-ad-subtitle\">Assine gr\u00e1tis a Aurum News e receba uma dose semanal de conte\u00fado no seu e-mail! \u270c\ufe0f<\/p>\r\n  <img decoding=\"async\" src=\"https:\/\/www.aurum.com.br\/blog\/wp-content\/themes\/aurum\/img\/icon-news-artigo.svg\" alt=\"\" class=\"icone\">\r\n\r\n  <form method=\"post\" name=\"newsletter-ad\" id=\"aurum-newsletter-ad\">\r\n    <div class=boxes>\r\n      <div class=\"input\">\r\n        <label class=\"label-email\" htmlFor=\"email-ad\">Qual seu e-mail?<\/label>\r\n        <input type=\"email\" id=\"email-ad\" name=\"newsletter-mail-ad\" placeholder=\"Digite seu e-mail?\">\r\n        <div class=\"error-message-ad-email\">Endere\u00e7o de e-mail inv\u00e1lido ou incorreto<\/div>\r\n\r\n        <label class=\"label-select\" htmlFor=\"lawsuits-select-ad\">\r\n          Quantos processos voc\u00ea ou<br class=\"for-desktop\"\/> seu escrit\u00f3rio acompanham?\r\n        <\/label>\r\n        <div id=\"lawsuits-select-ad\" class=\"lawsuits-select select-wrapper\" tabindex=\"0\">\r\n          <div class=\"s-dropdown--styled\">\r\n          <span class=\"lawsuits-default\">\r\n            <span id=\"lawsuits-newsletter-ad\" class=\"lawsuits-default-text\" data-value=\"\">Selecione os processos<\/span>\r\n            <svg class=\"chevron\" xmlns=\"http:\/\/www.w3.org\/2000\/svg\" width=\"24\" height=\"25\" viewBox=\"0 0 24 25\" fill=\"none\">\r\n              <path d=\"M6 15.6152L12 9.61523L18 15.6152\" stroke=\"black\" stroke-width=\"2\" stroke-linecap=\"round\" stroke-linejoin=\"round\" \/>\r\n            <\/svg>\r\n          <\/span>\r\n\r\n          <ul class=\"s-dropdown u-hide\">\r\n            <li class=\"lawsuits\" data-value=\"Mais de 1000 processos\">Mais de 1000 processos<\/li>\r\n            <li class=\"lawsuits\" data-value=\"De 501 a 1000 processos\">De 501 a 1000 processos<\/li>\r\n            <li class=\"lawsuits\" data-value=\"De 151 a 500 processos\">De 151 a 500 processos<\/li>\r\n            <li class=\"lawsuits\" data-value=\"De 41 a 150 processos\">De 41 a 150 processos<\/li>\r\n            <li class=\"lawsuits\" data-value=\"At\u00e9 40 processos\">At\u00e9 40 processos<\/li>\r\n            <li class=\"lawsuits\" data-value=\"Atuo apenas no consultivo\">Atuo apenas no consultivo<\/li>\r\n            <li class=\"lawsuits\" data-value=\"Ainda sou estudante de direito\">Ainda sou estudante de direito<\/li>\r\n            <li class=\"lawsuits\" data-value=\"N\u00e3o sou da \u00e1rea jur\u00eddica\">N\u00e3o sou da \u00e1rea jur\u00eddica<\/li>\r\n          <\/ul>\r\n          <\/div>\r\n        <\/div>\r\n        <div class=\"error-message-ad-lawsuits\">Selecione algum processo<\/div>\r\n      <\/div>\r\n      <button class=\"btn btn-yellow ad-btn-desktop\" id=\"aurum-submit-ad\">Assinar gr\u00e1tis<\/button>\r\n      <button class=\"btn btn-yellow ad-btn-mobile\" id=\"aurum-submit-ad\">Assinar<\/button>\r\n    <\/div>\r\n    <span class=\"news_button_span\">Ao se cadastrar voc\u00ea declara que leu e aceitou a pol\u00edtica de privacidade e cookies do <a href=\"https:\/\/s3.sa-east-1.amazonaws.com\/publico.aurum.com.br\/contratos\/politica-de-privacidade.pdf\" target=\"_blank\" rel=\"noopener noreferrer\">site<\/a>.<\/span>\r\n  <\/form>\r\n  <div id=\"message-form-ad\"><\/div>\r\n<\/div>","protected":false},"excerpt":{"rendered":"<p>A isen\u00e7\u00e3o do IRPF por doen\u00e7a grave dispensa o imposto de renda para pessoas com enfermidades graves conforme a Lei 7.713\/1988. Isso se aplica a aposentadorias, reformas, pens\u00f5es e rendimentos de planos de previd\u00eancia privada volunt\u00e1rios. Quando o assunto \u00e9 direitos e garantias fundamentais das pessoas com doen\u00e7as graves, um tema que merece toda nossa [&hellip;]<\/p>\n","protected":false},"author":30,"featured_media":26539,"comment_status":"open","ping_status":"open","sticky":false,"template":"","format":"standard","meta":{"_bbp_topic_count":0,"_bbp_reply_count":0,"_bbp_total_topic_count":0,"_bbp_total_reply_count":0,"_bbp_voice_count":0,"_bbp_anonymous_reply_count":0,"_bbp_topic_count_hidden":0,"_bbp_reply_count_hidden":0,"_bbp_forum_subforum_count":0,"inline_featured_image":false,"footnotes":""},"categories":[32],"tags":[],"class_list":["post-26535","post","type-post","status-publish","format-standard","has-post-thumbnail","hentry","category-direito-previdenciario"],"acf":[],"_links":{"self":[{"href":"https:\/\/www.aurum.com.br\/blog\/wp-json\/wp\/v2\/posts\/26535","targetHints":{"allow":["GET"]}}],"collection":[{"href":"https:\/\/www.aurum.com.br\/blog\/wp-json\/wp\/v2\/posts"}],"about":[{"href":"https:\/\/www.aurum.com.br\/blog\/wp-json\/wp\/v2\/types\/post"}],"author":[{"embeddable":true,"href":"https:\/\/www.aurum.com.br\/blog\/wp-json\/wp\/v2\/users\/30"}],"replies":[{"embeddable":true,"href":"https:\/\/www.aurum.com.br\/blog\/wp-json\/wp\/v2\/comments?post=26535"}],"version-history":[{"count":10,"href":"https:\/\/www.aurum.com.br\/blog\/wp-json\/wp\/v2\/posts\/26535\/revisions"}],"predecessor-version":[{"id":31150,"href":"https:\/\/www.aurum.com.br\/blog\/wp-json\/wp\/v2\/posts\/26535\/revisions\/31150"}],"wp:featuredmedia":[{"embeddable":true,"href":"https:\/\/www.aurum.com.br\/blog\/wp-json\/wp\/v2\/media\/26539"}],"wp:attachment":[{"href":"https:\/\/www.aurum.com.br\/blog\/wp-json\/wp\/v2\/media?parent=26535"}],"wp:term":[{"taxonomy":"category","embeddable":true,"href":"https:\/\/www.aurum.com.br\/blog\/wp-json\/wp\/v2\/categories?post=26535"},{"taxonomy":"post_tag","embeddable":true,"href":"https:\/\/www.aurum.com.br\/blog\/wp-json\/wp\/v2\/tags?post=26535"}],"curies":[{"name":"wp","href":"https:\/\/api.w.org\/{rel}","templated":true}]}}