{"id":25987,"date":"2023-12-04T17:47:49","date_gmt":"2023-12-04T20:47:49","guid":{"rendered":"https:\/\/www.aurum.com.br\/blog\/?p=25987"},"modified":"2024-02-01T09:50:58","modified_gmt":"2024-02-01T12:50:58","slug":"lei-de-acesso-a-informacao","status":"publish","type":"post","link":"https:\/\/www.aurum.com.br\/blog\/lei-de-acesso-a-informacao\/","title":{"rendered":"Lei de Acesso \u00e0 Informa\u00e7\u00e3o: um instrumento legal de transpar\u00eancia e responsabilidade democr\u00e1tica"},"content":{"rendered":"<div id=\"bsf_rt_marker\"><\/div>\n<pre class=\"wp-block-preformatted\">A<strong> Lei de Acesso \u00e0 Informa\u00e7\u00e3o <\/strong>(Lei 12.527\/2011) garante o direito fundamental do cidad\u00e3o de requisitar informa\u00e7\u00f5es p\u00fablicas aos \u00f3rg\u00e3os governamentais. Essa legisla\u00e7\u00e3o visa promover a transpar\u00eancia e o acesso \u00e0 informa\u00e7\u00e3o, fortalecendo a participa\u00e7\u00e3o democr\u00e1tica e o controle social.<\/pre>\n\n\n\n<p>A Lei de Acesso \u00e0 Informa\u00e7\u00e3o (Lei 12.527\/2011) \u00e9 mais do que um conjunto de normas, \u00e9 uma ferramenta poderosa que coloca nas m\u00e3os dos cidad\u00e3os o direito de questionar, entender e moldar o funcionamento dos \u00f3rg\u00e3os p\u00fablicos.<\/p>\n\n\n\n<p>Imagine poder <strong>acompanhar de perto os gastos p\u00fablicos da sua cidade<\/strong>. Com a Lei de Acesso \u00e0 Informa\u00e7\u00e3o, essa possibilidade se torna real.&nbsp;<\/p>\n\n\n\n<p>Dessa forma, \u00e9 poss\u00edvel solicitar detalhes sobre como o dinheiro dos impostos est\u00e1 sendo aplicado, promovendo um controle social mais efetivo sobre as finan\u00e7as governamentais do seu munic\u00edpio.<\/p>\n\n\n\n<p>As decis\u00f5es relacionadas a pol\u00edticas ambientais e urban\u00edsticas tamb\u00e9m est\u00e3o ao seu alcance. Ao solicitar dados sobre projetos, licenciamentos e impactos ambientais, voc\u00ea se torna parte ativa na constru\u00e7\u00e3o e preserva\u00e7\u00e3o do ambiente em que vive.<\/p>\n\n\n\n<p>E quando as elei\u00e7\u00f5es se aproximam, a transpar\u00eancia eleitoral se torna uma prioridade. Utilize a lei de acesso \u00e0 Informa\u00e7\u00e3o para requisitar informa\u00e7\u00f5es sobre candidatos, financiamento de campanhas e propostas de governo.<\/p>\n\n\n\n<p>Al\u00e9m disso, a lei \u00e9 uma aliada na avalia\u00e7\u00e3o de pol\u00edticas p\u00fablicas. Ao requisitar dados sobre programas sociais e de sa\u00fade, por exemplo, voc\u00ea contribui para a avalia\u00e7\u00e3o da efic\u00e1cia dessas iniciativas, promovendo discuss\u00f5es embasadas sobre seu direcionamento e aprimoramento.<\/p>\n\n\n\n<p>Ao aplicar a Lei de Acesso \u00e0 Informa\u00e7\u00e3o em situa\u00e7\u00f5es como essas, h\u00e1 o <strong>exerc\u00edcio do direito de cidadania e voc\u00ea se torna parte ativa na constru\u00e7\u00e3o de uma sociedade mais transparente, informada e democr\u00e1tica<\/strong>.&nbsp;<\/p>\n\n\n\n<p>Continue a leitura e entenda os recursos legais que essa legisla\u00e7\u00e3o oferece, transformando-a em uma ferramenta poderosa para o bem comum!<\/p>\n\n\n\n<h2 class=\"wp-block-heading\">O que diz a Lei de Acesso \u00e0 Informa\u00e7\u00e3o?<\/h2>\n\n\n\n<p>A Lei de Acesso \u00e0 Informa\u00e7\u00e3o (<a href=\"https:\/\/www.planalto.gov.br\/ccivil_03\/_ato2011-2014\/2011\/lei\/l12527.htm\" target=\"_blank\" rel=\"noopener\">Lei 12.527\/2011<\/a>) no Brasi<strong>l estabelece as regras para que cidad\u00e3os possam solicitar e receber informa\u00e7\u00f5es p\u00fablicas dos \u00f3rg\u00e3os e entidades governamentais<\/strong>.&nbsp;<\/p>\n\n\n\n<p>Confira abaixo algumas disposi\u00e7\u00f5es importantes da lei:<\/p>\n\n\n\n<h3 class=\"wp-block-heading\">Princ\u00edpio da Publicidade<\/h3>\n\n\n\n<p>As informa\u00e7\u00f5es produzidas ou custodiadas pelo governo s\u00e3o consideradas p\u00fablicas, e seu acesso deve ser facilitado, respeitando as exce\u00e7\u00f5es previstas na pr\u00f3pria lei.<\/p>\n\n\n\n<h3 class=\"wp-block-heading\">Prazos para Resposta<\/h3>\n\n\n\n<p>Os \u00f3rg\u00e3os p\u00fablicos t\u00eam prazos definidos para responder \u00e0s solicita\u00e7\u00f5es de informa\u00e7\u00e3o, que geralmente s\u00e3o de 20 dias, podendo ser prorrogados por mais 10 dias em situa\u00e7\u00f5es espec\u00edficas.<\/p>\n\n\n\n<h3 class=\"wp-block-heading\">Gratuidade<\/h3>\n\n\n\n<p>O acesso \u00e0 informa\u00e7\u00e3o \u00e9, em regra, gratuito. As taxas s\u00f3 podem ser aplicadas em situa\u00e7\u00f5es espec\u00edficas e devem ser justificadas.<\/p>\n\n\n\n<h3 class=\"wp-block-heading\">Divulga\u00e7\u00e3o Ativa<\/h3>\n\n\n\n<p>Al\u00e9m das solicita\u00e7\u00f5es individuais, a lei estabelece que os \u00f3rg\u00e3os p\u00fablicos devem promover a divulga\u00e7\u00e3o proativa de informa\u00e7\u00f5es de interesse p\u00fablico, facilitando o acesso do cidad\u00e3o.<\/p>\n\n\n\n<h3 class=\"wp-block-heading\">Informa\u00e7\u00f5es Sigilosas<\/h3>\n\n\n\n<p>Existem exce\u00e7\u00f5es para informa\u00e7\u00f5es que, por sua natureza, devem ser protegidas, como aquelas relacionadas \u00e0 seguran\u00e7a nacional, \u00e0 privacidade e a segredos comerciais.<\/p>\n\n\n\n<h3 class=\"wp-block-heading\">Recurso em Caso de Negativa<\/h3>\n\n\n\n<p>Caso o pedido de informa\u00e7\u00e3o seja negado, o solicitante tem o direito de recorrer, apresentando recursos para revis\u00e3o da decis\u00e3o.<\/p>\n\n\n\n<p>A Lei de Acesso \u00e0 Informa\u00e7\u00e3o tem como objetivo principal promover a transpar\u00eancia governamental, fortalecer a participa\u00e7\u00e3o democr\u00e1tica e permitir que os cidad\u00e3os exer\u00e7am seu direito fundamental de acesso \u00e0 informa\u00e7\u00e3o produzida ou custodiada pelos \u00f3rg\u00e3os p\u00fablicos.<\/p>\n\n\n\n<figure class=\"wp-block-image size-full\"><img decoding=\"async\" width=\"1080\" height=\"1080\" src=\"https:\/\/www.aurum.com.br\/blog\/wp-content\/uploads\/2023\/12\/o-que-e-lei-de-acesso-a-informacao.jpg\" alt=\"Entenda o que \u00e9 a lei de acesso \u00e0 informa\u00e7\u00e3o\" class=\"wp-image-25988\" srcset=\"https:\/\/www.aurum.com.br\/blog\/wp-content\/uploads\/2023\/12\/o-que-e-lei-de-acesso-a-informacao.jpg 1080w, https:\/\/www.aurum.com.br\/blog\/wp-content\/uploads\/2023\/12\/o-que-e-lei-de-acesso-a-informacao-300x300.jpg 300w, https:\/\/www.aurum.com.br\/blog\/wp-content\/uploads\/2023\/12\/o-que-e-lei-de-acesso-a-informacao-150x150.jpg 150w, https:\/\/www.aurum.com.br\/blog\/wp-content\/uploads\/2023\/12\/o-que-e-lei-de-acesso-a-informacao-768x768.jpg 768w\" sizes=\"(max-width: 1080px) 100vw, 1080px\" \/><figcaption class=\"wp-element-caption\">Veja o que \u00e9 a Lei de Acesso \u00e0 Informa\u00e7\u00e3o<\/figcaption><\/figure>\n\n\n\n<h2 class=\"wp-block-heading\">O que pode ser pedido na Lei de Acesso \u00e0 Informa\u00e7\u00e3o?<\/h2>\n\n\n\n<p>De acordo com a Lei de Acesso \u00e0 Informa\u00e7\u00e3o no Brasil, os cidad\u00e3os t\u00eam o direito de solicitar uma ampla variedade de informa\u00e7\u00f5es p\u00fablicas.&nbsp;<\/p>\n\n\n\n<p>Alguns exemplos do que pode ser requisitado incluem:<\/p>\n\n\n\n<h3 class=\"wp-block-heading\">Documentos Administrativos<\/h3>\n\n\n\n<p>Relat\u00f3rios, pareceres, estudos, an\u00e1lises e quaisquer outros documentos utilizados na tomada de decis\u00f5es administrativas.<\/p>\n\n\n\n<h3 class=\"wp-block-heading\">Dados Or\u00e7ament\u00e1rios e Financeiros<\/h3>\n\n\n\n<p>Informa\u00e7\u00f5es sobre or\u00e7amento p\u00fablico, gastos, receitas, licita\u00e7\u00f5es, contratos e conv\u00eanios celebrados pelo \u00f3rg\u00e3o p\u00fablico.<\/p>\n\n\n\n<h3 class=\"wp-block-heading\">Informa\u00e7\u00f5es sobre Servi\u00e7os P\u00fablicos<\/h3>\n\n\n\n<p>Detalhes sobre a presta\u00e7\u00e3o de servi\u00e7os p\u00fablicos, incluindo pol\u00edticas, programas, projetos e resultados alcan\u00e7ados.<\/p>\n\n\n\n<h3 class=\"wp-block-heading\">Dados sobre Recursos Humanos<\/h3>\n\n\n\n<p>Informa\u00e7\u00f5es relacionadas a servidores p\u00fablicos, como estrutura de cargos, sal\u00e1rios, benef\u00edcios e despesas com pessoal.<\/p>\n\n\n\n<h3 class=\"wp-block-heading\">Dados Ambientais<\/h3>\n\n\n\n<p>Informa\u00e7\u00f5es sobre pol\u00edticas e a\u00e7\u00f5es ambientais, licenciamentos, estudos de impacto ambiental, entre outros.<\/p>\n\n\n\n<h3 class=\"wp-block-heading\">Registros de Atividades<\/h3>\n\n\n\n<p>Registros de atividades realizadas pelo \u00f3rg\u00e3o, como atas de reuni\u00f5es, di\u00e1rios oficiais, registros de audi\u00eancias p\u00fablicas, entre outros.<\/p>\n\n\n\n<h3 class=\"wp-block-heading\">Informa\u00e7\u00f5es Educacionais<\/h3>\n\n\n\n<p>Dados sobre institui\u00e7\u00f5es de ensino, estat\u00edsticas educacionais, programas e projetos na \u00e1rea de educa\u00e7\u00e3o.<\/p>\n\n\n\n<h3 class=\"wp-block-heading\">Informa\u00e7\u00f5es de Sa\u00fade<\/h3>\n\n\n\n<p>Dados sobre pol\u00edticas de sa\u00fade, informa\u00e7\u00f5es epidemiol\u00f3gicas, programas de preven\u00e7\u00e3o, entre outros.<\/p>\n\n\n\n<h3 class=\"wp-block-heading\">Dados Estat\u00edsticos<\/h3>\n\n\n\n<p>Estat\u00edsticas oficiais produzidas pelo \u00f3rg\u00e3o, como \u00edndices econ\u00f4micos, demogr\u00e1ficos, sociais, entre outros.<\/p>\n\n\n\n<h3 class=\"wp-block-heading\">Informa\u00e7\u00f5es Geoespaciais<\/h3>\n\n\n\n<p>Dados cartogr\u00e1ficos, mapas e informa\u00e7\u00f5es geoespaciais mantidas pelo \u00f3rg\u00e3o p\u00fablico.<\/p>\n\n\n\n<p>Essa lista n\u00e3o \u00e9 exaustiva, e a Lei de Acesso \u00e0 Informa\u00e7\u00e3o preconiza que as informa\u00e7\u00f5es produzidas ou custodiadas pelo governo s\u00e3o, em regra, p\u00fablicas, o que permite aos cidad\u00e3os solicitar uma ampla gama de documentos e dados.<\/p>\n\n\n\n<p>Vale ressaltar que <strong>existem exce\u00e7\u00f5es para informa\u00e7\u00f5es sigilosas, que s\u00e3o protegidas por lei.<\/strong><\/p>\n\n\n\n<h2 class=\"wp-block-heading\">Quem pode solicitar acesso \u00e0 informa\u00e7\u00e3o?<\/h2>\n\n\n\n<p>A Lei de Acesso \u00e0 Informa\u00e7\u00e3o estabelece que <strong>qualquer pessoa, seja f\u00edsica ou jur\u00eddica, brasileira ou estrangeira, tem o direito de solicitar acesso \u00e0s informa\u00e7\u00f5es p\u00fablicas.<\/strong><\/p>\n\n\n\n<p>N\u00e3o h\u00e1 requisitos espec\u00edficos ou restri\u00e7\u00f5es quanto \u00e0 condi\u00e7\u00e3o social, idade, profiss\u00e3o ou nacionalidade.<\/p>\n\n\n\n<p>Portanto, todos os cidad\u00e3os e entidades podem requisitar informa\u00e7\u00f5es de \u00f3rg\u00e3os e entidades governamentais, promovendo a transpar\u00eancia e fortalecendo a participa\u00e7\u00e3o democr\u00e1tica.<\/p>\n\n\n\n<p>O processo \u00e9 simplificado, n\u00e3o exigindo justificativa para a solicita\u00e7\u00e3o, garantindo assim um amplo acesso \u00e0 informa\u00e7\u00e3o para o benef\u00edcio da sociedade.<\/p>\n\n\n\n<h2 class=\"wp-block-heading\">Quais as restri\u00e7\u00f5es de acesso \u00e0 informa\u00e7\u00e3o previstas na Lei?<\/h2>\n\n\n\n<p>Embora a Lei de Acesso \u00e0 Informa\u00e7\u00e3o promova a transpar\u00eancia governamental, algumas restri\u00e7\u00f5es foram estabelecidas para proteger determinados interesses.&nbsp;<\/p>\n\n\n\n<p>Abaixo est\u00e3o elencadas as principais limita\u00e7\u00f5es:<\/p>\n\n\n\n<h3 class=\"wp-block-heading\">Informa\u00e7\u00f5es Sigilosas<\/h3>\n\n\n\n<p>Certas informa\u00e7\u00f5es est\u00e3o sujeitas a sigilo, como <strong>aquelas relacionadas \u00e0 seguran\u00e7a nacional, \u00e0 defesa e \u00e0s rela\u00e7\u00f5es internacionais<\/strong>. Documentos classificados como ultrassecretos, secretos ou reservados possuem restri\u00e7\u00f5es de acesso.<\/p>\n\n\n\n<h3 class=\"wp-block-heading\">Privacidade e Dados Pessoais<\/h3>\n\n\n\n<p>Para proteger a privacidade, dados pessoais sens\u00edveis e informa\u00e7\u00f5es que possam violar a intimidade de indiv\u00edduos n\u00e3o s\u00e3o divulgados. \u00c9 necess\u00e1rio equilibrar o direito \u00e0 informa\u00e7\u00e3o com a prote\u00e7\u00e3o da vida privada.<\/p>\n\n\n\n<h3 class=\"wp-block-heading\">Segredo Comercial e Industrial<\/h3>\n\n\n\n<p>Informa\u00e7\u00f5es que comp\u00f5em segredos comerciais e industriais podem ter restri\u00e7\u00f5es para preservar a competitividade das empresas. A divulga\u00e7\u00e3o desses dados pode ser limitada para n\u00e3o prejudicar interesses leg\u00edtimos.<\/p>\n\n\n\n<h3 class=\"wp-block-heading\">Processos em Andamento<\/h3>\n\n\n\n<p>Documentos relacionados a processos administrativos ou judiciais em andamento podem ter restri\u00e7\u00f5es para evitar interfer\u00eancias indevidas nos procedimentos.<\/p>\n\n\n\n<h3 class=\"wp-block-heading\">Preju\u00edzo \u00e0 Condu\u00e7\u00e3o de Pol\u00edticas P\u00fablicas<\/h3>\n\n\n\n<p>Em casos onde a divulga\u00e7\u00e3o de informa\u00e7\u00f5es pode prejudicar a execu\u00e7\u00e3o de pol\u00edticas p\u00fablicas, o acesso pode ser restrito para garantir a efic\u00e1cia das a\u00e7\u00f5es governamentais.<\/p>\n\n\n\n<h3 class=\"wp-block-heading\">Outras Restri\u00e7\u00f5es Legais Espec\u00edficas<\/h3>\n\n\n\n<p>Al\u00e9m das categorias mencionadas, a lei prev\u00ea outras restri\u00e7\u00f5es espec\u00edficas que podem variar conforme o contexto legal, como informa\u00e7\u00f5es protegidas por direitos autorais e aquelas que envolvem pesquisas cient\u00edficas.<\/p>\n\n\n\n<p>Essas<strong> restri\u00e7\u00f5es s\u00e3o fundamentais para equilibrar o direito \u00e0 informa\u00e7\u00e3o com outros valores e interesses leg\u00edtimos<\/strong>.<\/p>\n\n\n\n<p>A Lei de Acesso \u00e0 Informa\u00e7\u00e3o busca encontrar um ponto de equil\u00edbrio, promovendo a transpar\u00eancia sem comprometer quest\u00f5es sens\u00edveis e estrat\u00e9gicas para o Estado e para a sociedade.<\/p>\n\n\n\n<style>\n    #adpost-block_30410c9de27226885780cc90a36ccc97.anuncio-post-reverse {\n        display: flex;\n        gap: 24px;\n        border-radius: 8px;\n        width: 100%;\n        max-width: 752px;\n        padding: 40px;\n        background: #e7f4fe;\n        margin: 16px auto;\n    }\n\n    #adpost-block_30410c9de27226885780cc90a36ccc97 .anuncio-container {\n        display: flex;\n        flex-direction: column;\n        gap: 24px;\n        width: 100%;\n        max-width: 333px;\n    }\n\n    #adpost-block_30410c9de27226885780cc90a36ccc97 .anuncio-container .logo {\n        width: 100%;\n        max-width: 177px;\n        margin: 0;\n    }\n\n    #adpost-block_30410c9de27226885780cc90a36ccc97 .anuncio-text-container {\n        display: flex;\n        flex-direction: column;\n        gap: 24px;\n    }\n\n    #adpost-block_30410c9de27226885780cc90a36ccc97 .anuncio-text-container .title {\n        font-family: 'Ubuntu';\n        font-size: 1.5rem; \/\/24px\n        font-weight: 700;\n        line-height: 120%;\n        margin: 0;\n        color: #000;\n    }\n\n    #adpost-block_30410c9de27226885780cc90a36ccc97 .anuncio-text-container .text {\n        font-size: 0.875rem;\n        font-weight: 400;\n        line-height: 170%;\n        color: #000;\n    }\n\n    #adpost-block_30410c9de27226885780cc90a36ccc97 .anuncio-container .button {\n        display: inline-flex;\n        align-items: center;\n        justify-content: center;\n        width: fit-content;\n        height: 48px;\n        border-radius: 8px;\n        padding: 12px 24px;\n        font-size: 1rem;\n        font-weight: 600;\n        text-decoration: none;\n        background: #008fd5;\n        color: #fff;\n    }\n\n    #adpost-block_30410c9de27226885780cc90a36ccc97 .image-container {\n        position: relative;\n        width: 100%;\n        height: 100%;\n    }\n\n    #adpost-block_30410c9de27226885780cc90a36ccc97 .image-container.float {\n        min-height: 236px;\n    }\n\n    #adpost-block_30410c9de27226885780cc90a36ccc97 .image-container .image-desktop {\n        width: 100%;\n        max-width: 323px;\n        object-fit: contain;\n        margin: 0;\n    }\n\n    #adpost-block_30410c9de27226885780cc90a36ccc97 .image-container .image-mobile {\n        display: none;\n        width: 100%;\n        max-width: 291px;\n        object-fit: contain;\n        margin: 0;\n    }\n\n    #adpost-block_30410c9de27226885780cc90a36ccc97 .image-container.float .image-desktop,\n    #adpost-block_30410c9de27226885780cc90a36ccc97 .image-container.float .image-mobile {\n        position: absolute;\n        right: 0;\n        bottom: 0;\n    }\n\n    #adpost-block_30410c9de27226885780cc90a36ccc97 .image-container img {\n        border-radius: 8px;\n    }\n\n    \/************\n    * MOBILE \n    *************\/\n    @media (max-width: 1439px) {\n        #adpost-block_30410c9de27226885780cc90a36ccc97.anuncio-post-reverse {\n            flex-direction: column-reverse;\n            max-width: fit-content;\n            padding: 24px;\n        }\n\n        #adpost-block_30410c9de27226885780cc90a36ccc97 .anuncio-container {\n            max-width: 280px;\n            align-items: center;\n        }\n\n        #adpost-block_30410c9de27226885780cc90a36ccc97 .anuncio-container .logo {\n            max-width: 147px;\n        }\n\n        #adpost-block_30410c9de27226885780cc90a36ccc97 .anuncio-text-container {\n            gap: 8px;\n        }\n\n        #adpost-block_30410c9de27226885780cc90a36ccc97 .anuncio-text-container .title {\n            font-size: 1.25rem;\n            text-align: center;\n        }\n\n        #adpost-block_30410c9de27226885780cc90a36ccc97 .anuncio-text-container .text {\n            text-align: center;\n        }\n\n        #adpost-block_30410c9de27226885780cc90a36ccc97 .anuncio-container .button {\n            width: 100%;\n        }\n\n        #adpost-block_30410c9de27226885780cc90a36ccc97 .image-container.float {\n            min-height: 182px;\n        }\n\n        #adpost-block_30410c9de27226885780cc90a36ccc97 .image-container .image-desktop {\n            display: none;\n        }\n\n        #adpost-block_30410c9de27226885780cc90a36ccc97 .image-container .image-mobile {\n            display: block;\n        }\n    }\n\n    \/*******************\n    * RESET GLOBAL CSS \n    ********************\/\n    #s-post main article .content .image-container img {\n        margin: 0;\n    }\n<\/style>\n\n\n<article id=\"adpost-block_30410c9de27226885780cc90a36ccc97\" class=\"anuncio-post-reverse\">\n    <div class=\"anuncio-container\">\n        \n        <div class=\"anuncio-text-container\">\n             <h3 class=\"title\" >Seja protagonista da sua advocacia com o Astrea<\/h3>\n            <div class=\"text\" >Tenha tempo para focar no crescimento do seu escrit\u00f3rio, enquanto o Astrea cuida da sua gest\u00e3o jur\u00eddica com intelig\u00eancia.<\/div>        <\/div>\n       \n        <a class=\"button\" href=\"\/astrea\/?utm_source=blog&#038;utm_medium=adpost&#038;utm_campaign=campanha-marca-2026\" target=\"_self\">Conhe\u00e7a o Astrea<\/a>    <\/div>\n\n    <div class=\"image-container\">\n        <img decoding=\"async\" class=\"image-desktop\" src=\"https:\/\/www.aurum.com.br\/blog\/wp-content\/uploads\/2026\/03\/adpos-posicionamento-2026-desktop.png\" alt=\"\" \/>\n        <img decoding=\"async\" class=\"image-mobile\" src=\"https:\/\/www.aurum.com.br\/blog\/wp-content\/uploads\/2026\/03\/adpost-posicionamento-2026-mobile.png\" alt=\"\" \/>    <\/div>\n<\/article>\n\n\n<h2 class=\"wp-block-heading\">Quais s\u00e3o os princ\u00edpios da Lei de Acesso \u00e0 Informa\u00e7\u00e3o?<\/h2>\n\n\n\n<p>A Lei de Acesso \u00e0 Informa\u00e7\u00e3o (Lei 12.527\/2011) <strong>estabelece princ\u00edpios fundamentais que norteiam a busca pela transpar\u00eancia e fortalecem a participa\u00e7\u00e3o democr\u00e1tica<\/strong>.<\/p>\n\n\n\n<p>Esses princ\u00edpios refletem a ess\u00eancia da legisla\u00e7\u00e3o e moldam o modo como as informa\u00e7\u00f5es p\u00fablicas devem ser geridas. Aqui est\u00e3o alguns dos princ\u00edpios:<\/p>\n\n\n\n<h3 class=\"wp-block-heading\">Princ\u00edpio da Publicidade<\/h3>\n\n\n\n<p>As informa\u00e7\u00f5es produzidas ou custodiadas pelo governo s\u00e3o consideradas p\u00fablicas por padr\u00e3o, promovendo a divulga\u00e7\u00e3o ativa e o acesso amplo, salvo as exce\u00e7\u00f5es previstas na pr\u00f3pria lei.<\/p>\n\n\n\n<h3 class=\"wp-block-heading\">Princ\u00edpio da Transpar\u00eancia<\/h3>\n\n\n\n<p>Estimula a clareza e a compreensibilidade das informa\u00e7\u00f5es, garantindo que sejam apresentadas de forma acess\u00edvel e compreens\u00edvel para a sociedade, promovendo a transpar\u00eancia na administra\u00e7\u00e3o p\u00fablica.<\/p>\n\n\n\n<h3 class=\"wp-block-heading\">Princ\u00edpio da Boa-F\u00e9<\/h3>\n\n\n\n<p>Incentiva a honestidade e a integridade na disponibiliza\u00e7\u00e3o de informa\u00e7\u00f5es, refor\u00e7ando a import\u00e2ncia da coopera\u00e7\u00e3o entre o \u00f3rg\u00e3o p\u00fablico e o solicitante.<\/p>\n\n\n\n<h3 class=\"wp-block-heading\">Princ\u00edpio da Efici\u00eancia<\/h3>\n\n\n\n<p>Busca assegurar que o processo de fornecimento de informa\u00e7\u00f5es seja eficaz e c\u00e9lere, estabelecendo prazos para resposta e garantindo que o acesso \u00e0 informa\u00e7\u00e3o seja um processo eficiente.<\/p>\n\n\n\n<h3 class=\"wp-block-heading\">Princ\u00edpio da Gratuidade<\/h3>\n\n\n\n<p>Determina que o acesso \u00e0 informa\u00e7\u00e3o \u00e9, em regra, gratuito. Taxas s\u00f3 podem ser aplicadas em situa\u00e7\u00f5es espec\u00edficas, e sua cobran\u00e7a deve ser justificada.<\/p>\n\n\n\n<h3 class=\"wp-block-heading\">Princ\u00edpio da Divulga\u00e7\u00e3o Proativa<\/h3>\n\n\n\n<p>Al\u00e9m das solicita\u00e7\u00f5es individuais, a lei incentiva que \u00f3rg\u00e3os p\u00fablicos promovam a divulga\u00e7\u00e3o ativa de informa\u00e7\u00f5es de interesse p\u00fablico, facilitando o acesso do cidad\u00e3o.<\/p>\n\n\n\n<h3 class=\"wp-block-heading\">Princ\u00edpio da Sigilo e Restri\u00e7\u00f5es Legais<\/h3>\n\n\n\n<p>Reconhece a import\u00e2ncia de preservar informa\u00e7\u00f5es sens\u00edveis, como aquelas relacionadas \u00e0 seguran\u00e7a nacional, \u00e0 privacidade e a segredos comerciais, garantindo restri\u00e7\u00f5es legais quando necess\u00e1rio.<\/p>\n\n\n\n<h3 class=\"wp-block-heading\">Princ\u00edpio da Presun\u00e7\u00e3o de Sigilo Menos Restritivo<\/h3>\n\n\n\n<p>Orienta que, ao classificar uma informa\u00e7\u00e3o como sigilosa, o \u00f3rg\u00e3o p\u00fablico deve preferir o grau menos restritivo poss\u00edvel, preservando o direito \u00e0 informa\u00e7\u00e3o na medida do poss\u00edvel.<\/p>\n\n\n\n<p>Esses <strong>princ\u00edpios atuam como alicerce para uma administra\u00e7\u00e3o p\u00fablica mais transparente e respons\u00e1vel<\/strong>, refletindo o compromisso de promover a participa\u00e7\u00e3o ativa dos cidad\u00e3os na constru\u00e7\u00e3o de uma sociedade informada e democr\u00e1tica.<\/p>\n\n\n\n<h2 class=\"wp-block-heading\">Coment\u00e1rio aos artigos 23 e 24 da Lei de acesso \u00e0 informa\u00e7\u00e3o:<\/h2>\n\n\n\n<figure class=\"wp-block-pullquote classe bq-small\"><blockquote><p>Art. 23. S\u00e3o consideradas imprescind\u00edveis \u00e0 seguran\u00e7a da sociedade ou do Estado e, portanto, pass\u00edveis de classifica\u00e7\u00e3o as informa\u00e7\u00f5es cuja divulga\u00e7\u00e3o ou acesso irrestrito possam:<br>I &#8211; p\u00f4r em risco a defesa e a soberania nacionais ou a integridade do territ\u00f3rio nacional;<br>II &#8211; prejudicar ou p\u00f4r em risco a condu\u00e7\u00e3o de negocia\u00e7\u00f5es ou as rela\u00e7\u00f5es internacionais do Pa\u00eds, ou as que tenham sido fornecidas em car\u00e1ter sigiloso por outros Estados e organismos internacionais;<br>III &#8211; p\u00f4r em risco a vida, a seguran\u00e7a ou a sa\u00fade da popula\u00e7\u00e3o;<br>IV &#8211; oferecer elevado risco \u00e0 estabilidade financeira, econ\u00f4mica ou monet\u00e1ria do Pa\u00eds;<br>V &#8211; prejudicar ou causar risco a planos ou opera\u00e7\u00f5es estrat\u00e9gicos das For\u00e7as Armadas;<br>VI &#8211; prejudicar ou causar risco a projetos de pesquisa e desenvolvimento cient\u00edfico ou tecnol\u00f3gico, assim como a sistemas, bens, instala\u00e7\u00f5es ou \u00e1reas de interesse estrat\u00e9gico nacional;<br>VII &#8211; p\u00f4r em risco a seguran\u00e7a de institui\u00e7\u00f5es ou de altas autoridades nacionais ou estrangeiras e seus familiares; ou<br>VIII &#8211; comprometer atividades de intelig\u00eancia, bem como de investiga\u00e7\u00e3o ou fiscaliza\u00e7\u00e3o em andamento, relacionadas com a preven\u00e7\u00e3o ou repress\u00e3o de infra\u00e7\u00f5es.<\/p><\/blockquote><\/figure>\n\n\n\n<p>O <strong>Artigo 23 da Lei de Acesso \u00e0 Informa\u00e7\u00e3o (Lei 12.527\/2011) delineia criteriosamente as circunst\u00e2ncias nas quais a divulga\u00e7\u00e3o irrestrita de informa\u00e7\u00f5es pode ser considerada uma amea\u00e7a \u00e0 seguran\u00e7a<\/strong> da sociedade ou do Estado.&nbsp;<\/p>\n\n\n\n<p>Este artigo estabelece as bases para a classifica\u00e7\u00e3o de informa\u00e7\u00f5es como ultrassecretas, secretas ou reservadas, visando salvaguardar interesses essenciais.<\/p>\n\n\n\n<p>A divulga\u00e7\u00e3o ou acesso irrestrito a informa\u00e7\u00f5es espec\u00edficas poderia, por exemplo, p\u00f4r em risco a defesa e soberania nacionais (item I), prejudicar negocia\u00e7\u00f5es internacionais ou expor informa\u00e7\u00f5es sigilosas fornecidas por outros Estados (item II), ou ainda comprometer a seguran\u00e7a da popula\u00e7\u00e3o, seja em termos de sa\u00fade p\u00fablica (item III) ou estabilidade financeira do pa\u00eds (item IV).<\/p>\n\n\n\n<p>Destaca-se tamb\u00e9m a preocupa\u00e7\u00e3o com a seguran\u00e7a das For\u00e7as Armadas (item V) e com projetos estrat\u00e9gicos de pesquisa e desenvolvimento cient\u00edfico ou tecnol\u00f3gico (item VI).&nbsp;<\/p>\n\n\n\n<p>A prote\u00e7\u00e3o \u00e0 seguran\u00e7a de institui\u00e7\u00f5es ou altas autoridades nacionais ou estrangeiras, bem como suas fam\u00edlias, \u00e9 contemplada no item VII.<\/p>\n\n\n\n<p>Ademais, o item VIII resguarda atividades de intelig\u00eancia, investiga\u00e7\u00e3o e fiscaliza\u00e7\u00e3o em andamento relacionadas \u00e0 preven\u00e7\u00e3o ou repress\u00e3o de infra\u00e7\u00f5es.<\/p>\n\n\n\n<p>Essas disposi\u00e7\u00f5es ilustram o compromisso da legisla\u00e7\u00e3o em conciliar o direito \u00e0 informa\u00e7\u00e3o com a necessidade de resguardar aspectos cr\u00edticos para a seguran\u00e7a nacional.&nbsp;<\/p>\n\n\n\n<p>O entendimento e aplica\u00e7\u00e3o respons\u00e1vel desses crit\u00e9rios s\u00e3o essenciais para manter o equil\u00edbrio entre a transpar\u00eancia governamental e a prote\u00e7\u00e3o de interesses vitais, promovendo uma sociedade informada e segura.<\/p>\n\n\n\n<figure class=\"wp-block-pullquote classe bq-small\"><blockquote><p>Art. 24. A informa\u00e7\u00e3o em poder dos \u00f3rg\u00e3os e entidades p\u00fablicas, observado o seu teor e em raz\u00e3o de sua imprescindibilidade \u00e0 seguran\u00e7a da sociedade ou do Estado, poder\u00e1 ser classificada como ultrassecreta, secreta ou reservada.<br>\u00a7 1\u00ba Os prazos m\u00e1ximos de restri\u00e7\u00e3o de acesso \u00e0 informa\u00e7\u00e3o, conforme a classifica\u00e7\u00e3o prevista no caput, vigoram a partir da data de sua produ\u00e7\u00e3o e s\u00e3o os seguintes:<br>I &#8211; ultrassecreta: 25 (vinte e cinco) anos;<br>II &#8211; secreta: 15 (quinze) anos; e<br>III &#8211; reservada: 5 (cinco) anos.<\/p><\/blockquote><\/figure>\n\n\n\n<p>O<strong> Artigo 24 da Lei de Acesso \u00e0 Informa\u00e7\u00e3o (Lei 12.527\/2011) estabelece as diretrizes para a classifica\u00e7\u00e3o da informa\u00e7\u00e3o em poder dos \u00f3rg\u00e3os e entidades p\u00fablicas<\/strong>, considerando sua import\u00e2ncia para a seguran\u00e7a da sociedade ou do Estado. Esta classifica\u00e7\u00e3o ocorre em tr\u00eas n\u00edveis: ultrassecreta, secreta ou reservada.<\/p>\n\n\n\n<p>A classifica\u00e7\u00e3o ultrassecreta, a de maior restri\u00e7\u00e3o, imp\u00f5e um prazo m\u00e1ximo de 25 anos para o acesso \u00e0 informa\u00e7\u00e3o. Este prazo, que inicia a partir da data de sua produ\u00e7\u00e3o, destaca a natureza sens\u00edvel e duradoura das informa\u00e7\u00f5es classificadas neste patamar.<\/p>\n\n\n\n<p>J\u00e1 as informa\u00e7\u00f5es classificadas como secretas t\u00eam um prazo m\u00e1ximo de restri\u00e7\u00e3o de 15 anos, enquanto as reservadas possuem um prazo menor, de 5 anos. Esses prazos indicam uma gradua\u00e7\u00e3o na sensibilidade das informa\u00e7\u00f5es, permitindo um acesso mais amplo com o decorrer do tempo.<\/p>\n\n\n\n<p>Essa l\u00f3gica de prazos reflete o compromisso da legisla\u00e7\u00e3o em equilibrar a necessidade de prote\u00e7\u00e3o de informa\u00e7\u00f5es cr\u00edticas com a promo\u00e7\u00e3o da transpar\u00eancia ao longo do tempo.&nbsp;<\/p>\n\n\n\n<p>A defini\u00e7\u00e3o desses prazos busca evitar uma classifica\u00e7\u00e3o indefinida e estimula a revis\u00e3o peri\u00f3dica da necessidade de restri\u00e7\u00e3o, garantindo que a sociedade tenha, em algum ponto, acesso a informa\u00e7\u00f5es que, por raz\u00f5es de seguran\u00e7a, inicialmente foram resguardadas.<\/p>\n\n\n\n<p>No entanto, a lei tamb\u00e9m preconiza que a classifica\u00e7\u00e3o deve ser realizada de forma restritiva, priorizando o menor grau de sigilo poss\u00edvel (\u00a75\u00ba, art. 24).&nbsp;<\/p>\n\n\n\n<p>Isso assegura que a restri\u00e7\u00e3o \u00e0 informa\u00e7\u00e3o seja proporcional \u00e0 sua sensibilidade, equilibrando o direito \u00e0 informa\u00e7\u00e3o com a necessidade de seguran\u00e7a.<\/p>\n\n\n\n<p>Esses artigos trabalham em conjunto para estabelecer um sistema que visa aprimorar a transpar\u00eancia e, ao mesmo tempo, proteger informa\u00e7\u00f5es que, por sua natureza, exigem cuidado especial.&nbsp;<\/p>\n\n\n\n<p>O equil\u00edbrio entre a abertura do governo e a prote\u00e7\u00e3o de informa\u00e7\u00f5es sens\u00edveis \u00e9 a base da efic\u00e1cia da Lei de Acesso \u00e0 Informa\u00e7\u00e3o na promo\u00e7\u00e3o de uma sociedade transparente e democr\u00e1tica.<\/p>\n\n\n\n<h2 class=\"wp-block-heading\">Conclus\u00e3o:&nbsp;<\/h2>\n\n\n\n<p>Compreender a Lei de Acesso \u00e0 Informa\u00e7\u00e3o revela-se de fundamental import\u00e2ncia para todos os cidad\u00e3os conscientes e, particularmente, para profissionais de advocacia comprometidos com a defesa dos princ\u00edpios democr\u00e1ticos.<\/p>\n\n\n\n<p>Ao longo deste texto, destacamos a amplitude dos direitos conferidos por essa legisla\u00e7\u00e3o, permitindo que qualquer pessoa, sem distin\u00e7\u00e3o, solicite informa\u00e7\u00f5es p\u00fablicas e participe ativamente na fiscaliza\u00e7\u00e3o do poder p\u00fablico.<\/p>\n\n\n\n<p>A <strong>Lei de Acesso \u00e0 Informa\u00e7\u00e3o assume um papel crucial na constru\u00e7\u00e3o de uma sociedade mais justa e respons\u00e1vel<\/strong>.&nbsp;<\/p>\n\n\n\n<p>\u00c0 medida que os cidad\u00e3os exercem seu direito de acesso \u00e0 informa\u00e7\u00e3o, contribuem para a forma\u00e7\u00e3o de uma opini\u00e3o p\u00fablica informada e atuante.&nbsp;<\/p>\n\n\n\n<p>Al\u00e9m disso, a transpar\u00eancia governamental \u00e9 essencial para o combate \u00e0 corrup\u00e7\u00e3o e para a promo\u00e7\u00e3o da presta\u00e7\u00e3o de contas.<\/p>\n\n\n\n<p>Para os profissionais de advocacia, a compreens\u00e3o profunda desta legisla\u00e7\u00e3o \u00e9 imperativa.&nbsp;<\/p>\n\n\n\n<p>O acesso \u00e0 informa\u00e7\u00e3o n\u00e3o apenas enriquece a pr\u00e1tica jur\u00eddica, permitindo uma representa\u00e7\u00e3o mais informada de seus clientes, mas tamb\u00e9m fortalece o papel do advogado como um defensor ativo da transpar\u00eancia e da legalidade.<\/p>\n\n\n\n<p>Em um contexto onde a \u00e9tica e a integridade s\u00e3o valores inegoci\u00e1veis, a advocacia respons\u00e1vel incorpora o entendimento e a aplica\u00e7\u00e3o eficaz da Lei de Acesso \u00e0 Informa\u00e7\u00e3o.<\/p>\n\n\n\n<p>Em suma, a transpar\u00eancia n\u00e3o \u00e9 apenas um direito, mas uma ferramenta vital para a constru\u00e7\u00e3o de uma sociedade justa e democr\u00e1tica.<\/p>\n\n\n\n<p>Ao compreender e aplicar os princ\u00edpios e diretrizes da Lei de Acesso \u00e0 Informa\u00e7\u00e3o, os profissionais de advocacia n\u00e3o apenas defendem seus clientes, mas tamb\u00e9m contribuem para a constru\u00e7\u00e3o de um ambiente jur\u00eddico e social mais transparente e equitativo.<\/p>\n\n\n\n<h3 class=\"wp-block-heading\">Mais conhecimento para voc\u00ea<\/h3>\n\n\n\n<p>Se voc\u00ea gostou deste texto e deseja seguir a leitura em temas sobre direito e advocacia, vale a pena conferir os seguintes materiais:&nbsp;&nbsp;<\/p>\n\n\n\n<ul class=\"wp-block-list\">\n<li><a href=\"https:\/\/www.aurum.com.br\/blog\/habeas-corpus\/\">Habeas Corpus: O que \u00e9, como funciona e quando cabe!<\/a><\/li>\n\n\n\n<li><a href=\"https:\/\/www.aurum.com.br\/blog\/vicio-redibitorio\/\">Principais conceitos do v\u00edcio redibit\u00f3rio, exemplos e diferen\u00e7as para a evic\u00e7\u00e3o<\/a><\/li>\n\n\n\n<li><a href=\"https:\/\/www.aurum.com.br\/blog\/impugnacao-a-contestacao\/\">Entenda o que \u00e9 impugna\u00e7\u00e3o \u00e0 contesta\u00e7\u00e3o, quando cabe, prazo [+Modelo]<\/a><\/li>\n\n\n\n<li><a href=\"https:\/\/www.aurum.com.br\/blog\/eca\/\">Entenda o que \u00e9 o ECA e qual a sua import\u00e2ncia<\/a><\/li>\n\n\n\n<li><a href=\"https:\/\/www.aurum.com.br\/blog\/isencao-do-irpf-por-doenca-grave\/\" data-type=\"URL\" data-id=\"https:\/\/www.aurum.com.br\/blog\/isencao-do-irpf-por-doenca-grave\/\">Isen\u00e7\u00e3o de IRPF por Doen\u00e7a Grave: texto completo sobre o tema!<\/a><\/li>\n\n\n\n<li><a href=\"https:\/\/www.aurum.com.br\/blog\/glossario-juridico\/abandono-de-incapaz\/\" data-type=\"URL\" data-id=\"https:\/\/www.aurum.com.br\/blog\/glossario-juridico\/abandono-de-incapaz\/\">Gloss\u00e1rio jur\u00eddico: O que \u00e9 abandono de incapaz?<\/a><\/li>\n\n\n\n<li><a href=\"https:\/\/www.aurum.com.br\/blog\/glossario-juridico\/termo-de-compromisso\/\" data-type=\"URL\" data-id=\"https:\/\/www.aurum.com.br\/blog\/glossario-juridico\/termo-de-compromisso\/\">Gloss\u00e1rio Jur\u00eddico: O que \u00e9 termo de compromisso?<\/a><\/li>\n<\/ul>\n\n\n\n<p>Este conte\u00fado foi \u00fatil pra voc\u00ea? Conta aqui nos coment\u00e1rios \ud83d\ude09<\/p>\n\n\n<style>\r\n  .news-post {\r\n    background: url('https:\/\/www.aurum.com.br\/blog\/wp-content\/themes\/aurum\/img\/bg-news-artigo.svg') no-repeat top center #3C48AA;\r\n    padding: 1.5rem;\r\n    border-radius: 6px;\r\n    margin: 1rem 0;\r\n  }\r\n  .news-post .icone {\r\n    display: none;\r\n  }\r\n  .news-post .title {\r\n    font-weight: 700;\r\n    font-size: 16px;\r\n    line-height: 130%;\r\n    text-align: center;\r\n    letter-spacing: -0.5px;\r\n    color: #fff;\r\n    margin-bottom: .9375rem;\r\n  }\r\n  .news-post p {\r\n    font-size: .875rem;\r\n    line-height: 140%;\r\n    text-align: center;\r\n    color: #fff;\r\n    margin-bottom: 1.25rem;\r\n  }\r\n  .news-post .news_button_span {\r\n    font-size: .8125rem;\r\n    display: block;\r\n    padding: .125rem .3125rem;\r\n    color: #fff;\r\n    text-align:left;\r\n  }\r\n  .news-post .news_button_span a {\r\n    color: #fff !important;\r\n    text-decoration: underline;\r\n  }\r\n  .news-post form {\r\n    width: 100%;\r\n  }\r\n  .news-post label {\r\n    font-weight: 600;\r\n    font-size: .9375rem;\r\n    line-height: 1.5rem;\r\n    margin-bottom: .5rem;\r\n    color: #fff;\r\n    display: block;\r\n  }\r\n  .news-post input {\r\n    background: #fff;\r\n    border: 1px solid #CBCBD9;\r\n    box-sizing: border-box;\r\n    border-radius: 4px;\r\n    padding: .75rem 1rem;\r\n    width: 100%;\r\n  }\r\n  .news-post button {\r\n    margin-top: .875rem;\r\n    width: 100%;\r\n    min-width: auto;\r\n    background: #FCC632;\r\n    color: #3C48AA;\r\n  }\r\n  .news-post .input {\r\n    position: relative;\r\n    padding-bottom: 10px;\r\n  }\r\n  .news-post .error-message-ad {\r\n    font-size: .875rem;\r\n    line-height: 130%;\r\n    color: #D50021;\r\n    margin-left: 4px;\r\n  }\r\n  .news-post .error {\r\n    border: 1px solid #D50021;\r\n  }\r\n  .news-post #message-form-ad {\r\n    border-radius: 4px;\r\n    padding: 0.7rem;\r\n    font-size:0.8rem;\r\n    text-align: center;\r\n    align-items: center;\r\n    justify-content: center;\r\n    display: none;\r\n  }\r\n  .news-post #message-form-ad svg {\r\n    margin-right: 8px;\r\n  }\r\n\r\n  @media(min-width: 561px) {\r\n    .news-post {\r\n      position: relative;\r\n      background: url('https:\/\/www.aurum.com.br\/blog\/wp-content\/themes\/aurum\/img\/bg-news-artigo.svg') no-repeat top center #3C48AA;\r\n      width: calc(100% - 30px);\r\n    }\r\n    .news-post .icone {\r\n      display: block;\r\n      position: absolute;\r\n      right: -30px;\r\n      top: 65px;\r\n      max-width: 142px;\r\n      width: 100%;\r\n      height: auto;\r\n      margin: 0;\r\n    }\r\n    .news-post .title {\r\n      font-size: 1.125rem;\r\n      text-align: left;\r\n      \/* padding-right: 3.75rem; *\/\r\n    }\r\n    .news-post p {\r\n      font-size: 1rem;\r\n      text-align: left;\r\n      max-width: 400px;\r\n    }\r\n    .news-post .boxes {\r\n      display: flex;\r\n      align-items: flex-start;\r\n    }\r\n    .news-post button {\r\n      margin: 0 0 0 1rem;\r\n      width: 100%;\r\n      max-width: 170px;\r\n      min-width: auto;\r\n      transition: all ease .3s\r\n    }\r\n    .news-post button:hover {\r\n      opacity: 0.9;\r\n      transition: all ease .3s\r\n    }\r\n    .news-post #message-form-ad {\r\n      padding: 1.125rem;\r\n      font-size:1rem;\r\n    }\r\n    .news-post #message-form-ad svg {\r\n      margin-right: 10px;\r\n    }\r\n  }\r\n<\/style>\r\n\r\n<div class=\"news-post\">\r\n  <div class=\"title news-ad-title\">Gostou do artigo e quer evoluir a sua advocacia?<\/div>\r\n  <p class=\"news-ad-subtitle\">Assine gr\u00e1tis a Aurum News e receba uma dose semanal de conte\u00fado no seu e-mail! \u270c\ufe0f<\/p>\r\n  <img decoding=\"async\" src=\"https:\/\/www.aurum.com.br\/blog\/wp-content\/themes\/aurum\/img\/icon-news-artigo.svg\" alt=\"\" class=\"icone\">\r\n\r\n  <form method=\"post\" name=\"newsletter-ad\" id=\"aurum-newsletter-ad\">\r\n    <div class=boxes>\r\n      <div class=\"input\">\r\n        <label class=\"label-email\" htmlFor=\"email-ad\">Qual seu e-mail?<\/label>\r\n        <input type=\"email\" id=\"email-ad\" name=\"newsletter-mail-ad\" placeholder=\"Digite seu e-mail?\">\r\n        <div class=\"error-message-ad-email\">Endere\u00e7o de e-mail inv\u00e1lido ou incorreto<\/div>\r\n\r\n        <label class=\"label-select\" htmlFor=\"lawsuits-select-ad\">\r\n          Quantos processos voc\u00ea ou<br class=\"for-desktop\"\/> seu escrit\u00f3rio acompanham?\r\n        <\/label>\r\n        <div id=\"lawsuits-select-ad\" class=\"lawsuits-select select-wrapper\" tabindex=\"0\">\r\n          <div class=\"s-dropdown--styled\">\r\n          <span class=\"lawsuits-default\">\r\n            <span id=\"lawsuits-newsletter-ad\" class=\"lawsuits-default-text\" data-value=\"\">Selecione os processos<\/span>\r\n            <svg class=\"chevron\" xmlns=\"http:\/\/www.w3.org\/2000\/svg\" width=\"24\" height=\"25\" viewBox=\"0 0 24 25\" fill=\"none\">\r\n              <path d=\"M6 15.6152L12 9.61523L18 15.6152\" stroke=\"black\" stroke-width=\"2\" stroke-linecap=\"round\" stroke-linejoin=\"round\" \/>\r\n            <\/svg>\r\n          <\/span>\r\n\r\n          <ul class=\"s-dropdown u-hide\">\r\n            <li class=\"lawsuits\" data-value=\"Mais de 1000 processos\">Mais de 1000 processos<\/li>\r\n            <li class=\"lawsuits\" data-value=\"De 501 a 1000 processos\">De 501 a 1000 processos<\/li>\r\n            <li class=\"lawsuits\" data-value=\"De 151 a 500 processos\">De 151 a 500 processos<\/li>\r\n            <li class=\"lawsuits\" data-value=\"De 41 a 150 processos\">De 41 a 150 processos<\/li>\r\n            <li class=\"lawsuits\" data-value=\"At\u00e9 40 processos\">At\u00e9 40 processos<\/li>\r\n            <li class=\"lawsuits\" data-value=\"Atuo apenas no consultivo\">Atuo apenas no consultivo<\/li>\r\n            <li class=\"lawsuits\" data-value=\"Ainda sou estudante de direito\">Ainda sou estudante de direito<\/li>\r\n            <li class=\"lawsuits\" data-value=\"N\u00e3o sou da \u00e1rea jur\u00eddica\">N\u00e3o sou da \u00e1rea jur\u00eddica<\/li>\r\n          <\/ul>\r\n          <\/div>\r\n        <\/div>\r\n        <div class=\"error-message-ad-lawsuits\">Selecione algum processo<\/div>\r\n      <\/div>\r\n      <button class=\"btn btn-yellow ad-btn-desktop\" id=\"aurum-submit-ad\">Assinar gr\u00e1tis<\/button>\r\n      <button class=\"btn btn-yellow ad-btn-mobile\" id=\"aurum-submit-ad\">Assinar<\/button>\r\n    <\/div>\r\n    <span class=\"news_button_span\">Ao se cadastrar voc\u00ea declara que leu e aceitou a pol\u00edtica de privacidade e cookies do <a href=\"https:\/\/s3.sa-east-1.amazonaws.com\/publico.aurum.com.br\/contratos\/politica-de-privacidade.pdf\" target=\"_blank\" rel=\"noopener noreferrer\">site<\/a>.<\/span>\r\n  <\/form>\r\n  <div id=\"message-form-ad\"><\/div>\r\n<\/div>","protected":false},"excerpt":{"rendered":"<p>A Lei de Acesso \u00e0 Informa\u00e7\u00e3o (Lei 12.527\/2011) garante o direito fundamental do cidad\u00e3o de requisitar informa\u00e7\u00f5es p\u00fablicas aos \u00f3rg\u00e3os governamentais. Essa legisla\u00e7\u00e3o visa promover a transpar\u00eancia e o acesso \u00e0 informa\u00e7\u00e3o, fortalecendo a participa\u00e7\u00e3o democr\u00e1tica e o controle social. A Lei de Acesso \u00e0 Informa\u00e7\u00e3o (Lei 12.527\/2011) \u00e9 mais do que um conjunto de [&hellip;]<\/p>\n","protected":false},"author":128,"featured_media":25989,"comment_status":"open","ping_status":"open","sticky":false,"template":"","format":"standard","meta":{"_bbp_topic_count":0,"_bbp_reply_count":0,"_bbp_total_topic_count":0,"_bbp_total_reply_count":0,"_bbp_voice_count":0,"_bbp_anonymous_reply_count":0,"_bbp_topic_count_hidden":0,"_bbp_reply_count_hidden":0,"_bbp_forum_subforum_count":0,"inline_featured_image":false,"footnotes":""},"categories":[24],"tags":[],"class_list":["post-25987","post","type-post","status-publish","format-standard","has-post-thumbnail","hentry","category-direito-digital"],"acf":[],"_links":{"self":[{"href":"https:\/\/www.aurum.com.br\/blog\/wp-json\/wp\/v2\/posts\/25987","targetHints":{"allow":["GET"]}}],"collection":[{"href":"https:\/\/www.aurum.com.br\/blog\/wp-json\/wp\/v2\/posts"}],"about":[{"href":"https:\/\/www.aurum.com.br\/blog\/wp-json\/wp\/v2\/types\/post"}],"author":[{"embeddable":true,"href":"https:\/\/www.aurum.com.br\/blog\/wp-json\/wp\/v2\/users\/128"}],"replies":[{"embeddable":true,"href":"https:\/\/www.aurum.com.br\/blog\/wp-json\/wp\/v2\/comments?post=25987"}],"version-history":[{"count":8,"href":"https:\/\/www.aurum.com.br\/blog\/wp-json\/wp\/v2\/posts\/25987\/revisions"}],"predecessor-version":[{"id":26605,"href":"https:\/\/www.aurum.com.br\/blog\/wp-json\/wp\/v2\/posts\/25987\/revisions\/26605"}],"wp:featuredmedia":[{"embeddable":true,"href":"https:\/\/www.aurum.com.br\/blog\/wp-json\/wp\/v2\/media\/25989"}],"wp:attachment":[{"href":"https:\/\/www.aurum.com.br\/blog\/wp-json\/wp\/v2\/media?parent=25987"}],"wp:term":[{"taxonomy":"category","embeddable":true,"href":"https:\/\/www.aurum.com.br\/blog\/wp-json\/wp\/v2\/categories?post=25987"},{"taxonomy":"post_tag","embeddable":true,"href":"https:\/\/www.aurum.com.br\/blog\/wp-json\/wp\/v2\/tags?post=25987"}],"curies":[{"name":"wp","href":"https:\/\/api.w.org\/{rel}","templated":true}]}}