{"id":25661,"date":"2023-11-27T21:20:43","date_gmt":"2023-11-28T00:20:43","guid":{"rendered":"https:\/\/www.aurum.com.br\/blog\/?p=25661"},"modified":"2024-07-04T14:55:13","modified_gmt":"2024-07-04T17:55:13","slug":"abandono-de-incapaz","status":"publish","type":"post","link":"https:\/\/www.aurum.com.br\/blog\/abandono-de-incapaz\/","title":{"rendered":"O que \u00e9 abandono de incapaz e o que diz a lei"},"content":{"rendered":"<div id=\"bsf_rt_marker\"><\/div>\n<pre class=\"wp-block-preformatted\"><strong>Abandono de incapaz<\/strong> \u00e9 um crime previsto na legisla\u00e7\u00e3o de diversos pa\u00edses. \u00c9 conferido como crime quando a pessoa respons\u00e1vel pelo incapaz deixa de cumprir com suas obriga\u00e7\u00f5es. Incapaz n\u00e3o se restringe aos menores de idade ou idosos, s\u00e3o muitas as situa\u00e7\u00f5es que podem ser caracterizadas como abandono.<\/pre>\n\n\n\n<p>Abandono de incapaz \u00e9 um crime cometido por quem deveria cuidar, guardar, vigiar a v\u00edtima e pode faz\u00ea-lo com inten\u00e7\u00e3o ou apenas sendo imprudente, ocorrendo nas mais diversas situa\u00e7\u00f5es do cotidiano.&nbsp;<\/p>\n\n\n\n<p>Neste texto vamos explicar o que \u00e9 a incapacidade, dar alguns exemplos, falar sobre as consequ\u00eancias, como denunciar e outros tipos de abandono. Continue a leitura! \ud83d\ude09<br><\/p>\n\n\n\n<h2 class=\"wp-block-heading\">O que \u00e9 abandono de incapaz?<\/h2>\n\n\n\n<p>Abandono de incapaz <strong>\u00e9 um crime previsto no artigo 133 do <\/strong><a href=\"https:\/\/www.aurum.com.br\/blog\/codigo-penal-brasileiro\/\"><strong>C\u00f3digo Penal Brasileiro<\/strong><\/a>:<strong>&nbsp;<\/strong><\/p>\n\n\n\n<figure class=\"wp-block-pullquote classe bq-small\"><blockquote><p>Art. 133 &#8211; Abandonar pessoa que est\u00e1 sob seu cuidado, guarda, vigil\u00e2ncia ou autoridade, e, por qualquer motivo, incapaz de defender-se dos riscos resultantes do abandono:<\/p><\/blockquote><\/figure>\n\n\n\n<p>O abandono de incapaz pode se manifestar de diferentes formas, incluindo neglig\u00eancia, omiss\u00e3o de cuidados essenciais, priva\u00e7\u00e3o de necessidades b\u00e1sicas, exposi\u00e7\u00e3o a situa\u00e7\u00f5es de perigo, entre outras.&nbsp;<\/p>\n\n\n\n<figure class=\"wp-block-image size-full\"><img decoding=\"async\" width=\"1080\" height=\"1080\" src=\"https:\/\/www.aurum.com.br\/blog\/wp-content\/uploads\/2023\/11\/o-que-e-abandono-de-incapaz.jpg\" alt=\"Entenda o que diz a lei sobre abandono de incapaz\" class=\"wp-image-25662\" srcset=\"https:\/\/www.aurum.com.br\/blog\/wp-content\/uploads\/2023\/11\/o-que-e-abandono-de-incapaz.jpg 1080w, https:\/\/www.aurum.com.br\/blog\/wp-content\/uploads\/2023\/11\/o-que-e-abandono-de-incapaz-300x300.jpg 300w, https:\/\/www.aurum.com.br\/blog\/wp-content\/uploads\/2023\/11\/o-que-e-abandono-de-incapaz-150x150.jpg 150w, https:\/\/www.aurum.com.br\/blog\/wp-content\/uploads\/2023\/11\/o-que-e-abandono-de-incapaz-768x768.jpg 768w\" sizes=\"(max-width: 1080px) 100vw, 1080px\" \/><figcaption class=\"wp-element-caption\">Veja o que \u00e9 abandono de incapaz<\/figcaption><\/figure>\n\n\n\n<h2 class=\"wp-block-heading\">O que quer dizer o termo incapaz?<\/h2>\n\n\n\n<p>Antes de falarmos sobre o que caracteriza abandonar um incapaz, \u00e9 preciso entender o que \u00e9 a incapacidade, e aqui n\u00e3o vamos nos limitar ao conceito de incapacidade previsto no artigo 3\u00ba e 4\u00ba do C\u00f3digo Civil Brasileiro, que diz:<\/p>\n\n\n\n<figure class=\"wp-block-pullquote classe bq-small\"><blockquote><p>Art. 3&nbsp;<sup>o&nbsp;<\/sup>S\u00e3o absolutamente incapazes de exercer pessoalmente os atos da vida civil os menores de 16 (dezesseis) anos.<br>Art. 4&nbsp;<sup>o&nbsp;<\/sup>S\u00e3o incapazes, relativamente a certos atos ou \u00e0 maneira de os exercer:&nbsp;&nbsp;<br>I &#8211; os maiores de dezesseis e menores de dezoito anos;<br>II &#8211; os \u00e9brios habituais e os viciados em t\u00f3xico;&nbsp;&nbsp;<br>III &#8211; aqueles que, por causa transit\u00f3ria ou permanente, n\u00e3o puderem exprimir sua vontade;&nbsp;&nbsp;<br>IV &#8211; os pr\u00f3digos.<br>Par\u00e1grafo \u00fanico. &nbsp;A capacidade dos ind\u00edgenas ser\u00e1 regulada por legisla\u00e7\u00e3o especial.&nbsp;<\/p><\/blockquote><\/figure>\n\n\n\n<p>A extens\u00e3o do <strong>termo incapacidade refere-se a qualquer pessoa que seja <\/strong><strong>incapaz de defender-se dos riscos que foram causados pelo abandono<\/strong>. Portanto, n\u00e3o falamos apenas de menores, idosos ou pessoas doentes, mas sim da capacidade do sujeito abandonado em enfrentar os riscos que foi exposto, lembrando que a incapacidade pode ser tempor\u00e1ria ou permanente.&nbsp;<\/p>\n\n\n\n<p>Por exemplo: uma mulher maior de idade que \u00e9 deixada embriagada em uma estrada. Nesse cen\u00e1rio, a mulher \u00e9 civilmente capaz, mas estando embriagada, n\u00e3o pode responder de forma \u00edntegra pelos seus atos e ao ser deixada na estrada, \u00e9 abandonada \u00e0 pr\u00f3pria sorte.<\/p>\n\n\n\n<p>Assim, temos os incapazes:<\/p>\n\n\n\n<ul class=\"wp-block-list\">\n<li><strong>Civis:<\/strong> menores de 16 anos;&nbsp;<\/li>\n\n\n\n<li><strong>Mentais:<\/strong> pessoas que n\u00e3o tem condi\u00e7\u00f5es por enfermidade ou defici\u00eancia mental, que n\u00e3o tiverem o necess\u00e1rio discernimento para a pr\u00e1tica dos atos civis; os mesmo os que por causa transit\u00f3ria n\u00e3o podem exprimir sua vontade;<\/li>\n\n\n\n<li><strong>F\u00edsicas<\/strong>: pessoas que n\u00e3o podem se locomover sem aux\u00edlio de outrem.<\/li>\n<\/ul>\n\n\n\n<h2 class=\"wp-block-heading\">O que caracteriza o abandono de incapaz?<\/h2>\n\n\n\n<p>O abandono de incapaz \u00e9 caracterizado quando aquele que exerce o cuidado, guarda, vigil\u00e2ncia ou autoridade abandona aquele que \u00e9 cuidado, guardado, vigiado ou exerce poder.<\/p>\n\n\n\n<p>Para deixarmos mais claro, vamos exemplificar, mas as situa\u00e7\u00f5es s\u00e3o in\u00fameras:&nbsp;<\/p>\n\n\n\n<p>Um cuidador de idoso que abandona-o intencionalmente<strong> <\/strong>e o deixa sozinho sem as devidas assist\u00eancias \u00e0 sua sa\u00fade, \u00e9 um caso de quem exerce o cuidado. Um exemplo de quem exerce a guarda \u00e9 quando os pais ou respons\u00e1veis deixam uma crian\u00e7a sozinha trancada no carro e saem.<\/p>\n\n\n\n<p>Um guia tur\u00edstico, aquele que exerce a vigil\u00e2ncia, que abandona uma crian\u00e7a numa excurs\u00e3o pode ser considerado abandono de incapaz e, por fim, exerce autoridade o policial que tem a pessoa detida sob seu poder.<\/p>\n\n\n\n<p>H\u00e1 tamb\u00e9m o abandono ao idoso, que muitas vezes \u00e9 deixado em hospitais ou sozinho em casa sem que tenha condi\u00e7\u00f5es de exercer as atividades simples do dia a dia em raz\u00e3o de problemas de sa\u00fade ou quest\u00f5es psicol\u00f3gicas.<\/p>\n\n\n\n<p>Vale lembrar que<strong> para que seja caracterizado o abandono de incapaz, tem que haver uma depend\u00eancia entre a v\u00edtima e quem comete o crime<\/strong>, do contr\u00e1rio, trata-se de omiss\u00e3o de socorro.<\/p>\n\n\n\n<style>\n    #adpost-block_89d5f4e8e418976f1f70e7aa00600422.anuncio-post-reverse {\n        display: flex;\n        gap: 24px;\n        border-radius: 8px;\n        width: 100%;\n        max-width: 752px;\n        padding: 40px;\n        background: #e7f4fe;\n        margin: 16px auto;\n    }\n\n    #adpost-block_89d5f4e8e418976f1f70e7aa00600422 .anuncio-container {\n        display: flex;\n        flex-direction: column;\n        gap: 24px;\n        width: 100%;\n        max-width: 333px;\n    }\n\n    #adpost-block_89d5f4e8e418976f1f70e7aa00600422 .anuncio-container .logo {\n        width: 100%;\n        max-width: 177px;\n        margin: 0;\n    }\n\n    #adpost-block_89d5f4e8e418976f1f70e7aa00600422 .anuncio-text-container {\n        display: flex;\n        flex-direction: column;\n        gap: 24px;\n    }\n\n    #adpost-block_89d5f4e8e418976f1f70e7aa00600422 .anuncio-text-container .title {\n        font-family: 'Ubuntu';\n        font-size: 1.5rem; \/\/24px\n        font-weight: 700;\n        line-height: 120%;\n        margin: 0;\n        color: #000;\n    }\n\n    #adpost-block_89d5f4e8e418976f1f70e7aa00600422 .anuncio-text-container .text {\n        font-size: 0.875rem;\n        font-weight: 400;\n        line-height: 170%;\n        color: #000;\n    }\n\n    #adpost-block_89d5f4e8e418976f1f70e7aa00600422 .anuncio-container .button {\n        display: inline-flex;\n        align-items: center;\n        justify-content: center;\n        width: fit-content;\n        height: 48px;\n        border-radius: 8px;\n        padding: 12px 24px;\n        font-size: 1rem;\n        font-weight: 600;\n        text-decoration: none;\n        background: #008fd5;\n        color: #fff;\n    }\n\n    #adpost-block_89d5f4e8e418976f1f70e7aa00600422 .image-container {\n        position: relative;\n        width: 100%;\n        height: 100%;\n    }\n\n    #adpost-block_89d5f4e8e418976f1f70e7aa00600422 .image-container.float {\n        min-height: 236px;\n    }\n\n    #adpost-block_89d5f4e8e418976f1f70e7aa00600422 .image-container .image-desktop {\n        width: 100%;\n        max-width: 323px;\n        object-fit: contain;\n        margin: 0;\n    }\n\n    #adpost-block_89d5f4e8e418976f1f70e7aa00600422 .image-container .image-mobile {\n        display: none;\n        width: 100%;\n        max-width: 291px;\n        object-fit: contain;\n        margin: 0;\n    }\n\n    #adpost-block_89d5f4e8e418976f1f70e7aa00600422 .image-container.float .image-desktop,\n    #adpost-block_89d5f4e8e418976f1f70e7aa00600422 .image-container.float .image-mobile {\n        position: absolute;\n        right: 0;\n        bottom: 0;\n    }\n\n    #adpost-block_89d5f4e8e418976f1f70e7aa00600422 .image-container img {\n        border-radius: 8px;\n    }\n\n    \/************\n    * MOBILE \n    *************\/\n    @media (max-width: 1439px) {\n        #adpost-block_89d5f4e8e418976f1f70e7aa00600422.anuncio-post-reverse {\n            flex-direction: column-reverse;\n            max-width: fit-content;\n            padding: 24px;\n        }\n\n        #adpost-block_89d5f4e8e418976f1f70e7aa00600422 .anuncio-container {\n            max-width: 280px;\n            align-items: center;\n        }\n\n        #adpost-block_89d5f4e8e418976f1f70e7aa00600422 .anuncio-container .logo {\n            max-width: 147px;\n        }\n\n        #adpost-block_89d5f4e8e418976f1f70e7aa00600422 .anuncio-text-container {\n            gap: 8px;\n        }\n\n        #adpost-block_89d5f4e8e418976f1f70e7aa00600422 .anuncio-text-container .title {\n            font-size: 1.25rem;\n            text-align: center;\n        }\n\n        #adpost-block_89d5f4e8e418976f1f70e7aa00600422 .anuncio-text-container .text {\n            text-align: center;\n        }\n\n        #adpost-block_89d5f4e8e418976f1f70e7aa00600422 .anuncio-container .button {\n            width: 100%;\n        }\n\n        #adpost-block_89d5f4e8e418976f1f70e7aa00600422 .image-container.float {\n            min-height: 182px;\n        }\n\n        #adpost-block_89d5f4e8e418976f1f70e7aa00600422 .image-container .image-desktop {\n            display: none;\n        }\n\n        #adpost-block_89d5f4e8e418976f1f70e7aa00600422 .image-container .image-mobile {\n            display: block;\n        }\n    }\n\n    \/*******************\n    * RESET GLOBAL CSS \n    ********************\/\n    #s-post main article .content .image-container img {\n        margin: 0;\n    }\n<\/style>\n\n\n<article id=\"adpost-block_89d5f4e8e418976f1f70e7aa00600422\" class=\"anuncio-post-reverse\">\n    <div class=\"anuncio-container\">\n        \n        <div class=\"anuncio-text-container\">\n             <h3 class=\"title\" >Seja protagonista da sua advocacia com o Astrea<\/h3>\n            <div class=\"text\" >Tenha tempo para focar no crescimento do seu escrit\u00f3rio, enquanto o Astrea cuida da sua gest\u00e3o jur\u00eddica com intelig\u00eancia.<\/div>        <\/div>\n       \n        <a class=\"button\" href=\"\/astrea\/?utm_source=blog&#038;utm_medium=adpost&#038;utm_campaign=campanha-marca-2026\" target=\"_self\">Conhe\u00e7a o Astrea<\/a>    <\/div>\n\n    <div class=\"image-container\">\n        <img decoding=\"async\" class=\"image-desktop\" src=\"https:\/\/www.aurum.com.br\/blog\/wp-content\/uploads\/2026\/03\/adpos-posicionamento-2026-desktop.png\" alt=\"\" \/>\n        <img decoding=\"async\" class=\"image-mobile\" src=\"https:\/\/www.aurum.com.br\/blog\/wp-content\/uploads\/2026\/03\/adpost-posicionamento-2026-mobile.png\" alt=\"\" \/>    <\/div>\n<\/article>\n\n\n<h2 class=\"wp-block-heading\">Quais as consequ\u00eancias para o abandono de incapaz?<\/h2>\n\n\n\n<p>A <strong>consequ\u00eancia vai depender se houve dolo<\/strong>, ou seja, se houve inten\u00e7\u00e3o do abandono, ou <strong>se houve culpa<\/strong>, casos em que a pessoa agiu com imprud\u00eancia, n\u00e3o quer a consequ\u00eancia daquele ato, sequer pensa na consequ\u00eancia daquele ato.&nbsp;<\/p>\n\n\n\n<p>H\u00e1 tamb\u00e9m o<strong> dolo eventual<\/strong>, que ocorre quando existe um risco que o praticante do ato n\u00e3o quer, mas acredita que n\u00e3o haver\u00e1 consequ\u00eancia e assume o ato.&nbsp;<\/p>\n\n\n\n<p>E quando se trata de abandono de incapaz, falamos sobre a consuma\u00e7\u00e3o, onde \u00e9 preciso haver o abandono e as consequ\u00eancias desse ato s\u00e3o previstas no artigo 133, e dependem se houve les\u00e3o corporal grave, resultar morte, o parentesco entre a v\u00edtima e quem cometeu o ato e a idade da v\u00edtima.&nbsp;<\/p>\n\n\n\n<figure class=\"wp-block-pullquote classe bq-small\"><blockquote><p>Art. 133&nbsp;&#8211; Abandonar pessoa que est\u00e1 sob seu cuidado, guarda, vigil\u00e2ncia ou autoridade, e, por qualquer motivo, incapaz de defender-se dos riscos resultantes do abandono:<br>Pena &#8211; deten\u00e7\u00e3o, de seis meses a tr\u00eas anos.<br>\u00a7 1\u00ba&nbsp;&#8211; Se do abandono resulta les\u00e3o corporal de natureza grave:<br>Pena &#8211; reclus\u00e3o, de um a cinco anos.<br>\u00a7 2\u00ba&nbsp;&#8211; Se resulta a morte:<br>Pena &#8211; reclus\u00e3o, de quatro a doze anos.<br>Aumento de pena<br>\u00a7 3\u00ba&nbsp;&#8211; As penas cominadas neste artigo aumentam-se de um ter\u00e7o:<br>I&nbsp;&#8211; se o abandono ocorre em lugar ermo;<br>II&nbsp;&#8211; se o agente \u00e9 ascendente ou descendente, c\u00f4njuge, irm\u00e3o, tutor ou curador da v\u00edtima.<br>III&nbsp;\u2013 se a v\u00edtima \u00e9 maior de 60 (sessenta) anos (Inclu\u00eddo pela Lei n\u00ba 10.741, de 2003)<br>Exposi\u00e7\u00e3o ou abandono de rec\u00e9m-nascido<\/p><\/blockquote><\/figure>\n\n\n\n<p>Importante falar que o abandono de incapaz tamb\u00e9m reflete consequ\u00eancias na \u00e1rea familiar, pois pai ou m\u00e3e que abandonar o filho ou for condenado por crime doloso sujeito \u00e0 pena de reclus\u00e3o contra o outro (pai, m\u00e3e ou filho), perder\u00e1 por ato judicial o poder familiar.<\/p>\n\n\n\n<p>Existem causas que s\u00e3o excludentes de ilicitude, mas elas s\u00e3o muito espec\u00edficas e devem ser analisadas caso a caso.<\/p>\n\n\n\n<h2 class=\"wp-block-heading\">Como denunciar abandono de incapaz?<\/h2>\n\n\n\n<p>A den\u00fancia <strong>pode ser feita por qualquer pessoa e deve ser feita ao \u00f3rg\u00e3o respons\u00e1vel,<\/strong> a depender do caso. Por exemplo: se o abandono envolver menor, Conselho Tutelar; nos casos graves de risco iminente, a autoridade policial.&nbsp;<\/p>\n\n\n\n<p>Pode ser denunciado na Delegacia de Pol\u00edcia, no Minist\u00e9rio P\u00fablico ou no <a href=\"https:\/\/www.gov.br\/pt-br\/servicos\/denunciar-violacao-de-direitos-humanos\" target=\"_blank\" rel=\"noopener\">Disque 100<\/a>, que encaminha as den\u00fancias aos \u00f3rg\u00e3os competentes.<\/p>\n\n\n\n<h2 class=\"wp-block-heading\">Existem outros tipos de abandono?<\/h2>\n\n\n\n<p>H\u00e1 tamb\u00e9m outros tipos de abandono, confira quais s\u00e3o e um pouco sobre eles!<\/p>\n\n\n\n<h3 class=\"wp-block-heading\">Abandono material:<\/h3>\n\n\n\n<p>O nome \u00e9 autoexplicativo e ocorre quando o respons\u00e1vel em garantir a alimenta\u00e7\u00e3o, sa\u00fade, o desenvolvimento de um filho ou um genitor n\u00e3o cumpre o seu dever, previsto nos artigos 229 e 230 da Constitui\u00e7\u00e3o federal:&nbsp;&nbsp;&nbsp;<\/p>\n\n\n\n<figure class=\"wp-block-pullquote classe bq-small\"><blockquote><p>Art. 229. Os pais t\u00eam o dever de assistir, criar e educar os filhos menores, e os filhos maiores t\u00eam o dever de ajudar e amparar os pais na velhice, car\u00eancia ou enfermidade.<br>Art. 230. A fam\u00edlia, a sociedade e o Estado t\u00eam o dever de amparar as pessoas idosas, assegurando sua participa\u00e7\u00e3o na comunidade, defendendo sua dignidade e bem-estar e garantindo-lhes o direito \u00e0 vida.<\/p><\/blockquote><\/figure>\n\n\n\n<h3 class=\"wp-block-heading\">Abandono afetivo:<\/h3>\n\n\n\n<p>Aten\u00e7\u00e3o, amor e cuidado fazem parte do desenvolvimento infantil e, inclusive, podem determinar o futuro de uma crian\u00e7a. Assim, quando um ou os pais deixam de faz\u00ea-lo, praticam o abandono afetivo.&nbsp;&nbsp;&nbsp;<\/p>\n\n\n\n<h3 class=\"wp-block-heading\">Abandono intelectual:<\/h3>\n\n\n\n<p>Ocorre quando os pais sem justa causa n\u00e3o garantem a educa\u00e7\u00e3o prim\u00e1ria do filho.<\/p>\n\n\n\n<h2 class=\"wp-block-heading\">Conclus\u00e3o:&nbsp;<\/h2>\n\n\n\n<p>Como vimos, o tema \u00e9 bem abrangente e s\u00e3o v\u00e1rias as situa\u00e7\u00f5es que podem caracterizar o abandono de incapaz, que n\u00e3o \u00e9 caracterizado apenas pela defini\u00e7\u00e3o do nosso C\u00f3digo Civil, e sua consequ\u00eancia vai depender se houve dolo ou culpa ou se estar\u00e1 enquadrada nos casos de agravamento da pena.&nbsp;<\/p>\n\n\n\n<p>Se voc\u00ea presenciar qualquer situa\u00e7\u00e3o de abandono de incapaz, busque ajuda, ainda que seja por uma den\u00fancia an\u00f4nima!<\/p>\n\n\n\n<h3 class=\"wp-block-heading\">Mais conhecimento para voc\u00ea<\/h3>\n\n\n\n<ul class=\"wp-block-list\">\n<li><a href=\"https:\/\/www.aurum.com.br\/blog\/glossario-juridico\/abandono-de-incapaz\/\" data-type=\"URL\" data-id=\"https:\/\/www.aurum.com.br\/blog\/glossario-juridico\/abandono-de-incapaz\/\">Gloss\u00e1rio jur\u00eddico: O que \u00e9 abandono de incapaz?<\/a><\/li>\n\n\n\n<li><a href=\"https:\/\/www.aurum.com.br\/blog\/glossario-juridico\/termo-de-compromisso\/\" data-type=\"URL\" data-id=\"https:\/\/www.aurum.com.br\/blog\/glossario-juridico\/termo-de-compromisso\/\">Gloss\u00e1rio Jur\u00eddico: O que \u00e9 termo de compromisso?<\/a><\/li>\n\n\n\n<li><a href=\"https:\/\/www.aurum.com.br\/blog\/glossario-juridico\/acao-coletiva\/\" data-type=\"URL\" data-id=\"https:\/\/www.aurum.com.br\/blog\/glossario-juridico\/acao-coletiva\/\">Gloss\u00e1rio Jur\u00eddico: O que \u00e9 a\u00e7\u00e3o coletiva?<\/a><\/li>\n\n\n\n<li><a href=\"https:\/\/www.aurum.com.br\/blog\/glossario-juridico\/acao-autonoma-de-impugnacao\/\" data-type=\"URL\" data-id=\"https:\/\/www.aurum.com.br\/blog\/glossario-juridico\/acao-autonoma-de-impugnacao\/\">Gloss\u00e1rio Jur\u00eddico: O que \u00e9 a\u00e7\u00e3o aut\u00f4noma de impugna\u00e7\u00e3o?<\/a><\/li>\n\n\n\n<li><a href=\"https:\/\/www.aurum.com.br\/blog\/lei-do-estagio\/\">Tire suas d\u00favidas sobre a Lei do Est\u00e1gio (Lei 11.788\/08)<\/a><\/li>\n\n\n\n<li><a href=\"https:\/\/www.aurum.com.br\/blog\/contencioso-tributario\/\">O que \u00e9 e quais s\u00e3o os tipos de contencioso tribut\u00e1rio?<\/a><\/li>\n\n\n\n<li><a href=\"https:\/\/www.aurum.com.br\/blog\/eleicoes-municipais\/\">TUDO que voc\u00ea precisa saber sobre as elei\u00e7\u00f5es municipais de 2024<\/a><\/li>\n\n\n\n<li><a href=\"https:\/\/www.aurum.com.br\/blog\/sociedade-em-nome-coletivo\/\">Entenda como funciona a sociedade em nome coletivo<\/a><\/li>\n\n\n\n<li><a href=\"https:\/\/www.aurum.com.br\/blog\/alvara-judicial\/\">Alvar\u00e1 Judicial: O que \u00e9, como funciona e qual o valor?<\/a><\/li>\n\n\n\n<li><a href=\"https:\/\/www.aurum.com.br\/blog\/empresa-familiar\/\">Empresa Familiar: O que \u00e9, Tipos e Implica\u00e7\u00f5es Legais<\/a><\/li>\n\n\n\n<li><a href=\"https:\/\/www.aurum.com.br\/blog\/legislacao-aduaneira\/\">Legisla\u00e7\u00e3o Aduaneira: Guia Completo para Entender e Navegar no Com\u00e9rcio Exterior Brasileiro<\/a><\/li>\n\n\n\n<li><a href=\"https:\/\/www.aurum.com.br\/blog\/processo-administrativo-previdenciario\/(abrir em uma nova aba)\">Processo administrativo previdenci\u00e1rio: conhe\u00e7a todas as etapas!<\/a><\/li>\n\n\n\n<li><a href=\"https:\/\/www.aurum.com.br\/blog\/processo-administrativo-previdenciario\/\">Previd\u00eancia privada: como funciona e atua\u00e7\u00e3o do advogado<\/a><\/li>\n\n\n\n<li><a href=\"https:\/\/www.aurum.com.br\/blog\/comoriencia\/\">Por que a comori\u00eancia \u00e9 importante para o Direito Sucess\u00f3rio?<\/a><\/li>\n\n\n\n<li><a href=\"https:\/\/www.aurum.com.br\/blog\/arbitragem-empresarial\/\">Arbitragem Empresarial: Como usar para a resolu\u00e7\u00e3o de conflitos empresariais<\/a><\/li>\n\n\n\n<li><a href=\"https:\/\/www.aurum.com.br\/blog\/acordo-judicial\/\">O que \u00e9 e como fazer um acordo judicial: Guia Completo [+Modelo]<\/a><\/li>\n\n\n\n<li><a href=\"https:\/\/www.aurum.com.br\/blog\/prescricao-e-decadencia-previdenciaria\/\">Tire as principais d\u00favidas sobre prescri\u00e7\u00e3o e decad\u00eancia previdenci\u00e1ria<\/a><\/li>\n\n\n\n<li><a href=\"https:\/\/www.aurum.com.br\/blog\/acao-de-impugnacao-de-mandato-eletivo\/\">A\u00e7\u00e3o de Impugna\u00e7\u00e3o de Mandato Eletivo: o que \u00e9, quando cabe e quem julga?<\/a><\/li>\n\n\n\n<li><a href=\"https:\/\/www.aurum.com.br\/blog\/adjudicacao-compulsoria-extrajudicial\/\">Adjudica\u00e7\u00e3o Compuls\u00f3ria Extrajudicial: como funciona, quanto custa e mais<\/a><\/li>\n\n\n\n<li><a href=\"https:\/\/www.aurum.com.br\/blog\/abandono-de-incapaz\/\">O que \u00e9 abandono de incapaz e o que diz a lei<\/a><\/li>\n\n\n\n<li><a href=\"https:\/\/www.aurum.com.br\/blog\/contrato-de-trabalho-temporario\/\">Contrato de trabalho tempor\u00e1rio: o que diz a lei trabalhista e como funciona! [+Modelo]<\/a><\/li>\n<\/ul>\n\n\n<style>\r\n  .news-post {\r\n    background: url('https:\/\/www.aurum.com.br\/blog\/wp-content\/themes\/aurum\/img\/bg-news-artigo.svg') no-repeat top center #3C48AA;\r\n    padding: 1.5rem;\r\n    border-radius: 6px;\r\n    margin: 1rem 0;\r\n  }\r\n  .news-post .icone {\r\n    display: none;\r\n  }\r\n  .news-post .title {\r\n    font-weight: 700;\r\n    font-size: 16px;\r\n    line-height: 130%;\r\n    text-align: center;\r\n    letter-spacing: -0.5px;\r\n    color: #fff;\r\n    margin-bottom: .9375rem;\r\n  }\r\n  .news-post p {\r\n    font-size: .875rem;\r\n    line-height: 140%;\r\n    text-align: center;\r\n    color: #fff;\r\n    margin-bottom: 1.25rem;\r\n  }\r\n  .news-post .news_button_span {\r\n    font-size: .8125rem;\r\n    display: block;\r\n    padding: .125rem .3125rem;\r\n    color: #fff;\r\n    text-align:left;\r\n  }\r\n  .news-post .news_button_span a {\r\n    color: #fff !important;\r\n    text-decoration: underline;\r\n  }\r\n  .news-post form {\r\n    width: 100%;\r\n  }\r\n  .news-post label {\r\n    font-weight: 600;\r\n    font-size: .9375rem;\r\n    line-height: 1.5rem;\r\n    margin-bottom: .5rem;\r\n    color: #fff;\r\n    display: block;\r\n  }\r\n  .news-post input {\r\n    background: #fff;\r\n    border: 1px solid #CBCBD9;\r\n    box-sizing: border-box;\r\n    border-radius: 4px;\r\n    padding: .75rem 1rem;\r\n    width: 100%;\r\n  }\r\n  .news-post button {\r\n    margin-top: .875rem;\r\n    width: 100%;\r\n    min-width: auto;\r\n    background: #FCC632;\r\n    color: #3C48AA;\r\n  }\r\n  .news-post .input {\r\n    position: relative;\r\n    padding-bottom: 10px;\r\n  }\r\n  .news-post .error-message-ad {\r\n    font-size: .875rem;\r\n    line-height: 130%;\r\n    color: #D50021;\r\n    margin-left: 4px;\r\n  }\r\n  .news-post .error {\r\n    border: 1px solid #D50021;\r\n  }\r\n  .news-post #message-form-ad {\r\n    border-radius: 4px;\r\n    padding: 0.7rem;\r\n    font-size:0.8rem;\r\n    text-align: center;\r\n    align-items: center;\r\n    justify-content: center;\r\n    display: none;\r\n  }\r\n  .news-post #message-form-ad svg {\r\n    margin-right: 8px;\r\n  }\r\n\r\n  @media(min-width: 561px) {\r\n    .news-post {\r\n      position: relative;\r\n      background: url('https:\/\/www.aurum.com.br\/blog\/wp-content\/themes\/aurum\/img\/bg-news-artigo.svg') no-repeat top center #3C48AA;\r\n      width: calc(100% - 30px);\r\n    }\r\n    .news-post .icone {\r\n      display: block;\r\n      position: absolute;\r\n      right: -30px;\r\n      top: 65px;\r\n      max-width: 142px;\r\n      width: 100%;\r\n      height: auto;\r\n      margin: 0;\r\n    }\r\n    .news-post .title {\r\n      font-size: 1.125rem;\r\n      text-align: left;\r\n      \/* padding-right: 3.75rem; *\/\r\n    }\r\n    .news-post p {\r\n      font-size: 1rem;\r\n      text-align: left;\r\n      max-width: 400px;\r\n    }\r\n    .news-post .boxes {\r\n      display: flex;\r\n      align-items: flex-start;\r\n    }\r\n    .news-post button {\r\n      margin: 0 0 0 1rem;\r\n      width: 100%;\r\n      max-width: 170px;\r\n      min-width: auto;\r\n      transition: all ease .3s\r\n    }\r\n    .news-post button:hover {\r\n      opacity: 0.9;\r\n      transition: all ease .3s\r\n    }\r\n    .news-post #message-form-ad {\r\n      padding: 1.125rem;\r\n      font-size:1rem;\r\n    }\r\n    .news-post #message-form-ad svg {\r\n      margin-right: 10px;\r\n    }\r\n  }\r\n<\/style>\r\n\r\n<div class=\"news-post\">\r\n  <div class=\"title news-ad-title\">Gostou do artigo e quer evoluir a sua advocacia?<\/div>\r\n  <p class=\"news-ad-subtitle\">Assine gr\u00e1tis a Aurum News e receba uma dose semanal de conte\u00fado no seu e-mail! \u270c\ufe0f<\/p>\r\n  <img decoding=\"async\" src=\"https:\/\/www.aurum.com.br\/blog\/wp-content\/themes\/aurum\/img\/icon-news-artigo.svg\" alt=\"\" class=\"icone\">\r\n\r\n  <form method=\"post\" name=\"newsletter-ad\" id=\"aurum-newsletter-ad\">\r\n    <div class=boxes>\r\n      <div class=\"input\">\r\n        <label class=\"label-email\" htmlFor=\"email-ad\">Qual seu e-mail?<\/label>\r\n        <input type=\"email\" id=\"email-ad\" name=\"newsletter-mail-ad\" placeholder=\"Digite seu e-mail?\">\r\n        <div class=\"error-message-ad-email\">Endere\u00e7o de e-mail inv\u00e1lido ou incorreto<\/div>\r\n\r\n        <label class=\"label-select\" htmlFor=\"lawsuits-select-ad\">\r\n          Quantos processos voc\u00ea ou<br class=\"for-desktop\"\/> seu escrit\u00f3rio acompanham?\r\n        <\/label>\r\n        <div id=\"lawsuits-select-ad\" class=\"lawsuits-select select-wrapper\" tabindex=\"0\">\r\n          <div class=\"s-dropdown--styled\">\r\n          <span class=\"lawsuits-default\">\r\n            <span id=\"lawsuits-newsletter-ad\" class=\"lawsuits-default-text\" data-value=\"\">Selecione os processos<\/span>\r\n            <svg class=\"chevron\" xmlns=\"http:\/\/www.w3.org\/2000\/svg\" width=\"24\" height=\"25\" viewBox=\"0 0 24 25\" fill=\"none\">\r\n              <path d=\"M6 15.6152L12 9.61523L18 15.6152\" stroke=\"black\" stroke-width=\"2\" stroke-linecap=\"round\" stroke-linejoin=\"round\" \/>\r\n            <\/svg>\r\n          <\/span>\r\n\r\n          <ul class=\"s-dropdown u-hide\">\r\n            <li class=\"lawsuits\" data-value=\"Mais de 1000 processos\">Mais de 1000 processos<\/li>\r\n            <li class=\"lawsuits\" data-value=\"De 501 a 1000 processos\">De 501 a 1000 processos<\/li>\r\n            <li class=\"lawsuits\" data-value=\"De 151 a 500 processos\">De 151 a 500 processos<\/li>\r\n            <li class=\"lawsuits\" data-value=\"De 41 a 150 processos\">De 41 a 150 processos<\/li>\r\n            <li class=\"lawsuits\" data-value=\"At\u00e9 40 processos\">At\u00e9 40 processos<\/li>\r\n            <li class=\"lawsuits\" data-value=\"Atuo apenas no consultivo\">Atuo apenas no consultivo<\/li>\r\n            <li class=\"lawsuits\" data-value=\"Ainda sou estudante de direito\">Ainda sou estudante de direito<\/li>\r\n            <li class=\"lawsuits\" data-value=\"N\u00e3o sou da \u00e1rea jur\u00eddica\">N\u00e3o sou da \u00e1rea jur\u00eddica<\/li>\r\n          <\/ul>\r\n          <\/div>\r\n        <\/div>\r\n        <div class=\"error-message-ad-lawsuits\">Selecione algum processo<\/div>\r\n      <\/div>\r\n      <button class=\"btn btn-yellow ad-btn-desktop\" id=\"aurum-submit-ad\">Assinar gr\u00e1tis<\/button>\r\n      <button class=\"btn btn-yellow ad-btn-mobile\" id=\"aurum-submit-ad\">Assinar<\/button>\r\n    <\/div>\r\n    <span class=\"news_button_span\">Ao se cadastrar voc\u00ea declara que leu e aceitou a pol\u00edtica de privacidade e cookies do <a href=\"https:\/\/s3.sa-east-1.amazonaws.com\/publico.aurum.com.br\/contratos\/politica-de-privacidade.pdf\" target=\"_blank\" rel=\"noopener noreferrer\">site<\/a>.<\/span>\r\n  <\/form>\r\n  <div id=\"message-form-ad\"><\/div>\r\n<\/div>\n\n\n<p><em>Este conte\u00fado foi \u00fatil pra voc\u00ea? Conta aqui nos coment\u00e1rios \ud83d\ude09<\/em><\/p>\n","protected":false},"excerpt":{"rendered":"<p>Abandono de incapaz \u00e9 um crime previsto na legisla\u00e7\u00e3o de diversos pa\u00edses. \u00c9 conferido como crime quando a pessoa respons\u00e1vel pelo incapaz deixa de cumprir com suas obriga\u00e7\u00f5es. Incapaz n\u00e3o se restringe aos menores de idade ou idosos, s\u00e3o muitas as situa\u00e7\u00f5es que podem ser caracterizadas como abandono. Abandono de incapaz \u00e9 um crime cometido [&hellip;]<\/p>\n","protected":false},"author":44,"featured_media":25663,"comment_status":"open","ping_status":"open","sticky":false,"template":"","format":"standard","meta":{"_bbp_topic_count":0,"_bbp_reply_count":0,"_bbp_total_topic_count":0,"_bbp_total_reply_count":0,"_bbp_voice_count":0,"_bbp_anonymous_reply_count":0,"_bbp_topic_count_hidden":0,"_bbp_reply_count_hidden":0,"_bbp_forum_subforum_count":0,"inline_featured_image":false,"footnotes":""},"categories":[22],"tags":[],"class_list":["post-25661","post","type-post","status-publish","format-standard","has-post-thumbnail","hentry","category-direito-de-familia"],"acf":[],"_links":{"self":[{"href":"https:\/\/www.aurum.com.br\/blog\/wp-json\/wp\/v2\/posts\/25661","targetHints":{"allow":["GET"]}}],"collection":[{"href":"https:\/\/www.aurum.com.br\/blog\/wp-json\/wp\/v2\/posts"}],"about":[{"href":"https:\/\/www.aurum.com.br\/blog\/wp-json\/wp\/v2\/types\/post"}],"author":[{"embeddable":true,"href":"https:\/\/www.aurum.com.br\/blog\/wp-json\/wp\/v2\/users\/44"}],"replies":[{"embeddable":true,"href":"https:\/\/www.aurum.com.br\/blog\/wp-json\/wp\/v2\/comments?post=25661"}],"version-history":[{"count":6,"href":"https:\/\/www.aurum.com.br\/blog\/wp-json\/wp\/v2\/posts\/25661\/revisions"}],"predecessor-version":[{"id":28658,"href":"https:\/\/www.aurum.com.br\/blog\/wp-json\/wp\/v2\/posts\/25661\/revisions\/28658"}],"wp:featuredmedia":[{"embeddable":true,"href":"https:\/\/www.aurum.com.br\/blog\/wp-json\/wp\/v2\/media\/25663"}],"wp:attachment":[{"href":"https:\/\/www.aurum.com.br\/blog\/wp-json\/wp\/v2\/media?parent=25661"}],"wp:term":[{"taxonomy":"category","embeddable":true,"href":"https:\/\/www.aurum.com.br\/blog\/wp-json\/wp\/v2\/categories?post=25661"},{"taxonomy":"post_tag","embeddable":true,"href":"https:\/\/www.aurum.com.br\/blog\/wp-json\/wp\/v2\/tags?post=25661"}],"curies":[{"name":"wp","href":"https:\/\/api.w.org\/{rel}","templated":true}]}}