{"id":25653,"date":"2023-11-24T20:43:00","date_gmt":"2023-11-24T23:43:00","guid":{"rendered":"https:\/\/www.aurum.com.br\/blog\/?p=25653"},"modified":"2024-07-08T16:41:43","modified_gmt":"2024-07-08T19:41:43","slug":"processo-criminal","status":"publish","type":"post","link":"https:\/\/www.aurum.com.br\/blog\/processo-criminal\/","title":{"rendered":"Conhe\u00e7a quais s\u00e3o as fases e tipos do processo criminal"},"content":{"rendered":"<div id=\"bsf_rt_marker\"><\/div>\n<pre class=\"wp-block-preformatted\"><strong>Processo criminal <\/strong>\u00e9 descrito, nas palavras de Aury Lopes Jr., como \u201co caminho necess\u00e1rio para a pena\u201d. Pode acontecer por diferentes ritos, que a lei estabelece a depender da natureza e\/ou da pena m\u00e1xima do crime, ou da condi\u00e7\u00e3o do r\u00e9u, por exemplo.<\/pre>\n\n\n\n<p>De todas as \u00e1reas do direito, sem d\u00favida o Direito Penal \u00e9 o uma das que recebe maior aten\u00e7\u00e3o da popula\u00e7\u00e3o.<\/p>\n\n\n\n<p>Na televis\u00e3o aberta, diariamente s\u00e3o noticiados \u2013 muitas vezes ao vivo \u2013 a pr\u00e1tica de crimes, as realiza\u00e7\u00f5es de audi\u00eancias criminais, sendo que existem at\u00e9 mesmo programas dedicados exclusivamente a noticiar crimes e seus desfechos.<\/p>\n\n\n\n<p>Nas redes sociais, diversos perfis s\u00e3o destinados a not\u00edcias semelhantes, e \u00e9 percept\u00edvel que sempre h\u00e1 debates pol\u00eamicos entre internautas quando o tema \u00e9 a pris\u00e3o ou a soltura de algum suspeito ou acusado.<\/p>\n\n\n\n<p>Discute-se sobre o caso de alguma pessoa acusada de crime e que, mesmo anos ap\u00f3s o fato, continua solta. Ou, sobre um processo de grande repercuss\u00e3o que foi anulado \u2013 o tipo de not\u00edcia que sempre \u00e9 amplamente divulgada nos notici\u00e1rios.<\/p>\n\n\n\n<p>Dif\u00edcil imaginar que algum brasileiro que j\u00e1 tenha vivido mais de 20 ou 30 anos e nunca tenha debatido sobre o assunto nos coment\u00e1rios de alguma publica\u00e7\u00e3o de rede social.<\/p>\n\n\n\n<p>Inevitavelmente as pessoas acabam discutindo sobre processo penal, mesmo quando n\u00e3o sabem ser esse o tema da discuss\u00e3o.<\/p>\n\n\n\n<p>Mas, ent\u00e3o, o que \u00e9 o processo criminal? Como saber um pouco mais sobre o assunto, para n\u00e3o emitir opini\u00f5es sem nenhum conhecimento no pr\u00f3ximo debate em coment\u00e1rios?<\/p>\n\n\n\n<p>Na sincera inten\u00e7\u00e3o de tornar o processo criminal um pouco mais conhecido e compreens\u00edvel para quem n\u00e3o convive diariamente no meio jur\u00eddico, este artigo buscar\u00e1 responder suas principais d\u00favidas sobre o tema.&nbsp;<\/p>\n\n\n\n<p>Por isso, continue a leitura para saber mais! \ud83d\ude09<\/p>\n\n\n\n<h2 class=\"wp-block-heading\">O que \u00e9 considerado processo criminal?<\/h2>\n\n\n\n<p>Para entender o que \u00e9 processo criminal \u00e9 preciso, antes, entender o que \u00e9 processo, no meio jur\u00eddico. Na doutrina de Andr\u00e9 Luiz Nicolitt (2016, 2.4.4) vemos que, para Gonz\u00e1les P\u00e9rez, processo \u00e9 institui\u00e7\u00e3o aut\u00f4noma, pela qual o Estado pode exercer a jurisdi\u00e7\u00e3o:&nbsp;&nbsp;<\/p>\n\n\n\n<p>[&#8230;] o Estado cumpre tr\u00eas fun\u00e7\u00f5es: a legislativa, a jurisdicional e a administrativa. Assim, <strong>o processo \u00e9 uma institui\u00e7\u00e3o atrav\u00e9s da qual se realiza uma dessas atividades<\/strong> [\u2013 a jurisdicional].<\/p>\n\n\n\n<p>NICOLITT destaca, por\u00e9m, ser ele de corrente que, embora veja o processo como categoria aut\u00f4noma, o classifica tamb\u00e9m como garantia fundamental. Nas palavras do pr\u00f3prio autor, processo \u00e9 categoria que \u201c<em>rege-se por regras pr\u00f3prias que devem sempre respeitar a ess\u00eancia do processo enquanto direito fundamental da pessoa<\/em>\u201d (2016, 2.4.5).<\/p>\n\n\n\n<p>O status do processo como garantia fundamental \u00e9 fundamentado na Constitui\u00e7\u00e3o Federal, que, em seu art. 5\u00ba, ressalva que \u201c<em>LIV &#8211; ningu\u00e9m ser\u00e1 privado da liberdade ou de seus bens sem o devido processo legal<\/em>.\u201d<\/p>\n\n\n\n<p>Portanto, o processo (legal) \u00e9 o \u00fanico meio l\u00edcito pelo qual um cidad\u00e3o pode ver tomados sua liberdade ou seus bens. \u00c9, sob essa \u00f3tica, a garantia de que o cidad\u00e3o poder\u00e1 apresentar sua defesa e sua vers\u00e3o dos fatos (contradit\u00f3rio e ampla defesa), antes que seja tomada qualquer decis\u00e3o definitiva em seu desfavor.<\/p>\n\n\n\n<p>Altamente oportuno citar, mais uma vez, o juiz de direito Nicolitt (2016, 2.4.6), que ensina:<\/p>\n\n\n\n<blockquote class=\"wp-block-quote is-layout-flow wp-block-quote-is-layout-flow\">\n<p><em>[&#8230;] o processo \u00e9 um procedimento realizado em contradit\u00f3rio, animado por uma rela\u00e7\u00e3o jur\u00eddica, teleologicamente dirigido ao julgamento ou atendimento pr\u00e1tico de uma pretens\u00e3o.<\/em><\/p>\n\n\n\n<p><em>Para chegarmos ao conceito de processo penal, basta agregar a natureza da pretens\u00e3o a ser satisfeita. Assim, se a pretens\u00e3o estiver fundada em uma norma penal ou processual penal, a pretens\u00e3o ser\u00e1 penal; ao contr\u00e1rio, ser\u00e1 civil ou trabalhista.<\/em><\/p>\n\n\n\n<p><em>Do exposto, temos que o processo penal <\/em><strong><em>\u00e9 um procedimento realizado em contradit\u00f3rio, animado por uma rela\u00e7\u00e3o jur\u00eddica, teleologicamente dirigido ao julgamento ou atendimento pr\u00e1tico de uma pretens\u00e3o penal<\/em><\/strong><em>.\u201d<\/em><\/p>\n<\/blockquote>\n\n\n\n<p>Sabendo que o processo penal \u00e9 dirigido ao julgamento ou atendimento de uma pretens\u00e3o penal, Aury Lopes Jr. destaca seu \u201c<strong><em>car\u00e1ter instrumental <\/em><\/strong><em>[&#8230;]<\/em><strong><em> <\/em><\/strong><em>com rela\u00e7\u00e3o ao Direito Penal e \u00e0 pena, pois o processo penal <\/em><strong><em>\u00e9 o caminho necess\u00e1rio para a pena<\/em><\/strong>\u201d (2021, I.1).<\/p>\n\n\n\n<h1 class=\"wp-block-heading\"><strong>Quais s\u00e3o os tipos de processo criminal?<\/strong><\/h1>\n\n\n\n<p>Lopes Jr., com sua did\u00e1tica irrepreens\u00edvel, explica haver apenas duas esp\u00e9cies de processos (2021, XIII.1):<\/p>\n\n\n\n<blockquote class=\"wp-block-quote is-layout-flow wp-block-quote-is-layout-flow\">\n<p><em>Existem, assim, <\/em><strong><em>duas esp\u00e9cies de processo penal<\/em><\/strong><em>: <\/em><strong><em>processo penal de conhecimento<\/em><\/strong><em> e <\/em><strong><em>processo penal de execu\u00e7\u00e3o<\/em><\/strong><em> (ou, simplesmente, execu\u00e7\u00e3o penal). Negamos, como dito anteriormente, a exist\u00eancia de um processo penal cautelar, pois nosso sistema consagra apenas \u201cmedidas cautelares\u201d inseridas no processo de conhecimento (e, dependendo da medida, podem ser adotadas na fase pr\u00e9-processual ou mesmo na execu\u00e7\u00e3o penal).<\/em>&#8220;<\/p>\n<\/blockquote>\n\n\n\n<p>Portanto, o Livro II do <a href=\"https:\/\/www.aurum.com.br\/blog\/direito-processual-penal\/\">C\u00f3digo de Processo Penal<\/a>, intitulado \u201cDos Processos em Esp\u00e9cie\u201d trata, na realidade, das esp\u00e9cies de procedimentos (Nicolitti, 2016, 8.2). Mais especificamente, procedimentos aplic\u00e1veis ao processo penal de conhecimento.<\/p>\n\n\n\n<p>Tecendo cr\u00edticas do mesmo teor, Aury Lopes Jr. menciona que \u201c(2021, XIII, 2):<\/p>\n\n\n\n<blockquote class=\"wp-block-quote is-layout-flow wp-block-quote-is-layout-flow\">\n<p><em>No tocante aos procedimentos (ou ritos), mais do que polimorfo, o <\/em><strong><em>sistema processual brasileiro \u00e9 ca\u00f3tico<\/em><\/strong><em>. [&#8230;]<\/em><\/p>\n\n\n\n<p><em>Mais do que falta de t\u00e9cnica processual, \u00e9 um erro injustific\u00e1vel misturar categorias como processo e procedimento.<\/em><\/p>\n\n\n\n<p><em>Ent\u00e3o, o que \u00e9 \u201ccomum\u201d ou \u201cespecial\u201d? O procedimento, o rito. N\u00e3o o processo, que somente pode ser de conhecimento ou de execu\u00e7\u00e3o.<\/em>&#8220;<\/p>\n<\/blockquote>\n\n\n\n<p>Portanto, tecnicamente \u00e9 mais adequado se falar em esp\u00e9cies de procedimento, ou mesmo tipos de procedimento, em lugar de tipos de processo, quando se pretende abordar os diferentes procedimentos previstos em Lei para o processo penal.<\/p>\n\n\n\n<p>Como bem define Lopes Jr., <strong>o processo \u00e9 o caminho para a pena.<\/strong><\/p>\n\n\n\n<p>N\u00e3o seria inadequado, portanto, comparar o procedimento com os sinais de tr\u00e2nsito que tornam l\u00f3gico o caminho trafeg\u00e1vel, sendo que um mesmo caminho pode, a depender exclusivamente da sinaliza\u00e7\u00e3o, ser uma via de m\u00e3o dupla ou uma via de m\u00e3o \u00fanica com estacionamento em uma das laterais.<\/p>\n\n\n\n<p>Alertados pelos doutrinadores acerca da tecnicidade dos termos apresentados no C\u00f3digo de Processo Penal, verifiquemos as esp\u00e9cies de procedimentos criminais conforme organizados por Aury Lopes Jr no livro Direito Processual Penal (2021, XIII.2):<\/p>\n\n\n\n<h3 class=\"wp-block-heading\">Procedimento comum<\/h3>\n\n\n\n<p>O procedimento comum, ou rito comum, pode ser subdividido em ordin\u00e1rio, sum\u00e1rio e sumar\u00edssimo.<\/p>\n\n\n\n<p>O <strong>rito ordin\u00e1rio<\/strong> \u00e9 destinado aos crimes cuja pena m\u00e1xima seja igual ou superior a quatro anos, quando para eles n\u00e3o \u00e9 imposto nenhum procedimento especial.<\/p>\n\n\n\n<p>O <strong>rito sum\u00e1rio<\/strong> se aplica quando a pena m\u00e1xima \u00e9 inferior a 4 (quatro) anos, mas superior a dois, j\u00e1 que quando se trata de crime com pena m\u00e1xima de at\u00e9 2 (dois) anos deve ser observado o <strong>rito sumar\u00edssimo<\/strong>, regulamentado na lei dos juizados especiais (<a href=\"https:\/\/www.planalto.gov.br\/ccivil_03\/leis\/l9099.htm\" target=\"_blank\" rel=\"noopener\">Lei n\u00ba 9.099\/95<\/a>).<\/p>\n\n\n\n<h3 class=\"wp-block-heading\">Procedimento especial<\/h3>\n\n\n\n<p>O procedimento especial criminal abrange diversas formas, que podem ser encontradas no C\u00f3digo de Processo Penal e em outras leis. Lopes Jr. os organiza e apresenta da seguinte maneira:<\/p>\n\n\n\n<h4 class=\"wp-block-heading\">Rito Especial:<\/h4>\n\n\n\n<ol class=\"wp-block-list\">\n<li> Dos crimes de responsabilidade dos funcion\u00e1rios p\u00fablicos: art. 513 a 518 do CPP.<\/li>\n\n\n\n<li>Dos <a href=\"https:\/\/www.aurum.com.br\/blog\/crimes-contra-a-honra\/\">crimes contra a honra:<\/a> arts. 519 a 523 do CPP.<\/li>\n\n\n\n<li>Dos crimes contra a propriedade imaterial: arts. 524 a 530-I do CPP e tamb\u00e9m a Lei n. 9.279\/96.<\/li>\n\n\n\n<li>Rito dos crimes da compet\u00eancia do j\u00fari: arts. 406 a 497 do CPP.<\/li>\n<\/ol>\n\n\n\n<p>Fora do C\u00f3digo de Processo Penal, encontramos ainda, entre outros, os seguintes ritos especiais:<\/p>\n\n\n\n<ol class=\"wp-block-list\">\n<li>Crimes falimentares: Lei n. 11.101.<\/li>\n\n\n\n<li>T\u00f3xicos: Lei n. 11.343.<\/li>\n\n\n\n<li>Compet\u00eancia origin\u00e1ria dos Tribunais (Lei n. 8.658\/93, que remete para a Lei n. 8.038).<\/li>\n\n\n\n<li><a href=\"https:\/\/www.aurum.com.br\/blog\/crimes-eleitorais\/\">Crimes Eleitorais<\/a> (Lei n. 4.737\/65).<\/li>\n\n\n\n<li>Lavagem de Dinheiro (Lei n. 9.613) segue o rito ordin\u00e1rio, mas existem algumas peculiaridades previstas na referida Lei.<\/li>\n<\/ol>\n\n\n\n<p>\u00c9 extremamente relevante que o advogado conhe\u00e7a as particularidades de cada rito, e a repercuss\u00e3o que os institutos de conex\u00e3o e contin\u00eancia (art. 69, V, CPP) podem ter sobre o processo, afinal, o rito especial pode decorrer tanto da natureza do crime como da pessoa do r\u00e9u, por exemplo quando h\u00e1 prerrogativa de fun\u00e7\u00e3o.<\/p>\n\n\n\n<p>Assim, apenas o conhecimento aprofundado dos institutos do processo penal pode assegurar que o R\u00e9u n\u00e3o seja julgado e condenado por ju\u00edzo incompetente, evitando que seja violada garantia fundamental (art. 5\u00ba, LIII, CF).<\/p>\n\n\n\n<h2 class=\"wp-block-heading\">Quais s\u00e3o as fases do processo criminal?<\/h2>\n\n\n\n<p>Assim como em rela\u00e7\u00e3o \u00e0s esp\u00e9cies de procedimento, devemos tratar de fases dos procedimentos, e n\u00e3o do processo. Sendo v\u00e1rios os procedimentos criminais (3 comuns e diversos especiais), demandaria muito espa\u00e7o para tratar das particularidades de cada um deles.<\/p>\n\n\n\n<p>Revolvendo a doutrina processual penal, podemos nos valer do ensino trazido por Andrey Borges de Mendon\u00e7a no C\u00f3digo de Processo Penal Comentado, coordenado por Gomes Filho, Toron e Badar\u00f3.<\/p>\n\n\n\n<p>Segundo consta, \u00e9 poss\u00edvel perceber um \u201cmodelo\u201d de processo com 5 (cinco) fases, sendo que estas geralmente podem ser identificadas nas mais diferentes esp\u00e9cies, ou tipos, de procedimentos (Revista dos Tribunais, 2022, RL-1.53, Coment\u00e1rios, 4):<\/p>\n\n\n\n<figure class=\"wp-block-pullquote classe bq-small\"><blockquote><p>H\u00e1 uma <strong>primeira fase<\/strong>, de <strong>investiga\u00e7\u00e3o ou prepara\u00e7\u00e3o<\/strong>, que tem como fun\u00e7\u00e3o preparar a acusa\u00e7\u00e3o. Essa fase \u00e9 pr\u00e9via ao pr\u00f3prio processo, [&#8230;]. Ao final dessa fase preparat\u00f3ria \u00e9 poss\u00edvel o arquivamento da investiga\u00e7\u00e3o ou o oferecimento da acusa\u00e7\u00e3o. Oferecida a imputa\u00e7\u00e3o, n\u00e3o se passa automaticamente para a instru\u00e7\u00e3o, mas sim se inicia a <strong>segunda fase<\/strong>, na qual se critica ou analisa o resultado da apura\u00e7\u00e3o. [&#8230;] Nessa segunda fase, portanto, faz-se o <strong>controle<\/strong> <strong>da<\/strong> investiga\u00e7\u00e3o e do seu produto final, a <strong>acusa\u00e7\u00e3o<\/strong> [&#8230;]. A <strong>terceira etapa <\/strong>\u00e9 a <strong>fase de julgamento<\/strong>, que inclui a fase de prepara\u00e7\u00e3o do julgamento, de oferecimento de provas e, finalmente, de <strong>instru\u00e7\u00e3o, debates e julgamento<\/strong>. A <strong>quarta fase<\/strong> \u00e9 onde se controla o resultado desse julgamento, a senten\u00e7a, por meio da <strong>fase recursal<\/strong>. Finalmente, a <strong>quinta fase<\/strong>, de execu\u00e7\u00e3o penal, onde se executa a senten\u00e7a que tenha sido proferida. S\u00e3o essas as etapas principais em que se divide qualquer processo penal. O procedimento comum basicamente segue essas fases, conforme ser\u00e1 visto.<\/p><\/blockquote><\/figure>\n\n\n\n<p>Aqui, ousamos tecer pequena observa\u00e7\u00e3o, discordando do ilustre autor em um ponto: como destaca Aury Lopes Jr., a execu\u00e7\u00e3o criminal \u00e9 processo distinto do processo de conhecimento \u2013 sendo que inclusive pode reunir penas de condena\u00e7\u00f5es de diversos processos criminais de um mesmo apenado.<\/p>\n\n\n\n<p>Assim, seria mais adequado, ao nosso ver, n\u00e3o classificar a execu\u00e7\u00e3o penal como uma quinta fase. O processo de conhecimento, encerradas suas quatro fases, pode gerar a absolvi\u00e7\u00e3o do r\u00e9u ou a condena\u00e7\u00e3o, que leva \u00e0 abertura do processo de execu\u00e7\u00e3o penal.<\/p>\n\n\n\n<h2 class=\"wp-block-heading\">Quando o juiz pode absolver o r\u00e9u?<\/h2>\n\n\n\n<p>Tomo a liberdade, nesse ponto, de convidar o leitor para reformular a quest\u00e3o sob um outro ponto de vista. A Constitui\u00e7\u00e3o Federal assegura que \u201c<em>ningu\u00e9m ser\u00e1 considerado culpado at\u00e9 o tr\u00e2nsito em julgado de senten\u00e7a penal condenat\u00f3ria<\/em>\u201d (art. 5\u00ba, LVII, CF), o princ\u00edpio da presun\u00e7\u00e3o de inoc\u00eancia.<\/p>\n\n\n\n<p>Mais do que um poder, a absolvi\u00e7\u00e3o \u00e9 um dever do julgador. O pr\u00f3prio C\u00f3digo de Processo Penal acerta \u2013 ao menos uma vez \u2013, ao registrar que o juiz <strong>dever\u00e1<\/strong> absolver, nas hip\u00f3teses de absolvi\u00e7\u00e3o sum\u00e1ria (art. 397, CPP).<\/p>\n\n\n\n<p>Numa perspectiva de mudan\u00e7a de pensamento e cultura, seria mais adequado questionar, portanto, quando o ju\u00edzo pode condenar o r\u00e9u. Afinal, sempre que n\u00e3o puder condenar, <strong>dever\u00e1<\/strong> absolver.<\/p>\n\n\n\n<p>Com isso em mente, observando os artigos que normatizam a senten\u00e7a penal (381 a 392 do CPP), pode-se entender que o r\u00e9u poder\u00e1 ser condenado apenas quando constatados no processo os seguintes requisitos:<\/p>\n\n\n\n<ul class=\"wp-block-list\">\n<li>For comprovado suficientemente o fato t\u00edpico (materialidade do fato);<\/li>\n\n\n\n<li>For comprovada suficientemente a conduta do r\u00e9u quanto ao fato (autoria);<\/li>\n\n\n\n<li>N\u00e3o existir nenhuma circunst\u00e2ncia que exclua o crime ou isentem o r\u00e9u de pena (arts. 20, 21, 22, 23, 26 e \u00a7 1\u00ba do art. 28, todos do <a href=\"https:\/\/www.aurum.com.br\/blog\/codigo-penal-brasileiro\/\">C\u00f3digo Penal<\/a>), e nem mesmo fundada d\u00favida sobre sua exist\u00eancia.<\/li>\n<\/ul>\n\n\n\n<p>Veja-se que os requisitos mencionados s\u00e3o cumulativos. N\u00e3o basta estar comprovada suficientemente a materialidade do fato, mas \u00e9 imprescind\u00edvel que se comprove tamb\u00e9m a autoria, e, ademais, n\u00e3o pode haver sequer fundada d\u00favida sobre a exist\u00eancia de <a href=\"https:\/\/www.aurum.com.br\/blog\/excludente-de-culpabilidade\/\">excludente de ilicitude ou culpabilidade<\/a>.<\/p>\n\n\n\n<h3 class=\"wp-block-heading\">Absolvi\u00e7\u00e3o em senten\u00e7a<\/h3>\n\n\n\n<p>Portanto, <strong>haver\u00e1 a absolvi\u00e7\u00e3o<\/strong> sempre que n\u00e3o forem preenchidos os tr\u00eas requisitos mencionados \u2013 sempre que n\u00e3o for poss\u00edvel a condena\u00e7\u00e3o. Ou seja, quando:<\/p>\n\n\n\n<ul class=\"wp-block-list\">\n<li>Estar provada a inexist\u00eancia do fato (prova de n\u00e3o haver materialidade do fato);<\/li>\n\n\n\n<li>N\u00e3o ter sido provada a exist\u00eancia do fato (falta de prova da materialidade do fato);<\/li>\n\n\n\n<li>Estar provado que o r\u00e9u n\u00e3o concorreu para a infra\u00e7\u00e3o penal (prova de que o r\u00e9u n\u00e3o pode ter sido autor ou part\u00edcipe no crime);<\/li>\n\n\n\n<li>N\u00e3o ter sido provado que o r\u00e9u concorreu para a infra\u00e7\u00e3o penal (aus\u00eancia de prova de autoria);<\/li>\n\n\n\n<li>Houver circunst\u00e2ncias que excluam o crime ou isentem o r\u00e9u de pena (arts. 20, 21, 22, 23, 26 e \u00a7 1\u00ba do art. 28, todos do C\u00f3digo Penal), ou mesmo se houver fundada d\u00favida sobre sua exist\u00eancia;<\/li>\n\n\n\n<li>N\u00e3o existir prova suficiente para a condena\u00e7\u00e3o.<\/li>\n<\/ul>\n\n\n\n<p>Essas s\u00e3o as hip\u00f3teses de absolvi\u00e7\u00e3o do r\u00e9u em senten\u00e7a, conforme listadas no art. 386 do CPP. Percebe-se que a absolvi\u00e7\u00e3o \u00e9 desfecho obrigat\u00f3rio sempre que a tese acusat\u00f3ria n\u00e3o for suficientemente comprovada.<\/p>\n\n\n\n<h3 class=\"wp-block-heading\">Absolvi\u00e7\u00e3o Sum\u00e1ria<\/h3>\n\n\n\n<p>Al\u00e9m da absolvi\u00e7\u00e3o em senten\u00e7a, h\u00e1 a possibilidade de que o juiz tenha que absolver o r\u00e9u sumariamente, ou seja, absolv\u00ea-lo antes mesmo de realizada a instru\u00e7\u00e3o processual.<\/p>\n\n\n\n<p>Conforme preceitua o art. 397 do CPP, ap\u00f3s a resposta \u00e0 acusa\u00e7\u00e3o (primeira oportunidade de defesa do r\u00e9u a ser apresentada em ju\u00edzo), o juiz dever\u00e1 absolver sumariamente o acusado quando verificar:<\/p>\n\n\n\n<ul class=\"wp-block-list\">\n<li>exist\u00eancia manifesta de causa excludente da ilicitude do fato (estado de necessidade, legitima defesa, estrito cumprimento de dever legal ou exerc\u00edcio regular do direito);<\/li>\n\n\n\n<li>a exist\u00eancia manifesta de causa excludente da culpabilidade do agente, salvo inimputabilidade (coa\u00e7\u00e3o irresist\u00edvel, cumprimento de ordem hier\u00e1rquica superior, embriaguez involunt\u00e1ria etc.);<\/li>\n\n\n\n<li>que o fato narrado evidentemente n\u00e3o constitui crime (atipicidade do fato);<\/li>\n\n\n\n<li>extinta a punibilidade do agente (prescri\u00e7\u00e3o da pretens\u00e3o punitiva ou morte do acusado).<\/li>\n<\/ul>\n\n\n\n<p>A ressalva quanto \u00e0 inimputabilidade do agente decorre do fato de que, caso a inimputabilidade seja manifesta, ainda assim h\u00e1 a necessidade da instru\u00e7\u00e3o processual, j\u00e1 que poder\u00e1 ser caso de absolvi\u00e7\u00e3o seguida da aplica\u00e7\u00e3o de medida de seguran\u00e7a (art. 386, par\u00e1grafo \u00fanico, inc. III).<\/p>\n\n\n\n<p>Por todo o exposto, conclu\u00edmos que o R\u00e9u sempre dever\u00e1 ser absolvido, a n\u00e3o ser que possa ser condenado. E <strong>s\u00f3 poder\u00e1 ser condenado quando cumpridos os tr\u00eas requisitos da condena\u00e7\u00e3o<\/strong>: materialidade, autoria e aus\u00eancia de excludentes de ilicitude e culpabilidade.<\/p>\n\n\n\n<style>\n    #adpost-block_a27ed37bf9cc0754d0103b70a9896e8d.anuncio-post-reverse {\n        display: flex;\n        gap: 24px;\n        border-radius: 8px;\n        width: 100%;\n        max-width: 752px;\n        padding: 40px;\n        background: #e7f4fe;\n        margin: 16px auto;\n    }\n\n    #adpost-block_a27ed37bf9cc0754d0103b70a9896e8d .anuncio-container {\n        display: flex;\n        flex-direction: column;\n        gap: 24px;\n        width: 100%;\n        max-width: 333px;\n    }\n\n    #adpost-block_a27ed37bf9cc0754d0103b70a9896e8d .anuncio-container .logo {\n        width: 100%;\n        max-width: 177px;\n        margin: 0;\n    }\n\n    #adpost-block_a27ed37bf9cc0754d0103b70a9896e8d .anuncio-text-container {\n        display: flex;\n        flex-direction: column;\n        gap: 24px;\n    }\n\n    #adpost-block_a27ed37bf9cc0754d0103b70a9896e8d .anuncio-text-container .title {\n        font-family: 'Ubuntu';\n        font-size: 1.5rem; \/\/24px\n        font-weight: 700;\n        line-height: 120%;\n        margin: 0;\n        color: #000;\n    }\n\n    #adpost-block_a27ed37bf9cc0754d0103b70a9896e8d .anuncio-text-container .text {\n        font-size: 0.875rem;\n        font-weight: 400;\n        line-height: 170%;\n        color: #000;\n    }\n\n    #adpost-block_a27ed37bf9cc0754d0103b70a9896e8d .anuncio-container .button {\n        display: inline-flex;\n        align-items: center;\n        justify-content: center;\n        width: fit-content;\n        height: 48px;\n        border-radius: 8px;\n        padding: 12px 24px;\n        font-size: 1rem;\n        font-weight: 600;\n        text-decoration: none;\n        background: #008fd5;\n        color: #fff;\n    }\n\n    #adpost-block_a27ed37bf9cc0754d0103b70a9896e8d .image-container {\n        position: relative;\n        width: 100%;\n        height: 100%;\n    }\n\n    #adpost-block_a27ed37bf9cc0754d0103b70a9896e8d .image-container.float {\n        min-height: 236px;\n    }\n\n    #adpost-block_a27ed37bf9cc0754d0103b70a9896e8d .image-container .image-desktop {\n        width: 100%;\n        max-width: 323px;\n        object-fit: contain;\n        margin: 0;\n    }\n\n    #adpost-block_a27ed37bf9cc0754d0103b70a9896e8d .image-container .image-mobile {\n        display: none;\n        width: 100%;\n        max-width: 291px;\n        object-fit: contain;\n        margin: 0;\n    }\n\n    #adpost-block_a27ed37bf9cc0754d0103b70a9896e8d .image-container.float .image-desktop,\n    #adpost-block_a27ed37bf9cc0754d0103b70a9896e8d .image-container.float .image-mobile {\n        position: absolute;\n        right: 0;\n        bottom: 0;\n    }\n\n    #adpost-block_a27ed37bf9cc0754d0103b70a9896e8d .image-container img {\n        border-radius: 8px;\n    }\n\n    \/************\n    * MOBILE \n    *************\/\n    @media (max-width: 1439px) {\n        #adpost-block_a27ed37bf9cc0754d0103b70a9896e8d.anuncio-post-reverse {\n            flex-direction: column-reverse;\n            max-width: fit-content;\n            padding: 24px;\n        }\n\n        #adpost-block_a27ed37bf9cc0754d0103b70a9896e8d .anuncio-container {\n            max-width: 280px;\n            align-items: center;\n        }\n\n        #adpost-block_a27ed37bf9cc0754d0103b70a9896e8d .anuncio-container .logo {\n            max-width: 147px;\n        }\n\n        #adpost-block_a27ed37bf9cc0754d0103b70a9896e8d .anuncio-text-container {\n            gap: 8px;\n        }\n\n        #adpost-block_a27ed37bf9cc0754d0103b70a9896e8d .anuncio-text-container .title {\n            font-size: 1.25rem;\n            text-align: center;\n        }\n\n        #adpost-block_a27ed37bf9cc0754d0103b70a9896e8d .anuncio-text-container .text {\n            text-align: center;\n        }\n\n        #adpost-block_a27ed37bf9cc0754d0103b70a9896e8d .anuncio-container .button {\n            width: 100%;\n        }\n\n        #adpost-block_a27ed37bf9cc0754d0103b70a9896e8d .image-container.float {\n            min-height: 182px;\n        }\n\n        #adpost-block_a27ed37bf9cc0754d0103b70a9896e8d .image-container .image-desktop {\n            display: none;\n        }\n\n        #adpost-block_a27ed37bf9cc0754d0103b70a9896e8d .image-container .image-mobile {\n            display: block;\n        }\n    }\n\n    \/*******************\n    * RESET GLOBAL CSS \n    ********************\/\n    #s-post main article .content .image-container img {\n        margin: 0;\n    }\n<\/style>\n\n\n<article id=\"adpost-block_a27ed37bf9cc0754d0103b70a9896e8d\" class=\"anuncio-post-reverse\">\n    <div class=\"anuncio-container\">\n        \n        <div class=\"anuncio-text-container\">\n             <h3 class=\"title\" >Seja protagonista da sua advocacia com o Astrea<\/h3>\n            <div class=\"text\" >Tenha tempo para focar no crescimento do seu escrit\u00f3rio, enquanto o Astrea cuida da sua gest\u00e3o jur\u00eddica com intelig\u00eancia.<\/div>        <\/div>\n       \n        <a class=\"button\" href=\"\/astrea\/?utm_source=blog&#038;utm_medium=adpost&#038;utm_campaign=campanha-marca-2026\" target=\"_self\">Conhe\u00e7a o Astrea<\/a>    <\/div>\n\n    <div class=\"image-container\">\n        <img decoding=\"async\" class=\"image-desktop\" src=\"https:\/\/www.aurum.com.br\/blog\/wp-content\/uploads\/2026\/03\/adpos-posicionamento-2026-desktop.png\" alt=\"\" \/>\n        <img decoding=\"async\" class=\"image-mobile\" src=\"https:\/\/www.aurum.com.br\/blog\/wp-content\/uploads\/2026\/03\/adpost-posicionamento-2026-mobile.png\" alt=\"\" \/>    <\/div>\n<\/article>\n\n\n<h2 class=\"wp-block-heading\">D\u00favidas frequentes sobre o tema:<\/h2>\n\n\n\n<p>Para te ajudar a ir ainda mais longe no entendimento do processo criminal, preparei uma se\u00e7\u00e3o exclusiva com as principais d\u00favidas relacionadas ao tema. Confira!&nbsp;<\/p>\n\n\n\n<h3 class=\"wp-block-heading\">Qual a diferen\u00e7a entre processo criminal e penal?<\/h3>\n\n\n\n<p>Na pr\u00e1tica os termos \u201ccriminal\u201d e \u201cpenal\u201d t\u00eam sido usados como sin\u00f4nimos em diversas ocasi\u00f5es. F\u00e1bio Chaim, em \u201c<strong><a href=\"https:\/\/www.aurum.com.br\/blog\/direito-penal\/\" data-type=\"post\" data-id=\"9608\">Direito penal: o que \u00e9, qual sua fun\u00e7\u00e3o e livros!<\/a><\/strong>\u201d, cita interessante pondera\u00e7\u00e3o de Guilherme Nucci sobre os termos \u201cpenal\u201d e \u201ccriminal\u201d:<\/p>\n\n\n\n<blockquote class=\"wp-block-quote is-layout-flow wp-block-quote-is-layout-flow\">\n<p><em>Para v\u00e1rios autores, h\u00e1 diferen\u00e7a entre direito penal e direito criminal, sendo este abrangente daquele, porque daria enfoque ao crime e suas consequ\u00eancias jur\u00eddicas, enquanto aquele seria mais voltado ao estudo da puni\u00e7\u00e3o. Assim n\u00e3o nos parece e <\/em><strong><em>tudo n\u00e3o passa de uma op\u00e7\u00e3o terminol\u00f3gica<\/em><\/strong><em>. J\u00e1 tivemos, no Brasil, um C\u00f3digo Criminal (1830), mas depois passamos a denominar o corpo de normas jur\u00eddicas voltados ao combate \u00e0 criminalidade como C\u00f3digo Penal (1890 e 1940).<\/em><\/p>\n<\/blockquote>\n\n\n\n<p>Embora Nucci esteja se referindo a \u201cdireito penal\u201d e \u201cdireito criminal\u201d, entendemos que o mesmo se aplica aos termos \u201cprocesso penal\u201d e \u201cprocesso criminal\u201d.<\/p>\n\n\n\n<p>H\u00e1 certas ocasi\u00f5es nas quais, por praxe, um termo soa melhor que o outro, e vice-versa. Como os c\u00f3digos s\u00e3o nomeados como C\u00f3digo Penal e o de Processo Penal, parece mais natural falar em \u201cdireito penal\u201d e \u201cprocesso penal\u201d. J\u00e1 as varas judiciais de compet\u00eancia criminal s\u00e3o assim denominadas: \u201cvara criminal\u201d.<\/p>\n\n\n\n<p>Os advogados especialistas em direito penal costumam se apresentar como <a href=\"https:\/\/www.aurum.com.br\/blog\/advogado-criminalista\/\">advogados criminalistas<\/a>, e, assim, percebe-se que embora os termos sejam tidos como sin\u00f4nimos, a depender do assunto um se adequa melhor que o outro.<\/p>\n\n\n\n<h3 class=\"wp-block-heading\">Onde posso consultar o meu processo criminal?<\/h3>\n\n\n\n<p>Todos os tribunais estaduais, de Justi\u00e7a Federal, de Justi\u00e7a Eleitoral e de Justi\u00e7a Militar t\u00eam compet\u00eancia para julgar casos criminais. Al\u00e9m deles, um processo criminal pode ser originado diretamente em um tribunal superior.<\/p>\n\n\n\n<p>Dessa forma, para consultar o processo penal, o r\u00e9u deve, antes de tudo, saber onde est\u00e1 sendo processado. Cada tribunal possui um sistema eletr\u00f4nico, no qual as partes ou seus advogados podem consultar o processo.<\/p>\n\n\n\n<p>Al\u00e9m disso, \u00e9 poss\u00edvel que o processo seja f\u00edsico, e n\u00e3o eletr\u00f4nico. Embora quase todos os tribunais j\u00e1 funcionem tendo 100% dos processos eletr\u00f4nicos, alguns processos mais antigos seguem em sua forma f\u00edsica, sendo que a \u00fanica maneira de os consultar \u00e9 indo pessoalmente \u00e0 secretaria da vara onde tramitam.<\/p>\n\n\n\n<p>Mesmo uma mera consulta processual pode se revelar algo extremamente complexo, sendo recomendada a contrata\u00e7\u00e3o de advogado para essa tarefa.<\/p>\n\n\n\n<h3 class=\"wp-block-heading\">Como saber se uma pessoa est\u00e1 respondendo um processo criminal?<\/h3>\n\n\n\n<p>A maioria dos tribunais permite a consulta de processos pelo CPF da parte, o que viabiliza que seja verificado se algu\u00e9m \u00e9 parte em processo criminal.<\/p>\n\n\n\n<p>Entretanto, h\u00e1 processos que tramitam em segredo de justi\u00e7a, e podem n\u00e3o aparecer na consulta. Ademais, a consulta nem sempre permite saber o teor do processo.<\/p>\n\n\n\n<p>Portanto, a forma mais segura de se saber se uma pessoa responde a processo criminal \u00e9 verificando uma certid\u00e3o de distribui\u00e7\u00e3o de processos criminais.<\/p>\n\n\n\n<p>A pr\u00f3pria pessoa deve se dirigir ao Cart\u00f3rio Distribuidor em sua Comarca, e ao Cart\u00f3rio Distribuidor da Subse\u00e7\u00e3o da Justi\u00e7a Federal, e pedir uma certid\u00e3o de distribui\u00e7\u00e3o criminal. Alguns tribunais permitem que a certid\u00e3o seja solicitada e retirada diretamente no portal oficial (site).<\/p>\n\n\n\n<h3 class=\"wp-block-heading\">Quantos anos leva um processo criminal?<\/h3>\n\n\n\n<p>N\u00e3o h\u00e1 um tempo definido para a dura\u00e7\u00e3o de um processo criminal. H\u00e1 diversas vari\u00e1veis que influenciam a dura\u00e7\u00e3o do processo. As principais s\u00e3o: complexidade dos fatos, m\u00faltiplos acusados, partes ou testemunhas que residam em comarcas diferentes.<\/p>\n\n\n\n<p>No <a href=\"https:\/\/www.cnj.jus.br\/wp-content\/uploads\/2021\/09\/relatorio-justica-em-numeros2021-12.pdf\" target=\"_blank\" rel=\"noopener\">Relat\u00f3rio Justi\u00e7a em N\u00fameros 2021<\/a> (figura 153), do CNJ, v\u00ea-se que o tempo m\u00e9dio de dura\u00e7\u00e3o de um processo criminal \u00e9 de 3 (tr\u00eas) anos e 10 (dez) meses).<\/p>\n\n\n\n<p>Por\u00e9m, verificando apenas os n\u00fameros das justi\u00e7as estaduais, onde s\u00e3o processadas a maioria das a\u00e7\u00f5es criminais, essa m\u00e9dia \u00e9 de 4 (quatro) anos.<\/p>\n\n\n\n<p>\u00c9 preciso entender que a m\u00e9dia pode estar muito distante da realidade concreta de cada processo, sendo que n\u00e3o \u00e9 incomum que um processo criminal dure mais de 10 (dez) anos at\u00e9 o tr\u00e2nsito em julgado.<\/p>\n\n\n\n<p>De qualquer maneira, o processo tem um tempo m\u00e1ximo de dura\u00e7\u00e3o, a depender do crime em julgamento. Esse prazo ser\u00e1 estabelecido conforme as regras da prescri\u00e7\u00e3o penal aplic\u00e1vel ao caso. Uma vez decorrido o prazo prescricional, restar\u00e1 extinta a punibilidade. Ou seja, o processo dever\u00e1 ser encerrado, sem possibilidade de que o r\u00e9u seja condenado.<\/p>\n\n\n\n<p>No Portal Aurum j\u00e1 foi publicado um artigo extremamente interessante sobre <a href=\"https:\/\/www.aurum.com.br\/blog\/prescricao-penal\/\" data-type=\"post\" data-id=\"9322\">prescri\u00e7\u00e3o penal<\/a>, cuja leitura sem d\u00favida ser\u00e1 muito esclarecedora.<\/p>\n\n\n\n<h3 class=\"wp-block-heading\">O que acontece quando o r\u00e9u \u00e9 absolvido no processo criminal?<\/h3>\n\n\n\n<p>O C\u00f3digo de Processo Penal disp\u00f5e que, ao absolver o r\u00e9u, o juiz dever\u00e1 mandar por o r\u00e9u em liberdade, caso ele esteja preso, e ordenar a cessa\u00e7\u00e3o das penas acess\u00f3rias provis\u00f3rias e das <strong>medidas cautelares<\/strong>.<\/p>\n\n\n\n<p>Se for o caso da absolvi\u00e7\u00e3o impr\u00f3pria \u2013 ou seja, quando o r\u00e9u \u00e9 tido como inimput\u00e1vel, nos termos do <em>caput<\/em> do art. 26 do C\u00f3digo Penal \u2013 o juiz estabelecer\u00e1 a medida de seguran\u00e7a.<\/p>\n\n\n\n<h3 class=\"wp-block-heading\">A senten\u00e7a criminal \u00e9 o fim do processo?<\/h3>\n\n\n\n<p>A senten\u00e7a criminal pode ou n\u00e3o marcar o fim do processo penal.<\/p>\n\n\n\n<p>Quando \u00e9 publicada a senten\u00e7a as partes poder\u00e3o ainda interpor seus recursos. Interposto o recurso \u00e9 aberta a fase recursal, e o processo seguir\u00e1 para julgamento em segunda inst\u00e2ncia ou para o tribunal superior, conforme o caso.<\/p>\n\n\n\n<p>Assim, a senten\u00e7a marca o fim do processo apenas se nenhuma das partes optarem por recorrer.<\/p>\n\n\n\n<h2 class=\"wp-block-heading\">Conclus\u00e3o:<\/h2>\n\n\n\n<p>Em resumo, o processo criminal desempenha um papel crucial no ordenamento jur\u00eddico, visando conciliar a busca pela verdade com a salvaguarda dos direitos individuais. Este texto abordou os elementos essenciais desse procedimento, sublinhando sua intrincada natureza e a necessidade de uma aplica\u00e7\u00e3o equitativa da lei.&nbsp;<\/p>\n\n\n\n<p>Destaca-se a import\u00e2ncia de um devido processo legal para a efic\u00e1cia do sistema judicial, assegurando tanto a integridade do indiv\u00edduo quanto a confian\u00e7a da sociedade na administra\u00e7\u00e3o da justi\u00e7a.<\/p>\n\n\n\n<h3 class=\"wp-block-heading\">Mais conhecimento para voc\u00ea<\/h3>\n\n\n\n<ul class=\"wp-block-list\">\n<li><a href=\"https:\/\/www.aurum.com.br\/blog\/passivo-ambiental\/\">O que \u00e9 passivo ambiental, qual seu papel e o que diz a lei?&nbsp;<\/a><\/li>\n\n\n\n<li><a href=\"https:\/\/www.aurum.com.br\/blog\/reforma-eleitoral\/\">Entenda as principais mudan\u00e7as com a reforma eleitoral aprovada<\/a><\/li>\n\n\n\n<li><a href=\"https:\/\/www.aurum.com.br\/blog\/contestacao\/\">Contesta\u00e7\u00e3o no Novo CPC: dicas para argumenta\u00e7\u00e3o [+MODELO]<\/a><\/li>\n\n\n\n<li><a href=\"https:\/\/www.aurum.com.br\/blog\/eviccao\/\">Evic\u00e7\u00e3o: como funciona, requisitos, direitos e dicas para mitigar o risco<\/a><\/li>\n\n\n\n<li><a href=\"https:\/\/www.aurum.com.br\/blog\/glossario-juridico\/abandono-de-incapaz\/\" data-type=\"URL\" data-id=\"https:\/\/www.aurum.com.br\/blog\/glossario-juridico\/abandono-de-incapaz\/\">Gloss\u00e1rio jur\u00eddico: O que \u00e9 abandono de incapaz?<\/a><\/li>\n\n\n\n<li><a href=\"https:\/\/www.aurum.com.br\/blog\/glossario-juridico\/acao-coletiva\/\" data-type=\"URL\" data-id=\"https:\/\/www.aurum.com.br\/blog\/glossario-juridico\/acao-coletiva\/\">Gloss\u00e1rio Jur\u00eddico: O que \u00e9 a\u00e7\u00e3o coletiva?<\/a><\/li>\n\n\n\n<li><a href=\"https:\/\/www.aurum.com.br\/blog\/glossario-juridico\/acao-autonoma-de-impugnacao\/\" data-type=\"URL\" data-id=\"https:\/\/www.aurum.com.br\/blog\/glossario-juridico\/acao-autonoma-de-impugnacao\/\">Gloss\u00e1rio Jur\u00eddico: O que \u00e9 a\u00e7\u00e3o aut\u00f4noma de impugna\u00e7\u00e3o?<\/a><\/li>\n\n\n\n<li><a href=\"https:\/\/www.aurum.com.br\/blog\/art-523-do-cpc\/\" data-type=\"link\" data-id=\"https:\/\/www.aurum.com.br\/blog\/art-523-do-cpc\/\">Art. 523 do CPC: entenda a aplica\u00e7\u00e3o da multa<\/a><\/li>\n<\/ul>\n\n\n<style>\r\n  .news-post {\r\n    background: url('https:\/\/www.aurum.com.br\/blog\/wp-content\/themes\/aurum\/img\/bg-news-artigo.svg') no-repeat top center #3C48AA;\r\n    padding: 1.5rem;\r\n    border-radius: 6px;\r\n    margin: 1rem 0;\r\n  }\r\n  .news-post .icone {\r\n    display: none;\r\n  }\r\n  .news-post .title {\r\n    font-weight: 700;\r\n    font-size: 16px;\r\n    line-height: 130%;\r\n    text-align: center;\r\n    letter-spacing: -0.5px;\r\n    color: #fff;\r\n    margin-bottom: .9375rem;\r\n  }\r\n  .news-post p {\r\n    font-size: .875rem;\r\n    line-height: 140%;\r\n    text-align: center;\r\n    color: #fff;\r\n    margin-bottom: 1.25rem;\r\n  }\r\n  .news-post .news_button_span {\r\n    font-size: .8125rem;\r\n    display: block;\r\n    padding: .125rem .3125rem;\r\n    color: #fff;\r\n    text-align:left;\r\n  }\r\n  .news-post .news_button_span a {\r\n    color: #fff !important;\r\n    text-decoration: underline;\r\n  }\r\n  .news-post form {\r\n    width: 100%;\r\n  }\r\n  .news-post label {\r\n    font-weight: 600;\r\n    font-size: .9375rem;\r\n    line-height: 1.5rem;\r\n    margin-bottom: .5rem;\r\n    color: #fff;\r\n    display: block;\r\n  }\r\n  .news-post input {\r\n    background: #fff;\r\n    border: 1px solid #CBCBD9;\r\n    box-sizing: border-box;\r\n    border-radius: 4px;\r\n    padding: .75rem 1rem;\r\n    width: 100%;\r\n  }\r\n  .news-post button {\r\n    margin-top: .875rem;\r\n    width: 100%;\r\n    min-width: auto;\r\n    background: #FCC632;\r\n    color: #3C48AA;\r\n  }\r\n  .news-post .input {\r\n    position: relative;\r\n    padding-bottom: 10px;\r\n  }\r\n  .news-post .error-message-ad {\r\n    font-size: .875rem;\r\n    line-height: 130%;\r\n    color: #D50021;\r\n    margin-left: 4px;\r\n  }\r\n  .news-post .error {\r\n    border: 1px solid #D50021;\r\n  }\r\n  .news-post #message-form-ad {\r\n    border-radius: 4px;\r\n    padding: 0.7rem;\r\n    font-size:0.8rem;\r\n    text-align: center;\r\n    align-items: center;\r\n    justify-content: center;\r\n    display: none;\r\n  }\r\n  .news-post #message-form-ad svg {\r\n    margin-right: 8px;\r\n  }\r\n\r\n  @media(min-width: 561px) {\r\n    .news-post {\r\n      position: relative;\r\n      background: url('https:\/\/www.aurum.com.br\/blog\/wp-content\/themes\/aurum\/img\/bg-news-artigo.svg') no-repeat top center #3C48AA;\r\n      width: calc(100% - 30px);\r\n    }\r\n    .news-post .icone {\r\n      display: block;\r\n      position: absolute;\r\n      right: -30px;\r\n      top: 65px;\r\n      max-width: 142px;\r\n      width: 100%;\r\n      height: auto;\r\n      margin: 0;\r\n    }\r\n    .news-post .title {\r\n      font-size: 1.125rem;\r\n      text-align: left;\r\n      \/* padding-right: 3.75rem; *\/\r\n    }\r\n    .news-post p {\r\n      font-size: 1rem;\r\n      text-align: left;\r\n      max-width: 400px;\r\n    }\r\n    .news-post .boxes {\r\n      display: flex;\r\n      align-items: flex-start;\r\n    }\r\n    .news-post button {\r\n      margin: 0 0 0 1rem;\r\n      width: 100%;\r\n      max-width: 170px;\r\n      min-width: auto;\r\n      transition: all ease .3s\r\n    }\r\n    .news-post button:hover {\r\n      opacity: 0.9;\r\n      transition: all ease .3s\r\n    }\r\n    .news-post #message-form-ad {\r\n      padding: 1.125rem;\r\n      font-size:1rem;\r\n    }\r\n    .news-post #message-form-ad svg {\r\n      margin-right: 10px;\r\n    }\r\n  }\r\n<\/style>\r\n\r\n<div class=\"news-post\">\r\n  <div class=\"title news-ad-title\">Gostou do artigo e quer evoluir a sua advocacia?<\/div>\r\n  <p class=\"news-ad-subtitle\">Assine gr\u00e1tis a Aurum News e receba uma dose semanal de conte\u00fado no seu e-mail! \u270c\ufe0f<\/p>\r\n  <img decoding=\"async\" src=\"https:\/\/www.aurum.com.br\/blog\/wp-content\/themes\/aurum\/img\/icon-news-artigo.svg\" alt=\"\" class=\"icone\">\r\n\r\n  <form method=\"post\" name=\"newsletter-ad\" id=\"aurum-newsletter-ad\">\r\n    <div class=boxes>\r\n      <div class=\"input\">\r\n        <label class=\"label-email\" htmlFor=\"email-ad\">Qual seu e-mail?<\/label>\r\n        <input type=\"email\" id=\"email-ad\" name=\"newsletter-mail-ad\" placeholder=\"Digite seu e-mail?\">\r\n        <div class=\"error-message-ad-email\">Endere\u00e7o de e-mail inv\u00e1lido ou incorreto<\/div>\r\n\r\n        <label class=\"label-select\" htmlFor=\"lawsuits-select-ad\">\r\n          Quantos processos voc\u00ea ou<br class=\"for-desktop\"\/> seu escrit\u00f3rio acompanham?\r\n        <\/label>\r\n        <div id=\"lawsuits-select-ad\" class=\"lawsuits-select select-wrapper\" tabindex=\"0\">\r\n          <div class=\"s-dropdown--styled\">\r\n          <span class=\"lawsuits-default\">\r\n            <span id=\"lawsuits-newsletter-ad\" class=\"lawsuits-default-text\" data-value=\"\">Selecione os processos<\/span>\r\n            <svg class=\"chevron\" xmlns=\"http:\/\/www.w3.org\/2000\/svg\" width=\"24\" height=\"25\" viewBox=\"0 0 24 25\" fill=\"none\">\r\n              <path d=\"M6 15.6152L12 9.61523L18 15.6152\" stroke=\"black\" stroke-width=\"2\" stroke-linecap=\"round\" stroke-linejoin=\"round\" \/>\r\n            <\/svg>\r\n          <\/span>\r\n\r\n          <ul class=\"s-dropdown u-hide\">\r\n            <li class=\"lawsuits\" data-value=\"Mais de 1000 processos\">Mais de 1000 processos<\/li>\r\n            <li class=\"lawsuits\" data-value=\"De 501 a 1000 processos\">De 501 a 1000 processos<\/li>\r\n            <li class=\"lawsuits\" data-value=\"De 151 a 500 processos\">De 151 a 500 processos<\/li>\r\n            <li class=\"lawsuits\" data-value=\"De 41 a 150 processos\">De 41 a 150 processos<\/li>\r\n            <li class=\"lawsuits\" data-value=\"At\u00e9 40 processos\">At\u00e9 40 processos<\/li>\r\n            <li class=\"lawsuits\" data-value=\"Atuo apenas no consultivo\">Atuo apenas no consultivo<\/li>\r\n            <li class=\"lawsuits\" data-value=\"Ainda sou estudante de direito\">Ainda sou estudante de direito<\/li>\r\n            <li class=\"lawsuits\" data-value=\"N\u00e3o sou da \u00e1rea jur\u00eddica\">N\u00e3o sou da \u00e1rea jur\u00eddica<\/li>\r\n          <\/ul>\r\n          <\/div>\r\n        <\/div>\r\n        <div class=\"error-message-ad-lawsuits\">Selecione algum processo<\/div>\r\n      <\/div>\r\n      <button class=\"btn btn-yellow ad-btn-desktop\" id=\"aurum-submit-ad\">Assinar gr\u00e1tis<\/button>\r\n      <button class=\"btn btn-yellow ad-btn-mobile\" id=\"aurum-submit-ad\">Assinar<\/button>\r\n    <\/div>\r\n    <span class=\"news_button_span\">Ao se cadastrar voc\u00ea declara que leu e aceitou a pol\u00edtica de privacidade e cookies do <a href=\"https:\/\/s3.sa-east-1.amazonaws.com\/publico.aurum.com.br\/contratos\/politica-de-privacidade.pdf\" target=\"_blank\" rel=\"noopener noreferrer\">site<\/a>.<\/span>\r\n  <\/form>\r\n  <div id=\"message-form-ad\"><\/div>\r\n<\/div>\n\n\n<p><\/p>\n","protected":false},"excerpt":{"rendered":"<p>Processo criminal \u00e9 descrito, nas palavras de Aury Lopes Jr., como \u201co caminho necess\u00e1rio para a pena\u201d. Pode acontecer por diferentes ritos, que a lei estabelece a depender da natureza e\/ou da pena m\u00e1xima do crime, ou da condi\u00e7\u00e3o do r\u00e9u, por exemplo. De todas as \u00e1reas do direito, sem d\u00favida o Direito Penal \u00e9 [&hellip;]<\/p>\n","protected":false},"author":127,"featured_media":25654,"comment_status":"open","ping_status":"open","sticky":false,"template":"","format":"standard","meta":{"_bbp_topic_count":0,"_bbp_reply_count":0,"_bbp_total_topic_count":0,"_bbp_total_reply_count":0,"_bbp_voice_count":0,"_bbp_anonymous_reply_count":0,"_bbp_topic_count_hidden":0,"_bbp_reply_count_hidden":0,"_bbp_forum_subforum_count":0,"inline_featured_image":false,"footnotes":""},"categories":[192],"tags":[],"class_list":["post-25653","post","type-post","status-publish","format-standard","has-post-thumbnail","hentry","category-direito-processual-penal"],"acf":[],"_links":{"self":[{"href":"https:\/\/www.aurum.com.br\/blog\/wp-json\/wp\/v2\/posts\/25653","targetHints":{"allow":["GET"]}}],"collection":[{"href":"https:\/\/www.aurum.com.br\/blog\/wp-json\/wp\/v2\/posts"}],"about":[{"href":"https:\/\/www.aurum.com.br\/blog\/wp-json\/wp\/v2\/types\/post"}],"author":[{"embeddable":true,"href":"https:\/\/www.aurum.com.br\/blog\/wp-json\/wp\/v2\/users\/127"}],"replies":[{"embeddable":true,"href":"https:\/\/www.aurum.com.br\/blog\/wp-json\/wp\/v2\/comments?post=25653"}],"version-history":[{"count":8,"href":"https:\/\/www.aurum.com.br\/blog\/wp-json\/wp\/v2\/posts\/25653\/revisions"}],"predecessor-version":[{"id":29292,"href":"https:\/\/www.aurum.com.br\/blog\/wp-json\/wp\/v2\/posts\/25653\/revisions\/29292"}],"wp:featuredmedia":[{"embeddable":true,"href":"https:\/\/www.aurum.com.br\/blog\/wp-json\/wp\/v2\/media\/25654"}],"wp:attachment":[{"href":"https:\/\/www.aurum.com.br\/blog\/wp-json\/wp\/v2\/media?parent=25653"}],"wp:term":[{"taxonomy":"category","embeddable":true,"href":"https:\/\/www.aurum.com.br\/blog\/wp-json\/wp\/v2\/categories?post=25653"},{"taxonomy":"post_tag","embeddable":true,"href":"https:\/\/www.aurum.com.br\/blog\/wp-json\/wp\/v2\/tags?post=25653"}],"curies":[{"name":"wp","href":"https:\/\/api.w.org\/{rel}","templated":true}]}}