{"id":25432,"date":"2026-03-10T18:29:03","date_gmt":"2026-03-10T21:29:03","guid":{"rendered":"https:\/\/www.aurum.com.br\/blog\/?p=25432"},"modified":"2026-03-11T12:15:12","modified_gmt":"2026-03-11T15:15:12","slug":"regularizacao-de-imoveis","status":"publish","type":"post","link":"https:\/\/www.aurum.com.br\/blog\/regularizacao-de-imoveis\/","title":{"rendered":"Regulariza\u00e7\u00e3o de im\u00f3veis: um guia completo"},"content":{"rendered":"<div id=\"bsf_rt_marker\"><\/div>\n<pre class=\"wp-block-preformatted\">A <strong>regulariza\u00e7\u00e3o de im\u00f3veis<\/strong> consiste no conjunto de procedimentos legais e burocr\u00e1ticos necess\u00e1rios para oficializar a situa\u00e7\u00e3o de um bem junto aos \u00f3rg\u00e3os municipais e ao oficial de registro, garantindo sua plena legalidade.<\/pre>\n\n\n\n<p><strong>O que voc\u00ea vai encontrar neste conte\u00fado:<\/strong><\/p>\n\n\n\n<ul class=\"wp-block-list\">\n<li><strong>Regularizar \u00e9 proteger seu patrim\u00f4nio<\/strong>: um im\u00f3vel regular tem documenta\u00e7\u00e3o e realidade f\u00edsica alinhadas, o que garante seguran\u00e7a jur\u00eddica, valoriza\u00e7\u00e3o de mercado e facilidade em qualquer transa\u00e7\u00e3o futura.<\/li>\n\n\n\n<li><strong>Cada caso exige um caminho diferente<\/strong>: as modalidades mais comuns s\u00e3o usucapi\u00e3o, REURB, adjudica\u00e7\u00e3o compuls\u00f3ria e desmembramento. Identificar a correta depende de an\u00e1lise documental e vistoria do im\u00f3vel.<\/li>\n\n\n\n<li><strong>O processo tem custo e prazo vari\u00e1veis<\/strong>: procedimentos simples podem ser resolvidos em 30 dias; casos judiciais como usucapi\u00e3o podem levar de 2 a 5 anos. Planejamento e documenta\u00e7\u00e3o organizada fazem diferen\u00e7a.<\/li>\n\n\n\n<li><strong>A preven\u00e7\u00e3o \u00e9 sempre mais acess\u00edvel<\/strong>: evitar contrato de gaveta, aprovar constru\u00e7\u00f5es antes de execut\u00e1-las e manter o cadastro atualizado evita a grande maioria dos problemas de irregularidade.<\/li>\n<\/ul>\n\n\n\n<hr class=\"wp-block-separator has-alpha-channel-opacity\"\/>\n\n\n\n<p>Voc\u00ea sabia que milh\u00f5es de im\u00f3veis no Brasil ainda est\u00e3o em situa\u00e7\u00e3o irregular? Seja por constru\u00e7\u00f5es sem aprova\u00e7\u00e3o, documenta\u00e7\u00e3o desatualizada ou transfer\u00eancias de propriedade nunca formalizadas, a irregularidade imobili\u00e1ria \u00e9 um problema mais comum do que parece, e pode custar caro.<\/p>\n\n\n\n<p>Palavras como usucapi\u00e3o, contrato de gaveta e &#8220;perdeu o im\u00f3vel&#8221; est\u00e3o presentes em muitas hist\u00f3rias familiares. Quase sempre, essas situa\u00e7\u00f5es poderiam ter sido evitadas com procedimentos simples de regulariza\u00e7\u00e3o realizados no momento certo.<\/p>\n\n\n\n<p>Este guia foi criado para apresentar, de forma clara e objetiva, tudo o que voc\u00ea precisa saber sobre a regulariza\u00e7\u00e3o de im\u00f3veis: o que \u00e9, quando \u00e9 necess\u00e1ria, como funciona o processo, quais documentos exige e quais os benef\u00edcios para quem regulariza.<\/p>\n\n\n\n<p>Continue a leitura \ud83d\ude09<\/p>\n\n\n\n<h2 class=\"wp-block-heading\">O que \u00e9 a regulariza\u00e7\u00e3o de im\u00f3veis?<\/h2>\n\n\n\n<p>Ter um im\u00f3vel regularizado <strong>significa que tanto a documenta\u00e7\u00e3o em todos os \u00f3rg\u00e3os e esferas administrativas quanto a realidade f\u00edsica do bem est\u00e3o em conformidade<\/strong>, ou seja, o que est\u00e1 no papel corresponde ao que se v\u00ea na propriedade.<\/p>\n\n\n\n<p>Por vezes nos deparamos com situa\u00e7\u00f5es em que uma dessas condi\u00e7\u00f5es, ou ambas, precisam ser ajustadas. Quando isso acontece, surge a necessidade da regulariza\u00e7\u00e3o do im\u00f3vel, que come\u00e7a sempre por uma an\u00e1lise minuciosa da documenta\u00e7\u00e3o e dos fatos para ent\u00e3o definir a melhor solu\u00e7\u00e3o.<\/p>\n\n\n\n<p>Vale entender a diferen\u00e7a entre dois conceitos que caminham juntos:<\/p>\n\n\n\n<p><strong>Legaliza\u00e7\u00e3o:<\/strong> procedimento espec\u00edfico, documental ou f\u00edsico, necess\u00e1rio para que a regulariza\u00e7\u00e3o ocorra. Exemplo: instalar equipamento de inc\u00eandio exigido pela prefeitura.<\/p>\n\n\n\n<p><strong>Regulariza\u00e7\u00e3o:<\/strong> processo completo que pode incluir diversas legaliza\u00e7\u00f5es, adequa\u00e7\u00f5es f\u00edsicas e atualiza\u00e7\u00e3o de toda a documenta\u00e7\u00e3o. Exemplo: demoli\u00e7\u00e3o parcial de uma constru\u00e7\u00e3o irregular.<\/p>\n\n\n\n<p>Em resumo: toda regulariza\u00e7\u00e3o pode exigir legalizar algo, mas legalizar um item isolado n\u00e3o significa que o im\u00f3vel est\u00e1 regularizado.<\/p>\n\n\n\n<figure class=\"wp-block-image size-full\"><img decoding=\"async\" width=\"1080\" height=\"1080\" src=\"https:\/\/www.aurum.com.br\/blog\/wp-content\/uploads\/2023\/11\/o-que-e-regularizacao-de-imoveis.jpg\" alt=\"Entenda o que \u00e9 regulariza\u00e7\u00e3o de im\u00f3veis\" class=\"wp-image-25433\" srcset=\"https:\/\/www.aurum.com.br\/blog\/wp-content\/uploads\/2023\/11\/o-que-e-regularizacao-de-imoveis.jpg 1080w, https:\/\/www.aurum.com.br\/blog\/wp-content\/uploads\/2023\/11\/o-que-e-regularizacao-de-imoveis-300x300.jpg 300w, https:\/\/www.aurum.com.br\/blog\/wp-content\/uploads\/2023\/11\/o-que-e-regularizacao-de-imoveis-150x150.jpg 150w, https:\/\/www.aurum.com.br\/blog\/wp-content\/uploads\/2023\/11\/o-que-e-regularizacao-de-imoveis-768x768.jpg 768w\" sizes=\"(max-width: 1080px) 100vw, 1080px\" \/><figcaption class=\"wp-element-caption\">Veja o que \u00e9 regulariza\u00e7\u00e3o de im\u00f3veis<\/figcaption><\/figure>\n\n\n\n<h3 class=\"wp-block-heading\">Por que a regulariza\u00e7\u00e3o \u00e9 importante?<\/h3>\n\n\n\n<p>Regularizar um im\u00f3vel<strong> traz benef\u00edcios concretos para o propriet\u00e1rio e para toda a cadeia de pessoas que se relaciona com aquele bem<\/strong>:<\/p>\n\n\n\n<p><strong>Seguran\u00e7a jur\u00eddica e patrimonial:<\/strong> a documenta\u00e7\u00e3o correta protege a propriedade contra disputas, invas\u00f5es e reivindica\u00e7\u00f5es de terceiros.<\/p>\n\n\n\n<p><strong>Conformidade legal:<\/strong> o im\u00f3vel passa a estar de acordo com as normas, evitando multas, embargos e obriga\u00e7\u00f5es de adequa\u00e7\u00e3o impostas pelos \u00f3rg\u00e3os p\u00fablicos.<\/p>\n\n\n\n<p><strong>Valoriza\u00e7\u00e3o de mercado:<\/strong> im\u00f3veis regulares t\u00eam valor de mercado mais alto, pois oferecem seguran\u00e7a ao comprador e dispensam a necessidade de regulariza\u00e7\u00e3o posterior.<\/p>\n\n\n\n<p><strong>Facilidade nas transa\u00e7\u00f5es:<\/strong> compra, venda, loca\u00e7\u00e3o, financiamento e invent\u00e1rio s\u00e3o opera\u00e7\u00f5es muito mais simples e seguras quando o im\u00f3vel est\u00e1 regularizado.<\/p>\n\n\n\n<h2 class=\"wp-block-heading\">Quando a regulariza\u00e7\u00e3o de im\u00f3veis \u00e9 necess\u00e1ria?<\/h2>\n\n\n\n<p>A regulariza\u00e7\u00e3o torna-se necess\u00e1ria em diversas situa\u00e7\u00f5es. <strong>As mais comuns s\u00e3o<\/strong>:<\/p>\n\n\n\n<ol class=\"wp-block-list\">\n<li><strong>Im\u00f3vel adquirido por contrato de gaveta<\/strong> e o vendedor se recusa ou n\u00e3o pode transferir a propriedade formalmente.<\/li>\n\n\n\n<li><strong>Constru\u00e7\u00f5es realizadas sem aprova\u00e7\u00e3o da prefeitura <\/strong>ou em desacordo com o projeto aprovado, como amplia\u00e7\u00f5es e reformas.<\/li>\n\n\n\n<li><strong>Posse prolongada sem t\u00edtulo formal de propriedade<\/strong>, situa\u00e7\u00e3o que pode ser resolvida via usucapi\u00e3o.<\/li>\n\n\n\n<li><strong>Ocupa\u00e7\u00e3o em assentamentos informais ou \u00e1reas urbanas irregulares<\/strong>, que demandam o processo de Regulariza\u00e7\u00e3o Fundi\u00e1ria (REURB).<\/li>\n\n\n\n<li><strong>Necessidade de desmembrar<\/strong>, desdobrar ou remembrar propriedades (dividir ou unir lotes).<\/li>\n\n\n\n<li><strong>Altera\u00e7\u00e3o do uso do im\u00f3vel sem a devida formaliza\u00e7\u00e3o<\/strong>, como passar de residencial para comercial.<\/li>\n\n\n\n<li><strong>Im\u00f3veis herdados com documenta\u00e7\u00e3o desatualizada<\/strong> ou partilhas n\u00e3o registradas em cart\u00f3rio.<\/li>\n<\/ol>\n\n\n\n<h2 class=\"wp-block-heading\">Quais s\u00e3o os tipos de regulariza\u00e7\u00e3o de im\u00f3veis?<\/h2>\n\n\n\n<p>H\u00e1 diversas formas de regularizar um im\u00f3vel. Tudo depende do caso concreto, mas as modalidades mais frequentes s\u00e3o:<\/p>\n\n\n\n<h3 class=\"wp-block-heading\">Regulariza\u00e7\u00e3o Fundi\u00e1ria e REURB (Lei 13.465\/17)<\/h3>\n\n\n\n<p>Este processo <strong>ocorre em assentamentos irregulares ou \u00e1reas urbanas informais e consiste em regularizar o t\u00edtulo de propriedade de pessoas que j\u00e1 det\u00eam a posse<\/strong>.<\/p>\n\n\n\n<p>O Tribunal de Justi\u00e7a do Cear\u00e1, em not\u00edcia sobre o &#8220;<a href=\"https:\/\/www.tjce.jus.br\/noticias\/comeca-nesta-segunda-feira-debate-sobre-a-importancia-da-regularizacao-fundiaria-urbana-para-sociedade\/\" target=\"_blank\" rel=\"noopener\">I F\u00f3rum de Regulariza\u00e7\u00e3o Fundi\u00e1ria Urbana do Estado<\/a>&#8220;, trouxe uma defini\u00e7\u00e3o precisa sobre o tema:<\/p>\n\n\n\n<blockquote class=\"wp-block-quote is-layout-flow wp-block-quote-is-layout-flow\">\n<p>A Regulariza\u00e7\u00e3o Fundi\u00e1ria consiste no conjunto de medidas jur\u00eddicas, urban\u00edsticas, ambientais e sociais que visam \u00e0 regulariza\u00e7\u00e3o de assentamentos irregulares e \u00e0 titula\u00e7\u00e3o de seus ocupantes, de modo a garantir o direito social \u00e0 moradia, o pleno desenvolvimento das fun\u00e7\u00f5es sociais da propriedade urbana e o direito ao meio ambiente ecologicamente equilibrado.\u201d<\/p>\n<\/blockquote>\n\n\n\n<p>Neste caso, estamos diante de uma regulariza\u00e7\u00e3o que \u00e9 ao mesmo tempo individual, no sentido de cada ocupante obter o t\u00edtulo da sua unidade, e coletiva, ao abranger toda uma \u00e1rea.<\/p>\n\n\n\n<h3 class=\"wp-block-heading\">Usucapi\u00e3o<\/h3>\n\n\n\n<p>A usucapi\u00e3o<strong> \u00e9 o processo, extrajudicial ou judicial, por meio do qual o possuidor de um im\u00f3vel pode se tornar o seu leg\u00edtimo propriet\u00e1rio<\/strong>, desde que cumpridos os requisitos legais, entre eles o tempo de posse ininterrupta exercida como se dono fosse.<\/p>\n\n\n\n<p>H\u00e1 diversas esp\u00e9cies de usucapi\u00e3o previstas na Constitui\u00e7\u00e3o Federal e no C\u00f3digo Civil. A an\u00e1lise do caso concreto \u00e9 fundamental para identificar qual delas se aplica. Ao final do processo, o possuidor obter\u00e1 a matr\u00edcula do im\u00f3vel em seu nome.<\/p>\n\n\n\n<p><a href=\"https:\/\/www.aurum.com.br\/blog\/usucapiao-extraordinaria\/\"><em>Leia tamb\u00e9m: O que \u00e9 usucapi\u00e3o extraordin\u00e1ria e quais os seus requisitos<\/em><\/a><\/p>\n\n\n\n<h3 class=\"wp-block-heading\">Convers\u00e3o de Uso<\/h3>\n\n\n\n<p>A convers\u00e3o de uso <strong>ser\u00e1 necess\u00e1ria quando se pretende oficializar a altera\u00e7\u00e3o da destina\u00e7\u00e3o do im\u00f3vel<\/strong>. Um exemplo pr\u00e1tico: um condom\u00ednio cuja Conven\u00e7\u00e3o Condominial determina uso exclusivamente residencial, mas cujas unidades realizam loca\u00e7\u00e3o de curto per\u00edodo por plataformas como Airbnb.<\/p>\n\n\n\n<p>O STJ decidiu que essa modalidade de loca\u00e7\u00e3o somente \u00e9 permitida quando h\u00e1 autoriza\u00e7\u00e3o expressa na Conven\u00e7\u00e3o. Para regularizar a situa\u00e7\u00e3o, \u00e9 necess\u00e1ria aprova\u00e7\u00e3o em assembleia com qu\u00f3rum de 2\/3 da totalidade dos propriet\u00e1rios, seguida de altera\u00e7\u00e3o e registro da Conven\u00e7\u00e3o.<\/p>\n\n\n\n<h3 class=\"wp-block-heading\">Desmembramento, Desdobro e Remembramento<\/h3>\n\n\n\n<p>Essas modalidades<strong> ocorrem quando a inten\u00e7\u00e3o \u00e9 dividir uma \u00fanica propriedade em duas ou mais partes ou, ao contr\u00e1rio, unir propriedades distintas em uma \u00fanica<\/strong>.<\/p>\n\n\n\n<p><strong>Desdobro:<\/strong> divis\u00e3o de um lote em dois ou mais, sem necessidade de obras de urbaniza\u00e7\u00e3o.<\/p>\n\n\n\n<p><strong>Desmembramento:<\/strong> al\u00e9m da divis\u00e3o, exige a execu\u00e7\u00e3o de obras de infraestrutura necess\u00e1rias e ainda inexistentes na \u00e1rea, como \u00e1gua, esgoto, energia el\u00e9trica e pavimenta\u00e7\u00e3o. Ocorre principalmente quando uma empresa adquire uma gleba para constru\u00e7\u00e3o e venda de loteamentos.<\/p>\n\n\n\n<p><strong>Remembramento:<\/strong> opera\u00e7\u00e3o inversa, que consiste em unir dois ou mais lotes em uma \u00fanica matr\u00edcula.<\/p>\n\n\n\n<h2 class=\"wp-block-heading\">Quais documentos s\u00e3o necess\u00e1rios para regularizar um im\u00f3vel?<\/h2>\n\n\n\n<p>A documenta\u00e7\u00e3o exigida <strong>varia conforme o tipo de irregularidade e o procedimento adotado<\/strong>. De forma geral, os documentos mais solicitados s\u00e3o:<\/p>\n\n\n\n<p><strong>Documentos do im\u00f3vel:<\/strong><\/p>\n\n\n\n<ul class=\"wp-block-list\">\n<li>Matr\u00edcula atualizada (Cart\u00f3rio de Registro de Im\u00f3veis)<\/li>\n\n\n\n<li>Certid\u00e3o de inteiro teor ou de \u00f4nus reais<\/li>\n\n\n\n<li>Contrato de compra e venda ou instrumento particular de aquisi\u00e7\u00e3o<\/li>\n\n\n\n<li>Carn\u00ea do IPTU e certid\u00e3o negativa de d\u00e9bitos municipais<\/li>\n\n\n\n<li>Habite-se ou alvar\u00e1 de constru\u00e7\u00e3o, quando houver edifica\u00e7\u00e3o<\/li>\n\n\n\n<li>Planta aprovada pela prefeitura e memorial descritivo<\/li>\n<\/ul>\n\n\n\n<p><strong>Documentos do propriet\u00e1rio ou possuidor:<\/strong><\/p>\n\n\n\n<ul class=\"wp-block-list\">\n<li>RG, CPF e comprovante de estado civil atualizado<\/li>\n\n\n\n<li>Comprovante de resid\u00eancia<\/li>\n\n\n\n<li>Certid\u00f5es negativas de d\u00e9bitos federais, estaduais e municipais, quando exigidas<\/li>\n<\/ul>\n\n\n\n<p>Aten\u00e7\u00e3o: <strong>documentos adicionais poder\u00e3o ser solicitados conforme a modalidade de regulariza\u00e7\u00e3o<\/strong>. Por isso, a an\u00e1lise pr\u00e9via por um advogado especializado \u00e9 fundamental para identificar com precis\u00e3o o que ser\u00e1 necess\u00e1rio no seu caso.<\/p>\n\n\n\n<h2 class=\"wp-block-heading\">Quais s\u00e3o os passos para regularizar um im\u00f3vel?<\/h2>\n\n\n\n<p>O processo de regulariza\u00e7\u00e3o de im\u00f3veis segue, em linhas gerais, as seguintes etapas:<\/p>\n\n\n\n<ol class=\"wp-block-list\">\n<li><strong>An\u00e1lise documental:<\/strong> reunir toda a documenta\u00e7\u00e3o existente para identificar irregularidades no registro, perante \u00f3rg\u00e3os p\u00fablicos, na legitimidade de posse ou em regras condominiais.<\/li>\n\n\n\n<li><strong>Vistoria in loco:<\/strong> inspe\u00e7\u00e3o f\u00edsica do im\u00f3vel, preferencialmente com o acompanhamento de engenheiro ou arquiteto, para verificar se a realidade condiz com a documenta\u00e7\u00e3o.<\/li>\n\n\n\n<li><strong>Diagn\u00f3stico e apresenta\u00e7\u00e3o de solu\u00e7\u00f5es:<\/strong> com base nas informa\u00e7\u00f5es coletadas, o advogado apresenta as op\u00e7\u00f5es dispon\u00edveis, das mais simples e menos custosas at\u00e9 as mais complexas.<\/li>\n\n\n\n<li><strong>Escolha e in\u00edcio do procedimento adequado:<\/strong> pode ser usucapi\u00e3o, a\u00e7\u00e3o de adjudica\u00e7\u00e3o compuls\u00f3ria, REURB, desmembramento, convers\u00e3o de uso, entre outros.<\/li>\n\n\n\n<li><strong>Adequa\u00e7\u00f5es f\u00edsicas, se necess\u00e1rio:<\/strong> obras, demoli\u00e7\u00f5es parciais ou instala\u00e7\u00f5es exigidas para conformidade com as normas t\u00e9cnicas e urban\u00edsticas.<\/li>\n\n\n\n<li><strong>Registro e averba\u00e7\u00e3o:<\/strong> todos os atos devem ser formalizados no Cart\u00f3rio de Registro de Im\u00f3veis, atualizando a matr\u00edcula.<\/li>\n\n\n\n<li><strong>Acompanhamento p\u00f3s-regulariza\u00e7\u00e3o:<\/strong> verifica\u00e7\u00e3o de que todos os documentos est\u00e3o atualizados nos \u00f3rg\u00e3os competentes e que nenhuma pend\u00eancia permanece em aberto.<\/li>\n<\/ol>\n\n\n<style>\n    .adpost.anuncio-post-new {\n        display: flex;\n        gap: 24px;\n        border-radius: 8px;\n        width: 100%;\n        padding: 24px;\n        background: #CCECFA;\n    }\n\n    #s-post main .container article.adpost.anuncio-post-new {\n        max-width: 567px;\n        margin: 16px auto;\n    }\n\n    .adpost.anuncio-post-new .anuncio-container {\n        display: flex;\n        flex-direction: column;\n        justify-content: center;\n        gap: 24px;\n        width: 100%;\n        max-width: 333px;\n    }\n\n    .adpost.anuncio-post-new .anuncio-container .logo {\n        width: 100%;\n        max-width: 177px;\n        margin: 0;\n    }\n\n    .adpost.anuncio-post-new .anuncio-text-container {\n        display: flex;\n        flex-direction: column;\n        gap: 8px;\n    }\n\n    .adpost.anuncio-post-new .anuncio-text-container .title {\n        font-size: 1.25rem;\n        font-weight: 700;\n        line-height: 140%;\n        margin: 0;\n        color: #000;\n    }\n\n    #s-post main article .content .adpost.anuncio-post-new .anuncio-text-container .title {\n        margin: 0;\n    }\n\n    .adpost.anuncio-post-new .anuncio-text-container .text {\n        font-size: 0.75rem;\n        font-weight: 400;\n        line-height: 160%;\n        color: #000;\n    }\n\n    .adpost.anuncio-post-new .anuncio-container .button {\n        font-size: 0.875rem;\n        font-weight: 700;\n        border-radius: 4px;\n        padding: 12px 32px;\n        width: max-content;\n        text-decoration: none;\n    }\n\n    #s-post main article .content .adpost.anuncio-post-new .anuncio-container .button {\n        background: #307ACB;\n        color: #fff;\n        text-decoration: none;\n    }\n\n\n    .adpost.anuncio-post-new .image-container img {\n        margin: 0 !important;\n        border-radius: 8px;\n        max-width: 206px;\n        max-height: 204px;\n        height: 100%;\n    }\n\n    #s-post main article .content .adpost.anuncio-post-new .image-container img {\n        height: 100%;\n    }\n\n    \/********************\n    * MOBILE AND TABLET\n    *********************\/\n    @media (max-width: 1100px) {\n        .adpost.anuncio-post-new {\n            flex-direction: column-reverse;\n            align-items: center;\n            max-width: 339px;\n            padding: 24px;\n        }\n\n        .adpost.anuncio-post-new .anuncio-container .logo {\n            max-width: 147px;\n        }\n\n        .adpost.anuncio-post-new .anuncio-text-container .title {\n            font-size: 1.125rem;\n        }\n\n        .adpost.anuncio-post-new .image-container img {\n            max-width: 269px;\n            max-height: 266px;\n        }\n\n        #s-post main article .content h3.title {\n            margin: 0;\n        }\n    }\n\n    \/********************\n    * MOBILE\n    *********************\/\n    @media (max-width: 600px) {\n        .adpost.anuncio-post-new .anuncio-container {\n            text-align: center;\n            justify-content: center;\n            align-items: center;\n        }\n\n        #s-post main article .content .adpost.anuncio-post-new .anuncio-container .button {\n            width: 100%;\n            text-align: center;\n        }\n    }\n<\/style>\n\n<article class=\"adpost anuncio-post-new\">\n    <div class=\"anuncio-container\">\n        <div class=\"anuncio-text-container\">\n            <h3 class=\"title\">O pr\u00f3ximo ano pode ser mais leve com o Astrea<\/h3>\n\n            <div class=\"text\" >Comece 2026 com mais tempo, controle e tranquilidade na sua advocacia<\/div>\n        <\/div>\n       \n                <a class=\"button\" href=\"\/experimente-o-astrea\/?utm_source=blog&#038;utm_medium=adpost&#038;utm_campaign=campanha_2026\" >Experimentar gr\u00e1tis<\/a>\n    <\/div>\n\n    <div class=\"image-container\">\n                <img decoding=\"async\" src=\"https:\/\/www.aurum.com.br\/blog\/wp-content\/themes\/aurum\/img\/adposts\/adpost-27-11-2025.png\" alt=\"\" \/>\n    <\/div>\n<\/article>\n\n\n<h2 class=\"wp-block-heading\">Quanto tempo demora o processo de regulariza\u00e7\u00e3o?<\/h2>\n\n\n\n<p>N\u00e3o existe um prazo \u00fanico para a regulariza\u00e7\u00e3o de im\u00f3veis. <strong>O tempo varia conforme a complexidade da situa\u00e7\u00e3o<\/strong>, o tipo de procedimento escolhido e a celeridade dos \u00f3rg\u00e3os envolvidos. Veja uma estimativa geral:<\/p>\n\n\n\n<ul class=\"wp-block-list\">\n<li><strong>Procedimentos administrativos simples<\/strong>, como averba\u00e7\u00e3o de constru\u00e7\u00e3o com habite-se j\u00e1 obtido: de 30 a 90 dias.<\/li>\n\n\n\n<li><strong>Usucapi\u00e3o extrajudicial<\/strong> via cart\u00f3rio: em m\u00e9dia de 6 meses a 2 anos, dependendo do caso e do cart\u00f3rio.<\/li>\n\n\n\n<li><strong>Usucapi\u00e3o judicial:<\/strong> pode levar de 2 a 5 anos ou mais, conforme a complexidade e o volume de processos no foro.<\/li>\n\n\n\n<li><strong>REURB:<\/strong> de 1 a 3 anos, variando conforme o munic\u00edpio e a abrang\u00eancia da \u00e1rea.<\/li>\n\n\n\n<li><strong>Desmembramento e loteamento:<\/strong> de 6 meses a 2 anos, dependendo da necessidade de obras de infraestrutura e aprova\u00e7\u00f5es municipais.<\/li>\n<\/ul>\n\n\n\n<p>Em todos os casos, contar com um advogado especializado e manter a documenta\u00e7\u00e3o organizada pode reduzir significativamente o tempo do processo.<\/p>\n\n\n\n<h2 class=\"wp-block-heading\">Dicas para evitar problemas na regulariza\u00e7\u00e3o de im\u00f3veis<\/h2>\n\n\n\n<p>A melhor regulariza\u00e7\u00e3o \u00e9 a preventiva. Veja algumas boas pr\u00e1ticas que podem evitar complica\u00e7\u00f5es:<\/p>\n\n\n\n<ol class=\"wp-block-list\">\n<li><strong>Fa\u00e7a a an\u00e1lise da documenta\u00e7\u00e3o antes de comprar:<\/strong> sempre verifique a matr\u00edcula do im\u00f3vel, as certid\u00f5es negativas e a situa\u00e7\u00e3o fiscal antes de fechar qualquer neg\u00f3cio.<\/li>\n\n\n\n<li><strong>Evite contratos de gaveta:<\/strong> formalize toda a compra em escritura p\u00fablica e registre no cart\u00f3rio o quanto antes.<\/li>\n\n\n\n<li><strong>Obtenha aprova\u00e7\u00f5es antes de construir:<\/strong> qualquer obra, amplia\u00e7\u00e3o ou reforma estrutural deve ter projeto aprovado pela prefeitura e, ao final, o habite-se.<\/li>\n\n\n\n<li><strong>Mantenha o IPTU em dia e os dados cadastrais atualizados:<\/strong> diverg\u00eancias no cadastro municipal s\u00e3o fontes frequentes de irregularidades.<\/li>\n\n\n\n<li><strong>Registre transmiss\u00f5es por heran\u00e7a imediatamente:<\/strong> invent\u00e1rios e partilhas devem ser registrados em cart\u00f3rio para evitar complica\u00e7\u00f5es em futuras transa\u00e7\u00f5es.<\/li>\n\n\n\n<li><strong>Consulte um advogado especializado antes de qualquer ato:<\/strong> mesmo que o procedimento pare\u00e7a simples, a orienta\u00e7\u00e3o profissional evita erros que podem ser custosos e demorados de corrigir.<\/li>\n<\/ol>\n\n\n\n<h2 class=\"wp-block-heading\">O que \u00e9 a anistia de im\u00f3veis?<\/h2>\n\n\n\n<p>A anistia de im\u00f3veis <strong>\u00e9 um instrumento legal pelo qual o poder p\u00fablico, em car\u00e1ter excepcional e tempor\u00e1rio, permite a regulariza\u00e7\u00e3o de constru\u00e7\u00f5es realizadas em desacordo com as normas urban\u00edsticas<\/strong>, sem a aplica\u00e7\u00e3o de penalidades ou a exig\u00eancia de demoli\u00e7\u00e3o.<\/p>\n\n\n\n<p>Na pr\u00e1tica, a anistia funciona como uma janela aberta pelo munic\u00edpio para que propriet\u00e1rios de im\u00f3veis com constru\u00e7\u00f5es irregulares, como amplia\u00e7\u00f5es n\u00e3o aprovadas ou edifica\u00e7\u00f5es sem habite-se, possam obter a regulariza\u00e7\u00e3o pagando taxas e cumprindo requisitos m\u00ednimos de seguran\u00e7a, sem precisar demolir o que foi constru\u00eddo.<\/p>\n\n\n\n<p>\u00c9 importante destacar:<\/p>\n\n\n\n<ul class=\"wp-block-list\">\n<li>A anistia \u00e9 declarada por lei municipal espec\u00edfica e tem prazo determinado para ades\u00e3o.<\/li>\n\n\n\n<li>N\u00e3o se aplica a constru\u00e7\u00f5es que violem normas de seguran\u00e7a estrutural, meio ambiente ou que estejam em \u00e1reas de prote\u00e7\u00e3o permanente.<\/li>\n\n\n\n<li>A anistia legaliza a situa\u00e7\u00e3o perante a prefeitura, mas pode ser necess\u00e1rio atualizar tamb\u00e9m o registro no cart\u00f3rio de im\u00f3veis para a regulariza\u00e7\u00e3o estar completa.<\/li>\n<\/ul>\n\n\n\n<p>Por isso, mesmo em casos de anistia, a assessoria de um advogado garante que todos os atos subsequentes sejam realizados corretamente.<\/p>\n\n\n\n<h2 class=\"wp-block-heading\">Conclus\u00e3o<\/h2>\n\n\n\n<p>A regulariza\u00e7\u00e3o de im\u00f3veis, como apresentei ao longo deste artigo, significa que, ap\u00f3s a realiza\u00e7\u00e3o dos procedimentos necess\u00e1rios, a propriedade cumpre todos os requisitos legais e documentais e a sua realidade f\u00edsica condiz com o que est\u00e1 no papel.<\/p>\n\n\n\n<p>O processo pode ser simples ou complexo, r\u00e1pido ou demorado, mas sempre come\u00e7a pelo mesmo ponto: a an\u00e1lise criteriosa da documenta\u00e7\u00e3o e da realidade do im\u00f3vel. S\u00f3 a partir da\u00ed \u00e9 poss\u00edvel identificar o caminho mais adequado, seja usucapi\u00e3o, REURB, adjudica\u00e7\u00e3o compuls\u00f3ria, desmembramento ou qualquer outra modalidade.<\/p>\n\n\n\n<p>O papel do advogado especializado em Direito Imobili\u00e1rio \u00e9 fundamental em todo esse percurso: n\u00e3o apenas para identificar e conduzir os procedimentos corretos, mas para antecipar riscos, coordenar outros profissionais como engenheiros e arquitetos e garantir que o im\u00f3vel esteja verdadeiramente regular em todos os seus aspectos.<\/p>\n\n\n\n<p>Se voc\u00ea tem d\u00favidas sobre a situa\u00e7\u00e3o do seu im\u00f3vel, n\u00e3o espere o problema se agravar. Uma consulta pr\u00e9via com um profissional especializado pode poupar tempo, dinheiro e muita dor de cabe\u00e7a.nal especializado \u00e9 importante para lhe apresentar e auxiliar o melhor caminho para o seu caso.<\/p>\n\n\n\n<h3 class=\"wp-block-heading\">Perguntas frequentes<\/h3>\n\n\n\n<h4 class=\"wp-block-heading\">\u00c9 obrigat\u00f3rio contratar um advogado para regularizar um im\u00f3vel?<\/h4>\n\n\n\n<p>N\u00e3o em todos os casos, mas \u00e9 altamente recomendado. H\u00e1 situa\u00e7\u00f5es em que a lei exige o advogado. Nas demais, ele garante seguran\u00e7a e efici\u00eancia no processo.<\/p>\n\n\n\n<h4 class=\"wp-block-heading\">Qual a diferen\u00e7a entre usucapi\u00e3o extrajudicial e judicial?<\/h4>\n\n\n\n<p>A extrajudicial \u00e9 feita no cart\u00f3rio, sem processo na Justi\u00e7a, e costuma durar de 6 meses a 2 anos. \u00c9 o caminho quando n\u00e3o h\u00e1 disputas e a documenta\u00e7\u00e3o est\u00e1 em ordem. A judicial tramita perante o Poder Judici\u00e1rio, podendo levar de 2 a 5 anos, e \u00e9 indicada quando h\u00e1 oposi\u00e7\u00e3o de terceiros ou documenta\u00e7\u00e3o incompleta.<\/p>\n\n\n\n<h4 class=\"wp-block-heading\">O que acontece se eu vender um im\u00f3vel irregular?<\/h4>\n\n\n\n<p>A venda \u00e9 poss\u00edvel, mas arriscada para os dois lados. O comprador pode ter dificuldades para financiar, registrar a escritura e exercer a propriedade. O vendedor pode ser responsabilizado por multas e v\u00edcios ocultos. Em geral, o im\u00f3vel tamb\u00e9m \u00e9 negociado por um valor menor, pelo \u00f4nus da regulariza\u00e7\u00e3o que recair\u00e1 sobre quem compra.<\/p>\n\n\n\n<h4 class=\"wp-block-heading\">Im\u00f3vel herdado precisa ser regularizado antes de ser vendido?<\/h4>\n\n\n\n<p>Sim. O invent\u00e1rio precisa estar conclu\u00eddo e a partilha registrada no cart\u00f3rio antes de qualquer venda. Negociar um im\u00f3vel ainda no nome do falecido equivale a um contrato de gaveta, com todos os riscos que isso representa. O ideal \u00e9 regularizar a sucess\u00e3o o quanto antes, mesmo sem inten\u00e7\u00e3o imediata de venda.<\/p>\n\n\n\n<h3 class=\"wp-block-heading\">Mais conhecimento para voc\u00ea<\/h3>\n\n\n\n<p>Se voc\u00ea gostou deste texto e deseja seguir a leitura em temas sobre direito e advocacia, vale a pena conferir os seguintes materiais:&nbsp;&nbsp;<\/p>\n\n\n\n<ul class=\"wp-block-list\">\n<li><a href=\"https:\/\/www.aurum.com.br\/blog\/sublocacao\/\">Subloca\u00e7\u00e3o: Confira o que diz a Lei do Inquilinato<\/a><\/li>\n\n\n\n<li><a href=\"https:\/\/www.aurum.com.br\/blog\/purgacao-da-mora\/\">Entenda o que \u00e9 e como fazer purga\u00e7\u00e3o da mora<\/a><\/li>\n\n\n\n<li><a href=\"https:\/\/www.aurum.com.br\/blog\/inquerito-policial\/\">Saiba o que \u00e9 o inqu\u00e9rito policial, como funciona e quais s\u00e3o as fases<\/a><\/li>\n\n\n\n<li><a href=\"https:\/\/www.aurum.com.br\/blog\/contrato-de-compra-e-venda\/\">Veja como fazer um contrato de compra e venda [+MODELO GRATUITO]<\/a><\/li>\n\n\n\n<li><a href=\"https:\/\/www.aurum.com.br\/blog\/art-313-do-cpc\/\" data-type=\"link\" data-id=\"https:\/\/www.aurum.com.br\/blog\/art-313-do-cpc\/\">An\u00e1lise ao art 313 do NCPC: Suspens\u00e3o do processo<\/a><\/li>\n\n\n\n<li><a href=\"https:\/\/www.aurum.com.br\/blog\/emolumentos\/\" data-type=\"link\" data-id=\"https:\/\/www.aurum.com.br\/blog\/emolumentos\/\">Conhe\u00e7a o que s\u00e3o emolumentos<\/a><\/li>\n\n\n\n<li><a href=\"https:\/\/www.aurum.com.br\/blog\/glossario-juridico\/dano-patrimonial\/\" data-type=\"URL\" data-id=\"https:\/\/www.aurum.com.br\/blog\/glossario-juridico\/dano-patrimonial\/\">Gloss\u00e1rio Jur\u00eddico: O que \u00e9 Dano patrimonial?<\/a><\/li>\n\n\n\n<li><a href=\"https:\/\/www.aurum.com.br\/blog\/glossario-juridico\/acao-revisional\/\" data-type=\"URL\" data-id=\"https:\/\/www.aurum.com.br\/blog\/glossario-juridico\/acao-revisional\/\">Gloss\u00e1rio jur\u00eddico: O que \u00e9 a\u00e7\u00e3o revisional?<\/a> <\/li>\n<\/ul>\n\n\n<style>\r\n  .news-post {\r\n    background: url('https:\/\/www.aurum.com.br\/blog\/wp-content\/themes\/aurum\/img\/bg-news-artigo.svg') no-repeat top center #3C48AA;\r\n    padding: 1.5rem;\r\n    border-radius: 6px;\r\n    margin: 1rem 0;\r\n  }\r\n  .news-post .icone {\r\n    display: none;\r\n  }\r\n  .news-post .title {\r\n    font-weight: 700;\r\n    font-size: 16px;\r\n    line-height: 130%;\r\n    text-align: center;\r\n    letter-spacing: -0.5px;\r\n    color: #fff;\r\n    margin-bottom: .9375rem;\r\n  }\r\n  .news-post p {\r\n    font-size: .875rem;\r\n    line-height: 140%;\r\n    text-align: center;\r\n    color: #fff;\r\n    margin-bottom: 1.25rem;\r\n  }\r\n  .news-post .news_button_span {\r\n    font-size: .8125rem;\r\n    display: block;\r\n    padding: .125rem .3125rem;\r\n    color: #fff;\r\n    text-align:left;\r\n  }\r\n  .news-post .news_button_span a {\r\n    color: #fff !important;\r\n    text-decoration: underline;\r\n  }\r\n  .news-post form {\r\n    width: 100%;\r\n  }\r\n  .news-post label {\r\n    font-weight: 600;\r\n    font-size: .9375rem;\r\n    line-height: 1.5rem;\r\n    margin-bottom: .5rem;\r\n    color: #fff;\r\n    display: block;\r\n  }\r\n  .news-post input {\r\n    background: #fff;\r\n    border: 1px solid #CBCBD9;\r\n    box-sizing: border-box;\r\n    border-radius: 4px;\r\n    padding: .75rem 1rem;\r\n    width: 100%;\r\n  }\r\n  .news-post button {\r\n    margin-top: .875rem;\r\n    width: 100%;\r\n    min-width: auto;\r\n    background: #FCC632;\r\n    color: #3C48AA;\r\n  }\r\n  .news-post .input {\r\n    position: relative;\r\n    padding-bottom: 10px;\r\n  }\r\n  .news-post .error-message-ad {\r\n    font-size: .875rem;\r\n    line-height: 130%;\r\n    color: #D50021;\r\n    margin-left: 4px;\r\n  }\r\n  .news-post .error {\r\n    border: 1px solid #D50021;\r\n  }\r\n  .news-post #message-form-ad {\r\n    border-radius: 4px;\r\n    padding: 0.7rem;\r\n    font-size:0.8rem;\r\n    text-align: center;\r\n    align-items: center;\r\n    justify-content: center;\r\n    display: none;\r\n  }\r\n  .news-post #message-form-ad svg {\r\n    margin-right: 8px;\r\n  }\r\n\r\n  @media(min-width: 561px) {\r\n    .news-post {\r\n      position: relative;\r\n      background: url('https:\/\/www.aurum.com.br\/blog\/wp-content\/themes\/aurum\/img\/bg-news-artigo.svg') no-repeat top center #3C48AA;\r\n      width: calc(100% - 30px);\r\n    }\r\n    .news-post .icone {\r\n      display: block;\r\n      position: absolute;\r\n      right: -30px;\r\n      top: 65px;\r\n      max-width: 142px;\r\n      width: 100%;\r\n      height: auto;\r\n      margin: 0;\r\n    }\r\n    .news-post .title {\r\n      font-size: 1.125rem;\r\n      text-align: left;\r\n      \/* padding-right: 3.75rem; *\/\r\n    }\r\n    .news-post p {\r\n      font-size: 1rem;\r\n      text-align: left;\r\n      max-width: 400px;\r\n    }\r\n    .news-post .boxes {\r\n      display: flex;\r\n      align-items: flex-start;\r\n    }\r\n    .news-post button {\r\n      margin: 0 0 0 1rem;\r\n      width: 100%;\r\n      max-width: 170px;\r\n      min-width: auto;\r\n      transition: all ease .3s\r\n    }\r\n    .news-post button:hover {\r\n      opacity: 0.9;\r\n      transition: all ease .3s\r\n    }\r\n    .news-post #message-form-ad {\r\n      padding: 1.125rem;\r\n      font-size:1rem;\r\n    }\r\n    .news-post #message-form-ad svg {\r\n      margin-right: 10px;\r\n    }\r\n  }\r\n<\/style>\r\n\r\n<div class=\"news-post\">\r\n  <div class=\"title news-ad-title\">Gostou do artigo e quer evoluir a sua advocacia?<\/div>\r\n  <p class=\"news-ad-subtitle\">Assine gr\u00e1tis a Aurum News e receba uma dose semanal de conte\u00fado no seu e-mail! \u270c\ufe0f<\/p>\r\n  <img decoding=\"async\" src=\"https:\/\/www.aurum.com.br\/blog\/wp-content\/themes\/aurum\/img\/icon-news-artigo.svg\" alt=\"\" class=\"icone\">\r\n\r\n  <form method=\"post\" name=\"newsletter-ad\" id=\"aurum-newsletter-ad\">\r\n    <div class=boxes>\r\n      <div class=\"input\">\r\n        <label class=\"label-email\" htmlFor=\"email-ad\">Qual seu e-mail?<\/label>\r\n        <input type=\"email\" id=\"email-ad\" name=\"newsletter-mail-ad\" placeholder=\"Digite seu e-mail?\">\r\n        <div class=\"error-message-ad-email\">Endere\u00e7o de e-mail inv\u00e1lido ou incorreto<\/div>\r\n\r\n        <label class=\"label-select\" htmlFor=\"lawsuits-select-ad\">\r\n          Quantos processos voc\u00ea ou<br class=\"for-desktop\"\/> seu escrit\u00f3rio acompanham?\r\n        <\/label>\r\n        <div id=\"lawsuits-select-ad\" class=\"lawsuits-select select-wrapper\" tabindex=\"0\">\r\n          <div class=\"s-dropdown--styled\">\r\n          <span class=\"lawsuits-default\">\r\n            <span id=\"lawsuits-newsletter-ad\" class=\"lawsuits-default-text\" data-value=\"\">Selecione os processos<\/span>\r\n            <svg class=\"chevron\" xmlns=\"http:\/\/www.w3.org\/2000\/svg\" width=\"24\" height=\"25\" viewBox=\"0 0 24 25\" fill=\"none\">\r\n              <path d=\"M6 15.6152L12 9.61523L18 15.6152\" stroke=\"black\" stroke-width=\"2\" stroke-linecap=\"round\" stroke-linejoin=\"round\" \/>\r\n            <\/svg>\r\n          <\/span>\r\n\r\n          <ul class=\"s-dropdown u-hide\">\r\n            <li class=\"lawsuits\" data-value=\"Mais de 1000 processos\">Mais de 1000 processos<\/li>\r\n            <li class=\"lawsuits\" data-value=\"De 501 a 1000 processos\">De 501 a 1000 processos<\/li>\r\n            <li class=\"lawsuits\" data-value=\"De 151 a 500 processos\">De 151 a 500 processos<\/li>\r\n            <li class=\"lawsuits\" data-value=\"De 41 a 150 processos\">De 41 a 150 processos<\/li>\r\n            <li class=\"lawsuits\" data-value=\"At\u00e9 40 processos\">At\u00e9 40 processos<\/li>\r\n            <li class=\"lawsuits\" data-value=\"Atuo apenas no consultivo\">Atuo apenas no consultivo<\/li>\r\n            <li class=\"lawsuits\" data-value=\"Ainda sou estudante de direito\">Ainda sou estudante de direito<\/li>\r\n            <li class=\"lawsuits\" data-value=\"N\u00e3o sou da \u00e1rea jur\u00eddica\">N\u00e3o sou da \u00e1rea jur\u00eddica<\/li>\r\n          <\/ul>\r\n          <\/div>\r\n        <\/div>\r\n        <div class=\"error-message-ad-lawsuits\">Selecione algum processo<\/div>\r\n      <\/div>\r\n      <button class=\"btn btn-yellow ad-btn-desktop\" id=\"aurum-submit-ad\">Assinar gr\u00e1tis<\/button>\r\n      <button class=\"btn btn-yellow ad-btn-mobile\" id=\"aurum-submit-ad\">Assinar<\/button>\r\n    <\/div>\r\n    <span class=\"news_button_span\">Ao se cadastrar voc\u00ea declara que leu e aceitou a pol\u00edtica de privacidade e cookies do <a href=\"https:\/\/s3.sa-east-1.amazonaws.com\/publico.aurum.com.br\/contratos\/politica-de-privacidade.pdf\" target=\"_blank\" rel=\"noopener noreferrer\">site<\/a>.<\/span>\r\n  <\/form>\r\n  <div id=\"message-form-ad\"><\/div>\r\n<\/div>\n\n\n<p><em>Este conte\u00fado foi \u00fatil pra voc\u00ea? Conta aqui nos coment\u00e1rios \ud83d\ude09<\/em><\/p>\n","protected":false},"excerpt":{"rendered":"<p>A regulariza\u00e7\u00e3o de im\u00f3veis consiste no conjunto de procedimentos legais e burocr\u00e1ticos necess\u00e1rios para oficializar a situa\u00e7\u00e3o de um bem junto aos \u00f3rg\u00e3os municipais e ao oficial de registro, garantindo sua plena legalidade. O que voc\u00ea vai encontrar neste conte\u00fado: Voc\u00ea sabia que milh\u00f5es de im\u00f3veis no Brasil ainda est\u00e3o em situa\u00e7\u00e3o irregular? Seja por [&hellip;]<\/p>\n","protected":false},"author":151,"featured_media":25434,"comment_status":"open","ping_status":"open","sticky":false,"template":"","format":"standard","meta":{"_bbp_topic_count":0,"_bbp_reply_count":0,"_bbp_total_topic_count":0,"_bbp_total_reply_count":0,"_bbp_voice_count":0,"_bbp_anonymous_reply_count":0,"_bbp_topic_count_hidden":0,"_bbp_reply_count_hidden":0,"_bbp_forum_subforum_count":0,"inline_featured_image":false,"footnotes":""},"categories":[28],"tags":[],"class_list":["post-25432","post","type-post","status-publish","format-standard","has-post-thumbnail","hentry","category-direito-imobiliario"],"acf":[],"_links":{"self":[{"href":"https:\/\/www.aurum.com.br\/blog\/wp-json\/wp\/v2\/posts\/25432","targetHints":{"allow":["GET"]}}],"collection":[{"href":"https:\/\/www.aurum.com.br\/blog\/wp-json\/wp\/v2\/posts"}],"about":[{"href":"https:\/\/www.aurum.com.br\/blog\/wp-json\/wp\/v2\/types\/post"}],"author":[{"embeddable":true,"href":"https:\/\/www.aurum.com.br\/blog\/wp-json\/wp\/v2\/users\/151"}],"replies":[{"embeddable":true,"href":"https:\/\/www.aurum.com.br\/blog\/wp-json\/wp\/v2\/comments?post=25432"}],"version-history":[{"count":20,"href":"https:\/\/www.aurum.com.br\/blog\/wp-json\/wp\/v2\/posts\/25432\/revisions"}],"predecessor-version":[{"id":35067,"href":"https:\/\/www.aurum.com.br\/blog\/wp-json\/wp\/v2\/posts\/25432\/revisions\/35067"}],"wp:featuredmedia":[{"embeddable":true,"href":"https:\/\/www.aurum.com.br\/blog\/wp-json\/wp\/v2\/media\/25434"}],"wp:attachment":[{"href":"https:\/\/www.aurum.com.br\/blog\/wp-json\/wp\/v2\/media?parent=25432"}],"wp:term":[{"taxonomy":"category","embeddable":true,"href":"https:\/\/www.aurum.com.br\/blog\/wp-json\/wp\/v2\/categories?post=25432"},{"taxonomy":"post_tag","embeddable":true,"href":"https:\/\/www.aurum.com.br\/blog\/wp-json\/wp\/v2\/tags?post=25432"}],"curies":[{"name":"wp","href":"https:\/\/api.w.org\/{rel}","templated":true}]}}