{"id":25061,"date":"2025-02-05T17:12:25","date_gmt":"2025-02-05T20:12:25","guid":{"rendered":"https:\/\/www.aurum.com.br\/blog\/?p=25061"},"modified":"2025-02-05T17:12:27","modified_gmt":"2025-02-05T20:12:27","slug":"direito-de-convivencia","status":"publish","type":"post","link":"https:\/\/www.aurum.com.br\/blog\/direito-de-convivencia\/","title":{"rendered":"O que \u00e9 o direito de conviv\u00eancia e quais s\u00e3o os princ\u00edpios"},"content":{"rendered":"<div id=\"bsf_rt_marker\"><\/div>\n<pre class=\"wp-block-preformatted\"><strong>O direito de conviv\u00eancia<\/strong> \u00e9 uma garantia fundamental prevista na Constitui\u00e7\u00e3o Federal, que assegura \u00e0s crian\u00e7as e adolescentes o direito de conviver livremente com ambos os pais e seus familiares.&nbsp;<\/pre>\n\n\n\n<p>O termo direito de conviv\u00eancia que, at\u00e9 pouco tempo atr\u00e1s era utilizado como direito de visita, \u00e9 um direito fundamental que visa proporcionar o melhor desenvolvimento da crian\u00e7a e do adolescente, levando em considera\u00e7\u00e3o a suma import\u00e2ncia de preservar o seu conv\u00edvio com ambos os pais, ap\u00f3s o rompimento da rela\u00e7\u00e3o conjugal.<\/p>\n\n\n\n<p>Nas palavras da Dra. Fernanda Tartuce:<\/p>\n\n\n\n<blockquote class=\"wp-block-quote is-layout-flow wp-block-quote-is-layout-flow\">\n<p><em>Quando o casal conjugal entra em colapso, \u00e9 de suma import\u00e2ncia que a dupla parental permane\u00e7a firme em prol da integridade dos filhos.\u201d<\/em><\/p>\n<\/blockquote>\n\n\n\n<p>Antes dessa mudan\u00e7a, era muito comum utilizar o termo \u201cvisitas\u201d, principalmente aos pais, conferindo-lhes alguns per\u00edodos de conv\u00edvio com os filhos.<\/p>\n\n\n\n<p>No entanto, atualmente, compreendemos que \u00e9 fundamental que o conv\u00edvio entre os filhos e seus pais seja estabelecido de maneira mais equilibrada, visando benef\u00edcios m\u00fatuos para todos os envolvidos nessa rela\u00e7\u00e3o.<\/p>\n\n\n\n<p>Neste artigo voc\u00ea vai conferir o que \u00e9 o direito de conviv\u00eancia e o que diz a lei. Continue a leitura! \ud83d\ude09<\/p>\n\n\n\n<h2 class=\"wp-block-heading\">O que \u00e9 o direito de conviv\u00eancia familiar?&nbsp;<\/h2>\n\n\n\n<p>O direito de conviv\u00eancia familiar \u00e9 um pouco mais amplo, uma vez que <strong>confere o direito de conviver com ambas as fam\u00edlias, seja do pai ou da m\u00e3e.<\/strong><\/p>\n\n\n\n<p>Trata-se de um princ\u00edpio b\u00e1sico do <a href=\"https:\/\/www.aurum.com.br\/blog\/direito-de-familia\/\">direito de fam\u00edlia<\/a>, extra\u00eddo da tutela integral \u00e0 crian\u00e7a e ao adolescente, com base no artigo 227 da <a href=\"https:\/\/www.planalto.gov.br\/ccivil_03\/constituicao\/constituicao.htm\" target=\"_blank\" rel=\"noopener\">Constitui\u00e7\u00e3o Federal<\/a>.<\/p>\n\n\n\n<p>Al\u00e9m da conviv\u00eancia em si, falamos tamb\u00e9m do direito \u00e0 companhia, as visitas, o contato permanente e as garantias de efetividade como formas de atingi-lo em sua plenitude.<\/p>\n\n\n\n<figure class=\"wp-block-image size-full\"><img decoding=\"async\" width=\"1080\" height=\"1080\" src=\"https:\/\/www.aurum.com.br\/blog\/wp-content\/uploads\/2023\/10\/o-que-e-direito-de-convivencia.jpg\" alt=\"Saiba o que \u00e9 direito de conviv\u00eancia\" class=\"wp-image-25062\" srcset=\"https:\/\/www.aurum.com.br\/blog\/wp-content\/uploads\/2023\/10\/o-que-e-direito-de-convivencia.jpg 1080w, https:\/\/www.aurum.com.br\/blog\/wp-content\/uploads\/2023\/10\/o-que-e-direito-de-convivencia-300x300.jpg 300w, https:\/\/www.aurum.com.br\/blog\/wp-content\/uploads\/2023\/10\/o-que-e-direito-de-convivencia-150x150.jpg 150w, https:\/\/www.aurum.com.br\/blog\/wp-content\/uploads\/2023\/10\/o-que-e-direito-de-convivencia-768x768.jpg 768w\" sizes=\"(max-width: 1080px) 100vw, 1080px\" \/><figcaption class=\"wp-element-caption\">Veja o que \u00e9 direito de conviv\u00eancia<\/figcaption><\/figure>\n\n\n\n<h2 class=\"wp-block-heading\">Quais s\u00e3o as leis fundamentais no direito de conviv\u00eancia?&nbsp;<\/h2>\n\n\n\n<p>O Direito de Conviv\u00eancia \u00e9 garantido pela <a href=\"https:\/\/www.aurum.com.br\/blog\/cf-88\/\">CF\/88<\/a> em seus <strong>artigos 227 e 229.<\/strong><\/p>\n\n\n\n<figure class=\"wp-block-pullquote classe bq-small\"><blockquote><p>Art. 227. \u00c9 dever da fam\u00edlia, da sociedade e do Estado assegurar \u00e0 crian\u00e7a, ao adolescente e ao jovem, com absoluta prioridade, o direito \u00e0 vida, \u00e0 sa\u00fade, \u00e0 alimenta\u00e7\u00e3o, \u00e0 educa\u00e7\u00e3o, ao lazer, \u00e0 profissionaliza\u00e7\u00e3o, \u00e0 cultura, \u00e0 dignidade, ao respeito, \u00e0 liberdade e \u00e0 conviv\u00eancia familiar e comunit\u00e1ria, al\u00e9m de coloc\u00e1-los a salvo de toda forma de neglig\u00eancia, discrimina\u00e7\u00e3o, explora\u00e7\u00e3o, viol\u00eancia, crueldade e opress\u00e3o. &nbsp; &nbsp; &nbsp; &nbsp; (Reda\u00e7\u00e3o dada Pela Emenda Constitucional n\u00ba 65, de 2010)<br>Art. 228. S\u00e3o penalmente inimput\u00e1veis os menores de dezoito anos, sujeitos \u00e0s normas da legisla\u00e7\u00e3o especial.<\/p><\/blockquote><\/figure>\n\n\n\n<p>Al\u00e9m disso, \u00e9 tratado tamb\u00e9m nos artigos <strong>1.589 e 1.632 do <\/strong><a href=\"https:\/\/www.planalto.gov.br\/ccivil_03\/leis\/2002\/l10406compilada.htm\" target=\"_blank\" rel=\"noopener\"><strong>C\u00f3digo Civil<\/strong><\/a> e <strong>art. 15 do <\/strong><a href=\"https:\/\/www.aurum.com.br\/blog\/glossario-juridico\/estatuto-da-crianca-e-do-adolescente\/\"><strong>Estatuto da Crian\u00e7a e do Adolescente<\/strong><\/a>.<\/p>\n\n\n\n<figure class=\"wp-block-pullquote classe bq-small\"><blockquote><p>Art. 1.589. O pai ou a m\u00e3e, em cuja guarda n\u00e3o estejam os filhos, poder\u00e1 visit\u00e1-los e t\u00ea-los em sua companhia, segundo o que acordar com o outro c\u00f4njuge, ou for fixado pelo juiz, bem como fiscalizar sua manuten\u00e7\u00e3o e educa\u00e7\u00e3o.<br>Art. 1.632. A separa\u00e7\u00e3o judicial, o div\u00f3rcio e a dissolu\u00e7\u00e3o da uni\u00e3o est\u00e1vel n\u00e3o alteram as rela\u00e7\u00f5es entre pais e filhos sen\u00e3o quanto ao direito, que aos primeiros cabe, de terem em sua companhia os segundos.<br>Art. 15. A crian\u00e7a e o adolescente t\u00eam direito \u00e0 liberdade, ao respeito e \u00e0 dignidade como pessoas humanas em processo de desenvolvimento e como sujeitos de direitos civis, humanos e sociais garantidos na Constitui\u00e7\u00e3o e nas leis.<\/p><\/blockquote><\/figure>\n\n\n\n<p><a href=\"https:\/\/www.aurum.com.br\/blog\/abandono-afetivo\/\"><em>Leia tamb\u00e9m: Aspectos e consequ\u00eancias jur\u00eddicas do abandono afetivo<\/em><\/a><\/p>\n\n\n\n<h2 class=\"wp-block-heading\">O que significa o direito \u00e0 conviv\u00eancia familiar e comunit\u00e1ria?&nbsp;<\/h2>\n\n\n\n<p>Al\u00e9m do direito \u00e0 conviv\u00eancia com a fam\u00edlia como base para o desenvolvimento de toda crian\u00e7a e adolescente, a <strong>Constitui\u00e7\u00e3o Federal tamb\u00e9m garante o direito \u00e0 conviv\u00eancia comunit\u00e1ria com base no mesmo princ\u00edpio: o melhor interesse do menor<\/strong>.<\/p>\n\n\n\n<p>Entende-se que toda crian\u00e7a e\/ou adolescente \u00e9 um ser humano em desenvolvimento e seu bom desenvolvimento depende de diversos fatores, entre eles, a boa conviv\u00eancia em sociedade, reconhecendo a import\u00e2ncia das rela\u00e7\u00f5es comunit\u00e1rias e sociais mais amplas.<\/p>\n\n\n\n<p><a href=\"https:\/\/www.aurum.com.br\/blog\/guarda-compartilhada\/\"><em>Leia tamb\u00e9m: Veja como funciona a guarda compartilhada e como pedi-la!<\/em><\/a><\/p>\n\n\n\n<h2 class=\"wp-block-heading\">O que diz o artigo 19 do ECA?<\/h2>\n\n\n\n<p>O artigo 19 do Estatuto da Crian\u00e7a e do Adolescente <strong>disciplina sobre a possibilidade de a crian\u00e7a ou adolescente ser colocado em uma fam\u00edlia substituta<\/strong>, ou seja, tal dispositivo trata da <a href=\"https:\/\/www.aurum.com.br\/blog\/adocao\/\">ado\u00e7\u00e3o<\/a> de menores.<\/p>\n\n\n\n<p>Nesse sentido, o artigo 19 estabelece que:<\/p>\n\n\n\n<figure class=\"wp-block-pullquote classe bq-small\"><blockquote><p>\u00c9 direito da crian\u00e7a e do adolescente ser criado e educado no seio de sua fam\u00edlia e, excepcionalmente, em fam\u00edlia substituta, assegurada a conviv\u00eancia familiar e comunit\u00e1ria, em ambiente que garanta seu desenvolvimento integral.<\/p><\/blockquote><\/figure>\n\n\n\n<p>Em outras palavras, o direito \u00e0 conviv\u00eancia familiar e comunit\u00e1ria \u00e9 assegurado independente se o menor est\u00e1 em uma fam\u00edlia biol\u00f3gica ou substituta, desde que seja garantido o seu integral desenvolvimento.&nbsp;<\/p>\n\n\n\n<p><a href=\"https:\/\/www.aurum.com.br\/blog\/multiparentalidade\/\"><em>Leia tamb\u00e9m: O que \u00e9 multiparentalidade e seus efeitos jur\u00eddicos no Direito de Fam\u00edlia<\/em><\/a><\/p>\n\n\n\n<h2 class=\"wp-block-heading\">O que diz o artigo 25 do ECA?&nbsp;<\/h2>\n\n\n\n<p>O artigo 25 do Estatuto da Crian\u00e7a e do Adolescente <strong>trata do conceito de fam\u00edlia natural<\/strong>, ou seja, aquela fam\u00edlia formada pelo n\u00facleo principal de conv\u00edvio da crian\u00e7a ou do adolescente.<\/p>\n\n\n\n<p>A fam\u00edlia natural \u00e9 formada pelos pais ou qualquer deles com os seus descendentes, ou seja, a fam\u00edlia natural \u00e9 aquela formada pelos pais e irm\u00e3os da crian\u00e7a (ou adolescente). Os demais familiares s\u00e3o considerados integrantes da fam\u00edlia extensa.<\/p>\n\n\n\n<p>De qualquer forma, o direito \u00e0 conviv\u00eancia familiar se aplica tanto \u00e0 fam\u00edlia natural, quanto \u00e0 fam\u00edlia extensa.&nbsp;<\/p>\n\n\n\n<style>\n    #adpost-block_de1ca625d2e94cd76cf6966e9590f518.anuncio-post-reverse {\n        display: flex;\n        gap: 24px;\n        border-radius: 8px;\n        width: 100%;\n        max-width: 752px;\n        padding: 40px;\n        background: #e7f4fe;\n        margin: 16px auto;\n    }\n\n    #adpost-block_de1ca625d2e94cd76cf6966e9590f518 .anuncio-container {\n        display: flex;\n        flex-direction: column;\n        gap: 24px;\n        width: 100%;\n        max-width: 333px;\n    }\n\n    #adpost-block_de1ca625d2e94cd76cf6966e9590f518 .anuncio-container .logo {\n        width: 100%;\n        max-width: 177px;\n        margin: 0;\n    }\n\n    #adpost-block_de1ca625d2e94cd76cf6966e9590f518 .anuncio-text-container {\n        display: flex;\n        flex-direction: column;\n        gap: 24px;\n    }\n\n    #adpost-block_de1ca625d2e94cd76cf6966e9590f518 .anuncio-text-container .title {\n        font-family: 'Ubuntu';\n        font-size: 1.5rem; \/\/24px\n        font-weight: 700;\n        line-height: 120%;\n        margin: 0;\n        color: #000;\n    }\n\n    #adpost-block_de1ca625d2e94cd76cf6966e9590f518 .anuncio-text-container .text {\n        font-size: 0.875rem;\n        font-weight: 400;\n        line-height: 170%;\n        color: #000;\n    }\n\n    #adpost-block_de1ca625d2e94cd76cf6966e9590f518 .anuncio-container .button {\n        display: inline-flex;\n        align-items: center;\n        justify-content: center;\n        width: fit-content;\n        height: 48px;\n        border-radius: 8px;\n        padding: 12px 24px;\n        font-size: 1rem;\n        font-weight: 600;\n        text-decoration: none;\n        background: #008fd5;\n        color: #fff;\n    }\n\n    #adpost-block_de1ca625d2e94cd76cf6966e9590f518 .image-container {\n        position: relative;\n        width: 100%;\n        height: 100%;\n    }\n\n    #adpost-block_de1ca625d2e94cd76cf6966e9590f518 .image-container.float {\n        min-height: 236px;\n    }\n\n    #adpost-block_de1ca625d2e94cd76cf6966e9590f518 .image-container .image-desktop {\n        width: 100%;\n        max-width: 323px;\n        object-fit: contain;\n        margin: 0;\n    }\n\n    #adpost-block_de1ca625d2e94cd76cf6966e9590f518 .image-container .image-mobile {\n        display: none;\n        width: 100%;\n        max-width: 291px;\n        object-fit: contain;\n        margin: 0;\n    }\n\n    #adpost-block_de1ca625d2e94cd76cf6966e9590f518 .image-container.float .image-desktop,\n    #adpost-block_de1ca625d2e94cd76cf6966e9590f518 .image-container.float .image-mobile {\n        position: absolute;\n        right: 0;\n        bottom: 0;\n    }\n\n    #adpost-block_de1ca625d2e94cd76cf6966e9590f518 .image-container img {\n        border-radius: 8px;\n    }\n\n    \/************\n    * MOBILE \n    *************\/\n    @media (max-width: 1439px) {\n        #adpost-block_de1ca625d2e94cd76cf6966e9590f518.anuncio-post-reverse {\n            flex-direction: column-reverse;\n            max-width: fit-content;\n            padding: 24px;\n        }\n\n        #adpost-block_de1ca625d2e94cd76cf6966e9590f518 .anuncio-container {\n            max-width: 280px;\n            align-items: center;\n        }\n\n        #adpost-block_de1ca625d2e94cd76cf6966e9590f518 .anuncio-container .logo {\n            max-width: 147px;\n        }\n\n        #adpost-block_de1ca625d2e94cd76cf6966e9590f518 .anuncio-text-container {\n            gap: 8px;\n        }\n\n        #adpost-block_de1ca625d2e94cd76cf6966e9590f518 .anuncio-text-container .title {\n            font-size: 1.25rem;\n            text-align: center;\n        }\n\n        #adpost-block_de1ca625d2e94cd76cf6966e9590f518 .anuncio-text-container .text {\n            text-align: center;\n        }\n\n        #adpost-block_de1ca625d2e94cd76cf6966e9590f518 .anuncio-container .button {\n            width: 100%;\n        }\n\n        #adpost-block_de1ca625d2e94cd76cf6966e9590f518 .image-container.float {\n            min-height: 182px;\n        }\n\n        #adpost-block_de1ca625d2e94cd76cf6966e9590f518 .image-container .image-desktop {\n            display: none;\n        }\n\n        #adpost-block_de1ca625d2e94cd76cf6966e9590f518 .image-container .image-mobile {\n            display: block;\n        }\n    }\n\n    \/*******************\n    * RESET GLOBAL CSS \n    ********************\/\n    #s-post main article .content .image-container img {\n        margin: 0;\n    }\n<\/style>\n\n\n<article id=\"adpost-block_de1ca625d2e94cd76cf6966e9590f518\" class=\"anuncio-post-reverse\">\n    <div class=\"anuncio-container\">\n        \n        <div class=\"anuncio-text-container\">\n             <h3 class=\"title\" >Seja protagonista da sua advocacia com o Astrea<\/h3>\n            <div class=\"text\" >Tenha tempo para focar no crescimento do seu escrit\u00f3rio, enquanto o Astrea cuida da sua gest\u00e3o jur\u00eddica com intelig\u00eancia.<\/div>        <\/div>\n       \n        <a class=\"button\" href=\"\/astrea\/?utm_source=blog&#038;utm_medium=adpost&#038;utm_campaign=campanha-marca-2026\" target=\"_self\">Conhe\u00e7a o Astrea<\/a>    <\/div>\n\n    <div class=\"image-container\">\n        <img decoding=\"async\" class=\"image-desktop\" src=\"https:\/\/www.aurum.com.br\/blog\/wp-content\/uploads\/2026\/03\/adpos-posicionamento-2026-desktop.png\" alt=\"\" \/>\n        <img decoding=\"async\" class=\"image-mobile\" src=\"https:\/\/www.aurum.com.br\/blog\/wp-content\/uploads\/2026\/03\/adpost-posicionamento-2026-mobile.png\" alt=\"\" \/>    <\/div>\n<\/article>\n\n\n<h2 class=\"wp-block-heading\">Direito de conviv\u00eancia jurisprud\u00eancia:&nbsp;<\/h2>\n\n\n\n<p>A Jurisprud\u00eancia \u00e9 pac\u00edfica no sentido de garantir o direito \u00e0 conviv\u00eancia familiar e comunit\u00e1ria visando, primeiramente, <strong>assegurar o Princ\u00edpio do Melhor Interesse do Menor:<\/strong><\/p>\n\n\n\n<figure class=\"wp-block-pullquote\"><blockquote><p>AGRAVO DE INSTRUMENTO. VISITAS. DIREITO \u00c0 CONVIV\u00caNCIA FAMILIAR. MELHOR INTERESSE DA INFANTE. As visitas, a parir de uma \u00f3tica constitucional, asseguram o direito rec\u00edproco de pais e de filhos \u00e0 conviv\u00eancia, independentemente do relacionamento havido ou n\u00e3o entre os genitores. Deve ser preservado o melhor interesse da infante, que est\u00e1 acima do interesse dos genitores, sendo totalmente descabido permitir que a litigiosidade entre os pais inviabilize o conv\u00edvio familiar. No caso, n\u00e3o h\u00e1 qualquer respaldado probat\u00f3rio que indique existir situa\u00e7\u00e3o de risco ou preju\u00edzo \u00e0 infante com a manuten\u00e7\u00e3o das visitas conforme regulamentadas na origem, que visam a fortalecer o v\u00ednculo afetivo entre pai e filha. Imp\u00f5e-se a manuten\u00e7\u00e3o da decis\u00e3o agravada. NEGARAM PROVIMENTO. UN\u00c2NIME. (Agravo de Instrumento N\u00ba 70076429430, Oitava C\u00e2mara C\u00edvel, Tribunal de Justi\u00e7a do RS, Relator: Luiz Felipe Brasil Santos, Julgado em 12\/04\/2018).<br>EMENTA: AGRAVO DE INSTRUMENTO. REGULAMENTA\u00c7\u00c3O DE VISITAS. CONVIV\u00caNCIA PATERNA. MELHOR INTERESSE DO MENOR. RECURSO DESPROVIDO. &#8211; Nas causas que envolvam interesse de menor, este deve ser resguardado, independentemente daquele de qualquer das partes &#8211; Os pais t\u00eam direitos e deveres iguais em rela\u00e7\u00e3o aos filhos, derivando o direito de visita do p\u00e1trio poder. N\u00e3o resta d\u00favida de que a presen\u00e7a da m\u00e3e \u00e9 de suma import\u00e2ncia na forma\u00e7\u00e3o da personalidade e no desenvolvimento social do adolescente, o que, no entanto, n\u00e3o afasta a necessidade da presen\u00e7a do pai. \u00c9 atrav\u00e9s dessa conviv\u00eancia que se formar\u00e1 a sua personalidade, seu comportamento emocional e social e sua capacidade de inserir-se na sociedade &#8211; N\u00e3o se justificando a supress\u00e3o do direito de conviv\u00eancia entre pai e filho, est\u00e3o ausentes, nos autos, elementos que justifiquem a medida.<br>(TJ-MG &#8211; AI: 10000212225809001 MG, Relator: Wander Marotta, Data de Julgamento: 27\/01\/2022, C\u00e2maras C\u00edveis \/ 5\u00aa C\u00c2MARA C\u00cdVEL, Data de Publica\u00e7\u00e3o: 28\/01\/2022).<\/p><cite>LER MAIS<\/cite><\/blockquote><\/figure>\n\n\n\n<h2 class=\"wp-block-heading\">Conclus\u00e3o:&nbsp;<\/h2>\n\n\n\n<p>Durante muitos anos, as crian\u00e7as e os adolescentes foram vistos e tratados como \u201cmini adultos\u201d, ou seja, seus direitos relacionados ao seu desenvolvimento foram ignorados por muito tempo.&nbsp;<\/p>\n\n\n\n<p>Diante daquela realidade, pode-se perceber os in\u00fameros preju\u00edzos e danos causados aos infantes, o que fez com que diversas leis surgissem para proteg\u00ea-los.&nbsp;<\/p>\n\n\n\n<p>Uma dessas \u201cleis\u201d foi a Constitui\u00e7\u00e3o Federal que, em seu artigo 227, prev\u00ea como garantia Constitucional o Direito \u00e0 Conviv\u00eancia Familiar, sendo ela uma grande evolu\u00e7\u00e3o no direito, visando assegurar o desenvolvimento saud\u00e1vel das crian\u00e7as e adolescentes.&nbsp;<\/p>\n\n\n\n<h3 class=\"wp-block-heading\">Mais conhecimento para voc\u00ea<\/h3>\n\n\n\n<p>Se voc\u00ea gostou deste texto e deseja seguir a leitura em temas sobre direito e advocacia, vale a pena conferir os seguintes materiais:&nbsp;&nbsp;<\/p>\n\n\n\n<ul class=\"wp-block-list\">\n<li><a href=\"https:\/\/www.aurum.com.br\/blog\/art-124-do-cp\/\">O que diz a legisla\u00e7\u00e3o brasileira sobre o aborto? \u2013 art 124 do CP<\/a><\/li>\n\n\n\n<li><a href=\"https:\/\/www.aurum.com.br\/blog\/beneficio-prestacao-continuada\/\">Entenda o que \u00e9 e quem tem direito ao benef\u00edcio de presta\u00e7\u00e3o continuada<\/a><\/li>\n\n\n\n<li><a href=\"https:\/\/www.aurum.com.br\/blog\/lei-anticorrupcao\/\">Entenda o que \u00e9 a Lei Anticorrup\u00e7\u00e3o e qual o seu objetivo no Brasil<\/a><\/li>\n\n\n\n<li><a href=\"https:\/\/www.aurum.com.br\/blog\/consignacao-em-pagamento\/\">Consigna\u00e7\u00e3o em pagamento: o que \u00e9 e quando \u00e9 cab\u00edvel<\/a><\/li>\n\n\n\n<li><a href=\"https:\/\/www.aurum.com.br\/blog\/lei-14457-22\/\">O que diz a Lei 14.457\/22 e qual sua import\u00e2ncia<\/a><\/li>\n\n\n\n<li><a href=\"https:\/\/www.aurum.com.br\/blog\/direito-de-defesa\/\">Direito de defesa: o que \u00e9 e qual a sua import\u00e2ncia&nbsp;<\/a><\/li>\n\n\n\n<li><a href=\"https:\/\/www.aurum.com.br\/blog\/spoofing\/\">Entenda o que \u00e9 e como funciona o&nbsp;spoofing<\/a><\/li>\n\n\n\n<li><a href=\"https:\/\/www.aurum.com.br\/blog\/direito-de-convivencia\/\">O que \u00e9 o direito de conviv\u00eancia e quais s\u00e3o os princ\u00edpios<\/a><\/li>\n\n\n\n<li><a href=\"https:\/\/www.aurum.com.br\/blog\/fusao-de-empresas\/\">Entenda o que \u00e9 e como funciona a fus\u00e3o de empresas<\/a><\/li>\n\n\n\n<li><a href=\"https:\/\/www.aurum.com.br\/blog\/direito-a-manifestacao\/\">Entenda o que \u00e9 o direito \u00e0 manifesta\u00e7\u00e3o, legisla\u00e7\u00e3o e como funciona<\/a><\/li>\n\n\n\n<li><a href=\"https:\/\/www.aurum.com.br\/blog\/divorcio\/\">Entenda como funciona o div\u00f3rcio e quais tipos existem<\/a><\/li>\n<\/ul>\n\n\n\n<p>Este conte\u00fado foi \u00fatil pra voc\u00ea? Conta aqui nos coment\u00e1rios \ud83d\ude09<\/p>\n\n\n<style>\r\n  .news-post {\r\n    background: url('https:\/\/www.aurum.com.br\/blog\/wp-content\/themes\/aurum\/img\/bg-news-artigo.svg') no-repeat top center #3C48AA;\r\n    padding: 1.5rem;\r\n    border-radius: 6px;\r\n    margin: 1rem 0;\r\n  }\r\n  .news-post .icone {\r\n    display: none;\r\n  }\r\n  .news-post .title {\r\n    font-weight: 700;\r\n    font-size: 16px;\r\n    line-height: 130%;\r\n    text-align: center;\r\n    letter-spacing: -0.5px;\r\n    color: #fff;\r\n    margin-bottom: .9375rem;\r\n  }\r\n  .news-post p {\r\n    font-size: .875rem;\r\n    line-height: 140%;\r\n    text-align: center;\r\n    color: #fff;\r\n    margin-bottom: 1.25rem;\r\n  }\r\n  .news-post .news_button_span {\r\n    font-size: .8125rem;\r\n    display: block;\r\n    padding: .125rem .3125rem;\r\n    color: #fff;\r\n    text-align:left;\r\n  }\r\n  .news-post .news_button_span a {\r\n    color: #fff !important;\r\n    text-decoration: underline;\r\n  }\r\n  .news-post form {\r\n    width: 100%;\r\n  }\r\n  .news-post label {\r\n    font-weight: 600;\r\n    font-size: .9375rem;\r\n    line-height: 1.5rem;\r\n    margin-bottom: .5rem;\r\n    color: #fff;\r\n    display: block;\r\n  }\r\n  .news-post input {\r\n    background: #fff;\r\n    border: 1px solid #CBCBD9;\r\n    box-sizing: border-box;\r\n    border-radius: 4px;\r\n    padding: .75rem 1rem;\r\n    width: 100%;\r\n  }\r\n  .news-post button {\r\n    margin-top: .875rem;\r\n    width: 100%;\r\n    min-width: auto;\r\n    background: #FCC632;\r\n    color: #3C48AA;\r\n  }\r\n  .news-post .input {\r\n    position: relative;\r\n    padding-bottom: 10px;\r\n  }\r\n  .news-post .error-message-ad {\r\n    font-size: .875rem;\r\n    line-height: 130%;\r\n    color: #D50021;\r\n    margin-left: 4px;\r\n  }\r\n  .news-post .error {\r\n    border: 1px solid #D50021;\r\n  }\r\n  .news-post #message-form-ad {\r\n    border-radius: 4px;\r\n    padding: 0.7rem;\r\n    font-size:0.8rem;\r\n    text-align: center;\r\n    align-items: center;\r\n    justify-content: center;\r\n    display: none;\r\n  }\r\n  .news-post #message-form-ad svg {\r\n    margin-right: 8px;\r\n  }\r\n\r\n  @media(min-width: 561px) {\r\n    .news-post {\r\n      position: relative;\r\n      background: url('https:\/\/www.aurum.com.br\/blog\/wp-content\/themes\/aurum\/img\/bg-news-artigo.svg') no-repeat top center #3C48AA;\r\n      width: calc(100% - 30px);\r\n    }\r\n    .news-post .icone {\r\n      display: block;\r\n      position: absolute;\r\n      right: -30px;\r\n      top: 65px;\r\n      max-width: 142px;\r\n      width: 100%;\r\n      height: auto;\r\n      margin: 0;\r\n    }\r\n    .news-post .title {\r\n      font-size: 1.125rem;\r\n      text-align: left;\r\n      \/* padding-right: 3.75rem; *\/\r\n    }\r\n    .news-post p {\r\n      font-size: 1rem;\r\n      text-align: left;\r\n      max-width: 400px;\r\n    }\r\n    .news-post .boxes {\r\n      display: flex;\r\n      align-items: flex-start;\r\n    }\r\n    .news-post button {\r\n      margin: 0 0 0 1rem;\r\n      width: 100%;\r\n      max-width: 170px;\r\n      min-width: auto;\r\n      transition: all ease .3s\r\n    }\r\n    .news-post button:hover {\r\n      opacity: 0.9;\r\n      transition: all ease .3s\r\n    }\r\n    .news-post #message-form-ad {\r\n      padding: 1.125rem;\r\n      font-size:1rem;\r\n    }\r\n    .news-post #message-form-ad svg {\r\n      margin-right: 10px;\r\n    }\r\n  }\r\n<\/style>\r\n\r\n<div class=\"news-post\">\r\n  <div class=\"title news-ad-title\">Gostou do artigo e quer evoluir a sua advocacia?<\/div>\r\n  <p class=\"news-ad-subtitle\">Assine gr\u00e1tis a Aurum News e receba uma dose semanal de conte\u00fado no seu e-mail! \u270c\ufe0f<\/p>\r\n  <img decoding=\"async\" src=\"https:\/\/www.aurum.com.br\/blog\/wp-content\/themes\/aurum\/img\/icon-news-artigo.svg\" alt=\"\" class=\"icone\">\r\n\r\n  <form method=\"post\" name=\"newsletter-ad\" id=\"aurum-newsletter-ad\">\r\n    <div class=boxes>\r\n      <div class=\"input\">\r\n        <label class=\"label-email\" htmlFor=\"email-ad\">Qual seu e-mail?<\/label>\r\n        <input type=\"email\" id=\"email-ad\" name=\"newsletter-mail-ad\" placeholder=\"Digite seu e-mail?\">\r\n        <div class=\"error-message-ad-email\">Endere\u00e7o de e-mail inv\u00e1lido ou incorreto<\/div>\r\n\r\n        <label class=\"label-select\" htmlFor=\"lawsuits-select-ad\">\r\n          Quantos processos voc\u00ea ou<br class=\"for-desktop\"\/> seu escrit\u00f3rio acompanham?\r\n        <\/label>\r\n        <div id=\"lawsuits-select-ad\" class=\"lawsuits-select select-wrapper\" tabindex=\"0\">\r\n          <div class=\"s-dropdown--styled\">\r\n          <span class=\"lawsuits-default\">\r\n            <span id=\"lawsuits-newsletter-ad\" class=\"lawsuits-default-text\" data-value=\"\">Selecione os processos<\/span>\r\n            <svg class=\"chevron\" xmlns=\"http:\/\/www.w3.org\/2000\/svg\" width=\"24\" height=\"25\" viewBox=\"0 0 24 25\" fill=\"none\">\r\n              <path d=\"M6 15.6152L12 9.61523L18 15.6152\" stroke=\"black\" stroke-width=\"2\" stroke-linecap=\"round\" stroke-linejoin=\"round\" \/>\r\n            <\/svg>\r\n          <\/span>\r\n\r\n          <ul class=\"s-dropdown u-hide\">\r\n            <li class=\"lawsuits\" data-value=\"Mais de 1000 processos\">Mais de 1000 processos<\/li>\r\n            <li class=\"lawsuits\" data-value=\"De 501 a 1000 processos\">De 501 a 1000 processos<\/li>\r\n            <li class=\"lawsuits\" data-value=\"De 151 a 500 processos\">De 151 a 500 processos<\/li>\r\n            <li class=\"lawsuits\" data-value=\"De 41 a 150 processos\">De 41 a 150 processos<\/li>\r\n            <li class=\"lawsuits\" data-value=\"At\u00e9 40 processos\">At\u00e9 40 processos<\/li>\r\n            <li class=\"lawsuits\" data-value=\"Atuo apenas no consultivo\">Atuo apenas no consultivo<\/li>\r\n            <li class=\"lawsuits\" data-value=\"Ainda sou estudante de direito\">Ainda sou estudante de direito<\/li>\r\n            <li class=\"lawsuits\" data-value=\"N\u00e3o sou da \u00e1rea jur\u00eddica\">N\u00e3o sou da \u00e1rea jur\u00eddica<\/li>\r\n          <\/ul>\r\n          <\/div>\r\n        <\/div>\r\n        <div class=\"error-message-ad-lawsuits\">Selecione algum processo<\/div>\r\n      <\/div>\r\n      <button class=\"btn btn-yellow ad-btn-desktop\" id=\"aurum-submit-ad\">Assinar gr\u00e1tis<\/button>\r\n      <button class=\"btn btn-yellow ad-btn-mobile\" id=\"aurum-submit-ad\">Assinar<\/button>\r\n    <\/div>\r\n    <span class=\"news_button_span\">Ao se cadastrar voc\u00ea declara que leu e aceitou a pol\u00edtica de privacidade e cookies do <a href=\"https:\/\/s3.sa-east-1.amazonaws.com\/publico.aurum.com.br\/contratos\/politica-de-privacidade.pdf\" target=\"_blank\" rel=\"noopener noreferrer\">site<\/a>.<\/span>\r\n  <\/form>\r\n  <div id=\"message-form-ad\"><\/div>\r\n<\/div>","protected":false},"excerpt":{"rendered":"<p>O direito de conviv\u00eancia \u00e9 uma garantia fundamental prevista na Constitui\u00e7\u00e3o Federal, que assegura \u00e0s crian\u00e7as e adolescentes o direito de conviver livremente com ambos os pais e seus familiares.&nbsp; O termo direito de conviv\u00eancia que, at\u00e9 pouco tempo atr\u00e1s era utilizado como direito de visita, \u00e9 um direito fundamental que visa proporcionar o melhor [&hellip;]<\/p>\n","protected":false},"author":69,"featured_media":25063,"comment_status":"open","ping_status":"open","sticky":false,"template":"","format":"standard","meta":{"_bbp_topic_count":0,"_bbp_reply_count":0,"_bbp_total_topic_count":0,"_bbp_total_reply_count":0,"_bbp_voice_count":0,"_bbp_anonymous_reply_count":0,"_bbp_topic_count_hidden":0,"_bbp_reply_count_hidden":0,"_bbp_forum_subforum_count":0,"inline_featured_image":false,"footnotes":""},"categories":[22],"tags":[],"class_list":["post-25061","post","type-post","status-publish","format-standard","has-post-thumbnail","hentry","category-direito-de-familia"],"acf":[],"_links":{"self":[{"href":"https:\/\/www.aurum.com.br\/blog\/wp-json\/wp\/v2\/posts\/25061","targetHints":{"allow":["GET"]}}],"collection":[{"href":"https:\/\/www.aurum.com.br\/blog\/wp-json\/wp\/v2\/posts"}],"about":[{"href":"https:\/\/www.aurum.com.br\/blog\/wp-json\/wp\/v2\/types\/post"}],"author":[{"embeddable":true,"href":"https:\/\/www.aurum.com.br\/blog\/wp-json\/wp\/v2\/users\/69"}],"replies":[{"embeddable":true,"href":"https:\/\/www.aurum.com.br\/blog\/wp-json\/wp\/v2\/comments?post=25061"}],"version-history":[{"count":9,"href":"https:\/\/www.aurum.com.br\/blog\/wp-json\/wp\/v2\/posts\/25061\/revisions"}],"predecessor-version":[{"id":26631,"href":"https:\/\/www.aurum.com.br\/blog\/wp-json\/wp\/v2\/posts\/25061\/revisions\/26631"}],"wp:featuredmedia":[{"embeddable":true,"href":"https:\/\/www.aurum.com.br\/blog\/wp-json\/wp\/v2\/media\/25063"}],"wp:attachment":[{"href":"https:\/\/www.aurum.com.br\/blog\/wp-json\/wp\/v2\/media?parent=25061"}],"wp:term":[{"taxonomy":"category","embeddable":true,"href":"https:\/\/www.aurum.com.br\/blog\/wp-json\/wp\/v2\/categories?post=25061"},{"taxonomy":"post_tag","embeddable":true,"href":"https:\/\/www.aurum.com.br\/blog\/wp-json\/wp\/v2\/tags?post=25061"}],"curies":[{"name":"wp","href":"https:\/\/api.w.org\/{rel}","templated":true}]}}