{"id":24426,"date":"2026-03-13T14:45:30","date_gmt":"2026-03-13T17:45:30","guid":{"rendered":"https:\/\/www.aurum.com.br\/blog\/?p=24426"},"modified":"2026-03-13T14:46:57","modified_gmt":"2026-03-13T17:46:57","slug":"areas-de-preservacao-permanente","status":"publish","type":"post","link":"https:\/\/www.aurum.com.br\/blog\/areas-de-preservacao-permanente\/","title":{"rendered":"\u00c1reas de preserva\u00e7\u00e3o permanente: o que s\u00e3o e qual a sua import\u00e2ncia no direito ambiental?"},"content":{"rendered":"<div id=\"bsf_rt_marker\"><\/div>\n<pre class=\"wp-block-preformatted\"><strong>\u00c1rea de Preserva\u00e7\u00e3o Permanente <\/strong>s\u00e3o \u00e1reas protegidas, coberta ou n\u00e3o por vegeta\u00e7\u00e3o, com a fun\u00e7\u00e3o ambiental de preservar os recursos h\u00eddricos, a paisagem, a estabilidade geol\u00f3gica e a biodiversidade, facilitar o fluxo da fauna, proteger a flora e o solo.<\/pre>\n\n\n\n<p>As \u00c1reas de Preserva\u00e7\u00e3o Permanente est\u00e3o previstas no C\u00f3digo Florestal (Lei 12.651\/2012) e tem como fun\u00e7\u00e3o a preserva\u00e7\u00e3o dos recursos h\u00eddricos, proteger a paisagem, resguardar a estabilidade geol\u00f3gica, defender a biodiversidade, facilitar o fluxo de fauna e flora, amparar o solo e assegurar o bem-estar da popula\u00e7\u00e3o em geral.&nbsp;<\/p>\n\n\n\n<p>Nas \u00c1reas de Preserva\u00e7\u00e3o Permanente<strong> n\u00e3o se permite interven\u00e7\u00e3o humana, exceto se autorizadas por lei<\/strong>, mesmo que n\u00e3o haja cobertura vegetal no local. Como o pr\u00f3prio nome diz: \u00e9 de preserva\u00e7\u00e3o permanente.&nbsp;<\/p>\n\n\n\n<p>Nesse artigo, voc\u00ea vai saber tudo sobre APP: o que \u00e9 considerado \u00e1rea de preserva\u00e7\u00e3o permanente, por que n\u00e3o \u00e9 permitido a interven\u00e7\u00e3o, o que acontece se houver dano ambiental nas APP\u00b4s e como fica a situa\u00e7\u00e3o nas \u00e1reas consolidadas.&nbsp;<\/p>\n\n\n\n<p>Continue a leitura!&nbsp;<\/p>\n\n\n\n<h2 class=\"wp-block-heading\">O que s\u00e3o \u00c1reas de Preserva\u00e7\u00e3o Permanente?&nbsp;<\/h2>\n\n\n\n<p>As \u00c1reas de Preserva\u00e7\u00e3o Permanente <strong>s\u00e3o definidas pelo C\u00f3digo Florestal, no artigo 3<\/strong>\u00ba, II, nos seguintes termos:<\/p>\n\n\n\n<figure class=\"wp-block-pullquote classe bq-small\"><blockquote><p>\u00c1rea protegida, coberta ou n\u00e3o por vegeta\u00e7\u00e3o nativa, com a fun\u00e7\u00e3o ambiental de preservar os recursos h\u00eddricos, a paisagem, a estabilidade geol\u00f3gica e a biodiversidade, facilitar o fluxo g\u00eanico de fauna e flora, proteger o solo e assegurar o bem-estar das popula\u00e7\u00f5es humanas.<\/p><\/blockquote><\/figure>\n\n\n\n<p>Os artigos 4\u00ba, 5\u00ba e 6\u00ba do C\u00f3digo Florestal estabelecem o que s\u00e3o consideradas \u00e1reas de preserva\u00e7\u00e3o permanente e quais as exce\u00e7\u00f5es para a regra geral de prote\u00e7\u00e3o ambiental:<\/p>\n\n\n\n<figure class=\"wp-block-pullquote\"><blockquote><p>Art. 4\u00ba Considera-se \u00c1rea de Preserva\u00e7\u00e3o Permanente, em zonas rurais ou urbanas, para os efeitos desta Lei:<br>I &#8211; as faixas marginais de qualquer curso d\u2019\u00e1gua natural perene e intermitente, exclu\u00eddos os ef\u00eameros, desde a borda da calha do leito regular, em largura m\u00ednima de:\u00a0<a href=\"https:\/\/www.planalto.gov.br\/ccivil_03\/_ato2011-2014\/2012\/lei\/L12727.htm#art1\" target=\"_blank\" rel=\"noopener\">(Reda\u00e7\u00e3o dada pela Lei n\u00ba 12.727, de 2012).<br><\/a>a) 30 (trinta) metros, para os cursos d\u2019\u00e1gua de menos de 10 (dez) metros de largura;<br>b) 50 (cinquenta) metros, para os cursos d\u2019\u00e1gua que tenham de 10 (dez) a 50 (cinquenta) metros de largura;<br>c) 100 (cem) metros, para os cursos d\u2019\u00e1gua que tenham de 50 (cinquenta) a 200 (duzentos) metros de largura;<br>d) 200 (duzentos) metros, para os cursos d\u2019\u00e1gua que tenham de 200 (duzentos) a 600 (seiscentos) metros de largura;<br>e) 500 (quinhentos) metros, para os cursos d\u2019\u00e1gua que tenham largura superior a 600 (seiscentos) metros;<br>II &#8211; as \u00e1reas no entorno dos lagos e lagoas naturais, em faixa com largura m\u00ednima de:<br>a) 100 (cem) metros, em zonas rurais, exceto para o corpo d\u2019\u00e1gua com at\u00e9 20 (vinte) hectares de superf\u00edcie, cuja faixa marginal ser\u00e1 de 50 (cinquenta) metros;<br>b) 30 (trinta) metros, em zonas urbanas;<br>III &#8211; as \u00e1reas no entorno dos reservat\u00f3rios d\u2019\u00e1gua artificiais, decorrentes de barramento ou represamento de cursos d\u2019\u00e1gua naturais, na faixa definida na licen\u00e7a ambiental do empreendimento;\u00a0<a href=\"https:\/\/www.planalto.gov.br\/ccivil_03\/_ato2011-2014\/2012\/lei\/L12727.htm#art1\" target=\"_blank\" rel=\"noopener\">(Reda\u00e7\u00e3o dada pela Lei n\u00ba 12.727, de 2012).\u00a0<\/a>\u00a0\u00a0\u00a0\u00a0<a href=\"http:\/\/www.stf.jus.br\/portal\/peticaoInicial\/verPeticaoInicial.asp?base=ADCN&amp;s1=42&amp;processo=42\" target=\"_blank\" rel=\"noopener\">(Vide ADC N\u00ba 42)\u00a0<\/a>\u00a0\u00a0\u00a0\u00a0\u00a0\u00a0\u00a0\u00a0\u00a0\u00a0\u00a0<a href=\"http:\/\/www.stf.jus.br\/portal\/peticaoInicial\/verPeticaoInicial.asp?base=ADIN&amp;s1=4903&amp;processo=4903\" target=\"_blank\" rel=\"noopener\">(Vide ADIN N\u00ba 4.903)<br><\/a>IV &#8211; as \u00e1reas no entorno das nascentes e dos olhos d\u2019\u00e1gua perenes, qualquer que seja sua situa\u00e7\u00e3o topogr\u00e1fica, no raio m\u00ednimo de 50 (cinquenta) metros;\u00a0<a href=\"https:\/\/www.planalto.gov.br\/ccivil_03\/_ato2011-2014\/2012\/lei\/L12727.htm\" target=\"_blank\" rel=\"noopener\">(Reda\u00e7\u00e3o dada pela Lei n\u00ba 12.727, de 2012).\u00a0<\/a>\u00a0\u00a0\u00a0<a href=\"http:\/\/www.stf.jus.br\/portal\/peticaoInicial\/verPeticaoInicial.asp?base=ADIN&amp;s1=4903&amp;processo=4903\" target=\"_blank\" rel=\"noopener\">(Vide ADIN N\u00ba 4.903)<br><\/a>V &#8211; as encostas ou partes destas com declividade superior a 45\u00ba , equivalente a 100% (cem por cento) na linha de maior declive;<br>VI &#8211; as restingas, como fixadoras de dunas ou estabilizadoras de mangues;<br>VII &#8211; os manguezais, em toda a sua extens\u00e3o;<br>VIII &#8211; as bordas dos tabuleiros ou chapadas, at\u00e9 a linha de ruptura do relevo, em faixa nunca inferior a 100 (cem) metros em proje\u00e7\u00f5es horizontais;<br>IX &#8211; no topo de morros, montes, montanhas e serras, com altura m\u00ednima de 100 (cem) metros e inclina\u00e7\u00e3o m\u00e9dia maior que 25\u00ba , as \u00e1reas delimitadas a partir da curva de n\u00edvel correspondente a 2\/3 (dois ter\u00e7os) da altura m\u00ednima da eleva\u00e7\u00e3o sempre em rela\u00e7\u00e3o \u00e0 base, sendo esta definida pelo plano horizontal determinado por plan\u00edcie ou espelho d\u2019\u00e1gua adjacente ou, nos relevos ondulados, pela cota do ponto de sela mais pr\u00f3ximo da eleva\u00e7\u00e3o;<br>X &#8211; as \u00e1reas em altitude superior a 1.800 (mil e oitocentos) metros, qualquer que seja a vegeta\u00e7\u00e3o;<br>XI &#8211; em veredas, a faixa marginal, em proje\u00e7\u00e3o horizontal, com largura m\u00ednima de 50 (cinquenta) metros, a partir do espa\u00e7o permanentemente brejoso e encharcado.\u00a0<a href=\"https:\/\/www.planalto.gov.br\/ccivil_03\/_ato2011-2014\/2012\/lei\/L12727.htm#art1\" target=\"_blank\" rel=\"noopener\">(Reda\u00e7\u00e3o dada pela Lei n\u00ba 12.727, de 2012).<br><\/a>\u00a7 1\u00ba N\u00e3o ser\u00e1 exigida \u00c1rea de Preserva\u00e7\u00e3o Permanente no entorno de reservat\u00f3rios artificiais de \u00e1gua que n\u00e3o decorram de barramento ou represamento de cursos d\u2019\u00e1gua naturais.\u00a0<a href=\"https:\/\/www.planalto.gov.br\/ccivil_03\/_ato2011-2014\/2012\/lei\/L12727.htm#art1\" target=\"_blank\" rel=\"noopener\">(Reda\u00e7\u00e3o dada pela Lei n\u00ba 12.727, de 2012).\u00a0<\/a>\u00a0\u00a0\u00a0\u00a0<a href=\"http:\/\/www.stf.jus.br\/portal\/peticaoInicial\/verPeticaoInicial.asp?base=ADCN&amp;s1=42&amp;processo=42\" target=\"_blank\" rel=\"noopener\">(Vide ADC N\u00ba 42)\u00a0<\/a>\u00a0\u00a0\u00a0\u00a0\u00a0\u00a0\u00a0\u00a0\u00a0\u00a0\u00a0\u00a0\u00a0\u00a0\u00a0\u00a0\u00a0\u00a0\u00a0<a href=\"http:\/\/www.stf.jus.br\/portal\/peticaoInicial\/verPeticaoInicial.asp?base=ADIN&amp;s1=4903&amp;processo=4903\" target=\"_blank\" rel=\"noopener\">(Vide ADIN N\u00ba 4.903)<br><\/a>\u00a7 4\u00ba Nas acumula\u00e7\u00f5es naturais ou artificiais de \u00e1gua com superf\u00edcie inferior a 1 (um) hectare, fica dispensada a reserva da faixa de prote\u00e7\u00e3o prevista nos incisos II e III do\u00a0caput\u00a0, vedada nova supress\u00e3o de \u00e1reas de vegeta\u00e7\u00e3o nativa, salvo autoriza\u00e7\u00e3o do \u00f3rg\u00e3o ambiental competente do Sistema Nacional do Meio Ambiente &#8211; Sisnama.\u00a0<a href=\"https:\/\/www.planalto.gov.br\/ccivil_03\/_ato2011-2014\/2012\/lei\/L12727.htm#art1\" target=\"_blank\" rel=\"noopener\">(Reda\u00e7\u00e3o dada pela Lei n\u00ba 12.727, de 2012).\u00a0<\/a>\u00a0\u00a0\u00a0\u00a0<a href=\"http:\/\/www.stf.jus.br\/portal\/peticaoInicial\/verPeticaoInicial.asp?base=ADCN&amp;s1=42&amp;processo=42\" target=\"_blank\" rel=\"noopener\">(Vide ADC N\u00ba 42)\u00a0<\/a>\u00a0\u00a0\u00a0\u00a0\u00a0\u00a0\u00a0\u00a0\u00a0\u00a0\u00a0\u00a0\u00a0\u00a0\u00a0\u00a0<a href=\"http:\/\/www.stf.jus.br\/portal\/peticaoInicial\/verPeticaoInicial.asp?base=ADIN&amp;s1=4903&amp;processo=4903\" target=\"_blank\" rel=\"noopener\">(Vide ADIN N\u00ba 4.903)<br><\/a>\u00a7 5\u00ba \u00c9 admitido, para a pequena propriedade ou posse rural familiar, de que trata o inciso V do art. 3\u00ba desta Lei, o plantio de culturas tempor\u00e1rias e sazonais de vazante de ciclo curto na faixa de terra que fica exposta no per\u00edodo de vazante dos rios ou lagos, desde que n\u00e3o implique supress\u00e3o de novas \u00e1reas de vegeta\u00e7\u00e3o nativa, seja conservada a qualidade da \u00e1gua e do solo e seja protegida a fauna silvestre.\u00a0\u00a0\u00a0\u00a0<a href=\"http:\/\/www.stf.jus.br\/portal\/peticaoInicial\/verPeticaoInicial.asp?base=ADCN&amp;s1=42&amp;processo=42\" target=\"_blank\" rel=\"noopener\">(Vide ADC N\u00ba 42)\u00a0<\/a>\u00a0\u00a0\u00a0\u00a0\u00a0\u00a0\u00a0\u00a0\u00a0\u00a0\u00a0\u00a0\u00a0\u00a0\u00a0\u00a0<a href=\"http:\/\/www.stf.jus.br\/portal\/peticaoInicial\/verPeticaoInicial.asp?base=ADIN&amp;s1=4903&amp;processo=4903\" target=\"_blank\" rel=\"noopener\">(Vide ADIN N\u00ba 4.903)<br><\/a>\u00a7 6\u00ba Nos im\u00f3veis rurais com at\u00e9 15 (quinze) m\u00f3dulos fiscais, \u00e9 admitida, nas \u00e1reas de que tratam os incisos I e II do\u00a0caput\u00a0deste artigo, a pr\u00e1tica da aquicultura e a infraestrutura f\u00edsica diretamente a ela associada, desde que:\u00a0\u00a0\u00a0\u00a0<a href=\"http:\/\/www.stf.jus.br\/portal\/peticaoInicial\/verPeticaoInicial.asp?base=ADCN&amp;s1=42&amp;processo=42\" target=\"_blank\" rel=\"noopener\">(Vide ADC N\u00ba 42)\u00a0<\/a>\u00a0\u00a0\u00a0\u00a0\u00a0\u00a0\u00a0\u00a0\u00a0\u00a0\u00a0\u00a0\u00a0\u00a0\u00a0\u00a0<a href=\"http:\/\/www.stf.jus.br\/portal\/peticaoInicial\/verPeticaoInicial.asp?base=ADIN&amp;s1=4903&amp;processo=4903\" target=\"_blank\" rel=\"noopener\">(Vide ADIN N\u00ba 4.903)<br><\/a>I &#8211; sejam adotadas pr\u00e1ticas sustent\u00e1veis de manejo de solo e \u00e1gua e de recursos h\u00eddricos, garantindo sua qualidade e quantidade, de acordo com norma dos Conselhos Estaduais de Meio Ambiente;<br>II &#8211; esteja de acordo com os respectivos planos de bacia ou planos de gest\u00e3o de recursos h\u00eddricos;<br>III &#8211; seja realizado o licenciamento pelo \u00f3rg\u00e3o ambiental competente;<br>IV &#8211; o im\u00f3vel esteja inscrito no Cadastro Ambiental Rural &#8211; CAR.<br><a href=\"http:\/\/www.planalto.gov.br\/ccivil_03\/_Ato2011-2014\/2012\/Lei\/L12651.htm#art4%C2%A76v\" target=\"_blank\" rel=\"noopener\">V &#8211;\u00a0<\/a>n\u00e3o implique novas supress\u00f5es de vegeta\u00e7\u00e3o nativa.\u00a0<a href=\"https:\/\/www.planalto.gov.br\/ccivil_03\/_ato2011-2014\/2012\/lei\/L12727.htm#art1\" target=\"_blank\" rel=\"noopener\">(Inclu\u00eddo pela Lei n\u00ba 12.727, de 2012).<br><\/a>\u00a7 10. Em \u00e1reas urbanas consolidadas, ouvidos os conselhos estaduais, municipais ou distrital de meio ambiente, lei municipal ou distrital poder\u00e1 definir faixas marginais distintas daquelas estabelecidas no inciso I do\u00a0<strong>caput<\/strong>\u00a0deste artigo, com regras que estabele\u00e7am:\u00a0\u00a0\u00a0<a href=\"https:\/\/www.planalto.gov.br\/ccivil_03\/_Ato2019-2022\/2021\/Lei\/L14285.htm#art2\" target=\"_blank\" rel=\"noopener\">(Inclu\u00eddo pela Lei n\u00ba 14.285, de 2021)<br><\/a>I \u2013 a n\u00e3o ocupa\u00e7\u00e3o de \u00e1reas com risco de desastres;\u00a0\u00a0\u00a0<a href=\"https:\/\/www.planalto.gov.br\/ccivil_03\/_Ato2019-2022\/2021\/Lei\/L14285.htm#art2\" target=\"_blank\" rel=\"noopener\">(Inclu\u00eddo pela Lei n\u00ba 14.285, de 2021)<br><\/a>II \u2013 a observ\u00e2ncia das diretrizes do plano de recursos h\u00eddricos, do plano de bacia, do plano de drenagem ou do plano de saneamento b\u00e1sico, se houver; e\u00a0\u00a0\u00a0<a href=\"https:\/\/www.planalto.gov.br\/ccivil_03\/_Ato2019-2022\/2021\/Lei\/L14285.htm#art2\" target=\"_blank\" rel=\"noopener\">(Inclu\u00eddo pela Lei n\u00ba 14.285, de 2021)<br><\/a>III \u2013 a previs\u00e3o de que as atividades ou os empreendimentos a serem instalados nas \u00e1reas de preserva\u00e7\u00e3o permanente urbanas devem observar os casos de utilidade p\u00fablica, de interesse social ou de baixo impacto ambiental fixados nesta Lei.\u00a0\u00a0\u00a0<a href=\"https:\/\/www.planalto.gov.br\/ccivil_03\/_Ato2019-2022\/2021\/Lei\/L14285.htm#art2\" target=\"_blank\" rel=\"noopener\">(Inclu\u00eddo pela Lei n\u00ba 14.285, de 2021)<br><\/a>Art. 5\u00ba Na implanta\u00e7\u00e3o de reservat\u00f3rio d\u2019\u00e1gua artificial destinado a gera\u00e7\u00e3o de energia ou abastecimento p\u00fablico, \u00e9 obrigat\u00f3ria a aquisi\u00e7\u00e3o, desapropria\u00e7\u00e3o ou institui\u00e7\u00e3o de servid\u00e3o administrativa pelo empreendedor das \u00c1reas de Preserva\u00e7\u00e3o Permanente criadas em seu entorno, conforme estabelecido no licenciamento ambiental, observando-se a faixa m\u00ednima de 30 (trinta) metros e m\u00e1xima de 100 (cem) metros em \u00e1rea rural, e a faixa m\u00ednima de 15 (quinze) metros e m\u00e1xima de 30 (trinta) metros em \u00e1rea urbana.\u00a0\u00a0\u00a0\u00a0\u00a0<a href=\"https:\/\/www.planalto.gov.br\/ccivil_03\/_ato2011-2014\/2012\/lei\/L12727.htm\" target=\"_blank\" rel=\"noopener\">(Reda\u00e7\u00e3o dada pela Lei n\u00ba 12.727, de 2012).<br><\/a>\u00a7 1\u00ba Na implanta\u00e7\u00e3o de reservat\u00f3rios d\u2019\u00e1gua artificiais de que trata o\u00a0caput\u00a0, o empreendedor, no \u00e2mbito do licenciamento ambiental, elaborar\u00e1 Plano Ambiental de Conserva\u00e7\u00e3o e Uso do Entorno do Reservat\u00f3rio, em conformidade com termo de refer\u00eancia expedido pelo \u00f3rg\u00e3o competente do Sistema Nacional do Meio Ambiente &#8211; Sisnama, n\u00e3o podendo o uso exceder a 10% (dez por cento) do total da \u00c1rea de Preserva\u00e7\u00e3o Permanente.\u00a0\u00a0\u00a0\u00a0\u00a0<a href=\"https:\/\/www.planalto.gov.br\/ccivil_03\/_ato2011-2014\/2012\/lei\/L12727.htm\" target=\"_blank\" rel=\"noopener\">(Reda\u00e7\u00e3o dada pela Lei n\u00ba 12.727, de 2012).<br><\/a>\u00a7 2\u00ba O Plano Ambiental de Conserva\u00e7\u00e3o e Uso do Entorno de Reservat\u00f3rio Artificial, para os empreendimentos licitados a partir da vig\u00eancia desta Lei, dever\u00e1 ser apresentado ao \u00f3rg\u00e3o ambiental concomitantemente com o Plano B\u00e1sico Ambiental e aprovado at\u00e9 o in\u00edcio da opera\u00e7\u00e3o do empreendimento, n\u00e3o constituindo a sua aus\u00eancia impedimento para a expedi\u00e7\u00e3o da licen\u00e7a de instala\u00e7\u00e3o.<br>Art. 6\u00ba Consideram-se, ainda, de preserva\u00e7\u00e3o permanente, quando declaradas de interesse social por ato do Chefe do Poder Executivo, as \u00e1reas cobertas com florestas ou outras formas de vegeta\u00e7\u00e3o destinadas a uma ou mais das seguintes finalidades:<br>I &#8211; conter a eros\u00e3o do solo e mitigar riscos de enchentes e deslizamentos de terra e de rocha;<br>II &#8211; proteger as restingas ou veredas;<br>III &#8211; proteger v\u00e1rzeas;<br>IV &#8211; abrigar exemplares da fauna ou da flora amea\u00e7ados de extin\u00e7\u00e3o;<br>V &#8211; proteger s\u00edtios de excepcional beleza ou de valor cient\u00edfico, cultural ou hist\u00f3rico;<br>VI &#8211; formar faixas de prote\u00e7\u00e3o ao longo de rodovias e ferrovias;<br>VII &#8211; assegurar condi\u00e7\u00f5es de bem-estar p\u00fablico;<br>VIII &#8211; auxiliar a defesa do territ\u00f3rio nacional, a crit\u00e9rio das autoridades militares.<br><a href=\"http:\/\/www.planalto.gov.br\/ccivil_03\/_Ato2011-2014\/2012\/Lei\/L12651.htm#art6ix\" target=\"_blank\" rel=\"noopener\">IX &#8211;\u00a0<\/a>proteger \u00e1reas \u00famidas, especialmente as de import\u00e2ncia internacional.\u00a0\u00a0\u00a0\u00a0\u00a0<a href=\"https:\/\/www.planalto.gov.br\/ccivil_03\/_ato2011-2014\/2012\/lei\/L12727.htm#art1\" target=\"_blank\" rel=\"noopener\">(Inclu\u00eddo pela Lei n\u00ba 12.727, de 2012).<\/a><\/p><cite>ler mais<\/cite><\/blockquote><\/figure>\n\n\n\n<p>Assim, define-se que as \u00e1reas de preserva\u00e7\u00e3o permanente s\u00e3o, sobretudo, <strong>\u00e1reas destinadas \u00e0 prote\u00e7\u00e3o de cursos d &#8216;\u00e1gua, restingas, manguezais, veredas, topos de morros, encostas, \u00e1reas de alta altitude ou quando declaradas pelo Poder Executivo como de especial prote\u00e7\u00e3o.&nbsp;<\/strong><\/p>\n\n\n\n<figure class=\"wp-block-image size-full\"><img decoding=\"async\" width=\"1080\" height=\"1080\" src=\"https:\/\/www.aurum.com.br\/blog\/wp-content\/uploads\/2023\/08\/o-que-e-area-de-preservacao-permanente.jpg\" alt=\"Entenda o que diz a lei sobre \u00c1reas de Preserva\u00e7\u00e3o Permanente\" class=\"wp-image-24428\" srcset=\"https:\/\/www.aurum.com.br\/blog\/wp-content\/uploads\/2023\/08\/o-que-e-area-de-preservacao-permanente.jpg 1080w, https:\/\/www.aurum.com.br\/blog\/wp-content\/uploads\/2023\/08\/o-que-e-area-de-preservacao-permanente-300x300.jpg 300w, https:\/\/www.aurum.com.br\/blog\/wp-content\/uploads\/2023\/08\/o-que-e-area-de-preservacao-permanente-150x150.jpg 150w, https:\/\/www.aurum.com.br\/blog\/wp-content\/uploads\/2023\/08\/o-que-e-area-de-preservacao-permanente-768x768.jpg 768w\" sizes=\"(max-width: 1080px) 100vw, 1080px\" \/><figcaption class=\"wp-element-caption\">Veja o que s\u00e3o \u00c1reas de Preserva\u00e7\u00e3o Permanente<\/figcaption><\/figure>\n\n\n\n<h2 class=\"wp-block-heading\">Quais s\u00e3o os limites espec\u00edficos de largura para APP de rios e nascentes?<\/h2>\n\n\n\n<p>A regra geral \u00e9 de <strong>no m\u00ednimo 30 (trinta) metros para rio de qualquer largura, podendo essa dist\u00e2ncia aumentar conforme a dimens\u00e3o do curso d\u2019\u00e1gua.&nbsp;<\/strong><\/p>\n\n\n\n<p>A Lei define o que \u00e9 APP e sua prote\u00e7\u00e3o independe de qualquer ato administrativo adicional. N\u00e3o h\u00e1 diferencia\u00e7\u00e3o entre \u00e1reas de preserva\u00e7\u00e3o permanente em \u00e1reas urbanas ou rurais. Ambos os locais devem ser preservados.&nbsp;<\/p>\n\n\n\n<p>Recentemente a <a href=\"https:\/\/www.planalto.gov.br\/ccivil_03\/_Ato2019-2022\/2021\/Lei\/L14285.htm\" target=\"_blank\" rel=\"noopener\">Lei 14.285\/2021<\/a>, autorizou que em \u00e1reas urbanas consolidadas o Poder P\u00fablico Municipal ou Distrital pudesse definir a extens\u00e3o das faixas marginais das APP\u00b4s.&nbsp;<\/p>\n\n\n\n<p>Isso decorre do fato de que ao longo do curso hist\u00f3rico do Brasil e de toda a humanidade as popula\u00e7\u00f5es humanas sempre iniciaram suas cidades ao longo dos cursos dos rios e lagos. Basta verificar em assentamentos antigos na \u00c1sia, Europa e \u00c1frica a import\u00e2ncia que os rios tiveram na vida dessas popula\u00e7\u00f5es.&nbsp;<\/p>\n\n\n\n<p>Por exemplo, os rios Tigre e Eufrates, na Mesopot\u00e2mia; o Rio Nilo, na \u00c1frica e Egito; o Rio Ganges, na \u00cdndia; o Rio Amarelo, na China; os rios Tibre, T\u00e2misa, Dan\u00fabio, Reno e Sena na Europa.&nbsp;<\/p>\n\n\n\n<p>Portanto, \u00e9 preciso compatibilizar a prote\u00e7\u00e3o nas margens dos rios e lagos com a pr\u00f3pria exist\u00eancia humana anterior \u00e0 pr\u00f3pria legisla\u00e7\u00e3o que previu essa intensa prote\u00e7\u00e3o, j\u00e1 que na interpreta\u00e7\u00e3o da legisla\u00e7\u00e3o vigora o princ\u00edpio do <em>tempus regit actum.&nbsp;<\/em><\/p>\n\n\n\n<h2 class=\"wp-block-heading\">O que eu preciso saber se existir uma \u00e1rea de preserva\u00e7\u00e3o permanente na minha propriedade ou de meu cliente?<\/h2>\n\n\n\n<p>Como j\u00e1 se viu, o C\u00f3digo Florestal define aquilo que deve ser considerado \u00e1rea de preserva\u00e7\u00e3o permanente. Caso haja enquadramento nos dispositivos da lei, \u00e9 <strong>necess\u00e1ria a preserva\u00e7\u00e3o desses espa\u00e7os, sob pena de multa ambiental.&nbsp;<\/strong><\/p>\n\n\n\n<p>Os artigos 7\u00ba, 8\u00ba e 9\u00ba do C\u00f3digo Florestal, estabelecem qual o regime jur\u00eddico de prote\u00e7\u00e3o das APP\u00b4s:<\/p>\n\n\n\n<figure class=\"wp-block-pullquote\"><blockquote><p>Art. 7\u00ba A vegeta\u00e7\u00e3o situada em \u00c1rea de Preserva\u00e7\u00e3o Permanente dever\u00e1 ser mantida pelo propriet\u00e1rio da \u00e1rea, possuidor ou ocupante a qualquer t\u00edtulo, pessoa f\u00edsica ou jur\u00eddica, de direito p\u00fablico ou privado.<br>\u00a7 1\u00ba Tendo ocorrido supress\u00e3o de vegeta\u00e7\u00e3o situada em \u00c1rea de Preserva\u00e7\u00e3o Permanente, o propriet\u00e1rio da \u00e1rea, possuidor ou ocupante a qualquer t\u00edtulo \u00e9 obrigado a promover a recomposi\u00e7\u00e3o da vegeta\u00e7\u00e3o, ressalvados os usos autorizados previstos nesta Lei.<br>\u00a7 2\u00ba A obriga\u00e7\u00e3o prevista no \u00a7 1\u00ba tem natureza real e \u00e9 transmitida ao sucessor no caso de transfer\u00eancia de dom\u00ednio ou posse do im\u00f3vel rural.<br>\u00a7 3\u00ba No caso de supress\u00e3o n\u00e3o autorizada de vegeta\u00e7\u00e3o realizada ap\u00f3s 22 de julho de 2008, \u00e9 vedada a concess\u00e3o de novas autoriza\u00e7\u00f5es de supress\u00e3o de vegeta\u00e7\u00e3o enquanto n\u00e3o cumpridas as obriga\u00e7\u00f5es previstas no \u00a7 1\u00ba .\u00a0\u00a0\u00a0\u00a0<a href=\"http:\/\/www.stf.jus.br\/portal\/peticaoInicial\/verPeticaoInicial.asp?base=ADIN&amp;s1=4937&amp;processo=4937\" target=\"_blank\" rel=\"noopener\">(Vide ADIN N\u00ba 4.937)\u00a0<\/a>\u00a0\u00a0\u00a0\u00a0\u00a0\u00a0\u00a0\u00a0\u00a0\u00a0\u00a0\u00a0\u00a0\u00a0\u00a0\u00a0<a href=\"http:\/\/www.stf.jus.br\/portal\/peticaoInicial\/verPeticaoInicial.asp?base=ADCN&amp;s1=42&amp;processo=42\" target=\"_blank\" rel=\"noopener\">(Vide ADC N\u00ba 42)\u00a0<\/a>\u00a0\u00a0\u00a0\u00a0\u00a0\u00a0\u00a0\u00a0\u00a0<a href=\"http:\/\/www.stf.jus.br\/portal\/peticaoInicial\/verPeticaoInicial.asp?base=ADIN&amp;s1=4902&amp;processo=4902\" target=\"_blank\" rel=\"noopener\">(Vide ADIN N\u00ba 4.902)\u00a0<\/a>\u00a0\u00a0\u00a0\u00a0\u00a0<br>Art. 8\u00ba A interven\u00e7\u00e3o ou a supress\u00e3o de vegeta\u00e7\u00e3o nativa em \u00c1rea de Preserva\u00e7\u00e3o Permanente somente ocorrer\u00e1 nas hip\u00f3teses de utilidade p\u00fablica, de interesse social ou de baixo impacto ambiental previstas nesta Lei.<br>\u00a7 1\u00ba A supress\u00e3o de vegeta\u00e7\u00e3o nativa protetora de nascentes, dunas e restingas somente poder\u00e1 ser autorizada em caso de utilidade p\u00fablica.<br>\u00a7 2\u00ba A interven\u00e7\u00e3o ou a supress\u00e3o de vegeta\u00e7\u00e3o nativa em \u00c1rea de Preserva\u00e7\u00e3o Permanente de que tratam os incisos VI e VII do\u00a0caput\u00a0do art. 4\u00ba poder\u00e1 ser autorizada, excepcionalmente, em locais onde a fun\u00e7\u00e3o ecol\u00f3gica do manguezal esteja comprometida, para execu\u00e7\u00e3o de obras habitacionais e de urbaniza\u00e7\u00e3o, inseridas em projetos de regulariza\u00e7\u00e3o fundi\u00e1ria de interesse social, em \u00e1reas urbanas consolidadas ocupadas por popula\u00e7\u00e3o de baixa renda.\u00a0\u00a0\u00a0<a href=\"http:\/\/www.stf.jus.br\/portal\/peticaoInicial\/verPeticaoInicial.asp?base=ADCN&amp;s1=42&amp;processo=42\" target=\"_blank\" rel=\"noopener\">(Vide ADC N\u00ba 42)\u00a0<\/a>\u00a0\u00a0\u00a0\u00a0\u00a0<a href=\"http:\/\/www.stf.jus.br\/portal\/peticaoInicial\/verPeticaoInicial.asp?base=ADIN&amp;s1=4903&amp;processo=4903\" target=\"_blank\" rel=\"noopener\">(Vide ADIN N\u00ba 4.903)<br><\/a>\u00a7 3\u00ba \u00c9 dispensada a autoriza\u00e7\u00e3o do \u00f3rg\u00e3o ambiental competente para a execu\u00e7\u00e3o, em car\u00e1ter de urg\u00eancia, de atividades de seguran\u00e7a nacional e obras de interesse da defesa civil destinadas \u00e0 preven\u00e7\u00e3o e mitiga\u00e7\u00e3o de acidentes em \u00e1reas urbanas.<br>\u00a7 4\u00ba N\u00e3o haver\u00e1, em qualquer hip\u00f3tese, direito \u00e0 regulariza\u00e7\u00e3o de futuras interven\u00e7\u00f5es ou supress\u00f5es de vegeta\u00e7\u00e3o nativa, al\u00e9m das previstas nesta Lei.<br>Art. 9\u00ba \u00c9 permitido o acesso de pessoas e animais \u00e0s \u00c1reas de Preserva\u00e7\u00e3o Permanente para obten\u00e7\u00e3o de \u00e1gua e para realiza\u00e7\u00e3o de atividades de baixo impacto ambiental.<\/p><cite>ler mais<\/cite><\/blockquote><\/figure>\n\n\n\n<p>A Lei estabelece crit\u00e9rios bem restritivos para interven\u00e7\u00f5es nas \u00e1reas de preserva\u00e7\u00e3o permanente. Al\u00e9m de limitar as hip\u00f3teses de interven\u00e7\u00e3o, muitas delas somente ser\u00e3o poss\u00edveis com autoriza\u00e7\u00e3o do \u00d3rg\u00e3o Ambiental competente.&nbsp;<\/p>\n\n\n\n<p>Portanto, qualquer interven\u00e7\u00e3o em \u00e1rea de preserva\u00e7\u00e3o permanente depende de licenciamento ambiental e est\u00e1 sujeito a hip\u00f3teses espec\u00edficas:&nbsp;<\/p>\n\n\n\n<ul class=\"wp-block-list\">\n<li>Utilidade p\u00fablica\u00a0<\/li>\n\n\n\n<li>Interesse social\u00a0<\/li>\n\n\n\n<li>Baixo impacto ambiental\u00a0<\/li>\n<\/ul>\n\n\n\n<p>O legislador foi rigoroso na reda\u00e7\u00e3o da Lei, j\u00e1 que expressamente prev\u00ea que a interven\u00e7\u00e3o e supress\u00e3o de vegeta\u00e7\u00e3o nativa em APP <em>somente ocorrer\u00e1 <\/em>nas hip\u00f3teses acima mencionadas.&nbsp;<\/p>\n\n\n\n<p>Para situa\u00e7\u00f5es j\u00e1 consolidadas no tempo, e <strong>fatos ocorridos antes da edi\u00e7\u00e3o do C\u00f3digo Florestal, previu-se normas de transi\u00e7\u00e3o:<\/strong><\/p>\n\n\n\n<figure class=\"wp-block-pullquote\"><blockquote><p>Art. 61-A.\u00a0Nas \u00c1reas de Preserva\u00e7\u00e3o Permanente, \u00e9 autorizada, exclusivamente, a continuidade das atividades agrossilvipastoris, de ecoturismo e de turismo rural em \u00e1reas rurais consolidadas at\u00e9 22 de julho de 2008.\u00a0<br>\u00a7 1\u00ba Para os im\u00f3veis rurais com \u00e1rea de at\u00e9 1 (um) m\u00f3dulo fiscal que possuam \u00e1reas consolidadas em \u00c1reas de Preserva\u00e7\u00e3o Permanente ao longo de cursos d\u2019\u00e1gua naturais, ser\u00e1 obrigat\u00f3ria a recomposi\u00e7\u00e3o das respectivas faixas marginais em 5 (cinco) metros, contados da borda da calha do leito regular, independentemente da largura do curso d\u00b4\u00e1gua.\u00a0<a href=\"https:\/\/www.planalto.gov.br\/ccivil_03\/_ato2011-2014\/2012\/lei\/L12727.htm#art1\" target=\"_blank\" rel=\"noopener\">(Inclu\u00eddo pela Lei n\u00ba 12.727, de 2012).<br><\/a>\u00a7 2\u00ba Para os im\u00f3veis rurais com \u00e1rea superior a 1 (um) m\u00f3dulo fiscal e de at\u00e9 2 (dois) m\u00f3dulos fiscais que possuam \u00e1reas consolidadas em \u00c1reas de Preserva\u00e7\u00e3o Permanente ao longo de cursos d\u2019\u00e1gua naturais, ser\u00e1 obrigat\u00f3ria a recomposi\u00e7\u00e3o das respectivas faixas marginais em 8 (oito) metros, contados da borda da calha do leito regular, independentemente da largura do curso d\u00b4\u00e1gua.\u00a0<a href=\"https:\/\/www.planalto.gov.br\/ccivil_03\/_ato2011-2014\/2012\/lei\/L12727.htm#art1\" target=\"_blank\" rel=\"noopener\">(Inclu\u00eddo pela Lei n\u00ba 12.727, de 2012).<br><\/a>\u00a7 3\u00ba Para os im\u00f3veis rurais com \u00e1rea superior a 2 (dois) m\u00f3dulos fiscais e de at\u00e9 4 (quatro) m\u00f3dulos fiscais que possuam \u00e1reas consolidadas em \u00c1reas de Preserva\u00e7\u00e3o Permanente ao longo de cursos d\u2019\u00e1gua naturais, ser\u00e1 obrigat\u00f3ria a recomposi\u00e7\u00e3o das respectivas faixas marginais em 15 (quinze) metros, contados da borda da calha do leito regular, independentemente da largura do curso d\u2019\u00e1gua.\u00a0<a href=\"https:\/\/www.planalto.gov.br\/ccivil_03\/_ato2011-2014\/2012\/lei\/L12727.htm#art1\" target=\"_blank\" rel=\"noopener\">(Inclu\u00eddo pela Lei n\u00ba 12.727, de 2012).<br><\/a>\u00a7 4\u00ba Para os im\u00f3veis rurais com \u00e1rea superior a 4 (quatro) m\u00f3dulos fiscais que possuam \u00e1reas consolidadas em \u00c1reas de Preserva\u00e7\u00e3o Permanente ao longo de cursos d\u2019\u00e1gua naturais, ser\u00e1 obrigat\u00f3ria a recomposi\u00e7\u00e3o das respectivas faixas marginais:\u00a0<a href=\"https:\/\/www.planalto.gov.br\/ccivil_03\/_ato2011-2014\/2012\/lei\/L12727.htm#art1\" target=\"_blank\" rel=\"noopener\">(Inclu\u00eddo pela Lei n\u00ba 12.727, de 2012).<br><\/a>II &#8211; nos demais casos, conforme determina\u00e7\u00e3o do PRA, observado o m\u00ednimo de 20 (vinte) e o m\u00e1ximo de 100 (cem) metros, contados da borda da calha do leito regular.\u00a0<a href=\"https:\/\/www.planalto.gov.br\/ccivil_03\/_ato2011-2014\/2012\/lei\/L12727.htm#art1\" target=\"_blank\" rel=\"noopener\">(Inclu\u00eddo pela Lei n\u00ba 12.727, de 2012).<br><\/a>\u00a7 5\u00ba Nos casos de \u00e1reas rurais consolidadas em \u00c1reas de Preserva\u00e7\u00e3o Permanente no entorno de nascentes e olhos d\u2019\u00e1gua perenes, ser\u00e1 admitida a manuten\u00e7\u00e3o de atividades agrossilvipastoris, de ecoturismo ou de turismo rural, sendo obrigat\u00f3ria a recomposi\u00e7\u00e3o do raio m\u00ednimo de 15 (quinze) metros.\u00a0<a href=\"https:\/\/www.planalto.gov.br\/ccivil_03\/_ato2011-2014\/2012\/lei\/L12727.htm#art1\" target=\"_blank\" rel=\"noopener\">(Inclu\u00eddo pela Lei n\u00ba 12.727, de 2012).<br><\/a>\u00a7 6\u00ba Para os im\u00f3veis rurais que possuam \u00e1reas consolidadas em \u00c1reas de Preserva\u00e7\u00e3o Permanente no entorno de lagos e lagoas naturais, ser\u00e1 admitida a manuten\u00e7\u00e3o de atividades agrossilvipastoris, de ecoturismo ou de turismo rural, sendo obrigat\u00f3ria a recomposi\u00e7\u00e3o de faixa marginal com largura m\u00ednima de:\u00a0<a href=\"https:\/\/www.planalto.gov.br\/ccivil_03\/_ato2011-2014\/2012\/lei\/L12727.htm#art1\" target=\"_blank\" rel=\"noopener\">(Inclu\u00eddo pela Lei n\u00ba 12.727, de 2012).<br><\/a>I &#8211; 5 (cinco) metros, para im\u00f3veis rurais com \u00e1rea de at\u00e9 1 (um) m\u00f3dulo fiscal;\u00a0<a href=\"https:\/\/www.planalto.gov.br\/ccivil_03\/_ato2011-2014\/2012\/lei\/L12727.htm#art1\" target=\"_blank\" rel=\"noopener\">(Inclu\u00eddo pela Lei n\u00ba 12.727, de 2012).<br><\/a>II &#8211; 8 (oito) metros, para im\u00f3veis rurais com \u00e1rea superior a 1 (um) m\u00f3dulo fiscal e de at\u00e9 2 (dois) m\u00f3dulos fiscais;\u00a0<a href=\"https:\/\/www.planalto.gov.br\/ccivil_03\/_ato2011-2014\/2012\/lei\/L12727.htm#art1\" target=\"_blank\" rel=\"noopener\">(Inclu\u00eddo pela Lei n\u00ba 12.727, de 2012).<br><\/a>III &#8211; 15 (quinze) metros, para im\u00f3veis rurais com \u00e1rea superior a 2 (dois) m\u00f3dulos fiscais e de at\u00e9 4 (quatro) m\u00f3dulos fiscais; e\u00a0<a href=\"https:\/\/www.planalto.gov.br\/ccivil_03\/_ato2011-2014\/2012\/lei\/L12727.htm#art1\" target=\"_blank\" rel=\"noopener\">(Inclu\u00eddo pela Lei n\u00ba 12.727, de 2012).<br><\/a>IV &#8211; 30 (trinta) metros, para im\u00f3veis rurais com \u00e1rea superior a 4 (quatro) m\u00f3dulos fiscais.\u00a0<a href=\"https:\/\/www.planalto.gov.br\/ccivil_03\/_ato2011-2014\/2012\/lei\/L12727.htm#art1\" target=\"_blank\" rel=\"noopener\">(Inclu\u00eddo pela Lei n\u00ba 12.727, de 2012).<br><\/a>\u00a7 7\u00ba Nos casos de \u00e1reas rurais consolidadas em veredas, ser\u00e1 obrigat\u00f3ria a recomposi\u00e7\u00e3o das faixas marginais, em proje\u00e7\u00e3o horizontal, delimitadas a partir do espa\u00e7o brejoso e encharcado, de largura m\u00ednima de:\u00a0<a href=\"https:\/\/www.planalto.gov.br\/ccivil_03\/_ato2011-2014\/2012\/lei\/L12727.htm#art1\" target=\"_blank\" rel=\"noopener\">(Inclu\u00eddo pela Lei n\u00ba 12.727, de 2012).<br><\/a>I &#8211; 30 (trinta) metros, para im\u00f3veis rurais com \u00e1rea de at\u00e9 4 (quatro) m\u00f3dulos fiscais; e\u00a0<a href=\"https:\/\/www.planalto.gov.br\/ccivil_03\/_ato2011-2014\/2012\/lei\/L12727.htm#art1\" target=\"_blank\" rel=\"noopener\">(Inclu\u00eddo pela Lei n\u00ba 12.727, de 2012).<br><\/a>II &#8211; 50 (cinquenta) metros, para im\u00f3veis rurais com \u00e1rea superior a 4 (quatro) m\u00f3dulos fiscais.\u00a0<a href=\"https:\/\/www.planalto.gov.br\/ccivil_03\/_ato2011-2014\/2012\/lei\/L12727.htm#art1\" target=\"_blank\" rel=\"noopener\">(Inclu\u00eddo pela Lei n\u00ba 12.727, de 2012).<br><\/a>\u00a7 8\u00ba Ser\u00e1 considerada, para os fins do disposto no\u00a0caput\u00a0e nos \u00a7\u00a7 1\u00ba a 7\u00ba , a \u00e1rea detida pelo im\u00f3vel rural em 22 de julho de 2008.\u00a0<a href=\"https:\/\/www.planalto.gov.br\/ccivil_03\/_ato2011-2014\/2012\/lei\/L12727.htm#art1\" target=\"_blank\" rel=\"noopener\">(Inclu\u00eddo pela Lei n\u00ba 12.727, de 2012).<br><\/a>\u00a7 9\u00ba A exist\u00eancia das situa\u00e7\u00f5es previstas no\u00a0caput\u00a0dever\u00e1 ser informada no CAR para fins de monitoramento, sendo exigida, nesses casos, a ado\u00e7\u00e3o de t\u00e9cnicas de conserva\u00e7\u00e3o do solo e da \u00e1gua que visem \u00e0 mitiga\u00e7\u00e3o dos eventuais impactos.\u00a0<a href=\"https:\/\/www.planalto.gov.br\/ccivil_03\/_ato2011-2014\/2012\/lei\/L12727.htm#art1\" target=\"_blank\" rel=\"noopener\">(Inclu\u00eddo pela Lei n\u00ba 12.727, de 2012).<br><\/a>\u00a7 10. Antes mesmo da disponibiliza\u00e7\u00e3o do CAR, no caso das interven\u00e7\u00f5es j\u00e1 existentes, \u00e9 o propriet\u00e1rio ou possuidor rural respons\u00e1vel pela conserva\u00e7\u00e3o do solo e da \u00e1gua, por meio de ado\u00e7\u00e3o de boas pr\u00e1ticas agron\u00f4micas.\u00a0<a href=\"https:\/\/www.planalto.gov.br\/ccivil_03\/_ato2011-2014\/2012\/lei\/L12727.htm#art1\" target=\"_blank\" rel=\"noopener\">(Inclu\u00eddo pela Lei n\u00ba 12.727, de 2012).<br><\/a>\u00a7 11. A realiza\u00e7\u00e3o das atividades previstas no\u00a0caput\u00a0observar\u00e1 crit\u00e9rios t\u00e9cnicos de conserva\u00e7\u00e3o do solo e da \u00e1gua indicados no PRA previsto nesta Lei, sendo vedada a convers\u00e3o de novas \u00e1reas para uso alternativo do solo nesses locais.\u00a0<a href=\"https:\/\/www.planalto.gov.br\/ccivil_03\/_ato2011-2014\/2012\/lei\/L12727.htm#art1\" target=\"_blank\" rel=\"noopener\">(Inclu\u00eddo pela Lei n\u00ba 12.727, de 2012).<br><\/a>\u00a7 12. Ser\u00e1 admitida a manuten\u00e7\u00e3o de resid\u00eancias e da infraestrutura associada \u00e0s atividades agrossilvipastoris, de ecoturismo e de turismo rural, inclusive o acesso a essas atividades, independentemente das determina\u00e7\u00f5es contidas no\u00a0caput\u00a0e nos \u00a7\u00a7 1\u00ba a 7\u00ba , desde que n\u00e3o estejam em \u00e1rea que ofere\u00e7a risco \u00e0 vida ou \u00e0 integridade f\u00edsica das pessoas.\u00a0<a href=\"https:\/\/www.planalto.gov.br\/ccivil_03\/_ato2011-2014\/2012\/lei\/L12727.htm#art1\" target=\"_blank\" rel=\"noopener\">(Inclu\u00eddo pela Lei n\u00ba 12.727, de 2012).<br><\/a>\u00a7 13. A recomposi\u00e7\u00e3o de que trata este artigo poder\u00e1 ser feita, isolada ou conjuntamente, pelos seguintes m\u00e9todos:\u00a0<a href=\"https:\/\/www.planalto.gov.br\/ccivil_03\/_ato2011-2014\/2012\/lei\/L12727.htm#art1\" target=\"_blank\" rel=\"noopener\">(Inclu\u00eddo pela Lei n\u00ba 12.727, de 2012).<br><\/a>I &#8211; condu\u00e7\u00e3o de regenera\u00e7\u00e3o natural de esp\u00e9cies nativas;\u00a0<a href=\"https:\/\/www.planalto.gov.br\/ccivil_03\/_ato2011-2014\/2012\/lei\/L12727.htm#art1\" target=\"_blank\" rel=\"noopener\">(Inclu\u00eddo pela Lei n\u00ba 12.727, de 2012).<br><\/a>II &#8211; plantio de esp\u00e9cies nativas;\u00a0<a href=\"https:\/\/www.planalto.gov.br\/ccivil_03\/_ato2011-2014\/2012\/lei\/L12727.htm#art1\" target=\"_blank\" rel=\"noopener\">(Inclu\u00eddo pela Lei n\u00ba 12.727, de 2012).<br><\/a>III &#8211; plantio de esp\u00e9cies nativas conjugado com a condu\u00e7\u00e3o da regenera\u00e7\u00e3o natural de esp\u00e9cies nativas;\u00a0<a href=\"https:\/\/www.planalto.gov.br\/ccivil_03\/_ato2011-2014\/2012\/lei\/L12727.htm#art1\" target=\"_blank\" rel=\"noopener\">(Inclu\u00eddo pela Lei n\u00ba 12.727, de 2012).<br><\/a>IV &#8211; plantio intercalado de esp\u00e9cies lenhosas, perenes ou de ciclo longo, ex\u00f3ticas com nativas de ocorr\u00eancia regional, em at\u00e9 50% (cinquenta por cento) da \u00e1rea total a ser recomposta, no caso dos im\u00f3veis a que se refere o inciso V do\u00a0caput\u00a0do art. 3\u00ba ;\u00a0<a href=\"https:\/\/www.planalto.gov.br\/ccivil_03\/_ato2011-2014\/2012\/lei\/L12727.htm#art1\" target=\"_blank\" rel=\"noopener\">(Inclu\u00eddo pela Lei n\u00ba 12.727, de 2012).<br><\/a>V &#8211; (VETADO).\u00a0<a href=\"https:\/\/www.planalto.gov.br\/ccivil_03\/_ato2011-2014\/2012\/lei\/L12727.htm#art1\" target=\"_blank\" rel=\"noopener\">(Inclu\u00eddo pela Lei n\u00ba 12.727, de 2012).<br><\/a>\u00a7 14. Em todos os casos previstos neste artigo, o poder p\u00fablico, verificada a exist\u00eancia de risco de agravamento de processos erosivos ou de inunda\u00e7\u00f5es, determinar\u00e1 a ado\u00e7\u00e3o de medidas mitigadoras que garantam a estabilidade das margens e a qualidade da \u00e1gua, ap\u00f3s delibera\u00e7\u00e3o do Conselho Estadual de Meio Ambiente ou de \u00f3rg\u00e3o colegiado estadual equivalente.\u00a0<a href=\"https:\/\/www.planalto.gov.br\/ccivil_03\/_ato2011-2014\/2012\/lei\/L12727.htm#art1\" target=\"_blank\" rel=\"noopener\">(Inclu\u00eddo pela Lei n\u00ba 12.727, de 2012).<br><\/a>\u00a7 15. A partir da data da publica\u00e7\u00e3o desta Lei e at\u00e9 o t\u00e9rmino do prazo de ades\u00e3o ao PRA de que trata o \u00a7 2\u00ba do art. 59, \u00e9 autorizada a continuidade das atividades desenvolvidas nas \u00e1reas de que trata o\u00a0caput\u00a0, as quais dever\u00e3o ser informadas no CAR para fins de monitoramento, sendo exigida a ado\u00e7\u00e3o de medidas de conserva\u00e7\u00e3o do solo e da \u00e1gua.\u00a0<a href=\"https:\/\/www.planalto.gov.br\/ccivil_03\/_ato2011-2014\/2012\/lei\/L12727.htm#art1\" target=\"_blank\" rel=\"noopener\">(Inclu\u00eddo pela Lei n\u00ba 12.727, de 2012).<br><\/a>\u00a7 16. As \u00c1reas de Preserva\u00e7\u00e3o Permanente localizadas em im\u00f3veis inseridos nos limites de Unidades de Conserva\u00e7\u00e3o de Prote\u00e7\u00e3o Integral criadas por ato do poder p\u00fablico at\u00e9 a data de publica\u00e7\u00e3o desta Lei n\u00e3o s\u00e3o pass\u00edveis de ter quaisquer atividades consideradas como consolidadas nos termos do\u00a0caput\u00a0e dos \u00a7\u00a7 1\u00ba a 15, ressalvado o que dispuser o Plano de Manejo elaborado e aprovado de acordo com as orienta\u00e7\u00f5es emitidas pelo \u00f3rg\u00e3o competente do Sisnama, nos termos do que dispuser regulamento do Chefe do Poder Executivo, devendo o propriet\u00e1rio, possuidor rural ou ocupante a qualquer t\u00edtulo adotar todas as medidas indicadas.\u00a0<a href=\"https:\/\/www.planalto.gov.br\/ccivil_03\/_ato2011-2014\/2012\/lei\/L12727.htm#art1\" target=\"_blank\" rel=\"noopener\">(Inclu\u00eddo pela Lei n\u00ba 12.727, de 2012).<br><\/a>\u00a7 17. Em bacias hidrogr\u00e1ficas consideradas cr\u00edticas, conforme previsto em legisla\u00e7\u00e3o espec\u00edfica, o Chefe do Poder Executivo poder\u00e1, em ato pr\u00f3prio, estabelecer metas e diretrizes de recupera\u00e7\u00e3o ou conserva\u00e7\u00e3o da vegeta\u00e7\u00e3o nativa superiores \u00e0s definidas no\u00a0caput\u00a0e nos \u00a7\u00a7 1\u00ba a 7\u00ba , como projeto priorit\u00e1rio, ouvidos o Comit\u00ea de Bacia Hidrogr\u00e1fica e o Conselho Estadual de Meio Ambiente.\u00a0<a href=\"https:\/\/www.planalto.gov.br\/ccivil_03\/_ato2011-2014\/2012\/lei\/L12727.htm#art1\" target=\"_blank\" rel=\"noopener\">(Inclu\u00eddo pela Lei n\u00ba 12.727, de 2012).<br><\/a>Art. 61-B.\u00a0Aos propriet\u00e1rios e possuidores dos im\u00f3veis rurais que, em 22 de julho de 2008, detinham at\u00e9 10 (dez) m\u00f3dulos fiscais e desenvolviam atividades agrossilvipastoris nas \u00e1reas consolidadas em \u00c1reas de Preserva\u00e7\u00e3o Permanente \u00e9 garantido que a exig\u00eancia de recomposi\u00e7\u00e3o, nos termos desta Lei, somadas todas as \u00c1reas de Preserva\u00e7\u00e3o Permanente do im\u00f3vel, n\u00e3o ultrapassar\u00e1:\u00a0<a href=\"https:\/\/www.planalto.gov.br\/ccivil_03\/_ato2011-2014\/2012\/lei\/L12727.htm#art1\" target=\"_blank\" rel=\"noopener\">(Inclu\u00eddo pela Lei n\u00ba 12.727, de 2012).\u00a0<\/a>\u00a0\u00a0\u00a0\u00a0\u00a0\u00a0\u00a0\u00a0\u00a0\u00a0\u00a0\u00a0\u00a0\u00a0\u00a0\u00a0\u00a0\u00a0\u00a0<a href=\"http:\/\/www.stf.jus.br\/portal\/peticaoInicial\/verPeticaoInicial.asp?base=ADIN&amp;s1=4937&amp;processo=4937\" target=\"_blank\" rel=\"noopener\">(Vide ADIN N\u00ba 4.937)\u00a0\u00a0\u00a0\u00a0\u00a0\u00a0<\/a><a href=\"http:\/\/www.stf.jus.br\/portal\/peticaoInicial\/verPeticaoInicial.asp?base=ADCN&amp;s1=42&amp;processo=42\" target=\"_blank\" rel=\"noopener\">(Vide ADC N\u00ba 42)\u00a0<\/a>\u00a0\u00a0\u00a0\u00a0\u00a0<a href=\"http:\/\/www.stf.jus.br\/portal\/peticaoInicial\/verPeticaoInicial.asp?base=ADIN&amp;s1=4902&amp;processo=4902\" target=\"_blank\" rel=\"noopener\">(Vide ADIN N\u00ba 4.902)<br><\/a>I &#8211; 10% (dez por cento) da \u00e1rea total do im\u00f3vel, para im\u00f3veis rurais com \u00e1rea de at\u00e9 2 (dois) m\u00f3dulos fiscais;\u00a0<a href=\"https:\/\/www.planalto.gov.br\/ccivil_03\/_ato2011-2014\/2012\/lei\/L12727.htm#art1\" target=\"_blank\" rel=\"noopener\">(Inclu\u00eddo pela Lei n\u00ba 12.727, de 2012).<br><\/a>II &#8211; 20% (vinte por cento) da \u00e1rea total do im\u00f3vel, para im\u00f3veis rurais com \u00e1rea superior a 2 (dois) e de at\u00e9 4 (quatro) m\u00f3dulos fiscais;\u00a0<a href=\"https:\/\/www.planalto.gov.br\/ccivil_03\/_ato2011-2014\/2012\/lei\/L12727.htm#art1\" target=\"_blank\" rel=\"noopener\">(Inclu\u00eddo pela Lei n\u00ba 12.727, de 2012).<\/a><\/p><cite>ler mais<\/cite><\/blockquote><\/figure>\n\n\n\n<p>Como se v\u00ea, o legislador fez quest\u00e3o de incluir in\u00fameras situa\u00e7\u00f5es, visando preservar o ato jur\u00eddico perfeito daqueles que ocuparam as margens de rios e c\u00f3rregos quando isso n\u00e3o era proibido.&nbsp;<\/p>\n\n\n\n<p>Portanto, a regra geral \u00e9 que a APP seja destinada exclusivamente para preserva\u00e7\u00e3o ambiental, vedada a utiliza\u00e7\u00e3o da \u00e1rea para explora\u00e7\u00e3o econ\u00f4mica. Caso tenha havido interven\u00e7\u00e3o no passado, o propriet\u00e1rio ou possuidor atual dever\u00e1 recompor a \u00e1rea com vegeta\u00e7\u00e3o nativa, nos par\u00e2metros da legisla\u00e7\u00e3o.&nbsp;<\/p>\n\n\n\n<p>Outro ponto fundamental \u00e9 que <strong>caso haja a transfer\u00eancia do im\u00f3vel para terceiros, as obriga\u00e7\u00f5es s\u00e3o transmitidas aos futuros propriet\u00e1rios.<\/strong> Como a obriga\u00e7\u00e3o \u00e9 <em>propter rem<\/em>, ela acompanha o im\u00f3vel, independentemente de acordo de vontade das partes contratantes.&nbsp;<\/p>\n\n\n\n<h2 class=\"wp-block-heading\">O que acontece se houver interven\u00e7\u00e3o em \u00c1reas de Preserva\u00e7\u00e3o Permanente &#8211; APP?<\/h2>\n\n\n\n<p>Interven\u00e7\u00e3o em \u00e1reas de preserva\u00e7\u00e3o permanente gera responsabilidade ambiental: multa administrativa, responsabilidade criminal e obriga\u00e7\u00e3o de reparar o dano. Como s\u00e3o \u00e1reas de especial prote\u00e7\u00e3o ambiental, a lei estabelece hip\u00f3teses espec\u00edficas de responsabiliza\u00e7\u00e3o.&nbsp;<\/p>\n\n\n\n<p>O Decreto 6.514\/2008 disp\u00f5e sobre a infra\u00e7\u00e3o ambiental:<\/p>\n\n\n\n<figure class=\"wp-block-pullquote\"><blockquote><p>Art.\u00a043.\u00a0\u00a0Destruir ou danificar florestas ou demais formas de vegeta\u00e7\u00e3o natural ou utiliz\u00e1-las com infring\u00eancia das normas de prote\u00e7\u00e3o em \u00e1rea considerada de preserva\u00e7\u00e3o permanente, sem autoriza\u00e7\u00e3o do \u00f3rg\u00e3o competente, quando exig\u00edvel, ou em desacordo com a obtida:\u00a0\u00a0\u00a0\u00a0\u00a0\u00a0\u00a0\u00a0\u00a0\u00a0\u00a0\u00a0\u00a0\u00a0\u00a0\u00a0\u00a0\u00a0\u00a0\u00a0<a href=\"https:\/\/www.planalto.gov.br\/ccivil_03\/_ato2007-2010\/2008\/decreto\/D6686.htm#art1\" target=\"_blank\" rel=\"noopener\">(Reda\u00e7\u00e3o dada pelo Decreto n\u00ba 6.686, de 2008).<br><\/a>Multa de R$ 5.000,00 (cinco mil reais) a R$ 50.000,00 (cinq\u00fcenta mil reais), por hectare ou fra\u00e7\u00e3o.\u00a0<br>Art.\u00a044.\u00a0\u00a0Cortar \u00e1rvores em \u00e1rea considerada de preserva\u00e7\u00e3o permanente ou cuja esp\u00e9cie seja especialmente protegida, sem permiss\u00e3o da autoridade competente:\u00a0<br>Multa de R$ 5.000,00 (cinco mil reais) a R$ 20.000,00 (vinte mil reais) por hectare ou fra\u00e7\u00e3o, ou R$ 500,00 (quinhentos reais) por \u00e1rvore, metro c\u00fabico ou fra\u00e7\u00e3o.\u00a0<br>Art.\u00a045.\u00a0\u00a0Extrair de florestas de dom\u00ednio p\u00fablico ou \u00e1reas de preserva\u00e7\u00e3o permanente, sem pr\u00e9via autoriza\u00e7\u00e3o, pedra, areia, cal ou qualquer esp\u00e9cie de minerais:<br>Multa simples de R$ 5.000,00 (cinco mil reais) a R$ 50.000,00 (cinq\u00fcenta mil reais) por hectare ou fra\u00e7\u00e3o.\u00a0[&#8230;]<br>Art.\u00a048.\u00a0\u00a0Impedir ou dificultar a regenera\u00e7\u00e3o natural de florestas ou demais formas de vegeta\u00e7\u00e3o nativa em unidades de conserva\u00e7\u00e3o ou outras \u00e1reas especialmente protegidas, quando couber, \u00e1rea de preserva\u00e7\u00e3o permanente, reserva legal ou demais locais cuja regenera\u00e7\u00e3o tenha sido indicada pela autoridade ambiental competente:\u00a0\u00a0\u00a0\u00a0\u00a0\u00a0\u00a0\u00a0\u00a0\u00a0\u00a0\u00a0\u00a0\u00a0\u00a0\u00a0\u00a0\u00a0\u00a0\u00a0\u00a0<a href=\"https:\/\/www.planalto.gov.br\/ccivil_03\/_ato2007-2010\/2008\/decreto\/D6686.htm#art1\" target=\"_blank\" rel=\"noopener\">(Reda\u00e7\u00e3o dada pelo Decreto n\u00ba 6.686, de 2008).<br><\/a>Multa de R$ 5.000,00 (cinco mil reais), por hectare ou fra\u00e7\u00e3o.\u00a0\u00a0\u00a0\u00a0\u00a0\u00a0\u00a0\u00a0\u00a0\u00a0\u00a0\u00a0\u00a0\u00a0\u00a0\u00a0\u00a0\u00a0\u00a0\u00a0\u00a0<a href=\"https:\/\/www.planalto.gov.br\/ccivil_03\/_ato2007-2010\/2008\/decreto\/D6686.htm#art1\" target=\"_blank\" rel=\"noopener\">(Reda\u00e7\u00e3o dada pelo Decreto n\u00ba 6.686, de 2008).<br><\/a>Par\u00e1grafo\u00a0\u00fanico.\u00a0\u00a0O disposto no\u00a0<strong>caput<\/strong>\u00a0n\u00e3o se aplica para o uso permitido das \u00e1reas de preserva\u00e7\u00e3o permanente.\u00a0\u00a0\u00a0\u00a0\u00a0\u00a0\u00a0\u00a0\u00a0\u00a0\u00a0\u00a0\u00a0\u00a0\u00a0\u00a0\u00a0<a href=\"https:\/\/www.planalto.gov.br\/ccivil_03\/_ato2007-2010\/2008\/decreto\/D6686.htm#art1\" target=\"_blank\" rel=\"noopener\">(Reda\u00e7\u00e3o dada pelo Decreto n\u00ba 6.686, de 2008).<\/a><\/p><cite>ler mais<\/cite><\/blockquote><\/figure>\n\n\n\n<p>Por sua vez, a Lei 9.065\/98 define como crime ambiental:<\/p>\n\n\n\n<figure class=\"wp-block-pullquote classe bq-small\"><blockquote><p>Art. 38. Destruir ou danificar floresta considerada de preserva\u00e7\u00e3o permanente, mesmo que em forma\u00e7\u00e3o, ou utiliz\u00e1-la com infring\u00eancia das normas de prote\u00e7\u00e3o:<br>Pena &#8211; deten\u00e7\u00e3o, de um a tr\u00eas anos, ou multa, ou ambas as penas cumulativamente.<br>Par\u00e1grafo \u00fanico. Se o crime for culposo, a pena ser\u00e1 reduzida \u00e0 metade.<br>Art. 39. Cortar \u00e1rvores em floresta considerada de preserva\u00e7\u00e3o permanente, sem permiss\u00e3o da autoridade competente:<br>Pena &#8211; deten\u00e7\u00e3o, de um a tr\u00eas anos, ou multa, ou ambas as penas cumulativamente.<br>Art. 44. Extrair de florestas de dom\u00ednio p\u00fablico ou consideradas de preserva\u00e7\u00e3o permanente, sem pr\u00e9via autoriza\u00e7\u00e3o, pedra, areia, cal ou qualquer esp\u00e9cie de minerais:<br>Pena &#8211; deten\u00e7\u00e3o, de seis meses a um ano, e multa.<\/p><\/blockquote><\/figure>\n\n\n\n<p>Al\u00e9m do crime e da multa, o infrator, propriet\u00e1rio ou possuidor, estar\u00e1 obrigado a reparar o dano, recuperando o meio ambiente. Poder\u00e1 haver fixa\u00e7\u00e3o de multa civil se a recupera\u00e7\u00e3o n\u00e3o for suficiente para repara\u00e7\u00e3o integral do meio ambiente.&nbsp;<\/p>\n\n\n\n<h2 class=\"wp-block-heading\">O que s\u00e3o \u00e1reas consolidadas em \u00e1reas de preserva\u00e7\u00e3o permanente?&nbsp;<\/h2>\n\n\n\n<p>Como mencionado, quando da edi\u00e7\u00e3o do novo C\u00f3digo Florestal, percebeu-se que havia situa\u00e7\u00f5es j\u00e1 consolidadas em APP e que deveria haver um regime jur\u00eddico pr\u00f3prio.&nbsp;<\/p>\n\n\n\n<p>Imagine-se um pequeno agricultor com uma pequena propriedade em que h\u00e1 um curso de rio, lago ou nascente de\u00e1gua. Caso fosse considerado os limites legais de prote\u00e7\u00e3o, a sobreviv\u00eancia dele estaria comprometida.&nbsp;<\/p>\n\n\n\n<p>Ou algu\u00e9m que morasse perto de rio, lago ou em \u00e1reas de morros, poderia haver a perda da propriedade, gerando graves problemas sociais e econ\u00f4micos.&nbsp;<\/p>\n\n\n\n<p>Por isso, o <strong>C\u00f3digo previu situa\u00e7\u00f5es espec\u00edficas para as APP\u00b4s em im\u00f3veis rurais e \u00e1reas urbanas consolidadas<\/strong>. Com previs\u00e3o de prazos para regulariza\u00e7\u00e3o ambiental, mediante ades\u00e3o ao PRA \u2013 Programa de Regulariza\u00e7\u00e3o Ambiental, percentuais espec\u00edficos para a recupera\u00e7\u00e3o, previs\u00e3o de compensa\u00e7\u00f5es e autoriza\u00e7\u00e3o para continuidade de algumas atividades.&nbsp;<\/p>\n\n\n\n<p>O artigo 61-A e 61-B preveem in\u00fameras hip\u00f3teses para a regulariza\u00e7\u00e3o ambiental nesses casos. Nas \u00e1reas urbanas consolidadas, \u00e9 autorizado a regulariza\u00e7\u00e3o fundi\u00e1ria, mediante estudo t\u00e9cnico prevendo especifica\u00e7\u00f5es e dist\u00e2ncia m\u00ednima de cursos d\u00b4\u00e1gua e rios:<\/p>\n\n\n\n<figure class=\"wp-block-pullquote\"><blockquote><p>Art. 64. Na regulariza\u00e7\u00e3o fundi\u00e1ria de interesse social dos assentamentos inseridos em <strong>\u00e1rea urbana de ocupa\u00e7\u00e3o consolidada<\/strong> e que ocupam \u00c1reas de Preserva\u00e7\u00e3o Permanente, a regulariza\u00e7\u00e3o ambiental ser\u00e1 admitida por meio da aprova\u00e7\u00e3o do projeto de regulariza\u00e7\u00e3o fundi\u00e1ria, na forma da\u00a0<a href=\"https:\/\/www.planalto.gov.br\/ccivil_03\/_Ato2007-2010\/2009\/Lei\/L11977.htm\" target=\"_blank\" rel=\"noopener\">Lei n\u00ba 11.977, de 7 de julho de 2009.<br><\/a>Art. 64. Na regulariza\u00e7\u00e3o fundi\u00e1ria de interesse social dos n\u00facleos urbanos informais inseridos em \u00e1rea urbana de ocupa\u00e7\u00e3o consolidada e que ocupam \u00c1reas de Preserva\u00e7\u00e3o Permanente, a regulariza\u00e7\u00e3o ambiental ser\u00e1 admitida por meio da aprova\u00e7\u00e3o do projeto de regulariza\u00e7\u00e3o fundi\u00e1ria, na forma da\u00a0Lei espec\u00edfica de Regulariza\u00e7\u00e3o Fundi\u00e1ria Urbana.\u00a0<a href=\"https:\/\/www.planalto.gov.br\/ccivil_03\/_Ato2015-2018\/2016\/Mpv\/mpv759.htm#art65\" target=\"_blank\" rel=\"noopener\">(Reda\u00e7\u00e3o dada pela Medida Provis\u00f3ria n\u00ba 759, de 2016)<br><\/a>Art. 64.\u00a0Na Reurb-S dos n\u00facleos urbanos informais que ocupam \u00c1reas de Preserva\u00e7\u00e3o Permanente, a regulariza\u00e7\u00e3o fundi\u00e1ria ser\u00e1 admitida por meio da aprova\u00e7\u00e3o do projeto de regulariza\u00e7\u00e3o fundi\u00e1ria, na forma da lei espec\u00edfica de regulariza\u00e7\u00e3o fundi\u00e1ria urbana.\u00a0<a href=\"https:\/\/www.planalto.gov.br\/ccivil_03\/_Ato2015-2018\/2017\/Lei\/L13465.htm#art82\" target=\"_blank\" rel=\"noopener\">(Reda\u00e7\u00e3o dada pela Lei n\u00ba 13.465, de 2017)<br><\/a>\u00a7 1\u00ba O projeto de regulariza\u00e7\u00e3o fundi\u00e1ria de interesse social dever\u00e1 incluir estudo t\u00e9cnico que demonstre a melhoria das condi\u00e7\u00f5es ambientais em rela\u00e7\u00e3o \u00e0 situa\u00e7\u00e3o anterior com a ado\u00e7\u00e3o das medidas nele preconizadas.<br>\u00a7 2\u00ba O estudo t\u00e9cnico mencionado no \u00a7 1\u00ba dever\u00e1 conter, no m\u00ednimo, os seguintes elementos:<br>I &#8211; caracteriza\u00e7\u00e3o da situa\u00e7\u00e3o ambiental da \u00e1rea a ser regularizada;<br>II &#8211; especifica\u00e7\u00e3o dos sistemas de saneamento b\u00e1sico;<br>III &#8211; proposi\u00e7\u00e3o de interven\u00e7\u00f5es para a preven\u00e7\u00e3o e o controle de riscos geot\u00e9cnicos e de inunda\u00e7\u00f5es;<br>IV &#8211; recupera\u00e7\u00e3o de \u00e1reas degradadas e daquelas n\u00e3o pass\u00edveis de regulariza\u00e7\u00e3o;<br>V &#8211; comprova\u00e7\u00e3o da melhoria das condi\u00e7\u00f5es de sustentabilidade urbano-ambiental, considerados o uso adequado dos recursos h\u00eddricos, a n\u00e3o ocupa\u00e7\u00e3o das \u00e1reas de risco e a prote\u00e7\u00e3o das unidades de conserva\u00e7\u00e3o, quando for o caso;<br>VI &#8211; comprova\u00e7\u00e3o da melhoria da habitabilidade dos moradores propiciada pela regulariza\u00e7\u00e3o proposta; e<br>VII &#8211; garantia de acesso p\u00fablico \u00e0s praias e aos corpos d&#8217;\u00e1gua.<br>Art. 65. Na regulariza\u00e7\u00e3o fundi\u00e1ria de interesse espec\u00edfico dos assentamentos inseridos em \u00e1rea urbana consolidada e que ocupam \u00c1reas de Preserva\u00e7\u00e3o Permanente n\u00e3o identificadas como \u00e1reas de risco, a regulariza\u00e7\u00e3o ambiental ser\u00e1 admitida por meio da aprova\u00e7\u00e3o do projeto de regulariza\u00e7\u00e3o fundi\u00e1ria, na forma da\u00a0<a href=\"https:\/\/www.planalto.gov.br\/ccivil_03\/_Ato2007-2010\/2009\/Lei\/L11977.htm\" target=\"_blank\" rel=\"noopener\">Lei n\u00ba 11.977, de 7 de julho de 2009.<br><\/a>Art. 65. Na regulariza\u00e7\u00e3o fundi\u00e1ria de interesse espec\u00edfico dos n\u00facleos urbanos informais inseridos em \u00e1rea urbana consolidada e que ocupem \u00c1reas de Preserva\u00e7\u00e3o Permanente n\u00e3o identificadas como \u00e1reas de risco, a regulariza\u00e7\u00e3o ambiental ser\u00e1 admitida por meio da aprova\u00e7\u00e3o do projeto de regulariza\u00e7\u00e3o fundi\u00e1ria, na forma da\u00a0lei espec\u00edfica de regulariza\u00e7\u00e3o fundi\u00e1ria urbana.\u00a0<a href=\"https:\/\/www.planalto.gov.br\/ccivil_03\/_Ato2015-2018\/2016\/Mpv\/mpv759.htm#art65\" target=\"_blank\" rel=\"noopener\">(Reda\u00e7\u00e3o dada pela Medida Provis\u00f3ria n\u00ba 759, de 2016)<br><\/a>Art. 65.\u00a0Na Reurb-E dos n\u00facleos urbanos informais que ocupam \u00c1reas de Preserva\u00e7\u00e3o Permanente n\u00e3o identificadas como \u00e1reas de risco, a regulariza\u00e7\u00e3o fundi\u00e1ria ser\u00e1 admitida por meio da aprova\u00e7\u00e3o do projeto de regulariza\u00e7\u00e3o fundi\u00e1ria, na forma da lei espec\u00edfica de regulariza\u00e7\u00e3o fundi\u00e1ria urbana.\u00a0<a href=\"https:\/\/www.planalto.gov.br\/ccivil_03\/_Ato2015-2018\/2017\/Lei\/L13465.htm#art82\" target=\"_blank\" rel=\"noopener\">(Reda\u00e7\u00e3o dada pela Lei n\u00ba 13.465, de 2017)<br><\/a>\u00a7 1\u00ba O processo de regulariza\u00e7\u00e3o ambiental, para fins de pr\u00e9via autoriza\u00e7\u00e3o pelo \u00f3rg\u00e3o ambiental competente, dever\u00e1 ser instru\u00eddo com os seguintes elementos:<br>\u00a7 1\u00ba O processo de regulariza\u00e7\u00e3o fundi\u00e1ria de interesse espec\u00edfico dever\u00e1 incluir estudo t\u00e9cnico que demonstre a melhoria das condi\u00e7\u00f5es ambientais em rela\u00e7\u00e3o \u00e0 situa\u00e7\u00e3o anterior e ser instru\u00eddo com os seguintes elementos:\u00a0<a href=\"https:\/\/www.planalto.gov.br\/ccivil_03\/_Ato2015-2018\/2017\/Lei\/L13465.htm#art82\" target=\"_blank\" rel=\"noopener\">(Reda\u00e7\u00e3o dada pela Lei n\u00ba 13.465, de 2017)<br><\/a>I &#8211; a caracteriza\u00e7\u00e3o f\u00edsico-ambiental, social, cultural e econ\u00f4mica da \u00e1rea;<br>II &#8211; a identifica\u00e7\u00e3o dos recursos ambientais, dos passivos e fragilidades ambientais e das restri\u00e7\u00f5es e potencialidades da \u00e1rea;<br>III &#8211; a especifica\u00e7\u00e3o e a avalia\u00e7\u00e3o dos sistemas de infraestrutura urbana e de saneamento b\u00e1sico implantados, outros servi\u00e7os e equipamentos p\u00fablicos;<br>IV &#8211; a identifica\u00e7\u00e3o das unidades de conserva\u00e7\u00e3o e das \u00e1reas de prote\u00e7\u00e3o de mananciais na \u00e1rea de influ\u00eancia direta da ocupa\u00e7\u00e3o, sejam elas \u00e1guas superficiais ou subterr\u00e2neas;<br>V &#8211; a especifica\u00e7\u00e3o da ocupa\u00e7\u00e3o consolidada existente na \u00e1rea;<br>VI &#8211; a identifica\u00e7\u00e3o das \u00e1reas consideradas de risco de inunda\u00e7\u00f5es e de movimentos de massa rochosa, tais como deslizamento, queda e rolamento de blocos, corrida de lama e outras definidas como de risco geot\u00e9cnico;<br>VII &#8211; a indica\u00e7\u00e3o das faixas ou \u00e1reas em que devem ser resguardadas as caracter\u00edsticas t\u00edpicas da \u00c1rea de Preserva\u00e7\u00e3o Permanente com a devida proposta de recupera\u00e7\u00e3o de \u00e1reas degradadas e daquelas n\u00e3o pass\u00edveis de regulariza\u00e7\u00e3o;<br>VIII &#8211; a avalia\u00e7\u00e3o dos riscos ambientais;<br>IX &#8211; a comprova\u00e7\u00e3o da melhoria das condi\u00e7\u00f5es de sustentabilidade urbano-ambiental e de habitabilidade dos moradores a partir da regulariza\u00e7\u00e3o; e<br>X &#8211; a demonstra\u00e7\u00e3o de garantia de acesso livre e gratuito pela popula\u00e7\u00e3o \u00e0s praias e aos corpos d\u2019\u00e1gua, quando couber.<br>\u00a7 2\u00ba Para fins da regulariza\u00e7\u00e3o ambiental prevista no\u00a0caput\u00a0, ao longo dos rios ou de qualquer curso d\u2019\u00e1gua, ser\u00e1 mantida faixa n\u00e3o edific\u00e1vel com largura m\u00ednima de 15 (quinze) metros de cada lado.<br>\u00a7 3\u00ba Em \u00e1reas urbanas tombadas como patrim\u00f4nio hist\u00f3rico e cultural, a faixa n\u00e3o edific\u00e1vel de que trata o \u00a7 2\u00ba poder\u00e1 ser redefinida de maneira a atender aos par\u00e2metros do ato do tombamento.<\/p><cite>ler mais<\/cite><\/blockquote><\/figure>\n\n\n\n<p>A lei previu a possibilidade de regulariza\u00e7\u00e3o fundi\u00e1ria em \u00e1reas de preserva\u00e7\u00e3o permanente, a fim de garantir que pessoas que estavam residindo em \u00e1reas inseridas em APP possam regularizar seu im\u00f3vel, sem sofrer as penalidades de demoli\u00e7\u00e3o e desocupa\u00e7\u00e3o.&nbsp;<\/p>\n\n\n\n<p>\u00c9 importante deixar claro que s\u00e3o <strong>hip\u00f3teses espec\u00edficas previstas no C\u00f3digo Florestal.<\/strong> Isso n\u00e3o significa que locais que foram indevidamente ocupados possam permanecer gerando dano ambiental.&nbsp;<\/p>\n\n\n\n<p>O Superior Tribunal de Justi\u00e7a j\u00e1 tem entendimento consolidado no sentido de que ocupa\u00e7\u00e3o de \u00e1rea de preserva\u00e7\u00e3o permanente n\u00e3o gera direito adquirido, conforme S\u00famula 613:&nbsp;<\/p>\n\n\n\n<p><em>N\u00e3o se admite a aplica\u00e7\u00e3o da teoria do fato consumado em tema de Direito Ambiental.&nbsp;<\/em><\/p>\n\n\n\n<p>O Superior Tribunal de Justi\u00e7a, tamb\u00e9m analisou no Tema 1.010 definindo que a partir da vig\u00eancia do novo C\u00f3digo Florestal, a extens\u00e3o n\u00e3o edific\u00e1vel nas \u00e1reas de preserva\u00e7\u00e3o permanente, \u00e9 aquela definida no C\u00f3digo, ou seja, de 30 (trinta) a 500 (quinhentos) metros, e n\u00e3o 15 (quinze) metros previstos na Lei n. 6.766\/79 (Parcelamento do Solo):<\/p>\n\n\n\n<figure class=\"wp-block-pullquote classe bq-small\"><blockquote><p>Tese firmada: Na vig\u00eancia do novo C\u00f3digo Florestal (Lei n. 12.651\/2012), a extens\u00e3o n\u00e3o edific\u00e1vel nas \u00c1reas de Preserva\u00e7\u00e3o Permanente de qualquer curso d&#8217;\u00e1gua, perene ou intermitente, em trechos caracterizados como \u00e1rea urbana consolidada, deve respeitar o que disciplinado pelo seu art. 4\u00ba, caput, inciso I, al\u00edneas a, b, c, d e e, a fim de assegurar a mais ampla garantia ambiental a esses espa\u00e7os territoriais especialmente protegidos e, por conseguinte, \u00e0 coletividade.<\/p><\/blockquote><\/figure>\n\n\n\n<p>Ali\u00e1s, h\u00e1 casos em que ocupa\u00e7\u00f5es irregulares geraram demoli\u00e7\u00e3o:<\/p>\n\n\n\n<figure class=\"wp-block-pullquote\"><blockquote><p>DIREITO AMBIENTAL. A\u00c7\u00c3O CIVIL P\u00daBLICA. EDIFICA\u00c7\u00c3O EM \u00c1REA DE PRESERVA\u00c7\u00c3O PERMANENTE (APP) E ZONA DE AMORTECIMENTO DE UNIDADE DE CONSERVA\u00c7\u00c3O (ESEC CARIJ\u00d3S). PRELIMINAR DE ILEGITIMIDADE ATIVA REJEITADA. OBRIGA\u00c7\u00c3O PROPTER REM. REPARA\u00c7\u00c3O INTEGRAL DO DANO AMBIENTAL. CONCESS\u00c3O EXCLUSIVA DA OBRIGA\u00c7\u00c3O DE FAZER. CUMULA\u00c7\u00c3O COM INDENIZA\u00c7\u00c3O PECUNI\u00c1RIA AFASTADA NO CASO CONCRETO. <br>[&#8230;]<br>2. O dano ambiental causado por aterro e edifica\u00e7\u00f5es em APP (manguezal e margem de curso d&#8217;\u00e1gua) restou comprovado. A obriga\u00e7\u00e3o de reparar o dano ambiental possui natureza propter rem, aderindo ao t\u00edtulo de dom\u00ednio ou posse, sendo os r\u00e9us condenados solidariamente. <strong>A condena\u00e7\u00e3o \u00e0 obriga\u00e7\u00e3o de fazer (demoli\u00e7\u00e3o, retirada de aterro e recupera\u00e7\u00e3o ambiental mediante PRAD) deve ser mantida, nos termos do Documento T\u00e9cnico n\u00ba 033\/2015 e da per\u00edcia judicial. <br><\/strong>3. Embora a jurisprud\u00eancia admita a cumula\u00e7\u00e3o da obriga\u00e7\u00e3o de fazer (recomposi\u00e7\u00e3o in natura) com a indeniza\u00e7\u00e3o pecuni\u00e1ria (por danos interinos ou residuais) para garantir a repara\u00e7\u00e3o integral, tal cumula\u00e7\u00e3o n\u00e3o \u00e9 obrigat\u00f3ria. <br>4. A senten\u00e7a, ao indeferir a indeniza\u00e7\u00e3o pecuni\u00e1ria, fundamentou-se na conclus\u00e3o de que a recupera\u00e7\u00e3o ambiental in natura ter\u00e1 o cond\u00e3o de restaurar completamente a \u00e1rea. Al\u00e9m disso, n\u00e3o restaram demonstrados outros danos reflexos que justificassem uma repara\u00e7\u00e3o tamb\u00e9m em dinheiro. A decis\u00e3o de negar a cumula\u00e7\u00e3o do pedido de indeniza\u00e7\u00e3o \u00e9 mantida, pois a repara\u00e7\u00e3o priorit\u00e1ria deve ser o retorno da natureza ao status quo ante. <br>5. Apela\u00e7\u00f5es e remessa necess\u00e1ria improvidas. (TRF4, ApRemNec 5009486-44.2016.4.04.7200, 4\u00aa Turma, Relator CARLOS EDUARDO THOMPSON FLORES LENZ, julgado em 11\/02\/2026)<\/p><cite>ler mais<\/cite><\/blockquote><\/figure>\n\n\n\n<p>Portanto, o<strong> regime jur\u00eddico em rela\u00e7\u00e3o \u00e0s \u00e1reas de preserva\u00e7\u00e3o permanente \u00e9 de evitar novas interven\u00e7\u00f5es desnecess\u00e1rias,<\/strong> cabendo responsabiliza\u00e7\u00e3o a eventuais infratores.&nbsp;<\/p>\n\n\n\n<h2 class=\"wp-block-heading\">Conclus\u00e3o&nbsp;<\/h2>\n\n\n\n<p>Este artigo discutiu as caracter\u00edsticas e o regime jur\u00eddico das \u00c1reas de Preserva\u00e7\u00e3o Permanente (APPs), conforme o C\u00f3digo Florestal. A lei define claramente essas \u00e1reas, com pouca margem para interven\u00e7\u00e3o humana, e prev\u00ea exce\u00e7\u00f5es, como a continuidade de atividades em APPs consolidadas, dependendo do tamanho do im\u00f3vel.&nbsp;<\/p>\n\n\n\n<p>O Supremo Tribunal Federal validou v\u00e1rias disposi\u00e7\u00f5es do C\u00f3digo Florestal, incluindo a autoriza\u00e7\u00e3o para atividades agrosilvipastoris e a inclus\u00e3o das APPs na Reserva Legal, desde que cumpridas as condi\u00e7\u00f5es legais.<\/p>\n\n\n\n<p>Al\u00e9m disso, o STF reafirmou a constitucionalidade da maioria dos dispositivos questionados, reconhecendo a autonomia do Congresso Nacional na regulamenta\u00e7\u00e3o do C\u00f3digo Florestal sem retroceder nas quest\u00f5es ambientais.&nbsp;<\/p>\n\n\n\n<p>A legisla\u00e7\u00e3o brasileira, especialmente a relativa \u00e0s APPs, \u00e9 uma das mais rigorosas do mundo, com mecanismos de responsabiliza\u00e7\u00e3o em caso de infra\u00e7\u00f5es, refletindo a import\u00e2ncia da prote\u00e7\u00e3o ambiental, principalmente nas \u00e1reas de preserva\u00e7\u00e3o permanente.<\/p>\n\n\n\n<h3 class=\"wp-block-heading\">Mais conhecimento para voc\u00ea<\/h3>\n\n\n\n<p>Se voc\u00ea gostou deste texto e deseja seguir a leitura em temas sobre direito e advocacia, vale a pena conferir os seguintes materiais:&nbsp;&nbsp;<\/p>\n\n\n\n<ul class=\"wp-block-list\">\n<li><a href=\"https:\/\/www.aurum.com.br\/blog\/decisao-interlocutoria\/\">Entenda o que \u00e9 a decis\u00e3o interlocut\u00f3ria, seus efeitos, tipos e recursos<\/a><\/li>\n\n\n\n<li><a href=\"https:\/\/www.aurum.com.br\/blog\/arrendamento\/\">Conhe\u00e7a o que \u00e9 arrendamento e quais s\u00e3o os tipos<\/a><\/li>\n\n\n\n<li><a href=\"https:\/\/www.aurum.com.br\/blog\/contestacao-trabalhista\/\">O que \u00e9 contesta\u00e7\u00e3o trabalhista e como fazer [+MODELO]<\/a><\/li>\n\n\n\n<li><a href=\"https:\/\/www.aurum.com.br\/blog\/investigacao-de-paternidade\/\">Tire suas principais d\u00favidas sobre investiga\u00e7\u00e3o de paternidade: quando \u00e9 cab\u00edvel, como funciona e efeitos<\/a><\/li>\n\n\n\n<li><a href=\"https:\/\/www.aurum.com.br\/blog\/plano-de-parentalidade\/\">Plano de parentalidade: Entenda o que \u00e9 e qual sua import\u00e2ncia<\/a><\/li>\n\n\n\n<li><a href=\"https:\/\/www.aurum.com.br\/blog\/cessao-de-credito\/\">Descubra o que \u00e9 a cess\u00e3o de cr\u00e9dito e como ela funciona!<\/a><\/li>\n\n\n\n<li><a href=\"https:\/\/www.aurum.com.br\/blog\/antitruste\/\">Entenda o que \u00e9 antitruste e suas principais caracter\u00edsticas<\/a><\/li>\n<\/ul>\n\n\n\n<p>Este conte\u00fado foi \u00fatil pra voc\u00ea? Conta aqui nos coment\u00e1rios \ud83d\ude09<\/p>\n\n\n<style>\r\n  .news-post {\r\n    background: url('https:\/\/www.aurum.com.br\/blog\/wp-content\/themes\/aurum\/img\/bg-news-artigo.svg') no-repeat top center #3C48AA;\r\n    padding: 1.5rem;\r\n    border-radius: 6px;\r\n    margin: 1rem 0;\r\n  }\r\n  .news-post .icone {\r\n    display: none;\r\n  }\r\n  .news-post .title {\r\n    font-weight: 700;\r\n    font-size: 16px;\r\n    line-height: 130%;\r\n    text-align: center;\r\n    letter-spacing: -0.5px;\r\n    color: #fff;\r\n    margin-bottom: .9375rem;\r\n  }\r\n  .news-post p {\r\n    font-size: .875rem;\r\n    line-height: 140%;\r\n    text-align: center;\r\n    color: #fff;\r\n    margin-bottom: 1.25rem;\r\n  }\r\n  .news-post .news_button_span {\r\n    font-size: .8125rem;\r\n    display: block;\r\n    padding: .125rem .3125rem;\r\n    color: #fff;\r\n    text-align:left;\r\n  }\r\n  .news-post .news_button_span a {\r\n    color: #fff !important;\r\n    text-decoration: underline;\r\n  }\r\n  .news-post form {\r\n    width: 100%;\r\n  }\r\n  .news-post label {\r\n    font-weight: 600;\r\n    font-size: .9375rem;\r\n    line-height: 1.5rem;\r\n    margin-bottom: .5rem;\r\n    color: #fff;\r\n    display: block;\r\n  }\r\n  .news-post input {\r\n    background: #fff;\r\n    border: 1px solid #CBCBD9;\r\n    box-sizing: border-box;\r\n    border-radius: 4px;\r\n    padding: .75rem 1rem;\r\n    width: 100%;\r\n  }\r\n  .news-post button {\r\n    margin-top: .875rem;\r\n    width: 100%;\r\n    min-width: auto;\r\n    background: #FCC632;\r\n    color: #3C48AA;\r\n  }\r\n  .news-post .input {\r\n    position: relative;\r\n    padding-bottom: 10px;\r\n  }\r\n  .news-post .error-message-ad {\r\n    font-size: .875rem;\r\n    line-height: 130%;\r\n    color: #D50021;\r\n    margin-left: 4px;\r\n  }\r\n  .news-post .error {\r\n    border: 1px solid #D50021;\r\n  }\r\n  .news-post #message-form-ad {\r\n    border-radius: 4px;\r\n    padding: 0.7rem;\r\n    font-size:0.8rem;\r\n    text-align: center;\r\n    align-items: center;\r\n    justify-content: center;\r\n    display: none;\r\n  }\r\n  .news-post #message-form-ad svg {\r\n    margin-right: 8px;\r\n  }\r\n\r\n  @media(min-width: 561px) {\r\n    .news-post {\r\n      position: relative;\r\n      background: url('https:\/\/www.aurum.com.br\/blog\/wp-content\/themes\/aurum\/img\/bg-news-artigo.svg') no-repeat top center #3C48AA;\r\n      width: calc(100% - 30px);\r\n    }\r\n    .news-post .icone {\r\n      display: block;\r\n      position: absolute;\r\n      right: -30px;\r\n      top: 65px;\r\n      max-width: 142px;\r\n      width: 100%;\r\n      height: auto;\r\n      margin: 0;\r\n    }\r\n    .news-post .title {\r\n      font-size: 1.125rem;\r\n      text-align: left;\r\n      \/* padding-right: 3.75rem; *\/\r\n    }\r\n    .news-post p {\r\n      font-size: 1rem;\r\n      text-align: left;\r\n      max-width: 400px;\r\n    }\r\n    .news-post .boxes {\r\n      display: flex;\r\n      align-items: flex-start;\r\n    }\r\n    .news-post button {\r\n      margin: 0 0 0 1rem;\r\n      width: 100%;\r\n      max-width: 170px;\r\n      min-width: auto;\r\n      transition: all ease .3s\r\n    }\r\n    .news-post button:hover {\r\n      opacity: 0.9;\r\n      transition: all ease .3s\r\n    }\r\n    .news-post #message-form-ad {\r\n      padding: 1.125rem;\r\n      font-size:1rem;\r\n    }\r\n    .news-post #message-form-ad svg {\r\n      margin-right: 10px;\r\n    }\r\n  }\r\n<\/style>\r\n\r\n<div class=\"news-post\">\r\n  <div class=\"title news-ad-title\">Gostou do artigo e quer evoluir a sua advocacia?<\/div>\r\n  <p class=\"news-ad-subtitle\">Assine gr\u00e1tis a Aurum News e receba uma dose semanal de conte\u00fado no seu e-mail! \u270c\ufe0f<\/p>\r\n  <img decoding=\"async\" src=\"https:\/\/www.aurum.com.br\/blog\/wp-content\/themes\/aurum\/img\/icon-news-artigo.svg\" alt=\"\" class=\"icone\">\r\n\r\n  <form method=\"post\" name=\"newsletter-ad\" id=\"aurum-newsletter-ad\">\r\n    <div class=boxes>\r\n      <div class=\"input\">\r\n        <label class=\"label-email\" htmlFor=\"email-ad\">Qual seu e-mail?<\/label>\r\n        <input type=\"email\" id=\"email-ad\" name=\"newsletter-mail-ad\" placeholder=\"Digite seu e-mail?\">\r\n        <div class=\"error-message-ad-email\">Endere\u00e7o de e-mail inv\u00e1lido ou incorreto<\/div>\r\n\r\n        <label class=\"label-select\" htmlFor=\"lawsuits-select-ad\">\r\n          Quantos processos voc\u00ea ou<br class=\"for-desktop\"\/> seu escrit\u00f3rio acompanham?\r\n        <\/label>\r\n        <div id=\"lawsuits-select-ad\" class=\"lawsuits-select select-wrapper\" tabindex=\"0\">\r\n          <div class=\"s-dropdown--styled\">\r\n          <span class=\"lawsuits-default\">\r\n            <span id=\"lawsuits-newsletter-ad\" class=\"lawsuits-default-text\" data-value=\"\">Selecione os processos<\/span>\r\n            <svg class=\"chevron\" xmlns=\"http:\/\/www.w3.org\/2000\/svg\" width=\"24\" height=\"25\" viewBox=\"0 0 24 25\" fill=\"none\">\r\n              <path d=\"M6 15.6152L12 9.61523L18 15.6152\" stroke=\"black\" stroke-width=\"2\" stroke-linecap=\"round\" stroke-linejoin=\"round\" \/>\r\n            <\/svg>\r\n          <\/span>\r\n\r\n          <ul class=\"s-dropdown u-hide\">\r\n            <li class=\"lawsuits\" data-value=\"Mais de 1000 processos\">Mais de 1000 processos<\/li>\r\n            <li class=\"lawsuits\" data-value=\"De 501 a 1000 processos\">De 501 a 1000 processos<\/li>\r\n            <li class=\"lawsuits\" data-value=\"De 151 a 500 processos\">De 151 a 500 processos<\/li>\r\n            <li class=\"lawsuits\" data-value=\"De 41 a 150 processos\">De 41 a 150 processos<\/li>\r\n            <li class=\"lawsuits\" data-value=\"At\u00e9 40 processos\">At\u00e9 40 processos<\/li>\r\n            <li class=\"lawsuits\" data-value=\"Atuo apenas no consultivo\">Atuo apenas no consultivo<\/li>\r\n            <li class=\"lawsuits\" data-value=\"Ainda sou estudante de direito\">Ainda sou estudante de direito<\/li>\r\n            <li class=\"lawsuits\" data-value=\"N\u00e3o sou da \u00e1rea jur\u00eddica\">N\u00e3o sou da \u00e1rea jur\u00eddica<\/li>\r\n          <\/ul>\r\n          <\/div>\r\n        <\/div>\r\n        <div class=\"error-message-ad-lawsuits\">Selecione algum processo<\/div>\r\n      <\/div>\r\n      <button class=\"btn btn-yellow ad-btn-desktop\" id=\"aurum-submit-ad\">Assinar gr\u00e1tis<\/button>\r\n      <button class=\"btn btn-yellow ad-btn-mobile\" id=\"aurum-submit-ad\">Assinar<\/button>\r\n    <\/div>\r\n    <span class=\"news_button_span\">Ao se cadastrar voc\u00ea declara que leu e aceitou a pol\u00edtica de privacidade e cookies do <a href=\"https:\/\/s3.sa-east-1.amazonaws.com\/publico.aurum.com.br\/contratos\/politica-de-privacidade.pdf\" target=\"_blank\" rel=\"noopener noreferrer\">site<\/a>.<\/span>\r\n  <\/form>\r\n  <div id=\"message-form-ad\"><\/div>\r\n<\/div>","protected":false},"excerpt":{"rendered":"<p>\u00c1rea de Preserva\u00e7\u00e3o Permanente s\u00e3o \u00e1reas protegidas, coberta ou n\u00e3o por vegeta\u00e7\u00e3o, com a fun\u00e7\u00e3o ambiental de preservar os recursos h\u00eddricos, a paisagem, a estabilidade geol\u00f3gica e a biodiversidade, facilitar o fluxo da fauna, proteger a flora e o solo. As \u00c1reas de Preserva\u00e7\u00e3o Permanente est\u00e3o previstas no C\u00f3digo Florestal (Lei 12.651\/2012) e tem como [&hellip;]<\/p>\n","protected":false},"author":87,"featured_media":24427,"comment_status":"open","ping_status":"open","sticky":false,"template":"","format":"standard","meta":{"_bbp_topic_count":0,"_bbp_reply_count":0,"_bbp_total_topic_count":0,"_bbp_total_reply_count":0,"_bbp_voice_count":0,"_bbp_anonymous_reply_count":0,"_bbp_topic_count_hidden":0,"_bbp_reply_count_hidden":0,"_bbp_forum_subforum_count":0,"inline_featured_image":false,"footnotes":""},"categories":[18],"tags":[],"class_list":["post-24426","post","type-post","status-publish","format-standard","has-post-thumbnail","hentry","category-direito-ambiental"],"acf":[],"_links":{"self":[{"href":"https:\/\/www.aurum.com.br\/blog\/wp-json\/wp\/v2\/posts\/24426","targetHints":{"allow":["GET"]}}],"collection":[{"href":"https:\/\/www.aurum.com.br\/blog\/wp-json\/wp\/v2\/posts"}],"about":[{"href":"https:\/\/www.aurum.com.br\/blog\/wp-json\/wp\/v2\/types\/post"}],"author":[{"embeddable":true,"href":"https:\/\/www.aurum.com.br\/blog\/wp-json\/wp\/v2\/users\/87"}],"replies":[{"embeddable":true,"href":"https:\/\/www.aurum.com.br\/blog\/wp-json\/wp\/v2\/comments?post=24426"}],"version-history":[{"count":7,"href":"https:\/\/www.aurum.com.br\/blog\/wp-json\/wp\/v2\/posts\/24426\/revisions"}],"predecessor-version":[{"id":35069,"href":"https:\/\/www.aurum.com.br\/blog\/wp-json\/wp\/v2\/posts\/24426\/revisions\/35069"}],"wp:featuredmedia":[{"embeddable":true,"href":"https:\/\/www.aurum.com.br\/blog\/wp-json\/wp\/v2\/media\/24427"}],"wp:attachment":[{"href":"https:\/\/www.aurum.com.br\/blog\/wp-json\/wp\/v2\/media?parent=24426"}],"wp:term":[{"taxonomy":"category","embeddable":true,"href":"https:\/\/www.aurum.com.br\/blog\/wp-json\/wp\/v2\/categories?post=24426"},{"taxonomy":"post_tag","embeddable":true,"href":"https:\/\/www.aurum.com.br\/blog\/wp-json\/wp\/v2\/tags?post=24426"}],"curies":[{"name":"wp","href":"https:\/\/api.w.org\/{rel}","templated":true}]}}