{"id":24245,"date":"2023-08-18T18:14:00","date_gmt":"2023-08-18T21:14:00","guid":{"rendered":"https:\/\/www.aurum.com.br\/blog\/?p=24245"},"modified":"2023-08-25T13:22:57","modified_gmt":"2023-08-25T16:22:57","slug":"tratados-internacionais","status":"publish","type":"post","link":"https:\/\/www.aurum.com.br\/blog\/tratados-internacionais\/","title":{"rendered":"Tratados Internacionais: Compreenda o que s\u00e3o, tipos e quais seus efeitos"},"content":{"rendered":"<div id=\"bsf_rt_marker\"><\/div>\n<pre class=\"wp-block-preformatted\">Os <strong>tratados internacionais<\/strong>, em seu sentido amplo, referem-se a acordos formais celebrados entre sujeitos de direito internacional p\u00fablico com o objetivo de estabelecer efeitos jur\u00eddicos.<\/pre>\n\n\n\n<p>Voc\u00ea j\u00e1 parou para refletir sobre como os pa\u00edses do mundo se relacionam e lidam com quest\u00f5es de interesse comum, como o meio ambiente, o com\u00e9rcio internacional ou os direitos humanos? Como eles estabelecem regras e normas para promover a coopera\u00e7\u00e3o e resolver desafios globais? A resposta est\u00e1 nos tratados internacionais.<\/p>\n\n\n\n<p>Contemporaneamente, a maioria das normas do Direito Internacional encontra-se consagrada nos tratados, que s\u00e3o documentos legais que cont\u00eam normas escritas, precisas e facilmente invoc\u00e1veis.&nbsp;<\/p>\n\n\n\n<p>Esses tratados<strong> oferecem maior clareza, certeza, seguran\u00e7a e estabilidade \u00e0s rela\u00e7\u00f5es internacionais.<\/strong> Al\u00e9m disso, refletem diretamente a vontade dos atores internacionais, conferindo maior legitimidade e representatividade aos anseios da sociedade internacional.&nbsp;&nbsp;<\/p>\n\n\n\n<p>Neste texto, exploraremos os aspectos fundamentais desses acordos, respondendo a perguntas como: o que s\u00e3o tratados internacionais, quais s\u00e3o os tipos, como se d\u00e1 o processo de elabora\u00e7\u00e3o, quais s\u00e3o as condi\u00e7\u00f5es de validade e os efeitos resultantes desses tratados, bem como as formas de suspens\u00e3o e extin\u00e7\u00e3o.&nbsp;<\/p>\n\n\n\n<p>Se voc\u00ea est\u00e1 interessado em compreender melhor sobre como os pa\u00edses se unem para enfrentar os desafios globais e estabelecer normas compartilhadas, este texto \u00e9 para voc\u00ea. <\/p>\n\n\n\n<p>Por isso, continue a leitura para saber mais! \ud83d\ude09<\/p>\n\n\n\n<h2 class=\"wp-block-heading\">O que \u00e9 um tratado internacional?<\/h2>\n\n\n\n<p>Os tratados internacionais <strong>s\u00e3o acordos formais e escritos, estabelecidos entre Estados e organiza\u00e7\u00f5es internacionais<\/strong>, de acordo com o Direito Internacional P\u00fablico. Seu prop\u00f3sito \u00e9 criar obriga\u00e7\u00f5es jur\u00eddicas e regular quest\u00f5es de interesse m\u00fatuo.&nbsp;<\/p>\n\n\n\n<p>Esses tratados s\u00e3o instrumentos fundamentais nas rela\u00e7\u00f5es internacionais, proporcionando uma estrutura legal para a coordena\u00e7\u00e3o e implementa\u00e7\u00e3o de a\u00e7\u00f5es conjuntas em prol do bem comum.&nbsp;<\/p>\n\n\n\n<p>A defini\u00e7\u00e3o de tratado \u00e9 baseada na <a href=\"https:\/\/www.planalto.gov.br\/ccivil_03\/_ato2007-2010\/2009\/decreto\/d7030.htm\" target=\"_blank\" rel=\"noopener\">Conven\u00e7\u00e3o de Viena sobre o Direito dos Tratados de 1969<\/a>, que estabelece que um tratado \u00e9 um acordo internacional conclu\u00eddo por escrito entre Estados, regido pelo Direito Internacional.&nbsp;<\/p>\n\n\n\n<p>Posteriormente, a Conven\u00e7\u00e3o de Viena sobre o Direito dos Tratados entre Estados e Organiza\u00e7\u00f5es Internacionais ou entre Organiza\u00e7\u00f5es Internacionais, de 1986, reconheceu explicitamente a capacidade das organiza\u00e7\u00f5es internacionais de celebrar tratados.&nbsp;<\/p>\n\n\n\n<p>Por se tratarem de instrumentos formais criados pela vontade convergente das partes envolvidas, possuem car\u00e1ter vinculante quando consentidos por esses sujeitos.&nbsp;<\/p>\n\n\n\n<p>Eles devem ser escritos, embora a Conven\u00e7\u00e3o de Viena tamb\u00e9m admita a possibilidade de acordos orais. S\u00e3o regidos pelo Direito Internacional P\u00fablico e devem obedecer aos procedimentos formais e \u00e0s normas estabelecidas na pr\u00e1tica internacional.&nbsp;<\/p>\n\n\n\n<p>\u00c9 importante destacar que os tratados n\u00e3o podem violar normas de <em>jus cogens (<\/em>normas imperativas de direito internacional), nem princ\u00edpios gerais de direito. Al\u00e9m disso, eles podem ser compostos por um ou mais instrumentos, como anexos e protocolos adicionais, que t\u00eam a finalidade de regular situa\u00e7\u00f5es espec\u00edficas.&nbsp;<\/p>\n\n\n\n<p>Os tratados possuem efeitos jur\u00eddicos, podendo criar, modificar ou extinguir direitos e obriga\u00e7\u00f5es, e o descumprimento desses tratados pode resultar em san\u00e7\u00f5es. Uma vez que entram em vigor, os tratados vinculam as partes tanto no \u00e2mbito internacional quanto no dom\u00e9stico.&nbsp;<\/p>\n\n\n\n<p>Atualmente, a maioria das normas do Direito Internacional \u00e9 consagrada em tratados, os quais proporcionam maior clareza, seguran\u00e7a e estabilidade \u00e0s rela\u00e7\u00f5es internacionais. Al\u00e9m disso, esses acordos refletem a vontade dos atores internacionais e promovem a coopera\u00e7\u00e3o global.&nbsp;<\/p>\n\n\n\n<figure class=\"wp-block-embed is-type-video is-provider-youtube wp-block-embed-youtube wp-embed-aspect-16-9 wp-has-aspect-ratio\"><div class=\"wp-block-embed__wrapper\">\n<iframe title=\"AGU Explica - Supralegalidade dos Tratados Internacionais\" width=\"500\" height=\"281\" src=\"https:\/\/www.youtube.com\/embed\/TEEMJ534uVQ?feature=oembed\" frameborder=\"0\" allow=\"accelerometer; autoplay; clipboard-write; encrypted-media; gyroscope; picture-in-picture; web-share\" referrerpolicy=\"strict-origin-when-cross-origin\" allowfullscreen><\/iframe>\n<\/div><\/figure>\n\n\n\n<h2 class=\"wp-block-heading\">Quais s\u00e3o os tipos de tratados internacionais?<\/h2>\n\n\n\n<p>Os tratados internacionais podem ser classificados de acordo com seu n\u00famero de partes envolvidas, tema e alcance geogr\u00e1fico.&nbsp;<\/p>\n\n\n\n<p>Existem diferentes tipos de tratados internacionais, incluindo<strong> tratados bilaterais (entre dois Estados), tratados multilaterais (envolvendo tr\u00eas ou mais Estados), tratados regionais (entre Estados de uma determinada regi\u00e3o geogr\u00e1fica)<\/strong>, entre outros.&nbsp;<\/p>\n\n\n\n<p>Al\u00e9m disso, existem tratados tem\u00e1ticos, que abrangem \u00e1reas como direitos humanos, meio ambiente, com\u00e9rcio internacional, seguran\u00e7a etc.&nbsp;<\/p>\n\n\n\n<p>A nomenclatura atribu\u00edda aos tratados tamb\u00e9m \u00e9 bastante ampla e variada. Embora n\u00e3o exista uma imposi\u00e7\u00e3o estrita quanto ao uso de uma ou outra denomina\u00e7\u00e3o, diferentes termos s\u00e3o utilizados, como acordo, conven\u00e7\u00e3o, estatuto, pacto, carta, declara\u00e7\u00e3o, protocolo etc. Assim, temos:<\/p>\n\n\n\n<h3 class=\"wp-block-heading\">Conven\u00e7\u00e3o<\/h3>\n\n\n\n<p>Esse termo \u00e9 utilizado para designar acordos multilaterais que estabelecem normas gerais para regular temas de interesse da comunidade internacional como um todo. Exemplos de conven\u00e7\u00f5es incluem a Conven\u00e7\u00e3o sobre Diversidade Biol\u00f3gica, a Conven\u00e7\u00e3o de Viena sobre o Direito dos Tratados e a Conven\u00e7\u00e3o de Viena sobre Rela\u00e7\u00f5es Diplom\u00e1ticas.<\/p>\n\n\n\n<h3 class=\"wp-block-heading\">Acordo<\/h3>\n\n\n\n<p>Esse termo \u00e9 usado para tratar de tratados de natureza econ\u00f4mico-comercial. Alguns exemplos de acordos incluem o Acordo Geral sobre Tarifas e Com\u00e9rcio (GATT) e o Acordo sobre Aspectos dos Direitos de Propriedade Intelectual relacionados ao com\u00e9rcio (TRIPS).<\/p>\n\n\n\n<h3 class=\"wp-block-heading\">Carta<\/h3>\n\n\n\n<p>Utilizado para designar tratados constitutivos de certas organiza\u00e7\u00f5es internacionais. Exemplos not\u00e1veis s\u00e3o a Carta da ONU (Organiza\u00e7\u00e3o das Na\u00e7\u00f5es Unidas) e a Carta da OEA (Organiza\u00e7\u00e3o dos Estados Americanos).&nbsp;&nbsp;<\/p>\n\n\n\n<h3 class=\"wp-block-heading\">Estatuto<\/h3>\n\n\n\n<p>Termo \u00e9 usado para designar tratados constitutivos de tribunais internacionais. Exemplos significativos s\u00e3o o Estatuto da Corte Internacional de Justi\u00e7a (CIJ) e o Estatuto de Roma do Tribunal Penal Internacional (TPI).<\/p>\n\n\n\n<h3 class=\"wp-block-heading\">Pacto&nbsp;<\/h3>\n\n\n\n<p>Esses tratados possuem grande import\u00e2ncia pol\u00edtica e regulamentam uma mat\u00e9ria espec\u00edfica. Exemplos de pactos incluem o Pacto Internacional dos Direitos Civis e Pol\u00edticos e o Pacto Internacional dos Direitos Econ\u00f4micos, Sociais e Culturais.<\/p>\n\n\n\n<h3 class=\"wp-block-heading\">Declara\u00e7\u00e3o<\/h3>\n\n\n\n<p>Esse termo \u00e9 usado para tratados que estabelecem princ\u00edpios ou regras que refletem uma posi\u00e7\u00e3o pol\u00edtica comum dos Estados sobre quest\u00f5es espec\u00edficas.&nbsp;<\/p>\n\n\n\n<p>Embora &#8220;declara\u00e7\u00e3o&#8221; seja um nome aplic\u00e1vel a tratados, a Declara\u00e7\u00e3o Universal dos Direitos Humanos de 1948 <strong>n\u00e3o \u00e9 um tratado internacional, mas sim uma resolu\u00e7\u00e3o de uma organiza\u00e7\u00e3o internacional.&nbsp;<\/strong><\/p>\n\n\n\n<p>No entanto, \u00e9 importante destacar que isso n\u00e3o retira a for\u00e7a normativa da Declara\u00e7\u00e3o Universal dos Direitos Humanos de 1948.<\/p>\n\n\n\n<h3 class=\"wp-block-heading\">Protocolo<\/h3>\n\n\n\n<p>Utilizado para designar tratados que est\u00e3o relacionados a um tratado anterior. Um exemplo \u00e9 o Protocolo de Kyoto, que est\u00e1 vinculado \u00e0 Conven\u00e7\u00e3o-Quadro das Na\u00e7\u00f5es Unidas sobre Mudan\u00e7a do Clima.<\/p>\n\n\n\n<p>Existem ainda dois tipos de tratados que recebem uma denomina\u00e7\u00e3o espec\u00edfica: os acordos de sede e as concordatas.&nbsp;<\/p>\n\n\n\n<p>Os primeiros s\u00e3o acordos bilaterais celebrados entre um Estado e uma organiza\u00e7\u00e3o internacional, nos quais o Estado autoriza a instala\u00e7\u00e3o da sede da organiza\u00e7\u00e3o em seu territ\u00f3rio.&nbsp;<\/p>\n\n\n\n<p>J\u00e1 as concordatas s\u00e3o celebradas pela Santa S\u00e9, a institui\u00e7\u00e3o que representa a Igreja Cat\u00f3lica. Esses tratados possuem nomenclaturas distintas e s\u00e3o reconhecidos como acordos especiais devido \u00e0 sua natureza espec\u00edfica.<\/p>\n\n\n\n<style>\n    #adpost-block_fbf6b62eb2f8a3bedd54d4429cd19704.anuncio-post-reverse {\n        display: flex;\n        gap: 24px;\n        border-radius: 8px;\n        width: 100%;\n        max-width: 752px;\n        padding: 40px;\n        background: #e7f4fe;\n        margin: 16px auto;\n    }\n\n    #adpost-block_fbf6b62eb2f8a3bedd54d4429cd19704 .anuncio-container {\n        display: flex;\n        flex-direction: column;\n        gap: 24px;\n        width: 100%;\n        max-width: 333px;\n    }\n\n    #adpost-block_fbf6b62eb2f8a3bedd54d4429cd19704 .anuncio-container .logo {\n        width: 100%;\n        max-width: 177px;\n        margin: 0;\n    }\n\n    #adpost-block_fbf6b62eb2f8a3bedd54d4429cd19704 .anuncio-text-container {\n        display: flex;\n        flex-direction: column;\n        gap: 24px;\n    }\n\n    #adpost-block_fbf6b62eb2f8a3bedd54d4429cd19704 .anuncio-text-container .title {\n        font-family: 'Ubuntu';\n        font-size: 1.5rem; \/\/24px\n        font-weight: 700;\n        line-height: 120%;\n        margin: 0;\n        color: #000;\n    }\n\n    #adpost-block_fbf6b62eb2f8a3bedd54d4429cd19704 .anuncio-text-container .text {\n        font-size: 0.875rem;\n        font-weight: 400;\n        line-height: 170%;\n        color: #000;\n    }\n\n    #adpost-block_fbf6b62eb2f8a3bedd54d4429cd19704 .anuncio-container .button {\n        display: inline-flex;\n        align-items: center;\n        justify-content: center;\n        width: fit-content;\n        height: 48px;\n        border-radius: 8px;\n        padding: 12px 24px;\n        font-size: 1rem;\n        font-weight: 600;\n        text-decoration: none;\n        background: #008fd5;\n        color: #fff;\n    }\n\n    #adpost-block_fbf6b62eb2f8a3bedd54d4429cd19704 .image-container {\n        position: relative;\n        width: 100%;\n        height: 100%;\n    }\n\n    #adpost-block_fbf6b62eb2f8a3bedd54d4429cd19704 .image-container.float {\n        min-height: 236px;\n    }\n\n    #adpost-block_fbf6b62eb2f8a3bedd54d4429cd19704 .image-container .image-desktop {\n        width: 100%;\n        max-width: 323px;\n        object-fit: contain;\n        margin: 0;\n    }\n\n    #adpost-block_fbf6b62eb2f8a3bedd54d4429cd19704 .image-container .image-mobile {\n        display: none;\n        width: 100%;\n        max-width: 291px;\n        object-fit: contain;\n        margin: 0;\n    }\n\n    #adpost-block_fbf6b62eb2f8a3bedd54d4429cd19704 .image-container.float .image-desktop,\n    #adpost-block_fbf6b62eb2f8a3bedd54d4429cd19704 .image-container.float .image-mobile {\n        position: absolute;\n        right: 0;\n        bottom: 0;\n    }\n\n    #adpost-block_fbf6b62eb2f8a3bedd54d4429cd19704 .image-container img {\n        border-radius: 8px;\n    }\n\n    \/************\n    * MOBILE \n    *************\/\n    @media (max-width: 1439px) {\n        #adpost-block_fbf6b62eb2f8a3bedd54d4429cd19704.anuncio-post-reverse {\n            flex-direction: column-reverse;\n            max-width: fit-content;\n            padding: 24px;\n        }\n\n        #adpost-block_fbf6b62eb2f8a3bedd54d4429cd19704 .anuncio-container {\n            max-width: 280px;\n            align-items: center;\n        }\n\n        #adpost-block_fbf6b62eb2f8a3bedd54d4429cd19704 .anuncio-container .logo {\n            max-width: 147px;\n        }\n\n        #adpost-block_fbf6b62eb2f8a3bedd54d4429cd19704 .anuncio-text-container {\n            gap: 8px;\n        }\n\n        #adpost-block_fbf6b62eb2f8a3bedd54d4429cd19704 .anuncio-text-container .title {\n            font-size: 1.25rem;\n            text-align: center;\n        }\n\n        #adpost-block_fbf6b62eb2f8a3bedd54d4429cd19704 .anuncio-text-container .text {\n            text-align: center;\n        }\n\n        #adpost-block_fbf6b62eb2f8a3bedd54d4429cd19704 .anuncio-container .button {\n            width: 100%;\n        }\n\n        #adpost-block_fbf6b62eb2f8a3bedd54d4429cd19704 .image-container.float {\n            min-height: 182px;\n        }\n\n        #adpost-block_fbf6b62eb2f8a3bedd54d4429cd19704 .image-container .image-desktop {\n            display: none;\n        }\n\n        #adpost-block_fbf6b62eb2f8a3bedd54d4429cd19704 .image-container .image-mobile {\n            display: block;\n        }\n    }\n\n    \/*******************\n    * RESET GLOBAL CSS \n    ********************\/\n    #s-post main article .content .image-container img {\n        margin: 0;\n    }\n<\/style>\n\n\n<article id=\"adpost-block_fbf6b62eb2f8a3bedd54d4429cd19704\" class=\"anuncio-post-reverse\">\n    <div class=\"anuncio-container\">\n        \n        <div class=\"anuncio-text-container\">\n             <h3 class=\"title\" >Seja protagonista da sua advocacia com o Astrea<\/h3>\n            <div class=\"text\" >Tenha tempo para focar no crescimento do seu escrit\u00f3rio, enquanto o Astrea cuida da sua gest\u00e3o jur\u00eddica com intelig\u00eancia.<\/div>        <\/div>\n       \n        <a class=\"button\" href=\"\/astrea\/?utm_source=blog&#038;utm_medium=adpost&#038;utm_campaign=campanha-marca-2026\" target=\"_self\">Conhe\u00e7a o Astrea<\/a>    <\/div>\n\n    <div class=\"image-container\">\n        <img decoding=\"async\" class=\"image-desktop\" src=\"https:\/\/www.aurum.com.br\/blog\/wp-content\/uploads\/2026\/03\/adpos-posicionamento-2026-desktop.png\" alt=\"\" \/>\n        <img decoding=\"async\" class=\"image-mobile\" src=\"https:\/\/www.aurum.com.br\/blog\/wp-content\/uploads\/2026\/03\/adpost-posicionamento-2026-mobile.png\" alt=\"\" \/>    <\/div>\n<\/article>\n\n\n<h2 class=\"wp-block-heading\">Como \u00e9 o processo de elabora\u00e7\u00e3o dos Tratados Internacionais?<\/h2>\n\n\n\n<p>Os tratados internacionais seguem um processo de elabora\u00e7\u00e3o que deve ser cumprido para garantir sua validade e efic\u00e1cia. Esse processo e<strong>nvolve etapas tanto internacionais quanto internas.<\/strong>&nbsp;<\/p>\n\n\n\n<p>O cumprimento adequado das etapas necess\u00e1rias para a prepara\u00e7\u00e3o do tratado \u00e9 essencial para que ele seja v\u00e1lido e tenha efeitos legais para os Estados, organiza\u00e7\u00f5es internacionais ou outros sujeitos de direito internacional envolvidos.&nbsp;<\/p>\n\n\n\n<p>Cabe a cada Estado determinar o procedimento de incorpora\u00e7\u00e3o do tratado em sua ordem jur\u00eddica interna, enquanto as etapas internacionais s\u00e3o estabelecidas pelo Direito Internacional.&nbsp;<\/p>\n\n\n\n<p>\u00c9 importante ressaltar que <strong>a entrada em vigor dos tratados geralmente ocorre em momentos diferentes no \u00e2mbito internacional e interno.<\/strong> Em geral, no \u00e2mbito internacional, podemos apontar as seguintes fases:<\/p>\n\n\n\n<h3 class=\"wp-block-heading\">1- Negocia\u00e7\u00e3o e Ado\u00e7\u00e3o<\/h3>\n\n\n\n<p>S\u00e3o as etapas iniciais do processo de elabora\u00e7\u00e3o de um tratado internacional. Durante a negocia\u00e7\u00e3o, as partes envolvidas identificam um assunto de interesse m\u00fatuo e iniciam as discuss\u00f5es sobre os termos do tratado.<\/p>\n\n\n\n<p>&nbsp;Ap\u00f3s as negocia\u00e7\u00f5es, o texto final do tratado \u00e9 formalmente adotado pelas partes. Essa ado\u00e7\u00e3o pode ocorrer por meio de uma resolu\u00e7\u00e3o, declara\u00e7\u00e3o conjunta ou outro ato formal.&nbsp;<\/p>\n\n\n\n<p>Nessa etapa, as partes concordam com o conte\u00fado do tratado e expressam sua inten\u00e7\u00e3o de se vincularem \u00e0s suas disposi\u00e7\u00f5es. \u00c9 um momento crucial em que o consenso \u00e9 alcan\u00e7ado e as bases do tratado s\u00e3o estabelecidas.<\/p>\n\n\n\n<h3 class=\"wp-block-heading\">2- Assinatura<\/h3>\n\n\n\n<p>\u00c9 um ato cerimonial que simboliza o compromisso inicial das partes em rela\u00e7\u00e3o ao tratado. \u00c9 importante ressaltar que a assinatura por si s\u00f3 n\u00e3o torna o tratado vinculante, mas indica a inten\u00e7\u00e3o das partes de prosseguir com o processo de ratifica\u00e7\u00e3o.&nbsp;<\/p>\n\n\n\n<p>Durante a assinatura, os negociadores, ao concordarem com os termos do tratado e autenticarem seu texto, formalizam o encerramento da etapa inicial e demonstram sua concord\u00e2ncia com o conte\u00fado do acordo, encaminhando-o para as etapas subsequentes do processo de forma\u00e7\u00e3o do tratado.&nbsp;<\/p>\n\n\n\n<p>\u00c9 comum que a assinatura de um tratado receba ampla aten\u00e7\u00e3o da sociedade, como se os dispositivos do tratado j\u00e1 tivessem efeitos legais imediatos. No entanto, em regra, a efic\u00e1cia do tratado depende de atos posteriores.<\/p>\n\n\n\n<h3 class=\"wp-block-heading\">3- Ratifica\u00e7\u00e3o<\/h3>\n\n\n\n<p>\u00c9 o processo pelo qual um Estado estabelece, no plano internacional, seu consentimento em se vincular por um tratado, conforme definido pela Conven\u00e7\u00e3o de Viena sobre Direito dos Tratados (art. 2\u00ba, I, b).&nbsp;<\/p>\n\n\n\n<p>A ratifica\u00e7\u00e3o marca o momento em que o acordo entra em vigor na ordem internacional. No entanto, \u00e9 importante destacar que nem todos os tratados entram em vigor imediatamente ap\u00f3s a ratifica\u00e7\u00e3o, uma vez que algumas disposi\u00e7\u00f5es podem estabelecer per\u00edodos de transi\u00e7\u00e3o ou condi\u00e7\u00f5es espec\u00edficas para sua aplica\u00e7\u00e3o.&nbsp;<\/p>\n\n\n\n<p>A ratifica\u00e7\u00e3o \u00e9 um passo crucial para a efetiva\u00e7\u00e3o do tratado e representa o compromisso do Estado em cumprir suas obriga\u00e7\u00f5es conforme estipulado no acordo.<\/p>\n\n\n\n<h3 class=\"wp-block-heading\">4- Registro e Publicidade<\/h3>\n\n\n\n<p>A Carta da ONU estabelece que todo tratado conclu\u00eddo por um Estado membro deve ser registrado e publicado pelo Secretariado-Geral da Organiza\u00e7\u00e3o (art. 102), a fim de que possa ser invocado perante os \u00f3rg\u00e3os das Na\u00e7\u00f5es Unidas.&nbsp;<\/p>\n\n\n\n<p>O registro tem como objetivo consolidar as normas do Direito Internacional e dar publicidade aos tratados para a sociedade internacional. No entanto, \u00e9 importante destacar que, na pr\u00e1tica, os tratados podem entrar em vigor independentemente do registro, conforme inferido pela pr\u00f3pria Carta da ONU (art. 102) e pela Conven\u00e7\u00e3o de Viena de 1969 (art. 80).&nbsp;<\/p>\n\n\n\n<p>Assim, os tratados n\u00e3o requerem aprova\u00e7\u00e3o das Na\u00e7\u00f5es Unidas para entrar em vigor. O registro \u00e9 um ato posterior que tem como finalidade facilitar a invoca\u00e7\u00e3o do tratado perante os \u00f3rg\u00e3os da ONU e garantir sua ampla divulga\u00e7\u00e3o.<\/p>\n\n\n\n<p>\u00c9 essencial destacar que as fases mencionadas representam uma vis\u00e3o geral do processo de elabora\u00e7\u00e3o de um tratado internacional, por\u00e9m, cada tratado pode apresentar particularidades espec\u00edficas em cada uma dessas etapas.&nbsp;<\/p>\n\n\n\n<p>Cada acordo \u00e9 \u00fanico e pode exigir abordagens distintas em termos de negocia\u00e7\u00e3o, ado\u00e7\u00e3o, assinatura, ratifica\u00e7\u00e3o e entrada em vigor.<\/p>\n\n\n\n<h2 class=\"wp-block-heading\">Condi\u00e7\u00f5es de Validade e Efeitos dos Tratados Internacionais<\/h2>\n\n\n\n<p>Em paralelo ao processo de elabora\u00e7\u00e3o, para que um tratado possa existir e ser efetivo na sociedade internacional, \u00e9 necess\u00e1rio cumprir certas condi\u00e7\u00f5es, conforme estabelecido nos artigos 46 a 53 da Conven\u00e7\u00e3o de Viena de 1969. Essas condi\u00e7\u00f5es incluem:&nbsp;<\/p>\n\n\n\n<ul class=\"wp-block-list\">\n<li>Capacidade das partes;&nbsp;<\/li>\n\n\n\n<li>Habilita\u00e7\u00e3o e seus representantes;&nbsp;<\/li>\n\n\n\n<li>Objeto l\u00edcito e poss\u00edvel;<\/li>\n\n\n\n<li>Consentimento regular;<\/li>\n\n\n\n<li>al\u00e9m das condi\u00e7\u00f5es gerais de validade dos neg\u00f3cios jur\u00eddicos.&nbsp;&nbsp;<\/li>\n<\/ul>\n\n\n\n<h3 class=\"wp-block-heading\">Capacidade das partes contratantes<\/h3>\n\n\n\n<p>Tradicionalmente, a conclus\u00e3o de tratados era reservada apenas aos Estados soberanos, por extens\u00e3o a Santa S\u00e9, e as organiza\u00e7\u00f5es internacionais com personalidade jur\u00eddica internacional.<\/p>\n\n\n\n<p>No entanto, outros sujeitos tamb\u00e9m podem celebrar tratados em determinadas situa\u00e7\u00f5es, como beligerantes, insurgentes, blocos regionais e o Comit\u00ea internacional da Cruz Vermelha, al\u00e9m de algumas unidades subnacionais, em circunst\u00e2ncias excepcionais.&nbsp;<\/p>\n\n\n\n<h3 class=\"wp-block-heading\">Habilita\u00e7\u00e3o e seus representantes<\/h3>\n\n\n\n<p>O art. 7\u00ba da Conven\u00e7\u00e3o de Viena sobre Direito dos Tratados, estabelece que chefes de Estado, de governo e os ministros das rela\u00e7\u00f5es exteriores podem concluir um tratado sem a necessidade da Carta de Plenos Poderes.&nbsp;<\/p>\n\n\n\n<p>No entanto, em outros casos, \u00e9 necess\u00e1rio que \u00f3rg\u00e3os competentes do ordenamento interno de cada Estado, conduzam o processo adequadamente. \u00c9 suficiente que as partes envolvidas tenham conhecimento dos \u00f3rg\u00e3os respons\u00e1veis por formular os atos necess\u00e1rios para express\u00e3o de consentimento estatal.&nbsp;<\/p>\n\n\n\n<p>No Brasil, a Constitui\u00e7\u00e3o Federal atribui \u00e0 Uni\u00e3o a responsabilidade pela conclus\u00e3o de tratados, estabelecendo que cabe a ela &#8220;manter rela\u00e7\u00f5es com Estados estrangeiros e participar de organiza\u00e7\u00f5es internacionais&#8221; (Artigo 21, Inciso I).<\/p>\n\n\n\n<h3 class=\"wp-block-heading\">Objeto l\u00edcito e poss\u00edvel<\/h3>\n\n\n\n<p>Os tratados devem ter um objeto l\u00edcito e poss\u00edvel, evitando violar normas internacionais existentes. Isso inclui n\u00e3o infringir normas de <em>jus cogens<\/em>, como a proibi\u00e7\u00e3o da guerra de conquista e o direito \u00e0 exist\u00eancia dos Estados.&nbsp;<\/p>\n\n\n\n<p>Tratados regionais n\u00e3o devem entrar em conflito com regras universais, mas podem complement\u00e1-las, levando em conta peculiaridades locais.&nbsp;<\/p>\n\n\n\n<p>O art. 53 da Conven\u00e7\u00e3o de Viena sobre o Direito dos Tratados prev\u00ea que <strong>\u00e9 nulo um tratado que, no momento de sua conclus\u00e3o, conflite com uma norma imperativa de Direito Internacional Geral.&nbsp;<\/strong><\/p>\n\n\n\n<h3 class=\"wp-block-heading\">Consentimento Regular<\/h3>\n\n\n\n<p>No Direito Internacional, a validade dos tratados depende do consentimento dos signat\u00e1rios, uma vez que a vontade \u00e9 um dos fundamentos essenciais. No entanto, \u00e9 crucial que esse consentimento seja livre de v\u00edcios ou distor\u00e7\u00f5es, garantindo que o tratado reflita os leg\u00edtimos interesses das partes envolvidas.&nbsp;<\/p>\n\n\n\n<p>No que tange aos efeitos dos tratados internacionais entre as partes e para terceiros, podemos dizer que ao serem internacionalizados pelos pa\u00edses que o celebraram, o tratado passa a ter estatura hier\u00e1rquica de uma lei nacional.&nbsp;<\/p>\n\n\n\n<p>Apesar de inicialmente s\u00f3 criarem obriga\u00e7\u00f5es e direitos para as partes que os celebraram<em>, <\/em>existem hip\u00f3teses em que os tratados operam como normas sobre terceiros determinados, quer no sentido de conferir-lhes direitos, quer no sentido de obrig\u00e1-los. Francisco Rezek classifica os efeitos dos tratados da seguinte forma:<\/p>\n\n\n\n<h4 class=\"wp-block-heading\">Efeito difuso<\/h4>\n\n\n\n<p>As situa\u00e7\u00f5es jur\u00eddicas objetivas. Se um acordo de permuta territorial entre dois Estados modifica o curso da linha lim\u00edtrofe que os separa, esta nova situa\u00e7\u00e3o jur\u00eddica objetiva se imp\u00f5e aos outros Estados, ainda que somente para que os outros se inteirem da correta cartografia da regi\u00e3o.<\/p>\n\n\n\n<h4 class=\"wp-block-heading\">Efeito aparente<\/h4>\n\n\n\n<p>A cl\u00e1usula da na\u00e7\u00e3o mais favorecida ocorre quando um terceiro Estado sofre consequ\u00eancias diretas de um tratado, normalmente bilateral, por for\u00e7a do disposto em tratado anterior, que o vincule a uma das partes.&nbsp;<\/p>\n\n\n\n<p>Por exemplo, os Estados X e Y celebram tratados de com\u00e9rcio em que se concedem favores m\u00fatuos, cada um prometendo gravar os produtos origin\u00e1rios do outro com uma al\u00edquota privilegiada do imposto de importa\u00e7\u00e3o.<\/p>\n\n\n\n<h4 class=\"wp-block-heading\">Previs\u00e3o convencional de direitos para terceiros<\/h4>\n\n\n\n<p>A Conven\u00e7\u00e3o de Viena estipula, no art. 36, que mesmo a cria\u00e7\u00e3o de direitos para um terceiro reclama o consentimento deste, mas lembra que o sil\u00eancio faz presumir aquiesc\u00eancia.<\/p>\n\n\n\n<h4 class=\"wp-block-heading\">Previs\u00e3o convencional de obriga\u00e7\u00f5es para terceiros<\/h4>\n\n\n\n<p>De acordo com o art. 35 da Conven\u00e7\u00e3o de Viena sobre Direito dos Tratados, um tratado s\u00f3 obriga um terceiro Estado se as partes no tratado t\u00eam a inten\u00e7\u00e3o de criar a obriga\u00e7\u00e3o por meio dessa disposi\u00e7\u00e3o, e o terceiro Estado aceita expressamente por escrito.&nbsp;<\/p>\n\n\n\n<p>A exist\u00eancia dos tratados que produzem efeitos para todos os Estados, e n\u00e3o s\u00f3 para os Estados-partes, j\u00e1 n\u00e3o \u00e9 contest\u00e1vel. Um bom exemplo de tratado que produz efeitos para terceiros \u00e9 a Carta da ONU, como prova o art. 2\u00ba, \u00a76\u00ba:&nbsp;<\/p>\n\n\n\n<blockquote class=\"wp-block-quote is-layout-flow wp-block-quote-is-layout-flow\">\n<p><em>A Organiza\u00e7\u00e3o far\u00e1 com que os Estados que n\u00e3o s\u00e3o membros das Na\u00e7\u00f5es Unidas ajam de acordo com esses princ\u00edpios em tudo quanto for necess\u00e1rio \u00e0 manuten\u00e7\u00e3o da paz e da seguran\u00e7a internacionais (&#8230;)\u201d.&nbsp;<\/em><\/p>\n<\/blockquote>\n\n\n\n<p>Contudo, parece mais prudente deduzir a obrigatoriedade da Carta da ONU em rela\u00e7\u00e3o aos Estados n\u00e3o membros, pois tornaram-se normas consuetudin\u00e1rias.&nbsp;<\/p>\n\n\n\n<p>Vale ainda mencionar que o princ\u00edpio da pacta<em> sunt servanda <\/em>\u00e9 um pilar fundamental de direito internacional, estabelecendo a obriga\u00e7\u00e3o de cumprir os compromissos assumidos nos tratados.&nbsp;<\/p>\n\n\n\n<p>Os Estados devem honrar e respeitar as disposi\u00e7\u00f5es dos tratados aos quais aderem, embora existam circunst\u00e2ncias excepcionais que possam justificar a limita\u00e7\u00e3o desse princ\u00edpio, sua observ\u00e2ncia \u00e9 essencial para ordem jur\u00eddica internacional.&nbsp;<\/p>\n\n\n\n<h2 class=\"wp-block-heading\">Extin\u00e7\u00e3o e Suspens\u00e3o dos Tratados Internacionais<\/h2>\n\n\n\n<p>A extin\u00e7\u00e3o de um tratado \u00e9 o ato pelo qual o acordo deixa de ter efeitos jur\u00eddicos permanentes na comunidade internacional. Pode ocorrer a qualquer momento por consentimento das partes envolvidas (ab-roga\u00e7\u00e3o superveniente).&nbsp;<\/p>\n\n\n\n<p>Al\u00e9m disso, um tratado pode prever sua pr\u00f3pria extin\u00e7\u00e3o em seu texto quando assinado com um prazo definido (termo certo), encerrando-se em uma data espec\u00edfica (ab-roga\u00e7\u00e3o predeterminada) ou por meio de uma condi\u00e7\u00e3o resolutiva (evento futuro e incerto).&nbsp;<\/p>\n\n\n\n<p>As nomenclaturas relativas \u00e0 extin\u00e7\u00e3o podem ser resumidas da seguinte forma:<\/p>\n\n\n\n<h3 class=\"wp-block-heading\">Ab-roga\u00e7\u00e3o:&nbsp;<\/h3>\n\n\n\n<p>Revoga\u00e7\u00e3o do tratado \u00e9 total. Os exemplos presentes no art. 54 da CVDT s\u00e3o de extin\u00e7\u00e3o total do acordo firmado entre as partes. Esta pode ser predeterminada, quando o pr\u00f3prio tratado j\u00e1 prev\u00ea a sua extin\u00e7\u00e3o, ou superveniente, quando o motivo que causou a extin\u00e7\u00e3o do tratado n\u00e3o est\u00e1 previsto em seu texto.<\/p>\n\n\n\n<h3 class=\"wp-block-heading\">Derroga\u00e7\u00e3o:&nbsp;<\/h3>\n\n\n\n<p>Revoga\u00e7\u00e3o parcial de um tratado e, por isso, exce\u00e7\u00e3o \u00e0 extin\u00e7\u00e3o total do acordo. Situa\u00e7\u00e3o estabelecida entre os Estados envolvidos para que parte do tratado n\u00e3o tenha mais validade. Desta forma, havendo acordo nesse sentido, n\u00e3o h\u00e1 necessidade de revogar totalmente o tratado.<\/p>\n\n\n\n<h3 class=\"wp-block-heading\">Den\u00fancia:&nbsp;<\/h3>\n\n\n\n<p>Revoga\u00e7\u00e3o unilateral de um tratado. O Estado n\u00e3o quer mais participar do tratado, mas este continuar\u00e1 tendo efeitos para os outros Estados que o assinaram. No caso dos tratados bilaterais, a den\u00fancia tamb\u00e9m \u00e9 a extin\u00e7\u00e3o total do contrato.&nbsp;<\/p>\n\n\n\n<h3 class=\"wp-block-heading\">Formas de extin\u00e7\u00e3o dos tratados<\/h3>\n\n\n\n<p>Celso Mello, por sua vez, nos ensina que um tratado pode ser extinto de v\u00e1rias maneiras. Essas formas incluem a execu\u00e7\u00e3o integral do tratado, consentimento m\u00fatuo, termo, condi\u00e7\u00e3o resolut\u00f3ria, ren\u00fancia do benefici\u00e1rio, caducidade, guerra, ruptura das rela\u00e7\u00f5es diplom\u00e1ticas e consulares, inexecu\u00e7\u00e3o do tratado e den\u00fancia unilateral.<\/p>\n\n\n\n<p>A execu\u00e7\u00e3o integral do tratado ocorre quando as partes cumprem totalmente o que foi acordado. O consentimento m\u00fatuo ocorre quando as partes concordam em encerrar o tratado.&nbsp;<\/p>\n\n\n\n<p>Isso pode ser feito atrav\u00e9s de outro tratado que aborde o mesmo assunto, resultando na revoga\u00e7\u00e3o impl\u00edcita do tratado anterior. Al\u00e9m disso, o consentimento m\u00fatuo pode ser expresso por meio de uma declara\u00e7\u00e3o que afirme a revoga\u00e7\u00e3o do tratado anterior.<\/p>\n\n\n\n<p>O termo acontece quando o tratado tem um prazo determinado e termina automaticamente quando esse prazo expira. A condi\u00e7\u00e3o resolut\u00f3ria ocorre quando as partes concordam explicitamente que o tratado terminar\u00e1 no futuro quando um determinado evento ocorrer (condi\u00e7\u00e3o afirmativa) ou se um determinado evento n\u00e3o ocorrer (condi\u00e7\u00e3o negativa).<\/p>\n\n\n\n<p>A ren\u00fancia do benefici\u00e1rio ocorre quando um tratado concede vantagens para uma das partes e obriga\u00e7\u00f5es para a outra. O tratado termina quando o benefici\u00e1rio renuncia \u00e0s suas vantagens. A caducidade ocorre quando um tratado concede vantagens para uma das partes e obriga\u00e7\u00f5es para a outra. O tratado termina quando o benefici\u00e1rio renuncia \u00e0s suas vantagens.<\/p>\n\n\n\n<p>A guerra tamb\u00e9m resulta no t\u00e9rmino de tratados bilaterais entre os pa\u00edses beligerantes. A ruptura das rela\u00e7\u00f5es diplom\u00e1ticas e consulares pode levar ao t\u00e9rmino do tratado se essas rela\u00e7\u00f5es forem essenciais para sua execu\u00e7\u00e3o.&nbsp;<\/p>\n\n\n\n<p>A inexecu\u00e7\u00e3o do tratado ocorre quando uma das partes contratantes n\u00e3o cumpre suas obriga\u00e7\u00f5es. A den\u00fancia unilateral \u00e9 a forma geralmente aceita para rescindir um tratado, mas essa possibilidade deve ser expressamente prevista.<\/p>\n\n\n\n<p>J\u00e1 a den\u00fancia, prevista no artigo 56 da Conven\u00e7\u00e3o de Viena sobre o Direito dos Tratados, \u00e9 o ato unilateral de uma das partes manifestando o interesse em rescindir o pacto firmado. Embora n\u00e3o seja mencionada no artigo 54 da Conven\u00e7\u00e3o, a den\u00fancia \u00e9 uma forma de extin\u00e7\u00e3o do tratado.&nbsp;<\/p>\n\n\n\n<p>Normalmente, esse procedimento tamb\u00e9m \u00e9 estabelecido no texto do tratado. Al\u00e9m disso, a menos que o tratado estabele\u00e7a o contr\u00e1rio, um tratado multilateral n\u00e3o se extingue simplesmente porque o n\u00famero de partes n\u00e3o atinge o n\u00famero necess\u00e1rio para sua entrada em vigor, conforme o artigo 55.<\/p>\n\n\n\n<p>A Conven\u00e7\u00e3o de Viena sobre o Direito dos Tratados prev\u00ea tamb\u00e9m a suspens\u00e3o como uma forma de preservar um tratado (artigos 57 e seguintes). A extin\u00e7\u00e3o \u00e9 a medida mais dr\u00e1stica que as partes podem adotar, e para evitar esse desfecho, elas t\u00eam a op\u00e7\u00e3o de suspender o tratado por um per\u00edodo determinado, at\u00e9 que se chegue a uma conclus\u00e3o sobre sua continuidade.&nbsp;<\/p>\n\n\n\n<p>A suspens\u00e3o do tratado deve ser abrangente, a menos que o pr\u00f3prio tratado estabele\u00e7a o contr\u00e1rio. Dessa forma, a suspens\u00e3o do tratado \u00e9 o ato pelo qual o acordo internacional deixa de produzir efeitos, total ou parcialmente, durante um per\u00edodo determinado.&nbsp;<\/p>\n\n\n\n<p>A Se\u00e7\u00e3o 3 da Conven\u00e7\u00e3o de Viena sobre o Direito dos Tratados, nos artigos 54 a 64, estabelece as formas de extin\u00e7\u00e3o e suspens\u00e3o da execu\u00e7\u00e3o dos tratados.&nbsp;<\/p>\n\n\n\n<h2 class=\"wp-block-heading\">Conclus\u00e3o<\/h2>\n\n\n\n<p>Ao longo deste texto, exploramos os tratados internacionais e sua import\u00e2ncia nas rela\u00e7\u00f5es entre Estados, organiza\u00e7\u00f5es internacionais e outros sujeitos de Direito Internacional.&nbsp;<\/p>\n\n\n\n<p>Discutimos o processo de forma\u00e7\u00e3o dos tratados, os princ\u00edpios jur\u00eddicos que os embasam e os diferentes tipos existentes. Tamb\u00e9m examinamos os desafios na implementa\u00e7\u00e3o e os crit\u00e9rios necess\u00e1rios para sua validade.&nbsp;<\/p>\n\n\n\n<p>Ficou claro que os tratados internacionais s\u00e3o instrumentos poderosos, capazes de promover a paz, proteger direitos, regular o com\u00e9rcio e lidar com quest\u00f5es ambientais.&nbsp;<\/p>\n\n\n\n<p>Esses acordos formais possibilitam a colabora\u00e7\u00e3o entre os pa\u00edses, o estabelecimento de normas comuns e a busca por solu\u00e7\u00f5es conjuntas para desafios globais.&nbsp;<\/p>\n\n\n\n<p>Nesse sentido, no mundo interconectado em que vivemos, no qual a coopera\u00e7\u00e3o internacional desempenha um papel fundamental, \u00e9 crucial ampliarmos nossa compreens\u00e3o sobre a din\u00e2mica do direito internacional e das rela\u00e7\u00f5es internacionais, reconhecendo a import\u00e2ncia dos tratados como instrumentos legais fundamentais.&nbsp;<\/p>\n\n\n\n<p>\u00c9 essencial que governos, organiza\u00e7\u00f5es internacionais e a sociedade em geral debata, valorize e apoie a implementa\u00e7\u00e3o efetiva e o cumprimento dos tratados internacionais.<\/p>\n\n\n\n<p>Atrav\u00e9s de uma abordagem colaborativa e comprometida com o respeito ao direito internacional, podemos construir um mundo mais cooperativo, justo e equitativo para as gera\u00e7\u00f5es presentes e futuras.<\/p>\n\n\n\n<h3 class=\"wp-block-heading\">Mais conte\u00fado para voc\u00ea<\/h3>\n\n\n\n<p>Se voc\u00ea gostou desse conte\u00fado e quer saber mais sobre direito e advocacia, indico a leitura dos seguintes artigos aqui do blog da Aurum:<\/p>\n\n\n\n<ul class=\"wp-block-list\">\n<li><a href=\"https:\/\/www.aurum.com.br\/blog\/processo-digital\/\">Processo digital<\/a>: as principais vantagens e como acompanhar<\/li>\n\n\n\n<li><a href=\"https:\/\/www.aurum.com.br\/blog\/minimo-existencial\/\">M\u00ednimo existencial<\/a>: como \u00e9 aplicado no direito brasileiro<\/li>\n\n\n\n<li><a href=\"https:\/\/www.aurum.com.br\/blog\/termos-juridicos\/\">Termos jur\u00eddicos<\/a>: gloss\u00e1rio com as principais express\u00f5es<\/li>\n\n\n\n<li><a href=\"https:\/\/www.aurum.com.br\/blog\/repristinacao\/\">Repristina\u00e7\u00e3o<\/a>: principais aspectos jur\u00eddicos<\/li>\n\n\n\n<li><a href=\"https:\/\/www.aurum.com.br\/blog\/direito-de-imagem\/\">Direito de Imagem e Internet:<\/a>&nbsp;o que os advogados precisam saber?<\/li>\n\n\n\n<li><a href=\"https:\/\/www.aurum.com.br\/blog\/como-consultar-um-advogado-na-oab\/\">Como consultar um advogado na OAB?<\/a>&nbsp;passo a passo<\/li>\n\n\n\n<li><a href=\"https:\/\/www.aurum.com.br\/blog\/holding-familiar\/\">[GUIA] Holding familiar:<\/a>&nbsp;o que \u00e9 e como funciona<\/li>\n\n\n\n<li><a href=\"https:\/\/www.aurum.com.br\/blog\/holding\/\">Holding: Conhe\u00e7a o que \u00e9, como funciona e seus tipos!<\/a><\/li>\n\n\n\n<li><a href=\"https:\/\/www.aurum.com.br\/blog\/principio-da-preservacao-da-empresa\/\">Conhe\u00e7a o princ\u00edpio da preserva\u00e7\u00e3o da empresa e qual a sua import\u00e2ncia<\/a><\/li>\n\n\n\n<li><a href=\"https:\/\/www.aurum.com.br\/blog\/registro-de-imoveis\/\">Registro de Im\u00f3veis: O que \u00e9, qual sua import\u00e2ncia e como funciona!<\/a><\/li>\n<\/ul>\n\n\n<style>\r\n  .news-post {\r\n    background: url('https:\/\/www.aurum.com.br\/blog\/wp-content\/themes\/aurum\/img\/bg-news-artigo.svg') no-repeat top center #3C48AA;\r\n    padding: 1.5rem;\r\n    border-radius: 6px;\r\n    margin: 1rem 0;\r\n  }\r\n  .news-post .icone {\r\n    display: none;\r\n  }\r\n  .news-post .title {\r\n    font-weight: 700;\r\n    font-size: 16px;\r\n    line-height: 130%;\r\n    text-align: center;\r\n    letter-spacing: -0.5px;\r\n    color: #fff;\r\n    margin-bottom: .9375rem;\r\n  }\r\n  .news-post p {\r\n    font-size: .875rem;\r\n    line-height: 140%;\r\n    text-align: center;\r\n    color: #fff;\r\n    margin-bottom: 1.25rem;\r\n  }\r\n  .news-post .news_button_span {\r\n    font-size: .8125rem;\r\n    display: block;\r\n    padding: .125rem .3125rem;\r\n    color: #fff;\r\n    text-align:left;\r\n  }\r\n  .news-post .news_button_span a {\r\n    color: #fff !important;\r\n    text-decoration: underline;\r\n  }\r\n  .news-post form {\r\n    width: 100%;\r\n  }\r\n  .news-post label {\r\n    font-weight: 600;\r\n    font-size: .9375rem;\r\n    line-height: 1.5rem;\r\n    margin-bottom: .5rem;\r\n    color: #fff;\r\n    display: block;\r\n  }\r\n  .news-post input {\r\n    background: #fff;\r\n    border: 1px solid #CBCBD9;\r\n    box-sizing: border-box;\r\n    border-radius: 4px;\r\n    padding: .75rem 1rem;\r\n    width: 100%;\r\n  }\r\n  .news-post button {\r\n    margin-top: .875rem;\r\n    width: 100%;\r\n    min-width: auto;\r\n    background: #FCC632;\r\n    color: #3C48AA;\r\n  }\r\n  .news-post .input {\r\n    position: relative;\r\n    padding-bottom: 10px;\r\n  }\r\n  .news-post .error-message-ad {\r\n    font-size: .875rem;\r\n    line-height: 130%;\r\n    color: #D50021;\r\n    margin-left: 4px;\r\n  }\r\n  .news-post .error {\r\n    border: 1px solid #D50021;\r\n  }\r\n  .news-post #message-form-ad {\r\n    border-radius: 4px;\r\n    padding: 0.7rem;\r\n    font-size:0.8rem;\r\n    text-align: center;\r\n    align-items: center;\r\n    justify-content: center;\r\n    display: none;\r\n  }\r\n  .news-post #message-form-ad svg {\r\n    margin-right: 8px;\r\n  }\r\n\r\n  @media(min-width: 561px) {\r\n    .news-post {\r\n      position: relative;\r\n      background: url('https:\/\/www.aurum.com.br\/blog\/wp-content\/themes\/aurum\/img\/bg-news-artigo.svg') no-repeat top center #3C48AA;\r\n      width: calc(100% - 30px);\r\n    }\r\n    .news-post .icone {\r\n      display: block;\r\n      position: absolute;\r\n      right: -30px;\r\n      top: 65px;\r\n      max-width: 142px;\r\n      width: 100%;\r\n      height: auto;\r\n      margin: 0;\r\n    }\r\n    .news-post .title {\r\n      font-size: 1.125rem;\r\n      text-align: left;\r\n      \/* padding-right: 3.75rem; *\/\r\n    }\r\n    .news-post p {\r\n      font-size: 1rem;\r\n      text-align: left;\r\n      max-width: 400px;\r\n    }\r\n    .news-post .boxes {\r\n      display: flex;\r\n      align-items: flex-start;\r\n    }\r\n    .news-post button {\r\n      margin: 0 0 0 1rem;\r\n      width: 100%;\r\n      max-width: 170px;\r\n      min-width: auto;\r\n      transition: all ease .3s\r\n    }\r\n    .news-post button:hover {\r\n      opacity: 0.9;\r\n      transition: all ease .3s\r\n    }\r\n    .news-post #message-form-ad {\r\n      padding: 1.125rem;\r\n      font-size:1rem;\r\n    }\r\n    .news-post #message-form-ad svg {\r\n      margin-right: 10px;\r\n    }\r\n  }\r\n<\/style>\r\n\r\n<div class=\"news-post\">\r\n  <div class=\"title news-ad-title\">Gostou do artigo e quer evoluir a sua advocacia?<\/div>\r\n  <p class=\"news-ad-subtitle\">Assine gr\u00e1tis a Aurum News e receba uma dose semanal de conte\u00fado no seu e-mail! \u270c\ufe0f<\/p>\r\n  <img decoding=\"async\" src=\"https:\/\/www.aurum.com.br\/blog\/wp-content\/themes\/aurum\/img\/icon-news-artigo.svg\" alt=\"\" class=\"icone\">\r\n\r\n  <form method=\"post\" name=\"newsletter-ad\" id=\"aurum-newsletter-ad\">\r\n    <div class=boxes>\r\n      <div class=\"input\">\r\n        <label class=\"label-email\" htmlFor=\"email-ad\">Qual seu e-mail?<\/label>\r\n        <input type=\"email\" id=\"email-ad\" name=\"newsletter-mail-ad\" placeholder=\"Digite seu e-mail?\">\r\n        <div class=\"error-message-ad-email\">Endere\u00e7o de e-mail inv\u00e1lido ou incorreto<\/div>\r\n\r\n        <label class=\"label-select\" htmlFor=\"lawsuits-select-ad\">\r\n          Quantos processos voc\u00ea ou<br class=\"for-desktop\"\/> seu escrit\u00f3rio acompanham?\r\n        <\/label>\r\n        <div id=\"lawsuits-select-ad\" class=\"lawsuits-select select-wrapper\" tabindex=\"0\">\r\n          <div class=\"s-dropdown--styled\">\r\n          <span class=\"lawsuits-default\">\r\n            <span id=\"lawsuits-newsletter-ad\" class=\"lawsuits-default-text\" data-value=\"\">Selecione os processos<\/span>\r\n            <svg class=\"chevron\" xmlns=\"http:\/\/www.w3.org\/2000\/svg\" width=\"24\" height=\"25\" viewBox=\"0 0 24 25\" fill=\"none\">\r\n              <path d=\"M6 15.6152L12 9.61523L18 15.6152\" stroke=\"black\" stroke-width=\"2\" stroke-linecap=\"round\" stroke-linejoin=\"round\" \/>\r\n            <\/svg>\r\n          <\/span>\r\n\r\n          <ul class=\"s-dropdown u-hide\">\r\n            <li class=\"lawsuits\" data-value=\"Mais de 1000 processos\">Mais de 1000 processos<\/li>\r\n            <li class=\"lawsuits\" data-value=\"De 501 a 1000 processos\">De 501 a 1000 processos<\/li>\r\n            <li class=\"lawsuits\" data-value=\"De 151 a 500 processos\">De 151 a 500 processos<\/li>\r\n            <li class=\"lawsuits\" data-value=\"De 41 a 150 processos\">De 41 a 150 processos<\/li>\r\n            <li class=\"lawsuits\" data-value=\"At\u00e9 40 processos\">At\u00e9 40 processos<\/li>\r\n            <li class=\"lawsuits\" data-value=\"Atuo apenas no consultivo\">Atuo apenas no consultivo<\/li>\r\n            <li class=\"lawsuits\" data-value=\"Ainda sou estudante de direito\">Ainda sou estudante de direito<\/li>\r\n            <li class=\"lawsuits\" data-value=\"N\u00e3o sou da \u00e1rea jur\u00eddica\">N\u00e3o sou da \u00e1rea jur\u00eddica<\/li>\r\n          <\/ul>\r\n          <\/div>\r\n        <\/div>\r\n        <div class=\"error-message-ad-lawsuits\">Selecione algum processo<\/div>\r\n      <\/div>\r\n      <button class=\"btn btn-yellow ad-btn-desktop\" id=\"aurum-submit-ad\">Assinar gr\u00e1tis<\/button>\r\n      <button class=\"btn btn-yellow ad-btn-mobile\" id=\"aurum-submit-ad\">Assinar<\/button>\r\n    <\/div>\r\n    <span class=\"news_button_span\">Ao se cadastrar voc\u00ea declara que leu e aceitou a pol\u00edtica de privacidade e cookies do <a href=\"https:\/\/s3.sa-east-1.amazonaws.com\/publico.aurum.com.br\/contratos\/politica-de-privacidade.pdf\" target=\"_blank\" rel=\"noopener noreferrer\">site<\/a>.<\/span>\r\n  <\/form>\r\n  <div id=\"message-form-ad\"><\/div>\r\n<\/div>","protected":false},"excerpt":{"rendered":"<p>Os tratados internacionais, em seu sentido amplo, referem-se a acordos formais celebrados entre sujeitos de direito internacional p\u00fablico com o objetivo de estabelecer efeitos jur\u00eddicos. Voc\u00ea j\u00e1 parou para refletir sobre como os pa\u00edses do mundo se relacionam e lidam com quest\u00f5es de interesse comum, como o meio ambiente, o com\u00e9rcio internacional ou os direitos [&hellip;]<\/p>\n","protected":false},"author":124,"featured_media":24246,"comment_status":"open","ping_status":"open","sticky":false,"template":"","format":"standard","meta":{"_bbp_topic_count":0,"_bbp_reply_count":0,"_bbp_total_topic_count":0,"_bbp_total_reply_count":0,"_bbp_voice_count":0,"_bbp_anonymous_reply_count":0,"_bbp_topic_count_hidden":0,"_bbp_reply_count_hidden":0,"_bbp_forum_subforum_count":0,"inline_featured_image":false,"footnotes":""},"categories":[29],"tags":[],"class_list":["post-24245","post","type-post","status-publish","format-standard","has-post-thumbnail","hentry","category-direito-internacional"],"acf":[],"_links":{"self":[{"href":"https:\/\/www.aurum.com.br\/blog\/wp-json\/wp\/v2\/posts\/24245","targetHints":{"allow":["GET"]}}],"collection":[{"href":"https:\/\/www.aurum.com.br\/blog\/wp-json\/wp\/v2\/posts"}],"about":[{"href":"https:\/\/www.aurum.com.br\/blog\/wp-json\/wp\/v2\/types\/post"}],"author":[{"embeddable":true,"href":"https:\/\/www.aurum.com.br\/blog\/wp-json\/wp\/v2\/users\/124"}],"replies":[{"embeddable":true,"href":"https:\/\/www.aurum.com.br\/blog\/wp-json\/wp\/v2\/comments?post=24245"}],"version-history":[{"count":5,"href":"https:\/\/www.aurum.com.br\/blog\/wp-json\/wp\/v2\/posts\/24245\/revisions"}],"predecessor-version":[{"id":24412,"href":"https:\/\/www.aurum.com.br\/blog\/wp-json\/wp\/v2\/posts\/24245\/revisions\/24412"}],"wp:featuredmedia":[{"embeddable":true,"href":"https:\/\/www.aurum.com.br\/blog\/wp-json\/wp\/v2\/media\/24246"}],"wp:attachment":[{"href":"https:\/\/www.aurum.com.br\/blog\/wp-json\/wp\/v2\/media?parent=24245"}],"wp:term":[{"taxonomy":"category","embeddable":true,"href":"https:\/\/www.aurum.com.br\/blog\/wp-json\/wp\/v2\/categories?post=24245"},{"taxonomy":"post_tag","embeddable":true,"href":"https:\/\/www.aurum.com.br\/blog\/wp-json\/wp\/v2\/tags?post=24245"}],"curies":[{"name":"wp","href":"https:\/\/api.w.org\/{rel}","templated":true}]}}