{"id":23687,"date":"2024-05-16T20:11:00","date_gmt":"2024-05-16T23:11:00","guid":{"rendered":"https:\/\/www.aurum.com.br\/blog\/?p=23687"},"modified":"2024-07-05T07:21:43","modified_gmt":"2024-07-05T10:21:43","slug":"despejo-liminar","status":"publish","type":"post","link":"https:\/\/www.aurum.com.br\/blog\/despejo-liminar\/","title":{"rendered":"Despejo liminar: como funciona e quando \u00e9 cab\u00edvel"},"content":{"rendered":"<div id=\"bsf_rt_marker\"><\/div>\n<pre class=\"wp-block-preformatted\">O <strong>despejo liminar<\/strong> se configura pela busca do locador de retomar o im\u00f3vel que ofereceu \u00e0 loca\u00e7\u00e3o por meio de uma decis\u00e3o mais r\u00e1pida, que antecipa os efeitos de uma senten\u00e7a judicial, desde que os requisitos legais estejam preenchidos.<\/pre>\n\n\n\n<p>Um dos assuntos mais recorrentes dentro da esfera do <a href=\"https:\/\/www.aurum.com.br\/blog\/direito-imobiliario\/\">direito imobili\u00e1rio<\/a> \u00e9 a quest\u00e3o do despejo de inquilinos, pelas mais diversas raz\u00f5es. Ainda, h\u00e1 que se considerar que no Brasil h\u00e1 um n\u00famero muito grande de contratos de aluguel e, consequentemente, de discuss\u00f5es acerca do tema.<\/p>\n\n\n\n<p>A maior parte das pessoas sabe que, por exemplo, a falta de pagamento de alugu\u00e9is pode resultar no despejo do inquilino, assim como a recusa de sa\u00edda ap\u00f3s o t\u00e9rmino do contrato.<\/p>\n\n\n\n<p>Tamb\u00e9m sabe-se que a forma de despejar o inquilino de um im\u00f3vel \u00e9 por meio da propositura de uma <a href=\"https:\/\/www.aurum.com.br\/blog\/acao-de-despejo\/\">a\u00e7\u00e3o de despejo<\/a>, que possui um procedimento a ser seguido, com o aux\u00edlio de um advogado.<\/p>\n\n\n\n<p>No entanto, \u00e9 preciso ficar atento pois existem alguns casos em que n\u00e3o \u00e9 preciso esperar a senten\u00e7a no fim do processo para conseguir o despejo por algum descumprimento ocorrido, podendo vir uma decis\u00e3o de desocupa\u00e7\u00e3o mais r\u00e1pida do que se pode imaginar, antes mesmo do conhecimento do inquilino.<\/p>\n\n\n\n<p>Quer saber mais? Continue lendo este texto e entenda como funciona o despejo liminar e em quais hip\u00f3teses isso pode acontecer! \ud83d\ude09<\/p>\n\n\n\n<h2 class=\"wp-block-heading\">O que \u00e9 despejo liminar?<\/h2>\n\n\n\n<p>O despejo liminar <strong>\u00e9 a possibilidade de o locador reaver judicialmente o seu im\u00f3vel colocado \u00e0 loca\u00e7\u00e3o<\/strong> de forma mais r\u00e1pida, por meio de uma decis\u00e3o proferida antes mesmo da discuss\u00e3o da situa\u00e7\u00e3o e de eventual ci\u00eancia ou manifesta\u00e7\u00e3o da parte locat\u00e1ria.&nbsp;<\/p>\n\n\n\n<p>Hercules Aghiarian menciona que este benef\u00edcio oferecido ao locador \u00e9:<\/p>\n\n\n\n<blockquote class=\"wp-block-quote is-layout-flow wp-block-quote-is-layout-flow\">\n<p><em>como uma forma de dar celeridade ao processo e garantia \u00e0s situa\u00e7\u00f5es de manifesta\u00e7\u00e3o da vontade privada [&#8230;]\u201d.<\/em><\/p>\n<\/blockquote>\n\n\n\n<p>A decis\u00e3o liminar em <a href=\"https:\/\/www.aurum.com.br\/blog\/acao-de-despejo\/\">a\u00e7\u00e3o de despejo<\/a> s\u00f3 \u00e9 concedida quando cumpridos os requisitos legais, isto \u00e9, n\u00e3o s\u00e3o todas as a\u00e7\u00f5es de despejo que ter\u00e3o este benef\u00edcio em favor do locador.<\/p>\n\n\n\n<p>Para aprofundar o conhecimento sobre o que \u00e9 despejo liminar, \u00e9 interessante entender o que \u00e9 a a\u00e7\u00e3o de despejo e o que \u00e9 uma decis\u00e3o liminar.<\/p>\n\n\n\n<p>A <a href=\"https:\/\/www.aurum.com.br\/blog\/lei-do-inquilinato\/\">Lei do Inquilinato<\/a> (n\u00ba 8.245\/91), disp\u00f5e em seu artigo 5\u00ba:<\/p>\n\n\n\n<figure class=\"wp-block-pullquote classe bq-small\"><blockquote><p>Seja qual for o fundamento do t\u00e9rmino da loca\u00e7\u00e3o, a a\u00e7\u00e3o do locador para reaver o im\u00f3vel \u00e9 a de despejo.&nbsp;<\/p><\/blockquote><\/figure>\n\n\n\n<p>Assim, a <strong>a\u00e7\u00e3o de despejo<\/strong> \u00e9 uma medida judicial utilizada pelos locadores, ou seja, as pessoas que oferecem seus im\u00f3veis \u00e0 loca\u00e7\u00e3o, a fim de buscar a retomada de suas propriedades.<\/p>\n\n\n\n<p>Cabe mencionar tamb\u00e9m que o par\u00e1grafo \u00fanico do dispositivo legal citado prev\u00ea uma exce\u00e7\u00e3o, qual seja, nos casos de desapropria\u00e7\u00e3o, com a imiss\u00e3o do expropriante na posse. Ainda, n\u00e3o se submetem \u00e0 Lei do Inquilinato as loca\u00e7\u00f5es descritas no par\u00e1grafo \u00fanico do artigo 1\u00ba.<\/p>\n\n\n\n<p>Enquanto a <strong>decis\u00e3o liminar<\/strong>, nas palavras de Deocleciano Torrieri Guimar\u00e3es, pode ser conceituada como:<\/p>\n\n\n\n<blockquote class=\"wp-block-quote is-layout-flow wp-block-quote-is-layout-flow\">\n<p><em>uma ordem judicial que determina provid\u00eancia a ser tomada antes da discuss\u00e3o da causa, para resguardar direitos alegados\u201d.&nbsp;<\/em><\/p>\n<\/blockquote>\n\n\n\n<figure class=\"wp-block-image size-full\"><img decoding=\"async\" width=\"1080\" height=\"1080\" src=\"https:\/\/www.aurum.com.br\/blog\/wp-content\/uploads\/2023\/08\/o-que-e-despejo-liminar.jpg\" alt=\"Veja como funciona o despejo liminar\" class=\"wp-image-23689\" srcset=\"https:\/\/www.aurum.com.br\/blog\/wp-content\/uploads\/2023\/08\/o-que-e-despejo-liminar.jpg 1080w, https:\/\/www.aurum.com.br\/blog\/wp-content\/uploads\/2023\/08\/o-que-e-despejo-liminar-300x300.jpg 300w, https:\/\/www.aurum.com.br\/blog\/wp-content\/uploads\/2023\/08\/o-que-e-despejo-liminar-150x150.jpg 150w, https:\/\/www.aurum.com.br\/blog\/wp-content\/uploads\/2023\/08\/o-que-e-despejo-liminar-768x768.jpg 768w\" sizes=\"(max-width: 1080px) 100vw, 1080px\" \/><figcaption class=\"wp-element-caption\">Veja o que \u00e9 despejo liminar<\/figcaption><\/figure>\n\n\n\n<h2 class=\"wp-block-heading\">Quando \u00e9 cab\u00edvel despejo por liminar?<\/h2>\n\n\n\n<p>A <a href=\"https:\/\/www.planalto.gov.br\/ccivil_03\/leis\/l8245.htm\" target=\"_blank\" rel=\"noopener\">Lei do Inquilinato n\u00ba 8.245\/91<\/a>, em seu artigo 59, \u00a71\u00ba, apresenta situa\u00e7\u00f5es espec\u00edficas em que \u00e9 permitido ao locador ingressar com a\u00e7\u00e3o de despejo com pedido liminar.&nbsp;<\/p>\n\n\n\n<p>Neste sentido, <strong>para que seja deferida a desocupa\u00e7\u00e3o da parte locat\u00e1ria de forma r\u00e1pida, \u00e9 preciso que o fundamento da a\u00e7\u00e3o seja exclusivamente uma das hip\u00f3teses apresentadas em lei<\/strong>.<\/p>\n\n\n\n<p>As hip\u00f3teses s\u00e3o:<\/p>\n\n\n\n<h3 class=\"wp-block-heading\">Descumprimento do m\u00fatuo acordo<\/h3>\n\n\n\n<p>O descumprimento do m\u00fatuo acordo (art. 9\u00ba, inciso I), celebrado por escrito e assinado pelas partes e por duas testemunhas, no qual tenha sido ajustado o prazo m\u00ednimo de seis meses para desocupa\u00e7\u00e3o, contado da assinatura do instrumento.&nbsp;<\/p>\n\n\n\n<p>Trata-se de um t\u00edtulo executivo extrajudicial, um instrumento contratual firmado entre as partes e assinado por mais duas testemunhas.<\/p>\n\n\n\n<h3 class=\"wp-block-heading\">Extin\u00e7\u00e3o do contrato de trabalho<\/h3>\n\n\n\n<p>O disposto no inciso II do art. 47, havendo prova escrita da rescis\u00e3o do contrato de trabalho ou sendo ela demonstrada em audi\u00eancia pr\u00e9via.<\/p>\n\n\n\n<p>Esses casos s\u00e3o aqueles em que a loca\u00e7\u00e3o est\u00e1 relacionada com o emprego do locat\u00e1rio, como, por exemplo, a rela\u00e7\u00e3o de loca\u00e7\u00e3o e emprego de caseiros de im\u00f3veis.<\/p>\n\n\n\n<h3 class=\"wp-block-heading\">Encerramento do prazo de loca\u00e7\u00e3o para temporada<\/h3>\n\n\n\n<p>O t\u00e9rmino do prazo da loca\u00e7\u00e3o para temporada, tendo sido proposta a a\u00e7\u00e3o de despejo em at\u00e9 trinta dias ap\u00f3s o vencimento do contrato.&nbsp;<\/p>\n\n\n\n<p>Esse caso envolve loca\u00e7\u00e3o por temporada, tamb\u00e9m conhecida por loca\u00e7\u00e3o de curto per\u00edodo, por ser de at\u00e9 90 (noventa) dias.<\/p>\n\n\n\n<h3 class=\"wp-block-heading\">Morte do locat\u00e1rio<\/h3>\n\n\n\n<p>A morte do locat\u00e1rio sem deixar sucessor leg\u00edtimo na loca\u00e7\u00e3o, de acordo com o referido no inciso I do art. 11, permanecendo no im\u00f3vel pessoas n\u00e3o autorizadas por lei.<\/p>\n\n\n\n<figure class=\"wp-block-pullquote classe bq-small\"><blockquote><p>Art. 11. Morrendo o locat\u00e1rio, ficar\u00e3o sub &#8211; rogados nos seus direitos e obriga\u00e7\u00f5es:<br>I &#8211; nas loca\u00e7\u00f5es com finalidade residencial, o c\u00f4njuge sobrevivente ou o companheiro e, sucessivamente, os herdeiros necess\u00e1rios e as pessoas que viviam na depend\u00eancia econ\u00f4mica do de cujus , desde que residentes no im\u00f3vel;II &#8211; nas loca\u00e7\u00f5es com finalidade n\u00e3o residencial, o esp\u00f3lio e, se for o caso, seu sucessor no neg\u00f3cio.<\/p><\/blockquote><\/figure>\n\n\n\n<h3 class=\"wp-block-heading\">Perman\u00eancia do sublocat\u00e1rio no im\u00f3vel<\/h3>\n\n\n\n<p>A perman\u00eancia do sublocat\u00e1rio no im\u00f3vel, extinta a loca\u00e7\u00e3o, celebrada com o locat\u00e1rio &#8211; tendo em vista que extinta a loca\u00e7\u00e3o, a subloca\u00e7\u00e3o tamb\u00e9m se extingue, por ser acess\u00f3ria ao contrato principal<\/p>\n\n\n\n<h3 class=\"wp-block-heading\">Realiza\u00e7\u00e3o de repara\u00e7\u00f5es urgentes&nbsp;<\/h3>\n\n\n\n<p>O disposto no inciso IV do art. 9\u00ba, havendo a necessidade de se produzir repara\u00e7\u00f5es urgentes no im\u00f3vel, determinadas pelo poder p\u00fablico, que n\u00e3o possam ser normalmente executadas com a perman\u00eancia do locat\u00e1rio, ou, podendo, ele se recuse a consenti-las.<\/p>\n\n\n\n<p>Nesse caso, \u00e9 interessante que a parte locadora tenha a documenta\u00e7\u00e3o que comprove a necessidade urgente e imediata das obras, al\u00e9m de comprovar que estas n\u00e3o podem ser realizadas com a presen\u00e7a do inquilino no im\u00f3vel.<\/p>\n\n\n\n<h3 class=\"wp-block-heading\">T\u00e9rmino do prazo notificat\u00f3rio<\/h3>\n\n\n\n<p>O t\u00e9rmino do prazo notificat\u00f3rio, previsto no par\u00e1grafo \u00fanico do art. 40, sem apresenta\u00e7\u00e3o de nova garantia apta a manter a seguran\u00e7a inaugural do contrato.<\/p>\n\n\n\n<p>Acontece quando, ap\u00f3s o pedido de apresenta\u00e7\u00e3o de nova garantia pela parte locat\u00e1ria, esta n\u00e3o apresenta dentro de 30 (trinta) dias podendo a loca\u00e7\u00e3o ser desfeita pela parte locadora.<\/p>\n\n\n\n<h3 class=\"wp-block-heading\">T\u00e9rmino do prazo da loca\u00e7\u00e3o n\u00e3o residencial<\/h3>\n\n\n\n<p>O t\u00e9rmino do prazo da loca\u00e7\u00e3o n\u00e3o residencial, tendo sido proposta a a\u00e7\u00e3o em at\u00e9 30 (trinta) dias do termo ou do cumprimento de notifica\u00e7\u00e3o comunicando o intento de retomada.<\/p>\n\n\n\n<h3 class=\"wp-block-heading\">Falta de pagamento de aluguel<\/h3>\n\n\n\n<p>A falta de pagamento de aluguel e acess\u00f3rios da loca\u00e7\u00e3o no vencimento, estando o contrato desprovido de qualquer das garantias previstas no art. 37, por n\u00e3o ter sido contratada ou em caso de extin\u00e7\u00e3o ou pedido de exonera\u00e7\u00e3o dela, independentemente de motivo.<\/p>\n\n\n\n<p>Essa hip\u00f3tese se justifica, segundo estudos e doutrinadores, em virtude da aus\u00eancia de garantia contratual que gera, indiscutivelmente, uma falta de prote\u00e7\u00e3o e seguran\u00e7a \u00e0 parte locadora. Ainda, cabe mencionar que quando a lei diz \u201cacess\u00f3rios\u201d se refere a outras despesas como condom\u00ednio, \u00e1gua e luz.<\/p>\n\n\n\n<p><a href=\"https:\/\/www.aurum.com.br\/blog\/imissao-na-posse\/\"><em>Leia tamb\u00e9m: Saiba o que \u00e9, como funciona e quais s\u00e3o os requisitos da imiss\u00e3o na posse<\/em><\/a><\/p>\n\n\n\n<h2 class=\"wp-block-heading\">Quais os requisitos da a\u00e7\u00e3o de despejo liminar?<\/h2>\n\n\n\n<p>Os requisitos para que seja poss\u00edvel o benef\u00edcio do despejo liminar s\u00e3o:<\/p>\n\n\n\n<ul class=\"wp-block-list\">\n<li><strong>Fundamentar a a\u00e7\u00e3o exclusivamente em uma das hip\u00f3teses legais <\/strong>indicadas nos incisos do \u00a71\u00ba do artigo 59 da <a href=\"https:\/\/www.planalto.gov.br\/ccivil_03\/leis\/l8245.htm\" target=\"_blank\" rel=\"noopener\">Lei n\u00ba 8.245\/91<\/a>;&nbsp;<\/li>\n\n\n\n<li><strong>Prestar cau\u00e7\u00e3o no valor equivalente a 3 (tr\u00eas) meses de aluguel.<\/strong><\/li>\n<\/ul>\n\n\n\n<p>N\u00e3o basta apenas ocorrer alguma das hip\u00f3teses do artigo 59, \u00a71\u00ba da Lei de Loca\u00e7\u00f5es para que se torne poss\u00edvel o pedido de decis\u00e3o liminar de desocupa\u00e7\u00e3o da parte locat\u00e1ria nas a\u00e7\u00f5es de despejo.<\/p>\n\n\n\n<p>Al\u00e9m da a\u00e7\u00e3o ter que possuir como fundamenta\u00e7\u00e3o exclusiva uma das hip\u00f3teses apontadas no dispositivo legal, a legisla\u00e7\u00e3o trouxe de forma clara, o outro requisito cumulativo que precisa ser cumprido, qual seja, o dever de ser prestada cau\u00e7\u00e3o.<\/p>\n\n\n\n<p>Desse modo, ser\u00e1 concedido, de forma liminar, um mandado de desocupa\u00e7\u00e3o ao locat\u00e1rio que deve ser cumprido em 15 (quinze) dias independentemente de sua audi\u00eancia, ou seja, antes mesmo que seja dada oportunidade deste se manifestar.<\/p>\n\n\n\n<p><a href=\"https:\/\/www.aurum.com.br\/blog\/acao-renovatoria\/\"><em>Leia tamb\u00e9m: Entenda os requisitos, exce\u00e7\u00f5es e aspectos processuais da a\u00e7\u00e3o renovat\u00f3ria<\/em><\/a><\/p>\n\n\n\n<h2 class=\"wp-block-heading\">Como conseguir e como funciona uma liminar de despejo?<\/h2>\n\n\n\n<p>A parte locadora interessada deve <strong>ingressar no judici\u00e1rio com uma peti\u00e7\u00e3o inicial propondo uma a\u00e7\u00e3o de despejo com pedido liminar<\/strong>, fundamentando o seu pedido exclusivamente em uma das hip\u00f3teses previstas no artigo 59 da Lei do Inquilinato e realizando o dep\u00f3sito da cau\u00e7\u00e3o.<\/p>\n\n\n\n<p>Al\u00e9m disso, deve instruir o processo com o comprovante de pagamento da cau\u00e7\u00e3o no valor de 3 (tr\u00eas) alugu\u00e9is e com os documentos comprobat\u00f3rios da rela\u00e7\u00e3o locat\u00edcia, como o <a href=\"https:\/\/www.aurum.com.br\/blog\/contrato-de-locacao\/\">contrato de loca\u00e7\u00e3o<\/a>, al\u00e9m dos demais documentos que comprovem o encaixe da situa\u00e7\u00e3o em uma das hip\u00f3teses legais.<\/p>\n\n\n\n<p>Por exemplo, <strong>nos casos de despejo liminar por falta de pagamento<\/strong>, al\u00e9m dos demais documentos, a parte locadora pode apresentar boletos em atraso, cheque devolvido, contas e impostos atrasados, entre outros.<\/p>\n\n\n\n<p>J\u00e1 no <strong>caso de loca\u00e7\u00e3o envolvendo rela\u00e7\u00e3o de trabalho<\/strong>, holerites, conversas, contratos de trabalho etc.<\/p>\n\n\n\n<p>A a\u00e7\u00e3o, a princ\u00edpio, deve ser proposta na justi\u00e7a comum e seguir\u00e1 pelo rito ordin\u00e1rio, conforme disp\u00f5e o <em>caput<\/em> do artigo 59 da Lei do Inquilinato.<\/p>\n\n\n\n<p>\u00c9 interessante mencionar, como tamb\u00e9m cita o doutrinador Marcio Lamonica Bovino no livro do doutrinador Scavone, que:<\/p>\n\n\n\n<blockquote class=\"wp-block-quote is-layout-flow wp-block-quote-is-layout-flow\">\n<p><em>segundo a regra do art. 58 da Lei das Loca\u00e7\u00f5es, as a\u00e7\u00f5es de despejo tramitam e n\u00e3o se suspendem durante as f\u00e9rias forenses, e devem ser propostas foro do lugar da situa\u00e7\u00e3o do im\u00f3vel, salvo se outro houver sido eleito no contrato\u201d.<\/em><\/p>\n<\/blockquote>\n\n\n\n<p>Al\u00e9m disso, o valor da causa deve corresponder, a princ\u00edpio, a 12 (doze) meses de aluguel ou a 3 (tr\u00eas) sal\u00e1rios vigentes no caso de loca\u00e7\u00e3o em virtude de rela\u00e7\u00e3o de trabalho, em conson\u00e2ncia com o artigo 58, III da Lei do Inquilinato.<\/p>\n\n\n\n<p>Estando a peti\u00e7\u00e3o inicial devidamente instru\u00edda e protocolada, o juiz competente ir\u00e1 analis\u00e1-la e, entendendo estarem preenchidos os requisitos legais, determinar\u00e1 a cita\u00e7\u00e3o da parte contr\u00e1ria e a expedi\u00e7\u00e3o de mandado de desocupa\u00e7\u00e3o.<\/p>\n\n\n\n<p>\u00c0 parte locat\u00e1ria caber\u00e1 desocupar o im\u00f3vel no prazo de 15 (quinze) dias sob pena de desocupa\u00e7\u00e3o for\u00e7ada, inclusive, com for\u00e7a policial. Ap\u00f3s, o processo judicial segue seu tr\u00e2mite conforme legisla\u00e7\u00e3o vigente at\u00e9 a prola\u00e7\u00e3o da senten\u00e7a.<\/p>\n\n\n\n<style>\n    #adpost-block_e9015033a2ad975247b0684f8c077b9e.anuncio-post-reverse {\n        display: flex;\n        gap: 24px;\n        border-radius: 8px;\n        width: 100%;\n        max-width: 752px;\n        padding: 40px;\n        background: #e7f4fe;\n        margin: 16px auto;\n    }\n\n    #adpost-block_e9015033a2ad975247b0684f8c077b9e .anuncio-container {\n        display: flex;\n        flex-direction: column;\n        gap: 24px;\n        width: 100%;\n        max-width: 333px;\n    }\n\n    #adpost-block_e9015033a2ad975247b0684f8c077b9e .anuncio-container .logo {\n        width: 100%;\n        max-width: 177px;\n        margin: 0;\n    }\n\n    #adpost-block_e9015033a2ad975247b0684f8c077b9e .anuncio-text-container {\n        display: flex;\n        flex-direction: column;\n        gap: 24px;\n    }\n\n    #adpost-block_e9015033a2ad975247b0684f8c077b9e .anuncio-text-container .title {\n        font-family: 'Ubuntu';\n        font-size: 1.5rem; \/\/24px\n        font-weight: 700;\n        line-height: 120%;\n        margin: 0;\n        color: #000;\n    }\n\n    #adpost-block_e9015033a2ad975247b0684f8c077b9e .anuncio-text-container .text {\n        font-size: 0.875rem;\n        font-weight: 400;\n        line-height: 170%;\n        color: #000;\n    }\n\n    #adpost-block_e9015033a2ad975247b0684f8c077b9e .anuncio-container .button {\n        display: inline-flex;\n        align-items: center;\n        justify-content: center;\n        width: fit-content;\n        height: 48px;\n        border-radius: 8px;\n        padding: 12px 24px;\n        font-size: 1rem;\n        font-weight: 600;\n        text-decoration: none;\n        background: #008fd5;\n        color: #fff;\n    }\n\n    #adpost-block_e9015033a2ad975247b0684f8c077b9e .image-container {\n        position: relative;\n        width: 100%;\n        height: 100%;\n    }\n\n    #adpost-block_e9015033a2ad975247b0684f8c077b9e .image-container.float {\n        min-height: 236px;\n    }\n\n    #adpost-block_e9015033a2ad975247b0684f8c077b9e .image-container .image-desktop {\n        width: 100%;\n        max-width: 323px;\n        object-fit: contain;\n        margin: 0;\n    }\n\n    #adpost-block_e9015033a2ad975247b0684f8c077b9e .image-container .image-mobile {\n        display: none;\n        width: 100%;\n        max-width: 291px;\n        object-fit: contain;\n        margin: 0;\n    }\n\n    #adpost-block_e9015033a2ad975247b0684f8c077b9e .image-container.float .image-desktop,\n    #adpost-block_e9015033a2ad975247b0684f8c077b9e .image-container.float .image-mobile {\n        position: absolute;\n        right: 0;\n        bottom: 0;\n    }\n\n    #adpost-block_e9015033a2ad975247b0684f8c077b9e .image-container img {\n        border-radius: 8px;\n    }\n\n    \/************\n    * MOBILE \n    *************\/\n    @media (max-width: 1439px) {\n        #adpost-block_e9015033a2ad975247b0684f8c077b9e.anuncio-post-reverse {\n            flex-direction: column-reverse;\n            max-width: fit-content;\n            padding: 24px;\n        }\n\n        #adpost-block_e9015033a2ad975247b0684f8c077b9e .anuncio-container {\n            max-width: 280px;\n            align-items: center;\n        }\n\n        #adpost-block_e9015033a2ad975247b0684f8c077b9e .anuncio-container .logo {\n            max-width: 147px;\n        }\n\n        #adpost-block_e9015033a2ad975247b0684f8c077b9e .anuncio-text-container {\n            gap: 8px;\n        }\n\n        #adpost-block_e9015033a2ad975247b0684f8c077b9e .anuncio-text-container .title {\n            font-size: 1.25rem;\n            text-align: center;\n        }\n\n        #adpost-block_e9015033a2ad975247b0684f8c077b9e .anuncio-text-container .text {\n            text-align: center;\n        }\n\n        #adpost-block_e9015033a2ad975247b0684f8c077b9e .anuncio-container .button {\n            width: 100%;\n        }\n\n        #adpost-block_e9015033a2ad975247b0684f8c077b9e .image-container.float {\n            min-height: 182px;\n        }\n\n        #adpost-block_e9015033a2ad975247b0684f8c077b9e .image-container .image-desktop {\n            display: none;\n        }\n\n        #adpost-block_e9015033a2ad975247b0684f8c077b9e .image-container .image-mobile {\n            display: block;\n        }\n    }\n\n    \/*******************\n    * RESET GLOBAL CSS \n    ********************\/\n    #s-post main article .content .image-container img {\n        margin: 0;\n    }\n<\/style>\n\n\n<article id=\"adpost-block_e9015033a2ad975247b0684f8c077b9e\" class=\"anuncio-post-reverse\">\n    <div class=\"anuncio-container\">\n        \n        <div class=\"anuncio-text-container\">\n             <h3 class=\"title\" >Seja protagonista da sua advocacia com o Astrea<\/h3>\n            <div class=\"text\" >Tenha tempo para focar no crescimento do seu escrit\u00f3rio, enquanto o Astrea cuida da sua gest\u00e3o jur\u00eddica com intelig\u00eancia.<\/div>        <\/div>\n       \n        <a class=\"button\" href=\"\/astrea\/?utm_source=blog&#038;utm_medium=adpost&#038;utm_campaign=campanha-marca-2026\" target=\"_self\">Conhe\u00e7a o Astrea<\/a>    <\/div>\n\n    <div class=\"image-container\">\n        <img decoding=\"async\" class=\"image-desktop\" src=\"https:\/\/www.aurum.com.br\/blog\/wp-content\/uploads\/2026\/03\/adpos-posicionamento-2026-desktop.png\" alt=\"\" \/>\n        <img decoding=\"async\" class=\"image-mobile\" src=\"https:\/\/www.aurum.com.br\/blog\/wp-content\/uploads\/2026\/03\/adpost-posicionamento-2026-mobile.png\" alt=\"\" \/>    <\/div>\n<\/article>\n\n\n<h2 class=\"wp-block-heading\">Quanto tempo demora para sair uma liminar de despejo?<\/h2>\n\n\n\n<p><strong>N\u00e3o existe um prazo fixado em lei <\/strong>para que o juiz receba a a\u00e7\u00e3o de despejo com pedido liminar e elabore sua decis\u00e3o. Mas, em tese, por existir pedido liminar, assim que a a\u00e7\u00e3o \u00e9 proposta no judici\u00e1rio, a decis\u00e3o liminar n\u00e3o \u00e9 para ser muito demorada, podendo ocorrer em algumas semanas.<\/p>\n\n\n\n<p>Quanto \u00e0 desocupa\u00e7\u00e3o do inquilino, <strong>saindo a decis\u00e3o liminar positiva determinando expedi\u00e7\u00e3o de mandado de desocupa\u00e7\u00e3o, este possuir\u00e1 15 (quinze) dias<\/strong>, contados da sua intima\u00e7\u00e3o, para desocupar o im\u00f3vel locado, sob pena de formas for\u00e7adas de desocupa\u00e7\u00e3o, inclusive, for\u00e7a policial.<\/p>\n\n\n\n<p><a href=\"https:\/\/www.aurum.com.br\/blog\/prazos-processuais\/\"><em>Leia tamb\u00e9m: Guia completo de prazos processuais no Novo CPC<\/em><\/a><\/p>\n\n\n\n<h2 class=\"wp-block-heading\">Como suspender a liminar de despejo?<\/h2>\n\n\n\n<p>A princ\u00edpio, <strong>n\u00e3o \u00e9 poss\u00edvel a sua suspens\u00e3o imediata<\/strong>. Mas existe uma hip\u00f3tese que pode interromper os efeitos do mandado de desocupa\u00e7\u00e3o liminar, que acontece quando ocorre o mandado de desocupa\u00e7\u00e3o em virtude de falta de pagamento do aluguel e acess\u00f3rios.<\/p>\n\n\n\n<p>Isso porque, no par\u00e1grafo terceiro do artigo 59 da Lei de Loca\u00e7\u00f5es, menciona-se que a parte locat\u00e1ria pode evitar a rescis\u00e3o da loca\u00e7\u00e3o e o despejo liminar se, dentro do prazo concedido para desocupa\u00e7\u00e3o, independentemente de c\u00e1lculo, efetuar dep\u00f3sito judicial contemplando a totalidade dos valores devidos, a saber:<\/p>\n\n\n\n<figure class=\"wp-block-pullquote classe bq-small\"><blockquote><p>Art. 59. Com as modifica\u00e7\u00f5es constantes deste cap\u00edtulo, as a\u00e7\u00f5es de despejo ter\u00e3o o rito ordin\u00e1rio.<br>(&#8230;)<br>\u00a7 3<sup>o<\/sup>&nbsp; No caso do inciso IX do \u00a7 1<sup>o<\/sup> deste artigo, poder\u00e1 o locat\u00e1rio evitar a rescis\u00e3o da loca\u00e7\u00e3o e elidir a liminar de desocupa\u00e7\u00e3o se, dentro dos 15 (quinze) dias concedidos para a desocupa\u00e7\u00e3o do im\u00f3vel e independentemente de c\u00e1lculo, efetuar dep\u00f3sito judicial que contemple a totalidade dos valores devidos, na forma prevista no inciso II do art. 62. <a href=\"https:\/\/www.planalto.gov.br\/ccivil_03\/_Ato2007-2010\/2009\/Lei\/L12112.htm#art2\" target=\"_blank\" rel=\"noopener\">(Inclu\u00eddo pela Lei n\u00ba 12.112, de 2009)<\/a><\/p><\/blockquote><\/figure>\n\n\n\n<p>Apesar de a liminar de despejo ser um grande benef\u00edcio concedido \u00e0 parte locadora que preenche os requisitos legais, \u00e9 essencial registrar que o requisito que trata do<strong> dep\u00f3sito de cau\u00e7\u00e3o foi inclu\u00eddo justamente como uma forma de prote\u00e7\u00e3o aos inquilinos.&nbsp;<\/strong><\/p>\n\n\n\n<p>A cau\u00e7\u00e3o depositada pela parte locadora, nas palavras de Venosa:<\/p>\n\n\n\n<blockquote class=\"wp-block-quote is-layout-flow wp-block-quote-is-layout-flow\">\n<p><em>\u00c9 medida de contracautela e serve para garantir eventual ressarcimento de dano (&#8230;)&nbsp; desempenha um papel espec\u00edfico no processo, qual seja, acautelar o direito do r\u00e9u quanto a poss\u00edvel preju\u00edzo\u201d.<\/em><\/p>\n<\/blockquote>\n\n\n\n<p>Sendo assim, realizada a desocupa\u00e7\u00e3o liminar do inquilino e, caso haja o insucesso da demanda ao final do processo a favor da parte locadora, os valores depositados a t\u00edtulo de cau\u00e7\u00e3o servir\u00e3o como indeniza\u00e7\u00e3o m\u00ednima de perdas e danos \u00e0 parte que teve que desocupar o im\u00f3vel de forma urgente.<\/p>\n\n\n\n<p>Al\u00e9m disso, como citado, a cau\u00e7\u00e3o no caso de n\u00e3o haver \u00eaxito na demanda em favor da parte locadora, \u00e9 considerada indeniza\u00e7\u00e3o m\u00ednima \u00e0 parte locat\u00e1ria, que pode provar preju\u00edzo maior e reclam\u00e1-lo em a\u00e7\u00e3o de indeniza\u00e7\u00e3o, como estuda Scavone.<\/p>\n\n\n\n<h2 class=\"wp-block-heading\">Modelo de a\u00e7\u00e3o de despejo liminar:<\/h2>\n\n\n\n<p>A fim de que seja poss\u00edvel visualizar a utiliza\u00e7\u00e3o do instituto do despejo liminar na pr\u00e1tica, <strong>disponibilizo um modelo base de peti\u00e7\u00e3o inicial de despejo com pedido liminar<\/strong>, que deve ser complementado e adaptado conforme cada caso concreto:<\/p>\n\n\n\n<p><em>Endere\u00e7amento:<\/em><strong> <\/strong>Excelent\u00edssimo Senhor Doutor Juiz de Direito da Comarca de xxxxxxx &#8211; Estado xxxxx<\/p>\n\n\n\n<p><em>Qualifica\u00e7\u00e3o: <\/em>(Nome completo), (nacionalidade), (estado civil), (profiss\u00e3o), portador(a) da carteira de identidade RG n\u00ba xx.xxx.xxx-x, inscrito(a) no CPF\/MF no xxx.xxx.xxx-xx, residente e domiciliado(a) na Rua (endere\u00e7o) e endere\u00e7o eletr\u00f4nico: xxxxxxxxxxxxxxxxxxx, por seus advogados e procuradores ao final assinados, com escrit\u00f3rio profissional localizado na Rua (endere\u00e7o) vem, respeitosamente, perante Vossa Excel\u00eancia, com fundamento nos artigos (<em>incluir todos os artigos correspondentes, inclusive e de forma imprescind\u00edvel, o inciso do artigo 59, \u00a7<\/em><em>1\u00ba da <\/em><em>Lei do Inquilinato n\u00ba 8.245\/91<\/em><em> <\/em><em>correspondente \u00e0 hip\u00f3tese legal para pedido liminar<\/em>), com a finalidade de propor<\/p>\n\n\n\n<p><strong>A\u00c7\u00c3O DE DESPEJO<\/strong> com pedido liminar<\/p>\n\n\n\n<p>em face de (nome completo e qualifica\u00e7\u00e3o), residente e domiciliado(a) na Rua (endere\u00e7o), endere\u00e7o eletr\u00f4nico: xxxxxxxxxxxxxxxxxxxx, pelas raz\u00f5es abaixo expostas.<\/p>\n\n\n\n<p><strong>I &#8211; S\u00edntese F\u00e1tica<\/strong><\/p>\n\n\n\n<p><em>*Nos fatos caber\u00e1 \u00e0 parte autora descrever a rela\u00e7\u00e3o locat\u00edcia e o que ocorreu, indicando os documentos comprobat\u00f3rios anexos.&nbsp;<\/em><\/p>\n\n\n\n<p><em>Por exemplo e de forma resumida:<\/em><\/p>\n\n\n\n<p>A Requerente \u00e9 propriet\u00e1ria do im\u00f3vel localizado \u00e0 Rua (inserir endere\u00e7o completo), devidamente registrado conforme matr\u00edcula imobili\u00e1ria n\u00ba xxxx do xx Registo de Im\u00f3veis de xxxxxxxxx (anexo xx). Na data de xx\/xx\/xxxx a Requerente locou o im\u00f3vel \u00e0 Requerida por meio de contrato de loca\u00e7\u00e3o para fins residenciais (anexo xx).<\/p>\n\n\n\n<p>O aluguel foi ajustado entre as partes ao valor de R$ xxxxx,xx mensais acrescido dos seguintes encargos: condom\u00ednio, \u00e1gua, luz e IPTU, de acordo com as cl\u00e1usulas xx, xx e xx do contrato de loca\u00e7\u00e3o.&nbsp;<\/p>\n\n\n\n<p>Todavia, ap\u00f3s o terceiro m\u00eas de loca\u00e7\u00e3o a Requerida passou a deixar de arcar com os valores mensais devidos, tanto com o aluguel, como com os demais encargos, resultando no d\u00e9bito atualizado de R$ xxxxxx,xx at\u00e9 o momento, conforme demonstrativo de c\u00e1lculo acostado ao anexo xx e boletos pendentes (anexo xx).<\/p>\n\n\n\n<p>Ressalta-se que, como pode-se observar no contrato de loca\u00e7\u00e3o (anexo xx), a rela\u00e7\u00e3o locat\u00edcia foi celebrada sem qualquer garantia prevista.<\/p>\n\n\n\n<p>Diante do exposto, n\u00e3o restam alternativas sen\u00e3o buscar o judici\u00e1rio a fim de a Requerente obter a retomada de seu im\u00f3vel em face da Requerida.<\/p>\n\n\n\n<p><strong>II &#8211; Fundamenta\u00e7\u00e3o jur\u00eddica<\/strong><\/p>\n\n\n\n<ol class=\"wp-block-list\">\n<li><strong>Do Cabimento: <\/strong><em>neste t\u00f3pico indicar o artigo 5\u00ba da Lei de Loca\u00e7\u00f5es e outros dispositivos legais que entender cab\u00edvel conforme o caso:<\/em><\/li>\n<\/ol>\n\n\n\n<p><em>Art. 5\u00ba Seja qual for o fundamento do t\u00e9rmino da loca\u00e7\u00e3o, a a\u00e7\u00e3o do locador para reaver o im\u00f3vel \u00e9 a de despejo.<\/em><\/p>\n\n\n\n<p><em>Par\u00e1grafo \u00fanico. O disposto neste artigo n\u00e3o se aplica se a loca\u00e7\u00e3o termina em decorr\u00eancia de desapropria\u00e7\u00e3o, com a imiss\u00e3o do expropriante na posse do im\u00f3vel.<\/em><\/p>\n\n\n\n<p><em>Um exemplo de outros dispositivos legais a serem mencionados e trabalhados se o caso se tratar de falta de pagamento s\u00e3o o artigo 9\u00ba e seus incisos II e III e o artigo 62, inciso I:<\/em><\/p>\n\n\n\n<p><em>Art. 9\u00ba A loca\u00e7\u00e3o tamb\u00e9m poder\u00e1 ser desfeita:<\/em><\/p>\n\n\n\n<p><em>(&#8230;)<\/em><\/p>\n\n\n\n<p><em>II &#8211; em decorr\u00eancia da pr\u00e1tica de infra\u00e7\u00e3o legal ou contratual;<\/em><\/p>\n\n\n\n<p><em>III &#8211; em decorr\u00eancia da falta de pagamento do aluguel e demais encargos;<\/em><\/p>\n\n\n\n<p><em>Art. 62.&nbsp; Nas a\u00e7\u00f5es de despejo fundadas na falta de pagamento de aluguel e acess\u00f3rios da loca\u00e7\u00e3o, de aluguel provis\u00f3rio, de diferen\u00e7as de alugu\u00e9is, ou somente de quaisquer dos acess\u00f3rios da loca\u00e7\u00e3o, observar-se-\u00e1 o seguinte: (Reda\u00e7\u00e3o dada pela Lei n\u00ba 12.112, de 2009)<\/em><\/p>\n\n\n\n<p><em>I &#8211; o pedido de rescis\u00e3o da loca\u00e7\u00e3o poder\u00e1 ser cumulado com o de cobran\u00e7a dos alugu\u00e9is e acess\u00f3rios da loca\u00e7\u00e3o, devendo ser apresentado, com a inicial, c\u00e1lculo discriminado do valor do d\u00e9bito;<\/em><\/p>\n\n\n\n<p><em>I \u2013 o pedido de rescis\u00e3o da loca\u00e7\u00e3o poder\u00e1 ser cumulado com o pedido de cobran\u00e7a dos alugu\u00e9is e acess\u00f3rios da loca\u00e7\u00e3o; nesta hip\u00f3tese, citar-se-\u00e1 o locat\u00e1rio para responder ao pedido de rescis\u00e3o e o locat\u00e1rio e os fiadores para responderem ao pedido de cobran\u00e7a, devendo ser apresentado, com a inicial, c\u00e1lculo discriminado do valor do d\u00e9bito; (Reda\u00e7\u00e3o dada pela Lei n\u00ba 12.112, de 2009)<\/em><\/p>\n\n\n\n<ol class=\"wp-block-list\" start=\"2\">\n<li><strong>Do Pedido Liminar: <\/strong>neste ponto indicar a situa\u00e7\u00e3o legal que permite a decis\u00e3o liminar de desocupa\u00e7\u00e3o, conforme incisos do par\u00e1grafo primeiro do artigo 59 da Lei de Loca\u00e7\u00f5es. Ainda, apresentar que foi realizado o pagamento da cau\u00e7\u00e3o no valor de 3 (tr\u00eas) alugueis e indicar o anexo onde consta o comprovante.&nbsp; Por exemplo:<\/li>\n<\/ol>\n\n\n\n<p><em>O par\u00e1grafo primeiro do artigo 59 da Lei de Inquilinato apresenta a possibilidade de a parte locadora solicitar o despejo liminar. Para tanto, s\u00e3o dois requisitos que precisam ser cumpridos, quais sejam, fundamenta\u00e7\u00e3o exclusiva conforme um dos incisos do dispositivo legal mencionado e pagamento de cau\u00e7\u00e3o.<\/em><\/p>\n\n\n\n<p><em>No presente caso, conforme demonstrado na s\u00edntese f\u00e1tica, a Requerida n\u00e3o est\u00e1 realizando os pagamentos devido a t\u00edtulo de aluguel e encargos desde o m\u00eas de xxxxxx. Al\u00e9m disso, o instrumento contratual de loca\u00e7\u00e3o firmado n\u00e3o estipula nenhuma das garantias previstas no artigo 37 da Lei do Inquilinato.<\/em><\/p>\n\n\n\n<p><em>Neste sentido, verifica-se que a situa\u00e7\u00e3o se encaixa no inciso IX, do par\u00e1grafo primeiro do artigo 59 da Lei n\u00ba 8.245\/91, a saber:&nbsp;&nbsp;&nbsp;<\/em><\/p>\n\n\n\n<p><em>Art. 59. Com as modifica\u00e7\u00f5es constantes deste cap\u00edtulo, as a\u00e7\u00f5es de despejo ter\u00e3o o rito ordin\u00e1rio.<\/em><\/p>\n\n\n\n<p><em>\u00a7 1\u00ba Conceder &#8211; se &#8211; \u00e1 liminar para desocupa\u00e7\u00e3o em quinze dias, independentemente da audi\u00eancia da parte contr\u00e1ria e desde que prestada a cau\u00e7\u00e3o no valor equivalente a tr\u00eas meses de aluguel, nas a\u00e7\u00f5es que tiverem por fundamento exclusivo:<\/em><\/p>\n\n\n\n<p><em>IX \u2013 a falta de pagamento de aluguel e acess\u00f3rios da loca\u00e7\u00e3o no vencimento, estando o contrato desprovido de qualquer das garantias previstas no art. 37, por n\u00e3o ter sido contratada ou em caso de extin\u00e7\u00e3o ou pedido de exonera\u00e7\u00e3o dela, independentemente de motivo. (Inclu\u00eddo pela Lei n\u00ba 12.112, de 2009)<\/em><\/p>\n\n\n\n<p><em><\/em><em>Al\u00e9m disso, a parte Requerente apresenta no anexo xx o comprovante de pagamento da cau\u00e7\u00e3o correspondente ao valor de 3 (tr\u00eas) meses de aluguel.<\/em><\/p>\n\n\n\n<p><em>Portanto, demonstra-se a possibilidade de pedido liminar, raz\u00e3o pela qual requer-se com urg\u00eancia a expedi\u00e7\u00e3o de mandado de despejo em face da parte Requerida, para que desocupe o im\u00f3vel no prazo de 15 (quinze) dias.<\/em><\/p>\n\n\n\n<p><strong>III &#8211; Pedidos<\/strong><\/p>\n\n\n\n<p><em>*Acrescentar\/excluir pedidos de acordo com cada caso espec\u00edfico.<\/em><\/p>\n\n\n\n<p>Diante do exposto, requer-se:<\/p>\n\n\n\n<ol class=\"wp-block-list\">\n<li>o deferimento do pedido liminar de desocupa\u00e7\u00e3o, com fundamento no artigo 59, \u00a71\u00ba, inciso xxxx da Lei do Inquilinato, com a consequente cita\u00e7\u00e3o da parte Requerida para que desocupe o im\u00f3vel no prazo de 15 (quinze) dias (<em>ou realize os pagamentos a fim de extinguir a d\u00edvida &#8211; <\/em>nos casos de despejo por falta de pagamento);<\/li>\n\n\n\n<li>no caso de deferimento da liminar, a ci\u00eancia de eventuais sublocat\u00e1rios e ocupantes, conforme artigo 59, \u00a72\u00ba da Lei n 8.245\/91;<\/li>\n\n\n\n<li>a cita\u00e7\u00e3o da parte Requerida para que, querendo, ofere\u00e7a contesta\u00e7\u00e3o \u00e0 a\u00e7\u00e3o dentro do prazo legal de 15 (quinze) dias;<\/li>\n\n\n\n<li>a produ\u00e7\u00e3o de todas as provas em direito admitidas, em especial a documental;<\/li>\n\n\n\n<li>a proced\u00eancia do pedido, nos termos do artigo 487, inciso I do C\u00f3digo de Processo Civil, a fim de confirmar a liminar deferida e rescindir a loca\u00e7\u00e3o, (<em>al\u00e9m de condenar a parte Requerida ao pagamento dos valores devidos que correspondem a R$ xxxxx,xx atualizado at\u00e9 o m\u00eas de xxxxx, nos termos do artigo 62, I da Lei de Loca\u00e7\u00f5es &#8211; <\/em>no caso de despejo por falta de pagamento);&nbsp;<\/li>\n\n\n\n<li>a juntada do comprovante de pagamento das custas processuais em anexo;<\/li>\n\n\n\n<li>a condena\u00e7\u00e3o da parte Requerida ao pagamento de custas e honor\u00e1rios advocat\u00edcios.<\/li>\n<\/ol>\n\n\n\n<p>Por fim, dada a natureza da a\u00e7\u00e3o, informa-se, em respeito aos artigos 319, VII e 334 do CPC que a parte Requerente n\u00e3o possui o interesse em audi\u00eancia de concilia\u00e7\u00e3o.<\/p>\n\n\n\n<p>D\u00e1-se a presente causa o valor de<strong> R$ xxxx,xx<\/strong> , conforme disp\u00f5e o artigo 58, III, da Lei n\u00ba 8.245\/91;<\/p>\n\n\n\n<p>Nestes termos,&nbsp;<\/p>\n\n\n\n<p>Pede deferimento.<\/p>\n\n\n\n<p>Local, Data\u2026.<\/p>\n\n\n\n<h2 class=\"wp-block-heading\">Conclus\u00e3o:<\/h2>\n\n\n\n<p>Diante de todo o texto, \u00e9 poss\u00edvel ver a grande import\u00e2ncia de os profissionais da advocacia conhecerem o instituto do despejo liminar. Al\u00e9m das discuss\u00f5es acerca das rela\u00e7\u00f5es locat\u00edcias serem muito frequentes, estas podem facilmente surgir para qualquer profissional, independentemente da sua \u00e1rea de atua\u00e7\u00e3o.<\/p>\n\n\n\n<p>\u00c9 de grande relev\u00e2ncia a aten\u00e7\u00e3o que se deve dar ao tema, a fim de distinguir com facilidade na atua\u00e7\u00e3o profissional quando ser\u00e1 cab\u00edvel uma liminar e quando n\u00e3o ser\u00e1 em a\u00e7\u00f5es que envolvem pedido de desocupa\u00e7\u00e3o de inquilinos.<\/p>\n\n\n\n<p>Quando cab\u00edvel,<strong> o despejo liminar pode ser de grande vantagem \u00e0 parte locadora, que preenchendo os requisitos legais apresentados, pode obter resultados mais pr\u00e1ticos e r\u00e1pidos<\/strong>.<\/p>\n\n\n\n<p>Assim como compreender o instituto pode auxiliar, e muito, na orienta\u00e7\u00e3o de inquilinos que possuem d\u00favidas sobre os riscos que envolvem sua rela\u00e7\u00e3o locat\u00edcia no caso da ocorr\u00eancia de determinadas situa\u00e7\u00f5es.<\/p>\n\n\n\n<h3 class=\"wp-block-heading\">Mais conhecimento para voc\u00ea<\/h3>\n\n\n\n<p>Se voc\u00ea gostou deste texto e deseja seguir a leitura em temas sobre direito e advocacia, vale a pena conferir os seguintes materiais:&nbsp;&nbsp;<\/p>\n\n\n\n<ul class=\"wp-block-list\">\n<li><a href=\"https:\/\/www.aurum.com.br\/blog\/impeachment\/\">Entenda o que \u00e9 e como funciona o impeachment<\/a><\/li>\n\n\n\n<li><a href=\"https:\/\/www.aurum.com.br\/blog\/lei-das-estatais\/\">Veja o que \u00e9 a Lei das Estatais e suas principais caracter\u00edsticas<\/a><\/li>\n\n\n\n<li><a href=\"https:\/\/www.aurum.com.br\/blog\/como-ser-um-bom-advogado-dicas-e-principais-caracteristicas\/\">Como ser um bom advogado: dicas e principais caracter\u00edsticas!<\/a><\/li>\n\n\n\n<li><a href=\"https:\/\/www.aurum.com.br\/blog\/usucapiao\/\">[GUIA] Usucapi\u00e3o: o que \u00e9, como funciona e mais<\/a><\/li>\n\n\n\n<li><a href=\"https:\/\/www.aurum.com.br\/blog\/consultar-intimacao\/\">Como consultar intima\u00e7\u00e3o pelo celular e aumentar sua produtividade<\/a><\/li>\n\n\n\n<li><a href=\"https:\/\/www.aurum.com.br\/blog\/lei-rouanet\/\" data-type=\"URL\" data-id=\"https:\/\/www.aurum.com.br\/blog\/lei-rouanet\/\">Tudo que voc\u00ea queria saber sobre a Lei Rouanet<\/a><\/li>\n\n\n\n<li><a href=\"https:\/\/www.aurum.com.br\/blog\/holding\/\">Holding: Conhe\u00e7a o que \u00e9, como funciona e seus tipos!<\/a><\/li>\n\n\n\n<li><a href=\"https:\/\/www.aurum.com.br\/blog\/registro-de-imoveis\/\">Registro de Im\u00f3veis: O que \u00e9, qual sua import\u00e2ncia e como funciona!<\/a><\/li>\n\n\n\n<li><a href=\"https:\/\/www.aurum.com.br\/blog\/cessao-de-credito\/\">Descubra o que \u00e9 a cess\u00e3o de cr\u00e9dito e como ela funciona!<\/a><\/li>\n\n\n\n<li><a href=\"https:\/\/www.aurum.com.br\/blog\/antitruste\/\">Entenda o que \u00e9 antitruste e suas principais caracter\u00edsticas<\/a><\/li>\n\n\n\n<li><a href=\"https:\/\/www.aurum.com.br\/blog\/previdencia-privada\/(abrir em uma nova aba)\">Previd\u00eancia privada: como funciona e atua\u00e7\u00e3o do advogado<\/a><\/li>\n\n\n\n<li><a href=\"https:\/\/www.aurum.com.br\/blog\/lei-complementar\/\">Lei Complementar: Entenda Sua Relev\u00e2ncia e Processo de Aprova\u00e7\u00e3o no Brasil<\/a><\/li>\n<\/ul>\n\n\n\n<p>Este conte\u00fado foi \u00fatil pra voc\u00ea? Conta aqui nos coment\u00e1rios \ud83d\ude09<\/p>\n\n\n<style>\r\n  .news-post {\r\n    background: url('https:\/\/www.aurum.com.br\/blog\/wp-content\/themes\/aurum\/img\/bg-news-artigo.svg') no-repeat top center #3C48AA;\r\n    padding: 1.5rem;\r\n    border-radius: 6px;\r\n    margin: 1rem 0;\r\n  }\r\n  .news-post .icone {\r\n    display: none;\r\n  }\r\n  .news-post .title {\r\n    font-weight: 700;\r\n    font-size: 16px;\r\n    line-height: 130%;\r\n    text-align: center;\r\n    letter-spacing: -0.5px;\r\n    color: #fff;\r\n    margin-bottom: .9375rem;\r\n  }\r\n  .news-post p {\r\n    font-size: .875rem;\r\n    line-height: 140%;\r\n    text-align: center;\r\n    color: #fff;\r\n    margin-bottom: 1.25rem;\r\n  }\r\n  .news-post .news_button_span {\r\n    font-size: .8125rem;\r\n    display: block;\r\n    padding: .125rem .3125rem;\r\n    color: #fff;\r\n    text-align:left;\r\n  }\r\n  .news-post .news_button_span a {\r\n    color: #fff !important;\r\n    text-decoration: underline;\r\n  }\r\n  .news-post form {\r\n    width: 100%;\r\n  }\r\n  .news-post label {\r\n    font-weight: 600;\r\n    font-size: .9375rem;\r\n    line-height: 1.5rem;\r\n    margin-bottom: .5rem;\r\n    color: #fff;\r\n    display: block;\r\n  }\r\n  .news-post input {\r\n    background: #fff;\r\n    border: 1px solid #CBCBD9;\r\n    box-sizing: border-box;\r\n    border-radius: 4px;\r\n    padding: .75rem 1rem;\r\n    width: 100%;\r\n  }\r\n  .news-post button {\r\n    margin-top: .875rem;\r\n    width: 100%;\r\n    min-width: auto;\r\n    background: #FCC632;\r\n    color: #3C48AA;\r\n  }\r\n  .news-post .input {\r\n    position: relative;\r\n    padding-bottom: 10px;\r\n  }\r\n  .news-post .error-message-ad {\r\n    font-size: .875rem;\r\n    line-height: 130%;\r\n    color: #D50021;\r\n    margin-left: 4px;\r\n  }\r\n  .news-post .error {\r\n    border: 1px solid #D50021;\r\n  }\r\n  .news-post #message-form-ad {\r\n    border-radius: 4px;\r\n    padding: 0.7rem;\r\n    font-size:0.8rem;\r\n    text-align: center;\r\n    align-items: center;\r\n    justify-content: center;\r\n    display: none;\r\n  }\r\n  .news-post #message-form-ad svg {\r\n    margin-right: 8px;\r\n  }\r\n\r\n  @media(min-width: 561px) {\r\n    .news-post {\r\n      position: relative;\r\n      background: url('https:\/\/www.aurum.com.br\/blog\/wp-content\/themes\/aurum\/img\/bg-news-artigo.svg') no-repeat top center #3C48AA;\r\n      width: calc(100% - 30px);\r\n    }\r\n    .news-post .icone {\r\n      display: block;\r\n      position: absolute;\r\n      right: -30px;\r\n      top: 65px;\r\n      max-width: 142px;\r\n      width: 100%;\r\n      height: auto;\r\n      margin: 0;\r\n    }\r\n    .news-post .title {\r\n      font-size: 1.125rem;\r\n      text-align: left;\r\n      \/* padding-right: 3.75rem; *\/\r\n    }\r\n    .news-post p {\r\n      font-size: 1rem;\r\n      text-align: left;\r\n      max-width: 400px;\r\n    }\r\n    .news-post .boxes {\r\n      display: flex;\r\n      align-items: flex-start;\r\n    }\r\n    .news-post button {\r\n      margin: 0 0 0 1rem;\r\n      width: 100%;\r\n      max-width: 170px;\r\n      min-width: auto;\r\n      transition: all ease .3s\r\n    }\r\n    .news-post button:hover {\r\n      opacity: 0.9;\r\n      transition: all ease .3s\r\n    }\r\n    .news-post #message-form-ad {\r\n      padding: 1.125rem;\r\n      font-size:1rem;\r\n    }\r\n    .news-post #message-form-ad svg {\r\n      margin-right: 10px;\r\n    }\r\n  }\r\n<\/style>\r\n\r\n<div class=\"news-post\">\r\n  <div class=\"title news-ad-title\">Gostou do artigo e quer evoluir a sua advocacia?<\/div>\r\n  <p class=\"news-ad-subtitle\">Assine gr\u00e1tis a Aurum News e receba uma dose semanal de conte\u00fado no seu e-mail! \u270c\ufe0f<\/p>\r\n  <img decoding=\"async\" src=\"https:\/\/www.aurum.com.br\/blog\/wp-content\/themes\/aurum\/img\/icon-news-artigo.svg\" alt=\"\" class=\"icone\">\r\n\r\n  <form method=\"post\" name=\"newsletter-ad\" id=\"aurum-newsletter-ad\">\r\n    <div class=boxes>\r\n      <div class=\"input\">\r\n        <label class=\"label-email\" htmlFor=\"email-ad\">Qual seu e-mail?<\/label>\r\n        <input type=\"email\" id=\"email-ad\" name=\"newsletter-mail-ad\" placeholder=\"Digite seu e-mail?\">\r\n        <div class=\"error-message-ad-email\">Endere\u00e7o de e-mail inv\u00e1lido ou incorreto<\/div>\r\n\r\n        <label class=\"label-select\" htmlFor=\"lawsuits-select-ad\">\r\n          Quantos processos voc\u00ea ou<br class=\"for-desktop\"\/> seu escrit\u00f3rio acompanham?\r\n        <\/label>\r\n        <div id=\"lawsuits-select-ad\" class=\"lawsuits-select select-wrapper\" tabindex=\"0\">\r\n          <div class=\"s-dropdown--styled\">\r\n          <span class=\"lawsuits-default\">\r\n            <span id=\"lawsuits-newsletter-ad\" class=\"lawsuits-default-text\" data-value=\"\">Selecione os processos<\/span>\r\n            <svg class=\"chevron\" xmlns=\"http:\/\/www.w3.org\/2000\/svg\" width=\"24\" height=\"25\" viewBox=\"0 0 24 25\" fill=\"none\">\r\n              <path d=\"M6 15.6152L12 9.61523L18 15.6152\" stroke=\"black\" stroke-width=\"2\" stroke-linecap=\"round\" stroke-linejoin=\"round\" \/>\r\n            <\/svg>\r\n          <\/span>\r\n\r\n          <ul class=\"s-dropdown u-hide\">\r\n            <li class=\"lawsuits\" data-value=\"Mais de 1000 processos\">Mais de 1000 processos<\/li>\r\n            <li class=\"lawsuits\" data-value=\"De 501 a 1000 processos\">De 501 a 1000 processos<\/li>\r\n            <li class=\"lawsuits\" data-value=\"De 151 a 500 processos\">De 151 a 500 processos<\/li>\r\n            <li class=\"lawsuits\" data-value=\"De 41 a 150 processos\">De 41 a 150 processos<\/li>\r\n            <li class=\"lawsuits\" data-value=\"At\u00e9 40 processos\">At\u00e9 40 processos<\/li>\r\n            <li class=\"lawsuits\" data-value=\"Atuo apenas no consultivo\">Atuo apenas no consultivo<\/li>\r\n            <li class=\"lawsuits\" data-value=\"Ainda sou estudante de direito\">Ainda sou estudante de direito<\/li>\r\n            <li class=\"lawsuits\" data-value=\"N\u00e3o sou da \u00e1rea jur\u00eddica\">N\u00e3o sou da \u00e1rea jur\u00eddica<\/li>\r\n          <\/ul>\r\n          <\/div>\r\n        <\/div>\r\n        <div class=\"error-message-ad-lawsuits\">Selecione algum processo<\/div>\r\n      <\/div>\r\n      <button class=\"btn btn-yellow ad-btn-desktop\" id=\"aurum-submit-ad\">Assinar gr\u00e1tis<\/button>\r\n      <button class=\"btn btn-yellow ad-btn-mobile\" id=\"aurum-submit-ad\">Assinar<\/button>\r\n    <\/div>\r\n    <span class=\"news_button_span\">Ao se cadastrar voc\u00ea declara que leu e aceitou a pol\u00edtica de privacidade e cookies do <a href=\"https:\/\/s3.sa-east-1.amazonaws.com\/publico.aurum.com.br\/contratos\/politica-de-privacidade.pdf\" target=\"_blank\" rel=\"noopener noreferrer\">site<\/a>.<\/span>\r\n  <\/form>\r\n  <div id=\"message-form-ad\"><\/div>\r\n<\/div>","protected":false},"excerpt":{"rendered":"<p>O despejo liminar se configura pela busca do locador de retomar o im\u00f3vel que ofereceu \u00e0 loca\u00e7\u00e3o por meio de uma decis\u00e3o mais r\u00e1pida, que antecipa os efeitos de uma senten\u00e7a judicial, desde que os requisitos legais estejam preenchidos. Um dos assuntos mais recorrentes dentro da esfera do direito imobili\u00e1rio \u00e9 a quest\u00e3o do despejo [&hellip;]<\/p>\n","protected":false},"author":131,"featured_media":23688,"comment_status":"open","ping_status":"open","sticky":false,"template":"","format":"standard","meta":{"_bbp_topic_count":0,"_bbp_reply_count":0,"_bbp_total_topic_count":0,"_bbp_total_reply_count":0,"_bbp_voice_count":0,"_bbp_anonymous_reply_count":0,"_bbp_topic_count_hidden":0,"_bbp_reply_count_hidden":0,"_bbp_forum_subforum_count":0,"inline_featured_image":false,"footnotes":""},"categories":[28],"tags":[],"class_list":["post-23687","post","type-post","status-publish","format-standard","has-post-thumbnail","hentry","category-direito-imobiliario"],"acf":[],"_links":{"self":[{"href":"https:\/\/www.aurum.com.br\/blog\/wp-json\/wp\/v2\/posts\/23687","targetHints":{"allow":["GET"]}}],"collection":[{"href":"https:\/\/www.aurum.com.br\/blog\/wp-json\/wp\/v2\/posts"}],"about":[{"href":"https:\/\/www.aurum.com.br\/blog\/wp-json\/wp\/v2\/types\/post"}],"author":[{"embeddable":true,"href":"https:\/\/www.aurum.com.br\/blog\/wp-json\/wp\/v2\/users\/131"}],"replies":[{"embeddable":true,"href":"https:\/\/www.aurum.com.br\/blog\/wp-json\/wp\/v2\/comments?post=23687"}],"version-history":[{"count":12,"href":"https:\/\/www.aurum.com.br\/blog\/wp-json\/wp\/v2\/posts\/23687\/revisions"}],"predecessor-version":[{"id":28747,"href":"https:\/\/www.aurum.com.br\/blog\/wp-json\/wp\/v2\/posts\/23687\/revisions\/28747"}],"wp:featuredmedia":[{"embeddable":true,"href":"https:\/\/www.aurum.com.br\/blog\/wp-json\/wp\/v2\/media\/23688"}],"wp:attachment":[{"href":"https:\/\/www.aurum.com.br\/blog\/wp-json\/wp\/v2\/media?parent=23687"}],"wp:term":[{"taxonomy":"category","embeddable":true,"href":"https:\/\/www.aurum.com.br\/blog\/wp-json\/wp\/v2\/categories?post=23687"},{"taxonomy":"post_tag","embeddable":true,"href":"https:\/\/www.aurum.com.br\/blog\/wp-json\/wp\/v2\/tags?post=23687"}],"curies":[{"name":"wp","href":"https:\/\/api.w.org\/{rel}","templated":true}]}}