{"id":23255,"date":"2023-08-01T18:11:58","date_gmt":"2023-08-01T21:11:58","guid":{"rendered":"https:\/\/www.aurum.com.br\/blog\/?p=23255"},"modified":"2023-09-11T15:40:15","modified_gmt":"2023-09-11T18:40:15","slug":"qualidade-de-segurado","status":"publish","type":"post","link":"https:\/\/www.aurum.com.br\/blog\/qualidade-de-segurado\/","title":{"rendered":"Confira como se adquire a qualidade de segurado do INSS"},"content":{"rendered":"<div id=\"bsf_rt_marker\"><\/div>\n<pre class=\"wp-block-preformatted\">A <strong>qualidade de segurado<\/strong>, cuja aus\u00eancia motiva indeferimentos de benef\u00edcios previdenci\u00e1rios, nada mais \u00e9 do que o v\u00ednculo que mant\u00e9m uma pessoa sob a prote\u00e7\u00e3o do INSS, e que se inicia com o pagamento da contribui\u00e7\u00e3o previdenci\u00e1ria.<\/pre>\n\n\n\n<p>Provavelmente voc\u00ea j\u00e1 ouviu falar em duas express\u00f5es quando se trata de INSS: qualidade de segurado e per\u00edodo de gra\u00e7a.<\/p>\n\n\n\n<p>Pensando em esclarecer essas d\u00favidas de uma vez por todas, esse conte\u00fado foi elaborado com todas as informa\u00e7\u00f5es que voc\u00ea precisa saber para garantir a concess\u00e3o de um benef\u00edcio previdenci\u00e1rio e a manuten\u00e7\u00e3o dos seus direitos perante \u00e0 Previd\u00eancia Social.<\/p>\n\n\n\n<p>Continue a leitura para saber mais! \ud83d\ude09&nbsp;<\/p>\n\n\n\n<h2 class=\"wp-block-heading\">Diferen\u00e7a entre inscri\u00e7\u00e3o e filia\u00e7\u00e3o para o INSS<\/h2>\n\n\n\n<p>Antes de nos aprofundarmos na qualidade de segurado e per\u00edodo de gra\u00e7a, precisamos estabelecer a distin\u00e7\u00e3o entre dois institutos legais: inscri\u00e7\u00e3o e filia\u00e7\u00e3o ao INSS.<\/p>\n\n\n\n<p>A <strong>filia\u00e7\u00e3o \u00e9 o v\u00ednculo <\/strong>que se estabelece entre as pessoas que contribuem para a Previd\u00eancia Social e do qual decorrem direitos e deveres. Por sua vez, a <strong>inscri\u00e7\u00e3o \u00e9 o cadastro do segurado ou do seu dependente<\/strong> no banco de dados da Previd\u00eancia Social.&nbsp;<\/p>\n\n\n\n<p>A filia\u00e7\u00e3o e a inscri\u00e7\u00e3o n\u00e3o necessariamente ocorrem no mesmo momento, pois, por exemplo, a filia\u00e7\u00e3o \u00e9 autom\u00e1tica para qualquer pessoa f\u00edsica que exer\u00e7a uma atividade laborativa remunerada no \u00e2mbito privado, mas o momento da inscri\u00e7\u00e3o dessa pessoa depender\u00e1 da sua categoria de segurado (se \u00e9 um segurado empregado ou um segurado contribuinte individual, por exemplo).<\/p>\n\n\n\n<h2 class=\"wp-block-heading\">O que \u00e9 a Qualidade de Segurado para o INSS?<\/h2>\n\n\n\n<p>Como dito anteriormente, a qualidade de segurado \u00e9 o v\u00ednculo que mant\u00e9m uma pessoa f\u00edsica sob a prote\u00e7\u00e3o do INSS.<\/p>\n\n\n\n<p>Em outras palavras, uma pessoa com qualidade de segurada, quando acometida de uma doen\u00e7a, por exemplo, poder\u00e1 usufruir de um benef\u00edcio previdenci\u00e1rio chamado aux\u00edlio por incapacidade tempor\u00e1ria.&nbsp;<\/p>\n\n\n\n<p>A qualidade de segurada tamb\u00e9m \u00e9 necess\u00e1ria, por exemplo, para a concess\u00e3o de um benef\u00edcio de sal\u00e1rio-maternidade, que \u00e9 destinado \u00e0s mulheres gestantes ou aos adotantes.&nbsp;<\/p>\n\n\n\n<style>\n    #adpost-block_44c23cc109ee94b0c47aa50286f09f14.anuncio-post-reverse {\n        display: flex;\n        gap: 24px;\n        border-radius: 8px;\n        width: 100%;\n        max-width: 752px;\n        padding: 40px;\n        background: #e7f4fe;\n        margin: 16px auto;\n    }\n\n    #adpost-block_44c23cc109ee94b0c47aa50286f09f14 .anuncio-container {\n        display: flex;\n        flex-direction: column;\n        gap: 24px;\n        width: 100%;\n        max-width: 333px;\n    }\n\n    #adpost-block_44c23cc109ee94b0c47aa50286f09f14 .anuncio-container .logo {\n        width: 100%;\n        max-width: 177px;\n        margin: 0;\n    }\n\n    #adpost-block_44c23cc109ee94b0c47aa50286f09f14 .anuncio-text-container {\n        display: flex;\n        flex-direction: column;\n        gap: 24px;\n    }\n\n    #adpost-block_44c23cc109ee94b0c47aa50286f09f14 .anuncio-text-container .title {\n        font-family: 'Ubuntu';\n        font-size: 1.5rem; \/\/24px\n        font-weight: 700;\n        line-height: 120%;\n        margin: 0;\n        color: #000;\n    }\n\n    #adpost-block_44c23cc109ee94b0c47aa50286f09f14 .anuncio-text-container .text {\n        font-size: 0.875rem;\n        font-weight: 400;\n        line-height: 170%;\n        color: #000;\n    }\n\n    #adpost-block_44c23cc109ee94b0c47aa50286f09f14 .anuncio-container .button {\n        display: inline-flex;\n        align-items: center;\n        justify-content: center;\n        width: fit-content;\n        height: 48px;\n        border-radius: 8px;\n        padding: 12px 24px;\n        font-size: 1rem;\n        font-weight: 600;\n        text-decoration: none;\n        background: #008fd5;\n        color: #fff;\n    }\n\n    #adpost-block_44c23cc109ee94b0c47aa50286f09f14 .image-container {\n        position: relative;\n        width: 100%;\n        height: 100%;\n    }\n\n    #adpost-block_44c23cc109ee94b0c47aa50286f09f14 .image-container.float {\n        min-height: 236px;\n    }\n\n    #adpost-block_44c23cc109ee94b0c47aa50286f09f14 .image-container .image-desktop {\n        width: 100%;\n        max-width: 323px;\n        object-fit: contain;\n        margin: 0;\n    }\n\n    #adpost-block_44c23cc109ee94b0c47aa50286f09f14 .image-container .image-mobile {\n        display: none;\n        width: 100%;\n        max-width: 291px;\n        object-fit: contain;\n        margin: 0;\n    }\n\n    #adpost-block_44c23cc109ee94b0c47aa50286f09f14 .image-container.float .image-desktop,\n    #adpost-block_44c23cc109ee94b0c47aa50286f09f14 .image-container.float .image-mobile {\n        position: absolute;\n        right: 0;\n        bottom: 0;\n    }\n\n    #adpost-block_44c23cc109ee94b0c47aa50286f09f14 .image-container img {\n        border-radius: 8px;\n    }\n\n    \/************\n    * MOBILE \n    *************\/\n    @media (max-width: 1439px) {\n        #adpost-block_44c23cc109ee94b0c47aa50286f09f14.anuncio-post-reverse {\n            flex-direction: column-reverse;\n            max-width: fit-content;\n            padding: 24px;\n        }\n\n        #adpost-block_44c23cc109ee94b0c47aa50286f09f14 .anuncio-container {\n            max-width: 280px;\n            align-items: center;\n        }\n\n        #adpost-block_44c23cc109ee94b0c47aa50286f09f14 .anuncio-container .logo {\n            max-width: 147px;\n        }\n\n        #adpost-block_44c23cc109ee94b0c47aa50286f09f14 .anuncio-text-container {\n            gap: 8px;\n        }\n\n        #adpost-block_44c23cc109ee94b0c47aa50286f09f14 .anuncio-text-container .title {\n            font-size: 1.25rem;\n            text-align: center;\n        }\n\n        #adpost-block_44c23cc109ee94b0c47aa50286f09f14 .anuncio-text-container .text {\n            text-align: center;\n        }\n\n        #adpost-block_44c23cc109ee94b0c47aa50286f09f14 .anuncio-container .button {\n            width: 100%;\n        }\n\n        #adpost-block_44c23cc109ee94b0c47aa50286f09f14 .image-container.float {\n            min-height: 182px;\n        }\n\n        #adpost-block_44c23cc109ee94b0c47aa50286f09f14 .image-container .image-desktop {\n            display: none;\n        }\n\n        #adpost-block_44c23cc109ee94b0c47aa50286f09f14 .image-container .image-mobile {\n            display: block;\n        }\n    }\n\n    \/*******************\n    * RESET GLOBAL CSS \n    ********************\/\n    #s-post main article .content .image-container img {\n        margin: 0;\n    }\n<\/style>\n\n\n<article id=\"adpost-block_44c23cc109ee94b0c47aa50286f09f14\" class=\"anuncio-post-reverse\">\n    <div class=\"anuncio-container\">\n        \n        <div class=\"anuncio-text-container\">\n             <h3 class=\"title\" >Seja protagonista da sua advocacia com o Astrea<\/h3>\n            <div class=\"text\" >Tenha tempo para focar no crescimento do seu escrit\u00f3rio, enquanto o Astrea cuida da sua gest\u00e3o jur\u00eddica com intelig\u00eancia.<\/div>        <\/div>\n       \n        <a class=\"button\" href=\"\/astrea\/?utm_source=blog&#038;utm_medium=adpost&#038;utm_campaign=campanha-marca-2026\" target=\"_self\">Conhe\u00e7a o Astrea<\/a>    <\/div>\n\n    <div class=\"image-container\">\n        <img decoding=\"async\" class=\"image-desktop\" src=\"https:\/\/www.aurum.com.br\/blog\/wp-content\/uploads\/2026\/03\/adpos-posicionamento-2026-desktop.png\" alt=\"\" \/>\n        <img decoding=\"async\" class=\"image-mobile\" src=\"https:\/\/www.aurum.com.br\/blog\/wp-content\/uploads\/2026\/03\/adpost-posicionamento-2026-mobile.png\" alt=\"\" \/>    <\/div>\n<\/article>\n\n\n<h2 class=\"wp-block-heading\">Como adquirir e manter a qualidade de segurado?<\/h2>\n\n\n\n<p>A qualidade de segurado \u00e9 adquirida ap\u00f3s a inscri\u00e7\u00e3o da pessoa na base de dados da Previd\u00eancia Social e com o primeiro pagamento da contribui\u00e7\u00e3o previdenci\u00e1ria sem atraso, a depender da categoria deste segurado.&nbsp;<\/p>\n\n\n\n<p>A manuten\u00e7\u00e3o da qualidade de segurado, por sua vez, depende da continuidade do pagamento das contribui\u00e7\u00f5es previdenci\u00e1rias em dia e destes que estas contribui\u00e7\u00f5es n\u00e3o sejam feitas abaixo do sal\u00e1rio-m\u00ednimo vigente.<\/p>\n\n\n\n<p>Outras duas maneiras de manter a qualidade de segurado \u00e9 durante o gozo de um benef\u00edcio n\u00e3o programado como, por exemplo, aux\u00edlio por incapacidade tempor\u00e1ria, ou durante o per\u00edodo de gra\u00e7a, tema do pr\u00f3ximo t\u00f3pico!<\/p>\n\n\n\n<h2 class=\"wp-block-heading\">O que \u00e9 o per\u00edodo de gra\u00e7a?<\/h2>\n\n\n\n<p>O per\u00edodo de gra\u00e7a \u00e9 lapso temporal que uma pessoa, mesmo n\u00e3o contribuindo para a Previd\u00eancia Social e n\u00e3o estando em gozo de benef\u00edcio previdenci\u00e1rio, mant\u00e9m sua qualidade de segurada, conservando os seus direitos.<\/p>\n\n\n\n<h3 class=\"wp-block-heading\">Segurados obrigat\u00f3rios e facultativos<\/h3>\n\n\n\n<p>Novamente, para entendermos melhor o per\u00edodo de gra\u00e7a, precisamos manter em mente que existem diversas categorias de segurados. Neste momento, vamos nos concentrar em dois tipos de segurados:&nbsp;<\/p>\n\n\n\n<ol class=\"wp-block-list\">\n<li>os obrigat\u00f3rios: aqueles que exercem atividade laborativa remunerada e s\u00e3o obrigados a contribuir para a Previd\u00eancia Social;<\/li>\n\n\n\n<li>e os facultativos: aqueles que n\u00e3o est\u00e3o obrigados a se vincular ao sistema, pois n\u00e3o possuem uma fonte de renda.<\/li>\n<\/ol>\n\n\n\n<p>Os segurados obrigat\u00f3rios t\u00eam, no m\u00ednimo, 12 meses de per\u00edodo de gra\u00e7a, enquanto os segurados facultativos possuem 06 meses de per\u00edodo de gra\u00e7a. Por\u00e9m, para os segurados obrigat\u00f3rios, esses 12 meses de per\u00edodo de gra\u00e7a podem ser prorrogados para 24 meses e at\u00e9 mesmo 36 meses.<\/p>\n\n\n\n<h3 class=\"wp-block-heading\">Prorroga\u00e7\u00e3o do per\u00edodo de gra\u00e7a<\/h3>\n\n\n\n<p>A primeira possibilidade de prorroga\u00e7\u00e3o do per\u00edodo de gra\u00e7a \u00e9 a possibilidade de transformar os 12 meses iniciais em 24 meses de per\u00edodo de gra\u00e7a nos casos em que o segurado j\u00e1 tenha vertido 120 ou mais contribui\u00e7\u00f5es para o Regime Geral de Previd\u00eancia Social.&nbsp;<\/p>\n\n\n\n<p>Importante mencionar que essas 120 contribui\u00e7\u00f5es n\u00e3o precisam ser seguidas, basta apenas que n\u00e3o tenha ocorrido a perda da qualidade de segurado entre elas.<\/p>\n\n\n\n<p>A segunda possibilidade de prorroga\u00e7\u00e3o \u00e9 a possibilidade de se acrescentar mais 12 meses ao per\u00edodo de gra\u00e7a se estivermos falando de um segurado que consiga comprovar que estava em situa\u00e7\u00e3o de desemprego involunt\u00e1rio.&nbsp;<\/p>\n\n\n\n<p>O ponto de aten\u00e7\u00e3o aqui \u00e9 que a lei traz a expressa previs\u00e3o de que essa situa\u00e7\u00e3o de desemprego involunt\u00e1rio deve ser comprovada atrav\u00e9s do cadastro do segurado em um \u00f3rg\u00e3o do Minist\u00e9rio do Trabalho.&nbsp;<\/p>\n\n\n\n<p>Assim, se estivermos falando do caso pr\u00e1tico de um segurado que tenha mais de 120 contribui\u00e7\u00f5es previdenci\u00e1rias (sem perder a qualidade de segurado) e consiga comprovar sua situa\u00e7\u00e3o de desemprego volunt\u00e1rio, teremos um per\u00edodo de gra\u00e7a de 36 meses!<\/p>\n\n\n\n<h3 class=\"wp-block-heading\">Segurados conscritos<\/h3>\n\n\n\n<p>Ah, n\u00e3o podemos nos esquecer tamb\u00e9m de uma situa\u00e7\u00e3o muito espec\u00edfica: os conscritos, aqueles que prestaram o servi\u00e7o militar obrigat\u00f3rio. As pessoas que ingressaram no servi\u00e7o militar obrigat\u00f3rio permanecem com qualidade de segurado por apenas 03 meses ap\u00f3s o encerramento do v\u00ednculo.<\/p>\n\n\n\n<p>Como eu sei que s\u00e3o muitos n\u00fameros e situa\u00e7\u00f5es espec\u00edficas para a concess\u00e3o do per\u00edodo de gra\u00e7a, vou deixar aqui uma tabelinha com o resumo:<\/p>\n\n\n\n<figure class=\"wp-block-table\"><table><tbody><tr><td colspan=\"2\"><strong>QUADRO RESUMO \u2013 PER\u00cdODO DE GRA\u00c7A<\/strong><\/td><\/tr><tr><td>3 meses<\/td><td>Conscrito (quem est\u00e1 no servi\u00e7o militar obrigat\u00f3rio); come\u00e7a a contar da baixa<\/td><\/tr><tr><td>6 meses<\/td><td>Segurado facultativo<\/td><\/tr><tr><td>12 meses<\/td><td>Segurados obrigat\u00f3rios; preso (come\u00e7a a contar quando do livramento, provis\u00f3rio ou definitivo); ap\u00f3s a alta do benef\u00edcio por incapacidade; ap\u00f3s cessar isolamento\/doen\u00e7a de segrega\u00e7\u00e3o compuls\u00f3ria<\/td><\/tr><tr><td>24 meses<\/td><td>Segurados obrigat\u00f3rios com mais de 120 contribui\u00e7\u00f5es mensais<\/td><\/tr><tr><td>36 meses<\/td><td>Segurado empregado e dom\u00e9stico que tenham, pelo menos, mais de 120 contribui\u00e7\u00f5es e esteja, comprovadamente, em situa\u00e7\u00e3o de desemprego involunt\u00e1rio<\/td><\/tr><\/tbody><\/table><\/figure>\n\n\n\n<h2 class=\"wp-block-heading\">Como se perde a qualidade de segurado? Como recuper\u00e1-la?<\/h2>\n\n\n\n<p>Conforme vimos, s\u00f3 mant\u00e9m a qualidade de segurado<strong> aquela pessoa que est\u00e1 contribuindo para a Previd\u00eancia Social<\/strong>, ou que est\u00e1 no per\u00edodo de gra\u00e7a, ou aquela que est\u00e1 em gozo de benef\u00edcio, com exce\u00e7\u00e3o do aux\u00edlio-acidente.&nbsp;<\/p>\n\n\n\n<p>Cessado o benef\u00edcio ou as contribui\u00e7\u00f5es previdenci\u00e1rias e decorrido o prazo do per\u00edodo de gra\u00e7a, <strong>caso a pessoa n\u00e3o volte a contribuir para o INSS, ela perder\u00e1 sua qualidade de segurado.<\/strong><\/p>\n\n\n\n<p>Uma vez perdida a qualidade de segurado, \u00e9 poss\u00edvel recuper\u00e1-la com o pagamento de uma contribui\u00e7\u00e3o previdenci\u00e1ria em dia e desde que essa contribui\u00e7\u00e3o n\u00e3o seja feita abaixo do sal\u00e1rio-m\u00ednimo vigente.<\/p>\n\n\n\n<h2 class=\"wp-block-heading\">Como funciona a qualidade de segurado durante o recebimento do benef\u00edcio?<\/h2>\n\n\n\n<p>A legisla\u00e7\u00e3o previdenci\u00e1ria, mais especificamente o art. 13, inciso I, do Decreto 3.048\/99 (Regimento da Previd\u00eancia Social), prev\u00ea que m<strong>ant\u00e9m a qualidade de segurado, sem limite de prazo, quem estiver em gozo de benef\u00edcio, exceto na hip\u00f3tese de aux\u00edlio-acidente.&nbsp;<\/strong><\/p>\n\n\n\n<h2 class=\"wp-block-heading\">O que \u00e9 a qualidade de dependente do segurado?<\/h2>\n\n\n\n<p>A qualidade de dependente do segurado \u00e9 diferente da qualidade de segurado. Vamos lembrar que a qualidade de segurado \u00e9 a situa\u00e7\u00e3o que garante direitos e deveres para uma pessoa perante a Previd\u00eancia Social diante de suas contribui\u00e7\u00f5es previdenci\u00e1rias.<\/p>\n\n\n\n<p>A qualidade de dependente do segurado, por sua vez, se destina somente aos dependentes do segurado que vier a \u00f3bito ou daquele que for preso. Essas pessoas s\u00e3o benefici\u00e1rias do INSS de forma indireta, pois a concess\u00e3o de um benef\u00edcio previdenci\u00e1rio como a pens\u00e3o por morte ou aux\u00edlio reclus\u00e3o, n\u00e3o dependem de que esta pessoa fa\u00e7a contribui\u00e7\u00f5es previdenci\u00e1rias para o sistema.<\/p>\n\n\n\n<p>Os dependentes previdenci\u00e1rios est\u00e3o previstos no art. 22 do <a href=\"https:\/\/www.planalto.gov.br\/ccivil_03\/decreto\/d3048.htm\" target=\"_blank\" rel=\"noopener\">Decreto 3.048\/99<\/a>, mas isso \u00e9 assunto para um pr\u00f3ximo artigo! \ud83d\ude09&nbsp;<\/p>\n\n\n\n<h2 class=\"wp-block-heading\">Conclus\u00e3o:<\/h2>\n\n\n\n<p>Como vimos, a qualidade de segurado \u00e9 requisito necess\u00e1rio para a concess\u00e3o de diversos benef\u00edcios da Previd\u00eancia Social e algo de extrema import\u00e2ncia de ser observado, uma vez que v\u00e1rios detalhes mudam o cen\u00e1rio.&nbsp;<\/p>\n\n\n\n<h3 class=\"wp-block-heading\">Mais conhecimento para voc\u00ea<\/h3>\n\n\n\n<p>Se voc\u00ea gostou deste texto e deseja seguir a leitura em temas sobre direito e advocacia, vale a pena conferir os seguintes materiais:&nbsp;<\/p>\n\n\n\n<ul class=\"wp-block-list\">\n<li><a href=\"https:\/\/www.aurum.com.br\/blog\/nulidade\/\">Entenda o que \u00e9 a nulidade processual e quais os tipos<\/a><\/li>\n\n\n\n<li><a href=\"https:\/\/www.aurum.com.br\/blog\/lei-9099\/\">Principais aspectos da Lei dos Juizados Especiais C\u00edveis e Criminais (9.099\/95)<\/a><\/li>\n\n\n\n<li><a href=\"https:\/\/www.aurum.com.br\/blog\/excecao-de-pre-executividade\/\">Exce\u00e7\u00e3o de pr\u00e9-executividade no Novo CPC: conceito, cabimento e prazo<\/a><\/li>\n\n\n\n<li><a href=\"https:\/\/www.aurum.com.br\/blog\/art-18-do-cdc\/\">Art 18 CDC Comentado: Confira quais as hip\u00f3teses e prazos!<\/a><\/li>\n\n\n\n<li><a href=\"https:\/\/www.aurum.com.br\/blog\/usufruto\/\">Usufruto: conceito, caracter\u00edsticas e esp\u00e9cies<\/a><\/li>\n\n\n\n<li><a href=\"https:\/\/www.aurum.com.br\/blog\/distrato-de-contrato\/\" data-type=\"URL\" data-id=\"https:\/\/www.aurum.com.br\/blog\/distrato-de-contrato\/\">O que \u00e9 o distrato de contrato e diferen\u00e7a de rescis\u00e3o de contrato [+Modelo]<\/a><\/li>\n\n\n\n<li><a href=\"https:\/\/www.aurum.com.br\/blog\/usucapiao-familiar\/\">O que \u00e9 e para que serve a usucapi\u00e3o familiar<\/a><\/li>\n\n\n\n<li><a href=\"https:\/\/www.aurum.com.br\/blog\/auxilio-acidente\/\">Entenda o que \u00e9 e como solicitar o aux\u00edlio-acidente<\/a><\/li>\n\n\n\n<li><a href=\"https:\/\/www.aurum.com.br\/blog\/adct\/\">O que \u00e9 o Ato das Disposi\u00e7\u00f5es Constitucionais Transit\u00f3rias (ADCT) e a sua import\u00e2ncia&nbsp;<\/a><\/li>\n\n\n\n<li><a href=\"https:\/\/www.aurum.com.br\/blog\/advocacia-extrajudicial\/\">Entenda como funciona a advocacia extrajudicial e como atuar nesta \u00e1rea<\/a><\/li>\n\n\n\n<li><a href=\"https:\/\/www.aurum.com.br\/blog\/regime-de-bens\/\">Conhe\u00e7a quais s\u00e3o os tipos de regime de bens e como eles funcionam!<\/a><\/li>\n<\/ul>\n\n\n<style>\r\n  .news-post {\r\n    background: url('https:\/\/www.aurum.com.br\/blog\/wp-content\/themes\/aurum\/img\/bg-news-artigo.svg') no-repeat top center #3C48AA;\r\n    padding: 1.5rem;\r\n    border-radius: 6px;\r\n    margin: 1rem 0;\r\n  }\r\n  .news-post .icone {\r\n    display: none;\r\n  }\r\n  .news-post .title {\r\n    font-weight: 700;\r\n    font-size: 16px;\r\n    line-height: 130%;\r\n    text-align: center;\r\n    letter-spacing: -0.5px;\r\n    color: #fff;\r\n    margin-bottom: .9375rem;\r\n  }\r\n  .news-post p {\r\n    font-size: .875rem;\r\n    line-height: 140%;\r\n    text-align: center;\r\n    color: #fff;\r\n    margin-bottom: 1.25rem;\r\n  }\r\n  .news-post .news_button_span {\r\n    font-size: .8125rem;\r\n    display: block;\r\n    padding: .125rem .3125rem;\r\n    color: #fff;\r\n    text-align:left;\r\n  }\r\n  .news-post .news_button_span a {\r\n    color: #fff !important;\r\n    text-decoration: underline;\r\n  }\r\n  .news-post form {\r\n    width: 100%;\r\n  }\r\n  .news-post label {\r\n    font-weight: 600;\r\n    font-size: .9375rem;\r\n    line-height: 1.5rem;\r\n    margin-bottom: .5rem;\r\n    color: #fff;\r\n    display: block;\r\n  }\r\n  .news-post input {\r\n    background: #fff;\r\n    border: 1px solid #CBCBD9;\r\n    box-sizing: border-box;\r\n    border-radius: 4px;\r\n    padding: .75rem 1rem;\r\n    width: 100%;\r\n  }\r\n  .news-post button {\r\n    margin-top: .875rem;\r\n    width: 100%;\r\n    min-width: auto;\r\n    background: #FCC632;\r\n    color: #3C48AA;\r\n  }\r\n  .news-post .input {\r\n    position: relative;\r\n    padding-bottom: 10px;\r\n  }\r\n  .news-post .error-message-ad {\r\n    font-size: .875rem;\r\n    line-height: 130%;\r\n    color: #D50021;\r\n    margin-left: 4px;\r\n  }\r\n  .news-post .error {\r\n    border: 1px solid #D50021;\r\n  }\r\n  .news-post #message-form-ad {\r\n    border-radius: 4px;\r\n    padding: 0.7rem;\r\n    font-size:0.8rem;\r\n    text-align: center;\r\n    align-items: center;\r\n    justify-content: center;\r\n    display: none;\r\n  }\r\n  .news-post #message-form-ad svg {\r\n    margin-right: 8px;\r\n  }\r\n\r\n  @media(min-width: 561px) {\r\n    .news-post {\r\n      position: relative;\r\n      background: url('https:\/\/www.aurum.com.br\/blog\/wp-content\/themes\/aurum\/img\/bg-news-artigo.svg') no-repeat top center #3C48AA;\r\n      width: calc(100% - 30px);\r\n    }\r\n    .news-post .icone {\r\n      display: block;\r\n      position: absolute;\r\n      right: -30px;\r\n      top: 65px;\r\n      max-width: 142px;\r\n      width: 100%;\r\n      height: auto;\r\n      margin: 0;\r\n    }\r\n    .news-post .title {\r\n      font-size: 1.125rem;\r\n      text-align: left;\r\n      \/* padding-right: 3.75rem; *\/\r\n    }\r\n    .news-post p {\r\n      font-size: 1rem;\r\n      text-align: left;\r\n      max-width: 400px;\r\n    }\r\n    .news-post .boxes {\r\n      display: flex;\r\n      align-items: flex-start;\r\n    }\r\n    .news-post button {\r\n      margin: 0 0 0 1rem;\r\n      width: 100%;\r\n      max-width: 170px;\r\n      min-width: auto;\r\n      transition: all ease .3s\r\n    }\r\n    .news-post button:hover {\r\n      opacity: 0.9;\r\n      transition: all ease .3s\r\n    }\r\n    .news-post #message-form-ad {\r\n      padding: 1.125rem;\r\n      font-size:1rem;\r\n    }\r\n    .news-post #message-form-ad svg {\r\n      margin-right: 10px;\r\n    }\r\n  }\r\n<\/style>\r\n\r\n<div class=\"news-post\">\r\n  <div class=\"title news-ad-title\">Gostou do artigo e quer evoluir a sua advocacia?<\/div>\r\n  <p class=\"news-ad-subtitle\">Assine gr\u00e1tis a Aurum News e receba uma dose semanal de conte\u00fado no seu e-mail! \u270c\ufe0f<\/p>\r\n  <img decoding=\"async\" src=\"https:\/\/www.aurum.com.br\/blog\/wp-content\/themes\/aurum\/img\/icon-news-artigo.svg\" alt=\"\" class=\"icone\">\r\n\r\n  <form method=\"post\" name=\"newsletter-ad\" id=\"aurum-newsletter-ad\">\r\n    <div class=boxes>\r\n      <div class=\"input\">\r\n        <label class=\"label-email\" htmlFor=\"email-ad\">Qual seu e-mail?<\/label>\r\n        <input type=\"email\" id=\"email-ad\" name=\"newsletter-mail-ad\" placeholder=\"Digite seu e-mail?\">\r\n        <div class=\"error-message-ad-email\">Endere\u00e7o de e-mail inv\u00e1lido ou incorreto<\/div>\r\n\r\n        <label class=\"label-select\" htmlFor=\"lawsuits-select-ad\">\r\n          Quantos processos voc\u00ea ou<br class=\"for-desktop\"\/> seu escrit\u00f3rio acompanham?\r\n        <\/label>\r\n        <div id=\"lawsuits-select-ad\" class=\"lawsuits-select select-wrapper\" tabindex=\"0\">\r\n          <div class=\"s-dropdown--styled\">\r\n          <span class=\"lawsuits-default\">\r\n            <span id=\"lawsuits-newsletter-ad\" class=\"lawsuits-default-text\" data-value=\"\">Selecione os processos<\/span>\r\n            <svg class=\"chevron\" xmlns=\"http:\/\/www.w3.org\/2000\/svg\" width=\"24\" height=\"25\" viewBox=\"0 0 24 25\" fill=\"none\">\r\n              <path d=\"M6 15.6152L12 9.61523L18 15.6152\" stroke=\"black\" stroke-width=\"2\" stroke-linecap=\"round\" stroke-linejoin=\"round\" \/>\r\n            <\/svg>\r\n          <\/span>\r\n\r\n          <ul class=\"s-dropdown u-hide\">\r\n            <li class=\"lawsuits\" data-value=\"Mais de 1000 processos\">Mais de 1000 processos<\/li>\r\n            <li class=\"lawsuits\" data-value=\"De 501 a 1000 processos\">De 501 a 1000 processos<\/li>\r\n            <li class=\"lawsuits\" data-value=\"De 151 a 500 processos\">De 151 a 500 processos<\/li>\r\n            <li class=\"lawsuits\" data-value=\"De 41 a 150 processos\">De 41 a 150 processos<\/li>\r\n            <li class=\"lawsuits\" data-value=\"At\u00e9 40 processos\">At\u00e9 40 processos<\/li>\r\n            <li class=\"lawsuits\" data-value=\"Atuo apenas no consultivo\">Atuo apenas no consultivo<\/li>\r\n            <li class=\"lawsuits\" data-value=\"Ainda sou estudante de direito\">Ainda sou estudante de direito<\/li>\r\n            <li class=\"lawsuits\" data-value=\"N\u00e3o sou da \u00e1rea jur\u00eddica\">N\u00e3o sou da \u00e1rea jur\u00eddica<\/li>\r\n          <\/ul>\r\n          <\/div>\r\n        <\/div>\r\n        <div class=\"error-message-ad-lawsuits\">Selecione algum processo<\/div>\r\n      <\/div>\r\n      <button class=\"btn btn-yellow ad-btn-desktop\" id=\"aurum-submit-ad\">Assinar gr\u00e1tis<\/button>\r\n      <button class=\"btn btn-yellow ad-btn-mobile\" id=\"aurum-submit-ad\">Assinar<\/button>\r\n    <\/div>\r\n    <span class=\"news_button_span\">Ao se cadastrar voc\u00ea declara que leu e aceitou a pol\u00edtica de privacidade e cookies do <a href=\"https:\/\/s3.sa-east-1.amazonaws.com\/publico.aurum.com.br\/contratos\/politica-de-privacidade.pdf\" target=\"_blank\" rel=\"noopener noreferrer\">site<\/a>.<\/span>\r\n  <\/form>\r\n  <div id=\"message-form-ad\"><\/div>\r\n<\/div>","protected":false},"excerpt":{"rendered":"<p>A qualidade de segurado, cuja aus\u00eancia motiva indeferimentos de benef\u00edcios previdenci\u00e1rios, nada mais \u00e9 do que o v\u00ednculo que mant\u00e9m uma pessoa sob a prote\u00e7\u00e3o do INSS, e que se inicia com o pagamento da contribui\u00e7\u00e3o previdenci\u00e1ria. Provavelmente voc\u00ea j\u00e1 ouviu falar em duas express\u00f5es quando se trata de INSS: qualidade de segurado e per\u00edodo [&hellip;]<\/p>\n","protected":false},"author":141,"featured_media":23262,"comment_status":"open","ping_status":"open","sticky":false,"template":"","format":"standard","meta":{"_bbp_topic_count":0,"_bbp_reply_count":0,"_bbp_total_topic_count":0,"_bbp_total_reply_count":0,"_bbp_voice_count":0,"_bbp_anonymous_reply_count":0,"_bbp_topic_count_hidden":0,"_bbp_reply_count_hidden":0,"_bbp_forum_subforum_count":0,"inline_featured_image":false,"footnotes":""},"categories":[32],"tags":[],"class_list":["post-23255","post","type-post","status-publish","format-standard","has-post-thumbnail","hentry","category-direito-previdenciario"],"acf":[],"_links":{"self":[{"href":"https:\/\/www.aurum.com.br\/blog\/wp-json\/wp\/v2\/posts\/23255","targetHints":{"allow":["GET"]}}],"collection":[{"href":"https:\/\/www.aurum.com.br\/blog\/wp-json\/wp\/v2\/posts"}],"about":[{"href":"https:\/\/www.aurum.com.br\/blog\/wp-json\/wp\/v2\/types\/post"}],"author":[{"embeddable":true,"href":"https:\/\/www.aurum.com.br\/blog\/wp-json\/wp\/v2\/users\/141"}],"replies":[{"embeddable":true,"href":"https:\/\/www.aurum.com.br\/blog\/wp-json\/wp\/v2\/comments?post=23255"}],"version-history":[{"count":9,"href":"https:\/\/www.aurum.com.br\/blog\/wp-json\/wp\/v2\/posts\/23255\/revisions"}],"predecessor-version":[{"id":23531,"href":"https:\/\/www.aurum.com.br\/blog\/wp-json\/wp\/v2\/posts\/23255\/revisions\/23531"}],"wp:featuredmedia":[{"embeddable":true,"href":"https:\/\/www.aurum.com.br\/blog\/wp-json\/wp\/v2\/media\/23262"}],"wp:attachment":[{"href":"https:\/\/www.aurum.com.br\/blog\/wp-json\/wp\/v2\/media?parent=23255"}],"wp:term":[{"taxonomy":"category","embeddable":true,"href":"https:\/\/www.aurum.com.br\/blog\/wp-json\/wp\/v2\/categories?post=23255"},{"taxonomy":"post_tag","embeddable":true,"href":"https:\/\/www.aurum.com.br\/blog\/wp-json\/wp\/v2\/tags?post=23255"}],"curies":[{"name":"wp","href":"https:\/\/api.w.org\/{rel}","templated":true}]}}