{"id":22793,"date":"2023-07-13T19:34:35","date_gmt":"2023-07-13T22:34:35","guid":{"rendered":"https:\/\/www.aurum.com.br\/blog\/?p=22793"},"modified":"2024-09-25T21:40:47","modified_gmt":"2024-09-26T00:40:47","slug":"crimes-contra-a-honra","status":"publish","type":"post","link":"https:\/\/www.aurum.com.br\/blog\/crimes-contra-a-honra\/","title":{"rendered":"Confira os tipos de crimes contra a honra e saiba o que importa \u00e0 defesa!"},"content":{"rendered":"<div id=\"bsf_rt_marker\"><\/div>\n<pre class=\"wp-block-preformatted\">Inj\u00faria, cal\u00fania e difama\u00e7\u00e3o s\u00e3o os delitos identificados como <strong>crimes contra a honra<\/strong>. Previstos no C\u00f3digo Penal, buscam proteger a honra do indiv\u00edduo \u2013 bem garantido constitucionalmente \u2013 mediante a penaliza\u00e7\u00e3o de atos de ofensa que a maculem perante a sociedade ou perante a pr\u00f3pria v\u00edtima.<\/pre>\n\n\n\n<p>Inj\u00faria, cal\u00fania e difama\u00e7\u00e3o s\u00e3o os delitos identificados como <strong>crimes contra a honra<\/strong>. Previstos no <a href=\"https:\/\/www.planalto.gov.br\/ccivil_03\/decreto-lei\/del2848compilado.htm\" target=\"_blank\" rel=\"noopener\">C\u00f3digo Penal<\/a>, buscam proteger a honra do indiv\u00edduo \u2013 bem garantido constitucionalmente \u2013 mediante a penaliza\u00e7\u00e3o de atos de ofensa que a maculem perante a sociedade ou perante a pr\u00f3pria v\u00edtima.<\/p>\n\n\n\n<p>A honra \u00e9 tanto um sentimento interno, pelo qual uma pessoa pode se ver inclinado a praticar as virtudes e manter uma conduta proba, como \u00e9 tamb\u00e9m entendida como uma esp\u00e9cie de nivelador do tratamento devido a algu\u00e9m pela sociedade.<\/p>\n\n\n\n<p>Uma pessoa que carrega em si o sentimento de honra se v\u00ea como cidad\u00e3o que cumpre suas obriga\u00e7\u00f5es perante a sociedade, exercendo justi\u00e7a em suas rela\u00e7\u00f5es interpessoais. Por outro lado, a sociedade pode classificar uma pessoa como menos ou mais honrada a depender de qu\u00e3o bem essa pessoa se adequa \u00e0s expectativas sociais.<\/p>\n\n\n\n<p>Como bem imaterial, a honra pode ser atingida tanto por palavras como por atos, e por ser um conceito humano que sofre algumas varia\u00e7\u00f5es em cada modelo familiar e em cada cultura, um mesmo ato praticado a pessoas diversas pode resultar em diferentes graus de ofensa \u00e0 honra.<\/p>\n\n\n\n<p>Diferente da grande maioria dos crimes tipificados no C\u00f3digo Penal, os crimes contra a honra <strong>se processam por a\u00e7\u00e3o penal privada<\/strong>, de forma que as v\u00edtimas desses crimes, se tiverem interesse na interven\u00e7\u00e3o estatal, dever\u00e3o saber como agir para que n\u00e3o deixem o seu ofensor livre de responder penalmente pela ofensa praticada.<\/p>\n\n\n\n<p>Igualmente, \u00e9 de extrema import\u00e2ncia que advogados criminalistas conhe\u00e7am os detalhes de cada tipo penal que integra os crimes contra a honra, e saiba quais os passos necess\u00e1rios para que o autor do delito seja processado criminalmente, para que possam representar os interesses das v\u00edtimas dos crimes contra a honra.<\/p>\n\n\n\n<p>Quer conhecer mais sobre o assunto, e sentir maior seguran\u00e7a na defesa dos interesses de uma v\u00edtima de crime contra a honra? Veremos, adiante, v\u00e1rios aspectos essenciais dessa esp\u00e9cie de crime, e quais cuidados devem ser tomados na responsabiliza\u00e7\u00e3o penal do ofensor.<\/p>\n\n\n\n<p>Continue a leitura para saber mais! \ud83d\ude09&nbsp;<\/p>\n\n\n\n<h2 class=\"wp-block-heading\">O que s\u00e3o os crimes contra a honra?<\/h2>\n\n\n\n<p>Protegida constitucionalmente,<strong> a honra \u00e9 um bem tida como inviol\u00e1vel<\/strong>:<\/p>\n\n\n\n<figure class=\"wp-block-pullquote classe bq-small\"><blockquote><p><strong>CF \u2013 Art. 5\u00ba<\/strong> [\u2026] X &#8211; s\u00e3o inviol\u00e1veis a intimidade, a vida privada, a honra e a imagem das pessoas, assegurado o direito a indeniza\u00e7\u00e3o pelo dano material ou moral decorrente de sua viola\u00e7\u00e3o;<\/p><\/blockquote><\/figure>\n\n\n\n<p>Enquanto a Constitui\u00e7\u00e3o Federal eleva a honra ao patamar de garantia individual, o CP promove sua <strong>prote\u00e7\u00e3o mediante a criminaliza\u00e7\u00e3o de condutas que intentem ofender a honra.<\/strong><\/p>\n\n\n\n<figure class=\"wp-block-image size-full\"><img decoding=\"async\" width=\"1080\" height=\"1080\" src=\"https:\/\/www.aurum.com.br\/blog\/wp-content\/uploads\/2023\/07\/o-que-sao-os-crimes-contra-a-honra.jpg\" alt=\"Confira o que s\u00e3o os crimes contra a honra\" class=\"wp-image-31487\" srcset=\"https:\/\/www.aurum.com.br\/blog\/wp-content\/uploads\/2023\/07\/o-que-sao-os-crimes-contra-a-honra.jpg 1080w, https:\/\/www.aurum.com.br\/blog\/wp-content\/uploads\/2023\/07\/o-que-sao-os-crimes-contra-a-honra-300x300.jpg 300w, https:\/\/www.aurum.com.br\/blog\/wp-content\/uploads\/2023\/07\/o-que-sao-os-crimes-contra-a-honra-150x150.jpg 150w, https:\/\/www.aurum.com.br\/blog\/wp-content\/uploads\/2023\/07\/o-que-sao-os-crimes-contra-a-honra-768x768.jpg 768w\" sizes=\"(max-width: 1080px) 100vw, 1080px\" \/><figcaption class=\"wp-element-caption\">Quais s\u00e3o os tipos de crimes contra a honra?<\/figcaption><\/figure>\n\n\n\n<p>A relev\u00e2ncia da honra em nossa sociedade \u00e9 imensa, sendo que, para algumas pessoas, a honra possui um valor superior ao valor da vida. Essa percep\u00e7\u00e3o \u00e9 verificada na manifesta\u00e7\u00e3o do pol\u00edtico Jos\u00e9 Alencar, que, ap\u00f3s mais de uma d\u00e9cada de luta contra o c\u00e2ncer afirmou:<\/p>\n\n\n\n<blockquote class=\"wp-block-quote is-layout-flow wp-block-quote-is-layout-flow\">\n<p><em>N\u00e3o tenho medo da morte, eu tenho medo da desonra, que um homem p\u00fablico deve ter medo da desonra, porque um homem honrado, ele n\u00e3o morre nunca, mesmo depois de sepultado, ele continua vivo na mem\u00f3ria de todos que o conheceram.&#8221; (Folha de S. Paulo online, 2010)<\/em><\/p>\n<\/blockquote>\n\n\n\n<p>Assim, se tratando de bem relevante tanto para o indiv\u00edduo como para a sociedade, posto os membros da sociedade inevitavelmente dispensar\u00e3o tratamento a cada indiv\u00edduo conforme a honra que atribua a cada um, \u00e9 natural que o Direito Penal busque proteger a honra, seja objetiva ou subjetiva.<\/p>\n\n\n\n<p>Rog\u00e9rio Greco (2022, cap. V) explica que a honra objetiva abarca a imagem que a pessoa entender der perante a sociedade, enquanto a honra subjetiva trata do:<\/p>\n\n\n\n<blockquote class=\"wp-block-quote is-layout-flow wp-block-quote-is-layout-flow\">\n<p><em>Conceito que a pessoa tem de si mesma, dos valores que ela se auto atribui e que s\u00e3o maculados com o comportamento levado a efeito pelo agente\u201d.<\/em><\/p>\n<\/blockquote>\n\n\n\n<p>Importante registrar que os crimes contra a honra <strong>podem ser praticados por meio da fala e de mensagem escrita, ou mesmo por gestos ou atos simb\u00f3licos<\/strong>, conforme ensina Nelson Hungria (1958).<\/p>\n\n\n\n<p>Sabendo o que s\u00e3o os crimes contra a honra, \u00e9 importante tamb\u00e9m conhecer quais s\u00e3o eles, de forma que se possa diferenciar cada tipo penal.<\/p>\n\n\n\n<p><em>Leia mais sobre o Direito Penal aqui no Portal da Aurum!<\/em><\/p>\n\n\n\n<h2 class=\"wp-block-heading\">Quais s\u00e3o os crimes contra a honra?&nbsp;<\/h2>\n\n\n\n<p>Os crimes contra a honra s\u00e3o uma esp\u00e9cie composta pelos<strong> tipos penais de cal\u00fania, difama\u00e7\u00e3o e inj\u00faria.<\/strong> \u00c9 importante se atentar que cada delito corresponde a um ato espec\u00edfico com aplica\u00e7\u00f5es diferentes, embora seja comum vermos os termos sendo utilizados como um conjunto insepar\u00e1vel ou praticamente como sin\u00f4nimos.<\/p>\n\n\n\n<figure class=\"wp-block-embed is-type-video is-provider-youtube wp-block-embed-youtube wp-embed-aspect-16-9 wp-has-aspect-ratio\"><div class=\"wp-block-embed__wrapper\">\n<iframe title=\"Qual \u00e9 a diferen\u00e7a entre CAL\u00daNIA, INJ\u00daRIA e DIFAMA\u00c7\u00c3O?\" width=\"500\" height=\"281\" src=\"https:\/\/www.youtube.com\/embed\/yY5dplTKK1Y?feature=oembed\" frameborder=\"0\" allow=\"accelerometer; autoplay; clipboard-write; encrypted-media; gyroscope; picture-in-picture; web-share\" referrerpolicy=\"strict-origin-when-cross-origin\" allowfullscreen><\/iframe>\n<\/div><\/figure>\n\n\n\n<h3 class=\"wp-block-heading\">Cal\u00fania<\/h3>\n\n\n\n<p>Prevista no art. 138 do CP, a cal\u00fania \u00e9 praticada por <strong>aquele que atribui a outra pessoa \u201c<\/strong><strong>falsamente fato definido como crime\u201d<\/strong>, sujeitando-se \u00e0 pena de deten\u00e7\u00e3o de seis meses a dois anos, e multa.<\/p>\n\n\n\n<p>N\u00e3o basta atribuir uma caracter\u00edstica \u00e0 v\u00edtima, sendo indispens\u00e1vel que o ofensor atribua falsamente um fato a ela. Ou seja, sabendo n\u00e3o ser verdade, o ofensor afirma que a v\u00edtima praticou conduta que configura crime.<\/p>\n\n\n\n<p>Para melhor compreendermos a diferen\u00e7a, vejamos o seguinte exemplo:<\/p>\n\n\n\n<p>Se uma pessoa, durante uma conversa entre amigos, diz que seu vizinho \u00e9 um \u201cladr\u00e3o\u201d e \u201cestelionat\u00e1rio\u201d, n\u00e3o pratica cal\u00fania (embora o fato configure outro crime, como veremos adiante).<\/p>\n\n\n\n<p>A cal\u00fania \u00e9 praticada se, sabendo ser mentira, a pessoa fala que seu vizinho furtou objetos da casa ao lado ou ludibriou um idoso do bairro visando lucro il\u00edcito.<\/p>\n\n\n\n<p>Ou seja, a cal\u00fania s\u00f3 ocorre quando o ofensor transmita essa informa\u00e7\u00e3o falsa para um terceiro, atingindo a \u201chonra objetiva\u201d da v\u00edtima \u2013 isto \u00e9, sua honra perante outras pessoas.<\/p>\n\n\n\n<p>N\u00e3o \u00e9 necess\u00e1rio que a pessoa tenha \u201ccriado\u201d a falsa atribui\u00e7\u00e3o, bastando que a relate a um terceiro para que incorra nas penas do delito. Se a cal\u00fania for cometida contra pessoa morta, \u00e9 igualmente pun\u00edvel.<\/p>\n\n\n\n<h3 class=\"wp-block-heading\">Difama\u00e7\u00e3o<\/h3>\n\n\n\n<p>A difama\u00e7\u00e3o \u00e9 praticada<strong> quando uma pessoa atribui a outra um \u201cfato ofensivo \u00e0 sua reputa\u00e7\u00e3o\u201d<\/strong>. Conforme o art. 319 do CP, ela pode ser punida com pena de deten\u00e7\u00e3o de tr\u00eas meses a um ano e multa.&nbsp;<\/p>\n\n\n\n<p>Diferente da cal\u00fania, para difamar algu\u00e9m <strong>n\u00e3o h\u00e1 a necessidade de que o fato atribu\u00eddo \u00e0 v\u00edtima seja falso nem il\u00edcito.<\/strong> H\u00e1 pr\u00e1ticas que, embora n\u00e3o sejam \u00e9tica ou legalmente reprovadas, s\u00e3o censuradas pela moral social.<\/p>\n\n\n\n<p>\u00c9 conduta difamante, por exemplo, dizer a um terceiro, com a inten\u00e7\u00e3o de ofender a honra da v\u00edtima, que ela trai seu c\u00f4njuge reiteradamente, ou que ela comete frequentemente erros grosseiros em sua profiss\u00e3o.<\/p>\n\n\n\n<p>Portanto, a difama\u00e7\u00e3o \u00e9 <strong>aquilo que popularmente conhecemos como \u201cfofoca maldosa\u201d.<\/strong> Assim como na cal\u00fania, o tipo penal da difama\u00e7\u00e3o visa proteger a \u201chonra objetiva\u201d da v\u00edtima, n\u00e3o se configurando caso o ofensor fa\u00e7a suas ila\u00e7\u00f5es apenas \u00e0 pr\u00f3pria v\u00edtima ou consigo mesmo.<\/p>\n\n\n\n<h3 class=\"wp-block-heading\">Inj\u00faria<\/h3>\n\n\n\n<p>Injuriar algu\u00e9m<strong> \u00e9 ofender a dignidade ou o decoro desta pessoa<\/strong>, sendo um crime pun\u00edvel com deten\u00e7\u00e3o de um a seis meses ou multa, conforme art. 140 do CP.<\/p>\n\n\n\n<p>Diferentemente dos outros crimes que vimos anteriormente, a inj\u00faria \u00e9 <strong>praticada diretamente \u00e0 v\u00edtima<\/strong>, n\u00e3o se tratando mais de ofensas \u00e0 honra dela perante a sociedade, mas sim de ofensas \u00e0 honra interna, subjetiva.<\/p>\n\n\n\n<p>Anibal Bruno, citado por Rog\u00e9rio Greco (2022, cap. V), explica que:<\/p>\n\n\n\n<blockquote class=\"wp-block-quote is-layout-flow wp-block-quote-is-layout-flow\">\n<p><em>Inj\u00faria \u00e9 a palavra ou gesto ultrajante com que o agente ofende o sentimento de dignidade da v\u00edtima. [&#8230;] Dizer de um sujeito que ele \u00e9 trapaceiro seria ofender sua dignidade. Cham\u00e1-lo de burro, ou de coxo seria atingir seu decoro\u201d.<\/em><\/p>\n<\/blockquote>\n\n\n\n<p>E a pena da inj\u00faria pode deixar de ser aplicada se o ofendido:<\/p>\n\n\n\n<blockquote class=\"wp-block-quote is-layout-flow wp-block-quote-is-layout-flow\">\n<p><em>De forma reprov\u00e1vel, provocou diretamente a inj\u00faria\u201d ou se houve \u201cretors\u00e3o imediata, que consista em outra inj\u00faria\u201d (art. 140, \u00a7 1\u00ba, CP).<\/em><\/p>\n<\/blockquote>\n\n\n\n<p>Aqui, chama aten\u00e7\u00e3o o fato de que o crime de inj\u00faria, enquanto que em sua classifica\u00e7\u00e3o simples \u00e9 o que tem menor pena em abstrato, possui qualificadoras cujas penas superam as dos demais crimes contra a honra.<\/p>\n\n\n\n<h4 class=\"wp-block-heading\">Inj\u00faria real<\/h4>\n\n\n\n<p>Qualificadora do crime de inj\u00faria, a inj\u00faria real \u00e9 tipificada no \u00a72\u00ba do art. 140 do CP, e \u00e9 constatada quando o agente usa de:<\/p>\n\n\n\n<blockquote class=\"wp-block-quote is-layout-flow wp-block-quote-is-layout-flow\">\n<p><em>Viol\u00eancia ou vias de fato, que, por sua natureza ou pelo meio empregado, se considerem aviltantes\u201d.<\/em><\/p>\n<\/blockquote>\n\n\n\n<p>E, ela \u00e9 punida com deten\u00e7\u00e3o de tr\u00eas meses a um ano, e multa, \u201cal\u00e9m da pena correspondente \u00e0 viol\u00eancia\u201d.<\/p>\n\n\n\n<p>Veja-se que, para que os <strong>atos de viol\u00eancia ou vias de fato <\/strong>caracterizem a inj\u00faria real, eles devem ser praticados sem o intento de ofender a integridade f\u00edsica ou a incolumidade pessoal da v\u00edtima. Seu objetivo prec\u00edpuo \u00e9 a ofensa \u00e0 sua honra, provocando na v\u00edtima sentimentos como desprezo e inferioridade.<\/p>\n\n\n\n<p>De acordo com Rog\u00e9rio Greco, a inj\u00faria real pode ser:<\/p>\n\n\n\n<blockquote class=\"wp-block-quote is-layout-flow wp-block-quote-is-layout-flow\">\n<p><em>O tapa no rosto que tenha por finalidade humilhar a v\u00edtima, o pux\u00e3o de orelha, o fato de o agente ser expulso de algum lugar recebendo chutes em suas n\u00e1degas\u201d.<\/em><\/p>\n<\/blockquote>\n\n\n\n<p>Merece aten\u00e7\u00e3o o fato de, se a pr\u00e1tica da inj\u00faria real resultar tamb\u00e9m em outro delito, como a les\u00e3o corporal, o ofensor responder\u00e1 por ambos os crimes cometidos. Isso ocorre mediante concurso formal ou material, a depender do caso.<\/p>\n\n\n\n<h4 class=\"wp-block-heading\">Inj\u00faria preconceituosa<\/h4>\n\n\n\n<p>A inj\u00faria preconceituosa, outra qualificadora do crime de inj\u00faria, tipificada no \u00a7 3\u00ba do art. 140, do CP, \u201cconsiste na <strong>utiliza\u00e7\u00e3o de elementos referentes a religi\u00e3o ou \u00e0 condi\u00e7\u00e3o de pessoa idosa ou com defici\u00eancia<\/strong>\u201d, sendo punida com reclus\u00e3o de um a tr\u00eas anos, e multa.<\/p>\n\n\n\n<p>S\u00e3o v\u00e1rios os exemplos pr\u00e1ticos de inj\u00faria preconceituosa na jurisprud\u00eancia. Como por exemplo, um homem, \u201cao xingar a v\u00edtima de \u2018velha safada\u2019, cometeu o crime de inj\u00faria qualificada\u201d (TJDFT &#8211; 0018550-88.2016.8.07.0009, pub. 18\/12\/2017).<\/p>\n\n\n\n<p>Em outro caso, foi \u201cconfigurada a inj\u00faria qualificada\u201d porque \u201ca express\u00e3o dirigida \u00e0s v\u00edtimas \u2013 \u2018crentes safados\u2019 \u2013 &#8230; evidencia &#8230; intuito de menosprezar e ofender [as v\u00edtimas] em virtude de sua religi\u00e3o\u201d (TJ-MS &#8211; APR: 00074647220178120001, pub. 17\/06\/2021).<\/p>\n\n\n\n<p>\u00c9 preciso se atentar que a utiliza\u00e7\u00e3o de elementos referentes a ra\u00e7a, cor e etnia, que integravam o tipo penal da inj\u00faria preconceituosa at\u00e9 recentemente, mas j\u00e1 n\u00e3o integram mais a inj\u00faria preconceituosa.<\/p>\n\n\n\n<h4 class=\"wp-block-heading\">Inj\u00faria racial<\/h4>\n\n\n\n<p>A inj\u00faria racial, agora compondo o art. 2\u00ba-A da Lei n\u00ba 7.716\/1989 (Lei do Crime Racial), corresponde a \u201cinjuriar algu\u00e9m, <strong>ofendendo-lhe a dignidade ou o decoro, em raz\u00e3o de ra\u00e7a, cor, etnia ou proced\u00eancia nacional<\/strong>\u201d, sendo punido com reclus\u00e3o de dois a cinco anos, e multa.<\/p>\n\n\n\n<p>Os atos de ofender a dignidade ou o decoro de algu\u00e9m em raz\u00e3o de ra\u00e7a, cor, etnia outrora integravam o tipo penal da inj\u00faria preconceituosa. Por\u00e9m, foram apartados para tipo penal pr\u00f3prio com o advento da Lei n\u00ba 14.532\/2023.<\/p>\n\n\n\n<p>O novo tipo penal possui par\u00e1grafo \u00fanico, pelo qual o crime ter\u00e1 aumento de pena em metade, se \u201ccometido mediante concurso de 2 (duas) ou mais pessoas&#8221;.<\/p>\n\n\n\n<p>Como j\u00e1 definido pelo STF anteriormente, \u201co crime de inj\u00faria racial configura uma forma de racismo e \u00e9 imprescrit\u00edvel\u201d (2021), entendimento que certamente se mant\u00e9m agora que a inj\u00faria racial foi institu\u00edda por artigo na pr\u00f3pria Lei do Crime Racial.<\/p>\n\n\n\n<h2 class=\"wp-block-heading\">Crimes contra a honra: o que a defesa precisa saber?<\/h2>\n\n\n\n<p>Os crimes contra a honra, por sua natureza distinta, possuem certas caracter\u00edsticas exclusivas, tanto nos seus requisitos para a a\u00e7\u00e3o penal quanto para a extin\u00e7\u00e3o da punibilidade.<\/p>\n\n\n\n<p>As observa\u00e7\u00f5es tecidas adiante n\u00e3o se aplicam ao crime de inj\u00faria racial, vez que, incluso na Lei do Crime Racial, foi retirado do cap\u00edtulo V do T\u00edtulo I da Parte Especial do C\u00f3digo Penal.<\/p>\n\n\n\n<h3 class=\"wp-block-heading\">Exce\u00e7\u00e3o da verdade nos crimes contra a honra<\/h3>\n\n\n\n<p>Uma peculiaridade de alguns crimes contra a honra \u00e9 a possibilidade de o ofensor invocar a exce\u00e7\u00e3o da verdade para que demonstre n\u00e3o ter incorrido na pr\u00e1tica do crime.<\/p>\n\n\n\n<p>O instituto da exce\u00e7\u00e3o da verdade \u00e9 aceito no caso de cal\u00fania e, excepcionalmente, no caso da difama\u00e7\u00e3o. Na difama\u00e7\u00e3o, a exce\u00e7\u00e3o da verdade s\u00f3 ser\u00e1 poss\u00edvel quando o ofendido \u00e9 funcion\u00e1rio p\u00fablico, e em caso bem espec\u00edfico, como ser\u00e1 verificado em t\u00f3pico pr\u00f3prio.<\/p>\n\n\n\n<p>Na cal\u00fania, conforme \u00a7 3\u00ba do art. 138, aquele que atribui a outro a pr\u00e1tica de fato definido como crime tem o direito de fazer prova da veracidade dos fatos atribu\u00eddos ao ofendido. Se comprovada a veracidade do fato, n\u00e3o h\u00e1 crime, j\u00e1 que n\u00e3o foi imputado falsamente o fato.<\/p>\n\n\n\n<p>H\u00e1 apenas tr\u00eas situa\u00e7\u00f5es nas quais a exce\u00e7\u00e3o da verdade n\u00e3o poder\u00e1 ser suscitada quanto \u00e0 cal\u00fania:<\/p>\n\n\n\n<blockquote class=\"wp-block-quote is-layout-flow wp-block-quote-is-layout-flow\">\n<p><em>Se, constituindo o fato imputado crime de a\u00e7\u00e3o privada, o ofendido n\u00e3o foi condenado por senten\u00e7a irrecorr\u00edvel\u201d<\/em>:&nbsp;<\/p>\n<\/blockquote>\n\n\n\n<p>Ou seja, se a cal\u00fania \u00e9 em rela\u00e7\u00e3o a atribui\u00e7\u00e3o de fato criminoso que apenas a v\u00edtima pode buscar a responsabiliza\u00e7\u00e3o do agente (crime de a\u00e7\u00e3o penal privada), a exce\u00e7\u00e3o da verdade s\u00f3 ser\u00e1 aceita caso a \u201cv\u00edtima\u201d da \u201ccal\u00fania\u201d j\u00e1 tenha sido condenada pelo fato.<\/p>\n\n\n\n<blockquote class=\"wp-block-quote is-layout-flow wp-block-quote-is-layout-flow\">\n<p><em>Se o fato \u00e9 imputado a qualquer das pessoas indicadas no n\u00ba I do art. 141\u201d.<\/em><\/p>\n<\/blockquote>\n\n\n\n<p>J\u00e1 aqui, o inciso I do art. 141 prev\u00ea aumento de pena para a cal\u00fania praticada contra \u201co Presidente da Rep\u00fablica, ou contra chefe de governo estrangeiro\u201d, sendo que, al\u00e9m do aumento da pena, \u00e9 incab\u00edvel a exce\u00e7\u00e3o da verdade para a cal\u00fania praticada contra aqueles que exercem fun\u00e7\u00e3o de governan\u00e7a m\u00e1xima de uma na\u00e7\u00e3o.<\/p>\n\n\n\n<blockquote class=\"wp-block-quote is-layout-flow wp-block-quote-is-layout-flow\">\n<p><em>Se do crime imputado, embora de a\u00e7\u00e3o p\u00fablica, o ofendido foi absolvido por senten\u00e7a irrecorr\u00edvel\u201d.<\/em><\/p>\n<\/blockquote>\n\n\n\n<p>E, por fim, se ao ofendido for atribu\u00eddo fato criminoso de a\u00e7\u00e3o p\u00fablica, a exce\u00e7\u00e3o da verdade em regra sempre poder\u00e1 ser alegada, a menos que sobrevenha senten\u00e7a irrecorr\u00edvel absolvendo o ofendido do fato a ele atribu\u00eddo pelo caluniador.&nbsp;<\/p>\n\n\n\n<h3 class=\"wp-block-heading\">Crimes contra a honra praticados contra servidores p\u00fablicos&nbsp;<\/h3>\n\n\n\n<p>Os servidores p\u00fablicos, pela condi\u00e7\u00e3o de sua profiss\u00e3o, recebem especial prote\u00e7\u00e3o da lei, mas ao mesmo tempo t\u00eam maiores responsabilidades e deveres perante a sociedade. N\u00f3s podemos ver esse trato distinto tamb\u00e9m nos crimes contra a honra.<\/p>\n\n\n\n<p>Dessa forma, n\u00e3o comete crime o funcion\u00e1rio que relata fatos difamantes ou ofende a dignidade ou o decoro de algu\u00e9m, se o faz \u201cem aprecia\u00e7\u00e3o ou informa\u00e7\u00e3o que preste no cumprimento de dever do of\u00edcio\u201d (art. 142, inc. III, CP).<\/p>\n\n\n\n<p>Rog\u00e9rio Greco (2022, 5.2.7) justifica a pertin\u00eancia da imunidade concedida ao funcion\u00e1rio p\u00fablico, j\u00e1 que:&nbsp;<\/p>\n\n\n\n<blockquote class=\"wp-block-quote is-layout-flow wp-block-quote-is-layout-flow\">\n<p><em>Mesmo que emitindo conceitos desfavor\u00e1veis, o faz em benef\u00edcio da Administra\u00e7\u00e3o P\u00fablica, sendo seu dever [&#8230;] mesmo que com seus conceitos venha a, aparentemente, macular a honra objetiva, ou mesmo a honra subjetiva das pessoas\u201d.<\/em><\/p>\n<\/blockquote>\n\n\n\n<p>Al\u00e9m dessa prote\u00e7\u00e3o no exerc\u00edcio da fun\u00e7\u00e3o, as penas s\u00e3o aumentadas quando o crime contra a honra \u00e9 praticado \u201ccontra funcion\u00e1rio p\u00fablico, em raz\u00e3o de suas fun\u00e7\u00f5es\u201d (art. 141, II, CP).<\/p>\n\n\n\n<p>Por outro lado, aquele que difamar funcion\u00e1rio p\u00fablico n\u00e3o comete crime se provar que ofendeu-lhe a reputa\u00e7\u00e3o mediante a imputa\u00e7\u00e3o de fato verdadeiro que tenha rela\u00e7\u00e3o com o exerc\u00edcio de suas fun\u00e7\u00f5es (art. 139, par\u00e1grafo \u00fanico, CP).<\/p>\n\n\n\n<p>A ressalva \u00e9 muito bem vinda, posto que h\u00e1 atos que, se praticados por funcion\u00e1rios p\u00fablicos, embora n\u00e3o configurem crime, podem configurar viola\u00e7\u00e3o dos princ\u00edpios da administra\u00e7\u00e3o p\u00fablica, e, evidentemente, ser\u00e3o do interesse da sociedade.<\/p>\n\n\n\n<h3 class=\"wp-block-heading\">Aumento da pena nos crimes contra a honra<\/h3>\n\n\n\n<p>Os crimes contra a honra t\u00eam a pena aumentada em um ter\u00e7o, quando praticados contra pessoas que, por suas condi\u00e7\u00f5es de especial vulnerabilidade ou por ocuparem cargos ou fun\u00e7\u00f5es relevantes no poder p\u00fablico, hip\u00f3teses detalhadas nos incisos do art. 141 do CP.<\/p>\n\n\n\n<p>O mesmo aumento incide quando o crime \u00e9 praticado na presen\u00e7a de v\u00e1rias pessoas, ou por meio que facilite sua divulga\u00e7\u00e3o (art. 141, CP). \u00c9 o caso de crimes contra a honra praticados diante de uma plateia, em programas de televis\u00e3o, radio etc.<\/p>\n\n\n\n<p>Embora a majorante fosse aplic\u00e1vel para os casos de crimes praticados em redes sociais, a lei 13.964\/2019 incluiu o \u00a7 3\u00ba no art. 141 do CP trouxe majorante espec\u00edfica para os crimes praticados nas redes.<\/p>\n\n\n\n<p>Com a nova majorante foi estabelecido o aumento da pena em seu triplo quando o crime \u00e9 \u201ccometido ou divulgado em quaisquer modalidades das redes sociais da rede mundial de computadores\u201d.<\/p>\n\n\n\n<p>Numa \u00e9poca em que parte massiva das comunica\u00e7\u00f5es \u00e9 realizada em redes sociais, onde muitas vezes a pessoa que primeiro publicou algo n\u00e3o tem controle sobre o ritmo e alcance da divulga\u00e7\u00e3o, revela-se importante a previs\u00e3o de aumento.<\/p>\n\n\n\n<p>A mesma lei, de 2019, incluiu tamb\u00e9m o \u00a7 1\u00ba, for\u00e7ando a aplica\u00e7\u00e3o da pena em dobro ao crime contra a honra quando \u201ccometido mediante paga ou promessa de recompensa\u201d.<\/p>\n\n\n\n<h4 class=\"wp-block-heading\">Exclus\u00e3o do crime<\/h4>\n\n\n\n<p>Pela natureza dos crimes contra a honra, podemos perceber ambientes e profiss\u00f5es mais prop\u00edcios \u00e0 pr\u00e1tica das condutas tipificadas, ou mesmo situa\u00e7\u00f5es s\u00e3o necess\u00e1rias.<\/p>\n\n\n\n<p>O Legislador, atento a isso, listou as circunst\u00e2ncias nas quais h\u00e1 a exclus\u00e3o do crime. Ou seja, circunst\u00e2ncias nas quais a pr\u00e1tica das condutas tipificadas n\u00e3o configura crime.<\/p>\n\n\n\n<p>Nos incisos do art. 142 do CP vemos que n\u00e3o \u00e9 inj\u00faria nem difama\u00e7\u00e3o:<\/p>\n\n\n\n<ul class=\"wp-block-list\">\n<li>\u201ca ofensa irrogada em ju\u00edzo, na discuss\u00e3o da causa, pela parte ou por seu procurador\u201d;<\/li>\n\n\n\n<li>\u201ca opini\u00e3o desfavor\u00e1vel da cr\u00edtica liter\u00e1ria, art\u00edstica ou cient\u00edfica, salvo quando inequ\u00edvoca a inten\u00e7\u00e3o de injuriar ou difamar\u201d;<\/li>\n\n\n\n<li>\u201co conceito desfavor\u00e1vel emitido por funcion\u00e1rio p\u00fablico, em aprecia\u00e7\u00e3o ou informa\u00e7\u00e3o que preste no cumprimento de dever do of\u00edcio\u201d.<\/li>\n<\/ul>\n\n\n\n<p>Luiz Regis Prado (2010, p. 255) observa que quando a ofensa \u00e9 proferida em ju\u00edzo, seja em forma escrita ou oral, s\u00f3 h\u00e1 a exclus\u00e3o do crime se for proferida no contexto da causa e de forma conexa a seu objeto.<\/p>\n\n\n\n<p>A exclus\u00e3o do crime no \u00e2mbito da cr\u00edtica n\u00e3o guarda segredos, sendo clara a razoabilidade e a import\u00e2ncia da previs\u00e3o. Em rela\u00e7\u00e3o aos funcion\u00e1rios p\u00fablicos, j\u00e1 vimos melhor explica\u00e7\u00e3o no t\u00f3pico espec\u00edfico (item 3.b.).<\/p>\n\n\n\n<p>Importante destacar que, embora n\u00e3o cometa crime a parte ou procurador que profira ofensa em ju\u00edzo, e o funcion\u00e1rio p\u00fablico na hip\u00f3tese expressa, a mesma imunidade n\u00e3o se estende a terceiros.<\/p>\n\n\n\n<p>Portanto, se algu\u00e9m d\u00e1 publicidade \u00e0 inj\u00faria ou \u00e0 difama\u00e7\u00e3o proferidas nas situa\u00e7\u00f5es mencionadas (em ju\u00edzo ou por funcion\u00e1rio p\u00fablico) estar\u00e1 cometendo crime, conforme par\u00e1grafo \u00fanico do art. 142 do CP.<\/p>\n\n\n\n<p>Observe-se, tamb\u00e9m, que a exclus\u00e3o do crime s\u00f3 \u00e9 poss\u00edvel na difama\u00e7\u00e3o e na inj\u00faria, n\u00e3o havendo previs\u00e3o semelhante para a cal\u00fania.&nbsp;<\/p>\n\n\n\n<h2 class=\"wp-block-heading\">A retrata\u00e7\u00e3o dos crimes contra a honra<\/h2>\n\n\n\n<p>A retrata\u00e7\u00e3o, extin\u00e7\u00e3o da punibilidade prevista de forma gen\u00e9rica no art. 107, VI, do CP, \u00e9 mais uma singularidade dos crimes contra a honra, sendo esta cab\u00edvel na cal\u00fania e na difama\u00e7\u00e3o, estando exclu\u00edda a inj\u00faria.<\/p>\n\n\n\n<p>O art. 143 do CP assegura ao querelado (r\u00e9u) a isen\u00e7\u00e3o da pena se ele, \u201cantes da senten\u00e7a, se retrata cabalmente da cal\u00fania ou da difama\u00e7\u00e3o\u201d.<\/p>\n\n\n\n<p>Sendo uma prerrogativa do r\u00e9u, n\u00e3o depende de aceita\u00e7\u00e3o por parte do ofendido (v\u00edtima\/querelante), mas para que haja a isen\u00e7\u00e3o da pena \u00e9 imprescind\u00edvel que a retrata\u00e7\u00e3o seja cabal e realizada antes da senten\u00e7a.<\/p>\n\n\n\n<p>O entendimento do STJ nesse sentido foi reafirmado na APn n\u00ba 912\/RJ, cuja decis\u00e3o comp\u00f4s o Informativo n\u00ba 687, 8 de mar\u00e7o de 2021:<\/p>\n\n\n\n<blockquote class=\"wp-block-quote is-layout-flow wp-block-quote-is-layout-flow\">\n<p><em>A retrata\u00e7\u00e3o, admitida nos crimes de cal\u00fania e difama\u00e7\u00e3o, n\u00e3o \u00e9 ato bilateral, ou seja, n\u00e3o pressup\u00f5e aceita\u00e7\u00e3o da parte ofendida para surtir seus efeitos na seara penal, porque a lei n\u00e3o exige isso. [&#8230;] basta que a retrata\u00e7\u00e3o seja cabal. Vale dizer: deve ser clara, completa, definitiva e irrestrita, sem remanescer nenhuma d\u00favida ou ambiguidade quanto ao seu alcance, que \u00e9 justamente o de desdizer as palavras ofensivas \u00e0 honra, retratando-se o ofensor do malfeito.\u201d<\/em><\/p>\n<\/blockquote>\n\n\n\n<p>O par\u00e1grafo \u00fanico do art. 143 do CP disp\u00f5e que se a cal\u00fania ou difama\u00e7\u00e3o foi cometida:<\/p>\n\n\n\n<blockquote class=\"wp-block-quote is-layout-flow wp-block-quote-is-layout-flow\">\n<p><em>Utilizando-se de meios de comunica\u00e7\u00e3o, a retrata\u00e7\u00e3o dar-se-\u00e1, se assim desejar o ofendido, pelos mesmos meios em que se praticou a ofensa\u201d.<\/em><\/p>\n<\/blockquote>\n\n\n\n<p>A previs\u00e3o tem dois pontos bastante pertinentes. Por um lado, d\u00e1 ao ofendido a possibilidade de obter uma retrata\u00e7\u00e3o que tenha, em tese, o mesmo alcance que a ofensa sofrida.<\/p>\n\n\n\n<p>Dessa forma, se foi ofendido em programa de televis\u00e3o divulgado em rede nacional, por exemplo, poder\u00e1 estabelecer a necessidade de uma retrata\u00e7\u00e3o a ser divulgada no mesmo meio.<\/p>\n\n\n\n<p>Por outro lado, bastante interessante, isso s\u00f3 poder\u00e1 ocorrer \u201cse assim desejar o ofendido\u201d. Essa previs\u00e3o faz total sentido, vez que, a depender do caso, a retrata\u00e7\u00e3o amplamente divulgada poder\u00e1 ter como efeito reflexo a maior dissemina\u00e7\u00e3o da ofensa, numa esp\u00e9cie de \u201cefeito Streisand\u201d.<\/p>\n\n\n\n<h3 class=\"wp-block-heading\">Os limites dos efeitos da retrata\u00e7\u00e3o<\/h3>\n\n\n\n<p>Vale se atentar que a retrata\u00e7\u00e3o n\u00e3o \u00e9 excludente de ilicitude, mas apenas de punibilidade, e surte efeitos exclusivamente na pena.<\/p>\n\n\n\n<p>Eug\u00eancio Pacelli e Andr\u00e9 Callegari, em livro citado no ac\u00f3rd\u00e3o da j\u00e1 mencionada APn n\u00ba 912\/RJ (STJ), afirmam que a retrata\u00e7\u00e3o tempestiva \u201c\u00e9 considerada suficiente para retirar a necessidade da pena, diante de sua efic\u00e1cia, pelo afastamento completo de suas consequ\u00eancias\u201d.<\/p>\n\n\n\n<p>No entanto, embora as consequ\u00eancias penais sejam extintas, os autores ressaltam que permanecem as consequ\u00eancias civis, como a possibilidade da condena\u00e7\u00e3o em indeniza\u00e7\u00f5es.<\/p>\n\n\n\n<p>Ademais, entendemos que dever\u00e1 recair sobre o r\u00e9u eventuais consequ\u00eancias processuais penais, mesmo ap\u00f3s declarada a extin\u00e7\u00e3o da punibilidade. Especialmente quanto ao pagamento (ou ressarcimento) de custas e honor\u00e1rios, em aplica\u00e7\u00e3o anal\u00f3gica do art. 85, \u00a7 10, do CPC.<\/p>\n\n\n\n<h2 class=\"wp-block-heading\">Como \u00e9 o processo de crimes contra a honra?<\/h2>\n\n\n\n<p>S\u00e3o poucos os tipos penais que se procedem mediante a\u00e7\u00e3o penal privada, sendo que os crimes contra a honra s\u00e3o destaque nessa modalidade, al\u00e9m de possibilitarem instituto muito singular: as explica\u00e7\u00f5es em ju\u00edzo.<\/p>\n\n\n\n<h3 class=\"wp-block-heading\">Queixa-crime e crimes contra a honra<\/h3>\n\n\n\n<p>Em geral, nos crimes contra a honra previstos no C\u00f3digo Penal, \u201csomente se procede mediante queixa\u201d (art. 145), cabendo exclusivamente ao ofendido a legitimidade para impulsionar a justi\u00e7a penal.<\/p>\n\n\n\n<p>A exce\u00e7\u00e3o \u00e9 no caso da inj\u00faria real que acarreta em les\u00e3o corporal. Uma vez que a les\u00e3o corporal \u00e9 crime de a\u00e7\u00e3o penal p\u00fablica, ambos os crimes ser\u00e3o julgados conjuntamente. se for decorrente de concurso formal ou material com a inj\u00faria real<\/p>\n\n\n\n<p>A lei n\u00e3o faz acep\u00e7\u00e3o quanto \u00e0 les\u00e3o corporal leve ou culposa, cuja a\u00e7\u00e3o depende de representa\u00e7\u00e3o (art. 88 da Lei 9.099\/95), de forma que se pode inferir que mesmo nesses casos a inj\u00faria real ser\u00e1 julgada conjuntamente.<\/p>\n\n\n\n<h3 class=\"wp-block-heading\">Explica\u00e7\u00f5es em ju\u00edzo<\/h3>\n\n\n\n<p>Uma previs\u00e3o bastante particular dos crimes contra a honra, disposta no art. 144 do CP, \u00e9 a possibilidade de que aquele que se julgar ofendido possa pedir explica\u00e7\u00f5es em ju\u00edzo.<\/p>\n\n\n\n<p>Trata-se de procedimento que pode ser realizado antes do oferecimento de queixa. Nele ser\u00e1 avaliado se o ofensor dever\u00e1 responder pela ofensa, caso se recuse a dar explica\u00e7\u00f5es ou \u00e0s der insatisfatoriamente.<\/p>\n\n\n\n<p>A insufici\u00eancia das explica\u00e7\u00f5es fica a crit\u00e9rio do juiz, e n\u00e3o do ofendido, sendo evidente aqui o exerc\u00edcio da discricionariedade pelo magistrado.<\/p>\n\n\n\n<p>Se ausente ou insatisfat\u00f3ria a explica\u00e7\u00e3o, \u201cisso n\u00e3o importar\u00e1 em confiss\u00e3o ou mesmo em uma condena\u00e7\u00e3o antecipada\u201d, sendo que eventual queixa apresentada pelo ofendido \u201cdever\u00e1 ser procedida a normal instru\u00e7\u00e3o processual\u201d, segundo Rog\u00e9rio Greco (2022).<\/p>\n\n\n\n<p>Vemos, assim, que a explica\u00e7\u00e3o em ju\u00edzo \u00e9 faculdade do ofendido, e, se exercida, entendemos que poder\u00e1 resultar no pr\u00e9vio reconhecimento da atipicidade da conduta, caso o juiz entenda satisfat\u00f3ria a explica\u00e7\u00e3o.<\/p>\n\n\n\n<p>Do contr\u00e1rio, o ofendido poder\u00e1 oferecer queixa normalmente, caso pretenda a responsabiliza\u00e7\u00e3o do ofensor.<\/p>\n\n\n\n<h3 class=\"wp-block-heading\">Pessoa jur\u00eddica nos crimes contra a honra<\/h3>\n\n\n\n<p>Embora n\u00e3o possa ser autora de crime contra a honra, \u00e9 poss\u00edvel que a pessoa jur\u00eddica figure como v\u00edtima em algumas hip\u00f3teses.<\/p>\n\n\n\n<p>O entendimento do STF \u00e9 no sentido de que apenas nos casos de difama\u00e7\u00e3o \u00e9 que a pessoa jur\u00eddica pode ser v\u00edtima e oferecer queixa:<\/p>\n\n\n\n<figure class=\"wp-block-pullquote classe bq-small\"><blockquote><p>[&#8230;] CRIME CONTRA A HONRA DE PESSOA JUR\u00cdDICA: SOMENTE SE ADMITE A DIFAMA\u00c7\u00c3O. [&#8230;] 4. O Supremo Tribunal Federal j\u00e1 decidiu que a pr\u00e1tica dos crimes de inj\u00faria e cal\u00fania somente \u00e9 poss\u00edvel quando a v\u00edtima \u00e9 pessoa f\u00edsica. [&#8230;] 6. Queixa-crime rejeitada. (Pet 8481, Relator(a): C\u00c1RMEN L\u00daCIA, Tribunal Pleno, julgado em 30\/11\/2020, processo eletr\u00f4nico DJe-026, public. 11-02-2021)<\/p><\/blockquote><\/figure>\n\n\n\n<p>N\u00e3o obstante o entendimento do Supremo, que segue corrente doutrin\u00e1ria bastante consolidada, humildemente nos juntamos a autores que divergem do entendimento. Afinal, desde o advento da Lei 9.605\/98 a pessoa jur\u00eddica pode ser responsabilizada criminalmente, sendo poss\u00edvel atribuir a ela a pr\u00e1tica de fato definido como crime.<\/p>\n\n\n\n<p>Rog\u00e9rio Greco (2022, cap. V, 2.4) cita outros autores e conclui que se algu\u00e9m divulga informa\u00e7\u00e3o que sabe ser falsa, no sentido de pessoa jur\u00eddica estar poluindo ilegalmente o ambiente, \u201cpoder\u00e1 ser responsabilizado pelo delito de cal\u00fania\u201d.<\/p>\n\n\n\n<style>\n    #adpost-block_78d9cdcca263241db11469345295df69.anuncio-post-reverse {\n        display: flex;\n        gap: 24px;\n        border-radius: 8px;\n        width: 100%;\n        max-width: 752px;\n        padding: 40px;\n        background: #e7f4fe;\n        margin: 16px auto;\n    }\n\n    #adpost-block_78d9cdcca263241db11469345295df69 .anuncio-container {\n        display: flex;\n        flex-direction: column;\n        gap: 24px;\n        width: 100%;\n        max-width: 333px;\n    }\n\n    #adpost-block_78d9cdcca263241db11469345295df69 .anuncio-container .logo {\n        width: 100%;\n        max-width: 177px;\n        margin: 0;\n    }\n\n    #adpost-block_78d9cdcca263241db11469345295df69 .anuncio-text-container {\n        display: flex;\n        flex-direction: column;\n        gap: 24px;\n    }\n\n    #adpost-block_78d9cdcca263241db11469345295df69 .anuncio-text-container .title {\n        font-family: 'Ubuntu';\n        font-size: 1.5rem; \/\/24px\n        font-weight: 700;\n        line-height: 120%;\n        margin: 0;\n        color: #000;\n    }\n\n    #adpost-block_78d9cdcca263241db11469345295df69 .anuncio-text-container .text {\n        font-size: 0.875rem;\n        font-weight: 400;\n        line-height: 170%;\n        color: #000;\n    }\n\n    #adpost-block_78d9cdcca263241db11469345295df69 .anuncio-container .button {\n        display: inline-flex;\n        align-items: center;\n        justify-content: center;\n        width: fit-content;\n        height: 48px;\n        border-radius: 8px;\n        padding: 12px 24px;\n        font-size: 1rem;\n        font-weight: 600;\n        text-decoration: none;\n        background: #008fd5;\n        color: #fff;\n    }\n\n    #adpost-block_78d9cdcca263241db11469345295df69 .image-container {\n        position: relative;\n        width: 100%;\n        height: 100%;\n    }\n\n    #adpost-block_78d9cdcca263241db11469345295df69 .image-container.float {\n        min-height: 236px;\n    }\n\n    #adpost-block_78d9cdcca263241db11469345295df69 .image-container .image-desktop {\n        width: 100%;\n        max-width: 323px;\n        object-fit: contain;\n        margin: 0;\n    }\n\n    #adpost-block_78d9cdcca263241db11469345295df69 .image-container .image-mobile {\n        display: none;\n        width: 100%;\n        max-width: 291px;\n        object-fit: contain;\n        margin: 0;\n    }\n\n    #adpost-block_78d9cdcca263241db11469345295df69 .image-container.float .image-desktop,\n    #adpost-block_78d9cdcca263241db11469345295df69 .image-container.float .image-mobile {\n        position: absolute;\n        right: 0;\n        bottom: 0;\n    }\n\n    #adpost-block_78d9cdcca263241db11469345295df69 .image-container img {\n        border-radius: 8px;\n    }\n\n    \/************\n    * MOBILE \n    *************\/\n    @media (max-width: 1439px) {\n        #adpost-block_78d9cdcca263241db11469345295df69.anuncio-post-reverse {\n            flex-direction: column-reverse;\n            max-width: fit-content;\n            padding: 24px;\n        }\n\n        #adpost-block_78d9cdcca263241db11469345295df69 .anuncio-container {\n            max-width: 280px;\n            align-items: center;\n        }\n\n        #adpost-block_78d9cdcca263241db11469345295df69 .anuncio-container .logo {\n            max-width: 147px;\n        }\n\n        #adpost-block_78d9cdcca263241db11469345295df69 .anuncio-text-container {\n            gap: 8px;\n        }\n\n        #adpost-block_78d9cdcca263241db11469345295df69 .anuncio-text-container .title {\n            font-size: 1.25rem;\n            text-align: center;\n        }\n\n        #adpost-block_78d9cdcca263241db11469345295df69 .anuncio-text-container .text {\n            text-align: center;\n        }\n\n        #adpost-block_78d9cdcca263241db11469345295df69 .anuncio-container .button {\n            width: 100%;\n        }\n\n        #adpost-block_78d9cdcca263241db11469345295df69 .image-container.float {\n            min-height: 182px;\n        }\n\n        #adpost-block_78d9cdcca263241db11469345295df69 .image-container .image-desktop {\n            display: none;\n        }\n\n        #adpost-block_78d9cdcca263241db11469345295df69 .image-container .image-mobile {\n            display: block;\n        }\n    }\n\n    \/*******************\n    * RESET GLOBAL CSS \n    ********************\/\n    #s-post main article .content .image-container img {\n        margin: 0;\n    }\n<\/style>\n\n\n<article id=\"adpost-block_78d9cdcca263241db11469345295df69\" class=\"anuncio-post-reverse\">\n    <div class=\"anuncio-container\">\n        \n        <div class=\"anuncio-text-container\">\n             <h3 class=\"title\" >Seja protagonista da sua advocacia com o Astrea<\/h3>\n            <div class=\"text\" >Tenha tempo para focar no crescimento do seu escrit\u00f3rio, enquanto o Astrea cuida da sua gest\u00e3o jur\u00eddica com intelig\u00eancia.<\/div>        <\/div>\n       \n        <a class=\"button\" href=\"\/astrea\/?utm_source=blog&#038;utm_medium=adpost&#038;utm_campaign=campanha-marca-2026\" target=\"_self\">Conhe\u00e7a o Astrea<\/a>    <\/div>\n\n    <div class=\"image-container\">\n        <img decoding=\"async\" class=\"image-desktop\" src=\"https:\/\/www.aurum.com.br\/blog\/wp-content\/uploads\/2026\/03\/adpos-posicionamento-2026-desktop.png\" alt=\"\" \/>\n        <img decoding=\"async\" class=\"image-mobile\" src=\"https:\/\/www.aurum.com.br\/blog\/wp-content\/uploads\/2026\/03\/adpost-posicionamento-2026-mobile.png\" alt=\"\" \/>    <\/div>\n<\/article>\n\n\n<h2 class=\"wp-block-heading\">Conclus\u00e3o<\/h2>\n\n\n\n<p>Como se pode perceber, os crimes contra a honra possuem bastante caracter\u00edsticas bem pr\u00f3prias, sendo muito distintos dos demais crimes no C\u00f3digo Penal.<\/p>\n\n\n\n<p>Em geral, os advogados criminais se especializam e ganham experi\u00eancia sempre voltada para a defesa criminal, deixando de observar relevantes aspectos da atua\u00e7\u00e3o nos interesses da parte ativa em a\u00e7\u00e3o penal privada.<\/p>\n\n\n\n<p>Al\u00e9m disso, as previs\u00f5es legais acerca dos crimes contra a honra sofreram altera\u00e7\u00f5es recentes, por leis promulgadas nos anos de 2009, 2015, 2019, 2021, 2022 e 2023, o que demonstra a necessidade de manter sempre atualizado o conhecimento sobre o tema.<\/p>\n\n\n\n<h3 class=\"wp-block-heading\">Mais conhecimento para voc\u00ea<\/h3>\n\n\n\n<p>Se voc\u00ea gostou deste texto e deseja seguir a leitura em temas sobre direito e advocacia, vale a pena conferir os seguintes materiais:&nbsp;<\/p>\n\n\n\n<ul class=\"wp-block-list\">\n<li><a href=\"https:\/\/www.aurum.com.br\/blog\/recurso-inominado\/\">Recurso inominado<\/a>&nbsp;no Novo CPC: o que \u00e9, prazos e modelos exclusivos<\/li>\n\n\n\n<li>Como funciona o&nbsp;<a href=\"https:\/\/www.aurum.com.br\/blog\/recurso-adesivo\/\">recurso adesivo<\/a>&nbsp;no Novo CPC<\/li>\n\n\n\n<li>O&nbsp;<a href=\"https:\/\/www.aurum.com.br\/blog\/principio-da-dialeticidade\/\">princ\u00edpio da dialeticidade<\/a>&nbsp;e a apresenta\u00e7\u00e3o das raz\u00f5es no recurso<\/li>\n\n\n\n<li><a href=\"https:\/\/www.aurum.com.br\/blog\/sursis-processual\/\">Sursis processual<\/a>: requisitos e consequ\u00eancias<\/li>\n\n\n\n<li><a href=\"https:\/\/www.aurum.com.br\/blog\/amicus-curiae\/\">Entenda o que \u00e9 a figura do \u201camicus curiae\u201d prevista no Novo CPC<\/a><\/li>\n\n\n\n<li><a href=\"https:\/\/www.aurum.com.br\/blog\/extorsao\/\">Entenda o que \u00e9 extors\u00e3o, qual a pena e como ela se diferencia do roubo<\/a><\/li>\n\n\n\n<li><a href=\"https:\/\/www.aurum.com.br\/blog\/politica-de-privacidade\/\">Pol\u00edtica de privacidade: o que \u00e9, objetivo e caso do Threads<\/a><\/li>\n\n\n\n<li><a href=\"https:\/\/www.aurum.com.br\/blog\/importunacao-sexual\/\">Saiba o que \u00e9 importuna\u00e7\u00e3o sexual e o que diz a lei<\/a><\/li>\n\n\n\n<li><a href=\"https:\/\/www.aurum.com.br\/blog\/nulidade\/\">Entenda o que \u00e9 a nulidade processual e quais os tipos<\/a><\/li>\n\n\n\n<li><a href=\"https:\/\/www.aurum.com.br\/blog\/usucapiao-familiar\/\">O que \u00e9 e para que serve a usucapi\u00e3o familiar<\/a><\/li>\n\n\n\n<li><a href=\"https:\/\/www.aurum.com.br\/blog\/auxilio-acidente\/\">Entenda o que \u00e9 e como solicitar o aux\u00edlio-acidente<\/a><\/li>\n\n\n\n<li><a href=\"https:\/\/www.aurum.com.br\/blog\/contrato-de-mutuo\/\">O que \u00e9 e como elaborar um contrato de m\u00fatuo<\/a><\/li>\n\n\n\n<li><a href=\"https:\/\/www.aurum.com.br\/blog\/despejo-liminar\/\">Despejo liminar: como funciona e quando \u00e9 cab\u00edvel<\/a><\/li>\n<\/ul>\n\n\n<style>\r\n  .news-post {\r\n    background: url('https:\/\/www.aurum.com.br\/blog\/wp-content\/themes\/aurum\/img\/bg-news-artigo.svg') no-repeat top center #3C48AA;\r\n    padding: 1.5rem;\r\n    border-radius: 6px;\r\n    margin: 1rem 0;\r\n  }\r\n  .news-post .icone {\r\n    display: none;\r\n  }\r\n  .news-post .title {\r\n    font-weight: 700;\r\n    font-size: 16px;\r\n    line-height: 130%;\r\n    text-align: center;\r\n    letter-spacing: -0.5px;\r\n    color: #fff;\r\n    margin-bottom: .9375rem;\r\n  }\r\n  .news-post p {\r\n    font-size: .875rem;\r\n    line-height: 140%;\r\n    text-align: center;\r\n    color: #fff;\r\n    margin-bottom: 1.25rem;\r\n  }\r\n  .news-post .news_button_span {\r\n    font-size: .8125rem;\r\n    display: block;\r\n    padding: .125rem .3125rem;\r\n    color: #fff;\r\n    text-align:left;\r\n  }\r\n  .news-post .news_button_span a {\r\n    color: #fff !important;\r\n    text-decoration: underline;\r\n  }\r\n  .news-post form {\r\n    width: 100%;\r\n  }\r\n  .news-post label {\r\n    font-weight: 600;\r\n    font-size: .9375rem;\r\n    line-height: 1.5rem;\r\n    margin-bottom: .5rem;\r\n    color: #fff;\r\n    display: block;\r\n  }\r\n  .news-post input {\r\n    background: #fff;\r\n    border: 1px solid #CBCBD9;\r\n    box-sizing: border-box;\r\n    border-radius: 4px;\r\n    padding: .75rem 1rem;\r\n    width: 100%;\r\n  }\r\n  .news-post button {\r\n    margin-top: .875rem;\r\n    width: 100%;\r\n    min-width: auto;\r\n    background: #FCC632;\r\n    color: #3C48AA;\r\n  }\r\n  .news-post .input {\r\n    position: relative;\r\n    padding-bottom: 10px;\r\n  }\r\n  .news-post .error-message-ad {\r\n    font-size: .875rem;\r\n    line-height: 130%;\r\n    color: #D50021;\r\n    margin-left: 4px;\r\n  }\r\n  .news-post .error {\r\n    border: 1px solid #D50021;\r\n  }\r\n  .news-post #message-form-ad {\r\n    border-radius: 4px;\r\n    padding: 0.7rem;\r\n    font-size:0.8rem;\r\n    text-align: center;\r\n    align-items: center;\r\n    justify-content: center;\r\n    display: none;\r\n  }\r\n  .news-post #message-form-ad svg {\r\n    margin-right: 8px;\r\n  }\r\n\r\n  @media(min-width: 561px) {\r\n    .news-post {\r\n      position: relative;\r\n      background: url('https:\/\/www.aurum.com.br\/blog\/wp-content\/themes\/aurum\/img\/bg-news-artigo.svg') no-repeat top center #3C48AA;\r\n      width: calc(100% - 30px);\r\n    }\r\n    .news-post .icone {\r\n      display: block;\r\n      position: absolute;\r\n      right: -30px;\r\n      top: 65px;\r\n      max-width: 142px;\r\n      width: 100%;\r\n      height: auto;\r\n      margin: 0;\r\n    }\r\n    .news-post .title {\r\n      font-size: 1.125rem;\r\n      text-align: left;\r\n      \/* padding-right: 3.75rem; *\/\r\n    }\r\n    .news-post p {\r\n      font-size: 1rem;\r\n      text-align: left;\r\n      max-width: 400px;\r\n    }\r\n    .news-post .boxes {\r\n      display: flex;\r\n      align-items: flex-start;\r\n    }\r\n    .news-post button {\r\n      margin: 0 0 0 1rem;\r\n      width: 100%;\r\n      max-width: 170px;\r\n      min-width: auto;\r\n      transition: all ease .3s\r\n    }\r\n    .news-post button:hover {\r\n      opacity: 0.9;\r\n      transition: all ease .3s\r\n    }\r\n    .news-post #message-form-ad {\r\n      padding: 1.125rem;\r\n      font-size:1rem;\r\n    }\r\n    .news-post #message-form-ad svg {\r\n      margin-right: 10px;\r\n    }\r\n  }\r\n<\/style>\r\n\r\n<div class=\"news-post\">\r\n  <div class=\"title news-ad-title\">Gostou do artigo e quer evoluir a sua advocacia?<\/div>\r\n  <p class=\"news-ad-subtitle\">Assine gr\u00e1tis a Aurum News e receba uma dose semanal de conte\u00fado no seu e-mail! \u270c\ufe0f<\/p>\r\n  <img decoding=\"async\" src=\"https:\/\/www.aurum.com.br\/blog\/wp-content\/themes\/aurum\/img\/icon-news-artigo.svg\" alt=\"\" class=\"icone\">\r\n\r\n  <form method=\"post\" name=\"newsletter-ad\" id=\"aurum-newsletter-ad\">\r\n    <div class=boxes>\r\n      <div class=\"input\">\r\n        <label class=\"label-email\" htmlFor=\"email-ad\">Qual seu e-mail?<\/label>\r\n        <input type=\"email\" id=\"email-ad\" name=\"newsletter-mail-ad\" placeholder=\"Digite seu e-mail?\">\r\n        <div class=\"error-message-ad-email\">Endere\u00e7o de e-mail inv\u00e1lido ou incorreto<\/div>\r\n\r\n        <label class=\"label-select\" htmlFor=\"lawsuits-select-ad\">\r\n          Quantos processos voc\u00ea ou<br class=\"for-desktop\"\/> seu escrit\u00f3rio acompanham?\r\n        <\/label>\r\n        <div id=\"lawsuits-select-ad\" class=\"lawsuits-select select-wrapper\" tabindex=\"0\">\r\n          <div class=\"s-dropdown--styled\">\r\n          <span class=\"lawsuits-default\">\r\n            <span id=\"lawsuits-newsletter-ad\" class=\"lawsuits-default-text\" data-value=\"\">Selecione os processos<\/span>\r\n            <svg class=\"chevron\" xmlns=\"http:\/\/www.w3.org\/2000\/svg\" width=\"24\" height=\"25\" viewBox=\"0 0 24 25\" fill=\"none\">\r\n              <path d=\"M6 15.6152L12 9.61523L18 15.6152\" stroke=\"black\" stroke-width=\"2\" stroke-linecap=\"round\" stroke-linejoin=\"round\" \/>\r\n            <\/svg>\r\n          <\/span>\r\n\r\n          <ul class=\"s-dropdown u-hide\">\r\n            <li class=\"lawsuits\" data-value=\"Mais de 1000 processos\">Mais de 1000 processos<\/li>\r\n            <li class=\"lawsuits\" data-value=\"De 501 a 1000 processos\">De 501 a 1000 processos<\/li>\r\n            <li class=\"lawsuits\" data-value=\"De 151 a 500 processos\">De 151 a 500 processos<\/li>\r\n            <li class=\"lawsuits\" data-value=\"De 41 a 150 processos\">De 41 a 150 processos<\/li>\r\n            <li class=\"lawsuits\" data-value=\"At\u00e9 40 processos\">At\u00e9 40 processos<\/li>\r\n            <li class=\"lawsuits\" data-value=\"Atuo apenas no consultivo\">Atuo apenas no consultivo<\/li>\r\n            <li class=\"lawsuits\" data-value=\"Ainda sou estudante de direito\">Ainda sou estudante de direito<\/li>\r\n            <li class=\"lawsuits\" data-value=\"N\u00e3o sou da \u00e1rea jur\u00eddica\">N\u00e3o sou da \u00e1rea jur\u00eddica<\/li>\r\n          <\/ul>\r\n          <\/div>\r\n        <\/div>\r\n        <div class=\"error-message-ad-lawsuits\">Selecione algum processo<\/div>\r\n      <\/div>\r\n      <button class=\"btn btn-yellow ad-btn-desktop\" id=\"aurum-submit-ad\">Assinar gr\u00e1tis<\/button>\r\n      <button class=\"btn btn-yellow ad-btn-mobile\" id=\"aurum-submit-ad\">Assinar<\/button>\r\n    <\/div>\r\n    <span class=\"news_button_span\">Ao se cadastrar voc\u00ea declara que leu e aceitou a pol\u00edtica de privacidade e cookies do <a href=\"https:\/\/s3.sa-east-1.amazonaws.com\/publico.aurum.com.br\/contratos\/politica-de-privacidade.pdf\" target=\"_blank\" rel=\"noopener noreferrer\">site<\/a>.<\/span>\r\n  <\/form>\r\n  <div id=\"message-form-ad\"><\/div>\r\n<\/div>","protected":false},"excerpt":{"rendered":"<p>Inj\u00faria, cal\u00fania e difama\u00e7\u00e3o s\u00e3o os delitos identificados como crimes contra a honra. Previstos no C\u00f3digo Penal, buscam proteger a honra do indiv\u00edduo \u2013 bem garantido constitucionalmente \u2013 mediante a penaliza\u00e7\u00e3o de atos de ofensa que a maculem perante a sociedade ou perante a pr\u00f3pria v\u00edtima. Inj\u00faria, cal\u00fania e difama\u00e7\u00e3o s\u00e3o os delitos identificados como [&hellip;]<\/p>\n","protected":false},"author":127,"featured_media":22796,"comment_status":"open","ping_status":"open","sticky":false,"template":"","format":"standard","meta":{"_bbp_topic_count":0,"_bbp_reply_count":0,"_bbp_total_topic_count":0,"_bbp_total_reply_count":0,"_bbp_voice_count":0,"_bbp_anonymous_reply_count":0,"_bbp_topic_count_hidden":0,"_bbp_reply_count_hidden":0,"_bbp_forum_subforum_count":0,"inline_featured_image":false,"footnotes":""},"categories":[31],"tags":[],"class_list":["post-22793","post","type-post","status-publish","format-standard","has-post-thumbnail","hentry","category-direito-penal"],"acf":[],"_links":{"self":[{"href":"https:\/\/www.aurum.com.br\/blog\/wp-json\/wp\/v2\/posts\/22793","targetHints":{"allow":["GET"]}}],"collection":[{"href":"https:\/\/www.aurum.com.br\/blog\/wp-json\/wp\/v2\/posts"}],"about":[{"href":"https:\/\/www.aurum.com.br\/blog\/wp-json\/wp\/v2\/types\/post"}],"author":[{"embeddable":true,"href":"https:\/\/www.aurum.com.br\/blog\/wp-json\/wp\/v2\/users\/127"}],"replies":[{"embeddable":true,"href":"https:\/\/www.aurum.com.br\/blog\/wp-json\/wp\/v2\/comments?post=22793"}],"version-history":[{"count":12,"href":"https:\/\/www.aurum.com.br\/blog\/wp-json\/wp\/v2\/posts\/22793\/revisions"}],"predecessor-version":[{"id":31488,"href":"https:\/\/www.aurum.com.br\/blog\/wp-json\/wp\/v2\/posts\/22793\/revisions\/31488"}],"wp:featuredmedia":[{"embeddable":true,"href":"https:\/\/www.aurum.com.br\/blog\/wp-json\/wp\/v2\/media\/22796"}],"wp:attachment":[{"href":"https:\/\/www.aurum.com.br\/blog\/wp-json\/wp\/v2\/media?parent=22793"}],"wp:term":[{"taxonomy":"category","embeddable":true,"href":"https:\/\/www.aurum.com.br\/blog\/wp-json\/wp\/v2\/categories?post=22793"},{"taxonomy":"post_tag","embeddable":true,"href":"https:\/\/www.aurum.com.br\/blog\/wp-json\/wp\/v2\/tags?post=22793"}],"curies":[{"name":"wp","href":"https:\/\/api.w.org\/{rel}","templated":true}]}}