{"id":22626,"date":"2024-12-02T19:40:43","date_gmt":"2024-12-02T22:40:43","guid":{"rendered":"https:\/\/www.aurum.com.br\/blog\/?p=22626"},"modified":"2024-12-02T19:42:57","modified_gmt":"2024-12-02T22:42:57","slug":"tipos-de-aposentadoria","status":"publish","type":"post","link":"https:\/\/www.aurum.com.br\/blog\/tipos-de-aposentadoria\/","title":{"rendered":"Quais s\u00e3o os tipos de aposentadoria e seus requisitos"},"content":{"rendered":"<div id=\"bsf_rt_marker\"><\/div>\n<pre class=\"wp-block-preformatted\">No Brasil, os <strong>tipos de aposentadoria<\/strong> pelo INSS incluem idade, tempo de contribui\u00e7\u00e3o, invalidez, especial, para professores e pessoas com defici\u00eancia, conforme o cumprimento dos requisitos m\u00ednimos.<\/pre>\n\n\n\n<p>A aposentadoria \u00e9 um dos momentos mais aguardados na vida de qualquer trabalhador. Planejar e compreender as op\u00e7\u00f5es dispon\u00edveis \u00e9 essencial para garantir seguran\u00e7a e tranquilidade nessa nova fase.&nbsp;<\/p>\n\n\n\n<p>No Brasil, os tipos de aposentadoria dispon\u00edveis, especialmente para os filiados ao Regime Geral de Previd\u00eancia Social (INSS), passaram por mudan\u00e7as significativas ap\u00f3s a Reforma da Previd\u00eancia, em 13 de novembro de 2019.&nbsp;<\/p>\n\n\n\n<p>As novas regras trouxeram impactos profundos, tornando ainda mais importante conhecer os requisitos e modalidades para planejar uma transi\u00e7\u00e3o adequada e sem surpresas.&nbsp;<\/p>\n\n\n\n<p>Continue a leitura e descubra quais s\u00e3o os tipos de aposentadoria, como cada um funciona e quais s\u00e3o os requisitos atualizados!<\/p>\n\n\n\n<h2 class=\"wp-block-heading\">Quais s\u00e3o os tipos de aposentadoria no Brasil?<\/h2>\n\n\n\n<p>A aposentadoria \u00e9 um benef\u00edcio concedido aos segurados ou ex-segurados da Previd\u00eancia Social que completaram determinados requisitos legais para a sua concess\u00e3o.&nbsp;<\/p>\n\n\n\n<p>O direito a uma aposentadoria \u00e9 garantido pela nossa Constitui\u00e7\u00e3o Federal, mostrando a sua import\u00e2ncia na vida dos brasileiros.&nbsp;<\/p>\n\n\n\n<p>A aposentadoria que <strong>decorre do transcurso do tempo e \u00e9 concedida em raz\u00e3o da idade e do tempo de contribui\u00e7\u00e3o de uma pessoa \u00e9 o que chamamos de \u201cbenef\u00edcio program\u00e1vel\u201d<\/strong>, ou seja, \u00e9 um benef\u00edcio com data para ser concedido, pois \u00e9 poss\u00edvel saber, por um estudo previdenci\u00e1rio, quando esse benef\u00edcio ser\u00e1 concedido para cada pessoa.&nbsp;<\/p>\n\n\n\n<p>Essa aposentadoria programada, diferentemente do que ocorre com a aposentadoria por incapacidade permanente (antiga aposentadoria por invalidez), que j\u00e1 vimos em outro artigo, independe da qualidade de segurado para a sua concess\u00e3o, bastando, apenas, que a pessoa tenha preenchido em algum momento os requisitos legais para tanto!<\/p>\n\n\n\n<p>Com esse panorama inicial do assunto, n\u00f3s possu\u00edmos, atualmente, apenas um tipo de aposentadoria no sistema previdenci\u00e1rio brasileiro, qual seja, a aposentadoria programada. Essa modalidade de benef\u00edcio mistura a necessidade de uma idade m\u00ednima (requisito da antiga aposentadoria por idade) com um m\u00ednimo de tempo de contribui\u00e7\u00e3o (requisito da antiga aposentadoria por tempo de contribui\u00e7\u00e3o).<\/p>\n\n\n\n<p>Dito isso, ainda temos a previs\u00e3o de uma<strong> aposentadoria especial, aquela dedicada aos profissionais que est\u00e3o sujeitos a agentes nocivos em suas atividades remuneradas<\/strong>. No entanto, a Reforma da Previd\u00eancia acabou por tamb\u00e9m inserir uma idade m\u00ednima para a sua concess\u00e3o, al\u00e9m do tempo m\u00ednimo de exposi\u00e7\u00e3o a agentes nocivos. Mas n\u00e3o se assuste, vamos destrinchar cada esp\u00e9cie de benef\u00edcio mais adiante.<\/p>\n\n\n\n<figure class=\"wp-block-image size-full\"><img decoding=\"async\" width=\"1080\" height=\"1080\" src=\"https:\/\/www.aurum.com.br\/blog\/wp-content\/uploads\/2023\/06\/quais-sao-os-tipos-de-aposentadoria-1.jpg\" alt=\"Entenda os tipos de aposentadoria \" class=\"wp-image-32100\" srcset=\"https:\/\/www.aurum.com.br\/blog\/wp-content\/uploads\/2023\/06\/quais-sao-os-tipos-de-aposentadoria-1.jpg 1080w, https:\/\/www.aurum.com.br\/blog\/wp-content\/uploads\/2023\/06\/quais-sao-os-tipos-de-aposentadoria-1-300x300.jpg 300w, https:\/\/www.aurum.com.br\/blog\/wp-content\/uploads\/2023\/06\/quais-sao-os-tipos-de-aposentadoria-1-150x150.jpg 150w, https:\/\/www.aurum.com.br\/blog\/wp-content\/uploads\/2023\/06\/quais-sao-os-tipos-de-aposentadoria-1-768x768.jpg 768w\" sizes=\"(max-width: 1080px) 100vw, 1080px\" \/><figcaption class=\"wp-element-caption\">Veja como ficou os tipos de aposentadoria depois da reforma trabalhista<\/figcaption><\/figure>\n\n\n\n<h2 class=\"wp-block-heading\">Qual \u00e9 a diferen\u00e7a entre aposentadoria por idade e por tempo de contribui\u00e7\u00e3o?<\/h2>\n\n\n\n<p>A aposentadoria por idade e a aposentadoria por tempo de contribui\u00e7\u00e3o<strong> deixaram de existir no nosso ordenamento jur\u00eddico <\/strong>a partir da Emenda Constitucional n\u00b0 103\/2019, de 13 de novembro de 2019, que \u00e9 a famosa Reforma da Previd\u00eancia.<\/p>\n\n\n\n<p>Apesar da extin\u00e7\u00e3o dessas duas modalidades de aposentadoria como conhecemos, a mesma Reforma da Previd\u00eancia criou regras de transi\u00e7\u00e3o para quem j\u00e1 estava contribuindo para o sistema de Previd\u00eancia Social, que veremos adiante quais s\u00e3o elas, desta forma.<\/p>\n\n\n\n<p>A <strong>aposentadoria por idade<\/strong>, como era previsto na Constitui\u00e7\u00e3o Federal antes de 13\/11\/2019, era a aposentadoria concedida para a<strong> mulher que completasse 60 anos de idade e 180 contribui\u00e7\u00f5es<\/strong> previdenci\u00e1rias mensais a t\u00edtulo de car\u00eancia e, para o <strong>homem, desde que completasse 65 anos de idade e as mesmas 180 contribui\u00e7\u00f5es <\/strong>previdenci\u00e1rias mensais tamb\u00e9m a t\u00edtulo de car\u00eancia.&nbsp;<\/p>\n\n\n\n<p>Vejam que nessa modalidade n\u00e3o se utilizava a express\u00e3o \u201ctempo de contribui\u00e7\u00e3o\u201d, mas sim \u201ccar\u00eancia\u201d, que \u00e9 o n\u00famero m\u00ednimo de contribui\u00e7\u00f5es previdenci\u00e1rias v\u00e1lidas que uma pessoa precisa ter para ter acesso a um benef\u00edcio previdenci\u00e1rio, no entanto, comumente passou-se a acreditar que esta modalidade exigia os&nbsp; \u201c15 anos de tempo de contribui\u00e7\u00e3o\u201d em raz\u00e3o de a car\u00eancia de 180 meses quase se igualar ao transcurso de 15 anos.&nbsp;<\/p>\n\n\n\n<p>A a<strong>posentadoria por tempo de contribui\u00e7\u00e3o<\/strong> exigia um per\u00edodo m\u00ednimo de contribui\u00e7\u00e3o de cada pessoa para que ela fosse concedida. Para as <strong>mulheres<\/strong>, o tempo de contribui\u00e7\u00e3o <strong>m\u00ednimo era de 30 anos, al\u00e9m das 180 contribui\u00e7\u00f5es mensais<\/strong> a t\u00edtulo de car\u00eancia.&nbsp;<\/p>\n\n\n\n<p>J\u00e1 para os <strong>homens<\/strong>, o tempo m\u00ednimo de contribui\u00e7\u00e3o era de<strong> 35 anos, al\u00e9m da car\u00eancia de 180 contribui\u00e7\u00f5es<\/strong> previdenci\u00e1rias v\u00e1lidas. Desta forma, tal modalidade n\u00e3o exigia que a mulher e o homem tivessem qualquer idade m\u00ednima para a aposentadoria, bastando apenas comprovar o per\u00edodo m\u00ednimo de contribui\u00e7\u00e3o.&nbsp;<\/p>\n\n\n\n<h2 class=\"wp-block-heading\">O que \u00e9 a aposentadoria especial e quem tem direito a ela?<\/h2>\n\n\n\n<p>A aposentadoria especial \u00e9 um benef\u00edcio destinado a <strong>trabalhadores que exerceram atividades laborais sob condi\u00e7\u00f5es prejudiciais \u00e0 sa\u00fade ou \u00e0 integridade f\u00edsica ao longo do tempo.<\/strong>&nbsp;<\/p>\n\n\n\n<p>Essa modalidade reconhece o desgaste e os riscos envolvidos, permitindo ao segurado aposentar-se com requisitos mais vantajosos em rela\u00e7\u00e3o \u00e0 idade e ao tempo de contribui\u00e7\u00e3o, dependendo da gravidade da exposi\u00e7\u00e3o.<\/p>\n\n\n\n<p>Antes da Reforma da Previd\u00eancia, o tempo m\u00ednimo de contribui\u00e7\u00e3o era de 15, 20 ou 25 anos, conforme o grau de exposi\u00e7\u00e3o a agentes nocivos, sem a exig\u00eancia de uma idade m\u00ednima para a sua concess\u00e3o. Ap\u00f3s a Reforma, al\u00e9m do tempo m\u00ednimo, passou-se a exigir tamb\u00e9m uma idade m\u00ednima:<\/p>\n\n\n\n<ul class=\"wp-block-list\">\n<li>55 anos para atividades de alto risco (tempo m\u00ednimo de 15 anos);<\/li>\n\n\n\n<li>58 anos para atividades de m\u00e9dio risco (tempo m\u00ednimo de 20 anos);<\/li>\n\n\n\n<li>60 anos para atividades de baixo risco (tempo m\u00ednimo de 25 anos).<\/li>\n<\/ul>\n\n\n\n<p>Al\u00e9m disso, \u00e9 fundamental comprovar a exposi\u00e7\u00e3o aos agentes nocivos, como qu\u00edmicos, f\u00edsicos ou biol\u00f3gicos, por meio de documentos como o Perfil Profissiogr\u00e1fico Previdenci\u00e1rio (PPP) e laudos t\u00e9cnicos.<\/p>\n\n\n\n<h2 class=\"wp-block-heading\">Como funciona a aposentadoria por pontos?<\/h2>\n\n\n\n<p>A aposentadoria por pontos <strong>foi criada no ano de 2015 pela Lei n\u00b0 13.183 como uma forma de encorajar os trabalhadores a se aposentarem \u201cmais tarde\u201d<\/strong>, j\u00e1 que essa modalidade retirava a aplica\u00e7\u00e3o do fator previdenci\u00e1rio, que era obrigat\u00f3rio na concess\u00e3o da aposentadoria por tempo de contribui\u00e7\u00e3o uma vez que esta n\u00e3o exigia a idade m\u00ednima.&nbsp;<\/p>\n\n\n\n<p>Assim, para retirar o fator previdenci\u00e1rio do c\u00e1lculo do valor do benef\u00edcio da aposentadoria por tempo de contribui\u00e7\u00e3o, a regra dos pontos foi criada de modo a permitir a somat\u00f3ria da idade do trabalhador ao seu tempo de contribui\u00e7\u00e3o (sendo que era obrigat\u00f3rio que a mulher atingisse, no m\u00ednimo, os 30 anos de tempo de contribui\u00e7\u00e3o e, os homens, os 35 anos de tempo de contribui\u00e7\u00e3o), de forma a atingir uma pontua\u00e7\u00e3o prevista na legisla\u00e7\u00e3o.&nbsp;<\/p>\n\n\n\n<p>Quando foi criada, a legisla\u00e7\u00e3o previa que a pontua\u00e7\u00e3o subiria 1 ponto a cada ano, de forma que come\u00e7ou com 85 pontos para as mulheres e 95 pontos para os homens em 2015, subindo para 86 e 96 pontos, respectivamente, em 2018 e contava com a previs\u00e3o de acr\u00e9scimo de um ponto a cada dois anos.&nbsp;<\/p>\n\n\n\n<p>Assim, por exemplo, para que uma mulher atingisse os pontos necess\u00e1rios em 2018 (86), seria necess\u00e1rio, al\u00e9m dos 30 anos de tempo de contribui\u00e7\u00e3o, completar 56 anos de idade.<\/p>\n\n\n\n<p>Essa modalidade de aposentadoria tamb\u00e9m <strong>sofreu altera\u00e7\u00e3o com a entrada em vigor da Reforma da Previd\u00eancia<\/strong>, como veremos adiante.&nbsp;<\/p>\n\n\n\n<h2 class=\"wp-block-heading\">Como os MEIs podem se aposentar?<\/h2>\n\n\n\n<p>Ao MEI foi destinada t\u00e3o somente a modalidade da Aposentadoria Programada, por\u00e9m, \u00e9 importante ressaltar que essa n\u00e3o foi uma inova\u00e7\u00e3o da Emenda Constitucional n\u00b0 103\/2019, mas sim uma determina\u00e7\u00e3o que j\u00e1 existe desde a cria\u00e7\u00e3o do plano simplificado para contribui\u00e7\u00e3o previdenci\u00e1ria dessa categoria de segurado da Previd\u00eancia Social.<\/p>\n\n\n\n<p>Portanto, desde sua regulamenta\u00e7\u00e3o, aquela pessoa que recolhe suas contribui\u00e7\u00f5es previdenci\u00e1rias como MEI pode se aposentar t\u00e3o somente ao completar a idade m\u00ednima exigida por lei.<\/p>\n\n\n\n<p>Antes da Reforma da Previd\u00eancia, o Microempreendedor Individual homem poderia se aposentar aos 65 anos de idade e 180 contribui\u00e7\u00f5es mensais (15 anos de tempo de contribui\u00e7\u00e3o), enquanto a Microempreendedora Individual se aposentava aos 60 anos de idade e 180 contribui\u00e7\u00f5es mensais (15 anos de tempo de contribui\u00e7\u00e3o).<\/p>\n\n\n\n<p>Ap\u00f3s a Reforma, <strong>o MEI pode se enquadrar na regra de transi\u00e7\u00e3o da Aposentadoria por Idade<\/strong>, que aumentou a idade da mulher em 06 meses a cada ano at\u00e9 atingir 62 anos de idade em 2023, ou na Aposentadoria Programada, que passou a exigir da mulher, de forma definitiva, 62 anos de idade e 15 anos de tempo de contribui\u00e7\u00e3o e, do homem, 65 anos de idade e 15 anos de tempo de contribui\u00e7\u00e3o se j\u00e1 estivesse contribuindo para o RGPS antes de 13\/11\/2019.&nbsp;<\/p>\n\n\n\n<p>Para o homem que passou a contribuir para o RGPS somente ap\u00f3s 13\/11\/2019, o tempo de contribui\u00e7\u00e3o m\u00ednimo exigido para a concess\u00e3o da Aposentadoria Programada \u00e9 20 anos.<\/p>\n\n\n\n<h2 class=\"wp-block-heading\">Quais s\u00e3o as regras de transi\u00e7\u00e3o para quem j\u00e1 contribu\u00eda antes da Reforma da Previd\u00eancia?<\/h2>\n\n\n\n<p>A Emenda Constitucional n\u00b0 103\/2019 extinguiu a aposentadoria por idade e a aposentadoria por tempo de contribui\u00e7\u00e3o como conhec\u00edamos, transformando as duas modalidades na Aposentadoria Programada.&nbsp;<\/p>\n\n\n\n<p>Por\u00e9m, para n\u00e3o prejudicar (ainda mais) aquelas pessoas que j\u00e1 estavam contribuindo para a Previd\u00eancia Social e esperavam se aposentar dentro dos pr\u00f3ximos anos, a <strong>Reforma da Previd\u00eancia criou as chamadas \u201cregras de transi\u00e7\u00e3o\u201d<\/strong>, ou seja, modalidades de benef\u00edcios program\u00e1veis com requisitos diferenciados para aqueles que j\u00e1 estavam pr\u00f3ximos da t\u00e3o sonhada aposentadoria.&nbsp;<\/p>\n\n\n\n<p>Como regras de transi\u00e7\u00e3o temos:&nbsp;<\/p>\n\n\n\n<ul class=\"wp-block-list\">\n<li>Aposentadoria por idade;<\/li>\n\n\n\n<li>Aposentadoria com aplica\u00e7\u00e3o de pontos;<\/li>\n\n\n\n<li>Aposentadoria por tempo de contribui\u00e7\u00e3o com idade m\u00ednima;<\/li>\n\n\n\n<li>Aposentadoria com aplica\u00e7\u00e3o de um \u201cped\u00e1gio de 50%\u201d;<\/li>\n\n\n\n<li>Aposentadoria com aplica\u00e7\u00e3o de um \u201cped\u00e1gio de 100%\u201d;<\/li>\n\n\n\n<li>Uma regra de transi\u00e7\u00e3o destinada \u00e0 aposentadoria especial.\u00a0<\/li>\n<\/ul>\n\n\n\n<p>Vamos entender melhor como funciona cada uma:<\/p>\n\n\n\n<h3 class=\"wp-block-heading\">Regra de Transi\u00e7\u00e3o para Aposentadoria por Idade<\/h3>\n\n\n\n<p>Essa regra foi <strong>criada para fazer uma transi\u00e7\u00e3o da idade m\u00ednima da mulher<\/strong>, que era <strong>de 60 anos, para 62 anos<\/strong>. Ela tamb\u00e9m trouxe a previs\u00e3o de um novo tempo de contribui\u00e7\u00e3o para os homens que ingressarem no sistema da Previd\u00eancia Social ap\u00f3s 13\/11\/2019.<\/p>\n\n\n\n<p>A partir de 2020, a antiga idade m\u00ednima da mulher (60 anos) foi acrescida de 06 (seis) meses a cada ano, at\u00e9 atingir a nova regra de 62 anos em 2023.&nbsp;<\/p>\n\n\n\n<p>Assim, desde 01\/01\/2023, as mulheres precisam necessariamente completar 62 anos de idade e 15 anos de tempo de contribui\u00e7\u00e3o, al\u00e9m das 180 contribui\u00e7\u00f5es mensais a t\u00edtulo de car\u00eancia, para a sua aposentadoria.<\/p>\n\n\n\n<p>A idade do homem n\u00e3o foi alterada com a Reforma da Previd\u00eancia, mantendo-se em 65 (sessenta e cinco) anos de idade.&nbsp;<\/p>\n\n\n\n<p>No entanto, para os homens que come\u00e7arem a contribuir para a Previd\u00eancia Social ap\u00f3s 13\/11\/2019, ser\u00e1 exigido 20 anos de tempo de contribui\u00e7\u00e3o para a concess\u00e3o do benef\u00edcio e n\u00e3o mais os 15 anos de tempo de contribui\u00e7\u00e3o (que se mant\u00e9m para os homens que j\u00e1 estavam no sistema antes da reforma).<\/p>\n\n\n\n<h3 class=\"wp-block-heading\">Aposentadoria por pontos<\/h3>\n\n\n\n<p>A aposentadoria por pontos tem o mesmo mecanismo de concess\u00e3o previsto pela legisla\u00e7\u00e3o em sua cria\u00e7\u00e3o em 2015, ou seja, somat\u00f3rio do tempo de contribui\u00e7\u00e3o m\u00ednimo com a idade para atingir um determinado n\u00famero de pontos.&nbsp;<\/p>\n\n\n\n<p>No entanto, com a Reforma da Previd\u00eancia, <strong>a pontua\u00e7\u00e3o passa a ser aumentada a cada ano (e n\u00e3o mais os 2 anos).<\/strong><\/p>\n\n\n\n<p>Em 13\/11\/2019, a pontua\u00e7\u00e3o era de 86 pontos para as mulheres e 96 pontos para os homens. A partir de 01\/01\/2020, essa pontua\u00e7\u00e3o passou para 87 pontos para as mulheres e 97 pontos para os homens e assim sucessivamente nos anos seguintes, at\u00e9 atingir o m\u00e1ximo de 100 pontos para as mulheres e 105 pontos para os homens.&nbsp;<\/p>\n\n\n\n<p>No ano de 2024, para uma mulher se aposentar, por exemplo, ela precisa completar os 30 anos de tempo de contribui\u00e7\u00e3o e atingir 91 pontos, portanto, essa mulher precisaria ter, no m\u00ednimo, 61 anos de idade. Veja, n\u00e3o necessariamente a idade precisar\u00e1 ser t\u00e3o avan\u00e7ada para alcan\u00e7ar os pontos, podendo ser somado um tempo de contribui\u00e7\u00e3o maior do que os 30 anos m\u00ednimos e uma idade menor do que os 61 anos.&nbsp;<\/p>\n\n\n\n<h3 class=\"wp-block-heading\">Aposentadoria com aplica\u00e7\u00e3o do \u201cped\u00e1gio de 50%\u201d<\/h3>\n\n\n\n<p>Essa regra de modalidade <strong>prev\u00ea a aposentadoria para homens e mulheres sem a incid\u00eancia de uma idade m\u00ednima<\/strong>, desde que estes completem um tempo de contribui\u00e7\u00e3o m\u00ednimo.&nbsp;<\/p>\n\n\n\n<p>No entanto, essa regra somente poder\u00e1 ser aplicada para as mulheres que tivessem, no m\u00ednimo, 28 anos de tempo de contribui\u00e7\u00e3o em 13\/11\/2019 e homens que tivessem, no m\u00ednimo, 33 anos de tempo de contribui\u00e7\u00e3o.&nbsp;<\/p>\n\n\n\n<p>Essa exig\u00eancia se faz porque o texto da lei prev\u00ea que dever\u00e1 ser cumprido, al\u00e9m dos 30 e 35 anos de tempo de contribui\u00e7\u00e3o, metade do tempo que faltava para que uma mulher atingisse 30 anos de tempo de contribui\u00e7\u00e3o em 13\/11\/2019 e 35 anos de tempo de contribui\u00e7\u00e3o para um homem na mesma data.&nbsp;<\/p>\n\n\n\n<p>Ou seja, caso um homem tivesse exatos 33 anos de tempo de contribui\u00e7\u00e3o em 13\/11\/2019, isso significaria que ele precisaria contribuir por mais 2 anos para atingir os 35 anos de tempo de contribui\u00e7\u00e3o.&nbsp;<\/p>\n\n\n\n<p>Desta forma, ele ir\u00e1 cumprir os 35 anos de tempo de contribui\u00e7\u00e3o, por exemplo, em 13\/11\/2021 e ter\u00e1 de \u201cpagar um ped\u00e1gio\u201d de mais 1 ano de contribui\u00e7\u00e3o (metade do que faltava em 13\/11\/2019) para cumprir o requisito dessa regra de transi\u00e7\u00e3o. Assim, este homem estaria apto a se aposentar a partir de 13\/11\/2022.<\/p>\n\n\n\n<p>No entanto, por n\u00e3o prever uma idade m\u00ednima, <strong>essa regra de transi\u00e7\u00e3o \u00e9 a \u00fanica que tem a aplica\u00e7\u00e3o do fator previdenci\u00e1rio no c\u00e1lculo do valor do benef\u00edcio.&nbsp;<\/strong><\/p>\n\n\n\n<h3 class=\"wp-block-heading\">A aposentadoria com aplica\u00e7\u00e3o do \u201cped\u00e1gio de 100%\u201d<\/h3>\n\n\n\n<p>Essa modalidade de transi\u00e7\u00e3o segue a mesma l\u00f3gica da regra anterior, no entanto, ao inv\u00e9s de cumprir al\u00e9m do tempo m\u00ednimo legal (30 e 35 anos de tempo de contribui\u00e7\u00e3o), a <strong>pessoa ter\u00e1 que cumprir 100% do tempo que faltava para sua aposentadoria em 13\/11\/2019<\/strong>. Al\u00e9m disso, \u00e9 exigido que o homem tenha 60 anos de idade e a mulher 57 anos de idade.&nbsp;<\/p>\n\n\n\n<p>Neste exemplo, se um homem tivesse apenas 30 anos de tempo de contribui\u00e7\u00e3o em 13\/11\/2019, ele precisaria de mais 5 anos de tempo de contribui\u00e7\u00e3o at\u00e9 poder se aposentar.&nbsp;<\/p>\n\n\n\n<p>Assim, ele cumpriria os 35 anos, por exemplo, em 13\/11\/2024. No entanto, como esta regra prev\u00ea, ele precisar\u00e1 cumprir mais 5 anos at\u00e9 estar apto a uma aposentadoria (os \u201c100% do tempo que faltava\u201d), podendo se aposentar, portanto, em 13\/11\/2029 se tiver 60 anos de idade ou mais.<\/p>\n\n\n\n<p>Apesar dessa modalidade estender muito no tempo a possibilidade de uma aposentadoria, no c\u00e1lculo de seu valor n\u00e3o ser\u00e1 aplicado qualquer redutor, j\u00e1 que a lei prev\u00ea que ser\u00e1 \u201c100% da m\u00e9dia do sal\u00e1rio de contribui\u00e7\u00e3o\u201d, mas n\u00e3o se preocupe que teremos outra oportunidade para nos aprofundar no c\u00e1lculo dos benef\u00edcios.&nbsp;<\/p>\n\n\n\n<h3 class=\"wp-block-heading\">Aposentadoria por idade progressiva e tempo de contribui\u00e7\u00e3o<\/h3>\n\n\n\n<p>Nesta modalidade, se exige os mesmos 30 anos de tempo de contribui\u00e7\u00e3o da mulher e os 35 anos de tempo de contribui\u00e7\u00e3o. Por\u00e9m, se <strong>exige uma idade m\u00ednima para cada, come\u00e7ando com 56 anos de idade para as mulheres em 01\/01\/2020 e 61 anos de idade para os homens nessa mesma data.<\/strong><\/p>\n\n\n\n<p>Para a progress\u00e3o da idade ser\u00e1 acrescido 06 meses a cada ano, at\u00e9 atingir 62 anos de idade para as mulheres (em 2031) e 65 anos de idade para os homens (2027).<\/p>\n\n\n\n<p>Assim, para uma mulher se aposentar nessa modalidade de aposentadoria em 2024, ela precisar\u00e1 de 35 anos de tempo de contribui\u00e7\u00e3o e ter 58 anos e 6 meses de idade.<\/p>\n\n\n\n<h3 class=\"wp-block-heading\">Regra de transi\u00e7\u00e3o para a aposentadoria especial<\/h3>\n\n\n\n<p>Como dito mais acima, a aposentadoria especial tamb\u00e9m sofreu um grande impacto diante da Reforma da Previd\u00eancia, sendo <strong>exigido, na nova regra, uma idade m\u00ednima<\/strong>. Por\u00e9m, assim como nas demais modalidades, foi criada uma regra de transi\u00e7\u00e3o para esses trabalhadores:<\/p>\n\n\n\n<ul class=\"wp-block-list\">\n<li>Para atividades de alto risco: 15 anos de atividade especial + 66 pontos;<\/li>\n\n\n\n<li>Para atividades de risco moderado: 20 anos de atividade especial + 76 pontos; e<\/li>\n\n\n\n<li>Para atividades de baixo risco: 25 anos de atividade especial + 86 pontos.<\/li>\n<\/ul>\n\n\n\n<p>Nessa modalidade n\u00e3o h\u00e1 diferencia\u00e7\u00e3o entre homens e mulheres e os pontos correspondem \u00e0 soma da idade do trabalhador + tempo de contribui\u00e7\u00e3o comum (se houver) + tempo de atividade especial.&nbsp;<\/p>\n\n\n\n<style>\n    #adpost-block_245397c8949c5b0e7ab329542285de86.anuncio-post-reverse {\n        display: flex;\n        gap: 24px;\n        border-radius: 8px;\n        width: 100%;\n        max-width: 752px;\n        padding: 40px;\n        background: #e7f4fe;\n        margin: 16px auto;\n    }\n\n    #adpost-block_245397c8949c5b0e7ab329542285de86 .anuncio-container {\n        display: flex;\n        flex-direction: column;\n        gap: 24px;\n        width: 100%;\n        max-width: 333px;\n    }\n\n    #adpost-block_245397c8949c5b0e7ab329542285de86 .anuncio-container .logo {\n        width: 100%;\n        max-width: 177px;\n        margin: 0;\n    }\n\n    #adpost-block_245397c8949c5b0e7ab329542285de86 .anuncio-text-container {\n        display: flex;\n        flex-direction: column;\n        gap: 24px;\n    }\n\n    #adpost-block_245397c8949c5b0e7ab329542285de86 .anuncio-text-container .title {\n        font-family: 'Ubuntu';\n        font-size: 1.5rem; \/\/24px\n        font-weight: 700;\n        line-height: 120%;\n        margin: 0;\n        color: #000;\n    }\n\n    #adpost-block_245397c8949c5b0e7ab329542285de86 .anuncio-text-container .text {\n        font-size: 0.875rem;\n        font-weight: 400;\n        line-height: 170%;\n        color: #000;\n    }\n\n    #adpost-block_245397c8949c5b0e7ab329542285de86 .anuncio-container .button {\n        display: inline-flex;\n        align-items: center;\n        justify-content: center;\n        width: fit-content;\n        height: 48px;\n        border-radius: 8px;\n        padding: 12px 24px;\n        font-size: 1rem;\n        font-weight: 600;\n        text-decoration: none;\n        background: #008fd5;\n        color: #fff;\n    }\n\n    #adpost-block_245397c8949c5b0e7ab329542285de86 .image-container {\n        position: relative;\n        width: 100%;\n        height: 100%;\n    }\n\n    #adpost-block_245397c8949c5b0e7ab329542285de86 .image-container.float {\n        min-height: 236px;\n    }\n\n    #adpost-block_245397c8949c5b0e7ab329542285de86 .image-container .image-desktop {\n        width: 100%;\n        max-width: 323px;\n        object-fit: contain;\n        margin: 0;\n    }\n\n    #adpost-block_245397c8949c5b0e7ab329542285de86 .image-container .image-mobile {\n        display: none;\n        width: 100%;\n        max-width: 291px;\n        object-fit: contain;\n        margin: 0;\n    }\n\n    #adpost-block_245397c8949c5b0e7ab329542285de86 .image-container.float .image-desktop,\n    #adpost-block_245397c8949c5b0e7ab329542285de86 .image-container.float .image-mobile {\n        position: absolute;\n        right: 0;\n        bottom: 0;\n    }\n\n    #adpost-block_245397c8949c5b0e7ab329542285de86 .image-container img {\n        border-radius: 8px;\n    }\n\n    \/************\n    * MOBILE \n    *************\/\n    @media (max-width: 1439px) {\n        #adpost-block_245397c8949c5b0e7ab329542285de86.anuncio-post-reverse {\n            flex-direction: column-reverse;\n            max-width: fit-content;\n            padding: 24px;\n        }\n\n        #adpost-block_245397c8949c5b0e7ab329542285de86 .anuncio-container {\n            max-width: 280px;\n            align-items: center;\n        }\n\n        #adpost-block_245397c8949c5b0e7ab329542285de86 .anuncio-container .logo {\n            max-width: 147px;\n        }\n\n        #adpost-block_245397c8949c5b0e7ab329542285de86 .anuncio-text-container {\n            gap: 8px;\n        }\n\n        #adpost-block_245397c8949c5b0e7ab329542285de86 .anuncio-text-container .title {\n            font-size: 1.25rem;\n            text-align: center;\n        }\n\n        #adpost-block_245397c8949c5b0e7ab329542285de86 .anuncio-text-container .text {\n            text-align: center;\n        }\n\n        #adpost-block_245397c8949c5b0e7ab329542285de86 .anuncio-container .button {\n            width: 100%;\n        }\n\n        #adpost-block_245397c8949c5b0e7ab329542285de86 .image-container.float {\n            min-height: 182px;\n        }\n\n        #adpost-block_245397c8949c5b0e7ab329542285de86 .image-container .image-desktop {\n            display: none;\n        }\n\n        #adpost-block_245397c8949c5b0e7ab329542285de86 .image-container .image-mobile {\n            display: block;\n        }\n    }\n\n    \/*******************\n    * RESET GLOBAL CSS \n    ********************\/\n    #s-post main article .content .image-container img {\n        margin: 0;\n    }\n<\/style>\n\n\n<article id=\"adpost-block_245397c8949c5b0e7ab329542285de86\" class=\"anuncio-post-reverse\">\n    <div class=\"anuncio-container\">\n        \n        <div class=\"anuncio-text-container\">\n             <h3 class=\"title\" >Seja protagonista da sua advocacia com o Astrea<\/h3>\n            <div class=\"text\" >Tenha tempo para focar no crescimento do seu escrit\u00f3rio, enquanto o Astrea cuida da sua gest\u00e3o jur\u00eddica com intelig\u00eancia.<\/div>        <\/div>\n       \n        <a class=\"button\" href=\"\/astrea\/?utm_source=blog&#038;utm_medium=adpost&#038;utm_campaign=campanha-marca-2026\" target=\"_self\">Conhe\u00e7a o Astrea<\/a>    <\/div>\n\n    <div class=\"image-container\">\n        <img decoding=\"async\" class=\"image-desktop\" src=\"https:\/\/www.aurum.com.br\/blog\/wp-content\/uploads\/2026\/03\/adpos-posicionamento-2026-desktop.png\" alt=\"\" \/>\n        <img decoding=\"async\" class=\"image-mobile\" src=\"https:\/\/www.aurum.com.br\/blog\/wp-content\/uploads\/2026\/03\/adpost-posicionamento-2026-mobile.png\" alt=\"\" \/>    <\/div>\n<\/article>\n\n\n<h2 class=\"wp-block-heading\">Preciso de advogado para me aposentar?<\/h2>\n\n\n\n<p>Qualquer pessoa, desde que tenha contribu\u00eddo para a Previd\u00eancia Social, pode requerer seu pr\u00f3prio benef\u00edcio mediante liga\u00e7\u00e3o para o 135 ao acesso aos canais digitais do INSS (MEUINSS).&nbsp;<\/p>\n\n\n\n<p>No entanto, o <strong>melhor cen\u00e1rio \u00e9 sempre estar amparado por um advogado que seja especializado em Direito Previdenci\u00e1rio<\/strong> para que seus direitos sejam resguardados e sempre seja concedido o melhor benef\u00edcio para a situa\u00e7\u00e3o concreta.<\/p>\n\n\n\n<h2 class=\"wp-block-heading\">Como advogados podem ajudar seus clientes a escolher o tipo de aposentadoria ideal?<\/h2>\n\n\n\n<p>Advogados especialistas em Direito Previdenci\u00e1rio desempenham um papel essencial na escolha do tipo de aposentadoria ideal para cada cliente.&nbsp;<\/p>\n\n\n\n<p>Somente um profissional atualizado e capacitado pode <strong>analisar as peculiaridades da vida laboral do trabalhador, identificar seus direitos e orientar sobre a modalidade mais vantajosa <\/strong>num planejamento previdenci\u00e1rio.&nbsp;<\/p>\n\n\n\n<p>Essa an\u00e1lise inclui avaliar documentos, per\u00edodos trabalhados, contribui\u00e7\u00f5es e poss\u00edveis condi\u00e7\u00f5es especiais.&nbsp;<\/p>\n\n\n\n<p>Al\u00e9m disso, o advogado atua para evitar erros comuns, como falta de documenta\u00e7\u00e3o ou interpreta\u00e7\u00f5es equivocadas das regras, que podem atrasar ou at\u00e9 inviabilizar a concess\u00e3o do benef\u00edcio.&nbsp;<\/p>\n\n\n\n<p>Assim, contar com um especialista \u00e9 garantir que a aposentadoria seja concedida no tempo certo e com o valor correto.<\/p>\n\n\n\n<h2 class=\"wp-block-heading\">Conclus\u00e3o<\/h2>\n\n\n\n<p>Conhecer os diferentes tipos de aposentadoria e os requisitos atualizados ap\u00f3s a Reforma da Previd\u00eancia \u00e9 essencial para garantir o acesso a um benef\u00edcio justo e adequado \u00e0s necessidades de cada trabalhador.&nbsp;<\/p>\n\n\n\n<p>Com o aux\u00edlio de um advogado especializado, \u00e9 poss\u00edvel planejar e assegurar uma transi\u00e7\u00e3o tranquila para essa fase t\u00e3o esperada, evitando erros e protegendo direitos.<\/p>\n\n\n\n<h3 class=\"wp-block-heading\"><strong>Mais conhecimento para voc\u00ea<\/strong><\/h3>\n\n\n\n<p>Se voc\u00ea gostou deste texto e deseja seguir a leitura em temas sobre direito e advocacia, vale a pena conferir os seguintes materiais:&nbsp;<\/p>\n\n\n\n<ul class=\"wp-block-list\">\n<li><a href=\"https:\/\/www.aurum.com.br\/blog\/nome-social\/\">Nome social<\/a>: aspectos legais sobre o direito de mudar o nome de registro<\/li>\n\n\n\n<li>Principais aspectos do <a href=\"https:\/\/www.aurum.com.br\/blog\/principio-da-autonomia-da-vontade\/\">princ\u00edpio da autonomia da vontade<\/a> nos contratos<\/li>\n\n\n\n<li>Entenda o que \u00e9 e o que muda com a <a href=\"https:\/\/www.aurum.com.br\/blog\/lei-da-saf\/\">Lei da SAF<\/a><\/li>\n\n\n\n<li><a href=\"https:\/\/www.aurum.com.br\/blog\/reintegracao-de-posse\/\">Reintegra\u00e7\u00e3o de posse<\/a>: o que \u00e9 e como fazer a a\u00e7\u00e3o [+ MODELO]<\/li>\n\n\n\n<li><a href=\"https:\/\/www.aurum.com.br\/blog\/seguridade-social\/\">Entenda o que \u00e9 Seguridade Social e o que diz a lei<\/a><\/li>\n\n\n\n<li><a href=\"https:\/\/www.aurum.com.br\/blog\/heranca-digital\/\">O que \u00e9 a heran\u00e7a digital e qual a sua regulamenta\u00e7\u00e3o<\/a><\/li>\n\n\n\n<li><a href=\"https:\/\/www.aurum.com.br\/blog\/extorsao\/\">Entenda o que \u00e9 extors\u00e3o, qual a pena e como ela se diferencia do roubo<\/a><\/li>\n\n\n\n<li><a href=\"https:\/\/www.aurum.com.br\/blog\/usufruto\/\">Usufruto: conceito, caracter\u00edsticas e esp\u00e9cies<\/a><\/li>\n\n\n\n<li><a href=\"https:\/\/www.aurum.com.br\/blog\/auxilio-acidente\/\">Entenda o que \u00e9 e como solicitar o aux\u00edlio-acidente<\/a><\/li>\n<\/ul>\n\n\n<style>\r\n  .news-post {\r\n    background: url('https:\/\/www.aurum.com.br\/blog\/wp-content\/themes\/aurum\/img\/bg-news-artigo.svg') no-repeat top center #3C48AA;\r\n    padding: 1.5rem;\r\n    border-radius: 6px;\r\n    margin: 1rem 0;\r\n  }\r\n  .news-post .icone {\r\n    display: none;\r\n  }\r\n  .news-post .title {\r\n    font-weight: 700;\r\n    font-size: 16px;\r\n    line-height: 130%;\r\n    text-align: center;\r\n    letter-spacing: -0.5px;\r\n    color: #fff;\r\n    margin-bottom: .9375rem;\r\n  }\r\n  .news-post p {\r\n    font-size: .875rem;\r\n    line-height: 140%;\r\n    text-align: center;\r\n    color: #fff;\r\n    margin-bottom: 1.25rem;\r\n  }\r\n  .news-post .news_button_span {\r\n    font-size: .8125rem;\r\n    display: block;\r\n    padding: .125rem .3125rem;\r\n    color: #fff;\r\n    text-align:left;\r\n  }\r\n  .news-post .news_button_span a {\r\n    color: #fff !important;\r\n    text-decoration: underline;\r\n  }\r\n  .news-post form {\r\n    width: 100%;\r\n  }\r\n  .news-post label {\r\n    font-weight: 600;\r\n    font-size: .9375rem;\r\n    line-height: 1.5rem;\r\n    margin-bottom: .5rem;\r\n    color: #fff;\r\n    display: block;\r\n  }\r\n  .news-post input {\r\n    background: #fff;\r\n    border: 1px solid #CBCBD9;\r\n    box-sizing: border-box;\r\n    border-radius: 4px;\r\n    padding: .75rem 1rem;\r\n    width: 100%;\r\n  }\r\n  .news-post button {\r\n    margin-top: .875rem;\r\n    width: 100%;\r\n    min-width: auto;\r\n    background: #FCC632;\r\n    color: #3C48AA;\r\n  }\r\n  .news-post .input {\r\n    position: relative;\r\n    padding-bottom: 10px;\r\n  }\r\n  .news-post .error-message-ad {\r\n    font-size: .875rem;\r\n    line-height: 130%;\r\n    color: #D50021;\r\n    margin-left: 4px;\r\n  }\r\n  .news-post .error {\r\n    border: 1px solid #D50021;\r\n  }\r\n  .news-post #message-form-ad {\r\n    border-radius: 4px;\r\n    padding: 0.7rem;\r\n    font-size:0.8rem;\r\n    text-align: center;\r\n    align-items: center;\r\n    justify-content: center;\r\n    display: none;\r\n  }\r\n  .news-post #message-form-ad svg {\r\n    margin-right: 8px;\r\n  }\r\n\r\n  @media(min-width: 561px) {\r\n    .news-post {\r\n      position: relative;\r\n      background: url('https:\/\/www.aurum.com.br\/blog\/wp-content\/themes\/aurum\/img\/bg-news-artigo.svg') no-repeat top center #3C48AA;\r\n      width: calc(100% - 30px);\r\n    }\r\n    .news-post .icone {\r\n      display: block;\r\n      position: absolute;\r\n      right: -30px;\r\n      top: 65px;\r\n      max-width: 142px;\r\n      width: 100%;\r\n      height: auto;\r\n      margin: 0;\r\n    }\r\n    .news-post .title {\r\n      font-size: 1.125rem;\r\n      text-align: left;\r\n      \/* padding-right: 3.75rem; *\/\r\n    }\r\n    .news-post p {\r\n      font-size: 1rem;\r\n      text-align: left;\r\n      max-width: 400px;\r\n    }\r\n    .news-post .boxes {\r\n      display: flex;\r\n      align-items: flex-start;\r\n    }\r\n    .news-post button {\r\n      margin: 0 0 0 1rem;\r\n      width: 100%;\r\n      max-width: 170px;\r\n      min-width: auto;\r\n      transition: all ease .3s\r\n    }\r\n    .news-post button:hover {\r\n      opacity: 0.9;\r\n      transition: all ease .3s\r\n    }\r\n    .news-post #message-form-ad {\r\n      padding: 1.125rem;\r\n      font-size:1rem;\r\n    }\r\n    .news-post #message-form-ad svg {\r\n      margin-right: 10px;\r\n    }\r\n  }\r\n<\/style>\r\n\r\n<div class=\"news-post\">\r\n  <div class=\"title news-ad-title\">Gostou do artigo e quer evoluir a sua advocacia?<\/div>\r\n  <p class=\"news-ad-subtitle\">Assine gr\u00e1tis a Aurum News e receba uma dose semanal de conte\u00fado no seu e-mail! \u270c\ufe0f<\/p>\r\n  <img decoding=\"async\" src=\"https:\/\/www.aurum.com.br\/blog\/wp-content\/themes\/aurum\/img\/icon-news-artigo.svg\" alt=\"\" class=\"icone\">\r\n\r\n  <form method=\"post\" name=\"newsletter-ad\" id=\"aurum-newsletter-ad\">\r\n    <div class=boxes>\r\n      <div class=\"input\">\r\n        <label class=\"label-email\" htmlFor=\"email-ad\">Qual seu e-mail?<\/label>\r\n        <input type=\"email\" id=\"email-ad\" name=\"newsletter-mail-ad\" placeholder=\"Digite seu e-mail?\">\r\n        <div class=\"error-message-ad-email\">Endere\u00e7o de e-mail inv\u00e1lido ou incorreto<\/div>\r\n\r\n        <label class=\"label-select\" htmlFor=\"lawsuits-select-ad\">\r\n          Quantos processos voc\u00ea ou<br class=\"for-desktop\"\/> seu escrit\u00f3rio acompanham?\r\n        <\/label>\r\n        <div id=\"lawsuits-select-ad\" class=\"lawsuits-select select-wrapper\" tabindex=\"0\">\r\n          <div class=\"s-dropdown--styled\">\r\n          <span class=\"lawsuits-default\">\r\n            <span id=\"lawsuits-newsletter-ad\" class=\"lawsuits-default-text\" data-value=\"\">Selecione os processos<\/span>\r\n            <svg class=\"chevron\" xmlns=\"http:\/\/www.w3.org\/2000\/svg\" width=\"24\" height=\"25\" viewBox=\"0 0 24 25\" fill=\"none\">\r\n              <path d=\"M6 15.6152L12 9.61523L18 15.6152\" stroke=\"black\" stroke-width=\"2\" stroke-linecap=\"round\" stroke-linejoin=\"round\" \/>\r\n            <\/svg>\r\n          <\/span>\r\n\r\n          <ul class=\"s-dropdown u-hide\">\r\n            <li class=\"lawsuits\" data-value=\"Mais de 1000 processos\">Mais de 1000 processos<\/li>\r\n            <li class=\"lawsuits\" data-value=\"De 501 a 1000 processos\">De 501 a 1000 processos<\/li>\r\n            <li class=\"lawsuits\" data-value=\"De 151 a 500 processos\">De 151 a 500 processos<\/li>\r\n            <li class=\"lawsuits\" data-value=\"De 41 a 150 processos\">De 41 a 150 processos<\/li>\r\n            <li class=\"lawsuits\" data-value=\"At\u00e9 40 processos\">At\u00e9 40 processos<\/li>\r\n            <li class=\"lawsuits\" data-value=\"Atuo apenas no consultivo\">Atuo apenas no consultivo<\/li>\r\n            <li class=\"lawsuits\" data-value=\"Ainda sou estudante de direito\">Ainda sou estudante de direito<\/li>\r\n            <li class=\"lawsuits\" data-value=\"N\u00e3o sou da \u00e1rea jur\u00eddica\">N\u00e3o sou da \u00e1rea jur\u00eddica<\/li>\r\n          <\/ul>\r\n          <\/div>\r\n        <\/div>\r\n        <div class=\"error-message-ad-lawsuits\">Selecione algum processo<\/div>\r\n      <\/div>\r\n      <button class=\"btn btn-yellow ad-btn-desktop\" id=\"aurum-submit-ad\">Assinar gr\u00e1tis<\/button>\r\n      <button class=\"btn btn-yellow ad-btn-mobile\" id=\"aurum-submit-ad\">Assinar<\/button>\r\n    <\/div>\r\n    <span class=\"news_button_span\">Ao se cadastrar voc\u00ea declara que leu e aceitou a pol\u00edtica de privacidade e cookies do <a href=\"https:\/\/s3.sa-east-1.amazonaws.com\/publico.aurum.com.br\/contratos\/politica-de-privacidade.pdf\" target=\"_blank\" rel=\"noopener noreferrer\">site<\/a>.<\/span>\r\n  <\/form>\r\n  <div id=\"message-form-ad\"><\/div>\r\n<\/div>","protected":false},"excerpt":{"rendered":"<p>No Brasil, os tipos de aposentadoria pelo INSS incluem idade, tempo de contribui\u00e7\u00e3o, invalidez, especial, para professores e pessoas com defici\u00eancia, conforme o cumprimento dos requisitos m\u00ednimos. A aposentadoria \u00e9 um dos momentos mais aguardados na vida de qualquer trabalhador. Planejar e compreender as op\u00e7\u00f5es dispon\u00edveis \u00e9 essencial para garantir seguran\u00e7a e tranquilidade nessa nova [&hellip;]<\/p>\n","protected":false},"author":141,"featured_media":22630,"comment_status":"open","ping_status":"open","sticky":false,"template":"","format":"standard","meta":{"_bbp_topic_count":0,"_bbp_reply_count":0,"_bbp_total_topic_count":0,"_bbp_total_reply_count":0,"_bbp_voice_count":0,"_bbp_anonymous_reply_count":0,"_bbp_topic_count_hidden":0,"_bbp_reply_count_hidden":0,"_bbp_forum_subforum_count":0,"inline_featured_image":false,"footnotes":""},"categories":[32],"tags":[],"class_list":["post-22626","post","type-post","status-publish","format-standard","has-post-thumbnail","hentry","category-direito-previdenciario"],"acf":[],"_links":{"self":[{"href":"https:\/\/www.aurum.com.br\/blog\/wp-json\/wp\/v2\/posts\/22626","targetHints":{"allow":["GET"]}}],"collection":[{"href":"https:\/\/www.aurum.com.br\/blog\/wp-json\/wp\/v2\/posts"}],"about":[{"href":"https:\/\/www.aurum.com.br\/blog\/wp-json\/wp\/v2\/types\/post"}],"author":[{"embeddable":true,"href":"https:\/\/www.aurum.com.br\/blog\/wp-json\/wp\/v2\/users\/141"}],"replies":[{"embeddable":true,"href":"https:\/\/www.aurum.com.br\/blog\/wp-json\/wp\/v2\/comments?post=22626"}],"version-history":[{"count":8,"href":"https:\/\/www.aurum.com.br\/blog\/wp-json\/wp\/v2\/posts\/22626\/revisions"}],"predecessor-version":[{"id":32101,"href":"https:\/\/www.aurum.com.br\/blog\/wp-json\/wp\/v2\/posts\/22626\/revisions\/32101"}],"wp:featuredmedia":[{"embeddable":true,"href":"https:\/\/www.aurum.com.br\/blog\/wp-json\/wp\/v2\/media\/22630"}],"wp:attachment":[{"href":"https:\/\/www.aurum.com.br\/blog\/wp-json\/wp\/v2\/media?parent=22626"}],"wp:term":[{"taxonomy":"category","embeddable":true,"href":"https:\/\/www.aurum.com.br\/blog\/wp-json\/wp\/v2\/categories?post=22626"},{"taxonomy":"post_tag","embeddable":true,"href":"https:\/\/www.aurum.com.br\/blog\/wp-json\/wp\/v2\/tags?post=22626"}],"curies":[{"name":"wp","href":"https:\/\/api.w.org\/{rel}","templated":true}]}}