{"id":18197,"date":"2023-04-26T15:49:52","date_gmt":"2023-04-26T18:49:52","guid":{"rendered":"https:\/\/www.aurum.com.br\/blog\/?p=18197"},"modified":"2023-06-21T11:58:26","modified_gmt":"2023-06-21T14:58:26","slug":"sancao-administrativa","status":"publish","type":"post","link":"https:\/\/www.aurum.com.br\/blog\/sancao-administrativa\/","title":{"rendered":"Para que serve e em quais casos se aplica a san\u00e7\u00e3o administrativa?"},"content":{"rendered":"<div id=\"bsf_rt_marker\"><\/div>\n<pre class=\"wp-block-preformatted\"><strong>San\u00e7\u00e3o administrativa <\/strong>\u00e9 uma esp\u00e9cie de pena aplicada pelo Estado no exerc\u00edcio da fun\u00e7\u00e3o administrativa, em decorr\u00eancia de il\u00edcitos administrativos tipificados. Essas san\u00e7\u00f5es est\u00e3o majoritariamente previstas na Lei n\u00ba 8.429\/1992, recentemente modificada pela <a href=\"http:\/\/www.planalto.gov.br\/ccivil_03\/_ato2019-2022\/2021\/lei\/L14230.htm\" target=\"_blank\" rel=\"noopener\">Lei n\u00ba 14.230\/2021.<\/a><\/pre>\n\n\n\n<script type=\"application\/ld+json\">\n{\n  \"@context\": \"https:\/\/schema.org\",\n  \"@type\": \"FAQPage\",\n  \"mainEntity\": [{\n    \"@type\": \"Question\",\n    \"name\": \"O que \u00e9 san\u00e7\u00e3o administrativa?\",\n    \"acceptedAnswer\": {\n      \"@type\": \"Answer\",\n      \"text\": \"San\u00e7\u00e3o administrativa \u00e9 uma esp\u00e9cie de pena aplicada pelo Estado no exerc\u00edcio da fun\u00e7\u00e3o administrativa, em decorr\u00eancia de il\u00edcitos administrativos tipificados. Essas san\u00e7\u00f5es est\u00e3o majoritariamente previstas na Lei n\u00ba 8.429\/1992, recentemente modificada pela Lei n\u00ba 14.230\/2021.\"\n    }\n  },{\n    \"@type\": \"Question\",\n    \"name\": \"Para que serve a san\u00e7\u00e3o administrativa?\",\n    \"acceptedAnswer\": {\n      \"@type\": \"Answer\",\n      \"text\": \"A san\u00e7\u00e3o administrativa, de acordo com o art. 17-D da Lei 8.429, serve para reprimir os atos de improbidade administrativa e para sanar o dano causado por tais atos. Ou seja, ela tem como objetivo educar, prevenir ou reprimir condutas irregulares.\"\n    }\n  }]\n}\n<\/script>\n\n\n\n<p>A san\u00e7\u00e3o administrativa \u00e9 consequ\u00eancia jur\u00eddica de ato il\u00edcito praticado dentro do regime de responsabilidades de direito administrativo. Sua natureza \u00e9 de car\u00e1ter sancionat\u00f3rio e repressivo e, por isso, aplicam-se as garantias t\u00edpicas do direito penal.&nbsp;<\/p>\n\n\n\n<p>\u00c9 poss\u00edvel que a san\u00e7\u00e3o administrativa seja aplicada em sede de procedimentos licitat\u00f3rios, tribut\u00e1rios, \u00e9tico-disciplinares. No entanto, para fins did\u00e1ticos e de delimita\u00e7\u00e3o de conte\u00fado, irei abordar a san\u00e7\u00e3o administrativa <em>em sentido estrito<\/em>, isto \u00e9, a san\u00e7\u00e3o decorrente de improbidade administrativa, em conformidade \u00e0<a href=\"https:\/\/www.planalto.gov.br\/ccivil_03\/leis\/l8429.htm\" target=\"_blank\" rel=\"noopener\"> Lei n\u00ba 8.429\/1992<\/a>.<\/p>\n\n\n\n<p>Lembrando que, os coment\u00e1rios feitos por mim ao longo dessa coluna j\u00e1 tomam em considera\u00e7\u00e3o a modifica\u00e7\u00e3o legislativa realizada pela Lei n\u00ba 14.230\/21.&nbsp;<\/p>\n\n\n\n<p>Vamos ao tema! \ud83d\ude09<\/p>\n\n\n\n<h2 class=\"wp-block-heading\">O que \u00e9 san\u00e7\u00e3o administrativa?&nbsp;<\/h2>\n\n\n\n<p>A san\u00e7\u00e3o administrativa \u00e9 uma<strong> forma de pena aplicada ao agente p\u00fablico que comete <\/strong><a href=\"https:\/\/www.aurum.com.br\/blog\/improbidade-administrativa\/\"><strong>improbidade administrativa<\/strong><\/a><strong> <\/strong>e est\u00e1 prevista no Cap\u00edtulo III da Lei n\u00ba 8.429, de 2 de junho de 1992.&nbsp;<\/p>\n\n\n\n<p>Ou seja, as san\u00e7\u00f5es administrativas s\u00e3o puni\u00e7\u00f5es usadas para penalizar infratores que tenham praticado fato il\u00edcito ou irregular na execu\u00e7\u00e3o das atividades contratadas, respeitados os direitos ao contradit\u00f3rio e \u00e0 ampla defesa da empresa.<\/p>\n\n\n\n<p>Essa forma de san\u00e7\u00e3o, assim como disposto no Art. 12 da Lei 8.429\/92, existe concomitantemente com san\u00e7\u00f5es penais comuns e de responsabilidade, civis e administrativas previstas na legisla\u00e7\u00e3o espec\u00edfica.&nbsp;<\/p>\n\n\n\n<figure class=\"wp-block-image size-full\"><img decoding=\"async\" width=\"1200\" height=\"1200\" src=\"https:\/\/www.aurum.com.br\/blog\/wp-content\/uploads\/2023\/04\/o-que-e-sancao-administrativa.jpg\" alt=\"Entenda mais sobre san\u00e7\u00e3o administrativa\" class=\"wp-image-18198\" srcset=\"https:\/\/www.aurum.com.br\/blog\/wp-content\/uploads\/2023\/04\/o-que-e-sancao-administrativa.jpg 1200w, https:\/\/www.aurum.com.br\/blog\/wp-content\/uploads\/2023\/04\/o-que-e-sancao-administrativa-300x300.jpg 300w, https:\/\/www.aurum.com.br\/blog\/wp-content\/uploads\/2023\/04\/o-que-e-sancao-administrativa-150x150.jpg 150w, https:\/\/www.aurum.com.br\/blog\/wp-content\/uploads\/2023\/04\/o-que-e-sancao-administrativa-768x768.jpg 768w\" sizes=\"(max-width: 1200px) 100vw, 1200px\" \/><figcaption class=\"wp-element-caption\">Veja o que \u00e9 san\u00e7\u00e3o administrativa<\/figcaption><\/figure>\n\n\n\n<h2 class=\"wp-block-heading\">Quais s\u00e3o as san\u00e7\u00f5es administrativas?<\/h2>\n\n\n\n<p>As san\u00e7\u00f5es administrativas variam com base nas pr\u00e1ticas tipificadas no Cap\u00edtulo III da <a href=\"https:\/\/www.planalto.gov.br\/ccivil_03\/leis\/l8429.htm\" target=\"_blank\" rel=\"noopener\">Lei 8.429\/92<\/a>. Podemos esquematiz\u00e1-las da seguinte maneira.&nbsp;<\/p>\n\n\n\n<h3 class=\"wp-block-heading\">Pr\u00e1tica de enriquecimento il\u00edcito<\/h3>\n\n\n\n<p><strong>San\u00e7\u00e3o:<\/strong> perda dos bens ou valores acrescidos ilicitamente ao patrim\u00f4nio, perda da fun\u00e7\u00e3o p\u00fablica, suspens\u00e3o dos direitos pol\u00edticos at\u00e9 14&nbsp; anos, pagamento de multa civil equivalente ao valor do acr\u00e9scimo patrimonial e proibi\u00e7\u00e3o de contratar com o poder p\u00fablico ou de receber benef\u00edcios ou incentivos fiscais ou credit\u00edcios, direta ou indiretamente, ainda que por interm\u00e9dio de pessoa jur\u00eddica da qual seja s\u00f3cio majorit\u00e1rio, pelo prazo n\u00e3o superior a 14 anos.<\/p>\n\n\n\n<h3 class=\"wp-block-heading\">Pr\u00e1tica de les\u00e3o ao er\u00e1rio<\/h3>\n\n\n\n<p><strong>San\u00e7\u00e3o:<\/strong> perda dos bens ou valores acrescidos ilicitamente ao patrim\u00f4nio, se concorrer esta circunst\u00e2ncia, perda da fun\u00e7\u00e3o p\u00fablica, suspens\u00e3o dos direitos pol\u00edticos at\u00e9 12 anos, pagamento de multa civil equivalente ao valor do dano e proibi\u00e7\u00e3o de contratar com o poder p\u00fablico ou de receber benef\u00edcios ou incentivos fiscais ou credit\u00edcios, direta ou indiretamente, ainda que por interm\u00e9dio de pessoa jur\u00eddica da qual seja s\u00f3cio majorit\u00e1rio, pelo prazo n\u00e3o superior a 12 anos;&nbsp;<\/p>\n\n\n\n<h3 class=\"wp-block-heading\">Atentado contra os princ\u00edpios da administra\u00e7\u00e3o p\u00fablica<\/h3>\n\n\n\n<p><strong>San\u00e7\u00e3o<\/strong>: pagamento de multa civil de at\u00e9 24 vezes o valor da remunera\u00e7\u00e3o percebida pelo agente e proibi\u00e7\u00e3o de contratar com o poder p\u00fablico ou de receber benef\u00edcios ou incentivos fiscais ou credit\u00edcios, direta ou indiretamente, ainda que por interm\u00e9dio de pessoa jur\u00eddica da qual seja s\u00f3cio majorit\u00e1rio, pelo prazo n\u00e3o superior a quatro anos.<\/p>\n\n\n\n<h2 class=\"wp-block-heading\">Aplica\u00e7\u00e3o das san\u00e7\u00f5es administrativas e o processo sancionat\u00f3rio&nbsp;<\/h2>\n\n\n\n<p>A aplica\u00e7\u00e3o das san\u00e7\u00f5es administrativas est\u00e1 regulada pelo cap\u00edtulo V (artigos 14 ao 18) da Lei 8.429\/1992. O <a href=\"http:\/\/v\" target=\"_blank\">processo administrativo<\/a> sancionat\u00f3rio \u00e9, precisamente, a maneira pela qual ocorre a incid\u00eancia da san\u00e7\u00e3o.&nbsp;<\/p>\n\n\n\n<p>De acordo com C\u00e1ssio Scarpinella Bueno, \u00e9 poss\u00edvel pensar na ideia de um \u201cProcesso Civil de Interesse p\u00fablico\u201d, que seria um processo que visa solucionar conflitos originados de situa\u00e7\u00f5es regidas pelo direito p\u00fablico.<\/p>\n\n\n\n<p>A aplica\u00e7\u00e3o dessas san\u00e7\u00f5es \u00e9 de car\u00e1ter pessoal e n\u00e3o constitui a\u00e7\u00e3o civil. Elas tamb\u00e9m n\u00e3o podem ser ajuizadas para o controle de legalidade de pol\u00edticas p\u00fablicas e para a prote\u00e7\u00e3o do patrim\u00f4nio p\u00fablico e social, do <a href=\"https:\/\/www.aurum.com.br\/blog\/principios-do-direito-ambiental\/\">meio ambiente<\/a> e de outros interesses difusos, coletivos e individuais homog\u00eaneos.&nbsp;<\/p>\n\n\n\n<p>Tendo isso em vista<strong>, \u00e9 poss\u00edvel destacar alguns aspectos processuais sobre essas san\u00e7\u00f5es<\/strong>:<\/p>\n\n\n\n<ol class=\"wp-block-list\">\n<li>Qualquer pessoa pode representar \u00e0 autoridade administrativa competente para que seja instaurada investiga\u00e7\u00e3o destinada a apurar a pr\u00e1tica de ato de improbidade.<\/li>\n\n\n\n<li>A autoridade determinar\u00e1 a imediata apura\u00e7\u00e3o dos fatos, observada a legisla\u00e7\u00e3o que regula o processo administrativo disciplinar aplic\u00e1vel ao agente. \u00c9 o que se denomina Fase de Instaura\u00e7\u00e3o do processo administrativo.&nbsp;<\/li>\n\n\n\n<li>A comiss\u00e3o processante dar\u00e1 conhecimento ao Minist\u00e9rio P\u00fablico e ao Tribunal ou Conselho de Contas da exist\u00eancia de procedimento administrativo para apurar a pr\u00e1tica de ato de improbidade.<\/li>\n\n\n\n<li>Na a\u00e7\u00e3o por improbidade administrativa poder\u00e1 ser formulado, em car\u00e1ter antecedente ou incidente, pedido de indisponibilidade de bens dos r\u00e9us, a fim de garantir a integral recomposi\u00e7\u00e3o do er\u00e1rio ou do acr\u00e9scimo patrimonial resultante de enriquecimento il\u00edcito.<\/li>\n\n\n\n<li>A a\u00e7\u00e3o para a aplica\u00e7\u00e3o das san\u00e7\u00f5es de que trata a Lei 8.429 ser\u00e1 proposta pelo Minist\u00e9rio P\u00fablico e seguir\u00e1 o procedimento comum previsto na Lei n\u00ba 13.105, de 16 de mar\u00e7o de 2015 (C\u00f3digo de Processo Civil).<\/li>\n\n\n\n<li>A peti\u00e7\u00e3o inicial observar\u00e1 o seguinte:<br>i. <em>dever\u00e1 individualizar a conduta do r\u00e9u e apontar os elementos probat\u00f3rios m\u00ednimos que demonstrem a ocorr\u00eancia das hip\u00f3teses dos arts. 9\u00ba, 10 e 11 desta Lei e de sua autoria, salvo impossibilidade devidamente fundamentada;&nbsp;&nbsp;&nbsp;&nbsp;&nbsp;&nbsp;&nbsp;&nbsp;<\/em><br>ii. <em>ser\u00e1 instru\u00edda com documentos ou justifica\u00e7\u00e3o que contenham ind\u00edcios suficientes da veracidade dos fatos e do dolo imputado ou com raz\u00f5es fundamentadas da impossibilidade de apresenta\u00e7\u00e3o de qualquer dessas provas, observada a legisla\u00e7\u00e3o vigente, inclusive as disposi\u00e7\u00f5es constantes dos arts. 77 e 80 da Lei n\u00ba 13.105, de 16 de mar\u00e7o de 2015 (C\u00f3digo de Processo Civil).<\/em><\/li>\n\n\n\n<li>O Minist\u00e9rio P\u00fablico poder\u00e1, conforme as circunst\u00e2ncias do caso concreto, celebrar acordo de n\u00e3o persecu\u00e7\u00e3o civil, desde que dele advenham, ao menos, os seguintes resultados:&nbsp;<br><em>i.<\/em> <em>o integral ressarcimento do dano;&nbsp;&nbsp;<\/em><br><em>ii. a revers\u00e3o \u00e0 pessoa jur\u00eddica lesada da vantagem indevida obtida, ainda que oriunda de agentes privados<\/em><\/li>\n<\/ol>\n\n\n\n<ol class=\"wp-block-list\" start=\"8\">\n<li>Ap\u00f3s a produ\u00e7\u00e3o de provas, a autoridade respons\u00e1vel deve proferir sua decis\u00e3o sobre a pr\u00e1tica de ato de improbidade. Se for constatada a improbidade, a autoridade pode aplicar as san\u00e7\u00f5es previstas na lei, como perda da fun\u00e7\u00e3o p\u00fablica, suspens\u00e3o dos direitos pol\u00edticos, pagamento de multa, e as demais j\u00e1 trazidas.<\/li>\n\n\n\n<li>Naturalmente, da decis\u00e3o caber\u00e1 recurso, em observ\u00e2ncia ao direito fundamental do duplo grau de jurisdi\u00e7\u00e3o.<\/li>\n<\/ol>\n\n\n\n<style>\n    #adpost-block_a67967698714c0845cc76363abc7d115.anuncio-post-reverse {\n        display: flex;\n        gap: 24px;\n        border-radius: 8px;\n        width: 100%;\n        max-width: 752px;\n        padding: 40px;\n        background: #e7f4fe;\n        margin: 16px auto;\n    }\n\n    #adpost-block_a67967698714c0845cc76363abc7d115 .anuncio-container {\n        display: flex;\n        flex-direction: column;\n        gap: 24px;\n        width: 100%;\n        max-width: 333px;\n    }\n\n    #adpost-block_a67967698714c0845cc76363abc7d115 .anuncio-container .logo {\n        width: 100%;\n        max-width: 177px;\n        margin: 0;\n    }\n\n    #adpost-block_a67967698714c0845cc76363abc7d115 .anuncio-text-container {\n        display: flex;\n        flex-direction: column;\n        gap: 24px;\n    }\n\n    #adpost-block_a67967698714c0845cc76363abc7d115 .anuncio-text-container .title {\n        font-family: 'Ubuntu';\n        font-size: 1.5rem; \/\/24px\n        font-weight: 700;\n        line-height: 120%;\n        margin: 0;\n        color: #000;\n    }\n\n    #adpost-block_a67967698714c0845cc76363abc7d115 .anuncio-text-container .text {\n        font-size: 0.875rem;\n        font-weight: 400;\n        line-height: 170%;\n        color: #000;\n    }\n\n    #adpost-block_a67967698714c0845cc76363abc7d115 .anuncio-container .button {\n        display: inline-flex;\n        align-items: center;\n        justify-content: center;\n        width: fit-content;\n        height: 48px;\n        border-radius: 8px;\n        padding: 12px 24px;\n        font-size: 1rem;\n        font-weight: 600;\n        text-decoration: none;\n        background: #008fd5;\n        color: #fff;\n    }\n\n    #adpost-block_a67967698714c0845cc76363abc7d115 .image-container {\n        position: relative;\n        width: 100%;\n        height: 100%;\n    }\n\n    #adpost-block_a67967698714c0845cc76363abc7d115 .image-container.float {\n        min-height: 236px;\n    }\n\n    #adpost-block_a67967698714c0845cc76363abc7d115 .image-container .image-desktop {\n        width: 100%;\n        max-width: 323px;\n        object-fit: contain;\n        margin: 0;\n    }\n\n    #adpost-block_a67967698714c0845cc76363abc7d115 .image-container .image-mobile {\n        display: none;\n        width: 100%;\n        max-width: 291px;\n        object-fit: contain;\n        margin: 0;\n    }\n\n    #adpost-block_a67967698714c0845cc76363abc7d115 .image-container.float .image-desktop,\n    #adpost-block_a67967698714c0845cc76363abc7d115 .image-container.float .image-mobile {\n        position: absolute;\n        right: 0;\n        bottom: 0;\n    }\n\n    #adpost-block_a67967698714c0845cc76363abc7d115 .image-container img {\n        border-radius: 8px;\n    }\n\n    \/************\n    * MOBILE \n    *************\/\n    @media (max-width: 1439px) {\n        #adpost-block_a67967698714c0845cc76363abc7d115.anuncio-post-reverse {\n            flex-direction: column-reverse;\n            max-width: fit-content;\n            padding: 24px;\n        }\n\n        #adpost-block_a67967698714c0845cc76363abc7d115 .anuncio-container {\n            max-width: 280px;\n            align-items: center;\n        }\n\n        #adpost-block_a67967698714c0845cc76363abc7d115 .anuncio-container .logo {\n            max-width: 147px;\n        }\n\n        #adpost-block_a67967698714c0845cc76363abc7d115 .anuncio-text-container {\n            gap: 8px;\n        }\n\n        #adpost-block_a67967698714c0845cc76363abc7d115 .anuncio-text-container .title {\n            font-size: 1.25rem;\n            text-align: center;\n        }\n\n        #adpost-block_a67967698714c0845cc76363abc7d115 .anuncio-text-container .text {\n            text-align: center;\n        }\n\n        #adpost-block_a67967698714c0845cc76363abc7d115 .anuncio-container .button {\n            width: 100%;\n        }\n\n        #adpost-block_a67967698714c0845cc76363abc7d115 .image-container.float {\n            min-height: 182px;\n        }\n\n        #adpost-block_a67967698714c0845cc76363abc7d115 .image-container .image-desktop {\n            display: none;\n        }\n\n        #adpost-block_a67967698714c0845cc76363abc7d115 .image-container .image-mobile {\n            display: block;\n        }\n    }\n\n    \/*******************\n    * RESET GLOBAL CSS \n    ********************\/\n    #s-post main article .content .image-container img {\n        margin: 0;\n    }\n<\/style>\n\n\n<article id=\"adpost-block_a67967698714c0845cc76363abc7d115\" class=\"anuncio-post-reverse\">\n    <div class=\"anuncio-container\">\n        \n        <div class=\"anuncio-text-container\">\n             <h3 class=\"title\" >Seja protagonista da sua advocacia com o Astrea<\/h3>\n            <div class=\"text\" >Tenha tempo para focar no crescimento do seu escrit\u00f3rio, enquanto o Astrea cuida da sua gest\u00e3o jur\u00eddica com intelig\u00eancia.<\/div>        <\/div>\n       \n        <a class=\"button\" href=\"\/astrea\/?utm_source=blog&#038;utm_medium=adpost&#038;utm_campaign=campanha-marca-2026\" target=\"_self\">Conhe\u00e7a o Astrea<\/a>    <\/div>\n\n    <div class=\"image-container\">\n        <img decoding=\"async\" class=\"image-desktop\" src=\"https:\/\/www.aurum.com.br\/blog\/wp-content\/uploads\/2026\/03\/adpos-posicionamento-2026-desktop.png\" alt=\"\" \/>\n        <img decoding=\"async\" class=\"image-mobile\" src=\"https:\/\/www.aurum.com.br\/blog\/wp-content\/uploads\/2026\/03\/adpost-posicionamento-2026-mobile.png\" alt=\"\" \/>    <\/div>\n<\/article>\n\n\n<h2 class=\"wp-block-heading\">Para que serve a san\u00e7\u00e3o administrativa?&nbsp;<\/h2>\n\n\n\n<p>A san\u00e7\u00e3o administrativa, de acordo com o art. 17-D da Lei 8.429, serve para reprimir os atos de <a href=\"https:\/\/www.aurum.com.br\/blog\/improbidade-administrativa\/\">improbidade administrativa<\/a> e para sanar o dano causado por tais atos. Ou seja, ela tem como objetivo <strong>educar, prevenir ou reprimir condutas irregulares.&nbsp;<\/strong><\/p>\n\n\n\n<p>De um lado, busca reprimir agentes p\u00fablicos e particulares que tenham cometido atos de improbidade no exerc\u00edcio de fun\u00e7\u00f5es p\u00fablicas ou em contratos com o poder p\u00fablico. De outro, visam reparar o dano econ\u00f4mico causado ao er\u00e1rio, na tentativa de reparar a coletividade.&nbsp;<\/p>\n\n\n\n<p>A multa civil \u00e9 uma esp\u00e9cie de san\u00e7\u00e3o que bem ilustra essa dupla fun\u00e7\u00e3o. Ao poder ser fixada em at\u00e9 tr\u00eas vezes o valor do acr\u00e9scimo patrimonial obtido pelo agente \u00edmprobo, age com car\u00e1ter reparat\u00f3rio (suplementa o dano econ\u00f4mico) e repressivo (ultrapassa o dano, desestimulando a reincid\u00eancia).<\/p>\n\n\n\n<h2 class=\"wp-block-heading\">Conclus\u00e3o&nbsp;<\/h2>\n\n\n\n<p>O regime jur\u00eddico da responsabilidade administrativa \u00e9 complexo e envolve diferentes n\u00edveis relacionais entre os particulares e o Estado. Neste artigo, por\u00e9m, tratamos da san\u00e7\u00e3o no \u00e2mbito da Lei de Improbidade Administrativa.&nbsp;<\/p>\n\n\n\n<p>A san\u00e7\u00e3o administrativa \u00e9 uma esp\u00e9cie de penalidade imposta pela administra\u00e7\u00e3o p\u00fablica em decorr\u00eancia de condutas que violem as leis e princ\u00edpios da administra\u00e7\u00e3o p\u00fablica. Essas san\u00e7\u00f5es podem ser aplicadas a servidores p\u00fablicos, empresas e particulares que mantenham rela\u00e7\u00e3o com o poder p\u00fablico, e t\u00eam como objetivo principal punir e desestimular a pr\u00e1tica de condutas irregulares, proteger o patrim\u00f4nio p\u00fablico, garantir a efetividade dos servi\u00e7os p\u00fablicos e preservar a moralidade e a transpar\u00eancia na administra\u00e7\u00e3o p\u00fablica.<\/p>\n\n\n\n<p>As san\u00e7\u00f5es ser\u00e3o aplicadas nos termos do devido processo legal, garantindo aos acusados o direito ao contradit\u00f3rio e \u00e0 ampla defesa, previstos na Constitui\u00e7\u00e3o Federal. As san\u00e7\u00f5es administrativas tamb\u00e9m devem observar o princ\u00edpio da proporcionalidade, ou seja, a san\u00e7\u00e3o aplicada deve ser adequada e necess\u00e1ria para coibir a conduta il\u00edcita praticada.<\/p>\n\n\n\n<p>Elas tamb\u00e9m podem ser diversas, como advert\u00eancia, multa, suspens\u00e3o tempor\u00e1ria de atividades, interdi\u00e7\u00e3o, cassa\u00e7\u00e3o de licen\u00e7a, entre outras. Cada san\u00e7\u00e3o \u00e9 aplicada de acordo com a gravidade e a natureza da conduta il\u00edcita praticada.<\/p>\n\n\n\n<p>Os atos de improbidade administrativa afetam a sociedade como um todo e as san\u00e7\u00f5es para esse tipo de ato n\u00e3o s\u00f3<strong> auxiliam como repara\u00e7\u00e3o dos danos, mas tamb\u00e9m como preven\u00e7\u00e3o de novas condutas ilegais.<\/strong><\/p>\n\n\n\n<h3 class=\"wp-block-heading\">Mais conhecimento para voc\u00ea<\/h3>\n\n\n\n<ul class=\"wp-block-list\">\n<li><a href=\"https:\/\/www.aurum.com.br\/blog\/principios-da-administracao-publica\/\">Entenda o que s\u00e3o os princ\u00edpios da administra\u00e7\u00e3o p\u00fablica<\/a><\/li>\n\n\n\n<li><a href=\"https:\/\/www.aurum.com.br\/blog\/contratos-administrativos\/\">O que s\u00e3o contratos administrativos, seus tipos e principais caracter\u00edsticas<\/a><\/li>\n\n\n\n<li><a href=\"https:\/\/www.aurum.com.br\/blog\/processo-administrativo\/\">Processo administrativo: o que \u00e9, objetivo e etapas<\/a><\/li>\n\n\n\n<li><a href=\"https:\/\/www.aurum.com.br\/blog\/aurum-summit\/\">Aurum Summit: o evento para a sua pr\u00f3xima advocacia est\u00e1 de volta<\/a><\/li>\n\n\n\n<li><a href=\"https:\/\/www.aurum.com.br\/blog\/direito-administrativo\/\">Saiba mais sobre a atua\u00e7\u00e3o do especialista em direito administrativo<\/a><\/li>\n\n\n\n<li><a href=\"https:\/\/www.aurum.com.br\/blog\/tipos-de-advogados\/\" data-type=\"URL\" data-id=\"https:\/\/www.aurum.com.br\/blog\/tipos-de-advogados\/\">Tipos de advogados: principais \u00e1reas de atua\u00e7\u00e3o e caminhos para a sua carreira<\/a><\/li>\n\n\n\n<li><a href=\"https:\/\/www.aurum.com.br\/blog\/agravo-de-peticao-trabalhista\/\" data-type=\"URL\" data-id=\"https:\/\/www.aurum.com.br\/blog\/agravo-de-peticao-trabalhista\/\">Agravo de peti\u00e7\u00e3o trabalhista: o que \u00e9, como fazer e efeitos<\/a><\/li>\n\n\n\n<li><a href=\"https:\/\/www.aurum.com.br\/blog\/direito-consuetudinario\/\" data-type=\"URL\" data-id=\"https:\/\/www.aurum.com.br\/blog\/direito-consuetudinario\/\">Direito consuetudin\u00e1rio, a legitimidade dos costumes como fonte jur\u00eddica<\/a><\/li>\n\n\n\n<li>Principais aspectos jur\u00eddicos do <a href=\"https:\/\/www.aurum.com.br\/blog\/dano-estetico\/\">dano est\u00e9tico<\/a>\u00a0<\/li>\n<\/ul>\n\n\n\n<p><em>Este conte\u00fado foi \u00fatil? Ficou com alguma d\u00favida? Compartilhe nos coment\u00e1rios! <\/em>\ud83d\ude42<\/p>\n\n\n<style>\r\n  .news-post {\r\n    background: url('https:\/\/www.aurum.com.br\/blog\/wp-content\/themes\/aurum\/img\/bg-news-artigo.svg') no-repeat top center #3C48AA;\r\n    padding: 1.5rem;\r\n    border-radius: 6px;\r\n    margin: 1rem 0;\r\n  }\r\n  .news-post .icone {\r\n    display: none;\r\n  }\r\n  .news-post .title {\r\n    font-weight: 700;\r\n    font-size: 16px;\r\n    line-height: 130%;\r\n    text-align: center;\r\n    letter-spacing: -0.5px;\r\n    color: #fff;\r\n    margin-bottom: .9375rem;\r\n  }\r\n  .news-post p {\r\n    font-size: .875rem;\r\n    line-height: 140%;\r\n    text-align: center;\r\n    color: #fff;\r\n    margin-bottom: 1.25rem;\r\n  }\r\n  .news-post .news_button_span {\r\n    font-size: .8125rem;\r\n    display: block;\r\n    padding: .125rem .3125rem;\r\n    color: #fff;\r\n    text-align:left;\r\n  }\r\n  .news-post .news_button_span a {\r\n    color: #fff !important;\r\n    text-decoration: underline;\r\n  }\r\n  .news-post form {\r\n    width: 100%;\r\n  }\r\n  .news-post label {\r\n    font-weight: 600;\r\n    font-size: .9375rem;\r\n    line-height: 1.5rem;\r\n    margin-bottom: .5rem;\r\n    color: #fff;\r\n    display: block;\r\n  }\r\n  .news-post input {\r\n    background: #fff;\r\n    border: 1px solid #CBCBD9;\r\n    box-sizing: border-box;\r\n    border-radius: 4px;\r\n    padding: .75rem 1rem;\r\n    width: 100%;\r\n  }\r\n  .news-post button {\r\n    margin-top: .875rem;\r\n    width: 100%;\r\n    min-width: auto;\r\n    background: #FCC632;\r\n    color: #3C48AA;\r\n  }\r\n  .news-post .input {\r\n    position: relative;\r\n    padding-bottom: 10px;\r\n  }\r\n  .news-post .error-message-ad {\r\n    font-size: .875rem;\r\n    line-height: 130%;\r\n    color: #D50021;\r\n    margin-left: 4px;\r\n  }\r\n  .news-post .error {\r\n    border: 1px solid #D50021;\r\n  }\r\n  .news-post #message-form-ad {\r\n    border-radius: 4px;\r\n    padding: 0.7rem;\r\n    font-size:0.8rem;\r\n    text-align: center;\r\n    align-items: center;\r\n    justify-content: center;\r\n    display: none;\r\n  }\r\n  .news-post #message-form-ad svg {\r\n    margin-right: 8px;\r\n  }\r\n\r\n  @media(min-width: 561px) {\r\n    .news-post {\r\n      position: relative;\r\n      background: url('https:\/\/www.aurum.com.br\/blog\/wp-content\/themes\/aurum\/img\/bg-news-artigo.svg') no-repeat top center #3C48AA;\r\n      width: calc(100% - 30px);\r\n    }\r\n    .news-post .icone {\r\n      display: block;\r\n      position: absolute;\r\n      right: -30px;\r\n      top: 65px;\r\n      max-width: 142px;\r\n      width: 100%;\r\n      height: auto;\r\n      margin: 0;\r\n    }\r\n    .news-post .title {\r\n      font-size: 1.125rem;\r\n      text-align: left;\r\n      \/* padding-right: 3.75rem; *\/\r\n    }\r\n    .news-post p {\r\n      font-size: 1rem;\r\n      text-align: left;\r\n      max-width: 400px;\r\n    }\r\n    .news-post .boxes {\r\n      display: flex;\r\n      align-items: flex-start;\r\n    }\r\n    .news-post button {\r\n      margin: 0 0 0 1rem;\r\n      width: 100%;\r\n      max-width: 170px;\r\n      min-width: auto;\r\n      transition: all ease .3s\r\n    }\r\n    .news-post button:hover {\r\n      opacity: 0.9;\r\n      transition: all ease .3s\r\n    }\r\n    .news-post #message-form-ad {\r\n      padding: 1.125rem;\r\n      font-size:1rem;\r\n    }\r\n    .news-post #message-form-ad svg {\r\n      margin-right: 10px;\r\n    }\r\n  }\r\n<\/style>\r\n\r\n<div class=\"news-post\">\r\n  <div class=\"title news-ad-title\">Gostou do artigo e quer evoluir a sua advocacia?<\/div>\r\n  <p class=\"news-ad-subtitle\">Assine gr\u00e1tis a Aurum News e receba uma dose semanal de conte\u00fado no seu e-mail! \u270c\ufe0f<\/p>\r\n  <img decoding=\"async\" src=\"https:\/\/www.aurum.com.br\/blog\/wp-content\/themes\/aurum\/img\/icon-news-artigo.svg\" alt=\"\" class=\"icone\">\r\n\r\n  <form method=\"post\" name=\"newsletter-ad\" id=\"aurum-newsletter-ad\">\r\n    <div class=boxes>\r\n      <div class=\"input\">\r\n        <label class=\"label-email\" htmlFor=\"email-ad\">Qual seu e-mail?<\/label>\r\n        <input type=\"email\" id=\"email-ad\" name=\"newsletter-mail-ad\" placeholder=\"Digite seu e-mail?\">\r\n        <div class=\"error-message-ad-email\">Endere\u00e7o de e-mail inv\u00e1lido ou incorreto<\/div>\r\n\r\n        <label class=\"label-select\" htmlFor=\"lawsuits-select-ad\">\r\n          Quantos processos voc\u00ea ou<br class=\"for-desktop\"\/> seu escrit\u00f3rio acompanham?\r\n        <\/label>\r\n        <div id=\"lawsuits-select-ad\" class=\"lawsuits-select select-wrapper\" tabindex=\"0\">\r\n          <div class=\"s-dropdown--styled\">\r\n          <span class=\"lawsuits-default\">\r\n            <span id=\"lawsuits-newsletter-ad\" class=\"lawsuits-default-text\" data-value=\"\">Selecione os processos<\/span>\r\n            <svg class=\"chevron\" xmlns=\"http:\/\/www.w3.org\/2000\/svg\" width=\"24\" height=\"25\" viewBox=\"0 0 24 25\" fill=\"none\">\r\n              <path d=\"M6 15.6152L12 9.61523L18 15.6152\" stroke=\"black\" stroke-width=\"2\" stroke-linecap=\"round\" stroke-linejoin=\"round\" \/>\r\n            <\/svg>\r\n          <\/span>\r\n\r\n          <ul class=\"s-dropdown u-hide\">\r\n            <li class=\"lawsuits\" data-value=\"Mais de 1000 processos\">Mais de 1000 processos<\/li>\r\n            <li class=\"lawsuits\" data-value=\"De 501 a 1000 processos\">De 501 a 1000 processos<\/li>\r\n            <li class=\"lawsuits\" data-value=\"De 151 a 500 processos\">De 151 a 500 processos<\/li>\r\n            <li class=\"lawsuits\" data-value=\"De 41 a 150 processos\">De 41 a 150 processos<\/li>\r\n            <li class=\"lawsuits\" data-value=\"At\u00e9 40 processos\">At\u00e9 40 processos<\/li>\r\n            <li class=\"lawsuits\" data-value=\"Atuo apenas no consultivo\">Atuo apenas no consultivo<\/li>\r\n            <li class=\"lawsuits\" data-value=\"Ainda sou estudante de direito\">Ainda sou estudante de direito<\/li>\r\n            <li class=\"lawsuits\" data-value=\"N\u00e3o sou da \u00e1rea jur\u00eddica\">N\u00e3o sou da \u00e1rea jur\u00eddica<\/li>\r\n          <\/ul>\r\n          <\/div>\r\n        <\/div>\r\n        <div class=\"error-message-ad-lawsuits\">Selecione algum processo<\/div>\r\n      <\/div>\r\n      <button class=\"btn btn-yellow ad-btn-desktop\" id=\"aurum-submit-ad\">Assinar gr\u00e1tis<\/button>\r\n      <button class=\"btn btn-yellow ad-btn-mobile\" id=\"aurum-submit-ad\">Assinar<\/button>\r\n    <\/div>\r\n    <span class=\"news_button_span\">Ao se cadastrar voc\u00ea declara que leu e aceitou a pol\u00edtica de privacidade e cookies do <a href=\"https:\/\/s3.sa-east-1.amazonaws.com\/publico.aurum.com.br\/contratos\/politica-de-privacidade.pdf\" target=\"_blank\" rel=\"noopener noreferrer\">site<\/a>.<\/span>\r\n  <\/form>\r\n  <div id=\"message-form-ad\"><\/div>\r\n<\/div>","protected":false},"excerpt":{"rendered":"<p>San\u00e7\u00e3o administrativa \u00e9 uma esp\u00e9cie de pena aplicada pelo Estado no exerc\u00edcio da fun\u00e7\u00e3o administrativa, em decorr\u00eancia de il\u00edcitos administrativos tipificados. Essas san\u00e7\u00f5es est\u00e3o majoritariamente previstas na Lei n\u00ba 8.429\/1992, recentemente modificada pela Lei n\u00ba 14.230\/2021. A san\u00e7\u00e3o administrativa \u00e9 consequ\u00eancia jur\u00eddica de ato il\u00edcito praticado dentro do regime de responsabilidades de direito administrativo. Sua [&hellip;]<\/p>\n","protected":false},"author":66,"featured_media":18201,"comment_status":"open","ping_status":"open","sticky":false,"template":"","format":"standard","meta":{"_bbp_topic_count":0,"_bbp_reply_count":0,"_bbp_total_topic_count":0,"_bbp_total_reply_count":0,"_bbp_voice_count":0,"_bbp_anonymous_reply_count":0,"_bbp_topic_count_hidden":0,"_bbp_reply_count_hidden":0,"_bbp_forum_subforum_count":0,"inline_featured_image":false,"footnotes":""},"categories":[17],"tags":[],"class_list":["post-18197","post","type-post","status-publish","format-standard","has-post-thumbnail","hentry","category-direito-administrativo"],"acf":[],"_links":{"self":[{"href":"https:\/\/www.aurum.com.br\/blog\/wp-json\/wp\/v2\/posts\/18197","targetHints":{"allow":["GET"]}}],"collection":[{"href":"https:\/\/www.aurum.com.br\/blog\/wp-json\/wp\/v2\/posts"}],"about":[{"href":"https:\/\/www.aurum.com.br\/blog\/wp-json\/wp\/v2\/types\/post"}],"author":[{"embeddable":true,"href":"https:\/\/www.aurum.com.br\/blog\/wp-json\/wp\/v2\/users\/66"}],"replies":[{"embeddable":true,"href":"https:\/\/www.aurum.com.br\/blog\/wp-json\/wp\/v2\/comments?post=18197"}],"version-history":[{"count":3,"href":"https:\/\/www.aurum.com.br\/blog\/wp-json\/wp\/v2\/posts\/18197\/revisions"}],"predecessor-version":[{"id":21898,"href":"https:\/\/www.aurum.com.br\/blog\/wp-json\/wp\/v2\/posts\/18197\/revisions\/21898"}],"wp:featuredmedia":[{"embeddable":true,"href":"https:\/\/www.aurum.com.br\/blog\/wp-json\/wp\/v2\/media\/18201"}],"wp:attachment":[{"href":"https:\/\/www.aurum.com.br\/blog\/wp-json\/wp\/v2\/media?parent=18197"}],"wp:term":[{"taxonomy":"category","embeddable":true,"href":"https:\/\/www.aurum.com.br\/blog\/wp-json\/wp\/v2\/categories?post=18197"},{"taxonomy":"post_tag","embeddable":true,"href":"https:\/\/www.aurum.com.br\/blog\/wp-json\/wp\/v2\/tags?post=18197"}],"curies":[{"name":"wp","href":"https:\/\/api.w.org\/{rel}","templated":true}]}}