{"id":17863,"date":"2023-03-27T23:53:00","date_gmt":"2023-03-28T02:53:00","guid":{"rendered":"https:\/\/www.aurum.com.br\/blog\/?p=17863"},"modified":"2024-09-25T22:34:55","modified_gmt":"2024-09-26T01:34:55","slug":"lgpd-na-saude","status":"publish","type":"post","link":"https:\/\/www.aurum.com.br\/blog\/lgpd-na-saude\/","title":{"rendered":"LGPD na sa\u00fade: qual a import\u00e2ncia e impacto na prote\u00e7\u00e3o de dados"},"content":{"rendered":"<div id=\"bsf_rt_marker\"><\/div>\n<pre class=\"wp-block-preformatted\">A LGPD foi criada com o objetivo de proteger os direitos fundamentais de liberdade e de privacidade do indiv\u00edduo. Dessa forma, a aplica\u00e7\u00e3o da <strong>LGPD na sa\u00fade<\/strong> \u00e9 de extrema import\u00e2ncia por dois motivos: (1) todos os dados relacionados e necess\u00e1rios \u00e0 sa\u00fade s\u00e3o pessoais, individuais, sigilosos e sens\u00edveis; e (2) com o aumento das tecnologias na \u00e1rea, os dados ficam ainda mais expostos.<\/pre>\n\n\n\n<p>Imagine um paciente, em um consult\u00f3rio m\u00e9dico hospitalar, onde o profissional informa o diagn\u00f3stico de uma doen\u00e7a rara cujo progn\u00f3stico n\u00e3o \u00e9 bom. A rea\u00e7\u00e3o de cada pessoa pode ser diferente.&nbsp;<\/p>\n\n\n\n<p>Alguns preferem dar a not\u00edcia para a fam\u00edlia eles mesmos. Outros preferem o aux\u00edlio do m\u00e9dico para repassar aos familiares a informa\u00e7\u00e3o. E, ainda h\u00e1 aqueles que preferem n\u00e3o contar. No entanto, o diagn\u00f3stico obrigatoriamente vai constar do prontu\u00e1rio do paciente, at\u00e9 mesmo para fins de tratamento e acompanhamento.<\/p>\n\n\n\n<p>No hospital, n\u00e3o \u00e9 somente o m\u00e9dico que tem acesso ao prontu\u00e1rio do paciente, mas tamb\u00e9m a enfermeira, o recepcionista, o profissional do laborat\u00f3rio, dentre outros. Como garantir que aquela informa\u00e7\u00e3o pessoal e sigilosa do paciente n\u00e3o ser\u00e1 divulgada de forma diversa \u00e0 vontade dele?<\/p>\n\n\n\n<p>\u00c9 esse o objetivo da LGPD que, atualmente, no cen\u00e1rio de pandemia e p\u00f3s pandemia, com o aumento do uso de ferramentas digitais e tecnol\u00f3gicas, precisou ser ainda mais adequado \u00e0 realidade.<\/p>\n\n\n\n<p>Continue a leitura para saber mais sobre a LGPD na sa\u00fade! \ud83d\ude09&nbsp;<\/p>\n\n\n\n<h2 class=\"wp-block-heading\">O que \u00e9 LGPD na sa\u00fade?<\/h2>\n\n\n\n<p>A <a href=\"https:\/\/www.planalto.gov.br\/ccivil_03\/_ato2015-2018\/2018\/lei\/l13709.htm\" target=\"_blank\" rel=\"noopener\">Lei n. 13.709 <\/a>de 14 de agosto de 2018, intitulada Lei Geral de Prote\u00e7\u00e3o de Dados \u2013 LGPD, de acordo com o art. 1\u00ba:&nbsp;<\/p>\n\n\n\n<blockquote class=\"wp-block-quote is-layout-flow wp-block-quote-is-layout-flow\">\n<p><em>Disp\u00f5e sobre o tratamento de dados pessoais, inclusive nos meios digitais, por pessoa natural ou por pessoa jur\u00eddica de direito p\u00fablico ou privado, com o objetivo de proteger os direitos fundamentais de liberdade e de privacidade e o livre desenvolvimento da personalidade da pessoa natural.\u201d<\/em><\/p>\n<\/blockquote>\n\n\n\n<p>A aplica\u00e7\u00e3o desta lei \u00e0 sa\u00fade se d\u00e1 pela pr\u00f3pria reda\u00e7\u00e3o:&nbsp;<\/p>\n\n\n\n<figure class=\"wp-block-pullquote classe bq-small\"><blockquote><p><strong>Art. 5\u00ba<\/strong> Para os fins desta Lei, considera-se:<br>(&#8230;)<br>II &#8211; dado pessoal sens\u00edvel: dado pessoal sobre origem racial ou \u00e9tnica, convic\u00e7\u00e3o religiosa, opini\u00e3o pol\u00edtica, filia\u00e7\u00e3o a sindicato ou a organiza\u00e7\u00e3o de car\u00e1ter religioso, filos\u00f3fico ou pol\u00edtico, dado referente \u00e0 sa\u00fade ou \u00e0 vida sexual, dado gen\u00e9tico ou biom\u00e9trico, quando vinculado a uma pessoa natural;<br>(&#8230;)<\/p><\/blockquote><\/figure>\n\n\n\n<p>Portanto, a lei estabelece que os dados de sa\u00fade s\u00e3o considerados dados pessoais sens\u00edveis e, por isso, devem seguir as diretrizes legais quando do tratamento, coleta, troca e quaisquer incid\u00eancias sobre esses dados.<\/p>\n\n\n\n<h2 class=\"wp-block-heading\">Quais s\u00e3o os dados de sa\u00fade?<\/h2>\n\n\n\n<p>Conforme destacado anteriormente, os dados de sa\u00fade s\u00e3o considerados dados pessoais sens\u00edveis. Mas o que isso significa e quais s\u00e3o esses dados de sa\u00fade?<\/p>\n\n\n\n<p>Dados sens\u00edveis, de acordo com a obra coletiva Dados de sa\u00fade e a lei geral de prote\u00e7\u00e3o de dados:&nbsp;<\/p>\n\n\n\n<blockquote class=\"wp-block-quote is-layout-flow wp-block-quote-is-layout-flow\">\n<p><em>\u00c9 um conceito espec\u00edfico dentro da categoria de dado pessoal. S\u00e3o os dados que, por sua sensibilidade, podem ser utilizados para fins discriminat\u00f3rios, exigindo, por isso, padr\u00f5es mais rigorosos para o seu tratamento. S\u00e3o eles: dados pessoais sobre origem racial ou \u00e9tnica, convic\u00e7\u00e3o religiosa, opini\u00e3o pol\u00edtica, filia\u00e7\u00e3o a sindicato ou a organiza\u00e7\u00e3o de car\u00e1ter religioso, filos\u00f3fico ou pol\u00edtico, dados referentes \u00e0 sa\u00fade ou \u00e0 vida sexual, dado gen\u00e9tico ou biom\u00e9trico, quando vinculado a uma pessoa natural. Esse conceito engloba, ainda, dados pessoais que, num primeiro momento, podem n\u00e3o parecer sens\u00edveis, como a localiza\u00e7\u00e3o de um indiv\u00edduo (p. ex. informa\u00e7\u00f5es de geolocaliza\u00e7\u00e3o de uma pessoa que est\u00e1 semanalmente em uma determinada igreja ou espa\u00e7o de culto) mas que, devido ao contexto da sua coleta, podem permitir inferir dados sens\u00edveis (neste caso, a sua convic\u00e7\u00e3o religiosa).\u201d<\/em><\/p>\n<\/blockquote>\n\n\n\n<p>Os dados de sa\u00fade est\u00e3o inclu\u00eddos no conceito de dados sens\u00edveis e s\u00e3o aqueles que dizem respeito \u00e0 pessoa natural identificada ou identific\u00e1vel, relacionados especificamente ao quadro de sa\u00fade f\u00edsica ou mental, como:<\/p>\n\n\n\n<ul class=\"wp-block-list\">\n<li>prontu\u00e1rio m\u00e9dico;&nbsp;<\/li>\n\n\n\n<li>exames laboratoriais;&nbsp;<\/li>\n\n\n\n<li>radiografias e imagens m\u00e9dicas;<\/li>\n\n\n\n<li>relatos cl\u00ednicos;<\/li>\n\n\n\n<li>medicamentos utilizados;<\/li>\n\n\n\n<li>diagn\u00f3sticos;<\/li>\n\n\n\n<li>etc.<\/li>\n<\/ul>\n\n\n\n<p>Outros dados que podem n\u00e3o parecer relevantes, mas s\u00e3o considerados dados de sa\u00fade s\u00e3o, por exemplo, registros de localiza\u00e7\u00e3o geogr\u00e1fica de um dispositivo m\u00f3vel que informa quantas vezes o indiv\u00edduo se deslocou at\u00e9 um hospital.<\/p>\n\n\n\n<p>Monica Matsumoto exp\u00f5e, em seu artigo, uma divis\u00e3o entre \u201cdados diretos\u201d e \u201cdados indiretos\u201d. A localiza\u00e7\u00e3o, como exemplificado acima, enquadra em um dado de sa\u00fade indireto, assim como redes sociais, imagens, voz. E os demais, citados mais acima, seriam os dados direitos, dados cl\u00ednicos.<\/p>\n\n\n\n<p>\u00c9 importante ter em mente que, a depender de como esses dados s\u00e3o tratados, eles podem expor informa\u00e7\u00f5es pessoais do indiv\u00edduo sem que seja colhido o seu consentimento ou autoriza\u00e7\u00e3o e, \u00e9 a\u00ed, que est\u00e1 o problema.&nbsp;<\/p>\n\n\n\n<p>\u00c9 ineg\u00e1vel que a informa\u00e7\u00e3o existe, mas a LGPD foi criada justamente para regulamentar a forma como o dado vai ser armazenado, tratado e utilizado.<\/p>\n\n\n\n<h2 class=\"wp-block-heading\">Qual a import\u00e2ncia da LGPD na sa\u00fade?<\/h2>\n\n\n\n<p>A LGPD \u00e9 baseada em princ\u00edpios fundamentais como:&nbsp;<\/p>\n\n\n\n<ul class=\"wp-block-list\">\n<li>respeito \u00e0 privacidade;&nbsp;<\/li>\n\n\n\n<li>autodetermina\u00e7\u00e3o informativa;&nbsp;<\/li>\n\n\n\n<li>liberdade de express\u00e3o;<\/li>\n\n\n\n<li>de informa\u00e7\u00e3o, de comunica\u00e7\u00e3o e de opini\u00e3o;&nbsp;<\/li>\n\n\n\n<li>inviabilidade da intimidade, da honra e da imagem;&nbsp;<\/li>\n\n\n\n<li>desenvolvimento econ\u00f4mico e tecnol\u00f3gico e a inova\u00e7\u00e3o;&nbsp;<\/li>\n\n\n\n<li>livre iniciativa, a livre concorr\u00eancia e a defesa do consumidor;&nbsp;<\/li>\n\n\n\n<li>direitos humanos;<\/li>\n\n\n\n<li>o livre desenvolvimento da personalidade;<\/li>\n\n\n\n<li>a dignidade e o exerc\u00edcio da cidadania pelas pessoas naturais.<\/li>\n<\/ul>\n\n\n\n<figure class=\"wp-block-image size-full\"><img decoding=\"async\" width=\"1080\" height=\"1080\" src=\"https:\/\/www.aurum.com.br\/blog\/wp-content\/uploads\/2023\/03\/entenda-a-lgpd-na-saude.jpg\" alt=\"\" class=\"wp-image-31528\" srcset=\"https:\/\/www.aurum.com.br\/blog\/wp-content\/uploads\/2023\/03\/entenda-a-lgpd-na-saude.jpg 1080w, https:\/\/www.aurum.com.br\/blog\/wp-content\/uploads\/2023\/03\/entenda-a-lgpd-na-saude-300x300.jpg 300w, https:\/\/www.aurum.com.br\/blog\/wp-content\/uploads\/2023\/03\/entenda-a-lgpd-na-saude-150x150.jpg 150w, https:\/\/www.aurum.com.br\/blog\/wp-content\/uploads\/2023\/03\/entenda-a-lgpd-na-saude-768x768.jpg 768w\" sizes=\"(max-width: 1080px) 100vw, 1080px\" \/><\/figure>\n\n\n\n<p>Assim, a lei veio com o intuito de, al\u00e9m de efetivamente proteger os dados e evitar fraudes, regulamentar todo o caminho pelo qual esses dados percorrem, n\u00e3o s\u00f3 na \u00e1rea da sa\u00fade, mas em qualquer outra situa\u00e7\u00e3o.<\/p>\n\n\n\n<h2 class=\"wp-block-heading\">Impactos da LGPD na sa\u00fade<\/h2>\n\n\n\n<p>Com o avan\u00e7o da telemedicina, especialmente p\u00f3s pandemia, em que os recursos digitais facilitaram o trabalho, consultas, tratamento e diagn\u00f3sticos, \u00e9 certo que a LGPD ter\u00e1 impactos na \u00e1rea da sa\u00fade.<\/p>\n\n\n\n<p>Os profissionais devem considerar a adequa\u00e7\u00e3o \u00e0 legisla\u00e7\u00e3o n\u00e3o como \u00f4nus, mas sim como uma forma de gerar valor e demonstrar seguran\u00e7a perante o paciente.<\/p>\n\n\n\n<p>Com a entrada em vigor da lei, qualquer opera\u00e7\u00e3o que envolve a coleta (online ou offline) e o tratamento de dados pessoais e que seja realizada em territ\u00f3rio brasileiro, deve seguir as diretrizes da LGPD, sob pena de serem aplicadas as san\u00e7\u00f5es previstas.<\/p>\n\n\n\n<p>Ainda que atualmente saibamos que a legisla\u00e7\u00e3o n\u00e3o \u00e9 observada de forma absoluta \u2013 ainda s\u00e3o muitos os casos de vazamento e venda ilegal de dados pessoais e sens\u00edveis \u2013 com a regulamenta\u00e7\u00e3o, a obriga\u00e7\u00e3o \u00e9 definida e o respaldo para que os indiv\u00edduos exijam o cumprimento \u00e9 determinado.<\/p>\n\n\n\n<h2 class=\"wp-block-heading\">Como deve ser o consentimento para uso dos dados?<\/h2>\n\n\n\n<p>De acordo com o art. 7\u00ba, inciso I, da LGPD, o tratamento de dados pessoais somente poder\u00e1 ser realizado mediante fornecimento de consentimento pelo titular. O consentimento deve ser livre, informado, inequ\u00edvoco e com finalidades determinadas (art. 5\u00ba inciso XII da LGPD).<\/p>\n\n\n\n<p>Isso significa que o consentimento n\u00e3o pode ser tomado por meio de coa\u00e7\u00e3o f\u00edsica, moral, psicol\u00f3gica ou com qualquer artif\u00edcio que induza o titular a aceitar. Deve ser uma escolha efetiva, sendo dada a op\u00e7\u00e3o de n\u00e3o consentir, se for o caso, mesmo que isso tenha impactos em sua vida \u2013 desde que previamente informado.<\/p>\n\n\n\n<p>O requisito da informa\u00e7\u00e3o \u00e9 base para um consentimento v\u00e1lido. O titular deve ser esclarecido de forma clara e de f\u00e1cil entendimento, quanto ao uso e compartilhamento de seus dados, devendo ser, inclusive, informado sobre quais s\u00e3o as finalidades espec\u00edficas e determinadas da coleta daquele dado. Aqui, n\u00e3o cabe uma autoriza\u00e7\u00e3o gen\u00e9rica.<\/p>\n\n\n\n<p>Por fim, a confirma\u00e7\u00e3o do aceite deve ser assertiva e com a participa\u00e7\u00e3o efetiva do titular.<\/p>\n\n\n\n<p><em>Leia tamb\u00e9m: <a style=\"font-size: revert;\" href=\"https:\/\/www.aurum.com.br\/blog\/direitos-do-paciente\/\">Conhe\u00e7a o que \u00e9 e quais s\u00e3o os direitos do paciente<\/a>!<\/em><\/p>\n\n\n\n<style>\n    #adpost-block_b9235a375fdc85533e9e4e11a0352138.anuncio-post-reverse {\n        display: flex;\n        gap: 24px;\n        border-radius: 8px;\n        width: 100%;\n        max-width: 752px;\n        padding: 40px;\n        background: #e7f4fe;\n        margin: 16px auto;\n    }\n\n    #adpost-block_b9235a375fdc85533e9e4e11a0352138 .anuncio-container {\n        display: flex;\n        flex-direction: column;\n        gap: 24px;\n        width: 100%;\n        max-width: 333px;\n    }\n\n    #adpost-block_b9235a375fdc85533e9e4e11a0352138 .anuncio-container .logo {\n        width: 100%;\n        max-width: 177px;\n        margin: 0;\n    }\n\n    #adpost-block_b9235a375fdc85533e9e4e11a0352138 .anuncio-text-container {\n        display: flex;\n        flex-direction: column;\n        gap: 24px;\n    }\n\n    #adpost-block_b9235a375fdc85533e9e4e11a0352138 .anuncio-text-container .title {\n        font-family: 'Ubuntu';\n        font-size: 1.5rem; \/\/24px\n        font-weight: 700;\n        line-height: 120%;\n        margin: 0;\n        color: #000;\n    }\n\n    #adpost-block_b9235a375fdc85533e9e4e11a0352138 .anuncio-text-container .text {\n        font-size: 0.875rem;\n        font-weight: 400;\n        line-height: 170%;\n        color: #000;\n    }\n\n    #adpost-block_b9235a375fdc85533e9e4e11a0352138 .anuncio-container .button {\n        display: inline-flex;\n        align-items: center;\n        justify-content: center;\n        width: fit-content;\n        height: 48px;\n        border-radius: 8px;\n        padding: 12px 24px;\n        font-size: 1rem;\n        font-weight: 600;\n        text-decoration: none;\n        background: #008fd5;\n        color: #fff;\n    }\n\n    #adpost-block_b9235a375fdc85533e9e4e11a0352138 .image-container {\n        position: relative;\n        width: 100%;\n        height: 100%;\n    }\n\n    #adpost-block_b9235a375fdc85533e9e4e11a0352138 .image-container.float {\n        min-height: 236px;\n    }\n\n    #adpost-block_b9235a375fdc85533e9e4e11a0352138 .image-container .image-desktop {\n        width: 100%;\n        max-width: 323px;\n        object-fit: contain;\n        margin: 0;\n    }\n\n    #adpost-block_b9235a375fdc85533e9e4e11a0352138 .image-container .image-mobile {\n        display: none;\n        width: 100%;\n        max-width: 291px;\n        object-fit: contain;\n        margin: 0;\n    }\n\n    #adpost-block_b9235a375fdc85533e9e4e11a0352138 .image-container.float .image-desktop,\n    #adpost-block_b9235a375fdc85533e9e4e11a0352138 .image-container.float .image-mobile {\n        position: absolute;\n        right: 0;\n        bottom: 0;\n    }\n\n    #adpost-block_b9235a375fdc85533e9e4e11a0352138 .image-container img {\n        border-radius: 8px;\n    }\n\n    \/************\n    * MOBILE \n    *************\/\n    @media (max-width: 1439px) {\n        #adpost-block_b9235a375fdc85533e9e4e11a0352138.anuncio-post-reverse {\n            flex-direction: column-reverse;\n            max-width: fit-content;\n            padding: 24px;\n        }\n\n        #adpost-block_b9235a375fdc85533e9e4e11a0352138 .anuncio-container {\n            max-width: 280px;\n            align-items: center;\n        }\n\n        #adpost-block_b9235a375fdc85533e9e4e11a0352138 .anuncio-container .logo {\n            max-width: 147px;\n        }\n\n        #adpost-block_b9235a375fdc85533e9e4e11a0352138 .anuncio-text-container {\n            gap: 8px;\n        }\n\n        #adpost-block_b9235a375fdc85533e9e4e11a0352138 .anuncio-text-container .title {\n            font-size: 1.25rem;\n            text-align: center;\n        }\n\n        #adpost-block_b9235a375fdc85533e9e4e11a0352138 .anuncio-text-container .text {\n            text-align: center;\n        }\n\n        #adpost-block_b9235a375fdc85533e9e4e11a0352138 .anuncio-container .button {\n            width: 100%;\n        }\n\n        #adpost-block_b9235a375fdc85533e9e4e11a0352138 .image-container.float {\n            min-height: 182px;\n        }\n\n        #adpost-block_b9235a375fdc85533e9e4e11a0352138 .image-container .image-desktop {\n            display: none;\n        }\n\n        #adpost-block_b9235a375fdc85533e9e4e11a0352138 .image-container .image-mobile {\n            display: block;\n        }\n    }\n\n    \/*******************\n    * RESET GLOBAL CSS \n    ********************\/\n    #s-post main article .content .image-container img {\n        margin: 0;\n    }\n<\/style>\n\n\n<article id=\"adpost-block_b9235a375fdc85533e9e4e11a0352138\" class=\"anuncio-post-reverse\">\n    <div class=\"anuncio-container\">\n        \n        <div class=\"anuncio-text-container\">\n             <h3 class=\"title\" >Seja protagonista da sua advocacia com o Astrea<\/h3>\n            <div class=\"text\" >Tenha tempo para focar no crescimento do seu escrit\u00f3rio, enquanto o Astrea cuida da sua gest\u00e3o jur\u00eddica com intelig\u00eancia.<\/div>        <\/div>\n       \n        <a class=\"button\" href=\"\/astrea\/?utm_source=blog&#038;utm_medium=adpost&#038;utm_campaign=campanha-marca-2026\" target=\"_self\">Conhe\u00e7a o Astrea<\/a>    <\/div>\n\n    <div class=\"image-container\">\n        <img decoding=\"async\" class=\"image-desktop\" src=\"https:\/\/www.aurum.com.br\/blog\/wp-content\/uploads\/2026\/03\/adpos-posicionamento-2026-desktop.png\" alt=\"\" \/>\n        <img decoding=\"async\" class=\"image-mobile\" src=\"https:\/\/www.aurum.com.br\/blog\/wp-content\/uploads\/2026\/03\/adpost-posicionamento-2026-mobile.png\" alt=\"\" \/>    <\/div>\n<\/article>\n\n\n<h2 class=\"wp-block-heading\">Responsabilidade pelo tratamento inadequado dos dados<\/h2>\n\n\n\n<p>No caso de descumprimento da Lei \u2013 seja por falta de consentimento ou pelo tratamento inadequado dos dados \u2013 cabe san\u00e7\u00e3o administrativa, c\u00edvel e criminal.<\/p>\n\n\n\n<p>No \u00e2mbito administrativo, a LGPD disp\u00f5e que a ANDP \u2013 Autoridade Nacional de Prote\u00e7\u00e3o de Dados, pode aplicar as seguintes penalidade:<\/p>\n\n\n\n<figure class=\"wp-block-pullquote classe bq-small\"><blockquote><p><strong>Art. 52.<\/strong> Os agentes de tratamento de dados, em raz\u00e3o das infra\u00e7\u00f5es cometidas \u00e0s normas previstas nesta Lei, ficam sujeitos \u00e0s seguintes san\u00e7\u00f5es administrativas aplic\u00e1veis pela autoridade nacional:<br>I &#8211; advert\u00eancia, com indica\u00e7\u00e3o de prazo para ado\u00e7\u00e3o de medidas corretivas;<br>II &#8211; multa simples, de at\u00e9 2% (dois por cento) do faturamento da pessoa jur\u00eddica de direito privado, grupo ou conglomerado no Brasil no seu \u00faltimo exerc\u00edcio, exclu\u00eddos os tributos, limitada, no total, a R$ 50.000.000,00 (cinquenta milh\u00f5es de reais) por infra\u00e7\u00e3o;<br>III &#8211; multa di\u00e1ria, observado o limite total a que se refere o inciso II;<br>IV &#8211; publiciza\u00e7\u00e3o da infra\u00e7\u00e3o ap\u00f3s devidamente apurada e confirmada a sua ocorr\u00eancia;<br>V &#8211; bloqueio dos dados pessoais a que se refere a infra\u00e7\u00e3o at\u00e9 a sua regulariza\u00e7\u00e3o;<br>VI &#8211; elimina\u00e7\u00e3o dos dados pessoais a que se refere a infra\u00e7\u00e3o;<br>(incisos vetados)<br>X &#8211; suspens\u00e3o parcial do funcionamento do banco de dados a que se refere a infra\u00e7\u00e3o pelo per\u00edodo m\u00e1ximo de 6 (seis) meses, prorrog\u00e1vel por igual per\u00edodo, at\u00e9 a regulariza\u00e7\u00e3o da atividade de tratamento pelo controlador;<br>XI &#8211; suspens\u00e3o do exerc\u00edcio da atividade de tratamento dos dados pessoais a que se refere a infra\u00e7\u00e3o pelo per\u00edodo m\u00e1ximo de 6 (seis) meses, prorrog\u00e1vel por igual per\u00edodo;<br>XII &#8211; proibi\u00e7\u00e3o parcial ou total do exerc\u00edcio de atividades relacionadas a tratamento de dados.<\/p><\/blockquote><\/figure>\n\n\n\n<p>A ANDP avalia par\u00e2metros e crit\u00e9rios \u2013 estabelecidos no par\u00e1grafo 1\u00ba do mesmo artigo citado acima \u2013 para definir a penalidade e o procedimento administrativo que possibilita a ampla defesa, conforme prev\u00ea a Constitui\u00e7\u00e3o.<\/p>\n\n\n\n<p>Na esfera c\u00edvel, o titular do dado pode ajuizar uma a\u00e7\u00e3o a fim de ser indenizado por eventuais preju\u00edzos que o uso inadequado de seus dados causou. H\u00e1 a previs\u00e3o desta indeniza\u00e7\u00e3o no C\u00f3digo Civil e no C\u00f3digo de Defesa do Consumidor, sendo de responsabilidade daquele que causou o dano.<\/p>\n\n\n\n<p>No caso de vazamento de dados, por exemplo, se a empresa ou hospital demonstrar que adotou as medidas de seguran\u00e7a adequadas \u00e0 prote\u00e7\u00e3o dos dados, apesar de n\u00e3o afastar a possibilidade de condena\u00e7\u00e3o, pode ser uma causa atenuante.<\/p>\n\n\n\n<h2 class=\"wp-block-heading\">Vantagens da LGPD na sa\u00fade para m\u00e9dicos<\/h2>\n\n\n\n<p>Muitos profissionais acreditam que est\u00e3o em conformidade com a LGPD apenas por utilizarem sistemas informacionais que tratam os dados adequadamente. No entanto, \u00e9 importante entender como \u00e9 todo o processo desde a coleta, o armazenamento, transfer\u00eancia e at\u00e9 o descarte desses dados.<\/p>\n\n\n\n<p>A primeira vantagem para os m\u00e9dicos, profissionais na sa\u00fade e cl\u00ednicas m\u00e9dicas ao se adequarem \u00e0 LGPD \u00e9 a transpar\u00eancia na rela\u00e7\u00e3o m\u00e9dico-paciente, que \u00e9 pautada principalmente na confian\u00e7a.<\/p>\n\n\n\n<p>Al\u00e9m disso, traz profissionalismo. Demonstrar para o paciente que o profissional atua corretamente, se preocupa em cumprir a legisla\u00e7\u00e3o e em trat\u00e1-lo adequadamente \u00e9 uma grande vantagem.<\/p>\n\n\n\n<p>Tamb\u00e9m pode ser listada como vantagem a gest\u00e3o da cl\u00ednica ou mesmo dos pacientes, que fica otimizada com a guarda adequada apenas das informa\u00e7\u00f5es pertinentes. E, por fim, o respaldo jur\u00eddico em rela\u00e7\u00e3o \u00e0 seguran\u00e7a dos dados dos pacientes.<\/p>\n\n\n\n<h2 class=\"wp-block-heading\">Conclus\u00e3o<\/h2>\n\n\n\n<p>A LGPD ainda \u00e9 uma legisla\u00e7\u00e3o recente e que ainda vai passar por adapta\u00e7\u00f5es de acordo com a evolu\u00e7\u00e3o natural da sociedade.<\/p>\n\n\n\n<p>O papel \u00e9 estabelecer conceitos, delimitando a atua\u00e7\u00e3o de quem colhe e armazena dados e, o principal objetivo, \u00e9 regulamentar o tratamento e armazenamento desses dados, evitando a utiliza\u00e7\u00e3o fraudulenta e a exposi\u00e7\u00e3o sem consentimento.<\/p>\n\n\n\n<p>Infelizmente, ainda s\u00e3o muitos os casos em que vemos os nossos dados pessoais sendo violados, repassados, vendidos, sem nosso conhecimento ou pr\u00e9via autoriza\u00e7\u00e3o.<\/p>\n\n\n\n<p>Atualmente, o acesso a todo e qualquer dado (CPF, CNPJ, localiza\u00e7\u00e3o, forma de uso dos aparelhos eletr\u00f4nicos, prefer\u00eancias pessoais) \u00e9 f\u00e1cil e precisa, cada vez mais, de fiscaliza\u00e7\u00e3o da legisla\u00e7\u00e3o.<\/p>\n\n\n\n<p>Na \u00e1rea da sa\u00fade e para os profissionais as vantagens s\u00e3o transpar\u00eancia na rela\u00e7\u00e3o m\u00e9dico-paciente, profissionalismo, melhora na gest\u00e3o profissional e respaldo jur\u00eddico.<\/p>\n\n\n\n<p>Por fim, ressalto que as empresas e profissionais devem lidar com a adequa\u00e7\u00e3o \u00e0 LGPD como uma forma de trazer seguran\u00e7a ao cliente\/paciente e n\u00e3o como mais um encargo. Somente assim a lei ser\u00e1 respeitada e todos seremos beneficiados.<\/p>\n\n\n\n<h3 class=\"wp-block-heading\">Mais conhecimento para voc\u00ea<\/h3>\n\n\n\n<p>Se voc\u00ea gostou deste texto e deseja seguir a leitura em temas sobre direito e advocacia, vale a pena conferir os seguintes materiais:&nbsp;&nbsp;<\/p>\n\n\n\n<ul class=\"wp-block-list\">\n<li><a href=\"https:\/\/www.aurum.com.br\/blog\/dip-financing\/\">Entenda o que \u00e9 dip financing e o que muda com a Lei 14.112\/2020<\/a><\/li>\n\n\n\n<li><a href=\"https:\/\/www.aurum.com.br\/blog\/propaganda-eleitoral\/\">O que \u00e9, como funciona e quais os limites da propaganda eleitoral?<\/a><\/li>\n\n\n\n<li><a href=\"https:\/\/www.aurum.com.br\/blog\/aplicativos-para-advogados\/\">As melhores op\u00e7\u00f5es de aplicativos para advogados evolu\u00edrem resultados em 2023<\/a><\/li>\n\n\n\n<li><a href=\"https:\/\/www.aurum.com.br\/blog\/pensao-por-morte\/\">Pens\u00e3o por morte: o que \u00e9, quem tem direito, como solicitar e novas regras<\/a><\/li>\n\n\n\n<li><a href=\"https:\/\/www.aurum.com.br\/blog\/imposto-de-importacao\/\">Imposto de importa\u00e7\u00e3o: como funciona e o que diz a lei<\/a><\/li>\n\n\n\n<li><a href=\"https:\/\/www.aurum.com.br\/blog\/outorga-uxoria\/\">Outorga ux\u00f3ria: Conhe\u00e7a tipos, aplica\u00e7\u00e3o e o que diz o Novo CPC<\/a><\/li>\n\n\n\n<li>Os mais importantes <a href=\"https:\/\/www.aurum.com.br\/blog\/principios-do-direito-do-trabalho\/\">princ\u00edpios do direito do trabalho<\/a><\/li>\n\n\n\n<li><a href=\"https:\/\/www.aurum.com.br\/blog\/rol-taxativo\/\">Confira o que mudou com o rol taxativo da ANS<\/a><\/li>\n\n\n\n<li><a href=\"https:\/\/www.aurum.com.br\/blog\/pacote-anticrime\/\">Pacote anticrime<\/a>: Descubra o que mudou com a Lei 13.964<\/li>\n\n\n\n<li>Tudo o que voc\u00ea precisa saber sobre <a href=\"https:\/\/www.aurum.com.br\/blog\/responsabilidade-tributaria\/\">responsabilidade tribut\u00e1ria<\/a><\/li>\n\n\n\n<li>Principais conceitos, caracter\u00edsticas e esp\u00e9cies da <a href=\"https:\/\/www.aurum.com.br\/blog\/competencia-tributaria\/\">compet\u00eancia tribut\u00e1ria<\/a><\/li>\n<\/ul>\n\n\n\n<p>Este conte\u00fado foi \u00fatil pra voc\u00ea? Conta aqui nos coment\u00e1rios \ud83d\ude09<\/p>\n\n\n<style>\r\n  .news-post {\r\n    background: url('https:\/\/www.aurum.com.br\/blog\/wp-content\/themes\/aurum\/img\/bg-news-artigo.svg') no-repeat top center #3C48AA;\r\n    padding: 1.5rem;\r\n    border-radius: 6px;\r\n    margin: 1rem 0;\r\n  }\r\n  .news-post .icone {\r\n    display: none;\r\n  }\r\n  .news-post .title {\r\n    font-weight: 700;\r\n    font-size: 16px;\r\n    line-height: 130%;\r\n    text-align: center;\r\n    letter-spacing: -0.5px;\r\n    color: #fff;\r\n    margin-bottom: .9375rem;\r\n  }\r\n  .news-post p {\r\n    font-size: .875rem;\r\n    line-height: 140%;\r\n    text-align: center;\r\n    color: #fff;\r\n    margin-bottom: 1.25rem;\r\n  }\r\n  .news-post .news_button_span {\r\n    font-size: .8125rem;\r\n    display: block;\r\n    padding: .125rem .3125rem;\r\n    color: #fff;\r\n    text-align:left;\r\n  }\r\n  .news-post .news_button_span a {\r\n    color: #fff !important;\r\n    text-decoration: underline;\r\n  }\r\n  .news-post form {\r\n    width: 100%;\r\n  }\r\n  .news-post label {\r\n    font-weight: 600;\r\n    font-size: .9375rem;\r\n    line-height: 1.5rem;\r\n    margin-bottom: .5rem;\r\n    color: #fff;\r\n    display: block;\r\n  }\r\n  .news-post input {\r\n    background: #fff;\r\n    border: 1px solid #CBCBD9;\r\n    box-sizing: border-box;\r\n    border-radius: 4px;\r\n    padding: .75rem 1rem;\r\n    width: 100%;\r\n  }\r\n  .news-post button {\r\n    margin-top: .875rem;\r\n    width: 100%;\r\n    min-width: auto;\r\n    background: #FCC632;\r\n    color: #3C48AA;\r\n  }\r\n  .news-post .input {\r\n    position: relative;\r\n    padding-bottom: 10px;\r\n  }\r\n  .news-post .error-message-ad {\r\n    font-size: .875rem;\r\n    line-height: 130%;\r\n    color: #D50021;\r\n    margin-left: 4px;\r\n  }\r\n  .news-post .error {\r\n    border: 1px solid #D50021;\r\n  }\r\n  .news-post #message-form-ad {\r\n    border-radius: 4px;\r\n    padding: 0.7rem;\r\n    font-size:0.8rem;\r\n    text-align: center;\r\n    align-items: center;\r\n    justify-content: center;\r\n    display: none;\r\n  }\r\n  .news-post #message-form-ad svg {\r\n    margin-right: 8px;\r\n  }\r\n\r\n  @media(min-width: 561px) {\r\n    .news-post {\r\n      position: relative;\r\n      background: url('https:\/\/www.aurum.com.br\/blog\/wp-content\/themes\/aurum\/img\/bg-news-artigo.svg') no-repeat top center #3C48AA;\r\n      width: calc(100% - 30px);\r\n    }\r\n    .news-post .icone {\r\n      display: block;\r\n      position: absolute;\r\n      right: -30px;\r\n      top: 65px;\r\n      max-width: 142px;\r\n      width: 100%;\r\n      height: auto;\r\n      margin: 0;\r\n    }\r\n    .news-post .title {\r\n      font-size: 1.125rem;\r\n      text-align: left;\r\n      \/* padding-right: 3.75rem; *\/\r\n    }\r\n    .news-post p {\r\n      font-size: 1rem;\r\n      text-align: left;\r\n      max-width: 400px;\r\n    }\r\n    .news-post .boxes {\r\n      display: flex;\r\n      align-items: flex-start;\r\n    }\r\n    .news-post button {\r\n      margin: 0 0 0 1rem;\r\n      width: 100%;\r\n      max-width: 170px;\r\n      min-width: auto;\r\n      transition: all ease .3s\r\n    }\r\n    .news-post button:hover {\r\n      opacity: 0.9;\r\n      transition: all ease .3s\r\n    }\r\n    .news-post #message-form-ad {\r\n      padding: 1.125rem;\r\n      font-size:1rem;\r\n    }\r\n    .news-post #message-form-ad svg {\r\n      margin-right: 10px;\r\n    }\r\n  }\r\n<\/style>\r\n\r\n<div class=\"news-post\">\r\n  <div class=\"title news-ad-title\">Gostou do artigo e quer evoluir a sua advocacia?<\/div>\r\n  <p class=\"news-ad-subtitle\">Assine gr\u00e1tis a Aurum News e receba uma dose semanal de conte\u00fado no seu e-mail! \u270c\ufe0f<\/p>\r\n  <img decoding=\"async\" src=\"https:\/\/www.aurum.com.br\/blog\/wp-content\/themes\/aurum\/img\/icon-news-artigo.svg\" alt=\"\" class=\"icone\">\r\n\r\n  <form method=\"post\" name=\"newsletter-ad\" id=\"aurum-newsletter-ad\">\r\n    <div class=boxes>\r\n      <div class=\"input\">\r\n        <label class=\"label-email\" htmlFor=\"email-ad\">Qual seu e-mail?<\/label>\r\n        <input type=\"email\" id=\"email-ad\" name=\"newsletter-mail-ad\" placeholder=\"Digite seu e-mail?\">\r\n        <div class=\"error-message-ad-email\">Endere\u00e7o de e-mail inv\u00e1lido ou incorreto<\/div>\r\n\r\n        <label class=\"label-select\" htmlFor=\"lawsuits-select-ad\">\r\n          Quantos processos voc\u00ea ou<br class=\"for-desktop\"\/> seu escrit\u00f3rio acompanham?\r\n        <\/label>\r\n        <div id=\"lawsuits-select-ad\" class=\"lawsuits-select select-wrapper\" tabindex=\"0\">\r\n          <div class=\"s-dropdown--styled\">\r\n          <span class=\"lawsuits-default\">\r\n            <span id=\"lawsuits-newsletter-ad\" class=\"lawsuits-default-text\" data-value=\"\">Selecione os processos<\/span>\r\n            <svg class=\"chevron\" xmlns=\"http:\/\/www.w3.org\/2000\/svg\" width=\"24\" height=\"25\" viewBox=\"0 0 24 25\" fill=\"none\">\r\n              <path d=\"M6 15.6152L12 9.61523L18 15.6152\" stroke=\"black\" stroke-width=\"2\" stroke-linecap=\"round\" stroke-linejoin=\"round\" \/>\r\n            <\/svg>\r\n          <\/span>\r\n\r\n          <ul class=\"s-dropdown u-hide\">\r\n            <li class=\"lawsuits\" data-value=\"Mais de 1000 processos\">Mais de 1000 processos<\/li>\r\n            <li class=\"lawsuits\" data-value=\"De 501 a 1000 processos\">De 501 a 1000 processos<\/li>\r\n            <li class=\"lawsuits\" data-value=\"De 151 a 500 processos\">De 151 a 500 processos<\/li>\r\n            <li class=\"lawsuits\" data-value=\"De 41 a 150 processos\">De 41 a 150 processos<\/li>\r\n            <li class=\"lawsuits\" data-value=\"At\u00e9 40 processos\">At\u00e9 40 processos<\/li>\r\n            <li class=\"lawsuits\" data-value=\"Atuo apenas no consultivo\">Atuo apenas no consultivo<\/li>\r\n            <li class=\"lawsuits\" data-value=\"Ainda sou estudante de direito\">Ainda sou estudante de direito<\/li>\r\n            <li class=\"lawsuits\" data-value=\"N\u00e3o sou da \u00e1rea jur\u00eddica\">N\u00e3o sou da \u00e1rea jur\u00eddica<\/li>\r\n          <\/ul>\r\n          <\/div>\r\n        <\/div>\r\n        <div class=\"error-message-ad-lawsuits\">Selecione algum processo<\/div>\r\n      <\/div>\r\n      <button class=\"btn btn-yellow ad-btn-desktop\" id=\"aurum-submit-ad\">Assinar gr\u00e1tis<\/button>\r\n      <button class=\"btn btn-yellow ad-btn-mobile\" id=\"aurum-submit-ad\">Assinar<\/button>\r\n    <\/div>\r\n    <span class=\"news_button_span\">Ao se cadastrar voc\u00ea declara que leu e aceitou a pol\u00edtica de privacidade e cookies do <a href=\"https:\/\/s3.sa-east-1.amazonaws.com\/publico.aurum.com.br\/contratos\/politica-de-privacidade.pdf\" target=\"_blank\" rel=\"noopener noreferrer\">site<\/a>.<\/span>\r\n  <\/form>\r\n  <div id=\"message-form-ad\"><\/div>\r\n<\/div>","protected":false},"excerpt":{"rendered":"<p>A LGPD foi criada com o objetivo de proteger os direitos fundamentais de liberdade e de privacidade do indiv\u00edduo. Dessa forma, a aplica\u00e7\u00e3o da LGPD na sa\u00fade \u00e9 de extrema import\u00e2ncia por dois motivos: (1) todos os dados relacionados e necess\u00e1rios \u00e0 sa\u00fade s\u00e3o pessoais, individuais, sigilosos e sens\u00edveis; e (2) com o aumento das [&hellip;]<\/p>\n","protected":false},"author":56,"featured_media":17864,"comment_status":"open","ping_status":"open","sticky":false,"template":"","format":"standard","meta":{"_bbp_topic_count":0,"_bbp_reply_count":0,"_bbp_total_topic_count":0,"_bbp_total_reply_count":0,"_bbp_voice_count":0,"_bbp_anonymous_reply_count":0,"_bbp_topic_count_hidden":0,"_bbp_reply_count_hidden":0,"_bbp_forum_subforum_count":0,"inline_featured_image":false,"footnotes":""},"categories":[30],"tags":[],"class_list":["post-17863","post","type-post","status-publish","format-standard","has-post-thumbnail","hentry","category-direito-medico"],"acf":[],"_links":{"self":[{"href":"https:\/\/www.aurum.com.br\/blog\/wp-json\/wp\/v2\/posts\/17863","targetHints":{"allow":["GET"]}}],"collection":[{"href":"https:\/\/www.aurum.com.br\/blog\/wp-json\/wp\/v2\/posts"}],"about":[{"href":"https:\/\/www.aurum.com.br\/blog\/wp-json\/wp\/v2\/types\/post"}],"author":[{"embeddable":true,"href":"https:\/\/www.aurum.com.br\/blog\/wp-json\/wp\/v2\/users\/56"}],"replies":[{"embeddable":true,"href":"https:\/\/www.aurum.com.br\/blog\/wp-json\/wp\/v2\/comments?post=17863"}],"version-history":[{"count":10,"href":"https:\/\/www.aurum.com.br\/blog\/wp-json\/wp\/v2\/posts\/17863\/revisions"}],"predecessor-version":[{"id":31530,"href":"https:\/\/www.aurum.com.br\/blog\/wp-json\/wp\/v2\/posts\/17863\/revisions\/31530"}],"wp:featuredmedia":[{"embeddable":true,"href":"https:\/\/www.aurum.com.br\/blog\/wp-json\/wp\/v2\/media\/17864"}],"wp:attachment":[{"href":"https:\/\/www.aurum.com.br\/blog\/wp-json\/wp\/v2\/media?parent=17863"}],"wp:term":[{"taxonomy":"category","embeddable":true,"href":"https:\/\/www.aurum.com.br\/blog\/wp-json\/wp\/v2\/categories?post=17863"},{"taxonomy":"post_tag","embeddable":true,"href":"https:\/\/www.aurum.com.br\/blog\/wp-json\/wp\/v2\/tags?post=17863"}],"curies":[{"name":"wp","href":"https:\/\/api.w.org\/{rel}","templated":true}]}}