{"id":17552,"date":"2026-03-23T16:06:25","date_gmt":"2026-03-23T19:06:25","guid":{"rendered":"https:\/\/www.aurum.com.br\/blog\/?p=17552"},"modified":"2026-03-30T19:51:55","modified_gmt":"2026-03-30T22:51:55","slug":"eventos-para-advogados","status":"publish","type":"post","link":"https:\/\/www.aurum.com.br\/blog\/eventos-para-advogados\/","title":{"rendered":"4 eventos para advogados imperd\u00edveis em 2026"},"content":{"rendered":"<div id=\"bsf_rt_marker\"><\/div>\n<pre class=\"wp-block-preformatted\"><strong>Eventos para advogados<\/strong> s\u00e3o acontecimentos que re\u00fanem profissionais da \u00e1rea para discutir sobre cases de sucesso, ferramentas inovadoras e o futuro da advocacia. \u00c9 o momento ideal para expandir conhecimentos e divulgar os seus servi\u00e7os. <\/pre>\n\n\n\n<p>Eventos jur\u00eddicos&nbsp;s\u00e3o momentos ricos de troca. Seja para se atualizar sobre as novidades do mercado e ampliar os seus conhecimentos para&nbsp;<a href=\"https:\/\/www.aurum.com.br\/blog\/como-fazer-o-escritorio-de-advocacia-crescer\/\"><strong>crescer o seu neg\u00f3cio<\/strong><\/a>, seja para conhecer outros advogados e advogadas e aumentar a sua rede de networking.<\/p>\n\n\n\n<p>\u00c9 por meio dos eventos para advogados e advogadas que voc\u00ea pode imergir ainda mais na advocacia, pensar sobre como voc\u00ea atua e como pode ser o seu futuro.<\/p>\n\n\n\n<p>S\u00e3o momentos que voc\u00ea se desliga do trabalho do dia a dia e pode focar em\u00a0<strong>como modernizar, inovar e melhorar ainda mais o seu trabalho<\/strong>\u00a0e do seu escrit\u00f3rio. Por isso, selecionamos os 4 principais eventos para advogados em 2026 que voc\u00ea n\u00e3o pode perder.<\/p>\n\n\n\n<h2 class=\"wp-block-heading\"><strong>Por que participar de eventos jur\u00eddicos?<\/strong><\/h2>\n\n\n\n<p>Muitos profissionais ainda n\u00e3o v\u00eaem esses momentos como uma prioridade na rotina jur\u00eddica. Mas a verdade \u00e9 que se voc\u00ea der o devido valor, vai perceber que&nbsp;<strong>eventos s\u00e3o oportunidades<\/strong>. E todos n\u00f3s sabemos que aproveitar as oportunidades \u00e9 a forma mais r\u00e1pida de&nbsp;<strong>se&nbsp;<a href=\"https:\/\/www.aurum.com.br\/blog\/diferencial-competitivo-com-astrea\/\">destacar frente \u00e0 concorr\u00eancia<\/a>, conquistar novos clientes e mais relev\u00e2ncia<\/strong>.<\/p>\n\n\n\n<p>Veja os principais motivos para participar de eventos para advogados:<\/p>\n\n\n\n<h3 class=\"wp-block-heading\"><strong>1. Se inspirar para melhorar<\/strong><\/h3>\n\n\n\n<p>\u00c9 a partir das palestras, conversas e din\u00e2micas que surgem&nbsp;<strong>insights para o dia a dia<\/strong>. Nos eventos jur\u00eddicos a sua aten\u00e7\u00e3o fica \u00fanica e exclusiva para refletir e identificar espa\u00e7os de mudan\u00e7a. Tudo isso para que possa&nbsp;<strong>modernizar a sua advocacia<\/strong>&nbsp;de tempos em tempos, apoiada pela tecnologia, cases de sucesso e novas formas de se trabalhar.<\/p>\n\n\n\n<h3 class=\"wp-block-heading\"><strong>2. Conhecer profissionais refer\u00eancia<\/strong><\/h3>\n\n\n\n<p>Os profissionais que palestram s\u00e3o escolhidos a dedo para compartilhar seus conhecimentos, hist\u00f3rias e cases. E n\u00e3o \u00e9 sempre que podemos ouvir e aprender com essas pessoas.<\/p>\n\n\n\n<p>Para al\u00e9m dos palcos, todas as pessoas que participam de eventos para advogados almejam conhecer outros profissionais. A partir disso, voc\u00ea pode&nbsp;<strong>aprender, ensinar, criar conex\u00f5es, parcerias<\/strong>&nbsp;e muito mais. Ent\u00e3o, n\u00e3o se esque\u00e7a de ter o seu&nbsp;<a href=\"https:\/\/www.aurum.com.br\/blog\/cartao-de-visita-advogado\/\"><strong>cart\u00e3o de visita<\/strong><\/a>&nbsp;em m\u00e3os.<\/p>\n\n\n\n<h3 class=\"wp-block-heading\"><strong>3. Feira de neg\u00f3cios<\/strong><\/h3>\n\n\n\n<p>Bom, n\u00e3o \u00e9 poss\u00edvel falar sobre inova\u00e7\u00e3o jur\u00eddica sem citar&nbsp;<strong>novas solu\u00e7\u00f5es e ferramentas tecnol\u00f3gicas<\/strong>. E \u00e9 por isso que na maioria dos eventos para advogados h\u00e1 exposi\u00e7\u00e3o dos principais produtos e servi\u00e7os que podem ajudar na moderniza\u00e7\u00e3o da sua advocacia. Ou seja, \u00e9 o momento de conhecer tudo o que h\u00e1 de novo no mercado.<\/p>\n\n\n\n<h3 class=\"wp-block-heading\"><strong>4. Se manter competitivo<\/strong><\/h3>\n\n\n\n<p>Sempre h\u00e1 o que melhorar no nosso trabalho. Afinal, a moderniza\u00e7\u00e3o \u00e9 uma tarefa cont\u00ednua. Participar de eventos jur\u00eddicos abre portas para que voc\u00ea amplie seus conhecimentos, mas tamb\u00e9m para que possa divulgar os seus servi\u00e7os. \u00c9 a maneira mais assertiva de&nbsp;<strong>se manter atualizado e relevante<\/strong>, em uma busca constante para crescer o seu neg\u00f3cio e carteira de clientes.<\/p>\n\n\n\n<h2 class=\"wp-block-heading\"><strong>Conhe\u00e7a os 4 principais eventos para advogados em 202<\/strong>6<\/h2>\n\n\n\n<p>Eventos jur\u00eddicos acontecem ao longo de todo o ano e, diante de tantas op\u00e7\u00f5es, o desafio est\u00e1 em escolher aqueles que realmente fazem sentido para sua carreira e podem gerar novas oportunidades.<\/p>\n\n\n\n<p>Para isso, vale priorizar dois fatores essenciais: <strong>inova\u00e7\u00e3o<\/strong> e <strong>reconhecimento no mercado.<\/strong><\/p>\n\n\n\n<p>A seguir, reunimos alguns dos principais eventos jur\u00eddicos de 2026:<\/p>\n\n\n\n<h3 class=\"wp-block-heading\">1. AB2L LEX 2026<\/h3>\n\n\n\n<p>O AB2L LEX \u00e9 um ponto de encontro para quem acredita que o Direito pode ser repensado. O evento re\u00fane profissionais, empresas e especialistas para discutir inova\u00e7\u00e3o, tecnologia e o futuro do mercado jur\u00eddico.<\/p>\n\n\n\n<ul class=\"wp-block-list\">\n<li><strong>Data:<\/strong> 13 e 14 de maio de 2026<\/li>\n\n\n\n<li><strong>Local:<\/strong> Pier Mau\u00e1 \u2013 Rio de Janeiro<\/li>\n\n\n\n<li><strong>Inscri\u00e7\u00f5es:<\/strong> <a href=\"https:\/\/ab2l-lex.com.br\/\" target=\"_blank\" rel=\"noopener\">clique aqui<\/a><\/li>\n<\/ul>\n\n\n\n<hr class=\"wp-block-separator has-alpha-channel-opacity\"\/>\n\n\n\n<h3 class=\"wp-block-heading\">2. Astrea Conecta 2026<\/h3>\n\n\n\n<p>O Astrea Conecta, evento organizado pela Aurum e exclusivo para cliente \u00e9 o convite para sair da defesa, ganhar vis\u00e3o estrat\u00e9gica e atuar com mais seguran\u00e7a, controle e confian\u00e7a.<\/p>\n\n\n\n<p>Mais do que um encontro, \u00e9 um <strong>espa\u00e7o de troca, constru\u00e7\u00e3o e protagonismo. <\/strong>A proposta \u00e9 levar conte\u00fado pr\u00e1tico, provocar reflex\u00f5es sobre a rotina da advocacia e co-criar novas formas de atuar no Direito.<\/p>\n\n\n\n<p>A primeira edi\u00e7\u00e3o aconteceu em 2024 e reuniu p\u00fablico qualificado, sendo 92% tomadores de decis\u00e3o (s\u00f3cios propriet\u00e1rios e associados). Profissionais participam em busca de mais efici\u00eancia, inova\u00e7\u00e3o e controle sobre sua pr\u00e1tica jur\u00eddica.<\/p>\n\n\n\n<p>Em 2026, o evento retorna com duas edi\u00e7\u00f5es:<\/p>\n\n\n\n<ul class=\"wp-block-list\">\n<li><strong>S\u00e3o Paulo (SP):<\/strong> julho de 2026<\/li>\n\n\n\n<li><strong>Belo Horizonte (MG):<\/strong> setembro de 2026<\/li>\n\n\n\n<li><strong>Inscri\u00e7\u00f5es:<\/strong> a partir de 14\/04, s\u00f3 para clientes Astrea<\/li>\n<\/ul>\n\n\n\n<p>Mais informa\u00e7\u00f5es, voc\u00ea confere no site oficial.<\/p>\n\n\n<a href=\"#shortcode-error?aurum-button_href\" class=\"btn btn-blue\">Quero saber o que vem a\u00ed<\/a>\n\n\n\n<hr class=\"wp-block-separator has-alpha-channel-opacity\"\/>\n\n\n\n<h3 class=\"wp-block-heading\">3. Fenalaw 2026<\/h3>\n\n\n\n<p>A Fenalaw \u00e9 reconhecida como o maior evento jur\u00eddico da Am\u00e9rica Latina e um verdadeiro hub de neg\u00f3cios, conte\u00fado e networking qualificado.<\/p>\n\n\n\n<p>Ideal para quem deseja acompanhar de perto as transforma\u00e7\u00f5es da advocacia e da gest\u00e3o jur\u00eddica, o evento re\u00fane l\u00edderes do setor, fornecedores e especialistas em inova\u00e7\u00e3o.<\/p>\n\n\n\n<ul class=\"wp-block-list\">\n<li><strong>Data:<\/strong> 27 a 29 de outubro de 2026<\/li>\n\n\n\n<li><strong>Local:<\/strong> Transamerica Expo Center \u2013 S\u00e3o Paulo (SP)<\/li>\n\n\n\n<li><strong>Inscri\u00e7\u00f5es:<\/strong> <a href=\"https:\/\/www.fenalaw.com.br\/\" target=\"_blank\" rel=\"noopener\">clique aqui<\/a><\/li>\n<\/ul>\n\n\n\n<hr class=\"wp-block-separator has-alpha-channel-opacity\"\/>\n\n\n\n<h3 class=\"wp-block-heading\">4. <strong>Themis <\/strong>Conecta<strong> 2026<\/strong><\/h3>\n\n\n\n<p>O Themis Conecta \u00e9 um evento imersivo e exclusivo para clientes Themis.<\/p>\n\n\n\n<p>Em sua segunda edi\u00e7\u00e3o, o encontro evolui: mais do que reunir pessoas, ele <strong>cria conex\u00f5es que impulsionam decis\u00f5es mais inteligentes no jur\u00eddico.<\/strong><\/p>\n\n\n\n<p>Neste evento, profissionais que lidam com opera\u00e7\u00f5es complexas encontram espa\u00e7o para trocar experi\u00eancias, explorar novas possibilidades e acessar conte\u00fados relevantes para o presente \u2014 e para o futuro \u2014 dos departamentos jur\u00eddicos e grandes escrit\u00f3rios.<\/p>\n\n\n\n<p>Seja para fortalecer a presen\u00e7a no mercado, ganhar efici\u00eancia na opera\u00e7\u00e3o ou repensar caminhos com mais estrat\u00e9gia, o Themis Conecta \u00e9 um convite para sair do autom\u00e1tico e enxergar o jur\u00eddico com mais clareza, profundidade e protagonismo.<\/p>\n\n\n\n<p><strong>Local e data em defini\u00e7\u00e3o.<\/strong><\/p>\n\n\n\n<hr class=\"wp-block-separator has-alpha-channel-opacity\"\/>\n\n\n\n<h2 class=\"wp-block-heading\"><strong>Conclus\u00e3o<\/strong><\/h2>\n\n\n\n<p>Participar de eventos como esses pode ser a oportunidade que faltava para impulsionar ainda mais a sua advocacia. S\u00e3o momentos \u00fanicos para se conectar, aprender, trocar experi\u00eancias e crescer, enquanto voc\u00ea fortalece sua presen\u00e7a e relev\u00e2ncia no mercado.<\/p>\n\n\n\n<p>Mais do que acompanhar tend\u00eancias, esses encontros permitem que voc\u00ea fa\u00e7a parte da transforma\u00e7\u00e3o do Direito. Afinal, quem n\u00e3o \u00e9 visto, n\u00e3o \u00e9 lembrado.<\/p>\n\n\n\n<p>Agora \u00e9 com voc\u00ea: escolha os eventos que mais fazem sentido para o seu momento e j\u00e1 comece a se planejar para participar.<\/p>\n\n\n\n<p>E claro, <strong>fique de olho nas pr\u00f3ximas novidades do Astrea Conecta e do Themis Conecta:<\/strong> vem muita coisa importante por a\u00ed! \ud83d\ude09<\/p>\n\n\n\n<p><em>Para finalizar, comenta aqui, qual evento para advogados voc\u00ea n\u00e3o vai perder em 2026? <\/em><\/p>\n","protected":false},"excerpt":{"rendered":"<p>Eventos para advogados s\u00e3o acontecimentos que re\u00fanem profissionais da \u00e1rea para discutir sobre cases de sucesso, ferramentas inovadoras e o futuro da advocacia. \u00c9 o momento ideal para expandir conhecimentos e divulgar os seus servi\u00e7os. Eventos jur\u00eddicos&nbsp;s\u00e3o momentos ricos de troca. Seja para se atualizar sobre as novidades do mercado e ampliar os seus conhecimentos [&hellip;]<\/p>\n","protected":false},"author":7,"featured_media":35187,"comment_status":"open","ping_status":"open","sticky":false,"template":"","format":"standard","meta":{"_bbp_topic_count":0,"_bbp_reply_count":0,"_bbp_total_topic_count":0,"_bbp_total_reply_count":0,"_bbp_voice_count":0,"_bbp_anonymous_reply_count":0,"_bbp_topic_count_hidden":0,"_bbp_reply_count_hidden":0,"_bbp_forum_subforum_count":0,"inline_featured_image":false,"footnotes":""},"categories":[4,12],"tags":[],"class_list":["post-17552","post","type-post","status-publish","format-standard","has-post-thumbnail","hentry","category-advocacia","category-aurum-summit"],"acf":[],"_links":{"self":[{"href":"https:\/\/www.aurum.com.br\/blog\/wp-json\/wp\/v2\/posts\/17552","targetHints":{"allow":["GET"]}}],"collection":[{"href":"https:\/\/www.aurum.com.br\/blog\/wp-json\/wp\/v2\/posts"}],"about":[{"href":"https:\/\/www.aurum.com.br\/blog\/wp-json\/wp\/v2\/types\/post"}],"author":[{"embeddable":true,"href":"https:\/\/www.aurum.com.br\/blog\/wp-json\/wp\/v2\/users\/7"}],"replies":[{"embeddable":true,"href":"https:\/\/www.aurum.com.br\/blog\/wp-json\/wp\/v2\/comments?post=17552"}],"version-history":[{"count":27,"href":"https:\/\/www.aurum.com.br\/blog\/wp-json\/wp\/v2\/posts\/17552\/revisions"}],"predecessor-version":[{"id":35161,"href":"https:\/\/www.aurum.com.br\/blog\/wp-json\/wp\/v2\/posts\/17552\/revisions\/35161"}],"wp:featuredmedia":[{"embeddable":true,"href":"https:\/\/www.aurum.com.br\/blog\/wp-json\/wp\/v2\/media\/35187"}],"wp:attachment":[{"href":"https:\/\/www.aurum.com.br\/blog\/wp-json\/wp\/v2\/media?parent=17552"}],"wp:term":[{"taxonomy":"category","embeddable":true,"href":"https:\/\/www.aurum.com.br\/blog\/wp-json\/wp\/v2\/categories?post=17552"},{"taxonomy":"post_tag","embeddable":true,"href":"https:\/\/www.aurum.com.br\/blog\/wp-json\/wp\/v2\/tags?post=17552"}],"curies":[{"name":"wp","href":"https:\/\/api.w.org\/{rel}","templated":true}]}}