{"id":17528,"date":"2025-10-09T18:21:13","date_gmt":"2025-10-09T21:21:13","guid":{"rendered":"https:\/\/www.aurum.com.br\/blog\/?p=17528"},"modified":"2025-10-09T18:27:04","modified_gmt":"2025-10-09T21:27:04","slug":"violencia-politica-de-genero","status":"publish","type":"post","link":"https:\/\/www.aurum.com.br\/blog\/violencia-politica-de-genero\/","title":{"rendered":"Entenda o que \u00e9 viol\u00eancia pol\u00edtica de g\u00eanero e o que diz a lei"},"content":{"rendered":"<div id=\"bsf_rt_marker\"><\/div>\n<pre class=\"wp-block-preformatted\"><strong>Viol\u00eancia pol\u00edtica de g\u00eanero <\/strong>\u00e9 toda a\u00e7\u00e3o ou omiss\u00e3o que visa impedir, dificultar, desvalorizar ou anular os direitos pol\u00edticos das mulheres pelo simples fato de serem mulheres.<\/pre>\n\n\n\n<p>Voc\u00ea j\u00e1 parou para pensar por que as mulheres ainda s\u00e3o minoria nos espa\u00e7os de poder?&nbsp;<\/p>\n\n\n\n<p>Conforme dados do Minist\u00e9rio da Mulher, na C\u00e2mara Federal, elas s\u00e3o apenas 17,7%, ou seja, 91 mulheres em um universo de 513 parlamentares. No Senado Federal, s\u00e3o 15 mulheres entre 81 parlamentares, o que equivale a 12,3% e, dentre elas, apenas uma se declara negra.<\/p>\n\n\n\n<p>Embora representem mais da metade da popula\u00e7\u00e3o brasileira e do eleitorado brasileiro, elas seguem enfrentando in\u00fameros obst\u00e1culos para exercer seus direitos pol\u00edticos de forma plena.<\/p>\n\n\n\n<p>Um desses obst\u00e1culos \u00e9 a viol\u00eancia pol\u00edtica de g\u00eanero, que <strong>n\u00e3o apenas viola os direitos humanos, mas tamb\u00e9m fragiliza a democracia e limita a representatividade.<\/strong><\/p>\n\n\n\n<p>De acordo com dados da ONU Mulheres (dados de 2024), 25% das mulheres em espa\u00e7os pol\u00edticos j\u00e1 sofreram viol\u00eancia f\u00edsica no exerc\u00edcio do cargo. Dessas, 20% delas relataram ter sido v\u00edtima de ass\u00e9dio sexual, 45% de amea\u00e7as e 82% sofreram viol\u00eancia psicol\u00f3gica.&nbsp; Al\u00e9m disso, 40% disseram que a viol\u00eancia atrapalhou sua atua\u00e7\u00e3o pol\u00edtica.<\/p>\n\n\n\n<p>Esses n\u00fameros revelam o quanto a viol\u00eancia pol\u00edtica ainda afasta as mulheres da pol\u00edtica e dificulta o avan\u00e7o da igualdade de g\u00eanero no Brasil. Essa pr\u00e1tica deve ser fortemente combatida, pois somente assim ser\u00e1 poss\u00edvel alcan\u00e7ar uma sociedade igualit\u00e1ria.<\/p>\n\n\n\n<p>Nesse cen\u00e1rio, o Objetivo de Desenvolvimento Sustent\u00e1vel 5 (ODS 5), que integra a Agenda 2030 da ONU, se torna ainda mais urgente. Ele trata da igualdade de g\u00eanero e do empoderamento de mulheres e meninas \u2014 uma meta que fortalece todas as outras e contribui para sociedades mais justas, inclusivas e democr\u00e1ticas.<\/p>\n\n\n\n<p>O debate sobre o tema \u00e9 de extrema relev\u00e2ncia. Por isso, continue a leitura para entender mais sobre viol\u00eancia pol\u00edtica de g\u00eanero e o que diz a lei! \ud83d\ude09<\/p>\n\n\n\n<h2 class=\"wp-block-heading\">O que \u00e9 viol\u00eancia pol\u00edtica de g\u00eanero?<\/h2>\n\n\n\n<p>A viol\u00eancia pol\u00edtica de g\u00eanero ocorre quando mulheres s\u00e3o atacadas, discriminadas ou exclu\u00eddas por participarem da vida pol\u00edtica. Importante entender que, nesse contexto, o conceito de mulher deve ser entendido como g\u00eanero e n\u00e3o como sexo biol\u00f3gico.<\/p>\n\n\n\n<p>A pr\u00e1tica da viol\u00eancia pol\u00edtica de g\u00eanero afeta os seguintes direitos pol\u00edticos:&nbsp;<\/p>\n\n\n\n<ul class=\"wp-block-list\">\n<li>O direito de votar e ser votada;<\/li>\n\n\n\n<li>Exerc\u00edcio de mandatos eletivos democraticamente conquistados;<\/li>\n\n\n\n<li>Exerc\u00edcio da atividade de milit\u00e2ncia;<\/li>\n\n\n\n<li>Participa\u00e7\u00e3o em partidos e em associa\u00e7\u00f5es como um todo;<\/li>\n\n\n\n<li>Participa\u00e7\u00e3o em manifesta\u00e7\u00f5es pol\u00edticas nas posi\u00e7\u00f5es de: eleitoral, eleita, profissionais da imprensa, defensora de direitos humanos e outras que se relacionem com a participa\u00e7\u00e3o nos assuntos p\u00fablicos.\u00a0<\/li>\n<\/ul>\n\n\n\n<p>E a viol\u00eancia pol\u00edtica pode ocorrer em todos os ramos da administra\u00e7\u00e3o p\u00fablica direta e indireta,&nbsp; ela se manifesta na formula\u00e7\u00e3o e execu\u00e7\u00e3o de pol\u00edticas p\u00fablicas, durante campanhas eleitorais, no exerc\u00edcio de mandatos em casas parlamentares, e tamb\u00e9m em sindicatos, partidos pol\u00edticos, organiza\u00e7\u00f5es comunit\u00e1rias e at\u00e9 em ONGs.<\/p>\n\n\n\n<h2 class=\"wp-block-heading\">Quais s\u00e3o os tipos de viol\u00eancia pol\u00edtica de g\u00eanero?<\/h2>\n\n\n\n<p>A viol\u00eancia pol\u00edtica de g\u00eanero pode se manifestar de diferentes formas, e todas t\u00eam um ponto em comum: limitar ou silenciar a atua\u00e7\u00e3o das mulheres na pol\u00edtica.&nbsp;<\/p>\n\n\n\n<p>Essas viol\u00eancias n\u00e3o se restringem ao espa\u00e7o f\u00edsico, elas tamb\u00e9m est\u00e3o presentes no ambiente institucional e, cada vez mais, no virtual (com ataques em suas p\u00e1ginas, fake news e deepfakes). Algumas formas de manifesta\u00e7\u00e3o s\u00e3o:<\/p>\n\n\n\n<ul class=\"wp-block-list\">\n<li><strong>F\u00edsica<\/strong>: agress\u00f5es, atentados, feminic\u00eddio pol\u00edtico;<\/li>\n\n\n\n<li><strong>Sexual<\/strong>: ass\u00e9dio e coer\u00e7\u00e3o de natureza sexual no espa\u00e7o pol\u00edtico;<\/li>\n\n\n\n<li><strong>Psicol\u00f3gica<\/strong>: amea\u00e7as, intimida\u00e7\u00f5es, humilha\u00e7\u00f5es, fake news, campanhas difamat\u00f3rias;<\/li>\n\n\n\n<li><strong>Institucional<\/strong>: nega\u00e7\u00e3o de recursos para campanhas, candidaturas fict\u00edcias, restri\u00e7\u00e3o ao uso da palavra em parlamentos, exclus\u00e3o de debates.<\/li>\n<\/ul>\n\n\n\n<h2 class=\"wp-block-heading\">Quem s\u00e3o os agressores e as v\u00edtimas?<\/h2>\n\n\n\n<p>Os <strong>agressores <\/strong>podem ser agentes p\u00fablicos, institui\u00e7\u00f5es governamentais, candidatos, partidos, ve\u00edculos de comunica\u00e7\u00e3o, lideran\u00e7as comunit\u00e1rias, empregadores, familiares e at\u00e9 eleitores.&nbsp;<\/p>\n\n\n\n<p>De forma geral, os agressores se dividem em tr\u00eas categorias: institucional, pol\u00edtico n\u00e3o-estatal e social. A viol\u00eancia pode vir tanto de dentro das institui\u00e7\u00f5es quanto da sociedade em geral.<\/p>\n\n\n\n<p>As <strong>v\u00edtimas<\/strong>, por sua vez, s\u00e3o todas as mulheres que participam da vida pol\u00edtica, sejam candidatas, eleitas, militantes, jornalistas, defensoras de direitos humanos ou eleitoras. E \u00e9 fundamental lembrar: ao falarmos de mulher nesse contexto, estamos nos referindo \u00e0 identidade de g\u00eanero, e n\u00e3o ao sexo biol\u00f3gico.<\/p>\n\n\n\n<h2 class=\"wp-block-heading\">Quando a viol\u00eancia pol\u00edtica de g\u00eanero pode acontecer?<\/h2>\n\n\n\n<p>\u00c9 essencial mencionar que a viol\u00eancia pol\u00edtica de g\u00eanero n\u00e3o depende de um momento espec\u00edfico. Ou seja, n\u00e3o se limita somente \u00e0s elei\u00e7\u00f5es ou ao exerc\u00edcio do mandato. Sendo assim, ela pode ocorrer:<\/p>\n\n\n\n<h3 class=\"wp-block-heading\">Antes da elei\u00e7\u00e3o<\/h3>\n\n\n\n<ul class=\"wp-block-list\">\n<li>Na decis\u00e3o de se candidatar e no momento do <a href=\"https:\/\/www.aurum.com.br\/blog\/alistamento-eleitoral\/\"  data-wpil-monitor-id=\"942\">alistamento eleitoral;<\/a><\/li>\n\n\n\n<li>Nas conven\u00e7\u00f5es partid\u00e1rias e no momento de se filiar a um partido;<\/li>\n\n\n\n<li>Na prepara\u00e7\u00e3o de mulheres para concorrerem a cargos pol\u00edticos e\/ou partid\u00e1rios;<\/li>\n\n\n\n<li>Na prepara\u00e7\u00e3o para o voto e na atua\u00e7\u00e3o na sociedade civil.<\/li>\n<\/ul>\n\n\n\n<h3 class=\"wp-block-heading\">Durante as elei\u00e7\u00f5es<\/h3>\n\n\n\n<ul class=\"wp-block-list\">\n<li>Na campanha eleitoral e no processamento e divulga\u00e7\u00e3o dos resultados eleitorais;<\/li>\n\n\n\n<li>No acompanhamento das candidaturas femininas;<\/li>\n\n\n\n<li>Na milit\u00e2ncia a favor de candidatas ou causas de g\u00eanero.<\/li>\n<\/ul>\n\n\n\n<h3 class=\"wp-block-heading\">Depois do processo eleitoral<\/h3>\n\n\n\n<ul class=\"wp-block-list\">\n<li>No exerc\u00edcio dos mandatos eletivo;<\/li>\n\n\n\n<li>Na situa\u00e7\u00e3o dentro do partido ap\u00f3s eventual derrota eleitoral;<\/li>\n\n\n\n<li>Na presta\u00e7\u00e3o de contas eleitoral;<\/li>\n\n\n\n<li>Na articula\u00e7\u00e3o pol\u00edtica para aprova\u00e7\u00e3o de projetos em prol dos avan\u00e7os dos direitos pol\u00edticos das mulheres.<\/li>\n<\/ul>\n\n\n\n<style>\n    #adpost-block_9941e0adb28504c208cb18d72fa4c98a.anuncio-post-reverse {\n        display: flex;\n        gap: 24px;\n        border-radius: 8px;\n        width: 100%;\n        max-width: 752px;\n        padding: 40px;\n        background: #e7f4fe;\n        margin: 16px auto;\n    }\n\n    #adpost-block_9941e0adb28504c208cb18d72fa4c98a .anuncio-container {\n        display: flex;\n        flex-direction: column;\n        gap: 24px;\n        width: 100%;\n        max-width: 333px;\n    }\n\n    #adpost-block_9941e0adb28504c208cb18d72fa4c98a .anuncio-container .logo {\n        width: 100%;\n        max-width: 177px;\n        margin: 0;\n    }\n\n    #adpost-block_9941e0adb28504c208cb18d72fa4c98a .anuncio-text-container {\n        display: flex;\n        flex-direction: column;\n        gap: 24px;\n    }\n\n    #adpost-block_9941e0adb28504c208cb18d72fa4c98a .anuncio-text-container .title {\n        font-family: 'Ubuntu';\n        font-size: 1.5rem; \/\/24px\n        font-weight: 700;\n        line-height: 120%;\n        margin: 0;\n        color: #000;\n    }\n\n    #adpost-block_9941e0adb28504c208cb18d72fa4c98a .anuncio-text-container .text {\n        font-size: 0.875rem;\n        font-weight: 400;\n        line-height: 170%;\n        color: #000;\n    }\n\n    #adpost-block_9941e0adb28504c208cb18d72fa4c98a .anuncio-container .button {\n        display: inline-flex;\n        align-items: center;\n        justify-content: center;\n        width: fit-content;\n        height: 48px;\n        border-radius: 8px;\n        padding: 12px 24px;\n        font-size: 1rem;\n        font-weight: 600;\n        text-decoration: none;\n        background: #008fd5;\n        color: #fff;\n    }\n\n    #adpost-block_9941e0adb28504c208cb18d72fa4c98a .image-container {\n        position: relative;\n        width: 100%;\n        height: 100%;\n    }\n\n    #adpost-block_9941e0adb28504c208cb18d72fa4c98a .image-container.float {\n        min-height: 236px;\n    }\n\n    #adpost-block_9941e0adb28504c208cb18d72fa4c98a .image-container .image-desktop {\n        width: 100%;\n        max-width: 323px;\n        object-fit: contain;\n        margin: 0;\n    }\n\n    #adpost-block_9941e0adb28504c208cb18d72fa4c98a .image-container .image-mobile {\n        display: none;\n        width: 100%;\n        max-width: 291px;\n        object-fit: contain;\n        margin: 0;\n    }\n\n    #adpost-block_9941e0adb28504c208cb18d72fa4c98a .image-container.float .image-desktop,\n    #adpost-block_9941e0adb28504c208cb18d72fa4c98a .image-container.float .image-mobile {\n        position: absolute;\n        right: 0;\n        bottom: 0;\n    }\n\n    #adpost-block_9941e0adb28504c208cb18d72fa4c98a .image-container img {\n        border-radius: 8px;\n    }\n\n    \/************\n    * MOBILE \n    *************\/\n    @media (max-width: 1439px) {\n        #adpost-block_9941e0adb28504c208cb18d72fa4c98a.anuncio-post-reverse {\n            flex-direction: column-reverse;\n            max-width: fit-content;\n            padding: 24px;\n        }\n\n        #adpost-block_9941e0adb28504c208cb18d72fa4c98a .anuncio-container {\n            max-width: 280px;\n            align-items: center;\n        }\n\n        #adpost-block_9941e0adb28504c208cb18d72fa4c98a .anuncio-container .logo {\n            max-width: 147px;\n        }\n\n        #adpost-block_9941e0adb28504c208cb18d72fa4c98a .anuncio-text-container {\n            gap: 8px;\n        }\n\n        #adpost-block_9941e0adb28504c208cb18d72fa4c98a .anuncio-text-container .title {\n            font-size: 1.25rem;\n            text-align: center;\n        }\n\n        #adpost-block_9941e0adb28504c208cb18d72fa4c98a .anuncio-text-container .text {\n            text-align: center;\n        }\n\n        #adpost-block_9941e0adb28504c208cb18d72fa4c98a .anuncio-container .button {\n            width: 100%;\n        }\n\n        #adpost-block_9941e0adb28504c208cb18d72fa4c98a .image-container.float {\n            min-height: 182px;\n        }\n\n        #adpost-block_9941e0adb28504c208cb18d72fa4c98a .image-container .image-desktop {\n            display: none;\n        }\n\n        #adpost-block_9941e0adb28504c208cb18d72fa4c98a .image-container .image-mobile {\n            display: block;\n        }\n    }\n\n    \/*******************\n    * RESET GLOBAL CSS \n    ********************\/\n    #s-post main article .content .image-container img {\n        margin: 0;\n    }\n<\/style>\n\n\n<article id=\"adpost-block_9941e0adb28504c208cb18d72fa4c98a\" class=\"anuncio-post-reverse\">\n    <div class=\"anuncio-container\">\n        \n        <div class=\"anuncio-text-container\">\n             <h3 class=\"title\" >Seja protagonista da sua advocacia com o Astrea<\/h3>\n            <div class=\"text\" >Tenha tempo para focar no crescimento do seu escrit\u00f3rio, enquanto o Astrea cuida da sua gest\u00e3o jur\u00eddica com intelig\u00eancia.<\/div>        <\/div>\n       \n        <a class=\"button\" href=\"\/astrea\/?utm_source=blog&#038;utm_medium=adpost&#038;utm_campaign=campanha-marca-2026\" target=\"_self\">Conhe\u00e7a o Astrea<\/a>    <\/div>\n\n    <div class=\"image-container\">\n        <img decoding=\"async\" class=\"image-desktop\" src=\"https:\/\/www.aurum.com.br\/blog\/wp-content\/uploads\/2026\/03\/adpos-posicionamento-2026-desktop.png\" alt=\"\" \/>\n        <img decoding=\"async\" class=\"image-mobile\" src=\"https:\/\/www.aurum.com.br\/blog\/wp-content\/uploads\/2026\/03\/adpost-posicionamento-2026-mobile.png\" alt=\"\" \/>    <\/div>\n<\/article>\n\n\n<h2 class=\"wp-block-heading\">Como a viol\u00eancia pol\u00edtica de g\u00eanero afeta a participa\u00e7\u00e3o das mulheres na pol\u00edtica?<\/h2>\n\n\n\n<p>Os impactos v\u00e3o muito al\u00e9m do individual, s\u00e3o estruturais e comprometem o funcionamento da pr\u00f3pria democracia.&nbsp;<\/p>\n\n\n\n<p>As consequ\u00eancias mais recorrentes incluem:<\/p>\n\n\n\n<ul class=\"wp-block-list\">\n<li><strong>Afastamento das mulheres<\/strong> do ambiente pol\u00edtico;<\/li>\n\n\n\n<li><strong>Desest\u00edmulo \u00e0 candidatura feminina<\/strong>;<\/li>\n\n\n\n<li><strong>Limita\u00e7\u00e3o do debate p\u00fablico<\/strong> sobre pautas relacionadas a g\u00eanero;<\/li>\n\n\n\n<li><strong>Manuten\u00e7\u00e3o da sub-representa\u00e7\u00e3o feminina<\/strong> em cargos eletivos;<\/li>\n\n\n\n<li><strong>N\u00e3o atendimento \u00e0 Agenda 2030.<\/strong><\/li>\n<\/ul>\n\n\n\n<p>Ou seja, quando uma mulher \u00e9 silenciada, todas perdem. O espa\u00e7o democr\u00e1tico encolhe e a sociedade inteira deixa de avan\u00e7ar rumo a uma representa\u00e7\u00e3o mais justa e plural!<\/p>\n\n\n\n<h2 class=\"wp-block-heading\">Quais s\u00e3o as leis brasileiras que abordam a viol\u00eancia pol\u00edtica de g\u00eanero?<\/h2>\n\n\n\n<p>A <strong>Lei n\u00ba 14.192\/2021<\/strong> foi um marco importante no combate \u00e0 viol\u00eancia pol\u00edtica de g\u00eanero. Entre os principais pontos:<\/p>\n\n\n\n<ul class=\"wp-block-list\">\n<li>Incluiu no C\u00f3digo Eleitoral o crime de viol\u00eancia pol\u00edtica de g\u00eanero (art. 326-B), com pena de reclus\u00e3o de 1 a 4 anos e multa;<\/li>\n\n\n\n<li>Alterou a Lei das Elei\u00e7\u00f5es (Lei n\u00ba 9.504\/97), garantindo a presen\u00e7a equilibrada de homens e mulheres nos debates eleitorais (Art. 46, II);<\/li>\n\n\n\n<li>Alterou a Lei dos Partidos Pol\u00edticos (Lei n\u00ba 9.096\/95), exigindo que os estatutos contemplem medidas de preven\u00e7\u00e3o e combate \u00e0 viol\u00eancia pol\u00edtica contra mulheres (Art. 15, X).<\/li>\n<\/ul>\n\n\n\n<p>Al\u00e9m disso, a legisla\u00e7\u00e3o prev\u00ea aumento de pena em casos envolvendo gestantes, idosas e mulheres com defici\u00eancia.<\/p>\n\n\n\n<h2 class=\"wp-block-heading\">Quais s\u00e3o as estat\u00edsticas sobre viol\u00eancia pol\u00edtica de g\u00eanero no Brasil?<\/h2>\n\n\n\n<p>Segundo o TSE, em 2018, mais de 50% dos processos de candidaturas fict\u00edcias envolveram mulheres usadas para fraudar cotas de g\u00eanero. Em 2022, o Observat\u00f3rio de Viol\u00eancia Pol\u00edtica e Eleitoral da UFPR registrou <strong>aumento de casos de ataques virtuais contra candidatas.<\/strong><\/p>\n\n\n\n<p>Al\u00e9m disso, apenas <strong>18% das cadeiras na C\u00e2mara dos Deputados<\/strong> <strong>s\u00e3o ocupadas por mulheres (TSE, 2023).<\/strong><\/p>\n\n\n\n<p>O projeto De Olho nas Urnas do Observat\u00f3rio Nacional da Mulher na Pol\u00edtica, 2024, registrou, entre outros dados, que enquanto a viol\u00eancia psicol\u00f3gica\/simb\u00f3lica atingiu 84% das candidatas de espectro tendendo \u00e0 esquerda, ela vitimou 62% das mulheres com tend\u00eancia \u00e0 direita. J\u00e1 a viol\u00eancia econ\u00f4mica atingiu 23% das candidatas de direita e 4% das candidatas de esquerda.&nbsp;<\/p>\n\n\n\n<p>Esses resultados podem indicar um<strong> padr\u00e3o de viol\u00eancia direcionado \u00e0s candidatas, <\/strong>conforme sua posi\u00e7\u00e3o dentro do espectro pol\u00edtico.<\/p>\n\n\n\n<p>Dados do mesmo relat\u00f3rio, dos tipos de viol\u00eancia noticiados, registram que a viol\u00eancia psicol\u00f3gica e\/ou simb\u00f3lica \u00e9 mais recorrente, representando 67% dos casos. Em seguida, aparecem a viol\u00eancia econ\u00f4mica, com 19% das ocorr\u00eancias noticiadas, e a viol\u00eancia f\u00edsica, representando 11% das ocorr\u00eancias (que incluem feminic\u00eddio e tentativa de feminic\u00eddio).<\/p>\n\n\n\n<p>Tal a import\u00e2ncia dos dados, que ao final do relat\u00f3rio do O projeto De Olho nas Urnas 2024 h\u00e1 14 recomenda\u00e7\u00f5es t\u00e9cnicas, visando contribuir com a compreens\u00e3o deste fen\u00f4meno e com o desenvolvimento de formas de enfrentamento.<\/p>\n\n\n\n<h2 class=\"wp-block-heading\">Como denunciar a viol\u00eancia pol\u00edtica de g\u00eanero?<\/h2>\n\n\n\n<p>Mulheres v\u00edtimas dessa viol\u00eancia podem buscar apoio e registrar den\u00fancia em diferentes canais, como:<\/p>\n\n\n\n<ul class=\"wp-block-list\">\n<li><strong>Pol\u00edcia Federal<\/strong> ou <strong>Pol\u00edcia Civil<\/strong> (dependendo do caso);<\/li>\n\n\n\n<li><strong>Minist\u00e9rio P\u00fablico Eleitoral<\/strong>;<\/li>\n\n\n\n<li><strong>Ouvidoria da Mulher da C\u00e2mara dos Deputados<\/strong>;<\/li>\n\n\n\n<li><a href=\"http:\/\/google.com\/url?q=https:\/\/www12.senado.leg.br\/institucional\/ouvidoria&amp;sa=D&amp;source=docs&amp;ust=1760046391027918&amp;usg=AOvVaw1g-WdTea9uxW2dmzF-7-uS\" target=\"_blank\" rel=\"noopener\"><strong>Ouvidoria do Senado Federal<\/strong><\/a>;<\/li>\n\n\n\n<li><strong>Disque 180<\/strong> (Central de Atendimento \u00e0 Mulher).<\/li>\n<\/ul>\n\n\n\n<p>\u00c9 importante registrar provas (prints, \u00e1udios, mensagens, v\u00eddeos) para fortalecer a den\u00fancia!<\/p>\n\n\n\n<h2 class=\"wp-block-heading\">Quais s\u00e3o as organiza\u00e7\u00f5es que oferecem apoio \u00e0s v\u00edtimas de viol\u00eancia pol\u00edtica de g\u00eanero?<\/h2>\n\n\n\n<p>Al\u00e9m dos canais institucionais, algumas organiza\u00e7\u00f5es atuam no enfrentamento da viol\u00eancia pol\u00edtica de g\u00eanero:<\/p>\n\n\n\n<ul class=\"wp-block-list\">\n<li><strong>ONU Mulheres Brasil<\/strong>: projetos de igualdade de g\u00eanero e campanhas de combate \u00e0 viol\u00eancia;<\/li>\n\n\n\n<li><strong>Instituto Alziras<\/strong>: apoio a lideran\u00e7as femininas;<\/li>\n\n\n\n<li><strong>Observat\u00f3rio de Candidaturas Femininas da UFPR<\/strong>: monitoramento da participa\u00e7\u00e3o pol\u00edtica de mulheres;<\/li>\n\n\n\n<li><strong>Instituto Patr\u00edcia Galv\u00e3o<\/strong>: comunica\u00e7\u00e3o e dados sobre g\u00eanero;<\/li>\n\n\n\n<li><strong>Bancada Ativista<\/strong>: iniciativas de forma\u00e7\u00e3o pol\u00edtica para mulheres;<\/li>\n\n\n\n<li><strong>De Olho nas Urnas:<\/strong> Projeto de pesquisa financiado pelo Observat\u00f3rio Nacional da Mulher na Pol\u00edtica.<\/li>\n<\/ul>\n\n\n\n<h2 class=\"wp-block-heading\">Como prevenir a viol\u00eancia pol\u00edtica de g\u00eanero?<\/h2>\n\n\n\n<p>Prevenir a viol\u00eancia pol\u00edtica de g\u00eanero envolve a\u00e7\u00f5es em diversas frentes. \u00c9 fundamental <strong>investir na educa\u00e7\u00e3o pol\u00edtica sobre igualdade de g\u00eanero<\/strong> desde cedo, promovendo uma consci\u00eancia cr\u00edtica nas futuras gera\u00e7\u00f5es.&nbsp;<\/p>\n\n\n\n<p>Al\u00e9m disso, \u00e9 essencial a<strong>poiar a forma\u00e7\u00e3o de lideran\u00e7as femininas<\/strong> e garantir a <strong>aplica\u00e7\u00e3o rigorosa da lei<\/strong> contra agressores.&nbsp;<\/p>\n\n\n\n<p>O monitoramento das campanhas eleitorais tamb\u00e9m \u00e9 necess\u00e1rio para coibir candidaturas fict\u00edcias, enquanto o fortalecimento das redes de apoio \u00e0s mulheres na pol\u00edtica contribui para criar um ambiente mais seguro e inclusivo.<\/p>\n\n\n\n<h2 class=\"wp-block-heading\">Quais s\u00e3o as pol\u00edticas p\u00fablicas para combater a viol\u00eancia pol\u00edtica de g\u00eanero no Brasil?<\/h2>\n\n\n\n<p>O Brasil j\u00e1 conta com algumas iniciativas para combater a viol\u00eancia p\u00fablica de g\u00eanero, como:<\/p>\n\n\n\n<ul class=\"wp-block-list\">\n<li>A <strong>Reserva de Cotas de G\u00eanero<\/strong> (30% das candidaturas devem ser femininas);<\/li>\n\n\n\n<li>O <strong>destino de recursos do Fundo Eleitoral para campanhas femininas<\/strong>;<\/li>\n\n\n\n<li>A atua\u00e7\u00e3o do <strong>TSE em campanhas de conscientiza\u00e7\u00e3o<\/strong>;<\/li>\n\n\n\n<li>Programas de forma\u00e7\u00e3o pol\u00edtica oferecidos por ONGs e funda\u00e7\u00f5es.<\/li>\n<\/ul>\n\n\n\n<p>No entanto, especialistas apontam que \u00e9 preciso avan\u00e7ar no monitoramento e na responsabiliza\u00e7\u00e3o de partidos que descumprem a legisla\u00e7\u00e3o.<\/p>\n\n\n\n<h2 class=\"wp-block-heading\">Conclus\u00e3o:<\/h2>\n\n\n\n<p>A viol\u00eancia pol\u00edtica de g\u00eanero \u00e9 um desafio real para a democracia brasileira e uma grave viola\u00e7\u00e3o de direitos humanos.&nbsp;<\/p>\n\n\n\n<p>Ela n\u00e3o apenas prejudica mulheres que desejam ocupar espa\u00e7os de poder, mas tamb\u00e9m enfraquece a representatividade de toda a sociedade, comprometendo o princ\u00edpio da igualdade previsto na Constitui\u00e7\u00e3o Federal e em tratados internacionais.<\/p>\n\n\n\n<p>Fortalecer a participa\u00e7\u00e3o feminina, garantir condi\u00e7\u00f5es equitativas nas campanhas e responsabilizar agressores s\u00e3o passos fundamentais para assegurar uma democracia mais justa, plural e inclusiva!<\/p>\n\n\n\n<p>Se voc\u00ea sofre ou conhece algu\u00e9m que enfrenta viol\u00eancia pol\u00edtica de g\u00eanero, denuncie. Apoiar mulheres na pol\u00edtica \u00e9 n\u00e3o apenas defender a democracia, mas tamb\u00e9m reafirmar a dignidade humana e o direito fundamental de igualdade.<\/p>\n\n\n\n<h3 class=\"wp-block-heading\">Mais conhecimento para voc\u00ea<\/h3>\n\n\n\n<p>Se voc\u00ea gostou deste texto e deseja seguir a leitura em temas sobre direito e advocacia, vale a pena conferir os seguintes materiais:&nbsp;&nbsp;<\/p>\n\n\n\n<ul class=\"wp-block-list\">\n<li><a href=\"https:\/\/www.aurum.com.br\/blog\/animus-domini\/\">O que \u00e9 Animus Domini, como provar e seu significado na Usucapi\u00e3o<\/a><\/li>\n\n\n\n<li><a href=\"https:\/\/www.aurum.com.br\/blog\/aposentadoria-da-pessoa-com-deficiencia\/\">Tire as principais d\u00favidas sobre a aposentadoria da pessoa com defici\u00eancia<\/a><\/li>\n\n\n\n<li><a href=\"https:\/\/www.aurum.com.br\/blog\/acompanhamento-processual\/\">6 vantagens do acompanhamento processual automatizado<\/a><\/li>\n\n\n\n<li><a href=\"https:\/\/www.aurum.com.br\/blog\/beneficiarios-do-inss\/\">Confira as principais informa\u00e7\u00f5es sobre os benefici\u00e1rios do INSS<\/a><\/li>\n\n\n\n<li><a href=\"https:\/\/www.aurum.com.br\/blog\/servidao-de-passagem\/\">Saiba o que \u00e9 e como funciona a servid\u00e3o de passagem<\/a><\/li>\n\n\n\n<li><a href=\"https:\/\/www.aurum.com.br\/blog\/codigo-eleitoral\/\">Guia comentado: principais artigos do C\u00f3digo Eleitoral<\/a><\/li>\n\n\n\n<li><a href=\"https:\/\/www.aurum.com.br\/blog\/pacote-anticrime\/\">Pacote anticrime<\/a>: Descubra o que mudou com a Lei 13.964<\/li>\n\n\n\n<li><a href=\"https:\/\/www.aurum.com.br\/blog\/mandato-coletivo\/\">Entenda o que \u00e9 e como funciona o mandato coletivo<\/a><\/li>\n\n\n\n<li>Os mais importantes <a href=\"https:\/\/www.aurum.com.br\/blog\/principios-do-direito-do-trabalho\/\">princ\u00edpios do direito do trabalho<\/a><\/li>\n<\/ul>\n\n\n\n<p>Este conte\u00fado foi \u00fatil pra voc\u00ea? Conta aqui nos coment\u00e1rios \ud83d\ude09<\/p>\n\n\n<style>\r\n  .news-post {\r\n    background: url('https:\/\/www.aurum.com.br\/blog\/wp-content\/themes\/aurum\/img\/bg-news-artigo.svg') no-repeat top center #3C48AA;\r\n    padding: 1.5rem;\r\n    border-radius: 6px;\r\n    margin: 1rem 0;\r\n  }\r\n  .news-post .icone {\r\n    display: none;\r\n  }\r\n  .news-post .title {\r\n    font-weight: 700;\r\n    font-size: 16px;\r\n    line-height: 130%;\r\n    text-align: center;\r\n    letter-spacing: -0.5px;\r\n    color: #fff;\r\n    margin-bottom: .9375rem;\r\n  }\r\n  .news-post p {\r\n    font-size: .875rem;\r\n    line-height: 140%;\r\n    text-align: center;\r\n    color: #fff;\r\n    margin-bottom: 1.25rem;\r\n  }\r\n  .news-post .news_button_span {\r\n    font-size: .8125rem;\r\n    display: block;\r\n    padding: .125rem .3125rem;\r\n    color: #fff;\r\n    text-align:left;\r\n  }\r\n  .news-post .news_button_span a {\r\n    color: #fff !important;\r\n    text-decoration: underline;\r\n  }\r\n  .news-post form {\r\n    width: 100%;\r\n  }\r\n  .news-post label {\r\n    font-weight: 600;\r\n    font-size: .9375rem;\r\n    line-height: 1.5rem;\r\n    margin-bottom: .5rem;\r\n    color: #fff;\r\n    display: block;\r\n  }\r\n  .news-post input {\r\n    background: #fff;\r\n    border: 1px solid #CBCBD9;\r\n    box-sizing: border-box;\r\n    border-radius: 4px;\r\n    padding: .75rem 1rem;\r\n    width: 100%;\r\n  }\r\n  .news-post button {\r\n    margin-top: .875rem;\r\n    width: 100%;\r\n    min-width: auto;\r\n    background: #FCC632;\r\n    color: #3C48AA;\r\n  }\r\n  .news-post .input {\r\n    position: relative;\r\n    padding-bottom: 10px;\r\n  }\r\n  .news-post .error-message-ad {\r\n    font-size: .875rem;\r\n    line-height: 130%;\r\n    color: #D50021;\r\n    margin-left: 4px;\r\n  }\r\n  .news-post .error {\r\n    border: 1px solid #D50021;\r\n  }\r\n  .news-post #message-form-ad {\r\n    border-radius: 4px;\r\n    padding: 0.7rem;\r\n    font-size:0.8rem;\r\n    text-align: center;\r\n    align-items: center;\r\n    justify-content: center;\r\n    display: none;\r\n  }\r\n  .news-post #message-form-ad svg {\r\n    margin-right: 8px;\r\n  }\r\n\r\n  @media(min-width: 561px) {\r\n    .news-post {\r\n      position: relative;\r\n      background: url('https:\/\/www.aurum.com.br\/blog\/wp-content\/themes\/aurum\/img\/bg-news-artigo.svg') no-repeat top center #3C48AA;\r\n      width: calc(100% - 30px);\r\n    }\r\n    .news-post .icone {\r\n      display: block;\r\n      position: absolute;\r\n      right: -30px;\r\n      top: 65px;\r\n      max-width: 142px;\r\n      width: 100%;\r\n      height: auto;\r\n      margin: 0;\r\n    }\r\n    .news-post .title {\r\n      font-size: 1.125rem;\r\n      text-align: left;\r\n      \/* padding-right: 3.75rem; *\/\r\n    }\r\n    .news-post p {\r\n      font-size: 1rem;\r\n      text-align: left;\r\n      max-width: 400px;\r\n    }\r\n    .news-post .boxes {\r\n      display: flex;\r\n      align-items: flex-start;\r\n    }\r\n    .news-post button {\r\n      margin: 0 0 0 1rem;\r\n      width: 100%;\r\n      max-width: 170px;\r\n      min-width: auto;\r\n      transition: all ease .3s\r\n    }\r\n    .news-post button:hover {\r\n      opacity: 0.9;\r\n      transition: all ease .3s\r\n    }\r\n    .news-post #message-form-ad {\r\n      padding: 1.125rem;\r\n      font-size:1rem;\r\n    }\r\n    .news-post #message-form-ad svg {\r\n      margin-right: 10px;\r\n    }\r\n  }\r\n<\/style>\r\n\r\n<div class=\"news-post\">\r\n  <div class=\"title news-ad-title\">Gostou do artigo e quer evoluir a sua advocacia?<\/div>\r\n  <p class=\"news-ad-subtitle\">Assine gr\u00e1tis a Aurum News e receba uma dose semanal de conte\u00fado no seu e-mail! \u270c\ufe0f<\/p>\r\n  <img decoding=\"async\" src=\"https:\/\/www.aurum.com.br\/blog\/wp-content\/themes\/aurum\/img\/icon-news-artigo.svg\" alt=\"\" class=\"icone\">\r\n\r\n  <form method=\"post\" name=\"newsletter-ad\" id=\"aurum-newsletter-ad\">\r\n    <div class=boxes>\r\n      <div class=\"input\">\r\n        <label class=\"label-email\" htmlFor=\"email-ad\">Qual seu e-mail?<\/label>\r\n        <input type=\"email\" id=\"email-ad\" name=\"newsletter-mail-ad\" placeholder=\"Digite seu e-mail?\">\r\n        <div class=\"error-message-ad-email\">Endere\u00e7o de e-mail inv\u00e1lido ou incorreto<\/div>\r\n\r\n        <label class=\"label-select\" htmlFor=\"lawsuits-select-ad\">\r\n          Quantos processos voc\u00ea ou<br class=\"for-desktop\"\/> seu escrit\u00f3rio acompanham?\r\n        <\/label>\r\n        <div id=\"lawsuits-select-ad\" class=\"lawsuits-select select-wrapper\" tabindex=\"0\">\r\n          <div class=\"s-dropdown--styled\">\r\n          <span class=\"lawsuits-default\">\r\n            <span id=\"lawsuits-newsletter-ad\" class=\"lawsuits-default-text\" data-value=\"\">Selecione os processos<\/span>\r\n            <svg class=\"chevron\" xmlns=\"http:\/\/www.w3.org\/2000\/svg\" width=\"24\" height=\"25\" viewBox=\"0 0 24 25\" fill=\"none\">\r\n              <path d=\"M6 15.6152L12 9.61523L18 15.6152\" stroke=\"black\" stroke-width=\"2\" stroke-linecap=\"round\" stroke-linejoin=\"round\" \/>\r\n            <\/svg>\r\n          <\/span>\r\n\r\n          <ul class=\"s-dropdown u-hide\">\r\n            <li class=\"lawsuits\" data-value=\"Mais de 1000 processos\">Mais de 1000 processos<\/li>\r\n            <li class=\"lawsuits\" data-value=\"De 501 a 1000 processos\">De 501 a 1000 processos<\/li>\r\n            <li class=\"lawsuits\" data-value=\"De 151 a 500 processos\">De 151 a 500 processos<\/li>\r\n            <li class=\"lawsuits\" data-value=\"De 41 a 150 processos\">De 41 a 150 processos<\/li>\r\n            <li class=\"lawsuits\" data-value=\"At\u00e9 40 processos\">At\u00e9 40 processos<\/li>\r\n            <li class=\"lawsuits\" data-value=\"Atuo apenas no consultivo\">Atuo apenas no consultivo<\/li>\r\n            <li class=\"lawsuits\" data-value=\"Ainda sou estudante de direito\">Ainda sou estudante de direito<\/li>\r\n            <li class=\"lawsuits\" data-value=\"N\u00e3o sou da \u00e1rea jur\u00eddica\">N\u00e3o sou da \u00e1rea jur\u00eddica<\/li>\r\n          <\/ul>\r\n          <\/div>\r\n        <\/div>\r\n        <div class=\"error-message-ad-lawsuits\">Selecione algum processo<\/div>\r\n      <\/div>\r\n      <button class=\"btn btn-yellow ad-btn-desktop\" id=\"aurum-submit-ad\">Assinar gr\u00e1tis<\/button>\r\n      <button class=\"btn btn-yellow ad-btn-mobile\" id=\"aurum-submit-ad\">Assinar<\/button>\r\n    <\/div>\r\n    <span class=\"news_button_span\">Ao se cadastrar voc\u00ea declara que leu e aceitou a pol\u00edtica de privacidade e cookies do <a href=\"https:\/\/s3.sa-east-1.amazonaws.com\/publico.aurum.com.br\/contratos\/politica-de-privacidade.pdf\" target=\"_blank\" rel=\"noopener noreferrer\">site<\/a>.<\/span>\r\n  <\/form>\r\n  <div id=\"message-form-ad\"><\/div>\r\n<\/div>","protected":false},"excerpt":{"rendered":"<p>Viol\u00eancia pol\u00edtica de g\u00eanero \u00e9 toda a\u00e7\u00e3o ou omiss\u00e3o que visa impedir, dificultar, desvalorizar ou anular os direitos pol\u00edticos das mulheres pelo simples fato de serem mulheres. Voc\u00ea j\u00e1 parou para pensar por que as mulheres ainda s\u00e3o minoria nos espa\u00e7os de poder?&nbsp; Conforme dados do Minist\u00e9rio da Mulher, na C\u00e2mara Federal, elas s\u00e3o apenas [&hellip;]<\/p>\n","protected":false},"author":67,"featured_media":17531,"comment_status":"open","ping_status":"open","sticky":false,"template":"","format":"standard","meta":{"_bbp_topic_count":0,"_bbp_reply_count":0,"_bbp_total_topic_count":0,"_bbp_total_reply_count":0,"_bbp_voice_count":0,"_bbp_anonymous_reply_count":0,"_bbp_topic_count_hidden":0,"_bbp_reply_count_hidden":0,"_bbp_forum_subforum_count":0,"inline_featured_image":false,"footnotes":""},"categories":[26],"tags":[],"class_list":["post-17528","post","type-post","status-publish","format-standard","has-post-thumbnail","hentry","category-direito-eleitoral"],"acf":[],"_links":{"self":[{"href":"https:\/\/www.aurum.com.br\/blog\/wp-json\/wp\/v2\/posts\/17528","targetHints":{"allow":["GET"]}}],"collection":[{"href":"https:\/\/www.aurum.com.br\/blog\/wp-json\/wp\/v2\/posts"}],"about":[{"href":"https:\/\/www.aurum.com.br\/blog\/wp-json\/wp\/v2\/types\/post"}],"author":[{"embeddable":true,"href":"https:\/\/www.aurum.com.br\/blog\/wp-json\/wp\/v2\/users\/67"}],"replies":[{"embeddable":true,"href":"https:\/\/www.aurum.com.br\/blog\/wp-json\/wp\/v2\/comments?post=17528"}],"version-history":[{"count":10,"href":"https:\/\/www.aurum.com.br\/blog\/wp-json\/wp\/v2\/posts\/17528\/revisions"}],"predecessor-version":[{"id":34072,"href":"https:\/\/www.aurum.com.br\/blog\/wp-json\/wp\/v2\/posts\/17528\/revisions\/34072"}],"wp:featuredmedia":[{"embeddable":true,"href":"https:\/\/www.aurum.com.br\/blog\/wp-json\/wp\/v2\/media\/17531"}],"wp:attachment":[{"href":"https:\/\/www.aurum.com.br\/blog\/wp-json\/wp\/v2\/media?parent=17528"}],"wp:term":[{"taxonomy":"category","embeddable":true,"href":"https:\/\/www.aurum.com.br\/blog\/wp-json\/wp\/v2\/categories?post=17528"},{"taxonomy":"post_tag","embeddable":true,"href":"https:\/\/www.aurum.com.br\/blog\/wp-json\/wp\/v2\/tags?post=17528"}],"curies":[{"name":"wp","href":"https:\/\/api.w.org\/{rel}","templated":true}]}}