{"id":17228,"date":"2025-02-06T18:44:26","date_gmt":"2025-02-06T21:44:26","guid":{"rendered":"https:\/\/www.aurum.com.br\/blog\/?p=17228"},"modified":"2025-02-06T18:45:30","modified_gmt":"2025-02-06T21:45:30","slug":"patrimonio-de-afetacao","status":"publish","type":"post","link":"https:\/\/www.aurum.com.br\/blog\/patrimonio-de-afetacao\/","title":{"rendered":"Entenda o que \u00e9, para que serve e como fazer o patrim\u00f4nio de afeta\u00e7\u00e3o"},"content":{"rendered":"<div id=\"bsf_rt_marker\"><\/div>\n<pre class=\"wp-block-preformatted\">O <strong>patrim\u00f4nio de afeta\u00e7\u00e3o<\/strong> \u00e9 o conjunto de bens e direitos que s\u00e3o afetados e separados do(a) patrim\u00f4nio do incorporador(a) imobili\u00e1rio e vinculados para garantir um empreendimento em espec\u00edfico, a fim de proteg\u00ea-lo de eventuais riscos que possam afetar a finaliza\u00e7\u00e3o da constru\u00e7\u00e3o.<\/pre>\n\n\n\n<p>Quando falamos de incorpora\u00e7\u00e3o imobili\u00e1ria e im\u00f3veis adquiridos na planta, nos deparamos com muitas preocupa\u00e7\u00f5es de pessoas quanto ao recebimento do im\u00f3vel no prazo contratual e de ocorrer uma fal\u00eancia da empresa de constru\u00e7\u00e3o antes do fim das obras, por exemplo.<\/p>\n\n\n\n<p>Mas ao longo do tempo e de situa\u00e7\u00f5es que j\u00e1 ocorreram e foram enfrentadas no mundo jur\u00eddico, a legisla\u00e7\u00e3o vem se aprimorando a fim de possibilitar medidas legais de prote\u00e7\u00e3o e benef\u00edcios para gerar uma maior seguran\u00e7a a todas as partes envolvidas em um neg\u00f3cio imobili\u00e1rio, seja este qual for.<\/p>\n\n\n\n<p>Em 2004 surgiu a Lei n\u00ba 10.931, que trouxe um mecanismo chamado de \u201cpatrim\u00f4nio de afeta\u00e7\u00e3o\u201d e que nada mais \u00e9 do que uma medida garantidora pelo fato de possibilitar uma certa \u201cblindagem\u201d patrimonial para garantir a conclus\u00e3o de um empreendimento em espec\u00edfico, por meio da separa\u00e7\u00e3o de bens e patrim\u00f4nio que ficam vinculados \u00e0 determinada constru\u00e7\u00e3o.<\/p>\n\n\n\n<p>Essa ferramenta que pode ser utilizada pelos incorporadores possui v\u00e1rios benef\u00edcios para a incorpora\u00e7\u00e3o, mas tamb\u00e9m limita\u00e7\u00f5es. Al\u00e9m disso, a lei n\u00e3o a trouxe como uma obrigatoriedade, mas como uma faculdade ao incorporador e \u00e9 sobre essa medida que este artigo tratar\u00e1.<\/p>\n\n\n\n<p>O patrim\u00f4nio de afeta\u00e7\u00e3o \u00e9 um assunto de extrema relev\u00e2ncia aos incorporadores, construtoras, advogados e at\u00e9 mesmo pessoas interessadas no ramo imobili\u00e1rio.&nbsp;<\/p>\n\n\n\n<p>Se voc\u00ea quer saber as informa\u00e7\u00f5es mais importantes sobre o tema, continue a leitura!&nbsp;<\/p>\n\n\n\n<h2 class=\"wp-block-heading\">O que \u00e9 patrim\u00f4nio de afeta\u00e7\u00e3o?<\/h2>\n\n\n\n<p>O patrim\u00f4nio de afeta\u00e7\u00e3o pode ser definido como a <strong>possibilidade, ou seja, uma faculdade, de o incorporador separar bens, direitos e obriga\u00e7\u00f5es que ficar\u00e3o vinculados diretamente a um empreendimento espec\u00edfico<\/strong>, a fim de que se tornem como uma garantia para que a constru\u00e7\u00e3o se realize e chegue \u00e0 sua conclus\u00e3o e entrega aos adquirentes.<\/p>\n\n\n\n<p>Isso quer dizer que, a princ\u00edpio, o patrim\u00f4nio de afeta\u00e7\u00e3o possuir\u00e1 uma destina\u00e7\u00e3o espec\u00edfica e n\u00e3o se misturar\u00e1 com o restante do patrim\u00f4nio do incorporador. Torna-se como uma blindagem patrimonial (n\u00e3o absoluta, como ser\u00e1 visto mais a frente).<\/p>\n\n\n\n<p>Como mencionado de forma introdut\u00f3ria, este mecanismo foi criado pela Lei n\u00ba 10.931\/2004 e est\u00e1 definido no artigo 31-A. a saber:<\/p>\n\n\n\n<figure class=\"wp-block-pullquote classe bq-small\"><blockquote><p>Art. 31-A. A crit\u00e9rio do incorporador, a incorpora\u00e7\u00e3o poder\u00e1 ser submetida ao regime da afeta\u00e7\u00e3o, pelo qual o terreno e as acess\u00f5es objeto de incorpora\u00e7\u00e3o imobili\u00e1ria, bem como os demais bens e direitos a ela vinculados, manter-se-\u00e3o apartados do patrim\u00f4nio do incorporador e constituir\u00e3o patrim\u00f4nio de afeta\u00e7\u00e3o, destinado \u00e0 consecu\u00e7\u00e3o da incorpora\u00e7\u00e3o correspondente e \u00e0 entrega das unidades imobili\u00e1rias aos respectivos adquirentes. (&#8230;)<\/p><\/blockquote><\/figure>\n\n\n\n<p>Com a op\u00e7\u00e3o do incorporador pelo patrim\u00f4nio de afeta\u00e7\u00e3o, nasce uma nova pessoa jur\u00eddica distinta do incorporador, gerando uma incomunicabilidade de bens, direitos e obriga\u00e7\u00f5es, haja vista que essa nova pessoa jur\u00eddica \u00e9 totalmente aut\u00f4noma e possuir\u00e1 sua pr\u00f3pria gest\u00e3o, contabilidade e patrim\u00f4nio.<\/p>\n\n\n\n<p>Desse modo, os bens, direitos e obriga\u00e7\u00f5es afetados n\u00e3o respondem, a princ\u00edpio, por outros neg\u00f3cios do incorporador, mas apenas diante de eventuais situa\u00e7\u00f5es do pr\u00f3prio neg\u00f3cio aos quais est\u00e3o vinculados.<\/p>\n\n\n\n<h2 class=\"wp-block-heading\">Para que serve o patrim\u00f4nio de afeta\u00e7\u00e3o?<\/h2>\n\n\n\n<p>A pr\u00f3pria conceitua\u00e7\u00e3o do patrim\u00f4nio de afeta\u00e7\u00e3o j\u00e1 define seu objetivo, qual seja, de <strong>proteger o n\u00facleo patrimonial voltado \u00e0 consecu\u00e7\u00e3o de determinado empreendimento.&nbsp;<\/strong><\/p>\n\n\n\n<p>O doutrinador Eduardo Takemi Kataoka, em seu livro sobre o tema, menciona que o patrim\u00f4nio de afeta\u00e7\u00e3o consiste basicamente em:<\/p>\n\n\n\n<blockquote class=\"wp-block-quote is-layout-flow wp-block-quote-is-layout-flow\">\n<p><em>(&#8230;) segregar os riscos diretamente associados a um empreendimento. Trata-se de exce\u00e7\u00e3o ao princ\u00edpio de que o patrim\u00f4nio do devedor \u00e9 a garantia geral dos credores. \u00c9 g\u00eanero do qual s\u00e3o esp\u00e9cies o patrim\u00f4nio aut\u00f4nomo e o patrim\u00f4nio separado.\u201d<\/em><\/p>\n<\/blockquote>\n\n\n\n<p>Ainda, Marcelo de Andrade Tapai, em seu estudo cita que \u201ca cria\u00e7\u00e3o de tal disposto surgiu da necessidade de dar garantias a quem compra im\u00f3vel na planta, especialmente em raz\u00e3o da trag\u00e9dia financeira ocasionada pela Construtora Encol em 1999 (&#8230;)\u201d.<\/p>\n\n\n\n<p>Portanto, a finalidade do patrim\u00f4nio de afeta\u00e7\u00e3o \u00e9 a de basicamente separar e proteger bens, direitos e obriga\u00e7\u00f5es de modo a vincul\u00e1-los ao \u201csucesso\u201d da conclus\u00e3o de um empreendimento espec\u00edfico. Coloca-se sucesso entre aspas porque claramente, ainda que exista uma prote\u00e7\u00e3o, esta n\u00e3o \u00e9 absoluta, conforme se ver\u00e1 adiante.<\/p>\n\n\n\n<h3 class=\"wp-block-heading\">Exemplo de patrim\u00f4nio de afeta\u00e7\u00e3o:<\/h3>\n\n\n\n<p>Uma incorporadora muito famosa do Estado de S\u00e3o Paulo celebrou um contrato de permuta de im\u00f3vel com uma fam\u00edlia do interior para construir um conjunto de pr\u00e9dios residenciais em alguns de seus terrenos.&nbsp;<\/p>\n\n\n\n<p>Considerando que a empresa \u00e9 muito forte no ramo de constru\u00e7\u00e3o civil na cidade e possui diversos empreendimentos em tr\u00e2mite, a fam\u00edlia fica com receio de a incorporadora contrair d\u00edvidas ou sofrer processos judiciais que possam afetar o desenvolvimento da incorpora\u00e7\u00e3o em seus terrenos.&nbsp;<\/p>\n\n\n\n<p>Diante disso, a <strong>incorporadora acorda com a fam\u00edlia que instituir\u00e1 patrim\u00f4nio de afeta\u00e7\u00e3o no in\u00edcio do desenvolvimento da incorpora\u00e7\u00e3o<\/strong>, a fim de evitar que sobrevenha qualquer d\u00edvida ou outra complica\u00e7\u00e3o empresarial que possa afetar o neg\u00f3cio.<\/p>\n\n\n\n<p>Assim, os terrenos entregues \u00e0 incorporadora em virtude do contrato de permuta inicialmente realizado ficam afetados ao empreendimento que ser\u00e1 desenvolvido, ou seja, ficam incomunic\u00e1veis e n\u00e3o se vinculam com o restante do patrim\u00f4nio da incorporadora, ao passo que s\u00f3 poder\u00e3o responder por quest\u00f5es advindas do pr\u00f3prio empreendimento fruto do neg\u00f3cio imobili\u00e1rio firmado entre a fam\u00edlia e a incorporadora.<\/p>\n\n\n\n<h2 class=\"wp-block-heading\">Como fazer e como funciona o patrim\u00f4nio de afeta\u00e7\u00e3o?<\/h2>\n\n\n\n<p>Antes de explicar brevemente como instituir o patrim\u00f4nio de afeta\u00e7\u00e3o e como ele funciona, menciona-se ser muito importante a leitura dos artigos 31-A ao 31-E da Lei n\u00ba 4.591\/64 (na qual foram inclu\u00eddos os dispositivos criados pela Lei n\u00ba 10.931\/04).<\/p>\n\n\n\n<p>Como j\u00e1 dito brevemente neste artigo, o <strong>patrim\u00f4nio de afeta\u00e7\u00e3o \u00e9 uma op\u00e7\u00e3o do incorporador<\/strong>, portanto al\u00e9m de n\u00e3o obrigat\u00f3rio, quem decide instituir ou n\u00e3o \u00e9 o pr\u00f3prio incorporador. Ainda, a constitui\u00e7\u00e3o pode se dar em qualquer momento, desde a fase inicial da incorpora\u00e7\u00e3o at\u00e9 antes da conclus\u00e3o das obras relacionadas.<\/p>\n\n\n\n<p>Optando por constituir o patrim\u00f4nio de afeta\u00e7\u00e3o, <strong>caber\u00e1 ao incorporador mencionar a op\u00e7\u00e3o em um documento chamado \u201cmemorial de incorpora\u00e7\u00e3o\u201d<\/strong>, o qual dever\u00e1 ser arquivado no Cart\u00f3rio de Registro de Im\u00f3veis e incluir os bens, direitos e obriga\u00e7\u00f5es a serem afetados.<\/p>\n\n\n\n<p>Dessa forma, com a institui\u00e7\u00e3o do patrim\u00f4nio de afeta\u00e7\u00e3o, os bens vinculados s\u00e3o separados do patrim\u00f4nio do incorporador e este \u00faltimo necessita<strong> prestar contas das suas atividades diante do patrim\u00f4nio protegido.&nbsp;<\/strong><\/p>\n\n\n\n<p>Com o intuito de gerar ainda mais seguran\u00e7a ao patrim\u00f4nio de afeta\u00e7\u00e3o, \u00e9 poss\u00edvel, inclusive, a cria\u00e7\u00e3o de uma Comiss\u00e3o de Representantes composta por adquirentes, por exemplo, que ter\u00e3o como papel a fiscaliza\u00e7\u00e3o e o acompanhamento das obras, demonstrativos financeiros e cumprimento de obriga\u00e7\u00f5es do incorporador (leia o artigo 31-C da Lei n\u00ba 4.591\/64).<\/p>\n\n\n\n<p>Claramente \u00e9 dever do incorporador que instituiu o patrim\u00f4nio de afeta\u00e7\u00e3o agir de forma organizada e com zelo a fim de evitar qualquer possibilidade de confus\u00e3o patrimonial entre seu patrim\u00f4nio e o patrim\u00f4nio afetado.&nbsp;<\/p>\n\n\n\n<p>Todavia, a <strong>cria\u00e7\u00e3o de uma comiss\u00e3o pode ser um mecanismo de maior controle<\/strong> e gerar mais seguran\u00e7a aos adquirentes e participantes de neg\u00f3cios imobili\u00e1rios envolvendo o empreendimento a ser constru\u00eddo.<\/p>\n\n\n\n<style>\n    #adpost-block_ead94ec054c510126d17eaa0b2b69bf2.anuncio-post-reverse {\n        display: flex;\n        gap: 24px;\n        border-radius: 8px;\n        width: 100%;\n        max-width: 752px;\n        padding: 40px;\n        background: #e7f4fe;\n        margin: 16px auto;\n    }\n\n    #adpost-block_ead94ec054c510126d17eaa0b2b69bf2 .anuncio-container {\n        display: flex;\n        flex-direction: column;\n        gap: 24px;\n        width: 100%;\n        max-width: 333px;\n    }\n\n    #adpost-block_ead94ec054c510126d17eaa0b2b69bf2 .anuncio-container .logo {\n        width: 100%;\n        max-width: 177px;\n        margin: 0;\n    }\n\n    #adpost-block_ead94ec054c510126d17eaa0b2b69bf2 .anuncio-text-container {\n        display: flex;\n        flex-direction: column;\n        gap: 24px;\n    }\n\n    #adpost-block_ead94ec054c510126d17eaa0b2b69bf2 .anuncio-text-container .title {\n        font-family: 'Ubuntu';\n        font-size: 1.5rem; \/\/24px\n        font-weight: 700;\n        line-height: 120%;\n        margin: 0;\n        color: #000;\n    }\n\n    #adpost-block_ead94ec054c510126d17eaa0b2b69bf2 .anuncio-text-container .text {\n        font-size: 0.875rem;\n        font-weight: 400;\n        line-height: 170%;\n        color: #000;\n    }\n\n    #adpost-block_ead94ec054c510126d17eaa0b2b69bf2 .anuncio-container .button {\n        display: inline-flex;\n        align-items: center;\n        justify-content: center;\n        width: fit-content;\n        height: 48px;\n        border-radius: 8px;\n        padding: 12px 24px;\n        font-size: 1rem;\n        font-weight: 600;\n        text-decoration: none;\n        background: #008fd5;\n        color: #fff;\n    }\n\n    #adpost-block_ead94ec054c510126d17eaa0b2b69bf2 .image-container {\n        position: relative;\n        width: 100%;\n        height: 100%;\n    }\n\n    #adpost-block_ead94ec054c510126d17eaa0b2b69bf2 .image-container.float {\n        min-height: 236px;\n    }\n\n    #adpost-block_ead94ec054c510126d17eaa0b2b69bf2 .image-container .image-desktop {\n        width: 100%;\n        max-width: 323px;\n        object-fit: contain;\n        margin: 0;\n    }\n\n    #adpost-block_ead94ec054c510126d17eaa0b2b69bf2 .image-container .image-mobile {\n        display: none;\n        width: 100%;\n        max-width: 291px;\n        object-fit: contain;\n        margin: 0;\n    }\n\n    #adpost-block_ead94ec054c510126d17eaa0b2b69bf2 .image-container.float .image-desktop,\n    #adpost-block_ead94ec054c510126d17eaa0b2b69bf2 .image-container.float .image-mobile {\n        position: absolute;\n        right: 0;\n        bottom: 0;\n    }\n\n    #adpost-block_ead94ec054c510126d17eaa0b2b69bf2 .image-container img {\n        border-radius: 8px;\n    }\n\n    \/************\n    * MOBILE \n    *************\/\n    @media (max-width: 1439px) {\n        #adpost-block_ead94ec054c510126d17eaa0b2b69bf2.anuncio-post-reverse {\n            flex-direction: column-reverse;\n            max-width: fit-content;\n            padding: 24px;\n        }\n\n        #adpost-block_ead94ec054c510126d17eaa0b2b69bf2 .anuncio-container {\n            max-width: 280px;\n            align-items: center;\n        }\n\n        #adpost-block_ead94ec054c510126d17eaa0b2b69bf2 .anuncio-container .logo {\n            max-width: 147px;\n        }\n\n        #adpost-block_ead94ec054c510126d17eaa0b2b69bf2 .anuncio-text-container {\n            gap: 8px;\n        }\n\n        #adpost-block_ead94ec054c510126d17eaa0b2b69bf2 .anuncio-text-container .title {\n            font-size: 1.25rem;\n            text-align: center;\n        }\n\n        #adpost-block_ead94ec054c510126d17eaa0b2b69bf2 .anuncio-text-container .text {\n            text-align: center;\n        }\n\n        #adpost-block_ead94ec054c510126d17eaa0b2b69bf2 .anuncio-container .button {\n            width: 100%;\n        }\n\n        #adpost-block_ead94ec054c510126d17eaa0b2b69bf2 .image-container.float {\n            min-height: 182px;\n        }\n\n        #adpost-block_ead94ec054c510126d17eaa0b2b69bf2 .image-container .image-desktop {\n            display: none;\n        }\n\n        #adpost-block_ead94ec054c510126d17eaa0b2b69bf2 .image-container .image-mobile {\n            display: block;\n        }\n    }\n\n    \/*******************\n    * RESET GLOBAL CSS \n    ********************\/\n    #s-post main article .content .image-container img {\n        margin: 0;\n    }\n<\/style>\n\n\n<article id=\"adpost-block_ead94ec054c510126d17eaa0b2b69bf2\" class=\"anuncio-post-reverse\">\n    <div class=\"anuncio-container\">\n        \n        <div class=\"anuncio-text-container\">\n             <h3 class=\"title\" >Seja protagonista da sua advocacia com o Astrea<\/h3>\n            <div class=\"text\" >Tenha tempo para focar no crescimento do seu escrit\u00f3rio, enquanto o Astrea cuida da sua gest\u00e3o jur\u00eddica com intelig\u00eancia.<\/div>        <\/div>\n       \n        <a class=\"button\" href=\"\/astrea\/?utm_source=blog&#038;utm_medium=adpost&#038;utm_campaign=campanha-marca-2026\" target=\"_self\">Conhe\u00e7a o Astrea<\/a>    <\/div>\n\n    <div class=\"image-container\">\n        <img decoding=\"async\" class=\"image-desktop\" src=\"https:\/\/www.aurum.com.br\/blog\/wp-content\/uploads\/2026\/03\/adpos-posicionamento-2026-desktop.png\" alt=\"\" \/>\n        <img decoding=\"async\" class=\"image-mobile\" src=\"https:\/\/www.aurum.com.br\/blog\/wp-content\/uploads\/2026\/03\/adpost-posicionamento-2026-mobile.png\" alt=\"\" \/>    <\/div>\n<\/article>\n\n\n<h2 class=\"wp-block-heading\">Quais tipos de im\u00f3veis podem ser alvos de patrim\u00f4nio de afeta\u00e7\u00e3o?<\/h2>\n\n\n\n<p>A Lei n\u00ba 4.591\/64, em seu artigo 31-A, menciona que poder\u00e3o ser submetidos ao regime da afeta\u00e7\u00e3o o <strong>terreno, as acess\u00f5es objeto de incorpora\u00e7\u00e3o imobili\u00e1ria, al\u00e9m de bens e direitos a ela vinculados.<\/strong> Portanto, todos os bens, direitos e obriga\u00e7\u00f5es ligados \u00e0 incorpora\u00e7\u00e3o.<\/p>\n\n\n\n<p>Todavia, relevante citar que a legisla\u00e7\u00e3o, no artigo mencionado em seu par\u00e1grafo oitavo, traz <strong>duas hip\u00f3teses que se excluem do patrim\u00f4nio de afeta\u00e7\u00e3o<\/strong>, s\u00e3o elas:<\/p>\n\n\n\n<ul class=\"wp-block-list\">\n<li>Os recursos financeiros que excederem a import\u00e2ncia necess\u00e1ria \u00e0 conclus\u00e3o da obra (art. 44), considerando-se os valores a receber at\u00e9 sua conclus\u00e3o e, bem assim, os recursos necess\u00e1rios \u00e0 quita\u00e7\u00e3o de financiamento para a constru\u00e7\u00e3o, se houver; e\u00a0\u00a0\u00a0\u00a0\u00a0\u00a0\u00a0\u00a0\u00a0\u00a0\u00a0\u00a0\u00a0\u00a0\u00a0\u00a0\u00a0\u00a0\u00a0\u00a0<\/li>\n<\/ul>\n\n\n\n<ul class=\"wp-block-list\">\n<li>O valor referente ao pre\u00e7o de aliena\u00e7\u00e3o da fra\u00e7\u00e3o ideal de terreno de cada unidade vendida, no caso de incorpora\u00e7\u00e3o em que a constru\u00e7\u00e3o seja contratada sob o regime por empreitada (art. 55) ou por administra\u00e7\u00e3o (art. 58).<\/li>\n<\/ul>\n\n\n\n<h2 class=\"wp-block-heading\">Quais os benef\u00edcios do patrim\u00f4nio de afeta\u00e7\u00e3o?<\/h2>\n\n\n\n<p>Muito se fala sobre as vantagens de prote\u00e7\u00e3o e garantias que o patrim\u00f4nio de afeta\u00e7\u00e3o pode conceder aos compradores de im\u00f3veis na planta.&nbsp;<\/p>\n\n\n\n<p>Entretanto, \u00e9 importante citar que a institui\u00e7\u00e3o do mecanismo de prote\u00e7\u00e3o pode gerar tamb\u00e9m benef\u00edcios inclusive aos incorporadores.<\/p>\n\n\n\n<p>Veja alguns benef\u00edcios da op\u00e7\u00e3o do patrim\u00f4nio de afeta\u00e7\u00e3o!<\/p>\n\n\n\n<h3 class=\"wp-block-heading\">Separa\u00e7\u00e3o de patrim\u00f4nio:&nbsp;<\/h3>\n\n\n\n<p>Como j\u00e1 dito, <strong>separar bens, direitos e obriga\u00e7\u00f5es do patrim\u00f4nio<\/strong> do incorporador, vinculando-os diretamente a determinado empreendimento e protegendo-os, assim, de d\u00edvidas de outras constru\u00e7\u00f5es, por exemplo.<\/p>\n\n\n\n<h3 class=\"wp-block-heading\">Prote\u00e7\u00e3o diante de fal\u00eancia:<\/h3>\n\n\n\n<p>Proteger determinado patrim\u00f4nio de eventual fal\u00eancia do incorporador.<\/p>\n\n\n\n<h3 class=\"wp-block-heading\">Benef\u00edcios fiscais:&nbsp;<\/h3>\n\n\n\n<p>A possibilidade de o incorporador optar pelo Regime Especial de Tributa\u00e7\u00e3o (RET), que traz verdadeiras bondades fiscais, como por exemplo, a<strong> dispensa de pagamento de IRPJ, PIS\/Pasep, CSLL e Cofins<\/strong>, de modo que o pagamento \u00e9 substitu\u00eddo por uma al\u00edquota fixa de 4% sobre a receita mensal.<\/p>\n\n\n\n<h3 class=\"wp-block-heading\">Reten\u00e7\u00e3o de valores em distratos:&nbsp;<\/h3>\n\n\n\n<p>Reten\u00e7\u00e3o de at\u00e9 50% do valor j\u00e1 pago de um adquirente, no caso de ser realizado distrato e <strong>devolu\u00e7\u00e3o de eventual saldo em at\u00e9 30 (trinta) dias<\/strong> contados da conclus\u00e3o do empreendimento.<\/p>\n\n\n\n<h3 class=\"wp-block-heading\">Garantia em opera\u00e7\u00e3o de cr\u00e9dito:&nbsp;<\/h3>\n\n\n\n<p>Utiliza\u00e7\u00e3o do <strong>pr\u00f3prio patrim\u00f4nio de afeta\u00e7\u00e3o como garantia em opera\u00e7\u00e3o de cr\u00e9dito <\/strong>destinado \u00e0 obra do empreendimento vinculado.<\/p>\n\n\n\n<h2 class=\"wp-block-heading\">Quando se encerra o patrim\u00f4nio de afeta\u00e7\u00e3o?<\/h2>\n\n\n\n<p>O encerramento do patrim\u00f4nio de afeta\u00e7\u00e3o est\u00e1 disposto no artigo 31-E da Lei n\u00ba 4.591\/64:<\/p>\n\n\n\n<figure class=\"wp-block-pullquote classe bq-small\"><blockquote><p>Art. 31-E. O patrim\u00f4nio de afeta\u00e7\u00e3o extinguir-se-\u00e1 pela:<br>I \u2013 averba\u00e7\u00e3o da constru\u00e7\u00e3o, registro dos t\u00edtulos de dom\u00ednio ou de direito de aquisi\u00e7\u00e3o em nome dos respectivos adquirentes e, quando for o caso, extin\u00e7\u00e3o das obriga\u00e7\u00f5es do incorporador perante a institui\u00e7\u00e3o financiadora do empreendimento;<br>II \u2013 revoga\u00e7\u00e3o em raz\u00e3o de den\u00fancia da incorpora\u00e7\u00e3o, depois de restitu\u00eddas aos adquirentes as quantias por eles pagas (art. 36), ou de outras hip\u00f3teses previstas em lei; e<br>III \u2013 liquida\u00e7\u00e3o deliberada pela assembleia geral nos termos do art. 31-F, \u00a7 1\u00ba.<\/p><\/blockquote><\/figure>\n\n\n\n<h3 class=\"wp-block-heading\">Inciso I: Conclus\u00e3o da Incorpora\u00e7\u00e3o ou tr\u00e2mites finais<\/h3>\n\n\n\n<p>Como explica o livro coordenado por Marcus Vin\u00edcius Motter Borges, a princ\u00edpio \u201co patrim\u00f4nio de afeta\u00e7\u00e3o se extingue com o fim da incorpora\u00e7\u00e3o imobili\u00e1ria, por meio da averba\u00e7\u00e3o da constru\u00e7\u00e3o e transmiss\u00e3o da propriedade ou do direito de aquisi\u00e7\u00e3o das unidades (&#8230;) e, quando for o caso, no pagamento do valor contra\u00eddo pelo incorporador junto \u00e0 institui\u00e7\u00e3o financiadora (&#8230;)\u201d.<\/p>\n\n\n\n<p>Portanto, pode-se dizer que o <strong>patrim\u00f4nio de afeta\u00e7\u00e3o se encerra ao final, isto \u00e9, na fase de conclus\u00e3o do empreendimento envolvido, quando ocorre a entrega da constru\u00e7\u00e3o aos adquirentes e permutantes<\/strong>, ainda que existam algumas unidades de propriedade do incorporador ou que ainda n\u00e3o foram objeto de neg\u00f3cios.&nbsp;<\/p>\n\n\n\n<p>Por\u00e9m, a lei disp\u00f5e de duas hip\u00f3teses de extin\u00e7\u00e3o antes da conclus\u00e3o e tr\u00e2mites finais da incorpora\u00e7\u00e3o, dispostas nos incisos II e III.<\/p>\n\n\n\n<h3 class=\"wp-block-heading\">Inciso II: Den\u00fancia da incorpora\u00e7\u00e3o<\/h3>\n\n\n\n<p>Tamb\u00e9m ocorre o<strong> encerramento do patrim\u00f4nio de afeta\u00e7\u00e3o no caso de o(a) incorporador(a) desistir do empreendimento<\/strong> e depois de restituir aos adquirentes e permutantes os valores por eles pagos.<\/p>\n\n\n\n<h3 class=\"wp-block-heading\">Inciso III: Liquida\u00e7\u00e3o da incorpora\u00e7\u00e3o<\/h3>\n\n\n\n<p>Por fim, pode ser <strong>extinto o patrim\u00f4nio de afeta\u00e7\u00e3o no caso de a Assembleia Geral da incorpora\u00e7\u00e3o decidir por liquidar a incorpora\u00e7\u00e3o diante de fal\u00eancia<\/strong> do(a) incorporador(a), situa\u00e7\u00e3o na qual tamb\u00e9m dever\u00e1 ocorrer a restitui\u00e7\u00e3o dos valores pagos por adquirentes e permutantes.<\/p>\n\n\n\n<h2 class=\"wp-block-heading\">Quais os riscos associados ao patrim\u00f4nio de afeta\u00e7\u00e3o?<\/h2>\n\n\n\n<p>O patrim\u00f4nio de afeta\u00e7\u00e3o foi criado, na verdade, para gerar uma seguran\u00e7a e prote\u00e7\u00e3o no neg\u00f3cio a ser realizado, ainda que tenha sido colocado na legisla\u00e7\u00e3o como uma faculdade ao incorporador.<\/p>\n\n\n\n<p>Mas observa-se que o patrim\u00f4nio de afeta\u00e7\u00e3o n\u00e3o possui uma seguran\u00e7a absoluta, isso porque, apesar de trazer ferramentas de prote\u00e7\u00e3o, na pr\u00e1tica, os<strong> procedimentos s\u00e3o mais demorados<\/strong> e uma fal\u00eancia da incorporadora, por exemplo, ainda que n\u00e3o atinja o patrim\u00f4nio afetado, gerar\u00e1 atraso na constru\u00e7\u00e3o dentre outras consequ\u00eancias que atingir\u00e3o, querendo ou n\u00e3o, os adquirentes e permutantes.<\/p>\n\n\n\n<p>Sendo assim, o instituto \u00e9 favor\u00e1vel, mas cabe aos interessados nesse tipo de neg\u00f3cio imobili\u00e1rio a pesquisa sobre a empresa envolvida na constru\u00e7\u00e3o de determinado empreendimento e buscar conhecer os tr\u00e2mites do pr\u00f3prio empreendimento de interesse, de modo a se envolver em um neg\u00f3cio que lhes traga mais confian\u00e7a e tranquilidade.<\/p>\n\n\n\n<h2 class=\"wp-block-heading\">Qual o papel do advogado na estrutura\u00e7\u00e3o do patrim\u00f4nio de afeta\u00e7\u00e3o?<\/h2>\n\n\n\n<p>O advogado que atua na \u00e1rea imobili\u00e1ria pode ser uma pe\u00e7a chave e importante para <strong>analisar riscos, possibilidades e estrat\u00e9gias na estrutura\u00e7\u00e3o do patrim\u00f4nio de afeta\u00e7\u00e3o de alguma incorpora\u00e7\u00e3o.&nbsp;<\/strong><\/p>\n\n\n\n<p>Nesta situa\u00e7\u00e3o, a consultoria e assessoria jur\u00eddica s\u00e3o bem interessantes para que a incorporadora tenha, al\u00e9m de outros profissionais de conhecimentos espec\u00edficos, um aux\u00edlio jur\u00eddico t\u00e9cnico e pontual, que compreenda a constru\u00e7\u00e3o a ser desenvolvida, o patrim\u00f4nio a ser vinculado, poss\u00edveis problemas, decis\u00f5es envolvendo situa\u00e7\u00f5es semelhantes, entre outros.<\/p>\n\n\n\n<h2 class=\"wp-block-heading\">Conclus\u00e3o:&nbsp;<\/h2>\n\n\n\n<p>Diante de tudo o que foi apresentado neste artigo, observa-se que o patrim\u00f4nio de afeta\u00e7\u00e3o foi criado para transmitir maior seguran\u00e7a aos compradores de im\u00f3veis na planta, mas tamb\u00e9m trouxe diversas vantagens aos incorporadores.<\/p>\n\n\n\n<p>Todavia, ainda que uma incorpora\u00e7\u00e3o tenha optado pelo patrim\u00f4nio de afeta\u00e7\u00e3o, isso n\u00e3o quer dizer que o neg\u00f3cio \u00e9 cem por cento garantido e seguro. Por isso, \u00e9 de extrema import\u00e2ncia que os interessados em neg\u00f3cios imobili\u00e1rios que envolvam incorpora\u00e7\u00e3o busquem conhecer as peculiaridades dos empreendimentos e incorpora\u00e7\u00f5es que possuem interesse.<\/p>\n\n\n\n<p>Do mesmo modo, aos advogados e profissionais da \u00e1rea jur\u00eddica \u00e9 essencial o entendimento sobre as incorpora\u00e7\u00f5es imobili\u00e1rias e o patrim\u00f4nio de afeta\u00e7\u00e3o a fim de possibilitar uma presta\u00e7\u00e3o de servi\u00e7os t\u00e9cnica, eficaz e estrat\u00e9gica aos incorporadores e compradores de im\u00f3veis.<\/p>\n\n\n\n<h3 class=\"wp-block-heading\">Mais conhecimento para voc\u00ea<\/h3>\n\n\n\n<p>Se voc\u00ea gostou deste texto e deseja seguir a leitura em temas sobre direito e advocacia, vale a <a href=\"https:\/\/www.aurum.com.br\/blog\/glossario-juridico\/pena\/\"  data-wpil-monitor-id=\"408\">pena<\/a> conferir os seguintes materiais:&nbsp;&nbsp;<\/p>\n\n\n\n<ul class=\"wp-block-list\">\n<li><a href=\"https:\/\/www.aurum.com.br\/blog\/lei-do-superendividamento\/\">Lei do superendividamento: o que \u00e9 e como funciona<\/a><\/li>\n\n\n\n<li><a href=\"https:\/\/www.aurum.com.br\/blog\/resolucoes-de-ano-novo\/\">5 resolu\u00e7\u00f5es de ano novo que v\u00e3o revolucionar sua advocacia<\/a><\/li>\n\n\n\n<li><a href=\"https:\/\/www.aurum.com.br\/blog\/convencao-de-genebra\/\">Entenda o que diz a conven\u00e7\u00e3o de genebra<\/a><\/li>\n\n\n\n<li><a href=\"https:\/\/www.aurum.com.br\/blog\/abrir-um-escritorio-de-advocacia\">Abrir escrit\u00f3rio de advocacia \u00e9 mais tranquilo com o Astrea<\/a><\/li>\n\n\n\n<li><a href=\"https:\/\/www.aurum.com.br\/blog\/prisao-em-flagrante\/\">Saiba o que \u00e9 pris\u00e3o em flagrante, quais os requisitos e o papel do advogado<\/a><\/li>\n\n\n\n<li><a href=\"https:\/\/www.aurum.com.br\/blog\/adjudicacao-compulsoria\/\">A\u00e7\u00e3o de adjudica\u00e7\u00e3o compuls\u00f3ria: o que \u00e9 e como funciona<\/a><\/li>\n\n\n\n<li><a href=\"https:\/\/www.aurum.com.br\/blog\/imissao-na-posse\/\">Saiba o que \u00e9, como funciona os requisitos da imiss\u00e3o na posse<\/a><\/li>\n\n\n\n<li><a href=\"https:\/\/www.aurum.com.br\/blog\/acao-de-despejo\/\">Entenda o que \u00e9 e quais s\u00e3o os requisitos da a\u00e7\u00e3o de despejo<\/a><\/li>\n\n\n\n<li><a href=\"https:\/\/www.aurum.com.br\/blog\/como-contar-prazo-processual\/\">Como contar prazo processual<\/a><\/li>\n\n\n\n<li><a href=\"https:\/\/www.aurum.com.br\/blog\/saude-mental-na-advocacia\/\">Sa\u00fade mental na advocacia: \u00e0 procura do equil\u00edbrio<\/a><\/li>\n\n\n\n<li><a href=\"https:\/\/www.aurum.com.br\/blog\/leilao-de-imoveis\/\">Leil\u00e3o de im\u00f3veis: Entenda como funciona!<\/a><\/li>\n\n\n\n<li><a href=\"https:\/\/www.aurum.com.br\/blog\/areas-de-preservacao-permanente\/\">O que s\u00e3o as \u00c1reas de Preserva\u00e7\u00e3o Permanente: lei, tipos e multas!<\/a><\/li>\n<\/ul>\n\n\n<style>\r\n  .news-post {\r\n    background: url('https:\/\/www.aurum.com.br\/blog\/wp-content\/themes\/aurum\/img\/bg-news-artigo.svg') no-repeat top center #3C48AA;\r\n    padding: 1.5rem;\r\n    border-radius: 6px;\r\n    margin: 1rem 0;\r\n  }\r\n  .news-post .icone {\r\n    display: none;\r\n  }\r\n  .news-post .title {\r\n    font-weight: 700;\r\n    font-size: 16px;\r\n    line-height: 130%;\r\n    text-align: center;\r\n    letter-spacing: -0.5px;\r\n    color: #fff;\r\n    margin-bottom: .9375rem;\r\n  }\r\n  .news-post p {\r\n    font-size: .875rem;\r\n    line-height: 140%;\r\n    text-align: center;\r\n    color: #fff;\r\n    margin-bottom: 1.25rem;\r\n  }\r\n  .news-post .news_button_span {\r\n    font-size: .8125rem;\r\n    display: block;\r\n    padding: .125rem .3125rem;\r\n    color: #fff;\r\n    text-align:left;\r\n  }\r\n  .news-post .news_button_span a {\r\n    color: #fff !important;\r\n    text-decoration: underline;\r\n  }\r\n  .news-post form {\r\n    width: 100%;\r\n  }\r\n  .news-post label {\r\n    font-weight: 600;\r\n    font-size: .9375rem;\r\n    line-height: 1.5rem;\r\n    margin-bottom: .5rem;\r\n    color: #fff;\r\n    display: block;\r\n  }\r\n  .news-post input {\r\n    background: #fff;\r\n    border: 1px solid #CBCBD9;\r\n    box-sizing: border-box;\r\n    border-radius: 4px;\r\n    padding: .75rem 1rem;\r\n    width: 100%;\r\n  }\r\n  .news-post button {\r\n    margin-top: .875rem;\r\n    width: 100%;\r\n    min-width: auto;\r\n    background: #FCC632;\r\n    color: #3C48AA;\r\n  }\r\n  .news-post .input {\r\n    position: relative;\r\n    padding-bottom: 10px;\r\n  }\r\n  .news-post .error-message-ad {\r\n    font-size: .875rem;\r\n    line-height: 130%;\r\n    color: #D50021;\r\n    margin-left: 4px;\r\n  }\r\n  .news-post .error {\r\n    border: 1px solid #D50021;\r\n  }\r\n  .news-post #message-form-ad {\r\n    border-radius: 4px;\r\n    padding: 0.7rem;\r\n    font-size:0.8rem;\r\n    text-align: center;\r\n    align-items: center;\r\n    justify-content: center;\r\n    display: none;\r\n  }\r\n  .news-post #message-form-ad svg {\r\n    margin-right: 8px;\r\n  }\r\n\r\n  @media(min-width: 561px) {\r\n    .news-post {\r\n      position: relative;\r\n      background: url('https:\/\/www.aurum.com.br\/blog\/wp-content\/themes\/aurum\/img\/bg-news-artigo.svg') no-repeat top center #3C48AA;\r\n      width: calc(100% - 30px);\r\n    }\r\n    .news-post .icone {\r\n      display: block;\r\n      position: absolute;\r\n      right: -30px;\r\n      top: 65px;\r\n      max-width: 142px;\r\n      width: 100%;\r\n      height: auto;\r\n      margin: 0;\r\n    }\r\n    .news-post .title {\r\n      font-size: 1.125rem;\r\n      text-align: left;\r\n      \/* padding-right: 3.75rem; *\/\r\n    }\r\n    .news-post p {\r\n      font-size: 1rem;\r\n      text-align: left;\r\n      max-width: 400px;\r\n    }\r\n    .news-post .boxes {\r\n      display: flex;\r\n      align-items: flex-start;\r\n    }\r\n    .news-post button {\r\n      margin: 0 0 0 1rem;\r\n      width: 100%;\r\n      max-width: 170px;\r\n      min-width: auto;\r\n      transition: all ease .3s\r\n    }\r\n    .news-post button:hover {\r\n      opacity: 0.9;\r\n      transition: all ease .3s\r\n    }\r\n    .news-post #message-form-ad {\r\n      padding: 1.125rem;\r\n      font-size:1rem;\r\n    }\r\n    .news-post #message-form-ad svg {\r\n      margin-right: 10px;\r\n    }\r\n  }\r\n<\/style>\r\n\r\n<div class=\"news-post\">\r\n  <div class=\"title news-ad-title\">Gostou do artigo e quer evoluir a sua advocacia?<\/div>\r\n  <p class=\"news-ad-subtitle\">Assine gr\u00e1tis a Aurum News e receba uma dose semanal de conte\u00fado no seu e-mail! \u270c\ufe0f<\/p>\r\n  <img decoding=\"async\" src=\"https:\/\/www.aurum.com.br\/blog\/wp-content\/themes\/aurum\/img\/icon-news-artigo.svg\" alt=\"\" class=\"icone\">\r\n\r\n  <form method=\"post\" name=\"newsletter-ad\" id=\"aurum-newsletter-ad\">\r\n    <div class=boxes>\r\n      <div class=\"input\">\r\n        <label class=\"label-email\" htmlFor=\"email-ad\">Qual seu e-mail?<\/label>\r\n        <input type=\"email\" id=\"email-ad\" name=\"newsletter-mail-ad\" placeholder=\"Digite seu e-mail?\">\r\n        <div class=\"error-message-ad-email\">Endere\u00e7o de e-mail inv\u00e1lido ou incorreto<\/div>\r\n\r\n        <label class=\"label-select\" htmlFor=\"lawsuits-select-ad\">\r\n          Quantos processos voc\u00ea ou<br class=\"for-desktop\"\/> seu escrit\u00f3rio acompanham?\r\n        <\/label>\r\n        <div id=\"lawsuits-select-ad\" class=\"lawsuits-select select-wrapper\" tabindex=\"0\">\r\n          <div class=\"s-dropdown--styled\">\r\n          <span class=\"lawsuits-default\">\r\n            <span id=\"lawsuits-newsletter-ad\" class=\"lawsuits-default-text\" data-value=\"\">Selecione os processos<\/span>\r\n            <svg class=\"chevron\" xmlns=\"http:\/\/www.w3.org\/2000\/svg\" width=\"24\" height=\"25\" viewBox=\"0 0 24 25\" fill=\"none\">\r\n              <path d=\"M6 15.6152L12 9.61523L18 15.6152\" stroke=\"black\" stroke-width=\"2\" stroke-linecap=\"round\" stroke-linejoin=\"round\" \/>\r\n            <\/svg>\r\n          <\/span>\r\n\r\n          <ul class=\"s-dropdown u-hide\">\r\n            <li class=\"lawsuits\" data-value=\"Mais de 1000 processos\">Mais de 1000 processos<\/li>\r\n            <li class=\"lawsuits\" data-value=\"De 501 a 1000 processos\">De 501 a 1000 processos<\/li>\r\n            <li class=\"lawsuits\" data-value=\"De 151 a 500 processos\">De 151 a 500 processos<\/li>\r\n            <li class=\"lawsuits\" data-value=\"De 41 a 150 processos\">De 41 a 150 processos<\/li>\r\n            <li class=\"lawsuits\" data-value=\"At\u00e9 40 processos\">At\u00e9 40 processos<\/li>\r\n            <li class=\"lawsuits\" data-value=\"Atuo apenas no consultivo\">Atuo apenas no consultivo<\/li>\r\n            <li class=\"lawsuits\" data-value=\"Ainda sou estudante de direito\">Ainda sou estudante de direito<\/li>\r\n            <li class=\"lawsuits\" data-value=\"N\u00e3o sou da \u00e1rea jur\u00eddica\">N\u00e3o sou da \u00e1rea jur\u00eddica<\/li>\r\n          <\/ul>\r\n          <\/div>\r\n        <\/div>\r\n        <div class=\"error-message-ad-lawsuits\">Selecione algum processo<\/div>\r\n      <\/div>\r\n      <button class=\"btn btn-yellow ad-btn-desktop\" id=\"aurum-submit-ad\">Assinar gr\u00e1tis<\/button>\r\n      <button class=\"btn btn-yellow ad-btn-mobile\" id=\"aurum-submit-ad\">Assinar<\/button>\r\n    <\/div>\r\n    <span class=\"news_button_span\">Ao se cadastrar voc\u00ea declara que leu e aceitou a pol\u00edtica de privacidade e cookies do <a href=\"https:\/\/s3.sa-east-1.amazonaws.com\/publico.aurum.com.br\/contratos\/politica-de-privacidade.pdf\" target=\"_blank\" rel=\"noopener noreferrer\">site<\/a>.<\/span>\r\n  <\/form>\r\n  <div id=\"message-form-ad\"><\/div>\r\n<\/div>\n\n\n<p><em>Este conte\u00fado foi \u00fatil pra voc\u00ea? Conta aqui nos coment\u00e1rios \ud83d\ude09<\/em><\/p>\n","protected":false},"excerpt":{"rendered":"<p>O patrim\u00f4nio de afeta\u00e7\u00e3o \u00e9 o conjunto de bens e direitos que s\u00e3o afetados e separados do(a) patrim\u00f4nio do incorporador(a) imobili\u00e1rio e vinculados para garantir um empreendimento em espec\u00edfico, a fim de proteg\u00ea-lo de eventuais riscos que possam afetar a finaliza\u00e7\u00e3o da constru\u00e7\u00e3o. Quando falamos de incorpora\u00e7\u00e3o imobili\u00e1ria e im\u00f3veis adquiridos na planta, nos deparamos [&hellip;]<\/p>\n","protected":false},"author":131,"featured_media":17229,"comment_status":"open","ping_status":"open","sticky":false,"template":"","format":"standard","meta":{"_bbp_topic_count":0,"_bbp_reply_count":0,"_bbp_total_topic_count":0,"_bbp_total_reply_count":0,"_bbp_voice_count":0,"_bbp_anonymous_reply_count":0,"_bbp_topic_count_hidden":0,"_bbp_reply_count_hidden":0,"_bbp_forum_subforum_count":0,"inline_featured_image":false,"footnotes":""},"categories":[19,28],"tags":[],"class_list":["post-17228","post","type-post","status-publish","format-standard","has-post-thumbnail","hentry","category-direito-civil","category-direito-imobiliario"],"acf":[],"_links":{"self":[{"href":"https:\/\/www.aurum.com.br\/blog\/wp-json\/wp\/v2\/posts\/17228","targetHints":{"allow":["GET"]}}],"collection":[{"href":"https:\/\/www.aurum.com.br\/blog\/wp-json\/wp\/v2\/posts"}],"about":[{"href":"https:\/\/www.aurum.com.br\/blog\/wp-json\/wp\/v2\/types\/post"}],"author":[{"embeddable":true,"href":"https:\/\/www.aurum.com.br\/blog\/wp-json\/wp\/v2\/users\/131"}],"replies":[{"embeddable":true,"href":"https:\/\/www.aurum.com.br\/blog\/wp-json\/wp\/v2\/comments?post=17228"}],"version-history":[{"count":12,"href":"https:\/\/www.aurum.com.br\/blog\/wp-json\/wp\/v2\/posts\/17228\/revisions"}],"predecessor-version":[{"id":32384,"href":"https:\/\/www.aurum.com.br\/blog\/wp-json\/wp\/v2\/posts\/17228\/revisions\/32384"}],"wp:featuredmedia":[{"embeddable":true,"href":"https:\/\/www.aurum.com.br\/blog\/wp-json\/wp\/v2\/media\/17229"}],"wp:attachment":[{"href":"https:\/\/www.aurum.com.br\/blog\/wp-json\/wp\/v2\/media?parent=17228"}],"wp:term":[{"taxonomy":"category","embeddable":true,"href":"https:\/\/www.aurum.com.br\/blog\/wp-json\/wp\/v2\/categories?post=17228"},{"taxonomy":"post_tag","embeddable":true,"href":"https:\/\/www.aurum.com.br\/blog\/wp-json\/wp\/v2\/tags?post=17228"}],"curies":[{"name":"wp","href":"https:\/\/api.w.org\/{rel}","templated":true}]}}