{"id":16784,"date":"2022-12-06T14:56:40","date_gmt":"2022-12-06T17:56:40","guid":{"rendered":"https:\/\/www.aurum.com.br\/blog\/?p=16784"},"modified":"2023-09-13T14:52:27","modified_gmt":"2023-09-13T17:52:27","slug":"lei-uniforme-de-genebra","status":"publish","type":"post","link":"https:\/\/www.aurum.com.br\/blog\/lei-uniforme-de-genebra\/","title":{"rendered":"Entenda o que \u00e9 e o que diz a Lei Uniforme de Genebra"},"content":{"rendered":"<div id=\"bsf_rt_marker\"><\/div>\n<pre class=\"wp-block-preformatted\">A <strong>Lei Uniforme de Genebra<\/strong>, promulgada pelo Decreto 57.663 de 1966, \u00e9 um conjunto de regras que padroniza as normas para contratos de compra e venda internacional, buscando estabelecer diretrizes justas e equilibradas para todas as partes envolvidas, independentemente do pa\u00eds onde ocorra a transa\u00e7\u00e3o.<\/pre>\n\n\n\n<p>Conhecida popularmente como LUG, a Lei Uniforme de Genebra se fez necess\u00e1ria a partir do grande crescimento e r\u00e1pido desenvolvimento do com\u00e9rcio internacional.&nbsp;<\/p>\n\n\n\n<p>Com isso, tornou-se necess\u00e1ria a ado\u00e7\u00e3o de medidas extraterritoriais, sendo fundado o Instituto do <a href=\"https:\/\/www.aurum.com.br\/blog\/direito-internacional-publico\/\">Direito Internacional<\/a>, no qual representantes de pa\u00edses se reuniram na intitulada \u201cConfer\u00eancia Diplom\u00e1tica de Haia\u201d e se depararam com a necessidade de uniformizar a legisla\u00e7\u00e3o acerca de letras de c\u00e2mbio e notas promiss\u00f3rias, como documentos utilizados para a efetiva\u00e7\u00e3o de pagamento de bens e servi\u00e7os.<\/p>\n\n\n\n<p>Neste sentido vale destacar a exposi\u00e7\u00e3o de Rubens Requi\u00e3o:<\/p>\n\n\n\n<blockquote class=\"wp-block-quote is-layout-flow wp-block-quote-is-layout-flow\">\n<p><em>A ideia de recolocar a letra de c\u00e2mbio, como a nota promiss\u00f3ria, como direito comum a todos os povos, tal como se originou na Idade M\u00e9dia, teve seu in\u00edcio de concretiza\u00e7\u00e3o no s\u00e9culo XIX. Os esfor\u00e7os nesse sentido se iniciaram em 1873, com a funda\u00e7\u00e3o do Instituto de Direito Internacional, em Gand. Reuni\u00f5es internacionais se sucederam, o que levou, afinal, \u00e0 Confer\u00eancia Diplom\u00e1tica de Haia, de que resultou um projeto de lei uniforme. Embora os trabalhos fossem adiantados, n\u00e3o se concretizou, tendo a mat\u00e9ria sido retomada, sob os ausp\u00edcios da Sociedade das na\u00e7\u00f5es, ap\u00f3s a I Guerra Mundial (2003, p. 383).\u201d<\/em><\/p>\n<\/blockquote>\n\n\n\n<p>No Brasil, o consenso foi instaurado em 1966, quando surgiu a Lei Uniforme de Genebra. Confira neste texto o que diz a Lei e os principais artigos comentados! \ud83d\ude09<\/p>\n\n\n\n<h2 class=\"wp-block-heading\">O que \u00e9 a Lei Uniforme de Genebra?<\/h2>\n\n\n\n<p>A promulga\u00e7\u00e3o do <a href=\"https:\/\/www.planalto.gov.br\/ccivil_03\/decreto\/antigos\/d57663.htm\" target=\"_blank\" rel=\"noopener\">Decreto 57.663<\/a> trouxe em sua bagagem a Lei Uniforme de Genebra, composta por dois documentos: o documento principal &#8211; anexo I, com as determina\u00e7\u00f5es gerais e padronizadas e o anexo II com as \u201creservas\u201d, que Requi\u00e3o brevemente define como:&nbsp;<\/p>\n\n\n\n<blockquote class=\"wp-block-quote is-layout-flow wp-block-quote-is-layout-flow\">\n<p><em>reserva significa uma declara\u00e7\u00e3o unilateral, qualquer que seja sua reda\u00e7\u00e3o ou denomina\u00e7\u00e3o, feita por um Estado ao assinar, ratificar, aceitar ou aprovar um tratado, ou a ele aderir, com o objetivo de excluir ou modificar os efeitos jur\u00eddicos de certas disposi\u00e7\u00f5es do tratado em sua aplica\u00e7\u00e3o a esse Estado\u201d.<\/em><\/p>\n<\/blockquote>\n\n\n\n<p>Dos 23 artigos contidos na LUG, 13 foram realizados reservas. Isto porque, desde 1908 com o <a href=\"http:\/\/www.planalto.gov.br\/ccivil_03\/decreto\/historicos\/dpl\/DPL2044-1908.htm\" target=\"_blank\" rel=\"noopener\">Decreto 2.044<\/a>, a legisla\u00e7\u00e3o brasileira j\u00e1 possu\u00eda um direito cambi\u00e1rio proveniente do sistema alem\u00e3o bastante evolu\u00eddo e, na opini\u00e3o de muitos doutrinadores, a promulga\u00e7\u00e3o da LUG instalou uma certa dubiedade quanto \u00e0 regulamenta\u00e7\u00e3o da letra de c\u00e2mbio e da nota promiss\u00f3ria.<\/p>\n\n\n\n<p>Ao se fazer o uso do instituto das reservas, prevalece apenas sobre elas o Decreto 2.044, e aqueles que foram abdicados da reserva vigora o determinado na LUG revogando-se o contido no referido decreto.&nbsp;<\/p>\n\n\n\n<p>Assim, supletivamente, aplicam-se as normas do Decreto n\u00ba 2.044\/1908, se n\u00e3o conflitarem com o vigente <a href=\"https:\/\/www.planalto.gov.br\/ccivil_03\/leis\/2002\/l10406compilada.htm\" target=\"_blank\" rel=\"noopener\">C\u00f3digo Civil<\/a> ou com a Lei Uniforme de Genebra.<\/p>\n\n\n\n<figure class=\"wp-block-image size-full\"><img decoding=\"async\" width=\"1080\" height=\"1080\" src=\"https:\/\/www.aurum.com.br\/blog\/wp-content\/uploads\/2022\/12\/o-que-e-lei-uniforme-de-genebra.jpg\" alt=\"Entenda o que \u00e9 a lei uniforme de genebra\" class=\"wp-image-16785\" srcset=\"https:\/\/www.aurum.com.br\/blog\/wp-content\/uploads\/2022\/12\/o-que-e-lei-uniforme-de-genebra.jpg 1080w, https:\/\/www.aurum.com.br\/blog\/wp-content\/uploads\/2022\/12\/o-que-e-lei-uniforme-de-genebra-300x300.jpg 300w, https:\/\/www.aurum.com.br\/blog\/wp-content\/uploads\/2022\/12\/o-que-e-lei-uniforme-de-genebra-150x150.jpg 150w, https:\/\/www.aurum.com.br\/blog\/wp-content\/uploads\/2022\/12\/o-que-e-lei-uniforme-de-genebra-768x768.jpg 768w, https:\/\/www.aurum.com.br\/blog\/wp-content\/uploads\/2022\/12\/o-que-e-lei-uniforme-de-genebra-96x96.jpg 96w\" sizes=\"(max-width: 1080px) 100vw, 1080px\" \/><figcaption class=\"wp-element-caption\">Veja o que \u00e9 Lei Uniforme de Genebra<\/figcaption><\/figure>\n\n\n\n<h3 class=\"wp-block-heading\">Dispositivos do decreto n\u00ba 2.044\/1908 em vigor<\/h3>\n\n\n\n<p>Em resumo, continuam vigentes somente os dispositivos do Decreto n\u00ba 2.044\/1908, referentes \u00e0s mat\u00e9rias n\u00e3o reguladas pela Lei Uniforme ou por terem adotado reservas.<\/p>\n\n\n\n<p>Diante da omiss\u00e3o da Lei Uniforme em v\u00e1rias situa\u00e7\u00f5es, e das reservas do seu Anexo II, eis os dispositivos que continuam vigorando do <a href=\"http:\/\/www.planalto.gov.br\/ccivil_03\/decreto\/historicos\/dpl\/DPL2044-1908.htm\" target=\"_blank\" rel=\"noopener\">Decreto n\u00ba 2.044\/1908<\/a>, relacionados a assuntos n\u00e3o regulados pela Lei Uniforme:<\/p>\n\n\n\n<h4 class=\"wp-block-heading\">Assinatura do t\u00edtulo&nbsp;<\/h4>\n\n\n\n<figure class=\"wp-block-pullquote classe bq-small\"><blockquote><p>art. 1\u00ba, inc. V: A letra de c\u00e2mbio \u00e9 uma ordem de pagamento e deve conter estes requisitos, lan\u00e7ados, por extenso, no contexto: (&#8230;) V \u2013 a assinatura do pr\u00f3prio punho do sacador ou do mandat\u00e1rio especial. A assinatura deve ser firmada abaixo do contexto.<\/p><\/blockquote><\/figure>\n\n\n\n<h4 class=\"wp-block-heading\">Preenchimento da letra de c\u00e2mbio<\/h4>\n\n\n\n<figure class=\"wp-block-pullquote classe bq-small\"><blockquote><p>Art. 3\u00ba: Esses requisitos s\u00e3o considerados lan\u00e7ados ao tempo da emiss\u00e3o da letra. A prova em contr\u00e1rio ser\u00e1 admitida no caso de m\u00e1-f\u00e9 do portador.<\/p><\/blockquote><\/figure>\n\n\n\n<h4 class=\"wp-block-heading\">Mandato para preencher o t\u00edtulo&nbsp;<\/h4>\n\n\n\n<figure class=\"wp-block-pullquote classe bq-small\"><blockquote><p>Art. 4\u00ba: Presume-se mandato ao portador para inserir a data e o lugar do saque na letra que n\u00e3o os contiver.<\/p><\/blockquote><\/figure>\n\n\n\n<h4 class=\"wp-block-heading\">\u00c9poca do vencimento&nbsp;<\/h4>\n\n\n\n<figure class=\"wp-block-pullquote classe bq-small\"><blockquote><p>Art. 7\u00ba: A \u00e9poca do pagamento deve ser precisa, uma e \u00fanica para a totalidade da soma cambial.<\/p><\/blockquote><\/figure>\n\n\n\n<h4 class=\"wp-block-heading\">Endosso por procura\u00e7\u00e3o&nbsp;<\/h4>\n\n\n\n<figure class=\"wp-block-pullquote classe bq-small\"><blockquote><p>\u00a7 1\u00ba do Art. 8\u00ba: A cl\u00e1usula por procura\u00e7\u00e3o lan\u00e7ada no endosso indica o mandato com todos os poderes, salvo o caso de restri\u00e7\u00e3o, que deve ser expressa no mesmo endosso.<\/p><\/blockquote><\/figure>\n\n\n\n<h4 class=\"wp-block-heading\">Pluralidade de sacados&nbsp;<\/h4>\n\n\n\n<figure class=\"wp-block-pullquote classe bq-small\"><blockquote><p>Art. 10: Sendo dois ou mais os sacados, o portador devem apresentar a letra ao primeiro nomeado; na falta ou recusa do \u2018aceite\u2019, ao segundo, se estiver domiciliado na mesma pra\u00e7a; assim, sucessivamente, sem embargo da forma da indica\u00e7\u00e3o na letra dos nomes dos sacados.<\/p><\/blockquote><\/figure>\n\n\n\n<h4 class=\"wp-block-heading\">Assinatura do sacado ou de procurador&nbsp;<\/h4>\n\n\n\n<figure class=\"wp-block-pullquote classe bq-small\"><blockquote><p>Art. 11, al\u00ednea 1\u00aa: Para a validade do aceite \u00e9 suficiente a simples assinatura do pr\u00f3prio punho do sacado ou do mandat\u00e1rio especial, no anverso da letra.<\/p><\/blockquote><\/figure>\n\n\n\n<h4 class=\"wp-block-heading\">Aceite puro&nbsp;<\/h4>\n\n\n\n<figure class=\"wp-block-pullquote classe bq-small\"><blockquote><p>Art. 11, al\u00ednea 2\u00aa: Vale, como aceite puro, a declara\u00e7\u00e3o que n\u00e3o traduzir inequivocamente a recusa, limita\u00e7\u00e3o ou modifica\u00e7\u00e3o.<\/p><\/blockquote><\/figure>\n\n\n\n<h4 class=\"wp-block-heading\">Garantia do aval&nbsp;<\/h4>\n\n\n\n<figure class=\"wp-block-pullquote classe bq-small\"><blockquote><p>Art. 14, 1\u00aa parte: O pagamento de uma letra de c\u00e2mbio, independente do aceite e do endosso, pode ser garantido por aval.<\/p><\/blockquote><\/figure>\n\n\n\n<h4 class=\"wp-block-heading\">Modo de assinatura&nbsp;<\/h4>\n\n\n\n<figure class=\"wp-block-pullquote classe bq-small\"><blockquote><p>Art. 14, 2\u00aa parte: Para a validade do aval, \u00e9 suficiente a simples assinatura do pr\u00f3prio punho do avalista ou do mandat\u00e1rio especial, no verso ou anverso da letra.<\/p><\/blockquote><\/figure>\n\n\n\n<h4 class=\"wp-block-heading\">Vencimento antecipado&nbsp;<\/h4>\n\n\n\n<figure class=\"wp-block-pullquote classe bq-small\"><blockquote><p>Art. 19, inciso II: A letra \u00e9 considerada vencida, quando protestada: (&#8230;) II \u2013 pela fal\u00eancia do aceitante.<\/p><\/blockquote><\/figure>\n\n\n\n<h4 class=\"wp-block-heading\">Momento da apresenta\u00e7\u00e3o do t\u00edtulo&nbsp;<\/h4>\n\n\n\n<figure class=\"wp-block-pullquote classe bq-small\"><blockquote><p>Art. 20: A letra deve ser apresentada ao sacado ou ao aceitante, para o pagamento, no lugar designado e no dia do vencimento, ou, sendo esse dia feriado por lei, no primeiro dia \u00fatil imediato, sob pena de perder o portador o direito de regresso contra o sacador, endossadores e avalistas.<\/p><\/blockquote><\/figure>\n\n\n\n<h4 class=\"wp-block-heading\">Local de pagamento do t\u00edtulo&nbsp;<\/h4>\n\n\n\n<figure class=\"wp-block-pullquote classe bq-small\"><blockquote><p>Art. 20, \u00a7 1\u00ba, parte final: \u00c9 facultada a indica\u00e7\u00e3o alternativa de lugares do pagamento, tendo o portador direito de a\u00e7\u00e3o. A letra pode ser sacada sobre uma pessoa, para ser paga no domic\u00edlio da outra, indicada pelo sacador ou pelo aceitante.<\/p><\/blockquote><\/figure>\n\n\n\n<h4 class=\"wp-block-heading\">Apresenta\u00e7\u00e3o do t\u00edtulo em havendo pluralidade de sacados&nbsp;<\/h4>\n\n\n\n<figure class=\"wp-block-pullquote classe bq-small\"><blockquote><p>Art. 20, \u00a7 2\u00ba: No caso de recusa ou falta de pagamento pelo aceitante, sendo dois ou mais os sacados, o portador devem apresentar a letra ao primeiro nomeado, se estiver domiciliado na mesma pra\u00e7a; assim sucessivamente, sem embargo da forma da indica\u00e7\u00e3o na letra dos nomes dos sacados.<\/p><\/blockquote><\/figure>\n\n\n\n<h4 class=\"wp-block-heading\">Protesto por falta de pagamento<\/h4>\n\n\n\n<figure class=\"wp-block-pullquote classe bq-small\"><blockquote><p>Art. 28: A letra que houver de ser protestada, por falta de aceite ou de pagamento, deve ser entregue ao oficial competente no primeiro dia \u00fatil que se seguir ao da recusa do aceite ou do vencimento, e o respectivo protesto tirado dentro de tr\u00eas dias \u00fateis.<\/p><\/blockquote><\/figure>\n\n\n\n<h4 class=\"wp-block-heading\">Requisitos do protesto&nbsp;<\/h4>\n\n\n\n<figure class=\"wp-block-pullquote\"><blockquote><p>Art. 29: O instrumento de protesto deve conter: <br>I \u2013 A data. <br>II \u2013 A transcri\u00e7\u00e3o literal da letra e das declara\u00e7\u00f5es nela inseridas pela ordem respectiva. <br>III \u2013 A certid\u00e3o da intima\u00e7\u00e3o ao sacado ou aceitante ou aos outros sacados, nomeados na letra para aceitar ou pagar, a resposta dada ou a declara\u00e7\u00e3o da falta de resposta. A intima\u00e7\u00e3o \u00e9 dispens\u00e1vel no caso do sacado ou aceitante firmar na letra a declara\u00e7\u00e3o da recusa do aceite ou do pagamento e na hip\u00f3tese de protesto por causa de fal\u00eancia do aceitante. <br>IV \u2013 A certid\u00e3o de n\u00e3o haver sido encontrada ou de ser desconhecida a pessoa indicada para aceitar ou para pagar. Nesta hip\u00f3tese, o Oficial afixar\u00e1 a intima\u00e7\u00e3o nos lugares de estilo e, se poss\u00edvel, a publicar\u00e1 pela imprensa. <br>V \u2013 A indica\u00e7\u00e3o dos intervenientes volunt\u00e1rios e das firmas por eles honradas.<br>VI \u2013 A aquiesc\u00eancia do portador ao aceite por honra. <br>VII \u2013 A assinatura, com sinal p\u00fablico, do Oficial do protesto.<br>Par\u00e1grafo \u00fanico. Este instrumento, depois de registrado no livro de protesto, dever\u00e1 ser entregue ao detentor ou ao portador da letra ou \u00e0quele que houver efetuado o pagamento.<\/p><cite>ler mais<\/cite><\/blockquote><\/figure>\n\n\n\n<h4 class=\"wp-block-heading\">Recusa da devolu\u00e7\u00e3o da letra entregue para o aceite<\/h4>\n\n\n\n<figure class=\"wp-block-pullquote classe bq-small\"><blockquote><p>Art. 31: Recusada a entrega da letra por aquele que a recebeu para firmar o aceite ou para efetuar o pagamento, o protesto pode ser tirado por outro exemplar, ou, na falta, pelas indica\u00e7\u00f5es do protestante.<\/p><\/blockquote><\/figure>\n\n\n\n<h4 class=\"wp-block-heading\">Responsabilidade do Oficial de Protestos&nbsp;<\/h4>\n\n\n\n<figure class=\"wp-block-pullquote classe bq-small\"><blockquote><p>Art. 33: Oficial que n\u00e3o lavra em tempo \u00fatil e forma regular o instrumento de protesto, al\u00e9m da pena em que incorrer, segundo o C\u00f3digo Penal, responde por perdas e interesses.<\/p><\/blockquote><\/figure>\n\n\n\n<h4 class=\"wp-block-heading\">A\u00e7\u00e3o de anula\u00e7\u00e3o&nbsp;<\/h4>\n\n\n\n<figure class=\"wp-block-pullquote classe bq-small\"><blockquote><p>Art. 36: Justificando a propriedade e o extravio ou a destrui\u00e7\u00e3o total ou parcial da letra, descrita com clareza e precis\u00e3o, o propriet\u00e1rio pode requerer ao juiz competente do lugar do pagamento, ou na hip\u00f3tese de extravio, a intima\u00e7\u00e3o do sacado ou do aceitante e dos coobrigados para n\u00e3o pagarem a aludida letra e a cita\u00e7\u00e3o do detentor para apresent\u00e1-la em ju\u00edzo dentro do prazo de tr\u00eas meses, e nos casos de extravio e destrui\u00e7\u00e3o, a cita\u00e7\u00e3o dos coobrigados para, dentro do referido prazo, oporem contesta\u00e7\u00e3o, firmada em defeito de forma do t\u00edtulo ou na falta do requisito essencial ao exerc\u00edcio da a\u00e7\u00e3o cambial.<\/p><\/blockquote><\/figure>\n\n\n\n<h4 class=\"wp-block-heading\">Pluralidade de tomadores ou endossat\u00e1rios&nbsp;<\/h4>\n\n\n\n<figure class=\"wp-block-pullquote classe bq-small\"><blockquote><p>Art. 39, \u00a7 1\u00ba: No caso de pluralidade de tomadores ou de endossat\u00e1rios, conjuntos ou disjuntos, o tomador ou endossat\u00e1rio possuidor da letra \u00e9 considerado, para os efeitos cambiais, o credor \u00fanico da obriga\u00e7\u00e3o.<\/p><\/blockquote><\/figure>\n\n\n\n<h4 class=\"wp-block-heading\">Capacidade jur\u00eddica para assumir obriga\u00e7\u00f5es cambi\u00e1rias&nbsp;<\/h4>\n\n\n\n<figure class=\"wp-block-pullquote classe bq-small\" id=\"classe-bq-small\"><blockquote><p>Art. 42: Pode obrigar-se, por letra de c\u00e2mbio, quem tem a capacidade civil ou comercial.<\/p><\/blockquote><\/figure>\n\n\n\n<h4 class=\"wp-block-heading\">Autonomia das obriga\u00e7\u00f5es cambiais<\/h4>\n\n\n\n<figure class=\"wp-block-pullquote classe bq-small\"><blockquote><p>Art. 43, 1\u00aa parte: As obriga\u00e7\u00f5es cambiais s\u00e3o aut\u00f4nomas e independentes uma das outras.<\/p><\/blockquote><\/figure>\n\n\n\n<h4 class=\"wp-block-heading\">Direito \u00e0 indeniza\u00e7\u00e3o a favor do portador<\/h4>\n\n\n\n<figure class=\"wp-block-pullquote classe bq-small\"><blockquote><p>Art. 48: Sem embargo da desonera\u00e7\u00e3o da responsabilidade cambial, o sacador ou o aceitante fica obrigado a restituir ao portador, com os juros legais, a soma com a qual se locupletou \u00e0 custa alheia.<\/p><\/blockquote><\/figure>\n\n\n\n<h4 class=\"wp-block-heading\">A a\u00e7\u00e3o cambial&nbsp;<\/h4>\n\n\n\n<figure class=\"wp-block-pullquote classe bq-small\"><blockquote><p>Art. 49: A a\u00e7\u00e3o cambial \u00e9 a executiva.<\/p><\/blockquote><\/figure>\n\n\n\n<h4 class=\"wp-block-heading\">Mat\u00e9rias argu\u00edveis como exce\u00e7\u00f5es&nbsp;<\/h4>\n\n\n\n<figure class=\"wp-block-pullquote classe bq-small\"><blockquote><p>Art. 51: Na a\u00e7\u00e3o cambial, somente \u00e9 admiss\u00edvel defesa fundada no direito pessoal do r\u00e9u contra o autor, em defeito de forma do t\u00edtulo e na sua falta de requisito necess\u00e1rio ao exerc\u00edcio da a\u00e7\u00e3o.<\/p><\/blockquote><\/figure>\n\n\n\n<h4 class=\"wp-block-heading\">A denomina\u00e7\u00e3o \u2018nota promiss\u00f3ria\u2019<\/h4>\n\n\n\n<figure class=\"wp-block-pullquote classe bq-small\"><blockquote><p>Art. 54, inciso I: A nota promiss\u00f3ria \u00e9<em> <\/em>uma promessa de pagamento e deve conter estes requisitos essenciais, lan\u00e7ados, por extenso, no contexto: <br>I \u2013 a denomina\u00e7\u00e3o de \u2018nota promiss\u00f3ria\u2019 ou termo correspondente, na l\u00edngua em que for emitida.<\/p><\/blockquote><\/figure>\n\n\n\n<h4 class=\"wp-block-heading\">Preenchimento da nota promiss\u00f3ria&nbsp;<\/h4>\n\n\n\n<figure class=\"wp-block-pullquote classe bq-small\"><blockquote><p>Art. 54, \u00a7 4\u00ba: N\u00e3o ser\u00e1 nota promiss\u00f3ria o escrito ao qual faltar qualquer dos requisitos acima enumerados. Os requisitos essenciais s\u00e3o considerados lan\u00e7ados ao tempo da emiss\u00e3o da nota promiss\u00f3ria. No caso de m\u00e1-f\u00e9 do portador, ser\u00e1 admitida prova em contr\u00e1rio.<\/p><\/blockquote><\/figure>\n\n\n\n<style>\n    #adpost-block_7ad6fea0dc7b6cb039e1fb072f8956eb.anuncio-post-reverse {\n        display: flex;\n        gap: 24px;\n        border-radius: 8px;\n        width: 100%;\n        max-width: 752px;\n        padding: 40px;\n        background: #e7f4fe;\n        margin: 16px auto;\n    }\n\n    #adpost-block_7ad6fea0dc7b6cb039e1fb072f8956eb .anuncio-container {\n        display: flex;\n        flex-direction: column;\n        gap: 24px;\n        width: 100%;\n        max-width: 333px;\n    }\n\n    #adpost-block_7ad6fea0dc7b6cb039e1fb072f8956eb .anuncio-container .logo {\n        width: 100%;\n        max-width: 177px;\n        margin: 0;\n    }\n\n    #adpost-block_7ad6fea0dc7b6cb039e1fb072f8956eb .anuncio-text-container {\n        display: flex;\n        flex-direction: column;\n        gap: 24px;\n    }\n\n    #adpost-block_7ad6fea0dc7b6cb039e1fb072f8956eb .anuncio-text-container .title {\n        font-family: 'Ubuntu';\n        font-size: 1.5rem; \/\/24px\n        font-weight: 700;\n        line-height: 120%;\n        margin: 0;\n        color: #000;\n    }\n\n    #adpost-block_7ad6fea0dc7b6cb039e1fb072f8956eb .anuncio-text-container .text {\n        font-size: 0.875rem;\n        font-weight: 400;\n        line-height: 170%;\n        color: #000;\n    }\n\n    #adpost-block_7ad6fea0dc7b6cb039e1fb072f8956eb .anuncio-container .button {\n        display: inline-flex;\n        align-items: center;\n        justify-content: center;\n        width: fit-content;\n        height: 48px;\n        border-radius: 8px;\n        padding: 12px 24px;\n        font-size: 1rem;\n        font-weight: 600;\n        text-decoration: none;\n        background: #008fd5;\n        color: #fff;\n    }\n\n    #adpost-block_7ad6fea0dc7b6cb039e1fb072f8956eb .image-container {\n        position: relative;\n        width: 100%;\n        height: 100%;\n    }\n\n    #adpost-block_7ad6fea0dc7b6cb039e1fb072f8956eb .image-container.float {\n        min-height: 236px;\n    }\n\n    #adpost-block_7ad6fea0dc7b6cb039e1fb072f8956eb .image-container .image-desktop {\n        width: 100%;\n        max-width: 323px;\n        object-fit: contain;\n        margin: 0;\n    }\n\n    #adpost-block_7ad6fea0dc7b6cb039e1fb072f8956eb .image-container .image-mobile {\n        display: none;\n        width: 100%;\n        max-width: 291px;\n        object-fit: contain;\n        margin: 0;\n    }\n\n    #adpost-block_7ad6fea0dc7b6cb039e1fb072f8956eb .image-container.float .image-desktop,\n    #adpost-block_7ad6fea0dc7b6cb039e1fb072f8956eb .image-container.float .image-mobile {\n        position: absolute;\n        right: 0;\n        bottom: 0;\n    }\n\n    #adpost-block_7ad6fea0dc7b6cb039e1fb072f8956eb .image-container img {\n        border-radius: 8px;\n    }\n\n    \/************\n    * MOBILE \n    *************\/\n    @media (max-width: 1439px) {\n        #adpost-block_7ad6fea0dc7b6cb039e1fb072f8956eb.anuncio-post-reverse {\n            flex-direction: column-reverse;\n            max-width: fit-content;\n            padding: 24px;\n        }\n\n        #adpost-block_7ad6fea0dc7b6cb039e1fb072f8956eb .anuncio-container {\n            max-width: 280px;\n            align-items: center;\n        }\n\n        #adpost-block_7ad6fea0dc7b6cb039e1fb072f8956eb .anuncio-container .logo {\n            max-width: 147px;\n        }\n\n        #adpost-block_7ad6fea0dc7b6cb039e1fb072f8956eb .anuncio-text-container {\n            gap: 8px;\n        }\n\n        #adpost-block_7ad6fea0dc7b6cb039e1fb072f8956eb .anuncio-text-container .title {\n            font-size: 1.25rem;\n            text-align: center;\n        }\n\n        #adpost-block_7ad6fea0dc7b6cb039e1fb072f8956eb .anuncio-text-container .text {\n            text-align: center;\n        }\n\n        #adpost-block_7ad6fea0dc7b6cb039e1fb072f8956eb .anuncio-container .button {\n            width: 100%;\n        }\n\n        #adpost-block_7ad6fea0dc7b6cb039e1fb072f8956eb .image-container.float {\n            min-height: 182px;\n        }\n\n        #adpost-block_7ad6fea0dc7b6cb039e1fb072f8956eb .image-container .image-desktop {\n            display: none;\n        }\n\n        #adpost-block_7ad6fea0dc7b6cb039e1fb072f8956eb .image-container .image-mobile {\n            display: block;\n        }\n    }\n\n    \/*******************\n    * RESET GLOBAL CSS \n    ********************\/\n    #s-post main article .content .image-container img {\n        margin: 0;\n    }\n<\/style>\n\n\n<article id=\"adpost-block_7ad6fea0dc7b6cb039e1fb072f8956eb\" class=\"anuncio-post-reverse\">\n    <div class=\"anuncio-container\">\n        \n        <div class=\"anuncio-text-container\">\n             <h3 class=\"title\" >Seja protagonista da sua advocacia com o Astrea<\/h3>\n            <div class=\"text\" >Tenha tempo para focar no crescimento do seu escrit\u00f3rio, enquanto o Astrea cuida da sua gest\u00e3o jur\u00eddica com intelig\u00eancia.<\/div>        <\/div>\n       \n        <a class=\"button\" href=\"\/astrea\/?utm_source=blog&#038;utm_medium=adpost&#038;utm_campaign=campanha-marca-2026\" target=\"_self\">Conhe\u00e7a o Astrea<\/a>    <\/div>\n\n    <div class=\"image-container\">\n        <img decoding=\"async\" class=\"image-desktop\" src=\"https:\/\/www.aurum.com.br\/blog\/wp-content\/uploads\/2026\/03\/adpos-posicionamento-2026-desktop.png\" alt=\"\" \/>\n        <img decoding=\"async\" class=\"image-mobile\" src=\"https:\/\/www.aurum.com.br\/blog\/wp-content\/uploads\/2026\/03\/adpost-posicionamento-2026-mobile.png\" alt=\"\" \/>    <\/div>\n<\/article>\n\n\n<h2 class=\"wp-block-heading\">O que diz a Conven\u00e7\u00e3o de Genebra?<\/h2>\n\n\n\n<p>A <strong>Conven\u00e7\u00e3o de Genebra \u00e9 o nome que se d\u00e1 a v\u00e1rios tratados internacionais assinados entre 1864 e 1949<\/strong>, sendo os mais famosos firmados para estabelecer os crimes de guerra, como tamb\u00e9m oferecer prote\u00e7\u00e3o para militares capturados ou feridos.<\/p>\n\n\n\n<p>J\u00e1 a respeito aos <a href=\"https:\/\/www.aurum.com.br\/blog\/titulos-de-credito\/\">t\u00edtulos de cr\u00e9dito<\/a>, desejando evitar as dificuldades originadas pela diversidade de legisla\u00e7\u00e3o nos v\u00e1rios pa\u00edses em que as letras circulam e, aumentar assim a seguran\u00e7a e rapidez das rela\u00e7\u00f5es do com\u00e9rcio internacional, a conven\u00e7\u00e3o assinada em 07 de junho de 1930, \u00e9 composta por tr\u00eas conven\u00e7\u00f5es:&nbsp;<\/p>\n\n\n\n<ul class=\"wp-block-list\">\n<li>Para ado\u00e7\u00e3o de uma lei uniforme sobre letras de c\u00e2mbio e notas promiss\u00f3rias;&nbsp;<\/li>\n\n\n\n<li>Destinada a regular certos conflitos de leis em mat\u00e9ria de letras de c\u00e2mbio e notas promiss\u00f3rias e protocolo;&nbsp;<\/li>\n\n\n\n<li>Relativa ao Imposto do Selo em mat\u00e9ria de letras de c\u00e2mbio e notas promiss\u00f3rias.<\/li>\n<\/ul>\n\n\n\n<p>Os textos originais das conven\u00e7\u00f5es assinados foram redigidos em ingl\u00eas e em franc\u00eas e, por recomenda\u00e7\u00e3o trazida pela Ata Final da Confer\u00eancia, que a tradu\u00e7\u00e3o fosse feita de comum acordo com aqueles que adotassem a mesma l\u00edngua oficial.&nbsp;<\/p>\n\n\n\n<p>Estas <strong>conven\u00e7\u00f5es formam e regulamentam a Lei Uniforme de Genebra<\/strong>,<strong> <\/strong>traduzida em sua \u00edntegra por Portugal, na qual foi adotada pelo governo brasileiro com todos os equ\u00edvocos nela constantes.<\/p>\n\n\n\n<p><a href=\"https:\/\/www.aurum.com.br\/blog\/endosso\/\"><em>Leia tamb\u00e9m: o que \u00e9 endosso, modalidades, tipos e a diferen\u00e7a entre cess\u00e3o civil.<\/em><\/a><\/p>\n\n\n\n<h2 class=\"wp-block-heading\">Principais artigos da Lei Uniforme de Genebra<\/h2>\n\n\n\n<p>Conforme vimos, a Lei Uniforme de Genebra est\u00e1 disciplinada no <a href=\"https:\/\/www.planalto.gov.br\/ccivil_03\/decreto\/antigos\/d57663.htm\" target=\"_blank\" rel=\"noopener\">Decreto 57.663\/66<\/a>, que traz, em seu Anexo I, a&nbsp;legisla\u00e7\u00e3o sobre letras de c\u00e2mbio e notas promiss\u00f3rias, damos destaque para alguns principais artigos:<\/p>\n\n\n\n<h3 class=\"wp-block-heading\">Art. 70 da Lei Uniforme de Genebra&nbsp;<\/h3>\n\n\n\n<figure class=\"wp-block-pullquote classe bq-small\"><blockquote><p>Da prescri\u00e7\u00e3o&nbsp;<br>Art. 70 &#8211; Todas as a\u00e7\u00f5es contra o aceitante relativas a letras prescrevem em tr\u00eas anos a contar do seu vencimento. As a\u00e7\u00f5es ao portador contra os endossantes e contra o sacador prescrevem num ano, a contar da data do protesto feito em tempo \u00fatil ou da data do vencimento, se trata de letra que contenha cl\u00e1usula &#8220;sem despesas.&nbsp;&nbsp;&nbsp;&nbsp;&nbsp;&nbsp;&nbsp;&nbsp;&nbsp;&nbsp;&nbsp;&nbsp;&nbsp;&nbsp;&nbsp;&nbsp;&nbsp;&nbsp;&nbsp;&nbsp;&nbsp;&nbsp;&nbsp;&nbsp;&nbsp;&nbsp;&nbsp;&nbsp;&nbsp;&nbsp;&nbsp;&nbsp;&nbsp;&nbsp;&nbsp;&nbsp;&nbsp;&nbsp;&nbsp;&nbsp;<br>As a\u00e7\u00f5es dos endossantes uns contra os outros e contra o sacador prescrevem em seis meses a contar do dia em que o endossante pagou a letra ou em que ele pr\u00f3prio foi acionado.&nbsp;<\/p><\/blockquote><\/figure>\n\n\n\n<p>O <a href=\"http:\/\/www.planalto.gov.br\/ccivil_03\/decreto\/historicos\/dpl\/DPL2044-1908.htm\" target=\"_blank\" rel=\"noopener\">Decreto n\u00ba 2.044\/1908<\/a> estabelecia 5 anos para o credor promover a a\u00e7\u00e3o cambial, sendo este o principal ponto do artigo 70 da LUG, que <strong>fixa o prazo de 3 anos, a contar da data de vencimento, para o credor do t\u00edtulo cambial<\/strong>. Este prazo estabelecido tamb\u00e9m se aplica ao avalista do emitente, conforme complementa o artigo 78 da referida legisla\u00e7\u00e3o.<\/p>\n\n\n\n<p>Segundo o STJ:&nbsp;<\/p>\n\n\n\n<blockquote class=\"wp-block-quote is-layout-flow wp-block-quote-is-layout-flow\">\n<p><em>A jurisprud\u00eancia desta Corte orienta que \u2018o art. 70 da Lei Uniforme de Genebra, aprovada pelo Decreto 57.663\/1966, fixa em tr\u00eas anos a prescri\u00e7\u00e3o do t\u00edtulo cambial. A prescri\u00e7\u00e3o da a\u00e7\u00e3o cambiariforme, no entanto, n\u00e3o fulmina o pr\u00f3prio cr\u00e9dito, que poder\u00e1 ser perseguido por outros meios\u2019 (REsp 1.169.666\/RS, Rel. Min. Hermam Benjamin, DJe 4.3.2010)\u201d.<\/em><\/p>\n<\/blockquote>\n\n\n\n<p>E ainda:<\/p>\n\n\n\n<figure class=\"wp-block-pullquote\"><blockquote><p>PROCESSUAL CIVIL. AGRAVO INTERNO NOS EMBARGOS DE DECLARA\u00c7\u00c3O NO AGRAVO INTERNO NO AGRAVO EM RECURSO ESPECIAL. EXECU\u00c7\u00c3O DE T\u00cdTULO EXTRAJUDICIAL. C\u00c9DULA DE CR\u00c9DITO BANC\u00c1RIA. PRESCRI\u00c7\u00c3O TRIENAL. LUG. S\u00daMULA N. 568 DO STJ. DECIS\u00c3O MANTIDA.<br>1. Conforme constou da monocr\u00e1tica que conheceu do agravo nos pr\u00f3prios autos para dar provimento ao recurso especial, em se tratando de execu\u00e7\u00e3o lastreada em c\u00e9dula de cr\u00e9dito banc\u00e1ria, <strong>deve ser observada a norma espec\u00edfica do art. 70 da Lei Uniforme de Genebra (internalizada pelo Decreto n. 57.663\/1966) &#8211; que prev\u00ea o prazo prescricional de 3 (tr\u00eas) anos, a contar do vencimento da d\u00edvida.<\/strong> Como o Tribunal de origem n\u00e3o declinou a data em que a d\u00edvida venceu, necess\u00e1ria a devolu\u00e7\u00e3o dos autos para novo julgamento do recurso, \u00e0 luz da jurisprud\u00eancia do STJ quanto \u00e0 mat\u00e9ria sobre prescri\u00e7\u00e3o da c\u00e9dula de cr\u00e9dito banc\u00e1ria. Nada em tais conclus\u00f5es encontra \u00f3bice nas S\u00famulas n. 5 ou 7 do STJ.<br>2. Agravo interno a que se nega provimento.<br>(STJ &#8211; AgInt nos EDcl no AgInt no AREsp n. 1.726.797\/RJ, relator Ministro Antonio Carlos Ferreira, Quarta Turma, julgado em 22\/11\/2021, DJe de 26\/11\/2021.)<\/p><cite>ler mais<\/cite><\/blockquote><\/figure>\n\n\n\n<h3 class=\"wp-block-heading\">Artigo 71 da Lei Uniforme de Genebra<\/h3>\n\n\n\n<p>No artigo 71 da Lei Uniforme de Genebra est\u00e1 interligado com o artigo anterior, considerando que este tamb\u00e9m se refere ao prazo, determinando que a <strong>interrup\u00e7\u00e3o da prescri\u00e7\u00e3o ocorre apenas para aquele ingressar com a a\u00e7\u00e3o de execu\u00e7\u00e3o do t\u00edtulo<\/strong>, n\u00e3o se estendendo aos demais credores, se houver.<\/p>\n\n\n\n<figure class=\"wp-block-pullquote classe bq-small\"><blockquote><p>Art. 71 &#8211; A interrup\u00e7\u00e3o da prescri\u00e7\u00e3o s\u00f3 produz efeito em rela\u00e7\u00e3o a pessoa para quem a interrup\u00e7\u00e3o foi feita.<\/p><\/blockquote><\/figure>\n\n\n\n<p>Note-se a jurisprud\u00eancia:<\/p>\n\n\n\n<h4 class=\"wp-block-heading\">STJ. REsp n. 1.835.278\/PR, relatora Ministra Nancy Andrighi, Terceira Turma, julgado em 6\/10\/2020, DJe de 15\/10\/2020.<\/h4>\n\n\n\n<figure class=\"wp-block-pullquote classe bq-small\"><blockquote><p>DIREITO CIVIL. RECURSO ESPECIAL. A\u00c7\u00c3O DE EXECU\u00c7\u00c3O DE T\u00cdTULO EXECUTIVO EXTRAJUDICIAL. C\u00c9DULA DE CR\u00c9DITO RURAL. EXCE\u00c7\u00c3O DE PR\u00c9-EXECUTIVIDADE. CITA\u00c7\u00c3O DA AVALISTA. INTERRUP\u00c7\u00c3O DA PRESCRI\u00c7\u00c3O EM RELA\u00c7\u00c3O AO DEVEDOR PRINCIPAL. N\u00c3O OCORR\u00caNCIA. APLICA\u00c7\u00c3O DO ART. 71 DA LEI UNIFORME DE GENEBRA.<br>1. A\u00e7\u00e3o de execu\u00e7\u00e3o de t\u00edtulo executivo extrajudicial &#8211; c\u00e9dula de cr\u00e9dito rural. Exce\u00e7\u00e3o de pr\u00e9-executividade.<br>2. A\u00e7\u00e3o ajuizada em 05\/03\/2013. Recurso especial concluso ao gabinete em 12\/11\/2019. Julgamento: CPC\/2015.<br>3. O prop\u00f3sito recursal \u00e9 definir se, na a\u00e7\u00e3o de execu\u00e7\u00e3o de c\u00e9dula de cr\u00e9dito rural, a interrup\u00e7\u00e3o da prescri\u00e7\u00e3o ocorrida em rela\u00e7\u00e3o \u00e0 avalista aproveita ao devedor principal.<br>4. \u00c0 luz do art. 60 do Decreto-Lei 167\/67, aplica-se \u00e0s c\u00e9dulas de cr\u00e9dito rural, no que couber, a legisla\u00e7\u00e3o cambial. Assim, \u00e0 pretens\u00e3o de execu\u00e7\u00e3o de c\u00e9dula de cr\u00e9dito rural aplicam-se \u00e0s disposi\u00e7\u00f5es da Lei Uniforme de Genebra. Precedentes.<br>5. Ao contr\u00e1rio do que ocorre no regime geral do C\u00f3digo Civil, a interrup\u00e7\u00e3o da prescri\u00e7\u00e3o cambial s\u00f3 produz efeitos personal\u00edssimos, isto \u00e9, n\u00e3o atinge os demais devedores solid\u00e1rios da rela\u00e7\u00e3o jur\u00eddica (art. 71 da Lei Uniforme de Genebra).<br>6. Recurso especial conhecido e provido.<\/p><\/blockquote><\/figure>\n\n\n\n<p>A <strong>interrup\u00e7\u00e3o provoca o rein\u00edcio do prazo prescricional<\/strong>, uma vez verificada. A suspens\u00e3o apenas abre um lapso de tempo na prescri\u00e7\u00e3o que corre, reiniciando quando desaparecer a causa que a provocou.<\/p>\n\n\n\n<p>As hip\u00f3teses de interrup\u00e7\u00e3o e suspens\u00e3o est\u00e3o no direito comum, aplicando-se ao direito cambi\u00e1rio.<\/p>\n\n\n\n<p>Acrescenta-se que o <strong>protesto do t\u00edtulo n\u00e3o tem o efeito de interromper a prescri\u00e7\u00e3o.<\/strong> Tem-se acentuado que somente o protesto judicial provoca a interrup\u00e7\u00e3o, tanto que adveio a S\u00famula n\u00ba 153 do STF, de 1961, nos seguintes termos:<\/p>\n\n\n\n<blockquote class=\"wp-block-quote is-layout-flow wp-block-quote-is-layout-flow\">\n<p><em>Simples protesto cambi\u00e1rio n\u00e3o interrompe a prescri\u00e7\u00e3o\u201d.<\/em><\/p>\n<\/blockquote>\n\n\n\n<h3 class=\"wp-block-heading\">Artigo 75 da Lei Uniforme de Genebra<\/h3>\n\n\n\n<figure class=\"wp-block-pullquote classe bq-small\"><blockquote><p>Art. 75 &#8211; A nota promiss\u00f3ria cont\u00e9m:&nbsp;&nbsp;&nbsp;&nbsp;&nbsp;&nbsp;&nbsp;&nbsp;&nbsp;&nbsp;&nbsp;&nbsp;&nbsp;&nbsp;&nbsp;&nbsp;&nbsp;&nbsp;&nbsp;&nbsp;&nbsp;&nbsp;&nbsp;&nbsp;&nbsp;&nbsp;&nbsp;&nbsp;&nbsp;&nbsp;&nbsp;<br>I. Denomina\u00e7\u00e3o &#8220;Nota Promiss\u00f3ria&#8221; inserta no pr\u00f3prio texto do t\u00edtulo e expressa na l\u00edngua empregada para a reda\u00e7\u00e3o desse t\u00edtulo;<br>II. A promessa pura e simples de pagar uma quantia determinada;&nbsp;&nbsp;<br>III. A \u00e9poca do pagamento;<br>IV. A indica\u00e7\u00e3o do lugar em que se deve efetuar o pagamento;&nbsp;&nbsp;&nbsp;<br>V. O nome da pessoa a quem ou a ordem de quem deve ser paga;&nbsp;<br>VI.&nbsp; A indica\u00e7\u00e3o da data em que e do lugar onde a nota promiss\u00f3ria \u00e9 passada;&nbsp;&nbsp;<br>VII. A assinatura de quem passa a nota promiss\u00f3ria (subscritor).<em>&nbsp;&nbsp;<\/em><\/p><\/blockquote><\/figure>\n\n\n\n<p>Os<strong> requisitos da nota promiss\u00f3ria s\u00e3o os do art. 75 da Lei Uniforme.<\/strong> Faltando algum desses requisitos, desde que essenciais, deve-se aplicar a regra do \u00a7 4\u00ba do art. 54, desconstituindo o t\u00edtulo. Unicamente esse dispositivo cont\u00e9m a desconstitui\u00e7\u00e3o, n\u00e3o incidindo o art. 10 da Lei Uniforme, diante da reserva do art. 3\u00ba do Anexo II.<\/p>\n\n\n\n<p>J\u00e1 o artigo 75 da referida lei, trata a respeito das caracter\u00edsticas necess\u00e1rias no corpo da nota promiss\u00f3ria para que possua valor cambial, que, segundo o artigo seguinte, o n\u00e3o preenchimento de algum desses requisitos n\u00e3o produzir\u00e1 efeito como nota promiss\u00f3ria.&nbsp;<\/p>\n\n\n\n<h2 class=\"wp-block-heading\">Conclus\u00e3o<\/h2>\n\n\n\n<p>Diante dos aspectos analisados acima, verificamos que a<strong> Lei Uniforme de Genebra foi desenvolvida com o objetivo de padronizar os aspectos e a aplica\u00e7\u00e3o das letras de c\u00e2mbio e das notas promiss\u00f3rias<\/strong>, a fim de aumentar a seguran\u00e7a e rapidez das rela\u00e7\u00f5es do com\u00e9rcio internacional.<\/p>\n\n\n\n<p>Contudo, com o passar do tempo, foram criadas diversas outras legisla\u00e7\u00f5es que abordam o tema, como a <a href=\"http:\/\/www.planalto.gov.br\/ccivil_03\/leis\/l7357.htm\" target=\"_blank\" rel=\"noopener\">Lei n\u00ba 7.357 de 1985<\/a> e o <a href=\"https:\/\/www.planalto.gov.br\/ccivil_03\/leis\/2002\/l10406compilada.htm\" target=\"_blank\" rel=\"noopener\">C\u00f3digo Civil de 2002<\/a>, mas que n\u00e3o revogam a LUG, uma vez que s\u00e3o utilizadas de forma complementar ou em assuntos silenciados pela Lei Uniforme.<\/p>\n\n\n\n<p>Note-se que a <strong>LUG tamb\u00e9m \u00e9 utilizada de forma complementar para suprir as omiss\u00f5es das legisla\u00e7\u00f5es concernentes a outros t\u00edtulos de cr\u00e9dito<\/strong>, tais como duplicatas, c\u00e9dula de cr\u00e9dito rural, c\u00e9dula de cr\u00e9dito banc\u00e1ria, entre outros.<\/p>\n\n\n\n<h3 class=\"wp-block-heading\">Mais conhecimento para voc\u00ea<\/h3>\n\n\n\n<ul class=\"wp-block-list\">\n<li><a href=\"https:\/\/www.aurum.com.br\/blog\/ata-notarial\/\">Veja o que \u00e9 a ata notarial e suas principais caracter\u00edsticas<\/a><\/li>\n\n\n\n<li><a href=\"https:\/\/www.aurum.com.br\/blog\/extradicao\/\">Extradi\u00e7\u00e3o: Veja o que \u00e9, quando cabe e como funciona no Brasil<\/a><\/li>\n\n\n\n<li><a href=\"https:\/\/www.aurum.com.br\/blog\/asilo-politico\/\">Entenda o que \u00e9 asilo pol\u00edtico e como ele funciona no Brasil<\/a><\/li>\n\n\n\n<li><a href=\"https:\/\/www.aurum.com.br\/blog\/lei-trabalhista-copa-do-mundo\/\">Lei trabalhista e a Copa do Mundo: \u00e9 poss\u00edvel folgar?<\/a><\/li>\n\n\n\n<li><a href=\"https:\/\/www.aurum.com.br\/blog\/dolo\/\">Entenda o conceito de dolo e quais as suas esp\u00e9cies<\/a><\/li>\n\n\n\n<li>Entenda o que \u00e9 e quais s\u00e3o os<a href=\"https:\/\/www.aurum.com.br\/blog\/tipos-de-sociedade-empresarial\/\"> tipos de sociedade empresarial<\/a><\/li>\n\n\n\n<li><a href=\"https:\/\/www.aurum.com.br\/blog\/pacta-sunt-servanda\/\">O que \u00e9 o princ\u00edpio do pacta sunt servanda e suas principais implica\u00e7\u00f5es<\/a><\/li>\n\n\n\n<li>Finalidade e os efeitos da <a href=\"https:\/\/www.aurum.com.br\/blog\/averbacao-premonitoria\/\">averba\u00e7\u00e3o premonit\u00f3ria<\/a><\/li>\n\n\n\n<li><a href=\"https:\/\/www.aurum.com.br\/blog\/mandado-de-seguranca\/\">Tire suas d\u00favidas sobre Mandado de Seguran\u00e7a e acesse modelo exclusivo<\/a><\/li>\n\n\n\n<li><a href=\"https:\/\/www.aurum.com.br\/blog\/sociedade-empresaria-limitada\/\">O que \u00e9 e como funciona a sociedade empres\u00e1ria limitada?<\/a><\/li>\n\n\n\n<li><a href=\"https:\/\/www.aurum.com.br\/blog\/periodo-de-graca\/\">Saiba como funciona e quais os prazos do per\u00edodo de gra\u00e7a<\/a><\/li>\n\n\n\n<li><a href=\"https:\/\/www.aurum.com.br\/blog\/liberdade-provisoria\/\">O que \u00e9 e quais s\u00e3o os tipos de Liberdade Provis\u00f3ria?<\/a><\/li>\n\n\n\n<li><a href=\"https:\/\/www.aurum.com.br\/blog\/nirf\/\">Entenda o que \u00e9 NIRF e veja como consultar!<\/a><\/li>\n<\/ul>\n\n\n<style>\r\n  .news-post {\r\n    background: url('https:\/\/www.aurum.com.br\/blog\/wp-content\/themes\/aurum\/img\/bg-news-artigo.svg') no-repeat top center #3C48AA;\r\n    padding: 1.5rem;\r\n    border-radius: 6px;\r\n    margin: 1rem 0;\r\n  }\r\n  .news-post .icone {\r\n    display: none;\r\n  }\r\n  .news-post .title {\r\n    font-weight: 700;\r\n    font-size: 16px;\r\n    line-height: 130%;\r\n    text-align: center;\r\n    letter-spacing: -0.5px;\r\n    color: #fff;\r\n    margin-bottom: .9375rem;\r\n  }\r\n  .news-post p {\r\n    font-size: .875rem;\r\n    line-height: 140%;\r\n    text-align: center;\r\n    color: #fff;\r\n    margin-bottom: 1.25rem;\r\n  }\r\n  .news-post .news_button_span {\r\n    font-size: .8125rem;\r\n    display: block;\r\n    padding: .125rem .3125rem;\r\n    color: #fff;\r\n    text-align:left;\r\n  }\r\n  .news-post .news_button_span a {\r\n    color: #fff !important;\r\n    text-decoration: underline;\r\n  }\r\n  .news-post form {\r\n    width: 100%;\r\n  }\r\n  .news-post label {\r\n    font-weight: 600;\r\n    font-size: .9375rem;\r\n    line-height: 1.5rem;\r\n    margin-bottom: .5rem;\r\n    color: #fff;\r\n    display: block;\r\n  }\r\n  .news-post input {\r\n    background: #fff;\r\n    border: 1px solid #CBCBD9;\r\n    box-sizing: border-box;\r\n    border-radius: 4px;\r\n    padding: .75rem 1rem;\r\n    width: 100%;\r\n  }\r\n  .news-post button {\r\n    margin-top: .875rem;\r\n    width: 100%;\r\n    min-width: auto;\r\n    background: #FCC632;\r\n    color: #3C48AA;\r\n  }\r\n  .news-post .input {\r\n    position: relative;\r\n    padding-bottom: 10px;\r\n  }\r\n  .news-post .error-message-ad {\r\n    font-size: .875rem;\r\n    line-height: 130%;\r\n    color: #D50021;\r\n    margin-left: 4px;\r\n  }\r\n  .news-post .error {\r\n    border: 1px solid #D50021;\r\n  }\r\n  .news-post #message-form-ad {\r\n    border-radius: 4px;\r\n    padding: 0.7rem;\r\n    font-size:0.8rem;\r\n    text-align: center;\r\n    align-items: center;\r\n    justify-content: center;\r\n    display: none;\r\n  }\r\n  .news-post #message-form-ad svg {\r\n    margin-right: 8px;\r\n  }\r\n\r\n  @media(min-width: 561px) {\r\n    .news-post {\r\n      position: relative;\r\n      background: url('https:\/\/www.aurum.com.br\/blog\/wp-content\/themes\/aurum\/img\/bg-news-artigo.svg') no-repeat top center #3C48AA;\r\n      width: calc(100% - 30px);\r\n    }\r\n    .news-post .icone {\r\n      display: block;\r\n      position: absolute;\r\n      right: -30px;\r\n      top: 65px;\r\n      max-width: 142px;\r\n      width: 100%;\r\n      height: auto;\r\n      margin: 0;\r\n    }\r\n    .news-post .title {\r\n      font-size: 1.125rem;\r\n      text-align: left;\r\n      \/* padding-right: 3.75rem; *\/\r\n    }\r\n    .news-post p {\r\n      font-size: 1rem;\r\n      text-align: left;\r\n      max-width: 400px;\r\n    }\r\n    .news-post .boxes {\r\n      display: flex;\r\n      align-items: flex-start;\r\n    }\r\n    .news-post button {\r\n      margin: 0 0 0 1rem;\r\n      width: 100%;\r\n      max-width: 170px;\r\n      min-width: auto;\r\n      transition: all ease .3s\r\n    }\r\n    .news-post button:hover {\r\n      opacity: 0.9;\r\n      transition: all ease .3s\r\n    }\r\n    .news-post #message-form-ad {\r\n      padding: 1.125rem;\r\n      font-size:1rem;\r\n    }\r\n    .news-post #message-form-ad svg {\r\n      margin-right: 10px;\r\n    }\r\n  }\r\n<\/style>\r\n\r\n<div class=\"news-post\">\r\n  <div class=\"title news-ad-title\">Gostou do artigo e quer evoluir a sua advocacia?<\/div>\r\n  <p class=\"news-ad-subtitle\">Assine gr\u00e1tis a Aurum News e receba uma dose semanal de conte\u00fado no seu e-mail! \u270c\ufe0f<\/p>\r\n  <img decoding=\"async\" src=\"https:\/\/www.aurum.com.br\/blog\/wp-content\/themes\/aurum\/img\/icon-news-artigo.svg\" alt=\"\" class=\"icone\">\r\n\r\n  <form method=\"post\" name=\"newsletter-ad\" id=\"aurum-newsletter-ad\">\r\n    <div class=boxes>\r\n      <div class=\"input\">\r\n        <label class=\"label-email\" htmlFor=\"email-ad\">Qual seu e-mail?<\/label>\r\n        <input type=\"email\" id=\"email-ad\" name=\"newsletter-mail-ad\" placeholder=\"Digite seu e-mail?\">\r\n        <div class=\"error-message-ad-email\">Endere\u00e7o de e-mail inv\u00e1lido ou incorreto<\/div>\r\n\r\n        <label class=\"label-select\" htmlFor=\"lawsuits-select-ad\">\r\n          Quantos processos voc\u00ea ou<br class=\"for-desktop\"\/> seu escrit\u00f3rio acompanham?\r\n        <\/label>\r\n        <div id=\"lawsuits-select-ad\" class=\"lawsuits-select select-wrapper\" tabindex=\"0\">\r\n          <div class=\"s-dropdown--styled\">\r\n          <span class=\"lawsuits-default\">\r\n            <span id=\"lawsuits-newsletter-ad\" class=\"lawsuits-default-text\" data-value=\"\">Selecione os processos<\/span>\r\n            <svg class=\"chevron\" xmlns=\"http:\/\/www.w3.org\/2000\/svg\" width=\"24\" height=\"25\" viewBox=\"0 0 24 25\" fill=\"none\">\r\n              <path d=\"M6 15.6152L12 9.61523L18 15.6152\" stroke=\"black\" stroke-width=\"2\" stroke-linecap=\"round\" stroke-linejoin=\"round\" \/>\r\n            <\/svg>\r\n          <\/span>\r\n\r\n          <ul class=\"s-dropdown u-hide\">\r\n            <li class=\"lawsuits\" data-value=\"Mais de 1000 processos\">Mais de 1000 processos<\/li>\r\n            <li class=\"lawsuits\" data-value=\"De 501 a 1000 processos\">De 501 a 1000 processos<\/li>\r\n            <li class=\"lawsuits\" data-value=\"De 151 a 500 processos\">De 151 a 500 processos<\/li>\r\n            <li class=\"lawsuits\" data-value=\"De 41 a 150 processos\">De 41 a 150 processos<\/li>\r\n            <li class=\"lawsuits\" data-value=\"At\u00e9 40 processos\">At\u00e9 40 processos<\/li>\r\n            <li class=\"lawsuits\" data-value=\"Atuo apenas no consultivo\">Atuo apenas no consultivo<\/li>\r\n            <li class=\"lawsuits\" data-value=\"Ainda sou estudante de direito\">Ainda sou estudante de direito<\/li>\r\n            <li class=\"lawsuits\" data-value=\"N\u00e3o sou da \u00e1rea jur\u00eddica\">N\u00e3o sou da \u00e1rea jur\u00eddica<\/li>\r\n          <\/ul>\r\n          <\/div>\r\n        <\/div>\r\n        <div class=\"error-message-ad-lawsuits\">Selecione algum processo<\/div>\r\n      <\/div>\r\n      <button class=\"btn btn-yellow ad-btn-desktop\" id=\"aurum-submit-ad\">Assinar gr\u00e1tis<\/button>\r\n      <button class=\"btn btn-yellow ad-btn-mobile\" id=\"aurum-submit-ad\">Assinar<\/button>\r\n    <\/div>\r\n    <span class=\"news_button_span\">Ao se cadastrar voc\u00ea declara que leu e aceitou a pol\u00edtica de privacidade e cookies do <a href=\"https:\/\/s3.sa-east-1.amazonaws.com\/publico.aurum.com.br\/contratos\/politica-de-privacidade.pdf\" target=\"_blank\" rel=\"noopener noreferrer\">site<\/a>.<\/span>\r\n  <\/form>\r\n  <div id=\"message-form-ad\"><\/div>\r\n<\/div>\n\n\n<p><em>Ficou com alguma d\u00favida? Compartilhe nos coment\u00e1rios! \ud83d\ude42<\/em><\/p>\n","protected":false},"excerpt":{"rendered":"<p>A Lei Uniforme de Genebra, promulgada pelo Decreto 57.663 de 1966, \u00e9 um conjunto de regras que padroniza as normas para contratos de compra e venda internacional, buscando estabelecer diretrizes justas e equilibradas para todas as partes envolvidas, independentemente do pa\u00eds onde ocorra a transa\u00e7\u00e3o. Conhecida popularmente como LUG, a Lei Uniforme de Genebra se [&hellip;]<\/p>\n","protected":false},"author":54,"featured_media":16786,"comment_status":"open","ping_status":"open","sticky":false,"template":"","format":"standard","meta":{"_bbp_topic_count":0,"_bbp_reply_count":0,"_bbp_total_topic_count":0,"_bbp_total_reply_count":0,"_bbp_voice_count":0,"_bbp_anonymous_reply_count":0,"_bbp_topic_count_hidden":0,"_bbp_reply_count_hidden":0,"_bbp_forum_subforum_count":0,"inline_featured_image":false,"footnotes":""},"categories":[27],"tags":[],"class_list":["post-16784","post","type-post","status-publish","format-standard","has-post-thumbnail","hentry","category-direito-empresarial"],"acf":[],"_links":{"self":[{"href":"https:\/\/www.aurum.com.br\/blog\/wp-json\/wp\/v2\/posts\/16784","targetHints":{"allow":["GET"]}}],"collection":[{"href":"https:\/\/www.aurum.com.br\/blog\/wp-json\/wp\/v2\/posts"}],"about":[{"href":"https:\/\/www.aurum.com.br\/blog\/wp-json\/wp\/v2\/types\/post"}],"author":[{"embeddable":true,"href":"https:\/\/www.aurum.com.br\/blog\/wp-json\/wp\/v2\/users\/54"}],"replies":[{"embeddable":true,"href":"https:\/\/www.aurum.com.br\/blog\/wp-json\/wp\/v2\/comments?post=16784"}],"version-history":[{"count":11,"href":"https:\/\/www.aurum.com.br\/blog\/wp-json\/wp\/v2\/posts\/16784\/revisions"}],"predecessor-version":[{"id":24682,"href":"https:\/\/www.aurum.com.br\/blog\/wp-json\/wp\/v2\/posts\/16784\/revisions\/24682"}],"wp:featuredmedia":[{"embeddable":true,"href":"https:\/\/www.aurum.com.br\/blog\/wp-json\/wp\/v2\/media\/16786"}],"wp:attachment":[{"href":"https:\/\/www.aurum.com.br\/blog\/wp-json\/wp\/v2\/media?parent=16784"}],"wp:term":[{"taxonomy":"category","embeddable":true,"href":"https:\/\/www.aurum.com.br\/blog\/wp-json\/wp\/v2\/categories?post=16784"},{"taxonomy":"post_tag","embeddable":true,"href":"https:\/\/www.aurum.com.br\/blog\/wp-json\/wp\/v2\/tags?post=16784"}],"curies":[{"name":"wp","href":"https:\/\/api.w.org\/{rel}","templated":true}]}}