{"id":15598,"date":"2022-07-25T17:42:17","date_gmt":"2022-07-25T20:42:17","guid":{"rendered":"https:\/\/www.aurum.com.br\/blog\/?p=15598"},"modified":"2023-05-03T12:25:48","modified_gmt":"2023-05-03T15:25:48","slug":"conheca-a-nova-ceo-da-aurum","status":"publish","type":"post","link":"https:\/\/www.aurum.com.br\/blog\/conheca-a-nova-ceo-da-aurum\/","title":{"rendered":"Conhe\u00e7a Marcela Quint, a nova CEO da Aurum"},"content":{"rendered":"<div id=\"bsf_rt_marker\"><\/div>\n<pre class=\"wp-block-preformatted\">A Aurum acaba de anunciar uma mudan\u00e7a na diretoria executiva. Marcela Quint, que at\u00e9 ent\u00e3o atuava como Diretora de Marketing, assume como CEO e substitui oficialmente a gest\u00e3o de Ant\u00f4nio Gerassi Neto, fundador da empresa e CEO desde 2005. A movimenta\u00e7\u00e3o acontece no momento em que a Aurum finaliza seu per\u00edodo de <em>earn-out<\/em> ap\u00f3s ter sido adquirida pela Vela Software, em 2019.&nbsp;<\/pre>\n\n\n\n<p>Marcela, que tem um v\u00ednculo antigo com a Aurum, vem se preparando para esse desafio h\u00e1 alguns anos. O momento chegou e decidimos compartilh\u00e1-lo com voc\u00ea de um jeito especial.<\/p>\n\n\n\n<p>Afinal, muito da proximidade que conseguimos manter com nossos clientes, usu\u00e1rios e leitores estando no mercado h\u00e1 quase 30 anos, sem d\u00favidas, vem do valor que damos para a transpar\u00eancia nas rela\u00e7\u00f5es que constru\u00edmos interna e externamente.&nbsp;<\/p>\n\n\n\n<p>Ent\u00e3o, vem acompanhar o papo que tivemos com a nossa nova CEO e saber mais sobre o presente e o futuro da Aurum. Continue a leitura. \ud83d\ude42&nbsp;<\/p>\n\n\n\n<h2 class=\"wp-block-heading\">Como voc\u00ea est\u00e1 encarando os primeiros momentos dessa mudan\u00e7a?<\/h2>\n\n\n\n<p><strong>Marcela:<\/strong> Estou me sentindo bastante tranquila e ao mesmo tempo muito empolgada! Iniciar um novo ciclo \u00e9 sempre uma aventura e <strong>desde o in\u00edcio de 2021 eu j\u00e1 estava me preparando<\/strong> para esse momento.&nbsp;<\/p>\n\n\n\n<p>Eu sei que nenhuma prepara\u00e7\u00e3o \u00e9 suficiente para a realidade do &#8220;ao vivo&#8221;. Sei tamb\u00e9m que \u00e9 a partir de agora, na viv\u00eancia, que as maiores li\u00e7\u00f5es e aprendizados v\u00e3o surgir. Estou muito disposta e motivada!<\/p>\n\n\n\n<h2 class=\"wp-block-heading\">Como foi a prepara\u00e7\u00e3o para este momento?<\/h2>\n\n\n\n<p><strong>Marcela:<\/strong> Al\u00e9m de ter me desenvolvido junto ao Neto [ex CEO] nos \u00faltimos dois anos, posso dizer que toda a minha trajet\u00f3ria tamb\u00e9m me capacitou. Fa\u00e7o parte da Aurum h\u00e1 12 anos e participei de toda a nossa evolu\u00e7\u00e3o desde ent\u00e3o \u2013 dos 500 aos mais de 12.000 clientes.&nbsp;<\/p>\n\n\n\n<p>Em todo esse tempo pude exercer diferentes pap\u00e9is e digo com tranquilidade que todos eles contribu\u00edram para o meu desenvolvimento e prepara\u00e7\u00e3o. Comecei como designer de produto, fui gerente e diretora de marketing. Atuei na constru\u00e7\u00e3o e no lan\u00e7amento do <a href=\"https:\/\/www.aurum.com.br\/astrea\">Astrea<\/a> e tamb\u00e9m ajudei a fortalecer o <a href=\"https:\/\/www.aurum.com.br\/themis-para-departamento-juridico\/\">Themis<\/a>.&nbsp;<\/p>\n\n\n\n<p>Fui parte da implementa\u00e7\u00e3o e constante otimiza\u00e7\u00e3o de todos os nossos processos internos, como os <a href=\"https:\/\/www.aurum.com.br\/blog\/okr-advocacia\/\">OKRs<\/a>, metodologias \u00e1geis e, recentemente, a ado\u00e7\u00e3o do modelo de <em>squads<\/em>. Al\u00e9m disso, fui umas das principais respons\u00e1veis por tirar o <a href=\"https:\/\/www.aurum.com.br\/blog\/aurum-summit\/\">Aurum Summit<\/a> do papel e entregar um evento incr\u00edvel para todas as advogadas e advogados participantes.\u00a0<\/p>\n\n\n\n<p>E \u00e9 claro que tamb\u00e9m li muitos livros e fiz cursos. Inclusive, finalizei, em mar\u00e7o deste ano, uma p\u00f3s-gradua\u00e7\u00e3o em Gest\u00e3o Emocional nas Organiza\u00e7\u00f5es pelo Instituto Israelita Albert Einstein.&nbsp;<\/p>\n\n\n\n<p>\u00c9 uma trajet\u00f3ria longa que ainda est\u00e1 em constru\u00e7\u00e3o, e eu estou muito feliz com esse novo momento.<\/p>\n\n\n\n<h2 class=\"wp-block-heading\">Os clientes e usu\u00e1rios dos softwares da Aurum devem esperar alguma mudan\u00e7a?<\/h2>\n\n\n\n<p><strong>Marcela:<\/strong> Para os nossos clientes, tudo segue da mesma forma. Seguiremos desenvolvendo os <a href=\"https:\/\/www.aurum.com.br\/blog\/melhor-software-juridico-do-mercado\/\">melhores softwares jur\u00eddicos do mercado<\/a>, aperfei\u00e7oando cada vez mais as nossas solu\u00e7\u00f5es para atender advogados e advogadas de todo o pa\u00eds, com as melhores tecnologias unidas a um time extremamente competente e bem qualificado.&nbsp;<\/p>\n\n\n\n<p>Seguiremos construindo um futuro mais pr\u00f3spero e inovador para a Aurum e para os nossos clientes, sejam eles profissionais aut\u00f4nomos, atuantes em escrit\u00f3rios ou em <a href=\"https:\/\/www.aurum.com.br\/blog\/departamento-juridico\/\">departamentos jur\u00eddicos<\/a>.<\/p>\n\n\n\n<h2 class=\"wp-block-heading\">Qual a sua maior miss\u00e3o como CEO da Aurum?<\/h2>\n\n\n\n<p><strong>Marcela:<\/strong> Meu objetivo \u00e9 consolidar todo o crescimento que viemos trabalhando nos \u00faltimos anos e<strong> transformar a Aurum de fato na maior <\/strong><a href=\"https:\/\/www.aurum.com.br\/blog\/lawtech-e-legaltech\/\"><strong>lawtech<\/strong><\/a><strong> da Am\u00e9rica Latina<\/strong>. Para isso, eu e todo o time vamos trabalhar em 3 principais pilares: pessoas, receita e inova\u00e7\u00e3o.&nbsp;<\/p>\n\n\n\n<p>Sobre <strong>Pessoas<\/strong>, a ideia \u00e9 criar uma mec\u00e2nica que fortale\u00e7a ainda mais a nossa cultura levando em considera\u00e7\u00e3o o modelo de trabalho remoto.&nbsp;<\/p>\n\n\n\n<p>Sobre <strong>Receita,<\/strong> a ideia \u00e9 continuarmos com a nossa alta performance e melhorarmos cada vez mais a estrutura de <em>squads<\/em>, para que receita e produto caminhem unidos e tamb\u00e9m pra gente garantir que cada um dos projetos e iniciativas receba a aten\u00e7\u00e3o que \u00e9 necess\u00e1ria.<\/p>\n\n\n\n<p>E por \u00faltimo, sobre<strong> inova\u00e7\u00e3o<\/strong>, a ideia \u00e9 que cada vez mais a gente se utilize de dados e da proximidade com nossos clientes para experimentar e desenvolver coisas novas, dando continuidade ao movimento de renova\u00e7\u00e3o constante que a Aurum sempre teve.<\/p>\n\n\n\n<h2 class=\"wp-block-heading\">Quais s\u00e3o as expectativas de crescimento da Aurum para os pr\u00f3ximos anos?<\/h2>\n\n\n\n<p><strong>Marcela: <\/strong>Desde 2019 apresentamos um crescimento consistente, entre 35% a 40% ao ano. Para 2022, a expectativa \u00e9 um crescimento de 42% em receita l\u00edquida.&nbsp;<\/p>\n\n\n\n<p>Hoje contamos com uma base de mais de 12.000 clientes e 85.000 advogados. Nossa expectativa \u00e9 de que em 5 anos a gente triplique esses n\u00fameros, chegando a atender mais de 200.000 advogados e advogadas.&nbsp;<\/p>\n\n\n\n<p><em>Esse foi o bate-papo com a nossa CEO, Marcela Quint. Esperamos ter conseguido matar sua curiosidade, sanar suas d\u00favidas e apresentar um pouquinho mais sobre a gente e a nossa miss\u00e3o.<\/em> \ud83d\ude09&nbsp;<\/p>\n\n\n<style>\r\n  .news-post {\r\n    background: url('https:\/\/www.aurum.com.br\/blog\/wp-content\/themes\/aurum\/img\/bg-news-artigo.svg') no-repeat top center #3C48AA;\r\n    padding: 1.5rem;\r\n    border-radius: 6px;\r\n    margin: 1rem 0;\r\n  }\r\n  .news-post .icone {\r\n    display: none;\r\n  }\r\n  .news-post .title {\r\n    font-weight: 700;\r\n    font-size: 16px;\r\n    line-height: 130%;\r\n    text-align: center;\r\n    letter-spacing: -0.5px;\r\n    color: #fff;\r\n    margin-bottom: .9375rem;\r\n  }\r\n  .news-post p {\r\n    font-size: .875rem;\r\n    line-height: 140%;\r\n    text-align: center;\r\n    color: #fff;\r\n    margin-bottom: 1.25rem;\r\n  }\r\n  .news-post .news_button_span {\r\n    font-size: .8125rem;\r\n    display: block;\r\n    padding: .125rem .3125rem;\r\n    color: #fff;\r\n    text-align:left;\r\n  }\r\n  .news-post .news_button_span a {\r\n    color: #fff !important;\r\n    text-decoration: underline;\r\n  }\r\n  .news-post form {\r\n    width: 100%;\r\n  }\r\n  .news-post label {\r\n    font-weight: 600;\r\n    font-size: .9375rem;\r\n    line-height: 1.5rem;\r\n    margin-bottom: .5rem;\r\n    color: #fff;\r\n    display: block;\r\n  }\r\n  .news-post input {\r\n    background: #fff;\r\n    border: 1px solid #CBCBD9;\r\n    box-sizing: border-box;\r\n    border-radius: 4px;\r\n    padding: .75rem 1rem;\r\n    width: 100%;\r\n  }\r\n  .news-post button {\r\n    margin-top: .875rem;\r\n    width: 100%;\r\n    min-width: auto;\r\n    background: #FCC632;\r\n    color: #3C48AA;\r\n  }\r\n  .news-post .input {\r\n    position: relative;\r\n    padding-bottom: 10px;\r\n  }\r\n  .news-post .error-message-ad {\r\n    font-size: .875rem;\r\n    line-height: 130%;\r\n    color: #D50021;\r\n    margin-left: 4px;\r\n  }\r\n  .news-post .error {\r\n    border: 1px solid #D50021;\r\n  }\r\n  .news-post #message-form-ad {\r\n    border-radius: 4px;\r\n    padding: 0.7rem;\r\n    font-size:0.8rem;\r\n    text-align: center;\r\n    align-items: center;\r\n    justify-content: center;\r\n    display: none;\r\n  }\r\n  .news-post #message-form-ad svg {\r\n    margin-right: 8px;\r\n  }\r\n\r\n  @media(min-width: 561px) {\r\n    .news-post {\r\n      position: relative;\r\n      background: url('https:\/\/www.aurum.com.br\/blog\/wp-content\/themes\/aurum\/img\/bg-news-artigo.svg') no-repeat top center #3C48AA;\r\n      width: calc(100% - 30px);\r\n    }\r\n    .news-post .icone {\r\n      display: block;\r\n      position: absolute;\r\n      right: -30px;\r\n      top: 65px;\r\n      max-width: 142px;\r\n      width: 100%;\r\n      height: auto;\r\n      margin: 0;\r\n    }\r\n    .news-post .title {\r\n      font-size: 1.125rem;\r\n      text-align: left;\r\n      \/* padding-right: 3.75rem; *\/\r\n    }\r\n    .news-post p {\r\n      font-size: 1rem;\r\n      text-align: left;\r\n      max-width: 400px;\r\n    }\r\n    .news-post .boxes {\r\n      display: flex;\r\n      align-items: flex-start;\r\n    }\r\n    .news-post button {\r\n      margin: 0 0 0 1rem;\r\n      width: 100%;\r\n      max-width: 170px;\r\n      min-width: auto;\r\n      transition: all ease .3s\r\n    }\r\n    .news-post button:hover {\r\n      opacity: 0.9;\r\n      transition: all ease .3s\r\n    }\r\n    .news-post #message-form-ad {\r\n      padding: 1.125rem;\r\n      font-size:1rem;\r\n    }\r\n    .news-post #message-form-ad svg {\r\n      margin-right: 10px;\r\n    }\r\n  }\r\n<\/style>\r\n\r\n<div class=\"news-post\">\r\n  <div class=\"title news-ad-title\">Gostou do artigo e quer evoluir a sua advocacia?<\/div>\r\n  <p class=\"news-ad-subtitle\">Assine gr\u00e1tis a Aurum News e receba uma dose semanal de conte\u00fado no seu e-mail! \u270c\ufe0f<\/p>\r\n  <img decoding=\"async\" src=\"https:\/\/www.aurum.com.br\/blog\/wp-content\/themes\/aurum\/img\/icon-news-artigo.svg\" alt=\"\" class=\"icone\">\r\n\r\n  <form method=\"post\" name=\"newsletter-ad\" id=\"aurum-newsletter-ad\">\r\n    <div class=boxes>\r\n      <div class=\"input\">\r\n        <label class=\"label-email\" htmlFor=\"email-ad\">Qual seu e-mail?<\/label>\r\n        <input type=\"email\" id=\"email-ad\" name=\"newsletter-mail-ad\" placeholder=\"Digite seu e-mail?\">\r\n        <div class=\"error-message-ad-email\">Endere\u00e7o de e-mail inv\u00e1lido ou incorreto<\/div>\r\n\r\n        <label class=\"label-select\" htmlFor=\"lawsuits-select-ad\">\r\n          Quantos processos voc\u00ea ou<br class=\"for-desktop\"\/> seu escrit\u00f3rio acompanham?\r\n        <\/label>\r\n        <div id=\"lawsuits-select-ad\" class=\"lawsuits-select select-wrapper\" tabindex=\"0\">\r\n          <div class=\"s-dropdown--styled\">\r\n          <span class=\"lawsuits-default\">\r\n            <span id=\"lawsuits-newsletter-ad\" class=\"lawsuits-default-text\" data-value=\"\">Selecione os processos<\/span>\r\n            <svg class=\"chevron\" xmlns=\"http:\/\/www.w3.org\/2000\/svg\" width=\"24\" height=\"25\" viewBox=\"0 0 24 25\" fill=\"none\">\r\n              <path d=\"M6 15.6152L12 9.61523L18 15.6152\" stroke=\"black\" stroke-width=\"2\" stroke-linecap=\"round\" stroke-linejoin=\"round\" \/>\r\n            <\/svg>\r\n          <\/span>\r\n\r\n          <ul class=\"s-dropdown u-hide\">\r\n            <li class=\"lawsuits\" data-value=\"Mais de 1000 processos\">Mais de 1000 processos<\/li>\r\n            <li class=\"lawsuits\" data-value=\"De 501 a 1000 processos\">De 501 a 1000 processos<\/li>\r\n            <li class=\"lawsuits\" data-value=\"De 151 a 500 processos\">De 151 a 500 processos<\/li>\r\n            <li class=\"lawsuits\" data-value=\"De 41 a 150 processos\">De 41 a 150 processos<\/li>\r\n            <li class=\"lawsuits\" data-value=\"At\u00e9 40 processos\">At\u00e9 40 processos<\/li>\r\n            <li class=\"lawsuits\" data-value=\"Atuo apenas no consultivo\">Atuo apenas no consultivo<\/li>\r\n            <li class=\"lawsuits\" data-value=\"Ainda sou estudante de direito\">Ainda sou estudante de direito<\/li>\r\n            <li class=\"lawsuits\" data-value=\"N\u00e3o sou da \u00e1rea jur\u00eddica\">N\u00e3o sou da \u00e1rea jur\u00eddica<\/li>\r\n          <\/ul>\r\n          <\/div>\r\n        <\/div>\r\n        <div class=\"error-message-ad-lawsuits\">Selecione algum processo<\/div>\r\n      <\/div>\r\n      <button class=\"btn btn-yellow ad-btn-desktop\" id=\"aurum-submit-ad\">Assinar gr\u00e1tis<\/button>\r\n      <button class=\"btn btn-yellow ad-btn-mobile\" id=\"aurum-submit-ad\">Assinar<\/button>\r\n    <\/div>\r\n    <span class=\"news_button_span\">Ao se cadastrar voc\u00ea declara que leu e aceitou a pol\u00edtica de privacidade e cookies do <a href=\"https:\/\/s3.sa-east-1.amazonaws.com\/publico.aurum.com.br\/contratos\/politica-de-privacidade.pdf\" target=\"_blank\" rel=\"noopener noreferrer\">site<\/a>.<\/span>\r\n  <\/form>\r\n  <div id=\"message-form-ad\"><\/div>\r\n<\/div>\n\n\n<p><em>Gosta dos conte\u00fados que produzimos para o Portal da Aurum? Ent\u00e3o n\u00e3o deixe de se cadastrar na Aurum News e ficar por dentro do que acontece por aqui e no universo jur\u00eddico e tecnol\u00f3gico em primeira m\u00e3o!<\/em><\/p>\n","protected":false},"excerpt":{"rendered":"<p>A Aurum acaba de anunciar uma mudan\u00e7a na diretoria executiva. Marcela Quint, que at\u00e9 ent\u00e3o atuava como Diretora de Marketing, assume como CEO e substitui oficialmente a gest\u00e3o de Ant\u00f4nio Gerassi Neto, fundador da empresa e CEO desde 2005. A movimenta\u00e7\u00e3o acontece no momento em que a Aurum finaliza seu per\u00edodo de earn-out ap\u00f3s ter [&hellip;]<\/p>\n","protected":false},"author":7,"featured_media":15599,"comment_status":"open","ping_status":"open","sticky":false,"template":"","format":"standard","meta":{"_bbp_topic_count":0,"_bbp_reply_count":0,"_bbp_total_topic_count":0,"_bbp_total_reply_count":0,"_bbp_voice_count":0,"_bbp_anonymous_reply_count":0,"_bbp_topic_count_hidden":0,"_bbp_reply_count_hidden":0,"_bbp_forum_subforum_count":0,"inline_featured_image":false,"footnotes":""},"categories":[11,46],"tags":[],"class_list":["post-15598","post","type-post","status-publish","format-standard","has-post-thumbnail","hentry","category-astrea","category-themis"],"acf":[],"_links":{"self":[{"href":"https:\/\/www.aurum.com.br\/blog\/wp-json\/wp\/v2\/posts\/15598","targetHints":{"allow":["GET"]}}],"collection":[{"href":"https:\/\/www.aurum.com.br\/blog\/wp-json\/wp\/v2\/posts"}],"about":[{"href":"https:\/\/www.aurum.com.br\/blog\/wp-json\/wp\/v2\/types\/post"}],"author":[{"embeddable":true,"href":"https:\/\/www.aurum.com.br\/blog\/wp-json\/wp\/v2\/users\/7"}],"replies":[{"embeddable":true,"href":"https:\/\/www.aurum.com.br\/blog\/wp-json\/wp\/v2\/comments?post=15598"}],"version-history":[{"count":4,"href":"https:\/\/www.aurum.com.br\/blog\/wp-json\/wp\/v2\/posts\/15598\/revisions"}],"predecessor-version":[{"id":18267,"href":"https:\/\/www.aurum.com.br\/blog\/wp-json\/wp\/v2\/posts\/15598\/revisions\/18267"}],"wp:featuredmedia":[{"embeddable":true,"href":"https:\/\/www.aurum.com.br\/blog\/wp-json\/wp\/v2\/media\/15599"}],"wp:attachment":[{"href":"https:\/\/www.aurum.com.br\/blog\/wp-json\/wp\/v2\/media?parent=15598"}],"wp:term":[{"taxonomy":"category","embeddable":true,"href":"https:\/\/www.aurum.com.br\/blog\/wp-json\/wp\/v2\/categories?post=15598"},{"taxonomy":"post_tag","embeddable":true,"href":"https:\/\/www.aurum.com.br\/blog\/wp-json\/wp\/v2\/tags?post=15598"}],"curies":[{"name":"wp","href":"https:\/\/api.w.org\/{rel}","templated":true}]}}