{"id":15387,"date":"2022-06-22T14:20:22","date_gmt":"2022-06-22T17:20:22","guid":{"rendered":"https:\/\/www.aurum.com.br\/blog\/?p=15387"},"modified":"2023-06-14T11:29:33","modified_gmt":"2023-06-14T14:29:33","slug":"coacao","status":"publish","type":"post","link":"https:\/\/www.aurum.com.br\/blog\/coacao\/","title":{"rendered":"Entenda o que \u00e9 coa\u00e7\u00e3o e quais os requisitos para provar"},"content":{"rendered":"<div id=\"bsf_rt_marker\"><\/div>\n<pre class=\"wp-block-preformatted\">A <strong>coa\u00e7\u00e3o<\/strong> \u00e9 o ato de constranger algu\u00e9m para que, sob fundado temor, este algu\u00e9m pratique a\u00e7\u00e3o ou omiss\u00e3o contra sua vontade. A coa\u00e7\u00e3o poder\u00e1 ser f\u00edsica, quando o agente utilizar da for\u00e7a para obrigar a v\u00edtima, ou moral, quando o agente praticar grave amea\u00e7a \u00e0 v\u00edtima.<\/pre>\n\n\n\n<script type=\"application\/ld+json\">\n{\n  \"@context\": \"https:\/\/schema.org\",\n  \"@type\": \"FAQPage\",\n  \"mainEntity\": [{\n    \"@type\": \"Question\",\n    \"name\": \"O que \u00e9 coa\u00e7\u00e3o para o Direito?\",\n    \"acceptedAnswer\": {\n      \"@type\": \"Answer\",\n      \"text\": \"Como dito anteriormente, a coa\u00e7\u00e3o \u00e9 o ato de constranger algu\u00e9m para que, sob fundado temor f\u00edsico ou moral, tal pessoa pratique a\u00e7\u00e3o ou omiss\u00e3o contra a sua pr\u00f3pria vontade.\"\n    }\n  },{\n    \"@type\": \"Question\",\n    \"name\": \"Quais s\u00e3o os tipos de coa\u00e7\u00e3o?\",\n    \"acceptedAnswer\": {\n      \"@type\": \"Answer\",\n      \"text\": \"A coa\u00e7\u00e3o pode ser f\u00edsica, conforme prev\u00ea o C\u00f3digo Penal, caso em que somente a conduta do autor da coa\u00e7\u00e3o ser\u00e1 pun\u00edvel, ou moral, conforme previs\u00e3o do C\u00f3digo Civil.\"\n    }\n  }]\n}\n<\/script>\n\n\n\n<p>A coa\u00e7\u00e3o \u00e9 caracterizada pelo ato de constranger algu\u00e9m para que este algu\u00e9m pratique a\u00e7\u00e3o ou omiss\u00e3o contra sua vontade. Ela \u00e9 considerada como f\u00edsica quando o agente utiliza da for\u00e7a para obrigar a v\u00edtima, como tipificada nos arts. 22 e 146, \u00a7 3\u00ba do C\u00f3digo Penal.&nbsp;<\/p>\n\n\n\n<p>Nesses casos, o fato t\u00edpico \u00e9 praticado pelo pr\u00f3prio coagido, sendo pun\u00edvel somente o ato do autor da coa\u00e7\u00e3o.<\/p>\n\n\n\n<p>Por outro lado, a coa\u00e7\u00e3o considerada como moral ocorre quando o agente pratica grave amea\u00e7a \u00e0 v\u00edtima, \u00e0 sua fam\u00edlia ou aos seus bens, e est\u00e1 prevista nos arts. 151 a 155 do C\u00f3digo Civil.<\/p>\n\n\n\n<p>Assim, a coa\u00e7\u00e3o mostra o v\u00edcio de vontade mais grave a macular um <a href=\"https:\/\/www.aurum.com.br\/blog\/negocio-juridico\/\">neg\u00f3cio jur\u00eddico<\/a>, uma vez que a v\u00edtima que praticou o ato tem total consci\u00eancia da vontade viciada que exprime, mas age dessa forma por estar sob fundado temor, f\u00edsico ou moral.<\/p>\n\n\n\n<p>Continue a leitura deste artigo para conhecer mais sobre os tipos de coa\u00e7\u00e3o e como desenvolv\u00ea-la. \ud83d\ude09<\/p>\n\n\n\n<h2 class=\"wp-block-heading\">O que \u00e9 coa\u00e7\u00e3o para o Direito?<\/h2>\n\n\n\n<p>A coa\u00e7\u00e3o \u00e9 o <strong>ato de constranger algu\u00e9m para que, sob fundado temor f\u00edsico ou moral, tal pessoa pratique a\u00e7\u00e3o ou omiss\u00e3o contra a sua pr\u00f3pria vontade<\/strong>.<\/p>\n\n\n\n<p>A coa\u00e7\u00e3o f\u00edsica, prevista como crime no art. 22 do <a href=\"http:\/\/www.planalto.gov.br\/ccivil_03\/decreto-lei\/del2848compilado.htm\" target=\"_blank\" rel=\"noopener\">C\u00f3digo Penal<\/a>, configura a nulidade absoluta do neg\u00f3cio jur\u00eddico, motivo pelo qual sua decreta\u00e7\u00e3o gera efeitos <em>ex tunc, <\/em>ou seja, retroativos.&nbsp;<\/p>\n\n\n\n<p>Esse crime \u00e9 descrito por Pablo Stolze e Rodolfo Pamplona como aquele que:<\/p>\n\n\n\n<blockquote class=\"wp-block-quote is-layout-flow wp-block-quote-is-layout-flow\">\n<p><em>age diretamente sobre o corpo da v\u00edtima. A doutrina entende que este tipo de coa\u00e7\u00e3o neutraliza completamente a manifesta\u00e7\u00e3o da vontade, tornando o neg\u00f3cio jur\u00eddico inexistente, e n\u00e3o simplesmente anul\u00e1vel.\u201d<\/em><\/p>\n<\/blockquote>\n\n\n\n<p>J\u00e1 a coa\u00e7\u00e3o moral, por sua vez, \u00e9 definida pelo art. 151 do <a href=\"http:\/\/www.planalto.gov.br\/ccivil_03\/leis\/2002\/l10406compilada.htm\" target=\"_blank\" rel=\"noopener\">C\u00f3digo Civil<\/a> como:<\/p>\n\n\n\n<blockquote class=\"wp-block-quote is-layout-flow wp-block-quote-is-layout-flow\">\n<p><em>um ato que deve incutir \u00e0 v\u00edtima fundado temor de dano iminente e consider\u00e1vel \u00e0 sua pessoa, \u00e0 sua fam\u00edlia, ou aos seus bens.\u201d<\/em><\/p>\n<\/blockquote>\n\n\n\n<p>Neste caso, estaremos diante de uma nulidade relativa, cuja decreta\u00e7\u00e3o gera efeitos <em>ex nunc, <\/em>ou seja, n\u00e3o retroativos, depende de argui\u00e7\u00e3o da parte interessada e possui prazo decadencial \u00e9 de quatro anos. Veremos mais \u00e0 frente que a amea\u00e7a ao exerc\u00edcio regular de um direito e o temor reverencial n\u00e3o caracterizam coa\u00e7\u00e3o moral.<br><br>Entenda o que \u00e9 e quando aplicar o <a href=\"https:\/\/www.aurum.com.br\/blog\/excludente-de-culpabilidade\/\">excludente de culpabilidade neste artigo.<\/a><\/p>\n\n\n\n<figure class=\"wp-block-image size-large\"><img decoding=\"async\" width=\"1024\" height=\"1024\" src=\"https:\/\/www.aurum.com.br\/blog\/wp-content\/uploads\/2022\/06\/o-que-e-coacao-1024x1024.jpg\" alt=\"Entenda o que \u00e9 coa\u00e7\u00e3o\" class=\"wp-image-15388\" srcset=\"https:\/\/www.aurum.com.br\/blog\/wp-content\/uploads\/2022\/06\/o-que-e-coacao-1024x1024.jpg 1024w, https:\/\/www.aurum.com.br\/blog\/wp-content\/uploads\/2022\/06\/o-que-e-coacao-300x300.jpg 300w, https:\/\/www.aurum.com.br\/blog\/wp-content\/uploads\/2022\/06\/o-que-e-coacao-150x150.jpg 150w, https:\/\/www.aurum.com.br\/blog\/wp-content\/uploads\/2022\/06\/o-que-e-coacao-768x768.jpg 768w, https:\/\/www.aurum.com.br\/blog\/wp-content\/uploads\/2022\/06\/o-que-e-coacao-96x96.jpg 96w, https:\/\/www.aurum.com.br\/blog\/wp-content\/uploads\/2022\/06\/o-que-e-coacao.jpg 1080w\" sizes=\"(max-width: 1024px) 100vw, 1024px\" \/><figcaption class=\"wp-element-caption\">Confira o que \u00e9 coa\u00e7\u00e3o para o Direito\n<\/figcaption><\/figure>\n\n\n\n<h2 class=\"wp-block-heading\">Quais s\u00e3o os tipos de coa\u00e7\u00e3o?<\/h2>\n\n\n\n<p>A <strong>coa\u00e7\u00e3o pode ser f\u00edsica<\/strong>, conforme prev\u00ea o C\u00f3digo Penal, caso em que somente a conduta do autor da coa\u00e7\u00e3o ser\u00e1 pun\u00edvel, <strong>ou moral<\/strong>, conforme previs\u00e3o do C\u00f3digo Civil.&nbsp;<\/p>\n\n\n\n<p>A seguir, vamos aprofundar os conceitos de cada uma das modalidades. Confira!<\/p>\n\n\n\n<h3 class=\"wp-block-heading\">Coa\u00e7\u00e3o f\u00edsica<\/h3>\n\n\n\n<p>Trata-se de uma <strong>modalidade absoluta de coa\u00e7\u00e3o que est\u00e1 prevista no C\u00f3digo Penal<\/strong> da seguinte forma:<\/p>\n\n\n\n<figure class=\"wp-block-pullquote classe bq-small\"><blockquote><p>Art. 22 &#8211; Se o fato \u00e9 cometido sob coa\u00e7\u00e3o irresist\u00edvel ou em estrita obedi\u00eancia a ordem, n\u00e3o manifestamente ilegal, de superior hier\u00e1rquico, s\u00f3 \u00e9 pun\u00edvel o autor da coa\u00e7\u00e3o ou da ordem.<\/p><\/blockquote><\/figure>\n\n\n\n<p>Vale pontuar que essa modalidade de coa\u00e7\u00e3o exige amea\u00e7a de mal grave e iminente para ser caracterizada. Isso significa que deve ser demonstrada a possibilidade do coator praticar a amea\u00e7a realizada, por si ou por interm\u00e9dio de terceiros, caso o coagido se recuse a praticar o ato que lhe \u00e9 imposto.<\/p>\n\n\n\n<p>Al\u00e9m disso, deve haver pondera\u00e7\u00e3o entre a amea\u00e7a e o ato exigido. Nas palavras do Prof. Andr\u00e9 Estefam:<\/p>\n\n\n\n<blockquote class=\"wp-block-quote is-layout-flow wp-block-quote-is-layout-flow\">\n<p><em>Exige-se, ademais, uma pondera\u00e7\u00e3o entre o ato exigido e o mal que se promete infligir. Assim, por exemplo, n\u00e3o ser\u00e1 irresist\u00edvel a promessa de ferir o coagido para convenc\u00ea-lo a matar outrem. Isto porque, ponderando-se os bens em situa\u00e7\u00e3o de risco proibido (integridade f\u00edsica e vida), n\u00e3o \u00e9 razo\u00e1vel exigir-se a supress\u00e3o do bem maior para evitar seja algu\u00e9m acometido de les\u00f5es corporais. Pode haver, por \u00f3bvio, situa\u00e7\u00f5es-limite, em que ser\u00e1 prefer\u00edvel decidir em favor daquele que sofreu a coa\u00e7\u00e3o. Por exemplo: imagine que uma pessoa seja obrigada a efetuar o disparo de arma de fogo letal contra um desconhecido, sob pena de, em se omitindo, ver amputado um de seus membros.<\/em> <em>Em resumo, para efeito da irresistibilidade, ser\u00e1 mister ater-se ao bin\u00f4mio imediatidade + pondera\u00e7\u00e3o.<\/em><sup>\u201d<\/sup><\/p>\n<\/blockquote>\n\n\n\n<p>Assim, presente o bin\u00f4mio de imediatidade e pondera\u00e7\u00e3o, restar\u00e1 caracterizada a coa\u00e7\u00e3o f\u00edsica, hip\u00f3tese em que o coagido ficar\u00e1 isento de pena mediante excludente de ilicitude prevista no C\u00f3digo Penal, sendo pun\u00edvel somente a conduta do autor da coa\u00e7\u00e3o.<\/p>\n\n\n\n<p>A <strong>coa\u00e7\u00e3o ser\u00e1 irresist\u00edvel nas hip\u00f3teses em que o coator empregar energia corporal para for\u00e7ar a v\u00edtima a cometer ato delituoso<\/strong>, fazendo com que a pessoa coagida fique impossibilitada de exercer seus movimentos de acordo com sua vontade, sendo, por exemplo, privada de sua liberdade.&nbsp;<\/p>\n\n\n\n<p>Nessa hip\u00f3tese, n\u00e3o haver\u00e1 excludente de ilicitude, mas sim a caracteriza\u00e7\u00e3o de conduta at\u00edpica, a qual n\u00e3o configura crime, uma vez que n\u00e3o h\u00e1 como se esperar conduta diversa do coagido.<\/p>\n\n\n\n<p>Para desconstituir um neg\u00f3cio firmado por coa\u00e7\u00e3o f\u00edsica, \u00e9 cab\u00edvel a\u00e7\u00e3o de anula\u00e7\u00e3o de ato jur\u00eddico, sendo que a Apela\u00e7\u00e3o C\u00edvel 2008.016431-5 aponta:<\/p>\n\n\n\n<blockquote class=\"wp-block-quote is-layout-flow wp-block-quote-is-layout-flow\">\n<p><em>Caracterizada a coa\u00e7\u00e3o, que se consuma mediante a submiss\u00e3o do coacto a uma viol\u00eancia ou constrangimento de cunho f\u00edsico ou moral, justificada est\u00e1 a anula\u00e7\u00e3o do neg\u00f3cio jur\u00eddico celebrado entre as partes.\u201d<\/em><\/p>\n<\/blockquote>\n\n\n\n<p>S\u00e3o <em>ex tunc <\/em>os efeitos da decis\u00e3o que decreta a nulidade do neg\u00f3cio, ou seja, retroativos, visto que o neg\u00f3cio jur\u00eddico esteve maculado desde o seu in\u00edcio e, portanto, n\u00e3o gera quaisquer efeitos v\u00e1lidos.<\/p>\n\n\n\n<h4 class=\"wp-block-heading\">TJSC, Apela\u00e7\u00e3o C\u00edvel n. 2008.016431-5, de Orleans, rel. Carlos Prud\u00eancio, Primeira C\u00e2mara de Direito Civil, j. 02-03-2010<\/h4>\n\n\n\n<p>Sobre o in\u00edcio do prazo prescricional para ingresso da respectiva a\u00e7\u00e3o judicial, vale citar decis\u00e3o proferida pelo Tribunal de Justi\u00e7a de Santa Catarina:<\/p>\n\n\n\n<figure class=\"wp-block-pullquote\"><blockquote><p>APELA\u00c7\u00c3O C\u00cdVEL. A\u00c7\u00c3O DE ANULA\u00c7\u00c3O DE ATO JUR\u00cdDICO C\/C PERDAS E DANOS. NEG\u00d3CIO REALIZADO SOB COA\u00c7\u00c3O. V\u00cdCIO DE VONTADE QUE CONTAMINA O NEG\u00d3CIO E ENSEJA NULIDADE DO ATO. Em a\u00e7\u00e3o de anula\u00e7\u00e3o de neg\u00f3cio jur\u00eddico, a demonstra\u00e7\u00e3o da ocorr\u00eancia de coa\u00e7\u00e3o na pr\u00e1tica do referido ato d\u00e1 azo \u00e0 sua anula\u00e7\u00e3o, isso porque &#8220;Caracterizada a coa\u00e7\u00e3o, que se consuma mediante a submiss\u00e3o do coacto a uma viol\u00eancia ou constrangimento de cunho f\u00edsico ou moral, justificada est\u00e1 a anula\u00e7\u00e3o do neg\u00f3cio jur\u00eddico celebrado entre as partes&#8221;. (AC 2006.037147-1 &#8211; Rel: Des. Fernando Carioni &#8211; DJ de 27-3-2007)&nbsp; &nbsp; ARGUI\u00c7\u00c3O DA PRESCRI\u00c7\u00c3O DO ARTIGO 178, \u00a79, INCISO V, D\u00d3 C\u00d3DIGO CIVIL DE 1916. INOCORR\u00caNCIA. TEM IN\u00cdCIO O PRAZO PRESCRICIONAL A CONTAR DA CESSA\u00c7\u00c3O DA COA\u00c7\u00c3O. RECURSO N\u00c3O PROVIDO.<br>&#8220;Com efeito, em se tratando de coa\u00e7\u00e3o o v\u00edcio ensejador da anula\u00e7\u00e3o do ato jur\u00eddico, o prazo prescricional de quatro anos come\u00e7ar\u00e1 a correr apenas ap\u00f3s a cessa\u00e7\u00e3o do ato coator&#8221;. (AC 2007.023684-0 &#8211; Rel: Desa. Maria do Rocio Luz Santa Ritta &#8211; DJ de 31-3-2009)<br><\/p><cite>ver mais<\/cite><\/blockquote><\/figure>\n\n\n\n<p>Assim, a coa\u00e7\u00e3o f\u00edsica, que deve observar o bin\u00f4mio de imediatidade e pondera\u00e7\u00e3o, <strong>gera punibilidade somente para o autor da coa\u00e7\u00e3o<\/strong> e o neg\u00f3cio jur\u00eddico que dela resultar poder\u00e1 ser desconstitu\u00eddo mediante decreta\u00e7\u00e3o judicial, no prazo prescricional de 04 quatro anos, a contar da cessa\u00e7\u00e3o do ato coator.<br><br>Conhe\u00e7a as hip\u00f3teses de <a href=\"https:\/\/www.aurum.com.br\/blog\/extincao-da-punibilidade\/\">extin\u00e7\u00e3o da punibilidade neste artigo.<\/a><\/p>\n\n\n\n<style>\n    #adpost-block_58bf02bb2b4273d2607224bb29e01ac6.anuncio-post-reverse {\n        display: flex;\n        gap: 24px;\n        border-radius: 8px;\n        width: 100%;\n        max-width: 752px;\n        padding: 40px;\n        background: #e7f4fe;\n        margin: 16px auto;\n    }\n\n    #adpost-block_58bf02bb2b4273d2607224bb29e01ac6 .anuncio-container {\n        display: flex;\n        flex-direction: column;\n        gap: 24px;\n        width: 100%;\n        max-width: 333px;\n    }\n\n    #adpost-block_58bf02bb2b4273d2607224bb29e01ac6 .anuncio-container .logo {\n        width: 100%;\n        max-width: 177px;\n        margin: 0;\n    }\n\n    #adpost-block_58bf02bb2b4273d2607224bb29e01ac6 .anuncio-text-container {\n        display: flex;\n        flex-direction: column;\n        gap: 24px;\n    }\n\n    #adpost-block_58bf02bb2b4273d2607224bb29e01ac6 .anuncio-text-container .title {\n        font-family: 'Ubuntu';\n        font-size: 1.5rem; \/\/24px\n        font-weight: 700;\n        line-height: 120%;\n        margin: 0;\n        color: #000;\n    }\n\n    #adpost-block_58bf02bb2b4273d2607224bb29e01ac6 .anuncio-text-container .text {\n        font-size: 0.875rem;\n        font-weight: 400;\n        line-height: 170%;\n        color: #000;\n    }\n\n    #adpost-block_58bf02bb2b4273d2607224bb29e01ac6 .anuncio-container .button {\n        display: inline-flex;\n        align-items: center;\n        justify-content: center;\n        width: fit-content;\n        height: 48px;\n        border-radius: 8px;\n        padding: 12px 24px;\n        font-size: 1rem;\n        font-weight: 600;\n        text-decoration: none;\n        background: #008fd5;\n        color: #fff;\n    }\n\n    #adpost-block_58bf02bb2b4273d2607224bb29e01ac6 .image-container {\n        position: relative;\n        width: 100%;\n        height: 100%;\n    }\n\n    #adpost-block_58bf02bb2b4273d2607224bb29e01ac6 .image-container.float {\n        min-height: 236px;\n    }\n\n    #adpost-block_58bf02bb2b4273d2607224bb29e01ac6 .image-container .image-desktop {\n        width: 100%;\n        max-width: 323px;\n        object-fit: contain;\n        margin: 0;\n    }\n\n    #adpost-block_58bf02bb2b4273d2607224bb29e01ac6 .image-container .image-mobile {\n        display: none;\n        width: 100%;\n        max-width: 291px;\n        object-fit: contain;\n        margin: 0;\n    }\n\n    #adpost-block_58bf02bb2b4273d2607224bb29e01ac6 .image-container.float .image-desktop,\n    #adpost-block_58bf02bb2b4273d2607224bb29e01ac6 .image-container.float .image-mobile {\n        position: absolute;\n        right: 0;\n        bottom: 0;\n    }\n\n    #adpost-block_58bf02bb2b4273d2607224bb29e01ac6 .image-container img {\n        border-radius: 8px;\n    }\n\n    \/************\n    * MOBILE \n    *************\/\n    @media (max-width: 1439px) {\n        #adpost-block_58bf02bb2b4273d2607224bb29e01ac6.anuncio-post-reverse {\n            flex-direction: column-reverse;\n            max-width: fit-content;\n            padding: 24px;\n        }\n\n        #adpost-block_58bf02bb2b4273d2607224bb29e01ac6 .anuncio-container {\n            max-width: 280px;\n            align-items: center;\n        }\n\n        #adpost-block_58bf02bb2b4273d2607224bb29e01ac6 .anuncio-container .logo {\n            max-width: 147px;\n        }\n\n        #adpost-block_58bf02bb2b4273d2607224bb29e01ac6 .anuncio-text-container {\n            gap: 8px;\n        }\n\n        #adpost-block_58bf02bb2b4273d2607224bb29e01ac6 .anuncio-text-container .title {\n            font-size: 1.25rem;\n            text-align: center;\n        }\n\n        #adpost-block_58bf02bb2b4273d2607224bb29e01ac6 .anuncio-text-container .text {\n            text-align: center;\n        }\n\n        #adpost-block_58bf02bb2b4273d2607224bb29e01ac6 .anuncio-container .button {\n            width: 100%;\n        }\n\n        #adpost-block_58bf02bb2b4273d2607224bb29e01ac6 .image-container.float {\n            min-height: 182px;\n        }\n\n        #adpost-block_58bf02bb2b4273d2607224bb29e01ac6 .image-container .image-desktop {\n            display: none;\n        }\n\n        #adpost-block_58bf02bb2b4273d2607224bb29e01ac6 .image-container .image-mobile {\n            display: block;\n        }\n    }\n\n    \/*******************\n    * RESET GLOBAL CSS \n    ********************\/\n    #s-post main article .content .image-container img {\n        margin: 0;\n    }\n<\/style>\n\n\n<article id=\"adpost-block_58bf02bb2b4273d2607224bb29e01ac6\" class=\"anuncio-post-reverse\">\n    <div class=\"anuncio-container\">\n        \n        <div class=\"anuncio-text-container\">\n             <h3 class=\"title\" >Seja protagonista da sua advocacia com o Astrea<\/h3>\n            <div class=\"text\" >Tenha tempo para focar no crescimento do seu escrit\u00f3rio, enquanto o Astrea cuida da sua gest\u00e3o jur\u00eddica com intelig\u00eancia.<\/div>        <\/div>\n       \n        <a class=\"button\" href=\"\/astrea\/?utm_source=blog&#038;utm_medium=adpost&#038;utm_campaign=campanha-marca-2026\" target=\"_self\">Conhe\u00e7a o Astrea<\/a>    <\/div>\n\n    <div class=\"image-container\">\n        <img decoding=\"async\" class=\"image-desktop\" src=\"https:\/\/www.aurum.com.br\/blog\/wp-content\/uploads\/2026\/03\/adpos-posicionamento-2026-desktop.png\" alt=\"\" \/>\n        <img decoding=\"async\" class=\"image-mobile\" src=\"https:\/\/www.aurum.com.br\/blog\/wp-content\/uploads\/2026\/03\/adpost-posicionamento-2026-mobile.png\" alt=\"\" \/>    <\/div>\n<\/article>\n\n\n<h3 class=\"wp-block-heading\">Coa\u00e7\u00e3o moral<\/h3>\n\n\n\n<p>A coa\u00e7\u00e3o moral ou relativa, por sua vez, \u00e9 <strong>aquela que causa justo temor \u00e0 v\u00edtima<\/strong> e est\u00e1 prevista no <a href=\"http:\/\/www.planalto.gov.br\/ccivil_03\/leis\/2002\/l10406compilada.htm\" target=\"_blank\" rel=\"noopener\">C\u00f3digo Civil<\/a> como:<\/p>\n\n\n\n<figure class=\"wp-block-pullquote classe bq-small\"><blockquote><p>Art. 151. A coa\u00e7\u00e3o, para viciar a declara\u00e7\u00e3o da vontade, h\u00e1 de ser tal que incuta ao paciente fundado temor de dano iminente e consider\u00e1vel \u00e0 sua pessoa, \u00e0 sua fam\u00edlia, ou aos seus bens.<br>Par\u00e1grafo \u00fanico. Se disser respeito a pessoa n\u00e3o pertencente \u00e0 fam\u00edlia do paciente, o juiz, com base nas circunst\u00e2ncias, decidir\u00e1 se houve coa\u00e7\u00e3o.<br>Art. 152. No apreciar a coa\u00e7\u00e3o, ter-se-\u00e3o em conta o sexo, a idade, a condi\u00e7\u00e3o, a sa\u00fade, o temperamento do paciente e todas as demais circunst\u00e2ncias que possam influir na gravidade dela.<\/p><\/blockquote><\/figure>\n\n\n\n<p>Neste caso, \u00e9 necess\u00e1rio que a amea\u00e7a seja grave e revestida de seriedade, Andr\u00e9 Estefam aponta que:<\/p>\n\n\n\n<blockquote class=\"wp-block-quote is-layout-flow wp-block-quote-is-layout-flow\">\n<p><em>Se algu\u00e9m diz, em tom ir\u00f4nico, &#8216;me obede\u00e7a sen\u00e3o te mato&#8217;, n\u00e3o h\u00e1 que se falar em coa\u00e7\u00e3o moral, ainda que o mal prometido seja de indiscut\u00edvel gravidade, tendo em vista a falta de seriedade na promessa efetuada.\u201d<\/em><\/p>\n<\/blockquote>\n\n\n\n<p>Aqui, a vontade do coagido, apesar de n\u00e3o estar completamente neutralizada, est\u00e1 viciada por justo temor que tem a capacidade de perturbar seu esp\u00edrito. H\u00e1 a escolha do coagido entre praticar o ato que lhe foi imposto, ou correr o risco de sofrer o mal amea\u00e7ado.<\/p>\n\n\n\n<p>A <strong>coa\u00e7\u00e3o moral exige a presen\u00e7a de viol\u00eancia psicol\u00f3gica praticada pelo agente coator<\/strong>, declara\u00e7\u00e3o viciada de vontade da v\u00edtima coagida e receio s\u00e9rio e fundado de dano grave \u00e0 v\u00edtima, sua fam\u00edlia e\/ou seus bens.<\/p>\n\n\n\n<p>Caso algum dos requisitos acima n\u00e3o ocorra, n\u00e3o h\u00e1 como falar em coa\u00e7\u00e3o moral, visto que, caso n\u00e3o esteja viciado por erro, dolo, coa\u00e7\u00e3o, simula\u00e7\u00e3o ou fraude, o neg\u00f3cio jur\u00eddico ser\u00e1 considerado v\u00e1lido.&nbsp;<\/p>\n\n\n\n<p>Sobre o assunto, vale citar a decis\u00e3o proferida pelo Tribunal de Justi\u00e7a de Santa Catarina. Veja a seguir!<\/p>\n\n\n\n<h4 class=\"wp-block-heading\">TJSC, Apela\u00e7\u00e3o C\u00edvel n. 2013.018593-7, de Rio do Oeste, rel. Des. Saul Steil, j. 20-08-2013<\/h4>\n\n\n\n<blockquote class=\"wp-block-quote is-layout-flow wp-block-quote-is-layout-flow\">\n<p><em>Em se tratando de anula\u00e7\u00e3o de ato jur\u00eddico, necess\u00e1rio se faz demonstrar que este possui v\u00edcio decorrente de erro, dolo, coa\u00e7\u00e3o, simula\u00e7\u00e3o, ou fraude, n\u00e3o sendo causa de anula\u00e7\u00e3o do ato o arrependimento posterior por falta de prud\u00eancia na realiza\u00e7\u00e3o do ato. Inobservadas as cautelas m\u00ednimas de confer\u00eancia acerca do que estava contratando, n\u00e3o \u00e9 poss\u00edvel atribuir ao demandado a culpa por tal fato, muito menos utilizar este mesmo fato para fundamentar o pedido de anula\u00e7\u00e3o contratual. Encontrando-se presentes as condi\u00e7\u00f5es de validade do contrato, quais sejam: agente capaz, objeto l\u00edcito e forma prescrita e n\u00e3o defesa em lei e descurando-se a apelante em comprovar os v\u00edcios que poderiam inquinar o neg\u00f3cio, a ponto de ser anulado, ou ainda a utiliza\u00e7\u00e3o de qualquer artif\u00edcio ou ardil tendente a induzir a apelante em erro, a manten\u00e7a do contrato \u00e9 medida que se imp\u00f5e&#8221;&nbsp;<\/em><\/p>\n<\/blockquote>\n\n\n\n<p>Conforme prev\u00ea o <a href=\"http:\/\/www.planalto.gov.br\/ccivil_03\/leis\/2002\/l10406compilada.htm\" target=\"_blank\" rel=\"noopener\">C\u00f3digo Civil<\/a>, a amea\u00e7a ao exerc\u00edcio regular de um direito e o temor reverencial n\u00e3o configuram coa\u00e7\u00e3o, vejamos:<\/p>\n\n\n\n<figure class=\"wp-block-pullquote classe bq-small\"><blockquote><p>Art. 153. N\u00e3o se considera coa\u00e7\u00e3o a amea\u00e7a do exerc\u00edcio normal de um direito, nem o simples temor reverencial.<\/p><\/blockquote><\/figure>\n\n\n\n<p>Assim, aquele que amea\u00e7a exercer regularmente seu direito, como, por exemplo, pedir a fal\u00eancia de empresa devedora, n\u00e3o pratica coa\u00e7\u00e3o.&nbsp;<\/p>\n\n\n\n<p>Igualmente, o temor reverencial, que pode ser definido como o temor aos superiores hier\u00e1rquicos, n\u00e3o pode ser considerado coa\u00e7\u00e3o, visto que esta exige receio s\u00e9rio e fundado de dano.<\/p>\n\n\n\n<p>O neg\u00f3cio jur\u00eddico praticado mediante coa\u00e7\u00e3o \u00e9 anul\u00e1vel, podendo ser anulado mediante requerimento de alguma das partes envolvidas, e possui prazo decadencial de quatro anos, sendo que a decis\u00e3o judicial gera efeitos a partir da data de sua publica\u00e7\u00e3o, de forma n\u00e3o retroativa.<br><br>Entenda o conceito de <a href=\"https:\/\/www.aurum.com.br\/blog\/direito-das-obrigacoes\/\">direito das obriga\u00e7\u00f5es, suas fontes fontes e esp\u00e9cies aqui.<\/a><\/p>\n\n\n\n<h2 class=\"wp-block-heading\">Como se desenvolve a coa\u00e7\u00e3o?<\/h2>\n\n\n\n<p>Em termos pr\u00e1ticos, a coa\u00e7\u00e3o, tanto moral quanto f\u00edsica, se desenvolve da seguinte forma:<\/p>\n\n\n\n<ul class=\"wp-block-list\">\n<li>Essencialidade da coa\u00e7\u00e3o, que deve ser a causa determinante do neg\u00f3cio jur\u00eddico;<\/li>\n\n\n\n<li>Inten\u00e7\u00e3o volunt\u00e1ria e consciente do coator em coagir livremente a outra parte;<\/li>\n\n\n\n<li>Que a amea\u00e7a feita pelo coator seja de mal grave e, ainda, injusto ou il\u00edcito;<\/li>\n\n\n\n<li>O temor de dano, pelo coagido, deve ser palp\u00e1vel, atual ou iminente, n\u00e3o sendo admitida a amea\u00e7a a mal remoto e distante;<\/li>\n\n\n\n<li>Justo receio de preju\u00edzo, mediante pondera\u00e7\u00e3o entre a amea\u00e7a feita e o ato a ser praticado pelo coagido;<\/li>\n\n\n\n<li>Amea\u00e7a de preju\u00edzo ao coagido, \u00e0 sua fam\u00edlia ou aos seus bens.<\/li>\n<\/ul>\n\n\n\n<p>Presentes tais requisitos, fica caracterizada a coa\u00e7\u00e3o, hip\u00f3tese em que ser\u00e1 cab\u00edvel a\u00e7\u00e3o de anula\u00e7\u00e3o do neg\u00f3cio jur\u00eddico firmado, na qual dever\u00e1 ser demonstrada a <strong>exist\u00eancia de tr\u00eas requisitos<\/strong>. S\u00e3o eles:<br><\/p>\n\n\n\n<ol class=\"wp-block-list\">\n<li>Viol\u00eancia moral ou f\u00edsica, que seja fator determinante para a causa do neg\u00f3cio jur\u00eddico;<\/li>\n\n\n\n<li>Declara\u00e7\u00e3o de vontade viciada do coagido;<\/li>\n\n\n\n<li>Amea\u00e7a a bem relevante<strong>.<\/strong><\/li>\n<\/ol>\n\n\n\n<p>Veja <a href=\"https:\/\/www.aurum.com.br\/blog\/responsabilidade-civil\/\">neste artigo o que \u00e9 a responsabilidade civil no direito brasileiro.<\/a><\/p>\n\n\n\n<h2 class=\"wp-block-heading\">Conclus\u00e3o<\/h2>\n\n\n\n<p>Conforme foi exposto, a legisla\u00e7\u00e3o prev\u00ea a exist\u00eancia de duas esp\u00e9cies de coa\u00e7\u00e3o: a f\u00edsica, tipificada pelo C\u00f3digo Penal, e a moral, prevista no C\u00f3digo Civil.<\/p>\n\n\n\n<p>A coa\u00e7\u00e3o f\u00edsica caracteriza a nulidade do neg\u00f3cio jur\u00eddico e \u00e9 imput\u00e1vel somente ao agente coator, n\u00e3o recaindo sobre a v\u00edtima coagida. Em tal hip\u00f3tese, o coagido se torna um mero instrumento para realiza\u00e7\u00e3o do ato, a mando do coator.<\/p>\n\n\n\n<p>A coa\u00e7\u00e3o moral, por sua vez, gera neg\u00f3cio jur\u00eddico anul\u00e1vel, que depende de a\u00e7\u00e3o judicial pr\u00f3pria ajuizada pelo coagido para que seja declarado nulo. Por se tratar de viol\u00eancia psicol\u00f3gica o coagido possui liberdade corporal para escolher entre praticar o ato ou correr o risco de que a amea\u00e7a feita pelo coator se concretize.<\/p>\n\n\n\n<p>Em ambos os casos, deve estar presente a viol\u00eancia, f\u00edsica ou psicol\u00f3gica, em face da v\u00edtima e declara\u00e7\u00e3o viciada de vontade desta.<\/p>\n\n\n\n<p>Diante disso, \u00e9 importante se atentar para o prazo de ajuizamento da a\u00e7\u00e3o, que \u00e9 de quatro anos, a contar da cess\u00e3o da coa\u00e7\u00e3o, e para a presen\u00e7a dos elementos caracterizadores da coa\u00e7\u00e3o.<\/p>\n\n\n\n<h3 class=\"wp-block-heading\">Mais conhecimento para voc\u00ea<\/h3>\n\n\n\n<p>Se voc\u00ea gostou deste texto e deseja seguir a leitura em temas sobre direito e advocacia, vale a pena conferir os seguintes materiais:&nbsp;&nbsp;<\/p>\n\n\n\n<ul class=\"wp-block-list\">\n<li><a href=\"https:\/\/www.aurum.com.br\/blog\/litisconsorcio\/\">Litiscons\u00f3rcio no Novo CPC:<\/a> o que \u00e9, classifica\u00e7\u00f5es e exemplos<\/li>\n\n\n\n<li>Veja como deve ser o <a href=\"https:\/\/www.aurum.com.br\/blog\/cartao-de-visita-advogado\/\">cart\u00e3o de visita do advogado<\/a> moderno<\/li>\n\n\n\n<li>Os principais aspectos jur\u00eddicos do <a href=\"https:\/\/www.aurum.com.br\/blog\/direito-falimentar\/\">Direito Falimentar<\/a><\/li>\n\n\n\n<li>O que \u00e9 e como usar o <a href=\"https:\/\/www.aurum.com.br\/blog\/mandado-de-seguranca\/\">mandado de seguran\u00e7a<\/a><\/li>\n\n\n\n<li><a href=\"https:\/\/www.aurum.com.br\/blog\/busca-e-apreensao\/\">Entenda como funciona e quando ocorre a busca e apreens\u00e3o<\/a><\/li>\n\n\n\n<li><a href=\"https:\/\/www.aurum.com.br\/blog\/medidas-cautelares\/\">Medidas cautelares diversas da pris\u00e3o: o que \u00e9 e quais s\u00e3o elas?<\/a><\/li>\n\n\n\n<li><a href=\"https:\/\/www.aurum.com.br\/blog\/prisao-preventiva\/\">Art 312 do CPP comentado: o que \u00e9 pris\u00e3o preventiva e principais caracter\u00edsticas<\/a><\/li>\n\n\n\n<li><a href=\"https:\/\/www.aurum.com.br\/blog\/direito-penal-do-inimigo\/\">Conhe\u00e7a a Teoria do Direito Penal do Inimigo<\/a><a href=\"https:\/\/www.aurum.com.br\/blog\/medidas-cautelares\/\"><br><\/a><\/li>\n<\/ul>\n\n\n\n<p>Este conte\u00fado foi \u00fatil pra voc\u00ea? Conta aqui nos coment\u00e1rios \ud83d\ude09<\/p>\n\n\n<style>\r\n  .news-post {\r\n    background: url('https:\/\/www.aurum.com.br\/blog\/wp-content\/themes\/aurum\/img\/bg-news-artigo.svg') no-repeat top center #3C48AA;\r\n    padding: 1.5rem;\r\n    border-radius: 6px;\r\n    margin: 1rem 0;\r\n  }\r\n  .news-post .icone {\r\n    display: none;\r\n  }\r\n  .news-post .title {\r\n    font-weight: 700;\r\n    font-size: 16px;\r\n    line-height: 130%;\r\n    text-align: center;\r\n    letter-spacing: -0.5px;\r\n    color: #fff;\r\n    margin-bottom: .9375rem;\r\n  }\r\n  .news-post p {\r\n    font-size: .875rem;\r\n    line-height: 140%;\r\n    text-align: center;\r\n    color: #fff;\r\n    margin-bottom: 1.25rem;\r\n  }\r\n  .news-post .news_button_span {\r\n    font-size: .8125rem;\r\n    display: block;\r\n    padding: .125rem .3125rem;\r\n    color: #fff;\r\n    text-align:left;\r\n  }\r\n  .news-post .news_button_span a {\r\n    color: #fff !important;\r\n    text-decoration: underline;\r\n  }\r\n  .news-post form {\r\n    width: 100%;\r\n  }\r\n  .news-post label {\r\n    font-weight: 600;\r\n    font-size: .9375rem;\r\n    line-height: 1.5rem;\r\n    margin-bottom: .5rem;\r\n    color: #fff;\r\n    display: block;\r\n  }\r\n  .news-post input {\r\n    background: #fff;\r\n    border: 1px solid #CBCBD9;\r\n    box-sizing: border-box;\r\n    border-radius: 4px;\r\n    padding: .75rem 1rem;\r\n    width: 100%;\r\n  }\r\n  .news-post button {\r\n    margin-top: .875rem;\r\n    width: 100%;\r\n    min-width: auto;\r\n    background: #FCC632;\r\n    color: #3C48AA;\r\n  }\r\n  .news-post .input {\r\n    position: relative;\r\n    padding-bottom: 10px;\r\n  }\r\n  .news-post .error-message-ad {\r\n    font-size: .875rem;\r\n    line-height: 130%;\r\n    color: #D50021;\r\n    margin-left: 4px;\r\n  }\r\n  .news-post .error {\r\n    border: 1px solid #D50021;\r\n  }\r\n  .news-post #message-form-ad {\r\n    border-radius: 4px;\r\n    padding: 0.7rem;\r\n    font-size:0.8rem;\r\n    text-align: center;\r\n    align-items: center;\r\n    justify-content: center;\r\n    display: none;\r\n  }\r\n  .news-post #message-form-ad svg {\r\n    margin-right: 8px;\r\n  }\r\n\r\n  @media(min-width: 561px) {\r\n    .news-post {\r\n      position: relative;\r\n      background: url('https:\/\/www.aurum.com.br\/blog\/wp-content\/themes\/aurum\/img\/bg-news-artigo.svg') no-repeat top center #3C48AA;\r\n      width: calc(100% - 30px);\r\n    }\r\n    .news-post .icone {\r\n      display: block;\r\n      position: absolute;\r\n      right: -30px;\r\n      top: 65px;\r\n      max-width: 142px;\r\n      width: 100%;\r\n      height: auto;\r\n      margin: 0;\r\n    }\r\n    .news-post .title {\r\n      font-size: 1.125rem;\r\n      text-align: left;\r\n      \/* padding-right: 3.75rem; *\/\r\n    }\r\n    .news-post p {\r\n      font-size: 1rem;\r\n      text-align: left;\r\n      max-width: 400px;\r\n    }\r\n    .news-post .boxes {\r\n      display: flex;\r\n      align-items: flex-start;\r\n    }\r\n    .news-post button {\r\n      margin: 0 0 0 1rem;\r\n      width: 100%;\r\n      max-width: 170px;\r\n      min-width: auto;\r\n      transition: all ease .3s\r\n    }\r\n    .news-post button:hover {\r\n      opacity: 0.9;\r\n      transition: all ease .3s\r\n    }\r\n    .news-post #message-form-ad {\r\n      padding: 1.125rem;\r\n      font-size:1rem;\r\n    }\r\n    .news-post #message-form-ad svg {\r\n      margin-right: 10px;\r\n    }\r\n  }\r\n<\/style>\r\n\r\n<div class=\"news-post\">\r\n  <div class=\"title news-ad-title\">Gostou do artigo e quer evoluir a sua advocacia?<\/div>\r\n  <p class=\"news-ad-subtitle\">Assine gr\u00e1tis a Aurum News e receba uma dose semanal de conte\u00fado no seu e-mail! \u270c\ufe0f<\/p>\r\n  <img decoding=\"async\" src=\"https:\/\/www.aurum.com.br\/blog\/wp-content\/themes\/aurum\/img\/icon-news-artigo.svg\" alt=\"\" class=\"icone\">\r\n\r\n  <form method=\"post\" name=\"newsletter-ad\" id=\"aurum-newsletter-ad\">\r\n    <div class=boxes>\r\n      <div class=\"input\">\r\n        <label class=\"label-email\" htmlFor=\"email-ad\">Qual seu e-mail?<\/label>\r\n        <input type=\"email\" id=\"email-ad\" name=\"newsletter-mail-ad\" placeholder=\"Digite seu e-mail?\">\r\n        <div class=\"error-message-ad-email\">Endere\u00e7o de e-mail inv\u00e1lido ou incorreto<\/div>\r\n\r\n        <label class=\"label-select\" htmlFor=\"lawsuits-select-ad\">\r\n          Quantos processos voc\u00ea ou<br class=\"for-desktop\"\/> seu escrit\u00f3rio acompanham?\r\n        <\/label>\r\n        <div id=\"lawsuits-select-ad\" class=\"lawsuits-select select-wrapper\" tabindex=\"0\">\r\n          <div class=\"s-dropdown--styled\">\r\n          <span class=\"lawsuits-default\">\r\n            <span id=\"lawsuits-newsletter-ad\" class=\"lawsuits-default-text\" data-value=\"\">Selecione os processos<\/span>\r\n            <svg class=\"chevron\" xmlns=\"http:\/\/www.w3.org\/2000\/svg\" width=\"24\" height=\"25\" viewBox=\"0 0 24 25\" fill=\"none\">\r\n              <path d=\"M6 15.6152L12 9.61523L18 15.6152\" stroke=\"black\" stroke-width=\"2\" stroke-linecap=\"round\" stroke-linejoin=\"round\" \/>\r\n            <\/svg>\r\n          <\/span>\r\n\r\n          <ul class=\"s-dropdown u-hide\">\r\n            <li class=\"lawsuits\" data-value=\"Mais de 1000 processos\">Mais de 1000 processos<\/li>\r\n            <li class=\"lawsuits\" data-value=\"De 501 a 1000 processos\">De 501 a 1000 processos<\/li>\r\n            <li class=\"lawsuits\" data-value=\"De 151 a 500 processos\">De 151 a 500 processos<\/li>\r\n            <li class=\"lawsuits\" data-value=\"De 41 a 150 processos\">De 41 a 150 processos<\/li>\r\n            <li class=\"lawsuits\" data-value=\"At\u00e9 40 processos\">At\u00e9 40 processos<\/li>\r\n            <li class=\"lawsuits\" data-value=\"Atuo apenas no consultivo\">Atuo apenas no consultivo<\/li>\r\n            <li class=\"lawsuits\" data-value=\"Ainda sou estudante de direito\">Ainda sou estudante de direito<\/li>\r\n            <li class=\"lawsuits\" data-value=\"N\u00e3o sou da \u00e1rea jur\u00eddica\">N\u00e3o sou da \u00e1rea jur\u00eddica<\/li>\r\n          <\/ul>\r\n          <\/div>\r\n        <\/div>\r\n        <div class=\"error-message-ad-lawsuits\">Selecione algum processo<\/div>\r\n      <\/div>\r\n      <button class=\"btn btn-yellow ad-btn-desktop\" id=\"aurum-submit-ad\">Assinar gr\u00e1tis<\/button>\r\n      <button class=\"btn btn-yellow ad-btn-mobile\" id=\"aurum-submit-ad\">Assinar<\/button>\r\n    <\/div>\r\n    <span class=\"news_button_span\">Ao se cadastrar voc\u00ea declara que leu e aceitou a pol\u00edtica de privacidade e cookies do <a href=\"https:\/\/s3.sa-east-1.amazonaws.com\/publico.aurum.com.br\/contratos\/politica-de-privacidade.pdf\" target=\"_blank\" rel=\"noopener noreferrer\">site<\/a>.<\/span>\r\n  <\/form>\r\n  <div id=\"message-form-ad\"><\/div>\r\n<\/div>","protected":false},"excerpt":{"rendered":"<p>A coa\u00e7\u00e3o \u00e9 o ato de constranger algu\u00e9m para que, sob fundado temor, este algu\u00e9m pratique a\u00e7\u00e3o ou omiss\u00e3o contra sua vontade. A coa\u00e7\u00e3o poder\u00e1 ser f\u00edsica, quando o agente utilizar da for\u00e7a para obrigar a v\u00edtima, ou moral, quando o agente praticar grave amea\u00e7a \u00e0 v\u00edtima. A coa\u00e7\u00e3o \u00e9 caracterizada pelo ato de constranger [&hellip;]<\/p>\n","protected":false},"author":83,"featured_media":15389,"comment_status":"open","ping_status":"open","sticky":false,"template":"","format":"standard","meta":{"_bbp_topic_count":0,"_bbp_reply_count":0,"_bbp_total_topic_count":0,"_bbp_total_reply_count":0,"_bbp_voice_count":0,"_bbp_anonymous_reply_count":0,"_bbp_topic_count_hidden":0,"_bbp_reply_count_hidden":0,"_bbp_forum_subforum_count":0,"inline_featured_image":false,"footnotes":""},"categories":[19,31],"tags":[],"class_list":["post-15387","post","type-post","status-publish","format-standard","has-post-thumbnail","hentry","category-direito-civil","category-direito-penal"],"acf":[],"_links":{"self":[{"href":"https:\/\/www.aurum.com.br\/blog\/wp-json\/wp\/v2\/posts\/15387","targetHints":{"allow":["GET"]}}],"collection":[{"href":"https:\/\/www.aurum.com.br\/blog\/wp-json\/wp\/v2\/posts"}],"about":[{"href":"https:\/\/www.aurum.com.br\/blog\/wp-json\/wp\/v2\/types\/post"}],"author":[{"embeddable":true,"href":"https:\/\/www.aurum.com.br\/blog\/wp-json\/wp\/v2\/users\/83"}],"replies":[{"embeddable":true,"href":"https:\/\/www.aurum.com.br\/blog\/wp-json\/wp\/v2\/comments?post=15387"}],"version-history":[{"count":7,"href":"https:\/\/www.aurum.com.br\/blog\/wp-json\/wp\/v2\/posts\/15387\/revisions"}],"predecessor-version":[{"id":21150,"href":"https:\/\/www.aurum.com.br\/blog\/wp-json\/wp\/v2\/posts\/15387\/revisions\/21150"}],"wp:featuredmedia":[{"embeddable":true,"href":"https:\/\/www.aurum.com.br\/blog\/wp-json\/wp\/v2\/media\/15389"}],"wp:attachment":[{"href":"https:\/\/www.aurum.com.br\/blog\/wp-json\/wp\/v2\/media?parent=15387"}],"wp:term":[{"taxonomy":"category","embeddable":true,"href":"https:\/\/www.aurum.com.br\/blog\/wp-json\/wp\/v2\/categories?post=15387"},{"taxonomy":"post_tag","embeddable":true,"href":"https:\/\/www.aurum.com.br\/blog\/wp-json\/wp\/v2\/tags?post=15387"}],"curies":[{"name":"wp","href":"https:\/\/api.w.org\/{rel}","templated":true}]}}