{"id":15203,"date":"2022-05-31T19:47:00","date_gmt":"2022-05-31T22:47:00","guid":{"rendered":"https:\/\/www.aurum.com.br\/blog\/?p=15203"},"modified":"2024-09-25T22:37:28","modified_gmt":"2024-09-26T01:37:28","slug":"nepotismo","status":"publish","type":"post","link":"https:\/\/www.aurum.com.br\/blog\/nepotismo\/","title":{"rendered":"Entenda o que \u00e9 nepotismo e quais as suas consequ\u00eancias"},"content":{"rendered":"<div id=\"bsf_rt_marker\"><\/div>\n<pre class=\"wp-block-preformatted\">O <strong>nepotismo<\/strong> \u00e9 a pr\u00e1tica ilegal pela qual um agente p\u00fablico usa de sua posi\u00e7\u00e3o de poder para nomear, contratar ou favorecer um ou mais parentes. Assim, violando a garantia constitucional da impessoalidade administrativa.&nbsp;<\/pre>\n\n\n\n<p>Em um pa\u00eds como o Brasil, onde existe um alto n\u00famero de agentes p\u00fablicos, \u00e9 essencial que n\u00e3o apenas os operadores do direito, mas toda a sociedade esteja devidamente ciente sobre o que configura o nepotismo.<\/p>\n\n\n\n<p>Isso porque tal pr\u00e1tica pode causar preju\u00edzos ao bem p\u00fablico, pois a nomea\u00e7\u00e3o de parentes ocorre n\u00e3o pela compet\u00eancia da pessoa favorecida, mas sim pelo simples la\u00e7o de parentesco.&nbsp;<\/p>\n\n\n\n<p>Portanto, continue me acompanhando neste artigo para saber mais sobre o tema! \ud83d\ude09<\/p>\n\n\n\n<h2 class=\"wp-block-heading\">O que \u00e9 nepotismo?<\/h2>\n\n\n\n<p>Nepotismo pode ser entendido como<strong> <\/strong>a<strong> pr\u00e1tica ilegal pela qual um agente p\u00fablico usa de sua posi\u00e7\u00e3o de poder para nomear, contratar ou favorecer um ou mais parentes<\/strong>.<\/p>\n\n\n\n<p>O nepotismo possui veda\u00e7\u00e3o constitucional, uma vez que viola os princ\u00edpios da impessoalidade, da moralidade, da igualdade e da efici\u00eancia.&nbsp;<\/p>\n\n\n\n<figure class=\"wp-block-image size-full\"><img decoding=\"async\" width=\"1080\" height=\"1080\" src=\"https:\/\/www.aurum.com.br\/blog\/wp-content\/uploads\/2022\/05\/o-que-e-o-processo-administrativo-1.jpg\" alt=\"\" class=\"wp-image-31531\" srcset=\"https:\/\/www.aurum.com.br\/blog\/wp-content\/uploads\/2022\/05\/o-que-e-o-processo-administrativo-1.jpg 1080w, https:\/\/www.aurum.com.br\/blog\/wp-content\/uploads\/2022\/05\/o-que-e-o-processo-administrativo-1-300x300.jpg 300w, https:\/\/www.aurum.com.br\/blog\/wp-content\/uploads\/2022\/05\/o-que-e-o-processo-administrativo-1-150x150.jpg 150w, https:\/\/www.aurum.com.br\/blog\/wp-content\/uploads\/2022\/05\/o-que-e-o-processo-administrativo-1-768x768.jpg 768w\" sizes=\"(max-width: 1080px) 100vw, 1080px\" \/><\/figure>\n\n\n\n<figure class=\"wp-block-pullquote classe bq-small\"><blockquote><p><strong>Art. 37.<\/strong> A administra\u00e7\u00e3o p\u00fablica direta e indireta de qualquer dos Poderes da Uni\u00e3o, dos Estados, do Distrito Federal e dos Munic\u00edpios obedecer\u00e1 aos princ\u00edpios de legalidade, impessoalidade, moralidade, publicidade e efici\u00eancia e, tamb\u00e9m, ao seguinte: [&#8230;]<\/p><\/blockquote><\/figure>\n\n\n\n<h3 class=\"wp-block-heading\">Viola\u00e7\u00e3o dos princ\u00edpios constitucionais<\/h3>\n\n\n\n<p>Se entende pelo princ\u00edpio da impessoalidade, ser imparcial na a\u00e7\u00e3o da administra\u00e7\u00e3o p\u00fablica. Ou seja, n\u00e3o se deve agir com base no interesse de particulares e sim no interesse p\u00fablico.<\/p>\n\n\n\n<p>Quando um agente p\u00fablico nomeia um indiv\u00edduo para um cargo p\u00fablico em raz\u00e3o das suas rela\u00e7\u00f5es pessoais, se deixa de colocar uma pessoa qualificada para a vaga. Dessa forma, infringe n\u00e3o apenas o princ\u00edpio da impessoalidade, mas tamb\u00e9m a moralidade.&nbsp;<\/p>\n\n\n\n<p>Ainda, se a pessoa n\u00e3o for qualificada para o cargo ou se existirem outros mais qualificados, h\u00e1 a transgress\u00e3o do princ\u00edpio da efici\u00eancia. Pois, o trabalho realizado pela pessoa favorecida n\u00e3o ser\u00e1 o melhor que poderia ser feito.&nbsp;<\/p>\n\n\n\n<h2 class=\"wp-block-heading\">&nbsp;O que \u00e9 nepotismo direito e nepotismo cruzado?<\/h2>\n\n\n\n<p>\u00c9 importante ressaltar que existem duas formas de nepotismo: o direto e o cruzado. No caso do nepotismo direto, ele \u00e9 <strong>aquele em que a autoridade nomeia seu pr\u00f3prio parente<\/strong>.&nbsp;<\/p>\n\n\n\n<p>J\u00e1 no nepotismo cruzado, temos a situa\u00e7\u00e3o de <strong>dois agentes p\u00fablicos que empregam familiares, um do outro, como troca de favores<\/strong>. Ou seja, um agente p\u00fablico nomeia pessoa ligada a outro, enquanto a segunda autoridade nomeia uma pessoa ligada por v\u00ednculos de parentescos ao primeiro.<\/p>\n\n\n\n<h2 class=\"wp-block-heading\">Qual a legisla\u00e7\u00e3o do nepotismo?<\/h2>\n\n\n\n<p>Al\u00e9m da Constitui\u00e7\u00e3o Federal, existem outros diplomas normativos que disp\u00f5em sobre a pr\u00e1tica do nepotismo, s\u00e3o elas:&nbsp;<\/p>\n\n\n\n<ul class=\"wp-block-list\">\n<li>a <a href=\"http:\/\/www.planalto.gov.br\/ccivil_03\/LEIS\/L8112cons.htm\" target=\"_blank\" rel=\"noopener\">Lei n\u00ba 8.112, de 1990<\/a>;<\/li>\n\n\n\n<li>a S\u00famula Vinculante n\u00ba 13, do Supremo Tribunal Federal;<\/li>\n\n\n\n<li>o <a href=\"http:\/\/www.planalto.gov.br\/ccivil_03\/_Ato2007-2010\/2010\/Decreto\/D7203.htm\" target=\"_blank\" rel=\"noopener\">Decreto n\u00ba 7.203, de junho de 2010<\/a>.&nbsp;<\/li>\n<\/ul>\n\n\n\n<h3 class=\"wp-block-heading\">S\u00famula Vinculante n\u00ba13<\/h3>\n\n\n\n<p>Em 2008 o Supremo Tribunal Federal aprovou a s\u00famula vinculante n\u00ba 13, a qual determina o seguinte:&nbsp;<\/p>\n\n\n\n<blockquote class=\"wp-block-quote is-layout-flow wp-block-quote-is-layout-flow\">\n<p><em>A nomea\u00e7\u00e3o de c\u00f4njuge, companheiro ou parente em linha reta, colateral ou por afinidade, at\u00e9 o terceiro grau, inclusive, da autoridade nomeante ou de servidor da mesma pessoa jur\u00eddica investido em cargo de dire\u00e7\u00e3o, chefia ou assessoramento, para o exerc\u00edcio de cargo em comiss\u00e3o ou de confian\u00e7a ou, ainda, de fun\u00e7\u00e3o gratificada na administra\u00e7\u00e3o p\u00fablica direta e indireta em qualquer dos poderes da Uni\u00e3o, dos Estados, do Distrito Federal e dos Munic\u00edpios, compreendido o ajuste mediante designa\u00e7\u00f5es rec\u00edprocas, viola a Constitui\u00e7\u00e3o Federal. \u2018\u2019<\/em><\/p>\n<\/blockquote>\n\n\n\n<p>Em suma, considera-se uma viola\u00e7\u00e3o da Constitui\u00e7\u00e3o Federal a pr\u00e1tica de&nbsp;nepotismo direto e cruzado. A s\u00famula 13 ampliou o grau de parentesco para terceiro grau em linha reta (pai, m\u00e3e, av\u00f4, av\u00f3 e netos, bisav\u00f4, bisav\u00f3 e bisnetos).&nbsp;<\/p>\n\n\n\n<p>Al\u00e9m disso, ela ainda estabeleceu:<\/p>\n\n\n\n<ul class=\"wp-block-list\">\n<li><strong>a linha colateral:<\/strong> irm\u00e3os e irm\u00e3s, tios e tias, sobrinhos e sobrinhas;<\/li>\n\n\n\n<li><strong>a linha de parentesco por afinidade:<\/strong> parentes do c\u00f4njuge em tr\u00eas graus, padrasto, madrasta, enteados, etc.<\/li>\n<\/ul>\n\n\n\n<h3 class=\"wp-block-heading\">Decreto n\u00ba 7.203<\/h3>\n\n\n\n<p>Por outro lado, em 2010 foi promulgado o decreto n\u00ba 7.203, o qual disp\u00f5e sobre a veda\u00e7\u00e3o do nepotismo no \u00e2mbito da administra\u00e7\u00e3o p\u00fablica federal.&nbsp;<\/p>\n\n\n\n<p>Segundo o Decreto, considera-se familiar o c\u00f4njuge, o companheiro ou o parente em linha reta ou colateral, por consanguinidade ou afinidade, at\u00e9 o terceiro grau.&nbsp;<\/p>\n\n\n\n<p>O decreto refor\u00e7ou e ampliou as proibi\u00e7\u00f5es para nomea\u00e7\u00f5es de cargos p\u00fablicos, e definiu a Controladoria Geral da Uni\u00e3o como \u00f3rg\u00e3o respons\u00e1vel para notificar os casos referentes \u00e0 quest\u00e3o.<\/p>\n\n\n\n<p> <em>Leia tamb\u00e9m: <a href=\"https:\/\/www.aurum.com.br\/blog\/sancao-administrativa\/\">Para que serve e em quais casos se aplica a san\u00e7\u00e3o administrativa?<\/a><\/em> <\/p>\n\n\n\n<style>\n    #adpost-block_ca3cc500cc4844b90c29bb2d0cc68946.anuncio-post-reverse {\n        display: flex;\n        gap: 24px;\n        border-radius: 8px;\n        width: 100%;\n        max-width: 752px;\n        padding: 40px;\n        background: #e7f4fe;\n        margin: 16px auto;\n    }\n\n    #adpost-block_ca3cc500cc4844b90c29bb2d0cc68946 .anuncio-container {\n        display: flex;\n        flex-direction: column;\n        gap: 24px;\n        width: 100%;\n        max-width: 333px;\n    }\n\n    #adpost-block_ca3cc500cc4844b90c29bb2d0cc68946 .anuncio-container .logo {\n        width: 100%;\n        max-width: 177px;\n        margin: 0;\n    }\n\n    #adpost-block_ca3cc500cc4844b90c29bb2d0cc68946 .anuncio-text-container {\n        display: flex;\n        flex-direction: column;\n        gap: 24px;\n    }\n\n    #adpost-block_ca3cc500cc4844b90c29bb2d0cc68946 .anuncio-text-container .title {\n        font-family: 'Ubuntu';\n        font-size: 1.5rem; \/\/24px\n        font-weight: 700;\n        line-height: 120%;\n        margin: 0;\n        color: #000;\n    }\n\n    #adpost-block_ca3cc500cc4844b90c29bb2d0cc68946 .anuncio-text-container .text {\n        font-size: 0.875rem;\n        font-weight: 400;\n        line-height: 170%;\n        color: #000;\n    }\n\n    #adpost-block_ca3cc500cc4844b90c29bb2d0cc68946 .anuncio-container .button {\n        display: inline-flex;\n        align-items: center;\n        justify-content: center;\n        width: fit-content;\n        height: 48px;\n        border-radius: 8px;\n        padding: 12px 24px;\n        font-size: 1rem;\n        font-weight: 600;\n        text-decoration: none;\n        background: #008fd5;\n        color: #fff;\n    }\n\n    #adpost-block_ca3cc500cc4844b90c29bb2d0cc68946 .image-container {\n        position: relative;\n        width: 100%;\n        height: 100%;\n    }\n\n    #adpost-block_ca3cc500cc4844b90c29bb2d0cc68946 .image-container.float {\n        min-height: 236px;\n    }\n\n    #adpost-block_ca3cc500cc4844b90c29bb2d0cc68946 .image-container .image-desktop {\n        width: 100%;\n        max-width: 323px;\n        object-fit: contain;\n        margin: 0;\n    }\n\n    #adpost-block_ca3cc500cc4844b90c29bb2d0cc68946 .image-container .image-mobile {\n        display: none;\n        width: 100%;\n        max-width: 291px;\n        object-fit: contain;\n        margin: 0;\n    }\n\n    #adpost-block_ca3cc500cc4844b90c29bb2d0cc68946 .image-container.float .image-desktop,\n    #adpost-block_ca3cc500cc4844b90c29bb2d0cc68946 .image-container.float .image-mobile {\n        position: absolute;\n        right: 0;\n        bottom: 0;\n    }\n\n    #adpost-block_ca3cc500cc4844b90c29bb2d0cc68946 .image-container img {\n        border-radius: 8px;\n    }\n\n    \/************\n    * MOBILE \n    *************\/\n    @media (max-width: 1439px) {\n        #adpost-block_ca3cc500cc4844b90c29bb2d0cc68946.anuncio-post-reverse {\n            flex-direction: column-reverse;\n            max-width: fit-content;\n            padding: 24px;\n        }\n\n        #adpost-block_ca3cc500cc4844b90c29bb2d0cc68946 .anuncio-container {\n            max-width: 280px;\n            align-items: center;\n        }\n\n        #adpost-block_ca3cc500cc4844b90c29bb2d0cc68946 .anuncio-container .logo {\n            max-width: 147px;\n        }\n\n        #adpost-block_ca3cc500cc4844b90c29bb2d0cc68946 .anuncio-text-container {\n            gap: 8px;\n        }\n\n        #adpost-block_ca3cc500cc4844b90c29bb2d0cc68946 .anuncio-text-container .title {\n            font-size: 1.25rem;\n            text-align: center;\n        }\n\n        #adpost-block_ca3cc500cc4844b90c29bb2d0cc68946 .anuncio-text-container .text {\n            text-align: center;\n        }\n\n        #adpost-block_ca3cc500cc4844b90c29bb2d0cc68946 .anuncio-container .button {\n            width: 100%;\n        }\n\n        #adpost-block_ca3cc500cc4844b90c29bb2d0cc68946 .image-container.float {\n            min-height: 182px;\n        }\n\n        #adpost-block_ca3cc500cc4844b90c29bb2d0cc68946 .image-container .image-desktop {\n            display: none;\n        }\n\n        #adpost-block_ca3cc500cc4844b90c29bb2d0cc68946 .image-container .image-mobile {\n            display: block;\n        }\n    }\n\n    \/*******************\n    * RESET GLOBAL CSS \n    ********************\/\n    #s-post main article .content .image-container img {\n        margin: 0;\n    }\n<\/style>\n\n\n<article id=\"adpost-block_ca3cc500cc4844b90c29bb2d0cc68946\" class=\"anuncio-post-reverse\">\n    <div class=\"anuncio-container\">\n        \n        <div class=\"anuncio-text-container\">\n             <h3 class=\"title\" >Seja protagonista da sua advocacia com o Astrea<\/h3>\n            <div class=\"text\" >Tenha tempo para focar no crescimento do seu escrit\u00f3rio, enquanto o Astrea cuida da sua gest\u00e3o jur\u00eddica com intelig\u00eancia.<\/div>        <\/div>\n       \n        <a class=\"button\" href=\"\/astrea\/?utm_source=blog&#038;utm_medium=adpost&#038;utm_campaign=campanha-marca-2026\" target=\"_self\">Conhe\u00e7a o Astrea<\/a>    <\/div>\n\n    <div class=\"image-container\">\n        <img decoding=\"async\" class=\"image-desktop\" src=\"https:\/\/www.aurum.com.br\/blog\/wp-content\/uploads\/2026\/03\/adpos-posicionamento-2026-desktop.png\" alt=\"\" \/>\n        <img decoding=\"async\" class=\"image-mobile\" src=\"https:\/\/www.aurum.com.br\/blog\/wp-content\/uploads\/2026\/03\/adpost-posicionamento-2026-mobile.png\" alt=\"\" \/>    <\/div>\n<\/article>\n\n\n<h2 class=\"wp-block-heading\">Onde ocorre o nepotismo?<\/h2>\n\n\n\n<p>A legisla\u00e7\u00e3o veda no \u00e2mbito de cada \u00f3rg\u00e3o e de cada entidade do Poder Executivo Federal, as nomea\u00e7\u00f5es, contrata\u00e7\u00f5es ou designa\u00e7\u00f5es de familiar de Ministro de Estado, familiar da m\u00e1xima autoridade administrativa correspondente.&nbsp;<\/p>\n\n\n\n<p>Ou ainda, familiar de ocupante de cargo:<\/p>\n\n\n\n<ol class=\"wp-block-list\">\n<li>em comiss\u00e3o ou fun\u00e7\u00e3o de confian\u00e7a de dire\u00e7\u00e3o;<\/li>\n\n\n\n<li>chefia ou assessoramento para nomea\u00e7\u00e3o em cargo comissionado ou fun\u00e7\u00e3o de confian\u00e7a;<\/li>\n\n\n\n<li>contrata\u00e7\u00f5es para atendimento a necessidade tempor\u00e1ria de excepcional interesse p\u00fablico;<\/li>\n\n\n\n<li>\u00e0s contrata\u00e7\u00f5es para est\u00e1gio, exceto se essas contrata\u00e7\u00f5es forem precedidas de processo seletivo que assegure o princ\u00edpio da isonomia entre os concorrentes.<\/li>\n<\/ol>\n\n\n\n<p>Nessa perspectiva, o Conselho Nacional do Minist\u00e9rio P\u00fablico (CNMP) na Resolu\u00e7\u00e3o n\u00ba 37\/2009 consagrou a proibi\u00e7\u00e3o de contratar empresas prestadoras de servi\u00e7os cujos s\u00f3cios, gerentes ou diretores sejam parentes de membros ou servidores dos respectivos \u00f3rg\u00e3os.&nbsp;<\/p>\n\n\n\n<p>Portanto, as declara\u00e7\u00f5es sobre parentesco no \u00f3rg\u00e3o n\u00e3o podem se limitar ao \u00e2mbito do Minist\u00e9rio P\u00fablico. Ao contr\u00e1rio, devem abranger todos os \u00f3rg\u00e3os dos Tr\u00eas Poderes das esferas da Uni\u00e3o, Estados e Munic\u00edpios.<\/p>\n\n\n\n<h3 class=\"wp-block-heading\">Resolu\u00e7\u00e3o n\u00ba 07<\/h3>\n\n\n\n<p>Sobre o tema, o Conselho Nacional de Justi\u00e7a alterou a Resolu\u00e7\u00e3o n\u00ba 07 sobre a veda\u00e7\u00e3o \u00e0 pr\u00e1tica de nepotismo no Poder P\u00fablico. Assim, entendendo que configura nepotismo a nomea\u00e7\u00e3o de parentes para cargos em comiss\u00e3o.&nbsp;<\/p>\n\n\n\n<p>Isto \u00e9, ainda que nenhum deles possua v\u00ednculo efetivo com a administra\u00e7\u00e3o p\u00fablica nem as fun\u00e7\u00f5es apresentem similaridade ou impliquem subordina\u00e7\u00e3o hier\u00e1rquica entre eles.&nbsp;<\/p>\n\n\n\n<h3 class=\"wp-block-heading\">Lei n. 8.112<\/h3>\n\n\n\n<p>O Estatuto dos Servidores da Uni\u00e3o, estabelecido pela Lei n. 8.112, disp\u00f5e que manter sob sua chefia imediata, em cargo ou fun\u00e7\u00e3o de confian\u00e7a, c\u00f4njuge, companheiro ou parente at\u00e9 o segundo grau fica proibido no \u00e2mbito do servi\u00e7o p\u00fablico federal.<\/p>\n\n\n\n<p><em>Est\u00e1 gostando do texto e quer continuar aprofundando seus conhecimentos sobre nepotismo? Ent\u00e3o confere esse v\u00eddeo da AGU que recomendamos para voc\u00ea! \ud83d\ude09 <\/em><\/p>\n\n\n\n<figure class=\"wp-block-embed is-type-video is-provider-youtube wp-block-embed-youtube wp-embed-aspect-16-9 wp-has-aspect-ratio\"><div class=\"wp-block-embed__wrapper\">\n<iframe title=\"AGU Explica - Nepotismo\" width=\"500\" height=\"281\" src=\"https:\/\/www.youtube.com\/embed\/6mR-Q8iPS-M?feature=oembed\" frameborder=\"0\" allow=\"accelerometer; autoplay; clipboard-write; encrypted-media; gyroscope; picture-in-picture; web-share\" referrerpolicy=\"strict-origin-when-cross-origin\" allowfullscreen><\/iframe>\n<\/div><\/figure>\n\n\n\n<h2 class=\"wp-block-heading\">Nepotismo \u00e9 crime?<\/h2>\n\n\n\n<p>Apesar das disposi\u00e7\u00f5es legislativas citadas acima, a pr\u00e1tica do nepotismo n\u00e3o \u00e9 considerada crime. Entretanto, por violar princ\u00edpios constitucionais inerentes \u00e0 administra\u00e7\u00e3o p\u00fablica, o servidor que o pratica pode sofrer puni\u00e7\u00f5es de natureza c\u00edvel ou administrativa, como:<\/p>\n\n\n\n<ul class=\"wp-block-list\">\n<li>anula\u00e7\u00e3o da nomea\u00e7\u00e3o;<\/li>\n\n\n\n<li>processo de perda dos direitos pol\u00edticos e da fun\u00e7\u00e3o p\u00fablica que exercem.&nbsp;<\/li>\n<\/ul>\n\n\n\n<p>Por outro lado, o nepotismo \u00e9 considerado improbidade administrativa, de acordo com o artigo 11, inciso XI da Lei de Improbidade Administrativa (Lei 14.230\/2021, alterada pela Lei 8.429, de 2 de junho de 1992).<\/p>\n\n\n\n<figure class=\"wp-block-pullquote classe bq-small\"><blockquote><p><strong>Art. 11. <\/strong>Constitui ato de improbidade administrativa que atenta contra os princ\u00edpios da administra\u00e7\u00e3o p\u00fablica a a\u00e7\u00e3o ou omiss\u00e3o dolosa que viole os deveres de honestidade, de imparcialidade e de legalidade, caracterizada por uma das seguintes condutas:&nbsp;&nbsp;<br>XI &#8211; nomear c\u00f4njuge, companheiro ou parente em linha reta, colateral ou por afinidade, at\u00e9 o terceiro grau, inclusive, da autoridade nomeante ou de servidor da mesma pessoa jur\u00eddica investido em cargo de dire\u00e7\u00e3o, chefia ou assessoramento, para o exerc\u00edcio de cargo em comiss\u00e3o ou de confian\u00e7a ou, ainda, de fun\u00e7\u00e3o gratificada na administra\u00e7\u00e3o p\u00fablica direta e indireta em qualquer dos Poderes da Uni\u00e3o, dos Estados, do Distrito Federal e dos Munic\u00edpios, compreendido o ajuste mediante designa\u00e7\u00f5es rec\u00edprocas.<\/p><\/blockquote><\/figure>\n\n\n\n<h3 class=\"wp-block-heading\">O que n\u00e3o configura nepotismo?<\/h3>\n\n\n\n<p>Segundo o decreto n. 7.203, de 2010, existem algumas situa\u00e7\u00f5es de exce\u00e7\u00e3o em que n\u00e3o h\u00e1 a configura\u00e7\u00e3o de nepotismo na administra\u00e7\u00e3o p\u00fablica. S\u00e3o elas:&nbsp;<\/p>\n\n\n\n<ol class=\"wp-block-list\">\n<li>Servidores federais efetivos, ativos ou aposentados: desde que observada a compatibilidade de escolaridade e qualifica\u00e7\u00e3o, para ocupar cargo comissionado no \u00e2mbito federal;<\/li>\n\n\n\n<li>Indica\u00e7\u00e3o de pessoa para ocupar cargo p\u00fablico de n\u00edvel hier\u00e1rquico maior que o seu pr\u00f3prio;<\/li>\n\n\n\n<li>Contrata\u00e7\u00f5es realizadas antes do estabelecimento de v\u00ednculo familiar;<\/li>\n\n\n\n<li>De pessoa j\u00e1 vinculada ao mesmo \u00f3rg\u00e3o antes do estabelecimento do v\u00ednculo familiar, desde que para cargo com n\u00edvel hier\u00e1rquico igual ou inferior ao que era anteriormente ocupado;<\/li>\n\n\n\n<li>A contrata\u00e7\u00e3o por meio de concurso p\u00fablico ou processo seletivo.&nbsp;<\/li>\n<\/ol>\n\n\n\n<p>Ademais, o Supremo Tribunal Federal entendeu que tamb\u00e9m n\u00e3o configura a pr\u00e1tica de nepotismo o caso de nomea\u00e7\u00e3o de parentes para a ocupa\u00e7\u00e3o de cargos estritamente pol\u00edticos. Isso ocorre j\u00e1 que <strong>cargos pol\u00edticos n\u00e3o s\u00e3o cargos da administra\u00e7\u00e3o p\u00fablica.&nbsp;<\/strong><\/p>\n\n\n\n<h4 class=\"wp-block-heading\">Caso real de nepotismo<\/h4>\n\n\n\n<p>A t\u00edtulo exemplificativo, traz-se o caso ocorrido no munic\u00edpio de Japoat\u00e3 no Sergipe.&nbsp;<\/p>\n\n\n\n<p>O Minist\u00e9rio P\u00fablico do Estado de Sergipe recomendou ao prefeito do munic\u00edpio, Sr. Claudio Dinisio Nascimento, que exonerasse a secret\u00e1ria municipal de a\u00e7\u00e3o social e trabalho por nepotismo e pela aus\u00eancia de comprovada capacidade t\u00e9cnica para exerc\u00edcio da fun\u00e7\u00e3o.&nbsp;<\/p>\n\n\n\n<p>Ademais, salientou que a recomenda\u00e7\u00e3o se estendeu a outros secret\u00e1rios municipais e servidores que estivessem na mesma situa\u00e7\u00e3o. Ou seja, configurando nepotismo cruzado.&nbsp;<\/p>\n\n\n\n<p>A recomenda\u00e7\u00e3o tamb\u00e9m aponta que empresas foram contratadas pela prefeitura, e que estas, contrataram parentes do prefeito.<\/p>\n\n\n\n<p><em>Leia tamb\u00e9m: <a href=\"https:\/\/www.aurum.com.br\/blog\/contratos-administrativos\/\">O que s\u00e3o contratos administrativos, seus tipos e principais caracter\u00edsticas<\/a>!<\/em><\/p>\n\n\n\n<h2 class=\"wp-block-heading\">Consequ\u00eancias do nepotismo<\/h2>\n\n\n\n<p>A principal consequ\u00eancia da pr\u00e1tica do nepotismo \u00e9 a incompet\u00eancia administrativa. Isso porque, ao priorizar os la\u00e7os de parentesco sobre a capacidade t\u00e9cnica do indiv\u00edduo, a administra\u00e7\u00e3o p\u00fablica deixa de contar com uma pessoa mais competente para a fun\u00e7\u00e3o.<\/p>\n\n\n\n<p>Al\u00e9m disso, a pr\u00e1tica pode ocorrer com a finalidade de facilitar:<\/p>\n\n\n\n<ul class=\"wp-block-list\">\n<li>esquemas de corrup\u00e7\u00e3o;<\/li>\n\n\n\n<li>pagamento de propinas;<\/li>\n\n\n\n<li>troca de favores;<\/li>\n\n\n\n<li>desvios de verbas dentro da administra\u00e7\u00e3o p\u00fablica.<\/li>\n<\/ul>\n\n\n\n<h2 class=\"wp-block-heading\">Conclus\u00e3o<\/h2>\n\n\n\n<p>Durante o artigo pudemos entender qual a import\u00e2ncia de conhecermos o nepotismo e sermos capazes de identific\u00e1-lo e, consequentemente, denunci\u00e1-lo.&nbsp;<\/p>\n\n\n\n<p>J\u00e1 que, como vimos, suas consequ\u00eancias impactam negativamente na administra\u00e7\u00e3o p\u00fablica. Al\u00e9m disso, mesmo n\u00e3o configurando crime, a pr\u00e1tica n\u00e3o deixa de ser ilegal ao ir contra aos dispositivos legais e acabar infringindo dispositivos legais.&nbsp;<\/p>\n\n\n\n<h3 class=\"wp-block-heading\">Mais conhecimento para voc\u00ea<\/h3>\n\n\n\n<p>Aqui no Portal da Aurum voc\u00ea confere artigos relacionados \u00e0s mais diferentes&nbsp;<a href=\"https:\/\/www.aurum.com.br\/blog\/areas-do-direito\/\">\u00e1reas do direito<\/a>, al\u00e9m de textos sobre o dia a dia da advocacia. Siga navegando nos seguintes conte\u00fados:<\/p>\n\n\n\n<ul class=\"wp-block-list\">\n<li><a href=\"https:\/\/www.aurum.com.br\/blog\/curatela\/\">Curatela<\/a>: conceitos e aspectos processuais no direito brasileiro<\/li>\n\n\n\n<li><a href=\"https:\/\/www.aurum.com.br\/blog\/direito-sistemico\/\">Direito sist\u00eamico<\/a>: como aplicar a constela\u00e7\u00e3o familiar na advocacia<\/li>\n\n\n\n<li><a href=\"https:\/\/www.aurum.com.br\/blog\/judicializacao-da-saude\/\">Judicializa\u00e7\u00e3o da sa\u00fade<\/a>: qual o papel dos operadores do direito?<\/li>\n\n\n\n<li><a href=\"https:\/\/www.aurum.com.br\/blog\/tomada-de-decisao-apoiada\/\">Tomada de Decis\u00e3o Apoiada<\/a>: entenda como funciona<\/li>\n\n\n\n<li>As&nbsp;<a href=\"https:\/\/www.aurum.com.br\/blog\/medidas-protetivas\/\">medidas protetivas<\/a>&nbsp;no&nbsp;<a href=\"https:\/\/www.aurum.com.br\/blog\/ordenamento-juridico\/\">ordenamento jur\u00eddico<\/a>&nbsp;brasileiro \u2013&nbsp;<a href=\"https:\/\/www.aurum.com.br\/blog\/lei-11340\/\">Lei Maria da Penha<\/a>&nbsp;e ECA<\/li>\n\n\n\n<li>Confira como funciona o <a href=\"https:\/\/www.aurum.com.br\/blog\/art-330\/\">art. 330<\/a> do Novo CPC \u2013 indeferimento da peti\u00e7\u00e3o inicial<\/li>\n\n\n\n<li><a href=\"https:\/\/www.aurum.com.br\/blog\/processo-administrativo\/\">Tire as suas d\u00favidas sobre o processo administrativo<\/a><\/li>\n<\/ul>\n\n\n<style>\r\n  .news-post {\r\n    background: url('https:\/\/www.aurum.com.br\/blog\/wp-content\/themes\/aurum\/img\/bg-news-artigo.svg') no-repeat top center #3C48AA;\r\n    padding: 1.5rem;\r\n    border-radius: 6px;\r\n    margin: 1rem 0;\r\n  }\r\n  .news-post .icone {\r\n    display: none;\r\n  }\r\n  .news-post .title {\r\n    font-weight: 700;\r\n    font-size: 16px;\r\n    line-height: 130%;\r\n    text-align: center;\r\n    letter-spacing: -0.5px;\r\n    color: #fff;\r\n    margin-bottom: .9375rem;\r\n  }\r\n  .news-post p {\r\n    font-size: .875rem;\r\n    line-height: 140%;\r\n    text-align: center;\r\n    color: #fff;\r\n    margin-bottom: 1.25rem;\r\n  }\r\n  .news-post .news_button_span {\r\n    font-size: .8125rem;\r\n    display: block;\r\n    padding: .125rem .3125rem;\r\n    color: #fff;\r\n    text-align:left;\r\n  }\r\n  .news-post .news_button_span a {\r\n    color: #fff !important;\r\n    text-decoration: underline;\r\n  }\r\n  .news-post form {\r\n    width: 100%;\r\n  }\r\n  .news-post label {\r\n    font-weight: 600;\r\n    font-size: .9375rem;\r\n    line-height: 1.5rem;\r\n    margin-bottom: .5rem;\r\n    color: #fff;\r\n    display: block;\r\n  }\r\n  .news-post input {\r\n    background: #fff;\r\n    border: 1px solid #CBCBD9;\r\n    box-sizing: border-box;\r\n    border-radius: 4px;\r\n    padding: .75rem 1rem;\r\n    width: 100%;\r\n  }\r\n  .news-post button {\r\n    margin-top: .875rem;\r\n    width: 100%;\r\n    min-width: auto;\r\n    background: #FCC632;\r\n    color: #3C48AA;\r\n  }\r\n  .news-post .input {\r\n    position: relative;\r\n    padding-bottom: 10px;\r\n  }\r\n  .news-post .error-message-ad {\r\n    font-size: .875rem;\r\n    line-height: 130%;\r\n    color: #D50021;\r\n    margin-left: 4px;\r\n  }\r\n  .news-post .error {\r\n    border: 1px solid #D50021;\r\n  }\r\n  .news-post #message-form-ad {\r\n    border-radius: 4px;\r\n    padding: 0.7rem;\r\n    font-size:0.8rem;\r\n    text-align: center;\r\n    align-items: center;\r\n    justify-content: center;\r\n    display: none;\r\n  }\r\n  .news-post #message-form-ad svg {\r\n    margin-right: 8px;\r\n  }\r\n\r\n  @media(min-width: 561px) {\r\n    .news-post {\r\n      position: relative;\r\n      background: url('https:\/\/www.aurum.com.br\/blog\/wp-content\/themes\/aurum\/img\/bg-news-artigo.svg') no-repeat top center #3C48AA;\r\n      width: calc(100% - 30px);\r\n    }\r\n    .news-post .icone {\r\n      display: block;\r\n      position: absolute;\r\n      right: -30px;\r\n      top: 65px;\r\n      max-width: 142px;\r\n      width: 100%;\r\n      height: auto;\r\n      margin: 0;\r\n    }\r\n    .news-post .title {\r\n      font-size: 1.125rem;\r\n      text-align: left;\r\n      \/* padding-right: 3.75rem; *\/\r\n    }\r\n    .news-post p {\r\n      font-size: 1rem;\r\n      text-align: left;\r\n      max-width: 400px;\r\n    }\r\n    .news-post .boxes {\r\n      display: flex;\r\n      align-items: flex-start;\r\n    }\r\n    .news-post button {\r\n      margin: 0 0 0 1rem;\r\n      width: 100%;\r\n      max-width: 170px;\r\n      min-width: auto;\r\n      transition: all ease .3s\r\n    }\r\n    .news-post button:hover {\r\n      opacity: 0.9;\r\n      transition: all ease .3s\r\n    }\r\n    .news-post #message-form-ad {\r\n      padding: 1.125rem;\r\n      font-size:1rem;\r\n    }\r\n    .news-post #message-form-ad svg {\r\n      margin-right: 10px;\r\n    }\r\n  }\r\n<\/style>\r\n\r\n<div class=\"news-post\">\r\n  <div class=\"title news-ad-title\">Gostou do artigo e quer evoluir a sua advocacia?<\/div>\r\n  <p class=\"news-ad-subtitle\">Assine gr\u00e1tis a Aurum News e receba uma dose semanal de conte\u00fado no seu e-mail! \u270c\ufe0f<\/p>\r\n  <img decoding=\"async\" src=\"https:\/\/www.aurum.com.br\/blog\/wp-content\/themes\/aurum\/img\/icon-news-artigo.svg\" alt=\"\" class=\"icone\">\r\n\r\n  <form method=\"post\" name=\"newsletter-ad\" id=\"aurum-newsletter-ad\">\r\n    <div class=boxes>\r\n      <div class=\"input\">\r\n        <label class=\"label-email\" htmlFor=\"email-ad\">Qual seu e-mail?<\/label>\r\n        <input type=\"email\" id=\"email-ad\" name=\"newsletter-mail-ad\" placeholder=\"Digite seu e-mail?\">\r\n        <div class=\"error-message-ad-email\">Endere\u00e7o de e-mail inv\u00e1lido ou incorreto<\/div>\r\n\r\n        <label class=\"label-select\" htmlFor=\"lawsuits-select-ad\">\r\n          Quantos processos voc\u00ea ou<br class=\"for-desktop\"\/> seu escrit\u00f3rio acompanham?\r\n        <\/label>\r\n        <div id=\"lawsuits-select-ad\" class=\"lawsuits-select select-wrapper\" tabindex=\"0\">\r\n          <div class=\"s-dropdown--styled\">\r\n          <span class=\"lawsuits-default\">\r\n            <span id=\"lawsuits-newsletter-ad\" class=\"lawsuits-default-text\" data-value=\"\">Selecione os processos<\/span>\r\n            <svg class=\"chevron\" xmlns=\"http:\/\/www.w3.org\/2000\/svg\" width=\"24\" height=\"25\" viewBox=\"0 0 24 25\" fill=\"none\">\r\n              <path d=\"M6 15.6152L12 9.61523L18 15.6152\" stroke=\"black\" stroke-width=\"2\" stroke-linecap=\"round\" stroke-linejoin=\"round\" \/>\r\n            <\/svg>\r\n          <\/span>\r\n\r\n          <ul class=\"s-dropdown u-hide\">\r\n            <li class=\"lawsuits\" data-value=\"Mais de 1000 processos\">Mais de 1000 processos<\/li>\r\n            <li class=\"lawsuits\" data-value=\"De 501 a 1000 processos\">De 501 a 1000 processos<\/li>\r\n            <li class=\"lawsuits\" data-value=\"De 151 a 500 processos\">De 151 a 500 processos<\/li>\r\n            <li class=\"lawsuits\" data-value=\"De 41 a 150 processos\">De 41 a 150 processos<\/li>\r\n            <li class=\"lawsuits\" data-value=\"At\u00e9 40 processos\">At\u00e9 40 processos<\/li>\r\n            <li class=\"lawsuits\" data-value=\"Atuo apenas no consultivo\">Atuo apenas no consultivo<\/li>\r\n            <li class=\"lawsuits\" data-value=\"Ainda sou estudante de direito\">Ainda sou estudante de direito<\/li>\r\n            <li class=\"lawsuits\" data-value=\"N\u00e3o sou da \u00e1rea jur\u00eddica\">N\u00e3o sou da \u00e1rea jur\u00eddica<\/li>\r\n          <\/ul>\r\n          <\/div>\r\n        <\/div>\r\n        <div class=\"error-message-ad-lawsuits\">Selecione algum processo<\/div>\r\n      <\/div>\r\n      <button class=\"btn btn-yellow ad-btn-desktop\" id=\"aurum-submit-ad\">Assinar gr\u00e1tis<\/button>\r\n      <button class=\"btn btn-yellow ad-btn-mobile\" id=\"aurum-submit-ad\">Assinar<\/button>\r\n    <\/div>\r\n    <span class=\"news_button_span\">Ao se cadastrar voc\u00ea declara que leu e aceitou a pol\u00edtica de privacidade e cookies do <a href=\"https:\/\/s3.sa-east-1.amazonaws.com\/publico.aurum.com.br\/contratos\/politica-de-privacidade.pdf\" target=\"_blank\" rel=\"noopener noreferrer\">site<\/a>.<\/span>\r\n  <\/form>\r\n  <div id=\"message-form-ad\"><\/div>\r\n<\/div>","protected":false},"excerpt":{"rendered":"<p>O nepotismo \u00e9 a pr\u00e1tica ilegal pela qual um agente p\u00fablico usa de sua posi\u00e7\u00e3o de poder para nomear, contratar ou favorecer um ou mais parentes. Assim, violando a garantia constitucional da impessoalidade administrativa.&nbsp; Em um pa\u00eds como o Brasil, onde existe um alto n\u00famero de agentes p\u00fablicos, \u00e9 essencial que n\u00e3o apenas os operadores [&hellip;]<\/p>\n","protected":false},"author":85,"featured_media":15206,"comment_status":"open","ping_status":"open","sticky":false,"template":"","format":"standard","meta":{"_bbp_topic_count":0,"_bbp_reply_count":0,"_bbp_total_topic_count":0,"_bbp_total_reply_count":0,"_bbp_voice_count":0,"_bbp_anonymous_reply_count":0,"_bbp_topic_count_hidden":0,"_bbp_reply_count_hidden":0,"_bbp_forum_subforum_count":0,"inline_featured_image":false,"footnotes":""},"categories":[17],"tags":[],"class_list":["post-15203","post","type-post","status-publish","format-standard","has-post-thumbnail","hentry","category-direito-administrativo"],"acf":[],"_links":{"self":[{"href":"https:\/\/www.aurum.com.br\/blog\/wp-json\/wp\/v2\/posts\/15203","targetHints":{"allow":["GET"]}}],"collection":[{"href":"https:\/\/www.aurum.com.br\/blog\/wp-json\/wp\/v2\/posts"}],"about":[{"href":"https:\/\/www.aurum.com.br\/blog\/wp-json\/wp\/v2\/types\/post"}],"author":[{"embeddable":true,"href":"https:\/\/www.aurum.com.br\/blog\/wp-json\/wp\/v2\/users\/85"}],"replies":[{"embeddable":true,"href":"https:\/\/www.aurum.com.br\/blog\/wp-json\/wp\/v2\/comments?post=15203"}],"version-history":[{"count":8,"href":"https:\/\/www.aurum.com.br\/blog\/wp-json\/wp\/v2\/posts\/15203\/revisions"}],"predecessor-version":[{"id":31532,"href":"https:\/\/www.aurum.com.br\/blog\/wp-json\/wp\/v2\/posts\/15203\/revisions\/31532"}],"wp:featuredmedia":[{"embeddable":true,"href":"https:\/\/www.aurum.com.br\/blog\/wp-json\/wp\/v2\/media\/15206"}],"wp:attachment":[{"href":"https:\/\/www.aurum.com.br\/blog\/wp-json\/wp\/v2\/media?parent=15203"}],"wp:term":[{"taxonomy":"category","embeddable":true,"href":"https:\/\/www.aurum.com.br\/blog\/wp-json\/wp\/v2\/categories?post=15203"},{"taxonomy":"post_tag","embeddable":true,"href":"https:\/\/www.aurum.com.br\/blog\/wp-json\/wp\/v2\/tags?post=15203"}],"curies":[{"name":"wp","href":"https:\/\/api.w.org\/{rel}","templated":true}]}}