{"id":14667,"date":"2022-05-04T12:23:35","date_gmt":"2022-05-04T15:23:35","guid":{"rendered":"https:\/\/www.aurum.com.br\/blog\/?p=14667"},"modified":"2024-07-04T14:49:02","modified_gmt":"2024-07-04T17:49:02","slug":"lei-do-estagio","status":"publish","type":"post","link":"https:\/\/www.aurum.com.br\/blog\/lei-do-estagio\/","title":{"rendered":"Tire suas d\u00favidas sobre a Lei do Est\u00e1gio (Lei 11.788\/08)"},"content":{"rendered":"<div id=\"bsf_rt_marker\"><\/div>\n<pre class=\"wp-block-preformatted\">A <strong>Lei do Est\u00e1gio<\/strong> \u00e9 o marco legal que regula as rela\u00e7\u00f5es de est\u00e1gio no que tange aos seus requisitos formais, fiscaliza\u00e7\u00e3o e obriga\u00e7\u00f5es dos sujeitos que comp\u00f5em a contrata\u00e7\u00e3o do estagi\u00e1rio, que s\u00e3o:&nbsp; concedente, estagi\u00e1rio e institui\u00e7\u00e3o de ensino.<\/pre>\n\n\n\n<p>Segundo a Associa\u00e7\u00e3o Brasileira de Est\u00e1gios (ABRES), em 2020 haviam 890 mil estagi\u00e1rios registrados no Brasil. Apesar do n\u00famero ser consider\u00e1vel, apenas 8,12% dos alunos de ensino superior estagiam, enquanto para alunos do ensino m\u00e9dio o percentual \u00e9 ainda menor, sendo apenas 2,44%.<\/p>\n\n\n\n<p>O est\u00e1gio \u00e9 uma rela\u00e7\u00e3o de trabalho diferente das demais, porque tamb\u00e9m <strong>\u00e9 considerado um ato educativo, que visa a prepara\u00e7\u00e3o do estudante ao mercado de trabalho <\/strong>(Artigo 1\u00ba da <a href=\"http:\/\/www.planalto.gov.br\/ccivil_03\/_ato2007-2010\/2008\/lei\/l11798.htm\" target=\"_blank\" rel=\"noopener\">Lei 11.798\/12<\/a>), sendo previsto na Lei de diretrizes e bases da educa\u00e7\u00e3o nacional (artigo 82 da <a href=\"http:\/\/www.planalto.gov.br\/ccivil_03\/leis\/l9394.htm\" target=\"_blank\" rel=\"noopener\">Lei 9394\/96<\/a>).&nbsp;<\/p>\n\n\n\n<p>A diferen\u00e7a do est\u00e1gio para o emprego est\u00e1 no fato de que ele \u00e9 considerado um ato educativo, apesar de ser poss\u00edvel constatar a presen\u00e7a de todos os requisitos da rela\u00e7\u00e3o de emprego (artigo 2\u00ba e 3\u00ba da <a href=\"http:\/\/www.planalto.gov.br\/ccivil_03\/decreto-lei\/del5452.htm\" target=\"_blank\" rel=\"noopener\">CLT<\/a>).&nbsp;<\/p>\n\n\n\n<p>E, justamente pela similaridade entre as duas formas, para que o estagi\u00e1rio n\u00e3o seja reconhecido como empregado, \u00e9 necess\u00e1rio o cumprimento das disposi\u00e7\u00f5es da Lei de est\u00e1gio (artigo 15\u00ba da Lei <a href=\"http:\/\/www.planalto.gov.br\/ccivil_03\/_ato2007-2010\/2008\/lei\/l11788.htm\" target=\"_blank\" rel=\"noopener\">11.788\/08<\/a>).<\/p>\n\n\n\n<p>Confira neste artigo mais sobre a Lei, tipos de est\u00e1gio e obriga\u00e7\u00f5es que devem ser cumpridas!&nbsp;<\/p>\n\n\n\n<h2 class=\"wp-block-heading\">O que \u00e9 a Lei do Est\u00e1gio?<\/h2>\n\n\n\n<p>A Lei do Est\u00e1gio (<a href=\"http:\/\/www.planalto.gov.br\/ccivil_03\/_ato2007-2010\/2008\/lei\/l11788.htm\" target=\"_blank\" rel=\"noopener\">Lei 11.788\/08<\/a>) \u00e9 respons\u00e1vel por reger os <strong>direitos do estagi\u00e1rio e tamb\u00e9m os deveres da institui\u00e7\u00e3o de ensino e a concedente<\/strong>. Ela regulamenta todos os processos que envolvem o est\u00e1gio, diferindo o estagi\u00e1rio do empregado, e \u00e9 um respaldo para os estudantes que optam por essa modalidade de aprendizado!<\/p>\n\n\n\n<p>Por conta da similaridade entre o emprego e o est\u00e1gio, para que o estagi\u00e1rio n\u00e3o seja reconhecido como empregado, \u00e9 necess\u00e1rio o cumprimento das disposi\u00e7\u00f5es da Lei de est\u00e1gio (artigo 15\u00ba da Lei 11.788\/08).<\/p>\n\n\n\n<p>Veja mais sobre a <a href=\"https:\/\/www.aurum.com.br\/blog\/clt\/\">CLT nesse artigo<\/a>.<\/p>\n\n\n\n<figure class=\"wp-block-image size-large\"><img decoding=\"async\" width=\"1024\" height=\"1024\" src=\"https:\/\/www.aurum.com.br\/blog\/wp-content\/uploads\/2022\/05\/o-que-e-lei-do-estagio-1024x1024.jpg\" alt=\"Confira mais sobre a Lei do Est\u00e1gio\" class=\"wp-image-14668\" srcset=\"https:\/\/www.aurum.com.br\/blog\/wp-content\/uploads\/2022\/05\/o-que-e-lei-do-estagio-1024x1024.jpg 1024w, https:\/\/www.aurum.com.br\/blog\/wp-content\/uploads\/2022\/05\/o-que-e-lei-do-estagio-300x300.jpg 300w, https:\/\/www.aurum.com.br\/blog\/wp-content\/uploads\/2022\/05\/o-que-e-lei-do-estagio-150x150.jpg 150w, https:\/\/www.aurum.com.br\/blog\/wp-content\/uploads\/2022\/05\/o-que-e-lei-do-estagio-768x768.jpg 768w, https:\/\/www.aurum.com.br\/blog\/wp-content\/uploads\/2022\/05\/o-que-e-lei-do-estagio-96x96.jpg 96w, https:\/\/www.aurum.com.br\/blog\/wp-content\/uploads\/2022\/05\/o-que-e-lei-do-estagio.jpg 1080w\" sizes=\"(max-width: 1024px) 100vw, 1024px\" \/><figcaption class=\"wp-element-caption\">Saiba o que \u00e9 a Lei do Est\u00e1gio<\/figcaption><\/figure>\n\n\n\n<h2 class=\"wp-block-heading\">Quais as modalidades de est\u00e1gio?<\/h2>\n\n\n\n<p>O est\u00e1gio poder\u00e1 ser <strong>obrigat\u00f3rio ou n\u00e3o obrigat\u00f3rio<\/strong>. O que o define sua modalidade \u00e9 a pr\u00f3pria diretriz curricular do projeto pedag\u00f3gico do curso em que o aluno se encontre matriculado.&nbsp;<\/p>\n\n\n\n<p>Veja as caracter\u00edsticas de cada um:<\/p>\n\n\n\n<h3 class=\"wp-block-heading\">Est\u00e1gio obrigat\u00f3rio<\/h3>\n\n\n\n<p>O est\u00e1gio obrigat\u00f3rio \u00e9 aquele <strong>definido no projeto do curso<\/strong>, cuja carga hor\u00e1ria \u00e9 requisito para aprova\u00e7\u00e3o e obten\u00e7\u00e3o de diploma, conforme exposto no artigo 2\u00ba, \u00a71\u00ba, da Orienta\u00e7\u00e3o Normativa n\u00ba 02\/16 e no artigo 2\u00ba, \u00a71\u00ba, da <a href=\"http:\/\/www.planalto.gov.br\/ccivil_03\/_ato2007-2010\/2008\/lei\/l11788.htm\" target=\"_blank\" rel=\"noopener\">Lei 11.788\/08<\/a>.<\/p>\n\n\n\n<figure class=\"wp-block-pullquote classe bq-small\"><blockquote><p>Lei 11.788\/08 Art. 2\u00ba:&nbsp; O est\u00e1gio poder\u00e1 ser obrigat\u00f3rio ou n\u00e3o-obrigat\u00f3rio, conforme determina\u00e7\u00e3o das diretrizes curriculares da etapa, modalidade e \u00e1rea de ensino e do projeto pedag\u00f3gico do curso.<br>\u00a7 1o&nbsp; Est\u00e1gio obrigat\u00f3rio \u00e9 aquele definido como tal no projeto do curso, cuja carga hor\u00e1ria \u00e9 requisito para aprova\u00e7\u00e3o e obten\u00e7\u00e3o de diploma.<\/p><\/blockquote><\/figure>\n\n\n\n<figure class=\"wp-block-pullquote classe bq-small\"><blockquote><p>Orienta\u00e7\u00e3o normativa n\u00ba 02\/16 Art. 2\u00ba:<br>As listas de verifica\u00e7\u00e3o dever\u00e3o ser juntadas nos processos como instrumento de transpar\u00eancia e efici\u00eancia durante a fase de sele\u00e7\u00e3o do fornecedor, nas seguintes etapas:<br>I &#8211; Anexo I \u2013 antes da publica\u00e7\u00e3o do edital;<br>II &#8211; Anexo II \u2013 ap\u00f3s a adjudica\u00e7\u00e3o, quando realizada pelo pregoeiro, ou quando houver recurso, ap\u00f3s a an\u00e1lise deste.<\/p><\/blockquote><\/figure>\n\n\n\n<h3 class=\"wp-block-heading\">Est\u00e1gio n\u00e3o obrigat\u00f3rio<\/h3>\n\n\n\n<p>O Est\u00e1gio n\u00e3o obrigat\u00f3rio \u00e9 aquele <strong>desenvolvido como atividade opcional<\/strong>, acrescida \u00e0 carga hor\u00e1ria regular e obrigat\u00f3ria do curso, conforme exposto no artigo 2\u00ba, \u00a72\u00ba, da Orienta\u00e7\u00e3o Normativa N\u00ba 02\/16 e no artigo 2\u00ba, \u00a72\u00ba, da Lei 11.788\/08.<\/p>\n\n\n\n<figure class=\"wp-block-pullquote classe bq-small\"><blockquote><p>\u00a7 2o&nbsp; Est\u00e1gio n\u00e3o-obrigat\u00f3rio \u00e9 aquele desenvolvido como atividade opcional, acrescida \u00e0 carga hor\u00e1ria regular e obrigat\u00f3ria.<\/p><\/blockquote><\/figure>\n\n\n\n<h2 class=\"wp-block-heading\">Quem pode fazer est\u00e1gio?<\/h2>\n\n\n\n<p>Para conseguir realizar o est\u00e1gio, seja obrigat\u00f3rio ou n\u00e3o, \u00e9 preciso que a pessoa seja <strong>aluno regularmente matriculado<\/strong> que frequenta efetivamente o curso.&nbsp;<\/p>\n\n\n\n<p>Os graus escolares que podem validar uma contrata\u00e7\u00e3o de est\u00e1gio s\u00e3o:<\/p>\n\n\n\n<ul class=\"wp-block-list\">\n<li>Curso de ensino superior;<\/li>\n\n\n\n<li>Ensino m\u00e9dio;<\/li>\n\n\n\n<li>Educa\u00e7\u00e3o profissional;&nbsp;<\/li>\n\n\n\n<li>Educa\u00e7\u00e3o especial;&nbsp;<\/li>\n\n\n\n<li>Anos finais do ensino fundamental, na modalidade profissional de jovens e adultos.<\/li>\n<\/ul>\n\n\n\n<h2 class=\"wp-block-heading\">Quem pode contratar um estagi\u00e1rio?<\/h2>\n\n\n\n<p>Existem algumas normas que regulamentam a contrata\u00e7\u00e3o de estagi\u00e1rios. Para que ele seja legal, e de acordo com o artigo 9\u00ba da <a href=\"http:\/\/www.planalto.gov.br\/ccivil_03\/_ato2007-2010\/2008\/lei\/l11788.htm\" target=\"_blank\" rel=\"noopener\">Lei 11.788\/08<\/a>, pode contratar um estagi\u00e1rio:<\/p>\n\n\n\n<ul class=\"wp-block-list\">\n<li>As <strong>pessoas jur\u00eddicas<\/strong> de direito privado;&nbsp;<\/li>\n\n\n\n<li>Os <strong>\u00f3rg\u00e3os da administra\u00e7\u00e3o p\u00fablica<\/strong> direta, aut\u00e1rquica e fundacional de qualquer dos Poderes da Uni\u00e3o, dos Estados, do Distrito Federal e dos Munic\u00edpios;<\/li>\n\n\n\n<li><strong>Profissionais liberais<\/strong> de n\u00edvel superior devidamente registrados em seus respectivos conselhos de fiscaliza\u00e7\u00e3o profissional.&nbsp;<\/li>\n<\/ul>\n\n\n\n<figure class=\"wp-block-pullquote\"><blockquote><p>Art. 9o&nbsp; As pessoas jur\u00eddicas de direito privado e os \u00f3rg\u00e3os da administra\u00e7\u00e3o p\u00fablica direta, aut\u00e1rquica e fundacional de qualquer dos Poderes da Uni\u00e3o, dos Estados, do Distrito Federal e dos Munic\u00edpios, bem como profissionais liberais de n\u00edvel superior devidamente registrados em seus respectivos conselhos de fiscaliza\u00e7\u00e3o profissional, podem oferecer est\u00e1gio, observadas as seguintes obriga\u00e7\u00f5es:&nbsp;<br>I \u2013 celebrar termo de compromisso com a institui\u00e7\u00e3o de ensino e o educando, zelando por seu cumprimento;&nbsp;<br>II \u2013 ofertar instala\u00e7\u00f5es que tenham condi\u00e7\u00f5es de proporcionar ao educando atividades de aprendizagem social, profissional e cultural;&nbsp;<br>III \u2013 indicar funcion\u00e1rio de seu quadro de pessoal, com forma\u00e7\u00e3o ou experi\u00eancia profissional na \u00e1rea de conhecimento desenvolvida no curso do estagi\u00e1rio, para orientar e supervisionar at\u00e9 10 (dez) estagi\u00e1rios simultaneamente;&nbsp;<br>IV \u2013 contratar em favor do estagi\u00e1rio seguro contra acidentes pessoais, cuja ap\u00f3lice seja compat\u00edvel com valores de mercado, conforme fique estabelecido no termo de compromisso;&nbsp;<br>V \u2013 por ocasi\u00e3o do desligamento do estagi\u00e1rio, entregar termo de realiza\u00e7\u00e3o do est\u00e1gio com indica\u00e7\u00e3o resumida das atividades desenvolvidas, dos per\u00edodos e da avalia\u00e7\u00e3o de desempenho;&nbsp;<br>VI \u2013 manter \u00e0 disposi\u00e7\u00e3o da fiscaliza\u00e7\u00e3o documentos que comprovem a rela\u00e7\u00e3o de est\u00e1gio;&nbsp;<br>VII \u2013 enviar \u00e0 institui\u00e7\u00e3o de ensino, com periodicidade m\u00ednima de 6 (seis) meses, relat\u00f3rio de atividades, com vista obrigat\u00f3ria ao estagi\u00e1rio.&nbsp;<br>Par\u00e1grafo \u00fanico.&nbsp; No caso de est\u00e1gio obrigat\u00f3rio, a responsabilidade pela contrata\u00e7\u00e3o do seguro de que trata o inciso IV do caput deste artigo poder\u00e1, alternativamente, ser assumida pela institui\u00e7\u00e3o de ensino.<\/p><cite>leia mais<\/cite><\/blockquote><\/figure>\n\n\n\n<p>Saiba mais sobre <a href=\"https:\/\/www.aurum.com.br\/blog\/estagio-de-direito-como-selecionar-o-melhor-candidato\/\">est\u00e1gio de direito e como selecionar o melhor candidato aqui.<\/a><\/p>\n\n\n\n<style>\n    #adpost-block_1f3d921d5c9e518756c9d26b4816260e.anuncio-post-reverse {\n        display: flex;\n        gap: 24px;\n        border-radius: 8px;\n        width: 100%;\n        max-width: 752px;\n        padding: 40px;\n        background: #e7f4fe;\n        margin: 16px auto;\n    }\n\n    #adpost-block_1f3d921d5c9e518756c9d26b4816260e .anuncio-container {\n        display: flex;\n        flex-direction: column;\n        gap: 24px;\n        width: 100%;\n        max-width: 333px;\n    }\n\n    #adpost-block_1f3d921d5c9e518756c9d26b4816260e .anuncio-container .logo {\n        width: 100%;\n        max-width: 177px;\n        margin: 0;\n    }\n\n    #adpost-block_1f3d921d5c9e518756c9d26b4816260e .anuncio-text-container {\n        display: flex;\n        flex-direction: column;\n        gap: 24px;\n    }\n\n    #adpost-block_1f3d921d5c9e518756c9d26b4816260e .anuncio-text-container .title {\n        font-family: 'Ubuntu';\n        font-size: 1.5rem; \/\/24px\n        font-weight: 700;\n        line-height: 120%;\n        margin: 0;\n        color: #000;\n    }\n\n    #adpost-block_1f3d921d5c9e518756c9d26b4816260e .anuncio-text-container .text {\n        font-size: 0.875rem;\n        font-weight: 400;\n        line-height: 170%;\n        color: #000;\n    }\n\n    #adpost-block_1f3d921d5c9e518756c9d26b4816260e .anuncio-container .button {\n        display: inline-flex;\n        align-items: center;\n        justify-content: center;\n        width: fit-content;\n        height: 48px;\n        border-radius: 8px;\n        padding: 12px 24px;\n        font-size: 1rem;\n        font-weight: 600;\n        text-decoration: none;\n        background: #008fd5;\n        color: #fff;\n    }\n\n    #adpost-block_1f3d921d5c9e518756c9d26b4816260e .image-container {\n        position: relative;\n        width: 100%;\n        height: 100%;\n    }\n\n    #adpost-block_1f3d921d5c9e518756c9d26b4816260e .image-container.float {\n        min-height: 236px;\n    }\n\n    #adpost-block_1f3d921d5c9e518756c9d26b4816260e .image-container .image-desktop {\n        width: 100%;\n        max-width: 323px;\n        object-fit: contain;\n        margin: 0;\n    }\n\n    #adpost-block_1f3d921d5c9e518756c9d26b4816260e .image-container .image-mobile {\n        display: none;\n        width: 100%;\n        max-width: 291px;\n        object-fit: contain;\n        margin: 0;\n    }\n\n    #adpost-block_1f3d921d5c9e518756c9d26b4816260e .image-container.float .image-desktop,\n    #adpost-block_1f3d921d5c9e518756c9d26b4816260e .image-container.float .image-mobile {\n        position: absolute;\n        right: 0;\n        bottom: 0;\n    }\n\n    #adpost-block_1f3d921d5c9e518756c9d26b4816260e .image-container img {\n        border-radius: 8px;\n    }\n\n    \/************\n    * MOBILE \n    *************\/\n    @media (max-width: 1439px) {\n        #adpost-block_1f3d921d5c9e518756c9d26b4816260e.anuncio-post-reverse {\n            flex-direction: column-reverse;\n            max-width: fit-content;\n            padding: 24px;\n        }\n\n        #adpost-block_1f3d921d5c9e518756c9d26b4816260e .anuncio-container {\n            max-width: 280px;\n            align-items: center;\n        }\n\n        #adpost-block_1f3d921d5c9e518756c9d26b4816260e .anuncio-container .logo {\n            max-width: 147px;\n        }\n\n        #adpost-block_1f3d921d5c9e518756c9d26b4816260e .anuncio-text-container {\n            gap: 8px;\n        }\n\n        #adpost-block_1f3d921d5c9e518756c9d26b4816260e .anuncio-text-container .title {\n            font-size: 1.25rem;\n            text-align: center;\n        }\n\n        #adpost-block_1f3d921d5c9e518756c9d26b4816260e .anuncio-text-container .text {\n            text-align: center;\n        }\n\n        #adpost-block_1f3d921d5c9e518756c9d26b4816260e .anuncio-container .button {\n            width: 100%;\n        }\n\n        #adpost-block_1f3d921d5c9e518756c9d26b4816260e .image-container.float {\n            min-height: 182px;\n        }\n\n        #adpost-block_1f3d921d5c9e518756c9d26b4816260e .image-container .image-desktop {\n            display: none;\n        }\n\n        #adpost-block_1f3d921d5c9e518756c9d26b4816260e .image-container .image-mobile {\n            display: block;\n        }\n    }\n\n    \/*******************\n    * RESET GLOBAL CSS \n    ********************\/\n    #s-post main article .content .image-container img {\n        margin: 0;\n    }\n<\/style>\n\n\n<article id=\"adpost-block_1f3d921d5c9e518756c9d26b4816260e\" class=\"anuncio-post-reverse\">\n    <div class=\"anuncio-container\">\n        \n        <div class=\"anuncio-text-container\">\n             <h3 class=\"title\" >Seja protagonista da sua advocacia com o Astrea<\/h3>\n            <div class=\"text\" >Tenha tempo para focar no crescimento do seu escrit\u00f3rio, enquanto o Astrea cuida da sua gest\u00e3o jur\u00eddica com intelig\u00eancia.<\/div>        <\/div>\n       \n        <a class=\"button\" href=\"\/astrea\/?utm_source=blog&#038;utm_medium=adpost&#038;utm_campaign=campanha-marca-2026\" target=\"_self\">Conhe\u00e7a o Astrea<\/a>    <\/div>\n\n    <div class=\"image-container\">\n        <img decoding=\"async\" class=\"image-desktop\" src=\"https:\/\/www.aurum.com.br\/blog\/wp-content\/uploads\/2026\/03\/adpos-posicionamento-2026-desktop.png\" alt=\"\" \/>\n        <img decoding=\"async\" class=\"image-mobile\" src=\"https:\/\/www.aurum.com.br\/blog\/wp-content\/uploads\/2026\/03\/adpost-posicionamento-2026-mobile.png\" alt=\"\" \/>    <\/div>\n<\/article>\n\n\n<h2 class=\"wp-block-heading\">Quais s\u00e3o as obriga\u00e7\u00f5es da parte que concede est\u00e1gio?<\/h2>\n\n\n\n<p>As concedentes de est\u00e1gio precisam seguir crit\u00e9rios que s\u00e3o obrigat\u00f3rios para valida\u00e7\u00e3o.&nbsp;<\/p>\n\n\n\n<p>Esses crit\u00e9rios s\u00e3o:<\/p>\n\n\n\n<ul class=\"wp-block-list\">\n<li>Celebrar <strong>termo de compromisso<\/strong> com a institui\u00e7\u00e3o de ensino e o estagi\u00e1rio, zelando por seu cumprimento;<\/li>\n\n\n\n<li>Ofertar instala\u00e7\u00f5es que tenham <strong>condi\u00e7\u00f5es<\/strong> de proporcionar ao educando atividades de aprendizagem social, profissional e cultural;&nbsp;<\/li>\n\n\n\n<li>Indicar algu\u00e9m de seu quadro de pessoal, com forma\u00e7\u00e3o ou experi\u00eancia profissional na \u00e1rea de conhecimento desenvolvida no curso do estagi\u00e1rio, para <strong>orientar e supervisionar<\/strong> at\u00e9 dez estagi\u00e1rios simultaneamente;&nbsp;<\/li>\n\n\n\n<li>Contratar, em favor do estagi\u00e1rio, <strong>seguro contra acidentes pessoais<\/strong>, cuja ap\u00f3lice seja compat\u00edvel com valores de mercado, conforme fique estabelecido no termo de compromisso;&nbsp;<\/li>\n\n\n\n<li>Por ocasi\u00e3o do desligamento do estagi\u00e1rio, entregar <strong>termo de realiza\u00e7\u00e3o do est\u00e1gio<\/strong> com indica\u00e7\u00e3o resumida das atividades desenvolvidas, dos per\u00edodos e da avalia\u00e7\u00e3o de desempenho;&nbsp;<\/li>\n\n\n\n<li>Manter \u00e0 disposi\u00e7\u00e3o da<strong> fiscaliza\u00e7\u00e3o dos documentos<\/strong> que comprovem a rela\u00e7\u00e3o de est\u00e1gio;&nbsp;<\/li>\n\n\n\n<li>Enviar \u00e0 institui\u00e7\u00e3o de ensino, com periodicidade m\u00ednima de seis meses, <strong>relat\u00f3rio de atividades<\/strong>, com vista obrigat\u00f3ria ao estagi\u00e1rio.<\/li>\n<\/ul>\n\n\n\n<p>Al\u00e9m dos requisitos obrigat\u00f3rios que as concedentes devem seguir, ela tamb\u00e9m \u00e9 obrigada a observar os requisitos citados no artigo 3\u00ba da Lei <a href=\"http:\/\/www.planalto.gov.br\/ccivil_03\/_ato2007-2010\/2008\/lei\/l11788.htm\" target=\"_blank\" rel=\"noopener\">11.788\/08<\/a> para admitir estagi\u00e1rios. Veja quais s\u00e3o eles!<\/p>\n\n\n\n<h3 class=\"wp-block-heading\">Matr\u00edcula e frequ\u00eancia no curso<\/h3>\n\n\n\n<p>O estagi\u00e1rio deve ter <strong>matr\u00edcula e frequ\u00eancia regular no curso<\/strong> de educa\u00e7\u00e3o superior, de educa\u00e7\u00e3o profissional, de ensino m\u00e9dio, da educa\u00e7\u00e3o especial e nos anos finais do ensino fundamental, na modalidade profissional da educa\u00e7\u00e3o de jovens e adultos e atestados pela institui\u00e7\u00e3o de ensino.<\/p>\n\n\n\n<h3 class=\"wp-block-heading\">Compatibilidade de atividades<\/h3>\n\n\n\n<p>Deve existir a <strong>compatibilidade entre as atividades desenvolvidas no est\u00e1gio<\/strong> e aquelas previstas no termo de compromisso.<\/p>\n\n\n\n<h3 class=\"wp-block-heading\">Supervisor com experi\u00eancia<\/h3>\n\n\n\n<p>A pessoa indicada como supervisor de est\u00e1gio deve ter <strong>experi\u00eancia ou forma\u00e7\u00e3o na \u00e1rea do estagi\u00e1rio<\/strong> e n\u00e3o poder\u00e1 ser indicada para mais de 10 (dez) estagi\u00e1rios simultaneamente (artigo 9\u00ba, III, da Lei 11.788\/08).<\/p>\n\n\n\n<h2 class=\"wp-block-heading\">Qual o prazo m\u00e1ximo de est\u00e1gio?<\/h2>\n\n\n\n<p>A empresa dever\u00e1 observar o tempo <strong>limite de dois anos<\/strong> de dura\u00e7\u00e3o do est\u00e1gio, exceto nos casos de estagi\u00e1rios portadores de necessidade especiais.&nbsp;<\/p>\n\n\n\n<p>Quando falamos do n\u00famero de estagi\u00e1rios, a empresa dever\u00e1 seguir as propor\u00e7\u00f5es regidas no art. 17 da <a href=\"http:\/\/www.planalto.gov.br\/ccivil_03\/_ato2007-2010\/2008\/lei\/l11788.htm\" target=\"_blank\" rel=\"noopener\">Lei 11.788\/08<\/a>, exceto nos casos de estagi\u00e1rios de n\u00edvel superior e de n\u00edvel m\u00e9dio profissional (citados no \u00a74\u00ba). As propor\u00e7\u00f5es s\u00e3o:<\/p>\n\n\n\n<ul class=\"wp-block-list\">\n<li>de um a cinco empregados: um estagi\u00e1rio;&nbsp;<\/li>\n\n\n\n<li>de seis a dez empregados: at\u00e9 dois estagi\u00e1rios;&nbsp;<\/li>\n\n\n\n<li>de 11 a 25 empregados: at\u00e9 cinco estagi\u00e1rios;&nbsp;<\/li>\n\n\n\n<li>acima de 25 empregados: at\u00e9 20% de estagi\u00e1rios.&nbsp;<\/li>\n<\/ul>\n\n\n\n<h2 class=\"wp-block-heading\">Quais s\u00e3o os direitos do estagi\u00e1rio?<\/h2>\n\n\n\n<p>Conforme a Lei 11.788\/08, que rege os direitos e deveres dos estagi\u00e1rios, eles possuem a garantia de:<\/p>\n\n\n\n<h3 class=\"wp-block-heading\">Jornada de trabalho<\/h3>\n\n\n\n<p>Os estagi\u00e1rios, conforme o artigo 10 da Lei, devem cumprir est\u00e1gio de<strong> quatro ou seis horas di\u00e1rias<\/strong>. Veja mais detalhes:<\/p>\n\n\n\n<ul class=\"wp-block-list\">\n<li>Seis horas di\u00e1rias e 30 horas semanais para estudantes do ensino superior, da educa\u00e7\u00e3o profissional de n\u00edvel m\u00e9dio e do ensino m\u00e9dio regular;<\/li>\n\n\n\n<li>Quatro horas di\u00e1rias e 20 horas semanais para estudantes de educa\u00e7\u00e3o especial e dos anos finais do ensino fundamental, na modalidade profissional de educa\u00e7\u00e3o de jovens e adultos.<\/li>\n\n\n\n<li>Redu\u00e7\u00e3o da jornada de trabalho pela metade em per\u00edodo de provas (artigo 10, \u00a72\u00ba, da Lei 11.788\/08).<\/li>\n<\/ul>\n\n\n\n<h3 class=\"wp-block-heading\">Bolsa e aux\u00edlios<\/h3>\n\n\n\n<figure class=\"wp-block-pullquote classe bq-small\"><blockquote><p>Os est\u00e1gios n\u00e3o obrigat\u00f3rios s\u00e3o remunerados e, por isso, devem <strong>ofertar a bolsa de est\u00e1gio e aux\u00edlio transporte<\/strong>, conforme artigo 12 da Lei 11.788\/08.<br><br>Art. 12.&nbsp; O estagi\u00e1rio poder\u00e1 receber bolsa ou outra forma de contrapresta\u00e7\u00e3o que venha a ser acordada, sendo compuls\u00f3ria a sua concess\u00e3o, bem como a do aux\u00edlio-transporte, na hip\u00f3tese de est\u00e1gio n\u00e3o obrigat\u00f3rio.<br>\u00a7 1o&nbsp; A eventual concess\u00e3o de benef\u00edcios relacionados a transporte, alimenta\u00e7\u00e3o e sa\u00fade, entre outros, n\u00e3o caracteriza v\u00ednculo empregat\u00edcio.<br>\u00a7 2o&nbsp; Poder\u00e1 o educando inscrever-se e contribuir como segurado facultativo do Regime Geral de Previd\u00eancia Social.<\/p><\/blockquote><\/figure>\n\n\n\n<h3 class=\"wp-block-heading\">F\u00e9rias&nbsp;<\/h3>\n\n\n\n<p>O estagi\u00e1rio tem direito ao per\u00edodo de <strong>recesso de 30 dias<\/strong> (artigo 13 da Lei 11.788\/08) ou proporcional, quando o est\u00e1gio tiver dura\u00e7\u00e3o de mais de um ano, a ser gozado preferencialmente durante suas f\u00e9rias escolares.<\/p>\n\n\n\n<h3 class=\"wp-block-heading\">Seguran\u00e7a<\/h3>\n\n\n\n<p>Todos os direitos da legisla\u00e7\u00e3o relacionada \u00e0 <strong>sa\u00fade e seguran\u00e7a no trabalho<\/strong> s\u00e3o direitos do estagi\u00e1rio, conforme artigo 14 da Lei 11.788\/08.<\/p>\n\n\n\n<figure class=\"wp-block-pullquote classe bq-small\"><blockquote><p>Art. 14.&nbsp; Aplica-se ao estagi\u00e1rio a legisla\u00e7\u00e3o relacionada \u00e0 sa\u00fade e seguran\u00e7a no trabalho, sendo sua implementa\u00e7\u00e3o de responsabilidade da parte concedente do est\u00e1gio.<\/p><\/blockquote><\/figure>\n\n\n\n<h2 class=\"wp-block-heading\">Conclus\u00e3o<\/h2>\n\n\n\n<p>A rela\u00e7\u00e3o de est\u00e1gio \u00e9 um ato educativo que se aproxima de uma rela\u00e7\u00e3o de emprego. Por isso, a legisla\u00e7\u00e3o exige o cumprimento de diversas formalidades para que se mantenha a validade do est\u00e1gio, a fim de evitar que este se transforme em uma rela\u00e7\u00e3o t\u00edpica de emprego.<\/p>\n\n\n\n<p>Entre os pontos mais importantes, vale ressaltar que o estagi\u00e1rio \u00e9 sempre o aluno com matr\u00edcula e frequ\u00eancia regular em um curso superior, m\u00e9dio ou t\u00e9cnico!&nbsp;<\/p>\n\n\n\n<p>J\u00e1 a parte concedente, que pode ser uma empresa ou mesmo um profissional liberal, deve celebrar um termo de compromisso em conjunto com a institui\u00e7\u00e3o de ensino e o estagi\u00e1rio definindo atividades compat\u00edveis com a \u00e1rea de estudo do aluno.<\/p>\n\n\n\n<p>\u00c9 importante ressaltar tamb\u00e9m que o estagi\u00e1rio possui, via de regra, direito \u00e0 bolsa, recesso, jornada de trabalho espec\u00edfica &#8211; que pode ser reduzida em per\u00edodos de provas, entre outros direitos que caso n\u00e3o sejam observados, poder\u00e3o anular a rela\u00e7\u00e3o e transform\u00e1-la numa rela\u00e7\u00e3o de emprego, gerando riscos \u00e0 parte concedente.<\/p>\n\n\n\n<h3 class=\"wp-block-heading\">Mais conhecimento para voc\u00ea<\/h3>\n\n\n\n<p>Se voc\u00ea gostou deste texto e deseja seguir a leitura em temas sobre direito e advocacia, vale a pena conferir os seguintes materiais:&nbsp;&nbsp;<\/p>\n\n\n\n<ul class=\"wp-block-list\">\n<li><a href=\"https:\/\/www.aurum.com.br\/blog\/salario-maternidade\/\">Sal\u00e1rio-maternidade: como funciona, quem tem direito e mais!<\/a><\/li>\n\n\n\n<li><a href=\"https:\/\/www.aurum.com.br\/blog\/adimplemento-substancial\/\">Entenda os fundamentos da teoria do adimplemento substancial<\/a><\/li>\n\n\n\n<li><a href=\"https:\/\/www.aurum.com.br\/blog\/contencioso-tributario\/\">O que \u00e9 e quais s\u00e3o os tipos de contencioso tribut\u00e1rio?<\/a><\/li>\n\n\n\n<li><a href=\"https:\/\/www.aurum.com.br\/blog\/eleicoes-municipais\/\">TUDO que voc\u00ea precisa saber sobre as elei\u00e7\u00f5es municipais de 2024<\/a><\/li>\n\n\n\n<li><a href=\"https:\/\/www.aurum.com.br\/blog\/sociedade-em-nome-coletivo\/\">Entenda como funciona a sociedade em nome coletivo<\/a><\/li>\n\n\n\n<li><a href=\"https:\/\/www.aurum.com.br\/blog\/alvara-judicial\/\">Alvar\u00e1 Judicial: O que \u00e9, como funciona e qual o valor?<\/a><\/li>\n\n\n\n<li><a href=\"https:\/\/www.aurum.com.br\/blog\/empresa-familiar\/\">Empresa Familiar: O que \u00e9, Tipos e Implica\u00e7\u00f5es Legais<\/a><\/li>\n\n\n\n<li><a href=\"https:\/\/www.aurum.com.br\/blog\/legislacao-aduaneira\/\">Legisla\u00e7\u00e3o Aduaneira: Guia Completo para Entender e Navegar no Com\u00e9rcio Exterior Brasileiro<\/a><\/li>\n\n\n\n<li><a href=\"https:\/\/www.aurum.com.br\/blog\/processo-administrativo-previdenciario\/(abrir em uma nova aba)\">Processo administrativo previdenci\u00e1rio: conhe\u00e7a todas as etapas!<\/a><\/li>\n\n\n\n<li><a href=\"https:\/\/www.aurum.com.br\/blog\/processo-administrativo-previdenciario\/\">Previd\u00eancia privada: como funciona e atua\u00e7\u00e3o do advogado<\/a><\/li>\n\n\n\n<li><a href=\"https:\/\/www.aurum.com.br\/blog\/comoriencia\/\">Por que a comori\u00eancia \u00e9 importante para o Direito Sucess\u00f3rio?<\/a><\/li>\n\n\n\n<li><a href=\"https:\/\/www.aurum.com.br\/blog\/arbitragem-empresarial\/\">Arbitragem Empresarial: Como usar para a resolu\u00e7\u00e3o de conflitos empresariais<\/a><\/li>\n\n\n\n<li><a href=\"https:\/\/www.aurum.com.br\/blog\/acordo-judicial\/\">O que \u00e9 e como fazer um acordo judicial: Guia Completo [+Modelo]<\/a><\/li>\n\n\n\n<li><a href=\"https:\/\/www.aurum.com.br\/blog\/prescricao-e-decadencia-previdenciaria\/\">Tire as principais d\u00favidas sobre prescri\u00e7\u00e3o e decad\u00eancia previdenci\u00e1ria<\/a><\/li>\n\n\n\n<li><a href=\"https:\/\/www.aurum.com.br\/blog\/acao-de-impugnacao-de-mandato-eletivo\/\">A\u00e7\u00e3o de Impugna\u00e7\u00e3o de Mandato Eletivo: o que \u00e9, quando cabe e quem julga?<\/a><\/li>\n\n\n\n<li><a href=\"https:\/\/www.aurum.com.br\/blog\/adjudicacao-compulsoria-extrajudicial\/\">Adjudica\u00e7\u00e3o Compuls\u00f3ria Extrajudicial: como funciona, quanto custa e mais<\/a><\/li>\n\n\n\n<li><a href=\"https:\/\/www.aurum.com.br\/blog\/abandono-de-incapaz\/\">O que \u00e9 abandono de incapaz e o que diz a lei<\/a><\/li>\n\n\n\n<li><a href=\"https:\/\/www.aurum.com.br\/blog\/contrato-de-trabalho-temporario\/\">Contrato de trabalho tempor\u00e1rio: o que diz a lei trabalhista e como funciona! [+Modelo]<\/a><\/li>\n<\/ul>\n\n\n\n<p>Este conte\u00fado foi \u00fatil pra voc\u00ea? Conta aqui nos coment\u00e1rios \ud83d\ude09<\/p>\n\n\n<style>\r\n  .news-post {\r\n    background: url('https:\/\/www.aurum.com.br\/blog\/wp-content\/themes\/aurum\/img\/bg-news-artigo.svg') no-repeat top center #3C48AA;\r\n    padding: 1.5rem;\r\n    border-radius: 6px;\r\n    margin: 1rem 0;\r\n  }\r\n  .news-post .icone {\r\n    display: none;\r\n  }\r\n  .news-post .title {\r\n    font-weight: 700;\r\n    font-size: 16px;\r\n    line-height: 130%;\r\n    text-align: center;\r\n    letter-spacing: -0.5px;\r\n    color: #fff;\r\n    margin-bottom: .9375rem;\r\n  }\r\n  .news-post p {\r\n    font-size: .875rem;\r\n    line-height: 140%;\r\n    text-align: center;\r\n    color: #fff;\r\n    margin-bottom: 1.25rem;\r\n  }\r\n  .news-post .news_button_span {\r\n    font-size: .8125rem;\r\n    display: block;\r\n    padding: .125rem .3125rem;\r\n    color: #fff;\r\n    text-align:left;\r\n  }\r\n  .news-post .news_button_span a {\r\n    color: #fff !important;\r\n    text-decoration: underline;\r\n  }\r\n  .news-post form {\r\n    width: 100%;\r\n  }\r\n  .news-post label {\r\n    font-weight: 600;\r\n    font-size: .9375rem;\r\n    line-height: 1.5rem;\r\n    margin-bottom: .5rem;\r\n    color: #fff;\r\n    display: block;\r\n  }\r\n  .news-post input {\r\n    background: #fff;\r\n    border: 1px solid #CBCBD9;\r\n    box-sizing: border-box;\r\n    border-radius: 4px;\r\n    padding: .75rem 1rem;\r\n    width: 100%;\r\n  }\r\n  .news-post button {\r\n    margin-top: .875rem;\r\n    width: 100%;\r\n    min-width: auto;\r\n    background: #FCC632;\r\n    color: #3C48AA;\r\n  }\r\n  .news-post .input {\r\n    position: relative;\r\n    padding-bottom: 10px;\r\n  }\r\n  .news-post .error-message-ad {\r\n    font-size: .875rem;\r\n    line-height: 130%;\r\n    color: #D50021;\r\n    margin-left: 4px;\r\n  }\r\n  .news-post .error {\r\n    border: 1px solid #D50021;\r\n  }\r\n  .news-post #message-form-ad {\r\n    border-radius: 4px;\r\n    padding: 0.7rem;\r\n    font-size:0.8rem;\r\n    text-align: center;\r\n    align-items: center;\r\n    justify-content: center;\r\n    display: none;\r\n  }\r\n  .news-post #message-form-ad svg {\r\n    margin-right: 8px;\r\n  }\r\n\r\n  @media(min-width: 561px) {\r\n    .news-post {\r\n      position: relative;\r\n      background: url('https:\/\/www.aurum.com.br\/blog\/wp-content\/themes\/aurum\/img\/bg-news-artigo.svg') no-repeat top center #3C48AA;\r\n      width: calc(100% - 30px);\r\n    }\r\n    .news-post .icone {\r\n      display: block;\r\n      position: absolute;\r\n      right: -30px;\r\n      top: 65px;\r\n      max-width: 142px;\r\n      width: 100%;\r\n      height: auto;\r\n      margin: 0;\r\n    }\r\n    .news-post .title {\r\n      font-size: 1.125rem;\r\n      text-align: left;\r\n      \/* padding-right: 3.75rem; *\/\r\n    }\r\n    .news-post p {\r\n      font-size: 1rem;\r\n      text-align: left;\r\n      max-width: 400px;\r\n    }\r\n    .news-post .boxes {\r\n      display: flex;\r\n      align-items: flex-start;\r\n    }\r\n    .news-post button {\r\n      margin: 0 0 0 1rem;\r\n      width: 100%;\r\n      max-width: 170px;\r\n      min-width: auto;\r\n      transition: all ease .3s\r\n    }\r\n    .news-post button:hover {\r\n      opacity: 0.9;\r\n      transition: all ease .3s\r\n    }\r\n    .news-post #message-form-ad {\r\n      padding: 1.125rem;\r\n      font-size:1rem;\r\n    }\r\n    .news-post #message-form-ad svg {\r\n      margin-right: 10px;\r\n    }\r\n  }\r\n<\/style>\r\n\r\n<div class=\"news-post\">\r\n  <div class=\"title news-ad-title\">Gostou do artigo e quer evoluir a sua advocacia?<\/div>\r\n  <p class=\"news-ad-subtitle\">Assine gr\u00e1tis a Aurum News e receba uma dose semanal de conte\u00fado no seu e-mail! \u270c\ufe0f<\/p>\r\n  <img decoding=\"async\" src=\"https:\/\/www.aurum.com.br\/blog\/wp-content\/themes\/aurum\/img\/icon-news-artigo.svg\" alt=\"\" class=\"icone\">\r\n\r\n  <form method=\"post\" name=\"newsletter-ad\" id=\"aurum-newsletter-ad\">\r\n    <div class=boxes>\r\n      <div class=\"input\">\r\n        <label class=\"label-email\" htmlFor=\"email-ad\">Qual seu e-mail?<\/label>\r\n        <input type=\"email\" id=\"email-ad\" name=\"newsletter-mail-ad\" placeholder=\"Digite seu e-mail?\">\r\n        <div class=\"error-message-ad-email\">Endere\u00e7o de e-mail inv\u00e1lido ou incorreto<\/div>\r\n\r\n        <label class=\"label-select\" htmlFor=\"lawsuits-select-ad\">\r\n          Quantos processos voc\u00ea ou<br class=\"for-desktop\"\/> seu escrit\u00f3rio acompanham?\r\n        <\/label>\r\n        <div id=\"lawsuits-select-ad\" class=\"lawsuits-select select-wrapper\" tabindex=\"0\">\r\n          <div class=\"s-dropdown--styled\">\r\n          <span class=\"lawsuits-default\">\r\n            <span id=\"lawsuits-newsletter-ad\" class=\"lawsuits-default-text\" data-value=\"\">Selecione os processos<\/span>\r\n            <svg class=\"chevron\" xmlns=\"http:\/\/www.w3.org\/2000\/svg\" width=\"24\" height=\"25\" viewBox=\"0 0 24 25\" fill=\"none\">\r\n              <path d=\"M6 15.6152L12 9.61523L18 15.6152\" stroke=\"black\" stroke-width=\"2\" stroke-linecap=\"round\" stroke-linejoin=\"round\" \/>\r\n            <\/svg>\r\n          <\/span>\r\n\r\n          <ul class=\"s-dropdown u-hide\">\r\n            <li class=\"lawsuits\" data-value=\"Mais de 1000 processos\">Mais de 1000 processos<\/li>\r\n            <li class=\"lawsuits\" data-value=\"De 501 a 1000 processos\">De 501 a 1000 processos<\/li>\r\n            <li class=\"lawsuits\" data-value=\"De 151 a 500 processos\">De 151 a 500 processos<\/li>\r\n            <li class=\"lawsuits\" data-value=\"De 41 a 150 processos\">De 41 a 150 processos<\/li>\r\n            <li class=\"lawsuits\" data-value=\"At\u00e9 40 processos\">At\u00e9 40 processos<\/li>\r\n            <li class=\"lawsuits\" data-value=\"Atuo apenas no consultivo\">Atuo apenas no consultivo<\/li>\r\n            <li class=\"lawsuits\" data-value=\"Ainda sou estudante de direito\">Ainda sou estudante de direito<\/li>\r\n            <li class=\"lawsuits\" data-value=\"N\u00e3o sou da \u00e1rea jur\u00eddica\">N\u00e3o sou da \u00e1rea jur\u00eddica<\/li>\r\n          <\/ul>\r\n          <\/div>\r\n        <\/div>\r\n        <div class=\"error-message-ad-lawsuits\">Selecione algum processo<\/div>\r\n      <\/div>\r\n      <button class=\"btn btn-yellow ad-btn-desktop\" id=\"aurum-submit-ad\">Assinar gr\u00e1tis<\/button>\r\n      <button class=\"btn btn-yellow ad-btn-mobile\" id=\"aurum-submit-ad\">Assinar<\/button>\r\n    <\/div>\r\n    <span class=\"news_button_span\">Ao se cadastrar voc\u00ea declara que leu e aceitou a pol\u00edtica de privacidade e cookies do <a href=\"https:\/\/s3.sa-east-1.amazonaws.com\/publico.aurum.com.br\/contratos\/politica-de-privacidade.pdf\" target=\"_blank\" rel=\"noopener noreferrer\">site<\/a>.<\/span>\r\n  <\/form>\r\n  <div id=\"message-form-ad\"><\/div>\r\n<\/div>","protected":false},"excerpt":{"rendered":"<p>A Lei do Est\u00e1gio \u00e9 o marco legal que regula as rela\u00e7\u00f5es de est\u00e1gio no que tange aos seus requisitos formais, fiscaliza\u00e7\u00e3o e obriga\u00e7\u00f5es dos sujeitos que comp\u00f5em a contrata\u00e7\u00e3o do estagi\u00e1rio, que s\u00e3o:&nbsp; concedente, estagi\u00e1rio e institui\u00e7\u00e3o de ensino. Segundo a Associa\u00e7\u00e3o Brasileira de Est\u00e1gios (ABRES), em 2020 haviam 890 mil estagi\u00e1rios registrados no [&hellip;]<\/p>\n","protected":false},"author":35,"featured_media":14669,"comment_status":"open","ping_status":"open","sticky":false,"template":"","format":"standard","meta":{"_bbp_topic_count":0,"_bbp_reply_count":0,"_bbp_total_topic_count":0,"_bbp_total_reply_count":0,"_bbp_voice_count":0,"_bbp_anonymous_reply_count":0,"_bbp_topic_count_hidden":0,"_bbp_reply_count_hidden":0,"_bbp_forum_subforum_count":0,"inline_featured_image":false,"footnotes":""},"categories":[35],"tags":[],"class_list":["post-14667","post","type-post","status-publish","format-standard","has-post-thumbnail","hentry","category-direito-trabalhista"],"acf":[],"_links":{"self":[{"href":"https:\/\/www.aurum.com.br\/blog\/wp-json\/wp\/v2\/posts\/14667","targetHints":{"allow":["GET"]}}],"collection":[{"href":"https:\/\/www.aurum.com.br\/blog\/wp-json\/wp\/v2\/posts"}],"about":[{"href":"https:\/\/www.aurum.com.br\/blog\/wp-json\/wp\/v2\/types\/post"}],"author":[{"embeddable":true,"href":"https:\/\/www.aurum.com.br\/blog\/wp-json\/wp\/v2\/users\/35"}],"replies":[{"embeddable":true,"href":"https:\/\/www.aurum.com.br\/blog\/wp-json\/wp\/v2\/comments?post=14667"}],"version-history":[{"count":13,"href":"https:\/\/www.aurum.com.br\/blog\/wp-json\/wp\/v2\/posts\/14667\/revisions"}],"predecessor-version":[{"id":28640,"href":"https:\/\/www.aurum.com.br\/blog\/wp-json\/wp\/v2\/posts\/14667\/revisions\/28640"}],"wp:featuredmedia":[{"embeddable":true,"href":"https:\/\/www.aurum.com.br\/blog\/wp-json\/wp\/v2\/media\/14669"}],"wp:attachment":[{"href":"https:\/\/www.aurum.com.br\/blog\/wp-json\/wp\/v2\/media?parent=14667"}],"wp:term":[{"taxonomy":"category","embeddable":true,"href":"https:\/\/www.aurum.com.br\/blog\/wp-json\/wp\/v2\/categories?post=14667"},{"taxonomy":"post_tag","embeddable":true,"href":"https:\/\/www.aurum.com.br\/blog\/wp-json\/wp\/v2\/tags?post=14667"}],"curies":[{"name":"wp","href":"https:\/\/api.w.org\/{rel}","templated":true}]}}