{"id":14615,"date":"2024-09-30T20:49:00","date_gmt":"2024-09-30T23:49:00","guid":{"rendered":"https:\/\/www.aurum.com.br\/blog\/?p=14615"},"modified":"2024-10-01T07:45:04","modified_gmt":"2024-10-01T10:45:04","slug":"prevaricacao","status":"publish","type":"post","link":"https:\/\/www.aurum.com.br\/blog\/prevaricacao\/","title":{"rendered":"Entenda como ocorre a prevarica\u00e7\u00e3o e quem pode cometer este crime"},"content":{"rendered":"<div id=\"bsf_rt_marker\"><\/div>\n<pre class=\"wp-block-preformatted\">H\u00e1 <strong>prevarica\u00e7\u00e3o<\/strong> quando o servidor p\u00fablico, por interesse pr\u00f3prio ou sentimento pessoal, n\u00e3o realiza ou protela a pr\u00e1tica de ato de of\u00edcio de forma indevida. O crime \u00e9 caracterizado tamb\u00e9m quando o servidor pratica ato contra a determina\u00e7\u00e3o legal.<\/pre>\n\n\n\n<p>N\u00e3o h\u00e1 d\u00favida de que o brasileiro v\u00ea no servi\u00e7o p\u00fablico umas das mais almejadas carreiras profissionais. Em um pa\u00eds onde o povo sofre tanto com as oscila\u00e7\u00f5es da economia e os sal\u00e1rios nem sempre atrativos, a expectativa da aprova\u00e7\u00e3o em um concurso p\u00fablico surge como uma tentadora promessa de seguran\u00e7a no cargo e estabilidade financeira.<\/p>\n\n\n\n<p>Entretanto, nem s\u00f3 de benesses \u00e9 cercado o profissionalismo p\u00fablico. Se de um lado o servidor p\u00fablico recebe uma prote\u00e7\u00e3o especial, como por exemplo com o crime de <a href=\"https:\/\/www.aurum.com.br\/blog\/glossario-juridico\/desacato\/\"  data-wpil-monitor-id=\"261\">desacato<\/a>, por outro lado recai sobre ele responsabilidades e obriga\u00e7\u00f5es que n\u00e3o concernem \u00e0 popula\u00e7\u00e3o geral.<\/p>\n\n\n\n<p>\u00c9 o caso do crime de prevarica\u00e7\u00e3o, que pode ser praticado exclusivamente por servidores p\u00fablicos, e t\u00eam surgido com frequ\u00eancia cada vez maior nas not\u00edcias dos \u00faltimos anos.<\/p>\n\n\n\n<p>Recentemente, j\u00e1 em janeiro de 2024, diversos jornais e sites de not\u00edcias divulgaram a den\u00fancia apresentada pelo Minist\u00e9rio P\u00fablico Federal em desfavor de delegado da Pol\u00edcia Federal, pela suposta pr\u00e1tica do crime de prevarica\u00e7\u00e3o, entre outros.<\/p>\n\n\n\n<p>No final do ano de 2023, no m\u00eas de dezembro, foi divulgado pelo Minist\u00e9rio P\u00fablico de Santa Catarina que o ex-prefeito de Governador Celso Ramos fora <a href=\"https:\/\/www.aurum.com.br\/blog\/glossario-juridico\/condenacao\/\"  data-wpil-monitor-id=\"262\">condenado<\/a>, tamb\u00e9m por prevarica\u00e7\u00e3o, por ato praticado em 2020.<\/p>\n\n\n\n<p>Podemos perceber, portanto, serem recorrentes os processos que apuram a pr\u00e1tica de prevarica\u00e7\u00e3o, sendo o tipo penal uma ferramenta relevante no resguardo da probidade administrativa e dos princ\u00edpios da administra\u00e7\u00e3o p\u00fablica.<\/p>\n\n\n\n<p>Sendo assim, todo servidor p\u00fablico, e mesmo os cidad\u00e3os, devem se dedicar a conhecer melhor as caracter\u00edsticas desse crime, para que possam evitar praticar a conduta e, tamb\u00e9m, possam defender seus direitos, se vitimados por algum agente p\u00fablico mal-intencionado.<\/p>\n\n\n\n<p>Continue a leitura para entender mais! \ud83d\ude09&nbsp;<\/p>\n\n\n\n<h2 class=\"wp-block-heading\">O que \u00e9 prevarica\u00e7\u00e3o?<\/h2>\n\n\n\n<p>O crime de prevarica\u00e7\u00e3o \u00e9 tipificado no art. 319 do C\u00f3digo Penal, entre os <a href=\"https:\/\/www.aurum.com.br\/blog\/glossario-juridico\/crime-contra-a-administracao-publica\/\">crimes contra a administra\u00e7\u00e3o p\u00fablica:<\/a><\/p>\n\n\n\n<figure class=\"wp-block-pullquote\"><blockquote><p><strong>Art. 319<\/strong> &#8211; Retardar ou deixar de praticar, indevidamente, ato de of\u00edcio, ou pratic\u00e1-lo contra disposi\u00e7\u00e3o expressa de lei, para satisfazer interesse ou sentimento pessoal:<br><br>Pena &#8211; deten\u00e7\u00e3o, de tr\u00eas meses a um ano, e multa.<\/p><\/blockquote><\/figure>\n\n\n\n<p>BITENCOURT (2022, X.2, p. 70) explica que a prevarica\u00e7\u00e3o \u00e9:<\/p>\n\n\n\n<blockquote class=\"wp-block-quote is-layout-flow wp-block-quote-is-layout-flow\">\n<p>&nbsp;<em>a infidelidade ao dever de of\u00edcio e \u00e0 fun\u00e7\u00e3o exercida; \u00e9 o descumprimento das obriga\u00e7\u00f5es que lhe s\u00e3o inerentes, movido o agente por interesses ou sentimentos pr\u00f3prios<\/em>\u201d.<\/p>\n<\/blockquote>\n\n\n\n<p>Ou seja, prevarica o funcion\u00e1rio p\u00fablico que <strong>deixa de cumprir sua obriga\u00e7\u00e3o de of\u00edcio, protela indevidamente ou a cumpre de forma diversa da determinada pela norma vigente<\/strong>, por satisfa\u00e7\u00e3o puramente pessoal.<\/p>\n\n\n\n<figure class=\"wp-block-image size-full\"><img decoding=\"async\" width=\"1080\" height=\"1080\" src=\"https:\/\/www.aurum.com.br\/blog\/wp-content\/uploads\/2024\/02\/o-que-e-prevacaricao.jpg\" alt=\"\" class=\"wp-image-31598\" srcset=\"https:\/\/www.aurum.com.br\/blog\/wp-content\/uploads\/2024\/02\/o-que-e-prevacaricao.jpg 1080w, https:\/\/www.aurum.com.br\/blog\/wp-content\/uploads\/2024\/02\/o-que-e-prevacaricao-300x300.jpg 300w, https:\/\/www.aurum.com.br\/blog\/wp-content\/uploads\/2024\/02\/o-que-e-prevacaricao-150x150.jpg 150w, https:\/\/www.aurum.com.br\/blog\/wp-content\/uploads\/2024\/02\/o-que-e-prevacaricao-768x768.jpg 768w\" sizes=\"(max-width: 1080px) 100vw, 1080px\" \/><\/figure>\n\n\n\n<p>Importante notar que o tipo penal se refere especificamente aos atos de of\u00edcio, ou seja, aqueles que s\u00e3o praticados pelo servidor p\u00fablico no exerc\u00edcio da fun\u00e7\u00e3o.<\/p>\n\n\n\n<p>Portanto, a criminaliza\u00e7\u00e3o da conduta confere prote\u00e7\u00e3o ao Estado e aos cidad\u00e3os em geral, vez que muitas vezes um \u00fanico servidor p\u00fablico tem atribui\u00e7\u00e3o para emitir um <a href=\"https:\/\/www.aurum.com.br\/blog\/glossario-juridico\/alvara\/\"  data-wpil-monitor-id=\"263\">alvar\u00e1<\/a> de funcionamento ou outro documento semelhante, podendo causar grandes preju\u00edzos se a sua atividade for pautada por suas satisfa\u00e7\u00f5es pessoais.<\/p>\n\n\n\n<h3 class=\"wp-block-heading\">O que configura a prevarica\u00e7\u00e3o?<\/h3>\n\n\n\n<p>Diferente da concuss\u00e3o e da corrup\u00e7\u00e3o, na prevarica\u00e7\u00e3o <strong>o servidor p\u00fablico n\u00e3o recebe nem almeja lucro il\u00edcito ou outra vantagem indevida de algum terceiro.&nbsp;<\/strong><\/p>\n\n\n\n<p>\u00c9 poss\u00edvel a vantagem patrimonial apenas se n\u00e3o decorre de acertos, mesmo que impl\u00edcitos, com terceiros, mas exclusivamente do ato de of\u00edcio praticado de forma indevida ou n\u00e3o praticado, como entende o Supremo <a href=\"https:\/\/www.aurum.com.br\/blog\/novo-cpc-comentado\/art-1-027-a-1-044-cpc\/\">Tribunal Federal<\/a>:<\/p>\n\n\n\n<figure class=\"wp-block-pullquote\"><blockquote><p>EMENTA: <a href=\"https:\/\/www.aurum.com.br\/blog\/habeas-corpus\/\">Habeas Corpus<\/a>. <a href=\"https:\/\/www.aurum.com.br\/blog\/glossario-juridico\/acao-penal\/\">A\u00e7\u00e3o penal<\/a>. [&#8230;] Crime de prevarica\u00e7\u00e3o (art. 319 do CP). N\u00e3o indica\u00e7\u00e3o do interesse ou sentimento pessoal que moveu o agente. Interesse pecuni\u00e1rio que, na imputa\u00e7\u00e3o, comp\u00f5e o delito de concuss\u00e3o. Possibilidade, em tese, de o interesse pecuni\u00e1rio compor o crime de prevarica\u00e7\u00e3o se, por exemplo, sem solicita\u00e7\u00e3o nem oferta, um servidor espera receber uma recompensa se praticar ou deixar de praticar ato de of\u00edcio; n\u00e3o, por\u00e9m, se essa vantagem pecuni\u00e1ria \u00e9 objeto de um pacto, impl\u00edcito ou expl\u00edcito, entre os intraneus e o extraneus. [&#8230;] (STF &#8211; HC 80814, Relator(a): ELLEN GRACIE, Primeira Turma, julgado em 07-08-2001, DJ 22-02-2002 PP-00034&nbsp; EMENT VOL-02058-02 PP-00222)<\/p><\/blockquote><\/figure>\n\n\n\n<p>Quando o dispositivo penal traz \u201cinteresse pessoal\u201d, refere-se a qualquer interesse material ou moral, que venha a satisfazer \u201cpretens\u00e3o, ambi\u00e7\u00e3o ou anseio do agente\u201d. J\u00e1 \u201csentimento pessoal\u201d pode envolver \u201camor, paix\u00e3o, emo\u00e7\u00e3o, \u00f3dio, piedade, carinho, afeto, vingan\u00e7a, favorecimento ou preju\u00edzo a algu\u00e9m etc.\u201d&nbsp; (BITENCOURT, 2022, X. 5, p. 73).<\/p>\n\n\n\n<p>N\u00e3o \u00e9 dif\u00edcil pensar em v\u00e1rios exemplos de atos que poderiam caracterizar prevarica\u00e7\u00e3o. Mais adiante faremos uma exposi\u00e7\u00e3o dos n\u00facleos do tipo penal acompanhados de casos que envolveram, em tese, os atos tipificados.<\/p>\n\n\n\n<p>Alguns doutrinadores destacam que \u201co atraso no servi\u00e7o por desleixo ou pregui\u00e7a n\u00e3o constitui crime\u201d (GON\u00c7ALVES, 2022, p. 170), entretanto, h\u00e1 algumas diverg\u00eancias. \u00c9 o caso de autores que entendem ser pun\u00edvel a prevarica\u00e7\u00e3o decorrente do comodismo, sentimento ou estado pessoal bem semelhante, sen\u00e3o id\u00eantico, ao desleixo e \u00e0 pregui\u00e7a.<\/p>\n\n\n\n<p>Em artigo publicado pela Revista do Minist\u00e9rio P\u00fablico do Rio de Janeiro (2007), o promotor de justi\u00e7a Bruno Gaspar de Oliveira Corr\u00eaa defende a possibilidade da condena\u00e7\u00e3o do agente que, por comodismo, retarda ou deixa de praticar, indevidamente, ato de of\u00edcio, ou o pratica contra disposi\u00e7\u00e3o expressa de lei:<\/p>\n\n\n\n<blockquote class=\"wp-block-quote is-layout-flow wp-block-quote-is-layout-flow\">\n<p><em>Dessa forma, considerando comodista aquele que visa somente a atender o pr\u00f3prio bem-estar, pode-se afirmar que <\/em><strong><em>os agentes p\u00fablicos desidiosos, desleixados ou pregui\u00e7osos agem satisfazendo um interesse pessoal de comodismo <\/em><\/strong><em>apto a caracterizar o crime de prevarica\u00e7\u00e3o.<\/em><em><br><\/em><em><br><\/em><em>[&#8230;]<\/em><em><br><\/em><em><br><\/em><em>Ressalte-se, por\u00e9m, que a viola\u00e7\u00e3o do princ\u00edpio da moralidade por funcion\u00e1rio p\u00fablico comodista n\u00e3o caracteriza o crime de prevarica\u00e7\u00e3o, sendo absolutamente necess\u00e1rio para a configura\u00e7\u00e3o do delito que o agente p\u00fablico infrinja disposi\u00e7\u00e3o expressa de lei.<\/em><\/p>\n<\/blockquote>\n\n\n\n<p>Sendo tipo penal que visa tutelar a integridade dos atos de of\u00edcio, \u00e9 consequ\u00eancia l\u00f3gica que s\u00f3 poder\u00e1 ser praticado por quem det\u00e9m poder para tanto. Portanto, a prevarica\u00e7\u00e3o \u00e9 <strong>classificada como um crime pr\u00f3prio, ou seja, que s\u00f3 pode ser praticado por um grupo espec\u00edfico de pessoas.<\/strong><\/p>\n\n\n\n<p>Para que n\u00e3o reste d\u00favida acerca de quem pode ser punido pela pr\u00e1tica de prevarica\u00e7\u00e3o, vou explicar a seguir o conceito de funcion\u00e1rio p\u00fablico.<\/p>\n\n\n\n<h2 class=\"wp-block-heading\">Qual o conceito de funcion\u00e1rio p\u00fablico?<\/h2>\n\n\n\n<p>RIGOLIN explica que o conceito \u201cfuncion\u00e1rio p\u00fablico\u201d foi descontinuado, ao menos no \u00e2mbito federal, sendo que tanto na Administra\u00e7\u00e3o direta quanto na indireta h\u00e1 apenas servidores p\u00fablicos federais (RIGOLIN, 2012, p. 45).<\/p>\n\n\n\n<p>A prevarica\u00e7\u00e3o est\u00e1 alocada no C\u00f3digo Penal em cap\u00edtulo dedicado aos crimes praticados por funcion\u00e1rio p\u00fablico contra a Administra\u00e7\u00e3o em geral, o que pode levar \u00e0 suposi\u00e7\u00e3o de que empregados ou servidores p\u00fablicos estariam exclu\u00eddos da previs\u00e3o legal.<\/p>\n\n\n\n<p>Por\u00e9m, o C\u00f3digo Penal se adiantou \u00e0 quest\u00e3o, trazendo a defini\u00e7\u00e3o de funcion\u00e1rio p\u00fablico para os fins penais. Assim consta no art. 327 do CP:<\/p>\n\n\n\n<figure class=\"wp-block-pullquote\"><blockquote><p><strong>Art. 327 <\/strong>&#8211; Considera-se funcion\u00e1rio p\u00fablico, para os efeitos penais, quem, embora transitoriamente ou sem remunera\u00e7\u00e3o, exerce cargo, emprego ou fun\u00e7\u00e3o p\u00fablica.<br><br>\u00a7 1\u00ba &#8211; Equipara-se a funcion\u00e1rio p\u00fablico quem exerce cargo, emprego ou fun\u00e7\u00e3o em entidade paraestatal, e quem trabalha para empresa prestadora de servi\u00e7o contratada ou conveniada para a execu\u00e7\u00e3o de atividade t\u00edpica da Administra\u00e7\u00e3o P\u00fablica.<br><br>\u00a7 2\u00ba &#8211; A pena ser\u00e1 aumentada da ter\u00e7a parte quando os autores dos crimes previstos neste Cap\u00edtulo forem ocupantes de cargos em comiss\u00e3o ou de fun\u00e7\u00e3o de dire\u00e7\u00e3o ou assessoramento de \u00f3rg\u00e3o da administra\u00e7\u00e3o direta, sociedade de economia mista, empresa p\u00fablica ou funda\u00e7\u00e3o institu\u00edda pelo poder p\u00fablico.&nbsp;<\/p><\/blockquote><\/figure>\n\n\n\n<p>O dispositivo mencionado inclui <strong>qualquer pessoa que exerce cargo, emprego e fun\u00e7\u00e3o p\u00fablica, independentemente de ser transit\u00f3rio ou efetivo, com ou sem remunera\u00e7\u00e3o.<\/strong><\/p>\n\n\n\n<p>Para melhor compreender o que \u00e9 cargo, emprego e fun\u00e7\u00e3o p\u00fablica, vejamos:<\/p>\n\n\n\n<p>A Lei n. 8.112\/90, que \u201c<em>institui o Regime Jur\u00eddico dos Servidores P\u00fablicos Civis da Uni\u00e3o, das autarquias, inclusive as em regime especial, e das funda\u00e7\u00f5es p\u00fablicas federais<\/em>\u201d (art. 1\u00ba), embora utilize apenas a express\u00e3o \u201cregime jur\u00eddico\u201d \u00e9 conhecida como o Estatuto dos Funcion\u00e1rios P\u00fablicos Federais (RIGOLIN, 2012, p. 35).<\/p>\n\n\n\n<p>Aqui cabe uma observa\u00e7\u00e3o interessante: embora a lei inclua as autarquias, a jurisprud\u00eancia evoluiu para excepcionar as autarquias ditas como n\u00e3o estatais, ou autarquias corporativas, compostas pelas ordens e conselhos de fiscaliza\u00e7\u00e3o, ou \u00f3rg\u00e3os de classe \u2013 OAB, CREA, CRM etc. (RIGOLIN, 2012, p. 53).<\/p>\n\n\n\n<h3 class=\"wp-block-heading\">Cargo P\u00fablico<\/h3>\n\n\n\n<p>Continuando, vemos que a mesma lei define como cargo p\u00fablico: \u201c<em>o conjunto de atribui\u00e7\u00f5es e responsabilidades previstas na estrutura organizacional que devem ser cometidas a um servidor<\/em>\u201d (art. 3\u00ba, Lei n. 8.112\/90), e ele pode ser comissionado ou efetivo (NOHARA, 2022, 12.4, p. 603), tendo transformado as fun\u00e7\u00f5es de confian\u00e7a em cargos em comiss\u00e3o (art. 243, \u00a7 2\u00ba, Lei n. 8.112\/90)<\/p>\n\n\n\n<h3 class=\"wp-block-heading\">Emprego p\u00fablico<\/h3>\n\n\n\n<p>O emprego p\u00fablico trata dos v\u00ednculos contratuais, nos quais h\u00e1 rela\u00e7\u00e3o de emprego regida pela <a href=\"https:\/\/www.aurum.com.br\/blog\/clt-comentado\/main-page\/\"  data-wpil-monitor-id=\"259\">Consolida\u00e7\u00e3o das Leis do Trabalho<\/a> (CLT), sendo obrigat\u00f3rio \u201c<em>para<\/em><em> as empresas p\u00fablicas, as sociedades de economia mista e suas subsidi\u00e1rias que explorem atividade econ\u00f4mica<\/em>\u201d (NOHARA, 2022, 12.4, p. 603).<\/p>\n\n\n\n<h3 class=\"wp-block-heading\">Fun\u00e7\u00e3o P\u00fablica<\/h3>\n\n\n\n<p>Por fim, fun\u00e7\u00e3o p\u00fablica seria \u201cconceito residual\u201d destinado \u00e0s atribui\u00e7\u00f5es administrativas \u201c<em>que n\u00e3o correspondem nem a cargo nem a emprego p\u00fablico<\/em>\u201d (NOHARA, 2022, 12.4, p. 606).<\/p>\n\n\n\n<p>Assim, Dam\u00e1sio de Jesus e Andr\u00e9 Estefam explicam que (2020, p. 124 e 126):<\/p>\n\n\n\n<blockquote class=\"wp-block-quote is-layout-flow wp-block-quote-is-layout-flow\">\n<p><em>O CP mant\u00e9m a express\u00e3o \u201cfuncion\u00e1rio p\u00fablico\u201d para designar o que os administrativistas nominam, na atualidade, de agente p\u00fablico, incluindo os que se encontram vinculados a cargos, empregos ou fun\u00e7\u00f5es p\u00fablicas, sendo designados por servidores p\u00fablicos e agentes administrativos. Os agentes administrativos, em face do regime constitucional, podem ser concursados (CF, art. 37, II), ocupantes de cargos ou empregos em comiss\u00e3o (CF, art. 37, V) e servidores tempor\u00e1rios (CF, art. 37, IX).<\/em><br><br><em>[&#8230;] De acordo com o \u00a7 1o do art. 327 [tamb\u00e9m \u00e9 considerado funcion\u00e1rio p\u00fablico o que atua na] Administra\u00e7\u00e3o indireta, composta pelas autarquias, empresas p\u00fablicas, sociedades de economia mista e funda\u00e7\u00f5es p\u00fablicas (Dec.-lei n. 200\/67, art. 4o, II, a, b, c e d), [e] os vinculados \u00e0s pessoas jur\u00eddicas constitu\u00eddas pela iniciativa privada.\u201d<\/em><\/p>\n<\/blockquote>\n\n\n\n<p>Sendo j\u00e1 amplo o conceito, o \u00a7 1\u00ba do dispositivo penal veio a expandi-lo, permitindo concluir que qualquer agente p\u00fablico, inclusive da Administra\u00e7\u00e3o indireta ou empregado de pessoas jur\u00eddicas privadas que esteja prestando um <a href=\"https:\/\/www.aurum.com.br\/blog\/glossario-juridico\/concessao-de-servico-publico\/\">servi\u00e7o p\u00fablico<\/a>, poder\u00e1 responder pela pr\u00e1tica dos crimes de funcion\u00e1rios p\u00fablicos contra a Administra\u00e7\u00e3o em geral.<\/p>\n\n\n\n<h2 class=\"wp-block-heading\">Quais os tipos de prevarica\u00e7\u00e3o?<\/h2>\n\n\n\n<p>A prevarica\u00e7\u00e3o se trata de um \u00fanico tipo penal, mas composto por m\u00faltiplos n\u00facleos. Ou seja, um crime que pode ser praticado de diferentes maneiras \u2013 com diferentes condutas.<\/p>\n\n\n\n<p>As condutas podem ser:<\/p>\n\n\n\n<ul class=\"wp-block-list\">\n<li>Retardar indevidamente a pr\u00e1tica de ato de of\u00edcio;<\/li>\n\n\n\n<li>N\u00e3o praticar ato de of\u00edcio que deve ser praticado, ou;<\/li>\n\n\n\n<li>Praticar ato de of\u00edcio contra disposi\u00e7\u00e3o legal.<\/li>\n<\/ul>\n\n\n\n<p>Como j\u00e1 mencionado anteriormente, a verifica\u00e7\u00e3o das condutas n\u00e3o basta para a caracteriza\u00e7\u00e3o do delito, sendo <strong>sempre necess\u00e1ria a constata\u00e7\u00e3o de que o agente foi movido pela satisfa\u00e7\u00e3o de interesse ou sentimento pessoal<\/strong>.<\/p>\n\n\n\n<h3 class=\"wp-block-heading\">Atrasar o ato de of\u00edcio<\/h3>\n\n\n\n<p>O agente p\u00fablico retarda indevidamente o ato de of\u00edcio quando, tendo a obriga\u00e7\u00e3o de cumprir determinada tarefa em prazo legalmente definido, deixa para faz\u00ea-lo posteriormente.<\/p>\n\n\n\n<p>Age assim, por exemplo, servidor que deixar para concluir um processo, que sabe ser de um desafeto, dias ou semanas ap\u00f3s o protocolo, passando outros na frente sem nenhuma raz\u00e3o autorizada por lei \u2013 como casos de urg\u00eancia ou prioridade legal.<\/p>\n\n\n\n<p>Para melhor compreens\u00e3o, segue um caso pr\u00e1tico, no qual o STJ condenou por prevarica\u00e7\u00e3o um conselheiro do Tribunal de Contas do Estado de Alagoas que retardou ato de of\u00edcio por interesse pessoal:<\/p>\n\n\n\n<figure class=\"wp-block-pullquote\"><blockquote><p>[&#8230;] <strong>PREVARICA\u00c7\u00c3O<\/strong>. PRESIDENTE DE TRIBUNAL DE CONTAS ESTADUAL [&#8230;] QUE RET\u00c9M POR 5 (CINCO) MESES RECURSO INTERPOSTO POR EX-PREFEITO, SEM ENCAMINH\u00c1-LO AO RELATOR, MUITO EMBORA O TENHA MANUSEADO, IMBU\u00cdDO PELO <strong>PROP\u00d3SITO DE SATISFAZER INTERESSE PR\u00d3PRIO<\/strong> E DE TERCEIRO, CONSUBSTANCIADO EM IMPEDIR O JULGAMENTO DAS CONTAS DO EX-GESTOR PELA C\u00c2MARA MUNICIPAL E, ASSIM, EVITAR A INCID\u00caNCIA DA <a href=\"https:\/\/www.aurum.com.br\/blog\/lei-da-ficha-limpa\/\">LEI DA FICHA LIMPA<\/a>, PERMITINDO A REELEI\u00c7\u00c3O. [&#8230;] 67. O hist\u00f3rico de andamento processual de fl. 84 do Apenso revela que [o r\u00e9u CAS] <strong>reteve a peti\u00e7\u00e3o de recurso por 137 (cento e trinta e sete) dias<\/strong>, de mar\u00e7o a setembro de 2014, sem a encaminhar ao Conselheiro Relator, a quem competia examin\u00e1-la. [&#8230;] 69. A provid\u00eancia desejada de [CAS] era de simplicidade \u00fanica: um mero <a href=\"https:\/\/www.aurum.com.br\/blog\/glossario-juridico\/despacho\/\"  data-wpil-monitor-id=\"264\">despacho<\/a> de encaminhamento ao Relator. Dessa forma, n\u00e3o h\u00e1 o que justifique essa reten\u00e7\u00e3o [&#8230;]. A exatid\u00e3o do interesse e os motivos do crime s\u00f3 foram desvelados no curso da instru\u00e7\u00e3o, quando as testemunhas e o pr\u00f3prio r\u00e9u [BPS] explicaram a inten\u00e7\u00e3o de concorrer \u00e0 reelei\u00e7\u00e3o \u00e0 prefeitura municipal e a necessidade de evitar o julgamento das contas pela C\u00e2mara de Vereadores. 74. Perfeitamente demonstrado, ent\u00e3o, o prop\u00f3sito que permeou a conduta de [CAS]. Houve evidente desrespeito a dever funcional, em detrimento da regularidade do servi\u00e7o p\u00fablico. [&#8230;] (STJ &#8211; APn n. 830\/DF, relator Ministro Herman Benjamin, Corte Especial, julgado em 6\/2\/2019, DJe de 2\/4\/2019.)<\/p><\/blockquote><\/figure>\n\n\n\n<h3 class=\"wp-block-heading\">Deixar de praticar o ato de of\u00edcio<\/h3>\n\n\n\n<p>O agente indevidamente deixa de praticar ato de of\u00edcio quando retarda a sua realiza\u00e7\u00e3o at\u00e9 que n\u00e3o seja mais poss\u00edvel seu cumprimento volunt\u00e1rio \u2013 seja por expira\u00e7\u00e3o de algum prazo, ou porque ele n\u00e3o ter\u00e1 mais <a href=\"https:\/\/www.aurum.com.br\/blog\/glossario-juridico\/competencia\/\"  data-wpil-monitor-id=\"265\">compet\u00eancia<\/a> para tanto, ou pela deflagra\u00e7\u00e3o da a\u00e7\u00e3o penal.<\/p>\n\n\n\n<p>Para f\u00e1cil compreens\u00e3o, podemos ver um caso no qual o STJ entendeu cab\u00edvel o recebimento da den\u00fancia em raz\u00e3o de, em tese, o agente ter deixado de praticar ato de of\u00edcio:<\/p>\n\n\n\n<figure class=\"wp-block-pullquote\"><blockquote><p>Segundo consta da den\u00fancia, o recorrente, na condi\u00e7\u00e3o de Delegado da Pol\u00edcia Federal lotado em Sorocaba\/SP, foi submetido a Junta M\u00e9dico-Pericial que resultou em <strong>restri\u00e7\u00f5es m\u00e9dicas para o porte de armas, com o respectivo recolhimento at\u00e9 reavalia\u00e7\u00e3o<\/strong> mediante resultado de avalia\u00e7\u00e3o psicol\u00f3gica espec\u00edfica (e-STJ fl. 270). Todavia, <strong>mesmo cientificado por mais de uma vez, o acusado n\u00e3o entregou sua arma<\/strong> particular e muni\u00e7\u00f5es \u00e0 Chefia da Delegacia de Pol\u00edcia Federal em Sorocaba\/SP (e-STJ fls. 270\/271). [&#8230;] O \u00f3rg\u00e3o ministerial concluiu que o acusado, por 3 (tr\u00eas) vezes,<strong> retardou e deixou de praticar indevidamente ato de of\u00edcio para satisfazer interesse pessoal<\/strong>, qual seja, <strong>sua seguran\u00e7a particular<\/strong> [&#8230;]. Ante o exposto, [&#8230;], nega-se seguimento ao presente recurso ordin\u00e1rio em <a href=\"https:\/\/www.aurum.com.br\/blog\/glossario-juridico\/habeas-corpus\/\"  data-wpil-monitor-id=\"266\">habeas corpus<\/a>. (STJ \u2013 RHC 086568 &#8211; SP (2017\/0161809-3) Decis\u00e3o monocr\u00e1tica: Min. JORGE MUSSI, pub.: 17\/08\/2017)<\/p><\/blockquote><\/figure>\n\n\n\n<h3 class=\"wp-block-heading\">Praticar o ato de of\u00edcio diferente de como a lei determina<\/h3>\n\n\n\n<p>A pr\u00e1tica de ato de of\u00edcio contra a disposi\u00e7\u00e3o legal \u00e9 conduta que se diferencia das duas anteriormente apontadas por se tratar de conduta comissiva.<\/p>\n\n\n\n<p>Em vez de se omitir, deixando de praticar um ato \u2013 por um per\u00edodo ou em definitivo \u2013, o agente ativamente realiza um ato de of\u00edcio, quando esse n\u00e3o deveria ser praticado ou deveria ser praticado de maneira diversa.<\/p>\n\n\n\n<p>Para exemplificar na pr\u00e1tica, nos voltaremos mais uma vez ao STJ, que recebeu uma den\u00fancia do crime de prevarica\u00e7\u00e3o e assim tratou da pr\u00e1tica de ato de of\u00edcio contra disposi\u00e7\u00e3o legal:<\/p>\n\n\n\n<figure class=\"wp-block-pullquote\"><blockquote><p>PENAL E PROCESSUAL PENAL. A\u00c7\u00c3O PENAL P\u00daBLICA. DELITO DE PREVARICA\u00c7\u00c3O IMPUTADO A CONSELHEIRO DO TRIBUNAL DE CONTAS DO DISTRITO FEDERAL. ART. 319 DO CP. PEDIDO DE VISTA DE AUTOS DO PROCESSO N. 36.374\/2008. ALEGADO RETARDAMENTO DO FEITO E <strong>POSTERIOR PROLA\u00c7\u00c3O DE VOTO PELO ARQUIVAMENTO PARA ATENDER A INTERESSE PESSOAL<\/strong>. [&#8230;] 4. A pe\u00e7a acusat\u00f3ria descreveu os seguintes aspectos essenciais ao suposto cometimento do delito de prevarica\u00e7\u00e3o [&#8230;]; a alegada <strong>pr\u00e1tica de ato de of\u00edcio contra expressa disposi\u00e7\u00e3o de lei,<\/strong> o que teria ocorrido quando <strong>o acusado votara na sess\u00e3o realizada no dia 17\/8\/2015 pelo arquivamento do processo, mesmo sendo impedido de faz\u00ea-lo<\/strong>, o que somente veio a reconhecer, ao final, depois de a not\u00edcia ter sido divulgada pela imprensa local. [&#8230;] 7. Den\u00fancia recebida, sem determina\u00e7\u00e3o de afastamento do r\u00e9u do exerc\u00edcio do cargo. (STJ &#8211; APn n. 860\/DF, relator Ministro Og Fernandes, Corte Especial, julgado em 6\/6\/2018, DJe de 3\/8\/2018.)<\/p><\/blockquote><\/figure>\n\n\n\n<h3 class=\"wp-block-heading\">Prevarica\u00e7\u00e3o impr\u00f3pria<\/h3>\n\n\n\n<p>A prevarica\u00e7\u00e3o impr\u00f3pria n\u00e3o se trata de outro n\u00facleo do crime de prevarica\u00e7\u00e3o, nem de denomina\u00e7\u00e3o a alguma esp\u00e9cie de prevarica\u00e7\u00e3o qualificada. \u00c9, na realidade, um delito aut\u00f4nomo, tipificado no art. 319-A, inclu\u00eddo no C\u00f3digo Penal por lei de 2007:<\/p>\n\n\n\n<figure class=\"wp-block-pullquote\"><blockquote><p><strong>Art. 319-A. <\/strong>&nbsp;Deixar o Diretor de Penitenci\u00e1ria e\/ou agente p\u00fablico, de cumprir seu dever de vedar ao preso o acesso a aparelho telef\u00f4nico, de r\u00e1dio ou similar, que permita a comunica\u00e7\u00e3o com outros presos ou com o ambiente externo:<br><br>Pena: deten\u00e7\u00e3o, de 3 (tr\u00eas) meses a 1 (um) ano.<\/p><\/blockquote><\/figure>\n\n\n\n<p>Verificando o substitutivo do projeto de lei que veio a se tornar a Lei 11.466\/2007, que incluiu no CP a prevarica\u00e7\u00e3o impr\u00f3pria, v\u00ea-se que esta teve como justificativa o fato de os telefones celulares serem utilizados por lideran\u00e7as do <a href=\"https:\/\/www.aurum.com.br\/blog\/glossario-juridico\/crime-organizado\/\">crime organizado<\/a> para exercer seu comando mesmo quando privados de liberdade (C\u00e2mara dos Deputados, 2007).<\/p>\n\n\n\n<p>Se analisarmos a prevarica\u00e7\u00e3o impr\u00f3pria, poderemos perceber que a norma penalizadora guarda diferen\u00e7a essencial do delito de prevarica\u00e7\u00e3o comum: a desnecessidade de que o agente seja movido por interesse ou sentimento pessoal.<\/p>\n\n\n\n<h2 class=\"wp-block-heading\">Como \u00e9 o processo penal para apura\u00e7\u00e3o do delito?<\/h2>\n\n\n\n<p>A prevarica\u00e7\u00e3o impr\u00f3pria \u00e9 delito de a\u00e7\u00e3o penal p\u00fablica incondicionada \u2013 ou seja, \u00e9 o Minist\u00e9rio P\u00fablico o titular da a\u00e7\u00e3o penal, que tem o poder-dever de oferecer a den\u00fancia quando entende haver prova da materialidade e ind\u00edcios suficientes de autoria.<\/p>\n\n\n\n<p>Sendo esse um crime de responsabilidade dos funcion\u00e1rios p\u00fablicos, ter\u00e1 seu procedimento sujeito a rito especial, conforme cap\u00edtulo espec\u00edfico do <a href=\"https:\/\/www.planalto.gov.br\/ccivil_03\/decreto-lei\/del3689.htm\" target=\"_blank\" rel=\"noopener\">C\u00f3digo de Processo Penal<\/a>:<\/p>\n\n\n\n<figure class=\"wp-block-pullquote\"><blockquote><p><strong>Art. 513.&nbsp; <\/strong>Os <a href=\"https:\/\/www.aurum.com.br\/blog\/cpp-comentado\/art-513-a-518-cpp\/\" data-wpil-monitor-id=\"267\">crimes de responsabilidade dos funcion\u00e1rios p\u00fablicos<\/a>, cujo processo e julgamento competir\u00e3o aos ju\u00edzes de direito, a queixa ou a den\u00fancia ser\u00e1 instru\u00edda com documentos ou justifica\u00e7\u00e3o que fa\u00e7am presumir a exist\u00eancia do delito ou com declara\u00e7\u00e3o fundamentada da impossibilidade de apresenta\u00e7\u00e3o de qualquer dessas provas.<\/p><\/blockquote><\/figure>\n\n\n\n<figure class=\"wp-block-pullquote\"><blockquote><p><strong>Art. 514.&nbsp; <\/strong>Nos crimes afian\u00e7\u00e1veis, estando a den\u00fancia ou queixa em devida forma, o juiz mandar\u00e1 autu\u00e1-la e ordenar\u00e1 a notifica\u00e7\u00e3o do acusado, para responder por escrito, dentro do prazo de quinze dias.<br><br>Par\u00e1grafo \u00fanico.&nbsp; Se n\u00e3o for conhecida a resid\u00eancia do acusado, ou este se achar fora da jurisdi\u00e7\u00e3o do juiz, ser-lhe-\u00e1 nomeado defensor, a quem caber\u00e1 apresentar a resposta preliminar.<\/p><\/blockquote><\/figure>\n\n\n\n<figure class=\"wp-block-pullquote\"><blockquote><p><strong>Art. 515. <\/strong>&nbsp;No caso previsto no artigo anterior, durante o prazo concedido para a resposta, os autos permanecer\u00e3o em cart\u00f3rio, onde poder\u00e3o ser examinados pelo acusado ou por seu defensor.<br><br>Par\u00e1grafo \u00fanico.&nbsp; A resposta poder\u00e1 ser instru\u00edda com documentos e justifica\u00e7\u00f5es.<\/p><\/blockquote><\/figure>\n\n\n\n<figure class=\"wp-block-pullquote\"><blockquote><p><strong>Art. 516.&nbsp; <\/strong>O juiz rejeitar\u00e1 a queixa ou den\u00fancia, em despacho fundamentado, se convencido, pela resposta do acusado ou do seu defensor, da inexist\u00eancia do crime ou da improced\u00eancia da a\u00e7\u00e3o.<\/p><\/blockquote><\/figure>\n\n\n\n<figure class=\"wp-block-pullquote\"><blockquote><p><strong>Art. 517.<\/strong>&nbsp; Recebida a den\u00fancia ou a queixa, ser\u00e1 o acusado citado, na forma estabelecida no Cap\u00edtulo I do T\u00edtulo X do Livro I.<\/p><\/blockquote><\/figure>\n\n\n\n<figure class=\"wp-block-pullquote\"><blockquote><p><strong>Art. 518. <\/strong>&nbsp;Na instru\u00e7\u00e3o criminal e nos demais termos do processo, observar-se-\u00e1 o disposto nos Cap\u00edtulos I e III, T\u00edtulo I, deste Livro.<\/p><\/blockquote><\/figure>\n\n\n\n<p>Norberto Avena explica que o art. 513, ao tratar de declara\u00e7\u00e3o sobre a impossibilidade de apresentar provas com a den\u00fancia, sugere \u201c<em>a possibilidade de oferecimento da inicial sem a prova pr\u00e9-constitu\u00edda da materialidade do crime<\/em>\u201d (2023, p. 770).<\/p>\n\n\n\n<p>Sendo a prevarica\u00e7\u00e3o crime afian\u00e7\u00e1vel, passa pelo \u201cfiltro\u201d do art. 514, de forma que o agente p\u00fablico denunciado dever\u00e1 ser notificado para apresentar defesa pr\u00e9via antes do recebimento da den\u00fancia (Nucci 2023, p. 465).<\/p>\n\n\n\n<p>Em rela\u00e7\u00e3o \u00e0 ordem dos atos processuais, n\u00f3s voltamos novamente \u00e0 li\u00e7\u00e3o de Norberto Avena (2023, p. 771-773):<\/p>\n\n\n\n<blockquote class=\"wp-block-quote is-layout-flow wp-block-quote-is-layout-flow\">\n<p><em>[&#8230;] o procedimento de apura\u00e7\u00e3o dos crimes de responsabilidade dos funcion\u00e1rios p\u00fablicos comp\u00f5e-se da seguinte ordem de atos:<\/em><\/p>\n\n\n\n<p><em>a) Oferecimento da den\u00fancia e da queixa-crime: [&#8230;].<\/em><\/p>\n\n\n\n<p><em>b) Autua\u00e7\u00e3o e notifica\u00e7\u00e3o para resposta preliminar em 15 (quinze) dias (art. 514): [&#8230;].<\/em><\/p>\n\n\n\n<p><em>c) Delibera\u00e7\u00e3o quanto ao recebimento ou rejei\u00e7\u00e3o da inicial: apresentada a defesa preliminar, os autos ser\u00e3o conclusos ao magistrado, que ter\u00e1 duas op\u00e7\u00f5es:<\/em><\/p>\n\n\n\n<p><em>\u2022Rejeitar a den\u00fancia ou a queixa [ou];<\/em><\/p>\n\n\n\n<p><em>\u2022Receber a exordial acusat\u00f3ria [&#8230;].<\/em><\/p>\n\n\n\n<p><em>d) Prosseguimento segundo os termos do rito comum ordin\u00e1rio (art. 518 do CPP) [&#8230;].\u201d<\/em><\/p>\n<\/blockquote>\n\n\n\n<p>O Doutrinador explica tamb\u00e9m que o procedimento especial n\u00e3o vigorar\u00e1 caso o acusado j\u00e1 n\u00e3o mais exer\u00e7a a fun\u00e7\u00e3o p\u00fablica \u201c<em>no momento em que recebida a inicial<\/em>\u201d, ou se o crime n\u00e3o tiver \u201c<em>rela\u00e7\u00e3o com essa fun\u00e7\u00e3o, consoante deliberado pelo STF na A\u00e7\u00e3o Penal 937<\/em>\u201d (Avena, 2023, p. 773).<\/p>\n\n\n\n<p>Por fim, importa saber que o rito especial \u201c<em>n\u00e3o se aplica a quem possua prerrogativa de foro<\/em>\u201d ou \u201c<em>com quem detenha prerrogativa de fun\u00e7\u00e3o junto aos Tribunais de Justi\u00e7a e <a href=\"https:\/\/www.aurum.com.br\/blog\/clt-comentado\/art-681-a-683-clt\/\" data-wpil-monitor-id=\"260\">Tribunais Regionais<\/a> Federais (Ju\u00edzes de Direito, Promotores de Justi\u00e7a etc.)<\/em>\u201d, e \u00e9 afastado se h\u00e1 concurso de crimes com \u201c<em>imputa\u00e7\u00e3o de crime n\u00e3o funcional e de crime funcional<\/em>\u201d (Avena, 2023, p. 773).<\/p>\n\n\n\n<h2 class=\"wp-block-heading\">Qual a pena para prevarica\u00e7\u00e3o segundo o C\u00f3digo Penal?<\/h2>\n\n\n\n<p>Prevista no pr\u00f3prio art. 319, a pena para a prevarica\u00e7\u00e3o \u00e9 de <strong>deten\u00e7\u00e3o, de tr\u00eas meses a um ano, e multa<\/strong>. A pena pode ser fixada acima do m\u00e1ximo, caso fique comprovado no processo a exist\u00eancia de alguma causa de aumento de pena que justifique a fixa\u00e7\u00e3o em patamar superior.<\/p>\n\n\n\n<h2 class=\"wp-block-heading\">Exemplos de casos de crime de prevarica\u00e7\u00e3o<\/h2>\n\n\n\n<p>J\u00e1 mostramos no t\u00f3pico \u201cquais os tipos de prevarica\u00e7\u00e3o\u201d algumas decis\u00f5es judiciais de casos reais que permitem ver exemplos e entender como se d\u00e1 cada conduta tipificada como prevarica\u00e7\u00e3o. Portanto, agora, vamos trazer os relatos mais recentes, e de maior relev\u00e2ncia, que envolvem acusa\u00e7\u00f5es de prevarica\u00e7\u00e3o no cen\u00e1rio pol\u00edtico e jur\u00eddico nacional.<\/p>\n\n\n\n<p>Em 2023 o Minist\u00e9rio P\u00fablico do Estado de Minas Gerais divulgou que o prefeito de Belo Oriente foi condenado por prevarica\u00e7\u00e3o:<\/p>\n\n\n\n<blockquote class=\"wp-block-quote is-layout-flow wp-block-quote-is-layout-flow\">\n<p><em>A 8\u00aa C\u00e2mara Criminal do Tribunal de Justi\u00e7a de Minas Gerais (TJMG) condenou o prefeito de Belo Oriente, no Vale do Rio Doce, a cinco meses de deten\u00e7\u00e3o e 16 dias-multa pelo crime de prevarica\u00e7\u00e3o, que consiste em retardar ou deixar de praticar ato de of\u00edcio como forma de satisfazer sentimento pessoal. A pena de deten\u00e7\u00e3o foi substitu\u00edda por presta\u00e7\u00e3o de servi\u00e7os \u00e0 comunidade pelo per\u00edodo de cinco meses.&nbsp;<\/em><\/p>\n\n\n\n<p><em>O pedido de condena\u00e7\u00e3o foi feito pela Procuradoria de Justi\u00e7a Especializada em A\u00e7\u00f5es de Compet\u00eancia Origin\u00e1ria Criminal (PCO) ap\u00f3s apurar que o prefeito estava atrasando o pagamento a um laborat\u00f3rio de an\u00e1lises cl\u00ednicas como forma de retalia\u00e7\u00e3o \u00e0 recusa feita pelo dono da empresa em contribuir financeiramente para a campanha pol\u00edtica do prefeito, em 2016.&nbsp;&nbsp;<\/em><\/p>\n\n\n\n<p><em>[&#8230;]<\/em><\/p>\n\n\n\n<p><em>Entretanto, nesse mesmo per\u00edodo, os outros dois laborat\u00f3rios que prestavam servi\u00e7o ao munic\u00edpio de Belo Oriente receberam normalmente da prefeitura. Com base nisso, o relator do caso no TJMG, Maur\u00edcio Pinto Ferreira, considerou que o prefeito n\u00e3o apresentou justificativa para pagar dois laborat\u00f3rios e excluir dos repasses municipais apenas o Laborat\u00f3rio Acil An\u00e1lises Cl\u00ednicas.&nbsp;&nbsp;<\/em><\/p>\n<\/blockquote>\n\n\n\n<p>J\u00e1 em 2024, a CNN Brasil noticiou que um Delegado da Pol\u00edcia Federal foi acusado por prevarica\u00e7\u00e3o ao pedir uma investiga\u00e7\u00e3o:<\/p>\n\n\n\n<blockquote class=\"wp-block-quote is-layout-flow wp-block-quote-is-layout-flow\">\n<p><em>A Justi\u00e7a de Bras\u00edlia aceitou den\u00fancia apresentada pelo Minist\u00e9rio P\u00fablico Federal (MPF) e tornou r\u00e9u o delegado da Pol\u00edcia Federal Bruno Calandrini. O delegado responde por prevarica\u00e7\u00e3o, tentativa de obter provas de maneira il\u00edcita e de proceder \u00e0 persecu\u00e7\u00e3o penal sem justa causa fundamentada.<\/em><\/p>\n\n\n\n<p><em>[&#8230;]<\/em><\/p>\n\n\n\n<p><em>De acordo com o procurador Carlos Henrique Martins Lima, a intima\u00e7\u00e3o de Guedes para prestar depoimento na PF n\u00e3o seguiu as formalidades legais. A lei prev\u00ea que a oitiva dever\u00e1 ocorrer em local, dia e hor\u00e1rio previamente agendados entre o suspeito e o juiz do caso, n\u00e3o no hor\u00e1rio determinado pelo delegado.<\/em><\/p>\n\n\n\n<p><em>O procurador afirma, entre outras coisas, que Calandrini realizou pedidos indefinidos de prorroga\u00e7\u00e3o de prazo para a perman\u00eancia dos autos na esfera policial sem justificativa.<\/em><\/p>\n<\/blockquote>\n\n\n\n<p>Em agosto de 2023 uma conselheira tutelar de Nova Esperan\u00e7a do Sudoeste, Estado do Paran\u00e1, foi condenada por prevarica\u00e7\u00e3o. Assim divulgou o Minist\u00e9rio P\u00fablico do Paran\u00e1:<\/p>\n\n\n\n<blockquote class=\"wp-block-quote is-layout-flow wp-block-quote-is-layout-flow\">\n<p><em>A pedido do Minist\u00e9rio P\u00fablico do Paran\u00e1, o Judici\u00e1rio condenou pelo crime de prevarica\u00e7\u00e3o uma conselheira tutelar de Nova Esperan\u00e7a do Sudoeste que, mesmo sabendo da pr\u00e1tica de crime de [&#8230;] por outro conselheiro tutelar em dezembro de 2022, deixou de comunicar o fato \u00e0s autoridades. A decis\u00e3o judicial, expedida na \u00faltima semana, decorre de den\u00fancia criminal oferecida pela Promotoria de Justi\u00e7a de Salto do Lontra, sede da comarca, que comprovou a ocorr\u00eancia dos fatos. Ela cumprir\u00e1 a pena de seis meses e onze dias de deten\u00e7\u00e3o em regime semiaberto.&nbsp;<\/em><\/p>\n<\/blockquote>\n\n\n\n<p>Pelas not\u00edcias trazidas, vemos que, realmente, <strong>qualquer agente p\u00fablico est\u00e1 sujeito \u00e0s penas da prevarica\u00e7\u00e3o<\/strong>. Agentes pol\u00edticos, da seguran\u00e7a p\u00fablica, dos servi\u00e7os sociais e de qualquer outra esfera de atua\u00e7\u00e3o da Administra\u00e7\u00e3o.<\/p>\n\n\n\n<h2 class=\"wp-block-heading\">Prevarica\u00e7\u00e3o e a ADPF 881<\/h2>\n\n\n\n<p>Assim como qualquer agente p\u00fablico, os magistrados e os promotores de justi\u00e7a tamb\u00e9m podem ser classificados como autores do delito de prevarica\u00e7\u00e3o.<\/p>\n\n\n\n<p>BITENCOURT (2022, X.4.1, p. 72) apresenta muito bem essa quest\u00e3o, exemplificando como a conduta poderia ser verificada em ato de magistrado:<\/p>\n\n\n\n<blockquote class=\"wp-block-quote is-layout-flow wp-block-quote-is-layout-flow\">\n<p><em>O magistrado, a exemplo de qualquer funcion\u00e1rio p\u00fablico, tamb\u00e9m pode ser sujeito ativo do crime de prevarica\u00e7\u00e3o, tanto no exerc\u00edcio da fun\u00e7\u00e3o jurisdicional, como tamb\u00e9m da fun\u00e7\u00e3o administrativa [&#8230;].<\/em><em><br><\/em><em><br><\/em><em>Exemplo de \u201cdeixar de praticar\u201d ato de of\u00edcio seria a conduta de magistrado que toma conhecimento de dados ou fatos que o tornam impedido de manter-se na \u00adpresid\u00eancia de determinado processo criminal, mas, por raz\u00f5es pessoais (satisfa\u00e7\u00e3o de interesse ou sentimento), continua praticando atos processuais, deliberando e determinando dilig\u00eancias etc., para, s\u00f3 mais adiante, invocar seu \u201cimpedimento\u201d, por fatos de que tomou ci\u00eancia h\u00e1 mais tempo (ou mesmo que nunca venha a reconhecer esse estado, quando comprovadamente existir). Nessa hip\u00f3tese, mais que mera irregularidade funcional, administrativa ou puramente processual, transcende para o plano material, tipificando o crime de prevarica\u00e7\u00e3o (o C\u00f3digo Penal brasileiro de 1940 n\u00e3o distingue a prevarica\u00e7\u00e3o praticada por juiz daquela praticada por qualquer outro funcion\u00e1rio [&#8230;]).\u201d<\/em><\/p>\n<\/blockquote>\n\n\n\n<p>Com receio de serem vitimados por eventual interpreta\u00e7\u00e3o mais dura e equivocada da norma, magistrados e promotores de justi\u00e7a, por meio das associa\u00e7\u00f5es (Associa\u00e7\u00e3o Nacional Dos Membros Do Minist\u00e9rio P\u00fablico \u2013 CONAMP e Associa\u00e7\u00e3o Dos Magistrados Brasileiros), movem a Argui\u00e7\u00e3o de Descumprimento de Preceito Fundamental n\u00ba 881.<\/p>\n\n\n\n<p>Nessa ADPF, junto a outro pedido, h\u00e1 a pretens\u00e3o de que seja declarada a n\u00e3o-recep\u00e7\u00e3o parcial do art. 319 do CP, sem a redu\u00e7\u00e3o do texto.<\/p>\n\n\n\n<p>Na pr\u00e1tica, a esse respeito a a\u00e7\u00e3o visa que n\u00e3o possa ser interpretada como prevarica\u00e7\u00e3o a atua\u00e7\u00e3o de membros do Minist\u00e9rio P\u00fablico e do Poder Judici\u00e1rio pautadas pelo livre convencimento e pela independ\u00eancia funcional.<\/p>\n\n\n\n<p>Assim, esses agentes p\u00fablicos teriam seguran\u00e7a para \u201cno exerc\u00edcio regular da atividade-fim dessas institui\u00e7\u00f5es\u201d, defender \u201corienta\u00e7\u00e3o, ainda que minorit\u00e1ria, em discord\u00e2ncia com outros membros ou atores sociais e pol\u00edticos\u201d (ADPF 881, <a href=\"https:\/\/www.aurum.com.br\/blog\/novo-cpc-comentado\/art-319-a-331-cpc\/\">peti\u00e7\u00e3o inicial<\/a>, p. 38).<\/p>\n\n\n\n<p>Na a\u00e7\u00e3o foi deferida medida liminar, sendo que assim consta na decis\u00e3o:<\/p>\n\n\n\n<figure class=\"wp-block-pullquote\"><blockquote><p>MEDIDA CAUTELAR NA <a href=\"https:\/\/www.aurum.com.br\/blog\/adpf\/\">ARGUI\u00c7\u00c3O DE DESCUMPRIMENTO DE PRECEITO FUNDAMENTAL<\/a> 881 DISTRITO FEDERAL<br><em><br><\/em>[&#8230;], \u00e9 <strong>imperativo que se afaste qualquer interpreta\u00e7\u00e3o do art. 319 do CP que venha a enquadrar as posi\u00e7\u00f5es jur\u00eddicas dos membros do Poder Judici\u00e1rio e do Minist\u00e9rio P\u00fablico<\/strong> &#8211; ainda que \u201cdefendam orienta\u00e7\u00e3o minorit\u00e1ria, em discord\u00e2ncia com outros membros ou atores sociais e pol\u00edticos\u201d &#8211; <strong>em mera \u201csatisfa\u00e7\u00e3o de interesse ou sentimento pessoal\u201d<\/strong>.<br>[&#8230;] Portanto, reconhe\u00e7o que h\u00e1 plausibilidade jur\u00eddica no tocante \u00e0 <strong>necessidade de se afastar a possibilidade<\/strong> de subsun\u00e7\u00e3o da atua\u00e7\u00e3o final\u00edstica decorrente do livre convencimento e da independ\u00eancia funcional dos membros do Minist\u00e9rio P\u00fablico e do Poder Judici\u00e1rio ao delito de prevarica\u00e7\u00e3o, pela n\u00e3o-recep\u00e7\u00e3o parcial, sem redu\u00e7\u00e3o de texto, do artigo 319 do C\u00f3digo Penal.<br>[&#8230;] Por essas considera\u00e7\u00f5es, ad referendum do Tribunal Pleno (art. 5\u00ba, \u00a7 1\u00ba, da Lei n. 9882\/99), <strong>defiro parcialmente a medida cautelar<\/strong> para, nos termos do pedido formulado pela autora, determinar \u201c<strong>a suspens\u00e3o da efic\u00e1cia do art. 319 do C\u00f3digo Penal<\/strong>, <strong>especificamente<\/strong> na acep\u00e7\u00e3o que possibilita o enquadramento da liberdade de <a href=\"https:\/\/www.aurum.com.br\/blog\/glossario-juridico\/livre-convencimento-motivado\/\">convencimento motivado<\/a> dos membros do Minist\u00e9rio P\u00fablico e do Poder Judici\u00e1rio como satisfa\u00e7\u00e3o de \u2018interesse ou sentimento pessoal\u2019 [&#8230;]<br>(STF &#8211; ADPF 881 MC, Relator(a): Min. DIAS TOFFOLI, Julgamento: 22\/02\/2022, Publica\u00e7\u00e3o: 24\/02\/2022)<\/p><\/blockquote><\/figure>\n\n\n\n<p>A medida liminar permanece vigente, aguardando ser referendada \u2013 ou cassada \u2013 pelo Plen\u00e1rio.<\/p>\n\n\n\n<h2 class=\"wp-block-heading\">Prevarica\u00e7\u00e3o Militar: o que \u00e9 e como se manifesta?<\/h2>\n\n\n\n<p>O crime de prevarica\u00e7\u00e3o \u00e9 tipificado tamb\u00e9m no C\u00f3digo Penal Militar, em artigo de igual numera\u00e7\u00e3o:<\/p>\n\n\n\n<figure class=\"wp-block-pullquote\"><blockquote><p><strong>Art. 319.<\/strong> Retardar ou deixar de praticar, indevidamente, ato de of\u00edcio, ou pratic\u00e1-lo contra expressa disposi\u00e7\u00e3o de lei, para satisfazer inter\u00easse ou sentimento pessoal:<br><br>Pena &#8211; deten\u00e7\u00e3o, de seis meses a dois anos.<\/p><\/blockquote><\/figure>\n\n\n\n<p>A prevarica\u00e7\u00e3o militar poder\u00e1 ser<strong> praticada tamb\u00e9m por servidor p\u00fablico civil que esteja atuando na Administra\u00e7\u00e3o Militar, na Justi\u00e7a Militar da Uni\u00e3o<\/strong> (NEVES e STREIFINGER, 2013, p. 737).<\/p>\n\n\n\n<p>O fundamento para a responsabiliza\u00e7\u00e3o do agente civil encontra-se na parte geral do <a href=\"https:\/\/www.aurum.com.br\/blog\/codigo-penal-militar\/\">C\u00f3digo Penal Militar<\/a>, que considera como crime militar \u201cos crimes praticados [&#8230;] <strong><em>por<\/em><\/strong><em> <\/em><strong><em>civil<\/em><\/strong><em>, contra as institui\u00e7\u00f5es militares<\/em>\u201d (art. 9\u00ba, inc. III, CPM).<\/p>\n\n\n\n<p>Por fim, chama aten\u00e7\u00e3o o fato de que, no caso da prevarica\u00e7\u00e3o militar, a pena prevista ostenta duas vezes a severidade da prevarica\u00e7\u00e3o comum, sendo de deten\u00e7\u00e3o de seis meses a dois anos.<\/p>\n\n\n\n<h2 class=\"wp-block-heading\">Qual a diferen\u00e7a entre peculato e prevarica\u00e7\u00e3o?<\/h2>\n\n\n\n<p>O peculato ocorre quando o agente p\u00fablico desvia ou se apropria de dinheiro ou qualquer bem m\u00f3vel, p\u00fablico ou particular, \u201c<em>de que tem a posse em raz\u00e3o do cargo [&#8230;] em proveito pr\u00f3prio ou alheio<\/em>\u201d. Na mesma pena incorre o agente p\u00fablico que subtrai, ou concorre para a subtra\u00e7\u00e3o, de bem ou os valores utilizando sua condi\u00e7\u00e3o de agente p\u00fablico como meio facilitador do ato (art. 312, caput e \u00a7 1\u00ba, CP).<\/p>\n\n\n\n<p>Percebe-se, assim, que o peculato n\u00e3o tem rela\u00e7\u00e3o estrita e direta com os atos de of\u00edcio vinculados ao exerc\u00edcio do servi\u00e7o p\u00fablico, mas sim com a prote\u00e7\u00e3o dos bens e valores que podem ser facilmente acessados por agentes p\u00fablicos em raz\u00e3o da fun\u00e7\u00e3o.<\/p>\n\n\n\n<p>Para melhor compreens\u00e3o: o agente policial civil que recebe a fian\u00e7a do preso e se apropria do valor comete peculato (TJ-PR &#8211; 0000581-14.2017.8.16.0126, 2\u00aa C\u00e2mara Criminal, Pub: 03\/12\/2019); o agente que recebe valor a t\u00edtulo de fian\u00e7a do preso, guarda o valor no dep\u00f3sito conforme praxe, mas retarda as comunica\u00e7\u00f5es e demais procedimentos para sua soltura, por se tratar de desafeto, comete prevarica\u00e7\u00e3o.<\/p>\n\n\n\n<h2 class=\"wp-block-heading\">Qual a diferen\u00e7a entre prevarica\u00e7\u00e3o e corrup\u00e7\u00e3o?<\/h2>\n\n\n\n<p>Na <a href=\"https:\/\/www.aurum.com.br\/blog\/glossario-juridico\/corrupcao-passiva\/\">corrup\u00e7\u00e3o passiva<\/a> (art. 317, CP) envolve solicitar ou aceitar \u201c<em>para si ou para outrem, direta ou indiretamente<\/em> &#8230; <em>vantagem indevida, ou aceitar promessa de tal vantagem<\/em>\u201d em raz\u00e3o da fun\u00e7\u00e3o.<\/p>\n\n\n\n<p>Veja-se que, no caso da corrup\u00e7\u00e3o, pouco importa o sentimento ou o interesse pessoal do agente p\u00fablico. O que se verifica \u00e9 se ele solicitou ou aceitou receber (ou a promessa de receber) vantagem em raz\u00e3o da fun\u00e7\u00e3o.<\/p>\n\n\n\n<p>As condutas que caracterizam a prevarica\u00e7\u00e3o aparecem no \u00a7 1\u00ba do tipo penal de corrup\u00e7\u00e3o passiva, que prev\u00ea o aumento da pena quando o agente p\u00fablico, em raz\u00e3o da vantagem recebida ou prometida, \u201c<em>retarda ou deixa de praticar qualquer ato de of\u00edcio ou o pratica infringindo dever funcional<\/em>\u201d.<\/p>\n\n\n\n<h2 class=\"wp-block-heading\">Conclus\u00e3o<\/h2>\n\n\n\n<p>\u00c9 interessante observar que, para uma melhor explana\u00e7\u00e3o, foram trazidos diversos casos pr\u00e1ticos recentes que envolveram condena\u00e7\u00f5es ou den\u00fancias contra agentes p\u00fablicos pela pr\u00e1tica da prevarica\u00e7\u00e3o.<\/p>\n\n\n\n<p>Mesmo n\u00f3s fomos surpreendidos pela facilidade com que s\u00e3o localizadas not\u00edcias e julgados sobre o tema, o que permite inferir que o crime de prevarica\u00e7\u00e3o \u00e9, de fato, essencial no controle da idoneidade dos que atuam na Administra\u00e7\u00e3o P\u00fablica.<\/p>\n\n\n\n<p>Inclusive, tamanha a relev\u00e2ncia desse instituto, e t\u00e3o frequente sua invoca\u00e7\u00e3o como mecanismo de controle, que mesmo magistrados e procuradores se anteciparam para buscar do STF a prote\u00e7\u00e3o do livre convencimento e da independ\u00eancia funcional frente ao tipo penal.<\/p>\n\n\n\n<p>Percebe-se, assim, ser este um crime que merece aten\u00e7\u00e3o constante por parte dos cidad\u00e3os, tanto acad\u00eamicos como leigos, posto que conhecer o tipo penal e a posi\u00e7\u00e3o da jurisprud\u00eancia a ele concernente pode ser a diferen\u00e7a entre conseguir ou n\u00e3o que sua justa demanda seja atendida pelo servidor respons\u00e1vel.<\/p>\n\n\n\n<p>De igual forma, \u00e9 imprescind\u00edvel que o servidor p\u00fablico conhe\u00e7a ainda melhor essa tem\u00e1tica, para que possa defender firmemente seu posicionamento, quando sabe estar atuando de acordo com as normas da Administra\u00e7\u00e3o.<\/p>\n\n\n\n<p>Considerando tudo o que foi trazido, nos conte se j\u00e1 conhecia a relev\u00e2ncia desse tipo penal, e se h\u00e1 mais alguma informa\u00e7\u00e3o interessante que poder\u00edamos ter trazido no artigo.<\/p>\n\n\n\n<h2 class=\"wp-block-heading\">Perguntas frequentes sobre o tema:<\/h2>\n\n\n\n<h3 class=\"wp-block-heading\">O que \u00e9 um crime de prevarica\u00e7\u00e3o?<\/h3>\n\n\n\n<p>O crime de prevarica\u00e7\u00e3o ocorre quando um funcion\u00e1rio p\u00fablico, no exerc\u00edcio de suas fun\u00e7\u00f5es, retarda ou deixa de praticar um ato de of\u00edcio, ou age de forma contr\u00e1ria \u00e0 lei, para satisfazer interesses pessoais.<\/p>\n\n\n\n<h3 class=\"wp-block-heading\">O que significa prevarica\u00e7\u00e3o?<\/h3>\n\n\n\n<p>Prevarica\u00e7\u00e3o \u00e9 o ato de um servidor p\u00fablico deixar de cumprir suas obriga\u00e7\u00f5es legais ou agir contra a lei, visando beneficiar a si mesmo ou a terceiros.<\/p>\n\n\n\n<h3 class=\"wp-block-heading\">Quais s\u00e3o os tipos de prevarica\u00e7\u00e3o?<\/h3>\n\n\n\n<p>O crime de prevarica\u00e7\u00e3o possui varia\u00e7\u00f5es de conduta, como omitir-se, retardar ou praticar atos ilegais, desde que motivados por interesse ou benef\u00edcio pessoal.<\/p>\n\n\n\n<h3 class=\"wp-block-heading\">O que significa prevarica\u00e7\u00e3o no trabalho?<\/h3>\n\n\n\n<p>Prevarica\u00e7\u00e3o no trabalho se refere \u00e0 conduta de funcion\u00e1rios p\u00fablicos que negligenciam ou descumprem suas responsabilidades legais, colocando interesses pr\u00f3prios \u00e0 frente do dever profissional.<\/p>\n\n\n\n<h3 class=\"wp-block-heading\">Mais conhecimentos para voc\u00ea<\/h3>\n\n\n\n<p>Se voc\u00ea gostou deste texto e deseja seguir a leitura em temas sobre direito e advocacia, vale a pena conferir os seguintes materiais:&nbsp;&nbsp;<\/p>\n\n\n\n<ul class=\"wp-block-list\">\n<li><a href=\"https:\/\/www.aurum.com.br\/blog\/direito-potestativo\/\">Direito Potestativo<\/a>: entenda a diferen\u00e7a do direito subjetivo<\/li>\n\n\n\n<li><a href=\"https:\/\/www.aurum.com.br\/blog\/extincao-da-punibilidade\/\">Extin\u00e7\u00e3o da Punibilidade<\/a>: conhe\u00e7a as hip\u00f3teses&nbsp;<\/li>\n\n\n\n<li>Conhe\u00e7a o que s\u00e3o <a href=\"https:\/\/www.aurum.com.br\/blog\/direitos-da-mulher\/\">direitos da mulher<\/a> e seu contexto hist\u00f3rico<\/li>\n\n\n\n<li><a href=\"https:\/\/www.aurum.com.br\/blog\/prisao-preventiva\/\">Art 312 do CPP comentado: o que \u00e9 pris\u00e3o preventiva<\/a><\/li>\n\n\n\n<li><a href=\"https:\/\/www.aurum.com.br\/blog\/quota-litis\/\">Cl\u00e1usula quota litis<\/a>: Saiba o que \u00e9 e como usar<\/li>\n\n\n\n<li><a href=\"https:\/\/www.aurum.com.br\/blog\/nome-social\/\">Nome social<\/a>: aspectos legais sobre o direito de mudar o nome de registro<\/li>\n\n\n\n<li><a href=\"https:\/\/www.aurum.com.br\/blog\/receptacao-culposa\/\">Recepta\u00e7\u00e3o culposa: Entenda como ocorre e quais os seus recursos legais<\/a><\/li>\n\n\n\n<li><a href=\"https:\/\/www.aurum.com.br\/blog\/acao-civil-publica\/\" data-type=\"URL\" data-id=\"https:\/\/www.aurum.com.br\/blog\/acao-civil-publica\/\">A\u00e7\u00e3o Civil P\u00fablica: que \u00e9, quando cabe, tipos e requisitos<\/a><\/li>\n\n\n\n<li><a href=\"https:\/\/www.aurum.com.br\/blog\/contrato-de-parceria\" data-type=\"link\" data-id=\"https:\/\/www.aurum.com.br\/blog\/contrato-de-parceria\">Contrato de Parceria: entenda o que \u00e9<\/a><\/li>\n\n\n\n<li><a href=\"https:\/\/www.aurum.com.br\/blog\/principio-da-insignificancia\/\" data-type=\"link\" data-id=\"https:\/\/www.aurum.com.br\/blog\/principio-da-insignificancia\/\">Princ\u00edpio da insignific\u00e2ncia: exemplos de aplica\u00e7\u00e3o<\/a><\/li>\n<\/ul>\n\n\n<style>\r\n  .news-post {\r\n    background: url('https:\/\/www.aurum.com.br\/blog\/wp-content\/themes\/aurum\/img\/bg-news-artigo.svg') no-repeat top center #3C48AA;\r\n    padding: 1.5rem;\r\n    border-radius: 6px;\r\n    margin: 1rem 0;\r\n  }\r\n  .news-post .icone {\r\n    display: none;\r\n  }\r\n  .news-post .title {\r\n    font-weight: 700;\r\n    font-size: 16px;\r\n    line-height: 130%;\r\n    text-align: center;\r\n    letter-spacing: -0.5px;\r\n    color: #fff;\r\n    margin-bottom: .9375rem;\r\n  }\r\n  .news-post p {\r\n    font-size: .875rem;\r\n    line-height: 140%;\r\n    text-align: center;\r\n    color: #fff;\r\n    margin-bottom: 1.25rem;\r\n  }\r\n  .news-post .news_button_span {\r\n    font-size: .8125rem;\r\n    display: block;\r\n    padding: .125rem .3125rem;\r\n    color: #fff;\r\n    text-align:left;\r\n  }\r\n  .news-post .news_button_span a {\r\n    color: #fff !important;\r\n    text-decoration: underline;\r\n  }\r\n  .news-post form {\r\n    width: 100%;\r\n  }\r\n  .news-post label {\r\n    font-weight: 600;\r\n    font-size: .9375rem;\r\n    line-height: 1.5rem;\r\n    margin-bottom: .5rem;\r\n    color: #fff;\r\n    display: block;\r\n  }\r\n  .news-post input {\r\n    background: #fff;\r\n    border: 1px solid #CBCBD9;\r\n    box-sizing: border-box;\r\n    border-radius: 4px;\r\n    padding: .75rem 1rem;\r\n    width: 100%;\r\n  }\r\n  .news-post button {\r\n    margin-top: .875rem;\r\n    width: 100%;\r\n    min-width: auto;\r\n    background: #FCC632;\r\n    color: #3C48AA;\r\n  }\r\n  .news-post .input {\r\n    position: relative;\r\n    padding-bottom: 10px;\r\n  }\r\n  .news-post .error-message-ad {\r\n    font-size: .875rem;\r\n    line-height: 130%;\r\n    color: #D50021;\r\n    margin-left: 4px;\r\n  }\r\n  .news-post .error {\r\n    border: 1px solid #D50021;\r\n  }\r\n  .news-post #message-form-ad {\r\n    border-radius: 4px;\r\n    padding: 0.7rem;\r\n    font-size:0.8rem;\r\n    text-align: center;\r\n    align-items: center;\r\n    justify-content: center;\r\n    display: none;\r\n  }\r\n  .news-post #message-form-ad svg {\r\n    margin-right: 8px;\r\n  }\r\n\r\n  @media(min-width: 561px) {\r\n    .news-post {\r\n      position: relative;\r\n      background: url('https:\/\/www.aurum.com.br\/blog\/wp-content\/themes\/aurum\/img\/bg-news-artigo.svg') no-repeat top center #3C48AA;\r\n      width: calc(100% - 30px);\r\n    }\r\n    .news-post .icone {\r\n      display: block;\r\n      position: absolute;\r\n      right: -30px;\r\n      top: 65px;\r\n      max-width: 142px;\r\n      width: 100%;\r\n      height: auto;\r\n      margin: 0;\r\n    }\r\n    .news-post .title {\r\n      font-size: 1.125rem;\r\n      text-align: left;\r\n      \/* padding-right: 3.75rem; *\/\r\n    }\r\n    .news-post p {\r\n      font-size: 1rem;\r\n      text-align: left;\r\n      max-width: 400px;\r\n    }\r\n    .news-post .boxes {\r\n      display: flex;\r\n      align-items: flex-start;\r\n    }\r\n    .news-post button {\r\n      margin: 0 0 0 1rem;\r\n      width: 100%;\r\n      max-width: 170px;\r\n      min-width: auto;\r\n      transition: all ease .3s\r\n    }\r\n    .news-post button:hover {\r\n      opacity: 0.9;\r\n      transition: all ease .3s\r\n    }\r\n    .news-post #message-form-ad {\r\n      padding: 1.125rem;\r\n      font-size:1rem;\r\n    }\r\n    .news-post #message-form-ad svg {\r\n      margin-right: 10px;\r\n    }\r\n  }\r\n<\/style>\r\n\r\n<div class=\"news-post\">\r\n  <div class=\"title news-ad-title\">Gostou do artigo e quer evoluir a sua advocacia?<\/div>\r\n  <p class=\"news-ad-subtitle\">Assine gr\u00e1tis a Aurum News e receba uma dose semanal de conte\u00fado no seu e-mail! \u270c\ufe0f<\/p>\r\n  <img decoding=\"async\" src=\"https:\/\/www.aurum.com.br\/blog\/wp-content\/themes\/aurum\/img\/icon-news-artigo.svg\" alt=\"\" class=\"icone\">\r\n\r\n  <form method=\"post\" name=\"newsletter-ad\" id=\"aurum-newsletter-ad\">\r\n    <div class=boxes>\r\n      <div class=\"input\">\r\n        <label class=\"label-email\" htmlFor=\"email-ad\">Qual seu e-mail?<\/label>\r\n        <input type=\"email\" id=\"email-ad\" name=\"newsletter-mail-ad\" placeholder=\"Digite seu e-mail?\">\r\n        <div class=\"error-message-ad-email\">Endere\u00e7o de e-mail inv\u00e1lido ou incorreto<\/div>\r\n\r\n        <label class=\"label-select\" htmlFor=\"lawsuits-select-ad\">\r\n          Quantos processos voc\u00ea ou<br class=\"for-desktop\"\/> seu escrit\u00f3rio acompanham?\r\n        <\/label>\r\n        <div id=\"lawsuits-select-ad\" class=\"lawsuits-select select-wrapper\" tabindex=\"0\">\r\n          <div class=\"s-dropdown--styled\">\r\n          <span class=\"lawsuits-default\">\r\n            <span id=\"lawsuits-newsletter-ad\" class=\"lawsuits-default-text\" data-value=\"\">Selecione os processos<\/span>\r\n            <svg class=\"chevron\" xmlns=\"http:\/\/www.w3.org\/2000\/svg\" width=\"24\" height=\"25\" viewBox=\"0 0 24 25\" fill=\"none\">\r\n              <path d=\"M6 15.6152L12 9.61523L18 15.6152\" stroke=\"black\" stroke-width=\"2\" stroke-linecap=\"round\" stroke-linejoin=\"round\" \/>\r\n            <\/svg>\r\n          <\/span>\r\n\r\n          <ul class=\"s-dropdown u-hide\">\r\n            <li class=\"lawsuits\" data-value=\"Mais de 1000 processos\">Mais de 1000 processos<\/li>\r\n            <li class=\"lawsuits\" data-value=\"De 501 a 1000 processos\">De 501 a 1000 processos<\/li>\r\n            <li class=\"lawsuits\" data-value=\"De 151 a 500 processos\">De 151 a 500 processos<\/li>\r\n            <li class=\"lawsuits\" data-value=\"De 41 a 150 processos\">De 41 a 150 processos<\/li>\r\n            <li class=\"lawsuits\" data-value=\"At\u00e9 40 processos\">At\u00e9 40 processos<\/li>\r\n            <li class=\"lawsuits\" data-value=\"Atuo apenas no consultivo\">Atuo apenas no consultivo<\/li>\r\n            <li class=\"lawsuits\" data-value=\"Ainda sou estudante de direito\">Ainda sou estudante de direito<\/li>\r\n            <li class=\"lawsuits\" data-value=\"N\u00e3o sou da \u00e1rea jur\u00eddica\">N\u00e3o sou da \u00e1rea jur\u00eddica<\/li>\r\n          <\/ul>\r\n          <\/div>\r\n        <\/div>\r\n        <div class=\"error-message-ad-lawsuits\">Selecione algum processo<\/div>\r\n      <\/div>\r\n      <button class=\"btn btn-yellow ad-btn-desktop\" id=\"aurum-submit-ad\">Assinar gr\u00e1tis<\/button>\r\n      <button class=\"btn btn-yellow ad-btn-mobile\" id=\"aurum-submit-ad\">Assinar<\/button>\r\n    <\/div>\r\n    <span class=\"news_button_span\">Ao se cadastrar voc\u00ea declara que leu e aceitou a pol\u00edtica de privacidade e cookies do <a href=\"https:\/\/s3.sa-east-1.amazonaws.com\/publico.aurum.com.br\/contratos\/politica-de-privacidade.pdf\" target=\"_blank\" rel=\"noopener noreferrer\">site<\/a>.<\/span>\r\n  <\/form>\r\n  <div id=\"message-form-ad\"><\/div>\r\n<\/div>","protected":false},"excerpt":{"rendered":"<p>H\u00e1 prevarica\u00e7\u00e3o quando o servidor p\u00fablico, por interesse pr\u00f3prio ou sentimento pessoal, n\u00e3o realiza ou protela a pr\u00e1tica de ato de of\u00edcio de forma indevida. O crime \u00e9 caracterizado tamb\u00e9m quando o servidor pratica ato contra a determina\u00e7\u00e3o legal. N\u00e3o h\u00e1 d\u00favida de que o brasileiro v\u00ea no servi\u00e7o p\u00fablico umas das mais almejadas carreiras [&hellip;]<\/p>\n","protected":false},"author":127,"featured_media":14616,"comment_status":"open","ping_status":"open","sticky":false,"template":"","format":"standard","meta":{"_bbp_topic_count":0,"_bbp_reply_count":0,"_bbp_total_topic_count":0,"_bbp_total_reply_count":0,"_bbp_voice_count":0,"_bbp_anonymous_reply_count":0,"_bbp_topic_count_hidden":0,"_bbp_reply_count_hidden":0,"_bbp_forum_subforum_count":0,"inline_featured_image":false,"footnotes":""},"categories":[31],"tags":[],"class_list":["post-14615","post","type-post","status-publish","format-standard","has-post-thumbnail","hentry","category-direito-penal"],"acf":[],"_links":{"self":[{"href":"https:\/\/www.aurum.com.br\/blog\/wp-json\/wp\/v2\/posts\/14615","targetHints":{"allow":["GET"]}}],"collection":[{"href":"https:\/\/www.aurum.com.br\/blog\/wp-json\/wp\/v2\/posts"}],"about":[{"href":"https:\/\/www.aurum.com.br\/blog\/wp-json\/wp\/v2\/types\/post"}],"author":[{"embeddable":true,"href":"https:\/\/www.aurum.com.br\/blog\/wp-json\/wp\/v2\/users\/127"}],"replies":[{"embeddable":true,"href":"https:\/\/www.aurum.com.br\/blog\/wp-json\/wp\/v2\/comments?post=14615"}],"version-history":[{"count":19,"href":"https:\/\/www.aurum.com.br\/blog\/wp-json\/wp\/v2\/posts\/14615\/revisions"}],"predecessor-version":[{"id":31600,"href":"https:\/\/www.aurum.com.br\/blog\/wp-json\/wp\/v2\/posts\/14615\/revisions\/31600"}],"wp:featuredmedia":[{"embeddable":true,"href":"https:\/\/www.aurum.com.br\/blog\/wp-json\/wp\/v2\/media\/14616"}],"wp:attachment":[{"href":"https:\/\/www.aurum.com.br\/blog\/wp-json\/wp\/v2\/media?parent=14615"}],"wp:term":[{"taxonomy":"category","embeddable":true,"href":"https:\/\/www.aurum.com.br\/blog\/wp-json\/wp\/v2\/categories?post=14615"},{"taxonomy":"post_tag","embeddable":true,"href":"https:\/\/www.aurum.com.br\/blog\/wp-json\/wp\/v2\/tags?post=14615"}],"curies":[{"name":"wp","href":"https:\/\/api.w.org\/{rel}","templated":true}]}}