{"id":14355,"date":"2025-03-25T07:46:02","date_gmt":"2025-03-25T10:46:02","guid":{"rendered":"https:\/\/www.aurum.com.br\/blog\/?p=14355"},"modified":"2025-03-25T07:46:48","modified_gmt":"2025-03-25T10:46:48","slug":"tutela-de-evidencia","status":"publish","type":"post","link":"https:\/\/www.aurum.com.br\/blog\/tutela-de-evidencia\/","title":{"rendered":"Entenda o que \u00e9 a tutela de evid\u00eancia e seus requisitos"},"content":{"rendered":"<div id=\"bsf_rt_marker\"><\/div>\n<pre class=\"wp-block-preformatted\">A <strong>tutela de evid\u00eancia<\/strong> \u00e9 uma esp\u00e9cie de tutela provis\u00f3ria que visa possibilitar a antecipa\u00e7\u00e3o dos efeitos da decis\u00e3o final proferida em um processo judicial.  <br><\/pre>\n\n\n\n<p>O <a href=\"https:\/\/www.aurum.com.br\/blog\/novo-cpc-comentado\/\">C\u00f3digo de Processo Civil<\/a> trata da tutela da evid\u00eancia no artigo 311, prevendo quais os momentos poss\u00edveis no processo de serem concedidos, os quais vamos falar adiante.<\/p>\n\n\n\n<p>A tutela da evid\u00eancia <strong>n\u00e3o se confunde com a tutela de urg\u00eanci<\/strong>a, enquanto na urg\u00eancia se faz necess\u00e1rio a comprova\u00e7\u00e3o de requisitos espec\u00edficos para ser concedido na evid\u00eancia n\u00e3o h\u00e1 exig\u00eancia da demonstra\u00e7\u00e3o de qualquer requisito.&nbsp;<\/p>\n\n\n\n<p>Quem pretende obter a tutela de evid\u00eancia em um processo judicial precisa comprovar a evid\u00eancia que acredita possuir, conforme est\u00e1 previsto nos incisos do artigo 11 do C\u00f3digo de Processo Civil.&nbsp;<\/p>\n\n\n\n<h2 class=\"wp-block-heading\">O que \u00e9 tutela de evid\u00eancia?&nbsp;<\/h2>\n\n\n\n<p>Quando uma pessoa busca a justi\u00e7a sempre est\u00e1 buscando uma decis\u00e3o judicial definitiva que d\u00ea solu\u00e7\u00e3o a um controv\u00e9rsia ou a interesse leg\u00edtimo.&nbsp;<\/p>\n\n\n\n<p>A decis\u00e3o final \u00e9 tamb\u00e9m chamada de decis\u00e3o terminativa porque p\u00f5e fim ao processo judicial. A tutela da evid\u00eancia <strong>\u00e9 instrumento que possibilita ao juiz antecipar os efeitos da decis\u00e3o final <\/strong>proferindo uma <a href=\"https:\/\/www.aurum.com.br\/blog\/decisao-interlocutoria\/\">decis\u00e3o interlocut\u00f3ria<\/a> j\u00e1 no in\u00edcio ou no meio do processo.&nbsp;<\/p>\n\n\n\n<p>A decis\u00e3o interlocut\u00f3ria \u00e9 toda decis\u00e3o proferida em processo judicial que n\u00e3o p\u00f5e fim a processo, mas que se se tratando de decis\u00e3o com efeito de tutela de evid\u00eancia pode antecipar os efeitos que normalmente a pessoa interessada somente alcan\u00e7aria ao final do processo.&nbsp;<\/p>\n\n\n\n<p>Portanto, <strong>a tutela de evid\u00eancia \u00e9 a antecipa\u00e7\u00e3o dos efeitos da decis\u00e3o final<\/strong> mesmo sem a comprova\u00e7\u00e3o de urg\u00eancia ou emerg\u00eancia mas havendo comprova\u00e7\u00e3o do direito alegado, sem aguardar todo o percurso do processo.&nbsp;<\/p>\n\n\n\n<figure class=\"wp-block-image size-full\"><img decoding=\"async\" width=\"1200\" height=\"1200\" src=\"https:\/\/www.aurum.com.br\/blog\/wp-content\/uploads\/2022\/03\/o-que-e-tutela-de-evidencia.jpg\" alt=\"\" class=\"wp-image-32595\" srcset=\"https:\/\/www.aurum.com.br\/blog\/wp-content\/uploads\/2022\/03\/o-que-e-tutela-de-evidencia.jpg 1200w, https:\/\/www.aurum.com.br\/blog\/wp-content\/uploads\/2022\/03\/o-que-e-tutela-de-evidencia-300x300.jpg 300w, https:\/\/www.aurum.com.br\/blog\/wp-content\/uploads\/2022\/03\/o-que-e-tutela-de-evidencia-150x150.jpg 150w, https:\/\/www.aurum.com.br\/blog\/wp-content\/uploads\/2022\/03\/o-que-e-tutela-de-evidencia-768x768.jpg 768w\" sizes=\"(max-width: 1200px) 100vw, 1200px\" \/><figcaption class=\"wp-element-caption\">Entenda o que \u00e9 tutela de evid\u00eancia.<\/figcaption><\/figure>\n\n\n\n<h2 class=\"wp-block-heading\">Quais s\u00e3o as hip\u00f3teses de tutela de evid\u00eancia?<strong>&nbsp;<\/strong><\/h2>\n\n\n\n<p>O C\u00f3digo de Processo Civil por meio do <strong>artigo 311, incisos I, ao III<\/strong>, tr\u00e1s \u00e0s hip\u00f3teses poss\u00edveis para a concess\u00e3o da tutela de evid\u00eancia, e falaremos sobre elas agora.&nbsp;<\/p>\n\n\n\n<h3 class=\"wp-block-heading\">Abuso do direito de defesa ou manifesto prop\u00f3sito protelat\u00f3rio<\/h3>\n\n\n\n<p>A primeira hip\u00f3tese \u00e9 quando h\u00e1 abuso do<strong> direito de defesa ou manifesto prop\u00f3sito protelat\u00f3rio<\/strong>.&nbsp; \u00c9 importante considerar antes de falar dessa primeira hip\u00f3tese da tutela de evid\u00eancia, falar um pouco sobre o abuso do direito e do prop\u00f3sito protelat\u00f3rio.&nbsp;<\/p>\n\n\n\n<p>O abuso do direito ocorre basicamente quando algu\u00e9m se utiliza do processo para exceder os limites do seu direito, violando direito alheio em clara falta de boa f\u00e9.&nbsp;&nbsp;<\/p>\n\n\n\n<p>O prop\u00f3sito protelat\u00f3rio \u00e9 a sequ\u00eancia dada por algu\u00e9m que abusa do direito processual para retardar no tempo de forma injustificada ou sem justo motivo o resultado que a outra parte busca obter.&nbsp;<\/p>\n\n\n\n<p>Nesse cen\u00e1rio fica f\u00e1cil entender a hip\u00f3tese de concess\u00e3o da tutela de evid\u00eancia para antecipar os efeitos da decis\u00e3o final, que somente pode ser alcan\u00e7ada ap\u00f3s todas as fases do processo e ap\u00f3s todos os recursos dispon\u00edveis e as inst\u00e2ncias superadas.&nbsp;<\/p>\n\n\n\n<h3 class=\"wp-block-heading\">A prova documental e a probabilidade fundada na jurisprud\u00eancia<\/h3>\n\n\n\n<p>Nesta hip\u00f3tese a tutela de evid\u00eancia se mostra mais simples de entender e at\u00e9 mesmo de aplicar na pr\u00e1tica, sendo poss\u00edvel quando os fatos alegados pela parte for poss\u00edvel de comprovar apenas documentalmente.&nbsp;<\/p>\n\n\n\n<p>Al\u00e9m da possibilidade de <strong>comprova\u00e7\u00e3o dos fatos apenas de forma documental<\/strong> \u00e9 necess\u00e1rio que o direito pretendido esteja amparado em S\u00famulas ou em julgamento de recurso sob o rito repetitivo.&nbsp;<\/p>\n\n\n\n<h3 class=\"wp-block-heading\">Pedido reipersecut\u00f3rio e o contrato de dep\u00f3sito&nbsp;<\/h3>\n\n\n\n<p>Nesta hip\u00f3tese a tutela de evid\u00eancia pode ser concedida quando houver prova documental baseada em contrato de dep\u00f3sito.&nbsp;<\/p>\n\n\n\n<p>Essa possibilidade permite que o depositante do objeto ou coisa<strong> obtenha de forma r\u00e1pida a coisa depositada sem ter que aguardar o t\u00e9rmino do processo.<\/strong>&nbsp;<\/p>\n\n\n\n<p>Nesta hip\u00f3tese sendo deferida a tutela ser\u00e1 determinado a ordem de entrega da coisa depositada sob pena de aplica\u00e7\u00e3o de multa.&nbsp;<\/p>\n\n\n\n<h3 class=\"wp-block-heading\">A prova documental e a aus\u00eancia de d\u00favida razo\u00e1vel&nbsp;<\/h3>\n\n\n\n<p>Os fatos alegados que constituem o direito alegado na <a href=\"https:\/\/www.aurum.com.br\/blog\/peticao-inicial\/\">peti\u00e7\u00e3o inicial<\/a> est\u00e3o amparados de documento que o r\u00e9u n\u00e3o possa apresentar prova capaz de gerar d\u00favida razo\u00e1vel.&nbsp;<\/p>\n\n\n\n<p>Trata-se de uma situa\u00e7\u00e3o em que o autor desde a peti\u00e7\u00e3o que inicia o processo j\u00e1 comprova documentalmente o direito alegado, mas que o r\u00e9u n\u00e3o pode apresentar prova em sentido contr\u00e1rio, o juiz pode deferir a tutela de evid\u00eancia inicialmente ou liminarmente.&nbsp;<\/p>\n\n\n\n<p>Quando as provas apresentadas junto com a peti\u00e7\u00e3o que inicia o processo n\u00e3o \u00e9 claramente suficiente para a comprova\u00e7\u00e3o sendo necess\u00e1rio a oitiva da parte adversa no processo \u00e9 poss\u00edvel que a tutela de evid\u00eancia seja concedida com a apresenta\u00e7\u00e3o da r\u00e9plica.&nbsp;<\/p>\n\n\n\n<h3 class=\"wp-block-heading\">Qual a diferen\u00e7a entre a tutela de urg\u00eancias e a tutela de evid\u00eancia?&nbsp;<\/h3>\n\n\n\n<p>A tutela de urg\u00eancias <strong>se diferencia da tutela de evid\u00eancias <\/strong>por pelos pressupostos ou requisitos que cada uma possui, vejamos alguns.&nbsp;<\/p>\n\n\n\n<p>A tutela de urg\u00eancia para ser concedida exige a apresenta\u00e7\u00e3o da:&nbsp;<\/p>\n\n\n\n<ul class=\"wp-block-list\">\n<li>Probabilidade do direito alegado;\u00a0<\/li>\n\n\n\n<li>Perigo de dano ou risco ao resultado \u00fatil do processo;\u00a0<\/li>\n\n\n\n<li>Reversibilidade da decis\u00e3o;\u00a0<\/li>\n<\/ul>\n\n\n\n<p>A tutela da evid\u00eancia para ser concedida exige a presen\u00e7a de:&nbsp;<\/p>\n\n\n\n<ul class=\"wp-block-list\">\n<li>Exige a jurisprud\u00eancia consolidada ou tese firmada em julgamento de casos repetitivos.<\/li>\n\n\n\n<li>Quando o r\u00e9u n\u00e3o apresentar argumentos razo\u00e1veis para contestar o pedido.<\/li>\n\n\n\n<li>Quando houver prova documental suficiente e o r\u00e9u estiver criando embara\u00e7os ao processo.<\/li>\n<\/ul>\n\n\n\n<p>Assim, enquanto a tutela de urg\u00eancia exige a demonstra\u00e7\u00e3o de elementos subjetivos que justifiquem a concess\u00e3o.&nbsp;<\/p>\n\n\n\n<p>Na tutela de evid\u00eancia a exig\u00eancia \u00e9 de demonstra\u00e7\u00e3o objetiva do direito alegado sem haver possibilidade de prova em sentido contr\u00e1rio.<\/p>\n\n\n\n<h2 class=\"wp-block-heading\">Quais s\u00e3o os tr\u00eas tipos de tutela?<\/h2>\n\n\n\n<p>A tutela provis\u00f3ria \u00e9 g\u00eanero e por isso temos tr\u00eas especiais, quais sejam:&nbsp;<\/p>\n\n\n\n<ul class=\"wp-block-list\">\n<li><strong>Tutela cautelar: <\/strong>Assegura o resultado final tornando indispon\u00edvel o bem ou coisa;\u00a0<\/li>\n\n\n\n<li><strong>Tutela de antecipada<\/strong>: Antecipa a decis\u00e3o que somente ser\u00e1 tomada ao final do processo;\u00a0<\/li>\n\n\n\n<li><strong>Tutela de evid\u00eancia<\/strong>: Antecipa os efeitos da tutela que seria deferida ao final do processo;\u00a0<\/li>\n<\/ul>\n\n\n\n<h3 class=\"wp-block-heading\">Exemplos de tutela de evid\u00eancia:&nbsp;<\/h3>\n\n\n\n<p>Um bom exemplo da tutela de evid\u00eancia \u00e9 quando uma empresa de intermedia\u00e7\u00e3o em pagamento de cart\u00e3o se nega a repassar os valores recebidos sob alega\u00e7\u00e3o de fraude em transa\u00e7\u00e3o sem comprova\u00e7\u00e3o.\u00a0<\/p>\n\n\n\n<style>\n    #adpost-block_d930bedbf354c77a56d78780bef6b6d9.anuncio-post-reverse {\n        display: flex;\n        gap: 24px;\n        border-radius: 8px;\n        width: 100%;\n        max-width: 752px;\n        padding: 40px;\n        background: #e7f4fe;\n        margin: 16px auto;\n    }\n\n    #adpost-block_d930bedbf354c77a56d78780bef6b6d9 .anuncio-container {\n        display: flex;\n        flex-direction: column;\n        gap: 24px;\n        width: 100%;\n        max-width: 333px;\n    }\n\n    #adpost-block_d930bedbf354c77a56d78780bef6b6d9 .anuncio-container .logo {\n        width: 100%;\n        max-width: 177px;\n        margin: 0;\n    }\n\n    #adpost-block_d930bedbf354c77a56d78780bef6b6d9 .anuncio-text-container {\n        display: flex;\n        flex-direction: column;\n        gap: 24px;\n    }\n\n    #adpost-block_d930bedbf354c77a56d78780bef6b6d9 .anuncio-text-container .title {\n        font-family: 'Ubuntu';\n        font-size: 1.5rem; \/\/24px\n        font-weight: 700;\n        line-height: 120%;\n        margin: 0;\n        color: #000;\n    }\n\n    #adpost-block_d930bedbf354c77a56d78780bef6b6d9 .anuncio-text-container .text {\n        font-size: 0.875rem;\n        font-weight: 400;\n        line-height: 170%;\n        color: #000;\n    }\n\n    #adpost-block_d930bedbf354c77a56d78780bef6b6d9 .anuncio-container .button {\n        display: inline-flex;\n        align-items: center;\n        justify-content: center;\n        width: fit-content;\n        height: 48px;\n        border-radius: 8px;\n        padding: 12px 24px;\n        font-size: 1rem;\n        font-weight: 600;\n        text-decoration: none;\n        background: #008fd5;\n        color: #fff;\n    }\n\n    #adpost-block_d930bedbf354c77a56d78780bef6b6d9 .image-container {\n        position: relative;\n        width: 100%;\n        height: 100%;\n    }\n\n    #adpost-block_d930bedbf354c77a56d78780bef6b6d9 .image-container.float {\n        min-height: 236px;\n    }\n\n    #adpost-block_d930bedbf354c77a56d78780bef6b6d9 .image-container .image-desktop {\n        width: 100%;\n        max-width: 323px;\n        object-fit: contain;\n        margin: 0;\n    }\n\n    #adpost-block_d930bedbf354c77a56d78780bef6b6d9 .image-container .image-mobile {\n        display: none;\n        width: 100%;\n        max-width: 291px;\n        object-fit: contain;\n        margin: 0;\n    }\n\n    #adpost-block_d930bedbf354c77a56d78780bef6b6d9 .image-container.float .image-desktop,\n    #adpost-block_d930bedbf354c77a56d78780bef6b6d9 .image-container.float .image-mobile {\n        position: absolute;\n        right: 0;\n        bottom: 0;\n    }\n\n    #adpost-block_d930bedbf354c77a56d78780bef6b6d9 .image-container img {\n        border-radius: 8px;\n    }\n\n    \/************\n    * MOBILE \n    *************\/\n    @media (max-width: 1439px) {\n        #adpost-block_d930bedbf354c77a56d78780bef6b6d9.anuncio-post-reverse {\n            flex-direction: column-reverse;\n            max-width: fit-content;\n            padding: 24px;\n        }\n\n        #adpost-block_d930bedbf354c77a56d78780bef6b6d9 .anuncio-container {\n            max-width: 280px;\n            align-items: center;\n        }\n\n        #adpost-block_d930bedbf354c77a56d78780bef6b6d9 .anuncio-container .logo {\n            max-width: 147px;\n        }\n\n        #adpost-block_d930bedbf354c77a56d78780bef6b6d9 .anuncio-text-container {\n            gap: 8px;\n        }\n\n        #adpost-block_d930bedbf354c77a56d78780bef6b6d9 .anuncio-text-container .title {\n            font-size: 1.25rem;\n            text-align: center;\n        }\n\n        #adpost-block_d930bedbf354c77a56d78780bef6b6d9 .anuncio-text-container .text {\n            text-align: center;\n        }\n\n        #adpost-block_d930bedbf354c77a56d78780bef6b6d9 .anuncio-container .button {\n            width: 100%;\n        }\n\n        #adpost-block_d930bedbf354c77a56d78780bef6b6d9 .image-container.float {\n            min-height: 182px;\n        }\n\n        #adpost-block_d930bedbf354c77a56d78780bef6b6d9 .image-container .image-desktop {\n            display: none;\n        }\n\n        #adpost-block_d930bedbf354c77a56d78780bef6b6d9 .image-container .image-mobile {\n            display: block;\n        }\n    }\n\n    \/*******************\n    * RESET GLOBAL CSS \n    ********************\/\n    #s-post main article .content .image-container img {\n        margin: 0;\n    }\n<\/style>\n\n\n<article id=\"adpost-block_d930bedbf354c77a56d78780bef6b6d9\" class=\"anuncio-post-reverse\">\n    <div class=\"anuncio-container\">\n        \n        <div class=\"anuncio-text-container\">\n             <h3 class=\"title\" >Seja protagonista da sua advocacia com o Astrea<\/h3>\n            <div class=\"text\" >Tenha tempo para focar no crescimento do seu escrit\u00f3rio, enquanto o Astrea cuida da sua gest\u00e3o jur\u00eddica com intelig\u00eancia.<\/div>        <\/div>\n       \n        <a class=\"button\" href=\"\/astrea\/?utm_source=blog&#038;utm_medium=adpost&#038;utm_campaign=campanha-marca-2026\" target=\"_self\">Conhe\u00e7a o Astrea<\/a>    <\/div>\n\n    <div class=\"image-container\">\n        <img decoding=\"async\" class=\"image-desktop\" src=\"https:\/\/www.aurum.com.br\/blog\/wp-content\/uploads\/2026\/03\/adpos-posicionamento-2026-desktop.png\" alt=\"\" \/>\n        <img decoding=\"async\" class=\"image-mobile\" src=\"https:\/\/www.aurum.com.br\/blog\/wp-content\/uploads\/2026\/03\/adpost-posicionamento-2026-mobile.png\" alt=\"\" \/>    <\/div>\n<\/article>\n\n\n<h2 class=\"wp-block-heading\">Conclus\u00e3o<\/h2>\n\n\n\n<p>A tutela de evid\u00eancia n\u00e3o se confunde com a tutela de urg\u00eancia, pois enquanto uma antecipa a decis\u00e3o, a outra antecipa apenas os seus efeitos. <\/p>\n\n\n\n<p>Ela pode ser concedida quando os fatos alegados s\u00e3o comprovados documentalmente, quando h\u00e1 abuso de direito ou atos protelat\u00f3rios, e quando o r\u00e9u n\u00e3o apresenta provas que gerem d\u00favida razo\u00e1vel. <\/p>\n\n\n\n<p>As tutelas provis\u00f3rias podem ter natureza cautelar, de urg\u00eancia ou de evid\u00eancia.<\/p>\n\n\n\n<h3 class=\"wp-block-heading\">Mais conhecimento para voc\u00ea<\/h3>\n\n\n\n<ul class=\"wp-block-list\">\n<li><a href=\"https:\/\/www.aurum.com.br\/blog\/tutela\/\">Tutela no Direito da Fam\u00edlia: <\/a>aspectos legais e finalidade<\/li>\n\n\n\n<li><a href=\"https:\/\/www.aurum.com.br\/blog\/peticao-inicial\/\">Peti\u00e7\u00e3o Inicial: <\/a>como fazer e principais erros<\/li>\n\n\n\n<li><a href=\"https:\/\/www.aurum.com.br\/blog\/recursos-no-novo-cpc\/\">Novo CPC:<\/a> como funciona os novos recursos<\/li>\n\n\n\n<li>Entenda o que \u00e9 e como funciona um <a href=\"https:\/\/www.aurum.com.br\/blog\/contrato-de-namoro\/\">Contrato de Namoro<\/a><\/li>\n\n\n\n<li><a href=\"https:\/\/www.aurum.com.br\/blog\/o-que-e-principio-da-legalidade\/\" data-type=\"URL\" data-id=\"https:\/\/www.aurum.com.br\/blog\/o-que-e-principio-da-legalidade\/\">Princ\u00edpio da Legalidade<\/a>: seu objetivo e exemplos <\/li>\n\n\n\n<li>Como funciona o <a href=\"https:\/\/www.aurum.com.br\/blog\/tutela-antecipada-no-novo-cpc\/\" data-type=\"URL\" data-id=\"https:\/\/www.aurum.com.br\/blog\/tutela-antecipada-no-novo-cpc\/\">procedimento da tutela antecipada no Novo CPC<\/a>?<\/li>\n\n\n\n<li><a href=\"https:\/\/www.aurum.com.br\/blog\/quota-litis\/\">Cl\u00e1usula quota litis<\/a>: Saiba o que \u00e9 e como usar<\/li>\n\n\n\n<li><a href=\"https:\/\/www.aurum.com.br\/blog\/nome-social\/\">Nome social<\/a>: aspectos legais sobre o direito de mudar o nome de registro<\/li>\n<\/ul>\n\n\n<style>\r\n  .news-post {\r\n    background: url('https:\/\/www.aurum.com.br\/blog\/wp-content\/themes\/aurum\/img\/bg-news-artigo.svg') no-repeat top center #3C48AA;\r\n    padding: 1.5rem;\r\n    border-radius: 6px;\r\n    margin: 1rem 0;\r\n  }\r\n  .news-post .icone {\r\n    display: none;\r\n  }\r\n  .news-post .title {\r\n    font-weight: 700;\r\n    font-size: 16px;\r\n    line-height: 130%;\r\n    text-align: center;\r\n    letter-spacing: -0.5px;\r\n    color: #fff;\r\n    margin-bottom: .9375rem;\r\n  }\r\n  .news-post p {\r\n    font-size: .875rem;\r\n    line-height: 140%;\r\n    text-align: center;\r\n    color: #fff;\r\n    margin-bottom: 1.25rem;\r\n  }\r\n  .news-post .news_button_span {\r\n    font-size: .8125rem;\r\n    display: block;\r\n    padding: .125rem .3125rem;\r\n    color: #fff;\r\n    text-align:left;\r\n  }\r\n  .news-post .news_button_span a {\r\n    color: #fff !important;\r\n    text-decoration: underline;\r\n  }\r\n  .news-post form {\r\n    width: 100%;\r\n  }\r\n  .news-post label {\r\n    font-weight: 600;\r\n    font-size: .9375rem;\r\n    line-height: 1.5rem;\r\n    margin-bottom: .5rem;\r\n    color: #fff;\r\n    display: block;\r\n  }\r\n  .news-post input {\r\n    background: #fff;\r\n    border: 1px solid #CBCBD9;\r\n    box-sizing: border-box;\r\n    border-radius: 4px;\r\n    padding: .75rem 1rem;\r\n    width: 100%;\r\n  }\r\n  .news-post button {\r\n    margin-top: .875rem;\r\n    width: 100%;\r\n    min-width: auto;\r\n    background: #FCC632;\r\n    color: #3C48AA;\r\n  }\r\n  .news-post .input {\r\n    position: relative;\r\n    padding-bottom: 10px;\r\n  }\r\n  .news-post .error-message-ad {\r\n    font-size: .875rem;\r\n    line-height: 130%;\r\n    color: #D50021;\r\n    margin-left: 4px;\r\n  }\r\n  .news-post .error {\r\n    border: 1px solid #D50021;\r\n  }\r\n  .news-post #message-form-ad {\r\n    border-radius: 4px;\r\n    padding: 0.7rem;\r\n    font-size:0.8rem;\r\n    text-align: center;\r\n    align-items: center;\r\n    justify-content: center;\r\n    display: none;\r\n  }\r\n  .news-post #message-form-ad svg {\r\n    margin-right: 8px;\r\n  }\r\n\r\n  @media(min-width: 561px) {\r\n    .news-post {\r\n      position: relative;\r\n      background: url('https:\/\/www.aurum.com.br\/blog\/wp-content\/themes\/aurum\/img\/bg-news-artigo.svg') no-repeat top center #3C48AA;\r\n      width: calc(100% - 30px);\r\n    }\r\n    .news-post .icone {\r\n      display: block;\r\n      position: absolute;\r\n      right: -30px;\r\n      top: 65px;\r\n      max-width: 142px;\r\n      width: 100%;\r\n      height: auto;\r\n      margin: 0;\r\n    }\r\n    .news-post .title {\r\n      font-size: 1.125rem;\r\n      text-align: left;\r\n      \/* padding-right: 3.75rem; *\/\r\n    }\r\n    .news-post p {\r\n      font-size: 1rem;\r\n      text-align: left;\r\n      max-width: 400px;\r\n    }\r\n    .news-post .boxes {\r\n      display: flex;\r\n      align-items: flex-start;\r\n    }\r\n    .news-post button {\r\n      margin: 0 0 0 1rem;\r\n      width: 100%;\r\n      max-width: 170px;\r\n      min-width: auto;\r\n      transition: all ease .3s\r\n    }\r\n    .news-post button:hover {\r\n      opacity: 0.9;\r\n      transition: all ease .3s\r\n    }\r\n    .news-post #message-form-ad {\r\n      padding: 1.125rem;\r\n      font-size:1rem;\r\n    }\r\n    .news-post #message-form-ad svg {\r\n      margin-right: 10px;\r\n    }\r\n  }\r\n<\/style>\r\n\r\n<div class=\"news-post\">\r\n  <div class=\"title news-ad-title\">Gostou do artigo e quer evoluir a sua advocacia?<\/div>\r\n  <p class=\"news-ad-subtitle\">Assine gr\u00e1tis a Aurum News e receba uma dose semanal de conte\u00fado no seu e-mail! \u270c\ufe0f<\/p>\r\n  <img decoding=\"async\" src=\"https:\/\/www.aurum.com.br\/blog\/wp-content\/themes\/aurum\/img\/icon-news-artigo.svg\" alt=\"\" class=\"icone\">\r\n\r\n  <form method=\"post\" name=\"newsletter-ad\" id=\"aurum-newsletter-ad\">\r\n    <div class=boxes>\r\n      <div class=\"input\">\r\n        <label class=\"label-email\" htmlFor=\"email-ad\">Qual seu e-mail?<\/label>\r\n        <input type=\"email\" id=\"email-ad\" name=\"newsletter-mail-ad\" placeholder=\"Digite seu e-mail?\">\r\n        <div class=\"error-message-ad-email\">Endere\u00e7o de e-mail inv\u00e1lido ou incorreto<\/div>\r\n\r\n        <label class=\"label-select\" htmlFor=\"lawsuits-select-ad\">\r\n          Quantos processos voc\u00ea ou<br class=\"for-desktop\"\/> seu escrit\u00f3rio acompanham?\r\n        <\/label>\r\n        <div id=\"lawsuits-select-ad\" class=\"lawsuits-select select-wrapper\" tabindex=\"0\">\r\n          <div class=\"s-dropdown--styled\">\r\n          <span class=\"lawsuits-default\">\r\n            <span id=\"lawsuits-newsletter-ad\" class=\"lawsuits-default-text\" data-value=\"\">Selecione os processos<\/span>\r\n            <svg class=\"chevron\" xmlns=\"http:\/\/www.w3.org\/2000\/svg\" width=\"24\" height=\"25\" viewBox=\"0 0 24 25\" fill=\"none\">\r\n              <path d=\"M6 15.6152L12 9.61523L18 15.6152\" stroke=\"black\" stroke-width=\"2\" stroke-linecap=\"round\" stroke-linejoin=\"round\" \/>\r\n            <\/svg>\r\n          <\/span>\r\n\r\n          <ul class=\"s-dropdown u-hide\">\r\n            <li class=\"lawsuits\" data-value=\"Mais de 1000 processos\">Mais de 1000 processos<\/li>\r\n            <li class=\"lawsuits\" data-value=\"De 501 a 1000 processos\">De 501 a 1000 processos<\/li>\r\n            <li class=\"lawsuits\" data-value=\"De 151 a 500 processos\">De 151 a 500 processos<\/li>\r\n            <li class=\"lawsuits\" data-value=\"De 41 a 150 processos\">De 41 a 150 processos<\/li>\r\n            <li class=\"lawsuits\" data-value=\"At\u00e9 40 processos\">At\u00e9 40 processos<\/li>\r\n            <li class=\"lawsuits\" data-value=\"Atuo apenas no consultivo\">Atuo apenas no consultivo<\/li>\r\n            <li class=\"lawsuits\" data-value=\"Ainda sou estudante de direito\">Ainda sou estudante de direito<\/li>\r\n            <li class=\"lawsuits\" data-value=\"N\u00e3o sou da \u00e1rea jur\u00eddica\">N\u00e3o sou da \u00e1rea jur\u00eddica<\/li>\r\n          <\/ul>\r\n          <\/div>\r\n        <\/div>\r\n        <div class=\"error-message-ad-lawsuits\">Selecione algum processo<\/div>\r\n      <\/div>\r\n      <button class=\"btn btn-yellow ad-btn-desktop\" id=\"aurum-submit-ad\">Assinar gr\u00e1tis<\/button>\r\n      <button class=\"btn btn-yellow ad-btn-mobile\" id=\"aurum-submit-ad\">Assinar<\/button>\r\n    <\/div>\r\n    <span class=\"news_button_span\">Ao se cadastrar voc\u00ea declara que leu e aceitou a pol\u00edtica de privacidade e cookies do <a href=\"https:\/\/s3.sa-east-1.amazonaws.com\/publico.aurum.com.br\/contratos\/politica-de-privacidade.pdf\" target=\"_blank\" rel=\"noopener noreferrer\">site<\/a>.<\/span>\r\n  <\/form>\r\n  <div id=\"message-form-ad\"><\/div>\r\n<\/div>\n\n\n<p><em>Esse conte\u00fado foi \u00fatil pra voc\u00ea? Conta pra gente nos coment\u00e1rios, vamos adorar saber \ud83d\ude09<\/em><\/p>\n","protected":false},"excerpt":{"rendered":"<p>A tutela de evid\u00eancia \u00e9 uma esp\u00e9cie de tutela provis\u00f3ria que visa possibilitar a antecipa\u00e7\u00e3o dos efeitos da decis\u00e3o final proferida em um processo judicial. O C\u00f3digo de Processo Civil trata da tutela da evid\u00eancia no artigo 311, prevendo quais os momentos poss\u00edveis no processo de serem concedidos, os quais vamos falar adiante. A tutela [&hellip;]<\/p>\n","protected":false},"author":134,"featured_media":14356,"comment_status":"open","ping_status":"open","sticky":false,"template":"","format":"standard","meta":{"_bbp_topic_count":0,"_bbp_reply_count":0,"_bbp_total_topic_count":0,"_bbp_total_reply_count":0,"_bbp_voice_count":0,"_bbp_anonymous_reply_count":0,"_bbp_topic_count_hidden":0,"_bbp_reply_count_hidden":0,"_bbp_forum_subforum_count":0,"inline_featured_image":false,"footnotes":""},"categories":[178],"tags":[],"class_list":["post-14355","post","type-post","status-publish","format-standard","has-post-thumbnail","hentry","category-direito-processual-civil"],"acf":[],"_links":{"self":[{"href":"https:\/\/www.aurum.com.br\/blog\/wp-json\/wp\/v2\/posts\/14355","targetHints":{"allow":["GET"]}}],"collection":[{"href":"https:\/\/www.aurum.com.br\/blog\/wp-json\/wp\/v2\/posts"}],"about":[{"href":"https:\/\/www.aurum.com.br\/blog\/wp-json\/wp\/v2\/types\/post"}],"author":[{"embeddable":true,"href":"https:\/\/www.aurum.com.br\/blog\/wp-json\/wp\/v2\/users\/134"}],"replies":[{"embeddable":true,"href":"https:\/\/www.aurum.com.br\/blog\/wp-json\/wp\/v2\/comments?post=14355"}],"version-history":[{"count":11,"href":"https:\/\/www.aurum.com.br\/blog\/wp-json\/wp\/v2\/posts\/14355\/revisions"}],"predecessor-version":[{"id":32597,"href":"https:\/\/www.aurum.com.br\/blog\/wp-json\/wp\/v2\/posts\/14355\/revisions\/32597"}],"wp:featuredmedia":[{"embeddable":true,"href":"https:\/\/www.aurum.com.br\/blog\/wp-json\/wp\/v2\/media\/14356"}],"wp:attachment":[{"href":"https:\/\/www.aurum.com.br\/blog\/wp-json\/wp\/v2\/media?parent=14355"}],"wp:term":[{"taxonomy":"category","embeddable":true,"href":"https:\/\/www.aurum.com.br\/blog\/wp-json\/wp\/v2\/categories?post=14355"},{"taxonomy":"post_tag","embeddable":true,"href":"https:\/\/www.aurum.com.br\/blog\/wp-json\/wp\/v2\/tags?post=14355"}],"curies":[{"name":"wp","href":"https:\/\/api.w.org\/{rel}","templated":true}]}}