{"id":13919,"date":"2025-06-27T20:59:00","date_gmt":"2025-06-27T23:59:00","guid":{"rendered":"https:\/\/aurum.com.br\/blog\/aije\/"},"modified":"2025-06-30T07:00:53","modified_gmt":"2025-06-30T10:00:53","slug":"aije","status":"publish","type":"post","link":"https:\/\/www.aurum.com.br\/blog\/aije\/","title":{"rendered":"Entenda o que \u00e9 e como funciona a A\u00e7\u00e3o de Investiga\u00e7\u00e3o Judicial Eleitoral &#8211; AIJE"},"content":{"rendered":"<div id=\"bsf_rt_marker\"><\/div>\n<pre class=\"wp-block-preformatted\"><strong>AIJE<\/strong> \u00e9 uma a\u00e7\u00e3o que visa investigar partido, candidato ou cidad\u00e3o comum em caso de coautoria ou participa\u00e7\u00e3o nos atos ilegais do candidato. Por atos que foram praticados durante a campanha eleitoral e que s\u00e3o considerados ilegais pela legisla\u00e7\u00e3o.&nbsp;<\/pre>\n\n\n\n<p>Primeiramente, \u00e9 preciso esclarecer que no direito eleitoral as a\u00e7\u00f5es t\u00eam cabimentos diferentes, a depender do caso. E, em cada fase do processo eleitoral cabe a propositura de a\u00e7\u00f5es com objetos e objetivos distintos, diferente de outras \u00e1reas do direito.<\/p>\n\n\n\n<p>E como tudo no direito eleitoral \u00e9 diverso do restante do mundo jur\u00eddico, o nome das a\u00e7\u00f5es tamb\u00e9m s\u00e3o diferentes. Mas n\u00e3o se assustem, \u00e9 f\u00e1cil de entender! Para isso, \u00e9 preciso ir at\u00e9 o fim deste artigo \ud83d\ude09<\/p>\n\n\n\n<h2 class=\"wp-block-heading\">O que \u00e9 AIJE?<\/h2>\n\n\n\n<p>A AIJE \u00e9 um meio processual. Ou seja, conforme o pr\u00f3prio nome diz, uma <strong>a\u00e7\u00e3o de investiga\u00e7\u00e3o para proteger a legitimidade das elei\u00e7\u00f5es <\/strong>e coibir:&nbsp;<\/p>\n\n\n\n<ul class=\"wp-block-list\">\n<li>o abuso econ\u00f4mico ou pol\u00edtico;<\/li>\n\n\n\n<li>a utiliza\u00e7\u00e3o indevida de ve\u00edculos ou meios de comunica\u00e7\u00e3o;<\/li>\n\n\n\n<li>fraudes durante as elei\u00e7\u00f5es.<\/li>\n<\/ul>\n\n\n\n<p>A AIJE \u00e9 o meio pelo qual os legitimados podem requerer que a Justi\u00e7a Eleitoral, por meio da a\u00e7\u00e3o de investiga\u00e7\u00e3o, averigue atos praticados pelos candidatos durante o per\u00edodo eleitoral. Atos esses que s\u00e3o proibidos pela legisla\u00e7\u00e3o e que podem desequilibrar o pleito.<\/p>\n\n\n\n<p>Esta a\u00e7\u00e3o tem grande relev\u00e2ncia dentro do direito eleitoral, pois visa coibir a disparidade entre os candidatos e busca que todos fa\u00e7am campanha dentro das normas eleitorais.&nbsp;<\/p>\n\n\n\n<h2 class=\"wp-block-heading\">Para que serve uma A\u00e7\u00e3o de Investiga\u00e7\u00e3o Judicial Eleitoral?<\/h2>\n\n\n\n<p>A AIJE serve para <strong>dar ao processo eleitoral a seguran\u00e7a de que um candidato n\u00e3o fa\u00e7a da campanha um \u201cvale tudo\u201d e respeite as regras que tratam das elei\u00e7\u00f5es<\/strong>. Pois, h\u00e1 o temor de uma a\u00e7\u00e3o judicial que possa puni-lo e tem consequ\u00eancias grandes.<\/p>\n\n\n\n<p>Diante disso, ao se deparar com um ato em que um candidato abusa de poder econ\u00f4mico ou pol\u00edtico, a utiliza\u00e7\u00e3o indevida de ve\u00edculos ou meios de comunica\u00e7\u00e3o, ou algum tipo de fraude \u00e0s elei\u00e7\u00f5es, pode ser proposta uma a\u00e7\u00e3o para o fim de investigar se os atos foram realmente cometidos.<\/p>\n\n\n\n<p>Portanto, a AIJE busca aprofundar as investiga\u00e7\u00f5es sobre atos praticados por candidatos e partidos pol\u00edticos ou em benef\u00edcio destes. Assim, haver\u00e1 a puni\u00e7\u00e3o dos respons\u00e1veis.&nbsp;<\/p>\n\n\n\n<p>Resta salientar que se comprovada a pr\u00e1tica de abuso ou fraude contra as elei\u00e7\u00f5es ou no per\u00edodo eleitoral e a a\u00e7\u00e3o for julgada procedente, ser\u00e1:<\/p>\n\n\n\n<ul class=\"wp-block-list\">\n<li>decretada a inelegibilidade por 8 anos do candidato;<\/li>\n\n\n\n<li>realizada cassa\u00e7\u00e3o do registro ou do diploma.<\/li>\n<\/ul>\n\n\n\n<p>No entanto, para a configura\u00e7\u00e3o da abusividade do ato, n\u00e3o \u00e9 necess\u00e1rio que se prove que o ato cometido pode ou poderia alterar o resultado da elei\u00e7\u00e3o. Basta apurar apenas a gravidade das circunst\u00e2ncias que caracterizam a pr\u00e1tica do ato.<\/p>\n\n\n\n<h3 class=\"wp-block-heading\">O que \u00e9 abuso de poder e uso indevido dos meios de comunica\u00e7\u00e3o que podem prejudicar o processo eleitoral?<\/h3>\n\n\n\n<p>O abuso de poder acontece quando o agente usa valores desproporcionais ou al\u00e9m dos permitidos pela lei para realizar sua campanha para seu favorecimento eleitoral.<\/p>\n\n\n\n<p>J\u00e1 o uso indevido dos meios de comunica\u00e7\u00e3o se d\u00e1 quando o agente usa meios de comunica\u00e7\u00e3o social em favor de partido pol\u00edtico, coliga\u00e7\u00e3o ou candidato em sentido amplo. E, cumpre ressaltar que o hor\u00e1rio de propaganda gratuita no r\u00e1dio e na televis\u00e3o n\u00e3o \u00e9 o caso de abuso dos meios de comunica\u00e7\u00e3o.<\/p>\n\n\n\n<h2 class=\"wp-block-heading\">Qual lei regula a a\u00e7\u00e3o de investiga\u00e7\u00e3o judicial eleitoral?<\/h2>\n\n\n\n<p>A AIJE tem<strong> previs\u00e3o legal no art. 22 da Lei Complementar 64\/1990.<\/strong> Sendo assim:<\/p>\n\n\n\n<blockquote class=\"wp-block-quote is-layout-flow wp-block-quote-is-layout-flow\">\n<p><em>&nbsp;Art. 22. Qualquer partido pol\u00edtico, coliga\u00e7\u00e3o, candidato ou Minist\u00e9rio P\u00fablico Eleitoral poder\u00e1 representar \u00e0 Justi\u00e7a Eleitoral, diretamente ao Corregedor-Geral ou Regional, relatando fatos e indicando provas, ind\u00edcios e circunst\u00e2ncias e pedir abertura de investiga\u00e7\u00e3o judicial para apurar uso indevido, desvio ou abuso do poder econ\u00f4mico ou do poder de autoridade, ou utiliza\u00e7\u00e3o indevida de ve\u00edculos ou meios de comunica\u00e7\u00e3o social, em benef\u00edcio de candidato ou de partido pol\u00edtico, obedecido o seguinte rito:\u201d<\/em><\/p>\n<\/blockquote>\n\n\n\n<p>Conforme visto acima, a lei prev\u00ea a possibilidade de investigar se realmente houve o cometimento do il\u00edcito para que haja a puni\u00e7\u00e3o do agente.<\/p>\n\n\n\n<h2 class=\"wp-block-heading\">At\u00e9 quando pode ser proposta a AIJE?<\/h2>\n\n\n\n<p>Pode ser ajuizada <strong>a partir do registro de candidatura at\u00e9 o dia da diploma\u00e7\u00e3o.<\/strong> Isso mesmo, at\u00e9 o dia da diploma\u00e7\u00e3o! Ou seja, a a\u00e7\u00e3o ainda pode ser proposta mesmo ap\u00f3s a elei\u00e7\u00e3o.<\/p>\n\n\n\n<p>Mas, h\u00e1 uma exce\u00e7\u00e3o. A AIJE no que se refere \u00e0 pr\u00e1tica de condutas vedadas (Lei das Elei\u00e7\u00f5es, art. 73), deve ser proposta at\u00e9 a data das elei\u00e7\u00f5es. Foi o que decidiu o Tribunal Superior Eleitoral no REspe. 25.935\/SC.<\/p>\n\n\n\n<h3 class=\"wp-block-heading\">Quem pode propor a AIJE?<\/h3>\n\n\n\n<p>A AIJE pode ser proposta por:<\/p>\n\n\n\n<ul class=\"wp-block-list\">\n<li>Partidos pol\u00edticos;<\/li>\n\n\n\n<li>Coliga\u00e7\u00f5es;<\/li>\n\n\n\n<li>Candidato;&nbsp;<\/li>\n\n\n\n<li>Minist\u00e9rio P\u00fablico Eleitoral.<\/li>\n<\/ul>\n\n\n\n<p>O cidad\u00e3o n\u00e3o tem legitimidade para propor AIJE, mas pode denunciar ao Minist\u00e9rio P\u00fablico para que este promova a a\u00e7\u00e3o.<\/p>\n\n\n<style>\r\n  .anuncios-post {\r\n    background-repeat: no-repeat;\r\n    background-size: cover;\r\n    border-radius: 8px;\r\n    display: flex;\r\n    padding: 1rem 1rem 0 1rem;\r\n    margin: 1rem 0;\r\n  }\r\n  .anuncios-post .img-destaque {\r\n    margin: 0 !important;\r\n    align-self: flex-end;\r\n    width: 120px !important;\r\n    height: auto;\r\n  }\r\n  .anuncios-post .textos {\r\n    margin-left: 2rem;\r\n  }\r\n  .anuncios-post .tag {\r\n    background: rgba(255, 255, 255, 0.07);\r\n    color: #fff;\r\n    margin: 0;\r\n    font-weight: 600;\r\n    font-size: 8px;\r\n    line-height: 9px;\r\n    text-align: center;\r\n    text-transform: uppercase;\r\n    padding: .3rem 1rem;\r\n  }\r\n  .anuncios-post .title {\r\n    font-weight: 400;\r\n    font-size: 12px;\r\n    line-height: 120%;\r\n    color: #fff;\r\n    margin-top: .875rem;\r\n  }\r\n  .anuncios-post .title strong {\r\n    font-weight: 600;\r\n  }\r\n  .anuncios-post .botao {\r\n    background: #fff;\r\n    border-radius: 4px;\r\n    padding: .5rem 1rem;\r\n    display: inline-block;\r\n    text-decoration: none !important;\r\n    color: #008FD5 !important;\r\n    transition: all ease .3s;\r\n    margin-top: .8rem;\r\n    font-size: 10px;\r\n    margin-bottom: 10px;\r\n  }\r\n  .anuncios-post .botao:hover {\r\n    filter: opacity(0.9);\r\n  }\r\n  @media(min-width: 561px) {\r\n    .anuncios-post {\r\n      padding: 2rem 2rem 0 2rem;\r\n      margin-top: 2rem;\r\n    }\r\n    .anuncios-post .img-destaque {\r\n      width: 100% !important;\r\n    }\r\n    .anuncios-post .textos {\r\n      margin-left: 3.75rem;\r\n    }\r\n    .anuncios-post .tag {\r\n      font-size: .75rem;\r\n      line-height: 1rem;\r\n      padding: .75rem 2.0625rem;\r\n      letter-spacing: -0.2px;\r\n    }\r\n    .anuncios-post .title {\r\n      font-size: 1.25rem;\r\n    }\r\n    .anuncios-post .botao {\r\n      padding: .9375rem 1.5rem;\r\n      margin-top: 1.25rem;\r\n      font-size: 13px;\r\n    }\r\n  }\r\n<\/style>\r\n\r\n<div class=\"anuncios-post\"  style=\"background-image:url(https:\/\/www.aurum.com.br\/blog\/wp-content\/uploads\/2021\/06\/bg-anuncio.jpg)\">\r\n  <img decoding=\"async\" class=\"img-destaque\" src=\"https:\/\/www.aurum.com.br\/blog\/wp-content\/uploads\/2021\/07\/mobile-anuncio.svg\" alt=\"https:\/\/www.aurum.com.br\/blog\/wp-content\/uploads\/2021\/07\/mobile-anuncio.svg\">\r\n\r\n  <div class=\"textos\">\r\n    <span class=\"tag\">Aproveite!<\/span>\r\n    <div class=\"title\">Otimize as atividades do seu escrit\u00f3rio de advocacia sem comprometer o or\u00e7amento<\/div>\r\n          <a class=\"botao\" data-gtm-custom=\"anuncio-post-btn\" href=\"https:\/\/www.aurum.com.br\/astrea\/?utm_source=blog&#038;utm_medium=ad&#038;utm_campaign=otimize_atividades\" target=\"\">Quero conhecer gr\u00e1tis<\/a>\r\n      <\/div>\r\n<\/div>\n\n\n<h2 class=\"wp-block-heading\">Qual o procedimento para a a\u00e7\u00e3o de investiga\u00e7\u00e3o judicial eleitoral?<\/h2>\n\n\n\n<p>O procedimento da AIJE est\u00e1 previsto no art. 22 da LC 64\/90. Conforme j\u00e1 visto acima, o caput do art. 22 trata do cabimento da a\u00e7\u00e3o e quando ela pode ser proposta, j\u00e1 os incisos e o par\u00e1grafo \u00fanico preveem o procedimento.&nbsp;<\/p>\n\n\n\n<p>Segundo os dispositivos legais, o procedimento \u00e9 no sentido de que a a\u00e7\u00e3o tramite e seja julgada dentro de um prazo razo\u00e1vel para:&nbsp;<\/p>\n\n\n\n<ul class=\"wp-block-list\">\n<li>comprovar que houve realmente o il\u00edcito e punir os culpados;<\/li>\n\n\n\n<li>livrar a sociedade de tais atos com rapidez;<\/li>\n\n\n\n<li>trazer seguran\u00e7a jur\u00eddica aos cidad\u00e3os que votar\u00e3o ou votaram naquele candidato e o ter\u00e3o assumindo o mandato, caso eleito.<\/li>\n<\/ul>\n\n\n\n<h3 class=\"wp-block-heading\">Qual o \u00f3rg\u00e3o julgador da AIJE?<\/h3>\n\n\n\n<p>A AIJE \u00e9 julgada pela Justi\u00e7a Eleitoral, a depender do cargo exercido, verifica a compet\u00eancia para julgar a a\u00e7\u00e3o. Exemplificando, a AIJE deve ser proposta:<\/p>\n\n\n\n<ul class=\"wp-block-list\">\n<li><strong>aos ju\u00edzes eleitorais, nos casos de candidatos a:<\/strong> prefeito, vice-prefeito e vereador;&nbsp;<\/li>\n\n\n\n<li><strong>ao Tribunal Regional Eleitoral, quando se tratar de candidatos:<\/strong> a senador, governador, vice-governador, deputado federal, distrital e estadual;<\/li>\n\n\n\n<li><strong>ao Tribunal Superior Eleitoral, nos casos de candidatos a:<\/strong> presidente e vice-presidente da Rep\u00fablica.<\/li>\n<\/ul>\n\n\n\n<h3 class=\"wp-block-heading\">Quais os efeitos da senten\u00e7a da a\u00e7\u00e3o de investiga\u00e7\u00e3o judicial eleitoral?<\/h3>\n\n\n\n<p>Caso a AIJE seja julgada procedente, o condenado por abuso de poder pol\u00edtico ou econ\u00f4mico ou de abuso de meios de comunica\u00e7\u00e3o perder\u00e1 o mandato ou o diploma e ficar\u00e1 ineleg\u00edvel por 8 anos.&nbsp;<\/p>\n\n\n\n<p>Al\u00e9m disso, ainda ter\u00e1 os autos encaminhados ao Minist\u00e9rio P\u00fablico Eleitoral para, caso se entenda necess\u00e1rio, propor a\u00e7\u00e3o penal eleitoral.<\/p>\n\n\n\n<h2 class=\"wp-block-heading\">Quais as diferen\u00e7as entre AIJE e AIME?<\/h2>\n\n\n\n<p>Ambas s\u00e3o a\u00e7\u00f5es de grande relev\u00e2ncia dentro do Direito Eleitoral.<\/p>\n\n\n\n<p>Contudo, a grande diferen\u00e7a \u00e9 que a AIME (A\u00e7\u00e3o de Investiga\u00e7\u00e3o de Mandato Eletivo) somente pode ser proposta em face de candidato eleito no prazo decadencial de 15 (quinze) dias a contar da diploma\u00e7\u00e3o.<\/p>\n\n\n\n<p>Enquanto isso, a AIJE pode ser proposta a partir do registro de candidatura em face de candidato, at\u00e9 o dia da diploma\u00e7\u00e3o. O nome da a\u00e7\u00e3o ainda \u00e9 sugestivo, investiga\u00e7\u00e3o de mandato eletivo.<\/p>\n\n\n\n<h2 class=\"wp-block-heading\">Conclus\u00e3o<\/h2>\n\n\n\n<p>A AIJE \u00e9 uma a\u00e7\u00e3o de grande relev\u00e2ncia dentro do direito eleitoral e para o sistema eleitoral, pois visa punir as ilegalidades dentro do processo eleitoral para garantir a igualdade entre os candidatos. E, consequentemente, uma elei\u00e7\u00e3o mais limpa e o fortalecimento da democracia.&nbsp;<\/p>\n\n\n\n<p>No entanto, a proced\u00eancia de uma AIJE mudar\u00e1 os rumos da popula\u00e7\u00e3o, caso o condenado tenha sido eleito. Portanto, \u00e9 uma a\u00e7\u00e3o que deve ser manejada com responsabilidade.<\/p>\n\n\n\n<h3 class=\"wp-block-heading\">Mais conhecimento para voc\u00ea<\/h3>\n\n\n\n<p>Se voc\u00ea gostou desse texto e quer saber mais sobre Direito e advocacia, indico a leitura dos seguintes textos aqui no Portal da Aurum:<\/p>\n\n\n\n<ul class=\"wp-block-list\">\n<li><a href=\"https:\/\/www.aurum.com.br\/blog\/lei-8666-93\/\">Lei 8666\/93<\/a>: Tire suas d\u00favidas sobre Licita\u00e7\u00f5es e Contratos<\/li>\n\n\n\n<li><a href=\"https:\/\/www.aurum.com.br\/blog\/lrf\/\">LRF<\/a>&nbsp;\u2013 Entenda como funciona a Lei de Responsabilidade Fiscal<\/li>\n\n\n\n<li><a href=\"https:\/\/www.aurum.com.br\/blog\/improbidade-administrativa\/\">Lei de improbidade administrativa<\/a>: o que voc\u00ea precisa saber<\/li>\n\n\n\n<li><a href=\"https:\/\/www.aurum.com.br\/blog\/mandato-coletivo\/\">Entenda o que \u00e9 e como funciona o mandato coletivo<\/a><\/li>\n<\/ul>\n\n\n<style>\r\n  .news-post {\r\n    background: url('https:\/\/www.aurum.com.br\/blog\/wp-content\/themes\/aurum\/img\/bg-news-artigo.svg') no-repeat top center #3C48AA;\r\n    padding: 1.5rem;\r\n    border-radius: 6px;\r\n    margin: 1rem 0;\r\n  }\r\n  .news-post .icone {\r\n    display: none;\r\n  }\r\n  .news-post .title {\r\n    font-weight: 700;\r\n    font-size: 16px;\r\n    line-height: 130%;\r\n    text-align: center;\r\n    letter-spacing: -0.5px;\r\n    color: #fff;\r\n    margin-bottom: .9375rem;\r\n  }\r\n  .news-post p {\r\n    font-size: .875rem;\r\n    line-height: 140%;\r\n    text-align: center;\r\n    color: #fff;\r\n    margin-bottom: 1.25rem;\r\n  }\r\n  .news-post .news_button_span {\r\n    font-size: .8125rem;\r\n    display: block;\r\n    padding: .125rem .3125rem;\r\n    color: #fff;\r\n    text-align:left;\r\n  }\r\n  .news-post .news_button_span a {\r\n    color: #fff !important;\r\n    text-decoration: underline;\r\n  }\r\n  .news-post form {\r\n    width: 100%;\r\n  }\r\n  .news-post label {\r\n    font-weight: 600;\r\n    font-size: .9375rem;\r\n    line-height: 1.5rem;\r\n    margin-bottom: .5rem;\r\n    color: #fff;\r\n    display: block;\r\n  }\r\n  .news-post input {\r\n    background: #fff;\r\n    border: 1px solid #CBCBD9;\r\n    box-sizing: border-box;\r\n    border-radius: 4px;\r\n    padding: .75rem 1rem;\r\n    width: 100%;\r\n  }\r\n  .news-post button {\r\n    margin-top: .875rem;\r\n    width: 100%;\r\n    min-width: auto;\r\n    background: #FCC632;\r\n    color: #3C48AA;\r\n  }\r\n  .news-post .input {\r\n    position: relative;\r\n    padding-bottom: 10px;\r\n  }\r\n  .news-post .error-message-ad {\r\n    font-size: .875rem;\r\n    line-height: 130%;\r\n    color: #D50021;\r\n    margin-left: 4px;\r\n  }\r\n  .news-post .error {\r\n    border: 1px solid #D50021;\r\n  }\r\n  .news-post #message-form-ad {\r\n    border-radius: 4px;\r\n    padding: 0.7rem;\r\n    font-size:0.8rem;\r\n    text-align: center;\r\n    align-items: center;\r\n    justify-content: center;\r\n    display: none;\r\n  }\r\n  .news-post #message-form-ad svg {\r\n    margin-right: 8px;\r\n  }\r\n\r\n  @media(min-width: 561px) {\r\n    .news-post {\r\n      position: relative;\r\n      background: url('https:\/\/www.aurum.com.br\/blog\/wp-content\/themes\/aurum\/img\/bg-news-artigo.svg') no-repeat top center #3C48AA;\r\n      width: calc(100% - 30px);\r\n    }\r\n    .news-post .icone {\r\n      display: block;\r\n      position: absolute;\r\n      right: -30px;\r\n      top: 65px;\r\n      max-width: 142px;\r\n      width: 100%;\r\n      height: auto;\r\n      margin: 0;\r\n    }\r\n    .news-post .title {\r\n      font-size: 1.125rem;\r\n      text-align: left;\r\n      \/* padding-right: 3.75rem; *\/\r\n    }\r\n    .news-post p {\r\n      font-size: 1rem;\r\n      text-align: left;\r\n      max-width: 400px;\r\n    }\r\n    .news-post .boxes {\r\n      display: flex;\r\n      align-items: flex-start;\r\n    }\r\n    .news-post button {\r\n      margin: 0 0 0 1rem;\r\n      width: 100%;\r\n      max-width: 170px;\r\n      min-width: auto;\r\n      transition: all ease .3s\r\n    }\r\n    .news-post button:hover {\r\n      opacity: 0.9;\r\n      transition: all ease .3s\r\n    }\r\n    .news-post #message-form-ad {\r\n      padding: 1.125rem;\r\n      font-size:1rem;\r\n    }\r\n    .news-post #message-form-ad svg {\r\n      margin-right: 10px;\r\n    }\r\n  }\r\n<\/style>\r\n\r\n<div class=\"news-post\">\r\n  <div class=\"title news-ad-title\">Gostou do artigo e quer evoluir a sua advocacia?<\/div>\r\n  <p class=\"news-ad-subtitle\">Assine gr\u00e1tis a Aurum News e receba uma dose semanal de conte\u00fado no seu e-mail! \u270c\ufe0f<\/p>\r\n  <img decoding=\"async\" src=\"https:\/\/www.aurum.com.br\/blog\/wp-content\/themes\/aurum\/img\/icon-news-artigo.svg\" alt=\"\" class=\"icone\">\r\n\r\n  <form method=\"post\" name=\"newsletter-ad\" id=\"aurum-newsletter-ad\">\r\n    <div class=boxes>\r\n      <div class=\"input\">\r\n        <label class=\"label-email\" htmlFor=\"email-ad\">Qual seu e-mail?<\/label>\r\n        <input type=\"email\" id=\"email-ad\" name=\"newsletter-mail-ad\" placeholder=\"Digite seu e-mail?\">\r\n        <div class=\"error-message-ad-email\">Endere\u00e7o de e-mail inv\u00e1lido ou incorreto<\/div>\r\n\r\n        <label class=\"label-select\" htmlFor=\"lawsuits-select-ad\">\r\n          Quantos processos voc\u00ea ou<br class=\"for-desktop\"\/> seu escrit\u00f3rio acompanham?\r\n        <\/label>\r\n        <div id=\"lawsuits-select-ad\" class=\"lawsuits-select select-wrapper\" tabindex=\"0\">\r\n          <div class=\"s-dropdown--styled\">\r\n          <span class=\"lawsuits-default\">\r\n            <span id=\"lawsuits-newsletter-ad\" class=\"lawsuits-default-text\" data-value=\"\">Selecione os processos<\/span>\r\n            <svg class=\"chevron\" xmlns=\"http:\/\/www.w3.org\/2000\/svg\" width=\"24\" height=\"25\" viewBox=\"0 0 24 25\" fill=\"none\">\r\n              <path d=\"M6 15.6152L12 9.61523L18 15.6152\" stroke=\"black\" stroke-width=\"2\" stroke-linecap=\"round\" stroke-linejoin=\"round\" \/>\r\n            <\/svg>\r\n          <\/span>\r\n\r\n          <ul class=\"s-dropdown u-hide\">\r\n            <li class=\"lawsuits\" data-value=\"Mais de 1000 processos\">Mais de 1000 processos<\/li>\r\n            <li class=\"lawsuits\" data-value=\"De 501 a 1000 processos\">De 501 a 1000 processos<\/li>\r\n            <li class=\"lawsuits\" data-value=\"De 151 a 500 processos\">De 151 a 500 processos<\/li>\r\n            <li class=\"lawsuits\" data-value=\"De 41 a 150 processos\">De 41 a 150 processos<\/li>\r\n            <li class=\"lawsuits\" data-value=\"At\u00e9 40 processos\">At\u00e9 40 processos<\/li>\r\n            <li class=\"lawsuits\" data-value=\"Atuo apenas no consultivo\">Atuo apenas no consultivo<\/li>\r\n            <li class=\"lawsuits\" data-value=\"Ainda sou estudante de direito\">Ainda sou estudante de direito<\/li>\r\n            <li class=\"lawsuits\" data-value=\"N\u00e3o sou da \u00e1rea jur\u00eddica\">N\u00e3o sou da \u00e1rea jur\u00eddica<\/li>\r\n          <\/ul>\r\n          <\/div>\r\n        <\/div>\r\n        <div class=\"error-message-ad-lawsuits\">Selecione algum processo<\/div>\r\n      <\/div>\r\n      <button class=\"btn btn-yellow ad-btn-desktop\" id=\"aurum-submit-ad\">Assinar gr\u00e1tis<\/button>\r\n      <button class=\"btn btn-yellow ad-btn-mobile\" id=\"aurum-submit-ad\">Assinar<\/button>\r\n    <\/div>\r\n    <span class=\"news_button_span\">Ao se cadastrar voc\u00ea declara que leu e aceitou a pol\u00edtica de privacidade e cookies do <a href=\"https:\/\/s3.sa-east-1.amazonaws.com\/publico.aurum.com.br\/contratos\/politica-de-privacidade.pdf\" target=\"_blank\" rel=\"noopener noreferrer\">site<\/a>.<\/span>\r\n  <\/form>\r\n  <div id=\"message-form-ad\"><\/div>\r\n<\/div>\n\n\n<h3 class=\"wp-block-heading\"><\/h3>\n\n\n\n<p><\/p>\n","protected":false},"excerpt":{"rendered":"<p>AIJE \u00e9 uma a\u00e7\u00e3o que visa investigar partido, candidato ou cidad\u00e3o comum em caso de coautoria ou participa\u00e7\u00e3o nos atos ilegais do candidato. Por atos que foram praticados durante a campanha eleitoral e que s\u00e3o considerados ilegais pela legisla\u00e7\u00e3o.&nbsp; Primeiramente, \u00e9 preciso esclarecer que no direito eleitoral as a\u00e7\u00f5es t\u00eam cabimentos diferentes, a depender do [&hellip;]<\/p>\n","protected":false},"author":62,"featured_media":13940,"comment_status":"open","ping_status":"open","sticky":false,"template":"","format":"standard","meta":{"_bbp_topic_count":0,"_bbp_reply_count":0,"_bbp_total_topic_count":0,"_bbp_total_reply_count":0,"_bbp_voice_count":0,"_bbp_anonymous_reply_count":0,"_bbp_topic_count_hidden":0,"_bbp_reply_count_hidden":0,"_bbp_forum_subforum_count":0,"inline_featured_image":false,"footnotes":""},"categories":[26],"tags":[],"class_list":["post-13919","post","type-post","status-publish","format-standard","has-post-thumbnail","hentry","category-direito-eleitoral"],"acf":[],"_links":{"self":[{"href":"https:\/\/www.aurum.com.br\/blog\/wp-json\/wp\/v2\/posts\/13919","targetHints":{"allow":["GET"]}}],"collection":[{"href":"https:\/\/www.aurum.com.br\/blog\/wp-json\/wp\/v2\/posts"}],"about":[{"href":"https:\/\/www.aurum.com.br\/blog\/wp-json\/wp\/v2\/types\/post"}],"author":[{"embeddable":true,"href":"https:\/\/www.aurum.com.br\/blog\/wp-json\/wp\/v2\/users\/62"}],"replies":[{"embeddable":true,"href":"https:\/\/www.aurum.com.br\/blog\/wp-json\/wp\/v2\/comments?post=13919"}],"version-history":[{"count":5,"href":"https:\/\/www.aurum.com.br\/blog\/wp-json\/wp\/v2\/posts\/13919\/revisions"}],"predecessor-version":[{"id":33137,"href":"https:\/\/www.aurum.com.br\/blog\/wp-json\/wp\/v2\/posts\/13919\/revisions\/33137"}],"wp:featuredmedia":[{"embeddable":true,"href":"https:\/\/www.aurum.com.br\/blog\/wp-json\/wp\/v2\/media\/13940"}],"wp:attachment":[{"href":"https:\/\/www.aurum.com.br\/blog\/wp-json\/wp\/v2\/media?parent=13919"}],"wp:term":[{"taxonomy":"category","embeddable":true,"href":"https:\/\/www.aurum.com.br\/blog\/wp-json\/wp\/v2\/categories?post=13919"},{"taxonomy":"post_tag","embeddable":true,"href":"https:\/\/www.aurum.com.br\/blog\/wp-json\/wp\/v2\/tags?post=13919"}],"curies":[{"name":"wp","href":"https:\/\/api.w.org\/{rel}","templated":true}]}}