{"id":13890,"date":"2021-12-08T09:07:00","date_gmt":"2021-12-08T12:07:00","guid":{"rendered":"https:\/\/aurum.com.br\/blog\/?p=13890"},"modified":"2023-06-07T16:30:52","modified_gmt":"2023-06-07T19:30:52","slug":"curriculo-de-advogado","status":"publish","type":"post","link":"https:\/\/www.aurum.com.br\/blog\/curriculo-de-advogado\/","title":{"rendered":"Como deve ser um curr\u00edculo de advogado em 2023"},"content":{"rendered":"<div id=\"bsf_rt_marker\"><\/div>\n<p>Um curr\u00edculo de advogado \u00e9 diferente do <em>curriculum vitae <\/em>de quem tem outras profiss\u00f5es? O que torna mais competitivo um CV para \u00e1rea jur\u00eddica? Como preparar (ou atualizar) esse documento para que ele se encaixe nos padr\u00f5es de 2023?&nbsp;<\/p>\n\n\n\n<p>D\u00favidas desse tipo s\u00e3o bastante comuns, e n\u00e3o apenas entre as pessoas que est\u00e3o para se formar em direito. Em qualquer est\u00e1gio da carreira, advogados e advogadas podem levantar quest\u00f5es semelhantes face a uma poss\u00edvel candidatura a cargos no setor p\u00fablico ou privado.&nbsp;<\/p>\n\n\n\n<p>Por isso, elaboramos este conte\u00fado para esclarecer o que torna um curr\u00edculo adequado para a profiss\u00e3o de advocacia com dicas de como otimizar o CV para ampliar suas chances de contrata\u00e7\u00e3o de agora em diante. \ud83d\ude42<\/p>\n\n\n\n<h2 class=\"wp-block-heading\">Caracter\u00edsticas do curr\u00edculo para \u00e1rea jur\u00eddica<\/h2>\n\n\n\n<p>Um curr\u00edculo preparado por quem pretende se candidatar a empregos na \u00e1rea jur\u00eddica costuma manter um estilo tradicional, tanto na apar\u00eancia quanto na linguagem utilizada. <strong>Isso se justifica pela seriedade que envolve esse campo de atua\u00e7\u00e3o<\/strong>, mas h\u00e1 espa\u00e7o para deixar o documento com um layout contempor\u00e2neo e atraente na medida certa.<\/p>\n\n\n\n<p>Assim como os profissionais de outros segmentos v\u00eam fazendo, voc\u00ea pode usar um <a href=\"https:\/\/www.onlinecurriculo.com\/exemplo-curriculo\/advogado\/\" target=\"_blank\" rel=\"noopener\">modelo de curr\u00edculo para advogado<\/a> dispon\u00edvel online e inserir suas informa\u00e7\u00f5es aproveitando a formata\u00e7\u00e3o pronta. Al\u00e9m disso, procure tornar o texto do seu curr\u00edculo de advogado mais objetivo e sint\u00e9tico para que tanto o visual quanto o conte\u00fado proporcionem uma f\u00e1cil leitura.<\/p>\n\n\n\n<h2 class=\"wp-block-heading\">Como criar um curr\u00edculo de advogado?<\/h2>\n\n\n\n<p>Quer voc\u00ea pretenda trabalhar em um escrit\u00f3rio de advocacia, no departamento jur\u00eddico de uma empresa ou atuar em um \u00f3rg\u00e3o p\u00fablico, seu ponto de partida deve ser o mesmo: <strong>criar um curr\u00edculo de advogado que atenda as expectativas de contratantes em potencial<\/strong>.<\/p>\n\n\n\n<p>\u00c9 prov\u00e1vel que este documento passe por especialistas em Recursos Humanos, que fazem uma avalia\u00e7\u00e3o inicial e at\u00e9 podem usar softwares de triagem autom\u00e1tica para rejeitar curr\u00edculos que n\u00e3o se enquadrem nas expectativas para o cargo. Portanto, garanta que o seu CV inclua os seguintes dados (de prefer\u00eancia, aproveitando as dicas do pr\u00f3ximo t\u00f3pico):<\/p>\n\n\n\n<h3 class=\"wp-block-heading\">1. Informa\u00e7\u00f5es pessoais<\/h3>\n\n\n\n<p>Nome, profiss\u00e3o (e n\u00famero de registro na OAB, se tiver), data de nascimento, endere\u00e7o, telefone e e-mail de contato. \u00c9 facultativo incluir foto no CV ou um link para seu perfil no LinkedIn.<\/p>\n\n\n\n<h3 class=\"wp-block-heading\">2. Qual o seu objetivo<\/h3>\n\n\n\n<p>Apesar de n\u00e3o ser uma se\u00e7\u00e3o obrigat\u00f3ria, vale a pena escrever de 2 a 3 frases para expressar seu interesse na vaga.<\/p>\n\n\n\n<h3 class=\"wp-block-heading\">3. Experi\u00eancia profissional<\/h3>\n\n\n\n<p>Com a lista de ocupa\u00e7\u00f5es em ordem cronol\u00f3gica inversa e incluindo dados completos sobre o cargo exercido (com nome e local da empresa, per\u00edodo de contrata\u00e7\u00e3o) ou detalhes sobre sua atua\u00e7\u00e3o em car\u00e1ter aut\u00f4nomo.&nbsp;<\/p>\n\n\n\n<p>No caso de um curr\u00edculo de advogado rec\u00e9m-formado, voc\u00ea pode mencionar trabalhos pro-bono ou at\u00e9 apresentar esta se\u00e7\u00e3o ap\u00f3s a se\u00e7\u00e3o de educa\u00e7\u00e3o.<\/p>\n\n\n\n<h3 class=\"wp-block-heading\">4. Forma\u00e7\u00e3o acad\u00eamica<\/h3>\n\n\n\n<p>Com informa\u00e7\u00f5es organizadas por grau de import\u00e2ncia, sem a necessidade de especificar cursos de menor escolaridade.<\/p>\n\n\n\n<h3 class=\"wp-block-heading\">5. Se\u00e7\u00f5es adicionais<\/h3>\n\n\n\n<p>Onde voc\u00ea pode valorizar os diferenciais de sua candidatura, tais como o dom\u00ednio de <a href=\"https:\/\/aurum.com.br\/\" target=\"_blank\" rel=\"noopener\">softwares jur\u00eddicos<\/a>, idiomas, publica\u00e7\u00f5es, entre outros.<\/p>\n\n\n\n<style>\n    #adpost-block_fc03386f9bbbe6ef8ebcb66843ddd6bc.anuncio-post-reverse {\n        display: flex;\n        gap: 24px;\n        border-radius: 8px;\n        width: 100%;\n        max-width: 752px;\n        padding: 40px;\n        background: #e7f4fe;\n        margin: 16px auto;\n    }\n\n    #adpost-block_fc03386f9bbbe6ef8ebcb66843ddd6bc .anuncio-container {\n        display: flex;\n        flex-direction: column;\n        gap: 24px;\n        width: 100%;\n        max-width: 333px;\n    }\n\n    #adpost-block_fc03386f9bbbe6ef8ebcb66843ddd6bc .anuncio-container .logo {\n        width: 100%;\n        max-width: 177px;\n        margin: 0;\n    }\n\n    #adpost-block_fc03386f9bbbe6ef8ebcb66843ddd6bc .anuncio-text-container {\n        display: flex;\n        flex-direction: column;\n        gap: 24px;\n    }\n\n    #adpost-block_fc03386f9bbbe6ef8ebcb66843ddd6bc .anuncio-text-container .title {\n        font-family: 'Ubuntu';\n        font-size: 1.5rem; \/\/24px\n        font-weight: 700;\n        line-height: 120%;\n        margin: 0;\n        color: #000;\n    }\n\n    #adpost-block_fc03386f9bbbe6ef8ebcb66843ddd6bc .anuncio-text-container .text {\n        font-size: 0.875rem;\n        font-weight: 400;\n        line-height: 170%;\n        color: #000;\n    }\n\n    #adpost-block_fc03386f9bbbe6ef8ebcb66843ddd6bc .anuncio-container .button {\n        display: inline-flex;\n        align-items: center;\n        justify-content: center;\n        width: fit-content;\n        height: 48px;\n        border-radius: 8px;\n        padding: 12px 24px;\n        font-size: 1rem;\n        font-weight: 600;\n        text-decoration: none;\n        background: #008fd5;\n        color: #fff;\n    }\n\n    #adpost-block_fc03386f9bbbe6ef8ebcb66843ddd6bc .image-container {\n        position: relative;\n        width: 100%;\n        height: 100%;\n    }\n\n    #adpost-block_fc03386f9bbbe6ef8ebcb66843ddd6bc .image-container.float {\n        min-height: 236px;\n    }\n\n    #adpost-block_fc03386f9bbbe6ef8ebcb66843ddd6bc .image-container .image-desktop {\n        width: 100%;\n        max-width: 323px;\n        object-fit: contain;\n        margin: 0;\n    }\n\n    #adpost-block_fc03386f9bbbe6ef8ebcb66843ddd6bc .image-container .image-mobile {\n        display: none;\n        width: 100%;\n        max-width: 291px;\n        object-fit: contain;\n        margin: 0;\n    }\n\n    #adpost-block_fc03386f9bbbe6ef8ebcb66843ddd6bc .image-container.float .image-desktop,\n    #adpost-block_fc03386f9bbbe6ef8ebcb66843ddd6bc .image-container.float .image-mobile {\n        position: absolute;\n        right: 0;\n        bottom: 0;\n    }\n\n    #adpost-block_fc03386f9bbbe6ef8ebcb66843ddd6bc .image-container img {\n        border-radius: 8px;\n    }\n\n    \/************\n    * MOBILE \n    *************\/\n    @media (max-width: 1439px) {\n        #adpost-block_fc03386f9bbbe6ef8ebcb66843ddd6bc.anuncio-post-reverse {\n            flex-direction: column-reverse;\n            max-width: fit-content;\n            padding: 24px;\n        }\n\n        #adpost-block_fc03386f9bbbe6ef8ebcb66843ddd6bc .anuncio-container {\n            max-width: 280px;\n            align-items: center;\n        }\n\n        #adpost-block_fc03386f9bbbe6ef8ebcb66843ddd6bc .anuncio-container .logo {\n            max-width: 147px;\n        }\n\n        #adpost-block_fc03386f9bbbe6ef8ebcb66843ddd6bc .anuncio-text-container {\n            gap: 8px;\n        }\n\n        #adpost-block_fc03386f9bbbe6ef8ebcb66843ddd6bc .anuncio-text-container .title {\n            font-size: 1.25rem;\n            text-align: center;\n        }\n\n        #adpost-block_fc03386f9bbbe6ef8ebcb66843ddd6bc .anuncio-text-container .text {\n            text-align: center;\n        }\n\n        #adpost-block_fc03386f9bbbe6ef8ebcb66843ddd6bc .anuncio-container .button {\n            width: 100%;\n        }\n\n        #adpost-block_fc03386f9bbbe6ef8ebcb66843ddd6bc .image-container.float {\n            min-height: 182px;\n        }\n\n        #adpost-block_fc03386f9bbbe6ef8ebcb66843ddd6bc .image-container .image-desktop {\n            display: none;\n        }\n\n        #adpost-block_fc03386f9bbbe6ef8ebcb66843ddd6bc .image-container .image-mobile {\n            display: block;\n        }\n    }\n\n    \/*******************\n    * RESET GLOBAL CSS \n    ********************\/\n    #s-post main article .content .image-container img {\n        margin: 0;\n    }\n<\/style>\n\n\n<article id=\"adpost-block_fc03386f9bbbe6ef8ebcb66843ddd6bc\" class=\"anuncio-post-reverse\">\n    <div class=\"anuncio-container\">\n        \n        <div class=\"anuncio-text-container\">\n             <h3 class=\"title\" >Seja protagonista da sua advocacia com o Astrea<\/h3>\n            <div class=\"text\" >Tenha tempo para focar no crescimento do seu escrit\u00f3rio, enquanto o Astrea cuida da sua gest\u00e3o jur\u00eddica com intelig\u00eancia.<\/div>        <\/div>\n       \n        <a class=\"button\" href=\"\/astrea\/?utm_source=blog&#038;utm_medium=adpost&#038;utm_campaign=campanha-marca-2026\" target=\"_self\">Conhe\u00e7a o Astrea<\/a>    <\/div>\n\n    <div class=\"image-container\">\n        <img decoding=\"async\" class=\"image-desktop\" src=\"https:\/\/www.aurum.com.br\/blog\/wp-content\/uploads\/2026\/03\/adpos-posicionamento-2026-desktop.png\" alt=\"\" \/>\n        <img decoding=\"async\" class=\"image-mobile\" src=\"https:\/\/www.aurum.com.br\/blog\/wp-content\/uploads\/2026\/03\/adpost-posicionamento-2026-mobile.png\" alt=\"\" \/>    <\/div>\n<\/article>\n\n\n<h2 class=\"wp-block-heading\">Dicas para otimizar um curr\u00edculo na advocacia&nbsp;<\/h2>\n\n\n\n<p>Para ajudar, vamos dar algumas dicas de como voc\u00ea pode otimizar o seu curr\u00edculo de advogado. Esperamos que goste!<\/p>\n\n\n\n<h3 class=\"wp-block-heading\">Use o seu poder de persuas\u00e3o<\/h3>\n\n\n\n<p>Mais do que preencher os campos essenciais de um bom modelo de curr\u00edculo, escreva pequenos textos complementares para destacar suas conquistas ou descrever brevemente sua atua\u00e7\u00e3o.<\/p>\n\n\n\n<h3 class=\"wp-block-heading\">Inclua palavras-chave no curr\u00edculo<\/h3>\n\n\n\n<p>Enfatize seus conhecimentos no meio jur\u00eddico usando termos como direito digital, media\u00e7\u00e3o, atua\u00e7\u00e3o na \u00e1rea ambiental, entre outros.&nbsp;<\/p>\n\n\n\n<h3 class=\"wp-block-heading\">Mantenha o conte\u00fado conciso e organizado<\/h3>\n\n\n\n<p>Lembre-se que as pessoas \u201ccorrem os olhos\u201d pelo documento em busca das informa\u00e7\u00f5es que desejam ler, por isso vale a pena estruturar seu curr\u00edculo usando t\u00edtulos, subt\u00edtulos e <em>bullet-points<\/em> (marcadores).<\/p>\n\n\n\n<h3 class=\"wp-block-heading\">Personalize seu curr\u00edculo&nbsp;<\/h3>\n\n\n\n<p>Fa\u00e7a algumas edi\u00e7\u00f5es no seu CV b\u00e1sico para criar vers\u00f5es personalizadas de acordo com cada oportunidade.&nbsp;<\/p>\n\n\n\n<p>Por exemplo, voc\u00ea pode citar o nome exato do cargo ofertado e da empresa contratante na se\u00e7\u00e3o sobre seu objetivo e alterar algumas das palavras-chave para combinarem melhor com as caracter\u00edsticas desej\u00e1veis mencionadas no an\u00fancio de emprego.&nbsp;&nbsp;<\/p>\n\n\n\n<h3 class=\"wp-block-heading\">Evite o excesso de informa\u00e7\u00e3o<\/h3>\n\n\n\n<p>Foque no que \u00e9 relevante para o cargo, deixando de fora dados com vi\u00e9s discriminat\u00f3rio (tais como ra\u00e7a, g\u00eanero, estado civil) e n\u00fameros de documentos, que podem ser solicitados mais adiante no processo seletivo profissional.&nbsp;&nbsp;<\/p>\n\n\n\n<h3 class=\"wp-block-heading\">Revise minuciosamente o documento<\/h3>\n\n\n\n<p>\u00c9 normal cometer pequenos erros gramaticais ou falhas de digita\u00e7\u00e3o ao redigir um curr\u00edculo, mas redobre a aten\u00e7\u00e3o ao revis\u00e1-lo.<\/p>\n\n\n\n<h4 class=\"wp-block-heading\">Use as dicas ao seu favor!<\/h4>\n\n\n\n<p>Na compara\u00e7\u00e3o entre dados computados pela <a href=\"https:\/\/www.oab.org.br\/institucionalconselhofederal\/quadroadvogados\" target=\"_blank\" rel=\"noopener\">OAB (Ordem Brasileira dos Advogados)<\/a> e o <a href=\"https:\/\/www.ibge.gov.br\/apps\/populacao\/projecao\/box_popclock.php\" target=\"_blank\" rel=\"noopener\">IBGE (Instituto Brasileiro de Geografia e Estat\u00edstica)<\/a>, estima-se que haja uma propor\u00e7\u00e3o de 1 advogado para cerca de 190 habitantes em nosso pa\u00eds. Isso sem contar estagi\u00e1rios de direito&#8230;&nbsp;<\/p>\n\n\n\n<p>Ent\u00e3o aproveite as dicas deste artigo para deixar seu curr\u00edculo de advogado ainda mais competitivo e comece a se preparar para as entrevistas de emprego. <\/p>\n\n\n\n<p>Se voc\u00ea gostou desse conte\u00fado, recomendamos tamb\u00e9m:<\/p>\n\n\n\n<ul class=\"wp-block-list\">\n<li><a href=\"https:\/\/www.aurum.com.br\/blog\/planilhas-para-advogados\/\">Planilhas para advogados<\/a><\/li>\n\n\n\n<li><a href=\"https:\/\/www.aurum.com.br\/blog\/assinatura-digital\/\">Como funciona a assinatura digital<\/a><\/li>\n\n\n\n<li><a href=\"https:\/\/www.aurum.com.br\/blog\/aplicativos-para-advogados\/\">Aplicativos para advogados<\/a><\/li>\n\n\n\n<li><a href=\"https:\/\/www.aurum.com.br\/blog\/big-data-juridico\/\" target=\"_blank\" rel=\"noreferrer noopener\">Big Data Jur\u00eddico: o que \u00e9, para que serve e vantagens para advogados e gestores<\/a><\/li>\n\n\n\n<li><a href=\"https:\/\/www.aurum.com.br\/blog\/themis-e-astrea\/\" target=\"_blank\" rel=\"noreferrer noopener\">Themis e Astrea: conhe\u00e7a as diferen\u00e7as dos softwares jur\u00eddicos da Aurum<\/a><\/li>\n\n\n\n<li>Tudo o que precisa saber sobre <a href=\"https:\/\/www.aurum.com.br\/blog\/direito-digital\/\" data-type=\"URL\" data-id=\"https:\/\/www.aurum.com.br\/blog\/direito-digital\/\">direito digital<\/a><\/li>\n\n\n\n<li><a href=\"https:\/\/www.aurum.com.br\/blog\/tipos-de-advogados\/\" data-type=\"URL\" data-id=\"https:\/\/www.aurum.com.br\/blog\/tipos-de-advogados\/\">Tipos de advogados<\/a>: principais \u00e1reas de atua\u00e7\u00e3o e caminhos para a sua carreira<\/li>\n\n\n\n<li>Tire todas as suas d\u00favidas sobre <a href=\"https:\/\/www.aurum.com.br\/blog\/direito-ambiental\/\" data-type=\"URL\" data-id=\"https:\/\/www.aurum.com.br\/blog\/direito-ambiental\/\">direito ambiental<\/a><\/li>\n<\/ul>\n\n\n<style>\r\n  .news-post {\r\n    background: url('https:\/\/www.aurum.com.br\/blog\/wp-content\/themes\/aurum\/img\/bg-news-artigo.svg') no-repeat top center #3C48AA;\r\n    padding: 1.5rem;\r\n    border-radius: 6px;\r\n    margin: 1rem 0;\r\n  }\r\n  .news-post .icone {\r\n    display: none;\r\n  }\r\n  .news-post .title {\r\n    font-weight: 700;\r\n    font-size: 16px;\r\n    line-height: 130%;\r\n    text-align: center;\r\n    letter-spacing: -0.5px;\r\n    color: #fff;\r\n    margin-bottom: .9375rem;\r\n  }\r\n  .news-post p {\r\n    font-size: .875rem;\r\n    line-height: 140%;\r\n    text-align: center;\r\n    color: #fff;\r\n    margin-bottom: 1.25rem;\r\n  }\r\n  .news-post .news_button_span {\r\n    font-size: .8125rem;\r\n    display: block;\r\n    padding: .125rem .3125rem;\r\n    color: #fff;\r\n    text-align:left;\r\n  }\r\n  .news-post .news_button_span a {\r\n    color: #fff !important;\r\n    text-decoration: underline;\r\n  }\r\n  .news-post form {\r\n    width: 100%;\r\n  }\r\n  .news-post label {\r\n    font-weight: 600;\r\n    font-size: .9375rem;\r\n    line-height: 1.5rem;\r\n    margin-bottom: .5rem;\r\n    color: #fff;\r\n    display: block;\r\n  }\r\n  .news-post input {\r\n    background: #fff;\r\n    border: 1px solid #CBCBD9;\r\n    box-sizing: border-box;\r\n    border-radius: 4px;\r\n    padding: .75rem 1rem;\r\n    width: 100%;\r\n  }\r\n  .news-post button {\r\n    margin-top: .875rem;\r\n    width: 100%;\r\n    min-width: auto;\r\n    background: #FCC632;\r\n    color: #3C48AA;\r\n  }\r\n  .news-post .input {\r\n    position: relative;\r\n    padding-bottom: 10px;\r\n  }\r\n  .news-post .error-message-ad {\r\n    font-size: .875rem;\r\n    line-height: 130%;\r\n    color: #D50021;\r\n    margin-left: 4px;\r\n  }\r\n  .news-post .error {\r\n    border: 1px solid #D50021;\r\n  }\r\n  .news-post #message-form-ad {\r\n    border-radius: 4px;\r\n    padding: 0.7rem;\r\n    font-size:0.8rem;\r\n    text-align: center;\r\n    align-items: center;\r\n    justify-content: center;\r\n    display: none;\r\n  }\r\n  .news-post #message-form-ad svg {\r\n    margin-right: 8px;\r\n  }\r\n\r\n  @media(min-width: 561px) {\r\n    .news-post {\r\n      position: relative;\r\n      background: url('https:\/\/www.aurum.com.br\/blog\/wp-content\/themes\/aurum\/img\/bg-news-artigo.svg') no-repeat top center #3C48AA;\r\n      width: calc(100% - 30px);\r\n    }\r\n    .news-post .icone {\r\n      display: block;\r\n      position: absolute;\r\n      right: -30px;\r\n      top: 65px;\r\n      max-width: 142px;\r\n      width: 100%;\r\n      height: auto;\r\n      margin: 0;\r\n    }\r\n    .news-post .title {\r\n      font-size: 1.125rem;\r\n      text-align: left;\r\n      \/* padding-right: 3.75rem; *\/\r\n    }\r\n    .news-post p {\r\n      font-size: 1rem;\r\n      text-align: left;\r\n      max-width: 400px;\r\n    }\r\n    .news-post .boxes {\r\n      display: flex;\r\n      align-items: flex-start;\r\n    }\r\n    .news-post button {\r\n      margin: 0 0 0 1rem;\r\n      width: 100%;\r\n      max-width: 170px;\r\n      min-width: auto;\r\n      transition: all ease .3s\r\n    }\r\n    .news-post button:hover {\r\n      opacity: 0.9;\r\n      transition: all ease .3s\r\n    }\r\n    .news-post #message-form-ad {\r\n      padding: 1.125rem;\r\n      font-size:1rem;\r\n    }\r\n    .news-post #message-form-ad svg {\r\n      margin-right: 10px;\r\n    }\r\n  }\r\n<\/style>\r\n\r\n<div class=\"news-post\">\r\n  <div class=\"title news-ad-title\">Gostou do artigo e quer evoluir a sua advocacia?<\/div>\r\n  <p class=\"news-ad-subtitle\">Assine gr\u00e1tis a Aurum News e receba uma dose semanal de conte\u00fado no seu e-mail! \u270c\ufe0f<\/p>\r\n  <img decoding=\"async\" src=\"https:\/\/www.aurum.com.br\/blog\/wp-content\/themes\/aurum\/img\/icon-news-artigo.svg\" alt=\"\" class=\"icone\">\r\n\r\n  <form method=\"post\" name=\"newsletter-ad\" id=\"aurum-newsletter-ad\">\r\n    <div class=boxes>\r\n      <div class=\"input\">\r\n        <label class=\"label-email\" htmlFor=\"email-ad\">Qual seu e-mail?<\/label>\r\n        <input type=\"email\" id=\"email-ad\" name=\"newsletter-mail-ad\" placeholder=\"Digite seu e-mail?\">\r\n        <div class=\"error-message-ad-email\">Endere\u00e7o de e-mail inv\u00e1lido ou incorreto<\/div>\r\n\r\n        <label class=\"label-select\" htmlFor=\"lawsuits-select-ad\">\r\n          Quantos processos voc\u00ea ou<br class=\"for-desktop\"\/> seu escrit\u00f3rio acompanham?\r\n        <\/label>\r\n        <div id=\"lawsuits-select-ad\" class=\"lawsuits-select select-wrapper\" tabindex=\"0\">\r\n          <div class=\"s-dropdown--styled\">\r\n          <span class=\"lawsuits-default\">\r\n            <span id=\"lawsuits-newsletter-ad\" class=\"lawsuits-default-text\" data-value=\"\">Selecione os processos<\/span>\r\n            <svg class=\"chevron\" xmlns=\"http:\/\/www.w3.org\/2000\/svg\" width=\"24\" height=\"25\" viewBox=\"0 0 24 25\" fill=\"none\">\r\n              <path d=\"M6 15.6152L12 9.61523L18 15.6152\" stroke=\"black\" stroke-width=\"2\" stroke-linecap=\"round\" stroke-linejoin=\"round\" \/>\r\n            <\/svg>\r\n          <\/span>\r\n\r\n          <ul class=\"s-dropdown u-hide\">\r\n            <li class=\"lawsuits\" data-value=\"Mais de 1000 processos\">Mais de 1000 processos<\/li>\r\n            <li class=\"lawsuits\" data-value=\"De 501 a 1000 processos\">De 501 a 1000 processos<\/li>\r\n            <li class=\"lawsuits\" data-value=\"De 151 a 500 processos\">De 151 a 500 processos<\/li>\r\n            <li class=\"lawsuits\" data-value=\"De 41 a 150 processos\">De 41 a 150 processos<\/li>\r\n            <li class=\"lawsuits\" data-value=\"At\u00e9 40 processos\">At\u00e9 40 processos<\/li>\r\n            <li class=\"lawsuits\" data-value=\"Atuo apenas no consultivo\">Atuo apenas no consultivo<\/li>\r\n            <li class=\"lawsuits\" data-value=\"Ainda sou estudante de direito\">Ainda sou estudante de direito<\/li>\r\n            <li class=\"lawsuits\" data-value=\"N\u00e3o sou da \u00e1rea jur\u00eddica\">N\u00e3o sou da \u00e1rea jur\u00eddica<\/li>\r\n          <\/ul>\r\n          <\/div>\r\n        <\/div>\r\n        <div class=\"error-message-ad-lawsuits\">Selecione algum processo<\/div>\r\n      <\/div>\r\n      <button class=\"btn btn-yellow ad-btn-desktop\" id=\"aurum-submit-ad\">Assinar gr\u00e1tis<\/button>\r\n      <button class=\"btn btn-yellow ad-btn-mobile\" id=\"aurum-submit-ad\">Assinar<\/button>\r\n    <\/div>\r\n    <span class=\"news_button_span\">Ao se cadastrar voc\u00ea declara que leu e aceitou a pol\u00edtica de privacidade e cookies do <a href=\"https:\/\/s3.sa-east-1.amazonaws.com\/publico.aurum.com.br\/contratos\/politica-de-privacidade.pdf\" target=\"_blank\" rel=\"noopener noreferrer\">site<\/a>.<\/span>\r\n  <\/form>\r\n  <div id=\"message-form-ad\"><\/div>\r\n<\/div>","protected":false},"excerpt":{"rendered":"<p>Um curr\u00edculo de advogado \u00e9 diferente do curriculum vitae de quem tem outras profiss\u00f5es? O que torna mais competitivo um CV para \u00e1rea jur\u00eddica? Como preparar (ou atualizar) esse documento para que ele se encaixe nos padr\u00f5es de 2023?&nbsp; D\u00favidas desse tipo s\u00e3o bastante comuns, e n\u00e3o apenas entre as pessoas que est\u00e3o para se [&hellip;]<\/p>\n","protected":false},"author":112,"featured_media":13892,"comment_status":"open","ping_status":"open","sticky":false,"template":"","format":"standard","meta":{"_bbp_topic_count":0,"_bbp_reply_count":0,"_bbp_total_topic_count":0,"_bbp_total_reply_count":0,"_bbp_voice_count":0,"_bbp_anonymous_reply_count":0,"_bbp_topic_count_hidden":0,"_bbp_reply_count_hidden":0,"_bbp_forum_subforum_count":0,"inline_featured_image":false,"footnotes":""},"categories":[42],"tags":[],"class_list":["post-13890","post","type-post","status-publish","format-standard","has-post-thumbnail","hentry","category-organizacao-e-produtividade-para-advogados"],"acf":[],"_links":{"self":[{"href":"https:\/\/www.aurum.com.br\/blog\/wp-json\/wp\/v2\/posts\/13890","targetHints":{"allow":["GET"]}}],"collection":[{"href":"https:\/\/www.aurum.com.br\/blog\/wp-json\/wp\/v2\/posts"}],"about":[{"href":"https:\/\/www.aurum.com.br\/blog\/wp-json\/wp\/v2\/types\/post"}],"author":[{"embeddable":true,"href":"https:\/\/www.aurum.com.br\/blog\/wp-json\/wp\/v2\/users\/112"}],"replies":[{"embeddable":true,"href":"https:\/\/www.aurum.com.br\/blog\/wp-json\/wp\/v2\/comments?post=13890"}],"version-history":[{"count":6,"href":"https:\/\/www.aurum.com.br\/blog\/wp-json\/wp\/v2\/posts\/13890\/revisions"}],"predecessor-version":[{"id":20585,"href":"https:\/\/www.aurum.com.br\/blog\/wp-json\/wp\/v2\/posts\/13890\/revisions\/20585"}],"wp:featuredmedia":[{"embeddable":true,"href":"https:\/\/www.aurum.com.br\/blog\/wp-json\/wp\/v2\/media\/13892"}],"wp:attachment":[{"href":"https:\/\/www.aurum.com.br\/blog\/wp-json\/wp\/v2\/media?parent=13890"}],"wp:term":[{"taxonomy":"category","embeddable":true,"href":"https:\/\/www.aurum.com.br\/blog\/wp-json\/wp\/v2\/categories?post=13890"},{"taxonomy":"post_tag","embeddable":true,"href":"https:\/\/www.aurum.com.br\/blog\/wp-json\/wp\/v2\/tags?post=13890"}],"curies":[{"name":"wp","href":"https:\/\/api.w.org\/{rel}","templated":true}]}}