{"id":13470,"date":"2026-02-24T19:20:06","date_gmt":"2026-02-24T22:20:06","guid":{"rendered":"https:\/\/aurum.com.br\/blog\/?p=13470"},"modified":"2026-02-24T19:21:36","modified_gmt":"2026-02-24T22:21:36","slug":"npj","status":"publish","type":"post","link":"https:\/\/www.aurum.com.br\/blog\/npj\/","title":{"rendered":"NPJ: Entenda o que \u00e9 e quem pode participar do n\u00facleo de pr\u00e1tica jur\u00eddica"},"content":{"rendered":"<div id=\"bsf_rt_marker\"><\/div>\n<pre class=\"wp-block-preformatted\">O <strong>NPJ<\/strong> \u00e9 o laborat\u00f3rio mais completo para a forma\u00e7\u00e3o tanto profissional como pessoal do bacharel em direito. Nele, se aprende a import\u00e2ncia de sempre se buscar a Justi\u00e7a!&nbsp;<\/pre>\n\n\n\n<p>O que voc\u00ea vai encontrar neste conte\u00fado:<\/p>\n\n\n\n<ul class=\"wp-block-list\">\n<li>Como funciona o N\u00facleo de Pr\u00e1tica Jur\u00eddica, quais s\u00e3o seus fundamentos legais e por que ele \u00e9 obrigat\u00f3rio na forma\u00e7\u00e3o em Direito<\/li>\n\n\n\n<li>Quem pode participar do NPJ, quais s\u00e3o os requisitos exigidos pelas institui\u00e7\u00f5es e como funciona o est\u00e1gio supervisionado<\/li>\n\n\n\n<li>Quais habilidades t\u00e9cnicas e humanas s\u00e3o desenvolvidas no NPJ, incluindo pr\u00e1tica processual, media\u00e7\u00e3o, escuta qualificada e responsabilidade \u00e9tica<\/li>\n\n\n\n<li>Como a tecnologia, os sistemas eletr\u00f4nicos e a intelig\u00eancia artificial s\u00e3o incorporados \u00e0 pr\u00e1tica jur\u00eddica de forma \u00e9tica e alinhada \u00e0 LGPD e \u00e0 OAB<\/li>\n\n\n\n<li>Qual \u00e9 o papel do NPJ no acesso \u00e0 justi\u00e7a e na forma\u00e7\u00e3o de profissionais preparados para os desafios contempor\u00e2neos da advocacia<\/li>\n<\/ul>\n\n\n\n<hr class=\"wp-block-separator has-alpha-channel-opacity\"\/>\n\n\n\n<p>O N\u00facleo de Pr\u00e1tica Jur\u00eddica deixou de ser apenas o espa\u00e7o de cumprimento de carga hor\u00e1ria obrigat\u00f3ria no curso de Direito. Hoje, ele se apresenta como um dos principais ambientes de forma\u00e7\u00e3o \u00e9tica, t\u00e9cnica e humana do futuro profissional, especialmente diante dos desafios contempor\u00e2neos da advocacia.&nbsp;<\/p>\n\n\n\n<p>Media\u00e7\u00e3o, escuta qualificada, acesso \u00e0 justi\u00e7a e uso respons\u00e1vel da tecnologia passaram a ocupar lugar central nas atividades do NPJ, exigindo das institui\u00e7\u00f5es de ensino um olhar mais atento \u00e0 forma como a pr\u00e1tica jur\u00eddica \u00e9 ensinada e vivenciada pelos estudantes.<\/p>\n\n\n\n<p>Continue a leitura para entender mais sobre os requisitos e como funciona um NPJ!<\/p>\n\n\n\n<h2 class=\"wp-block-heading\">O que \u00e9 o NPJ no curso de Direito?<\/h2>\n\n\n\n<p>O N\u00facleo de Pr\u00e1tica Jur\u00eddica \u00e9 o<strong> espa\u00e7o institucional destinado \u00e0 consolida\u00e7\u00e3o da forma\u00e7\u00e3o pr\u00e1tica do estudante de Direito.<\/strong> Previsto de forma obrigat\u00f3ria nas Diretrizes Curriculares Nacionais do Curso de Direito (Resolu\u00e7\u00e3o CNE\/CES n\u00ba 5\/2018), o NPJ \u00e9 indispens\u00e1vel para o desenvolvimento das compet\u00eancias profissionais inerentes ao perfil do formando.<\/p>\n\n\n\n<p>Embora hoje seja elemento essencial do curso, sua institucionaliza\u00e7\u00e3o \u00e9 relativamente recente, ganhando contornos mais claros a partir da Lei n\u00ba 8.906\/1994 (Estatuto da Advocacia) e da Lei n\u00ba 11.788\/2008 (Lei do Est\u00e1gio).<\/p>\n\n\n\n<p>Cada NPJ deve possuir regulamento pr\u00f3prio, aprovado pelo colegiado do curso, no qual constem, entre outros pontos:<\/p>\n\n\n\n<ul class=\"wp-block-list\">\n<li>A forma de organiza\u00e7\u00e3o do n\u00facleo;<\/li>\n\n\n\n<li>As modalidades de atua\u00e7\u00e3o;<\/li>\n\n\n\n<li>Os tipos de atividades desenvolvidas (simuladas e reais);<\/li>\n\n\n\n<li>Os crit\u00e9rios de avalia\u00e7\u00e3o;<\/li>\n\n\n\n<li>A possibilidade de est\u00e1gio curricular externo.<\/li>\n<\/ul>\n\n\n\n<h2 class=\"wp-block-heading\">Para que serve o N\u00facleo de Pr\u00e1tica Jur\u00eddica?<\/h2>\n\n\n\n<p>A principal finalidade do NPJ \u00e9 <strong>integrar teoria e pr\u00e1tica<\/strong>, permitindo que o acad\u00eamico desenvolva e aperfei\u00e7oe habilidades essenciais ao exerc\u00edcio das carreiras jur\u00eddicas.<\/p>\n\n\n\n<p>No entanto, sua fun\u00e7\u00e3o vai al\u00e9m do aspecto pedag\u00f3gico. O NPJ <strong>tamb\u00e9m atua como instrumento de acesso \u00e0 Justi\u00e7a<\/strong>, prestando assist\u00eancia jur\u00eddica gratuita, especialmente \u00e0 popula\u00e7\u00e3o em situa\u00e7\u00e3o de vulnerabilidade.<\/p>\n\n\n\n<p>Al\u00e9m disso, muitos N\u00facleos de Pr\u00e1tica Jur\u00eddica mant\u00eam conv\u00eanios com o Poder Judici\u00e1rio, atuando como Centros Judici\u00e1rios de Solu\u00e7\u00e3o de Conflitos e Cidadania (CEJUSCs), conforme a Resolu\u00e7\u00e3o n\u00ba 125\/2010 do CNJ, promovendo concilia\u00e7\u00e3o, media\u00e7\u00e3o, orienta\u00e7\u00e3o jur\u00eddica e cidadania.<\/p>\n\n\n\n<h2 class=\"wp-block-heading\">Como funciona um NPJ de uma faculdade de Direito?<\/h2>\n\n\n\n<p>Estruturalmente, o NPJ <strong>se assemelha a um escrit\u00f3rio jur\u00eddico,<\/strong> contando, em regra, com:<\/p>\n\n\n\n<ul class=\"wp-block-list\">\n<li>Coordena\u00e7\u00e3o;<\/li>\n\n\n\n<li>Secretaria;<\/li>\n\n\n\n<li>Professores-orientadores ou advogados;<\/li>\n\n\n\n<li>Estagi\u00e1rios (acad\u00eamicos de Direito).<\/li>\n<\/ul>\n\n\n\n<p>O funcionamento<strong> exige organiza\u00e7\u00e3o administrativa e processual<\/strong>, incluindo controle de prazos, acompanhamento de processos e, cada vez mais, uso de sistemas eletr\u00f4nicos de gest\u00e3o e controle de processos judiciais e secretarias acad\u00eamicas.<\/p>\n\n\n\n<p>As atividades podem ocorrer tanto dentro da institui\u00e7\u00e3o quanto em espa\u00e7os externos, como f\u00f3runs, varas, delegacias e \u00f3rg\u00e3os p\u00fablicos, sempre sob supervis\u00e3o de um docente.&nbsp;<\/p>\n\n\n\n<p>Incluem pr\u00e1ticas simuladas, atendimentos reais, est\u00e1gio supervisionado, m\u00e9todos consensuais de resolu\u00e7\u00e3o de conflitos, tutela coletiva e pr\u00e1tica em processo judicial eletr\u00f4nico.<\/p>\n\n\n\n<h2 class=\"wp-block-heading\">O est\u00e1gio no NPJ \u00e9 obrigat\u00f3rio?<\/h2>\n\n\n\n<p>Sim, o est\u00e1gio supervisionado desenvolvido no \u00e2mbito do NPJ <strong>integra a matriz curricular obrigat\u00f3ria do curso de Direito.&nbsp;<\/strong><\/p>\n\n\n\n<p>Cada institui\u00e7\u00e3o define a carga hor\u00e1ria espec\u00edfica, respeitando o limite de que a soma do est\u00e1gio e das atividades complementares n\u00e3o ultrapasse 20% da carga hor\u00e1ria total do curso (Art. 13 da RESOLU\u00c7\u00c3O N\u00ba 5, DE 17 DE DEZEMBRO DE 2018).<\/p>\n\n\n\n<h2 class=\"wp-block-heading\">Quais s\u00e3o os requisitos para um aluno para participar do NPJ?<\/h2>\n\n\n\n<p>Os requisitos variam conforme o regulamento de cada institui\u00e7\u00e3o, mas, em geral, exigem:<\/p>\n\n\n\n<ul class=\"wp-block-list\">\n<li><strong>Matr\u00edcula regular <\/strong>no curso de Direito;<\/li>\n\n\n\n<li><strong>Cumprimento dos pr\u00e9-requisitos curriculares<\/strong> (a exemplo das disciplinas t\u00e9cnicas de direitos processuais);<\/li>\n\n\n\n<li><strong>Observ\u00e2ncia das normas internas <\/strong>do n\u00facleo e do curso de Direito;<\/li>\n\n\n\n<li><strong>Frequ\u00eancia e desempenho <\/strong>satisfat\u00f3rios e e eventuais processos seletivos internos (quando houver).<\/li>\n<\/ul>\n\n\n\n<h3 class=\"wp-block-heading\">Como \u00e9 feita a avalia\u00e7\u00e3o das atividades no NPJ?<\/h3>\n\n\n\n<p>A avalia\u00e7\u00e3o no NPJ costuma considerar o desempenho nas atividades pr\u00e1ticas (atendimentos, audi\u00eancias, pe\u00e7as, relat\u00f3rios), a participa\u00e7\u00e3o em plant\u00f5es e simula\u00e7\u00f5es, o cumprimento de carga hor\u00e1ria e a qualidade t\u00e9cnica e comportamental sob supervis\u00e3o.<\/p>\n\n\n\n<p>Os crit\u00e9rios exatos s\u00e3o definidos no regulamento interno do n\u00facleo de pr\u00e1tica jur\u00eddica e no Projeto Pedag\u00f3gico do Curso de Direito da institui\u00e7\u00e3o de ensino.&nbsp;<\/p>\n\n\n\n<h2 class=\"wp-block-heading\">Quais habilidades s\u00e3o desenvolvidas no NPJ?<\/h2>\n\n\n\n<p>A viv\u00eancia no N\u00facleo de Pr\u00e1tica Jur\u00eddica possibilita o desenvolvimento de compet\u00eancias t\u00e9cnicas e humanas, como:<\/p>\n\n\n\n<ul class=\"wp-block-list\">\n<li>Capacidade de an\u00e1lise e argumenta\u00e7\u00e3o jur\u00eddica;<\/li>\n\n\n\n<li>Responsabilidade profissional;<\/li>\n\n\n\n<li>Empatia e escuta qualificada;<\/li>\n\n\n\n<li>Comunica\u00e7\u00e3o clara e \u00e9tica;<\/li>\n\n\n\n<li>Trabalho em equipe;<\/li>\n\n\n\n<li>Compet\u00eancias pr\u00e1ticas jur\u00eddicas (pe\u00e7as, audi\u00eancias, pesquisa, atendimento);<\/li>\n\n\n\n<li>Habilidades sociais (soft skills) como empatia e comunica\u00e7\u00e3o;<\/li>\n\n\n\n<li>Capacidade de an\u00e1lise cr\u00edtica e resolu\u00e7\u00e3o de conflitos;<\/li>\n\n\n\n<li>Letramento digital jur\u00eddico e uso de sistemas processuais eletr\u00f4nicos;<\/li>\n\n\n\n<li>resolu\u00e7\u00e3o adequada e consensual de conflitos.<\/li>\n<\/ul>\n\n\n\n<h3 class=\"wp-block-heading\">Uso da tecnologia, IA e letramento digital no NPJ<\/h3>\n\n\n\n<p>A incorpora\u00e7\u00e3o da tecnologia e da intelig\u00eancia artificial no N\u00facleo de Pr\u00e1tica Jur\u00eddica deve estar diretamente associada \u00e0 forma\u00e7\u00e3o \u00e9tica, cr\u00edtica e respons\u00e1vel do estudante de Direito.&nbsp;<\/p>\n\n\n\n<p>O uso dessas ferramentas no ambiente acad\u00eamico-pr\u00e1tico n\u00e3o se limita \u00e0 efici\u00eancia operacional, mas exige reflex\u00e3o permanente sobre \u00e9tica profissional, prote\u00e7\u00e3o de dados e responsabilidade jur\u00eddica.<\/p>\n\n\n\n<p>Nesse contexto,<strong> ganham relev\u00e2ncia as recomenda\u00e7\u00f5es aprovadas pelo Conselho Federal da OAB<\/strong>, em novembro de 2024, sobre o uso da intelig\u00eancia artificial generativa na pr\u00e1tica jur\u00eddica.&nbsp;<\/p>\n\n\n\n<p>Elaboradas pelo Observat\u00f3rio Nacional de Ciberseguran\u00e7a, Intelig\u00eancia Artificial e Prote\u00e7\u00e3o de Dados, as diretrizes orientam a advocacia \u2014 e, por consequ\u00eancia, a forma\u00e7\u00e3o jur\u00eddica \u2014 para um uso consciente da IA, alinhado aos princ\u00edpios do C\u00f3digo de \u00c9tica da OAB e \u00e0 legisla\u00e7\u00e3o vigente.<\/p>\n\n\n\n<p>O documento destaca que a intelig\u00eancia artificial deve ser compreendida como ferramenta de apoio \u00e0 atividade jur\u00eddica, jamais como substituta da an\u00e1lise cr\u00edtica, da responsabilidade profissional e da decis\u00e3o humana.&nbsp;<\/p>\n\n\n\n<p>Para os NPJs, isso a<strong>ssume car\u00e1ter pedag\u00f3gico central, sobretudo diante do tratamento de dados sens\u00edveis,<\/strong> da confidencialidade das informa\u00e7\u00f5es dos assistidos e do cumprimento da Lei Geral de Prote\u00e7\u00e3o de Dados (LGPD).<\/p>\n\n\n\n<p>Cabe a coordenadores e professores de pr\u00e1tica jur\u00eddica promoverem o letramento digital aliado \u00e0 reflex\u00e3o \u00e9tica, orientando os estudantes quanto aos limites, riscos e responsabilidades no uso da tecnologia.&nbsp;<\/p>\n\n\n\n<p>O objetivo n\u00e3o \u00e9 restringir o uso da IA, mas educar para uma atua\u00e7\u00e3o profissional tecnicamente atualizada e eticamente comprometida.<\/p>\n\n\n\n<p>Al\u00e9m disso, o NPJ \u00e9 espa\u00e7o privilegiado para o desenvolvimento do letramento digital jur\u00eddico, permitindo ao estudante aprender, na pr\u00e1tica, a:<\/p>\n\n\n\n<ul class=\"wp-block-list\">\n<li>Elaborar pe\u00e7as processuais em ambiente digital;<\/li>\n\n\n\n<li>Utilizar sistemas de processo eletr\u00f4nico (como PJe e Eproc);<\/li>\n\n\n\n<li>Operar ferramentas de gest\u00e3o processual, em ambientes simulados ou reais;<\/li>\n\n\n\n<li>Realizar pesquisas jurisprudenciais e legislativas qualificadas;<\/li>\n\n\n\n<li>Aplicar recursos de visual law voltados \u00e0 acessibilidade;<\/li>\n\n\n\n<li>Filtrar informa\u00e7\u00f5es confi\u00e1veis em meio ao excesso de dados jur\u00eddicos.<\/li>\n<\/ul>\n\n\n\n<style>\n    #adpost-block_e11a8e95a686a54e7ad6ce050f849cf1.anuncio-post-reverse {\n        display: flex;\n        gap: 24px;\n        border-radius: 8px;\n        width: 100%;\n        max-width: 752px;\n        padding: 40px;\n        background: #e7f4fe;\n        margin: 16px auto;\n    }\n\n    #adpost-block_e11a8e95a686a54e7ad6ce050f849cf1 .anuncio-container {\n        display: flex;\n        flex-direction: column;\n        gap: 24px;\n        width: 100%;\n        max-width: 333px;\n    }\n\n    #adpost-block_e11a8e95a686a54e7ad6ce050f849cf1 .anuncio-container .logo {\n        width: 100%;\n        max-width: 177px;\n        margin: 0;\n    }\n\n    #adpost-block_e11a8e95a686a54e7ad6ce050f849cf1 .anuncio-text-container {\n        display: flex;\n        flex-direction: column;\n        gap: 24px;\n    }\n\n    #adpost-block_e11a8e95a686a54e7ad6ce050f849cf1 .anuncio-text-container .title {\n        font-family: 'Ubuntu';\n        font-size: 1.5rem; \/\/24px\n        font-weight: 700;\n        line-height: 120%;\n        margin: 0;\n        color: #000;\n    }\n\n    #adpost-block_e11a8e95a686a54e7ad6ce050f849cf1 .anuncio-text-container .text {\n        font-size: 0.875rem;\n        font-weight: 400;\n        line-height: 170%;\n        color: #000;\n    }\n\n    #adpost-block_e11a8e95a686a54e7ad6ce050f849cf1 .anuncio-container .button {\n        display: inline-flex;\n        align-items: center;\n        justify-content: center;\n        width: fit-content;\n        height: 48px;\n        border-radius: 8px;\n        padding: 12px 24px;\n        font-size: 1rem;\n        font-weight: 600;\n        text-decoration: none;\n        background: #008fd5;\n        color: #fff;\n    }\n\n    #adpost-block_e11a8e95a686a54e7ad6ce050f849cf1 .image-container {\n        position: relative;\n        width: 100%;\n        height: 100%;\n    }\n\n    #adpost-block_e11a8e95a686a54e7ad6ce050f849cf1 .image-container.float {\n        min-height: 236px;\n    }\n\n    #adpost-block_e11a8e95a686a54e7ad6ce050f849cf1 .image-container .image-desktop {\n        width: 100%;\n        max-width: 323px;\n        object-fit: contain;\n        margin: 0;\n    }\n\n    #adpost-block_e11a8e95a686a54e7ad6ce050f849cf1 .image-container .image-mobile {\n        display: none;\n        width: 100%;\n        max-width: 291px;\n        object-fit: contain;\n        margin: 0;\n    }\n\n    #adpost-block_e11a8e95a686a54e7ad6ce050f849cf1 .image-container.float .image-desktop,\n    #adpost-block_e11a8e95a686a54e7ad6ce050f849cf1 .image-container.float .image-mobile {\n        position: absolute;\n        right: 0;\n        bottom: 0;\n    }\n\n    #adpost-block_e11a8e95a686a54e7ad6ce050f849cf1 .image-container img {\n        border-radius: 8px;\n    }\n\n    \/************\n    * MOBILE \n    *************\/\n    @media (max-width: 1439px) {\n        #adpost-block_e11a8e95a686a54e7ad6ce050f849cf1.anuncio-post-reverse {\n            flex-direction: column-reverse;\n            max-width: fit-content;\n            padding: 24px;\n        }\n\n        #adpost-block_e11a8e95a686a54e7ad6ce050f849cf1 .anuncio-container {\n            max-width: 280px;\n            align-items: center;\n        }\n\n        #adpost-block_e11a8e95a686a54e7ad6ce050f849cf1 .anuncio-container .logo {\n            max-width: 147px;\n        }\n\n        #adpost-block_e11a8e95a686a54e7ad6ce050f849cf1 .anuncio-text-container {\n            gap: 8px;\n        }\n\n        #adpost-block_e11a8e95a686a54e7ad6ce050f849cf1 .anuncio-text-container .title {\n            font-size: 1.25rem;\n            text-align: center;\n        }\n\n        #adpost-block_e11a8e95a686a54e7ad6ce050f849cf1 .anuncio-text-container .text {\n            text-align: center;\n        }\n\n        #adpost-block_e11a8e95a686a54e7ad6ce050f849cf1 .anuncio-container .button {\n            width: 100%;\n        }\n\n        #adpost-block_e11a8e95a686a54e7ad6ce050f849cf1 .image-container.float {\n            min-height: 182px;\n        }\n\n        #adpost-block_e11a8e95a686a54e7ad6ce050f849cf1 .image-container .image-desktop {\n            display: none;\n        }\n\n        #adpost-block_e11a8e95a686a54e7ad6ce050f849cf1 .image-container .image-mobile {\n            display: block;\n        }\n    }\n\n    \/*******************\n    * RESET GLOBAL CSS \n    ********************\/\n    #s-post main article .content .image-container img {\n        margin: 0;\n    }\n<\/style>\n\n\n<article id=\"adpost-block_e11a8e95a686a54e7ad6ce050f849cf1\" class=\"anuncio-post-reverse\">\n    <div class=\"anuncio-container\">\n        \n        <div class=\"anuncio-text-container\">\n             <h3 class=\"title\" >Seja protagonista da sua advocacia com o Astrea<\/h3>\n            <div class=\"text\" >Tenha tempo para focar no crescimento do seu escrit\u00f3rio, enquanto o Astrea cuida da sua gest\u00e3o jur\u00eddica com intelig\u00eancia.<\/div>        <\/div>\n       \n        <a class=\"button\" href=\"\/astrea\/?utm_source=blog&#038;utm_medium=adpost&#038;utm_campaign=campanha-marca-2026\" target=\"_self\">Conhe\u00e7a o Astrea<\/a>    <\/div>\n\n    <div class=\"image-container\">\n        <img decoding=\"async\" class=\"image-desktop\" src=\"https:\/\/www.aurum.com.br\/blog\/wp-content\/uploads\/2026\/03\/adpos-posicionamento-2026-desktop.png\" alt=\"\" \/>\n        <img decoding=\"async\" class=\"image-mobile\" src=\"https:\/\/www.aurum.com.br\/blog\/wp-content\/uploads\/2026\/03\/adpost-posicionamento-2026-mobile.png\" alt=\"\" \/>    <\/div>\n<\/article>\n\n\n<p><\/p>\n\n\n\n<h2 class=\"wp-block-heading\">Como fazer o registro de estagi\u00e1rio na OAB atrav\u00e9s do NPJ?<\/h2>\n\n\n\n<p>O Estatuto da Advocacia (Lei n\u00ba 8.906\/94) autoriza que o estudante, a partir dos \u00faltimos anos do curso, solicite <strong>inscri\u00e7\u00e3o como estagi\u00e1rio na OAB, desde que admitido em est\u00e1gio profissional de advocacia<\/strong>. O Provimento 217\/2023 regulamenta o est\u00e1gio profissional de advocacia.<\/p>\n\n\n\n<p>O est\u00e1gio pode ser realizado no pr\u00f3prio NPJ, em escrit\u00f3rios credenciados ou em \u00f3rg\u00e3os jur\u00eddicos, sempre sob supervis\u00e3o.&nbsp;<\/p>\n\n\n\n<figure class=\"wp-block-pullquote classe bq-small\"><blockquote><p>O est\u00e1gio profissional de advocacia ter\u00e1 dura\u00e7\u00e3o m\u00e1xima de 2 (dois) anos sendo realizado preferencialmente nos \u00faltimos 04 (quatro) semestres do curso de Direito, respeitando-se as disposi\u00e7\u00f5es do \u00a7 1\u00ba do art. 2\u00ba deste Provimento e podendo ser mantido pelas entidades referidas no art. 4\u00ba da presente norma mediante conv\u00eanio com o Conselho Seccional da OAB. (Art. 3o do Provimento 217\/2023).<\/p><\/blockquote><\/figure>\n\n\n\n<p>O estagi\u00e1rio inscrito pode praticar atos jur\u00eddicos permitidos em lei, em conjunto e sob responsabilidade de advogado.<\/p>\n\n\n\n<p>\u00c9 fundamental observar os limites legais da atua\u00e7\u00e3o, sob pena de infra\u00e7\u00e3o disciplinar.<\/p>\n\n\n\n<h2 class=\"wp-block-heading\">M\u00e9todos adequados de resolu\u00e7\u00e3o de conflitos, escuta qualificada e acesso \u00e0 Justi\u00e7a no NPJ:<\/h2>\n\n\n\n<p>As Diretrizes Curriculares Nacionais do Curso de Direito refor\u00e7am que a forma\u00e7\u00e3o jur\u00eddica deve ultrapassar a l\u00f3gica puramente conteudista, incorporando, de forma transversal, atividades pr\u00e1ticas, resolu\u00e7\u00e3o de problemas e abordagem de quest\u00f5es emergentes e transdisciplinares.<\/p>\n\n\n\n<p>Nesse contexto, o N\u00facleo de Pr\u00e1tica Jur\u00eddica ocupa posi\u00e7\u00e3o estrat\u00e9gica ao concretizar, na pr\u00e1tica, as <strong>tr\u00eas perspectivas formativas previstas no Projeto Pedag\u00f3gico do Curso (PPC).<\/strong> O NPJ n\u00e3o \u00e9 apenas espa\u00e7o de aplica\u00e7\u00e3o t\u00e9cnica do Direito, mas ambiente de forma\u00e7\u00e3o humana, \u00e9tica e social.<\/p>\n\n\n\n<p>A atua\u00e7\u00e3o no NPJ, especialmente por meio do atendimento jur\u00eddico e das pr\u00e1ticas de media\u00e7\u00e3o, concilia\u00e7\u00e3o e arbitragem, permite ao acad\u00eamico desenvolver a escuta qualificada, compreender a complexidade dos conflitos e reconhecer que, muitas vezes, a solu\u00e7\u00e3o jur\u00eddica adequada n\u00e3o \u00e9 necessariamente a judicializa\u00e7\u00e3o do lit\u00edgio.<\/p>\n\n\n\n<p>Ao lidar com pessoas em situa\u00e7\u00e3o de vulnerabilidade, o <strong>estudante aprende que o acesso \u00e0 Justi\u00e7a n\u00e3o se resume ao acesso ao Judici\u00e1rio<\/strong>, mas envolve orienta\u00e7\u00e3o, acolhimento, informa\u00e7\u00e3o clara e respeito \u00e0 autonomia dos envolvidos.&nbsp;<\/p>\n\n\n\n<p>A pr\u00e1tica consensual de resolu\u00e7\u00e3o de conflitos ensina a import\u00e2ncia do di\u00e1logo, da corresponsabilidade e da constru\u00e7\u00e3o conjunta de solu\u00e7\u00f5es.<\/p>\n\n\n\n<p>Essa viv\u00eancia dialoga diretamente com os novos desafios do ensino jur\u00eddico, que exigem profissionais capazes de atuar de forma interdisciplinar, sens\u00edvel \u00e0s transforma\u00e7\u00f5es sociais e comprometida com a pacifica\u00e7\u00e3o social.<\/p>\n\n\n\n<h2 class=\"wp-block-heading\">O NPJ sob a perspectiva acad\u00eamico-institucional:<\/h2>\n\n\n\n<p>Quando analisado sob a \u00f3tica da gest\u00e3o acad\u00eamica, o N\u00facleo de Pr\u00e1tica Jur\u00eddica revela-se um<strong> eixo estruturante do Projeto Pedag\u00f3gico do Curso de Direito<\/strong>.&nbsp;<\/p>\n\n\n\n<p>Para coordenadores de curso e professores de pr\u00e1tica jur\u00eddica, o NPJ n\u00e3o deve ser compreendido apenas como espa\u00e7o de cumprimento de carga hor\u00e1ria obrigat\u00f3ria, mas como <strong>ambiente estrat\u00e9gico de consolida\u00e7\u00e3o das diretrizes curriculares, da identidade institucional e da forma\u00e7\u00e3o integral do discente.<\/strong><\/p>\n\n\n\n<p>As Diretrizes Curriculares Nacionais exigem que as atividades pr\u00e1tico-profissionais estejam presentes de forma transversal nas tr\u00eas perspectivas formativas, contemplando problemas emergentes, desafios contempor\u00e2neos e abordagens interdisciplinares. Nesse cen\u00e1rio, o NPJ assume papel central na articula\u00e7\u00e3o entre ensino, pesquisa e extens\u00e3o, promovendo aprendizagem significativa e socialmente referenciada.<\/p>\n\n\n\n<p>A organiza\u00e7\u00e3o pedag\u00f3gica do NPJ deve privilegiar pr\u00e1ticas que desenvolvam n\u00e3o apenas compet\u00eancias t\u00e9cnicas, mas tamb\u00e9m habilidades relacionais, \u00e9ticas e comunicacionais, especialmente por meio da media\u00e7\u00e3o, concilia\u00e7\u00e3o e outras formas adequadas de resolu\u00e7\u00e3o de conflitos.&nbsp;<\/p>\n\n\n\n<p>Tais pr\u00e1ticas dialogam diretamente com a necessidade de forma\u00e7\u00e3o de profissionais aptos a atuar em um sistema de justi\u00e7a cada vez mais voltado \u00e0 consensualidade, \u00e0 preven\u00e7\u00e3o de lit\u00edgios e \u00e0 pacifica\u00e7\u00e3o social.<\/p>\n\n\n\n<p>Para o corpo docente, o NPJ representa espa\u00e7o privilegiado de acompanhamento formativo, avalia\u00e7\u00e3o cont\u00ednua e orienta\u00e7\u00e3o \u00e9tica do estudante, permitindo observar o desenvolvimento das compet\u00eancias previstas no PPC em situa\u00e7\u00f5es reais ou simuladas.&nbsp;<\/p>\n\n\n\n<p>Para a coordena\u00e7\u00e3o, \u00e9 tamb\u00e9m instrumento de aproxima\u00e7\u00e3o institucional com o Poder Judici\u00e1rio, Defensorias, Minist\u00e9rios P\u00fablicos e demais atores do sistema de justi\u00e7a.<\/p>\n\n\n\n<h2 class=\"wp-block-heading\">Boas pr\u00e1ticas para estruturar um NPJ:<\/h2>\n\n\n\n<p>O NPJ \u00e9 um dos espa\u00e7os mais importantes da forma\u00e7\u00e3o em Direito, mas estruturar um NPJ eficiente vai al\u00e9m de cumprir exig\u00eancias regulat\u00f3rias. \u00c9 preciso intencionalidade pedag\u00f3gica, integra\u00e7\u00e3o curricular e compromisso com a forma\u00e7\u00e3o humana e t\u00e9cnica.<\/p>\n\n\n\n<p>A seguir, reunimos boas pr\u00e1ticas fundamentais para fortalecer a atua\u00e7\u00e3o do N\u00facleo de Pr\u00e1tica Jur\u00eddica e torn\u00e1-lo um verdadeiro ambiente de aprendizagem transformadora!<\/p>\n\n\n\n<h3 class=\"wp-block-heading\">Alinhamento ao PPC e \u00e0s DCNs<\/h3>\n\n\n\n<p>O N\u00facleo de Pr\u00e1tica Jur\u00eddica deve estar integrado ao projeto pedag\u00f3gico do curso, com objetivos formativos claros e foco na resolu\u00e7\u00e3o de problemas reais.<\/p>\n\n\n\n<h3 class=\"wp-block-heading\">Forma\u00e7\u00e3o centrada na escuta e na media\u00e7\u00e3o<\/h3>\n\n\n\n<p>&nbsp;Incluir m\u00e9todos adequados de resolu\u00e7\u00e3o de conflitos \u2014 como media\u00e7\u00e3o e concilia\u00e7\u00e3o \u2014 desenvolve habilidades essenciais de comunica\u00e7\u00e3o, empatia e gest\u00e3o de conflitos.<\/p>\n\n\n\n<h3 class=\"wp-block-heading\">Supervis\u00e3o docente com foco pedag\u00f3gico<\/h3>\n\n\n\n<p>A atua\u00e7\u00e3o dos professores deve ir al\u00e9m da revis\u00e3o t\u00e9cnica, estimulando reflex\u00e3o cr\u00edtica, responsabilidade \u00e9tica e aprendizado pr\u00e1tico qualificado.<\/p>\n\n\n\n<h3 class=\"wp-block-heading\">Uso consciente da tecnologia jur\u00eddica<\/h3>\n\n\n\n<p>Sistemas eletr\u00f4nicos, plataformas de gest\u00e3o e ferramentas de intelig\u00eancia artificial devem ser utilizados como apoio \u00e0 pr\u00e1tica, respeitando a confidencialidade, a LGPD e as diretrizes \u00e9ticas da OAB.<\/p>\n\n\n\n<h3 class=\"wp-block-heading\">Avalia\u00e7\u00e3o formativa e humanizada<\/h3>\n\n\n\n<p>Avaliar n\u00e3o apenas a produ\u00e7\u00e3o de pe\u00e7as, mas a postura \u00e9tica, a qualidade da escuta, a adequa\u00e7\u00e3o das solu\u00e7\u00f5es propostas e o compromisso com o assistido.<\/p>\n\n\n\n<h3 class=\"wp-block-heading\">Compromisso com o acesso \u00e0 justi\u00e7a<\/h3>\n\n\n\n<p>Um NPJ eficiente atua como ponte entre a universidade e a comunidade, contribuindo para a efetiva\u00e7\u00e3o de direitos e para a forma\u00e7\u00e3o cidad\u00e3 do estudante.<\/p>\n\n\n<style>\r\n  .anuncios-post-modelo-peticao {\r\n    display: flex;\r\n    gap: 24px;\r\n    justify-content: space-between;\r\n    align-items: center;\r\n    border-radius: 16px;\r\n    border: none;\r\n    background: #D5DAFF;\r\n    padding: 24px;\r\n    margin: 1rem 0;\r\n    max-width: 640px;\r\n  }\r\n\r\n  #s-post .anuncios-post-modelo-peticao .adpost-modelo-peticao-image {\r\n    margin: auto;\r\n    width: 219px;\r\n    min-width: 207px;\r\n    height: 217px;\r\n    aspect-ratio: 219.01\/217.09;\r\n    border-radius: 16px;\r\n  }\r\n\r\n  #s-post .anuncios-post-modelo-peticao .adpost-modelo-peticao-image img {\r\n    height: 100%;\r\n    border-radius: 16px;\r\n    aspect-ratio: 219.01\/217.09;\r\n    margin: auto;\r\n  }\r\n\r\n  .anuncios-post-modelo-peticao .textos {\r\n    display: flex;\r\n    flex-direction: column;\r\n    gap: 16px;\r\n  }\r\n\r\n  .anuncios-post-modelo-peticao .adpost-content {\r\n    display: flex;\r\n    flex-direction: column;\r\n    gap: 32px;\r\n  }\r\n\r\n  .anuncios-post-modelo-peticao .subtext {\r\n    display: block;\r\n  }\r\n\r\n  #s-post main article .content .anuncios-post-modelo-peticao .img-destaque {\r\n    object-fit: cover;\r\n    width: 180px;\r\n    margin: 0;\r\n  }\r\n\r\n  .anuncios-post-modelo-peticao .title {\r\n    font-weight: 600;\r\n    font-size: 21px;\r\n    line-height: 120%;\r\n    color: #000000;\r\n  }\r\n  .anuncios-post-modelo-peticao .subtext {\r\n    display: block;\r\n    font-weight: 400;\r\n    font-size: 14px;\r\n    line-height: 130%;\r\n    color: #272727;\r\n    text-align: left;\r\n  }\r\n  #s-post main article .content .anuncios-post-modelo-peticao .botao {\r\n    \/* background: #004773; *\/\r\n    background: #3B48AA;\r\n    border-radius: 4px;\r\n    padding: 12px 32px;\r\n    display: inline-block;\r\n    text-decoration: none !important;\r\n    color: #FFFFFF !important;\r\n    font-size: 14px;\r\n    font-weight: 700;\r\n    width: fit-content;\r\n  }\r\n  .anuncios-post-modelo-peticao .botao:hover {\r\n    filter: opacity(0.9);\r\n  }\r\n  \/**********\r\n  * TABLET\r\n  ***********\/\r\n  @media (max-width: 1310px) and (min-width: 800px) {\r\n    .anuncios-post-modelo-peticao .title {\r\n      font-size: 18px;\r\n    }\r\n  }\r\n\r\n  @media (max-width: 800px) {\r\n    .anuncios-post-modelo-peticao .title {\r\n      font-size: 16px;\r\n    }\r\n\r\n    .anuncios-post-modelo-peticao .subtext {\r\n      font-size: 12px;\r\n    }\r\n\r\n    #s-post main article .content .anuncios-post-modelo-peticao .botao {\r\n      font-size: 12px;\r\n    }\r\n\r\n   #s-post .anuncios-post-modelo-peticao .adpost-modelo-peticao-image {\r\n        width: 180px;\r\n        min-width: 180px;\r\n        height: 176px;\r\n    }\r\n  }\r\n\r\n  @media (max-width: 500px) {\r\n    .anuncios-post-modelo-peticao {\r\n        flex-direction: column-reverse;\r\n        gap: 0;\r\n    }\r\n\r\n    .anuncios-post-modelo-peticao .adpost-content {\r\n      gap: 24px;\r\n    }\r\n\r\n    .anuncios-post-modelo-peticao .textos {\r\n        align-items: center;\r\n    }\r\n\r\n    .anuncios-post-modelo-peticao .title {\r\n        text-align: center;\r\n    }\r\n\r\n    .anuncios-post-modelo-peticao .subtext {\r\n        text-align: center;\r\n    }\r\n\r\n    #s-post main article .content .anuncios-post-modelo-peticao .img-destaque {\r\n        width: 195px;\r\n        height: 180px;\r\n        margin-bottom: 16px;\r\n    }\r\n\r\n    .anuncios-post-modelo-peticao .title {\r\n      font-size: 18px;\r\n    }\r\n\r\n    .anuncios-post-modelo-peticao .subtext {\r\n      font-size: 14px;\r\n    }\r\n\r\n    #s-post main article .content .anuncios-post-modelo-peticao .botao {\r\n      font-size: 14px;\r\n      width: 100%;\r\n      text-align: center;\r\n    }\r\n\r\n\r\n    #s-post .anuncios-post-modelo-peticao .adpost-modelo-peticao-image {\r\n      width: 100%;\r\n      height: auto;\r\n      margin-bottom: 24px;\r\n    }\r\n  }\r\n<\/style>\r\n\r\n<div class=\"anuncios-post-modelo-peticao\">\r\n      <div class=\"adpost-content\">\r\n      <div class=\"textos\">\r\n          <div class=\"title\">\r\n            Comece sua advocacia do jeito certo: com organiza\u00e7\u00e3o          <\/div>\r\n          <div class=\"subtext\">\r\n            <span>\r\n              Descubra como usar o Notion para gerenciar prazos, processos e tarefas jur\u00eddicas com mais clareza e agilidade.            <\/span>\r\n          <\/div>\r\n      <\/div>\r\n            <a class=\"botao\" data-gtm-custom=\"anuncio-post-btn\" href=\"https:\/\/www.aurum.com.br\/blog\/material\/notion-para-advogados\/?utm_source=blog&#038;utm_medium=adpost&#038;utm_campaign=notion-adv&#038;utm_content=\" target=\"_blank\">Acessar gr\u00e1tis<\/a>\r\n    <\/div>\r\n            <img decoding=\"async\" src=\"https:\/\/www.aurum.com.br\/blog\/wp-content\/themes\/aurum\/img\/adpost-modelo-peticao-placeholder.png\" alt=\"\" class=\"adpost-modelo-peticao-image\">\r\n       \r\n\r\n<\/div>\n\n\n<h2 class=\"wp-block-heading\">Exemplos de casos reais atendidos pelo NPJ<\/h2>\n\n\n\n<p>Os NPJs atendem casos de verdade, por exemplo:<\/p>\n\n\n\n<ul class=\"wp-block-list\">\n<li>Consultas e orienta\u00e7\u00f5es jur\u00eddicas a pessoas carentes;<\/li>\n\n\n\n<li>Acompanhamento de processos c\u00edveis, trabalhistas ou previdenci\u00e1rios;<\/li>\n\n\n\n<li>Atua\u00e7\u00e3o em audi\u00eancias simuladas ou reais;<\/li>\n\n\n\n<li>Participa\u00e7\u00e3o em sess\u00f5es de concilia\u00e7\u00e3o e media\u00e7\u00e3o em CEJUSCs.<\/li>\n<\/ul>\n\n\n\n<p>Esses atendimentos ajudam o aluno a compreender como se d\u00e1 a pr\u00e1tica profissional na vida real e a import\u00e2ncia social do Direito.&nbsp;<\/p>\n\n\n\n<h2 class=\"wp-block-heading\">Conclus\u00e3o<\/h2>\n\n\n\n<p>Unir teoria e pr\u00e1tica \u00e9 uma das formas mais completas de aprendizagem no curso de Direito, e o N\u00facleo de Pr\u00e1tica Jur\u00eddica \u00e9 o espa\u00e7o onde essa integra\u00e7\u00e3o ganha sentido real.&nbsp;<\/p>\n\n\n\n<p>Ao proporcionar contato com demandas concretas, o NPJ desenvolve racioc\u00ednio cr\u00edtico, sensibilidade social e responsabilidade \u00e9tica, ao mesmo tempo em que concretiza as diretrizes curriculares de forma transversal e aplicada.<\/p>\n\n\n\n<p>Mais do que um requisito acad\u00eamico, o NPJ deve ser estruturado como um ambiente de forma\u00e7\u00e3o integral \u2014 que articula t\u00e9cnica jur\u00eddica, escuta qualificada, media\u00e7\u00e3o e uso consciente da tecnologia.&nbsp;<\/p>\n\n\n\n<p>Quando orientado pedagogicamente e comprometido com o acesso \u00e0 justi\u00e7a, ele prepara profissionais capazes de enfrentar os desafios contempor\u00e2neos da pr\u00e1tica jur\u00eddica sem perder de vista o elemento humano que sustenta o Direito.<\/p>\n\n\n\n<h3 class=\"wp-block-heading\">Mais conhecimento para voc\u00ea<\/h3>\n\n\n\n<p>Se voc\u00ea quiser ler mais sobre Direito e advocacia, continue navegando pelo&nbsp;Portal da Aurum! Indico os seguintes artigos para leitura:&nbsp;<\/p>\n\n\n\n<ul class=\"wp-block-list\">\n<li><a href=\"https:\/\/www.aurum.com.br\/blog\/agravo-de-instrumento\/\">Agravo de instrumento<\/a>&nbsp;no Novo CPC<\/li>\n\n\n\n<li><a href=\"https:\/\/www.aurum.com.br\/blog\/cumprimento-de-sentenca\/\">Cumprimento de senten\u00e7a<\/a>&nbsp;no Novo CPC<\/li>\n\n\n\n<li><a href=\"https:\/\/www.aurum.com.br\/blog\/excecao-de-pre-executividade\/\">Exce\u00e7\u00e3o de pr\u00e9-executividade<\/a>&nbsp;no Novo CPC<\/li>\n\n\n\n<li><a href=\"https:\/\/www.aurum.com.br\/blog\/outorga-uxoria\/\">Outorga ux\u00f3ria<\/a>: o que advogados precisam saber sobre o assunto<\/li>\n\n\n\n<li><a href=\"https:\/\/www.aurum.com.br\/blog\/tema-810-stf\/\">Tema 810 do STF<\/a>: corre\u00e7\u00e3o monet\u00e1ria e juros morat\u00f3rios<\/li>\n<\/ul>\n\n\n<style>\r\n  .news-post {\r\n    background: url('https:\/\/www.aurum.com.br\/blog\/wp-content\/themes\/aurum\/img\/bg-news-artigo.svg') no-repeat top center #3C48AA;\r\n    padding: 1.5rem;\r\n    border-radius: 6px;\r\n    margin: 1rem 0;\r\n  }\r\n  .news-post .icone {\r\n    display: none;\r\n  }\r\n  .news-post .title {\r\n    font-weight: 700;\r\n    font-size: 16px;\r\n    line-height: 130%;\r\n    text-align: center;\r\n    letter-spacing: -0.5px;\r\n    color: #fff;\r\n    margin-bottom: .9375rem;\r\n  }\r\n  .news-post p {\r\n    font-size: .875rem;\r\n    line-height: 140%;\r\n    text-align: center;\r\n    color: #fff;\r\n    margin-bottom: 1.25rem;\r\n  }\r\n  .news-post .news_button_span {\r\n    font-size: .8125rem;\r\n    display: block;\r\n    padding: .125rem .3125rem;\r\n    color: #fff;\r\n    text-align:left;\r\n  }\r\n  .news-post .news_button_span a {\r\n    color: #fff !important;\r\n    text-decoration: underline;\r\n  }\r\n  .news-post form {\r\n    width: 100%;\r\n  }\r\n  .news-post label {\r\n    font-weight: 600;\r\n    font-size: .9375rem;\r\n    line-height: 1.5rem;\r\n    margin-bottom: .5rem;\r\n    color: #fff;\r\n    display: block;\r\n  }\r\n  .news-post input {\r\n    background: #fff;\r\n    border: 1px solid #CBCBD9;\r\n    box-sizing: border-box;\r\n    border-radius: 4px;\r\n    padding: .75rem 1rem;\r\n    width: 100%;\r\n  }\r\n  .news-post button {\r\n    margin-top: .875rem;\r\n    width: 100%;\r\n    min-width: auto;\r\n    background: #FCC632;\r\n    color: #3C48AA;\r\n  }\r\n  .news-post .input {\r\n    position: relative;\r\n    padding-bottom: 10px;\r\n  }\r\n  .news-post .error-message-ad {\r\n    font-size: .875rem;\r\n    line-height: 130%;\r\n    color: #D50021;\r\n    margin-left: 4px;\r\n  }\r\n  .news-post .error {\r\n    border: 1px solid #D50021;\r\n  }\r\n  .news-post #message-form-ad {\r\n    border-radius: 4px;\r\n    padding: 0.7rem;\r\n    font-size:0.8rem;\r\n    text-align: center;\r\n    align-items: center;\r\n    justify-content: center;\r\n    display: none;\r\n  }\r\n  .news-post #message-form-ad svg {\r\n    margin-right: 8px;\r\n  }\r\n\r\n  @media(min-width: 561px) {\r\n    .news-post {\r\n      position: relative;\r\n      background: url('https:\/\/www.aurum.com.br\/blog\/wp-content\/themes\/aurum\/img\/bg-news-artigo.svg') no-repeat top center #3C48AA;\r\n      width: calc(100% - 30px);\r\n    }\r\n    .news-post .icone {\r\n      display: block;\r\n      position: absolute;\r\n      right: -30px;\r\n      top: 65px;\r\n      max-width: 142px;\r\n      width: 100%;\r\n      height: auto;\r\n      margin: 0;\r\n    }\r\n    .news-post .title {\r\n      font-size: 1.125rem;\r\n      text-align: left;\r\n      \/* padding-right: 3.75rem; *\/\r\n    }\r\n    .news-post p {\r\n      font-size: 1rem;\r\n      text-align: left;\r\n      max-width: 400px;\r\n    }\r\n    .news-post .boxes {\r\n      display: flex;\r\n      align-items: flex-start;\r\n    }\r\n    .news-post button {\r\n      margin: 0 0 0 1rem;\r\n      width: 100%;\r\n      max-width: 170px;\r\n      min-width: auto;\r\n      transition: all ease .3s\r\n    }\r\n    .news-post button:hover {\r\n      opacity: 0.9;\r\n      transition: all ease .3s\r\n    }\r\n    .news-post #message-form-ad {\r\n      padding: 1.125rem;\r\n      font-size:1rem;\r\n    }\r\n    .news-post #message-form-ad svg {\r\n      margin-right: 10px;\r\n    }\r\n  }\r\n<\/style>\r\n\r\n<div class=\"news-post\">\r\n  <div class=\"title news-ad-title\">Gostou do artigo e quer evoluir a sua advocacia?<\/div>\r\n  <p class=\"news-ad-subtitle\">Assine gr\u00e1tis a Aurum News e receba uma dose semanal de conte\u00fado no seu e-mail! \u270c\ufe0f<\/p>\r\n  <img decoding=\"async\" src=\"https:\/\/www.aurum.com.br\/blog\/wp-content\/themes\/aurum\/img\/icon-news-artigo.svg\" alt=\"\" class=\"icone\">\r\n\r\n  <form method=\"post\" name=\"newsletter-ad\" id=\"aurum-newsletter-ad\">\r\n    <div class=boxes>\r\n      <div class=\"input\">\r\n        <label class=\"label-email\" htmlFor=\"email-ad\">Qual seu e-mail?<\/label>\r\n        <input type=\"email\" id=\"email-ad\" name=\"newsletter-mail-ad\" placeholder=\"Digite seu e-mail?\">\r\n        <div class=\"error-message-ad-email\">Endere\u00e7o de e-mail inv\u00e1lido ou incorreto<\/div>\r\n\r\n        <label class=\"label-select\" htmlFor=\"lawsuits-select-ad\">\r\n          Quantos processos voc\u00ea ou<br class=\"for-desktop\"\/> seu escrit\u00f3rio acompanham?\r\n        <\/label>\r\n        <div id=\"lawsuits-select-ad\" class=\"lawsuits-select select-wrapper\" tabindex=\"0\">\r\n          <div class=\"s-dropdown--styled\">\r\n          <span class=\"lawsuits-default\">\r\n            <span id=\"lawsuits-newsletter-ad\" class=\"lawsuits-default-text\" data-value=\"\">Selecione os processos<\/span>\r\n            <svg class=\"chevron\" xmlns=\"http:\/\/www.w3.org\/2000\/svg\" width=\"24\" height=\"25\" viewBox=\"0 0 24 25\" fill=\"none\">\r\n              <path d=\"M6 15.6152L12 9.61523L18 15.6152\" stroke=\"black\" stroke-width=\"2\" stroke-linecap=\"round\" stroke-linejoin=\"round\" \/>\r\n            <\/svg>\r\n          <\/span>\r\n\r\n          <ul class=\"s-dropdown u-hide\">\r\n            <li class=\"lawsuits\" data-value=\"Mais de 1000 processos\">Mais de 1000 processos<\/li>\r\n            <li class=\"lawsuits\" data-value=\"De 501 a 1000 processos\">De 501 a 1000 processos<\/li>\r\n            <li class=\"lawsuits\" data-value=\"De 151 a 500 processos\">De 151 a 500 processos<\/li>\r\n            <li class=\"lawsuits\" data-value=\"De 41 a 150 processos\">De 41 a 150 processos<\/li>\r\n            <li class=\"lawsuits\" data-value=\"At\u00e9 40 processos\">At\u00e9 40 processos<\/li>\r\n            <li class=\"lawsuits\" data-value=\"Atuo apenas no consultivo\">Atuo apenas no consultivo<\/li>\r\n            <li class=\"lawsuits\" data-value=\"Ainda sou estudante de direito\">Ainda sou estudante de direito<\/li>\r\n            <li class=\"lawsuits\" data-value=\"N\u00e3o sou da \u00e1rea jur\u00eddica\">N\u00e3o sou da \u00e1rea jur\u00eddica<\/li>\r\n          <\/ul>\r\n          <\/div>\r\n        <\/div>\r\n        <div class=\"error-message-ad-lawsuits\">Selecione algum processo<\/div>\r\n      <\/div>\r\n      <button class=\"btn btn-yellow ad-btn-desktop\" id=\"aurum-submit-ad\">Assinar gr\u00e1tis<\/button>\r\n      <button class=\"btn btn-yellow ad-btn-mobile\" id=\"aurum-submit-ad\">Assinar<\/button>\r\n    <\/div>\r\n    <span class=\"news_button_span\">Ao se cadastrar voc\u00ea declara que leu e aceitou a pol\u00edtica de privacidade e cookies do <a href=\"https:\/\/s3.sa-east-1.amazonaws.com\/publico.aurum.com.br\/contratos\/politica-de-privacidade.pdf\" target=\"_blank\" rel=\"noopener noreferrer\">site<\/a>.<\/span>\r\n  <\/form>\r\n  <div id=\"message-form-ad\"><\/div>\r\n<\/div>\n\n\n<h3 class=\"wp-block-heading\">Refer\u00eancias Bibliogr\u00e1ficas<\/h3>\n\n\n\n<p>Lei 8.906\/94<\/p>\n\n\n\n<p>Resolu\u00e7\u00e3o CNE\/CES n\u00ba 5\/2018<\/p>\n\n\n\n<p>Res.CNE\/CES n\u00ba 2\/2021<\/p>\n\n\n\n<p>Res.CNJ n\u00ba 125 de 29\/11\/2010<\/p>\n\n\n\n<p>PI\u00d1EIRO, Regina C\u00e9lia Santana. A IMPORT\u00c2NCIA DO N\u00daCLEO DE PR\u00c1TICA JUR\u00cdDICA PARA A FORMA\u00c7\u00c3O HUMANISTA DO FUTURO ADVOGADO.<\/p>\n\n\n\n<p>WOLKMER, Ant\u00f4nio Carlos. Hist\u00f3ria do direito no Brasil. Rio de Janeiro: Forense, 2002<\/p>\n","protected":false},"excerpt":{"rendered":"<p>O NPJ \u00e9 o laborat\u00f3rio mais completo para a forma\u00e7\u00e3o tanto profissional como pessoal do bacharel em direito. Nele, se aprende a import\u00e2ncia de sempre se buscar a Justi\u00e7a!&nbsp; O que voc\u00ea vai encontrar neste conte\u00fado: O N\u00facleo de Pr\u00e1tica Jur\u00eddica deixou de ser apenas o espa\u00e7o de cumprimento de carga hor\u00e1ria obrigat\u00f3ria no curso [&hellip;]<\/p>\n","protected":false},"author":67,"featured_media":13471,"comment_status":"open","ping_status":"open","sticky":false,"template":"","format":"standard","meta":{"_bbp_topic_count":0,"_bbp_reply_count":0,"_bbp_total_topic_count":0,"_bbp_total_reply_count":0,"_bbp_voice_count":0,"_bbp_anonymous_reply_count":0,"_bbp_topic_count_hidden":0,"_bbp_reply_count_hidden":0,"_bbp_forum_subforum_count":0,"inline_featured_image":false,"footnotes":""},"categories":[45],"tags":[],"class_list":["post-13470","post","type-post","status-publish","format-standard","has-post-thumbnail","hentry","category-teoria-do-direito"],"acf":[],"_links":{"self":[{"href":"https:\/\/www.aurum.com.br\/blog\/wp-json\/wp\/v2\/posts\/13470","targetHints":{"allow":["GET"]}}],"collection":[{"href":"https:\/\/www.aurum.com.br\/blog\/wp-json\/wp\/v2\/posts"}],"about":[{"href":"https:\/\/www.aurum.com.br\/blog\/wp-json\/wp\/v2\/types\/post"}],"author":[{"embeddable":true,"href":"https:\/\/www.aurum.com.br\/blog\/wp-json\/wp\/v2\/users\/67"}],"replies":[{"embeddable":true,"href":"https:\/\/www.aurum.com.br\/blog\/wp-json\/wp\/v2\/comments?post=13470"}],"version-history":[{"count":9,"href":"https:\/\/www.aurum.com.br\/blog\/wp-json\/wp\/v2\/posts\/13470\/revisions"}],"predecessor-version":[{"id":34975,"href":"https:\/\/www.aurum.com.br\/blog\/wp-json\/wp\/v2\/posts\/13470\/revisions\/34975"}],"wp:featuredmedia":[{"embeddable":true,"href":"https:\/\/www.aurum.com.br\/blog\/wp-json\/wp\/v2\/media\/13471"}],"wp:attachment":[{"href":"https:\/\/www.aurum.com.br\/blog\/wp-json\/wp\/v2\/media?parent=13470"}],"wp:term":[{"taxonomy":"category","embeddable":true,"href":"https:\/\/www.aurum.com.br\/blog\/wp-json\/wp\/v2\/categories?post=13470"},{"taxonomy":"post_tag","embeddable":true,"href":"https:\/\/www.aurum.com.br\/blog\/wp-json\/wp\/v2\/tags?post=13470"}],"curies":[{"name":"wp","href":"https:\/\/api.w.org\/{rel}","templated":true}]}}