{"id":13183,"date":"2021-10-28T20:56:00","date_gmt":"2021-10-28T23:56:00","guid":{"rendered":"https:\/\/aurum.com.br\/blog\/?p=13183"},"modified":"2023-06-19T17:26:51","modified_gmt":"2023-06-19T20:26:51","slug":"habeas-data","status":"publish","type":"post","link":"https:\/\/www.aurum.com.br\/blog\/habeas-data\/","title":{"rendered":"Tire todas as suas d\u00favidas sobre o habeas data &#8211; Lei 9.508\/97"},"content":{"rendered":"<div id=\"bsf_rt_marker\"><\/div>\n<pre class=\"wp-block-preformatted\">O <strong>habeas data<\/strong> \u00e9 uma a\u00e7\u00e3o constitucional que tem por objeto o conhecimento ou retifica\u00e7\u00e3o de informa\u00e7\u00f5es pessoais do autor, constantes em bancos de dados de car\u00e1ter p\u00fablico.&nbsp;<\/pre>\n\n\n\n<p>Virou costumeiro explicar a atual economia dos dados a partir da express\u00e3o estrangeira <em>\u201cdata is the new oil\u201d <\/em>(dados s\u00e3o o novo petr\u00f3leo). Seja para entender o comportamento de consumidores, angariar novos clientes ou analisar o mercado.<\/p>\n\n\n\n<p>O fato \u00e9 que grandes empresas t\u00eam investido tempo e recursos para minerar, refinar e explorar os dados dispon\u00edveis na camada digital da sociedade. Mas, a compreens\u00e3o do valor dos dados n\u00e3o \u00e9 recente, e tampouco foi introduzida pela iniciativa privada.&nbsp;<\/p>\n\n\n\n<p>Na verdade, os regimes autorit\u00e1rios que marcaram a Europa e Am\u00e9rica Latina no s\u00e9culo XX j\u00e1 dedicavam for\u00e7as-tarefas para investigar seus cidad\u00e3os e eliminar os dissidentes.&nbsp;No caso da ditadura brasileira, o governo arquivava, sigilosamente, informa\u00e7\u00f5es referentes \u00e0 convic\u00e7\u00e3o filos\u00f3fica, pol\u00edtica e religiosa dos indiv\u00edduos, al\u00e9m de seus comportamentos na esfera \u00edntima.&nbsp;<\/p>\n\n\n\n<p>\u00c9 nesse contexto pol\u00edtico que surge a figura do <em>habeas data.<\/em>&nbsp;<\/p>\n\n\n\n<p>Positivado pela primeira vez na Constitui\u00e7\u00e3o de 1988, o <em>habeas data <\/em>evoca os abusos estatais dos anos 1964 a 1985. Nasce como meio de impedir a coleta indiscriminada de dados de supostos \u201cinimigos do regime\u201d.<\/p>\n\n\n\n<p>E, posteriormente, se torna esperan\u00e7a aos familiares dos desaparecidos nas m\u00e3os dos militares. Isto \u00e9, na medida em que revela as informa\u00e7\u00f5es em posse do Estado. <\/p>\n\n\n\n<p>Continue a leitura para entender mais sobre esse dispositivo! \ud83d\ude09 <\/p>\n\n\n\n<h2 class=\"wp-block-heading\">O que \u00e9 o habeas data?&nbsp;<\/h2>\n\n\n\n<p>Tal como o mandado de seguran\u00e7a, o <em>habeas data <\/em>\u00e9 um rem\u00e9dio constitucional. Ou seja, \u00e9 um instrumento previsto na Constitui\u00e7\u00e3o para que cada cidad\u00e3o possa frear ilegalidades ou abusos de poder cometidos por autoridades p\u00fablicas.<\/p>\n\n\n\n<p>No caso da Constitui\u00e7\u00e3o de 1988, o artigo 5\u00ba, inciso LXXII, garantiu o direito fundamental ao <em>habeas data. <\/em>Seu intuito \u00e9 assegurar, ao autor da a\u00e7\u00e3o, o conhecimento de suas informa\u00e7\u00f5es dispon\u00edveis em bancos de dados de entidades governamentais ou de car\u00e1ter p\u00fablico. Assim como, para corrigir dados equivocadamente coletados.&nbsp;<\/p>\n\n\n\n<p>Desta forma, especificamente no caso do <em>habeas data<\/em>, o abuso de poder atacado \u00e9 a vigil\u00e2ncia indevida sobre determinado sujeito, ou a manuten\u00e7\u00e3o de dados incorretos.&nbsp;<\/p>\n\n\n\n<p><em>Voc\u00ea pode ler mais sobre rem\u00e9dios constitucionais aqui no Portal da Aurum!<\/em><\/p>\n\n\n\n<figure class=\"wp-block-image size-large is-resized\"><img decoding=\"async\" src=\"https:\/\/www.aurum.com.br\/blog\/wp-content\/uploads\/2021\/10\/o-que-e-habeas-data-1024x1024.jpg\" alt=\"\" class=\"wp-image-13188\" width=\"840\" height=\"840\" srcset=\"https:\/\/www.aurum.com.br\/blog\/wp-content\/uploads\/2021\/10\/o-que-e-habeas-data.jpg 1024w, https:\/\/www.aurum.com.br\/blog\/wp-content\/uploads\/2021\/10\/o-que-e-habeas-data-300x300.jpg 300w, https:\/\/www.aurum.com.br\/blog\/wp-content\/uploads\/2021\/10\/o-que-e-habeas-data-150x150.jpg 150w, https:\/\/www.aurum.com.br\/blog\/wp-content\/uploads\/2021\/10\/o-que-e-habeas-data-768x768.jpg 768w\" sizes=\"(max-width: 840px) 100vw, 840px\" \/><figcaption class=\"wp-element-caption\"><em>Confira para que serve o habeas data e compartilhe nas redes sociais!<\/em><\/figcaption><\/figure>\n\n\n\n<h2 class=\"wp-block-heading\">Qual a diferen\u00e7a entre habeas corpus e habeas data?&nbsp;<\/h2>\n\n\n\n<p>Eis uma d\u00favida de destaque nos servi\u00e7os de busca online. Talvez porque muitos deixem de formular a pergunta em raz\u00e3o da apar\u00eancia trivial e por for\u00e7a da timidez. A diferen\u00e7a entre os rem\u00e9dios constitucionais <strong>est\u00e1 na finalidade de cada um.<\/strong>&nbsp;&nbsp;<\/p>\n\n\n\n<p>O <em>habeas corpus <\/em>serve para defender aquele que sofre limita\u00e7\u00e3o, ou amea\u00e7a de limita\u00e7\u00e3o, \u00e0 liberdade de locomo\u00e7\u00e3o. Por isso, possui car\u00e1ter eminentemente penal.<\/p>\n\n\n\n<p>Por sua vez, o <em>habeas data<\/em>, objeto de nossa aten\u00e7\u00e3o, \u00e9 direcionado para obten\u00e7\u00e3o ou retifica\u00e7\u00e3o de dados em posse da autoridade p\u00fablica. Possui car\u00e1ter civil e a prote\u00e7\u00e3o \u00e9 sobretudo direcionada ao direito de privacidade.&nbsp;<\/p>\n\n\n\n<p>Na realidade, al\u00e9m do <em>status<\/em> de a\u00e7\u00f5es constitucionais, as figuras nutrem entre si poucas semelhan\u00e7as. Se a confus\u00e3o \u00e9 por causa do prenome id\u00eantico, sugiro que os tra\u00e7os de diferencia\u00e7\u00e3o se concentrem no objeto da express\u00e3o em latim:&nbsp;<\/p>\n\n\n\n<ul class=\"wp-block-list\">\n<li><em>corpus<\/em> sugere a coa\u00e7\u00e3o f\u00edsica \u2013 corporal \u2013 \u00e0 liberdade;&nbsp;<\/li>\n\n\n\n<li><em>data<\/em> significa dados.&nbsp;<\/li>\n<\/ul>\n\n\n\n<p>Portanto, o primeiro protege o corpo da viola\u00e7\u00e3o estatal, o segundo protege os dados pessoais.&nbsp;&nbsp;<\/p>\n\n\n\n<p><em>Confira o que \u00e9 o <a href=\"https:\/\/www.aurum.com.br\/blog\/habeas-corpus\/\">habeas corpus <\/a>aqui no Portal da Aurum!<\/em><\/p>\n\n\n\n<h2 class=\"wp-block-heading\">A Lei do Habeas Data (Lei n\u00ba 9.507\/97) e sua regulamenta\u00e7\u00e3o.&nbsp;<\/h2>\n\n\n\n<p>Apesar da enuncia\u00e7\u00e3o constitucional do <em>habeas data<\/em>, o instituto possui regulamenta\u00e7\u00e3o aut\u00f4noma na Lei n\u00ba 9.507\/97.&nbsp;<\/p>\n\n\n\n<p>\u00c9 no diploma infraconstitucional que se encontram:<\/p>\n\n\n\n<ul class=\"wp-block-list\">\n<li>as hip\u00f3teses de cabimento;<\/li>\n\n\n\n<li>os pressupostos de admissibilidade;<\/li>\n\n\n\n<li>as condi\u00e7\u00f5es de legitimidade das partes;<\/li>\n\n\n\n<li>a compet\u00eancia de julgamento;<\/li>\n\n\n\n<li>e, o procedimento judicial.&nbsp;<\/li>\n<\/ul>\n\n\n\n<h2 class=\"wp-block-heading\">Quais os requisitos do habeas data?&nbsp;<\/h2>\n\n\n\n<p>Nos termos do artigo 7\u00ba da Lei n\u00ba&nbsp;9.507\/97, ser\u00e1 cab\u00edvel o <em>habeas data<\/em> em tr\u00eas hip\u00f3teses:&nbsp;<\/p>\n\n\n\n<ol class=\"wp-block-list\">\n<li>assegurar o conhecimento de informa\u00e7\u00f5es relativas \u00e0 pessoa do impetrante;<\/li>\n\n\n\n<li>retificar os dados dispon\u00edveis no banco, quando o impetrante n\u00e3o preferir faz\u00ea-lo por processo sigiloso;<\/li>\n\n\n\n<li>para a anota\u00e7\u00e3o nos documentos do interessado, de explica\u00e7\u00e3o sobre dado verdadeiro, mas que exija justificativa.&nbsp;<\/li>\n<\/ol>\n\n\n\n<p>Assim, al\u00e9m dos elementos necess\u00e1rios em toda peti\u00e7\u00e3o civil, teremos que estar diante de ao menos uma dessas situa\u00e7\u00f5es. A partir disso, a peti\u00e7\u00e3o inicial do habeas data dever\u00e1 vir acompanhada da prova da recusa ao acesso \u00e0s informa\u00e7\u00f5es, ou do decurso de mais de dez dias do pedido sem decis\u00e3o.&nbsp;<\/p>\n\n\n\n<p>Sendo caso de retifica\u00e7\u00e3o ou explica\u00e7\u00e3o de informa\u00e7\u00f5es, valer\u00e1 a recusa, ou o decurso de quinze dias. A negativa da via administrativa expl\u00edcita ou t\u00e1cita \u00e9 condi\u00e7\u00e3o da a\u00e7\u00e3o.&nbsp;<\/p>\n\n\n\n<p>Assim ficou decidido na S\u00famula 2 do Superior Tribunal de Justi\u00e7a, ao determinar que:<\/p>\n\n\n\n<blockquote class=\"wp-block-quote is-layout-flow wp-block-quote-is-layout-flow\">\n<p><em>N\u00e3o cabe habeas data (CF, art. 5\u00ba, LXXII, a) se n\u00e3o houve recusa de informa\u00e7\u00f5es por parte da autoridade administrativa.\u201d&nbsp;<\/em><\/p>\n<\/blockquote>\n\n\n\n<p>Do contr\u00e1rio, simplesmente n\u00e3o haveria interesse de agir. Isto \u00e9, n\u00e3o haveria utilidade em mover o Poder Judici\u00e1rio.&nbsp;<\/p>\n\n\n\n<p>Em caso de indeferimento da peti\u00e7\u00e3o inicial, caber\u00e1 apela\u00e7\u00e3o, nos termos do art. 10, par\u00e1grafo \u00fanico e art. 15 da Lei do Habeas Data.&nbsp;<\/p>\n\n\n\n<style>\n    #adpost-block_e962587885ee028e2cc5f6aee6666086.anuncio-post-reverse {\n        display: flex;\n        gap: 24px;\n        border-radius: 8px;\n        width: 100%;\n        max-width: 752px;\n        padding: 40px;\n        background: #e7f4fe;\n        margin: 16px auto;\n    }\n\n    #adpost-block_e962587885ee028e2cc5f6aee6666086 .anuncio-container {\n        display: flex;\n        flex-direction: column;\n        gap: 24px;\n        width: 100%;\n        max-width: 333px;\n    }\n\n    #adpost-block_e962587885ee028e2cc5f6aee6666086 .anuncio-container .logo {\n        width: 100%;\n        max-width: 177px;\n        margin: 0;\n    }\n\n    #adpost-block_e962587885ee028e2cc5f6aee6666086 .anuncio-text-container {\n        display: flex;\n        flex-direction: column;\n        gap: 24px;\n    }\n\n    #adpost-block_e962587885ee028e2cc5f6aee6666086 .anuncio-text-container .title {\n        font-family: 'Ubuntu';\n        font-size: 1.5rem; \/\/24px\n        font-weight: 700;\n        line-height: 120%;\n        margin: 0;\n        color: #000;\n    }\n\n    #adpost-block_e962587885ee028e2cc5f6aee6666086 .anuncio-text-container .text {\n        font-size: 0.875rem;\n        font-weight: 400;\n        line-height: 170%;\n        color: #000;\n    }\n\n    #adpost-block_e962587885ee028e2cc5f6aee6666086 .anuncio-container .button {\n        display: inline-flex;\n        align-items: center;\n        justify-content: center;\n        width: fit-content;\n        height: 48px;\n        border-radius: 8px;\n        padding: 12px 24px;\n        font-size: 1rem;\n        font-weight: 600;\n        text-decoration: none;\n        background: #008fd5;\n        color: #fff;\n    }\n\n    #adpost-block_e962587885ee028e2cc5f6aee6666086 .image-container {\n        position: relative;\n        width: 100%;\n        height: 100%;\n    }\n\n    #adpost-block_e962587885ee028e2cc5f6aee6666086 .image-container.float {\n        min-height: 236px;\n    }\n\n    #adpost-block_e962587885ee028e2cc5f6aee6666086 .image-container .image-desktop {\n        width: 100%;\n        max-width: 323px;\n        object-fit: contain;\n        margin: 0;\n    }\n\n    #adpost-block_e962587885ee028e2cc5f6aee6666086 .image-container .image-mobile {\n        display: none;\n        width: 100%;\n        max-width: 291px;\n        object-fit: contain;\n        margin: 0;\n    }\n\n    #adpost-block_e962587885ee028e2cc5f6aee6666086 .image-container.float .image-desktop,\n    #adpost-block_e962587885ee028e2cc5f6aee6666086 .image-container.float .image-mobile {\n        position: absolute;\n        right: 0;\n        bottom: 0;\n    }\n\n    #adpost-block_e962587885ee028e2cc5f6aee6666086 .image-container img {\n        border-radius: 8px;\n    }\n\n    \/************\n    * MOBILE \n    *************\/\n    @media (max-width: 1439px) {\n        #adpost-block_e962587885ee028e2cc5f6aee6666086.anuncio-post-reverse {\n            flex-direction: column-reverse;\n            max-width: fit-content;\n            padding: 24px;\n        }\n\n        #adpost-block_e962587885ee028e2cc5f6aee6666086 .anuncio-container {\n            max-width: 280px;\n            align-items: center;\n        }\n\n        #adpost-block_e962587885ee028e2cc5f6aee6666086 .anuncio-container .logo {\n            max-width: 147px;\n        }\n\n        #adpost-block_e962587885ee028e2cc5f6aee6666086 .anuncio-text-container {\n            gap: 8px;\n        }\n\n        #adpost-block_e962587885ee028e2cc5f6aee6666086 .anuncio-text-container .title {\n            font-size: 1.25rem;\n            text-align: center;\n        }\n\n        #adpost-block_e962587885ee028e2cc5f6aee6666086 .anuncio-text-container .text {\n            text-align: center;\n        }\n\n        #adpost-block_e962587885ee028e2cc5f6aee6666086 .anuncio-container .button {\n            width: 100%;\n        }\n\n        #adpost-block_e962587885ee028e2cc5f6aee6666086 .image-container.float {\n            min-height: 182px;\n        }\n\n        #adpost-block_e962587885ee028e2cc5f6aee6666086 .image-container .image-desktop {\n            display: none;\n        }\n\n        #adpost-block_e962587885ee028e2cc5f6aee6666086 .image-container .image-mobile {\n            display: block;\n        }\n    }\n\n    \/*******************\n    * RESET GLOBAL CSS \n    ********************\/\n    #s-post main article .content .image-container img {\n        margin: 0;\n    }\n<\/style>\n\n\n<article id=\"adpost-block_e962587885ee028e2cc5f6aee6666086\" class=\"anuncio-post-reverse\">\n    <div class=\"anuncio-container\">\n        \n        <div class=\"anuncio-text-container\">\n             <h3 class=\"title\" >Seja protagonista da sua advocacia com o Astrea<\/h3>\n            <div class=\"text\" >Tenha tempo para focar no crescimento do seu escrit\u00f3rio, enquanto o Astrea cuida da sua gest\u00e3o jur\u00eddica com intelig\u00eancia.<\/div>        <\/div>\n       \n        <a class=\"button\" href=\"\/astrea\/?utm_source=blog&#038;utm_medium=adpost&#038;utm_campaign=campanha-marca-2026\" target=\"_self\">Conhe\u00e7a o Astrea<\/a>    <\/div>\n\n    <div class=\"image-container\">\n        <img decoding=\"async\" class=\"image-desktop\" src=\"https:\/\/www.aurum.com.br\/blog\/wp-content\/uploads\/2026\/03\/adpos-posicionamento-2026-desktop.png\" alt=\"\" \/>\n        <img decoding=\"async\" class=\"image-mobile\" src=\"https:\/\/www.aurum.com.br\/blog\/wp-content\/uploads\/2026\/03\/adpost-posicionamento-2026-mobile.png\" alt=\"\" \/>    <\/div>\n<\/article>\n\n\n<h2 class=\"wp-block-heading\">Quem pode impetrar habeas data?<\/h2>\n\n\n\n<p>Relativamente \u00e0 legitimidade ativa, o <em>habeas data<\/em><strong> pode ser ajuizado por qualquer pessoa<\/strong>, seja f\u00edsica, jur\u00eddica, nacional ou estrangeira. Isso decorre do <em>status<\/em> de direito fundamental que a pr\u00f3pria a\u00e7\u00e3o possui no ordenamento jur\u00eddico.&nbsp;<\/p>\n\n\n\n<p>Afinal, o <em>caput<\/em> do artigo 5\u00ba estabelece que os direitos fundamentais s\u00e3o garantidos n\u00e3o apenas aos brasileiros, mas a todos aqueles residentes no pa\u00eds.&nbsp;<\/p>\n\n\n\n<p>Em regra, o impetrante s\u00f3 poder\u00e1 pleitear o conhecimento ou retifica\u00e7\u00e3o de suas pr\u00f3prias informa\u00e7\u00f5es. Tal car\u00e1ter personal\u00edssimo \u00e9 consequ\u00eancia natural de seu fundamento: evitar que as informa\u00e7\u00f5es pessoais sejam difundidas a terceiros.&nbsp;&nbsp;<\/p>\n\n\n\n<p>A exce\u00e7\u00e3o foi firmada pelo STJ, ao admitir que os herdeiros leg\u00edtimos do morto e o c\u00f4njuge sup\u00e9rstite possam impetrar o <em>habeas data<\/em>. Indo al\u00e9m da interpreta\u00e7\u00e3o literal do texto, o Tribunal compreendeu o hist\u00f3rico do instituto, dedicado a barrar abusos estatais.<\/p>\n\n\n\n<p>Assim, reconheceu que os \u00f3rg\u00e3os p\u00fablicos n\u00e3o poderiam manter indevidamente informa\u00e7\u00f5es necess\u00e1rias aos familiares do titular. A compreens\u00e3o foi utilizada, principalmente, para que esses legitimados pudessem buscar informa\u00e7\u00f5es de pessoas desaparecidas durante o per\u00edodo da ditadura militar, perseguidos pelo regime.&nbsp;<\/p>\n\n\n\n<h2 class=\"wp-block-heading\">Quem ser\u00e1 sujeito passivo no habeas data?&nbsp;<\/h2>\n\n\n\n<p>No que se refere \u00e0 legitimidade passiva, ser\u00e3o sujeitos os detentores dos bancos de dados de entidades governamentais ou de car\u00e1ter p\u00fablico.&nbsp;<\/p>\n\n\n\n<p>Nesse sentido, j\u00e1 decidiu o STF pelo cabimento de <em>habeas data<\/em> em face dos \u00f3rg\u00e3os da administra\u00e7\u00e3o fazend\u00e1ria. Isto \u00e9, com o intuito de conhecer o pagamento de tributos constantes nos sistemas informatizados.&nbsp;&nbsp;<\/p>\n\n\n\n<p>Contudo, h\u00e1 uma sens\u00edvel discuss\u00e3o sobre a extens\u00e3o dos sujeitos, em raz\u00e3o da express\u00e3o \u201ccar\u00e1ter p\u00fablico\u201d utilizada.&nbsp;<\/p>\n\n\n\n<p>Conforme o par\u00e1grafo \u00fanico do art. 1\u00ba da Lei do Habeas Data, tem car\u00e1ter p\u00fablico todo registro ou banco de dados contendo informa\u00e7\u00f5es que sejam ou que possam ser transmitidas a terceiros ou que n\u00e3o sejam de uso privativo do \u00f3rg\u00e3o ou entidade produtora ou deposit\u00e1ria das informa\u00e7\u00f5es.&nbsp;<\/p>\n\n\n\n<p>Como se v\u00ea, n\u00e3o h\u00e1 nenhum impedimento para propositura da a\u00e7\u00e3o a pessoas jur\u00eddicas de direito privado. Desde que as informa\u00e7\u00f5es armazenadas sejam divulgadas para terceiros.&nbsp;<\/p>\n\n\n\n<h2 class=\"wp-block-heading\">De quem \u00e9 a compet\u00eancia para julgamento do habeas data?&nbsp;<\/h2>\n\n\n\n<p>O artigo 20 da Lei n\u00ba 9.507\/1997 disciplina a compet\u00eancia para processamento do <em>habeas data<\/em>. Em linhas gerais, a inst\u00e2ncia de julgamento origin\u00e1ria ir\u00e1 variar conforme o sujeito passivo da a\u00e7\u00e3o, seguindo a mesma regra de atribui\u00e7\u00e3o do mandado de seguran\u00e7a.<\/p>\n\n\n\n<p>Nesse sentido, caber\u00e1 ao STF julgar o <em>habeas data<\/em> contra os atos:<\/p>\n\n\n\n<ul class=\"wp-block-list\">\n<li>da chefia do Poder Executivo e Legislativo federais;<\/li>\n\n\n\n<li>do Tribunal de Contas da Uni\u00e3o;<\/li>\n\n\n\n<li>do Minist\u00e9rio P\u00fablico Federal;<\/li>\n\n\n\n<li>dos ministros do pr\u00f3prio STF.&nbsp;<\/li>\n<\/ul>\n\n\n\n<p>Por sua vez, ao STJ compete processar a a\u00e7\u00e3o contra os atos dos Ministros de Estado ou do pr\u00f3prio Tribunal. Aos Tribunais Regionais Federais cabe o julgamento de atos do mesmo tribunal ou de um juiz federal.<\/p>\n\n\n\n<p>Por\u00e9m, na grande maioria dos casos a compet\u00eancia ser\u00e1 do juiz federal ou estadual. No primeiro caso, quando o ato for de autoridade federal n\u00e3o enquadrada anteriormente. Por fim, a compet\u00eancia estadual \u00e9 residual, aplic\u00e1vel nos demais casos.&nbsp;<\/p>\n\n\n\n<h2 class=\"wp-block-heading\">Qual o procedimento do habeas data?&nbsp;<\/h2>\n\n\n\n<p>Recebida a peti\u00e7\u00e3o inicial e n\u00e3o sendo caso de pedido liminar, o juiz determinar\u00e1 a notifica\u00e7\u00e3o do polo passivo, para que em at\u00e9 10 dias preste informa\u00e7\u00f5es. Portanto, n\u00e3o se trata propriamente de uma contesta\u00e7\u00e3o. Pois, n\u00e3o deveria haver conflito j\u00e1 que o pedido envolve o interesse p\u00fablico.&nbsp;<\/p>\n\n\n\n<p>Na sequ\u00eancia, ser\u00e1 intimado o representante do Minist\u00e9rio P\u00fablico, para que apresente parecer no prazo de cinco dias. Com a manifesta\u00e7\u00e3o do <em>parquet<\/em>, os autos ser\u00e3o encaminhados para decis\u00e3o.&nbsp;<\/p>\n\n\n\n<p>Sendo procedente o pedido, o juiz designar\u00e1 data e hor\u00e1rio para que o coator apresente ao impetrante informa\u00e7\u00f5es a seu respeito, constante em seus registros, ou apresente em ju\u00edzo a prova da retifica\u00e7\u00e3o ou anota\u00e7\u00e3o requerida.&nbsp;&nbsp;<\/p>\n\n\n\n<p>Justamente por possuir for\u00e7a constitucional, o processo \u00e9 c\u00e9lere e simplificado. N\u00e3o apenas, possui prioridade sobre todos os atos judiciais, com exce\u00e7\u00e3o do <em>habeas corpus<\/em> e do mandado de seguran\u00e7a.&nbsp;<\/p>\n\n\n\n<h2 class=\"wp-block-heading\">A gratuidade do habeas data e a fun\u00e7\u00e3o do advogado.&nbsp;<\/h2>\n\n\n\n<p>Outra caracter\u00edstica da constitucionalidade do <em>habeas data<\/em> est\u00e1 na gratuidade do instrumento. Nos termos do art. 21 da Lei n\u00ba 9.507\/1997, tanto o procedimento administrativo quanto a a\u00e7\u00e3o judicial s\u00e3o isentos de custas.&nbsp;<\/p>\n\n\n\n<p>Isso em nada interfere nos honor\u00e1rios do profissional que ir\u00e1 prestar os servi\u00e7os advocat\u00edcios. O <em>habeas data<\/em> \u00e9 a\u00e7\u00e3o que exige manejo t\u00e9cnico e estudo arguto, al\u00e9m inexistir proveito econ\u00f4mico no resultado.&nbsp;<\/p>\n\n\n\n<p>Dessa forma, o pagamento do advogado dever\u00e1 sempre respeitar o piso \u00e9tico estipulado pela Seccional da OAB onde o patrono se encontra inscrito.&nbsp;<\/p>\n\n\n\n<p>Caso o interessado n\u00e3o possua recursos para arcar com um advogado privado, dever\u00e1 comprovar a insufici\u00eancia econ\u00f4mica e buscar a Defensoria P\u00fablica atuante na comarca. Ou, poder\u00e1 requisitar ao Poder Judici\u00e1rio que lhe seja nomeado um advogado dativo.&nbsp;<\/p>\n\n\n\n<p>Diferentemente do <em>habeas corpus<\/em> que pode ser escrito de pr\u00f3prio punho, a a\u00e7\u00e3o de <em>habeas data<\/em> exige capacidade postulat\u00f3ria. Em outras palavras, \u00e9 preciso que o interessado esteja representado em ju\u00edzo por um advogado ou defensor p\u00fablico.<\/p>\n\n\n\n<p>Ficou com d\u00favidas sobre algum ponto trazido? Para complementar o assunto, n\u00f3s recomendamos o seguinte v\u00eddeo explicativo:&nbsp;<\/p>\n\n\n\n<figure class=\"wp-block-embed is-type-video is-provider-youtube wp-block-embed-youtube wp-embed-aspect-16-9 wp-has-aspect-ratio\"><div class=\"wp-block-embed__wrapper\">\n<iframe title=\"AGU Explica - Habeas Data\" width=\"500\" height=\"281\" src=\"https:\/\/www.youtube.com\/embed\/4XkmDPXsvSc?feature=oembed\" frameborder=\"0\" allow=\"accelerometer; autoplay; clipboard-write; encrypted-media; gyroscope; picture-in-picture; web-share\" referrerpolicy=\"strict-origin-when-cross-origin\" allowfullscreen><\/iframe>\n<\/div><\/figure>\n\n\n\n<h2 class=\"wp-block-heading\">Exemplo de habeas data&nbsp;<\/h2>\n\n\n\n<p>Passadas d\u00e9cadas desde a redemocratiza\u00e7\u00e3o, o instituto do <em>habeas data<\/em> vem perdendo relev\u00e2ncia.<sup> <\/sup>N\u00e3o apenas porque o Estado deixou de investir recursos na investiga\u00e7\u00e3o de seus cidad\u00e3os, mas igualmente porque o acesso \u00e0 informa\u00e7\u00e3o pessoal se tornou muito mais f\u00e1cil.&nbsp;<\/p>\n\n\n\n<p>No mais das vezes, basta o simples pedido administrativo. Ainda assim, restam atos na estrutura p\u00fablica a serem remediados por <em>habeas data<\/em>.&nbsp;<\/p>\n\n\n\n<p>Talvez os principais momentos de constrangimento ao direito \u00e0 informa\u00e7\u00e3o ocorram no bojo da advocacia de servidores p\u00fablicos. Em especial, nos lit\u00edgios envolvendo concursos ou san\u00e7\u00f5es disciplinares.<\/p>\n\n\n\n<p>Nesse sentido, merece destaque o seguinte ement\u00e1rio:&nbsp;<\/p>\n\n\n\n<figure class=\"wp-block-pullquote classe bq-small\"><blockquote><p>DIREITO CONSTITUCIONAL E PROCESSUAL CIVIL \u00ad &#8220;HABEAS DATA&#8221; \u00ad AUS\u00caNCIA DE REPRESENTA\u00c7\u00c3O PROCESSUAL \u00ad IRREGULARIDADE SUPRIDA \u00ad PRELIMINAR DE FALTA DE INTERESSE PROCESSUAL QUE SE CONFUNDE COM O M\u00c9RITO \u00ad &#8220;RELAT\u00d3RIO RESERVADO&#8221; \u00ad DOCUMENTO QUE DIZ RESPEITO AOS ATOS DO MAGISTRADO, POR\u00c9M H\u00c1 COMPROVA\u00c7\u00c3O DE QUE NELE FORAM MENCIONADOS DADOS PESSOAIS QUANTO AO DESEMPENHO PROFISSIONAL DO IMPETRANTE COMO ESCRIV\u00c3O DA VARA C\u00cdVEL DE COLOMBO \u00ad INTERESSE EM TER ACESSO A TAIS DADOS REGULARMENTE DEMONSTRADO \u00ad PREENCHIMENTO DOS REQUISITOS DO ART. 5\u00ba, XXXIII, DA CF, BEM COMO, DA LEI N\u00ba 9514\/97 \u00ad PROCED\u00caNCIA EM PARTE DO PEDIDO.&nbsp;<\/p><\/blockquote><\/figure>\n\n\n\n<p>O julgado em quest\u00e3o cuida de servidor do Poder Judici\u00e1rio que, ap\u00f3s 37 anos de servi\u00e7o p\u00fablico, se viu demitido ap\u00f3s avalia\u00e7\u00e3o de desempenho em relat\u00f3rio reservado, realizado pela magistrada a quem esteve subordinado.&nbsp;<\/p>\n\n\n\n<p>Buscando assegurar conhecimento das anota\u00e7\u00f5es que culminaram na perda do cargo, impetrou <em>habeas data<\/em>. Interessante notar que as informa\u00e7\u00f5es almejadas pelo impetrante dizem respeito ao comportamento adotado e avaliado durante a \u00e9poca em que esteve \u00e0 frente da fun\u00e7\u00e3o p\u00fablica.&nbsp;<\/p>\n\n\n\n<p>Dessa forma, n\u00e3o apenas dados isolados, mas condutas e infer\u00eancias pessoais s\u00e3o igualmente sujeitos \u00e0 demonstra\u00e7\u00e3o por <em>habeas data.&nbsp;<\/em><\/p>\n\n\n\n<h2 class=\"wp-block-heading\">Perguntas frequentes sobre o tema<\/h2>\n\n\n\n<h3 class=\"wp-block-heading\">Habeas data \u00e9 gratuito?&nbsp;<\/h3>\n\n\n\n<p>Nos termos do art. 21 da Lei n\u00ba 9.507\/1997, tanto o procedimento administrativo quanto a a\u00e7\u00e3o judicial do habeas data s\u00e3o isentos de custas. Mas, cuidado! Isso n\u00e3o interfere nos honor\u00e1rios do profissional da advocacia.&nbsp;<\/p>\n\n\n\n<h3 class=\"wp-block-heading\">Qual a lei do habeas data?<\/h3>\n\n\n\n<p>Apesar da enuncia\u00e7\u00e3o constitucional do habeas data, o instituto possui regulamenta\u00e7\u00e3o aut\u00f4noma na Lei n\u00ba 9.507\/97.&nbsp;<\/p>\n\n\n\n<h2 class=\"wp-block-heading\">Conclus\u00e3o<\/h2>\n\n\n\n<p>A exist\u00eancia do <em>habeas data<\/em> conta uma hist\u00f3ria, a hist\u00f3ria da vigil\u00e2ncia do Estado sobre a vida \u00edntima dos cidad\u00e3os. A mera positiva\u00e7\u00e3o do instrumento na Constitui\u00e7\u00e3o atual \u00e9 prova dos excessos vividos durante a ditadura militar.<\/p>\n\n\n\n<p>Felizmente, o <em>habeas data<\/em> tem ca\u00eddo em desuso. Ali\u00e1s, essa \u00e9 a sina de todos os rem\u00e9dios constitucionais, conforme progride a democracia e os abusos de poder perdem espa\u00e7o para a legalidade.<\/p>\n\n\n\n<p>Sua import\u00e2ncia, contudo, permanece atual, sobretudo na economia dos dados. Seja para conhecer que informa\u00e7\u00f5es os \u00f3rg\u00e3os governamentais mant\u00eam sobre o sujeito, seja para verificar que dados t\u00eam sido repassados indevidamente para terceiros, a a\u00e7\u00e3o cab\u00edvel ser\u00e1 o habeas data.&nbsp;<\/p>\n\n\n\n<h3 class=\"wp-block-heading\">Mais conhecimentos para voc\u00ea<\/h3>\n\n\n\n<p>Se voc\u00ea gostou do conte\u00fado e quer adquirir mais conhecimentos sobre Direito, indicamos os seguintes materiais:<\/p>\n\n\n\n<ul class=\"wp-block-list\">\n<li><a href=\"https:\/\/www.aurum.com.br\/blog\/adpf\/\">O que \u00e9 ADPF? Entenda o seu cabimento e efeitos da decis\u00e3o<\/a><\/li>\n\n\n\n<li><a href=\"https:\/\/www.aurum.com.br\/blog\/direito-a-manifestacao\/\">Entenda o que \u00e9 o direito \u00e0 manifesta\u00e7\u00e3o, legisla\u00e7\u00e3o e como funciona<\/a><\/li>\n\n\n\n<li><a href=\"https:\/\/www.aurum.com.br\/blog\/mandado-de-seguranca\/\" data-type=\"URL\" data-id=\"https:\/\/www.aurum.com.br\/blog\/mandado-de-seguranca\/\">Mandado de seguran\u00e7a: como funciona, tipos e modelo gratuito<\/a><\/li>\n\n\n\n<li><a href=\"https:\/\/www.aurum.com.br\/blog\/minimo-existencial\/\" data-type=\"URL\" data-id=\"https:\/\/www.aurum.com.br\/blog\/minimo-existencial\/\">Saiba mais sobre a dignidade da pessoa humana e o m\u00ednimo existencial<\/a><\/li>\n<\/ul>\n\n\n<style>\r\n  .news-post {\r\n    background: url('https:\/\/www.aurum.com.br\/blog\/wp-content\/themes\/aurum\/img\/bg-news-artigo.svg') no-repeat top center #3C48AA;\r\n    padding: 1.5rem;\r\n    border-radius: 6px;\r\n    margin: 1rem 0;\r\n  }\r\n  .news-post .icone {\r\n    display: none;\r\n  }\r\n  .news-post .title {\r\n    font-weight: 700;\r\n    font-size: 16px;\r\n    line-height: 130%;\r\n    text-align: center;\r\n    letter-spacing: -0.5px;\r\n    color: #fff;\r\n    margin-bottom: .9375rem;\r\n  }\r\n  .news-post p {\r\n    font-size: .875rem;\r\n    line-height: 140%;\r\n    text-align: center;\r\n    color: #fff;\r\n    margin-bottom: 1.25rem;\r\n  }\r\n  .news-post .news_button_span {\r\n    font-size: .8125rem;\r\n    display: block;\r\n    padding: .125rem .3125rem;\r\n    color: #fff;\r\n    text-align:left;\r\n  }\r\n  .news-post .news_button_span a {\r\n    color: #fff !important;\r\n    text-decoration: underline;\r\n  }\r\n  .news-post form {\r\n    width: 100%;\r\n  }\r\n  .news-post label {\r\n    font-weight: 600;\r\n    font-size: .9375rem;\r\n    line-height: 1.5rem;\r\n    margin-bottom: .5rem;\r\n    color: #fff;\r\n    display: block;\r\n  }\r\n  .news-post input {\r\n    background: #fff;\r\n    border: 1px solid #CBCBD9;\r\n    box-sizing: border-box;\r\n    border-radius: 4px;\r\n    padding: .75rem 1rem;\r\n    width: 100%;\r\n  }\r\n  .news-post button {\r\n    margin-top: .875rem;\r\n    width: 100%;\r\n    min-width: auto;\r\n    background: #FCC632;\r\n    color: #3C48AA;\r\n  }\r\n  .news-post .input {\r\n    position: relative;\r\n    padding-bottom: 10px;\r\n  }\r\n  .news-post .error-message-ad {\r\n    font-size: .875rem;\r\n    line-height: 130%;\r\n    color: #D50021;\r\n    margin-left: 4px;\r\n  }\r\n  .news-post .error {\r\n    border: 1px solid #D50021;\r\n  }\r\n  .news-post #message-form-ad {\r\n    border-radius: 4px;\r\n    padding: 0.7rem;\r\n    font-size:0.8rem;\r\n    text-align: center;\r\n    align-items: center;\r\n    justify-content: center;\r\n    display: none;\r\n  }\r\n  .news-post #message-form-ad svg {\r\n    margin-right: 8px;\r\n  }\r\n\r\n  @media(min-width: 561px) {\r\n    .news-post {\r\n      position: relative;\r\n      background: url('https:\/\/www.aurum.com.br\/blog\/wp-content\/themes\/aurum\/img\/bg-news-artigo.svg') no-repeat top center #3C48AA;\r\n      width: calc(100% - 30px);\r\n    }\r\n    .news-post .icone {\r\n      display: block;\r\n      position: absolute;\r\n      right: -30px;\r\n      top: 65px;\r\n      max-width: 142px;\r\n      width: 100%;\r\n      height: auto;\r\n      margin: 0;\r\n    }\r\n    .news-post .title {\r\n      font-size: 1.125rem;\r\n      text-align: left;\r\n      \/* padding-right: 3.75rem; *\/\r\n    }\r\n    .news-post p {\r\n      font-size: 1rem;\r\n      text-align: left;\r\n      max-width: 400px;\r\n    }\r\n    .news-post .boxes {\r\n      display: flex;\r\n      align-items: flex-start;\r\n    }\r\n    .news-post button {\r\n      margin: 0 0 0 1rem;\r\n      width: 100%;\r\n      max-width: 170px;\r\n      min-width: auto;\r\n      transition: all ease .3s\r\n    }\r\n    .news-post button:hover {\r\n      opacity: 0.9;\r\n      transition: all ease .3s\r\n    }\r\n    .news-post #message-form-ad {\r\n      padding: 1.125rem;\r\n      font-size:1rem;\r\n    }\r\n    .news-post #message-form-ad svg {\r\n      margin-right: 10px;\r\n    }\r\n  }\r\n<\/style>\r\n\r\n<div class=\"news-post\">\r\n  <div class=\"title news-ad-title\">Gostou do artigo e quer evoluir a sua advocacia?<\/div>\r\n  <p class=\"news-ad-subtitle\">Assine gr\u00e1tis a Aurum News e receba uma dose semanal de conte\u00fado no seu e-mail! \u270c\ufe0f<\/p>\r\n  <img decoding=\"async\" src=\"https:\/\/www.aurum.com.br\/blog\/wp-content\/themes\/aurum\/img\/icon-news-artigo.svg\" alt=\"\" class=\"icone\">\r\n\r\n  <form method=\"post\" name=\"newsletter-ad\" id=\"aurum-newsletter-ad\">\r\n    <div class=boxes>\r\n      <div class=\"input\">\r\n        <label class=\"label-email\" htmlFor=\"email-ad\">Qual seu e-mail?<\/label>\r\n        <input type=\"email\" id=\"email-ad\" name=\"newsletter-mail-ad\" placeholder=\"Digite seu e-mail?\">\r\n        <div class=\"error-message-ad-email\">Endere\u00e7o de e-mail inv\u00e1lido ou incorreto<\/div>\r\n\r\n        <label class=\"label-select\" htmlFor=\"lawsuits-select-ad\">\r\n          Quantos processos voc\u00ea ou<br class=\"for-desktop\"\/> seu escrit\u00f3rio acompanham?\r\n        <\/label>\r\n        <div id=\"lawsuits-select-ad\" class=\"lawsuits-select select-wrapper\" tabindex=\"0\">\r\n          <div class=\"s-dropdown--styled\">\r\n          <span class=\"lawsuits-default\">\r\n            <span id=\"lawsuits-newsletter-ad\" class=\"lawsuits-default-text\" data-value=\"\">Selecione os processos<\/span>\r\n            <svg class=\"chevron\" xmlns=\"http:\/\/www.w3.org\/2000\/svg\" width=\"24\" height=\"25\" viewBox=\"0 0 24 25\" fill=\"none\">\r\n              <path d=\"M6 15.6152L12 9.61523L18 15.6152\" stroke=\"black\" stroke-width=\"2\" stroke-linecap=\"round\" stroke-linejoin=\"round\" \/>\r\n            <\/svg>\r\n          <\/span>\r\n\r\n          <ul class=\"s-dropdown u-hide\">\r\n            <li class=\"lawsuits\" data-value=\"Mais de 1000 processos\">Mais de 1000 processos<\/li>\r\n            <li class=\"lawsuits\" data-value=\"De 501 a 1000 processos\">De 501 a 1000 processos<\/li>\r\n            <li class=\"lawsuits\" data-value=\"De 151 a 500 processos\">De 151 a 500 processos<\/li>\r\n            <li class=\"lawsuits\" data-value=\"De 41 a 150 processos\">De 41 a 150 processos<\/li>\r\n            <li class=\"lawsuits\" data-value=\"At\u00e9 40 processos\">At\u00e9 40 processos<\/li>\r\n            <li class=\"lawsuits\" data-value=\"Atuo apenas no consultivo\">Atuo apenas no consultivo<\/li>\r\n            <li class=\"lawsuits\" data-value=\"Ainda sou estudante de direito\">Ainda sou estudante de direito<\/li>\r\n            <li class=\"lawsuits\" data-value=\"N\u00e3o sou da \u00e1rea jur\u00eddica\">N\u00e3o sou da \u00e1rea jur\u00eddica<\/li>\r\n          <\/ul>\r\n          <\/div>\r\n        <\/div>\r\n        <div class=\"error-message-ad-lawsuits\">Selecione algum processo<\/div>\r\n      <\/div>\r\n      <button class=\"btn btn-yellow ad-btn-desktop\" id=\"aurum-submit-ad\">Assinar gr\u00e1tis<\/button>\r\n      <button class=\"btn btn-yellow ad-btn-mobile\" id=\"aurum-submit-ad\">Assinar<\/button>\r\n    <\/div>\r\n    <span class=\"news_button_span\">Ao se cadastrar voc\u00ea declara que leu e aceitou a pol\u00edtica de privacidade e cookies do <a href=\"https:\/\/s3.sa-east-1.amazonaws.com\/publico.aurum.com.br\/contratos\/politica-de-privacidade.pdf\" target=\"_blank\" rel=\"noopener noreferrer\">site<\/a>.<\/span>\r\n  <\/form>\r\n  <div id=\"message-form-ad\"><\/div>\r\n<\/div>\n\n\n<h3 class=\"wp-block-heading\">Refer\u00eancias Bibliogr\u00e1ficas<\/h3>\n\n\n\n<script type=\"application\/ld+json\">\n{\n  \"@context\": \"https:\/\/schema.org\",\n  \"@type\": \"FAQPage\",\n  \"mainEntity\": [{\n    \"@type\": \"Question\",\n    \"name\": \"Habeas data \u00e9 gratuito?\",\n    \"acceptedAnswer\": {\n      \"@type\": \"Answer\",\n      \"text\": \"Nos termos do art. 21 da Lei n\u00ba 9.507\/1997, tanto o procedimento administrativo quanto a a\u00e7\u00e3o judicial do habeas data s\u00e3o isentos de custas. Mas, cuidado! Isso n\u00e3o interfere nos honor\u00e1rios do profissional da advocacia.\"\n    }\n  },{\n    \"@type\": \"Question\",\n    \"name\": \"Qual a lei do habeas data?\",\n    \"acceptedAnswer\": {\n      \"@type\": \"Answer\",\n      \"text\": \"Apesar da enuncia\u00e7\u00e3o constitucional do habeas data, o instituto possui regulamenta\u00e7\u00e3o aut\u00f4noma na Lei n\u00ba 9.507\/97.\"\n    }\n  }]\n}\n<\/script>\n","protected":false},"excerpt":{"rendered":"<p>O habeas data \u00e9 uma a\u00e7\u00e3o constitucional que tem por objeto o conhecimento ou retifica\u00e7\u00e3o de informa\u00e7\u00f5es pessoais do autor, constantes em bancos de dados de car\u00e1ter p\u00fablico.&nbsp; Virou costumeiro explicar a atual economia dos dados a partir da express\u00e3o estrangeira \u201cdata is the new oil\u201d (dados s\u00e3o o novo petr\u00f3leo). Seja para entender o [&hellip;]<\/p>\n","protected":false},"author":66,"featured_media":13184,"comment_status":"open","ping_status":"open","sticky":false,"template":"","format":"standard","meta":{"_bbp_topic_count":0,"_bbp_reply_count":0,"_bbp_total_topic_count":0,"_bbp_total_reply_count":0,"_bbp_voice_count":0,"_bbp_anonymous_reply_count":0,"_bbp_topic_count_hidden":0,"_bbp_reply_count_hidden":0,"_bbp_forum_subforum_count":0,"inline_featured_image":false,"footnotes":""},"categories":[20],"tags":[],"class_list":["post-13183","post","type-post","status-publish","format-standard","has-post-thumbnail","hentry","category-direito-constitucional"],"acf":[],"_links":{"self":[{"href":"https:\/\/www.aurum.com.br\/blog\/wp-json\/wp\/v2\/posts\/13183","targetHints":{"allow":["GET"]}}],"collection":[{"href":"https:\/\/www.aurum.com.br\/blog\/wp-json\/wp\/v2\/posts"}],"about":[{"href":"https:\/\/www.aurum.com.br\/blog\/wp-json\/wp\/v2\/types\/post"}],"author":[{"embeddable":true,"href":"https:\/\/www.aurum.com.br\/blog\/wp-json\/wp\/v2\/users\/66"}],"replies":[{"embeddable":true,"href":"https:\/\/www.aurum.com.br\/blog\/wp-json\/wp\/v2\/comments?post=13183"}],"version-history":[{"count":12,"href":"https:\/\/www.aurum.com.br\/blog\/wp-json\/wp\/v2\/posts\/13183\/revisions"}],"predecessor-version":[{"id":21724,"href":"https:\/\/www.aurum.com.br\/blog\/wp-json\/wp\/v2\/posts\/13183\/revisions\/21724"}],"wp:featuredmedia":[{"embeddable":true,"href":"https:\/\/www.aurum.com.br\/blog\/wp-json\/wp\/v2\/media\/13184"}],"wp:attachment":[{"href":"https:\/\/www.aurum.com.br\/blog\/wp-json\/wp\/v2\/media?parent=13183"}],"wp:term":[{"taxonomy":"category","embeddable":true,"href":"https:\/\/www.aurum.com.br\/blog\/wp-json\/wp\/v2\/categories?post=13183"},{"taxonomy":"post_tag","embeddable":true,"href":"https:\/\/www.aurum.com.br\/blog\/wp-json\/wp\/v2\/tags?post=13183"}],"curies":[{"name":"wp","href":"https:\/\/api.w.org\/{rel}","templated":true}]}}