{"id":13003,"date":"2021-09-30T10:00:00","date_gmt":"2021-09-30T13:00:00","guid":{"rendered":"https:\/\/aurum.com.br\/blog\/?p=13003"},"modified":"2023-06-27T13:05:16","modified_gmt":"2023-06-27T16:05:16","slug":"principio-da-seletividade-tributaria","status":"publish","type":"post","link":"https:\/\/www.aurum.com.br\/blog\/principio-da-seletividade-tributaria\/","title":{"rendered":"O que \u00e9 o princ\u00edpio da seletividade tribut\u00e1ria e seus principais aspectos"},"content":{"rendered":"<div id=\"bsf_rt_marker\"><\/div>\n<p>A compreens\u00e3o do tema do<strong> princ\u00edpio da seletividade tribut\u00e1ria<\/strong> \u00e9 de grande relev\u00e2ncia para os profissionais da advocacia. E, principalmente, para aqueles que querem aprofundar seus conhecimentos sobre IPI e ICMS.&nbsp;<\/p>\n\n\n\n<p>Isso porque a Constitui\u00e7\u00e3o Federal nos traz que o IPI ser\u00e1 seletivo em raz\u00e3o da essencialidade do produto. Enquanto isso, o ICMS poder\u00e1 ser seletivo pela mesma raz\u00e3o.&nbsp;<\/p>\n\n\n\n<p>Mas, o que \u00e9 a seletividade? Buscando responder essa d\u00favida, hoje iremos tratar deste princ\u00edpio. Continue lendo para saber mais \ud83d\ude09&nbsp;<\/p>\n\n\n\n<h2 class=\"wp-block-heading\">O que \u00e9 o princ\u00edpio da seletividade tribut\u00e1ria?&nbsp;<\/h2>\n\n\n\n<p>A seletividade tribut\u00e1ria <strong>determina que produtos, mercadorias e servi\u00e7os sejam tributados em propor\u00e7\u00e3o inversa \u00e0 sua essencialidade.&nbsp;<\/strong><\/p>\n\n\n\n<p>Em outras palavras, quanto mais essencial for o produto industrializado (IPI) ou a mercadoria\/servi\u00e7o (ICMS), menor dever\u00e1 ser o \u00f4nus tribut\u00e1rio destes impostos. Por outro lado, quanto mais dispens\u00e1vel, mais rigorosa ser\u00e1 a tributa\u00e7\u00e3o.<\/p>\n\n\n\n<p>Portanto, h\u00e1 um equil\u00edbrio entre essencialidade e superfluidade do objeto da tributa\u00e7\u00e3o. Como exemplo, podemos considerar que os itens da cesta b\u00e1sica devem ter uma tributa\u00e7\u00e3o mais branda se comparados com os superficiais.&nbsp;<\/p>\n\n\n\n<p>No que diz respeito ao IPI, devemos frisar que a CF\/88 afirma que ele SER\u00c1 seletivo. Ou seja, \u00e9 retirado do legislador infraconstitucional qualquer impulso de restringir ou impedir a aplica\u00e7\u00e3o deste princ\u00edpio. J\u00e1 no que diz respeito ao ICMS, a CF\/88 afirma que ele PODER\u00c1 ser seletivo.&nbsp;<\/p>\n\n\n\n<p>Apesar da aparente liberdade do legislador infraconstitucional neste caso, \u00e9 necess\u00e1rio ressaltarmos que a seletividade tribut\u00e1ria se manifesta como resultado da Capacidade Contributiva. Isto \u00e9, levando em conta o sentido de garantir que cada um contribua nos limites da sua capacidade.&nbsp;<\/p>\n\n\n\n<p>Alguns poderiam argumentar que a sujei\u00e7\u00e3o passiva destes impostos recai sobre as ind\u00fastrias, comerciantes ou at\u00e9 prestadores de servi\u00e7os. E, que deste modo a qualidade do adquirente n\u00e3o seria levada em considera\u00e7\u00e3o na apura\u00e7\u00e3o da capacidade contributiva.&nbsp;<\/p>\n\n\n\n<p>Por\u00e9m, ignorar a realidade de repasse dos tributos ao consumidor final parece bastante incoerente. \u00c9 n\u00edtido que a tributa\u00e7\u00e3o sobre o consumo \u00e9 integralmente absorvida n\u00e3o pelo contribuinte do tributo em si, mas pelo consumidor. E, cuja capacidade contributiva deve ser resguardada.<\/p>\n\n\n\n<figure class=\"wp-block-image size-large is-resized\"><img decoding=\"async\" src=\"https:\/\/www.aurum.com.br\/blog\/wp-content\/uploads\/2021\/09\/principio-da-seletividade-tributaria-1-1024x1024.jpg\" alt=\"Entenda o que \u00e9 o princ\u00edpio da seletividade tribut\u00e1ria e como ele se aplica. \" class=\"wp-image-13010\" width=\"840\" height=\"840\" srcset=\"https:\/\/www.aurum.com.br\/blog\/wp-content\/uploads\/2021\/09\/principio-da-seletividade-tributaria-1.jpg 1024w, https:\/\/www.aurum.com.br\/blog\/wp-content\/uploads\/2021\/09\/principio-da-seletividade-tributaria-1-300x300.jpg 300w, https:\/\/www.aurum.com.br\/blog\/wp-content\/uploads\/2021\/09\/principio-da-seletividade-tributaria-1-150x150.jpg 150w, https:\/\/www.aurum.com.br\/blog\/wp-content\/uploads\/2021\/09\/principio-da-seletividade-tributaria-1-768x768.jpg 768w\" sizes=\"(max-width: 840px) 100vw, 840px\" \/><figcaption class=\"wp-element-caption\"><em>Confira o que \u00e9 o princ\u00edpio da seletividade tribut\u00e1ria e compartilhe nas redes sociais!<\/em><\/figcaption><\/figure>\n\n\n\n<p>Diante disso, se pode afirmar que a seletividade com base na essencialidade do produto, mercadoria ou servi\u00e7o deve ser observada tanto no IPI como no ICMS. Isto \u00e9, sob pena de se tornar inconstitucional.<\/p>\n\n\n\n<p><em>Leia sobre o <a href=\"https:\/\/www.aurum.com.br\/blog\/principio-da-capacidade-contributiva\/\">princ\u00edpio da capacidade contributiva<\/a> aqui no Portal de Aurum!<\/em><\/p>\n\n\n\n<h2 class=\"wp-block-heading\">Aplica\u00e7\u00e3o do princ\u00edpio da seletividade tribut\u00e1ria&nbsp;<\/h2>\n\n\n\n<p>\u00c9 bem verdade que a carga de essencialidade que determinado produto ou servi\u00e7o pode assumir possui elevado grau de subjetividade.&nbsp;<\/p>\n\n\n\n<p>Por essa raz\u00e3o, costumamos determinar como essenciais aqueles produtos industrializados, mercadorias ou servi\u00e7os que possuem \u00edntima rela\u00e7\u00e3o com os direitos fundamentais b\u00e1sicos presentes na CF\/88.&nbsp;&nbsp;<\/p>\n\n\n\n<p>Com isso, invocamos o direito fundamental \u00e0 sa\u00fade como fundamento para uma tributa\u00e7\u00e3o mais leve de medicamentos ou instrumentos m\u00e9dicos.&nbsp;<\/p>\n\n\n\n<p>Por outro lado, a superfluidade se relaciona com produtos, mercadorias ou servi\u00e7os que se distanciam desses direitos fundamentais. Ou que, em determinada medida, sejam dispens\u00e1veis ou at\u00e9 mesmo indesej\u00e1veis. Como \u00e9 o caso dos cigarros, comprovadamente ligados a uma s\u00e9rie de doen\u00e7as.<\/p>\n\n\n\n<p>Se consultada a TIPI, que determina a al\u00edquota de IPI, \u00e9 poss\u00edvel observar que:<\/p>\n\n\n\n<ul class=\"wp-block-list\">\n<li><strong>Al\u00edquota em 0%:<\/strong> o leite, enquanto produto industrializado;<\/li>\n\n\n\n<li><strong>Al\u00edquota em 300%<\/strong>: os cigarros que contenham tabaco, em raz\u00e3o de sua elevada superfluidade.&nbsp;<\/li>\n<\/ul>\n\n\n\n<style>\n    #adpost-block_4cf6cfba128e2ea02435c97ad7587101.anuncio-post-reverse {\n        display: flex;\n        gap: 24px;\n        border-radius: 8px;\n        width: 100%;\n        max-width: 752px;\n        padding: 40px;\n        background: #e7f4fe;\n        margin: 16px auto;\n    }\n\n    #adpost-block_4cf6cfba128e2ea02435c97ad7587101 .anuncio-container {\n        display: flex;\n        flex-direction: column;\n        gap: 24px;\n        width: 100%;\n        max-width: 333px;\n    }\n\n    #adpost-block_4cf6cfba128e2ea02435c97ad7587101 .anuncio-container .logo {\n        width: 100%;\n        max-width: 177px;\n        margin: 0;\n    }\n\n    #adpost-block_4cf6cfba128e2ea02435c97ad7587101 .anuncio-text-container {\n        display: flex;\n        flex-direction: column;\n        gap: 24px;\n    }\n\n    #adpost-block_4cf6cfba128e2ea02435c97ad7587101 .anuncio-text-container .title {\n        font-family: 'Ubuntu';\n        font-size: 1.5rem; \/\/24px\n        font-weight: 700;\n        line-height: 120%;\n        margin: 0;\n        color: #000;\n    }\n\n    #adpost-block_4cf6cfba128e2ea02435c97ad7587101 .anuncio-text-container .text {\n        font-size: 0.875rem;\n        font-weight: 400;\n        line-height: 170%;\n        color: #000;\n    }\n\n    #adpost-block_4cf6cfba128e2ea02435c97ad7587101 .anuncio-container .button {\n        display: inline-flex;\n        align-items: center;\n        justify-content: center;\n        width: fit-content;\n        height: 48px;\n        border-radius: 8px;\n        padding: 12px 24px;\n        font-size: 1rem;\n        font-weight: 600;\n        text-decoration: none;\n        background: #008fd5;\n        color: #fff;\n    }\n\n    #adpost-block_4cf6cfba128e2ea02435c97ad7587101 .image-container {\n        position: relative;\n        width: 100%;\n        height: 100%;\n    }\n\n    #adpost-block_4cf6cfba128e2ea02435c97ad7587101 .image-container.float {\n        min-height: 236px;\n    }\n\n    #adpost-block_4cf6cfba128e2ea02435c97ad7587101 .image-container .image-desktop {\n        width: 100%;\n        max-width: 323px;\n        object-fit: contain;\n        margin: 0;\n    }\n\n    #adpost-block_4cf6cfba128e2ea02435c97ad7587101 .image-container .image-mobile {\n        display: none;\n        width: 100%;\n        max-width: 291px;\n        object-fit: contain;\n        margin: 0;\n    }\n\n    #adpost-block_4cf6cfba128e2ea02435c97ad7587101 .image-container.float .image-desktop,\n    #adpost-block_4cf6cfba128e2ea02435c97ad7587101 .image-container.float .image-mobile {\n        position: absolute;\n        right: 0;\n        bottom: 0;\n    }\n\n    #adpost-block_4cf6cfba128e2ea02435c97ad7587101 .image-container img {\n        border-radius: 8px;\n    }\n\n    \/************\n    * MOBILE \n    *************\/\n    @media (max-width: 1439px) {\n        #adpost-block_4cf6cfba128e2ea02435c97ad7587101.anuncio-post-reverse {\n            flex-direction: column-reverse;\n            max-width: fit-content;\n            padding: 24px;\n        }\n\n        #adpost-block_4cf6cfba128e2ea02435c97ad7587101 .anuncio-container {\n            max-width: 280px;\n            align-items: center;\n        }\n\n        #adpost-block_4cf6cfba128e2ea02435c97ad7587101 .anuncio-container .logo {\n            max-width: 147px;\n        }\n\n        #adpost-block_4cf6cfba128e2ea02435c97ad7587101 .anuncio-text-container {\n            gap: 8px;\n        }\n\n        #adpost-block_4cf6cfba128e2ea02435c97ad7587101 .anuncio-text-container .title {\n            font-size: 1.25rem;\n            text-align: center;\n        }\n\n        #adpost-block_4cf6cfba128e2ea02435c97ad7587101 .anuncio-text-container .text {\n            text-align: center;\n        }\n\n        #adpost-block_4cf6cfba128e2ea02435c97ad7587101 .anuncio-container .button {\n            width: 100%;\n        }\n\n        #adpost-block_4cf6cfba128e2ea02435c97ad7587101 .image-container.float {\n            min-height: 182px;\n        }\n\n        #adpost-block_4cf6cfba128e2ea02435c97ad7587101 .image-container .image-desktop {\n            display: none;\n        }\n\n        #adpost-block_4cf6cfba128e2ea02435c97ad7587101 .image-container .image-mobile {\n            display: block;\n        }\n    }\n\n    \/*******************\n    * RESET GLOBAL CSS \n    ********************\/\n    #s-post main article .content .image-container img {\n        margin: 0;\n    }\n<\/style>\n\n\n<article id=\"adpost-block_4cf6cfba128e2ea02435c97ad7587101\" class=\"anuncio-post-reverse\">\n    <div class=\"anuncio-container\">\n        \n        <div class=\"anuncio-text-container\">\n             <h3 class=\"title\" >Seja protagonista da sua advocacia com o Astrea<\/h3>\n            <div class=\"text\" >Tenha tempo para focar no crescimento do seu escrit\u00f3rio, enquanto o Astrea cuida da sua gest\u00e3o jur\u00eddica com intelig\u00eancia.<\/div>        <\/div>\n       \n        <a class=\"button\" href=\"\/astrea\/?utm_source=blog&#038;utm_medium=adpost&#038;utm_campaign=campanha-marca-2026\" target=\"_self\">Conhe\u00e7a o Astrea<\/a>    <\/div>\n\n    <div class=\"image-container\">\n        <img decoding=\"async\" class=\"image-desktop\" src=\"https:\/\/www.aurum.com.br\/blog\/wp-content\/uploads\/2026\/03\/adpos-posicionamento-2026-desktop.png\" alt=\"\" \/>\n        <img decoding=\"async\" class=\"image-mobile\" src=\"https:\/\/www.aurum.com.br\/blog\/wp-content\/uploads\/2026\/03\/adpost-posicionamento-2026-mobile.png\" alt=\"\" \/>    <\/div>\n<\/article>\n\n\n<h2 class=\"wp-block-heading\">Pontos de aten\u00e7\u00e3o sobre o princ\u00edpio da seletividade tribut\u00e1ria<\/h2>\n\n\n\n<p>Por fim, \u00e9 importante observarmos que a seletividade tribut\u00e1ria pode ser consagrada n\u00e3o somente por meio de redu\u00e7\u00e3o de al\u00edquotas. Mas, por qualquer outro meio que importe em efetiva desonera\u00e7\u00e3o do imposto.&nbsp;<\/p>\n\n\n\n<p>Assim, se pode implementar a seletividade tribut\u00e1ria por meio de:<\/p>\n\n\n\n<ul class=\"wp-block-list\">\n<li>al\u00edquota zero;<\/li>\n\n\n\n<li>isen\u00e7\u00e3o;<\/li>\n\n\n\n<li>imunidade;<\/li>\n\n\n\n<li>redu\u00e7\u00e3o da base de c\u00e1lculo;<\/li>\n\n\n\n<li>concess\u00e3o de cr\u00e9ditos;<\/li>\n\n\n\n<li>etc.<\/li>\n<\/ul>\n\n\n\n<h2 class=\"wp-block-heading\">Conclus\u00e3o<\/h2>\n\n\n\n<p>Sendo assim, chegamos a conclus\u00e3o de que a seletividade tribut\u00e1ria resguarda a capacidade contributiva. Isto \u00e9, ao desonerar bens mais essenciais da tributa\u00e7\u00e3o pelo IPI e ICMS e levar em conta o consumidor que n\u00e3o seria capaz de suportar o \u00f4nus dessa tributa\u00e7\u00e3o indireta.&nbsp;<\/p>\n\n\n\n<p>Al\u00e9m disso, tamb\u00e9m considera a capacidade contributiva mais elevada daqueles que adquirem os produtos sup\u00e9rfluos. E, com isso, \u00e9 poss\u00edvel afirmar que a seletividade tribut\u00e1ria consagra o princ\u00edpio da capacidade contributiva agindo como verdadeiro instrumento de justi\u00e7a social na tributa\u00e7\u00e3o.<\/p>\n\n\n\n<h2 class=\"wp-block-heading\">Mais conhecimentos para voc\u00ea<\/h2>\n\n\n\n<p>Se voc\u00ea gostou desse assunto e deseja saber mais, aqui no Portal voc\u00ea encontra artigos sobre os seguintes temas:<\/p>\n\n\n\n<ul class=\"wp-block-list\">\n<li><a href=\"https:\/\/www.aurum.com.br\/blog\/imunidade-tributaria\/\">Imunidade tribut\u00e1ria<\/a><\/li>\n\n\n\n<li><a href=\"https:\/\/www.aurum.com.br\/blog\/moratoria\/\">Morat\u00f3ria<\/a>: principais aspectos no direito tribut\u00e1rio<\/li>\n\n\n\n<li><a href=\"https:\/\/www.aurum.com.br\/blog\/evasao-fiscal\/\">O que \u00e9 e quando ocorre a evas\u00e3o fiscal<\/a><\/li>\n\n\n\n<li>Principais aspectos e caracter\u00edsticas da\u00a0<a href=\"https:\/\/www.aurum.com.br\/blog\/competencia-tributaria\/\">compet\u00eancia tribut\u00e1ria<\/a><\/li>\n\n\n\n<li><a href=\"https:\/\/www.aurum.com.br\/blog\/principio-legalidade-tributaria\/\">O que \u00e9 o princ\u00edpio da legalidade tribut\u00e1ria e suas aplica\u00e7\u00f5es<\/a><\/li>\n<\/ul>\n\n\n<style>\r\n  .news-post {\r\n    background: url('https:\/\/www.aurum.com.br\/blog\/wp-content\/themes\/aurum\/img\/bg-news-artigo.svg') no-repeat top center #3C48AA;\r\n    padding: 1.5rem;\r\n    border-radius: 6px;\r\n    margin: 1rem 0;\r\n  }\r\n  .news-post .icone {\r\n    display: none;\r\n  }\r\n  .news-post .title {\r\n    font-weight: 700;\r\n    font-size: 16px;\r\n    line-height: 130%;\r\n    text-align: center;\r\n    letter-spacing: -0.5px;\r\n    color: #fff;\r\n    margin-bottom: .9375rem;\r\n  }\r\n  .news-post p {\r\n    font-size: .875rem;\r\n    line-height: 140%;\r\n    text-align: center;\r\n    color: #fff;\r\n    margin-bottom: 1.25rem;\r\n  }\r\n  .news-post .news_button_span {\r\n    font-size: .8125rem;\r\n    display: block;\r\n    padding: .125rem .3125rem;\r\n    color: #fff;\r\n    text-align:left;\r\n  }\r\n  .news-post .news_button_span a {\r\n    color: #fff !important;\r\n    text-decoration: underline;\r\n  }\r\n  .news-post form {\r\n    width: 100%;\r\n  }\r\n  .news-post label {\r\n    font-weight: 600;\r\n    font-size: .9375rem;\r\n    line-height: 1.5rem;\r\n    margin-bottom: .5rem;\r\n    color: #fff;\r\n    display: block;\r\n  }\r\n  .news-post input {\r\n    background: #fff;\r\n    border: 1px solid #CBCBD9;\r\n    box-sizing: border-box;\r\n    border-radius: 4px;\r\n    padding: .75rem 1rem;\r\n    width: 100%;\r\n  }\r\n  .news-post button {\r\n    margin-top: .875rem;\r\n    width: 100%;\r\n    min-width: auto;\r\n    background: #FCC632;\r\n    color: #3C48AA;\r\n  }\r\n  .news-post .input {\r\n    position: relative;\r\n    padding-bottom: 10px;\r\n  }\r\n  .news-post .error-message-ad {\r\n    font-size: .875rem;\r\n    line-height: 130%;\r\n    color: #D50021;\r\n    margin-left: 4px;\r\n  }\r\n  .news-post .error {\r\n    border: 1px solid #D50021;\r\n  }\r\n  .news-post #message-form-ad {\r\n    border-radius: 4px;\r\n    padding: 0.7rem;\r\n    font-size:0.8rem;\r\n    text-align: center;\r\n    align-items: center;\r\n    justify-content: center;\r\n    display: none;\r\n  }\r\n  .news-post #message-form-ad svg {\r\n    margin-right: 8px;\r\n  }\r\n\r\n  @media(min-width: 561px) {\r\n    .news-post {\r\n      position: relative;\r\n      background: url('https:\/\/www.aurum.com.br\/blog\/wp-content\/themes\/aurum\/img\/bg-news-artigo.svg') no-repeat top center #3C48AA;\r\n      width: calc(100% - 30px);\r\n    }\r\n    .news-post .icone {\r\n      display: block;\r\n      position: absolute;\r\n      right: -30px;\r\n      top: 65px;\r\n      max-width: 142px;\r\n      width: 100%;\r\n      height: auto;\r\n      margin: 0;\r\n    }\r\n    .news-post .title {\r\n      font-size: 1.125rem;\r\n      text-align: left;\r\n      \/* padding-right: 3.75rem; *\/\r\n    }\r\n    .news-post p {\r\n      font-size: 1rem;\r\n      text-align: left;\r\n      max-width: 400px;\r\n    }\r\n    .news-post .boxes {\r\n      display: flex;\r\n      align-items: flex-start;\r\n    }\r\n    .news-post button {\r\n      margin: 0 0 0 1rem;\r\n      width: 100%;\r\n      max-width: 170px;\r\n      min-width: auto;\r\n      transition: all ease .3s\r\n    }\r\n    .news-post button:hover {\r\n      opacity: 0.9;\r\n      transition: all ease .3s\r\n    }\r\n    .news-post #message-form-ad {\r\n      padding: 1.125rem;\r\n      font-size:1rem;\r\n    }\r\n    .news-post #message-form-ad svg {\r\n      margin-right: 10px;\r\n    }\r\n  }\r\n<\/style>\r\n\r\n<div class=\"news-post\">\r\n  <div class=\"title news-ad-title\">Gostou do artigo e quer evoluir a sua advocacia?<\/div>\r\n  <p class=\"news-ad-subtitle\">Assine gr\u00e1tis a Aurum News e receba uma dose semanal de conte\u00fado no seu e-mail! \u270c\ufe0f<\/p>\r\n  <img decoding=\"async\" src=\"https:\/\/www.aurum.com.br\/blog\/wp-content\/themes\/aurum\/img\/icon-news-artigo.svg\" alt=\"\" class=\"icone\">\r\n\r\n  <form method=\"post\" name=\"newsletter-ad\" id=\"aurum-newsletter-ad\">\r\n    <div class=boxes>\r\n      <div class=\"input\">\r\n        <label class=\"label-email\" htmlFor=\"email-ad\">Qual seu e-mail?<\/label>\r\n        <input type=\"email\" id=\"email-ad\" name=\"newsletter-mail-ad\" placeholder=\"Digite seu e-mail?\">\r\n        <div class=\"error-message-ad-email\">Endere\u00e7o de e-mail inv\u00e1lido ou incorreto<\/div>\r\n\r\n        <label class=\"label-select\" htmlFor=\"lawsuits-select-ad\">\r\n          Quantos processos voc\u00ea ou<br class=\"for-desktop\"\/> seu escrit\u00f3rio acompanham?\r\n        <\/label>\r\n        <div id=\"lawsuits-select-ad\" class=\"lawsuits-select select-wrapper\" tabindex=\"0\">\r\n          <div class=\"s-dropdown--styled\">\r\n          <span class=\"lawsuits-default\">\r\n            <span id=\"lawsuits-newsletter-ad\" class=\"lawsuits-default-text\" data-value=\"\">Selecione os processos<\/span>\r\n            <svg class=\"chevron\" xmlns=\"http:\/\/www.w3.org\/2000\/svg\" width=\"24\" height=\"25\" viewBox=\"0 0 24 25\" fill=\"none\">\r\n              <path d=\"M6 15.6152L12 9.61523L18 15.6152\" stroke=\"black\" stroke-width=\"2\" stroke-linecap=\"round\" stroke-linejoin=\"round\" \/>\r\n            <\/svg>\r\n          <\/span>\r\n\r\n          <ul class=\"s-dropdown u-hide\">\r\n            <li class=\"lawsuits\" data-value=\"Mais de 1000 processos\">Mais de 1000 processos<\/li>\r\n            <li class=\"lawsuits\" data-value=\"De 501 a 1000 processos\">De 501 a 1000 processos<\/li>\r\n            <li class=\"lawsuits\" data-value=\"De 151 a 500 processos\">De 151 a 500 processos<\/li>\r\n            <li class=\"lawsuits\" data-value=\"De 41 a 150 processos\">De 41 a 150 processos<\/li>\r\n            <li class=\"lawsuits\" data-value=\"At\u00e9 40 processos\">At\u00e9 40 processos<\/li>\r\n            <li class=\"lawsuits\" data-value=\"Atuo apenas no consultivo\">Atuo apenas no consultivo<\/li>\r\n            <li class=\"lawsuits\" data-value=\"Ainda sou estudante de direito\">Ainda sou estudante de direito<\/li>\r\n            <li class=\"lawsuits\" data-value=\"N\u00e3o sou da \u00e1rea jur\u00eddica\">N\u00e3o sou da \u00e1rea jur\u00eddica<\/li>\r\n          <\/ul>\r\n          <\/div>\r\n        <\/div>\r\n        <div class=\"error-message-ad-lawsuits\">Selecione algum processo<\/div>\r\n      <\/div>\r\n      <button class=\"btn btn-yellow ad-btn-desktop\" id=\"aurum-submit-ad\">Assinar gr\u00e1tis<\/button>\r\n      <button class=\"btn btn-yellow ad-btn-mobile\" id=\"aurum-submit-ad\">Assinar<\/button>\r\n    <\/div>\r\n    <span class=\"news_button_span\">Ao se cadastrar voc\u00ea declara que leu e aceitou a pol\u00edtica de privacidade e cookies do <a href=\"https:\/\/s3.sa-east-1.amazonaws.com\/publico.aurum.com.br\/contratos\/politica-de-privacidade.pdf\" target=\"_blank\" rel=\"noopener noreferrer\">site<\/a>.<\/span>\r\n  <\/form>\r\n  <div id=\"message-form-ad\"><\/div>\r\n<\/div>","protected":false},"excerpt":{"rendered":"<p>A compreens\u00e3o do tema do princ\u00edpio da seletividade tribut\u00e1ria \u00e9 de grande relev\u00e2ncia para os profissionais da advocacia. E, principalmente, para aqueles que querem aprofundar seus conhecimentos sobre IPI e ICMS.&nbsp; Isso porque a Constitui\u00e7\u00e3o Federal nos traz que o IPI ser\u00e1 seletivo em raz\u00e3o da essencialidade do produto. Enquanto isso, o ICMS poder\u00e1 ser [&hellip;]<\/p>\n","protected":false},"author":49,"featured_media":13004,"comment_status":"open","ping_status":"open","sticky":false,"template":"","format":"standard","meta":{"_bbp_topic_count":0,"_bbp_reply_count":0,"_bbp_total_topic_count":0,"_bbp_total_reply_count":0,"_bbp_voice_count":0,"_bbp_anonymous_reply_count":0,"_bbp_topic_count_hidden":0,"_bbp_reply_count_hidden":0,"_bbp_forum_subforum_count":0,"inline_featured_image":false,"footnotes":""},"categories":[36],"tags":[],"class_list":["post-13003","post","type-post","status-publish","format-standard","has-post-thumbnail","hentry","category-direito-tributario"],"acf":[],"_links":{"self":[{"href":"https:\/\/www.aurum.com.br\/blog\/wp-json\/wp\/v2\/posts\/13003","targetHints":{"allow":["GET"]}}],"collection":[{"href":"https:\/\/www.aurum.com.br\/blog\/wp-json\/wp\/v2\/posts"}],"about":[{"href":"https:\/\/www.aurum.com.br\/blog\/wp-json\/wp\/v2\/types\/post"}],"author":[{"embeddable":true,"href":"https:\/\/www.aurum.com.br\/blog\/wp-json\/wp\/v2\/users\/49"}],"replies":[{"embeddable":true,"href":"https:\/\/www.aurum.com.br\/blog\/wp-json\/wp\/v2\/comments?post=13003"}],"version-history":[{"count":5,"href":"https:\/\/www.aurum.com.br\/blog\/wp-json\/wp\/v2\/posts\/13003\/revisions"}],"predecessor-version":[{"id":22294,"href":"https:\/\/www.aurum.com.br\/blog\/wp-json\/wp\/v2\/posts\/13003\/revisions\/22294"}],"wp:featuredmedia":[{"embeddable":true,"href":"https:\/\/www.aurum.com.br\/blog\/wp-json\/wp\/v2\/media\/13004"}],"wp:attachment":[{"href":"https:\/\/www.aurum.com.br\/blog\/wp-json\/wp\/v2\/media?parent=13003"}],"wp:term":[{"taxonomy":"category","embeddable":true,"href":"https:\/\/www.aurum.com.br\/blog\/wp-json\/wp\/v2\/categories?post=13003"},{"taxonomy":"post_tag","embeddable":true,"href":"https:\/\/www.aurum.com.br\/blog\/wp-json\/wp\/v2\/tags?post=13003"}],"curies":[{"name":"wp","href":"https:\/\/api.w.org\/{rel}","templated":true}]}}