{"id":12743,"date":"2024-12-03T08:06:42","date_gmt":"2024-12-03T11:06:42","guid":{"rendered":"https:\/\/aurum.com.br\/blog\/?p=12743"},"modified":"2024-12-03T08:09:23","modified_gmt":"2024-12-03T11:09:23","slug":"reclamacao-trabalhista","status":"publish","type":"post","link":"https:\/\/www.aurum.com.br\/blog\/reclamacao-trabalhista\/","title":{"rendered":"Melhores dicas de como fazer uma reclama\u00e7\u00e3o trabalhista"},"content":{"rendered":"<div id=\"bsf_rt_marker\"><\/div>\n<pre class=\"wp-block-preformatted\"><strong>Reclama\u00e7\u00e3o trabalhista<\/strong> \u00e9 o nome dado \u00e0s a\u00e7\u00f5es judiciais trabalhistas que s\u00e3o movidas pelo trabalhador contra o seu empregador.<\/pre>\n\n\n\n<p>Construir uma<strong> <\/strong>Reclama\u00e7\u00e3o Trabalhista eficaz exige mais do que conhecer as leis. A pe\u00e7a processual precisa ser coesa, eloquente e organizada, com argumentos claros e bem fundamentados.&nbsp;<\/p>\n\n\n\n<p>Neste guia, exploramos estrat\u00e9gias para dominar essa arte e garantir os direitos dos seus clientes.<\/p>\n\n\n\n<p>Antes de adentrarmos em como deve ser feita uma Reclama\u00e7\u00e3o Trabalhista, vamos analisar quando ela deve ser proposta.<\/p>\n\n\n\n<h2 class=\"wp-block-heading\">O que \u00e9 uma reclama\u00e7\u00e3o trabalhista?<\/h2>\n\n\n\n<p>Reclama\u00e7\u00e3o trabalhista \u00e9 o nome dado a v\u00e1rios tipos de a\u00e7\u00f5es judiciais que tramitam na Justi\u00e7a do Trabalho. E, geralmente \u00e9 movida pelo trabalhador contra seu empregador. Assim, pleiteando uma tutela condenat\u00f3ria.&nbsp;<\/p>\n\n\n\n<p>Embora o nome seja estranho para os colegas civilistas, a Reclama\u00e7\u00e3o trabalhista \u00e9 o <strong>nome do diss\u00eddio individual na Justi\u00e7a do Trabalho.<\/strong>&nbsp;<\/p>\n\n\n\n<p>Este nome \u00e9 em raz\u00e3o das suas origens, quando os lit\u00edgios eram administrativos, geridos pela Justi\u00e7a Laboral, que era um \u00f3rg\u00e3o ligado ao Poder Executivo.<\/p>\n\n\n\n<h2 class=\"wp-block-heading\">Quando a reclama\u00e7\u00e3o trabalhista deve ser proposta?&nbsp;<\/h2>\n\n\n\n<p>A Reclama\u00e7\u00e3o trabalhista \u00e9 <strong>utilizada para requerer qualquer esp\u00e9cie de tutela jurisdicional<\/strong>. Embora seja mais comum encontrar pedidos condenat\u00f3rios, o trabalhador pode pleitear desde uma tutela com efic\u00e1cia declarat\u00f3ria at\u00e9 uma mandamental, quando se trata de reintegra\u00e7\u00e3o, por exemplo.<\/p>\n\n\n\n<p>\u00c9 poss\u00edvel entrar com uma Reclama\u00e7\u00e3o Trabalhista mesmo durante a vig\u00eancia do <a href=\"https:\/\/www.aurum.com.br\/blog\/glossario-juridico\/contrato-de-trabalho\/\">contrato de trabalho<\/a>, sem necessidade de esperar pelo seu t\u00e9rmino. Apesar disso, \u00e9 mais frequente que os trabalhadores optem por iniciar a a\u00e7\u00e3o ap\u00f3s a rescis\u00e3o.<\/p>\n\n\n\n<p>No campo das a\u00e7\u00f5es trabalhistas, destacam-se dois tipos principais: as individuais, em que cada trabalhador reivindica seus direitos de forma isolada, e as pl\u00farimas, caracterizadas pela uni\u00e3o de v\u00e1rios trabalhadores em uma \u00fanica a\u00e7\u00e3o, frequentemente representados pelo sindicato de sua categoria.<\/p>\n\n\n\n<h2 class=\"wp-block-heading\">Como deve ser a reclama\u00e7\u00e3o trabalhista e quais seus requisitos?&nbsp;<\/h2>\n\n\n\n<p>O \u00a71\u00ba do art. 840 da CLT nos traz a s\u00edntese de como deve ser a Reclama\u00e7\u00e3o Trabalhista:&nbsp;&nbsp;<\/p>\n\n\n\n<figure class=\"wp-block-pullquote classe bq-small\"><blockquote><p>A reclama\u00e7\u00e3o dever\u00e1 conter a designa\u00e7\u00e3o do ju\u00edzo, a qualifica\u00e7\u00e3o das partes, a breve exposi\u00e7\u00e3o dos fatos de que resulte o diss\u00eddio, o pedido, que dever\u00e1 ser certo, determinado e com indica\u00e7\u00e3o de seu valor, a data e a assinatura do reclamante ou de seu representante.&nbsp;&nbsp;&nbsp;&nbsp;<\/p><\/blockquote><\/figure>\n\n\n\n<p>Ou seja, ela<strong> precisa trazer os pedidos e os fatos,<\/strong> que dever\u00e3o ser postos de maneira objetiva e clara.<\/p>\n\n\n\n<p>A clareza e a objetividade da reclama\u00e7\u00e3o trabalhista, no entanto, dependem da forma como o advogado escreve e se ele domina o que chamaremos de <em>boa escrita jur\u00eddica<\/em>.<\/p>\n\n\n\n<h2 class=\"wp-block-heading\">Como podemos nos aproximar da boa escrita jur\u00eddica?&nbsp;<\/h2>\n\n\n\n<p>A escrita tem como objetivo a transmiss\u00e3o de informa\u00e7\u00e3o. Desde a not\u00edcia de um tabl\u00f3ide a uma criptografia desvendada por Turing, todas as formas de escrita pretendem transmitir um conhecimento; um fato; uma mensagem.<\/p>\n\n\n\n<p><strong>O que caracteriza uma boa escrita \u00e9 o qu\u00e3o transmiss\u00edvel sua informa\u00e7\u00e3o \u00e9.&nbsp;<\/strong><\/p>\n\n\n\n<p>Para os alem\u00e3es da segunda guerra, a utiliza\u00e7\u00e3o de c\u00f3digos criptografados era essencial, porque o acesso \u00e0 informa\u00e7\u00e3o confidencial pelos inimigos n\u00e3o era \u00fatil do ponto de vista t\u00e1tico.&nbsp;<\/p>\n\n\n\n<p>Em contrapartida, um jornalista que n\u00e3o consegue relatar de maneira clara o que est\u00e1 acontecendo na guerra civil da S\u00edria, tamb\u00e9m n\u00e3o est\u00e1 sendo \u00fatil.<\/p>\n\n\n\n<p>Portanto, a boa escrita<strong> tem lugar e momento pr\u00f3prio para ser utilizada.<\/strong><\/p>\n\n\n\n<p>E por anos, a escrita jur\u00eddica quis se colocar de maneira paralela \u00e0 boa escrita, porque sua inten\u00e7\u00e3o era de ser restrita, uma l\u00edngua que s\u00f3 pode ser falada pelos juristas, detentores da t\u00e9cnica jur\u00eddica e ningu\u00e9m mais.<\/p>\n\n\n\n<p>Mas ser\u00e1 que faz sentido o texto jur\u00eddico se portar como uma criptografia ou ser\u00e1 que ele cumpre melhor a sua finalidade sendo de amplo acesso?<\/p>\n\n\n\n<p>Recentemente, o Conselho Nacional de Justi\u00e7a instituiu o Pacto Nacional do Judici\u00e1rio Pela Linguagem Simples, com a finalidade:<\/p>\n\n\n\n<blockquote class=\"wp-block-quote is-layout-flow wp-block-quote-is-layout-flow\">\n<p>de adotar linguagem simples, direta e compreens\u00edvel a todas as pessoas na produ\u00e7\u00e3o das decis\u00f5es judiciais e na comunica\u00e7\u00e3o geral com a sociedade.\u201d<\/p>\n<\/blockquote>\n\n\n\n<p>A justificativa foi justamente a de que:<\/p>\n\n\n\n<blockquote class=\"wp-block-quote is-layout-flow wp-block-quote-is-layout-flow\">\n<p>o uso da linguagem t\u00e9cnica e a extens\u00e3o dos pronunciamentos em sess\u00f5es no Poder Judici\u00e1rio n\u00e3o podem se perpetuar como obst\u00e1culo \u00e0 compreens\u00e3o das decis\u00f5es pela sociedade [&#8230;]<\/p>\n<\/blockquote>\n\n\n\n<p>Ou seja, <strong>n\u00e3o conv\u00e9m mais \u00e0 linguagem jur\u00eddica ser inacess\u00edvel,<\/strong> uma vez que a m\u00e9trica da boa escrita tamb\u00e9m se aplica a ela: quanto mais transmiss\u00edvel (acess\u00edvel) for a informa\u00e7\u00e3o contida em um texto jur\u00eddico, melhor ele \u00e9.<\/p>\n\n\n\n<p>Alguns at\u00e9 podem argumentar que sendo a pe\u00e7a processual um ato t\u00e9cnico, a ser lido por outro operador do direito, n\u00e3o h\u00e1 necessidade de ser acess\u00edvel, posto que o escritor e o leitor dominam aqueles c\u00f3digos.<\/p>\n\n\n\n<p>Este argumento traz consigo uma carga de verdade. Contudo, h\u00e1 uma quest\u00e3o de ordem pr\u00e1tica a ser trazida: ainda que as partes entendam a linguagem, qual texto demanda menos esfor\u00e7o do seu leitor para transmitir sua mensagem, uma bula de rem\u00e9dio ou uma tirinha da Turma da M\u00f4nica?<\/p>\n\n\n\n<p>Trazendo para o campo jur\u00eddico, <strong>quanto menor for o esfor\u00e7o do leitor para entender a causa de pedir, melhor ser\u00e1 o texto jur\u00eddico.&nbsp;<\/strong><\/p>\n\n\n\n<p>Nesse sentido, William Zinsser, renomado jornalista e escritor norte americano, pontua:<br><br><\/p>\n\n\n\n<blockquote class=\"wp-block-quote is-layout-flow wp-block-quote-is-layout-flow\">\n<p>[&#8230;] O leitor \u00e9 uma pessoa que disp\u00f5e de cerca de trinta segundos de aten\u00e7\u00e3o \u2014 uma pessoa assediada por in\u00fameras for\u00e7as que competem entre si por aten\u00e7\u00e3o.<\/p>\n<\/blockquote>\n\n\n\n<p>E conclui:&nbsp;<\/p>\n\n\n\n<blockquote class=\"wp-block-quote is-layout-flow wp-block-quote-is-layout-flow\">\n<p>[&#8230;] os leitores s\u00e3o, de in\u00edcio, persistentes [&#8230;] voltam a ler a frase desconcertante, ou o par\u00e1grafo inteiro, desmontando-o como uma escrita ancestral, tentando adivinhar coisas para seguir adiante. Mas eles n\u00e3o conseguem fazer isso por muito tempo. O autor, nesse caso, est\u00e1 fazendo com que trabalhem demais, e eles acabar\u00e3o procurando algu\u00e9m que seja melhor no of\u00edcio.<\/p>\n<\/blockquote>\n\n\n\n<p>Zinsser n\u00e3o \u00e9 jurista e, provavelmente, nunca escreveu uma pe\u00e7a processual, mas o seu ensinamento \u00e9 universal: <strong>voc\u00ea tem pouco tempo de aten\u00e7\u00e3o do leitor e sua mensagem precisa ser transmitida dentro desse espa\u00e7o.<\/strong><\/p>\n\n\n\n<h2 class=\"wp-block-heading\">Dicas pr\u00e1ticas de escrita&nbsp;<\/h2>\n\n\n\n<h3 class=\"wp-block-heading\">Simplifique o texto: corte excessos&nbsp;<\/h3>\n\n\n\n<p>A regra de ouro de todo o texto \u00e9 cortar excessos. O pr\u00f3prio art. 840 da CLT traz que a exposi\u00e7\u00e3o dos fatos deve ser \u201cbreve\u201d, ou seja, objetiva.<br><br>Segundo Zinsser, o <em>\u201cexcesso \u00e9 o mal da escrita\u201d <\/em>e o segredo da boa escrita \u00e9 <em>\u201cdespir cada frase at\u00e9 deix\u00e1-la apenas com seus componentes essenciais\u201d.<\/em><\/p>\n\n\n\n<p>Menos \u00e9 mais. Se o leitor possui trinta segundos de aten\u00e7\u00e3o, palavras em excesso fazem com que se tome mais tempo para se construir o racioc\u00ednio. Frases longas possuem elementos que n\u00e3o cumprem fun\u00e7\u00e3o, n\u00e3o transmitem mensagem e, portanto, devem ser retirados.&nbsp;<\/p>\n\n\n\n<p>Fa\u00e7a o seguinte exerc\u00edcio: quando redigir uma frase, conte as palavras e verifique se \u00e9 poss\u00edvel alcan\u00e7ar o mesmo entendimento ao retirar uma delas. Se o resultado for positivo, ela n\u00e3o estava cumprindo a fun\u00e7\u00e3o, apenas servindo de bengala.<\/p>\n\n\n\n<p>Isso \u00e9 comum com os seguintes tipos de palavras:&nbsp;<\/p>\n\n\n\n<ul class=\"wp-block-list\">\n<li><strong>Adv\u00e9rbios de modo: <\/strong>O autor ficou totalmente pasmo<\/li>\n\n\n\n<li><strong>Adjetivos: <\/strong>O Autor adquiriu um belo autom\u00f3vel do R\u00e9u<\/li>\n\n\n\n<li><strong>Vocativos:<\/strong> Ora, excel\u00eancia, o Autor \u00e9 profissional aut\u00f4nomo humilde.<\/li>\n\n\n\n<li><strong>Pequenos qualitativos: <\/strong>\u201cum pouco\u201d, \u201cmeio\u201d, \u201cuma esp\u00e9cie de\u201d, \u201cum tipo de\u201d, \u201cum tanto\u201d, \u201cbastante\u201d, \u201cmuito\u201d, \u201cdemais\u201d, \u201cquase\u201d, \u201cem certo sentido\u201d&nbsp;<\/li>\n<\/ul>\n\n\n\n<p>Tamb\u00e9m \u00e9 comum iniciar frases com constru\u00e7\u00f5es que poderiam ser suprimidas:<\/p>\n\n\n\n<ul class=\"wp-block-list\">\n<li>\u00c9 importante mencionar que a Autora residia em Florian\u00f3polis.<\/li>\n\n\n\n<li>Cumpre destacar que a cl\u00e1usula contratual traz as obriga\u00e7\u00f5es de maneira clara.<\/li>\n<\/ul>\n\n\n\n<p>Ou constru\u00e7\u00f5es que poderiam ser substitu\u00eddas por uma \u00fanica palavra:<\/p>\n\n\n\n<ul class=\"wp-block-list\">\n<li>At\u00e9 o momento em que = At\u00e9<\/li>\n\n\n\n<li>Com o prop\u00f3sito de = Para<\/li>\n\n\n\n<li>Devido ao fato de que = Porque<\/li>\n<\/ul>\n\n\n\n<h3 class=\"wp-block-heading\">Organize suas frases em ordem direta: n\u00e3o utilize voz passiva<\/h3>\n\n\n\n<p><strong>Sujeito + Verbo + Predicado<\/strong><\/p>\n\n\n\n<p>Vamos comparar: Jo\u00e3o viu Maria ou Maria foi vista por Jo\u00e3o.<\/p>\n\n\n\n<p>A voz ativa, ao contr\u00e1rio da passiva, garante maior clareza e dinamismo \u00e0 frase, tornando a a\u00e7\u00e3o mais evidente e facilitando a identifica\u00e7\u00e3o dos seus elementos.<\/p>\n\n\n\n<p>Isso ocorre porque o agente da a\u00e7\u00e3o \u00e9 colocado em destaque, transmitindo maior certeza sobre quem pratica a a\u00e7\u00e3o.<\/p>\n\n\n\n<h3 class=\"wp-block-heading\">As conjun\u00e7\u00f5es s\u00e3o suas amigas<\/h3>\n\n\n\n<p>As conjun\u00e7\u00f5es s\u00e3o os elementos de coes\u00e3o do texto, s\u00e3o as liga\u00e7\u00f5es que deixam os par\u00e1grafos do texto unidos na miss\u00e3o de transmitir a mensagem. Sem elas, o texto fica desconexo e seus trechos n\u00e3o se comunicam.<\/p>\n\n\n\n<p>A utiliza\u00e7\u00e3o das conjun\u00e7\u00f5es logo no in\u00edcio da frase \u00e9 <strong>algo positivo<\/strong>, pois j\u00e1 traz de antem\u00e3o ao leitor a ideia do novo par\u00e1grafo em compara\u00e7\u00e3o com o anterior.<\/p>\n\n\n\n<p>Por exemplo:<\/p>\n\n\n\n<p><em>A Autora alega que seu v\u00ednculo de emprego encerrou na data de 01.01.2024.<\/em> <em>Entretanto, o termo de rescis\u00e3o do contrato de trabalho disp\u00f5e que o t\u00e9rmino foi em 01.02.2024.<\/em><\/p>\n\n\n\n<p>O segundo par\u00e1grafo contrap\u00f5e-se ao primeiro, introduzindo uma informa\u00e7\u00e3o contrastante por meio da conjun\u00e7\u00e3o adversativa &#8220;entretanto&#8221;.&nbsp;<\/p>\n\n\n\n<p>Essa conjun\u00e7\u00e3o, posicionada no in\u00edcio da frase, j\u00e1 sinaliza ao leitor a mudan\u00e7a de perspectiva e a apresenta\u00e7\u00e3o de uma ideia oposta \u00e0 anterior, facilitando a leitura.<\/p>\n\n\n\n<h3 class=\"wp-block-heading\">Simplifique o texto: corte palavras desconhecidas<\/h3>\n\n\n\n<p><strong>Palavras que voc\u00ea n\u00e3o usa no dia a dia, tamb\u00e9m n\u00e3o servem para sua peti\u00e7\u00e3o.&nbsp;<\/strong><\/p>\n\n\n\n<p>Se voc\u00ea n\u00e3o fala <em>malgrado <\/em>em uma conversa com seus colegas, por que utilizar no texto escrito? Palavras pouco utilizadas s\u00e3o naturalmente mais dif\u00edceis de compreens\u00e3o, por falta de uso. Substitua-as por palavras mais comuns, de f\u00e1cil acesso.<\/p>\n\n\n\n<p>Brocardos latinos tamb\u00e9m devem seguir o mesmo racioc\u00ednio, exceto quando ele, por si, j\u00e1 exprime o instituto jur\u00eddico invocado, ou quando sua forma em latim \u00e9 mais conhecida do que a forma traduzida, como por exemplo: <em>fumus bonus iuris; venire contra factum proprium; in dubio pro operario.<\/em><\/p>\n\n\n\n<h3 class=\"wp-block-heading\">Utilize artif\u00edcios visuais&nbsp;<\/h3>\n\n\n\n<p>Quando mencionamos que uma tirinha da Turma da M\u00f4nica \u00e9 mais f\u00e1cil de se entender do que uma bula de rem\u00e9dio, isso se deve n\u00e3o apenas \u00e0 linguagem empregada, mas tamb\u00e9m pelo fato da tirinha utilizar artif\u00edcios visuais para guiar o seu leitor.<\/p>\n\n\n\n<p>Isso tamb\u00e9m \u00e9 percept\u00edvel em mat\u00e9rias jornal\u00edsticas que acompanham o texto escrito para <strong>auxiliar o leitor a se ambientar.<\/strong><\/p>\n\n\n\n<p>A utiliza\u00e7\u00e3o de artif\u00edcios visuais em peti\u00e7\u00f5es jur\u00eddicas \u00e9 um dos temas mais relevantes tratados por J\u00falio Xavier, especialista em tipografia jur\u00eddica, que ensina em sua <a href=\"https:\/\/www.instagram.com\/tipografiajuridica\/\" data-type=\"link\" data-id=\"https:\/\/www.instagram.com\/tipografiajuridica\/\" target=\"_blank\" rel=\"noopener\">p\u00e1gina do instagram<\/a><em> <\/em>como os operadores podem adotar elementos simples para facilitar a cogni\u00e7\u00e3o do leitor.<\/p>\n\n\n\n<p>Nas Reclama\u00e7\u00f5es Trabalhistas os pontos controvertidos geralmente n\u00e3o s\u00e3o sobre direito em si, mas sobre os fatos (causa de pedir remota). Ent\u00e3o tudo que for poss\u00edvel fazer para evitar o trabalho do leitor na an\u00e1lise dos elementos probat\u00f3rios \u00e9 v\u00e1lido.<\/p>\n\n\n\n<p>Nesse sentido, trazer recortes de documentos para o corpo da pe\u00e7a processual, por exemplo, \u00e9 algo bem vindo, que evita que o leitor fique indo e vindo da sess\u00e3o de documentos para buscar as informa\u00e7\u00f5es mencionadas.<\/p>\n\n\n\n<h3 class=\"wp-block-heading\">Utilize ferramenta de IA para auxiliar na reda\u00e7\u00e3o&nbsp;<\/h3>\n\n\n\n<p>As <a href=\"https:\/\/www.aurum.com.br\/blog\/inteligencia-artificial-na-advocacia\/\" data-type=\"link\" data-id=\"https:\/\/www.aurum.com.br\/blog\/inteligencia-artificial-na-advocacia\/\">ferramentas de intelig\u00eancia artificial<\/a> como Chat GPT, Google Gemini e Microsoft Copilot s\u00e3o \u00f3timas para auxiliar a estruturar uma frase mais coesa.&nbsp;<\/p>\n\n\n\n<p>Sempre que estiver em d\u00favida se a frase est\u00e1 escrita da melhor maneira, pe\u00e7a para a IA reescrev\u00ea-la e analise os resultados.<\/p>\n\n\n\n<p><strong>O Astrea tamb\u00e9m pode ajudar! <br><\/strong><br>A nova IA do software jur\u00eddico Astrea, chamada &#8220;Descomplique a Comunica\u00e7\u00e3o&#8221;, \u00e9 a funcionalidade criada para traduzir e enviar aos clientes de advogados e advogadas os andamentos do processo em linguagem acess\u00edvel.<br><br><em><a href=\"https:\/\/www.aurum.com.br\/blog\/nova-ia-astrea\/\" data-type=\"link\" data-id=\"https:\/\/www.aurum.com.br\/blog\/nova-ia-astrea\/\">Aproveite e leia tamb\u00e9m: Entenda tudo sobre a nova IA do Astrea<\/a><\/em><\/p>\n\n\n\n<style>\n    #adpost-block_68bfe7c211cfd2958ea3199a5844bce9.anuncio-post-reverse {\n        display: flex;\n        gap: 24px;\n        border-radius: 8px;\n        width: 100%;\n        max-width: 752px;\n        padding: 40px;\n        background: #e7f4fe;\n        margin: 16px auto;\n    }\n\n    #adpost-block_68bfe7c211cfd2958ea3199a5844bce9 .anuncio-container {\n        display: flex;\n        flex-direction: column;\n        gap: 24px;\n        width: 100%;\n        max-width: 333px;\n    }\n\n    #adpost-block_68bfe7c211cfd2958ea3199a5844bce9 .anuncio-container .logo {\n        width: 100%;\n        max-width: 177px;\n        margin: 0;\n    }\n\n    #adpost-block_68bfe7c211cfd2958ea3199a5844bce9 .anuncio-text-container {\n        display: flex;\n        flex-direction: column;\n        gap: 24px;\n    }\n\n    #adpost-block_68bfe7c211cfd2958ea3199a5844bce9 .anuncio-text-container .title {\n        font-family: 'Ubuntu';\n        font-size: 1.5rem; \/\/24px\n        font-weight: 700;\n        line-height: 120%;\n        margin: 0;\n        color: #000;\n    }\n\n    #adpost-block_68bfe7c211cfd2958ea3199a5844bce9 .anuncio-text-container .text {\n        font-size: 0.875rem;\n        font-weight: 400;\n        line-height: 170%;\n        color: #000;\n    }\n\n    #adpost-block_68bfe7c211cfd2958ea3199a5844bce9 .anuncio-container .button {\n        display: inline-flex;\n        align-items: center;\n        justify-content: center;\n        width: fit-content;\n        height: 48px;\n        border-radius: 8px;\n        padding: 12px 24px;\n        font-size: 1rem;\n        font-weight: 600;\n        text-decoration: none;\n        background: #008fd5;\n        color: #fff;\n    }\n\n    #adpost-block_68bfe7c211cfd2958ea3199a5844bce9 .image-container {\n        position: relative;\n        width: 100%;\n        height: 100%;\n    }\n\n    #adpost-block_68bfe7c211cfd2958ea3199a5844bce9 .image-container.float {\n        min-height: 236px;\n    }\n\n    #adpost-block_68bfe7c211cfd2958ea3199a5844bce9 .image-container .image-desktop {\n        width: 100%;\n        max-width: 323px;\n        object-fit: contain;\n        margin: 0;\n    }\n\n    #adpost-block_68bfe7c211cfd2958ea3199a5844bce9 .image-container .image-mobile {\n        display: none;\n        width: 100%;\n        max-width: 291px;\n        object-fit: contain;\n        margin: 0;\n    }\n\n    #adpost-block_68bfe7c211cfd2958ea3199a5844bce9 .image-container.float .image-desktop,\n    #adpost-block_68bfe7c211cfd2958ea3199a5844bce9 .image-container.float .image-mobile {\n        position: absolute;\n        right: 0;\n        bottom: 0;\n    }\n\n    #adpost-block_68bfe7c211cfd2958ea3199a5844bce9 .image-container img {\n        border-radius: 8px;\n    }\n\n    \/************\n    * MOBILE \n    *************\/\n    @media (max-width: 1439px) {\n        #adpost-block_68bfe7c211cfd2958ea3199a5844bce9.anuncio-post-reverse {\n            flex-direction: column-reverse;\n            max-width: fit-content;\n            padding: 24px;\n        }\n\n        #adpost-block_68bfe7c211cfd2958ea3199a5844bce9 .anuncio-container {\n            max-width: 280px;\n            align-items: center;\n        }\n\n        #adpost-block_68bfe7c211cfd2958ea3199a5844bce9 .anuncio-container .logo {\n            max-width: 147px;\n        }\n\n        #adpost-block_68bfe7c211cfd2958ea3199a5844bce9 .anuncio-text-container {\n            gap: 8px;\n        }\n\n        #adpost-block_68bfe7c211cfd2958ea3199a5844bce9 .anuncio-text-container .title {\n            font-size: 1.25rem;\n            text-align: center;\n        }\n\n        #adpost-block_68bfe7c211cfd2958ea3199a5844bce9 .anuncio-text-container .text {\n            text-align: center;\n        }\n\n        #adpost-block_68bfe7c211cfd2958ea3199a5844bce9 .anuncio-container .button {\n            width: 100%;\n        }\n\n        #adpost-block_68bfe7c211cfd2958ea3199a5844bce9 .image-container.float {\n            min-height: 182px;\n        }\n\n        #adpost-block_68bfe7c211cfd2958ea3199a5844bce9 .image-container .image-desktop {\n            display: none;\n        }\n\n        #adpost-block_68bfe7c211cfd2958ea3199a5844bce9 .image-container .image-mobile {\n            display: block;\n        }\n    }\n\n    \/*******************\n    * RESET GLOBAL CSS \n    ********************\/\n    #s-post main article .content .image-container img {\n        margin: 0;\n    }\n<\/style>\n\n\n<article id=\"adpost-block_68bfe7c211cfd2958ea3199a5844bce9\" class=\"anuncio-post-reverse\">\n    <div class=\"anuncio-container\">\n        \n        <div class=\"anuncio-text-container\">\n             <h3 class=\"title\" >Seja protagonista da sua advocacia com o Astrea<\/h3>\n            <div class=\"text\" >Tenha tempo para focar no crescimento do seu escrit\u00f3rio, enquanto o Astrea cuida da sua gest\u00e3o jur\u00eddica com intelig\u00eancia.<\/div>        <\/div>\n       \n        <a class=\"button\" href=\"\/astrea\/?utm_source=blog&#038;utm_medium=adpost&#038;utm_campaign=campanha-marca-2026\" target=\"_self\">Conhe\u00e7a o Astrea<\/a>    <\/div>\n\n    <div class=\"image-container\">\n        <img decoding=\"async\" class=\"image-desktop\" src=\"https:\/\/www.aurum.com.br\/blog\/wp-content\/uploads\/2026\/03\/adpos-posicionamento-2026-desktop.png\" alt=\"\" \/>\n        <img decoding=\"async\" class=\"image-mobile\" src=\"https:\/\/www.aurum.com.br\/blog\/wp-content\/uploads\/2026\/03\/adpost-posicionamento-2026-mobile.png\" alt=\"\" \/>    <\/div>\n<\/article>\n\n\n<h2 class=\"wp-block-heading\">Conclus\u00e3o<\/h2>\n\n\n\n<p>Ao longo deste guia, exploramos os elementos essenciais para a constru\u00e7\u00e3o de uma Reclama\u00e7\u00e3o Trabalhista eficaz. Abordamos desde os aspectos formais e requisitos legais at\u00e9 as nuances da boa escrita jur\u00eddica, com foco na clareza, concis\u00e3o e organiza\u00e7\u00e3o das ideias.<\/p>\n\n\n\n<p>Esperamos que este guia sirva como um recurso valioso para advogados e demais profissionais do Direito na busca pela defesa dos direitos trabalhistas. <\/p>\n\n\n\n<p>Lembre-se, a arte da advocacia reside na capacidade de comunicar com precis\u00e3o e persuadir com clareza, e uma Reclama\u00e7\u00e3o Trabalhista bem escrita \u00e9 o primeiro passo para alcan\u00e7ar seus objetivos.<\/p>\n\n\n\n<h3 class=\"wp-block-heading\">Mais conhecimento para voc\u00ea<\/h3>\n\n\n\n<ul class=\"wp-block-list\">\n<li><a href=\"https:\/\/www.aurum.com.br\/blog\/software-juridico-gratuito\/\">Software jur\u00eddico gratuito \u00e9 a melhor op\u00e7\u00e3o?<\/a><\/li>\n\n\n\n<li><a href=\"https:\/\/www.aurum.com.br\/blog\/gestao-de-contratos\/\" data-type=\"URL\" data-id=\"https:\/\/www.aurum.com.br\/blog\/gestao-de-contratos\/\">Gest\u00e3o de contratos na advocacia: o que \u00e9, suas etapas e vantagens<\/a><\/li>\n\n\n\n<li><a href=\"https:\/\/www.aurum.com.br\/blog\/reclamacao-trabalhista\/\">Melhores dicas de como fazer uma reclama\u00e7\u00e3o trabalhista<\/a><\/li>\n\n\n\n<li><a href=\"https:\/\/www.aurum.com.br\/blog\/custas-processuais\/\" data-type=\"URL\" data-id=\"https:\/\/www.aurum.com.br\/blog\/custas-processuais\/\">Custas processuais: o que s\u00e3o e como calcular<\/a><\/li>\n\n\n\n<li><a href=\"https:\/\/www.aurum.com.br\/blog\/agravo-de-peticao\/\">Principais aspectos e hip\u00f3teses de cabimento do agravo de peti\u00e7\u00e3o<\/a><\/li>\n\n\n\n<li><a href=\"https:\/\/www.aurum.com.br\/blog\/rescisao-contratual-trabalhista\/\">Rescis\u00e3o contratual trabalhista: o que \u00e9, base legal, tipos e prazo<\/a><\/li>\n<\/ul>\n\n\n<style>\r\n  .news-post {\r\n    background: url('https:\/\/www.aurum.com.br\/blog\/wp-content\/themes\/aurum\/img\/bg-news-artigo.svg') no-repeat top center #3C48AA;\r\n    padding: 1.5rem;\r\n    border-radius: 6px;\r\n    margin: 1rem 0;\r\n  }\r\n  .news-post .icone {\r\n    display: none;\r\n  }\r\n  .news-post .title {\r\n    font-weight: 700;\r\n    font-size: 16px;\r\n    line-height: 130%;\r\n    text-align: center;\r\n    letter-spacing: -0.5px;\r\n    color: #fff;\r\n    margin-bottom: .9375rem;\r\n  }\r\n  .news-post p {\r\n    font-size: .875rem;\r\n    line-height: 140%;\r\n    text-align: center;\r\n    color: #fff;\r\n    margin-bottom: 1.25rem;\r\n  }\r\n  .news-post .news_button_span {\r\n    font-size: .8125rem;\r\n    display: block;\r\n    padding: .125rem .3125rem;\r\n    color: #fff;\r\n    text-align:left;\r\n  }\r\n  .news-post .news_button_span a {\r\n    color: #fff !important;\r\n    text-decoration: underline;\r\n  }\r\n  .news-post form {\r\n    width: 100%;\r\n  }\r\n  .news-post label {\r\n    font-weight: 600;\r\n    font-size: .9375rem;\r\n    line-height: 1.5rem;\r\n    margin-bottom: .5rem;\r\n    color: #fff;\r\n    display: block;\r\n  }\r\n  .news-post input {\r\n    background: #fff;\r\n    border: 1px solid #CBCBD9;\r\n    box-sizing: border-box;\r\n    border-radius: 4px;\r\n    padding: .75rem 1rem;\r\n    width: 100%;\r\n  }\r\n  .news-post button {\r\n    margin-top: .875rem;\r\n    width: 100%;\r\n    min-width: auto;\r\n    background: #FCC632;\r\n    color: #3C48AA;\r\n  }\r\n  .news-post .input {\r\n    position: relative;\r\n    padding-bottom: 10px;\r\n  }\r\n  .news-post .error-message-ad {\r\n    font-size: .875rem;\r\n    line-height: 130%;\r\n    color: #D50021;\r\n    margin-left: 4px;\r\n  }\r\n  .news-post .error {\r\n    border: 1px solid #D50021;\r\n  }\r\n  .news-post #message-form-ad {\r\n    border-radius: 4px;\r\n    padding: 0.7rem;\r\n    font-size:0.8rem;\r\n    text-align: center;\r\n    align-items: center;\r\n    justify-content: center;\r\n    display: none;\r\n  }\r\n  .news-post #message-form-ad svg {\r\n    margin-right: 8px;\r\n  }\r\n\r\n  @media(min-width: 561px) {\r\n    .news-post {\r\n      position: relative;\r\n      background: url('https:\/\/www.aurum.com.br\/blog\/wp-content\/themes\/aurum\/img\/bg-news-artigo.svg') no-repeat top center #3C48AA;\r\n      width: calc(100% - 30px);\r\n    }\r\n    .news-post .icone {\r\n      display: block;\r\n      position: absolute;\r\n      right: -30px;\r\n      top: 65px;\r\n      max-width: 142px;\r\n      width: 100%;\r\n      height: auto;\r\n      margin: 0;\r\n    }\r\n    .news-post .title {\r\n      font-size: 1.125rem;\r\n      text-align: left;\r\n      \/* padding-right: 3.75rem; *\/\r\n    }\r\n    .news-post p {\r\n      font-size: 1rem;\r\n      text-align: left;\r\n      max-width: 400px;\r\n    }\r\n    .news-post .boxes {\r\n      display: flex;\r\n      align-items: flex-start;\r\n    }\r\n    .news-post button {\r\n      margin: 0 0 0 1rem;\r\n      width: 100%;\r\n      max-width: 170px;\r\n      min-width: auto;\r\n      transition: all ease .3s\r\n    }\r\n    .news-post button:hover {\r\n      opacity: 0.9;\r\n      transition: all ease .3s\r\n    }\r\n    .news-post #message-form-ad {\r\n      padding: 1.125rem;\r\n      font-size:1rem;\r\n    }\r\n    .news-post #message-form-ad svg {\r\n      margin-right: 10px;\r\n    }\r\n  }\r\n<\/style>\r\n\r\n<div class=\"news-post\">\r\n  <div class=\"title news-ad-title\">Gostou do artigo e quer evoluir a sua advocacia?<\/div>\r\n  <p class=\"news-ad-subtitle\">Assine gr\u00e1tis a Aurum News e receba uma dose semanal de conte\u00fado no seu e-mail! \u270c\ufe0f<\/p>\r\n  <img decoding=\"async\" src=\"https:\/\/www.aurum.com.br\/blog\/wp-content\/themes\/aurum\/img\/icon-news-artigo.svg\" alt=\"\" class=\"icone\">\r\n\r\n  <form method=\"post\" name=\"newsletter-ad\" id=\"aurum-newsletter-ad\">\r\n    <div class=boxes>\r\n      <div class=\"input\">\r\n        <label class=\"label-email\" htmlFor=\"email-ad\">Qual seu e-mail?<\/label>\r\n        <input type=\"email\" id=\"email-ad\" name=\"newsletter-mail-ad\" placeholder=\"Digite seu e-mail?\">\r\n        <div class=\"error-message-ad-email\">Endere\u00e7o de e-mail inv\u00e1lido ou incorreto<\/div>\r\n\r\n        <label class=\"label-select\" htmlFor=\"lawsuits-select-ad\">\r\n          Quantos processos voc\u00ea ou<br class=\"for-desktop\"\/> seu escrit\u00f3rio acompanham?\r\n        <\/label>\r\n        <div id=\"lawsuits-select-ad\" class=\"lawsuits-select select-wrapper\" tabindex=\"0\">\r\n          <div class=\"s-dropdown--styled\">\r\n          <span class=\"lawsuits-default\">\r\n            <span id=\"lawsuits-newsletter-ad\" class=\"lawsuits-default-text\" data-value=\"\">Selecione os processos<\/span>\r\n            <svg class=\"chevron\" xmlns=\"http:\/\/www.w3.org\/2000\/svg\" width=\"24\" height=\"25\" viewBox=\"0 0 24 25\" fill=\"none\">\r\n              <path d=\"M6 15.6152L12 9.61523L18 15.6152\" stroke=\"black\" stroke-width=\"2\" stroke-linecap=\"round\" stroke-linejoin=\"round\" \/>\r\n            <\/svg>\r\n          <\/span>\r\n\r\n          <ul class=\"s-dropdown u-hide\">\r\n            <li class=\"lawsuits\" data-value=\"Mais de 1000 processos\">Mais de 1000 processos<\/li>\r\n            <li class=\"lawsuits\" data-value=\"De 501 a 1000 processos\">De 501 a 1000 processos<\/li>\r\n            <li class=\"lawsuits\" data-value=\"De 151 a 500 processos\">De 151 a 500 processos<\/li>\r\n            <li class=\"lawsuits\" data-value=\"De 41 a 150 processos\">De 41 a 150 processos<\/li>\r\n            <li class=\"lawsuits\" data-value=\"At\u00e9 40 processos\">At\u00e9 40 processos<\/li>\r\n            <li class=\"lawsuits\" data-value=\"Atuo apenas no consultivo\">Atuo apenas no consultivo<\/li>\r\n            <li class=\"lawsuits\" data-value=\"Ainda sou estudante de direito\">Ainda sou estudante de direito<\/li>\r\n            <li class=\"lawsuits\" data-value=\"N\u00e3o sou da \u00e1rea jur\u00eddica\">N\u00e3o sou da \u00e1rea jur\u00eddica<\/li>\r\n          <\/ul>\r\n          <\/div>\r\n        <\/div>\r\n        <div class=\"error-message-ad-lawsuits\">Selecione algum processo<\/div>\r\n      <\/div>\r\n      <button class=\"btn btn-yellow ad-btn-desktop\" id=\"aurum-submit-ad\">Assinar gr\u00e1tis<\/button>\r\n      <button class=\"btn btn-yellow ad-btn-mobile\" id=\"aurum-submit-ad\">Assinar<\/button>\r\n    <\/div>\r\n    <span class=\"news_button_span\">Ao se cadastrar voc\u00ea declara que leu e aceitou a pol\u00edtica de privacidade e cookies do <a href=\"https:\/\/s3.sa-east-1.amazonaws.com\/publico.aurum.com.br\/contratos\/politica-de-privacidade.pdf\" target=\"_blank\" rel=\"noopener noreferrer\">site<\/a>.<\/span>\r\n  <\/form>\r\n  <div id=\"message-form-ad\"><\/div>\r\n<\/div>","protected":false},"excerpt":{"rendered":"<p>Reclama\u00e7\u00e3o trabalhista \u00e9 o nome dado \u00e0s a\u00e7\u00f5es judiciais trabalhistas que s\u00e3o movidas pelo trabalhador contra o seu empregador. Construir uma Reclama\u00e7\u00e3o Trabalhista eficaz exige mais do que conhecer as leis. A pe\u00e7a processual precisa ser coesa, eloquente e organizada, com argumentos claros e bem fundamentados.&nbsp; Neste guia, exploramos estrat\u00e9gias para dominar essa arte e [&hellip;]<\/p>\n","protected":false},"author":35,"featured_media":32103,"comment_status":"open","ping_status":"open","sticky":false,"template":"","format":"standard","meta":{"_bbp_topic_count":0,"_bbp_reply_count":0,"_bbp_total_topic_count":0,"_bbp_total_reply_count":0,"_bbp_voice_count":0,"_bbp_anonymous_reply_count":0,"_bbp_topic_count_hidden":0,"_bbp_reply_count_hidden":0,"_bbp_forum_subforum_count":0,"inline_featured_image":false,"footnotes":""},"categories":[35],"tags":[],"class_list":["post-12743","post","type-post","status-publish","format-standard","has-post-thumbnail","hentry","category-direito-trabalhista"],"acf":[],"_links":{"self":[{"href":"https:\/\/www.aurum.com.br\/blog\/wp-json\/wp\/v2\/posts\/12743","targetHints":{"allow":["GET"]}}],"collection":[{"href":"https:\/\/www.aurum.com.br\/blog\/wp-json\/wp\/v2\/posts"}],"about":[{"href":"https:\/\/www.aurum.com.br\/blog\/wp-json\/wp\/v2\/types\/post"}],"author":[{"embeddable":true,"href":"https:\/\/www.aurum.com.br\/blog\/wp-json\/wp\/v2\/users\/35"}],"replies":[{"embeddable":true,"href":"https:\/\/www.aurum.com.br\/blog\/wp-json\/wp\/v2\/comments?post=12743"}],"version-history":[{"count":10,"href":"https:\/\/www.aurum.com.br\/blog\/wp-json\/wp\/v2\/posts\/12743\/revisions"}],"predecessor-version":[{"id":32108,"href":"https:\/\/www.aurum.com.br\/blog\/wp-json\/wp\/v2\/posts\/12743\/revisions\/32108"}],"wp:featuredmedia":[{"embeddable":true,"href":"https:\/\/www.aurum.com.br\/blog\/wp-json\/wp\/v2\/media\/32103"}],"wp:attachment":[{"href":"https:\/\/www.aurum.com.br\/blog\/wp-json\/wp\/v2\/media?parent=12743"}],"wp:term":[{"taxonomy":"category","embeddable":true,"href":"https:\/\/www.aurum.com.br\/blog\/wp-json\/wp\/v2\/categories?post=12743"},{"taxonomy":"post_tag","embeddable":true,"href":"https:\/\/www.aurum.com.br\/blog\/wp-json\/wp\/v2\/tags?post=12743"}],"curies":[{"name":"wp","href":"https:\/\/api.w.org\/{rel}","templated":true}]}}