{"id":12127,"date":"2023-11-30T19:13:44","date_gmt":"2023-11-30T22:13:44","guid":{"rendered":"https:\/\/aurum.com.br\/blog\/?p=12127"},"modified":"2024-02-01T09:50:58","modified_gmt":"2024-02-01T12:50:58","slug":"habeas-corpus","status":"publish","type":"post","link":"https:\/\/www.aurum.com.br\/blog\/habeas-corpus\/","title":{"rendered":"Habeas Corpus: O que \u00e9, como funciona e quando cabe!"},"content":{"rendered":"<div id=\"bsf_rt_marker\"><\/div>\n<pre class=\"wp-block-preformatted\">A liberdade de ir e vir \u00e9 um dos direitos mais sagrados do ser humano, eles n\u00e3o podem sofrer quaisquer restri\u00e7\u00f5es ou limita\u00e7\u00f5es, sen\u00e3o as previstas em lei. O <strong>Habeas Corpus<\/strong> \u00e9 o instrumento jur\u00eddico que busca a prote\u00e7\u00e3o do direito de locomo\u00e7\u00e3o, tratando-se de um dos mais importantes procedimentos existentes no mundo jur\u00eddico.<\/pre>\n\n\n\n<p>Tema do dia a dia da popula\u00e7\u00e3o em geral, mas cercado de d\u00favidas e contrapontos, o Habeas Corpus \u00e9 instrumento jur\u00eddico dos mais antigos, importantes e utilizados do Direito. N\u00e3o s\u00e3o poucas as vezes que a express\u00e3o, \u201cperigoso criminoso conseguiu habeas corpus e foi posto em liberdade\u201d \u00e9 citada em jornais e peri\u00f3dicos que divulgam mat\u00e9rias policiais.<\/p>\n\n\n\n<p>Por outro lado, inexiste uma maior explica\u00e7\u00e3o \u00e0 popula\u00e7\u00e3o em geral acerca desse importante instrumento de garantia das liberdades, deixando d\u00favidas e m\u00e1s cren\u00e7as. Diante disso, o objetivo desse artigo \u00e9 trazer luz ao tema, sanando as d\u00favidas dos principais pontos acerca da a\u00e7\u00e3o de habeas corpus e seu funcionamento perante o Direito.<\/p>\n\n\n\n<p>Por isso, continue a leitura para saber mais! \ud83d\ude09<\/p>\n\n\n\n<h2 class=\"wp-block-heading\">O que \u00e9 o habeas corpus?<\/h2>\n\n\n\n<p>O habeas corpus \u00e9 uma a\u00e7\u00e3o aut\u00f4noma de impugna\u00e7\u00e3o, prevista na Constitui\u00e7\u00e3o Federal, cujo objetivo \u00e9 <strong>preservar ou restabelecer a liberdade de locomo\u00e7\u00e3o ilegalmente amea\u00e7ada ou violada.<\/strong><\/p>\n\n\n\n<figure class=\"wp-block-image size-large\"><img decoding=\"async\" width=\"1024\" height=\"1024\" src=\"https:\/\/www.aurum.com.br\/blog\/wp-content\/uploads\/2021\/09\/habeas-corpus-1024x1024.jpg\" alt=\"\" class=\"wp-image-12135\" srcset=\"https:\/\/www.aurum.com.br\/blog\/wp-content\/uploads\/2021\/09\/habeas-corpus.jpg 1024w, https:\/\/www.aurum.com.br\/blog\/wp-content\/uploads\/2021\/09\/habeas-corpus-300x300.jpg 300w, https:\/\/www.aurum.com.br\/blog\/wp-content\/uploads\/2021\/09\/habeas-corpus-150x150.jpg 150w, https:\/\/www.aurum.com.br\/blog\/wp-content\/uploads\/2021\/09\/habeas-corpus-768x768.jpg 768w\" sizes=\"(max-width: 1024px) 100vw, 1024px\" \/><figcaption class=\"wp-element-caption\"><em>Confira como funciona o habeas corpus e compartilhe nas redes sociais!<\/em><\/figcaption><\/figure>\n\n\n\n<p>O artigo 5\u00ba, LXVIII, da CF\/88 prev\u00ea a seguinte reda\u00e7\u00e3o:&nbsp;<\/p>\n\n\n\n<blockquote class=\"wp-block-quote is-layout-flow wp-block-quote-is-layout-flow\">\n<p><em>Conceder-se-\u00e1 habeas corpus sempre que algu\u00e9m sofrer ou se achar amea\u00e7ado de sofrer viol\u00eancia ou coa\u00e7\u00e3o em sua liberdade de locomo\u00e7\u00e3o, por ilegalidade ou abuso de poder.\u201d<\/em><\/p>\n<\/blockquote>\n\n\n\n<p>De modo semelhante, consta do artigo 647, do <a href=\"https:\/\/www.planalto.gov.br\/ccivil_03\/decreto-lei\/del3689.htm\" target=\"_blank\" rel=\"noopener\">CPP<\/a>, que:<\/p>\n\n\n\n<blockquote class=\"wp-block-quote is-layout-flow wp-block-quote-is-layout-flow\">\n<p><em>dar-se-\u00e1 habeas corpus sempre que algu\u00e9m sofrer ou se achar na imin\u00eancia de sofrer viol\u00eancia ou coa\u00e7\u00e3o ilegal na sua liberdade de ir e vir, salvo nos casos de puni\u00e7\u00e3o disciplinar.\u201d<\/em><\/p>\n<\/blockquote>\n\n\n\n<h2 class=\"wp-block-heading\">Para que serve o habeas corpus?<\/h2>\n\n\n\n<p>Diante disso, o objeto principal do Habeas Corpus \u00e9 r<strong>etomar a liberdade de ir, vir e ficar do indiv\u00edduo decorrente de ilegalidade ou abuso de poder<\/strong>, ou seja, o <em>writ of habeas corpus<\/em> servir\u00e1 como o instrumento constitucional id\u00f4neo a proteger o <em>ius libertatis<\/em> do agente.<\/p>\n\n\n\n<p>Importante destacar que, se tratando de uma garantia individual, o habeas corpus n\u00e3o poder\u00e1 ser suprimido ou reduzido por Emenda Constitucional, exatamente por se tratar de uma cl\u00e1usula p\u00e9trea, conforme ditame do artigo 60, \u00a74\u00ba, IV, da Constitui\u00e7\u00e3o Federal de 1988.<\/p>\n\n\n\n<figure class=\"wp-block-pullquote classe bq-small\"><blockquote><p><strong>Art. 60.<\/strong> A Constitui\u00e7\u00e3o poder\u00e1 ser emendada mediante proposta:<br><br>\u00a7 4\u00ba N\u00e3o ser\u00e1 objeto de delibera\u00e7\u00e3o a proposta de emenda tendente a abolir:<br>I &#8211; a forma federativa de Estado;<br>II &#8211; o voto direto, secreto, universal e peri\u00f3dico;<br>III &#8211; a separa\u00e7\u00e3o dos Poderes;<br>IV &#8211; os direitos e garantias individuais.<\/p><\/blockquote><\/figure>\n\n\n\n<p>Assim, o habeas corpus ocupa posi\u00e7\u00e3o de destaque e import\u00e2ncia dentro do ordenamento jur\u00eddico, tratando-se do mais importante <strong>instrumento de concess\u00e3o e garantia de liberdade do indiv\u00edduo.<\/strong><\/p>\n\n\n\n<h2 class=\"wp-block-heading\">Quais s\u00e3o os tipos de habeas corpus?<\/h2>\n\n\n\n<p>A legisla\u00e7\u00e3o penal como um todo prev\u00ea algumas modalidades de habeas corpus no Brasil:<\/p>\n\n\n\n<ol class=\"wp-block-list\">\n<li>Liberat\u00f3rio ou repressivo\/<\/li>\n\n\n\n<li>Preventivo;<\/li>\n\n\n\n<li>Profil\u00e1tico;<\/li>\n\n\n\n<li>Trancativo.<\/li>\n<\/ol>\n\n\n\n<p>Saiba mais sobre cada um deles a seguir!&nbsp;<\/p>\n\n\n\n<h3 class=\"wp-block-heading\">Liberat\u00f3rio ou repressivo:<\/h3>\n\n\n\n<p>&nbsp;\u00c9 chamado de habeas corpus liberat\u00f3rio aquele que visa combater ordem ilegal ou abuso de poder j\u00e1 perpetrados em face do indiv\u00edduo, ou seja, cuja coa\u00e7\u00e3o concretizou-se.<\/p>\n\n\n\n<p>Concedida a ordem de habeas corpus, o juiz ou tribunal deve determinar a cessa\u00e7\u00e3o da coa\u00e7\u00e3o: se o paciente estiver preso, deve ser expedido alvar\u00e1 de soltura, restaurando-se o direito de ir, vir e ficar, salvo se por outro motivo deva o agente ser mantido na pris\u00e3o, conforme determina o artigo 660, \u00a7 1\u00ba, do CPP.&nbsp;<\/p>\n\n\n\n<p>Caso o mandado de pris\u00e3o ainda n\u00e3o tenha sido cumprido, deve ser expedido contramandado de pris\u00e3o.<\/p>\n\n\n\n<h3 class=\"wp-block-heading\">Preventivo:&nbsp;<\/h3>\n\n\n\n<p>O denominado habeas corpus preventivo deve ser impetrado quando houver fundado receio de constrangimento ilegal \u00e0 liberdade de locomo\u00e7\u00e3o.&nbsp;<\/p>\n\n\n\n<p>A amea\u00e7a de pris\u00e3o que justifica a concess\u00e3o da ordem n\u00e3o pode se caracterizar como um temor remoto ou mera suspeita. \u00c9 preciso que seja, efetivamente, amea\u00e7a s\u00e9ria e concreta, devidamente demonstrada, quanto \u00e0 imin\u00eancia de pris\u00e3o ilegal.&nbsp;<\/p>\n\n\n\n<p>N\u00e3o basta a possibilidade, sendo preciso a probabilidade do constrangimento \u00e0 liberdade. Deferido, expede-se salvo-conduto, impedindo-se, pelo fato objeto do habeas corpus, que ocorra a segrega\u00e7\u00e3o, conforme estabelece o artigo 660, \u00a74\u00ba, do CPP.&nbsp;<\/p>\n\n\n\n<p>Nesse sentido, esclarece o Superior Tribunal de Justi\u00e7a, conforme se observa desse julgado.<\/p>\n\n\n\n<blockquote class=\"wp-block-quote is-layout-flow wp-block-quote-is-layout-flow\">\n<p><em>O habeas corpus preventivo tem cabimento quando, de fato, houver amea\u00e7a \u00e0 liberdade de locomo\u00e7\u00e3o, isto \u00e9, sempre que fundado for o receio de ser o paciente preso ilegalmente. E tal receio haver\u00e1 de resultar de amea\u00e7a concreta de iminente pris\u00e3o.\u201d&nbsp;<\/em><\/p>\n<\/blockquote>\n\n\n\n<h3 class=\"wp-block-heading\">Profil\u00e1tico:&nbsp;<\/h3>\n\n\n\n<p>Noberto Avena destaca a modalidade de habeas corpus denominada profil\u00e1tico.&nbsp;<\/p>\n\n\n\n<p>Esse se destina a suspender <a href=\"https:\/\/www.aurum.com.br\/blog\/atos-processuais\/\">atos processuais<\/a> ou impugnar medidas que possam importar em pris\u00e3o futura com apar\u00eancia de legalidade, por\u00e9m intrinsecamente contaminada por ilegalidade anterior.&nbsp;<\/p>\n\n\n\n<p>Neste caso, a impugna\u00e7\u00e3o n\u00e3o visa ao constrangimento ilegal \u00e0 liberdade de locomo\u00e7\u00e3o j\u00e1 consumado ou \u00e0 amea\u00e7a iminente de que ocorra esse constrangimento, mas, sim, a potencialidade de que este constrangimento venha a ocorrer.<\/p>\n\n\n\n<p>Avena traz como exemplos a impetra\u00e7\u00e3o do writ para o trancamento da a\u00e7\u00e3o penal, para que seja alcan\u00e7ada a <a href=\"https:\/\/www.aurum.com.br\/blog\/suspensao-condicional-do-processo\/\">suspens\u00e3o do processo<\/a> em virtude de quest\u00e3o prejudicial que versa<br>sobre o estado das pessoas, conforme o artigo 92, do CPP ou para impugnar decis\u00e3o de improced\u00eancia de exce\u00e7\u00f5es de incompet\u00eancia, ilegitimidade de parte, litispend\u00eancia ou coisa julgada.<\/p>\n\n\n\n<h3 class=\"wp-block-heading\">Trancativo:&nbsp;<\/h3>\n\n\n\n<p>Alguns doutrinadores<strong> <\/strong>afirmam a exist\u00eancia do denominado habeas corpus trancativo, ou seja, aquele cuja impetra\u00e7\u00e3o visa ao trancamento de <a href=\"https:\/\/www.aurum.com.br\/blog\/inquerito-policial\/\">inqu\u00e9rito policial<\/a> ou de processo penal.<\/p>\n\n\n\n<p>Sua exist\u00eancia poderia ser extra\u00edda a partir de uma interpreta\u00e7\u00e3o a contrario sensu do artigo 651, do CPP, que prev\u00ea que:<\/p>\n\n\n\n<blockquote class=\"wp-block-quote is-layout-flow wp-block-quote-is-layout-flow\">\n<p><em>a concess\u00e3o do habeas corpus n\u00e3o obstar\u00e1, nem por\u00e1 termo ao processo desde que este n\u00e3o esteja em conflito com os fundamentos daquela.\u201d<\/em><\/p>\n<\/blockquote>\n\n\n\n<p>Assim, haveria o trancamento do inqu\u00e9rito policial ou da a\u00e7\u00e3o penal quando n\u00e3o houver elementos que sustentem, minimamente, a acusa\u00e7\u00e3o.<\/p>\n\n\n\n<p>Destaque-se que, para Renato Brasileiro, existem apenas duas modalidades de habeas corpus, o liberat\u00f3rio e o preventivo. Segundo o doutrinador, todas as outras modalidades s\u00e3o efeitos que decorrem do pr\u00f3prio objeto do <em>writ<\/em>.<\/p>\n\n\n\n<h2 class=\"wp-block-heading\">Qual a natureza jur\u00eddica do habeas corpus?<\/h2>\n\n\n\n<p>Importante tema de discuss\u00e3o se refere a natureza jur\u00eddica do writ de habeas corpus. O <a href=\"https:\/\/www.aurum.com.br\/blog\/direito-processual-penal\/\">C\u00f3digo de Processo Penal<\/a> inclui o referido rem\u00e9dio no t\u00edtulo II, que trata sobre os \u201crecursos em geral\u201d. Por sua vez, o referido t\u00edtulo encontra-se inserido no Livro III, que versa acerca das \u201cNulidades e Recursos em Geral\u201d.<\/p>\n\n\n\n<p>Assim, \u00e0 primeira vista e observando a geografia do dispositivo, tem-se que se trata de um recurso. Ocorre que, um recurso pressup\u00f5e a exist\u00eancia de um processo, de uma decis\u00e3o judicial, somente podendo ser interposto at\u00e9 o tr\u00e2nsito em julgado, observando, ainda, a tempestividade.<\/p>\n\n\n\n<p>Por sua vez, o Habeas Corpus pode ser impetrado em face de decis\u00f5es administrativas e at\u00e9 particulares, n\u00e3o exigindo, assim, a exist\u00eancia de um processo judicial. H\u00e1 a possibilidade de impetra\u00e7\u00e3o mesmo ap\u00f3s o tr\u00e2nsito em julgado, o que demonstra, de forma clara, que n\u00e3o se trata de um recurso.<\/p>\n\n\n\n<p>Diante disso, tem-se que o habeas corpus <strong>\u00e9 uma a\u00e7\u00e3o aut\u00f4noma de impugna\u00e7\u00e3o, de natureza constitucional<\/strong>, que visa a tutela da liberdade de locomo\u00e7\u00e3o, que pode ser ajuizada por qualquer pessoa.<\/p>\n\n\n\n<h2 class=\"wp-block-heading\">Quando surgiu o habeas corpus?<\/h2>\n\n\n\n<p>A origem do habeas corpus remonta \u00e0 Inglaterra medieval, onde suas ra\u00edzes est\u00e3o associadas ao desenvolvimento gradual dos direitos individuais e da limita\u00e7\u00e3o do poder do Estado.&nbsp;<\/p>\n\n\n\n<p>O termo &#8220;habeas corpus&#8221; \u00e9 uma express\u00e3o latina que significa <em>&#8220;que tenhas o teu corpo&#8221;.<\/em> A primeira vers\u00e3o do habeas corpus conhecida foi emitida durante o reinado do rei Henrique II, no s\u00e9culo XII.<\/p>\n\n\n\n<p>Os bar\u00f5es ingleses, na d\u00e9cada de 1215, obrigaram o rei Jo\u00e3o Sem Terra a editar a Magna Carta Libertatum, que o princ\u00edpio do <em>Writ of Habeas Corpus<\/em> iria catalogar-se em seu cap\u00edtulo XXIX, atrav\u00e9s de ideias que os povos ingleses conquistaram para as suas garantias de liberdade moral e f\u00edsica.&nbsp;<\/p>\n\n\n\n<p>Nesse sentido Pontes de Miranda, destacou que:<\/p>\n\n\n\n<blockquote class=\"wp-block-quote is-layout-flow wp-block-quote-is-layout-flow\">\n<p><em>se calcaram, atrav\u00e9s das idades, as demais conquistas do povo ingl\u00eas para a garantia pr\u00e1tica, imediata e utilit\u00e1ria da liberdade f\u00edsica. A moral individualista, que caracteriza, flagrantemente, o grande povo (cuja psicologia tanto se enquadra nas ideias gerais de suas institui\u00e7\u00f5es) soube tirar do velho e b\u00e1rbaro latim daquele trecho o germe de v\u00e1rias leis inestim\u00e1veis que os tempos e as lutas aprimoraram\u201d.&nbsp;<\/em><\/p>\n<\/blockquote>\n\n\n\n<p>O habeas corpus foi inicialmente concebido como um meio de proteger os s\u00faditos ingleses contra pris\u00f5es arbitr\u00e1rias ou ilegais. Sua evolu\u00e7\u00e3o continuou ao longo dos s\u00e9culos, consolidando-se como um importante instrumento para a salvaguarda da liberdade individual.<\/p>\n\n\n\n<p>O marco mais significativo na hist\u00f3ria do habeas corpus ocorreu com a aprova\u00e7\u00e3o do Estatuto de Habeas Corpus em 1679, durante o reinado de Carlos II da Inglaterra. Esse estatuto estabeleceu procedimentos espec\u00edficos para a emiss\u00e3o do habeas corpus e fortaleceu a prote\u00e7\u00e3o contra deten\u00e7\u00f5es sem justa causa.<\/p>\n\n\n\n<p>A ideia fundamental por tr\u00e1s do habeas corpus \u00e9 garantir que uma pessoa detida tenha o direito de ser apresentada a um tribunal ou autoridade judicial para que a legalidade de sua deten\u00e7\u00e3o seja avaliada.&nbsp;<\/p>\n\n\n\n<p>O habeas corpus se tornou um importante salvaguarda contra abusos de poder estatal e \u00e9 considerado um pilar dos direitos individuais em muitos sistemas jur\u00eddicos ao redor do mundo.<\/p>\n\n\n\n<p>O princ\u00edpio subjacente ao habeas corpus foi incorporado em muitas constitui\u00e7\u00f5es e declara\u00e7\u00f5es de direitos, sendo reconhecido como um direito fundamental para proteger a liberdade pessoal contra pris\u00f5es arbitr\u00e1rias ou ilegais.<\/p>\n\n\n\n<h2 class=\"wp-block-heading\">Quando cabe e quem julga o habeas corpus?<\/h2>\n\n\n\n<p>Esse \u00e9 um questionamento importante a ser feito. O cabimento do habeas corpus \u00e9 previsto sempre que houver amea\u00e7a ou viola\u00e7\u00e3o ao direito de ir, vir e ficar.<\/p>\n\n\n\n<p>Nesse sentido, caber\u00e1 habeas corpus em face de decis\u00f5es administrativas, a exemplo da pris\u00e3o em flagrante, ainda n\u00e3o analisada pelo magistrado. Nesse caso, a compet\u00eancia para julgamento ser\u00e1 do juiz de primeira inst\u00e2ncia.<\/p>\n\n\n\n<p>Por sua vez, caber\u00e1 habeas corpus ao Tribunal de Justi\u00e7a ou Tribunal Regional Federal, das decis\u00f5es proferidas pelos magistrados de primeira inst\u00e2ncia.<\/p>\n\n\n\n<p>Nesse ponto, \u00e9 importante observar o crit\u00e9rio de compet\u00eancia por prerrogativa de fun\u00e7\u00e3o. No Brasil, autoridades detentoras de prerrogativa de fun\u00e7\u00e3o, como o presidente, governadores, parlamentares e membros do judici\u00e1rio, possuem a prerrogativa de julgamento de habeas corpus a ser realizado no \u00e2mbito do tribunal ou inst\u00e2ncia competente de acordo com suas fun\u00e7\u00f5es espec\u00edficas.&nbsp;<\/p>\n\n\n\n<p>Destaque-se, ainda, que das decis\u00f5es dos desembargadores, caber\u00e1 habeas corpus ao Superior Tribunal de Justi\u00e7a e dos seus ministros ao Supremo Tribunal Federal.<\/p>\n\n\n\n<h2 class=\"wp-block-heading\">Quais s\u00e3o os sujeitos do habeas corpus?<\/h2>\n\n\n\n<p>Tr\u00eas s\u00e3o os sujeitos do habeas corpus:<\/p>\n\n\n\n<h3 class=\"wp-block-heading\">1 &#8211; Paciente:&nbsp;<\/h3>\n\n\n\n<p>Assim \u00e9 considerado quem sofre ou est\u00e1 amea\u00e7ado de sofrer o constrangimento \u00e0 sua liberdade de locomo\u00e7\u00e3o. Apenas pessoas f\u00edsicas podem ser pacientes no habeas corpus, n\u00e3o sendo admitida a impetra\u00e7\u00e3o do rem\u00e9dio heroico em favor de pessoas jur\u00eddicas.&nbsp;<\/p>\n\n\n\n<p>Isso porque, por defini\u00e7\u00e3o constitucional, o <em>writ<\/em> destina-se \u00e0 prote\u00e7\u00e3o da liberdade de locomo\u00e7\u00e3o violada ou amea\u00e7ada, o que n\u00e3o acontece com rela\u00e7\u00e3o \u00e0 pessoa jur\u00eddica.<\/p>\n\n\n\n<h3 class=\"wp-block-heading\">2 &#8211; Coator:&nbsp;<\/h3>\n\n\n\n<p>\u00c9 quem exerce ou determina o constrangimento ilegal, e pode ser tanto uma autoridade quanto o particular. Isto ocorre porque a Constitui\u00e7\u00e3o Federal, ao tratar do habeas corpus, estabeleceu a possibilidade de seu cabimento:<\/p>\n\n\n\n<blockquote class=\"wp-block-quote is-layout-flow wp-block-quote-is-layout-flow\">\n<p><em>sempre que algu\u00e9m sofrer ou se achar amea\u00e7ado de sofrer viol\u00eancia ou coa\u00e7\u00e3o em sua liberdade de locomo\u00e7\u00e3o, por ilegalidade ou abuso de poder\u201d.&nbsp;<\/em><\/p>\n<\/blockquote>\n\n\n\n<p>Dessa forma, se, por um lado, apenas a autoridade pode abusar do poder que det\u00e9m ou lhe \u00e9 delegado, por outro a ilegalidade pode ser cometida tanto pela autoridade quanto pelo particular.<\/p>\n\n\n\n<p>Um exemplo disso \u00e9 um indiv\u00edduo que, por solicita\u00e7\u00e3o de parentes interessados em usufruir de seus bens, \u00e9 internado, injustificadamente, em cl\u00ednica particular sob o fundamento de que se encontra em surto psic\u00f3tico.&nbsp;<\/p>\n\n\n\n<p>Este constrangimento \u00e0 sua liberdade de locomo\u00e7\u00e3o, al\u00e9m de caracterizar evidente c\u00e1rcere privado -artigo 148, do CP, ainda enseja a impetra\u00e7\u00e3o de habeas corpus para que seja restabelecida a sua liberdade de ir e vir.<\/p>\n\n\n\n<h3 class=\"wp-block-heading\">3 &#8211; Impetrante:<\/h3>\n\n\n\n<p>Trata-se da pessoa que impetra o habeas corpus, podendo ser qualquer pessoa do povo em favor de outrem e, inclusive, o pr\u00f3prio paciente em seu favor.<\/p>\n\n\n\n<p>Para a impetra\u00e7\u00e3o do habeas corpus, n\u00e3o se exige a presen\u00e7a de advogado. A Lei 8.906\/1994, no seu art. 1.\u00ba, \u00a7 1.\u00ba, estabelece que:<\/p>\n\n\n\n<blockquote class=\"wp-block-quote is-layout-flow wp-block-quote-is-layout-flow\">\n<p><em>N\u00e3o se inclui na atividade privativa de advocacia a impetra\u00e7\u00e3o de habeas corpus em qualquer inst\u00e2ncia ou tribunal\u201d.<\/em><\/p>\n<\/blockquote>\n\n\n\n<p>Al\u00e9m disso, n\u00e3o se requer, tamb\u00e9m, <a href=\"https:\/\/www.aurum.com.br\/blog\/capacidade-civil\/\">capacidade civil<\/a>, podendo, em tese, a peti\u00e7\u00e3o ser subscrita por insano mental e at\u00e9 por indiv\u00edduo menor, ainda que n\u00e3o assistidos.<\/p>\n\n\n\n<p>Por \u00f3bvio, nestes casos \u00e9 de se observar a hip\u00f3tese concreta, atendo-se, sempre, \u00e0 razoabilidade. Perceba-se que, desde que algu\u00e9m assine a seu rogo, o pr\u00f3prio analfabeto pode ser impetrante, nos termos do artigo 654, \u00a7 1.\u00ba, \u201cc\u201d, do CPP.<\/p>\n\n\n\n<figure class=\"wp-block-pullquote classe bq-small\"><blockquote><p><strong>Art. 654. <\/strong>&nbsp;O habeas corpus poder\u00e1 ser impetrado por qualquer pessoa, em seu favor ou de outrem, bem como pelo Minist\u00e9rio P\u00fablico.<br><br>\u00a7 1\u00ba A peti\u00e7\u00e3o de habeas corpus conter\u00e1:<br>a) o nome da pessoa que sofre ou est\u00e1 amea\u00e7ada de sofrer viol\u00eancia ou coa\u00e7\u00e3o e o de quem exercer a viol\u00eancia, coa\u00e7\u00e3o ou amea\u00e7a;<br>b) a declara\u00e7\u00e3o da esp\u00e9cie de constrangimento ou, em caso de simples amea\u00e7a de coa\u00e7\u00e3o, as raz\u00f5es em que funda o seu temor;<br>c) a assinatura do impetrante, ou de algu\u00e9m a seu rogo, quando n\u00e3o souber ou n\u00e3o puder escrever, e a designa\u00e7\u00e3o das respectivas resid\u00eancias.<\/p><\/blockquote><\/figure>\n\n\n\n<p><br>Reconhece-se legitimidade para a pessoa jur\u00eddica impetrar habeas corpus em favor de pessoa f\u00edsica, assinando a peti\u00e7\u00e3o, neste caso, o seu representante legal.&nbsp;<\/p>\n\n\n\n<p>Neste sentido, o STJ:&nbsp;<\/p>\n\n\n\n<blockquote class=\"wp-block-quote is-layout-flow wp-block-quote-is-layout-flow\">\n<p><em>\u00c9 poss\u00edvel a impetra\u00e7\u00e3o de habeas corpus por pessoa jur\u00eddica em favor de um de seus s\u00f3cios, pois n\u00e3o se deve antepor restri\u00e7\u00f5es a uma a\u00e7\u00e3o cujo escopo fundamental \u00e9 preservar a liberdade do cidad\u00e3o contra quaisquer ilegalidades ou abusos de poder\u201d.<\/em><\/p>\n<\/blockquote>\n\n\n\n<p>Nesse sentido, tamb\u00e9m, a doutrina dominante, como a de Luiz Fl\u00e1vio Gomes<sup> <\/sup>quando ensina que:<\/p>\n\n\n\n<blockquote class=\"wp-block-quote is-layout-flow wp-block-quote-is-layout-flow\">\n<p><em>pessoa jur\u00eddica pode, entretanto, impetrar o writ em favor de pessoa f\u00edsica. amplitude (do <a href=\"https:\/\/www.aurum.com.br\/blog\/polo-passivo\/\">polo ativo da a\u00e7\u00e3o<\/a>) parece-nos adequada (porque aqui se trata da tutela da liberdade do ser humano). Pessoa jur\u00eddica s\u00f3 n\u00e3o pode funcionar como paciente (como impetrante sim).\u201d<\/em><\/p>\n<\/blockquote>\n\n\n\n<p>Por fim, o Minist\u00e9rio P\u00fablico, igualmente, pode impetrar habeas corpus em favor de outrem, pois nada o impede.<\/p>\n\n\n\n<h2 class=\"wp-block-heading\">Qual o papel do advogado no habeas corpus?<\/h2>\n\n\n\n<p>O advogado desempenha um papel fundamental na a\u00e7\u00e3o de habeas corpus, atuando como representante legal do paciente. Diante disso, o papel do advogado no habeas corpus inclui diversas responsabilidades:<\/p>\n\n\n\n<ul class=\"wp-block-list\">\n<li><strong>Assessoria Jur\u00eddica:<\/strong> O advogado fornece aconselhamento jur\u00eddico ao paciente ou a seus familiares, explicando os direitos e op\u00e7\u00f5es legais dispon\u00edveis.<\/li>\n\n\n\n<li><strong>An\u00e1lise da pris\u00e3o:<\/strong> O advogado analisa as circunst\u00e2ncias da pris\u00e3o para determinar se h\u00e1 fundamentos legais para impetrar um habeas corpus. Isso envolve avaliar se a pris\u00e3o foi feita de acordo com a lei, se o devido processo legal foi seguido e se existem elementos que caracterizem ilegalidade ou abuso.<\/li>\n\n\n\n<li><strong>Elabora\u00e7\u00e3o da Peti\u00e7\u00e3o:<\/strong> O advogado \u00e9 respons\u00e1vel por redigir a peti\u00e7\u00e3o inicial de habeas corpus, apresentando os argumentos legais que sustentam a alega\u00e7\u00e3o de ilegalidade da deten\u00e7\u00e3o. \u00c9 crucial que a peti\u00e7\u00e3o seja clara, precisa e fundamentada juridicamente.<\/li>\n\n\n\n<li><strong>Protocolo da Peti\u00e7\u00e3o:<\/strong> O advogado apresenta a peti\u00e7\u00e3o ao tribunal competente, seguindo os procedimentos estabelecidos pela legisla\u00e7\u00e3o local. Isso pode envolver a apresenta\u00e7\u00e3o de documentos, provas e informa\u00e7\u00f5es necess\u00e1rias para apoiar o pedido de habeas corpus.<\/li>\n\n\n\n<li><strong>Participa\u00e7\u00e3o em sess\u00f5es de julgamento:<\/strong> Nos Habeas Corpus perante os Tribunais, quando julgados, s\u00e3o feitos em sess\u00f5es de julgamento envolvendo mais de um magistrado. Nessas oportunidades, existe a faculdade do advogado apresentar uma sustenta\u00e7\u00e3o oral, visando refor\u00e7ar seus argumentos na defesa do seu cliente.<\/li>\n\n\n\n<li><strong>Recurso:<\/strong> Se o pedido inicial de habeas corpus for negado, o advogado pode interpor recursos para inst\u00e2ncias superiores, buscando revis\u00f5es judiciais e a sua reforma.<\/li>\n\n\n\n<li><strong>Acompanhamento do Processo: <\/strong>O advogado acompanha o desenvolvimento do processo, mantendo o cliente informado sobre as etapas e tomando as medidas necess\u00e1rias para garantir a efic\u00e1cia da a\u00e7\u00e3o.<\/li>\n<\/ul>\n\n\n\n<p>Nesse sentido, percebe-se que o papel do advogado no habeas corpus \u00e9 <strong>essencial para garantir que o direito \u00e0 liberdade seja adequadamente protegido<\/strong> e que o paciente tenha uma representa\u00e7\u00e3o legal competente durante o processo judicial.<\/p>\n\n\n\n<h2 class=\"wp-block-heading\">S\u00daMULA 691, DO SUPREMO TRIBUNAL FEDERAL.<\/h2>\n\n\n\n<p>A s\u00famula 691, do Supremo Tribunal Federal \u00e9 vista como verdadeiro filtro de a\u00e7\u00f5es perante as cortes superiores, possuindo a seguinte reda\u00e7\u00e3o.<\/p>\n\n\n\n<blockquote class=\"wp-block-quote is-layout-flow wp-block-quote-is-layout-flow\">\n<p><em>N\u00e3o compete ao Supremo Tribunal Federal conhecer de habeas corpus impetrado contra decis\u00e3o do relator que, em habeas corpus requerido a tribunal superior, indefere a liminar\u201d.<\/em><\/p>\n<\/blockquote>\n\n\n\n<p>Em linhas gerais, significa que n\u00e3o cabe habeas corpus contra decis\u00e3o liminar exarada pelo relator de modo monocr\u00e1tico para a inst\u00e2ncia superior.<\/p>\n\n\n\n<p>Destaque-se que o Superior Tribunal de Justi\u00e7a aplica a referida s\u00famula de modo amplo, n\u00e3o conhecendo de habeas corpus impetrado em face de decis\u00e3o monocr\u00e1tica de desembargador.<\/p>\n\n\n\n<p>Nessa toada, seria necess\u00e1rio o julgamento do m\u00e9rito do habeas corpus pelo tribunal, onde, somente nesse momento, poder-se-ia impetrar novo habeas corpus na inst\u00e2ncia superior ou mesmo se utilizar do Recurso Ordin\u00e1rio Constitucional.<\/p>\n\n\n\n<p>A s\u00famula 691, do STF, visa garantir a efici\u00eancia do sistema judici\u00e1rio brasileiro, permitindo que as inst\u00e2ncias inferiores, como os Tribunais, desempenham um papel significativo na aprecia\u00e7\u00e3o preliminar de habeas corpus antes de chegar ao STJ e ao STF.<\/p>\n\n\n\n<p>Por fim, embora a S\u00famula 691, do STF estabele\u00e7a uma regra geral, existem situa\u00e7\u00f5es excepcionais em que os Tribunais Superiores podem examinar diretamente habeas corpus que envolvem indeferimento de liminar por relator em tribunal.&nbsp;<\/p>\n\n\n\n<p>Isso pode ocorrer em casos de flagrante ilegalidade ou abuso de poder que justifiquem uma interven\u00e7\u00e3o imediata dos Tribunais Superiores.<\/p>\n\n\n\n<style>\n    #adpost-block_5431e44f10c673121d96feae73744b4a.anuncio-post-reverse {\n        display: flex;\n        gap: 24px;\n        border-radius: 8px;\n        width: 100%;\n        max-width: 752px;\n        padding: 40px;\n        background: #e7f4fe;\n        margin: 16px auto;\n    }\n\n    #adpost-block_5431e44f10c673121d96feae73744b4a .anuncio-container {\n        display: flex;\n        flex-direction: column;\n        gap: 24px;\n        width: 100%;\n        max-width: 333px;\n    }\n\n    #adpost-block_5431e44f10c673121d96feae73744b4a .anuncio-container .logo {\n        width: 100%;\n        max-width: 177px;\n        margin: 0;\n    }\n\n    #adpost-block_5431e44f10c673121d96feae73744b4a .anuncio-text-container {\n        display: flex;\n        flex-direction: column;\n        gap: 24px;\n    }\n\n    #adpost-block_5431e44f10c673121d96feae73744b4a .anuncio-text-container .title {\n        font-family: 'Ubuntu';\n        font-size: 1.5rem; \/\/24px\n        font-weight: 700;\n        line-height: 120%;\n        margin: 0;\n        color: #000;\n    }\n\n    #adpost-block_5431e44f10c673121d96feae73744b4a .anuncio-text-container .text {\n        font-size: 0.875rem;\n        font-weight: 400;\n        line-height: 170%;\n        color: #000;\n    }\n\n    #adpost-block_5431e44f10c673121d96feae73744b4a .anuncio-container .button {\n        display: inline-flex;\n        align-items: center;\n        justify-content: center;\n        width: fit-content;\n        height: 48px;\n        border-radius: 8px;\n        padding: 12px 24px;\n        font-size: 1rem;\n        font-weight: 600;\n        text-decoration: none;\n        background: #008fd5;\n        color: #fff;\n    }\n\n    #adpost-block_5431e44f10c673121d96feae73744b4a .image-container {\n        position: relative;\n        width: 100%;\n        height: 100%;\n    }\n\n    #adpost-block_5431e44f10c673121d96feae73744b4a .image-container.float {\n        min-height: 236px;\n    }\n\n    #adpost-block_5431e44f10c673121d96feae73744b4a .image-container .image-desktop {\n        width: 100%;\n        max-width: 323px;\n        object-fit: contain;\n        margin: 0;\n    }\n\n    #adpost-block_5431e44f10c673121d96feae73744b4a .image-container .image-mobile {\n        display: none;\n        width: 100%;\n        max-width: 291px;\n        object-fit: contain;\n        margin: 0;\n    }\n\n    #adpost-block_5431e44f10c673121d96feae73744b4a .image-container.float .image-desktop,\n    #adpost-block_5431e44f10c673121d96feae73744b4a .image-container.float .image-mobile {\n        position: absolute;\n        right: 0;\n        bottom: 0;\n    }\n\n    #adpost-block_5431e44f10c673121d96feae73744b4a .image-container img {\n        border-radius: 8px;\n    }\n\n    \/************\n    * MOBILE \n    *************\/\n    @media (max-width: 1439px) {\n        #adpost-block_5431e44f10c673121d96feae73744b4a.anuncio-post-reverse {\n            flex-direction: column-reverse;\n            max-width: fit-content;\n            padding: 24px;\n        }\n\n        #adpost-block_5431e44f10c673121d96feae73744b4a .anuncio-container {\n            max-width: 280px;\n            align-items: center;\n        }\n\n        #adpost-block_5431e44f10c673121d96feae73744b4a .anuncio-container .logo {\n            max-width: 147px;\n        }\n\n        #adpost-block_5431e44f10c673121d96feae73744b4a .anuncio-text-container {\n            gap: 8px;\n        }\n\n        #adpost-block_5431e44f10c673121d96feae73744b4a .anuncio-text-container .title {\n            font-size: 1.25rem;\n            text-align: center;\n        }\n\n        #adpost-block_5431e44f10c673121d96feae73744b4a .anuncio-text-container .text {\n            text-align: center;\n        }\n\n        #adpost-block_5431e44f10c673121d96feae73744b4a .anuncio-container .button {\n            width: 100%;\n        }\n\n        #adpost-block_5431e44f10c673121d96feae73744b4a .image-container.float {\n            min-height: 182px;\n        }\n\n        #adpost-block_5431e44f10c673121d96feae73744b4a .image-container .image-desktop {\n            display: none;\n        }\n\n        #adpost-block_5431e44f10c673121d96feae73744b4a .image-container .image-mobile {\n            display: block;\n        }\n    }\n\n    \/*******************\n    * RESET GLOBAL CSS \n    ********************\/\n    #s-post main article .content .image-container img {\n        margin: 0;\n    }\n<\/style>\n\n\n<article id=\"adpost-block_5431e44f10c673121d96feae73744b4a\" class=\"anuncio-post-reverse\">\n    <div class=\"anuncio-container\">\n        \n        <div class=\"anuncio-text-container\">\n             <h3 class=\"title\" >Seja protagonista da sua advocacia com o Astrea<\/h3>\n            <div class=\"text\" >Tenha tempo para focar no crescimento do seu escrit\u00f3rio, enquanto o Astrea cuida da sua gest\u00e3o jur\u00eddica com intelig\u00eancia.<\/div>        <\/div>\n       \n        <a class=\"button\" href=\"\/astrea\/?utm_source=blog&#038;utm_medium=adpost&#038;utm_campaign=campanha-marca-2026\" target=\"_self\">Conhe\u00e7a o Astrea<\/a>    <\/div>\n\n    <div class=\"image-container\">\n        <img decoding=\"async\" class=\"image-desktop\" src=\"https:\/\/www.aurum.com.br\/blog\/wp-content\/uploads\/2026\/03\/adpos-posicionamento-2026-desktop.png\" alt=\"\" \/>\n        <img decoding=\"async\" class=\"image-mobile\" src=\"https:\/\/www.aurum.com.br\/blog\/wp-content\/uploads\/2026\/03\/adpost-posicionamento-2026-mobile.png\" alt=\"\" \/>    <\/div>\n<\/article>\n\n\n<h2 class=\"wp-block-heading\">Conclus\u00e3o:<\/h2>\n\n\n\n<p>Conforme se pode observar, habeas corpus \u00e9 tema dos mais importantes, uma vez que, por se tratar de a\u00e7\u00e3o de impugna\u00e7\u00e3o aut\u00f4noma que visa assegurar um dos direitos mais caros, qual seja, a liberdade, possui destaque em nosso ordenamento jur\u00eddico.<\/p>\n\n\n\n<p>O presente artigo teve por objetivo analisar, sem, contudo, esgotar, as quest\u00f5es relativas ao Habeas Corpus. Analisou-se o conceito de habeas corpus, sua finalidade, passando pela sua an\u00e1lise hist\u00f3rica e de suas modalidades.<\/p>\n\n\n\n<p>Houve ainda, discuss\u00e3o acerca do seu cabimento, forma de julgamento e dos participantes e sujeitos no Habeas Corpus. Verificou-se, tamb\u00e9m, as quest\u00f5es relativas ao importante papel desempenhado pelo advogado na a\u00e7\u00e3o de habeas corpus.<\/p>\n\n\n\n<p>Por fim, analisou-se as quest\u00f5es relativas \u00e0 s\u00famula 691, do Supremo Tribunal Federal, sua finalidade, bem como exce\u00e7\u00f5es.<\/p>\n\n\n\n<p>N\u00e3o se pode perder de vista que a discuss\u00e3o acerca do habeas corpus, a\u00e7\u00e3o do dia a dia forense, que possui grande import\u00e2ncia na manuten\u00e7\u00e3o dos <a href=\"https:\/\/www.aurum.com.br\/blog\/direitos-e-garantias-fundamentais\/\">direitos e garantias fundamentais<\/a> dos cidad\u00e3os.&nbsp;<\/p>\n\n\n\n<h3 class=\"wp-block-heading\">Mais conhecimento para voc\u00ea<\/h3>\n\n\n\n<p> Continue lendo conte\u00fados sobre direito e advocacia aqui no Portal da Aurum. Voc\u00ea confere textos sobre os seguintes assuntos: <\/p>\n\n\n\n<ul class=\"wp-block-list\">\n<li>Saiba mais sobre <a href=\"https:\/\/www.aurum.com.br\/blog\/excludente-de-culpabilidade\/\">excludente de culpabilidade<\/a><\/li>\n\n\n\n<li>Entenda como funciona a <a href=\"https:\/\/www.aurum.com.br\/blog\/suspeicao\/\">suspei\u00e7\u00e3o<\/a> no Novo CPC e no CPP<\/li>\n\n\n\n<li>Conhe\u00e7a os principais aspectos da <a href=\"https:\/\/www.aurum.com.br\/blog\/lei-11340\/\">Lei 11.340<\/a><\/li>\n\n\n\n<li><a href=\"https:\/\/www.aurum.com.br\/blog\/glossario-juridico\/abandono-de-incapaz\/\" data-type=\"URL\" data-id=\"https:\/\/www.aurum.com.br\/blog\/glossario-juridico\/abandono-de-incapaz\/\">Gloss\u00e1rio jur\u00eddico: O que \u00e9 abandono de incapaz?<\/a><\/li>\n\n\n\n<li><a href=\"https:\/\/www.aurum.com.br\/blog\/glossario-juridico\/termo-de-compromisso\/\" data-type=\"URL\" data-id=\"https:\/\/www.aurum.com.br\/blog\/glossario-juridico\/termo-de-compromisso\/\">Gloss\u00e1rio Jur\u00eddico: O que \u00e9 termo de compromisso?<\/a><\/li>\n\n\n\n<li><a href=\"https:\/\/www.aurum.com.br\/blog\/mandado-de-seguranca\/\" data-type=\"URL\" data-id=\"https:\/\/www.aurum.com.br\/blog\/mandado-de-seguranca\/\">Mandado de seguran\u00e7a: como funciona, tipos e modelo gratuito<\/a><\/li>\n\n\n\n<li><a href=\"https:\/\/www.aurum.com.br\/blog\/minimo-existencial\/\" data-type=\"URL\" data-id=\"https:\/\/www.aurum.com.br\/blog\/minimo-existencial\/\">Saiba mais sobre a dignidade da pessoa humana<\/a><\/li>\n\n\n\n<li><a href=\"https:\/\/www.aurum.com.br\/blog\/crimes-contra-a-honra\/\">Confira os tipos de crimes contra a honra<\/a><\/li>\n<\/ul>\n\n\n<style>\r\n  .news-post {\r\n    background: url('https:\/\/www.aurum.com.br\/blog\/wp-content\/themes\/aurum\/img\/bg-news-artigo.svg') no-repeat top center #3C48AA;\r\n    padding: 1.5rem;\r\n    border-radius: 6px;\r\n    margin: 1rem 0;\r\n  }\r\n  .news-post .icone {\r\n    display: none;\r\n  }\r\n  .news-post .title {\r\n    font-weight: 700;\r\n    font-size: 16px;\r\n    line-height: 130%;\r\n    text-align: center;\r\n    letter-spacing: -0.5px;\r\n    color: #fff;\r\n    margin-bottom: .9375rem;\r\n  }\r\n  .news-post p {\r\n    font-size: .875rem;\r\n    line-height: 140%;\r\n    text-align: center;\r\n    color: #fff;\r\n    margin-bottom: 1.25rem;\r\n  }\r\n  .news-post .news_button_span {\r\n    font-size: .8125rem;\r\n    display: block;\r\n    padding: .125rem .3125rem;\r\n    color: #fff;\r\n    text-align:left;\r\n  }\r\n  .news-post .news_button_span a {\r\n    color: #fff !important;\r\n    text-decoration: underline;\r\n  }\r\n  .news-post form {\r\n    width: 100%;\r\n  }\r\n  .news-post label {\r\n    font-weight: 600;\r\n    font-size: .9375rem;\r\n    line-height: 1.5rem;\r\n    margin-bottom: .5rem;\r\n    color: #fff;\r\n    display: block;\r\n  }\r\n  .news-post input {\r\n    background: #fff;\r\n    border: 1px solid #CBCBD9;\r\n    box-sizing: border-box;\r\n    border-radius: 4px;\r\n    padding: .75rem 1rem;\r\n    width: 100%;\r\n  }\r\n  .news-post button {\r\n    margin-top: .875rem;\r\n    width: 100%;\r\n    min-width: auto;\r\n    background: #FCC632;\r\n    color: #3C48AA;\r\n  }\r\n  .news-post .input {\r\n    position: relative;\r\n    padding-bottom: 10px;\r\n  }\r\n  .news-post .error-message-ad {\r\n    font-size: .875rem;\r\n    line-height: 130%;\r\n    color: #D50021;\r\n    margin-left: 4px;\r\n  }\r\n  .news-post .error {\r\n    border: 1px solid #D50021;\r\n  }\r\n  .news-post #message-form-ad {\r\n    border-radius: 4px;\r\n    padding: 0.7rem;\r\n    font-size:0.8rem;\r\n    text-align: center;\r\n    align-items: center;\r\n    justify-content: center;\r\n    display: none;\r\n  }\r\n  .news-post #message-form-ad svg {\r\n    margin-right: 8px;\r\n  }\r\n\r\n  @media(min-width: 561px) {\r\n    .news-post {\r\n      position: relative;\r\n      background: url('https:\/\/www.aurum.com.br\/blog\/wp-content\/themes\/aurum\/img\/bg-news-artigo.svg') no-repeat top center #3C48AA;\r\n      width: calc(100% - 30px);\r\n    }\r\n    .news-post .icone {\r\n      display: block;\r\n      position: absolute;\r\n      right: -30px;\r\n      top: 65px;\r\n      max-width: 142px;\r\n      width: 100%;\r\n      height: auto;\r\n      margin: 0;\r\n    }\r\n    .news-post .title {\r\n      font-size: 1.125rem;\r\n      text-align: left;\r\n      \/* padding-right: 3.75rem; *\/\r\n    }\r\n    .news-post p {\r\n      font-size: 1rem;\r\n      text-align: left;\r\n      max-width: 400px;\r\n    }\r\n    .news-post .boxes {\r\n      display: flex;\r\n      align-items: flex-start;\r\n    }\r\n    .news-post button {\r\n      margin: 0 0 0 1rem;\r\n      width: 100%;\r\n      max-width: 170px;\r\n      min-width: auto;\r\n      transition: all ease .3s\r\n    }\r\n    .news-post button:hover {\r\n      opacity: 0.9;\r\n      transition: all ease .3s\r\n    }\r\n    .news-post #message-form-ad {\r\n      padding: 1.125rem;\r\n      font-size:1rem;\r\n    }\r\n    .news-post #message-form-ad svg {\r\n      margin-right: 10px;\r\n    }\r\n  }\r\n<\/style>\r\n\r\n<div class=\"news-post\">\r\n  <div class=\"title news-ad-title\">Gostou do artigo e quer evoluir a sua advocacia?<\/div>\r\n  <p class=\"news-ad-subtitle\">Assine gr\u00e1tis a Aurum News e receba uma dose semanal de conte\u00fado no seu e-mail! \u270c\ufe0f<\/p>\r\n  <img decoding=\"async\" src=\"https:\/\/www.aurum.com.br\/blog\/wp-content\/themes\/aurum\/img\/icon-news-artigo.svg\" alt=\"\" class=\"icone\">\r\n\r\n  <form method=\"post\" name=\"newsletter-ad\" id=\"aurum-newsletter-ad\">\r\n    <div class=boxes>\r\n      <div class=\"input\">\r\n        <label class=\"label-email\" htmlFor=\"email-ad\">Qual seu e-mail?<\/label>\r\n        <input type=\"email\" id=\"email-ad\" name=\"newsletter-mail-ad\" placeholder=\"Digite seu e-mail?\">\r\n        <div class=\"error-message-ad-email\">Endere\u00e7o de e-mail inv\u00e1lido ou incorreto<\/div>\r\n\r\n        <label class=\"label-select\" htmlFor=\"lawsuits-select-ad\">\r\n          Quantos processos voc\u00ea ou<br class=\"for-desktop\"\/> seu escrit\u00f3rio acompanham?\r\n        <\/label>\r\n        <div id=\"lawsuits-select-ad\" class=\"lawsuits-select select-wrapper\" tabindex=\"0\">\r\n          <div class=\"s-dropdown--styled\">\r\n          <span class=\"lawsuits-default\">\r\n            <span id=\"lawsuits-newsletter-ad\" class=\"lawsuits-default-text\" data-value=\"\">Selecione os processos<\/span>\r\n            <svg class=\"chevron\" xmlns=\"http:\/\/www.w3.org\/2000\/svg\" width=\"24\" height=\"25\" viewBox=\"0 0 24 25\" fill=\"none\">\r\n              <path d=\"M6 15.6152L12 9.61523L18 15.6152\" stroke=\"black\" stroke-width=\"2\" stroke-linecap=\"round\" stroke-linejoin=\"round\" \/>\r\n            <\/svg>\r\n          <\/span>\r\n\r\n          <ul class=\"s-dropdown u-hide\">\r\n            <li class=\"lawsuits\" data-value=\"Mais de 1000 processos\">Mais de 1000 processos<\/li>\r\n            <li class=\"lawsuits\" data-value=\"De 501 a 1000 processos\">De 501 a 1000 processos<\/li>\r\n            <li class=\"lawsuits\" data-value=\"De 151 a 500 processos\">De 151 a 500 processos<\/li>\r\n            <li class=\"lawsuits\" data-value=\"De 41 a 150 processos\">De 41 a 150 processos<\/li>\r\n            <li class=\"lawsuits\" data-value=\"At\u00e9 40 processos\">At\u00e9 40 processos<\/li>\r\n            <li class=\"lawsuits\" data-value=\"Atuo apenas no consultivo\">Atuo apenas no consultivo<\/li>\r\n            <li class=\"lawsuits\" data-value=\"Ainda sou estudante de direito\">Ainda sou estudante de direito<\/li>\r\n            <li class=\"lawsuits\" data-value=\"N\u00e3o sou da \u00e1rea jur\u00eddica\">N\u00e3o sou da \u00e1rea jur\u00eddica<\/li>\r\n          <\/ul>\r\n          <\/div>\r\n        <\/div>\r\n        <div class=\"error-message-ad-lawsuits\">Selecione algum processo<\/div>\r\n      <\/div>\r\n      <button class=\"btn btn-yellow ad-btn-desktop\" id=\"aurum-submit-ad\">Assinar gr\u00e1tis<\/button>\r\n      <button class=\"btn btn-yellow ad-btn-mobile\" id=\"aurum-submit-ad\">Assinar<\/button>\r\n    <\/div>\r\n    <span class=\"news_button_span\">Ao se cadastrar voc\u00ea declara que leu e aceitou a pol\u00edtica de privacidade e cookies do <a href=\"https:\/\/s3.sa-east-1.amazonaws.com\/publico.aurum.com.br\/contratos\/politica-de-privacidade.pdf\" target=\"_blank\" rel=\"noopener noreferrer\">site<\/a>.<\/span>\r\n  <\/form>\r\n  <div id=\"message-form-ad\"><\/div>\r\n<\/div>","protected":false},"excerpt":{"rendered":"<p>A liberdade de ir e vir \u00e9 um dos direitos mais sagrados do ser humano, eles n\u00e3o podem sofrer quaisquer restri\u00e7\u00f5es ou limita\u00e7\u00f5es, sen\u00e3o as previstas em lei. O Habeas Corpus \u00e9 o instrumento jur\u00eddico que busca a prote\u00e7\u00e3o do direito de locomo\u00e7\u00e3o, tratando-se de um dos mais importantes procedimentos existentes no mundo jur\u00eddico. Tema [&hellip;]<\/p>\n","protected":false},"author":120,"featured_media":12131,"comment_status":"open","ping_status":"open","sticky":false,"template":"","format":"standard","meta":{"_bbp_topic_count":0,"_bbp_reply_count":0,"_bbp_total_topic_count":0,"_bbp_total_reply_count":0,"_bbp_voice_count":0,"_bbp_anonymous_reply_count":0,"_bbp_topic_count_hidden":0,"_bbp_reply_count_hidden":0,"_bbp_forum_subforum_count":0,"inline_featured_image":false,"footnotes":""},"categories":[31],"tags":[],"class_list":["post-12127","post","type-post","status-publish","format-standard","has-post-thumbnail","hentry","category-direito-penal"],"acf":[],"_links":{"self":[{"href":"https:\/\/www.aurum.com.br\/blog\/wp-json\/wp\/v2\/posts\/12127","targetHints":{"allow":["GET"]}}],"collection":[{"href":"https:\/\/www.aurum.com.br\/blog\/wp-json\/wp\/v2\/posts"}],"about":[{"href":"https:\/\/www.aurum.com.br\/blog\/wp-json\/wp\/v2\/types\/post"}],"author":[{"embeddable":true,"href":"https:\/\/www.aurum.com.br\/blog\/wp-json\/wp\/v2\/users\/120"}],"replies":[{"embeddable":true,"href":"https:\/\/www.aurum.com.br\/blog\/wp-json\/wp\/v2\/comments?post=12127"}],"version-history":[{"count":18,"href":"https:\/\/www.aurum.com.br\/blog\/wp-json\/wp\/v2\/posts\/12127\/revisions"}],"predecessor-version":[{"id":26606,"href":"https:\/\/www.aurum.com.br\/blog\/wp-json\/wp\/v2\/posts\/12127\/revisions\/26606"}],"wp:featuredmedia":[{"embeddable":true,"href":"https:\/\/www.aurum.com.br\/blog\/wp-json\/wp\/v2\/media\/12131"}],"wp:attachment":[{"href":"https:\/\/www.aurum.com.br\/blog\/wp-json\/wp\/v2\/media?parent=12127"}],"wp:term":[{"taxonomy":"category","embeddable":true,"href":"https:\/\/www.aurum.com.br\/blog\/wp-json\/wp\/v2\/categories?post=12127"},{"taxonomy":"post_tag","embeddable":true,"href":"https:\/\/www.aurum.com.br\/blog\/wp-json\/wp\/v2\/tags?post=12127"}],"curies":[{"name":"wp","href":"https:\/\/api.w.org\/{rel}","templated":true}]}}